{"id":23166,"date":"2020-03-23T22:42:41","date_gmt":"2020-03-24T03:42:41","guid":{"rendered":"https:\/\/marthacifuentes.com\/portada\/?p=23166"},"modified":"2020-03-23T22:42:41","modified_gmt":"2020-03-24T03:42:41","slug":"covid-19-la-preocupacion-de-un-taxista-de-yopal","status":"publish","type":"post","link":"https:\/\/marthacifuentes.com\/portada\/covid-19-la-preocupacion-de-un-taxista-de-yopal\/","title":{"rendered":"COVID-19: la preocupaci\u00f3n de un taxista de Yopal"},"content":{"rendered":"<h4 style=\"text-align: right;\"><span style=\"color: #993300;\">Alianza informativa: casanarenoticias.com y marthacifuentes.com<\/span><\/h4>\n<p>&nbsp;<\/p>\n<p style=\"text-align: justify;\"><strong>Con el precedente de ser un taxista, la primera v\u00edctima mortal del Coronavirus en Colombia, al transportar en su veh\u00edculo varios ciudadanos extranjeros en Cartagena, en Yopal, existe la preocupaci\u00f3n al interior del gremio, ya que fue un taxista quien el pasado domingo 15 de marzo, transport\u00f3, en horas de la tarde, a la secretaria de Salud de Yopal, Ingrid Criollo, diagnosticada como el primer caso de COVID-19 en Casanare, el fin de semana.<\/strong><\/p>\n<p style=\"text-align: justify;\">Y es que, la paranoia a nivel mundial por el COVID-19, crece cada vez m\u00e1s al conocerse las cifras de la Organizaci\u00f3n Mundial de la Salud OMS, en donde se evidencia que \u201cla pandemia se est\u00e1 acelerando\u201d, con m\u00e1s de 300 mil casos reportados en el mundo.<\/p>\n<p>&nbsp;<\/p>\n<p style=\"text-align: justify;\">\n<p style=\"text-align: justify;\"><strong>La historia<\/strong><\/p>\n<p style=\"text-align: justify;\">Un taxista de Yopal, -de quien nos reservamos su nombre-, quien a diario acude al aeropuerto El Alcarav\u00e1n de Yopal a recoger pasajeros, tuvo, seg\u00fan \u00e9l la des fortuna de recoger a la secretaria de Salud de Yopal, Ingrid Criollo, y llevarla a su residencia, despu\u00e9s de que la funcionaria llegara de Bogot\u00e1 de participar en la cumbre de mandatarios locales y departamentales, convocada por el presidente Iv\u00e1n Duque, en donde comparti\u00f3 mesa con el alcalde de Popay\u00e1n, Juan Carlos L\u00f3pez, diagnosticado d\u00edas m\u00e1s tarde con Coronavirus. Criollo recibi\u00f3 este s\u00e1bado 21 de marzo la confirmaci\u00f3n del Instituto Nacional de Salud, INS, que tambi\u00e9n era portadora del virus COVID-19.<\/p>\n<p><img loading=\"lazy\" decoding=\"async\" class=\" wp-image-23170 aligncenter\" src=\"https:\/\/marthacifuentes.com\/portada\/wp-content\/uploads\/2020\/03\/ETv5QENXsAggf-Q.png\" alt=\"\" width=\"422\" height=\"500\" srcset=\"https:\/\/marthacifuentes.com\/portada\/wp-content\/uploads\/2020\/03\/ETv5QENXsAggf-Q.png 530w, https:\/\/marthacifuentes.com\/portada\/wp-content\/uploads\/2020\/03\/ETv5QENXsAggf-Q-253x300.png 253w\" sizes=\"auto, (max-width: 422px) 100vw, 422px\" \/><\/p>\n<p style=\"text-align: justify;\">\u201cEn el trayecto la secretaria no par\u00f3 de hablar con una persona que la acompa\u00f1aba, y recibi\u00f3 una llamada en donde la invitaban a participar en una rueda de prensa, eso fue ya entrada la noche, el domingo 15 de marzo\u201d, relata el taxista.<\/p>\n<p style=\"text-align: justify;\">Recuerda que Criollo le dijo a su interlocutor que alistara todo lo que se necesitaba para la rueda de prensa, \u201cyo la deje junto a su acompa\u00f1ante en la direcci\u00f3n solicitada, me cancelaron y me fui\u201d, explica.<\/p>\n<p style=\"text-align: justify;\">Preocupado porque este domingo se enter\u00f3 por noticias que la funcionaria hab\u00eda resultado positivo por Coronavirus, y al recordar que una situaci\u00f3n similar le sucedi\u00f3 al taxista, Arnold de Jes\u00fas Ricardo, quien falleci\u00f3 en Cartagena, d\u00edas despu\u00e9s de que recogi\u00f3 a dos turistas italianos, el conductor yopale\u00f1o, ubic\u00f3 a Ingrid Criollo, v\u00eda Whatsapp, para constatar si efectivamente era ella a quien hab\u00eda recogido, lo que fue confirmado por la funcionaria.<\/p>\n<p style=\"text-align: justify;\">\u201cTan pronto tuve comunicaci\u00f3n con ella me preocupe m\u00e1s y reflexione y me pregunt\u00e9: \u00bfcu\u00e1ntos millones de part\u00edculas expulsa una persona al hablar, y m\u00e1s teniendo en cuenta que los vidrios de la parte trasera del taxi iban cerrados?, \u00bfd\u00edgame si yo no qued\u00e9 expuesto al contagio directo del virus?\u201d, explica el taxista.<\/p>\n<p><img loading=\"lazy\" decoding=\"async\" class=\"wp-image-23168 aligncenter\" src=\"https:\/\/marthacifuentes.com\/portada\/wp-content\/uploads\/2020\/03\/montaje-coronavirus-ingrid-criollo-taxista-2.jpg\" alt=\"\" width=\"502\" height=\"279\" srcset=\"https:\/\/marthacifuentes.com\/portada\/wp-content\/uploads\/2020\/03\/montaje-coronavirus-ingrid-criollo-taxista-2.jpg 900w, https:\/\/marthacifuentes.com\/portada\/wp-content\/uploads\/2020\/03\/montaje-coronavirus-ingrid-criollo-taxista-2-300x167.jpg 300w, https:\/\/marthacifuentes.com\/portada\/wp-content\/uploads\/2020\/03\/montaje-coronavirus-ingrid-criollo-taxista-2-768x428.jpg 768w\" sizes=\"auto, (max-width: 502px) 100vw, 502px\" \/><\/p>\n<p style=\"text-align: justify;\">\n<p style=\"text-align: justify;\"><strong>Negligencia en toma de muestras<\/strong><\/p>\n<p style=\"text-align: justify;\">Acto seguido, procedi\u00f3 a comunicarse muy temprano con el Call Center, dispuesto en Yopal para recibir llamadas de pacientes con sospecha de tener el virus, en donde expuso su caso, despu\u00e9s de esperar varias horas. \u201cInicialmente me dijeron algo il\u00f3gico, que no me preocupara, que me mantuviera en cuarentena, y que no era necesario hacerme la prueba, porque hab\u00eda otras personas con m\u00e1s riesgo de tener el virus\u201d.<\/p>\n<p style=\"text-align: justify;\">Una mayor preocupaci\u00f3n y un sentimiento de rabia le entr\u00f3 al taxista, al pensar no solo en \u00e9l, sino tambi\u00e9n en su esposa y su peque\u00f1a hija de dos a\u00f1os, con quienes reside en Yopal, y m\u00e1s teniendo en cuenta los s\u00edntomas de fiebre alta que ha tenido en los \u00faltimos d\u00edas. \u00c9l cuestiona la negligencia de Ingrid Criollo, al no priorizar la toma de su muestra, por parte de la Secretar\u00eda de Salud del Municipio, teniendo en cuenta que \u00e9l fue una de los primeros contactos de la funcionaria al llegar de Bogot\u00e1<\/p>\n<p style=\"text-align: justify;\">Ante la falta de acci\u00f3n por parte de las entidades de salud y despu\u00e9s de insistentes llamadas, y de utilizar toda clase de palancas, el taxista logr\u00f3 que su caso llegara a o\u00eddos del gobernador de Casanare, Salom\u00f3n Sanabria, quien orden\u00f3 la toma de la muestra, este lunes 23 de marzo, en horas de la tarde, por parte de la Secretar\u00eda de Salud del Departamento.<\/p>\n<p style=\"text-align: justify;\">Pacientemente, \u00e9l espera que la prueba para COVID-19 de negativo, para que no se afecte ni \u00e9l ni su familia, pero a su vez expresa su preocupaci\u00f3n por la falta de celeridad en la toma de muestras, \u201cNo s\u00e9 qu\u00e9 est\u00e1 pasando en Casanare, si es que quieren esconder el n\u00famero de casos existentes o les hace falta los equipos necesarios para la toma de muestras\u201d, concluye el taxista.<\/p>\n<p style=\"text-align: justify;\">\n<p style=\"text-align: justify;\"><strong>Protocolo de atenci\u00f3n a personas que tuvieron contacto con infectados con coronavirus<\/strong><\/p>\n<p style=\"text-align: justify;\">Seg\u00fan fuentes de la Secretar\u00eda de Salud de Casanare, cuando se confirma un caso de Covid-19 se debe:<\/p>\n<ol style=\"text-align: justify;\">\n<li>Investigar con la persona infectada con qu\u00e9 personas mantuvo una cercan\u00eda estrecha -haber estado en un recinto cerrado a menos de 2 metros de distancia por m\u00ednimo 15 minutos- tres d\u00edas despu\u00e9s de haber sido contagiada, que es el periodo aproximado de incubaci\u00f3n del virus). En este caso se tom\u00f3 el periodo comprendido entre el 17 y 21 de marzo, d\u00eda en que ella recibi\u00f3 la confirmaci\u00f3n de haberse contagiado.<\/li>\n<li>Se empieza a verificar cu\u00e1les son los posibles contactos y se les llama para la informarles lo sucedido e indicarles que deben entrar en cuarentena obligatoria de al menos 14 d\u00edas. Igualmente que se les van a tomar las muestras y para ello deben informar en qu\u00e9 EPS cotizan y la IPS que los atiende.<\/li>\n<li>La Secretar\u00eda de Salud informa a las EPS sobre estas personas para que a trav\u00e9s de su IPS realice la toma de muestras en el domicilio, (m\u00e1ximo debe ser un d\u00eda) las cuales deber\u00e1n ser llevadas al laboratorio de Salud P\u00fablica para su env\u00edo al Instituto Nacional de Salud, donde se encargar\u00e1n de analizar y confirmar o descartar si se es un caso de Covid-19.<\/li>\n<li>Las personas que no est\u00e9n afiliadas a ninguna EPS en alguno de los reg\u00edmenes que hay, contributivo o subsidiado, ser\u00e1n asumidas por la Secretar\u00eda de Salud respectiva.<\/li>\n<li>Si luego de la muestra la persona presenta s\u00edntomas del virus, los m\u00e9dicos de la IPS deber\u00e1n establecer en visita domiciliaria el estado del contagiado. Si es leve, seguir\u00e1 en cuarentena y si presenta un compromiso severo que incluya fiebre y dificultad respiratoria deber\u00e1 ser trasladado a un servicio de urgencias, donde ya debe haberse acondicionado una sala especializada para atender esta enfermedad.<\/li>\n<\/ol>\n<p style=\"text-align: justify;\">En di\u00e1logo con el gerente del Hospital Regional de la Orinoquia, Ronald Roa, expres\u00f3 que estaba en di\u00e1logo con el gobernador Salom\u00f3n Sanabria para los requerimientos de la unidad de atenci\u00f3n, y a\u00fan no pod\u00eda informar cu\u00e1ntas camas se habilitar\u00e1n para personas enfermas del virus.<\/p>\n<p style=\"text-align: justify;\">Este es el deber ser de la atenci\u00f3n, sin embargo todo depende de la agilidad de la Secretar\u00eda de Salud de Casanare y de las EPSs.<\/p>\n<p><img loading=\"lazy\" decoding=\"async\" class=\"alignnone size-large wp-image-23167\" src=\"https:\/\/marthacifuentes.com\/portada\/wp-content\/uploads\/2020\/03\/ingrid-criollo-taxi-coronavirus-1024x541.jpg\" alt=\"\" width=\"1024\" height=\"541\" srcset=\"https:\/\/marthacifuentes.com\/portada\/wp-content\/uploads\/2020\/03\/ingrid-criollo-taxi-coronavirus-1024x541.jpg 1024w, https:\/\/marthacifuentes.com\/portada\/wp-content\/uploads\/2020\/03\/ingrid-criollo-taxi-coronavirus-300x158.jpg 300w, https:\/\/marthacifuentes.com\/portada\/wp-content\/uploads\/2020\/03\/ingrid-criollo-taxi-coronavirus-768x406.jpg 768w, https:\/\/marthacifuentes.com\/portada\/wp-content\/uploads\/2020\/03\/ingrid-criollo-taxi-coronavirus-1536x811.jpg 1536w, https:\/\/marthacifuentes.com\/portada\/wp-content\/uploads\/2020\/03\/ingrid-criollo-taxi-coronavirus.jpg 1761w\" sizes=\"auto, (max-width: 1024px) 100vw, 1024px\" \/><\/p>\n<h3><strong>Otras noticias&#8230;<\/strong><\/h3>\n<blockquote class=\"wp-embedded-content\" data-secret=\"QcDnVSWLyQ\"><p><a href=\"https:\/\/marthacifuentes.com\/portada\/2020\/03\/23\/se-adelanto-la-cuarentena-obligada-se-impone-restriccion-de-personas-y-vehiculos-en-casanare\/\">Se adelant\u00f3 la cuarentena obligada. Se impone restricci\u00f3n de personas y veh\u00edculos en Casanare<\/a><\/p><\/blockquote>\n<p><iframe loading=\"lazy\" class=\"wp-embedded-content\" sandbox=\"allow-scripts\" security=\"restricted\" style=\"position: absolute; clip: rect(1px, 1px, 1px, 1px);\" title=\"\u00abSe adelant\u00f3 la cuarentena obligada. Se impone restricci\u00f3n de personas y veh\u00edculos en Casanare\u00bb \u2014 \u25b7 Noticias de Casanare : Martha Cifuentes | Casanare\" src=\"https:\/\/marthacifuentes.com\/portada\/2020\/03\/23\/se-adelanto-la-cuarentena-obligada-se-impone-restriccion-de-personas-y-vehiculos-en-casanare\/embed\/#?secret=uQRuSO8ntf#?secret=QcDnVSWLyQ\" data-secret=\"QcDnVSWLyQ\" width=\"500\" height=\"282\" frameborder=\"0\" marginwidth=\"0\" marginheight=\"0\" scrolling=\"no\"><\/iframe><\/p>\n<blockquote class=\"wp-embedded-content\" data-secret=\"VBfxrejSo4\"><p><a href=\"https:\/\/marthacifuentes.com\/portada\/2020\/03\/22\/secretaria-de-salud-de-yopal-primer-caso-de-coronavirus-en-yopal-casanare\/\">Secretaria de Salud de Yopal, primer caso de coronavirus en Yopal, Casanare<\/a><\/p><\/blockquote>\n<p><iframe loading=\"lazy\" class=\"wp-embedded-content\" sandbox=\"allow-scripts\" security=\"restricted\" style=\"position: absolute; clip: rect(1px, 1px, 1px, 1px);\" title=\"\u00abSecretaria de Salud de Yopal, primer caso de coronavirus en Yopal, Casanare\u00bb \u2014 \u25b7 Noticias de Casanare : Martha Cifuentes | Casanare\" src=\"https:\/\/marthacifuentes.com\/portada\/2020\/03\/22\/secretaria-de-salud-de-yopal-primer-caso-de-coronavirus-en-yopal-casanare\/embed\/#?secret=7820SACMuN#?secret=VBfxrejSo4\" data-secret=\"VBfxrejSo4\" width=\"500\" height=\"282\" frameborder=\"0\" marginwidth=\"0\" marginheight=\"0\" scrolling=\"no\"><\/iframe><\/p>\n<p>&nbsp;<\/p>\n<p>&nbsp;<\/p>\n<p>&nbsp;<\/p>\n<p>&nbsp;<\/p>\n","protected":false},"excerpt":{"rendered":"<p>Alianza informativa: casanarenoticias.com y marthacifuentes.com &nbsp; Con el precedente de ser un taxista, la primera v\u00edctima mortal del Coronavirus en Colombia, al transportar en su veh\u00edculo varios ciudadanos extranjeros en Cartagena, en Yopal, existe la preocupaci\u00f3n al interior del gremio, ya que fue un taxista quien el pasado domingo 15 de marzo, transport\u00f3, en horas &hellip;<\/p>\n","protected":false},"author":2,"featured_media":23169,"comment_status":"open","ping_status":"open","sticky":false,"template":"","format":"standard","meta":{"om_disable_all_campaigns":false,"_exactmetrics_skip_tracking":false,"_exactmetrics_sitenote_active":false,"_exactmetrics_sitenote_note":"","_exactmetrics_sitenote_category":0,"_monsterinsights_skip_tracking":false,"_monsterinsights_sitenote_active":false,"_monsterinsights_sitenote_note":"","_monsterinsights_sitenote_category":0,"_uf_show_specific_survey":0,"_uf_disable_surveys":false,"_joinchat":[],"footnotes":""},"categories":[147,146,145],"tags":[4181,4183,4182,4180,4179,4184],"class_list":["post-23166","post","type-post","status-publish","format-standard","has-post-thumbnail","hentry","category-actualidad","category-noticias","category-reportajes","tag-caso-coronavirus-yopal","tag-gobernador-salomon-sanabria","tag-protocolo-de-atencion-coronavirus-casanare","tag-secretaria-de-salud-ingrid-criollo","tag-taxista-de-yopal-preocupado-por-el-coronavirus","tag-yopal-covid-secretaria-de-salud-yopal"],"yoast_head":"<!-- This site is optimized with the Yoast SEO plugin v26.1 - https:\/\/yoast.com\/wordpress\/plugins\/seo\/ -->\n<title>COVID-19: la preocupaci\u00f3n de un taxista de Yopal - \u25b7 Noticias de Casanare : Martha Cifuentes | Casanare<\/title>\n<meta name=\"robots\" content=\"index, follow, max-snippet:-1, max-image-preview:large, max-video-preview:-1\" \/>\n<link rel=\"canonical\" href=\"https:\/\/marthacifuentes.com\/portada\/covid-19-la-preocupacion-de-un-taxista-de-yopal\/\" \/>\n<meta property=\"og:locale\" content=\"es_ES\" \/>\n<meta property=\"og:type\" content=\"article\" \/>\n<meta property=\"og:title\" content=\"COVID-19: la preocupaci\u00f3n de un taxista de Yopal - \u25b7 Noticias de Casanare : Martha Cifuentes | Casanare\" \/>\n<meta property=\"og:description\" content=\"Alianza informativa: casanarenoticias.com y marthacifuentes.com &nbsp; Con el precedente de ser un taxista, la primera v\u00edctima mortal del Coronavirus en Colombia, al transportar en su veh\u00edculo varios ciudadanos extranjeros en Cartagena, en Yopal, existe la preocupaci\u00f3n al interior del gremio, ya que fue un taxista quien el pasado domingo 15 de marzo, transport\u00f3, en horas &hellip;\" \/>\n<meta property=\"og:url\" content=\"https:\/\/marthacifuentes.com\/portada\/covid-19-la-preocupacion-de-un-taxista-de-yopal\/\" \/>\n<meta property=\"og:site_name\" content=\"\u25b7 Noticias de Casanare : Martha Cifuentes | Casanare\" \/>\n<meta property=\"article:published_time\" content=\"2020-03-24T03:42:41+00:00\" \/>\n<meta property=\"og:image\" content=\"https:\/\/marthacifuentes.com\/portada\/wp-content\/uploads\/2020\/03\/WhatsApp-Image-2020-03-23-at-10.22.35-PM.jpeg\" \/>\n\t<meta property=\"og:image:width\" content=\"1280\" \/>\n\t<meta property=\"og:image:height\" content=\"853\" \/>\n\t<meta property=\"og:image:type\" content=\"image\/jpeg\" \/>\n<meta name=\"author\" content=\"Martha Cifuentes\" \/>\n<meta name=\"twitter:card\" content=\"summary_large_image\" \/>\n<meta name=\"twitter:label1\" content=\"Escrito por\" \/>\n\t<meta name=\"twitter:data1\" content=\"Martha Cifuentes\" \/>\n\t<meta name=\"twitter:label2\" content=\"Tiempo de lectura\" \/>\n\t<meta name=\"twitter:data2\" content=\"6 minutos\" \/>\n<script type=\"application\/ld+json\" class=\"yoast-schema-graph\">{\"@context\":\"https:\/\/schema.org\",\"@graph\":[{\"@type\":\"WebPage\",\"@id\":\"https:\/\/marthacifuentes.com\/portada\/covid-19-la-preocupacion-de-un-taxista-de-yopal\/\",\"url\":\"https:\/\/marthacifuentes.com\/portada\/covid-19-la-preocupacion-de-un-taxista-de-yopal\/\",\"name\":\"COVID-19: la preocupaci\u00f3n de un taxista de Yopal - \u25b7 Noticias de Casanare : Martha Cifuentes | Casanare\",\"isPartOf\":{\"@id\":\"https:\/\/marthacifuentes.com\/portada\/#website\"},\"primaryImageOfPage\":{\"@id\":\"https:\/\/marthacifuentes.com\/portada\/covid-19-la-preocupacion-de-un-taxista-de-yopal\/#primaryimage\"},\"image\":{\"@id\":\"https:\/\/marthacifuentes.com\/portada\/covid-19-la-preocupacion-de-un-taxista-de-yopal\/#primaryimage\"},\"thumbnailUrl\":\"https:\/\/marthacifuentes.com\/portada\/wp-content\/uploads\/2020\/03\/WhatsApp-Image-2020-03-23-at-10.22.35-PM.jpeg\",\"datePublished\":\"2020-03-24T03:42:41+00:00\",\"author\":{\"@id\":\"https:\/\/marthacifuentes.com\/portada\/#\/schema\/person\/57f53174b991db5f90ff78d58502b714\"},\"breadcrumb\":{\"@id\":\"https:\/\/marthacifuentes.com\/portada\/covid-19-la-preocupacion-de-un-taxista-de-yopal\/#breadcrumb\"},\"inLanguage\":\"es\",\"potentialAction\":[{\"@type\":\"ReadAction\",\"target\":[\"https:\/\/marthacifuentes.com\/portada\/covid-19-la-preocupacion-de-un-taxista-de-yopal\/\"]}]},{\"@type\":\"ImageObject\",\"inLanguage\":\"es\",\"@id\":\"https:\/\/marthacifuentes.com\/portada\/covid-19-la-preocupacion-de-un-taxista-de-yopal\/#primaryimage\",\"url\":\"https:\/\/marthacifuentes.com\/portada\/wp-content\/uploads\/2020\/03\/WhatsApp-Image-2020-03-23-at-10.22.35-PM.jpeg\",\"contentUrl\":\"https:\/\/marthacifuentes.com\/portada\/wp-content\/uploads\/2020\/03\/WhatsApp-Image-2020-03-23-at-10.22.35-PM.jpeg\",\"width\":1280,\"height\":853},{\"@type\":\"BreadcrumbList\",\"@id\":\"https:\/\/marthacifuentes.com\/portada\/covid-19-la-preocupacion-de-un-taxista-de-yopal\/#breadcrumb\",\"itemListElement\":[{\"@type\":\"ListItem\",\"position\":1,\"name\":\"Portada\",\"item\":\"https:\/\/marthacifuentes.com\/portada\/\"},{\"@type\":\"ListItem\",\"position\":2,\"name\":\"COVID-19: la preocupaci\u00f3n de un taxista de Yopal\"}]},{\"@type\":\"WebSite\",\"@id\":\"https:\/\/marthacifuentes.com\/portada\/#website\",\"url\":\"https:\/\/marthacifuentes.com\/portada\/\",\"name\":\"\u25b7 Noticias de Casanare : Martha Cifuentes | Casanare\",\"description\":\"Noticias &amp; Contenidos\",\"potentialAction\":[{\"@type\":\"SearchAction\",\"target\":{\"@type\":\"EntryPoint\",\"urlTemplate\":\"https:\/\/marthacifuentes.com\/portada\/?s={search_term_string}\"},\"query-input\":{\"@type\":\"PropertyValueSpecification\",\"valueRequired\":true,\"valueName\":\"search_term_string\"}}],\"inLanguage\":\"es\"},{\"@type\":\"Person\",\"@id\":\"https:\/\/marthacifuentes.com\/portada\/#\/schema\/person\/57f53174b991db5f90ff78d58502b714\",\"name\":\"Martha Cifuentes\",\"image\":{\"@type\":\"ImageObject\",\"inLanguage\":\"es\",\"@id\":\"https:\/\/marthacifuentes.com\/portada\/#\/schema\/person\/image\/\",\"url\":\"http:\/\/marthacifuentes.com\/portada\/wp-content\/uploads\/2018\/06\/avatar_user_2_1528838701-96x96.jpg\",\"contentUrl\":\"http:\/\/marthacifuentes.com\/portada\/wp-content\/uploads\/2018\/06\/avatar_user_2_1528838701-96x96.jpg\",\"caption\":\"Martha Cifuentes\"},\"sameAs\":[\"http:\/\/www.marthacifuentes.com\"],\"url\":\"https:\/\/marthacifuentes.com\/portada\/author\/martha\/\"}]}<\/script>\n<!-- \/ Yoast SEO plugin. -->","yoast_head_json":{"title":"COVID-19: la preocupaci\u00f3n de un taxista de Yopal - \u25b7 Noticias de Casanare : Martha Cifuentes | Casanare","robots":{"index":"index","follow":"follow","max-snippet":"max-snippet:-1","max-image-preview":"max-image-preview:large","max-video-preview":"max-video-preview:-1"},"canonical":"https:\/\/marthacifuentes.com\/portada\/covid-19-la-preocupacion-de-un-taxista-de-yopal\/","og_locale":"es_ES","og_type":"article","og_title":"COVID-19: la preocupaci\u00f3n de un taxista de Yopal - \u25b7 Noticias de Casanare : Martha Cifuentes | Casanare","og_description":"Alianza informativa: casanarenoticias.com y marthacifuentes.com &nbsp; Con el precedente de ser un taxista, la primera v\u00edctima mortal del Coronavirus en Colombia, al transportar en su veh\u00edculo varios ciudadanos extranjeros en Cartagena, en Yopal, existe la preocupaci\u00f3n al interior del gremio, ya que fue un taxista quien el pasado domingo 15 de marzo, transport\u00f3, en horas &hellip;","og_url":"https:\/\/marthacifuentes.com\/portada\/covid-19-la-preocupacion-de-un-taxista-de-yopal\/","og_site_name":"\u25b7 Noticias de Casanare : Martha Cifuentes | Casanare","article_published_time":"2020-03-24T03:42:41+00:00","og_image":[{"width":1280,"height":853,"url":"https:\/\/marthacifuentes.com\/portada\/wp-content\/uploads\/2020\/03\/WhatsApp-Image-2020-03-23-at-10.22.35-PM.jpeg","type":"image\/jpeg"}],"author":"Martha Cifuentes","twitter_card":"summary_large_image","twitter_misc":{"Escrito por":"Martha Cifuentes","Tiempo de lectura":"6 minutos"},"schema":{"@context":"https:\/\/schema.org","@graph":[{"@type":"WebPage","@id":"https:\/\/marthacifuentes.com\/portada\/covid-19-la-preocupacion-de-un-taxista-de-yopal\/","url":"https:\/\/marthacifuentes.com\/portada\/covid-19-la-preocupacion-de-un-taxista-de-yopal\/","name":"COVID-19: la preocupaci\u00f3n de un taxista de Yopal - \u25b7 Noticias de Casanare : Martha Cifuentes | Casanare","isPartOf":{"@id":"https:\/\/marthacifuentes.com\/portada\/#website"},"primaryImageOfPage":{"@id":"https:\/\/marthacifuentes.com\/portada\/covid-19-la-preocupacion-de-un-taxista-de-yopal\/#primaryimage"},"image":{"@id":"https:\/\/marthacifuentes.com\/portada\/covid-19-la-preocupacion-de-un-taxista-de-yopal\/#primaryimage"},"thumbnailUrl":"https:\/\/marthacifuentes.com\/portada\/wp-content\/uploads\/2020\/03\/WhatsApp-Image-2020-03-23-at-10.22.35-PM.jpeg","datePublished":"2020-03-24T03:42:41+00:00","author":{"@id":"https:\/\/marthacifuentes.com\/portada\/#\/schema\/person\/57f53174b991db5f90ff78d58502b714"},"breadcrumb":{"@id":"https:\/\/marthacifuentes.com\/portada\/covid-19-la-preocupacion-de-un-taxista-de-yopal\/#breadcrumb"},"inLanguage":"es","potentialAction":[{"@type":"ReadAction","target":["https:\/\/marthacifuentes.com\/portada\/covid-19-la-preocupacion-de-un-taxista-de-yopal\/"]}]},{"@type":"ImageObject","inLanguage":"es","@id":"https:\/\/marthacifuentes.com\/portada\/covid-19-la-preocupacion-de-un-taxista-de-yopal\/#primaryimage","url":"https:\/\/marthacifuentes.com\/portada\/wp-content\/uploads\/2020\/03\/WhatsApp-Image-2020-03-23-at-10.22.35-PM.jpeg","contentUrl":"https:\/\/marthacifuentes.com\/portada\/wp-content\/uploads\/2020\/03\/WhatsApp-Image-2020-03-23-at-10.22.35-PM.jpeg","width":1280,"height":853},{"@type":"BreadcrumbList","@id":"https:\/\/marthacifuentes.com\/portada\/covid-19-la-preocupacion-de-un-taxista-de-yopal\/#breadcrumb","itemListElement":[{"@type":"ListItem","position":1,"name":"Portada","item":"https:\/\/marthacifuentes.com\/portada\/"},{"@type":"ListItem","position":2,"name":"COVID-19: la preocupaci\u00f3n de un taxista de Yopal"}]},{"@type":"WebSite","@id":"https:\/\/marthacifuentes.com\/portada\/#website","url":"https:\/\/marthacifuentes.com\/portada\/","name":"\u25b7 Noticias de Casanare : Martha Cifuentes | Casanare","description":"Noticias &amp; Contenidos","potentialAction":[{"@type":"SearchAction","target":{"@type":"EntryPoint","urlTemplate":"https:\/\/marthacifuentes.com\/portada\/?s={search_term_string}"},"query-input":{"@type":"PropertyValueSpecification","valueRequired":true,"valueName":"search_term_string"}}],"inLanguage":"es"},{"@type":"Person","@id":"https:\/\/marthacifuentes.com\/portada\/#\/schema\/person\/57f53174b991db5f90ff78d58502b714","name":"Martha Cifuentes","image":{"@type":"ImageObject","inLanguage":"es","@id":"https:\/\/marthacifuentes.com\/portada\/#\/schema\/person\/image\/","url":"http:\/\/marthacifuentes.com\/portada\/wp-content\/uploads\/2018\/06\/avatar_user_2_1528838701-96x96.jpg","contentUrl":"http:\/\/marthacifuentes.com\/portada\/wp-content\/uploads\/2018\/06\/avatar_user_2_1528838701-96x96.jpg","caption":"Martha Cifuentes"},"sameAs":["http:\/\/www.marthacifuentes.com"],"url":"https:\/\/marthacifuentes.com\/portada\/author\/martha\/"}]}},"_links":{"self":[{"href":"https:\/\/marthacifuentes.com\/portada\/wp-json\/wp\/v2\/posts\/23166","targetHints":{"allow":["GET"]}}],"collection":[{"href":"https:\/\/marthacifuentes.com\/portada\/wp-json\/wp\/v2\/posts"}],"about":[{"href":"https:\/\/marthacifuentes.com\/portada\/wp-json\/wp\/v2\/types\/post"}],"author":[{"embeddable":true,"href":"https:\/\/marthacifuentes.com\/portada\/wp-json\/wp\/v2\/users\/2"}],"replies":[{"embeddable":true,"href":"https:\/\/marthacifuentes.com\/portada\/wp-json\/wp\/v2\/comments?post=23166"}],"version-history":[{"count":0,"href":"https:\/\/marthacifuentes.com\/portada\/wp-json\/wp\/v2\/posts\/23166\/revisions"}],"wp:featuredmedia":[{"embeddable":true,"href":"https:\/\/marthacifuentes.com\/portada\/wp-json\/wp\/v2\/media\/23169"}],"wp:attachment":[{"href":"https:\/\/marthacifuentes.com\/portada\/wp-json\/wp\/v2\/media?parent=23166"}],"wp:term":[{"taxonomy":"category","embeddable":true,"href":"https:\/\/marthacifuentes.com\/portada\/wp-json\/wp\/v2\/categories?post=23166"},{"taxonomy":"post_tag","embeddable":true,"href":"https:\/\/marthacifuentes.com\/portada\/wp-json\/wp\/v2\/tags?post=23166"}],"curies":[{"name":"wp","href":"https:\/\/api.w.org\/{rel}","templated":true}]}}