{"id":23438,"date":"2020-04-28T10:39:16","date_gmt":"2020-04-28T15:39:16","guid":{"rendered":"https:\/\/marthacifuentes.com\/portada\/?p=23438"},"modified":"2020-04-28T10:39:16","modified_gmt":"2020-04-28T15:39:16","slug":"a-un-paso-de-salir-de-la-carcel-hombre-es-detenido-por-homicidio","status":"publish","type":"post","link":"https:\/\/marthacifuentes.com\/portada\/a-un-paso-de-salir-de-la-carcel-hombre-es-detenido-por-homicidio\/","title":{"rendered":"A un paso de salir de la c\u00e1rcel, hombre es detenido por homicidio"},"content":{"rendered":"<p><strong>Hombre que estaba a punto de salir de la c\u00e1rcel, por vencimiento de t\u00e9rminos en el proceso que se le llevaba por tr\u00e1fico de estupefacientes, seguir\u00e1 privado de la libertad, al evidenciarse al momento de irse, su presunta responsabilidad en el homicidio de un finquero en Pore, Casanare, en mayo de 2019. El Juzgado Promiscuo municipal de Hato Corozal orden\u00f3 su detenci\u00f3n.<\/strong><\/p>\n<p>Por decisi\u00f3n judicial, la medida se cumplir\u00e1 de manera transitoria en el domicilio, por la emergencia sanitaria que afronta el pa\u00eds debido a la pandemia del Covid-19.<\/p>\n<p>Seg\u00fan el ente investigador, los integrantes del Instituto Nacional Penitenciario y Carcelario (Inpec) encontraron que Jim\u00e9nez Garc\u00eda ten\u00eda un proceso en su contra cuando verificaron sus antecedentes para otorgar la salida de la c\u00e1rcel por vencimiento de t\u00e9rminos, donde cumpl\u00eda detenci\u00f3n preventiva por presunta fabricaci\u00f3n, tr\u00e1fico y\/o porte de estupefacientes.<\/p>\n<p>La Fiscal\u00eda le imput\u00f3 cargos al detenido por los delitos de homicidio agravado en concurso con fabricaci\u00f3n, tr\u00e1fico y\/o porte ilegal de armas, los cuales no fueron aceptados.<\/p>\n<p>Seg\u00fan las indagaciones iniciales, presuntamente el detenido habr\u00eda participado en el homicidio del due\u00f1o de una finca, a la que al parecer ingres\u00f3 con otras personas con el prop\u00f3sito de hurtar 10 millones de pesos.<\/p>\n<p>En la investigaci\u00f3n frente el asalto, se registr\u00f3 la muerte de John Haiver Ni\u00f1o Fuentes, quien opuso resistencia y recibi\u00f3 una herida con arma de fuego.<\/p>\n<p>La Fiscal\u00eda le solicit\u00f3 a las autoridades penitenciarias y de salud revisar el estado m\u00e9dico del detenido, para garantizar que est\u00e9 en buenas condiciones, esto antes de realizar el traslado al lugar de detenci\u00f3n.<\/p>\n<p>A la fecha, el Instituto Nacional de Salud reporta 10 casos positivos de Covid-19 en el departamento del Casanare.<\/p>\n<h3>Otras noticias\u2026<\/h3>\n<p><iframe loading=\"lazy\" class=\"wp-embedded-content\" title=\"\u00abEstablecimientos comerciales de Yopal burlan protocolos de bioseguridad para el coronavirus\u00bb \u2014 \u25b7 Noticias de Casanare : Martha Cifuentes | Casanare\" src=\"https:\/\/marthacifuentes.com\/portada\/2020\/04\/28\/establecimientos-comerciales-de-yopal-burlan-protocolos-de-bioseguridad-para-el-coronavirus\/embed\/#?secret=sObf26seWG\" width=\"600\" height=\"595\" frameborder=\"0\" marginwidth=\"0\" marginheight=\"0\" scrolling=\"no\" sandbox=\"allow-scripts\" data-secret=\"sObf26seWG\" data-mce-fragment=\"1\"><\/iframe><\/p>\n<p><iframe loading=\"lazy\" class=\"wp-embedded-content\" title=\"\u00abTres vendedores ambulantes fueron sancionados por violar la cuarentena en Yopal\u00bb \u2014 \u25b7 Noticias de Casanare : Martha Cifuentes | Casanare\" src=\"https:\/\/marthacifuentes.com\/portada\/2020\/04\/28\/tres-vendedores-ambulantes-fueron-sancionados-por-violar-la-cuarentena-en-yopal\/embed\/#?secret=wJkDuDiPOa\" width=\"600\" height=\"595\" frameborder=\"0\" marginwidth=\"0\" marginheight=\"0\" scrolling=\"no\" sandbox=\"allow-scripts\" data-secret=\"wJkDuDiPOa\" data-mce-fragment=\"1\"><\/iframe><\/p>\n<blockquote class=\"wp-embedded-content\" data-secret=\"wOpl6BtSOr\"><p><a href=\"https:\/\/marthacifuentes.com\/portada\/2020\/04\/28\/joven-que-agredio-a-su-madre-es-procesado-por-violencia-intrafamiliar-en-yopal\/\">Joven que agredi\u00f3 a su madre es procesado por violencia intrafamiliar en Yopal<\/a><\/p><\/blockquote>\n<p><iframe loading=\"lazy\" class=\"wp-embedded-content\" sandbox=\"allow-scripts\" security=\"restricted\" style=\"position: absolute; clip: rect(1px, 1px, 1px, 1px);\" title=\"\u00abJoven que agredi\u00f3 a su madre es procesado por violencia intrafamiliar en Yopal\u00bb \u2014 \u25b7 Noticias de Casanare : Martha Cifuentes | Casanare\" src=\"https:\/\/marthacifuentes.com\/portada\/2020\/04\/28\/joven-que-agredio-a-su-madre-es-procesado-por-violencia-intrafamiliar-en-yopal\/embed\/#?secret=bpK2H4qe1B#?secret=wOpl6BtSOr\" data-secret=\"wOpl6BtSOr\" width=\"500\" height=\"282\" frameborder=\"0\" marginwidth=\"0\" marginheight=\"0\" scrolling=\"no\"><\/iframe><\/p>\n<p><iframe loading=\"lazy\" class=\"wp-embedded-content\" title=\"\u00abMedidas de reapertura de sectores econ\u00f3micos en Yopal por Covid-19\u00bb \u2014 \u25b7 Noticias de Casanare : Martha Cifuentes | Casanare\" src=\"https:\/\/marthacifuentes.com\/portada\/2020\/04\/27\/medidas-de-reapertura-de-sectores-economicos-en-yopal-por-covid-19\/embed\/#?secret=Kk8z8BRFpT\" width=\"600\" height=\"595\" frameborder=\"0\" marginwidth=\"0\" marginheight=\"0\" scrolling=\"no\" sandbox=\"allow-scripts\" data-secret=\"Kk8z8BRFpT\" data-mce-fragment=\"1\"><\/iframe><\/p>\n<p><iframe loading=\"lazy\" class=\"wp-embedded-content\" title=\"\u00abComandante Polic\u00eda Antisecuestro lidera b\u00fasqueda de ganadero secuestrado en Casanare\u00bb \u2014 \u25b7 Noticias de Casanare : Martha Cifuentes | Casanare\" src=\"https:\/\/marthacifuentes.com\/portada\/2020\/04\/27\/comandante-policia-antisecuestro-lidera-busqueda-de-ganadero-secuestrado-en-casanare\/embed\/#?secret=xCDQYqIbdH\" width=\"600\" height=\"595\" frameborder=\"0\" marginwidth=\"0\" marginheight=\"0\" scrolling=\"no\" sandbox=\"allow-scripts\" data-secret=\"xCDQYqIbdH\" data-mce-fragment=\"1\"><\/iframe><\/p>\n<p><iframe loading=\"lazy\" class=\"wp-embedded-content\" title=\"\u00abConcejo de Yopal a sesiones extras. La Bendici\u00f3n, Plan de Desarrollo y Terminal de Transportes, temas de los proyectos.\u00bb \u2014 \u25b7 Noticias de Casanare : Martha Cifuentes | Casanare\" src=\"https:\/\/marthacifuentes.com\/portada\/2020\/04\/27\/concejo-de-yopal-a-sesiones-extras-la-bendicion-plan-de-desarrollo-y-terminal-de-transportes-temas-de-los-proyectos\/embed\/#?secret=k9y4pP2WC8\" width=\"600\" height=\"648\" frameborder=\"0\" marginwidth=\"0\" marginheight=\"0\" scrolling=\"no\" sandbox=\"allow-scripts\" data-secret=\"k9y4pP2WC8\" data-mce-fragment=\"1\"><\/iframe><\/p>\n","protected":false},"excerpt":{"rendered":"<p>Hombre que estaba a punto de salir de la c\u00e1rcel, por vencimiento de t\u00e9rminos en el proceso que se le llevaba por tr\u00e1fico de estupefacientes, seguir\u00e1 privado de la libertad, al evidenciarse al momento de irse, su presunta responsabilidad en el homicidio de un finquero en Pore, Casanare, en mayo de 2019. El Juzgado Promiscuo &hellip;<\/p>\n","protected":false},"author":2,"featured_media":23439,"comment_status":"open","ping_status":"open","sticky":false,"template":"","format":"standard","meta":{"om_disable_all_campaigns":false,"_exactmetrics_skip_tracking":false,"_exactmetrics_sitenote_active":false,"_exactmetrics_sitenote_note":"","_exactmetrics_sitenote_category":0,"_monsterinsights_skip_tracking":false,"_monsterinsights_sitenote_active":false,"_monsterinsights_sitenote_note":"","_monsterinsights_sitenote_category":0,"_uf_show_specific_survey":0,"_uf_disable_surveys":false,"_joinchat":[],"footnotes":""},"categories":[147,146,145],"tags":[4347,1421,4348,4349],"class_list":["post-23438","post","type-post","status-publish","format-standard","has-post-thumbnail","hentry","category-actualidad","category-noticias","category-reportajes","tag-detenido-por-homicidio-en-yopal","tag-noticias-yopal","tag-preso-redetenido-por-homicidio","tag-preso-redetenido-por-homicidio-yopal-pore-casanare"],"yoast_head":"<!-- This site is optimized with the Yoast SEO plugin v26.1 - https:\/\/yoast.com\/wordpress\/plugins\/seo\/ -->\n<title>A un paso de salir de la c\u00e1rcel, hombre es detenido por homicidio - \u25b7 Noticias de Casanare : Martha Cifuentes | Casanare<\/title>\n<meta name=\"robots\" content=\"index, follow, max-snippet:-1, max-image-preview:large, max-video-preview:-1\" \/>\n<link rel=\"canonical\" href=\"https:\/\/marthacifuentes.com\/portada\/a-un-paso-de-salir-de-la-carcel-hombre-es-detenido-por-homicidio\/\" \/>\n<meta property=\"og:locale\" content=\"es_ES\" \/>\n<meta property=\"og:type\" content=\"article\" \/>\n<meta property=\"og:title\" content=\"A un paso de salir de la c\u00e1rcel, hombre es detenido por homicidio - \u25b7 Noticias de Casanare : Martha Cifuentes | Casanare\" \/>\n<meta property=\"og:description\" content=\"Hombre que estaba a punto de salir de la c\u00e1rcel, por vencimiento de t\u00e9rminos en el proceso que se le llevaba por tr\u00e1fico de estupefacientes, seguir\u00e1 privado de la libertad, al evidenciarse al momento de irse, su presunta responsabilidad en el homicidio de un finquero en Pore, Casanare, en mayo de 2019. El Juzgado Promiscuo &hellip;\" \/>\n<meta property=\"og:url\" content=\"https:\/\/marthacifuentes.com\/portada\/a-un-paso-de-salir-de-la-carcel-hombre-es-detenido-por-homicidio\/\" \/>\n<meta property=\"og:site_name\" content=\"\u25b7 Noticias de Casanare : Martha Cifuentes | Casanare\" \/>\n<meta property=\"article:published_time\" content=\"2020-04-28T15:39:16+00:00\" \/>\n<meta property=\"og:image\" content=\"https:\/\/marthacifuentes.com\/portada\/wp-content\/uploads\/2020\/04\/WhatsApp-Image-2020-04-27-at-4.28.07-PM-1.jpeg\" \/>\n\t<meta property=\"og:image:width\" content=\"550\" \/>\n\t<meta property=\"og:image:height\" content=\"746\" \/>\n\t<meta property=\"og:image:type\" content=\"image\/jpeg\" \/>\n<meta name=\"author\" content=\"Martha Cifuentes\" \/>\n<meta name=\"twitter:card\" content=\"summary_large_image\" \/>\n<meta name=\"twitter:label1\" content=\"Escrito por\" \/>\n\t<meta name=\"twitter:data1\" content=\"Martha Cifuentes\" \/>\n\t<meta name=\"twitter:label2\" content=\"Tiempo de lectura\" \/>\n\t<meta name=\"twitter:data2\" content=\"2 minutos\" \/>\n<script type=\"application\/ld+json\" class=\"yoast-schema-graph\">{\"@context\":\"https:\/\/schema.org\",\"@graph\":[{\"@type\":\"WebPage\",\"@id\":\"https:\/\/marthacifuentes.com\/portada\/a-un-paso-de-salir-de-la-carcel-hombre-es-detenido-por-homicidio\/\",\"url\":\"https:\/\/marthacifuentes.com\/portada\/a-un-paso-de-salir-de-la-carcel-hombre-es-detenido-por-homicidio\/\",\"name\":\"A un paso de salir de la c\u00e1rcel, hombre es detenido por homicidio - \u25b7 Noticias de Casanare : Martha Cifuentes | Casanare\",\"isPartOf\":{\"@id\":\"https:\/\/marthacifuentes.com\/portada\/#website\"},\"primaryImageOfPage\":{\"@id\":\"https:\/\/marthacifuentes.com\/portada\/a-un-paso-de-salir-de-la-carcel-hombre-es-detenido-por-homicidio\/#primaryimage\"},\"image\":{\"@id\":\"https:\/\/marthacifuentes.com\/portada\/a-un-paso-de-salir-de-la-carcel-hombre-es-detenido-por-homicidio\/#primaryimage\"},\"thumbnailUrl\":\"https:\/\/marthacifuentes.com\/portada\/wp-content\/uploads\/2020\/04\/WhatsApp-Image-2020-04-27-at-4.28.07-PM-1.jpeg\",\"datePublished\":\"2020-04-28T15:39:16+00:00\",\"author\":{\"@id\":\"https:\/\/marthacifuentes.com\/portada\/#\/schema\/person\/57f53174b991db5f90ff78d58502b714\"},\"breadcrumb\":{\"@id\":\"https:\/\/marthacifuentes.com\/portada\/a-un-paso-de-salir-de-la-carcel-hombre-es-detenido-por-homicidio\/#breadcrumb\"},\"inLanguage\":\"es\",\"potentialAction\":[{\"@type\":\"ReadAction\",\"target\":[\"https:\/\/marthacifuentes.com\/portada\/a-un-paso-de-salir-de-la-carcel-hombre-es-detenido-por-homicidio\/\"]}]},{\"@type\":\"ImageObject\",\"inLanguage\":\"es\",\"@id\":\"https:\/\/marthacifuentes.com\/portada\/a-un-paso-de-salir-de-la-carcel-hombre-es-detenido-por-homicidio\/#primaryimage\",\"url\":\"https:\/\/marthacifuentes.com\/portada\/wp-content\/uploads\/2020\/04\/WhatsApp-Image-2020-04-27-at-4.28.07-PM-1.jpeg\",\"contentUrl\":\"https:\/\/marthacifuentes.com\/portada\/wp-content\/uploads\/2020\/04\/WhatsApp-Image-2020-04-27-at-4.28.07-PM-1.jpeg\",\"width\":550,\"height\":746},{\"@type\":\"BreadcrumbList\",\"@id\":\"https:\/\/marthacifuentes.com\/portada\/a-un-paso-de-salir-de-la-carcel-hombre-es-detenido-por-homicidio\/#breadcrumb\",\"itemListElement\":[{\"@type\":\"ListItem\",\"position\":1,\"name\":\"Portada\",\"item\":\"https:\/\/marthacifuentes.com\/portada\/\"},{\"@type\":\"ListItem\",\"position\":2,\"name\":\"A un paso de salir de la c\u00e1rcel, hombre es detenido por homicidio\"}]},{\"@type\":\"WebSite\",\"@id\":\"https:\/\/marthacifuentes.com\/portada\/#website\",\"url\":\"https:\/\/marthacifuentes.com\/portada\/\",\"name\":\"\u25b7 Noticias de Casanare : Martha Cifuentes | Casanare\",\"description\":\"Noticias &amp; Contenidos\",\"potentialAction\":[{\"@type\":\"SearchAction\",\"target\":{\"@type\":\"EntryPoint\",\"urlTemplate\":\"https:\/\/marthacifuentes.com\/portada\/?s={search_term_string}\"},\"query-input\":{\"@type\":\"PropertyValueSpecification\",\"valueRequired\":true,\"valueName\":\"search_term_string\"}}],\"inLanguage\":\"es\"},{\"@type\":\"Person\",\"@id\":\"https:\/\/marthacifuentes.com\/portada\/#\/schema\/person\/57f53174b991db5f90ff78d58502b714\",\"name\":\"Martha Cifuentes\",\"image\":{\"@type\":\"ImageObject\",\"inLanguage\":\"es\",\"@id\":\"https:\/\/marthacifuentes.com\/portada\/#\/schema\/person\/image\/\",\"url\":\"http:\/\/marthacifuentes.com\/portada\/wp-content\/uploads\/2018\/06\/avatar_user_2_1528838701-96x96.jpg\",\"contentUrl\":\"http:\/\/marthacifuentes.com\/portada\/wp-content\/uploads\/2018\/06\/avatar_user_2_1528838701-96x96.jpg\",\"caption\":\"Martha Cifuentes\"},\"sameAs\":[\"http:\/\/www.marthacifuentes.com\"],\"url\":\"https:\/\/marthacifuentes.com\/portada\/author\/martha\/\"}]}<\/script>\n<!-- \/ Yoast SEO plugin. -->","yoast_head_json":{"title":"A un paso de salir de la c\u00e1rcel, hombre es detenido por homicidio - \u25b7 Noticias de Casanare : Martha Cifuentes | Casanare","robots":{"index":"index","follow":"follow","max-snippet":"max-snippet:-1","max-image-preview":"max-image-preview:large","max-video-preview":"max-video-preview:-1"},"canonical":"https:\/\/marthacifuentes.com\/portada\/a-un-paso-de-salir-de-la-carcel-hombre-es-detenido-por-homicidio\/","og_locale":"es_ES","og_type":"article","og_title":"A un paso de salir de la c\u00e1rcel, hombre es detenido por homicidio - \u25b7 Noticias de Casanare : Martha Cifuentes | Casanare","og_description":"Hombre que estaba a punto de salir de la c\u00e1rcel, por vencimiento de t\u00e9rminos en el proceso que se le llevaba por tr\u00e1fico de estupefacientes, seguir\u00e1 privado de la libertad, al evidenciarse al momento de irse, su presunta responsabilidad en el homicidio de un finquero en Pore, Casanare, en mayo de 2019. El Juzgado Promiscuo &hellip;","og_url":"https:\/\/marthacifuentes.com\/portada\/a-un-paso-de-salir-de-la-carcel-hombre-es-detenido-por-homicidio\/","og_site_name":"\u25b7 Noticias de Casanare : Martha Cifuentes | Casanare","article_published_time":"2020-04-28T15:39:16+00:00","og_image":[{"width":550,"height":746,"url":"https:\/\/marthacifuentes.com\/portada\/wp-content\/uploads\/2020\/04\/WhatsApp-Image-2020-04-27-at-4.28.07-PM-1.jpeg","type":"image\/jpeg"}],"author":"Martha Cifuentes","twitter_card":"summary_large_image","twitter_misc":{"Escrito por":"Martha Cifuentes","Tiempo de lectura":"2 minutos"},"schema":{"@context":"https:\/\/schema.org","@graph":[{"@type":"WebPage","@id":"https:\/\/marthacifuentes.com\/portada\/a-un-paso-de-salir-de-la-carcel-hombre-es-detenido-por-homicidio\/","url":"https:\/\/marthacifuentes.com\/portada\/a-un-paso-de-salir-de-la-carcel-hombre-es-detenido-por-homicidio\/","name":"A un paso de salir de la c\u00e1rcel, hombre es detenido por homicidio - \u25b7 Noticias de Casanare : Martha Cifuentes | Casanare","isPartOf":{"@id":"https:\/\/marthacifuentes.com\/portada\/#website"},"primaryImageOfPage":{"@id":"https:\/\/marthacifuentes.com\/portada\/a-un-paso-de-salir-de-la-carcel-hombre-es-detenido-por-homicidio\/#primaryimage"},"image":{"@id":"https:\/\/marthacifuentes.com\/portada\/a-un-paso-de-salir-de-la-carcel-hombre-es-detenido-por-homicidio\/#primaryimage"},"thumbnailUrl":"https:\/\/marthacifuentes.com\/portada\/wp-content\/uploads\/2020\/04\/WhatsApp-Image-2020-04-27-at-4.28.07-PM-1.jpeg","datePublished":"2020-04-28T15:39:16+00:00","author":{"@id":"https:\/\/marthacifuentes.com\/portada\/#\/schema\/person\/57f53174b991db5f90ff78d58502b714"},"breadcrumb":{"@id":"https:\/\/marthacifuentes.com\/portada\/a-un-paso-de-salir-de-la-carcel-hombre-es-detenido-por-homicidio\/#breadcrumb"},"inLanguage":"es","potentialAction":[{"@type":"ReadAction","target":["https:\/\/marthacifuentes.com\/portada\/a-un-paso-de-salir-de-la-carcel-hombre-es-detenido-por-homicidio\/"]}]},{"@type":"ImageObject","inLanguage":"es","@id":"https:\/\/marthacifuentes.com\/portada\/a-un-paso-de-salir-de-la-carcel-hombre-es-detenido-por-homicidio\/#primaryimage","url":"https:\/\/marthacifuentes.com\/portada\/wp-content\/uploads\/2020\/04\/WhatsApp-Image-2020-04-27-at-4.28.07-PM-1.jpeg","contentUrl":"https:\/\/marthacifuentes.com\/portada\/wp-content\/uploads\/2020\/04\/WhatsApp-Image-2020-04-27-at-4.28.07-PM-1.jpeg","width":550,"height":746},{"@type":"BreadcrumbList","@id":"https:\/\/marthacifuentes.com\/portada\/a-un-paso-de-salir-de-la-carcel-hombre-es-detenido-por-homicidio\/#breadcrumb","itemListElement":[{"@type":"ListItem","position":1,"name":"Portada","item":"https:\/\/marthacifuentes.com\/portada\/"},{"@type":"ListItem","position":2,"name":"A un paso de salir de la c\u00e1rcel, hombre es detenido por homicidio"}]},{"@type":"WebSite","@id":"https:\/\/marthacifuentes.com\/portada\/#website","url":"https:\/\/marthacifuentes.com\/portada\/","name":"\u25b7 Noticias de Casanare : Martha Cifuentes | Casanare","description":"Noticias &amp; Contenidos","potentialAction":[{"@type":"SearchAction","target":{"@type":"EntryPoint","urlTemplate":"https:\/\/marthacifuentes.com\/portada\/?s={search_term_string}"},"query-input":{"@type":"PropertyValueSpecification","valueRequired":true,"valueName":"search_term_string"}}],"inLanguage":"es"},{"@type":"Person","@id":"https:\/\/marthacifuentes.com\/portada\/#\/schema\/person\/57f53174b991db5f90ff78d58502b714","name":"Martha Cifuentes","image":{"@type":"ImageObject","inLanguage":"es","@id":"https:\/\/marthacifuentes.com\/portada\/#\/schema\/person\/image\/","url":"http:\/\/marthacifuentes.com\/portada\/wp-content\/uploads\/2018\/06\/avatar_user_2_1528838701-96x96.jpg","contentUrl":"http:\/\/marthacifuentes.com\/portada\/wp-content\/uploads\/2018\/06\/avatar_user_2_1528838701-96x96.jpg","caption":"Martha Cifuentes"},"sameAs":["http:\/\/www.marthacifuentes.com"],"url":"https:\/\/marthacifuentes.com\/portada\/author\/martha\/"}]}},"_links":{"self":[{"href":"https:\/\/marthacifuentes.com\/portada\/wp-json\/wp\/v2\/posts\/23438","targetHints":{"allow":["GET"]}}],"collection":[{"href":"https:\/\/marthacifuentes.com\/portada\/wp-json\/wp\/v2\/posts"}],"about":[{"href":"https:\/\/marthacifuentes.com\/portada\/wp-json\/wp\/v2\/types\/post"}],"author":[{"embeddable":true,"href":"https:\/\/marthacifuentes.com\/portada\/wp-json\/wp\/v2\/users\/2"}],"replies":[{"embeddable":true,"href":"https:\/\/marthacifuentes.com\/portada\/wp-json\/wp\/v2\/comments?post=23438"}],"version-history":[{"count":0,"href":"https:\/\/marthacifuentes.com\/portada\/wp-json\/wp\/v2\/posts\/23438\/revisions"}],"wp:featuredmedia":[{"embeddable":true,"href":"https:\/\/marthacifuentes.com\/portada\/wp-json\/wp\/v2\/media\/23439"}],"wp:attachment":[{"href":"https:\/\/marthacifuentes.com\/portada\/wp-json\/wp\/v2\/media?parent=23438"}],"wp:term":[{"taxonomy":"category","embeddable":true,"href":"https:\/\/marthacifuentes.com\/portada\/wp-json\/wp\/v2\/categories?post=23438"},{"taxonomy":"post_tag","embeddable":true,"href":"https:\/\/marthacifuentes.com\/portada\/wp-json\/wp\/v2\/tags?post=23438"}],"curies":[{"name":"wp","href":"https:\/\/api.w.org\/{rel}","templated":true}]}}