{"id":23533,"date":"2020-05-09T11:29:52","date_gmt":"2020-05-09T16:29:52","guid":{"rendered":"https:\/\/marthacifuentes.com\/portada\/?p=23533"},"modified":"2020-05-09T11:29:52","modified_gmt":"2020-05-09T16:29:52","slug":"denuncian-en-periodo-de-veda-caza-con-arpon-del-valenton-en-rio-del-cusiana-en-mani","status":"publish","type":"post","link":"https:\/\/marthacifuentes.com\/portada\/denuncian-en-periodo-de-veda-caza-con-arpon-del-valenton-en-rio-del-cusiana-en-mani\/","title":{"rendered":"Denuncian, en periodo de veda, caza con arp\u00f3n del Valent\u00f3n en r\u00edo del Cusiana en Man\u00ed."},"content":{"rendered":"<p style=\"text-align: justify;\"><strong>Pescadores furtivos, en pleno periodo de veda, est\u00e1n cazando indiscriminadamente con atarraya y arp\u00f3n, el Bagre Valent\u00f3n, en el r\u00edo Cusiana, a la altura de las veredas Chavinave y Macuco en Man\u00ed, Casanare. Vecinos est\u00e1n preocupados porque esta especie es poblaci\u00f3n vulnerable y en v\u00eda de extinci\u00f3n. Piden a Alcald\u00eda medidas.<\/strong><\/p>\n<p style=\"text-align: justify;\">La comunidad ha visto como pescadores for\u00e1neos, al parecer del departamento de Meta, llegan en las conocidas lanchas voladoras y con enormes atarrayas y arpones, pescan grandes cantidades de peces, sin tener en cuenta la normatividad de la Autoridad Nacional de Agricultura y Pesca, AUNAP, que estableci\u00f3 entre el 1 de mayo y el 30 junio, <span style=\"color: #993300;\"><a style=\"color: #993300;\" href=\"https:\/\/www.aunap.gov.co\/index.php\/sala-de-prensa\/boletines\/265-aunap-anuncia-la-veda-de-peces-ornamentales-y-de-consumo-en-la-cuenca-del-rio-orinoco\">la prohibici\u00f3n de pesca de especies ornamentales y de consumo<\/a><\/span> en la cuenca del r\u00edo Orinoco.<\/p>\n<p style=\"text-align: justify;\">Seg\u00fan vecinos de las veredas Chaninave y Macuco, los pescadores al usar arpones dejan heridos a los valentones y estos son encontrados muertos en el r\u00edo Cusiana.<\/p>\n<p style=\"text-align: justify;\">El Valent\u00f3n es una especie de Bagre muy apetecida por su tama\u00f1o y calidad de la carne, que se encuentra en las cuencas de los r\u00edos Orinoco y Amazonas. Oscila entre los 2.8 metros y 3.6 metros de longitud, con un peso de 200 kg, siendo las hembras, las m\u00e1s grandes.<\/p>\n<p style=\"text-align: justify;\">Los denunciantes expresan que en los \u00faltimos d\u00edas se han sacrificado m\u00e1s de 18 pescados, entre los cuales se encontraban 14 hembras, que ya deb\u00edan estar en periodo de desove. Igualmente se cuestionar el uso de un chinchorro de 120 metros, que estar\u00eda prohibido para este tipo de faenas.<\/p>\n<p style=\"text-align: justify;\">Tambi\u00e9n se est\u00e1 afectando a los valentones machos j\u00f3venes que no superan el metro y pesan en promedio 50 kilos, los cuales son comercializados ilegalmente.<\/p>\n<p style=\"text-align: justify;\">Se cuestiona especialmente a un hombre y su hijo, quienes estar\u00edan liderando esta caza del pescado, sin que las autoridades hagan algo para proteger la especie y que se pueda generar su reproducci\u00f3n normal.<\/p>\n<p style=\"text-align: justify;\">Se solicita a la Alcald\u00eda de Man\u00ed, a la Corporinoquia, Polic\u00eda ambiental y dem\u00e1s autoridades, investigar y castigar a los depredadores.<\/p>\n<p style=\"text-align: justify;\">\n<p style=\"text-align: justify;\"><strong>Caracter\u00edsticas del Valent\u00f3n<\/strong><\/p>\n<p style=\"text-align: justify;\">El Valent\u00f3n es un sil\u00farido de cabeza grande, ojos relativamente peque\u00f1os situados en el centro del cr\u00e1neo y tres pares de barbillas sensitivas, tiene el cuerpo revestido por una piel lisa y brillante, desprovista de escamas y placas, cubierta de una secreci\u00f3n mucoide semitransparente. Los dientes, dispuestos en dobles parches son viliformes. El adulto pesa m\u00e1s de 250 Kg y 3 mts.<\/p>\n<h2>Otras noticias\u2026<\/h2>\n<blockquote class=\"wp-embedded-content\" data-secret=\"bZJ8HnJBwe\"><p><a href=\"https:\/\/marthacifuentes.com\/portada\/2020\/05\/07\/tumultos-en-bancos-obligan-a-tomar-medidas-en-yopal\/\">Tumultos en bancos obligan a tomar medidas en Yopal<\/a><\/p><\/blockquote>\n<p><iframe loading=\"lazy\" class=\"wp-embedded-content\" sandbox=\"allow-scripts\" security=\"restricted\" style=\"position: absolute; clip: rect(1px, 1px, 1px, 1px);\" title=\"\u00abTumultos en bancos obligan a tomar medidas en Yopal\u00bb \u2014 \u25b7 Noticias de Casanare : Martha Cifuentes | Casanare\" src=\"https:\/\/marthacifuentes.com\/portada\/2020\/05\/07\/tumultos-en-bancos-obligan-a-tomar-medidas-en-yopal\/embed\/#?secret=HDz5Yk7QCM#?secret=bZJ8HnJBwe\" data-secret=\"bZJ8HnJBwe\" width=\"500\" height=\"282\" frameborder=\"0\" marginwidth=\"0\" marginheight=\"0\" scrolling=\"no\"><\/iframe><\/p>\n<p><iframe loading=\"lazy\" class=\"wp-embedded-content\" title=\"\u00abYa se est\u00e1n entregando los mercados recogidos en \u2018Gran Donat\u00f3n Casanare Solidario\u2019\u00bb \u2014 \u25b7 Noticias de Casanare : Martha Cifuentes | Casanare\" src=\"https:\/\/marthacifuentes.com\/portada\/2020\/05\/07\/ya-se-estan-entregando-los-mercados-recogidos-en-gran-donaton-casanare-solidario\/embed\/#?secret=xOYwHFDKFZ\" width=\"600\" height=\"595\" frameborder=\"0\" marginwidth=\"0\" marginheight=\"0\" scrolling=\"no\" sandbox=\"allow-scripts\" data-secret=\"xOYwHFDKFZ\" data-mce-fragment=\"1\"><\/iframe><\/p>\n<p><iframe loading=\"lazy\" class=\"wp-embedded-content\" title=\"\u00abAsesinan ingeniero en posible caso de fleteo en Yopal.\u00bb \u2014 \u25b7 Noticias de Casanare : Martha Cifuentes | Casanare\" src=\"https:\/\/marthacifuentes.com\/portada\/2020\/05\/06\/asesinan-ingeniero-en-posible-caso-de-fleteo-en-yopal\/embed\/#?secret=88lHzik6ZN\" width=\"600\" height=\"556\" frameborder=\"0\" marginwidth=\"0\" marginheight=\"0\" scrolling=\"no\" sandbox=\"allow-scripts\" data-secret=\"88lHzik6ZN\" data-mce-fragment=\"1\"><\/iframe><\/p>\n<p><iframe loading=\"lazy\" class=\"wp-embedded-content\" title=\"\u00abMasiva renuncia de m\u00e9dicos en Hospital de Aguazul, Casanare\u00bb \u2014 \u25b7 Noticias de Casanare : Martha Cifuentes | Casanare\" src=\"https:\/\/marthacifuentes.com\/portada\/2020\/05\/06\/masiva-renuncia-de-medicos-en-hospital-de-aguazul-casanare\/embed\/#?secret=rMbK9VTxmH\" width=\"600\" height=\"507\" frameborder=\"0\" marginwidth=\"0\" marginheight=\"0\" scrolling=\"no\" sandbox=\"allow-scripts\" data-secret=\"rMbK9VTxmH\" data-mce-fragment=\"1\"><\/iframe><\/p>\n<p><iframe loading=\"lazy\" class=\"wp-embedded-content\" title=\"\u00abEntre el 11 y 25 de mayo habr\u00e1 cuarentena \u201cflexible\u201d en Colombia. Cifras de covid-19 inciertas\u00bb \u2014 \u25b7 Noticias de Casanare : Martha Cifuentes | Casanare\" src=\"https:\/\/marthacifuentes.com\/portada\/2020\/05\/06\/entre-el-11-y-25-de-mayo-habra-cuarentena-flexible-en-colombia-cifras-de-covid-19-inciertas\/embed\/#?secret=OX3s3Y1rvP\" width=\"600\" height=\"574\" frameborder=\"0\" marginwidth=\"0\" marginheight=\"0\" scrolling=\"no\" sandbox=\"allow-scripts\" data-secret=\"OX3s3Y1rvP\" data-mce-fragment=\"1\"><\/iframe><\/p>\n<p><iframe loading=\"lazy\" class=\"wp-embedded-content\" title=\"\u00abMunicipios sin Covid-19 podr\u00e1n reactivar econom\u00eda. En Casanare solo 17 estar\u00edan habilitados\u00bb \u2014 \u25b7 Noticias de Casanare : Martha Cifuentes | Casanare\" src=\"https:\/\/marthacifuentes.com\/portada\/2020\/05\/06\/municipios-sin-covid-19-podran-reactivar-economia-en-casanare-solo-17-estarian-habilitados\/embed\/#?secret=894u653DzB\" width=\"600\" height=\"595\" frameborder=\"0\" marginwidth=\"0\" marginheight=\"0\" scrolling=\"no\" sandbox=\"allow-scripts\" data-secret=\"894u653DzB\" data-mce-fragment=\"1\"><\/iframe><\/p>\n<p><iframe loading=\"lazy\" class=\"wp-embedded-content\" title=\"\u00abContralor\u00eda General interviene contratos de equipos biom\u00e9dicos en Casanare\u00bb \u2014 \u25b7 Noticias de Casanare : Martha Cifuentes | Casanare\" src=\"https:\/\/marthacifuentes.com\/portada\/2020\/05\/05\/contraloria-general-interviene-contratos-de-equipos-biomedicos-en-casanare\/embed\/#?secret=RiCRt7E7Ll\" width=\"600\" height=\"595\" frameborder=\"0\" marginwidth=\"0\" marginheight=\"0\" scrolling=\"no\" sandbox=\"allow-scripts\" data-secret=\"RiCRt7E7Ll\" data-mce-fragment=\"1\"><\/iframe><\/p>\n<p><iframe loading=\"lazy\" class=\"wp-embedded-content\" title=\"\u00abUn secuestro, 3 personas desaparecidas y abigeato en Casanare, generaron Consejo de Seguridad\u00bb \u2014 \u25b7 Noticias de Casanare : Martha Cifuentes | Casanare\" src=\"https:\/\/marthacifuentes.com\/portada\/2020\/05\/05\/un-secuestro-3-personas-desaparecidas-y-abigeato-en-casanare-generaron-consejo-de-seguridad\/embed\/#?secret=dKNarAMVrk\" width=\"600\" height=\"588\" frameborder=\"0\" marginwidth=\"0\" marginheight=\"0\" scrolling=\"no\" sandbox=\"allow-scripts\" data-secret=\"dKNarAMVrk\" data-mce-fragment=\"1\"><\/iframe><\/p>\n<p><iframe loading=\"lazy\" class=\"wp-embedded-content\" title=\"\u00abYa son 5 los polic\u00edas confirmados con coronavirus en Yopal. Esmad en cuarentena\u00bb \u2014 \u25b7 Noticias de Casanare : Martha Cifuentes | Casanare\" src=\"https:\/\/marthacifuentes.com\/portada\/2020\/05\/05\/ya-son-5-los-policias-confirmados-con-coronavirus-en-yopal-esmad-en-cuarentena\/embed\/#?secret=5XbR0dIhr7\" width=\"600\" height=\"595\" frameborder=\"0\" marginwidth=\"0\" marginheight=\"0\" scrolling=\"no\" sandbox=\"allow-scripts\" data-secret=\"5XbR0dIhr7\" data-mce-fragment=\"1\"><\/iframe><\/p>\n<p><iframe loading=\"lazy\" class=\"wp-embedded-content\" title=\"\u00abCasanare suma 20 casos positivos de Covid-19. Hoy se confirm\u00f3 un contagio m\u00e1s.\u00bb \u2014 \u25b7 Noticias de Casanare : Martha Cifuentes | Casanare\" src=\"https:\/\/marthacifuentes.com\/portada\/2020\/05\/04\/casanare-suma-20-casos-positivos-de-covid-19-hoy-se-confirmo-un-contagio-mas\/embed\/#?secret=QQ1BftezW6\" width=\"600\" height=\"580\" frameborder=\"0\" marginwidth=\"0\" marginheight=\"0\" scrolling=\"no\" sandbox=\"allow-scripts\" data-secret=\"QQ1BftezW6\" data-mce-fragment=\"1\"><\/iframe><\/p>\n<p><iframe loading=\"lazy\" class=\"wp-embedded-content\" title=\"\u00abSin rastro de 2 mujeres y hombre desaparecidos hace 10 d\u00edas en Yopal\u00bb \u2014 \u25b7 Noticias de Casanare : Martha Cifuentes | Casanare\" src=\"https:\/\/marthacifuentes.com\/portada\/2020\/05\/04\/sin-rastro-de-2-mujeres-y-hombre-desaparecidos-hace-10-dias-en-yopal\/embed\/#?secret=T5LveiDZHG\" width=\"600\" height=\"606\" frameborder=\"0\" marginwidth=\"0\" marginheight=\"0\" scrolling=\"no\" sandbox=\"allow-scripts\" data-secret=\"T5LveiDZHG\" data-mce-fragment=\"1\"><\/iframe><\/p>\n<p><iframe loading=\"lazy\" class=\"wp-embedded-content\" title=\"\u00abTumultos en entrega de mercados en Alcald\u00eda de Yopal y Gobernaci\u00f3n de Casanare\u00bb \u2014 \u25b7 Noticias de Casanare : Martha Cifuentes | Casanare\" src=\"https:\/\/marthacifuentes.com\/portada\/2020\/05\/02\/tumultos-en-entrega-de-mercados-en-alcaldia-de-yopal-y-gobernacion-de-casanare\/embed\/#?secret=FfkSQw44ZG\" width=\"600\" height=\"587\" frameborder=\"0\" marginwidth=\"0\" marginheight=\"0\" scrolling=\"no\" sandbox=\"allow-scripts\" data-secret=\"FfkSQw44ZG\" data-mce-fragment=\"1\"><\/iframe><\/p>\n<p><iframe loading=\"lazy\" class=\"wp-embedded-content\" title=\"\u00abLos h\u00e9roes de la salud siguen en riesgo por negligencia de las ARL y EPS\u00bb \u2014 \u25b7 Noticias de Casanare : Martha Cifuentes | Casanare\" src=\"https:\/\/marthacifuentes.com\/portada\/2020\/05\/01\/los-heroes-de-la-salud-siguen-en-riesgo-por-negligencia-de-las-arl-y-eps\/embed\/#?secret=Q9Losj7N64\" width=\"600\" height=\"595\" frameborder=\"0\" marginwidth=\"0\" marginheight=\"0\" scrolling=\"no\" sandbox=\"allow-scripts\" data-secret=\"Q9Losj7N64\" data-mce-fragment=\"1\"><\/iframe><\/p>\n<p><iframe loading=\"lazy\" class=\"wp-embedded-content\" title=\"\u00abEn tiempos de covid-19, ancianos venden mamoncillos en la calle en Yopal para sobrevivir\u00bb \u2014 \u25b7 Noticias de Casanare : Martha Cifuentes | Casanare\" src=\"https:\/\/marthacifuentes.com\/portada\/2020\/05\/01\/en-tiempos-de-covid-19-ancianos-venden-mamoncillos-en-la-calle-en-yopal-para-sobrevivir\/embed\/#?secret=qPlcUQTCmA\" width=\"600\" height=\"574\" frameborder=\"0\" marginwidth=\"0\" marginheight=\"0\" scrolling=\"no\" sandbox=\"allow-scripts\" data-secret=\"qPlcUQTCmA\" data-mce-fragment=\"1\"><\/iframe><\/p>\n<p><iframe loading=\"lazy\" class=\"wp-embedded-content\" title=\"\u00abCasanare acumula 18 casos positivos de Coronavirus. Uno en Paz de Ariporo.\u00bb \u2014 \u25b7 Noticias de Casanare : Martha Cifuentes | Casanare\" src=\"https:\/\/marthacifuentes.com\/portada\/2020\/04\/29\/casanare-acumula-18-casos-positivos-de-coronavirus-uno-en-paz-de-ariporo\/embed\/#?secret=VO8xk8zaaV\" width=\"600\" height=\"574\" frameborder=\"0\" marginwidth=\"0\" marginheight=\"0\" scrolling=\"no\" sandbox=\"allow-scripts\" data-secret=\"VO8xk8zaaV\" data-mce-fragment=\"1\"><\/iframe><\/p>\n<p><iframe loading=\"lazy\" class=\"wp-embedded-content\" title=\"\u00abTres polic\u00edas, un habitante de calle y una mujer octogenaria, los nuevos casos de coronavirus en Yopal\u00bb \u2014 \u25b7 Noticias de Casanare : Martha Cifuentes | Casanare\" src=\"https:\/\/marthacifuentes.com\/portada\/2020\/04\/29\/tres-policias-un-habitante-de-calle-y-una-mujer-octogenaria-los-nuevos-casos-de-coronavirus-en-yopal\/embed\/#?secret=iEvBfjyfAF\" width=\"600\" height=\"574\" frameborder=\"0\" marginwidth=\"0\" marginheight=\"0\" scrolling=\"no\" sandbox=\"allow-scripts\" data-secret=\"iEvBfjyfAF\" data-mce-fragment=\"1\"><\/iframe><\/p>\n<p><iframe loading=\"lazy\" class=\"wp-embedded-content\" title=\"\u00abVenezolano, condenado a 9 a\u00f1os de prisi\u00f3n por violar a una mujer en Yopal\u00bb \u2014 \u25b7 Noticias de Casanare : Martha Cifuentes | Casanare\" src=\"https:\/\/marthacifuentes.com\/portada\/2020\/04\/28\/venezolano-condenado-a-9-anos-de-prision-por-violar-a-una-mujer-en-yopal\/embed\/#?secret=LljIsmxFRG\" width=\"600\" height=\"620\" frameborder=\"0\" marginwidth=\"0\" marginheight=\"0\" scrolling=\"no\" sandbox=\"allow-scripts\" data-secret=\"LljIsmxFRG\" data-mce-fragment=\"1\"><\/iframe><\/p>\n<p><iframe loading=\"lazy\" class=\"wp-embedded-content\" title=\"\u00abA un paso de salir de la c\u00e1rcel, hombre es detenido por homicidio\u00bb \u2014 \u25b7 Noticias de Casanare : Martha Cifuentes | Casanare\" src=\"https:\/\/marthacifuentes.com\/portada\/2020\/04\/28\/a-un-paso-de-salir-de-la-carcel-hombre-es-detenido-por-homicidio\/embed\/#?secret=WgwQ5hSnMr\" width=\"600\" height=\"620\" frameborder=\"0\" marginwidth=\"0\" marginheight=\"0\" scrolling=\"no\" sandbox=\"allow-scripts\" data-secret=\"WgwQ5hSnMr\" data-mce-fragment=\"1\"><\/iframe><\/p>\n<p><iframe loading=\"lazy\" class=\"wp-embedded-content\" title=\"\u00abEstablecimientos comerciales de Yopal burlan protocolos de bioseguridad para el coronavirus\u00bb \u2014 \u25b7 Noticias de Casanare : Martha Cifuentes | Casanare\" src=\"https:\/\/marthacifuentes.com\/portada\/2020\/04\/28\/establecimientos-comerciales-de-yopal-burlan-protocolos-de-bioseguridad-para-el-coronavirus\/embed\/#?secret=sObf26seWG\" width=\"600\" height=\"595\" frameborder=\"0\" marginwidth=\"0\" marginheight=\"0\" scrolling=\"no\" sandbox=\"allow-scripts\" data-secret=\"sObf26seWG\" data-mce-fragment=\"1\"><\/iframe><\/p>\n<p><iframe loading=\"lazy\" class=\"wp-embedded-content\" title=\"\u00abTres vendedores ambulantes fueron sancionados por violar la cuarentena en Yopal\u00bb \u2014 \u25b7 Noticias de Casanare : Martha Cifuentes | Casanare\" src=\"https:\/\/marthacifuentes.com\/portada\/2020\/04\/28\/tres-vendedores-ambulantes-fueron-sancionados-por-violar-la-cuarentena-en-yopal\/embed\/#?secret=wJkDuDiPOa\" width=\"600\" height=\"595\" frameborder=\"0\" marginwidth=\"0\" marginheight=\"0\" scrolling=\"no\" sandbox=\"allow-scripts\" data-secret=\"wJkDuDiPOa\" data-mce-fragment=\"1\"><\/iframe><\/p>\n<p><iframe loading=\"lazy\" class=\"wp-embedded-content\" title=\"\u00abJoven que agredi\u00f3 a su madre es procesado por violencia intrafamiliar en Yopal\u00bb \u2014 \u25b7 Noticias de Casanare : Martha Cifuentes | Casanare\" src=\"https:\/\/marthacifuentes.com\/portada\/2020\/04\/28\/joven-que-agredio-a-su-madre-es-procesado-por-violencia-intrafamiliar-en-yopal\/embed\/#?secret=sUZux8p61L\" width=\"600\" height=\"595\" frameborder=\"0\" marginwidth=\"0\" marginheight=\"0\" scrolling=\"no\" sandbox=\"allow-scripts\" data-secret=\"sUZux8p61L\" data-mce-fragment=\"1\"><\/iframe><\/p>\n<p><iframe loading=\"lazy\" class=\"wp-embedded-content\" title=\"\u00abMedidas de reapertura de sectores econ\u00f3micos en Yopal por Covid-19\u00bb \u2014 \u25b7 Noticias de Casanare : Martha Cifuentes | Casanare\" src=\"https:\/\/marthacifuentes.com\/portada\/2020\/04\/27\/medidas-de-reapertura-de-sectores-economicos-en-yopal-por-covid-19\/embed\/#?secret=Kk8z8BRFpT\" width=\"600\" height=\"595\" frameborder=\"0\" marginwidth=\"0\" marginheight=\"0\" scrolling=\"no\" sandbox=\"allow-scripts\" data-secret=\"Kk8z8BRFpT\" data-mce-fragment=\"1\"><\/iframe><\/p>\n<p><iframe loading=\"lazy\" class=\"wp-embedded-content\" title=\"\u00abComandante Polic\u00eda Antisecuestro lidera b\u00fasqueda de ganadero secuestrado en Casanare\u00bb \u2014 \u25b7 Noticias de Casanare : Martha Cifuentes | Casanare\" src=\"https:\/\/marthacifuentes.com\/portada\/2020\/04\/27\/comandante-policia-antisecuestro-lidera-busqueda-de-ganadero-secuestrado-en-casanare\/embed\/#?secret=xCDQYqIbdH\" width=\"600\" height=\"595\" frameborder=\"0\" marginwidth=\"0\" marginheight=\"0\" scrolling=\"no\" sandbox=\"allow-scripts\" data-secret=\"xCDQYqIbdH\" data-mce-fragment=\"1\"><\/iframe><\/p>\n<p><iframe loading=\"lazy\" class=\"wp-embedded-content\" title=\"\u00abConcejo de Yopal a sesiones extras. La Bendici\u00f3n, Plan de Desarrollo y Terminal de Transportes, temas de los proyectos.\u00bb \u2014 \u25b7 Noticias de Casanare : Martha Cifuentes | Casanare\" src=\"https:\/\/marthacifuentes.com\/portada\/2020\/04\/27\/concejo-de-yopal-a-sesiones-extras-la-bendicion-plan-de-desarrollo-y-terminal-de-transportes-temas-de-los-proyectos\/embed\/#?secret=k9y4pP2WC8\" width=\"600\" height=\"648\" frameborder=\"0\" marginwidth=\"0\" marginheight=\"0\" scrolling=\"no\" sandbox=\"allow-scripts\" data-secret=\"k9y4pP2WC8\" data-mce-fragment=\"1\"><\/iframe><\/p>\n<p><iframe loading=\"lazy\" class=\"wp-embedded-content\" title=\"\u00abMunicipios sin Covid-19 podr\u00e1n reactivar econom\u00eda. En Casanare solo 17 estar\u00edan habilitados\u00bb \u2014 \u25b7 Noticias de Casanare : Martha Cifuentes | Casanare\" src=\"https:\/\/marthacifuentes.com\/portada\/2020\/05\/06\/municipios-sin-covid-19-podran-reactivar-economia-en-casanare-solo-17-estarian-habilitados\/embed\/#?secret=894u653DzB\" width=\"600\" height=\"595\" frameborder=\"0\" marginwidth=\"0\" marginheight=\"0\" scrolling=\"no\" sandbox=\"allow-scripts\" data-secret=\"894u653DzB\" data-mce-fragment=\"1\"><\/iframe><\/p>\n<p>&nbsp;<\/p>\n<p>&nbsp;<\/p>\n","protected":false},"excerpt":{"rendered":"<p>Pescadores furtivos, en pleno periodo de veda, est\u00e1n cazando indiscriminadamente con atarraya y arp\u00f3n, el Bagre Valent\u00f3n, en el r\u00edo Cusiana, a la altura de las veredas Chavinave y Macuco en Man\u00ed, Casanare. Vecinos est\u00e1n preocupados porque esta especie es poblaci\u00f3n vulnerable y en v\u00eda de extinci\u00f3n. Piden a Alcald\u00eda medidas. La comunidad ha visto &hellip;<\/p>\n","protected":false},"author":2,"featured_media":23534,"comment_status":"open","ping_status":"open","sticky":false,"template":"","format":"standard","meta":{"om_disable_all_campaigns":false,"_exactmetrics_skip_tracking":false,"_exactmetrics_sitenote_active":false,"_exactmetrics_sitenote_note":"","_exactmetrics_sitenote_category":0,"_monsterinsights_skip_tracking":false,"_monsterinsights_sitenote_active":false,"_monsterinsights_sitenote_note":"","_monsterinsights_sitenote_category":0,"_uf_show_specific_survey":0,"_uf_disable_surveys":false,"_joinchat":[],"footnotes":""},"categories":[147,146,145],"tags":[4391,4392,1400],"class_list":["post-23533","post","type-post","status-publish","format-standard","has-post-thumbnail","hentry","category-actualidad","category-noticias","category-reportajes","tag-caza-de-bagre-valenton-en-rio-cusiana-en-periodo-de-veda","tag-chavinave-macuco-mani-casanare-pesca-de-valenton","tag-noticias-casanare"],"yoast_head":"<!-- This site is optimized with the Yoast SEO plugin v26.1 - https:\/\/yoast.com\/wordpress\/plugins\/seo\/ -->\n<title>Denuncian, en periodo de veda, caza con arp\u00f3n del Valent\u00f3n en r\u00edo del Cusiana en Man\u00ed. - \u25b7 Noticias de Casanare : Martha Cifuentes | Casanare<\/title>\n<meta name=\"robots\" content=\"index, follow, max-snippet:-1, max-image-preview:large, max-video-preview:-1\" \/>\n<link rel=\"canonical\" href=\"https:\/\/marthacifuentes.com\/portada\/denuncian-en-periodo-de-veda-caza-con-arpon-del-valenton-en-rio-del-cusiana-en-mani\/\" \/>\n<meta property=\"og:locale\" content=\"es_ES\" \/>\n<meta property=\"og:type\" content=\"article\" \/>\n<meta property=\"og:title\" content=\"Denuncian, en periodo de veda, caza con arp\u00f3n del Valent\u00f3n en r\u00edo del Cusiana en Man\u00ed. - \u25b7 Noticias de Casanare : Martha Cifuentes | Casanare\" \/>\n<meta property=\"og:description\" content=\"Pescadores furtivos, en pleno periodo de veda, est\u00e1n cazando indiscriminadamente con atarraya y arp\u00f3n, el Bagre Valent\u00f3n, en el r\u00edo Cusiana, a la altura de las veredas Chavinave y Macuco en Man\u00ed, Casanare. Vecinos est\u00e1n preocupados porque esta especie es poblaci\u00f3n vulnerable y en v\u00eda de extinci\u00f3n. Piden a Alcald\u00eda medidas. La comunidad ha visto &hellip;\" \/>\n<meta property=\"og:url\" content=\"https:\/\/marthacifuentes.com\/portada\/denuncian-en-periodo-de-veda-caza-con-arpon-del-valenton-en-rio-del-cusiana-en-mani\/\" \/>\n<meta property=\"og:site_name\" content=\"\u25b7 Noticias de Casanare : Martha Cifuentes | Casanare\" \/>\n<meta property=\"article:published_time\" content=\"2020-05-09T16:29:52+00:00\" \/>\n<meta property=\"og:image\" content=\"https:\/\/marthacifuentes.com\/portada\/wp-content\/uploads\/2020\/05\/WhatsApp-Image-2020-05-09-at-5.32.32-AM.jpeg\" \/>\n\t<meta property=\"og:image:width\" content=\"1080\" \/>\n\t<meta property=\"og:image:height\" content=\"835\" \/>\n\t<meta property=\"og:image:type\" content=\"image\/jpeg\" \/>\n<meta name=\"author\" content=\"Martha Cifuentes\" \/>\n<meta name=\"twitter:card\" content=\"summary_large_image\" \/>\n<meta name=\"twitter:label1\" content=\"Escrito por\" \/>\n\t<meta name=\"twitter:data1\" content=\"Martha Cifuentes\" \/>\n\t<meta name=\"twitter:label2\" content=\"Tiempo de lectura\" \/>\n\t<meta name=\"twitter:data2\" content=\"2 minutos\" \/>\n<script type=\"application\/ld+json\" class=\"yoast-schema-graph\">{\"@context\":\"https:\/\/schema.org\",\"@graph\":[{\"@type\":\"WebPage\",\"@id\":\"https:\/\/marthacifuentes.com\/portada\/denuncian-en-periodo-de-veda-caza-con-arpon-del-valenton-en-rio-del-cusiana-en-mani\/\",\"url\":\"https:\/\/marthacifuentes.com\/portada\/denuncian-en-periodo-de-veda-caza-con-arpon-del-valenton-en-rio-del-cusiana-en-mani\/\",\"name\":\"Denuncian, en periodo de veda, caza con arp\u00f3n del Valent\u00f3n en r\u00edo del Cusiana en Man\u00ed. - \u25b7 Noticias de Casanare : Martha Cifuentes | Casanare\",\"isPartOf\":{\"@id\":\"https:\/\/marthacifuentes.com\/portada\/#website\"},\"primaryImageOfPage\":{\"@id\":\"https:\/\/marthacifuentes.com\/portada\/denuncian-en-periodo-de-veda-caza-con-arpon-del-valenton-en-rio-del-cusiana-en-mani\/#primaryimage\"},\"image\":{\"@id\":\"https:\/\/marthacifuentes.com\/portada\/denuncian-en-periodo-de-veda-caza-con-arpon-del-valenton-en-rio-del-cusiana-en-mani\/#primaryimage\"},\"thumbnailUrl\":\"https:\/\/marthacifuentes.com\/portada\/wp-content\/uploads\/2020\/05\/WhatsApp-Image-2020-05-09-at-5.32.32-AM.jpeg\",\"datePublished\":\"2020-05-09T16:29:52+00:00\",\"author\":{\"@id\":\"https:\/\/marthacifuentes.com\/portada\/#\/schema\/person\/57f53174b991db5f90ff78d58502b714\"},\"breadcrumb\":{\"@id\":\"https:\/\/marthacifuentes.com\/portada\/denuncian-en-periodo-de-veda-caza-con-arpon-del-valenton-en-rio-del-cusiana-en-mani\/#breadcrumb\"},\"inLanguage\":\"es\",\"potentialAction\":[{\"@type\":\"ReadAction\",\"target\":[\"https:\/\/marthacifuentes.com\/portada\/denuncian-en-periodo-de-veda-caza-con-arpon-del-valenton-en-rio-del-cusiana-en-mani\/\"]}]},{\"@type\":\"ImageObject\",\"inLanguage\":\"es\",\"@id\":\"https:\/\/marthacifuentes.com\/portada\/denuncian-en-periodo-de-veda-caza-con-arpon-del-valenton-en-rio-del-cusiana-en-mani\/#primaryimage\",\"url\":\"https:\/\/marthacifuentes.com\/portada\/wp-content\/uploads\/2020\/05\/WhatsApp-Image-2020-05-09-at-5.32.32-AM.jpeg\",\"contentUrl\":\"https:\/\/marthacifuentes.com\/portada\/wp-content\/uploads\/2020\/05\/WhatsApp-Image-2020-05-09-at-5.32.32-AM.jpeg\",\"width\":1080,\"height\":835},{\"@type\":\"BreadcrumbList\",\"@id\":\"https:\/\/marthacifuentes.com\/portada\/denuncian-en-periodo-de-veda-caza-con-arpon-del-valenton-en-rio-del-cusiana-en-mani\/#breadcrumb\",\"itemListElement\":[{\"@type\":\"ListItem\",\"position\":1,\"name\":\"Portada\",\"item\":\"https:\/\/marthacifuentes.com\/portada\/\"},{\"@type\":\"ListItem\",\"position\":2,\"name\":\"Denuncian, en periodo de veda, caza con arp\u00f3n del Valent\u00f3n en r\u00edo del Cusiana en Man\u00ed.\"}]},{\"@type\":\"WebSite\",\"@id\":\"https:\/\/marthacifuentes.com\/portada\/#website\",\"url\":\"https:\/\/marthacifuentes.com\/portada\/\",\"name\":\"\u25b7 Noticias de Casanare : Martha Cifuentes | Casanare\",\"description\":\"Noticias &amp; Contenidos\",\"potentialAction\":[{\"@type\":\"SearchAction\",\"target\":{\"@type\":\"EntryPoint\",\"urlTemplate\":\"https:\/\/marthacifuentes.com\/portada\/?s={search_term_string}\"},\"query-input\":{\"@type\":\"PropertyValueSpecification\",\"valueRequired\":true,\"valueName\":\"search_term_string\"}}],\"inLanguage\":\"es\"},{\"@type\":\"Person\",\"@id\":\"https:\/\/marthacifuentes.com\/portada\/#\/schema\/person\/57f53174b991db5f90ff78d58502b714\",\"name\":\"Martha Cifuentes\",\"image\":{\"@type\":\"ImageObject\",\"inLanguage\":\"es\",\"@id\":\"https:\/\/marthacifuentes.com\/portada\/#\/schema\/person\/image\/\",\"url\":\"http:\/\/marthacifuentes.com\/portada\/wp-content\/uploads\/2018\/06\/avatar_user_2_1528838701-96x96.jpg\",\"contentUrl\":\"http:\/\/marthacifuentes.com\/portada\/wp-content\/uploads\/2018\/06\/avatar_user_2_1528838701-96x96.jpg\",\"caption\":\"Martha Cifuentes\"},\"sameAs\":[\"http:\/\/www.marthacifuentes.com\"],\"url\":\"https:\/\/marthacifuentes.com\/portada\/author\/martha\/\"}]}<\/script>\n<!-- \/ Yoast SEO plugin. -->","yoast_head_json":{"title":"Denuncian, en periodo de veda, caza con arp\u00f3n del Valent\u00f3n en r\u00edo del Cusiana en Man\u00ed. - \u25b7 Noticias de Casanare : Martha Cifuentes | Casanare","robots":{"index":"index","follow":"follow","max-snippet":"max-snippet:-1","max-image-preview":"max-image-preview:large","max-video-preview":"max-video-preview:-1"},"canonical":"https:\/\/marthacifuentes.com\/portada\/denuncian-en-periodo-de-veda-caza-con-arpon-del-valenton-en-rio-del-cusiana-en-mani\/","og_locale":"es_ES","og_type":"article","og_title":"Denuncian, en periodo de veda, caza con arp\u00f3n del Valent\u00f3n en r\u00edo del Cusiana en Man\u00ed. - \u25b7 Noticias de Casanare : Martha Cifuentes | Casanare","og_description":"Pescadores furtivos, en pleno periodo de veda, est\u00e1n cazando indiscriminadamente con atarraya y arp\u00f3n, el Bagre Valent\u00f3n, en el r\u00edo Cusiana, a la altura de las veredas Chavinave y Macuco en Man\u00ed, Casanare. Vecinos est\u00e1n preocupados porque esta especie es poblaci\u00f3n vulnerable y en v\u00eda de extinci\u00f3n. Piden a Alcald\u00eda medidas. La comunidad ha visto &hellip;","og_url":"https:\/\/marthacifuentes.com\/portada\/denuncian-en-periodo-de-veda-caza-con-arpon-del-valenton-en-rio-del-cusiana-en-mani\/","og_site_name":"\u25b7 Noticias de Casanare : Martha Cifuentes | Casanare","article_published_time":"2020-05-09T16:29:52+00:00","og_image":[{"width":1080,"height":835,"url":"https:\/\/marthacifuentes.com\/portada\/wp-content\/uploads\/2020\/05\/WhatsApp-Image-2020-05-09-at-5.32.32-AM.jpeg","type":"image\/jpeg"}],"author":"Martha Cifuentes","twitter_card":"summary_large_image","twitter_misc":{"Escrito por":"Martha Cifuentes","Tiempo de lectura":"2 minutos"},"schema":{"@context":"https:\/\/schema.org","@graph":[{"@type":"WebPage","@id":"https:\/\/marthacifuentes.com\/portada\/denuncian-en-periodo-de-veda-caza-con-arpon-del-valenton-en-rio-del-cusiana-en-mani\/","url":"https:\/\/marthacifuentes.com\/portada\/denuncian-en-periodo-de-veda-caza-con-arpon-del-valenton-en-rio-del-cusiana-en-mani\/","name":"Denuncian, en periodo de veda, caza con arp\u00f3n del Valent\u00f3n en r\u00edo del Cusiana en Man\u00ed. - \u25b7 Noticias de Casanare : Martha Cifuentes | Casanare","isPartOf":{"@id":"https:\/\/marthacifuentes.com\/portada\/#website"},"primaryImageOfPage":{"@id":"https:\/\/marthacifuentes.com\/portada\/denuncian-en-periodo-de-veda-caza-con-arpon-del-valenton-en-rio-del-cusiana-en-mani\/#primaryimage"},"image":{"@id":"https:\/\/marthacifuentes.com\/portada\/denuncian-en-periodo-de-veda-caza-con-arpon-del-valenton-en-rio-del-cusiana-en-mani\/#primaryimage"},"thumbnailUrl":"https:\/\/marthacifuentes.com\/portada\/wp-content\/uploads\/2020\/05\/WhatsApp-Image-2020-05-09-at-5.32.32-AM.jpeg","datePublished":"2020-05-09T16:29:52+00:00","author":{"@id":"https:\/\/marthacifuentes.com\/portada\/#\/schema\/person\/57f53174b991db5f90ff78d58502b714"},"breadcrumb":{"@id":"https:\/\/marthacifuentes.com\/portada\/denuncian-en-periodo-de-veda-caza-con-arpon-del-valenton-en-rio-del-cusiana-en-mani\/#breadcrumb"},"inLanguage":"es","potentialAction":[{"@type":"ReadAction","target":["https:\/\/marthacifuentes.com\/portada\/denuncian-en-periodo-de-veda-caza-con-arpon-del-valenton-en-rio-del-cusiana-en-mani\/"]}]},{"@type":"ImageObject","inLanguage":"es","@id":"https:\/\/marthacifuentes.com\/portada\/denuncian-en-periodo-de-veda-caza-con-arpon-del-valenton-en-rio-del-cusiana-en-mani\/#primaryimage","url":"https:\/\/marthacifuentes.com\/portada\/wp-content\/uploads\/2020\/05\/WhatsApp-Image-2020-05-09-at-5.32.32-AM.jpeg","contentUrl":"https:\/\/marthacifuentes.com\/portada\/wp-content\/uploads\/2020\/05\/WhatsApp-Image-2020-05-09-at-5.32.32-AM.jpeg","width":1080,"height":835},{"@type":"BreadcrumbList","@id":"https:\/\/marthacifuentes.com\/portada\/denuncian-en-periodo-de-veda-caza-con-arpon-del-valenton-en-rio-del-cusiana-en-mani\/#breadcrumb","itemListElement":[{"@type":"ListItem","position":1,"name":"Portada","item":"https:\/\/marthacifuentes.com\/portada\/"},{"@type":"ListItem","position":2,"name":"Denuncian, en periodo de veda, caza con arp\u00f3n del Valent\u00f3n en r\u00edo del Cusiana en Man\u00ed."}]},{"@type":"WebSite","@id":"https:\/\/marthacifuentes.com\/portada\/#website","url":"https:\/\/marthacifuentes.com\/portada\/","name":"\u25b7 Noticias de Casanare : Martha Cifuentes | Casanare","description":"Noticias &amp; Contenidos","potentialAction":[{"@type":"SearchAction","target":{"@type":"EntryPoint","urlTemplate":"https:\/\/marthacifuentes.com\/portada\/?s={search_term_string}"},"query-input":{"@type":"PropertyValueSpecification","valueRequired":true,"valueName":"search_term_string"}}],"inLanguage":"es"},{"@type":"Person","@id":"https:\/\/marthacifuentes.com\/portada\/#\/schema\/person\/57f53174b991db5f90ff78d58502b714","name":"Martha Cifuentes","image":{"@type":"ImageObject","inLanguage":"es","@id":"https:\/\/marthacifuentes.com\/portada\/#\/schema\/person\/image\/","url":"http:\/\/marthacifuentes.com\/portada\/wp-content\/uploads\/2018\/06\/avatar_user_2_1528838701-96x96.jpg","contentUrl":"http:\/\/marthacifuentes.com\/portada\/wp-content\/uploads\/2018\/06\/avatar_user_2_1528838701-96x96.jpg","caption":"Martha Cifuentes"},"sameAs":["http:\/\/www.marthacifuentes.com"],"url":"https:\/\/marthacifuentes.com\/portada\/author\/martha\/"}]}},"_links":{"self":[{"href":"https:\/\/marthacifuentes.com\/portada\/wp-json\/wp\/v2\/posts\/23533","targetHints":{"allow":["GET"]}}],"collection":[{"href":"https:\/\/marthacifuentes.com\/portada\/wp-json\/wp\/v2\/posts"}],"about":[{"href":"https:\/\/marthacifuentes.com\/portada\/wp-json\/wp\/v2\/types\/post"}],"author":[{"embeddable":true,"href":"https:\/\/marthacifuentes.com\/portada\/wp-json\/wp\/v2\/users\/2"}],"replies":[{"embeddable":true,"href":"https:\/\/marthacifuentes.com\/portada\/wp-json\/wp\/v2\/comments?post=23533"}],"version-history":[{"count":0,"href":"https:\/\/marthacifuentes.com\/portada\/wp-json\/wp\/v2\/posts\/23533\/revisions"}],"wp:featuredmedia":[{"embeddable":true,"href":"https:\/\/marthacifuentes.com\/portada\/wp-json\/wp\/v2\/media\/23534"}],"wp:attachment":[{"href":"https:\/\/marthacifuentes.com\/portada\/wp-json\/wp\/v2\/media?parent=23533"}],"wp:term":[{"taxonomy":"category","embeddable":true,"href":"https:\/\/marthacifuentes.com\/portada\/wp-json\/wp\/v2\/categories?post=23533"},{"taxonomy":"post_tag","embeddable":true,"href":"https:\/\/marthacifuentes.com\/portada\/wp-json\/wp\/v2\/tags?post=23533"}],"curies":[{"name":"wp","href":"https:\/\/api.w.org\/{rel}","templated":true}]}}