{"id":23536,"date":"2020-05-09T19:14:51","date_gmt":"2020-05-10T00:14:51","guid":{"rendered":"https:\/\/marthacifuentes.com\/portada\/?p=23536"},"modified":"2020-05-09T19:14:51","modified_gmt":"2020-05-10T00:14:51","slug":"una-mas-corporinoquia-aprobaria-irregularmente-plan-de-accion-cuatrienal","status":"publish","type":"post","link":"https:\/\/marthacifuentes.com\/portada\/una-mas-corporinoquia-aprobaria-irregularmente-plan-de-accion-cuatrienal\/","title":{"rendered":"Una m\u00e1s: Corporinoquia aprobar\u00eda irregularmente plan de acci\u00f3n cuatrienal"},"content":{"rendered":"<p style=\"text-align: justify;\"><strong>Nuevo rev\u00e9s en la Corporinoquia. El Ministerio de Ambiente conceptu\u00f3 que el Plan de Acci\u00f3n para el periodo 2020-2023 de Corporinoquia no puede ser presentado por un director encargado, como es el caso de esta entidad, porque este est\u00e1 ligado al titular que sea elegido. <\/strong><\/p>\n<p style=\"text-align: justify;\">Se conoci\u00f3 que el pr\u00f3ximo lunes 11 de mayo el Consejo Directivo fue convocado por el director encargado Jos\u00e9 Armando Su\u00e1rez, en forma extraordinaria, a las 9 de la ma\u00f1ana, para discutir y aprobar el Plan de Acci\u00f3n que ya hab\u00eda surtido la audiencia p\u00fablica el pasado 16 de abril a trav\u00e9s de una sesi\u00f3n virtual. De llegar a aprobarse, los consejeros podr\u00edan incurrir en faltas disciplinarias al contravenir la legislaci\u00f3n.<\/p>\n<p style=\"text-align: justify;\">Seg\u00fan lo que se infiere del concepto de la Oficina Jur\u00eddica del Ministerio de Ambiente por ahora y mientras se define la situaci\u00f3n jur\u00eddica de la suspendida directora titular elegida, Doris Bernal, los consejeros tendr\u00e1n que continuar con el plan de acci\u00f3n anterior.<\/p>\n<p style=\"text-align: justify;\">El pronunciamiento del Ministerio obedece a la consulta presentada por el secretario general de la Corporaci\u00f3n, Jorge Andr\u00e9s Mari\u00f1o \u00c1lvarez, quien pidi\u00f3 orientaci\u00f3n sobre la pertinencia del plan de acci\u00f3n cuatrienal, que actualmente est\u00e1 en tr\u00e1mite de aprobaci\u00f3n.<\/p>\n<p style=\"text-align: justify;\">En la misiva, de fecha 28 de abril, la jefe de la oficina Jur\u00eddica, Claudia Adalgiza Arias Cuadros, expresa que \u201cEl Plan de Acci\u00f3n Cuatrienal est\u00e1 ligado al director general de la Corporaci\u00f3n, elegido en propiedad y posesionado para un periodo de 4 a\u00f1os en condiciones normales o para el periodo restante cuando quiera que su nombramiento se realice con posterioridad al 1 de enero del a\u00f1o en que deber\u00eda iniciar el respectivo periodo institucional\u201d.<\/p>\n<p style=\"text-align: justify;\">Y enfatiza que \u201cLa presentaci\u00f3n del Plan de Acci\u00f3n de una Corporaci\u00f3n es responsabilidad del director elegido y posesionado en propiedad no del director encargado\u201d.<\/p>\n<p style=\"text-align: justify;\">Explica que el encargo es una situaci\u00f3n administrativa que no tiene periodo definido, solo dura mientras dure la vacancia del cargo; busca cubrir durante el t\u00e9rmino de vacancia el desempe\u00f1o de un empleo y el funcionario encargado tampoco podr\u00e1 ser removido del encargo porque no se cumpla con el plan de acci\u00f3n ya que no tiene asignada esa responsabilidad.<\/p>\n<p style=\"text-align: justify;\">Se hace \u00e9nfasis en que el director en propiedad s\u00ed puede ser removido de su cargo por no cumplir con el plan de acci\u00f3n pero no un director encargado.<\/p>\n<p style=\"text-align: justify;\">El concepto del Ministerio tambi\u00e9n dice que al director interino s\u00ed le corresponde ser el representante legal de la Corporaci\u00f3n y dar cumplimiento a las funciones se\u00f1aladas en las leyes, cumplir con las l\u00edneas estrat\u00e9gicas del Plan de Gesti\u00f3n Ambiental Regional y las prioridades y metas ambientales contempladas en el Plan Nacional de Desarrollo.<\/p>\n<p style=\"text-align: justify;\">\n<p style=\"text-align: justify;\"><strong>Contexto<\/strong><\/p>\n<p style=\"text-align: justify;\">La Corporinoquia cumpli\u00f3 5 meses de inestabilidad administrativa luego de que el Consejo de Estado suspendiera la elecci\u00f3n de la directora elegida el 30 de octubre. (Doris Bernal, exsecretaria privada de la Gobernaci\u00f3n en el periodo de Alirio Barrera).<\/p>\n<p style=\"text-align: justify;\">Posteriormente ese mismo Consejo Directivo el 31 de diciembre eligi\u00f3 a una directora encargada para que comenzar\u00e1 funciones el 1 de enero. Nuevamente el Consejo de Estado orden\u00f3 su suspensi\u00f3n porque esos consejeros no ten\u00edan competencia para elegirla.<\/p>\n<p style=\"text-align: justify;\">Ante esta situaci\u00f3n, el secretario general, Jorge Andr\u00e9s Mari\u00f1o \u00c1lvarez, asumi\u00f3 funciones como director encargado; pero el nuevo Consejo Directivo decidi\u00f3 el 17 de abril no ratificarlo y nombrar al subdirector de planeaci\u00f3n ambiental Jos\u00e9 Armando Su\u00e1rez, como nuevo director interino.<\/p>\n<p style=\"text-align: justify;\">Esta interinidad ha venido afectando el normal funcionamiento de la entidad ambiental y el cumplimiento de su labor misional en temas de permisos y tr\u00e1mites ambientales.<\/p>\n<p style=\"text-align: justify;\">Ahora tambi\u00e9n se complica la situaci\u00f3n financiera de la Corporaci\u00f3n porque los municipios y departamentos se han visto afectados en sus finanzas por el coronavirus y por ende se dejan de hacer los aportes de ley a la entidad.<\/p>\n<p><img loading=\"lazy\" decoding=\"async\" class=\"size-full wp-image-23538 aligncenter\" src=\"https:\/\/marthacifuentes.com\/portada\/wp-content\/uploads\/2020\/05\/concepto-ministerio-de-ambiente-corporinoquia-1.jpg\" alt=\"\" width=\"469\" height=\"627\" srcset=\"https:\/\/marthacifuentes.com\/portada\/wp-content\/uploads\/2020\/05\/concepto-ministerio-de-ambiente-corporinoquia-1.jpg 469w, https:\/\/marthacifuentes.com\/portada\/wp-content\/uploads\/2020\/05\/concepto-ministerio-de-ambiente-corporinoquia-1-224x300.jpg 224w\" sizes=\"auto, (max-width: 469px) 100vw, 469px\" \/><\/p>\n<p><img loading=\"lazy\" decoding=\"async\" class=\"size-full wp-image-23539 aligncenter\" src=\"https:\/\/marthacifuentes.com\/portada\/wp-content\/uploads\/2020\/05\/concepto-ministerio-de-ambiente-corporinoquia-2.jpg\" alt=\"\" width=\"473\" height=\"648\" srcset=\"https:\/\/marthacifuentes.com\/portada\/wp-content\/uploads\/2020\/05\/concepto-ministerio-de-ambiente-corporinoquia-2.jpg 473w, https:\/\/marthacifuentes.com\/portada\/wp-content\/uploads\/2020\/05\/concepto-ministerio-de-ambiente-corporinoquia-2-219x300.jpg 219w\" sizes=\"auto, (max-width: 473px) 100vw, 473px\" \/><\/p>\n<p><img loading=\"lazy\" decoding=\"async\" class=\"size-full wp-image-23540 aligncenter\" src=\"https:\/\/marthacifuentes.com\/portada\/wp-content\/uploads\/2020\/05\/concepto-ministerio-de-ambiente-corporinoquia-3.jpg\" alt=\"\" width=\"473\" height=\"641\" srcset=\"https:\/\/marthacifuentes.com\/portada\/wp-content\/uploads\/2020\/05\/concepto-ministerio-de-ambiente-corporinoquia-3.jpg 473w, https:\/\/marthacifuentes.com\/portada\/wp-content\/uploads\/2020\/05\/concepto-ministerio-de-ambiente-corporinoquia-3-221x300.jpg 221w\" sizes=\"auto, (max-width: 473px) 100vw, 473px\" \/><\/p>\n<h2>Otras noticias\u2026<\/h2>\n<blockquote class=\"wp-embedded-content\" data-secret=\"G2pSkbi10Q\"><p><a href=\"https:\/\/marthacifuentes.com\/portada\/2020\/05\/09\/denuncian-en-periodo-de-veda-caza-con-arpon-del-valenton-en-rio-del-cusiana-en-mani\/\">Denuncian, en periodo de veda, caza con arp\u00f3n del Valent\u00f3n en r\u00edo del Cusiana en Man\u00ed.<\/a><\/p><\/blockquote>\n<p><iframe loading=\"lazy\" class=\"wp-embedded-content\" sandbox=\"allow-scripts\" security=\"restricted\" style=\"position: absolute; clip: rect(1px, 1px, 1px, 1px);\" title=\"\u00abDenuncian, en periodo de veda, caza con arp\u00f3n del Valent\u00f3n en r\u00edo del Cusiana en Man\u00ed.\u00bb \u2014 \u25b7 Noticias de Casanare : Martha Cifuentes | Casanare\" src=\"https:\/\/marthacifuentes.com\/portada\/2020\/05\/09\/denuncian-en-periodo-de-veda-caza-con-arpon-del-valenton-en-rio-del-cusiana-en-mani\/embed\/#?secret=8DiZ7ImeC9#?secret=G2pSkbi10Q\" data-secret=\"G2pSkbi10Q\" width=\"500\" height=\"282\" frameborder=\"0\" marginwidth=\"0\" marginheight=\"0\" scrolling=\"no\"><\/iframe><\/p>\n<p><iframe loading=\"lazy\" class=\"wp-embedded-content\" title=\"\u00abTumultos en bancos obligan a tomar medidas en Yopal\u00bb \u2014 \u25b7 Noticias de Casanare : Martha Cifuentes | Casanare\" src=\"https:\/\/marthacifuentes.com\/portada\/2020\/05\/07\/tumultos-en-bancos-obligan-a-tomar-medidas-en-yopal\/embed\/#?secret=3M2jzFW2TQ\" width=\"600\" height=\"567\" frameborder=\"0\" marginwidth=\"0\" marginheight=\"0\" scrolling=\"no\" sandbox=\"allow-scripts\" data-secret=\"3M2jzFW2TQ\" data-mce-fragment=\"1\"><\/iframe><\/p>\n<p><iframe loading=\"lazy\" class=\"wp-embedded-content\" title=\"\u00abYa se est\u00e1n entregando los mercados recogidos en \u2018Gran Donat\u00f3n Casanare Solidario\u2019\u00bb \u2014 \u25b7 Noticias de Casanare : Martha Cifuentes | Casanare\" src=\"https:\/\/marthacifuentes.com\/portada\/2020\/05\/07\/ya-se-estan-entregando-los-mercados-recogidos-en-gran-donaton-casanare-solidario\/embed\/#?secret=xOYwHFDKFZ\" width=\"600\" height=\"595\" frameborder=\"0\" marginwidth=\"0\" marginheight=\"0\" scrolling=\"no\" sandbox=\"allow-scripts\" data-secret=\"xOYwHFDKFZ\" data-mce-fragment=\"1\"><\/iframe><\/p>\n<p><iframe loading=\"lazy\" class=\"wp-embedded-content\" title=\"\u00abAsesinan ingeniero en posible caso de fleteo en Yopal.\u00bb \u2014 \u25b7 Noticias de Casanare : Martha Cifuentes | Casanare\" src=\"https:\/\/marthacifuentes.com\/portada\/2020\/05\/06\/asesinan-ingeniero-en-posible-caso-de-fleteo-en-yopal\/embed\/#?secret=88lHzik6ZN\" width=\"600\" height=\"556\" frameborder=\"0\" marginwidth=\"0\" marginheight=\"0\" scrolling=\"no\" sandbox=\"allow-scripts\" data-secret=\"88lHzik6ZN\" data-mce-fragment=\"1\"><\/iframe><\/p>\n<p><iframe loading=\"lazy\" class=\"wp-embedded-content\" title=\"\u00abMasiva renuncia de m\u00e9dicos en Hospital de Aguazul, Casanare\u00bb \u2014 \u25b7 Noticias de Casanare : Martha Cifuentes | Casanare\" src=\"https:\/\/marthacifuentes.com\/portada\/2020\/05\/06\/masiva-renuncia-de-medicos-en-hospital-de-aguazul-casanare\/embed\/#?secret=rMbK9VTxmH\" width=\"600\" height=\"507\" frameborder=\"0\" marginwidth=\"0\" marginheight=\"0\" scrolling=\"no\" sandbox=\"allow-scripts\" data-secret=\"rMbK9VTxmH\" data-mce-fragment=\"1\"><\/iframe><\/p>\n<p><iframe loading=\"lazy\" class=\"wp-embedded-content\" title=\"\u00abEntre el 11 y 25 de mayo habr\u00e1 cuarentena \u201cflexible\u201d en Colombia. Cifras de covid-19 inciertas\u00bb \u2014 \u25b7 Noticias de Casanare : Martha Cifuentes | Casanare\" src=\"https:\/\/marthacifuentes.com\/portada\/2020\/05\/06\/entre-el-11-y-25-de-mayo-habra-cuarentena-flexible-en-colombia-cifras-de-covid-19-inciertas\/embed\/#?secret=OX3s3Y1rvP\" width=\"600\" height=\"574\" frameborder=\"0\" marginwidth=\"0\" marginheight=\"0\" scrolling=\"no\" sandbox=\"allow-scripts\" data-secret=\"OX3s3Y1rvP\" data-mce-fragment=\"1\"><\/iframe><\/p>\n<p><iframe loading=\"lazy\" class=\"wp-embedded-content\" title=\"\u00abMunicipios sin Covid-19 podr\u00e1n reactivar econom\u00eda. En Casanare solo 17 estar\u00edan habilitados\u00bb \u2014 \u25b7 Noticias de Casanare : Martha Cifuentes | Casanare\" src=\"https:\/\/marthacifuentes.com\/portada\/2020\/05\/06\/municipios-sin-covid-19-podran-reactivar-economia-en-casanare-solo-17-estarian-habilitados\/embed\/#?secret=894u653DzB\" width=\"600\" height=\"595\" frameborder=\"0\" marginwidth=\"0\" marginheight=\"0\" scrolling=\"no\" sandbox=\"allow-scripts\" data-secret=\"894u653DzB\" data-mce-fragment=\"1\"><\/iframe><\/p>\n<p><iframe loading=\"lazy\" class=\"wp-embedded-content\" title=\"\u00abContralor\u00eda General interviene contratos de equipos biom\u00e9dicos en Casanare\u00bb \u2014 \u25b7 Noticias de Casanare : Martha Cifuentes | Casanare\" src=\"https:\/\/marthacifuentes.com\/portada\/2020\/05\/05\/contraloria-general-interviene-contratos-de-equipos-biomedicos-en-casanare\/embed\/#?secret=RiCRt7E7Ll\" width=\"600\" height=\"595\" frameborder=\"0\" marginwidth=\"0\" marginheight=\"0\" scrolling=\"no\" sandbox=\"allow-scripts\" data-secret=\"RiCRt7E7Ll\" data-mce-fragment=\"1\"><\/iframe><\/p>\n<p><iframe loading=\"lazy\" class=\"wp-embedded-content\" title=\"\u00abUn secuestro, 3 personas desaparecidas y abigeato en Casanare, generaron Consejo de Seguridad\u00bb \u2014 \u25b7 Noticias de Casanare : Martha Cifuentes | Casanare\" src=\"https:\/\/marthacifuentes.com\/portada\/2020\/05\/05\/un-secuestro-3-personas-desaparecidas-y-abigeato-en-casanare-generaron-consejo-de-seguridad\/embed\/#?secret=dKNarAMVrk\" width=\"600\" height=\"588\" frameborder=\"0\" marginwidth=\"0\" marginheight=\"0\" scrolling=\"no\" sandbox=\"allow-scripts\" data-secret=\"dKNarAMVrk\" data-mce-fragment=\"1\"><\/iframe><\/p>\n<p><iframe loading=\"lazy\" class=\"wp-embedded-content\" title=\"\u00abYa son 5 los polic\u00edas confirmados con coronavirus en Yopal. Esmad en cuarentena\u00bb \u2014 \u25b7 Noticias de Casanare : Martha Cifuentes | Casanare\" src=\"https:\/\/marthacifuentes.com\/portada\/2020\/05\/05\/ya-son-5-los-policias-confirmados-con-coronavirus-en-yopal-esmad-en-cuarentena\/embed\/#?secret=5XbR0dIhr7\" width=\"600\" height=\"595\" frameborder=\"0\" marginwidth=\"0\" marginheight=\"0\" scrolling=\"no\" sandbox=\"allow-scripts\" data-secret=\"5XbR0dIhr7\" data-mce-fragment=\"1\"><\/iframe><\/p>\n<p><iframe loading=\"lazy\" class=\"wp-embedded-content\" title=\"\u00abCasanare suma 20 casos positivos de Covid-19. Hoy se confirm\u00f3 un contagio m\u00e1s.\u00bb \u2014 \u25b7 Noticias de Casanare : Martha Cifuentes | Casanare\" src=\"https:\/\/marthacifuentes.com\/portada\/2020\/05\/04\/casanare-suma-20-casos-positivos-de-covid-19-hoy-se-confirmo-un-contagio-mas\/embed\/#?secret=QQ1BftezW6\" width=\"600\" height=\"580\" frameborder=\"0\" marginwidth=\"0\" marginheight=\"0\" scrolling=\"no\" sandbox=\"allow-scripts\" data-secret=\"QQ1BftezW6\" data-mce-fragment=\"1\"><\/iframe><\/p>\n<p><iframe loading=\"lazy\" class=\"wp-embedded-content\" title=\"\u00abSin rastro de 2 mujeres y hombre desaparecidos hace 10 d\u00edas en Yopal\u00bb \u2014 \u25b7 Noticias de Casanare : Martha Cifuentes | Casanare\" src=\"https:\/\/marthacifuentes.com\/portada\/2020\/05\/04\/sin-rastro-de-2-mujeres-y-hombre-desaparecidos-hace-10-dias-en-yopal\/embed\/#?secret=T5LveiDZHG\" width=\"600\" height=\"606\" frameborder=\"0\" marginwidth=\"0\" marginheight=\"0\" scrolling=\"no\" sandbox=\"allow-scripts\" data-secret=\"T5LveiDZHG\" data-mce-fragment=\"1\"><\/iframe><\/p>\n<p><iframe loading=\"lazy\" class=\"wp-embedded-content\" title=\"\u00abTumultos en entrega de mercados en Alcald\u00eda de Yopal y Gobernaci\u00f3n de Casanare\u00bb \u2014 \u25b7 Noticias de Casanare : Martha Cifuentes | Casanare\" src=\"https:\/\/marthacifuentes.com\/portada\/2020\/05\/02\/tumultos-en-entrega-de-mercados-en-alcaldia-de-yopal-y-gobernacion-de-casanare\/embed\/#?secret=FfkSQw44ZG\" width=\"600\" height=\"587\" frameborder=\"0\" marginwidth=\"0\" marginheight=\"0\" scrolling=\"no\" sandbox=\"allow-scripts\" data-secret=\"FfkSQw44ZG\" data-mce-fragment=\"1\"><\/iframe><\/p>\n<p><iframe loading=\"lazy\" class=\"wp-embedded-content\" title=\"\u00abLos h\u00e9roes de la salud siguen en riesgo por negligencia de las ARL y EPS\u00bb \u2014 \u25b7 Noticias de Casanare : Martha Cifuentes | Casanare\" src=\"https:\/\/marthacifuentes.com\/portada\/2020\/05\/01\/los-heroes-de-la-salud-siguen-en-riesgo-por-negligencia-de-las-arl-y-eps\/embed\/#?secret=Q9Losj7N64\" width=\"600\" height=\"595\" frameborder=\"0\" marginwidth=\"0\" marginheight=\"0\" scrolling=\"no\" sandbox=\"allow-scripts\" data-secret=\"Q9Losj7N64\" data-mce-fragment=\"1\"><\/iframe><\/p>\n<p><iframe loading=\"lazy\" class=\"wp-embedded-content\" title=\"\u00abEn tiempos de covid-19, ancianos venden mamoncillos en la calle en Yopal para sobrevivir\u00bb \u2014 \u25b7 Noticias de Casanare : Martha Cifuentes | Casanare\" src=\"https:\/\/marthacifuentes.com\/portada\/2020\/05\/01\/en-tiempos-de-covid-19-ancianos-venden-mamoncillos-en-la-calle-en-yopal-para-sobrevivir\/embed\/#?secret=qPlcUQTCmA\" width=\"600\" height=\"574\" frameborder=\"0\" marginwidth=\"0\" marginheight=\"0\" scrolling=\"no\" sandbox=\"allow-scripts\" data-secret=\"qPlcUQTCmA\" data-mce-fragment=\"1\"><\/iframe><\/p>\n<p><iframe loading=\"lazy\" class=\"wp-embedded-content\" title=\"\u00abCasanare acumula 18 casos positivos de Coronavirus. Uno en Paz de Ariporo.\u00bb \u2014 \u25b7 Noticias de Casanare : Martha Cifuentes | Casanare\" src=\"https:\/\/marthacifuentes.com\/portada\/2020\/04\/29\/casanare-acumula-18-casos-positivos-de-coronavirus-uno-en-paz-de-ariporo\/embed\/#?secret=VO8xk8zaaV\" width=\"600\" height=\"574\" frameborder=\"0\" marginwidth=\"0\" marginheight=\"0\" scrolling=\"no\" sandbox=\"allow-scripts\" data-secret=\"VO8xk8zaaV\" data-mce-fragment=\"1\"><\/iframe><\/p>\n<p><iframe loading=\"lazy\" class=\"wp-embedded-content\" title=\"\u00abTres polic\u00edas, un habitante de calle y una mujer octogenaria, los nuevos casos de coronavirus en Yopal\u00bb \u2014 \u25b7 Noticias de Casanare : Martha Cifuentes | Casanare\" src=\"https:\/\/marthacifuentes.com\/portada\/2020\/04\/29\/tres-policias-un-habitante-de-calle-y-una-mujer-octogenaria-los-nuevos-casos-de-coronavirus-en-yopal\/embed\/#?secret=iEvBfjyfAF\" width=\"600\" height=\"574\" frameborder=\"0\" marginwidth=\"0\" marginheight=\"0\" scrolling=\"no\" sandbox=\"allow-scripts\" data-secret=\"iEvBfjyfAF\" data-mce-fragment=\"1\"><\/iframe><\/p>\n<p><iframe loading=\"lazy\" class=\"wp-embedded-content\" title=\"\u00abVenezolano, condenado a 9 a\u00f1os de prisi\u00f3n por violar a una mujer en Yopal\u00bb \u2014 \u25b7 Noticias de Casanare : Martha Cifuentes | Casanare\" src=\"https:\/\/marthacifuentes.com\/portada\/2020\/04\/28\/venezolano-condenado-a-9-anos-de-prision-por-violar-a-una-mujer-en-yopal\/embed\/#?secret=LljIsmxFRG\" width=\"600\" height=\"620\" frameborder=\"0\" marginwidth=\"0\" marginheight=\"0\" scrolling=\"no\" sandbox=\"allow-scripts\" data-secret=\"LljIsmxFRG\" data-mce-fragment=\"1\"><\/iframe><\/p>\n<p><iframe loading=\"lazy\" class=\"wp-embedded-content\" title=\"\u00abA un paso de salir de la c\u00e1rcel, hombre es detenido por homicidio\u00bb \u2014 \u25b7 Noticias de Casanare : Martha Cifuentes | Casanare\" src=\"https:\/\/marthacifuentes.com\/portada\/2020\/04\/28\/a-un-paso-de-salir-de-la-carcel-hombre-es-detenido-por-homicidio\/embed\/#?secret=WgwQ5hSnMr\" width=\"600\" height=\"620\" frameborder=\"0\" marginwidth=\"0\" marginheight=\"0\" scrolling=\"no\" sandbox=\"allow-scripts\" data-secret=\"WgwQ5hSnMr\" data-mce-fragment=\"1\"><\/iframe><\/p>\n<p><iframe loading=\"lazy\" class=\"wp-embedded-content\" title=\"\u00abEstablecimientos comerciales de Yopal burlan protocolos de bioseguridad para el coronavirus\u00bb \u2014 \u25b7 Noticias de Casanare : Martha Cifuentes | Casanare\" src=\"https:\/\/marthacifuentes.com\/portada\/2020\/04\/28\/establecimientos-comerciales-de-yopal-burlan-protocolos-de-bioseguridad-para-el-coronavirus\/embed\/#?secret=sObf26seWG\" width=\"600\" height=\"595\" frameborder=\"0\" marginwidth=\"0\" marginheight=\"0\" scrolling=\"no\" sandbox=\"allow-scripts\" data-secret=\"sObf26seWG\" data-mce-fragment=\"1\"><\/iframe><\/p>\n<p><iframe loading=\"lazy\" class=\"wp-embedded-content\" title=\"\u00abTres vendedores ambulantes fueron sancionados por violar la cuarentena en Yopal\u00bb \u2014 \u25b7 Noticias de Casanare : Martha Cifuentes | Casanare\" src=\"https:\/\/marthacifuentes.com\/portada\/2020\/04\/28\/tres-vendedores-ambulantes-fueron-sancionados-por-violar-la-cuarentena-en-yopal\/embed\/#?secret=wJkDuDiPOa\" width=\"600\" height=\"595\" frameborder=\"0\" marginwidth=\"0\" marginheight=\"0\" scrolling=\"no\" sandbox=\"allow-scripts\" data-secret=\"wJkDuDiPOa\" data-mce-fragment=\"1\"><\/iframe><\/p>\n<p><iframe loading=\"lazy\" class=\"wp-embedded-content\" title=\"\u00abJoven que agredi\u00f3 a su madre es procesado por violencia intrafamiliar en Yopal\u00bb \u2014 \u25b7 Noticias de Casanare : Martha Cifuentes | Casanare\" src=\"https:\/\/marthacifuentes.com\/portada\/2020\/04\/28\/joven-que-agredio-a-su-madre-es-procesado-por-violencia-intrafamiliar-en-yopal\/embed\/#?secret=sUZux8p61L\" width=\"600\" height=\"595\" frameborder=\"0\" marginwidth=\"0\" marginheight=\"0\" scrolling=\"no\" sandbox=\"allow-scripts\" data-secret=\"sUZux8p61L\" data-mce-fragment=\"1\"><\/iframe><\/p>\n<p><iframe loading=\"lazy\" class=\"wp-embedded-content\" title=\"\u00abMedidas de reapertura de sectores econ\u00f3micos en Yopal por Covid-19\u00bb \u2014 \u25b7 Noticias de Casanare : Martha Cifuentes | Casanare\" src=\"https:\/\/marthacifuentes.com\/portada\/2020\/04\/27\/medidas-de-reapertura-de-sectores-economicos-en-yopal-por-covid-19\/embed\/#?secret=Kk8z8BRFpT\" width=\"600\" height=\"595\" frameborder=\"0\" marginwidth=\"0\" marginheight=\"0\" scrolling=\"no\" sandbox=\"allow-scripts\" data-secret=\"Kk8z8BRFpT\" data-mce-fragment=\"1\"><\/iframe><\/p>\n<p><iframe loading=\"lazy\" class=\"wp-embedded-content\" title=\"\u00abComandante Polic\u00eda Antisecuestro lidera b\u00fasqueda de ganadero secuestrado en Casanare\u00bb \u2014 \u25b7 Noticias de Casanare : Martha Cifuentes | Casanare\" src=\"https:\/\/marthacifuentes.com\/portada\/2020\/04\/27\/comandante-policia-antisecuestro-lidera-busqueda-de-ganadero-secuestrado-en-casanare\/embed\/#?secret=xCDQYqIbdH\" width=\"600\" height=\"595\" frameborder=\"0\" marginwidth=\"0\" marginheight=\"0\" scrolling=\"no\" sandbox=\"allow-scripts\" data-secret=\"xCDQYqIbdH\" data-mce-fragment=\"1\"><\/iframe><\/p>\n<p><iframe loading=\"lazy\" class=\"wp-embedded-content\" title=\"\u00abConcejo de Yopal a sesiones extras. La Bendici\u00f3n, Plan de Desarrollo y Terminal de Transportes, temas de los proyectos.\u00bb \u2014 \u25b7 Noticias de Casanare : Martha Cifuentes | Casanare\" src=\"https:\/\/marthacifuentes.com\/portada\/2020\/04\/27\/concejo-de-yopal-a-sesiones-extras-la-bendicion-plan-de-desarrollo-y-terminal-de-transportes-temas-de-los-proyectos\/embed\/#?secret=k9y4pP2WC8\" width=\"600\" height=\"648\" frameborder=\"0\" marginwidth=\"0\" marginheight=\"0\" scrolling=\"no\" sandbox=\"allow-scripts\" data-secret=\"k9y4pP2WC8\" data-mce-fragment=\"1\"><\/iframe><\/p>\n<p><iframe loading=\"lazy\" class=\"wp-embedded-content\" title=\"\u00abMunicipios sin Covid-19 podr\u00e1n reactivar econom\u00eda. En Casanare solo 17 estar\u00edan habilitados\u00bb \u2014 \u25b7 Noticias de Casanare : Martha Cifuentes | Casanare\" src=\"https:\/\/marthacifuentes.com\/portada\/2020\/05\/06\/municipios-sin-covid-19-podran-reactivar-economia-en-casanare-solo-17-estarian-habilitados\/embed\/#?secret=894u653DzB\" width=\"600\" height=\"595\" frameborder=\"0\" marginwidth=\"0\" marginheight=\"0\" scrolling=\"no\" sandbox=\"allow-scripts\" data-secret=\"894u653DzB\" data-mce-fragment=\"1\"><\/iframe><\/p>\n<p>&nbsp;<\/p>\n","protected":false},"excerpt":{"rendered":"<p>Nuevo rev\u00e9s en la Corporinoquia. El Ministerio de Ambiente conceptu\u00f3 que el Plan de Acci\u00f3n para el periodo 2020-2023 de Corporinoquia no puede ser presentado por un director encargado, como es el caso de esta entidad, porque este est\u00e1 ligado al titular que sea elegido. Se conoci\u00f3 que el pr\u00f3ximo lunes 11 de mayo el &hellip;<\/p>\n","protected":false},"author":2,"featured_media":23537,"comment_status":"open","ping_status":"open","sticky":false,"template":"","format":"standard","meta":{"om_disable_all_campaigns":false,"_exactmetrics_skip_tracking":false,"_exactmetrics_sitenote_active":false,"_exactmetrics_sitenote_note":"","_exactmetrics_sitenote_category":0,"_monsterinsights_skip_tracking":false,"_monsterinsights_sitenote_active":false,"_monsterinsights_sitenote_note":"","_monsterinsights_sitenote_category":0,"_uf_show_specific_survey":0,"_uf_disable_surveys":false,"_joinchat":[],"footnotes":""},"categories":[147,146,145],"tags":[4395,4394,4393,1372],"class_list":["post-23536","post","type-post","status-publish","format-standard","has-post-thumbnail","hentry","category-actualidad","category-noticias","category-reportajes","tag-consejo-directivo-aprobaria-plan-de-accion-de-corporinoquia-irregularmente","tag-consejo-directivo-extraordinario-plan-de-accion-corporinoquia","tag-corporinoquia-plan-de-accion","tag-noticias-de-casanare"],"yoast_head":"<!-- This site is optimized with the Yoast SEO plugin v26.1 - https:\/\/yoast.com\/wordpress\/plugins\/seo\/ -->\n<title>Una m\u00e1s: Corporinoquia aprobar\u00eda irregularmente plan de acci\u00f3n cuatrienal - \u25b7 Noticias de Casanare : Martha Cifuentes | Casanare<\/title>\n<meta name=\"robots\" content=\"index, follow, max-snippet:-1, max-image-preview:large, max-video-preview:-1\" \/>\n<link rel=\"canonical\" href=\"https:\/\/marthacifuentes.com\/portada\/una-mas-corporinoquia-aprobaria-irregularmente-plan-de-accion-cuatrienal\/\" \/>\n<meta property=\"og:locale\" content=\"es_ES\" \/>\n<meta property=\"og:type\" content=\"article\" \/>\n<meta property=\"og:title\" content=\"Una m\u00e1s: Corporinoquia aprobar\u00eda irregularmente plan de acci\u00f3n cuatrienal - \u25b7 Noticias de Casanare : Martha Cifuentes | Casanare\" \/>\n<meta property=\"og:description\" content=\"Nuevo rev\u00e9s en la Corporinoquia. El Ministerio de Ambiente conceptu\u00f3 que el Plan de Acci\u00f3n para el periodo 2020-2023 de Corporinoquia no puede ser presentado por un director encargado, como es el caso de esta entidad, porque este est\u00e1 ligado al titular que sea elegido. Se conoci\u00f3 que el pr\u00f3ximo lunes 11 de mayo el &hellip;\" \/>\n<meta property=\"og:url\" content=\"https:\/\/marthacifuentes.com\/portada\/una-mas-corporinoquia-aprobaria-irregularmente-plan-de-accion-cuatrienal\/\" \/>\n<meta property=\"og:site_name\" content=\"\u25b7 Noticias de Casanare : Martha Cifuentes | Casanare\" \/>\n<meta property=\"article:published_time\" content=\"2020-05-10T00:14:51+00:00\" \/>\n<meta property=\"og:image\" content=\"https:\/\/marthacifuentes.com\/portada\/wp-content\/uploads\/2020\/05\/corporinoquia-sede.jpeg\" \/>\n\t<meta property=\"og:image:width\" content=\"945\" \/>\n\t<meta property=\"og:image:height\" content=\"632\" \/>\n\t<meta property=\"og:image:type\" content=\"image\/jpeg\" \/>\n<meta name=\"author\" content=\"Martha Cifuentes\" \/>\n<meta name=\"twitter:card\" content=\"summary_large_image\" \/>\n<meta name=\"twitter:label1\" content=\"Escrito por\" \/>\n\t<meta name=\"twitter:data1\" content=\"Martha Cifuentes\" \/>\n\t<meta name=\"twitter:label2\" content=\"Tiempo de lectura\" \/>\n\t<meta name=\"twitter:data2\" content=\"3 minutos\" \/>\n<script type=\"application\/ld+json\" class=\"yoast-schema-graph\">{\"@context\":\"https:\/\/schema.org\",\"@graph\":[{\"@type\":\"WebPage\",\"@id\":\"https:\/\/marthacifuentes.com\/portada\/una-mas-corporinoquia-aprobaria-irregularmente-plan-de-accion-cuatrienal\/\",\"url\":\"https:\/\/marthacifuentes.com\/portada\/una-mas-corporinoquia-aprobaria-irregularmente-plan-de-accion-cuatrienal\/\",\"name\":\"Una m\u00e1s: Corporinoquia aprobar\u00eda irregularmente plan de acci\u00f3n cuatrienal - \u25b7 Noticias de Casanare : Martha Cifuentes | Casanare\",\"isPartOf\":{\"@id\":\"https:\/\/marthacifuentes.com\/portada\/#website\"},\"primaryImageOfPage\":{\"@id\":\"https:\/\/marthacifuentes.com\/portada\/una-mas-corporinoquia-aprobaria-irregularmente-plan-de-accion-cuatrienal\/#primaryimage\"},\"image\":{\"@id\":\"https:\/\/marthacifuentes.com\/portada\/una-mas-corporinoquia-aprobaria-irregularmente-plan-de-accion-cuatrienal\/#primaryimage\"},\"thumbnailUrl\":\"https:\/\/marthacifuentes.com\/portada\/wp-content\/uploads\/2020\/05\/corporinoquia-sede.jpeg\",\"datePublished\":\"2020-05-10T00:14:51+00:00\",\"author\":{\"@id\":\"https:\/\/marthacifuentes.com\/portada\/#\/schema\/person\/57f53174b991db5f90ff78d58502b714\"},\"breadcrumb\":{\"@id\":\"https:\/\/marthacifuentes.com\/portada\/una-mas-corporinoquia-aprobaria-irregularmente-plan-de-accion-cuatrienal\/#breadcrumb\"},\"inLanguage\":\"es\",\"potentialAction\":[{\"@type\":\"ReadAction\",\"target\":[\"https:\/\/marthacifuentes.com\/portada\/una-mas-corporinoquia-aprobaria-irregularmente-plan-de-accion-cuatrienal\/\"]}]},{\"@type\":\"ImageObject\",\"inLanguage\":\"es\",\"@id\":\"https:\/\/marthacifuentes.com\/portada\/una-mas-corporinoquia-aprobaria-irregularmente-plan-de-accion-cuatrienal\/#primaryimage\",\"url\":\"https:\/\/marthacifuentes.com\/portada\/wp-content\/uploads\/2020\/05\/corporinoquia-sede.jpeg\",\"contentUrl\":\"https:\/\/marthacifuentes.com\/portada\/wp-content\/uploads\/2020\/05\/corporinoquia-sede.jpeg\",\"width\":945,\"height\":632},{\"@type\":\"BreadcrumbList\",\"@id\":\"https:\/\/marthacifuentes.com\/portada\/una-mas-corporinoquia-aprobaria-irregularmente-plan-de-accion-cuatrienal\/#breadcrumb\",\"itemListElement\":[{\"@type\":\"ListItem\",\"position\":1,\"name\":\"Portada\",\"item\":\"https:\/\/marthacifuentes.com\/portada\/\"},{\"@type\":\"ListItem\",\"position\":2,\"name\":\"Una m\u00e1s: Corporinoquia aprobar\u00eda irregularmente plan de acci\u00f3n cuatrienal\"}]},{\"@type\":\"WebSite\",\"@id\":\"https:\/\/marthacifuentes.com\/portada\/#website\",\"url\":\"https:\/\/marthacifuentes.com\/portada\/\",\"name\":\"\u25b7 Noticias de Casanare : Martha Cifuentes | Casanare\",\"description\":\"Noticias &amp; Contenidos\",\"potentialAction\":[{\"@type\":\"SearchAction\",\"target\":{\"@type\":\"EntryPoint\",\"urlTemplate\":\"https:\/\/marthacifuentes.com\/portada\/?s={search_term_string}\"},\"query-input\":{\"@type\":\"PropertyValueSpecification\",\"valueRequired\":true,\"valueName\":\"search_term_string\"}}],\"inLanguage\":\"es\"},{\"@type\":\"Person\",\"@id\":\"https:\/\/marthacifuentes.com\/portada\/#\/schema\/person\/57f53174b991db5f90ff78d58502b714\",\"name\":\"Martha Cifuentes\",\"image\":{\"@type\":\"ImageObject\",\"inLanguage\":\"es\",\"@id\":\"https:\/\/marthacifuentes.com\/portada\/#\/schema\/person\/image\/\",\"url\":\"http:\/\/marthacifuentes.com\/portada\/wp-content\/uploads\/2018\/06\/avatar_user_2_1528838701-96x96.jpg\",\"contentUrl\":\"http:\/\/marthacifuentes.com\/portada\/wp-content\/uploads\/2018\/06\/avatar_user_2_1528838701-96x96.jpg\",\"caption\":\"Martha Cifuentes\"},\"sameAs\":[\"http:\/\/www.marthacifuentes.com\"],\"url\":\"https:\/\/marthacifuentes.com\/portada\/author\/martha\/\"}]}<\/script>\n<!-- \/ Yoast SEO plugin. -->","yoast_head_json":{"title":"Una m\u00e1s: Corporinoquia aprobar\u00eda irregularmente plan de acci\u00f3n cuatrienal - \u25b7 Noticias de Casanare : Martha Cifuentes | Casanare","robots":{"index":"index","follow":"follow","max-snippet":"max-snippet:-1","max-image-preview":"max-image-preview:large","max-video-preview":"max-video-preview:-1"},"canonical":"https:\/\/marthacifuentes.com\/portada\/una-mas-corporinoquia-aprobaria-irregularmente-plan-de-accion-cuatrienal\/","og_locale":"es_ES","og_type":"article","og_title":"Una m\u00e1s: Corporinoquia aprobar\u00eda irregularmente plan de acci\u00f3n cuatrienal - \u25b7 Noticias de Casanare : Martha Cifuentes | Casanare","og_description":"Nuevo rev\u00e9s en la Corporinoquia. El Ministerio de Ambiente conceptu\u00f3 que el Plan de Acci\u00f3n para el periodo 2020-2023 de Corporinoquia no puede ser presentado por un director encargado, como es el caso de esta entidad, porque este est\u00e1 ligado al titular que sea elegido. Se conoci\u00f3 que el pr\u00f3ximo lunes 11 de mayo el &hellip;","og_url":"https:\/\/marthacifuentes.com\/portada\/una-mas-corporinoquia-aprobaria-irregularmente-plan-de-accion-cuatrienal\/","og_site_name":"\u25b7 Noticias de Casanare : Martha Cifuentes | Casanare","article_published_time":"2020-05-10T00:14:51+00:00","og_image":[{"width":945,"height":632,"url":"https:\/\/marthacifuentes.com\/portada\/wp-content\/uploads\/2020\/05\/corporinoquia-sede.jpeg","type":"image\/jpeg"}],"author":"Martha Cifuentes","twitter_card":"summary_large_image","twitter_misc":{"Escrito por":"Martha Cifuentes","Tiempo de lectura":"3 minutos"},"schema":{"@context":"https:\/\/schema.org","@graph":[{"@type":"WebPage","@id":"https:\/\/marthacifuentes.com\/portada\/una-mas-corporinoquia-aprobaria-irregularmente-plan-de-accion-cuatrienal\/","url":"https:\/\/marthacifuentes.com\/portada\/una-mas-corporinoquia-aprobaria-irregularmente-plan-de-accion-cuatrienal\/","name":"Una m\u00e1s: Corporinoquia aprobar\u00eda irregularmente plan de acci\u00f3n cuatrienal - \u25b7 Noticias de Casanare : Martha Cifuentes | Casanare","isPartOf":{"@id":"https:\/\/marthacifuentes.com\/portada\/#website"},"primaryImageOfPage":{"@id":"https:\/\/marthacifuentes.com\/portada\/una-mas-corporinoquia-aprobaria-irregularmente-plan-de-accion-cuatrienal\/#primaryimage"},"image":{"@id":"https:\/\/marthacifuentes.com\/portada\/una-mas-corporinoquia-aprobaria-irregularmente-plan-de-accion-cuatrienal\/#primaryimage"},"thumbnailUrl":"https:\/\/marthacifuentes.com\/portada\/wp-content\/uploads\/2020\/05\/corporinoquia-sede.jpeg","datePublished":"2020-05-10T00:14:51+00:00","author":{"@id":"https:\/\/marthacifuentes.com\/portada\/#\/schema\/person\/57f53174b991db5f90ff78d58502b714"},"breadcrumb":{"@id":"https:\/\/marthacifuentes.com\/portada\/una-mas-corporinoquia-aprobaria-irregularmente-plan-de-accion-cuatrienal\/#breadcrumb"},"inLanguage":"es","potentialAction":[{"@type":"ReadAction","target":["https:\/\/marthacifuentes.com\/portada\/una-mas-corporinoquia-aprobaria-irregularmente-plan-de-accion-cuatrienal\/"]}]},{"@type":"ImageObject","inLanguage":"es","@id":"https:\/\/marthacifuentes.com\/portada\/una-mas-corporinoquia-aprobaria-irregularmente-plan-de-accion-cuatrienal\/#primaryimage","url":"https:\/\/marthacifuentes.com\/portada\/wp-content\/uploads\/2020\/05\/corporinoquia-sede.jpeg","contentUrl":"https:\/\/marthacifuentes.com\/portada\/wp-content\/uploads\/2020\/05\/corporinoquia-sede.jpeg","width":945,"height":632},{"@type":"BreadcrumbList","@id":"https:\/\/marthacifuentes.com\/portada\/una-mas-corporinoquia-aprobaria-irregularmente-plan-de-accion-cuatrienal\/#breadcrumb","itemListElement":[{"@type":"ListItem","position":1,"name":"Portada","item":"https:\/\/marthacifuentes.com\/portada\/"},{"@type":"ListItem","position":2,"name":"Una m\u00e1s: Corporinoquia aprobar\u00eda irregularmente plan de acci\u00f3n cuatrienal"}]},{"@type":"WebSite","@id":"https:\/\/marthacifuentes.com\/portada\/#website","url":"https:\/\/marthacifuentes.com\/portada\/","name":"\u25b7 Noticias de Casanare : Martha Cifuentes | Casanare","description":"Noticias &amp; Contenidos","potentialAction":[{"@type":"SearchAction","target":{"@type":"EntryPoint","urlTemplate":"https:\/\/marthacifuentes.com\/portada\/?s={search_term_string}"},"query-input":{"@type":"PropertyValueSpecification","valueRequired":true,"valueName":"search_term_string"}}],"inLanguage":"es"},{"@type":"Person","@id":"https:\/\/marthacifuentes.com\/portada\/#\/schema\/person\/57f53174b991db5f90ff78d58502b714","name":"Martha Cifuentes","image":{"@type":"ImageObject","inLanguage":"es","@id":"https:\/\/marthacifuentes.com\/portada\/#\/schema\/person\/image\/","url":"http:\/\/marthacifuentes.com\/portada\/wp-content\/uploads\/2018\/06\/avatar_user_2_1528838701-96x96.jpg","contentUrl":"http:\/\/marthacifuentes.com\/portada\/wp-content\/uploads\/2018\/06\/avatar_user_2_1528838701-96x96.jpg","caption":"Martha Cifuentes"},"sameAs":["http:\/\/www.marthacifuentes.com"],"url":"https:\/\/marthacifuentes.com\/portada\/author\/martha\/"}]}},"_links":{"self":[{"href":"https:\/\/marthacifuentes.com\/portada\/wp-json\/wp\/v2\/posts\/23536","targetHints":{"allow":["GET"]}}],"collection":[{"href":"https:\/\/marthacifuentes.com\/portada\/wp-json\/wp\/v2\/posts"}],"about":[{"href":"https:\/\/marthacifuentes.com\/portada\/wp-json\/wp\/v2\/types\/post"}],"author":[{"embeddable":true,"href":"https:\/\/marthacifuentes.com\/portada\/wp-json\/wp\/v2\/users\/2"}],"replies":[{"embeddable":true,"href":"https:\/\/marthacifuentes.com\/portada\/wp-json\/wp\/v2\/comments?post=23536"}],"version-history":[{"count":0,"href":"https:\/\/marthacifuentes.com\/portada\/wp-json\/wp\/v2\/posts\/23536\/revisions"}],"wp:featuredmedia":[{"embeddable":true,"href":"https:\/\/marthacifuentes.com\/portada\/wp-json\/wp\/v2\/media\/23537"}],"wp:attachment":[{"href":"https:\/\/marthacifuentes.com\/portada\/wp-json\/wp\/v2\/media?parent=23536"}],"wp:term":[{"taxonomy":"category","embeddable":true,"href":"https:\/\/marthacifuentes.com\/portada\/wp-json\/wp\/v2\/categories?post=23536"},{"taxonomy":"post_tag","embeddable":true,"href":"https:\/\/marthacifuentes.com\/portada\/wp-json\/wp\/v2\/tags?post=23536"}],"curies":[{"name":"wp","href":"https:\/\/api.w.org\/{rel}","templated":true}]}}