{"id":23625,"date":"2020-05-18T11:13:37","date_gmt":"2020-05-18T16:13:37","guid":{"rendered":"https:\/\/marthacifuentes.com\/portada\/?p=23625"},"modified":"2020-05-18T11:14:29","modified_gmt":"2020-05-18T16:14:29","slug":"propuesta-de-bypass-de-ptap-definitiva-de-yopal-pondria-en-riesgo-suministro-de-agua-eaaay","status":"publish","type":"post","link":"https:\/\/marthacifuentes.com\/portada\/propuesta-de-bypass-de-ptap-definitiva-de-yopal-pondria-en-riesgo-suministro-de-agua-eaaay\/","title":{"rendered":"Propuesta de bypass de PTAP definitiva de Yopal pondr\u00eda en riesgo suministro de agua: Eaaay"},"content":{"rendered":"<p style=\"text-align: justify;\"><strong>En riesgo podr\u00eda estar la operaci\u00f3n actual y el \u00fanico sistema de acueducto de Yopal si se realiza la conexi\u00f3n de la tuber\u00eda de 36 pulgadas de la Planta de Tratamiento de Agua Potable definitiva de Yopal a la l\u00ednea de 18 pulgadas, que actualmente conduce el agua a Yopal, desde las plantas modulares, que propone Findeter, revela informe de la direcci\u00f3n T\u00e9cnica de la Empresa de Acueducto, Alcantarillado y Aseo de Yopal. En \u00e9poca de pandemia por coronavirus ser\u00eda mucho m\u00e1s grave.<\/strong><\/p>\n<p style=\"text-align: justify;\">Esta argumentaci\u00f3n hace parte del an\u00e1lisis que entreg\u00f3 el pasado 13 de abril de 2020 la directora t\u00e9cnica de la Eaaay, Dorys Holguin Parra, a la gerencia de la Eaaay, en la que se analiz\u00f3 la alternativa propuesta por Findeter de interconectar la l\u00ednea de 36 pulgadas a la existente de 18 pulgadas del sistema actual del acueducto para probar el funcionamiento de la planta en construcci\u00f3n.<\/p>\n<p style=\"text-align: justify;\">En este se evaluaron los datos de la modelaci\u00f3n hidr\u00e1ulica hechos por la firma Contelac a trav\u00e9s de una consultor\u00eda contratada por Findeter cuyo objeto hace referencia a los estudios y dise\u00f1os de optimizaci\u00f3n hidr\u00e1ulica de las redes de distribuci\u00f3n de agua potable del sistema de acueducto de la ciudad.<\/p>\n<p style=\"text-align: justify;\">De acuerdo con esa propuesta el caudal de agua tratada que ingresar\u00eda al sistema ser\u00eda de 308 lt\/seg de agua producidos en la PTAP definitiva, a trav\u00e9s de la conexi\u00f3n de la l\u00ednea de 36\u201d a la de 18\u201d a la altura del paso elevado de la Quebrada La Vegana, m\u00e1s 116 lt\/seg de agua tratada en la planta modular alterna, que se transportar\u00eda por la l\u00ednea de 16\u201d. Es decir, el caudal total que ingresar\u00eda al sistema ascender\u00eda a 425 lt\/seg, en la hora m\u00e1xima de demanda.<\/p>\n<p style=\"text-align: justify;\">De acuerdo al equipo t\u00e9cnico de la Unidad de Acueducto de la Eaaay, las l\u00edneas de 18 y 16 pulgadas, \u201cpor estar en una zona de deformaci\u00f3n del suelo causada por problemas geot\u00e9cnicos, geol\u00f3gicos y topogr\u00e1ficos\u201d, son muy vulnerables. Esto implica que \u201cel riesgo geol\u00f3gico es alto al querer modificar las condiciones de operaci\u00f3n de la l\u00ednea de conducci\u00f3n de 18\u201d, puntualiza el documento.<\/p>\n<p><img loading=\"lazy\" decoding=\"async\" class=\"size-full wp-image-23628 aligncenter\" src=\"https:\/\/marthacifuentes.com\/portada\/wp-content\/uploads\/2020\/05\/fascimil-informe-tecnico-eaaay-1-vulnerabilidad-1.jpg\" alt=\"\" width=\"912\" height=\"453\" srcset=\"https:\/\/marthacifuentes.com\/portada\/wp-content\/uploads\/2020\/05\/fascimil-informe-tecnico-eaaay-1-vulnerabilidad-1.jpg 912w, https:\/\/marthacifuentes.com\/portada\/wp-content\/uploads\/2020\/05\/fascimil-informe-tecnico-eaaay-1-vulnerabilidad-1-300x149.jpg 300w, https:\/\/marthacifuentes.com\/portada\/wp-content\/uploads\/2020\/05\/fascimil-informe-tecnico-eaaay-1-vulnerabilidad-1-768x381.jpg 768w\" sizes=\"auto, (max-width: 912px) 100vw, 912px\" \/><\/p>\n<p style=\"text-align: justify;\">En el informe se destaca que al ser las \u00fanicas l\u00edneas de conducci\u00f3n del agua que transportan el agua tratada hasta las redes de distribuci\u00f3n de Yopal, donde la de 16\u201d tiene 30 a\u00f1os de uso y la de 18\u201d alrededor de 13 a\u00f1os, se \u201climita a\u00fan m\u00e1s la posibilidad de hacer intervenci\u00f3n en las l\u00edneas de conducci\u00f3n en el evento de buscar una posible conexi\u00f3n de prueba de la l\u00ednea de 36\u201d a la l\u00ednea de 18 pues con ello se generar\u00eda una suspensi\u00f3n en las actividades de conexi\u00f3n y adecuaciones de la l\u00ednea actual (\u2026) y con alto riesgo de afectar la l\u00ednea de 16\u201d que estar\u00eda en operaci\u00f3n y la red de gas existente, ya que dichas tuber\u00edas est\u00e1n instaladas muy cercanas entre s\u00ed (paralelas); situaci\u00f3n que pone en alto riesgo la continuidad del servicio de acueducto a la comunidad de Yopal\u201d.<\/p>\n<p><img loading=\"lazy\" decoding=\"async\" class=\"size-full wp-image-23629 aligncenter\" src=\"https:\/\/marthacifuentes.com\/portada\/wp-content\/uploads\/2020\/05\/fascimil-informe-tecnico-eaaay-1-vulnerabilidad-2.jpg\" alt=\"\" width=\"921\" height=\"918\" srcset=\"https:\/\/marthacifuentes.com\/portada\/wp-content\/uploads\/2020\/05\/fascimil-informe-tecnico-eaaay-1-vulnerabilidad-2.jpg 921w, https:\/\/marthacifuentes.com\/portada\/wp-content\/uploads\/2020\/05\/fascimil-informe-tecnico-eaaay-1-vulnerabilidad-2-300x300.jpg 300w, https:\/\/marthacifuentes.com\/portada\/wp-content\/uploads\/2020\/05\/fascimil-informe-tecnico-eaaay-1-vulnerabilidad-2-150x150.jpg 150w, https:\/\/marthacifuentes.com\/portada\/wp-content\/uploads\/2020\/05\/fascimil-informe-tecnico-eaaay-1-vulnerabilidad-2-768x765.jpg 768w\" sizes=\"auto, (max-width: 921px) 100vw, 921px\" \/><\/p>\n<p style=\"text-align: justify;\">En otro aparte del informe sobre los costos de operaci\u00f3n se expresa textualmente que \u201cPara la direcci\u00f3n t\u00e9cnica la alternativa de operar la planta definitiva con un caudal de 300 lt\/seg no es econ\u00f3mica ni operativamente viable ya que se requerir\u00eda personal adicIonal para ambos sistemas de tratamiento (definitiva y alterno)\u201d.<\/p>\n<p style=\"text-align: justify;\">Finalmente dentro de las recomendaciones del informe t\u00e9cnico de la Eaaay, se expresa que al conectar la PTAP definitiva a la l\u00ednea de 18\u201d se estar\u00eda incumpliendo con lo contemplado en los requisitos t\u00e9cnicos del reglamento del sector de agua potable y saneamiento b\u00e1sico \u2013 Ras.<\/p>\n<p style=\"text-align: justify;\">Igualmente se ratifica que se podr\u00edan presentar fallas inherentes a los c\u00e1lculos hidr\u00e1ulicos (para realizar la prueba de operaci\u00f3n) expuestos por la interventor\u00eda del proyecto Consorcio Llanero 2015, lo que pondr\u00eda en riesgo el servicio de agua para Yopal.<\/p>\n<p style=\"text-align: justify;\">Por todo lo anterior la Direcci\u00f3n T\u00e9cnica afirma que debe darse cumplimiento a la metas f\u00edsicas trazadas en los componentes de captaci\u00f3n (lateral + filtraci\u00f3n ribere\u00f1a), tratamiento y conducci\u00f3n hasta el puente de la Cabuya para tener un sistema funcional y no como plantea la interventor\u00eda del proyecto que cambia las condiciones del dise\u00f1o original del proyecto.<\/p>\n<p><img loading=\"lazy\" decoding=\"async\" class=\"alignnone size-full wp-image-23630 aligncenter\" src=\"https:\/\/marthacifuentes.com\/portada\/wp-content\/uploads\/2020\/05\/RECOMENDACIONES-INFORME-TECNICO-EAAAY-BYPASS.jpg\" alt=\"\" width=\"705\" height=\"867\" srcset=\"https:\/\/marthacifuentes.com\/portada\/wp-content\/uploads\/2020\/05\/RECOMENDACIONES-INFORME-TECNICO-EAAAY-BYPASS.jpg 705w, https:\/\/marthacifuentes.com\/portada\/wp-content\/uploads\/2020\/05\/RECOMENDACIONES-INFORME-TECNICO-EAAAY-BYPASS-244x300.jpg 244w\" sizes=\"auto, (max-width: 705px) 100vw, 705px\" \/><\/p>\n<p><strong><a href=\"https:\/\/marthacifuentes.com\/portada\/wp-content\/uploads\/2020\/05\/INFORME-CONEXIO\u0301N-TUBERIA-36-PTAP-DEFINITIVA-EAAAY.pdf\">INFORME CONEXIO\u0301N TUBERIA 36 PTAP DEFINITIVA EAAAY<\/a><\/strong><\/p>\n<h2>Otras noticias\u2026<\/h2>\n<blockquote class=\"wp-embedded-content\" data-secret=\"5RNi4KiXSR\"><p><a href=\"https:\/\/marthacifuentes.com\/portada\/2020\/05\/16\/en-hoteles-de-yopal-se-podra-hospedar-personal-de-la-salud-que-atiendan-pacientes-con-covid-19\/\">En hoteles de Yopal se podr\u00e1 hospedar personal de la salud que atiendan pacientes con Covid-19<\/a><\/p><\/blockquote>\n<p><iframe loading=\"lazy\" class=\"wp-embedded-content\" sandbox=\"allow-scripts\" security=\"restricted\" style=\"position: absolute; clip: rect(1px, 1px, 1px, 1px);\" title=\"\u00abEn hoteles de Yopal se podr\u00e1 hospedar personal de la salud que atiendan pacientes con Covid-19\u00bb \u2014 \u25b7 Noticias de Casanare : Martha Cifuentes | Casanare\" src=\"https:\/\/marthacifuentes.com\/portada\/2020\/05\/16\/en-hoteles-de-yopal-se-podra-hospedar-personal-de-la-salud-que-atiendan-pacientes-con-covid-19\/embed\/#?secret=X9MaVixpml#?secret=5RNi4KiXSR\" data-secret=\"5RNi4KiXSR\" width=\"500\" height=\"282\" frameborder=\"0\" marginwidth=\"0\" marginheight=\"0\" scrolling=\"no\"><\/iframe><\/p>\n<p><iframe loading=\"lazy\" class=\"wp-embedded-content\" title=\"\u00abNi un pelo se puede cortar en salones de belleza o barber\u00edas en Yopal. No est\u00e1n autorizados a funcionar.\u00bb \u2014 \u25b7 Noticias de Casanare : Martha Cifuentes | Casanare\" src=\"https:\/\/marthacifuentes.com\/portada\/2020\/05\/16\/ni-un-pelo-se-puede-cortar-en-salones-de-belleza-o-barberias-en-yopal-no-estan-autorizados-a-funcionar\/embed\/#?secret=nlo8NHTOAy\" width=\"600\" height=\"595\" frameborder=\"0\" marginwidth=\"0\" marginheight=\"0\" scrolling=\"no\" sandbox=\"allow-scripts\" data-secret=\"nlo8NHTOAy\" data-mce-fragment=\"1\"><\/iframe><\/p>\n<p><iframe loading=\"lazy\" class=\"wp-embedded-content\" title=\"\u00abSe quem\u00f3 \u00e1rea de archivo en Hospital de Aguazul. No hubo heridos.\u00bb \u2014 \u25b7 Noticias de Casanare : Martha Cifuentes | Casanare\" src=\"https:\/\/marthacifuentes.com\/portada\/2020\/05\/15\/se-quemo-area-de-archivo-en-hospital-de-aguazul-no-hubo-heridos\/embed\/#?secret=tRbjxgjzGx\" width=\"600\" height=\"595\" frameborder=\"0\" marginwidth=\"0\" marginheight=\"0\" scrolling=\"no\" sandbox=\"allow-scripts\" data-secret=\"tRbjxgjzGx\" data-mce-fragment=\"1\"><\/iframe><\/p>\n<p><iframe loading=\"lazy\" class=\"wp-embedded-content\" title=\"\u00ab94% de empresarios inspeccionados en Yopal incumplen protocolos de bioseguridad\u00bb \u2014 \u25b7 Noticias de Casanare : Martha Cifuentes | Casanare\" src=\"https:\/\/marthacifuentes.com\/portada\/2020\/05\/15\/94-de-empresarios-inspeccionados-en-yopal-incumplen-protocolos-de-bioseguridad\/embed\/#?secret=5kVEQBl5Oj\" width=\"600\" height=\"595\" frameborder=\"0\" marginwidth=\"0\" marginheight=\"0\" scrolling=\"no\" sandbox=\"allow-scripts\" data-secret=\"5kVEQBl5Oj\" data-mce-fragment=\"1\"><\/iframe><\/p>\n<p><iframe loading=\"lazy\" class=\"wp-embedded-content\" title=\"\u00abAlcald\u00eda de Yopal convoca a adultos mayores que no han reclamado beneficio de IVA \u00a0\u00bb \u2014 \u25b7 Noticias de Casanare : Martha Cifuentes | Casanare\" src=\"https:\/\/marthacifuentes.com\/portada\/2020\/05\/15\/alcaldia-de-yopal-convoca-a-adultos-mayores-que-no-han-reclamado-beneficio-de-iva\/embed\/#?secret=ya81PAnWHm\" width=\"600\" height=\"598\" frameborder=\"0\" marginwidth=\"0\" marginheight=\"0\" scrolling=\"no\" sandbox=\"allow-scripts\" data-secret=\"ya81PAnWHm\" data-mce-fragment=\"1\"><\/iframe><\/p>\n<p><iframe loading=\"lazy\" class=\"wp-embedded-content\" title=\"\u00abObras de la v\u00eda Yopal-Villavicencio reactivadas en un 40%\u00bb \u2014 \u25b7 Noticias de Casanare : Martha Cifuentes | Casanare\" src=\"https:\/\/marthacifuentes.com\/portada\/2020\/05\/15\/obras-de-la-via-yopal-villavicencio-reactivadas-en-un-40\/embed\/#?secret=Jqm47KX473\" width=\"600\" height=\"516\" frameborder=\"0\" marginwidth=\"0\" marginheight=\"0\" scrolling=\"no\" sandbox=\"allow-scripts\" data-secret=\"Jqm47KX473\" data-mce-fragment=\"1\"><\/iframe><\/p>\n<p><iframe loading=\"lazy\" class=\"wp-embedded-content\" title=\"\u00abLo que no se vio en la transmisi\u00f3n en face donde Marco Tulio Ru\u00edz se rasca la barriga\u00bb \u2014 \u25b7 Noticias de Casanare : Martha Cifuentes | Casanare\" src=\"https:\/\/marthacifuentes.com\/portada\/2020\/05\/13\/lo-que-no-se-vio-en-la-transmision-en-face-donde-marco-tulio-ruiz-se-rasca-la-barriga\/embed\/#?secret=z3JsoT02QJ\" width=\"600\" height=\"595\" frameborder=\"0\" marginwidth=\"0\" marginheight=\"0\" scrolling=\"no\" sandbox=\"allow-scripts\" data-secret=\"z3JsoT02QJ\" data-mce-fragment=\"1\"><\/iframe><\/p>\n<p><iframe loading=\"lazy\" class=\"wp-embedded-content\" title=\"\u00abHoro con Pabell\u00f3n Casanare y dotaci\u00f3n biom\u00e9dica enfrentar\u00e1 la covid-19\u00bb \u2014 \u25b7 Noticias de Casanare : Martha Cifuentes | Casanare\" src=\"https:\/\/marthacifuentes.com\/portada\/2020\/05\/13\/horo-con-pabellon-casanare-y-dotacion-biomedica-enfrentara-la-covid-19\/embed\/#?secret=GGJMYooVOC\" width=\"600\" height=\"595\" frameborder=\"0\" marginwidth=\"0\" marginheight=\"0\" scrolling=\"no\" sandbox=\"allow-scripts\" data-secret=\"GGJMYooVOC\" data-mce-fragment=\"1\"><\/iframe><\/p>\n<p><iframe loading=\"lazy\" class=\"wp-embedded-content\" title=\"\u00abM\u00e1s recursos para avanzar en v\u00eda del Cusiana: Inv\u00edas\u00bb \u2014 \u25b7 Noticias de Casanare : Martha Cifuentes | Casanare\" src=\"https:\/\/marthacifuentes.com\/portada\/2020\/05\/13\/mas-recursos-para-avanzar-en-via-del-cusiana-invias\/embed\/#?secret=n7PmDPi0PM\" width=\"600\" height=\"567\" frameborder=\"0\" marginwidth=\"0\" marginheight=\"0\" scrolling=\"no\" sandbox=\"allow-scripts\" data-secret=\"n7PmDPi0PM\" data-mce-fragment=\"1\"><\/iframe><\/p>\n<p><iframe loading=\"lazy\" class=\"wp-embedded-content\" title=\"\u00abAlcald\u00eda analizar\u00e1 conexi\u00f3n temporal de nueva PTAP a l\u00ednea de conducci\u00f3n actual.\u00bb \u2014 \u25b7 Noticias de Casanare : Martha Cifuentes | Casanare\" src=\"https:\/\/marthacifuentes.com\/portada\/2020\/05\/13\/alcaldia-analizara-conexion-temporal-de-nueva-ptap-a-linea-de-conduccion-actual\/embed\/#?secret=49CxFHgC3r\" width=\"600\" height=\"595\" frameborder=\"0\" marginwidth=\"0\" marginheight=\"0\" scrolling=\"no\" sandbox=\"allow-scripts\" data-secret=\"49CxFHgC3r\" data-mce-fragment=\"1\"><\/iframe><\/p>\n<p><iframe loading=\"lazy\" class=\"wp-embedded-content\" title=\"\u00abPalmera San Felipe, Orocu\u00e9, confirma 7 trabajadores positivos en pruebas r\u00e1pidas para Covid-19\u00bb \u2014 \u25b7 Noticias de Casanare : Martha Cifuentes | Casanare\" src=\"https:\/\/marthacifuentes.com\/portada\/2020\/05\/12\/palmera-san-felipe-orocue-confirma-7-trabajadores-positivos-en-pruebas-rapidas-para-covid-19\/embed\/#?secret=nFi0M2u2NZ\" width=\"600\" height=\"595\" frameborder=\"0\" marginwidth=\"0\" marginheight=\"0\" scrolling=\"no\" sandbox=\"allow-scripts\" data-secret=\"nFi0M2u2NZ\" data-mce-fragment=\"1\"><\/iframe><\/p>\n<p><iframe loading=\"lazy\" class=\"wp-embedded-content\" title=\"\u00abFlota Sugamuxi no cumpli\u00f3 protocolos para reabrir la ruta 7 que cubre a Villa Davidd, Yopal\u00bb \u2014 \u25b7 Noticias de Casanare : Martha Cifuentes | Casanare\" src=\"https:\/\/marthacifuentes.com\/portada\/2020\/05\/12\/flota-sugamuxi-no-cumplio-protocolos-para-reabrir-la-ruta-7-que-cubre-a-villa-davidd-yopal\/embed\/#?secret=yVUYHzaUWP\" width=\"600\" height=\"595\" frameborder=\"0\" marginwidth=\"0\" marginheight=\"0\" scrolling=\"no\" sandbox=\"allow-scripts\" data-secret=\"yVUYHzaUWP\" data-mce-fragment=\"1\"><\/iframe><\/p>\n<p><iframe loading=\"lazy\" class=\"wp-embedded-content\" title=\"\u00abSe cay\u00f3 aprobaci\u00f3n del Plan de Acci\u00f3n de Corporinoquia 2020-2023 en Consejo Directivo\u00bb \u2014 \u25b7 Noticias de Casanare : Martha Cifuentes | Casanare\" src=\"https:\/\/marthacifuentes.com\/portada\/2020\/05\/11\/se-cayo-aprobacion-del-plan-de-accion-de-corporinoquia-2020-2023-en-consejo-directivo\/embed\/#?secret=g9jPAWDksy\" width=\"600\" height=\"589\" frameborder=\"0\" marginwidth=\"0\" marginheight=\"0\" scrolling=\"no\" sandbox=\"allow-scripts\" data-secret=\"g9jPAWDksy\" data-mce-fragment=\"1\"><\/iframe><\/p>\n<p><iframe loading=\"lazy\" class=\"wp-embedded-content\" title=\"\u00abA prisi\u00f3n domiciliar\u00eda profesora acusada de asesinar a exesposo en Yopal\u00bb \u2014 \u25b7 Noticias de Casanare : Martha Cifuentes | Casanare\" src=\"https:\/\/marthacifuentes.com\/portada\/2020\/05\/11\/a-prision-domiciliaria-profesora-acusada-de-asesinar-a-exesposo-en-yopal\/embed\/#?secret=Nb2N9E8nSS\" width=\"600\" height=\"603\" frameborder=\"0\" marginwidth=\"0\" marginheight=\"0\" scrolling=\"no\" sandbox=\"allow-scripts\" data-secret=\"Nb2N9E8nSS\" data-mce-fragment=\"1\"><\/iframe><\/p>\n<p><iframe loading=\"lazy\" class=\"wp-embedded-content\" title=\"\u00abC\u00e1mara de Comercio de Casanare pide a Alcald\u00edas y Gobernaci\u00f3n de Casanare mejorar condiciones para empresarios\u00bb \u2014 \u25b7 Noticias de Casanare : Martha Cifuentes | Casanare\" src=\"https:\/\/marthacifuentes.com\/portada\/2020\/05\/11\/camara-de-comercio-de-casanare-pide-a-alcaldias-y-gobernacion-de-casanare-mejorar-condiciones-para-empresarios\/embed\/#?secret=NGXoINspy9\" width=\"600\" height=\"623\" frameborder=\"0\" marginwidth=\"0\" marginheight=\"0\" scrolling=\"no\" sandbox=\"allow-scripts\" data-secret=\"NGXoINspy9\" data-mce-fragment=\"1\"><\/iframe><\/p>\n<p><iframe loading=\"lazy\" class=\"wp-embedded-content\" title=\"\u00abM\u00e1s del 50% de empresarios de Casanare podr\u00e1n reiniciar actividades: CCC\u00bb \u2014 \u25b7 Noticias de Casanare : Martha Cifuentes | Casanare\" src=\"https:\/\/marthacifuentes.com\/portada\/2020\/05\/11\/mas-del-50-de-empresarios-de-casanare-podran-reiniciar-actividades-ccc\/embed\/#?secret=zTji8O0F5Y\" width=\"600\" height=\"595\" frameborder=\"0\" marginwidth=\"0\" marginheight=\"0\" scrolling=\"no\" sandbox=\"allow-scripts\" data-secret=\"zTji8O0F5Y\" data-mce-fragment=\"1\"><\/iframe><\/p>\n<p><iframe loading=\"lazy\" class=\"wp-embedded-content\" title=\"\u00abYopal en cuarentena pero se reabren actividades econ\u00f3micas y ni\u00f1os pueden salir un rato\u00bb \u2014 \u25b7 Noticias de Casanare : Martha Cifuentes | Casanare\" src=\"https:\/\/marthacifuentes.com\/portada\/2020\/05\/11\/yopal-en-cuarentena-pero-se-reabren-actividades-economicas-y-ninos-pueden-salir-un-rato\/embed\/#?secret=QtVdQnJio7\" width=\"600\" height=\"595\" frameborder=\"0\" marginwidth=\"0\" marginheight=\"0\" scrolling=\"no\" sandbox=\"allow-scripts\" data-secret=\"QtVdQnJio7\" data-mce-fragment=\"1\"><\/iframe><\/p>\n<p><iframe loading=\"lazy\" class=\"wp-embedded-content\" title=\"\u00abUna m\u00e1s: Corporinoquia aprobar\u00eda irregularmente plan de acci\u00f3n cuatrienal\u00bb \u2014 \u25b7 Noticias de Casanare : Martha Cifuentes | Casanare\" src=\"https:\/\/marthacifuentes.com\/portada\/2020\/05\/09\/una-mas-corporinoquia-aprobaria-irregularmente-plan-de-accion-cuatrienal\/embed\/#?secret=TKMOWcWGxS\" width=\"600\" height=\"595\" frameborder=\"0\" marginwidth=\"0\" marginheight=\"0\" scrolling=\"no\" sandbox=\"allow-scripts\" data-secret=\"TKMOWcWGxS\" data-mce-fragment=\"1\"><\/iframe><\/p>\n<p><iframe loading=\"lazy\" class=\"wp-embedded-content\" title=\"\u00abDenuncian, en periodo de veda, caza con arp\u00f3n del Valent\u00f3n en r\u00edo del Cusiana en Man\u00ed.\u00bb \u2014 \u25b7 Noticias de Casanare : Martha Cifuentes | Casanare\" src=\"https:\/\/marthacifuentes.com\/portada\/2020\/05\/09\/denuncian-en-periodo-de-veda-caza-con-arpon-del-valenton-en-rio-del-cusiana-en-mani\/embed\/#?secret=W4Ynkw930D\" width=\"600\" height=\"595\" frameborder=\"0\" marginwidth=\"0\" marginheight=\"0\" scrolling=\"no\" sandbox=\"allow-scripts\" data-secret=\"W4Ynkw930D\" data-mce-fragment=\"1\"><\/iframe><\/p>\n<p><iframe loading=\"lazy\" class=\"wp-embedded-content\" title=\"\u00abTumultos en bancos obligan a tomar medidas en Yopal\u00bb \u2014 \u25b7 Noticias de Casanare : Martha Cifuentes | Casanare\" src=\"https:\/\/marthacifuentes.com\/portada\/2020\/05\/07\/tumultos-en-bancos-obligan-a-tomar-medidas-en-yopal\/embed\/#?secret=3M2jzFW2TQ\" width=\"600\" height=\"567\" frameborder=\"0\" marginwidth=\"0\" marginheight=\"0\" scrolling=\"no\" sandbox=\"allow-scripts\" data-secret=\"3M2jzFW2TQ\" data-mce-fragment=\"1\"><\/iframe><\/p>\n<p><iframe loading=\"lazy\" class=\"wp-embedded-content\" title=\"\u00abYa se est\u00e1n entregando los mercados recogidos en \u2018Gran Donat\u00f3n Casanare Solidario\u2019\u00bb \u2014 \u25b7 Noticias de Casanare : Martha Cifuentes | Casanare\" src=\"https:\/\/marthacifuentes.com\/portada\/2020\/05\/07\/ya-se-estan-entregando-los-mercados-recogidos-en-gran-donaton-casanare-solidario\/embed\/#?secret=xOYwHFDKFZ\" width=\"600\" height=\"595\" frameborder=\"0\" marginwidth=\"0\" marginheight=\"0\" scrolling=\"no\" sandbox=\"allow-scripts\" data-secret=\"xOYwHFDKFZ\" data-mce-fragment=\"1\"><\/iframe><\/p>\n<p><iframe loading=\"lazy\" class=\"wp-embedded-content\" title=\"\u00abAsesinan ingeniero en posible caso de fleteo en Yopal.\u00bb \u2014 \u25b7 Noticias de Casanare : Martha Cifuentes | Casanare\" src=\"https:\/\/marthacifuentes.com\/portada\/2020\/05\/06\/asesinan-ingeniero-en-posible-caso-de-fleteo-en-yopal\/embed\/#?secret=88lHzik6ZN\" width=\"600\" height=\"556\" frameborder=\"0\" marginwidth=\"0\" marginheight=\"0\" scrolling=\"no\" sandbox=\"allow-scripts\" data-secret=\"88lHzik6ZN\" data-mce-fragment=\"1\"><\/iframe><\/p>\n<p><iframe loading=\"lazy\" class=\"wp-embedded-content\" title=\"\u00abMasiva renuncia de m\u00e9dicos en Hospital de Aguazul, Casanare\u00bb \u2014 \u25b7 Noticias de Casanare : Martha Cifuentes | Casanare\" src=\"https:\/\/marthacifuentes.com\/portada\/2020\/05\/06\/masiva-renuncia-de-medicos-en-hospital-de-aguazul-casanare\/embed\/#?secret=rMbK9VTxmH\" width=\"600\" height=\"507\" frameborder=\"0\" marginwidth=\"0\" marginheight=\"0\" scrolling=\"no\" sandbox=\"allow-scripts\" data-secret=\"rMbK9VTxmH\" data-mce-fragment=\"1\"><\/iframe><\/p>\n<p><iframe loading=\"lazy\" class=\"wp-embedded-content\" title=\"\u00abEntre el 11 y 25 de mayo habr\u00e1 cuarentena \u201cflexible\u201d en Colombia. Cifras de covid-19 inciertas\u00bb \u2014 \u25b7 Noticias de Casanare : Martha Cifuentes | Casanare\" src=\"https:\/\/marthacifuentes.com\/portada\/2020\/05\/06\/entre-el-11-y-25-de-mayo-habra-cuarentena-flexible-en-colombia-cifras-de-covid-19-inciertas\/embed\/#?secret=OX3s3Y1rvP\" width=\"600\" height=\"574\" frameborder=\"0\" marginwidth=\"0\" marginheight=\"0\" scrolling=\"no\" sandbox=\"allow-scripts\" data-secret=\"OX3s3Y1rvP\" data-mce-fragment=\"1\"><\/iframe><\/p>\n<p><iframe loading=\"lazy\" class=\"wp-embedded-content\" title=\"\u00abMunicipios sin Covid-19 podr\u00e1n reactivar econom\u00eda. En Casanare solo 17 estar\u00edan habilitados\u00bb \u2014 \u25b7 Noticias de Casanare : Martha Cifuentes | Casanare\" src=\"https:\/\/marthacifuentes.com\/portada\/2020\/05\/06\/municipios-sin-covid-19-podran-reactivar-economia-en-casanare-solo-17-estarian-habilitados\/embed\/#?secret=894u653DzB\" width=\"600\" height=\"595\" frameborder=\"0\" marginwidth=\"0\" marginheight=\"0\" scrolling=\"no\" sandbox=\"allow-scripts\" data-secret=\"894u653DzB\" data-mce-fragment=\"1\"><\/iframe><\/p>\n<p><iframe loading=\"lazy\" class=\"wp-embedded-content\" title=\"\u00abContralor\u00eda General interviene contratos de equipos biom\u00e9dicos en Casanare\u00bb \u2014 \u25b7 Noticias de Casanare : Martha Cifuentes | Casanare\" src=\"https:\/\/marthacifuentes.com\/portada\/2020\/05\/05\/contraloria-general-interviene-contratos-de-equipos-biomedicos-en-casanare\/embed\/#?secret=RiCRt7E7Ll\" width=\"600\" height=\"595\" frameborder=\"0\" marginwidth=\"0\" marginheight=\"0\" scrolling=\"no\" sandbox=\"allow-scripts\" data-secret=\"RiCRt7E7Ll\" data-mce-fragment=\"1\"><\/iframe><\/p>\n<p><iframe loading=\"lazy\" class=\"wp-embedded-content\" title=\"\u00abUn secuestro, 3 personas desaparecidas y abigeato en Casanare, generaron Consejo de Seguridad\u00bb \u2014 \u25b7 Noticias de Casanare : Martha Cifuentes | Casanare\" src=\"https:\/\/marthacifuentes.com\/portada\/2020\/05\/05\/un-secuestro-3-personas-desaparecidas-y-abigeato-en-casanare-generaron-consejo-de-seguridad\/embed\/#?secret=dKNarAMVrk\" width=\"600\" height=\"588\" frameborder=\"0\" marginwidth=\"0\" marginheight=\"0\" scrolling=\"no\" sandbox=\"allow-scripts\" data-secret=\"dKNarAMVrk\" data-mce-fragment=\"1\"><\/iframe><\/p>\n<p><iframe loading=\"lazy\" class=\"wp-embedded-content\" title=\"\u00abYa son 5 los polic\u00edas confirmados con coronavirus en Yopal. Esmad en cuarentena\u00bb \u2014 \u25b7 Noticias de Casanare : Martha Cifuentes | Casanare\" src=\"https:\/\/marthacifuentes.com\/portada\/2020\/05\/05\/ya-son-5-los-policias-confirmados-con-coronavirus-en-yopal-esmad-en-cuarentena\/embed\/#?secret=5XbR0dIhr7\" width=\"600\" height=\"595\" frameborder=\"0\" marginwidth=\"0\" marginheight=\"0\" scrolling=\"no\" sandbox=\"allow-scripts\" data-secret=\"5XbR0dIhr7\" data-mce-fragment=\"1\"><\/iframe><\/p>\n<p><iframe loading=\"lazy\" class=\"wp-embedded-content\" title=\"\u00abCasanare suma 20 casos positivos de Covid-19. Hoy se confirm\u00f3 un contagio m\u00e1s.\u00bb \u2014 \u25b7 Noticias de Casanare : Martha Cifuentes | Casanare\" src=\"https:\/\/marthacifuentes.com\/portada\/2020\/05\/04\/casanare-suma-20-casos-positivos-de-covid-19-hoy-se-confirmo-un-contagio-mas\/embed\/#?secret=QQ1BftezW6\" width=\"600\" height=\"580\" frameborder=\"0\" marginwidth=\"0\" marginheight=\"0\" scrolling=\"no\" sandbox=\"allow-scripts\" data-secret=\"QQ1BftezW6\" data-mce-fragment=\"1\"><\/iframe><\/p>\n<p><iframe loading=\"lazy\" class=\"wp-embedded-content\" title=\"\u00abSin rastro de 2 mujeres y hombre desaparecidos hace 10 d\u00edas en Yopal\u00bb \u2014 \u25b7 Noticias de Casanare : Martha Cifuentes | Casanare\" src=\"https:\/\/marthacifuentes.com\/portada\/2020\/05\/04\/sin-rastro-de-2-mujeres-y-hombre-desaparecidos-hace-10-dias-en-yopal\/embed\/#?secret=T5LveiDZHG\" width=\"600\" height=\"606\" frameborder=\"0\" marginwidth=\"0\" marginheight=\"0\" scrolling=\"no\" sandbox=\"allow-scripts\" data-secret=\"T5LveiDZHG\" data-mce-fragment=\"1\"><\/iframe><\/p>\n<p><iframe loading=\"lazy\" class=\"wp-embedded-content\" title=\"\u00abTumultos en entrega de mercados en Alcald\u00eda de Yopal y Gobernaci\u00f3n de Casanare\u00bb \u2014 \u25b7 Noticias de Casanare : Martha Cifuentes | Casanare\" src=\"https:\/\/marthacifuentes.com\/portada\/2020\/05\/02\/tumultos-en-entrega-de-mercados-en-alcaldia-de-yopal-y-gobernacion-de-casanare\/embed\/#?secret=FfkSQw44ZG\" width=\"600\" height=\"587\" frameborder=\"0\" marginwidth=\"0\" marginheight=\"0\" scrolling=\"no\" sandbox=\"allow-scripts\" data-secret=\"FfkSQw44ZG\" data-mce-fragment=\"1\"><\/iframe><\/p>\n<p><iframe loading=\"lazy\" class=\"wp-embedded-content\" title=\"\u00abLos h\u00e9roes de la salud siguen en riesgo por negligencia de las ARL y EPS\u00bb \u2014 \u25b7 Noticias de Casanare : Martha Cifuentes | Casanare\" src=\"https:\/\/marthacifuentes.com\/portada\/2020\/05\/01\/los-heroes-de-la-salud-siguen-en-riesgo-por-negligencia-de-las-arl-y-eps\/embed\/#?secret=Q9Losj7N64\" width=\"600\" height=\"595\" frameborder=\"0\" marginwidth=\"0\" marginheight=\"0\" scrolling=\"no\" sandbox=\"allow-scripts\" data-secret=\"Q9Losj7N64\" data-mce-fragment=\"1\"><\/iframe><\/p>\n","protected":false},"excerpt":{"rendered":"<p>En riesgo podr\u00eda estar la operaci\u00f3n actual y el \u00fanico sistema de acueducto de Yopal si se realiza la conexi\u00f3n de la tuber\u00eda de 36 pulgadas de la Planta de Tratamiento de Agua Potable definitiva de Yopal a la l\u00ednea de 18 pulgadas, que actualmente conduce el agua a Yopal, desde las plantas modulares, que &hellip;<\/p>\n","protected":false},"author":2,"featured_media":23626,"comment_status":"open","ping_status":"open","sticky":false,"template":"","format":"standard","meta":{"om_disable_all_campaigns":false,"_exactmetrics_skip_tracking":false,"_exactmetrics_sitenote_active":false,"_exactmetrics_sitenote_note":"","_exactmetrics_sitenote_category":0,"_monsterinsights_skip_tracking":false,"_monsterinsights_sitenote_active":false,"_monsterinsights_sitenote_note":"","_monsterinsights_sitenote_category":0,"_uf_show_specific_survey":0,"_uf_disable_surveys":false,"_joinchat":[],"footnotes":""},"categories":[147,146,145],"tags":[3468,4479,4478,1374,4477],"class_list":["post-23625","post","type-post","status-publish","format-standard","has-post-thumbnail","hentry","category-actualidad","category-noticias","category-reportajes","tag-eaaay-yopal","tag-empresa-de-acueducto-yopal-findeter-alcaldia-de-yopal","tag-en-peligro-agua-de-yopal-por-propuesta-de-findeter-eaaay","tag-noticias-de-yopal","tag-ptap-definitiva-bypass-linea-de-36-a-18-pulgadas"],"yoast_head":"<!-- This site is optimized with the Yoast SEO plugin v26.1 - https:\/\/yoast.com\/wordpress\/plugins\/seo\/ -->\n<title>Propuesta de bypass de PTAP definitiva de Yopal pondr\u00eda en riesgo suministro de agua: Eaaay - \u25b7 Noticias de Casanare : Martha Cifuentes | Casanare<\/title>\n<meta name=\"robots\" content=\"index, follow, max-snippet:-1, max-image-preview:large, max-video-preview:-1\" \/>\n<link rel=\"canonical\" href=\"https:\/\/marthacifuentes.com\/portada\/propuesta-de-bypass-de-ptap-definitiva-de-yopal-pondria-en-riesgo-suministro-de-agua-eaaay\/\" \/>\n<meta property=\"og:locale\" content=\"es_ES\" \/>\n<meta property=\"og:type\" content=\"article\" \/>\n<meta property=\"og:title\" content=\"Propuesta de bypass de PTAP definitiva de Yopal pondr\u00eda en riesgo suministro de agua: Eaaay - \u25b7 Noticias de Casanare : Martha Cifuentes | Casanare\" \/>\n<meta property=\"og:description\" content=\"En riesgo podr\u00eda estar la operaci\u00f3n actual y el \u00fanico sistema de acueducto de Yopal si se realiza la conexi\u00f3n de la tuber\u00eda de 36 pulgadas de la Planta de Tratamiento de Agua Potable definitiva de Yopal a la l\u00ednea de 18 pulgadas, que actualmente conduce el agua a Yopal, desde las plantas modulares, que &hellip;\" \/>\n<meta property=\"og:url\" content=\"https:\/\/marthacifuentes.com\/portada\/propuesta-de-bypass-de-ptap-definitiva-de-yopal-pondria-en-riesgo-suministro-de-agua-eaaay\/\" \/>\n<meta property=\"og:site_name\" content=\"\u25b7 Noticias de Casanare : Martha Cifuentes | Casanare\" \/>\n<meta property=\"article:published_time\" content=\"2020-05-18T16:13:37+00:00\" \/>\n<meta property=\"article:modified_time\" content=\"2020-05-18T16:14:29+00:00\" \/>\n<meta property=\"og:image\" content=\"https:\/\/marthacifuentes.com\/portada\/wp-content\/uploads\/2020\/05\/WhatsApp-Image-2020-05-14-at-6.20.25-PM-4.jpeg\" \/>\n\t<meta property=\"og:image:width\" content=\"960\" \/>\n\t<meta property=\"og:image:height\" content=\"538\" \/>\n\t<meta property=\"og:image:type\" content=\"image\/jpeg\" \/>\n<meta name=\"author\" content=\"Martha Cifuentes\" \/>\n<meta name=\"twitter:card\" content=\"summary_large_image\" \/>\n<meta name=\"twitter:label1\" content=\"Escrito por\" \/>\n\t<meta name=\"twitter:data1\" content=\"Martha Cifuentes\" \/>\n\t<meta name=\"twitter:label2\" content=\"Tiempo de lectura\" \/>\n\t<meta name=\"twitter:data2\" content=\"4 minutos\" \/>\n<script type=\"application\/ld+json\" class=\"yoast-schema-graph\">{\"@context\":\"https:\/\/schema.org\",\"@graph\":[{\"@type\":\"WebPage\",\"@id\":\"https:\/\/marthacifuentes.com\/portada\/propuesta-de-bypass-de-ptap-definitiva-de-yopal-pondria-en-riesgo-suministro-de-agua-eaaay\/\",\"url\":\"https:\/\/marthacifuentes.com\/portada\/propuesta-de-bypass-de-ptap-definitiva-de-yopal-pondria-en-riesgo-suministro-de-agua-eaaay\/\",\"name\":\"Propuesta de bypass de PTAP definitiva de Yopal pondr\u00eda en riesgo suministro de agua: Eaaay - \u25b7 Noticias de Casanare : Martha Cifuentes | Casanare\",\"isPartOf\":{\"@id\":\"https:\/\/marthacifuentes.com\/portada\/#website\"},\"primaryImageOfPage\":{\"@id\":\"https:\/\/marthacifuentes.com\/portada\/propuesta-de-bypass-de-ptap-definitiva-de-yopal-pondria-en-riesgo-suministro-de-agua-eaaay\/#primaryimage\"},\"image\":{\"@id\":\"https:\/\/marthacifuentes.com\/portada\/propuesta-de-bypass-de-ptap-definitiva-de-yopal-pondria-en-riesgo-suministro-de-agua-eaaay\/#primaryimage\"},\"thumbnailUrl\":\"https:\/\/marthacifuentes.com\/portada\/wp-content\/uploads\/2020\/05\/WhatsApp-Image-2020-05-14-at-6.20.25-PM-4.jpeg\",\"datePublished\":\"2020-05-18T16:13:37+00:00\",\"dateModified\":\"2020-05-18T16:14:29+00:00\",\"author\":{\"@id\":\"https:\/\/marthacifuentes.com\/portada\/#\/schema\/person\/57f53174b991db5f90ff78d58502b714\"},\"breadcrumb\":{\"@id\":\"https:\/\/marthacifuentes.com\/portada\/propuesta-de-bypass-de-ptap-definitiva-de-yopal-pondria-en-riesgo-suministro-de-agua-eaaay\/#breadcrumb\"},\"inLanguage\":\"es\",\"potentialAction\":[{\"@type\":\"ReadAction\",\"target\":[\"https:\/\/marthacifuentes.com\/portada\/propuesta-de-bypass-de-ptap-definitiva-de-yopal-pondria-en-riesgo-suministro-de-agua-eaaay\/\"]}]},{\"@type\":\"ImageObject\",\"inLanguage\":\"es\",\"@id\":\"https:\/\/marthacifuentes.com\/portada\/propuesta-de-bypass-de-ptap-definitiva-de-yopal-pondria-en-riesgo-suministro-de-agua-eaaay\/#primaryimage\",\"url\":\"https:\/\/marthacifuentes.com\/portada\/wp-content\/uploads\/2020\/05\/WhatsApp-Image-2020-05-14-at-6.20.25-PM-4.jpeg\",\"contentUrl\":\"https:\/\/marthacifuentes.com\/portada\/wp-content\/uploads\/2020\/05\/WhatsApp-Image-2020-05-14-at-6.20.25-PM-4.jpeg\",\"width\":960,\"height\":538},{\"@type\":\"BreadcrumbList\",\"@id\":\"https:\/\/marthacifuentes.com\/portada\/propuesta-de-bypass-de-ptap-definitiva-de-yopal-pondria-en-riesgo-suministro-de-agua-eaaay\/#breadcrumb\",\"itemListElement\":[{\"@type\":\"ListItem\",\"position\":1,\"name\":\"Portada\",\"item\":\"https:\/\/marthacifuentes.com\/portada\/\"},{\"@type\":\"ListItem\",\"position\":2,\"name\":\"Propuesta de bypass de PTAP definitiva de Yopal pondr\u00eda en riesgo suministro de agua: Eaaay\"}]},{\"@type\":\"WebSite\",\"@id\":\"https:\/\/marthacifuentes.com\/portada\/#website\",\"url\":\"https:\/\/marthacifuentes.com\/portada\/\",\"name\":\"\u25b7 Noticias de Casanare : Martha Cifuentes | Casanare\",\"description\":\"Noticias &amp; Contenidos\",\"potentialAction\":[{\"@type\":\"SearchAction\",\"target\":{\"@type\":\"EntryPoint\",\"urlTemplate\":\"https:\/\/marthacifuentes.com\/portada\/?s={search_term_string}\"},\"query-input\":{\"@type\":\"PropertyValueSpecification\",\"valueRequired\":true,\"valueName\":\"search_term_string\"}}],\"inLanguage\":\"es\"},{\"@type\":\"Person\",\"@id\":\"https:\/\/marthacifuentes.com\/portada\/#\/schema\/person\/57f53174b991db5f90ff78d58502b714\",\"name\":\"Martha Cifuentes\",\"image\":{\"@type\":\"ImageObject\",\"inLanguage\":\"es\",\"@id\":\"https:\/\/marthacifuentes.com\/portada\/#\/schema\/person\/image\/\",\"url\":\"http:\/\/marthacifuentes.com\/portada\/wp-content\/uploads\/2018\/06\/avatar_user_2_1528838701-96x96.jpg\",\"contentUrl\":\"http:\/\/marthacifuentes.com\/portada\/wp-content\/uploads\/2018\/06\/avatar_user_2_1528838701-96x96.jpg\",\"caption\":\"Martha Cifuentes\"},\"sameAs\":[\"http:\/\/www.marthacifuentes.com\"],\"url\":\"https:\/\/marthacifuentes.com\/portada\/author\/martha\/\"}]}<\/script>\n<!-- \/ Yoast SEO plugin. -->","yoast_head_json":{"title":"Propuesta de bypass de PTAP definitiva de Yopal pondr\u00eda en riesgo suministro de agua: Eaaay - \u25b7 Noticias de Casanare : Martha Cifuentes | Casanare","robots":{"index":"index","follow":"follow","max-snippet":"max-snippet:-1","max-image-preview":"max-image-preview:large","max-video-preview":"max-video-preview:-1"},"canonical":"https:\/\/marthacifuentes.com\/portada\/propuesta-de-bypass-de-ptap-definitiva-de-yopal-pondria-en-riesgo-suministro-de-agua-eaaay\/","og_locale":"es_ES","og_type":"article","og_title":"Propuesta de bypass de PTAP definitiva de Yopal pondr\u00eda en riesgo suministro de agua: Eaaay - \u25b7 Noticias de Casanare : Martha Cifuentes | Casanare","og_description":"En riesgo podr\u00eda estar la operaci\u00f3n actual y el \u00fanico sistema de acueducto de Yopal si se realiza la conexi\u00f3n de la tuber\u00eda de 36 pulgadas de la Planta de Tratamiento de Agua Potable definitiva de Yopal a la l\u00ednea de 18 pulgadas, que actualmente conduce el agua a Yopal, desde las plantas modulares, que &hellip;","og_url":"https:\/\/marthacifuentes.com\/portada\/propuesta-de-bypass-de-ptap-definitiva-de-yopal-pondria-en-riesgo-suministro-de-agua-eaaay\/","og_site_name":"\u25b7 Noticias de Casanare : Martha Cifuentes | Casanare","article_published_time":"2020-05-18T16:13:37+00:00","article_modified_time":"2020-05-18T16:14:29+00:00","og_image":[{"width":960,"height":538,"url":"https:\/\/marthacifuentes.com\/portada\/wp-content\/uploads\/2020\/05\/WhatsApp-Image-2020-05-14-at-6.20.25-PM-4.jpeg","type":"image\/jpeg"}],"author":"Martha Cifuentes","twitter_card":"summary_large_image","twitter_misc":{"Escrito por":"Martha Cifuentes","Tiempo de lectura":"4 minutos"},"schema":{"@context":"https:\/\/schema.org","@graph":[{"@type":"WebPage","@id":"https:\/\/marthacifuentes.com\/portada\/propuesta-de-bypass-de-ptap-definitiva-de-yopal-pondria-en-riesgo-suministro-de-agua-eaaay\/","url":"https:\/\/marthacifuentes.com\/portada\/propuesta-de-bypass-de-ptap-definitiva-de-yopal-pondria-en-riesgo-suministro-de-agua-eaaay\/","name":"Propuesta de bypass de PTAP definitiva de Yopal pondr\u00eda en riesgo suministro de agua: Eaaay - \u25b7 Noticias de Casanare : Martha Cifuentes | Casanare","isPartOf":{"@id":"https:\/\/marthacifuentes.com\/portada\/#website"},"primaryImageOfPage":{"@id":"https:\/\/marthacifuentes.com\/portada\/propuesta-de-bypass-de-ptap-definitiva-de-yopal-pondria-en-riesgo-suministro-de-agua-eaaay\/#primaryimage"},"image":{"@id":"https:\/\/marthacifuentes.com\/portada\/propuesta-de-bypass-de-ptap-definitiva-de-yopal-pondria-en-riesgo-suministro-de-agua-eaaay\/#primaryimage"},"thumbnailUrl":"https:\/\/marthacifuentes.com\/portada\/wp-content\/uploads\/2020\/05\/WhatsApp-Image-2020-05-14-at-6.20.25-PM-4.jpeg","datePublished":"2020-05-18T16:13:37+00:00","dateModified":"2020-05-18T16:14:29+00:00","author":{"@id":"https:\/\/marthacifuentes.com\/portada\/#\/schema\/person\/57f53174b991db5f90ff78d58502b714"},"breadcrumb":{"@id":"https:\/\/marthacifuentes.com\/portada\/propuesta-de-bypass-de-ptap-definitiva-de-yopal-pondria-en-riesgo-suministro-de-agua-eaaay\/#breadcrumb"},"inLanguage":"es","potentialAction":[{"@type":"ReadAction","target":["https:\/\/marthacifuentes.com\/portada\/propuesta-de-bypass-de-ptap-definitiva-de-yopal-pondria-en-riesgo-suministro-de-agua-eaaay\/"]}]},{"@type":"ImageObject","inLanguage":"es","@id":"https:\/\/marthacifuentes.com\/portada\/propuesta-de-bypass-de-ptap-definitiva-de-yopal-pondria-en-riesgo-suministro-de-agua-eaaay\/#primaryimage","url":"https:\/\/marthacifuentes.com\/portada\/wp-content\/uploads\/2020\/05\/WhatsApp-Image-2020-05-14-at-6.20.25-PM-4.jpeg","contentUrl":"https:\/\/marthacifuentes.com\/portada\/wp-content\/uploads\/2020\/05\/WhatsApp-Image-2020-05-14-at-6.20.25-PM-4.jpeg","width":960,"height":538},{"@type":"BreadcrumbList","@id":"https:\/\/marthacifuentes.com\/portada\/propuesta-de-bypass-de-ptap-definitiva-de-yopal-pondria-en-riesgo-suministro-de-agua-eaaay\/#breadcrumb","itemListElement":[{"@type":"ListItem","position":1,"name":"Portada","item":"https:\/\/marthacifuentes.com\/portada\/"},{"@type":"ListItem","position":2,"name":"Propuesta de bypass de PTAP definitiva de Yopal pondr\u00eda en riesgo suministro de agua: Eaaay"}]},{"@type":"WebSite","@id":"https:\/\/marthacifuentes.com\/portada\/#website","url":"https:\/\/marthacifuentes.com\/portada\/","name":"\u25b7 Noticias de Casanare : Martha Cifuentes | Casanare","description":"Noticias &amp; Contenidos","potentialAction":[{"@type":"SearchAction","target":{"@type":"EntryPoint","urlTemplate":"https:\/\/marthacifuentes.com\/portada\/?s={search_term_string}"},"query-input":{"@type":"PropertyValueSpecification","valueRequired":true,"valueName":"search_term_string"}}],"inLanguage":"es"},{"@type":"Person","@id":"https:\/\/marthacifuentes.com\/portada\/#\/schema\/person\/57f53174b991db5f90ff78d58502b714","name":"Martha Cifuentes","image":{"@type":"ImageObject","inLanguage":"es","@id":"https:\/\/marthacifuentes.com\/portada\/#\/schema\/person\/image\/","url":"http:\/\/marthacifuentes.com\/portada\/wp-content\/uploads\/2018\/06\/avatar_user_2_1528838701-96x96.jpg","contentUrl":"http:\/\/marthacifuentes.com\/portada\/wp-content\/uploads\/2018\/06\/avatar_user_2_1528838701-96x96.jpg","caption":"Martha Cifuentes"},"sameAs":["http:\/\/www.marthacifuentes.com"],"url":"https:\/\/marthacifuentes.com\/portada\/author\/martha\/"}]}},"_links":{"self":[{"href":"https:\/\/marthacifuentes.com\/portada\/wp-json\/wp\/v2\/posts\/23625","targetHints":{"allow":["GET"]}}],"collection":[{"href":"https:\/\/marthacifuentes.com\/portada\/wp-json\/wp\/v2\/posts"}],"about":[{"href":"https:\/\/marthacifuentes.com\/portada\/wp-json\/wp\/v2\/types\/post"}],"author":[{"embeddable":true,"href":"https:\/\/marthacifuentes.com\/portada\/wp-json\/wp\/v2\/users\/2"}],"replies":[{"embeddable":true,"href":"https:\/\/marthacifuentes.com\/portada\/wp-json\/wp\/v2\/comments?post=23625"}],"version-history":[{"count":0,"href":"https:\/\/marthacifuentes.com\/portada\/wp-json\/wp\/v2\/posts\/23625\/revisions"}],"wp:featuredmedia":[{"embeddable":true,"href":"https:\/\/marthacifuentes.com\/portada\/wp-json\/wp\/v2\/media\/23626"}],"wp:attachment":[{"href":"https:\/\/marthacifuentes.com\/portada\/wp-json\/wp\/v2\/media?parent=23625"}],"wp:term":[{"taxonomy":"category","embeddable":true,"href":"https:\/\/marthacifuentes.com\/portada\/wp-json\/wp\/v2\/categories?post=23625"},{"taxonomy":"post_tag","embeddable":true,"href":"https:\/\/marthacifuentes.com\/portada\/wp-json\/wp\/v2\/tags?post=23625"}],"curies":[{"name":"wp","href":"https:\/\/api.w.org\/{rel}","templated":true}]}}