{"id":23634,"date":"2020-05-20T08:49:08","date_gmt":"2020-05-20T13:49:08","guid":{"rendered":"https:\/\/marthacifuentes.com\/portada\/?p=23634"},"modified":"2020-05-20T08:49:08","modified_gmt":"2020-05-20T13:49:08","slug":"cuarentena-hasta-el-31-de-mayo-el-24-de-mayo-se-cumplen-2-meses-de-la-medida","status":"publish","type":"post","link":"https:\/\/marthacifuentes.com\/portada\/cuarentena-hasta-el-31-de-mayo-el-24-de-mayo-se-cumplen-2-meses-de-la-medida\/","title":{"rendered":"Cuarentena hasta el 31 de mayo. El 24 de mayo se cumplen 2 meses de la medida."},"content":{"rendered":"<p style=\"text-align: justify;\"><strong>El Presidente Iv\u00e1n Duque M\u00e1rquez anunci\u00f3 la ampliaci\u00f3n del Aislamiento Preventivo Obligatorio en todo el territorio nacional hasta el 31 de mayo. Igualmente dijo que la Emergencia Sanitaria se extender\u00e1 hasta el 31 de agosto, con el fin de enfrentar la pandemia del covid-19. En el pa\u00eds ya suman cerca de 17 mil infectados y m\u00e1s de 600 muertos por el nuevo coronavirus.\u00a0<\/strong><\/p>\n<p style=\"text-align: justify;\">Tambi\u00e9n se anunci\u00f3 que entre el 1\u00b0 y el 30 de junio el pa\u00eds inicia una nueva etapa de la cuarentena, con un Aislamiento Preventivo Inteligente que requiere m\u00e1s disciplina colectiva.<\/p>\n<p style=\"text-align: justify;\">Este aislamiento inteligente implica gradualidad en la recuperaci\u00f3n de la vida productiva, en temas como el comercio, con controles de aforos y protocolos. Y esa gradualidad se va a ir manejando con los respectivos alcaldes.<\/p>\n<p style=\"text-align: justify;\">Tambi\u00e9n en temas como servicios profesionales o servicios m\u00e9dicos no relacionados con el covid-19, y servicio dom\u00e9stico; igualmente aforos, dar pasos en bibliotecas y museos.<\/p>\n<p style=\"text-align: justify;\">Las limitaciones en los temas de transporte p\u00fablico se mantienen. Ning\u00fan sistema de transporte masivo podr\u00e1 operar con m\u00e1s del 35% de su capacidad.<\/p>\n<p style=\"text-align: justify;\">\n<p style=\"text-align: justify;\"><strong>Sobre colegios y universidades<\/strong><\/p>\n<p style=\"text-align: justify;\">Estudiantes de preescolar, b\u00e1sica y media, en los meses de junio y julio, seguir\u00e1n con estudio o trabajo en casa.<\/p>\n<p style=\"text-align: justify;\">Lo propio ocurrir\u00e1 con las universidades en esos meses. Se va a empezar a darle espacio de recuperaci\u00f3n a los temas que tienen que ver con trabajos en laboratorio y con los respectivos protocolos.<\/p>\n<p style=\"text-align: justify;\">La idea es que a partir del mes de agosto empezar a recuperar presencialidad, bajo un modelo de alternatividad.<\/p>\n<p style=\"text-align: justify;\">\n<p style=\"text-align: justify;\"><strong>Trabajo de funcionarios p\u00fablicos<\/strong><\/p>\n<p style=\"text-align: justify;\">El 80% de las entidades deben procurar que sus trabajadores est\u00e9n haciendo trabajo en casa, virtual, remoto. Todo el teletrabajo posible, seg\u00fan recomendaci\u00f3n de los expertos.<\/p>\n<p style=\"text-align: justify;\"><strong>Adultos mayores de 70 a\u00f1os siguen en aislamiento preventivo<\/strong><\/p>\n<p style=\"text-align: justify;\">Los mayores de 70 a\u00f1os, hasta el 30 de\u00a0junio, seguir\u00e1n en Aislamiento Preventivo, pero se analiza que a partir del 1\u00b0 de junio podr\u00edan salir en algunos momentos, con todas las precauciones, con todas las limitaciones y, obviamente, con todo el apoyo de las autoridades locales.<\/p>\n<p style=\"text-align: justify;\">-Lo preferible ser\u00eda que las personas mayores de 70 a\u00f1os permanezcan en sus casas. Sabemos que este ha sido un espacio muy doloroso, inc\u00f3modo para muchos de ellos, pero estas medidas las estamos tomando pensando en su protecci\u00f3n y en su salud.<\/p>\n<p style=\"text-align: justify;\">\n<p style=\"text-align: justify;\"><strong>Fronteras cerradas y restricciones de transporte<\/strong><\/p>\n<p style=\"text-align: justify;\">Siguen las fronteras cerradas, no se habilita transporte intermunicipal entre el 1\u00b0 de junio y el 30 de junio ni tampoco se habilita el transporte a\u00e9reo en el pa\u00eds ni transporte a\u00e9reo internacional.<\/p>\n<p style=\"text-align: justify;\">\n<p style=\"text-align: justify;\"><strong>Vida social, todav\u00eda no<\/strong><\/p>\n<p style=\"text-align: justify;\">Este espacio que empieza entre el 1\u00b0 de junio y el 30 de junio tiene que llevarnos a nosotros a una conciencia: ir recuperando vida productiva m\u00e1s no todav\u00eda vida social.<\/p>\n<p style=\"text-align: justify;\">Quiero hacer \u00e9nfasis en lo siguiente: donde se vayan identificando los casos de alerta, con las autoridades locales estaremos endureciendo todas las medidas para ponerle control a esta enfermedad.<\/p>\n<p style=\"text-align: justify;\">\n<p style=\"text-align: justify;\"><strong>Tapabocas y distanciamiento<\/strong><\/p>\n<p style=\"text-align: justify;\">Se contin\u00faa con la exigencia de tener el tapabocas de manera permanente en los espacios p\u00fablicos y de tener el distanciamiento social, porque sabemos que esta pandemia va a estar presente por un tiempo m\u00e1s largo, es fundamental para salvar vidas.<\/p>\n<h2>Otras noticias\u2026<\/h2>\n<blockquote class=\"wp-embedded-content\" data-secret=\"HY8xQUtvsq\"><p><a href=\"https:\/\/marthacifuentes.com\/portada\/2020\/05\/18\/propuesta-de-bypass-de-ptap-definitiva-de-yopal-pondria-en-riesgo-suministro-de-agua-eaaay\/\">Propuesta de bypass de PTAP definitiva de Yopal pondr\u00eda en riesgo suministro de agua: Eaaay<\/a><\/p><\/blockquote>\n<p><iframe loading=\"lazy\" class=\"wp-embedded-content\" sandbox=\"allow-scripts\" security=\"restricted\" style=\"position: absolute; clip: rect(1px, 1px, 1px, 1px);\" title=\"\u00abPropuesta de bypass de PTAP definitiva de Yopal pondr\u00eda en riesgo suministro de agua: Eaaay\u00bb \u2014 \u25b7 Noticias de Casanare : Martha Cifuentes | Casanare\" src=\"https:\/\/marthacifuentes.com\/portada\/2020\/05\/18\/propuesta-de-bypass-de-ptap-definitiva-de-yopal-pondria-en-riesgo-suministro-de-agua-eaaay\/embed\/#?secret=Ro82Nayaqx#?secret=HY8xQUtvsq\" data-secret=\"HY8xQUtvsq\" width=\"500\" height=\"282\" frameborder=\"0\" marginwidth=\"0\" marginheight=\"0\" scrolling=\"no\"><\/iframe><\/p>\n<p><iframe loading=\"lazy\" class=\"wp-embedded-content\" title=\"\u00abEn hoteles de Yopal se podr\u00e1 hospedar personal de la salud que atiendan pacientes con Covid-19\u00bb \u2014 \u25b7 Noticias de Casanare : Martha Cifuentes | Casanare\" src=\"https:\/\/marthacifuentes.com\/portada\/2020\/05\/16\/en-hoteles-de-yopal-se-podra-hospedar-personal-de-la-salud-que-atiendan-pacientes-con-covid-19\/embed\/#?secret=DznSrB0e0c\" width=\"600\" height=\"542\" frameborder=\"0\" marginwidth=\"0\" marginheight=\"0\" scrolling=\"no\" sandbox=\"allow-scripts\" data-secret=\"DznSrB0e0c\" data-mce-fragment=\"1\"><\/iframe><\/p>\n<p><iframe loading=\"lazy\" class=\"wp-embedded-content\" title=\"\u00abNi un pelo se puede cortar en salones de belleza o barber\u00edas en Yopal. No est\u00e1n autorizados a funcionar.\u00bb \u2014 \u25b7 Noticias de Casanare : Martha Cifuentes | Casanare\" src=\"https:\/\/marthacifuentes.com\/portada\/2020\/05\/16\/ni-un-pelo-se-puede-cortar-en-salones-de-belleza-o-barberias-en-yopal-no-estan-autorizados-a-funcionar\/embed\/#?secret=nlo8NHTOAy\" width=\"600\" height=\"595\" frameborder=\"0\" marginwidth=\"0\" marginheight=\"0\" scrolling=\"no\" sandbox=\"allow-scripts\" data-secret=\"nlo8NHTOAy\" data-mce-fragment=\"1\"><\/iframe><\/p>\n<p><iframe loading=\"lazy\" class=\"wp-embedded-content\" title=\"\u00abSe quem\u00f3 \u00e1rea de archivo en Hospital de Aguazul. No hubo heridos.\u00bb \u2014 \u25b7 Noticias de Casanare : Martha Cifuentes | Casanare\" src=\"https:\/\/marthacifuentes.com\/portada\/2020\/05\/15\/se-quemo-area-de-archivo-en-hospital-de-aguazul-no-hubo-heridos\/embed\/#?secret=tRbjxgjzGx\" width=\"600\" height=\"595\" frameborder=\"0\" marginwidth=\"0\" marginheight=\"0\" scrolling=\"no\" sandbox=\"allow-scripts\" data-secret=\"tRbjxgjzGx\" data-mce-fragment=\"1\"><\/iframe><\/p>\n<p><iframe loading=\"lazy\" class=\"wp-embedded-content\" title=\"\u00ab94% de empresarios inspeccionados en Yopal incumplen protocolos de bioseguridad\u00bb \u2014 \u25b7 Noticias de Casanare : Martha Cifuentes | Casanare\" src=\"https:\/\/marthacifuentes.com\/portada\/2020\/05\/15\/94-de-empresarios-inspeccionados-en-yopal-incumplen-protocolos-de-bioseguridad\/embed\/#?secret=5kVEQBl5Oj\" width=\"600\" height=\"595\" frameborder=\"0\" marginwidth=\"0\" marginheight=\"0\" scrolling=\"no\" sandbox=\"allow-scripts\" data-secret=\"5kVEQBl5Oj\" data-mce-fragment=\"1\"><\/iframe><\/p>\n<p><iframe loading=\"lazy\" class=\"wp-embedded-content\" title=\"\u00abAlcald\u00eda de Yopal convoca a adultos mayores que no han reclamado beneficio de IVA \u00a0\u00bb \u2014 \u25b7 Noticias de Casanare : Martha Cifuentes | Casanare\" src=\"https:\/\/marthacifuentes.com\/portada\/2020\/05\/15\/alcaldia-de-yopal-convoca-a-adultos-mayores-que-no-han-reclamado-beneficio-de-iva\/embed\/#?secret=ya81PAnWHm\" width=\"600\" height=\"598\" frameborder=\"0\" marginwidth=\"0\" marginheight=\"0\" scrolling=\"no\" sandbox=\"allow-scripts\" data-secret=\"ya81PAnWHm\" data-mce-fragment=\"1\"><\/iframe><\/p>\n<p><iframe loading=\"lazy\" class=\"wp-embedded-content\" title=\"\u00abObras de la v\u00eda Yopal-Villavicencio reactivadas en un 40%\u00bb \u2014 \u25b7 Noticias de Casanare : Martha Cifuentes | Casanare\" src=\"https:\/\/marthacifuentes.com\/portada\/2020\/05\/15\/obras-de-la-via-yopal-villavicencio-reactivadas-en-un-40\/embed\/#?secret=Jqm47KX473\" width=\"600\" height=\"516\" frameborder=\"0\" marginwidth=\"0\" marginheight=\"0\" scrolling=\"no\" sandbox=\"allow-scripts\" data-secret=\"Jqm47KX473\" data-mce-fragment=\"1\"><\/iframe><\/p>\n<p><iframe loading=\"lazy\" class=\"wp-embedded-content\" title=\"\u00abLo que no se vio en la transmisi\u00f3n en face donde Marco Tulio Ru\u00edz se rasca la barriga\u00bb \u2014 \u25b7 Noticias de Casanare : Martha Cifuentes | Casanare\" src=\"https:\/\/marthacifuentes.com\/portada\/2020\/05\/13\/lo-que-no-se-vio-en-la-transmision-en-face-donde-marco-tulio-ruiz-se-rasca-la-barriga\/embed\/#?secret=z3JsoT02QJ\" width=\"600\" height=\"595\" frameborder=\"0\" marginwidth=\"0\" marginheight=\"0\" scrolling=\"no\" sandbox=\"allow-scripts\" data-secret=\"z3JsoT02QJ\" data-mce-fragment=\"1\"><\/iframe><\/p>\n<p><iframe loading=\"lazy\" class=\"wp-embedded-content\" title=\"\u00abHoro con Pabell\u00f3n Casanare y dotaci\u00f3n biom\u00e9dica enfrentar\u00e1 la covid-19\u00bb \u2014 \u25b7 Noticias de Casanare : Martha Cifuentes | Casanare\" src=\"https:\/\/marthacifuentes.com\/portada\/2020\/05\/13\/horo-con-pabellon-casanare-y-dotacion-biomedica-enfrentara-la-covid-19\/embed\/#?secret=GGJMYooVOC\" width=\"600\" height=\"595\" frameborder=\"0\" marginwidth=\"0\" marginheight=\"0\" scrolling=\"no\" sandbox=\"allow-scripts\" data-secret=\"GGJMYooVOC\" data-mce-fragment=\"1\"><\/iframe><\/p>\n<p><iframe loading=\"lazy\" class=\"wp-embedded-content\" title=\"\u00abM\u00e1s recursos para avanzar en v\u00eda del Cusiana: Inv\u00edas\u00bb \u2014 \u25b7 Noticias de Casanare : Martha Cifuentes | Casanare\" src=\"https:\/\/marthacifuentes.com\/portada\/2020\/05\/13\/mas-recursos-para-avanzar-en-via-del-cusiana-invias\/embed\/#?secret=n7PmDPi0PM\" width=\"600\" height=\"567\" frameborder=\"0\" marginwidth=\"0\" marginheight=\"0\" scrolling=\"no\" sandbox=\"allow-scripts\" data-secret=\"n7PmDPi0PM\" data-mce-fragment=\"1\"><\/iframe><\/p>\n<p><iframe loading=\"lazy\" class=\"wp-embedded-content\" title=\"\u00abAlcald\u00eda analizar\u00e1 conexi\u00f3n temporal de nueva PTAP a l\u00ednea de conducci\u00f3n actual.\u00bb \u2014 \u25b7 Noticias de Casanare : Martha Cifuentes | Casanare\" src=\"https:\/\/marthacifuentes.com\/portada\/2020\/05\/13\/alcaldia-analizara-conexion-temporal-de-nueva-ptap-a-linea-de-conduccion-actual\/embed\/#?secret=49CxFHgC3r\" width=\"600\" height=\"595\" frameborder=\"0\" marginwidth=\"0\" marginheight=\"0\" scrolling=\"no\" sandbox=\"allow-scripts\" data-secret=\"49CxFHgC3r\" data-mce-fragment=\"1\"><\/iframe><\/p>\n<p><iframe loading=\"lazy\" class=\"wp-embedded-content\" title=\"\u00abPalmera San Felipe, Orocu\u00e9, confirma 7 trabajadores positivos en pruebas r\u00e1pidas para Covid-19\u00bb \u2014 \u25b7 Noticias de Casanare : Martha Cifuentes | Casanare\" src=\"https:\/\/marthacifuentes.com\/portada\/2020\/05\/12\/palmera-san-felipe-orocue-confirma-7-trabajadores-positivos-en-pruebas-rapidas-para-covid-19\/embed\/#?secret=nFi0M2u2NZ\" width=\"600\" height=\"595\" frameborder=\"0\" marginwidth=\"0\" marginheight=\"0\" scrolling=\"no\" sandbox=\"allow-scripts\" data-secret=\"nFi0M2u2NZ\" data-mce-fragment=\"1\"><\/iframe><\/p>\n<p><iframe loading=\"lazy\" class=\"wp-embedded-content\" title=\"\u00abFlota Sugamuxi no cumpli\u00f3 protocolos para reabrir la ruta 7 que cubre a Villa Davidd, Yopal\u00bb \u2014 \u25b7 Noticias de Casanare : Martha Cifuentes | Casanare\" src=\"https:\/\/marthacifuentes.com\/portada\/2020\/05\/12\/flota-sugamuxi-no-cumplio-protocolos-para-reabrir-la-ruta-7-que-cubre-a-villa-davidd-yopal\/embed\/#?secret=yVUYHzaUWP\" width=\"600\" height=\"595\" frameborder=\"0\" marginwidth=\"0\" marginheight=\"0\" scrolling=\"no\" sandbox=\"allow-scripts\" data-secret=\"yVUYHzaUWP\" data-mce-fragment=\"1\"><\/iframe><\/p>\n<p><iframe loading=\"lazy\" class=\"wp-embedded-content\" title=\"\u00abSe cay\u00f3 aprobaci\u00f3n del Plan de Acci\u00f3n de Corporinoquia 2020-2023 en Consejo Directivo\u00bb \u2014 \u25b7 Noticias de Casanare : Martha Cifuentes | Casanare\" src=\"https:\/\/marthacifuentes.com\/portada\/2020\/05\/11\/se-cayo-aprobacion-del-plan-de-accion-de-corporinoquia-2020-2023-en-consejo-directivo\/embed\/#?secret=g9jPAWDksy\" width=\"600\" height=\"589\" frameborder=\"0\" marginwidth=\"0\" marginheight=\"0\" scrolling=\"no\" sandbox=\"allow-scripts\" data-secret=\"g9jPAWDksy\" data-mce-fragment=\"1\"><\/iframe><\/p>\n<p><iframe loading=\"lazy\" class=\"wp-embedded-content\" title=\"\u00abA prisi\u00f3n domiciliar\u00eda profesora acusada de asesinar a exesposo en Yopal\u00bb \u2014 \u25b7 Noticias de Casanare : Martha Cifuentes | Casanare\" src=\"https:\/\/marthacifuentes.com\/portada\/2020\/05\/11\/a-prision-domiciliaria-profesora-acusada-de-asesinar-a-exesposo-en-yopal\/embed\/#?secret=Nb2N9E8nSS\" width=\"600\" height=\"603\" frameborder=\"0\" marginwidth=\"0\" marginheight=\"0\" scrolling=\"no\" sandbox=\"allow-scripts\" data-secret=\"Nb2N9E8nSS\" data-mce-fragment=\"1\"><\/iframe><\/p>\n<p><iframe loading=\"lazy\" class=\"wp-embedded-content\" title=\"\u00abC\u00e1mara de Comercio de Casanare pide a Alcald\u00edas y Gobernaci\u00f3n de Casanare mejorar condiciones para empresarios\u00bb \u2014 \u25b7 Noticias de Casanare : Martha Cifuentes | Casanare\" src=\"https:\/\/marthacifuentes.com\/portada\/2020\/05\/11\/camara-de-comercio-de-casanare-pide-a-alcaldias-y-gobernacion-de-casanare-mejorar-condiciones-para-empresarios\/embed\/#?secret=NGXoINspy9\" width=\"600\" height=\"623\" frameborder=\"0\" marginwidth=\"0\" marginheight=\"0\" scrolling=\"no\" sandbox=\"allow-scripts\" data-secret=\"NGXoINspy9\" data-mce-fragment=\"1\"><\/iframe><\/p>\n<p><iframe loading=\"lazy\" class=\"wp-embedded-content\" title=\"\u00abM\u00e1s del 50% de empresarios de Casanare podr\u00e1n reiniciar actividades: CCC\u00bb \u2014 \u25b7 Noticias de Casanare : Martha Cifuentes | Casanare\" src=\"https:\/\/marthacifuentes.com\/portada\/2020\/05\/11\/mas-del-50-de-empresarios-de-casanare-podran-reiniciar-actividades-ccc\/embed\/#?secret=zTji8O0F5Y\" width=\"600\" height=\"595\" frameborder=\"0\" marginwidth=\"0\" marginheight=\"0\" scrolling=\"no\" sandbox=\"allow-scripts\" data-secret=\"zTji8O0F5Y\" data-mce-fragment=\"1\"><\/iframe><\/p>\n<p><iframe loading=\"lazy\" class=\"wp-embedded-content\" title=\"\u00abYopal en cuarentena pero se reabren actividades econ\u00f3micas y ni\u00f1os pueden salir un rato\u00bb \u2014 \u25b7 Noticias de Casanare : Martha Cifuentes | Casanare\" src=\"https:\/\/marthacifuentes.com\/portada\/2020\/05\/11\/yopal-en-cuarentena-pero-se-reabren-actividades-economicas-y-ninos-pueden-salir-un-rato\/embed\/#?secret=QtVdQnJio7\" width=\"600\" height=\"595\" frameborder=\"0\" marginwidth=\"0\" marginheight=\"0\" scrolling=\"no\" sandbox=\"allow-scripts\" data-secret=\"QtVdQnJio7\" data-mce-fragment=\"1\"><\/iframe><\/p>\n<p><iframe loading=\"lazy\" class=\"wp-embedded-content\" title=\"\u00abUna m\u00e1s: Corporinoquia aprobar\u00eda irregularmente plan de acci\u00f3n cuatrienal\u00bb \u2014 \u25b7 Noticias de Casanare : Martha Cifuentes | Casanare\" src=\"https:\/\/marthacifuentes.com\/portada\/2020\/05\/09\/una-mas-corporinoquia-aprobaria-irregularmente-plan-de-accion-cuatrienal\/embed\/#?secret=TKMOWcWGxS\" width=\"600\" height=\"595\" frameborder=\"0\" marginwidth=\"0\" marginheight=\"0\" scrolling=\"no\" sandbox=\"allow-scripts\" data-secret=\"TKMOWcWGxS\" data-mce-fragment=\"1\"><\/iframe><\/p>\n<p><iframe loading=\"lazy\" class=\"wp-embedded-content\" title=\"\u00abDenuncian, en periodo de veda, caza con arp\u00f3n del Valent\u00f3n en r\u00edo del Cusiana en Man\u00ed.\u00bb \u2014 \u25b7 Noticias de Casanare : Martha Cifuentes | Casanare\" src=\"https:\/\/marthacifuentes.com\/portada\/2020\/05\/09\/denuncian-en-periodo-de-veda-caza-con-arpon-del-valenton-en-rio-del-cusiana-en-mani\/embed\/#?secret=W4Ynkw930D\" width=\"600\" height=\"595\" frameborder=\"0\" marginwidth=\"0\" marginheight=\"0\" scrolling=\"no\" sandbox=\"allow-scripts\" data-secret=\"W4Ynkw930D\" data-mce-fragment=\"1\"><\/iframe><\/p>\n<p><iframe loading=\"lazy\" class=\"wp-embedded-content\" title=\"\u00abTumultos en bancos obligan a tomar medidas en Yopal\u00bb \u2014 \u25b7 Noticias de Casanare : Martha Cifuentes | Casanare\" src=\"https:\/\/marthacifuentes.com\/portada\/2020\/05\/07\/tumultos-en-bancos-obligan-a-tomar-medidas-en-yopal\/embed\/#?secret=3M2jzFW2TQ\" width=\"600\" height=\"567\" frameborder=\"0\" marginwidth=\"0\" marginheight=\"0\" scrolling=\"no\" sandbox=\"allow-scripts\" data-secret=\"3M2jzFW2TQ\" data-mce-fragment=\"1\"><\/iframe><\/p>\n<p><iframe loading=\"lazy\" class=\"wp-embedded-content\" title=\"\u00abYa se est\u00e1n entregando los mercados recogidos en \u2018Gran Donat\u00f3n Casanare Solidario\u2019\u00bb \u2014 \u25b7 Noticias de Casanare : Martha Cifuentes | Casanare\" src=\"https:\/\/marthacifuentes.com\/portada\/2020\/05\/07\/ya-se-estan-entregando-los-mercados-recogidos-en-gran-donaton-casanare-solidario\/embed\/#?secret=xOYwHFDKFZ\" width=\"600\" height=\"595\" frameborder=\"0\" marginwidth=\"0\" marginheight=\"0\" scrolling=\"no\" sandbox=\"allow-scripts\" data-secret=\"xOYwHFDKFZ\" data-mce-fragment=\"1\"><\/iframe><\/p>\n<p><iframe loading=\"lazy\" class=\"wp-embedded-content\" title=\"\u00abAsesinan ingeniero en posible caso de fleteo en Yopal.\u00bb \u2014 \u25b7 Noticias de Casanare : Martha Cifuentes | Casanare\" src=\"https:\/\/marthacifuentes.com\/portada\/2020\/05\/06\/asesinan-ingeniero-en-posible-caso-de-fleteo-en-yopal\/embed\/#?secret=88lHzik6ZN\" width=\"600\" height=\"556\" frameborder=\"0\" marginwidth=\"0\" marginheight=\"0\" scrolling=\"no\" sandbox=\"allow-scripts\" data-secret=\"88lHzik6ZN\" data-mce-fragment=\"1\"><\/iframe><\/p>\n<p><iframe loading=\"lazy\" class=\"wp-embedded-content\" title=\"\u00abMasiva renuncia de m\u00e9dicos en Hospital de Aguazul, Casanare\u00bb \u2014 \u25b7 Noticias de Casanare : Martha Cifuentes | Casanare\" src=\"https:\/\/marthacifuentes.com\/portada\/2020\/05\/06\/masiva-renuncia-de-medicos-en-hospital-de-aguazul-casanare\/embed\/#?secret=rMbK9VTxmH\" width=\"600\" height=\"507\" frameborder=\"0\" marginwidth=\"0\" marginheight=\"0\" scrolling=\"no\" sandbox=\"allow-scripts\" data-secret=\"rMbK9VTxmH\" data-mce-fragment=\"1\"><\/iframe><\/p>\n<p><iframe loading=\"lazy\" class=\"wp-embedded-content\" title=\"\u00abEntre el 11 y 25 de mayo habr\u00e1 cuarentena \u201cflexible\u201d en Colombia. Cifras de covid-19 inciertas\u00bb \u2014 \u25b7 Noticias de Casanare : Martha Cifuentes | Casanare\" src=\"https:\/\/marthacifuentes.com\/portada\/2020\/05\/06\/entre-el-11-y-25-de-mayo-habra-cuarentena-flexible-en-colombia-cifras-de-covid-19-inciertas\/embed\/#?secret=OX3s3Y1rvP\" width=\"600\" height=\"574\" frameborder=\"0\" marginwidth=\"0\" marginheight=\"0\" scrolling=\"no\" sandbox=\"allow-scripts\" data-secret=\"OX3s3Y1rvP\" data-mce-fragment=\"1\"><\/iframe><\/p>\n<p><iframe loading=\"lazy\" class=\"wp-embedded-content\" title=\"\u00abMunicipios sin Covid-19 podr\u00e1n reactivar econom\u00eda. En Casanare solo 17 estar\u00edan habilitados\u00bb \u2014 \u25b7 Noticias de Casanare : Martha Cifuentes | Casanare\" src=\"https:\/\/marthacifuentes.com\/portada\/2020\/05\/06\/municipios-sin-covid-19-podran-reactivar-economia-en-casanare-solo-17-estarian-habilitados\/embed\/#?secret=894u653DzB\" width=\"600\" height=\"595\" frameborder=\"0\" marginwidth=\"0\" marginheight=\"0\" scrolling=\"no\" sandbox=\"allow-scripts\" data-secret=\"894u653DzB\" data-mce-fragment=\"1\"><\/iframe><\/p>\n<p><iframe loading=\"lazy\" class=\"wp-embedded-content\" title=\"\u00abContralor\u00eda General interviene contratos de equipos biom\u00e9dicos en Casanare\u00bb \u2014 \u25b7 Noticias de Casanare : Martha Cifuentes | Casanare\" src=\"https:\/\/marthacifuentes.com\/portada\/2020\/05\/05\/contraloria-general-interviene-contratos-de-equipos-biomedicos-en-casanare\/embed\/#?secret=RiCRt7E7Ll\" width=\"600\" height=\"595\" frameborder=\"0\" marginwidth=\"0\" marginheight=\"0\" scrolling=\"no\" sandbox=\"allow-scripts\" data-secret=\"RiCRt7E7Ll\" data-mce-fragment=\"1\"><\/iframe><\/p>\n<p><iframe loading=\"lazy\" class=\"wp-embedded-content\" title=\"\u00abUn secuestro, 3 personas desaparecidas y abigeato en Casanare, generaron Consejo de Seguridad\u00bb \u2014 \u25b7 Noticias de Casanare : Martha Cifuentes | Casanare\" src=\"https:\/\/marthacifuentes.com\/portada\/2020\/05\/05\/un-secuestro-3-personas-desaparecidas-y-abigeato-en-casanare-generaron-consejo-de-seguridad\/embed\/#?secret=dKNarAMVrk\" width=\"600\" height=\"588\" frameborder=\"0\" marginwidth=\"0\" marginheight=\"0\" scrolling=\"no\" sandbox=\"allow-scripts\" data-secret=\"dKNarAMVrk\" data-mce-fragment=\"1\"><\/iframe><\/p>\n<p><iframe loading=\"lazy\" class=\"wp-embedded-content\" title=\"\u00abYa son 5 los polic\u00edas confirmados con coronavirus en Yopal. Esmad en cuarentena\u00bb \u2014 \u25b7 Noticias de Casanare : Martha Cifuentes | Casanare\" src=\"https:\/\/marthacifuentes.com\/portada\/2020\/05\/05\/ya-son-5-los-policias-confirmados-con-coronavirus-en-yopal-esmad-en-cuarentena\/embed\/#?secret=5XbR0dIhr7\" width=\"600\" height=\"595\" frameborder=\"0\" marginwidth=\"0\" marginheight=\"0\" scrolling=\"no\" sandbox=\"allow-scripts\" data-secret=\"5XbR0dIhr7\" data-mce-fragment=\"1\"><\/iframe><\/p>\n<p><iframe loading=\"lazy\" class=\"wp-embedded-content\" title=\"\u00abCasanare suma 20 casos positivos de Covid-19. Hoy se confirm\u00f3 un contagio m\u00e1s.\u00bb \u2014 \u25b7 Noticias de Casanare : Martha Cifuentes | Casanare\" src=\"https:\/\/marthacifuentes.com\/portada\/2020\/05\/04\/casanare-suma-20-casos-positivos-de-covid-19-hoy-se-confirmo-un-contagio-mas\/embed\/#?secret=QQ1BftezW6\" width=\"600\" height=\"580\" frameborder=\"0\" marginwidth=\"0\" marginheight=\"0\" scrolling=\"no\" sandbox=\"allow-scripts\" data-secret=\"QQ1BftezW6\" data-mce-fragment=\"1\"><\/iframe><\/p>\n<p><iframe loading=\"lazy\" class=\"wp-embedded-content\" title=\"\u00abSin rastro de 2 mujeres y hombre desaparecidos hace 10 d\u00edas en Yopal\u00bb \u2014 \u25b7 Noticias de Casanare : Martha Cifuentes | Casanare\" src=\"https:\/\/marthacifuentes.com\/portada\/2020\/05\/04\/sin-rastro-de-2-mujeres-y-hombre-desaparecidos-hace-10-dias-en-yopal\/embed\/#?secret=T5LveiDZHG\" width=\"600\" height=\"606\" frameborder=\"0\" marginwidth=\"0\" marginheight=\"0\" scrolling=\"no\" sandbox=\"allow-scripts\" data-secret=\"T5LveiDZHG\" data-mce-fragment=\"1\"><\/iframe><\/p>\n<p><iframe loading=\"lazy\" class=\"wp-embedded-content\" title=\"\u00abTumultos en entrega de mercados en Alcald\u00eda de Yopal y Gobernaci\u00f3n de Casanare\u00bb \u2014 \u25b7 Noticias de Casanare : Martha Cifuentes | Casanare\" src=\"https:\/\/marthacifuentes.com\/portada\/2020\/05\/02\/tumultos-en-entrega-de-mercados-en-alcaldia-de-yopal-y-gobernacion-de-casanare\/embed\/#?secret=FfkSQw44ZG\" width=\"600\" height=\"587\" frameborder=\"0\" marginwidth=\"0\" marginheight=\"0\" scrolling=\"no\" sandbox=\"allow-scripts\" data-secret=\"FfkSQw44ZG\" data-mce-fragment=\"1\"><\/iframe><\/p>\n<p><iframe loading=\"lazy\" class=\"wp-embedded-content\" title=\"\u00abLos h\u00e9roes de la salud siguen en riesgo por negligencia de las ARL y EPS\u00bb \u2014 \u25b7 Noticias de Casanare : Martha Cifuentes | Casanare\" src=\"https:\/\/marthacifuentes.com\/portada\/2020\/05\/01\/los-heroes-de-la-salud-siguen-en-riesgo-por-negligencia-de-las-arl-y-eps\/embed\/#?secret=Q9Losj7N64\" width=\"600\" height=\"595\" frameborder=\"0\" marginwidth=\"0\" marginheight=\"0\" scrolling=\"no\" sandbox=\"allow-scripts\" data-secret=\"Q9Losj7N64\" data-mce-fragment=\"1\"><\/iframe><\/p>\n","protected":false},"excerpt":{"rendered":"<p>El Presidente Iv\u00e1n Duque M\u00e1rquez anunci\u00f3 la ampliaci\u00f3n del Aislamiento Preventivo Obligatorio en todo el territorio nacional hasta el 31 de mayo. Igualmente dijo que la Emergencia Sanitaria se extender\u00e1 hasta el 31 de agosto, con el fin de enfrentar la pandemia del covid-19. En el pa\u00eds ya suman cerca de 17 mil infectados y &hellip;<\/p>\n","protected":false},"author":2,"featured_media":23635,"comment_status":"open","ping_status":"open","sticky":false,"template":"","format":"standard","meta":{"om_disable_all_campaigns":false,"_exactmetrics_skip_tracking":false,"_exactmetrics_sitenote_active":false,"_exactmetrics_sitenote_note":"","_exactmetrics_sitenote_category":0,"_monsterinsights_skip_tracking":false,"_monsterinsights_sitenote_active":false,"_monsterinsights_sitenote_note":"","_monsterinsights_sitenote_category":0,"_uf_show_specific_survey":0,"_uf_disable_surveys":false,"_joinchat":[],"footnotes":""},"categories":[147,146,145],"tags":[4482,4481,1400,4480,1421],"class_list":["post-23634","post","type-post","status-publish","format-standard","has-post-thumbnail","hentry","category-actualidad","category-noticias","category-reportajes","tag-aislamiento-inteligente-colombia","tag-cuarentena-se-amplia-al-31-de-mayo-en-colombia","tag-noticias-casanare","tag-noticias-coronavirus","tag-noticias-yopal"],"yoast_head":"<!-- This site is optimized with the Yoast SEO plugin v26.1 - https:\/\/yoast.com\/wordpress\/plugins\/seo\/ -->\n<title>Cuarentena hasta el 31 de mayo. El 24 de mayo se cumplen 2 meses de la medida. - \u25b7 Noticias de Casanare : Martha Cifuentes | Casanare<\/title>\n<meta name=\"robots\" content=\"index, follow, max-snippet:-1, max-image-preview:large, max-video-preview:-1\" \/>\n<link rel=\"canonical\" href=\"https:\/\/marthacifuentes.com\/portada\/cuarentena-hasta-el-31-de-mayo-el-24-de-mayo-se-cumplen-2-meses-de-la-medida\/\" \/>\n<meta property=\"og:locale\" content=\"es_ES\" \/>\n<meta property=\"og:type\" content=\"article\" \/>\n<meta property=\"og:title\" content=\"Cuarentena hasta el 31 de mayo. El 24 de mayo se cumplen 2 meses de la medida. - \u25b7 Noticias de Casanare : Martha Cifuentes | Casanare\" \/>\n<meta property=\"og:description\" content=\"El Presidente Iv\u00e1n Duque M\u00e1rquez anunci\u00f3 la ampliaci\u00f3n del Aislamiento Preventivo Obligatorio en todo el territorio nacional hasta el 31 de mayo. Igualmente dijo que la Emergencia Sanitaria se extender\u00e1 hasta el 31 de agosto, con el fin de enfrentar la pandemia del covid-19. En el pa\u00eds ya suman cerca de 17 mil infectados y &hellip;\" \/>\n<meta property=\"og:url\" content=\"https:\/\/marthacifuentes.com\/portada\/cuarentena-hasta-el-31-de-mayo-el-24-de-mayo-se-cumplen-2-meses-de-la-medida\/\" \/>\n<meta property=\"og:site_name\" content=\"\u25b7 Noticias de Casanare : Martha Cifuentes | Casanare\" \/>\n<meta property=\"article:published_time\" content=\"2020-05-20T13:49:08+00:00\" \/>\n<meta property=\"og:image\" content=\"https:\/\/marthacifuentes.com\/portada\/wp-content\/uploads\/2020\/05\/WhatsApp-Image-2020-05-19-at-5.02.48-PM.jpeg\" \/>\n\t<meta property=\"og:image:width\" content=\"729\" \/>\n\t<meta property=\"og:image:height\" content=\"1280\" \/>\n\t<meta property=\"og:image:type\" content=\"image\/jpeg\" \/>\n<meta name=\"author\" content=\"Martha Cifuentes\" \/>\n<meta name=\"twitter:card\" content=\"summary_large_image\" \/>\n<meta name=\"twitter:label1\" content=\"Escrito por\" \/>\n\t<meta name=\"twitter:data1\" content=\"Martha Cifuentes\" \/>\n\t<meta name=\"twitter:label2\" content=\"Tiempo de lectura\" \/>\n\t<meta name=\"twitter:data2\" content=\"3 minutos\" \/>\n<script type=\"application\/ld+json\" class=\"yoast-schema-graph\">{\"@context\":\"https:\/\/schema.org\",\"@graph\":[{\"@type\":\"WebPage\",\"@id\":\"https:\/\/marthacifuentes.com\/portada\/cuarentena-hasta-el-31-de-mayo-el-24-de-mayo-se-cumplen-2-meses-de-la-medida\/\",\"url\":\"https:\/\/marthacifuentes.com\/portada\/cuarentena-hasta-el-31-de-mayo-el-24-de-mayo-se-cumplen-2-meses-de-la-medida\/\",\"name\":\"Cuarentena hasta el 31 de mayo. El 24 de mayo se cumplen 2 meses de la medida. - \u25b7 Noticias de Casanare : Martha Cifuentes | Casanare\",\"isPartOf\":{\"@id\":\"https:\/\/marthacifuentes.com\/portada\/#website\"},\"primaryImageOfPage\":{\"@id\":\"https:\/\/marthacifuentes.com\/portada\/cuarentena-hasta-el-31-de-mayo-el-24-de-mayo-se-cumplen-2-meses-de-la-medida\/#primaryimage\"},\"image\":{\"@id\":\"https:\/\/marthacifuentes.com\/portada\/cuarentena-hasta-el-31-de-mayo-el-24-de-mayo-se-cumplen-2-meses-de-la-medida\/#primaryimage\"},\"thumbnailUrl\":\"https:\/\/marthacifuentes.com\/portada\/wp-content\/uploads\/2020\/05\/WhatsApp-Image-2020-05-19-at-5.02.48-PM.jpeg\",\"datePublished\":\"2020-05-20T13:49:08+00:00\",\"author\":{\"@id\":\"https:\/\/marthacifuentes.com\/portada\/#\/schema\/person\/57f53174b991db5f90ff78d58502b714\"},\"breadcrumb\":{\"@id\":\"https:\/\/marthacifuentes.com\/portada\/cuarentena-hasta-el-31-de-mayo-el-24-de-mayo-se-cumplen-2-meses-de-la-medida\/#breadcrumb\"},\"inLanguage\":\"es\",\"potentialAction\":[{\"@type\":\"ReadAction\",\"target\":[\"https:\/\/marthacifuentes.com\/portada\/cuarentena-hasta-el-31-de-mayo-el-24-de-mayo-se-cumplen-2-meses-de-la-medida\/\"]}]},{\"@type\":\"ImageObject\",\"inLanguage\":\"es\",\"@id\":\"https:\/\/marthacifuentes.com\/portada\/cuarentena-hasta-el-31-de-mayo-el-24-de-mayo-se-cumplen-2-meses-de-la-medida\/#primaryimage\",\"url\":\"https:\/\/marthacifuentes.com\/portada\/wp-content\/uploads\/2020\/05\/WhatsApp-Image-2020-05-19-at-5.02.48-PM.jpeg\",\"contentUrl\":\"https:\/\/marthacifuentes.com\/portada\/wp-content\/uploads\/2020\/05\/WhatsApp-Image-2020-05-19-at-5.02.48-PM.jpeg\",\"width\":729,\"height\":1280},{\"@type\":\"BreadcrumbList\",\"@id\":\"https:\/\/marthacifuentes.com\/portada\/cuarentena-hasta-el-31-de-mayo-el-24-de-mayo-se-cumplen-2-meses-de-la-medida\/#breadcrumb\",\"itemListElement\":[{\"@type\":\"ListItem\",\"position\":1,\"name\":\"Portada\",\"item\":\"https:\/\/marthacifuentes.com\/portada\/\"},{\"@type\":\"ListItem\",\"position\":2,\"name\":\"Cuarentena hasta el 31 de mayo. El 24 de mayo se cumplen 2 meses de la medida.\"}]},{\"@type\":\"WebSite\",\"@id\":\"https:\/\/marthacifuentes.com\/portada\/#website\",\"url\":\"https:\/\/marthacifuentes.com\/portada\/\",\"name\":\"\u25b7 Noticias de Casanare : Martha Cifuentes | Casanare\",\"description\":\"Noticias &amp; Contenidos\",\"potentialAction\":[{\"@type\":\"SearchAction\",\"target\":{\"@type\":\"EntryPoint\",\"urlTemplate\":\"https:\/\/marthacifuentes.com\/portada\/?s={search_term_string}\"},\"query-input\":{\"@type\":\"PropertyValueSpecification\",\"valueRequired\":true,\"valueName\":\"search_term_string\"}}],\"inLanguage\":\"es\"},{\"@type\":\"Person\",\"@id\":\"https:\/\/marthacifuentes.com\/portada\/#\/schema\/person\/57f53174b991db5f90ff78d58502b714\",\"name\":\"Martha Cifuentes\",\"image\":{\"@type\":\"ImageObject\",\"inLanguage\":\"es\",\"@id\":\"https:\/\/marthacifuentes.com\/portada\/#\/schema\/person\/image\/\",\"url\":\"http:\/\/marthacifuentes.com\/portada\/wp-content\/uploads\/2018\/06\/avatar_user_2_1528838701-96x96.jpg\",\"contentUrl\":\"http:\/\/marthacifuentes.com\/portada\/wp-content\/uploads\/2018\/06\/avatar_user_2_1528838701-96x96.jpg\",\"caption\":\"Martha Cifuentes\"},\"sameAs\":[\"http:\/\/www.marthacifuentes.com\"],\"url\":\"https:\/\/marthacifuentes.com\/portada\/author\/martha\/\"}]}<\/script>\n<!-- \/ Yoast SEO plugin. -->","yoast_head_json":{"title":"Cuarentena hasta el 31 de mayo. El 24 de mayo se cumplen 2 meses de la medida. - \u25b7 Noticias de Casanare : Martha Cifuentes | Casanare","robots":{"index":"index","follow":"follow","max-snippet":"max-snippet:-1","max-image-preview":"max-image-preview:large","max-video-preview":"max-video-preview:-1"},"canonical":"https:\/\/marthacifuentes.com\/portada\/cuarentena-hasta-el-31-de-mayo-el-24-de-mayo-se-cumplen-2-meses-de-la-medida\/","og_locale":"es_ES","og_type":"article","og_title":"Cuarentena hasta el 31 de mayo. El 24 de mayo se cumplen 2 meses de la medida. - \u25b7 Noticias de Casanare : Martha Cifuentes | Casanare","og_description":"El Presidente Iv\u00e1n Duque M\u00e1rquez anunci\u00f3 la ampliaci\u00f3n del Aislamiento Preventivo Obligatorio en todo el territorio nacional hasta el 31 de mayo. Igualmente dijo que la Emergencia Sanitaria se extender\u00e1 hasta el 31 de agosto, con el fin de enfrentar la pandemia del covid-19. En el pa\u00eds ya suman cerca de 17 mil infectados y &hellip;","og_url":"https:\/\/marthacifuentes.com\/portada\/cuarentena-hasta-el-31-de-mayo-el-24-de-mayo-se-cumplen-2-meses-de-la-medida\/","og_site_name":"\u25b7 Noticias de Casanare : Martha Cifuentes | Casanare","article_published_time":"2020-05-20T13:49:08+00:00","og_image":[{"width":729,"height":1280,"url":"https:\/\/marthacifuentes.com\/portada\/wp-content\/uploads\/2020\/05\/WhatsApp-Image-2020-05-19-at-5.02.48-PM.jpeg","type":"image\/jpeg"}],"author":"Martha Cifuentes","twitter_card":"summary_large_image","twitter_misc":{"Escrito por":"Martha Cifuentes","Tiempo de lectura":"3 minutos"},"schema":{"@context":"https:\/\/schema.org","@graph":[{"@type":"WebPage","@id":"https:\/\/marthacifuentes.com\/portada\/cuarentena-hasta-el-31-de-mayo-el-24-de-mayo-se-cumplen-2-meses-de-la-medida\/","url":"https:\/\/marthacifuentes.com\/portada\/cuarentena-hasta-el-31-de-mayo-el-24-de-mayo-se-cumplen-2-meses-de-la-medida\/","name":"Cuarentena hasta el 31 de mayo. El 24 de mayo se cumplen 2 meses de la medida. - \u25b7 Noticias de Casanare : Martha Cifuentes | Casanare","isPartOf":{"@id":"https:\/\/marthacifuentes.com\/portada\/#website"},"primaryImageOfPage":{"@id":"https:\/\/marthacifuentes.com\/portada\/cuarentena-hasta-el-31-de-mayo-el-24-de-mayo-se-cumplen-2-meses-de-la-medida\/#primaryimage"},"image":{"@id":"https:\/\/marthacifuentes.com\/portada\/cuarentena-hasta-el-31-de-mayo-el-24-de-mayo-se-cumplen-2-meses-de-la-medida\/#primaryimage"},"thumbnailUrl":"https:\/\/marthacifuentes.com\/portada\/wp-content\/uploads\/2020\/05\/WhatsApp-Image-2020-05-19-at-5.02.48-PM.jpeg","datePublished":"2020-05-20T13:49:08+00:00","author":{"@id":"https:\/\/marthacifuentes.com\/portada\/#\/schema\/person\/57f53174b991db5f90ff78d58502b714"},"breadcrumb":{"@id":"https:\/\/marthacifuentes.com\/portada\/cuarentena-hasta-el-31-de-mayo-el-24-de-mayo-se-cumplen-2-meses-de-la-medida\/#breadcrumb"},"inLanguage":"es","potentialAction":[{"@type":"ReadAction","target":["https:\/\/marthacifuentes.com\/portada\/cuarentena-hasta-el-31-de-mayo-el-24-de-mayo-se-cumplen-2-meses-de-la-medida\/"]}]},{"@type":"ImageObject","inLanguage":"es","@id":"https:\/\/marthacifuentes.com\/portada\/cuarentena-hasta-el-31-de-mayo-el-24-de-mayo-se-cumplen-2-meses-de-la-medida\/#primaryimage","url":"https:\/\/marthacifuentes.com\/portada\/wp-content\/uploads\/2020\/05\/WhatsApp-Image-2020-05-19-at-5.02.48-PM.jpeg","contentUrl":"https:\/\/marthacifuentes.com\/portada\/wp-content\/uploads\/2020\/05\/WhatsApp-Image-2020-05-19-at-5.02.48-PM.jpeg","width":729,"height":1280},{"@type":"BreadcrumbList","@id":"https:\/\/marthacifuentes.com\/portada\/cuarentena-hasta-el-31-de-mayo-el-24-de-mayo-se-cumplen-2-meses-de-la-medida\/#breadcrumb","itemListElement":[{"@type":"ListItem","position":1,"name":"Portada","item":"https:\/\/marthacifuentes.com\/portada\/"},{"@type":"ListItem","position":2,"name":"Cuarentena hasta el 31 de mayo. El 24 de mayo se cumplen 2 meses de la medida."}]},{"@type":"WebSite","@id":"https:\/\/marthacifuentes.com\/portada\/#website","url":"https:\/\/marthacifuentes.com\/portada\/","name":"\u25b7 Noticias de Casanare : Martha Cifuentes | Casanare","description":"Noticias &amp; Contenidos","potentialAction":[{"@type":"SearchAction","target":{"@type":"EntryPoint","urlTemplate":"https:\/\/marthacifuentes.com\/portada\/?s={search_term_string}"},"query-input":{"@type":"PropertyValueSpecification","valueRequired":true,"valueName":"search_term_string"}}],"inLanguage":"es"},{"@type":"Person","@id":"https:\/\/marthacifuentes.com\/portada\/#\/schema\/person\/57f53174b991db5f90ff78d58502b714","name":"Martha Cifuentes","image":{"@type":"ImageObject","inLanguage":"es","@id":"https:\/\/marthacifuentes.com\/portada\/#\/schema\/person\/image\/","url":"http:\/\/marthacifuentes.com\/portada\/wp-content\/uploads\/2018\/06\/avatar_user_2_1528838701-96x96.jpg","contentUrl":"http:\/\/marthacifuentes.com\/portada\/wp-content\/uploads\/2018\/06\/avatar_user_2_1528838701-96x96.jpg","caption":"Martha Cifuentes"},"sameAs":["http:\/\/www.marthacifuentes.com"],"url":"https:\/\/marthacifuentes.com\/portada\/author\/martha\/"}]}},"_links":{"self":[{"href":"https:\/\/marthacifuentes.com\/portada\/wp-json\/wp\/v2\/posts\/23634","targetHints":{"allow":["GET"]}}],"collection":[{"href":"https:\/\/marthacifuentes.com\/portada\/wp-json\/wp\/v2\/posts"}],"about":[{"href":"https:\/\/marthacifuentes.com\/portada\/wp-json\/wp\/v2\/types\/post"}],"author":[{"embeddable":true,"href":"https:\/\/marthacifuentes.com\/portada\/wp-json\/wp\/v2\/users\/2"}],"replies":[{"embeddable":true,"href":"https:\/\/marthacifuentes.com\/portada\/wp-json\/wp\/v2\/comments?post=23634"}],"version-history":[{"count":0,"href":"https:\/\/marthacifuentes.com\/portada\/wp-json\/wp\/v2\/posts\/23634\/revisions"}],"wp:featuredmedia":[{"embeddable":true,"href":"https:\/\/marthacifuentes.com\/portada\/wp-json\/wp\/v2\/media\/23635"}],"wp:attachment":[{"href":"https:\/\/marthacifuentes.com\/portada\/wp-json\/wp\/v2\/media?parent=23634"}],"wp:term":[{"taxonomy":"category","embeddable":true,"href":"https:\/\/marthacifuentes.com\/portada\/wp-json\/wp\/v2\/categories?post=23634"},{"taxonomy":"post_tag","embeddable":true,"href":"https:\/\/marthacifuentes.com\/portada\/wp-json\/wp\/v2\/tags?post=23634"}],"curies":[{"name":"wp","href":"https:\/\/api.w.org\/{rel}","templated":true}]}}