{"id":23990,"date":"2020-06-25T18:30:32","date_gmt":"2020-06-25T23:30:32","guid":{"rendered":"https:\/\/marthacifuentes.com\/portada\/?p=23990"},"modified":"2020-06-25T18:30:32","modified_gmt":"2020-06-25T23:30:32","slug":"64-casos-covid-19-en-casanare-46-en-yopal","status":"publish","type":"post","link":"https:\/\/marthacifuentes.com\/portada\/64-casos-covid-19-en-casanare-46-en-yopal\/","title":{"rendered":"64 casos Covid-19 en Casanare. 46 en Yopal."},"content":{"rendered":"<p><strong>El Instituto Nacional de Salud confirm\u00f3 3 nuevos casos de coronavirus en Casanare para un total de 64 a hoy 25 de junio. De estos, 46 son en Yopal. Este mes se han presentado el 45% de los infectados en el departamento.<\/strong><\/p>\n<p>De los 64 casos, 34 est\u00e1n recuperados, 29 est\u00e1n en sus casas en aislamiento obligatorio y uno est\u00e1 en una UCI.<\/p>\n<p>Los casos descartados son 2.811, mientras que las muestras en proceso son 391 y las muestras de seguimiento suman 358.<\/p>\n<p><img loading=\"lazy\" decoding=\"async\" class=\"size-full wp-image-23995 aligncenter\" src=\"https:\/\/marthacifuentes.com\/portada\/wp-content\/uploads\/2020\/06\/casos-coronavirus-25-de-junio-Casanare-coronapp.jpeg\" alt=\"\" width=\"539\" height=\"455\" srcset=\"https:\/\/marthacifuentes.com\/portada\/wp-content\/uploads\/2020\/06\/casos-coronavirus-25-de-junio-Casanare-coronapp.jpeg 539w, https:\/\/marthacifuentes.com\/portada\/wp-content\/uploads\/2020\/06\/casos-coronavirus-25-de-junio-Casanare-coronapp-300x253.jpeg 300w\" sizes=\"auto, (max-width: 539px) 100vw, 539px\" \/><\/p>\n<p>En las im\u00e1genes est\u00e1n los casos registrados desde el 22 de marzo hasta la fecha.<\/p>\n<p><img loading=\"lazy\" decoding=\"async\" class=\"size-full wp-image-23991 aligncenter\" src=\"https:\/\/marthacifuentes.com\/portada\/wp-content\/uploads\/2020\/06\/WhatsApp-Image-2020-06-25-at-5.35.28-PM.jpeg\" alt=\"\" width=\"530\" height=\"478\" srcset=\"https:\/\/marthacifuentes.com\/portada\/wp-content\/uploads\/2020\/06\/WhatsApp-Image-2020-06-25-at-5.35.28-PM.jpeg 530w, https:\/\/marthacifuentes.com\/portada\/wp-content\/uploads\/2020\/06\/WhatsApp-Image-2020-06-25-at-5.35.28-PM-300x271.jpeg 300w\" sizes=\"auto, (max-width: 530px) 100vw, 530px\" \/><\/p>\n<p><img loading=\"lazy\" decoding=\"async\" class=\"size-full wp-image-23992 aligncenter\" src=\"https:\/\/marthacifuentes.com\/portada\/wp-content\/uploads\/2020\/06\/WhatsApp-Image-2020-06-25-at-5.36.02-PM.jpeg\" alt=\"\" width=\"525\" height=\"480\" srcset=\"https:\/\/marthacifuentes.com\/portada\/wp-content\/uploads\/2020\/06\/WhatsApp-Image-2020-06-25-at-5.36.02-PM.jpeg 525w, https:\/\/marthacifuentes.com\/portada\/wp-content\/uploads\/2020\/06\/WhatsApp-Image-2020-06-25-at-5.36.02-PM-300x274.jpeg 300w\" sizes=\"auto, (max-width: 525px) 100vw, 525px\" \/><\/p>\n<p><img loading=\"lazy\" decoding=\"async\" class=\"size-full wp-image-23993 aligncenter\" src=\"https:\/\/marthacifuentes.com\/portada\/wp-content\/uploads\/2020\/06\/WhatsApp-Image-2020-06-25-at-5.36.29-PM.jpeg\" alt=\"\" width=\"522\" height=\"474\" srcset=\"https:\/\/marthacifuentes.com\/portada\/wp-content\/uploads\/2020\/06\/WhatsApp-Image-2020-06-25-at-5.36.29-PM.jpeg 522w, https:\/\/marthacifuentes.com\/portada\/wp-content\/uploads\/2020\/06\/WhatsApp-Image-2020-06-25-at-5.36.29-PM-300x272.jpeg 300w\" sizes=\"auto, (max-width: 522px) 100vw, 522px\" \/><\/p>\n<p><img loading=\"lazy\" decoding=\"async\" class=\"size-full wp-image-23994 aligncenter\" src=\"https:\/\/marthacifuentes.com\/portada\/wp-content\/uploads\/2020\/06\/WhatsApp-Image-2020-06-25-at-5.36.55-PM.jpeg\" alt=\"\" width=\"528\" height=\"48\" srcset=\"https:\/\/marthacifuentes.com\/portada\/wp-content\/uploads\/2020\/06\/WhatsApp-Image-2020-06-25-at-5.36.55-PM.jpeg 528w, https:\/\/marthacifuentes.com\/portada\/wp-content\/uploads\/2020\/06\/WhatsApp-Image-2020-06-25-at-5.36.55-PM-300x27.jpeg 300w\" sizes=\"auto, (max-width: 528px) 100vw, 528px\" \/><\/p>\n<p>En Colombia los casos covid-19 ya superaron los 80 mil y las muertes acumuladas suman 2.654. Seg\u00fan el reporte del Instituto Nacional de Salud, hoy se report\u00f3 el mayor n\u00famero de casos confirmados en un d\u00eda:\u00a03.486 y 163 fallecidos. Se procesaron 18.501 pruebas.<\/p>\n<p><img loading=\"lazy\" decoding=\"async\" class=\"size-large wp-image-23996 aligncenter\" src=\"https:\/\/marthacifuentes.com\/portada\/wp-content\/uploads\/2020\/06\/WhatsApp-Image-2020-06-25-at-4.41.58-PM-1-583x1024.jpeg\" alt=\"\" width=\"583\" height=\"1024\" srcset=\"https:\/\/marthacifuentes.com\/portada\/wp-content\/uploads\/2020\/06\/WhatsApp-Image-2020-06-25-at-4.41.58-PM-1-583x1024.jpeg 583w, https:\/\/marthacifuentes.com\/portada\/wp-content\/uploads\/2020\/06\/WhatsApp-Image-2020-06-25-at-4.41.58-PM-1-171x300.jpeg 171w, https:\/\/marthacifuentes.com\/portada\/wp-content\/uploads\/2020\/06\/WhatsApp-Image-2020-06-25-at-4.41.58-PM-1.jpeg 729w\" sizes=\"auto, (max-width: 583px) 100vw, 583px\" \/><\/p>\n<p><img loading=\"lazy\" decoding=\"async\" class=\"alignnone size-full wp-image-23997 aligncenter\" src=\"https:\/\/marthacifuentes.com\/portada\/wp-content\/uploads\/2020\/06\/WhatsApp-Image-2020-06-25-at-4.41.58-PM-2.jpeg\" alt=\"\" width=\"232\" height=\"578\" srcset=\"https:\/\/marthacifuentes.com\/portada\/wp-content\/uploads\/2020\/06\/WhatsApp-Image-2020-06-25-at-4.41.58-PM-2.jpeg 232w, https:\/\/marthacifuentes.com\/portada\/wp-content\/uploads\/2020\/06\/WhatsApp-Image-2020-06-25-at-4.41.58-PM-2-120x300.jpeg 120w\" sizes=\"auto, (max-width: 232px) 100vw, 232px\" \/><\/p>\n<h2><strong>Otras noticias\u2026<\/strong><\/h2>\n<blockquote class=\"wp-embedded-content\" data-secret=\"L7m5kBPgZT\"><p><a href=\"https:\/\/marthacifuentes.com\/portada\/2020\/06\/25\/yopal-registra-primer-paciente-covid-19-en-unidad-de-cuidados-intensivos\/\">Yopal registra primer paciente covid-19 en Unidad de Cuidados Intensivos<\/a><\/p><\/blockquote>\n<p><iframe loading=\"lazy\" class=\"wp-embedded-content\" sandbox=\"allow-scripts\" security=\"restricted\" style=\"position: absolute; clip: rect(1px, 1px, 1px, 1px);\" title=\"\u00abYopal registra primer paciente covid-19 en Unidad de Cuidados Intensivos\u00bb \u2014 \u25b7 Noticias de Casanare : Martha Cifuentes | Casanare\" src=\"https:\/\/marthacifuentes.com\/portada\/2020\/06\/25\/yopal-registra-primer-paciente-covid-19-en-unidad-de-cuidados-intensivos\/embed\/#?secret=AEK0j0IGMi#?secret=L7m5kBPgZT\" data-secret=\"L7m5kBPgZT\" width=\"500\" height=\"282\" frameborder=\"0\" marginwidth=\"0\" marginheight=\"0\" scrolling=\"no\"><\/iframe><\/p>\n<blockquote class=\"wp-embedded-content\" data-secret=\"dExxtPZ028\"><p><a href=\"https:\/\/marthacifuentes.com\/portada\/2020\/06\/24\/en-junio-se-han-incrementado-en-74-los-casos-covid-19-en-casanare-ya-son-61-los-infectados\/\">En junio se han incrementado en 74% los casos covid-19 en Casanare. Ya son 61 los infectados.<\/a><\/p><\/blockquote>\n<p><iframe loading=\"lazy\" class=\"wp-embedded-content\" title=\"\u00abEn junio se han incrementado en 74% los casos covid-19 en Casanare. Ya son 61 los infectados.\u00bb \u2014 \u25b7 Noticias de Casanare : Martha Cifuentes | Casanare\" src=\"https:\/\/marthacifuentes.com\/portada\/2020\/06\/24\/en-junio-se-han-incrementado-en-74-los-casos-covid-19-en-casanare-ya-son-61-los-infectados\/embed\/#?secret=dExxtPZ028\" width=\"600\" height=\"338\" frameborder=\"0\" marginwidth=\"0\" marginheight=\"0\" scrolling=\"no\" sandbox=\"allow-scripts\" data-secret=\"dExxtPZ028\" data-mce-fragment=\"1\"><\/iframe><\/p>\n<p><iframe loading=\"lazy\" class=\"wp-embedded-content\" title=\"\u00abNi\u00f1a ind\u00edgena Embera Katio de 12 a\u00f1os violada por soldados del Ej\u00e9rcito en Pueblo Rico, Risaralda\u00bb \u2014 \u25b7 Noticias de Casanare : Martha Cifuentes | Casanare\" src=\"https:\/\/marthacifuentes.com\/portada\/2020\/06\/24\/nina-indigena-embera-katio-de-12-anos-violada-por-soldados-del-ejercito-en-pueblo-rico-risaralda\/embed\/#?secret=3RMPAcLfB2\" width=\"600\" height=\"595\" frameborder=\"0\" marginwidth=\"0\" marginheight=\"0\" scrolling=\"no\" sandbox=\"allow-scripts\" data-secret=\"3RMPAcLfB2\" data-mce-fragment=\"1\"><\/iframe><\/p>\n<p><iframe loading=\"lazy\" class=\"wp-embedded-content\" title=\"\u00abUn hombre de 90 a\u00f1os y 2 ni\u00f1os de 10 a\u00f1os, entre los 9 casos Covid-19 en Yopal del fin de semana\u00bb \u2014 \u25b7 Noticias de Casanare : Martha Cifuentes | Casanare\" src=\"https:\/\/marthacifuentes.com\/portada\/2020\/06\/23\/un-hombre-de-90-anos-y-2-ninos-de-10-anos-entre-los-9-casos-covid-19-en-yopal-del-fin-de-semana\/embed\/#?secret=WHbsBDhGIF\" width=\"600\" height=\"574\" frameborder=\"0\" marginwidth=\"0\" marginheight=\"0\" scrolling=\"no\" sandbox=\"allow-scripts\" data-secret=\"WHbsBDhGIF\" data-mce-fragment=\"1\"><\/iframe><\/p>\n<p><iframe loading=\"lazy\" class=\"wp-embedded-content\" title=\"\u00abCasanare, 57 casos covid-19 oficiales. 2 diputados resultaron positivos.\u00bb \u2014 \u25b7 Noticias de Casanare : Martha Cifuentes | Casanare\" src=\"https:\/\/marthacifuentes.com\/portada\/2020\/06\/22\/casanare-57-casos-covid-19-oficiales-2-diputados-resultaron-positivos\/embed\/#?secret=uGIFHheP06\" width=\"600\" height=\"579\" frameborder=\"0\" marginwidth=\"0\" marginheight=\"0\" scrolling=\"no\" sandbox=\"allow-scripts\" data-secret=\"uGIFHheP06\" data-mce-fragment=\"1\"><\/iframe><\/p>\n<p><iframe loading=\"lazy\" class=\"wp-embedded-content\" title=\"\u00abCasanare 55 casos covid-19. Man\u00ed tiene 1 infectado.\u00bb \u2014 \u25b7 Noticias de Casanare : Martha Cifuentes | Casanare\" src=\"https:\/\/marthacifuentes.com\/portada\/2020\/06\/21\/casanare-55-casos-covid-19-mani-tiene-1-infectado\/embed\/#?secret=8ggH3vZyrg\" width=\"600\" height=\"546\" frameborder=\"0\" marginwidth=\"0\" marginheight=\"0\" scrolling=\"no\" sandbox=\"allow-scripts\" data-secret=\"8ggH3vZyrg\" data-mce-fragment=\"1\"><\/iframe><\/p>\n<p><iframe loading=\"lazy\" class=\"wp-embedded-content\" title=\"\u00abCovid-19 llega a Aguazul con 4 casos. Yopal, 4 nuevos y Villanueva, 2. Total Casanare: 51 infectados.\u00bb \u2014 \u25b7 Noticias de Casanare : Martha Cifuentes | Casanare\" src=\"https:\/\/marthacifuentes.com\/portada\/2020\/06\/19\/covid-19-llega-a-aguazul-con-4-casos-yopal-4-nuevos-y-villanueva-2-total-casanare-51-infectados\/embed\/#?secret=8cNsYOFdna\" width=\"600\" height=\"574\" frameborder=\"0\" marginwidth=\"0\" marginheight=\"0\" scrolling=\"no\" sandbox=\"allow-scripts\" data-secret=\"8cNsYOFdna\" data-mce-fragment=\"1\"><\/iframe><\/p>\n<p><iframe loading=\"lazy\" class=\"wp-embedded-content\" title=\"\u00abA detenci\u00f3n en casa, presunto asesino de joven en Man\u00ed, Casanare\u00bb \u2014 \u25b7 Noticias de Casanare : Martha Cifuentes | Casanare\" src=\"https:\/\/marthacifuentes.com\/portada\/2020\/06\/19\/a-detencion-en-casa-presunto-asesino-de-joven-en-mani-casanare\/embed\/#?secret=xhZMrjNHuN\" width=\"600\" height=\"595\" frameborder=\"0\" marginwidth=\"0\" marginheight=\"0\" scrolling=\"no\" sandbox=\"allow-scripts\" data-secret=\"xhZMrjNHuN\" data-mce-fragment=\"1\"><\/iframe><\/p>\n<p><iframe loading=\"lazy\" class=\"wp-embedded-content\" title=\"\u00abYopal tendr\u00e1 cambio en el sentido de varias v\u00edas. Habr\u00e1 cambios en calles 12 y 14.\u00bb \u2014 \u25b7 Noticias de Casanare : Martha Cifuentes | Casanare\" src=\"https:\/\/marthacifuentes.com\/portada\/2020\/06\/19\/yopal-tendra-cambio-en-el-sentido-de-varias-vias-habra-cambios-en-calles-12-y-14\/embed\/#?secret=G0MyQgKlwP\" width=\"600\" height=\"595\" frameborder=\"0\" marginwidth=\"0\" marginheight=\"0\" scrolling=\"no\" sandbox=\"allow-scripts\" data-secret=\"G0MyQgKlwP\" data-mce-fragment=\"1\"><\/iframe><\/p>\n<p><iframe loading=\"lazy\" class=\"wp-embedded-content\" title=\"\u00abUnitr\u00f3pico dio un paso m\u00e1s para ser universidad p\u00fablica\u00bb \u2014 \u25b7 Noticias de Casanare : Martha Cifuentes | Casanare\" src=\"https:\/\/marthacifuentes.com\/portada\/2020\/06\/19\/unitropico-dio-un-paso-mas-para-ser-universidad-publica\/embed\/#?secret=gHl5q5vxbk\" width=\"600\" height=\"557\" frameborder=\"0\" marginwidth=\"0\" marginheight=\"0\" scrolling=\"no\" sandbox=\"allow-scripts\" data-secret=\"gHl5q5vxbk\" data-mce-fragment=\"1\"><\/iframe><\/p>\n<p><iframe loading=\"lazy\" class=\"wp-embedded-content\" title=\"\u00ab41 Casos Covid-19 en Casanare. En Yopal 2 nuevos infectados. Colombia supera 60 mil.\u00bb \u2014 \u25b7 Noticias de Casanare : Martha Cifuentes | Casanare\" src=\"https:\/\/marthacifuentes.com\/portada\/2020\/06\/18\/41-casos-covid-19-en-casanare-en-yopal-2-nuevos-infectados-colombia-supera-60-mil\/embed\/#?secret=S8Cf9XZge1\" width=\"600\" height=\"599\" frameborder=\"0\" marginwidth=\"0\" marginheight=\"0\" scrolling=\"no\" sandbox=\"allow-scripts\" data-secret=\"S8Cf9XZge1\" data-mce-fragment=\"1\"><\/iframe><\/p>\n<p><iframe loading=\"lazy\" class=\"wp-embedded-content\" title=\"\u00abCasanare lleg\u00f3 a 39 casos. En Yopal son 30, Villanueva 4, Tauramena 3, Paz de Ariporo 2.\u00bb \u2014 \u25b7 Noticias de Casanare : Martha Cifuentes | Casanare\" src=\"https:\/\/marthacifuentes.com\/portada\/2020\/06\/18\/casanare-llego-a-39-casos-en-yopal-son-30-villanueva-4-tauramena-3-paz-de-ariporo-2\/embed\/#?secret=YMF67pO5QU\" width=\"600\" height=\"595\" frameborder=\"0\" marginwidth=\"0\" marginheight=\"0\" scrolling=\"no\" sandbox=\"allow-scripts\" data-secret=\"YMF67pO5QU\" data-mce-fragment=\"1\"><\/iframe><\/p>\n<p><iframe loading=\"lazy\" class=\"wp-embedded-content\" title=\"\u00abParadojas: Ma\u00f1ana d\u00eda sin IVA, y muchos, sin plata, pero todos podemos salir a comprar en Yopal\u00bb \u2014 \u25b7 Noticias de Casanare : Martha Cifuentes | Casanare\" src=\"https:\/\/marthacifuentes.com\/portada\/2020\/06\/18\/paradojas-manana-dia-sin-iva-y-muchos-sin-plata-pero-todos-podemos-salir-a-comprar-en-yopal\/embed\/#?secret=42evr49V4K\" width=\"600\" height=\"595\" frameborder=\"0\" marginwidth=\"0\" marginheight=\"0\" scrolling=\"no\" sandbox=\"allow-scripts\" data-secret=\"42evr49V4K\" data-mce-fragment=\"1\"><\/iframe><\/p>\n<p><iframe loading=\"lazy\" class=\"wp-embedded-content\" title=\"\u00abConcejal Omar Ortega acepta haber estado en reuni\u00f3n en una casa en Yopal pero niega ser part\u00edcipe de amenazas contra Miguel Alfonso P\u00e9rez. \u00a0\u00bb \u2014 \u25b7 Noticias de Casanare : Martha Cifuentes | Casanare\" src=\"https:\/\/marthacifuentes.com\/portada\/2020\/06\/17\/concejal-omar-ortega-acepta-haber-estado-en-reunion-en-una-casa-en-yopal-pero-niega-ser-participe-de-amenazas-contra-miguel-alfonso-perez\/embed\/#?secret=7banctSgXO\" width=\"600\" height=\"623\" frameborder=\"0\" marginwidth=\"0\" marginheight=\"0\" scrolling=\"no\" sandbox=\"allow-scripts\" data-secret=\"7banctSgXO\" data-mce-fragment=\"1\"><\/iframe><\/p>\n<p><iframe loading=\"lazy\" class=\"wp-embedded-content\" title=\"\u00abContralor\u00eda no hall\u00f3 da\u00f1o fiscal en contrato de PAE de la Gobernaci\u00f3n de Casanare\u00bb \u2014 \u25b7 Noticias de Casanare : Martha Cifuentes | Casanare\" src=\"https:\/\/marthacifuentes.com\/portada\/2020\/06\/17\/contraloria-no-hallo-dano-fiscal-en-contrato-de-pae-de-la-gobernacion-de-casanare\/embed\/#?secret=ml3RHT7KyX\" width=\"600\" height=\"595\" frameborder=\"0\" marginwidth=\"0\" marginheight=\"0\" scrolling=\"no\" sandbox=\"allow-scripts\" data-secret=\"ml3RHT7KyX\" data-mce-fragment=\"1\"><\/iframe><\/p>\n<p><a href=\"https:\/\/marthacifuentes.com\/sinagua_2020\/\"><img decoding=\"async\" src=\"https:\/\/marthacifuentes.com\/portada\/wp-content\/uploads\/2020\/05\/WhatsApp-Image-2020-05-29-at-9.01.33-AM.jpeg\" \/><\/a><\/p>\n<p><iframe loading=\"lazy\" class=\"wp-embedded-content\" title=\"\u00abGobernaci\u00f3n de Casanare se salv\u00f3 de proceso fiscal por sobrecostos en mercados. Contralor\u00eda cerr\u00f3 investigaci\u00f3n.\u00bb \u2014 \u25b7 Noticias de Casanare : Martha Cifuentes | Casanare\" src=\"https:\/\/marthacifuentes.com\/portada\/2020\/06\/17\/gobernacion-de-casanare-se-salvo-de-proceso-fiscal-por-sobrecostos-en-mercados-contraloria-cerro-investigacion\/embed\/#?secret=oPzXsxC5oG\" width=\"600\" height=\"623\" frameborder=\"0\" marginwidth=\"0\" marginheight=\"0\" scrolling=\"no\" sandbox=\"allow-scripts\" data-secret=\"oPzXsxC5oG\" data-mce-fragment=\"1\"><\/iframe><\/p>\n<p><iframe loading=\"lazy\" class=\"wp-embedded-content\" title=\"\u00abOficina del Sisb\u00e9n e Yopal atender\u00e1 presencialmente a partir de hoy\u00bb \u2014 \u25b7 Noticias de Casanare : Martha Cifuentes | Casanare\" src=\"https:\/\/marthacifuentes.com\/portada\/2020\/06\/16\/oficina-del-sisben-e-yopal-atendera-presencialmente-a-partir-de-hoy\/embed\/#?secret=RTJjPPASXF\" width=\"600\" height=\"595\" frameborder=\"0\" marginwidth=\"0\" marginheight=\"0\" scrolling=\"no\" sandbox=\"allow-scripts\" data-secret=\"RTJjPPASXF\" data-mce-fragment=\"1\"><\/iframe><\/p>\n<p><iframe loading=\"lazy\" class=\"wp-embedded-content\" title=\"\u00abExdefensor del Pueblo de Casanare denunci\u00f3 amenazas luego de tomar fotos donde un concejal de Yopal estar\u00eda violando la cuarentena\u00bb \u2014 \u25b7 Noticias de Casanare : Martha Cifuentes | Casanare\" src=\"https:\/\/marthacifuentes.com\/portada\/2020\/06\/16\/exdefensor-del-pueblo-de-casanare-denuncio-amenazas-luego-de-tomar-fotos-donde-un-concejal-de-yopal-estaria-violando-la-cuarentena\/embed\/#?secret=uEi26z3fZU\" width=\"600\" height=\"623\" frameborder=\"0\" marginwidth=\"0\" marginheight=\"0\" scrolling=\"no\" sandbox=\"allow-scripts\" data-secret=\"uEi26z3fZU\" data-mce-fragment=\"1\"><\/iframe><\/p>\n<p><iframe loading=\"lazy\" class=\"wp-embedded-content\" title=\"\u00abCasanare suma 37 casos covid-19. Tauramena, 3 casos\u00bb \u2014 \u25b7 Noticias de Casanare : Martha Cifuentes | Casanare\" src=\"https:\/\/marthacifuentes.com\/portada\/2020\/06\/12\/casanare-suma-37-casos-covid-19-tauramena-3-casos\/embed\/#?secret=n8hUY5YJfF\" width=\"600\" height=\"542\" frameborder=\"0\" marginwidth=\"0\" marginheight=\"0\" scrolling=\"no\" sandbox=\"allow-scripts\" data-secret=\"n8hUY5YJfF\" data-mce-fragment=\"1\"><\/iframe><\/p>\n<p><iframe loading=\"lazy\" class=\"wp-embedded-content\" title=\"\u00ab5 A\u00d1OS m\u00e1s tardar\u00e1n las obras de acueducto definitivo de Yopal: MinVivienda\u00bb \u2014 \u25b7 Noticias de Casanare : Martha Cifuentes | Casanare\" src=\"https:\/\/marthacifuentes.com\/portada\/2020\/06\/12\/5-anos-mas-tardaran-las-obras-de-acueducto-definitivo-de-yopal-minvivienda\/embed\/#?secret=NneOO5NanY\" width=\"600\" height=\"574\" frameborder=\"0\" marginwidth=\"0\" marginheight=\"0\" scrolling=\"no\" sandbox=\"allow-scripts\" data-secret=\"NneOO5NanY\" data-mce-fragment=\"1\"><\/iframe><\/p>\n<p><iframe loading=\"lazy\" class=\"wp-embedded-content\" title=\"\u00abCementerio antiguo de Yopal no se toca, ordena la JEP. Habr\u00eda restos de desaparecidos\u00bb \u2014 \u25b7 Noticias de Casanare : Martha Cifuentes | Casanare\" src=\"https:\/\/marthacifuentes.com\/portada\/2020\/06\/12\/cementerio-antiguo-de-yopal-no-se-toca-ordena-la-jep-habria-restos-de-desaparecidos\/embed\/#?secret=eREkxNkLAO\" width=\"600\" height=\"620\" frameborder=\"0\" marginwidth=\"0\" marginheight=\"0\" scrolling=\"no\" sandbox=\"allow-scripts\" data-secret=\"eREkxNkLAO\" data-mce-fragment=\"1\"><\/iframe><\/p>\n<p><iframe loading=\"lazy\" class=\"wp-embedded-content\" title=\"\u00ab100 veh\u00edculos enredados judicialmente en Yopal contin\u00faan inmovilizados por presunta demora en peritaje\u00bb \u2014 \u25b7 Noticias de Casanare : Martha Cifuentes | Casanare\" src=\"https:\/\/marthacifuentes.com\/portada\/2020\/06\/11\/100-vehiculos-enredados-judicialmente-en-yopal-continuan-inmovilizados-por-presunta-demora-en-peritaje\/embed\/#?secret=8jFM8LJCwk\" width=\"600\" height=\"623\" frameborder=\"0\" marginwidth=\"0\" marginheight=\"0\" scrolling=\"no\" sandbox=\"allow-scripts\" data-secret=\"8jFM8LJCwk\" data-mce-fragment=\"1\"><\/iframe><\/p>\n<p><iframe loading=\"lazy\" class=\"wp-embedded-content\" title=\"\u00ab120 intentos de suicidio se han notificado hasta mayo en Casanare. 5 menos frente al mismo periodo en 2019\u00bb \u2014 \u25b7 Noticias de Casanare : Martha Cifuentes | Casanare\" src=\"https:\/\/marthacifuentes.com\/portada\/2020\/06\/11\/120-intentos-de-suicidio-se-han-notificado-hasta-mayo-en-casanare-5-menos-frente-al-mismo-periodo-en-2019\/embed\/#?secret=guJJ8eXdUy\" width=\"600\" height=\"595\" frameborder=\"0\" marginwidth=\"0\" marginheight=\"0\" scrolling=\"no\" sandbox=\"allow-scripts\" data-secret=\"guJJ8eXdUy\" data-mce-fragment=\"1\"><\/iframe><\/p>\n<p><iframe loading=\"lazy\" class=\"wp-embedded-content\" title=\"\u00abReabri\u00f3 actividades presenciales la C\u00e1mara de Comercio de Casanare\u00bb \u2014 \u25b7 Noticias de Casanare : Martha Cifuentes | Casanare\" src=\"https:\/\/marthacifuentes.com\/portada\/2020\/06\/11\/reabrio-actividades-presenciales-la-camara-de-comercio-de-casanare\/embed\/#?secret=5HBwCas7uH\" width=\"600\" height=\"620\" frameborder=\"0\" marginwidth=\"0\" marginheight=\"0\" scrolling=\"no\" sandbox=\"allow-scripts\" data-secret=\"5HBwCas7uH\" data-mce-fragment=\"1\"><\/iframe><\/p>\n<p><iframe loading=\"lazy\" class=\"wp-embedded-content\" title=\"\u00abIglesia cristiana de Aguazul elegida para prueba piloto de reapertura de iglesias en el pa\u00eds\u00bb \u2014 \u25b7 Noticias de Casanare : Martha Cifuentes | Casanare\" src=\"https:\/\/marthacifuentes.com\/portada\/2020\/06\/11\/iglesia-cristiana-de-aguazul-elegida-para-prueba-piloto-de-reapertura-de-iglesias-en-el-pais\/embed\/#?secret=uqkfBJHCJa\" width=\"600\" height=\"595\" frameborder=\"0\" marginwidth=\"0\" marginheight=\"0\" scrolling=\"no\" sandbox=\"allow-scripts\" data-secret=\"uqkfBJHCJa\" data-mce-fragment=\"1\"><\/iframe><\/p>\n<p><iframe loading=\"lazy\" class=\"wp-embedded-content\" title=\"\u00ab30 de 36 infectados por covid-19 en Casanare ya no son portadores del virus\u00bb \u2014 \u25b7 Noticias de Casanare : Martha Cifuentes | Casanare\" src=\"https:\/\/marthacifuentes.com\/portada\/2020\/06\/10\/30-de-36-infectados-por-covid-19-en-casanare-ya-no-son-portadores-del-virus\/embed\/#?secret=BNOA5ecMVx\" width=\"600\" height=\"595\" frameborder=\"0\" marginwidth=\"0\" marginheight=\"0\" scrolling=\"no\" sandbox=\"allow-scripts\" data-secret=\"BNOA5ecMVx\" data-mce-fragment=\"1\"><\/iframe><\/p>\n<p><iframe loading=\"lazy\" class=\"wp-embedded-content\" title=\"\u00abPor violar protocolos de bioseguridad suspendido transporte de pasajeros desde y hacia Yopal\u00bb \u2014 \u25b7 Noticias de Casanare : Martha Cifuentes | Casanare\" src=\"https:\/\/marthacifuentes.com\/portada\/2020\/06\/10\/por-violar-protocolos-de-bioseguridad-suspendido-transporte-de-pasajeros-desde-y-hacia-yopal\/embed\/#?secret=Kid6AV6cmx\" width=\"600\" height=\"595\" frameborder=\"0\" marginwidth=\"0\" marginheight=\"0\" scrolling=\"no\" sandbox=\"allow-scripts\" data-secret=\"Kid6AV6cmx\" data-mce-fragment=\"1\"><\/iframe><\/p>\n<p><iframe loading=\"lazy\" class=\"wp-embedded-content\" title=\"\u00abProvincia Ningxia de China donar\u00e1 suministros m\u00e9dicos a Casanare\u00bb \u2014 \u25b7 Noticias de Casanare : Martha Cifuentes | Casanare\" src=\"https:\/\/marthacifuentes.com\/portada\/2020\/06\/10\/provincia-ningxia-de-china-donara-suministros-medicos-a-casanare\/embed\/#?secret=jQRCfH8DCi\" width=\"600\" height=\"581\" frameborder=\"0\" marginwidth=\"0\" marginheight=\"0\" scrolling=\"no\" sandbox=\"allow-scripts\" data-secret=\"jQRCfH8DCi\" data-mce-fragment=\"1\"><\/iframe><\/p>\n<p><iframe loading=\"lazy\" class=\"wp-embedded-content\" title=\"\u00abMigrantes venezolanos deber\u00e1n ser tratados con humanidad en corredor humanitario Casanare \u2013 Arauca, ordena Tribunal de Arauca\u00bb \u2014 \u25b7 Noticias de Casanare : Martha Cifuentes | Casanare\" src=\"https:\/\/marthacifuentes.com\/portada\/2020\/06\/09\/migrantes-venezolanos-deberan-ser-tratados-con-humanidad-en-corredor-humanitario-casanare-arauca-ordena-tribunal-de-arauca\/embed\/#?secret=M1OE1LHN3f\" width=\"600\" height=\"623\" frameborder=\"0\" marginwidth=\"0\" marginheight=\"0\" scrolling=\"no\" sandbox=\"allow-scripts\" data-secret=\"M1OE1LHN3f\" data-mce-fragment=\"1\"><\/iframe><\/p>\n<p><iframe loading=\"lazy\" class=\"wp-embedded-content\" title=\"\u00abEn Barrancabermeja fue cremado el paciente fallecido por covid-19 proveniente de Tauramena\u00bb \u2014 \u25b7 Noticias de Casanare : Martha Cifuentes | Casanare\" src=\"https:\/\/marthacifuentes.com\/portada\/2020\/06\/08\/en-barrancabermeja-fue-cremado-el-paciente-fallecido-por-covid-19-proveniente-de-tauramena\/embed\/#?secret=E6LVPjBRjU\" width=\"600\" height=\"620\" frameborder=\"0\" marginwidth=\"0\" marginheight=\"0\" scrolling=\"no\" sandbox=\"allow-scripts\" data-secret=\"E6LVPjBRjU\" data-mce-fragment=\"1\"><\/iframe><\/p>\n<p><iframe loading=\"lazy\" class=\"wp-embedded-content\" title=\"\u00abEn el d\u00eda del medio ambiente, j\u00f3venes denuncian grave contaminaci\u00f3n en el Ca\u00f1o Usivar por la PTAR de Yopal\u00bb \u2014 \u25b7 Noticias de Casanare : Martha Cifuentes | Casanare\" src=\"https:\/\/marthacifuentes.com\/portada\/2020\/06\/05\/en-el-dia-del-medio-ambiente-jovenes-denuncian-grave-contaminacion-en-el-cano-usivar-por-la-ptar-de-yopal\/embed\/#?secret=CLXdbRyFIO\" width=\"600\" height=\"623\" frameborder=\"0\" marginwidth=\"0\" marginheight=\"0\" scrolling=\"no\" sandbox=\"allow-scripts\" data-secret=\"CLXdbRyFIO\" data-mce-fragment=\"1\"><\/iframe><\/p>\n<p><iframe loading=\"lazy\" class=\"wp-embedded-content\" title=\"\u00abM\u00e1s de 6 mil infractores en Yopal a rendir cuentas en inspecciones de polic\u00eda desde el lunes 8 de junio\u00bb \u2014 \u25b7 Noticias de Casanare : Martha Cifuentes | Casanare\" src=\"https:\/\/marthacifuentes.com\/portada\/2020\/06\/05\/mas-de-6-mil-infractores-en-yopal-a-rendir-cuentas-en-inspecciones-de-policia-desde-el-lunes-8-de-junio\/embed\/#?secret=OkKqhMXps5\" width=\"600\" height=\"574\" frameborder=\"0\" marginwidth=\"0\" marginheight=\"0\" scrolling=\"no\" sandbox=\"allow-scripts\" data-secret=\"OkKqhMXps5\" data-mce-fragment=\"1\"><\/iframe><\/p>\n<p><iframe loading=\"lazy\" class=\"wp-embedded-content\" title=\"\u00abCasanare: 36 casos Covid-19 confirmados por INS pero hay 2 m\u00e1s que no han sido reclasificados.\u00bb \u2014 \u25b7 Noticias de Casanare : Martha Cifuentes | Casanare\" src=\"https:\/\/marthacifuentes.com\/portada\/2020\/06\/05\/casanare-36-casos-covid-19-confirmados-por-ins-pero-hay-2-mas-que-no-han-sido-reclasificados\/embed\/#?secret=HxoMRGYE84\" width=\"600\" height=\"595\" frameborder=\"0\" marginwidth=\"0\" marginheight=\"0\" scrolling=\"no\" sandbox=\"allow-scripts\" data-secret=\"HxoMRGYE84\" data-mce-fragment=\"1\"><\/iframe><\/p>\n<p><iframe loading=\"lazy\" class=\"wp-embedded-content\" title=\"\u00abCasanare lleg\u00f3 a 75% de ocupaci\u00f3n de camas UCI. Preocupaci\u00f3n en sector salud.\u00bb \u2014 \u25b7 Noticias de Casanare : Martha Cifuentes | Casanare\" src=\"https:\/\/marthacifuentes.com\/portada\/2020\/06\/04\/casanare-llego-a-75-de-ocupacion-de-camas-uci-preocupacion-en-sector-salud\/embed\/#?secret=02rPcuep7n\" width=\"600\" height=\"595\" frameborder=\"0\" marginwidth=\"0\" marginheight=\"0\" scrolling=\"no\" sandbox=\"allow-scripts\" data-secret=\"02rPcuep7n\" data-mce-fragment=\"1\"><\/iframe><\/p>\n<p><iframe loading=\"lazy\" class=\"wp-embedded-content\" title=\"\u00abTercer caso covid-19 en Tauramena seg\u00fan reporte de Sec. Salud Barrancabermeja\u00bb \u2014 \u25b7 Noticias de Casanare : Martha Cifuentes | Casanare\" src=\"https:\/\/marthacifuentes.com\/portada\/2020\/06\/04\/tercer-caso-covid-19-en-tauramena-segun-reporte-de-sec-salud-barrancabermeja\/embed\/#?secret=RNsEGVVwQk\" width=\"600\" height=\"620\" frameborder=\"0\" marginwidth=\"0\" marginheight=\"0\" scrolling=\"no\" sandbox=\"allow-scripts\" data-secret=\"RNsEGVVwQk\" data-mce-fragment=\"1\"><\/iframe><\/p>\n<p><iframe loading=\"lazy\" class=\"wp-embedded-content\" title=\"\u00abJudicializado contratista de Equi\u00f3n por reclamar pago de una deuda mediante protesta en locaci\u00f3n petrolera en Nunch\u00eda, Casanare\u00bb \u2014 \u25b7 Noticias de Casanare : Martha Cifuentes | Casanare\" src=\"https:\/\/marthacifuentes.com\/portada\/2020\/06\/04\/judicializado-contratista-de-equion-por-reclamar-pago-de-una-deuda-mediante-protesta-en-locacion-petrolera-en-nunchia-casanare\/embed\/#?secret=KGLFdiD6MG\" width=\"600\" height=\"648\" frameborder=\"0\" marginwidth=\"0\" marginheight=\"0\" scrolling=\"no\" sandbox=\"allow-scripts\" data-secret=\"KGLFdiD6MG\" data-mce-fragment=\"1\"><\/iframe><\/p>\n<p><iframe loading=\"lazy\" class=\"wp-embedded-content\" title=\"\u00abEnerca multada por fallas en la prestaci\u00f3n del servicio\u00bb \u2014 \u25b7 Noticias de Casanare : Martha Cifuentes | Casanare\" src=\"https:\/\/marthacifuentes.com\/portada\/2020\/06\/02\/enerca-multada-por-fallas-en-la-prestacion-del-servicio\/embed\/#?secret=vNIXogjGe7\" width=\"600\" height=\"567\" frameborder=\"0\" marginwidth=\"0\" marginheight=\"0\" scrolling=\"no\" sandbox=\"allow-scripts\" data-secret=\"vNIXogjGe7\" data-mce-fragment=\"1\"><\/iframe><\/p>\n<p><iframe loading=\"lazy\" class=\"wp-embedded-content\" title=\"\u00ab\u00bfEl rat\u00f3n cuidando al queso? Procurador de Casanare investigado por la Procuradur\u00eda\u00bb \u2014 \u25b7 Noticias de Casanare : Martha Cifuentes | Casanare\" src=\"https:\/\/marthacifuentes.com\/portada\/2020\/06\/02\/el-raton-cuidando-al-queso-procurador-de-casanare-investigado-por-la-procuraduria\/embed\/#?secret=bAVGXSH8pw\" width=\"600\" height=\"595\" frameborder=\"0\" marginwidth=\"0\" marginheight=\"0\" scrolling=\"no\" sandbox=\"allow-scripts\" data-secret=\"bAVGXSH8pw\" data-mce-fragment=\"1\"><\/iframe><\/p>\n<p><iframe loading=\"lazy\" class=\"wp-embedded-content\" title=\"\u00abM\u00e1s personas y con m\u00e1s tiempo, las personas podr\u00e1n salir en Yopal\u00bb \u2014 \u25b7 Noticias de Casanare : Martha Cifuentes | Casanare\" src=\"https:\/\/marthacifuentes.com\/portada\/2020\/06\/02\/mas-personas-y-con-mas-tiempo-las-personas-podran-salir-en-yopal\/embed\/#?secret=CMu2AHqHes\" width=\"600\" height=\"574\" frameborder=\"0\" marginwidth=\"0\" marginheight=\"0\" scrolling=\"no\" sandbox=\"allow-scripts\" data-secret=\"CMu2AHqHes\" data-mce-fragment=\"1\"><\/iframe><\/p>\n<p><iframe loading=\"lazy\" class=\"wp-embedded-content\" title=\"\u00abOtros tres desaparecidos o secuestrados en carretera del Norte de Casanare\u00bb \u2014 \u25b7 Noticias de Casanare : Martha Cifuentes | Casanare\" src=\"https:\/\/marthacifuentes.com\/portada\/2020\/06\/01\/otros-tres-desaparecidos-o-secuestrados-en-carretera-del-norte-de-casanare\/embed\/#?secret=sK4HE0jcjZ\" width=\"600\" height=\"595\" frameborder=\"0\" marginwidth=\"0\" marginheight=\"0\" scrolling=\"no\" sandbox=\"allow-scripts\" data-secret=\"sK4HE0jcjZ\" data-mce-fragment=\"1\"><\/iframe><\/p>\n<p><iframe loading=\"lazy\" class=\"wp-embedded-content\" title=\"\u00abHombre de 79 a\u00f1os con c\u00e1ncer, primer fallecido por coronavirus en Yopal\u00bb \u2014 \u25b7 Noticias de Casanare : Martha Cifuentes | Casanare\" src=\"https:\/\/marthacifuentes.com\/portada\/2020\/06\/01\/hombre-de-79-anos-con-cancer-primer-fallecido-por-coronavirus-en-yopal\/embed\/#?secret=lSO5aDUd51\" width=\"600\" height=\"574\" frameborder=\"0\" marginwidth=\"0\" marginheight=\"0\" scrolling=\"no\" sandbox=\"allow-scripts\" data-secret=\"lSO5aDUd51\" data-mce-fragment=\"1\"><\/iframe><\/p>\n<p><iframe loading=\"lazy\" class=\"wp-embedded-content\" title=\"\u00abMinvivienda y Findeter, culpables de empantanamiento de PTAP Yopal: Contralor\u00eda\u00bb \u2014 \u25b7 Noticias de Casanare : Martha Cifuentes | Casanare\" src=\"https:\/\/marthacifuentes.com\/portada\/2020\/05\/29\/minvivienda-y-findeter-culpables-de-empantanamiento-de-ptap-yopal-contraloria\/embed\/#?secret=6eSo2EukQu\" width=\"600\" height=\"620\" frameborder=\"0\" marginwidth=\"0\" marginheight=\"0\" scrolling=\"no\" sandbox=\"allow-scripts\" data-secret=\"6eSo2EukQu\" data-mce-fragment=\"1\"><\/iframe><\/p>\n<p><iframe loading=\"lazy\" class=\"wp-embedded-content\" title=\"\u00abHoy se cumplen 9 a\u00f1os del colapso de la PTAP Yopal y nuevo acueducto est\u00e1 embolatado\u00bb \u2014 \u25b7 Noticias de Casanare : Martha Cifuentes | Casanare\" src=\"https:\/\/marthacifuentes.com\/portada\/2020\/05\/29\/hoy-se-cumplen-9-anos-del-colapso-de-la-ptap-yopal-y-nuevo-acueducto-esta-embolatado\/embed\/#?secret=IUHTtXYgTa\" width=\"600\" height=\"574\" frameborder=\"0\" marginwidth=\"0\" marginheight=\"0\" scrolling=\"no\" sandbox=\"allow-scripts\" data-secret=\"IUHTtXYgTa\" data-mce-fragment=\"1\"><\/iframe><\/p>\n<p><iframe loading=\"lazy\" class=\"wp-embedded-content\" title=\"\u00abA 9 a\u00f1os sin PTAP comunidad de Yopal exige respuestas\u00bb \u2014 \u25b7 Noticias de Casanare : Martha Cifuentes | Casanare\" src=\"https:\/\/marthacifuentes.com\/portada\/2020\/05\/29\/a-9-anos-sin-ptap-comunidad-de-yopal-exige-respuestas\/embed\/#?secret=H9DyCWAcX1\" width=\"600\" height=\"595\" frameborder=\"0\" marginwidth=\"0\" marginheight=\"0\" scrolling=\"no\" sandbox=\"allow-scripts\" data-secret=\"H9DyCWAcX1\" data-mce-fragment=\"1\"><\/iframe><\/p>\n<p><iframe loading=\"lazy\" class=\"wp-embedded-content\" title=\"\u00abCaso de universitaria con Covid-19 es aclarado por Secretar\u00eda de Salud Casanare\u00bb \u2014 \u25b7 Noticias de Casanare : Martha Cifuentes | Casanare\" src=\"https:\/\/marthacifuentes.com\/portada\/2020\/05\/27\/caso-de-universitaria-con-covid-19-es-aclarado-por-secretaria-de-salud-casanare\/embed\/#?secret=EA2kUg9I5w\" width=\"600\" height=\"595\" frameborder=\"0\" marginwidth=\"0\" marginheight=\"0\" scrolling=\"no\" sandbox=\"allow-scripts\" data-secret=\"EA2kUg9I5w\" data-mce-fragment=\"1\"><\/iframe><\/p>\n<p><iframe loading=\"lazy\" class=\"wp-embedded-content\" title=\"\u00abFuerte disminuci\u00f3n de ventas y posible despido de trabajadores, reportan empresarios de Casanare\u00bb \u2014 \u25b7 Noticias de Casanare : Martha Cifuentes | Casanare\" src=\"https:\/\/marthacifuentes.com\/portada\/2020\/05\/27\/fuerte-disminucion-de-ventas-y-posible-despido-de-trabajadores-reportan-empresarios-de-casanare\/embed\/#?secret=rRF17J2JXz\" width=\"600\" height=\"595\" frameborder=\"0\" marginwidth=\"0\" marginheight=\"0\" scrolling=\"no\" sandbox=\"allow-scripts\" data-secret=\"rRF17J2JXz\" data-mce-fragment=\"1\"><\/iframe><\/p>\n<p><iframe loading=\"lazy\" class=\"wp-embedded-content\" title=\"\u00abCoronavirus lleg\u00f3 a Tauramena con 2 casos. Yopal suma 4 m\u00e1s. Total Casanare:32\u00bb \u2014 \u25b7 Noticias de Casanare : Martha Cifuentes | Casanare\" src=\"https:\/\/marthacifuentes.com\/portada\/2020\/05\/25\/coronavirus-llego-a-tauramena-con-2-casos-yopal-suma-4-mas-total-casanare32\/embed\/#?secret=vLsQSB4gxa\" width=\"600\" height=\"580\" frameborder=\"0\" marginwidth=\"0\" marginheight=\"0\" scrolling=\"no\" sandbox=\"allow-scripts\" data-secret=\"vLsQSB4gxa\" data-mce-fragment=\"1\"><\/iframe><\/p>\n<p><iframe loading=\"lazy\" class=\"wp-embedded-content\" title=\"\u00abPetroleras respaldadas por Min Interior evaden protocolos de bioseguridad en ingreso de personal a Aguazul\u00bb \u2014 \u25b7 Noticias de Casanare : Martha Cifuentes | Casanare\" src=\"https:\/\/marthacifuentes.com\/portada\/2020\/05\/24\/petroleras-respaldadas-por-min-interior-evaden-protocolos-de-bioseguridad-en-ingreso-de-personal-a-aguazul\/embed\/#?secret=UnlHW02gkA\" width=\"600\" height=\"623\" frameborder=\"0\" marginwidth=\"0\" marginheight=\"0\" scrolling=\"no\" sandbox=\"allow-scripts\" data-secret=\"UnlHW02gkA\" data-mce-fragment=\"1\"><\/iframe><\/p>\n<p><iframe loading=\"lazy\" class=\"wp-embedded-content\" title=\"\u00abRecuperados 19 de 26 casos de coronavirus en Casanare\u00bb \u2014 \u25b7 Noticias de Casanare : Martha Cifuentes | Casanare\" src=\"https:\/\/marthacifuentes.com\/portada\/2020\/05\/23\/recuperados-19-de-26-casos-de-coronavirus-en-casanare\/embed\/#?secret=nrUbUxgNXu\" width=\"600\" height=\"595\" frameborder=\"0\" marginwidth=\"0\" marginheight=\"0\" scrolling=\"no\" sandbox=\"allow-scripts\" data-secret=\"nrUbUxgNXu\" data-mce-fragment=\"1\"><\/iframe><\/p>\n<p><iframe loading=\"lazy\" class=\"wp-embedded-content\" title=\"\u00abToque de queda entre 10 pm y 5am pide alcalde de Yopal al gobernador de Casanare\u00bb \u2014 \u25b7 Noticias de Casanare : Martha Cifuentes | Casanare\" src=\"https:\/\/marthacifuentes.com\/portada\/2020\/05\/23\/toque-de-queda-entre-10-pm-y-5am-pide-alcalde-de-yopal-al-gobernador-de-casanare\/embed\/#?secret=UZ24uIVmCf\" width=\"600\" height=\"574\" frameborder=\"0\" marginwidth=\"0\" marginheight=\"0\" scrolling=\"no\" sandbox=\"allow-scripts\" data-secret=\"UZ24uIVmCf\" data-mce-fragment=\"1\"><\/iframe><\/p>\n","protected":false},"excerpt":{"rendered":"<p>El Instituto Nacional de Salud confirm\u00f3 3 nuevos casos de coronavirus en Casanare para un total de 64 a hoy 25 de junio. De estos, 46 son en Yopal. Este mes se han presentado el 45% de los infectados en el departamento. De los 64 casos, 34 est\u00e1n recuperados, 29 est\u00e1n en sus casas en &hellip;<\/p>\n","protected":false},"author":2,"featured_media":23998,"comment_status":"open","ping_status":"open","sticky":false,"template":"","format":"standard","meta":{"om_disable_all_campaigns":false,"_exactmetrics_skip_tracking":false,"_exactmetrics_sitenote_active":false,"_exactmetrics_sitenote_note":"","_exactmetrics_sitenote_category":0,"_monsterinsights_skip_tracking":false,"_monsterinsights_sitenote_active":false,"_monsterinsights_sitenote_note":"","_monsterinsights_sitenote_category":0,"_uf_show_specific_survey":0,"_uf_disable_surveys":false,"_joinchat":[],"footnotes":""},"categories":[147,146,145],"tags":[4672,4671,4265],"class_list":["post-23990","post","type-post","status-publish","format-standard","has-post-thumbnail","hentry","category-actualidad","category-noticias","category-reportajes","tag-64-casos-de-coronavirus-en-casanare","tag-casos-yopal-coronavirus","tag-noticias-casanare-coronavirus"],"yoast_head":"<!-- This site is optimized with the Yoast SEO plugin v26.1 - https:\/\/yoast.com\/wordpress\/plugins\/seo\/ -->\n<title>64 casos Covid-19 en Casanare. 46 en Yopal. - \u25b7 Noticias de Casanare : Martha Cifuentes | Casanare<\/title>\n<meta name=\"robots\" content=\"index, follow, max-snippet:-1, max-image-preview:large, max-video-preview:-1\" \/>\n<link rel=\"canonical\" href=\"https:\/\/marthacifuentes.com\/portada\/64-casos-covid-19-en-casanare-46-en-yopal\/\" \/>\n<meta property=\"og:locale\" content=\"es_ES\" \/>\n<meta property=\"og:type\" content=\"article\" \/>\n<meta property=\"og:title\" content=\"64 casos Covid-19 en Casanare. 46 en Yopal. - \u25b7 Noticias de Casanare : Martha Cifuentes | Casanare\" \/>\n<meta property=\"og:description\" content=\"El Instituto Nacional de Salud confirm\u00f3 3 nuevos casos de coronavirus en Casanare para un total de 64 a hoy 25 de junio. De estos, 46 son en Yopal. Este mes se han presentado el 45% de los infectados en el departamento. De los 64 casos, 34 est\u00e1n recuperados, 29 est\u00e1n en sus casas en &hellip;\" \/>\n<meta property=\"og:url\" content=\"https:\/\/marthacifuentes.com\/portada\/64-casos-covid-19-en-casanare-46-en-yopal\/\" \/>\n<meta property=\"og:site_name\" content=\"\u25b7 Noticias de Casanare : Martha Cifuentes | Casanare\" \/>\n<meta property=\"article:published_time\" content=\"2020-06-25T23:30:32+00:00\" \/>\n<meta property=\"og:image\" content=\"https:\/\/marthacifuentes.com\/portada\/wp-content\/uploads\/2020\/06\/CORONAVIRUS-64-CASOS-CASANARE.jpg\" \/>\n\t<meta property=\"og:image:width\" content=\"1152\" \/>\n\t<meta property=\"og:image:height\" content=\"566\" \/>\n\t<meta property=\"og:image:type\" content=\"image\/jpeg\" \/>\n<meta name=\"author\" content=\"Martha Cifuentes\" \/>\n<meta name=\"twitter:card\" content=\"summary_large_image\" \/>\n<meta name=\"twitter:label1\" content=\"Escrito por\" \/>\n\t<meta name=\"twitter:data1\" content=\"Martha Cifuentes\" \/>\n\t<meta name=\"twitter:label2\" content=\"Tiempo de lectura\" \/>\n\t<meta name=\"twitter:data2\" content=\"1 minuto\" \/>\n<script type=\"application\/ld+json\" class=\"yoast-schema-graph\">{\"@context\":\"https:\/\/schema.org\",\"@graph\":[{\"@type\":\"WebPage\",\"@id\":\"https:\/\/marthacifuentes.com\/portada\/64-casos-covid-19-en-casanare-46-en-yopal\/\",\"url\":\"https:\/\/marthacifuentes.com\/portada\/64-casos-covid-19-en-casanare-46-en-yopal\/\",\"name\":\"64 casos Covid-19 en Casanare. 46 en Yopal. - \u25b7 Noticias de Casanare : Martha Cifuentes | Casanare\",\"isPartOf\":{\"@id\":\"https:\/\/marthacifuentes.com\/portada\/#website\"},\"primaryImageOfPage\":{\"@id\":\"https:\/\/marthacifuentes.com\/portada\/64-casos-covid-19-en-casanare-46-en-yopal\/#primaryimage\"},\"image\":{\"@id\":\"https:\/\/marthacifuentes.com\/portada\/64-casos-covid-19-en-casanare-46-en-yopal\/#primaryimage\"},\"thumbnailUrl\":\"https:\/\/marthacifuentes.com\/portada\/wp-content\/uploads\/2020\/06\/CORONAVIRUS-64-CASOS-CASANARE.jpg\",\"datePublished\":\"2020-06-25T23:30:32+00:00\",\"author\":{\"@id\":\"https:\/\/marthacifuentes.com\/portada\/#\/schema\/person\/57f53174b991db5f90ff78d58502b714\"},\"breadcrumb\":{\"@id\":\"https:\/\/marthacifuentes.com\/portada\/64-casos-covid-19-en-casanare-46-en-yopal\/#breadcrumb\"},\"inLanguage\":\"es\",\"potentialAction\":[{\"@type\":\"ReadAction\",\"target\":[\"https:\/\/marthacifuentes.com\/portada\/64-casos-covid-19-en-casanare-46-en-yopal\/\"]}]},{\"@type\":\"ImageObject\",\"inLanguage\":\"es\",\"@id\":\"https:\/\/marthacifuentes.com\/portada\/64-casos-covid-19-en-casanare-46-en-yopal\/#primaryimage\",\"url\":\"https:\/\/marthacifuentes.com\/portada\/wp-content\/uploads\/2020\/06\/CORONAVIRUS-64-CASOS-CASANARE.jpg\",\"contentUrl\":\"https:\/\/marthacifuentes.com\/portada\/wp-content\/uploads\/2020\/06\/CORONAVIRUS-64-CASOS-CASANARE.jpg\",\"width\":1152,\"height\":566},{\"@type\":\"BreadcrumbList\",\"@id\":\"https:\/\/marthacifuentes.com\/portada\/64-casos-covid-19-en-casanare-46-en-yopal\/#breadcrumb\",\"itemListElement\":[{\"@type\":\"ListItem\",\"position\":1,\"name\":\"Portada\",\"item\":\"https:\/\/marthacifuentes.com\/portada\/\"},{\"@type\":\"ListItem\",\"position\":2,\"name\":\"64 casos Covid-19 en Casanare. 46 en Yopal.\"}]},{\"@type\":\"WebSite\",\"@id\":\"https:\/\/marthacifuentes.com\/portada\/#website\",\"url\":\"https:\/\/marthacifuentes.com\/portada\/\",\"name\":\"\u25b7 Noticias de Casanare : Martha Cifuentes | Casanare\",\"description\":\"Noticias &amp; Contenidos\",\"potentialAction\":[{\"@type\":\"SearchAction\",\"target\":{\"@type\":\"EntryPoint\",\"urlTemplate\":\"https:\/\/marthacifuentes.com\/portada\/?s={search_term_string}\"},\"query-input\":{\"@type\":\"PropertyValueSpecification\",\"valueRequired\":true,\"valueName\":\"search_term_string\"}}],\"inLanguage\":\"es\"},{\"@type\":\"Person\",\"@id\":\"https:\/\/marthacifuentes.com\/portada\/#\/schema\/person\/57f53174b991db5f90ff78d58502b714\",\"name\":\"Martha Cifuentes\",\"image\":{\"@type\":\"ImageObject\",\"inLanguage\":\"es\",\"@id\":\"https:\/\/marthacifuentes.com\/portada\/#\/schema\/person\/image\/\",\"url\":\"http:\/\/marthacifuentes.com\/portada\/wp-content\/uploads\/2018\/06\/avatar_user_2_1528838701-96x96.jpg\",\"contentUrl\":\"http:\/\/marthacifuentes.com\/portada\/wp-content\/uploads\/2018\/06\/avatar_user_2_1528838701-96x96.jpg\",\"caption\":\"Martha Cifuentes\"},\"sameAs\":[\"http:\/\/www.marthacifuentes.com\"],\"url\":\"https:\/\/marthacifuentes.com\/portada\/author\/martha\/\"}]}<\/script>\n<!-- \/ Yoast SEO plugin. -->","yoast_head_json":{"title":"64 casos Covid-19 en Casanare. 46 en Yopal. - \u25b7 Noticias de Casanare : Martha Cifuentes | Casanare","robots":{"index":"index","follow":"follow","max-snippet":"max-snippet:-1","max-image-preview":"max-image-preview:large","max-video-preview":"max-video-preview:-1"},"canonical":"https:\/\/marthacifuentes.com\/portada\/64-casos-covid-19-en-casanare-46-en-yopal\/","og_locale":"es_ES","og_type":"article","og_title":"64 casos Covid-19 en Casanare. 46 en Yopal. - \u25b7 Noticias de Casanare : Martha Cifuentes | Casanare","og_description":"El Instituto Nacional de Salud confirm\u00f3 3 nuevos casos de coronavirus en Casanare para un total de 64 a hoy 25 de junio. De estos, 46 son en Yopal. Este mes se han presentado el 45% de los infectados en el departamento. De los 64 casos, 34 est\u00e1n recuperados, 29 est\u00e1n en sus casas en &hellip;","og_url":"https:\/\/marthacifuentes.com\/portada\/64-casos-covid-19-en-casanare-46-en-yopal\/","og_site_name":"\u25b7 Noticias de Casanare : Martha Cifuentes | Casanare","article_published_time":"2020-06-25T23:30:32+00:00","og_image":[{"width":1152,"height":566,"url":"https:\/\/marthacifuentes.com\/portada\/wp-content\/uploads\/2020\/06\/CORONAVIRUS-64-CASOS-CASANARE.jpg","type":"image\/jpeg"}],"author":"Martha Cifuentes","twitter_card":"summary_large_image","twitter_misc":{"Escrito por":"Martha Cifuentes","Tiempo de lectura":"1 minuto"},"schema":{"@context":"https:\/\/schema.org","@graph":[{"@type":"WebPage","@id":"https:\/\/marthacifuentes.com\/portada\/64-casos-covid-19-en-casanare-46-en-yopal\/","url":"https:\/\/marthacifuentes.com\/portada\/64-casos-covid-19-en-casanare-46-en-yopal\/","name":"64 casos Covid-19 en Casanare. 46 en Yopal. - \u25b7 Noticias de Casanare : Martha Cifuentes | Casanare","isPartOf":{"@id":"https:\/\/marthacifuentes.com\/portada\/#website"},"primaryImageOfPage":{"@id":"https:\/\/marthacifuentes.com\/portada\/64-casos-covid-19-en-casanare-46-en-yopal\/#primaryimage"},"image":{"@id":"https:\/\/marthacifuentes.com\/portada\/64-casos-covid-19-en-casanare-46-en-yopal\/#primaryimage"},"thumbnailUrl":"https:\/\/marthacifuentes.com\/portada\/wp-content\/uploads\/2020\/06\/CORONAVIRUS-64-CASOS-CASANARE.jpg","datePublished":"2020-06-25T23:30:32+00:00","author":{"@id":"https:\/\/marthacifuentes.com\/portada\/#\/schema\/person\/57f53174b991db5f90ff78d58502b714"},"breadcrumb":{"@id":"https:\/\/marthacifuentes.com\/portada\/64-casos-covid-19-en-casanare-46-en-yopal\/#breadcrumb"},"inLanguage":"es","potentialAction":[{"@type":"ReadAction","target":["https:\/\/marthacifuentes.com\/portada\/64-casos-covid-19-en-casanare-46-en-yopal\/"]}]},{"@type":"ImageObject","inLanguage":"es","@id":"https:\/\/marthacifuentes.com\/portada\/64-casos-covid-19-en-casanare-46-en-yopal\/#primaryimage","url":"https:\/\/marthacifuentes.com\/portada\/wp-content\/uploads\/2020\/06\/CORONAVIRUS-64-CASOS-CASANARE.jpg","contentUrl":"https:\/\/marthacifuentes.com\/portada\/wp-content\/uploads\/2020\/06\/CORONAVIRUS-64-CASOS-CASANARE.jpg","width":1152,"height":566},{"@type":"BreadcrumbList","@id":"https:\/\/marthacifuentes.com\/portada\/64-casos-covid-19-en-casanare-46-en-yopal\/#breadcrumb","itemListElement":[{"@type":"ListItem","position":1,"name":"Portada","item":"https:\/\/marthacifuentes.com\/portada\/"},{"@type":"ListItem","position":2,"name":"64 casos Covid-19 en Casanare. 46 en Yopal."}]},{"@type":"WebSite","@id":"https:\/\/marthacifuentes.com\/portada\/#website","url":"https:\/\/marthacifuentes.com\/portada\/","name":"\u25b7 Noticias de Casanare : Martha Cifuentes | Casanare","description":"Noticias &amp; Contenidos","potentialAction":[{"@type":"SearchAction","target":{"@type":"EntryPoint","urlTemplate":"https:\/\/marthacifuentes.com\/portada\/?s={search_term_string}"},"query-input":{"@type":"PropertyValueSpecification","valueRequired":true,"valueName":"search_term_string"}}],"inLanguage":"es"},{"@type":"Person","@id":"https:\/\/marthacifuentes.com\/portada\/#\/schema\/person\/57f53174b991db5f90ff78d58502b714","name":"Martha Cifuentes","image":{"@type":"ImageObject","inLanguage":"es","@id":"https:\/\/marthacifuentes.com\/portada\/#\/schema\/person\/image\/","url":"http:\/\/marthacifuentes.com\/portada\/wp-content\/uploads\/2018\/06\/avatar_user_2_1528838701-96x96.jpg","contentUrl":"http:\/\/marthacifuentes.com\/portada\/wp-content\/uploads\/2018\/06\/avatar_user_2_1528838701-96x96.jpg","caption":"Martha Cifuentes"},"sameAs":["http:\/\/www.marthacifuentes.com"],"url":"https:\/\/marthacifuentes.com\/portada\/author\/martha\/"}]}},"_links":{"self":[{"href":"https:\/\/marthacifuentes.com\/portada\/wp-json\/wp\/v2\/posts\/23990","targetHints":{"allow":["GET"]}}],"collection":[{"href":"https:\/\/marthacifuentes.com\/portada\/wp-json\/wp\/v2\/posts"}],"about":[{"href":"https:\/\/marthacifuentes.com\/portada\/wp-json\/wp\/v2\/types\/post"}],"author":[{"embeddable":true,"href":"https:\/\/marthacifuentes.com\/portada\/wp-json\/wp\/v2\/users\/2"}],"replies":[{"embeddable":true,"href":"https:\/\/marthacifuentes.com\/portada\/wp-json\/wp\/v2\/comments?post=23990"}],"version-history":[{"count":0,"href":"https:\/\/marthacifuentes.com\/portada\/wp-json\/wp\/v2\/posts\/23990\/revisions"}],"wp:featuredmedia":[{"embeddable":true,"href":"https:\/\/marthacifuentes.com\/portada\/wp-json\/wp\/v2\/media\/23998"}],"wp:attachment":[{"href":"https:\/\/marthacifuentes.com\/portada\/wp-json\/wp\/v2\/media?parent=23990"}],"wp:term":[{"taxonomy":"category","embeddable":true,"href":"https:\/\/marthacifuentes.com\/portada\/wp-json\/wp\/v2\/categories?post=23990"},{"taxonomy":"post_tag","embeddable":true,"href":"https:\/\/marthacifuentes.com\/portada\/wp-json\/wp\/v2\/tags?post=23990"}],"curies":[{"name":"wp","href":"https:\/\/api.w.org\/{rel}","templated":true}]}}