{"id":24175,"date":"2020-07-09T18:26:50","date_gmt":"2020-07-09T23:26:50","guid":{"rendered":"https:\/\/marthacifuentes.com\/portada\/?p=24175"},"modified":"2020-07-09T18:26:50","modified_gmt":"2020-07-09T23:26:50","slug":"fac-auxilia-a-2-bebes-indigenas-desnutridas-las-saca-de-cano-mochuelo-hacia-yopal","status":"publish","type":"post","link":"https:\/\/marthacifuentes.com\/portada\/fac-auxilia-a-2-bebes-indigenas-desnutridas-las-saca-de-cano-mochuelo-hacia-yopal\/","title":{"rendered":"FAC auxilia a 2 beb\u00e9s ind\u00edgenas desnutridas. Las saca de Ca\u00f1o Mochuelo hacia Yopal."},"content":{"rendered":"<p style=\"text-align: justify;\">Dos beb\u00e9s ind\u00edgenas de dos meses de nacidas, con un alto grado de desnutrici\u00f3n, fueron trasladadas en un vuelo humanitario desde el resguardo ind\u00edgena de Ca\u00f1o Mochuelo, en el norte de Casanare, hasta Yopal, capital del departamento, en un helic\u00f3ptero UH-60 \u2018Black Hawk\u2019 de la Fuerza A\u00e9rea Colombiana.<\/p>\n<p style=\"text-align: justify;\">Tan pronto el Grupo A\u00e9reo del Casanare (GACAS) recibi\u00f3 el requerimiento, coordin\u00f3 lo necesario para hacer el traslado de las menores desde este lugar de dif\u00edcil acceso por tierra, ubicado a 190 millas de Yopal. Para acceder a la vereda Ca\u00f1o Mochuelo, se deben emplear medios de transporte terrestres y acu\u00e1ticos con tramos inundados por las constantes lluvias en la regi\u00f3n, por esta raz\u00f3n, el apoyo a\u00e9reo era fundamental para salvar la vida de las menores.<\/p>\n<p style=\"text-align: justify;\">Para tal fin, su Fuerza A\u00e9rea Colombiana dispuso un helic\u00f3ptero de transporte que permiti\u00f3 la oportuna llegada de las menores al Hospital Regional de la Orinoqu\u00eda en Yopal, donde se les brindar\u00e1 la atenci\u00f3n especializada que buscar\u00e1 estabilizarlas.<\/p>\n<p style=\"text-align: justify;\">Las ni\u00f1as viajaron junto a sus padres y recibieron atenci\u00f3n m\u00e9dica de los m\u00e9dicos militares del GACAS para supervisar su estabilidad durante el vuelo, que tuvo una duraci\u00f3n aproximada de dos horas, para finalmente ser entregadas al Instituto Colombiano de Bienestar Familiar, ICBF, quienes se encargar\u00e1n de garantizar sus derechos y bienestar.<\/p>\n<p>\u00a0 \u00a0 \u00a0<img loading=\"lazy\" decoding=\"async\" class=\"alignnone  wp-image-24178\" src=\"https:\/\/marthacifuentes.com\/portada\/wp-content\/uploads\/2020\/07\/WhatsApp-Image-2020-07-09-at-6.04.42-PM-1024x682.jpeg\" alt=\"\" width=\"764\" height=\"508\" srcset=\"https:\/\/marthacifuentes.com\/portada\/wp-content\/uploads\/2020\/07\/WhatsApp-Image-2020-07-09-at-6.04.42-PM-1024x682.jpeg 1024w, https:\/\/marthacifuentes.com\/portada\/wp-content\/uploads\/2020\/07\/WhatsApp-Image-2020-07-09-at-6.04.42-PM-300x200.jpeg 300w, https:\/\/marthacifuentes.com\/portada\/wp-content\/uploads\/2020\/07\/WhatsApp-Image-2020-07-09-at-6.04.42-PM-768x512.jpeg 768w, https:\/\/marthacifuentes.com\/portada\/wp-content\/uploads\/2020\/07\/WhatsApp-Image-2020-07-09-at-6.04.42-PM.jpeg 1280w\" sizes=\"auto, (max-width: 764px) 100vw, 764px\" \/><\/p>\n<p><img loading=\"lazy\" decoding=\"async\" class=\"alignnone  wp-image-24179\" src=\"https:\/\/marthacifuentes.com\/portada\/wp-content\/uploads\/2020\/07\/WhatsApp-Image-2020-07-09-at-6.04.46-PM-1024x682.jpeg\" alt=\"\" width=\"383\" height=\"255\" srcset=\"https:\/\/marthacifuentes.com\/portada\/wp-content\/uploads\/2020\/07\/WhatsApp-Image-2020-07-09-at-6.04.46-PM-1024x682.jpeg 1024w, https:\/\/marthacifuentes.com\/portada\/wp-content\/uploads\/2020\/07\/WhatsApp-Image-2020-07-09-at-6.04.46-PM-300x200.jpeg 300w, https:\/\/marthacifuentes.com\/portada\/wp-content\/uploads\/2020\/07\/WhatsApp-Image-2020-07-09-at-6.04.46-PM-768x512.jpeg 768w, https:\/\/marthacifuentes.com\/portada\/wp-content\/uploads\/2020\/07\/WhatsApp-Image-2020-07-09-at-6.04.46-PM.jpeg 1280w\" sizes=\"auto, (max-width: 383px) 100vw, 383px\" \/>\u00a0 \u00a0 \u00a0<img loading=\"lazy\" decoding=\"async\" class=\"alignnone  wp-image-24180\" src=\"https:\/\/marthacifuentes.com\/portada\/wp-content\/uploads\/2020\/07\/WhatsApp-Image-2020-07-09-at-6.04.48-PM-1024x576.jpeg\" alt=\"\" width=\"390\" height=\"220\" srcset=\"https:\/\/marthacifuentes.com\/portada\/wp-content\/uploads\/2020\/07\/WhatsApp-Image-2020-07-09-at-6.04.48-PM-1024x576.jpeg 1024w, https:\/\/marthacifuentes.com\/portada\/wp-content\/uploads\/2020\/07\/WhatsApp-Image-2020-07-09-at-6.04.48-PM-300x169.jpeg 300w, https:\/\/marthacifuentes.com\/portada\/wp-content\/uploads\/2020\/07\/WhatsApp-Image-2020-07-09-at-6.04.48-PM-768x432.jpeg 768w, https:\/\/marthacifuentes.com\/portada\/wp-content\/uploads\/2020\/07\/WhatsApp-Image-2020-07-09-at-6.04.48-PM-390x220.jpeg 390w, https:\/\/marthacifuentes.com\/portada\/wp-content\/uploads\/2020\/07\/WhatsApp-Image-2020-07-09-at-6.04.48-PM.jpeg 1280w\" sizes=\"auto, (max-width: 390px) 100vw, 390px\" \/><\/p>\n<p><img loading=\"lazy\" decoding=\"async\" class=\"alignnone size-large wp-image-24181\" src=\"https:\/\/marthacifuentes.com\/portada\/wp-content\/uploads\/2020\/07\/WhatsApp-Image-2020-07-09-at-6.04.45-PM-1024x682.jpeg\" alt=\"\" width=\"1024\" height=\"682\" srcset=\"https:\/\/marthacifuentes.com\/portada\/wp-content\/uploads\/2020\/07\/WhatsApp-Image-2020-07-09-at-6.04.45-PM-1024x682.jpeg 1024w, https:\/\/marthacifuentes.com\/portada\/wp-content\/uploads\/2020\/07\/WhatsApp-Image-2020-07-09-at-6.04.45-PM-300x200.jpeg 300w, https:\/\/marthacifuentes.com\/portada\/wp-content\/uploads\/2020\/07\/WhatsApp-Image-2020-07-09-at-6.04.45-PM-768x512.jpeg 768w, https:\/\/marthacifuentes.com\/portada\/wp-content\/uploads\/2020\/07\/WhatsApp-Image-2020-07-09-at-6.04.45-PM.jpeg 1280w\" sizes=\"auto, (max-width: 1024px) 100vw, 1024px\" \/><\/p>\n<h3><strong>Otras noticias\u2026<\/strong><\/h3>\n<blockquote class=\"wp-embedded-content\" data-secret=\"m4BEP7SKxq\"><p><a href=\"https:\/\/marthacifuentes.com\/portada\/2020\/07\/09\/pruebas-rapidas-para-covid-19-se-aplicaron-a-personal-de-17-ips-de-red-salud-casanare\/\">Pruebas r\u00e1pidas para Covid-19 se aplicaron a personal de 17 IPS de Red salud Casanare<\/a><\/p><\/blockquote>\n<p><iframe loading=\"lazy\" class=\"wp-embedded-content\" sandbox=\"allow-scripts\" security=\"restricted\" style=\"position: absolute; clip: rect(1px, 1px, 1px, 1px);\" title=\"\u00abPruebas r\u00e1pidas para Covid-19 se aplicaron a personal de 17 IPS de Red salud Casanare\u00bb \u2014 \u25b7 Noticias de Casanare : Martha Cifuentes | Casanare\" src=\"https:\/\/marthacifuentes.com\/portada\/2020\/07\/09\/pruebas-rapidas-para-covid-19-se-aplicaron-a-personal-de-17-ips-de-red-salud-casanare\/embed\/#?secret=KD0coEwS8C#?secret=m4BEP7SKxq\" data-secret=\"m4BEP7SKxq\" width=\"500\" height=\"282\" frameborder=\"0\" marginwidth=\"0\" marginheight=\"0\" scrolling=\"no\"><\/iframe><\/p>\n<blockquote class=\"wp-embedded-content\" data-secret=\"5aWBx0wV5R\"><p><a href=\"https:\/\/marthacifuentes.com\/portada\/2020\/07\/09\/capresoca-trata-de-solucionar-demora-en-entrega-de-medicamentos\/\">Capresoca trata de solucionar demora en entrega de medicamentos<\/a><\/p><\/blockquote>\n<p><iframe loading=\"lazy\" class=\"wp-embedded-content\" title=\"\u00abCapresoca trata de solucionar demora en entrega de medicamentos\u00bb \u2014 \u25b7 Noticias de Casanare : Martha Cifuentes | Casanare\" src=\"https:\/\/marthacifuentes.com\/portada\/2020\/07\/09\/capresoca-trata-de-solucionar-demora-en-entrega-de-medicamentos\/embed\/#?secret=5aWBx0wV5R\" width=\"600\" height=\"338\" frameborder=\"0\" marginwidth=\"0\" marginheight=\"0\" scrolling=\"no\" sandbox=\"allow-scripts\" data-secret=\"5aWBx0wV5R\" data-mce-fragment=\"1\"><\/iframe><\/p>\n<blockquote class=\"wp-embedded-content\" data-secret=\"uOgK8nDKY4\"><p><a href=\"https:\/\/marthacifuentes.com\/portada\/2020\/07\/09\/con-2-millones-de-animales-vacunados-contra-fiebre-aftosa-casanare-alcanza-96-de-cobertura\/\">Con 2 millones de animales vacunados contra fiebre aftosa, Casanare alcanza 96% de cobertura<\/a><\/p><\/blockquote>\n<p><iframe loading=\"lazy\" class=\"wp-embedded-content\" title=\"\u00abCon 2 millones de animales vacunados contra fiebre aftosa, Casanare alcanza 96% de cobertura\u00bb \u2014 \u25b7 Noticias de Casanare : Martha Cifuentes | Casanare\" src=\"https:\/\/marthacifuentes.com\/portada\/2020\/07\/09\/con-2-millones-de-animales-vacunados-contra-fiebre-aftosa-casanare-alcanza-96-de-cobertura\/embed\/#?secret=uOgK8nDKY4\" width=\"600\" height=\"338\" frameborder=\"0\" marginwidth=\"0\" marginheight=\"0\" scrolling=\"no\" sandbox=\"allow-scripts\" data-secret=\"uOgK8nDKY4\" data-mce-fragment=\"1\"><\/iframe><\/p>\n<p><iframe loading=\"lazy\" class=\"wp-embedded-content\" title=\"\u00abUn trozo de carne que se ator\u00f3 en la garganta caus\u00f3 muerte de ni\u00f1o en Paz de Ariporo\u00bb \u2014 \u25b7 Noticias de Casanare : Martha Cifuentes | Casanare\" src=\"https:\/\/marthacifuentes.com\/portada\/2020\/07\/09\/un-trozo-de-carne-que-se-atoro-en-la-garganta-causo-muerte-de-nino-en-paz-de-ariporo\/embed\/#?secret=7eLu70hAQR\" width=\"600\" height=\"574\" frameborder=\"0\" marginwidth=\"0\" marginheight=\"0\" scrolling=\"no\" sandbox=\"allow-scripts\" data-secret=\"7eLu70hAQR\" data-mce-fragment=\"1\"><\/iframe><\/p>\n<p><iframe loading=\"lazy\" class=\"wp-embedded-content\" title=\"\u00abAlias \u201cGav\u00e1n\u201d se fug\u00f3 con las esposas puestas, de estaci\u00f3n de polic\u00eda de Trinidad, Casanare\u00bb \u2014 \u25b7 Noticias de Casanare : Martha Cifuentes | Casanare\" src=\"https:\/\/marthacifuentes.com\/portada\/2020\/07\/09\/alias-gavan-se-fugo-con-las-esposas-puestas-de-estacion-de-policia-de-trinidad-casanare\/embed\/#?secret=GCcmq1IcKs\" width=\"600\" height=\"574\" frameborder=\"0\" marginwidth=\"0\" marginheight=\"0\" scrolling=\"no\" sandbox=\"allow-scripts\" data-secret=\"GCcmq1IcKs\" data-mce-fragment=\"1\"><\/iframe><\/p>\n<p>&nbsp;<\/p>\n<p><iframe loading=\"lazy\" class=\"wp-embedded-content\" title=\"\u00abCon 3 nuevos casos de covid-19, Casanare llega a 91\u00bb \u2014 \u25b7 Noticias de Casanare : Martha Cifuentes | Casanare\" src=\"https:\/\/marthacifuentes.com\/portada\/2020\/07\/08\/con-3-nuevos-casos-de-covid-19-casanare-llega-a-91\/embed\/#?secret=UKeMEN86EV\" width=\"600\" height=\"551\" frameborder=\"0\" marginwidth=\"0\" marginheight=\"0\" scrolling=\"no\" sandbox=\"allow-scripts\" data-secret=\"UKeMEN86EV\" data-mce-fragment=\"1\"><\/iframe><\/p>\n<p><iframe loading=\"lazy\" class=\"wp-embedded-content\" title=\"\u00abMuri\u00f3 paciente covid-19, de 80 a\u00f1os en UCI de HORO en Yopal\u00bb \u2014 \u25b7 Noticias de Casanare : Martha Cifuentes | Casanare\" src=\"https:\/\/marthacifuentes.com\/portada\/2020\/07\/08\/murio-paciente-covid-19-de-80-anos-en-uci-de-horo-en-yopal\/embed\/#?secret=xoPWpGYMw6\" width=\"600\" height=\"616\" frameborder=\"0\" marginwidth=\"0\" marginheight=\"0\" scrolling=\"no\" sandbox=\"allow-scripts\" data-secret=\"xoPWpGYMw6\" data-mce-fragment=\"1\"><\/iframe><\/p>\n<p><iframe loading=\"lazy\" class=\"wp-embedded-content\" title=\"\u00abA la c\u00e1rcel presunto asesino de dos venezolanas en Man\u00ed.\u00bb \u2014 \u25b7 Noticias de Casanare : Martha Cifuentes | Casanare\" src=\"https:\/\/marthacifuentes.com\/portada\/2020\/07\/08\/a-la-carcel-presunto-asesino-de-dos-venezolanas-en-mani\/embed\/#?secret=k0zcCL58Lu\" width=\"600\" height=\"599\" frameborder=\"0\" marginwidth=\"0\" marginheight=\"0\" scrolling=\"no\" sandbox=\"allow-scripts\" data-secret=\"k0zcCL58Lu\" data-mce-fragment=\"1\"><\/iframe><\/p>\n<p><iframe loading=\"lazy\" class=\"wp-embedded-content\" title=\"\u00abEl cuerpo del ganadero \u00c1ngel Tijaro no aguant\u00f3 m\u00e1s y falleci\u00f3. Las heridas en un asalto en su finca en Yopal fueron letales. \u00a0\u00bb \u2014 \u25b7 Noticias de Casanare : Martha Cifuentes | Casanare\" src=\"https:\/\/marthacifuentes.com\/portada\/2020\/07\/08\/el-cuerpo-del-ganadero-angel-tijaro-no-aguanto-mas-y-fallecio-las-heridas-en-un-asalto-en-su-finca-en-yopal-fueron-letales\/embed\/#?secret=a28TTcpTQi\" width=\"600\" height=\"634\" frameborder=\"0\" marginwidth=\"0\" marginheight=\"0\" scrolling=\"no\" sandbox=\"allow-scripts\" data-secret=\"a28TTcpTQi\" data-mce-fragment=\"1\"><\/iframe><\/p>\n<p><iframe loading=\"lazy\" class=\"wp-embedded-content\" title=\"\u00abProcuradur\u00eda investiga a Alirio Barrera y otros exconsejeros de Corporinoquia por irregularidades en elecci\u00f3n de directora en 2019\u00bb \u2014 \u25b7 Noticias de Casanare : Martha Cifuentes | Casanare\" src=\"https:\/\/marthacifuentes.com\/portada\/2020\/07\/07\/procuraduria-investiga-a-alirio-barrera-y-otros-exconsejeros-de-corporinoquia-por-irregularidades-en-eleccion-de-directora-en-2019\/embed\/#?secret=goO5OC0m7a\" width=\"600\" height=\"623\" frameborder=\"0\" marginwidth=\"0\" marginheight=\"0\" scrolling=\"no\" sandbox=\"allow-scripts\" data-secret=\"goO5OC0m7a\" data-mce-fragment=\"1\"><\/iframe><\/p>\n<p><iframe loading=\"lazy\" class=\"wp-embedded-content\" title=\"\u00abMilitar (r) del Ej\u00e9rcito atac\u00f3 casa de una esteticista en Yopal por no prestarle servicio de masaje antiestr\u00e9s\u00bb \u2014 \u25b7 Noticias de Casanare : Martha Cifuentes | Casanare\" src=\"https:\/\/marthacifuentes.com\/portada\/2020\/07\/07\/militar-r-del-ejercito-ataco-casa-de-una-esteticista-en-yopal-por-no-prestarle-servicio-de-masaje-antiestres\/embed\/#?secret=tTR9AKfgh3\" width=\"600\" height=\"595\" frameborder=\"0\" marginwidth=\"0\" marginheight=\"0\" scrolling=\"no\" sandbox=\"allow-scripts\" data-secret=\"tTR9AKfgh3\" data-mce-fragment=\"1\"><\/iframe><\/p>\n<p><iframe loading=\"lazy\" class=\"wp-embedded-content\" title=\"\u00abUnitr\u00f3pico rechaz\u00f3 valla publicitaria donde se agradece a Duque la Universidad P\u00fablica\u00bb \u2014 \u25b7 Noticias de Casanare : Martha Cifuentes | Casanare\" src=\"https:\/\/marthacifuentes.com\/portada\/2020\/07\/07\/unitropico-rechazo-valla-publicitaria-donde-se-agradece-a-duque-la-universidad-publica\/embed\/#?secret=BM5FfjTKlN\" width=\"600\" height=\"595\" frameborder=\"0\" marginwidth=\"0\" marginheight=\"0\" scrolling=\"no\" sandbox=\"allow-scripts\" data-secret=\"BM5FfjTKlN\" data-mce-fragment=\"1\"><\/iframe><\/p>\n<p><iframe loading=\"lazy\" class=\"wp-embedded-content\" title=\"\u00abNuevo director de Fiscal\u00edas de Casanare viene de Sala Especial de Instrucci\u00f3n de Aforados de la CSJ\u00bb \u2014 \u25b7 Noticias de Casanare : Martha Cifuentes | Casanare\" src=\"https:\/\/marthacifuentes.com\/portada\/2020\/07\/07\/nuevo-director-de-fiscalias-de-casanare-viene-de-sala-especial-de-instruccion-de-aforados-de-la-csj\/embed\/#?secret=hfkA1FytIe\" width=\"600\" height=\"584\" frameborder=\"0\" marginwidth=\"0\" marginheight=\"0\" scrolling=\"no\" sandbox=\"allow-scripts\" data-secret=\"hfkA1FytIe\" data-mce-fragment=\"1\"><\/iframe><\/p>\n<p><iframe loading=\"lazy\" class=\"wp-embedded-content\" title=\"\u00abCierre de cervecer\u00eda artesanal en Man\u00ed, causa rechaz\u00f3 de la poblaci\u00f3n.\u00bb \u2014 \u25b7 Noticias de Casanare : Martha Cifuentes | Casanare\" src=\"https:\/\/marthacifuentes.com\/portada\/2020\/07\/06\/cierre-de-cerveceria-artesanal-en-mani-causa-rechazo-de-la-poblacion\/embed\/#?secret=VSsxSu0KUt\" width=\"600\" height=\"595\" frameborder=\"0\" marginwidth=\"0\" marginheight=\"0\" scrolling=\"no\" sandbox=\"allow-scripts\" data-secret=\"VSsxSu0KUt\" data-mce-fragment=\"1\"><\/iframe><\/p>\n<p><iframe loading=\"lazy\" class=\"wp-embedded-content\" title=\"\u00abEn solo 3 d\u00edas Casanare aument\u00f3 18 casos covid-19 y ya suma 87. Los dos m\u00e1s recientes fueron en Yopal.\u00bb \u2014 \u25b7 Noticias de Casanare : Martha Cifuentes | Casanare\" src=\"https:\/\/marthacifuentes.com\/portada\/2020\/07\/06\/en-solo-3-dias-casanare-aumento-18-casos-covid-19-y-ya-suma-87-los-dos-mas-recientes-fueron-en-yopal\/embed\/#?secret=ei2o2d3ZfF\" width=\"600\" height=\"558\" frameborder=\"0\" marginwidth=\"0\" marginheight=\"0\" scrolling=\"no\" sandbox=\"allow-scripts\" data-secret=\"ei2o2d3ZfF\" data-mce-fragment=\"1\"><\/iframe><\/p>\n<p><iframe loading=\"lazy\" class=\"wp-embedded-content\" title=\"\u00abEn solo 3 d\u00edas Casanare aument\u00f3 18 casos covid-19 y ya suma 87. Los dos m\u00e1s recientes fueron en Yopal.\u00bb \u2014 \u25b7 Noticias de Casanare : Martha Cifuentes | Casanare\" src=\"https:\/\/marthacifuentes.com\/portada\/2020\/07\/06\/en-solo-3-dias-casanare-aumento-18-casos-covid-19-y-ya-suma-87-los-dos-mas-recientes-fueron-en-yopal\/embed\/#?secret=ei2o2d3ZfF\" width=\"600\" height=\"558\" frameborder=\"0\" marginwidth=\"0\" marginheight=\"0\" scrolling=\"no\" sandbox=\"allow-scripts\" data-secret=\"ei2o2d3ZfF\" data-mce-fragment=\"1\"><\/iframe><\/p>\n<p><iframe loading=\"lazy\" class=\"wp-embedded-content\" title=\"\u00abOtras dos venezolanas, asesinadas, por pareja de una de ellas, en Man\u00ed, Casanare.\u00bb \u2014 \u25b7 Noticias de Casanare : Martha Cifuentes | Casanare\" src=\"https:\/\/marthacifuentes.com\/portada\/2020\/07\/06\/otras-dos-venezolanas-asesinadas-por-pareja-de-una-de-ellas-en-mani-casanare\/embed\/#?secret=h8VyIqFfrh\" width=\"600\" height=\"595\" frameborder=\"0\" marginwidth=\"0\" marginheight=\"0\" scrolling=\"no\" sandbox=\"allow-scripts\" data-secret=\"h8VyIqFfrh\" data-mce-fragment=\"1\"><\/iframe><\/p>\n<p><iframe loading=\"lazy\" class=\"wp-embedded-content\" title=\"\u00ab13 mil empresarios renovaron matr\u00edcula mercantil en Casanare y se crearon 2.170 empresas.\u00bb \u2014 \u25b7 Noticias de Casanare : Martha Cifuentes | Casanare\" src=\"https:\/\/marthacifuentes.com\/portada\/2020\/07\/05\/13-mil-empresarios-renovaron-matricula-mercantil-en-casanare-y-se-crearon-2-170-empresas\/embed\/#?secret=9OxdAL9LEn\" width=\"600\" height=\"595\" frameborder=\"0\" marginwidth=\"0\" marginheight=\"0\" scrolling=\"no\" sandbox=\"allow-scripts\" data-secret=\"9OxdAL9LEn\" data-mce-fragment=\"1\"><\/iframe><\/p>\n<p><iframe loading=\"lazy\" class=\"wp-embedded-content\" title=\"\u00ab\u00bfSembrando \u00e1rboles y Covid-19 en Hato Corozal, Casanare?\u00bb \u2014 \u25b7 Noticias de Casanare : Martha Cifuentes | Casanare\" src=\"https:\/\/marthacifuentes.com\/portada\/2020\/07\/04\/sembrando-arboles-y-covid-19-en-hato-corozal-casanare\/embed\/#?secret=ThXZaL6qke\" width=\"600\" height=\"595\" frameborder=\"0\" marginwidth=\"0\" marginheight=\"0\" scrolling=\"no\" sandbox=\"allow-scripts\" data-secret=\"ThXZaL6qke\" data-mce-fragment=\"1\"><\/iframe><\/p>\n<p><iframe loading=\"lazy\" class=\"wp-embedded-content\" title=\"\u00abCasanare llega a 85 casos covid-19. De estos, 13 polic\u00edas de Pore, los infectados.\u00bb \u2014 \u25b7 Noticias de Casanare : Martha Cifuentes | Casanare\" src=\"https:\/\/marthacifuentes.com\/portada\/2020\/07\/03\/casanare-llega-a-85-casos-covid-19-de-estos-13-policias-de-pore-los-infectados\/embed\/#?secret=WK42iEajGF\" width=\"600\" height=\"579\" frameborder=\"0\" marginwidth=\"0\" marginheight=\"0\" scrolling=\"no\" sandbox=\"allow-scripts\" data-secret=\"WK42iEajGF\" data-mce-fragment=\"1\"><\/iframe><\/p>\n<p><iframe loading=\"lazy\" class=\"wp-embedded-content\" title=\"\u00abProhibido parrillero hombre y trasteos el fin de semana en Yopal, por aniversario del ELN\u00bb \u2014 \u25b7 Noticias de Casanare : Martha Cifuentes | Casanare\" src=\"https:\/\/marthacifuentes.com\/portada\/2020\/07\/03\/prohibido-parrillero-hombre-y-trasteos-el-fin-de-semana-en-yopal-por-aniversario-del-eln\/embed\/#?secret=CIQYmyKQ2k\" width=\"600\" height=\"574\" frameborder=\"0\" marginwidth=\"0\" marginheight=\"0\" scrolling=\"no\" sandbox=\"allow-scripts\" data-secret=\"CIQYmyKQ2k\" data-mce-fragment=\"1\"><\/iframe><\/p>\n<p><iframe loading=\"lazy\" class=\"wp-embedded-content\" title=\"\u00ab\u201cEl \u00fanico psic\u00f3logo que me lleg\u00f3 fue la polic\u00eda\u201d dijo diputado Marco Tulio Ru\u00edz, cuando hab\u00eda dado positivo para covid-19\u00bb \u2014 \u25b7 Noticias de Casanare : Martha Cifuentes | Casanare\" src=\"https:\/\/marthacifuentes.com\/portada\/2020\/07\/02\/el-unico-psicologo-que-me-llego-fue-la-policia-dijo-diputado-marco-tulio-ruiz-cuando-habia-dado-positivo-para-covid-19\/embed\/#?secret=rIrUgll8RU\" width=\"600\" height=\"627\" frameborder=\"0\" marginwidth=\"0\" marginheight=\"0\" scrolling=\"no\" sandbox=\"allow-scripts\" data-secret=\"rIrUgll8RU\" data-mce-fragment=\"1\"><\/iframe><\/p>\n<p><iframe loading=\"lazy\" class=\"wp-embedded-content\" title=\"\u00abEn Tauramena y Yopal, los nuevos casos Covid-19 de Casanare. Se sube a 69 los infectados.\u00bb \u2014 \u25b7 Noticias de Casanare : Martha Cifuentes | Casanare\" src=\"https:\/\/marthacifuentes.com\/portada\/2020\/07\/02\/en-tauramena-y-yopal-los-nuevos-casos-covid-19-de-casanare-se-sube-a-69-los-infectados\/embed\/#?secret=eL3bJDMZuH\" width=\"600\" height=\"558\" frameborder=\"0\" marginwidth=\"0\" marginheight=\"0\" scrolling=\"no\" sandbox=\"allow-scripts\" data-secret=\"eL3bJDMZuH\" data-mce-fragment=\"1\"><\/iframe><\/p>\n<p><iframe loading=\"lazy\" class=\"wp-embedded-content\" title=\"\u00abYopal contin\u00faa con pico y c\u00e9dula y se toman medidas para d\u00eda sin IVA\u00bb \u2014 \u25b7 Noticias de Casanare : Martha Cifuentes | Casanare\" src=\"https:\/\/marthacifuentes.com\/portada\/2020\/07\/02\/yopal-continua-con-pico-y-cedula-y-se-toman-medidas-para-dia-sin-iva\/embed\/#?secret=mwWvBfiDjB\" width=\"600\" height=\"574\" frameborder=\"0\" marginwidth=\"0\" marginheight=\"0\" scrolling=\"no\" sandbox=\"allow-scripts\" data-secret=\"mwWvBfiDjB\" data-mce-fragment=\"1\"><\/iframe><\/p>\n<p><iframe loading=\"lazy\" class=\"wp-embedded-content\" title=\"\u00abMa\u00f1ana, plazo para renovar matr\u00edcula mercantil en C\u00e1mara de Comercio de Casanare\u00bb \u2014 \u25b7 Noticias de Casanare : Martha Cifuentes | Casanare\" src=\"https:\/\/marthacifuentes.com\/portada\/2020\/07\/02\/manana-plazo-para-renovar-matricula-mercantil-en-camara-de-comercio-de-casanare\/embed\/#?secret=WHnVQE96LA\" width=\"600\" height=\"595\" frameborder=\"0\" marginwidth=\"0\" marginheight=\"0\" scrolling=\"no\" sandbox=\"allow-scripts\" data-secret=\"WHnVQE96LA\" data-mce-fragment=\"1\"><\/iframe><\/p>\n<p><iframe loading=\"lazy\" class=\"wp-embedded-content\" title=\"\u00abOjo con cortes de servicio de gas desde el viernes en la noche en Yopal\u00bb \u2014 \u25b7 Noticias de Casanare : Martha Cifuentes | Casanare\" src=\"https:\/\/marthacifuentes.com\/portada\/2020\/07\/01\/ojo-con-cortes-de-servicio-de-gas-desde-el-viernes-en-la-noche-en-yopal\/embed\/#?secret=xPu9iWhmSW\" width=\"600\" height=\"595\" frameborder=\"0\" marginwidth=\"0\" marginheight=\"0\" scrolling=\"no\" sandbox=\"allow-scripts\" data-secret=\"xPu9iWhmSW\" data-mce-fragment=\"1\"><\/iframe><\/p>\n<p><iframe loading=\"lazy\" class=\"wp-embedded-content\" title=\"\u00abDetalles de trazado de la variante de Yopal. Pasar\u00e1 por detr\u00e1s del Aeropuerto y Villa David.\u00bb \u2014 \u25b7 Noticias de Casanare : Martha Cifuentes | Casanare\" src=\"https:\/\/marthacifuentes.com\/portada\/2020\/07\/01\/detalles-de-trazado-de-la-variante-de-yopal-pasara-por-detras-del-aeropuerto-y-villa-david\/embed\/#?secret=oPiRh8nEtm\" width=\"600\" height=\"574\" frameborder=\"0\" marginwidth=\"0\" marginheight=\"0\" scrolling=\"no\" sandbox=\"allow-scripts\" data-secret=\"oPiRh8nEtm\" data-mce-fragment=\"1\"><\/iframe><\/p>\n<p><iframe loading=\"lazy\" class=\"wp-embedded-content\" title=\"\u00abNi\u00f1o de 9 a\u00f1os falleci\u00f3 en Aguazul cuando jugaba a hacer una cueva, que se le derrumb\u00f3 sobre su cuerpo.\u00bb \u2014 \u25b7 Noticias de Casanare : Martha Cifuentes | Casanare\" src=\"https:\/\/marthacifuentes.com\/portada\/2020\/06\/29\/nino-de-9-anos-fallecio-en-aguazul-cuando-jugaba-a-hacer-una-cueva-que-se-le-derrumbo-sobre-su-cuerpo\/embed\/#?secret=CVbMxLtmUN\" width=\"600\" height=\"607\" frameborder=\"0\" marginwidth=\"0\" marginheight=\"0\" scrolling=\"no\" sandbox=\"allow-scripts\" data-secret=\"CVbMxLtmUN\" data-mce-fragment=\"1\"><\/iframe><\/p>\n<p><iframe loading=\"lazy\" class=\"wp-embedded-content\" title=\"\u00abUn polic\u00eda proveniente de Pore, el m\u00e1s reciente caso Covid-19 en Casanare. Se acumulan 66 casos.\u00bb \u2014 \u25b7 Noticias de Casanare : Martha Cifuentes | Casanare\" src=\"https:\/\/marthacifuentes.com\/portada\/2020\/06\/29\/un-policia-proveniente-de-pore-el-mas-reciente-caso-covid-19-en-casanare-se-acumulan-66-casos\/embed\/#?secret=vksvw4cf9M\" width=\"600\" height=\"574\" frameborder=\"0\" marginwidth=\"0\" marginheight=\"0\" scrolling=\"no\" sandbox=\"allow-scripts\" data-secret=\"vksvw4cf9M\" data-mce-fragment=\"1\"><\/iframe><\/p>\n<p><iframe loading=\"lazy\" class=\"wp-embedded-content\" title=\"\u00ab\u00bfPor qu\u00e9 debemos seguir celebrando el mes del orgullo?\u00bb \u2014 \u25b7 Noticias de Casanare : Martha Cifuentes | Casanare\" src=\"https:\/\/marthacifuentes.com\/portada\/2020\/06\/28\/por-que-debemos-seguir-celebrando-el-mes-del-orgullo\/embed\/#?secret=cHD9f28iyJ\" width=\"600\" height=\"574\" frameborder=\"0\" marginwidth=\"0\" marginheight=\"0\" scrolling=\"no\" sandbox=\"allow-scripts\" data-secret=\"cHD9f28iyJ\" data-mce-fragment=\"1\"><\/iframe><\/p>\n<p><iframe loading=\"lazy\" class=\"wp-embedded-content\" title=\"\u00abFiscal\u00eda reconstruy\u00f3 rostro de cad\u00e1ver exhumado en Tauramena, Casanare. Busca determinar identidad.\u00bb \u2014 \u25b7 Noticias de Casanare : Martha Cifuentes | Casanare\" src=\"https:\/\/marthacifuentes.com\/portada\/2020\/06\/27\/fiscalia-reconstruyo-rostro-de-cadaver-exhumado-en-tauramena-casanare-busca-determinar-identidad\/embed\/#?secret=qWOoSkprJg\" width=\"600\" height=\"595\" frameborder=\"0\" marginwidth=\"0\" marginheight=\"0\" scrolling=\"no\" sandbox=\"allow-scripts\" data-secret=\"qWOoSkprJg\" data-mce-fragment=\"1\"><\/iframe><\/p>\n<p><iframe loading=\"lazy\" class=\"wp-embedded-content\" title=\"\u00abCon el caso de hoy, Yopal suma 2 pacientes en UCI. Casanare acumula 65 infectados.\u00bb \u2014 \u25b7 Noticias de Casanare : Martha Cifuentes | Casanare\" src=\"https:\/\/marthacifuentes.com\/portada\/2020\/06\/27\/con-el-caso-de-hoy-yopal-suma-2-pacientes-en-uci-casanare-acumula-65-infectados\/embed\/#?secret=Xb3cor1XiS\" width=\"600\" height=\"574\" frameborder=\"0\" marginwidth=\"0\" marginheight=\"0\" scrolling=\"no\" sandbox=\"allow-scripts\" data-secret=\"Xb3cor1XiS\" data-mce-fragment=\"1\"><\/iframe><\/p>\n<p><iframe loading=\"lazy\" class=\"wp-embedded-content\" title=\"\u00abMuri\u00f3 Karen Yesenia Holgu\u00edn, joven de Yopal. Su cuerpo no resisti\u00f3 la demora en la remisi\u00f3n de la Nueva EPS \u00a0\u00a0\u00bb \u2014 \u25b7 Noticias de Casanare : Martha Cifuentes | Casanare\" src=\"https:\/\/marthacifuentes.com\/portada\/2020\/06\/26\/murio-karen-yesenia-holguin-joven-de-yopal-su-cuerpo-no-resistio-la-demora-en-la-remision-de-la-nueva-eps\/embed\/#?secret=P8tbiB5s5S\" width=\"600\" height=\"623\" frameborder=\"0\" marginwidth=\"0\" marginheight=\"0\" scrolling=\"no\" sandbox=\"allow-scripts\" data-secret=\"P8tbiB5s5S\" data-mce-fragment=\"1\"><\/iframe><\/p>\n<p><iframe loading=\"lazy\" class=\"wp-embedded-content\" title=\"\u00ab64 casos Covid-19 en Casanare. 46 en Yopal.\u00bb \u2014 \u25b7 Noticias de Casanare : Martha Cifuentes | Casanare\" src=\"https:\/\/marthacifuentes.com\/portada\/2020\/06\/25\/64-casos-covid-19-en-casanare-46-en-yopal\/embed\/#?secret=4uyMMEW31e\" width=\"600\" height=\"530\" frameborder=\"0\" marginwidth=\"0\" marginheight=\"0\" scrolling=\"no\" sandbox=\"allow-scripts\" data-secret=\"4uyMMEW31e\" data-mce-fragment=\"1\"><\/iframe><\/p>\n<p><iframe loading=\"lazy\" class=\"wp-embedded-content\" title=\"\u00abYopal registra primer paciente covid-19 en Unidad de Cuidados Intensivos\u00bb \u2014 \u25b7 Noticias de Casanare : Martha Cifuentes | Casanare\" src=\"https:\/\/marthacifuentes.com\/portada\/2020\/06\/25\/yopal-registra-primer-paciente-covid-19-en-unidad-de-cuidados-intensivos\/embed\/#?secret=Ft7igMvKWB\" width=\"600\" height=\"595\" frameborder=\"0\" marginwidth=\"0\" marginheight=\"0\" scrolling=\"no\" sandbox=\"allow-scripts\" data-secret=\"Ft7igMvKWB\" data-mce-fragment=\"1\"><\/iframe><\/p>\n<p><iframe loading=\"lazy\" class=\"wp-embedded-content\" title=\"\u00abEn junio se han incrementado en 74% los casos covid-19 en Casanare. Ya son 61 los infectados.\u00bb \u2014 \u25b7 Noticias de Casanare : Martha Cifuentes | Casanare\" src=\"https:\/\/marthacifuentes.com\/portada\/2020\/06\/24\/en-junio-se-han-incrementado-en-74-los-casos-covid-19-en-casanare-ya-son-61-los-infectados\/embed\/#?secret=dExxtPZ028\" width=\"600\" height=\"579\" frameborder=\"0\" marginwidth=\"0\" marginheight=\"0\" scrolling=\"no\" sandbox=\"allow-scripts\" data-secret=\"dExxtPZ028\" data-mce-fragment=\"1\"><\/iframe><\/p>\n<p><iframe loading=\"lazy\" class=\"wp-embedded-content\" title=\"\u00abNi\u00f1a ind\u00edgena Embera Katio de 12 a\u00f1os violada por soldados del Ej\u00e9rcito en Pueblo Rico, Risaralda\u00bb \u2014 \u25b7 Noticias de Casanare : Martha Cifuentes | Casanare\" src=\"https:\/\/marthacifuentes.com\/portada\/2020\/06\/24\/nina-indigena-embera-katio-de-12-anos-violada-por-soldados-del-ejercito-en-pueblo-rico-risaralda\/embed\/#?secret=3RMPAcLfB2\" width=\"600\" height=\"595\" frameborder=\"0\" marginwidth=\"0\" marginheight=\"0\" scrolling=\"no\" sandbox=\"allow-scripts\" data-secret=\"3RMPAcLfB2\" data-mce-fragment=\"1\"><\/iframe><\/p>\n<p><iframe loading=\"lazy\" class=\"wp-embedded-content\" title=\"\u00abUn hombre de 90 a\u00f1os y 2 ni\u00f1os de 10 a\u00f1os, entre los 9 casos Covid-19 en Yopal del fin de semana\u00bb \u2014 \u25b7 Noticias de Casanare : Martha Cifuentes | Casanare\" src=\"https:\/\/marthacifuentes.com\/portada\/2020\/06\/23\/un-hombre-de-90-anos-y-2-ninos-de-10-anos-entre-los-9-casos-covid-19-en-yopal-del-fin-de-semana\/embed\/#?secret=WHbsBDhGIF\" width=\"600\" height=\"574\" frameborder=\"0\" marginwidth=\"0\" marginheight=\"0\" scrolling=\"no\" sandbox=\"allow-scripts\" data-secret=\"WHbsBDhGIF\" data-mce-fragment=\"1\"><\/iframe><\/p>\n<p><iframe loading=\"lazy\" class=\"wp-embedded-content\" title=\"\u00abCasanare, 57 casos covid-19 oficiales. 2 diputados resultaron positivos.\u00bb \u2014 \u25b7 Noticias de Casanare : Martha Cifuentes | Casanare\" src=\"https:\/\/marthacifuentes.com\/portada\/2020\/06\/22\/casanare-57-casos-covid-19-oficiales-2-diputados-resultaron-positivos\/embed\/#?secret=uGIFHheP06\" width=\"600\" height=\"579\" frameborder=\"0\" marginwidth=\"0\" marginheight=\"0\" scrolling=\"no\" sandbox=\"allow-scripts\" data-secret=\"uGIFHheP06\" data-mce-fragment=\"1\"><\/iframe><\/p>\n<p><iframe loading=\"lazy\" class=\"wp-embedded-content\" title=\"\u00abCasanare 55 casos covid-19. Man\u00ed tiene 1 infectado.\u00bb \u2014 \u25b7 Noticias de Casanare : Martha Cifuentes | Casanare\" src=\"https:\/\/marthacifuentes.com\/portada\/2020\/06\/21\/casanare-55-casos-covid-19-mani-tiene-1-infectado\/embed\/#?secret=8ggH3vZyrg\" width=\"600\" height=\"546\" frameborder=\"0\" marginwidth=\"0\" marginheight=\"0\" scrolling=\"no\" sandbox=\"allow-scripts\" data-secret=\"8ggH3vZyrg\" data-mce-fragment=\"1\"><\/iframe><\/p>\n<p><iframe loading=\"lazy\" class=\"wp-embedded-content\" title=\"\u00abCovid-19 llega a Aguazul con 4 casos. Yopal, 4 nuevos y Villanueva, 2. Total Casanare: 51 infectados.\u00bb \u2014 \u25b7 Noticias de Casanare : Martha Cifuentes | Casanare\" src=\"https:\/\/marthacifuentes.com\/portada\/2020\/06\/19\/covid-19-llega-a-aguazul-con-4-casos-yopal-4-nuevos-y-villanueva-2-total-casanare-51-infectados\/embed\/#?secret=8cNsYOFdna\" width=\"600\" height=\"574\" frameborder=\"0\" marginwidth=\"0\" marginheight=\"0\" scrolling=\"no\" sandbox=\"allow-scripts\" data-secret=\"8cNsYOFdna\" data-mce-fragment=\"1\"><\/iframe><\/p>\n<p><iframe loading=\"lazy\" class=\"wp-embedded-content\" title=\"\u00abA detenci\u00f3n en casa, presunto asesino de joven en Man\u00ed, Casanare\u00bb \u2014 \u25b7 Noticias de Casanare : Martha Cifuentes | Casanare\" src=\"https:\/\/marthacifuentes.com\/portada\/2020\/06\/19\/a-detencion-en-casa-presunto-asesino-de-joven-en-mani-casanare\/embed\/#?secret=xhZMrjNHuN\" width=\"600\" height=\"595\" frameborder=\"0\" marginwidth=\"0\" marginheight=\"0\" scrolling=\"no\" sandbox=\"allow-scripts\" data-secret=\"xhZMrjNHuN\" data-mce-fragment=\"1\"><\/iframe><\/p>\n<p><iframe loading=\"lazy\" class=\"wp-embedded-content\" title=\"\u00abYopal tendr\u00e1 cambio en el sentido de varias v\u00edas. Habr\u00e1 cambios en calles 12 y 14.\u00bb \u2014 \u25b7 Noticias de Casanare : Martha Cifuentes | Casanare\" src=\"https:\/\/marthacifuentes.com\/portada\/2020\/06\/19\/yopal-tendra-cambio-en-el-sentido-de-varias-vias-habra-cambios-en-calles-12-y-14\/embed\/#?secret=G0MyQgKlwP\" width=\"600\" height=\"595\" frameborder=\"0\" marginwidth=\"0\" marginheight=\"0\" scrolling=\"no\" sandbox=\"allow-scripts\" data-secret=\"G0MyQgKlwP\" data-mce-fragment=\"1\"><\/iframe><\/p>\n<p><iframe loading=\"lazy\" class=\"wp-embedded-content\" title=\"\u00abUnitr\u00f3pico dio un paso m\u00e1s para ser universidad p\u00fablica\u00bb \u2014 \u25b7 Noticias de Casanare : Martha Cifuentes | Casanare\" src=\"https:\/\/marthacifuentes.com\/portada\/2020\/06\/19\/unitropico-dio-un-paso-mas-para-ser-universidad-publica\/embed\/#?secret=gHl5q5vxbk\" width=\"600\" height=\"557\" frameborder=\"0\" marginwidth=\"0\" marginheight=\"0\" scrolling=\"no\" sandbox=\"allow-scripts\" data-secret=\"gHl5q5vxbk\" data-mce-fragment=\"1\"><\/iframe><\/p>\n<p><iframe loading=\"lazy\" class=\"wp-embedded-content\" title=\"\u00ab41 Casos Covid-19 en Casanare. En Yopal 2 nuevos infectados. Colombia supera 60 mil.\u00bb \u2014 \u25b7 Noticias de Casanare : Martha Cifuentes | Casanare\" src=\"https:\/\/marthacifuentes.com\/portada\/2020\/06\/18\/41-casos-covid-19-en-casanare-en-yopal-2-nuevos-infectados-colombia-supera-60-mil\/embed\/#?secret=S8Cf9XZge1\" width=\"600\" height=\"599\" frameborder=\"0\" marginwidth=\"0\" marginheight=\"0\" scrolling=\"no\" sandbox=\"allow-scripts\" data-secret=\"S8Cf9XZge1\" data-mce-fragment=\"1\"><\/iframe><\/p>\n<p><iframe loading=\"lazy\" class=\"wp-embedded-content\" title=\"\u00abCasanare lleg\u00f3 a 39 casos. En Yopal son 30, Villanueva 4, Tauramena 3, Paz de Ariporo 2.\u00bb \u2014 \u25b7 Noticias de Casanare : Martha Cifuentes | Casanare\" src=\"https:\/\/marthacifuentes.com\/portada\/2020\/06\/18\/casanare-llego-a-39-casos-en-yopal-son-30-villanueva-4-tauramena-3-paz-de-ariporo-2\/embed\/#?secret=YMF67pO5QU\" width=\"600\" height=\"595\" frameborder=\"0\" marginwidth=\"0\" marginheight=\"0\" scrolling=\"no\" sandbox=\"allow-scripts\" data-secret=\"YMF67pO5QU\" data-mce-fragment=\"1\"><\/iframe><\/p>\n<p><iframe loading=\"lazy\" class=\"wp-embedded-content\" title=\"\u00abParadojas: Ma\u00f1ana d\u00eda sin IVA, y muchos, sin plata, pero todos podemos salir a comprar en Yopal\u00bb \u2014 \u25b7 Noticias de Casanare : Martha Cifuentes | Casanare\" src=\"https:\/\/marthacifuentes.com\/portada\/2020\/06\/18\/paradojas-manana-dia-sin-iva-y-muchos-sin-plata-pero-todos-podemos-salir-a-comprar-en-yopal\/embed\/#?secret=42evr49V4K\" width=\"600\" height=\"595\" frameborder=\"0\" marginwidth=\"0\" marginheight=\"0\" scrolling=\"no\" sandbox=\"allow-scripts\" data-secret=\"42evr49V4K\" data-mce-fragment=\"1\"><\/iframe><\/p>\n<p><iframe loading=\"lazy\" class=\"wp-embedded-content\" title=\"\u00abConcejal Omar Ortega acepta haber estado en reuni\u00f3n en una casa en Yopal pero niega ser part\u00edcipe de amenazas contra Miguel Alfonso P\u00e9rez. \u00a0\u00bb \u2014 \u25b7 Noticias de Casanare : Martha Cifuentes | Casanare\" src=\"https:\/\/marthacifuentes.com\/portada\/2020\/06\/17\/concejal-omar-ortega-acepta-haber-estado-en-reunion-en-una-casa-en-yopal-pero-niega-ser-participe-de-amenazas-contra-miguel-alfonso-perez\/embed\/#?secret=7banctSgXO\" width=\"600\" height=\"623\" frameborder=\"0\" marginwidth=\"0\" marginheight=\"0\" scrolling=\"no\" sandbox=\"allow-scripts\" data-secret=\"7banctSgXO\" data-mce-fragment=\"1\"><\/iframe><\/p>\n<p><iframe loading=\"lazy\" class=\"wp-embedded-content\" title=\"\u00abContralor\u00eda no hall\u00f3 da\u00f1o fiscal en contrato de PAE de la Gobernaci\u00f3n de Casanare\u00bb \u2014 \u25b7 Noticias de Casanare : Martha Cifuentes | Casanare\" src=\"https:\/\/marthacifuentes.com\/portada\/2020\/06\/17\/contraloria-no-hallo-dano-fiscal-en-contrato-de-pae-de-la-gobernacion-de-casanare\/embed\/#?secret=ml3RHT7KyX\" width=\"600\" height=\"595\" frameborder=\"0\" marginwidth=\"0\" marginheight=\"0\" scrolling=\"no\" sandbox=\"allow-scripts\" data-secret=\"ml3RHT7KyX\" data-mce-fragment=\"1\"><\/iframe><\/p>\n<p><a href=\"https:\/\/marthacifuentes.com\/sinagua_2020\/\"><img decoding=\"async\" src=\"https:\/\/marthacifuentes.com\/portada\/wp-content\/uploads\/2020\/05\/WhatsApp-Image-2020-05-29-at-9.01.33-AM.jpeg\" \/><\/a><\/p>\n<p><iframe loading=\"lazy\" class=\"wp-embedded-content\" title=\"\u00abGobernaci\u00f3n de Casanare se salv\u00f3 de proceso fiscal por sobrecostos en mercados. Contralor\u00eda cerr\u00f3 investigaci\u00f3n.\u00bb \u2014 \u25b7 Noticias de Casanare : Martha Cifuentes | Casanare\" src=\"https:\/\/marthacifuentes.com\/portada\/2020\/06\/17\/gobernacion-de-casanare-se-salvo-de-proceso-fiscal-por-sobrecostos-en-mercados-contraloria-cerro-investigacion\/embed\/#?secret=oPzXsxC5oG\" width=\"600\" height=\"623\" frameborder=\"0\" marginwidth=\"0\" marginheight=\"0\" scrolling=\"no\" sandbox=\"allow-scripts\" data-secret=\"oPzXsxC5oG\" data-mce-fragment=\"1\"><\/iframe><\/p>\n<p><iframe loading=\"lazy\" class=\"wp-embedded-content\" title=\"\u00abOficina del Sisb\u00e9n e Yopal atender\u00e1 presencialmente a partir de hoy\u00bb \u2014 \u25b7 Noticias de Casanare : Martha Cifuentes | Casanare\" src=\"https:\/\/marthacifuentes.com\/portada\/2020\/06\/16\/oficina-del-sisben-e-yopal-atendera-presencialmente-a-partir-de-hoy\/embed\/#?secret=RTJjPPASXF\" width=\"600\" height=\"595\" frameborder=\"0\" marginwidth=\"0\" marginheight=\"0\" scrolling=\"no\" sandbox=\"allow-scripts\" data-secret=\"RTJjPPASXF\" data-mce-fragment=\"1\"><\/iframe><\/p>\n<p><iframe loading=\"lazy\" class=\"wp-embedded-content\" title=\"\u00abExdefensor del Pueblo de Casanare denunci\u00f3 amenazas luego de tomar fotos donde un concejal de Yopal estar\u00eda violando la cuarentena\u00bb \u2014 \u25b7 Noticias de Casanare : Martha Cifuentes | Casanare\" src=\"https:\/\/marthacifuentes.com\/portada\/2020\/06\/16\/exdefensor-del-pueblo-de-casanare-denuncio-amenazas-luego-de-tomar-fotos-donde-un-concejal-de-yopal-estaria-violando-la-cuarentena\/embed\/#?secret=uEi26z3fZU\" width=\"600\" height=\"623\" frameborder=\"0\" marginwidth=\"0\" marginheight=\"0\" scrolling=\"no\" sandbox=\"allow-scripts\" data-secret=\"uEi26z3fZU\" data-mce-fragment=\"1\"><\/iframe><\/p>\n","protected":false},"excerpt":{"rendered":"<p>Dos beb\u00e9s ind\u00edgenas de dos meses de nacidas, con un alto grado de desnutrici\u00f3n, fueron trasladadas en un vuelo humanitario desde el resguardo ind\u00edgena de Ca\u00f1o Mochuelo, en el norte de Casanare, hasta Yopal, capital del departamento, en un helic\u00f3ptero UH-60 \u2018Black Hawk\u2019 de la Fuerza A\u00e9rea Colombiana. Tan pronto el Grupo A\u00e9reo del Casanare &hellip;<\/p>\n","protected":false},"author":2,"featured_media":24176,"comment_status":"open","ping_status":"open","sticky":false,"template":"","format":"standard","meta":{"om_disable_all_campaigns":false,"_exactmetrics_skip_tracking":false,"_exactmetrics_sitenote_active":false,"_exactmetrics_sitenote_note":"","_exactmetrics_sitenote_category":0,"_monsterinsights_skip_tracking":false,"_monsterinsights_sitenote_active":false,"_monsterinsights_sitenote_note":"","_monsterinsights_sitenote_category":0,"_uf_show_specific_survey":0,"_uf_disable_surveys":false,"_joinchat":[],"footnotes":""},"categories":[147,146,145],"tags":[4770,4768,1400,4769],"class_list":["post-24175","post","type-post","status-publish","format-standard","has-post-thumbnail","hentry","category-actualidad","category-noticias","category-reportajes","tag-fuerza-aerea-de-casanare-transporta-2-bebes-indigenas-desnutridas-hacia-yopal","tag-noticias-cano-mochuelo","tag-noticias-casanare","tag-noticias-fac-en-casanare"],"yoast_head":"<!-- This site is optimized with the Yoast SEO plugin v26.1 - https:\/\/yoast.com\/wordpress\/plugins\/seo\/ -->\n<title>FAC auxilia a 2 beb\u00e9s ind\u00edgenas desnutridas. Las saca de Ca\u00f1o Mochuelo hacia Yopal. - \u25b7 Noticias de Casanare : Martha Cifuentes | Casanare<\/title>\n<meta name=\"robots\" content=\"index, follow, max-snippet:-1, max-image-preview:large, max-video-preview:-1\" \/>\n<link rel=\"canonical\" href=\"https:\/\/marthacifuentes.com\/portada\/fac-auxilia-a-2-bebes-indigenas-desnutridas-las-saca-de-cano-mochuelo-hacia-yopal\/\" \/>\n<meta property=\"og:locale\" content=\"es_ES\" \/>\n<meta property=\"og:type\" content=\"article\" \/>\n<meta property=\"og:title\" content=\"FAC auxilia a 2 beb\u00e9s ind\u00edgenas desnutridas. Las saca de Ca\u00f1o Mochuelo hacia Yopal. - \u25b7 Noticias de Casanare : Martha Cifuentes | Casanare\" \/>\n<meta property=\"og:description\" content=\"Dos beb\u00e9s ind\u00edgenas de dos meses de nacidas, con un alto grado de desnutrici\u00f3n, fueron trasladadas en un vuelo humanitario desde el resguardo ind\u00edgena de Ca\u00f1o Mochuelo, en el norte de Casanare, hasta Yopal, capital del departamento, en un helic\u00f3ptero UH-60 \u2018Black Hawk\u2019 de la Fuerza A\u00e9rea Colombiana. Tan pronto el Grupo A\u00e9reo del Casanare &hellip;\" \/>\n<meta property=\"og:url\" content=\"https:\/\/marthacifuentes.com\/portada\/fac-auxilia-a-2-bebes-indigenas-desnutridas-las-saca-de-cano-mochuelo-hacia-yopal\/\" \/>\n<meta property=\"og:site_name\" content=\"\u25b7 Noticias de Casanare : Martha Cifuentes | Casanare\" \/>\n<meta property=\"article:published_time\" content=\"2020-07-09T23:26:50+00:00\" \/>\n<meta property=\"og:image\" content=\"https:\/\/marthacifuentes.com\/portada\/wp-content\/uploads\/2020\/07\/WhatsApp-Image-2020-07-09-at-6.04.41-PM.jpeg\" \/>\n\t<meta property=\"og:image:width\" content=\"1280\" \/>\n\t<meta property=\"og:image:height\" content=\"853\" \/>\n\t<meta property=\"og:image:type\" content=\"image\/jpeg\" \/>\n<meta name=\"author\" content=\"Martha Cifuentes\" \/>\n<meta name=\"twitter:card\" content=\"summary_large_image\" \/>\n<meta name=\"twitter:label1\" content=\"Escrito por\" \/>\n\t<meta name=\"twitter:data1\" content=\"Martha Cifuentes\" \/>\n\t<meta name=\"twitter:label2\" content=\"Tiempo de lectura\" \/>\n\t<meta name=\"twitter:data2\" content=\"1 minuto\" \/>\n<script type=\"application\/ld+json\" class=\"yoast-schema-graph\">{\"@context\":\"https:\/\/schema.org\",\"@graph\":[{\"@type\":\"WebPage\",\"@id\":\"https:\/\/marthacifuentes.com\/portada\/fac-auxilia-a-2-bebes-indigenas-desnutridas-las-saca-de-cano-mochuelo-hacia-yopal\/\",\"url\":\"https:\/\/marthacifuentes.com\/portada\/fac-auxilia-a-2-bebes-indigenas-desnutridas-las-saca-de-cano-mochuelo-hacia-yopal\/\",\"name\":\"FAC auxilia a 2 beb\u00e9s ind\u00edgenas desnutridas. Las saca de Ca\u00f1o Mochuelo hacia Yopal. - \u25b7 Noticias de Casanare : Martha Cifuentes | Casanare\",\"isPartOf\":{\"@id\":\"https:\/\/marthacifuentes.com\/portada\/#website\"},\"primaryImageOfPage\":{\"@id\":\"https:\/\/marthacifuentes.com\/portada\/fac-auxilia-a-2-bebes-indigenas-desnutridas-las-saca-de-cano-mochuelo-hacia-yopal\/#primaryimage\"},\"image\":{\"@id\":\"https:\/\/marthacifuentes.com\/portada\/fac-auxilia-a-2-bebes-indigenas-desnutridas-las-saca-de-cano-mochuelo-hacia-yopal\/#primaryimage\"},\"thumbnailUrl\":\"https:\/\/marthacifuentes.com\/portada\/wp-content\/uploads\/2020\/07\/WhatsApp-Image-2020-07-09-at-6.04.41-PM.jpeg\",\"datePublished\":\"2020-07-09T23:26:50+00:00\",\"author\":{\"@id\":\"https:\/\/marthacifuentes.com\/portada\/#\/schema\/person\/57f53174b991db5f90ff78d58502b714\"},\"breadcrumb\":{\"@id\":\"https:\/\/marthacifuentes.com\/portada\/fac-auxilia-a-2-bebes-indigenas-desnutridas-las-saca-de-cano-mochuelo-hacia-yopal\/#breadcrumb\"},\"inLanguage\":\"es\",\"potentialAction\":[{\"@type\":\"ReadAction\",\"target\":[\"https:\/\/marthacifuentes.com\/portada\/fac-auxilia-a-2-bebes-indigenas-desnutridas-las-saca-de-cano-mochuelo-hacia-yopal\/\"]}]},{\"@type\":\"ImageObject\",\"inLanguage\":\"es\",\"@id\":\"https:\/\/marthacifuentes.com\/portada\/fac-auxilia-a-2-bebes-indigenas-desnutridas-las-saca-de-cano-mochuelo-hacia-yopal\/#primaryimage\",\"url\":\"https:\/\/marthacifuentes.com\/portada\/wp-content\/uploads\/2020\/07\/WhatsApp-Image-2020-07-09-at-6.04.41-PM.jpeg\",\"contentUrl\":\"https:\/\/marthacifuentes.com\/portada\/wp-content\/uploads\/2020\/07\/WhatsApp-Image-2020-07-09-at-6.04.41-PM.jpeg\",\"width\":1280,\"height\":853},{\"@type\":\"BreadcrumbList\",\"@id\":\"https:\/\/marthacifuentes.com\/portada\/fac-auxilia-a-2-bebes-indigenas-desnutridas-las-saca-de-cano-mochuelo-hacia-yopal\/#breadcrumb\",\"itemListElement\":[{\"@type\":\"ListItem\",\"position\":1,\"name\":\"Portada\",\"item\":\"https:\/\/marthacifuentes.com\/portada\/\"},{\"@type\":\"ListItem\",\"position\":2,\"name\":\"FAC auxilia a 2 beb\u00e9s ind\u00edgenas desnutridas. Las saca de Ca\u00f1o Mochuelo hacia Yopal.\"}]},{\"@type\":\"WebSite\",\"@id\":\"https:\/\/marthacifuentes.com\/portada\/#website\",\"url\":\"https:\/\/marthacifuentes.com\/portada\/\",\"name\":\"\u25b7 Noticias de Casanare : Martha Cifuentes | Casanare\",\"description\":\"Noticias &amp; Contenidos\",\"potentialAction\":[{\"@type\":\"SearchAction\",\"target\":{\"@type\":\"EntryPoint\",\"urlTemplate\":\"https:\/\/marthacifuentes.com\/portada\/?s={search_term_string}\"},\"query-input\":{\"@type\":\"PropertyValueSpecification\",\"valueRequired\":true,\"valueName\":\"search_term_string\"}}],\"inLanguage\":\"es\"},{\"@type\":\"Person\",\"@id\":\"https:\/\/marthacifuentes.com\/portada\/#\/schema\/person\/57f53174b991db5f90ff78d58502b714\",\"name\":\"Martha Cifuentes\",\"image\":{\"@type\":\"ImageObject\",\"inLanguage\":\"es\",\"@id\":\"https:\/\/marthacifuentes.com\/portada\/#\/schema\/person\/image\/\",\"url\":\"http:\/\/marthacifuentes.com\/portada\/wp-content\/uploads\/2018\/06\/avatar_user_2_1528838701-96x96.jpg\",\"contentUrl\":\"http:\/\/marthacifuentes.com\/portada\/wp-content\/uploads\/2018\/06\/avatar_user_2_1528838701-96x96.jpg\",\"caption\":\"Martha Cifuentes\"},\"sameAs\":[\"http:\/\/www.marthacifuentes.com\"],\"url\":\"https:\/\/marthacifuentes.com\/portada\/author\/martha\/\"}]}<\/script>\n<!-- \/ Yoast SEO plugin. -->","yoast_head_json":{"title":"FAC auxilia a 2 beb\u00e9s ind\u00edgenas desnutridas. Las saca de Ca\u00f1o Mochuelo hacia Yopal. - \u25b7 Noticias de Casanare : Martha Cifuentes | Casanare","robots":{"index":"index","follow":"follow","max-snippet":"max-snippet:-1","max-image-preview":"max-image-preview:large","max-video-preview":"max-video-preview:-1"},"canonical":"https:\/\/marthacifuentes.com\/portada\/fac-auxilia-a-2-bebes-indigenas-desnutridas-las-saca-de-cano-mochuelo-hacia-yopal\/","og_locale":"es_ES","og_type":"article","og_title":"FAC auxilia a 2 beb\u00e9s ind\u00edgenas desnutridas. Las saca de Ca\u00f1o Mochuelo hacia Yopal. - \u25b7 Noticias de Casanare : Martha Cifuentes | Casanare","og_description":"Dos beb\u00e9s ind\u00edgenas de dos meses de nacidas, con un alto grado de desnutrici\u00f3n, fueron trasladadas en un vuelo humanitario desde el resguardo ind\u00edgena de Ca\u00f1o Mochuelo, en el norte de Casanare, hasta Yopal, capital del departamento, en un helic\u00f3ptero UH-60 \u2018Black Hawk\u2019 de la Fuerza A\u00e9rea Colombiana. Tan pronto el Grupo A\u00e9reo del Casanare &hellip;","og_url":"https:\/\/marthacifuentes.com\/portada\/fac-auxilia-a-2-bebes-indigenas-desnutridas-las-saca-de-cano-mochuelo-hacia-yopal\/","og_site_name":"\u25b7 Noticias de Casanare : Martha Cifuentes | Casanare","article_published_time":"2020-07-09T23:26:50+00:00","og_image":[{"width":1280,"height":853,"url":"https:\/\/marthacifuentes.com\/portada\/wp-content\/uploads\/2020\/07\/WhatsApp-Image-2020-07-09-at-6.04.41-PM.jpeg","type":"image\/jpeg"}],"author":"Martha Cifuentes","twitter_card":"summary_large_image","twitter_misc":{"Escrito por":"Martha Cifuentes","Tiempo de lectura":"1 minuto"},"schema":{"@context":"https:\/\/schema.org","@graph":[{"@type":"WebPage","@id":"https:\/\/marthacifuentes.com\/portada\/fac-auxilia-a-2-bebes-indigenas-desnutridas-las-saca-de-cano-mochuelo-hacia-yopal\/","url":"https:\/\/marthacifuentes.com\/portada\/fac-auxilia-a-2-bebes-indigenas-desnutridas-las-saca-de-cano-mochuelo-hacia-yopal\/","name":"FAC auxilia a 2 beb\u00e9s ind\u00edgenas desnutridas. Las saca de Ca\u00f1o Mochuelo hacia Yopal. - \u25b7 Noticias de Casanare : Martha Cifuentes | Casanare","isPartOf":{"@id":"https:\/\/marthacifuentes.com\/portada\/#website"},"primaryImageOfPage":{"@id":"https:\/\/marthacifuentes.com\/portada\/fac-auxilia-a-2-bebes-indigenas-desnutridas-las-saca-de-cano-mochuelo-hacia-yopal\/#primaryimage"},"image":{"@id":"https:\/\/marthacifuentes.com\/portada\/fac-auxilia-a-2-bebes-indigenas-desnutridas-las-saca-de-cano-mochuelo-hacia-yopal\/#primaryimage"},"thumbnailUrl":"https:\/\/marthacifuentes.com\/portada\/wp-content\/uploads\/2020\/07\/WhatsApp-Image-2020-07-09-at-6.04.41-PM.jpeg","datePublished":"2020-07-09T23:26:50+00:00","author":{"@id":"https:\/\/marthacifuentes.com\/portada\/#\/schema\/person\/57f53174b991db5f90ff78d58502b714"},"breadcrumb":{"@id":"https:\/\/marthacifuentes.com\/portada\/fac-auxilia-a-2-bebes-indigenas-desnutridas-las-saca-de-cano-mochuelo-hacia-yopal\/#breadcrumb"},"inLanguage":"es","potentialAction":[{"@type":"ReadAction","target":["https:\/\/marthacifuentes.com\/portada\/fac-auxilia-a-2-bebes-indigenas-desnutridas-las-saca-de-cano-mochuelo-hacia-yopal\/"]}]},{"@type":"ImageObject","inLanguage":"es","@id":"https:\/\/marthacifuentes.com\/portada\/fac-auxilia-a-2-bebes-indigenas-desnutridas-las-saca-de-cano-mochuelo-hacia-yopal\/#primaryimage","url":"https:\/\/marthacifuentes.com\/portada\/wp-content\/uploads\/2020\/07\/WhatsApp-Image-2020-07-09-at-6.04.41-PM.jpeg","contentUrl":"https:\/\/marthacifuentes.com\/portada\/wp-content\/uploads\/2020\/07\/WhatsApp-Image-2020-07-09-at-6.04.41-PM.jpeg","width":1280,"height":853},{"@type":"BreadcrumbList","@id":"https:\/\/marthacifuentes.com\/portada\/fac-auxilia-a-2-bebes-indigenas-desnutridas-las-saca-de-cano-mochuelo-hacia-yopal\/#breadcrumb","itemListElement":[{"@type":"ListItem","position":1,"name":"Portada","item":"https:\/\/marthacifuentes.com\/portada\/"},{"@type":"ListItem","position":2,"name":"FAC auxilia a 2 beb\u00e9s ind\u00edgenas desnutridas. Las saca de Ca\u00f1o Mochuelo hacia Yopal."}]},{"@type":"WebSite","@id":"https:\/\/marthacifuentes.com\/portada\/#website","url":"https:\/\/marthacifuentes.com\/portada\/","name":"\u25b7 Noticias de Casanare : Martha Cifuentes | Casanare","description":"Noticias &amp; Contenidos","potentialAction":[{"@type":"SearchAction","target":{"@type":"EntryPoint","urlTemplate":"https:\/\/marthacifuentes.com\/portada\/?s={search_term_string}"},"query-input":{"@type":"PropertyValueSpecification","valueRequired":true,"valueName":"search_term_string"}}],"inLanguage":"es"},{"@type":"Person","@id":"https:\/\/marthacifuentes.com\/portada\/#\/schema\/person\/57f53174b991db5f90ff78d58502b714","name":"Martha Cifuentes","image":{"@type":"ImageObject","inLanguage":"es","@id":"https:\/\/marthacifuentes.com\/portada\/#\/schema\/person\/image\/","url":"http:\/\/marthacifuentes.com\/portada\/wp-content\/uploads\/2018\/06\/avatar_user_2_1528838701-96x96.jpg","contentUrl":"http:\/\/marthacifuentes.com\/portada\/wp-content\/uploads\/2018\/06\/avatar_user_2_1528838701-96x96.jpg","caption":"Martha Cifuentes"},"sameAs":["http:\/\/www.marthacifuentes.com"],"url":"https:\/\/marthacifuentes.com\/portada\/author\/martha\/"}]}},"_links":{"self":[{"href":"https:\/\/marthacifuentes.com\/portada\/wp-json\/wp\/v2\/posts\/24175","targetHints":{"allow":["GET"]}}],"collection":[{"href":"https:\/\/marthacifuentes.com\/portada\/wp-json\/wp\/v2\/posts"}],"about":[{"href":"https:\/\/marthacifuentes.com\/portada\/wp-json\/wp\/v2\/types\/post"}],"author":[{"embeddable":true,"href":"https:\/\/marthacifuentes.com\/portada\/wp-json\/wp\/v2\/users\/2"}],"replies":[{"embeddable":true,"href":"https:\/\/marthacifuentes.com\/portada\/wp-json\/wp\/v2\/comments?post=24175"}],"version-history":[{"count":0,"href":"https:\/\/marthacifuentes.com\/portada\/wp-json\/wp\/v2\/posts\/24175\/revisions"}],"wp:featuredmedia":[{"embeddable":true,"href":"https:\/\/marthacifuentes.com\/portada\/wp-json\/wp\/v2\/media\/24176"}],"wp:attachment":[{"href":"https:\/\/marthacifuentes.com\/portada\/wp-json\/wp\/v2\/media?parent=24175"}],"wp:term":[{"taxonomy":"category","embeddable":true,"href":"https:\/\/marthacifuentes.com\/portada\/wp-json\/wp\/v2\/categories?post=24175"},{"taxonomy":"post_tag","embeddable":true,"href":"https:\/\/marthacifuentes.com\/portada\/wp-json\/wp\/v2\/tags?post=24175"}],"curies":[{"name":"wp","href":"https:\/\/api.w.org\/{rel}","templated":true}]}}