{"id":24486,"date":"2020-07-30T06:48:50","date_gmt":"2020-07-30T11:48:50","guid":{"rendered":"https:\/\/marthacifuentes.com\/portada\/?p=24486"},"modified":"2020-07-30T06:48:50","modified_gmt":"2020-07-30T11:48:50","slug":"consejo-de-estado-acelera-recaudo-de-pruebas-en-proceso-de-nulidad-de-eleccion-de-directora-de-corporinoquia","status":"publish","type":"post","link":"https:\/\/marthacifuentes.com\/portada\/consejo-de-estado-acelera-recaudo-de-pruebas-en-proceso-de-nulidad-de-eleccion-de-directora-de-corporinoquia\/","title":{"rendered":"Consejo de Estado acelera recaudo de pruebas en proceso de nulidad de elecci\u00f3n de directora de Corporinoquia"},"content":{"rendered":"<p style=\"text-align: justify;\"><strong>La Secci\u00f3n Quinta del Consejo de Estado, dentro del recaudo de pruebas en el proceso de nulidad de la elecci\u00f3n de Doris Bernal como directora de Corporinoquia, requiri\u00f3 a varias corporaciones ambientales CARs informaci\u00f3n alusiva a los tr\u00e1mites relacionados con el tema por SERTRAC INGENIER\u00cdA SAS, empresa que certific\u00f3 la experiencia en materia ambiental de la elegida.<\/strong><\/p>\n<p style=\"text-align: justify;\">Ya varias de ellas como Cormacarena, Cornare, Corpoguavio, Corporinoqu\u00eda, Corponari\u00f1o, Carsucre, Carder y CDMB, respondieron a la solicitud de informaci\u00f3n en el sentido de que en esas entidades no se ha tramitado ning\u00fan tipo de permiso o licencia ambiental.<\/p>\n<p style=\"text-align: justify;\">Igualmente la magistrada Lucy Jeannette Berm\u00fadez Berm\u00fadez solicit\u00f3 a Corporinoquia todo el expediente de la elecci\u00f3n de la directora efectuada el 30 de octubre del a\u00f1o pasado por parte del Consejo Directivo, encabezado por el exgobernador Alirio Barrera.<\/p>\n<p style=\"text-align: justify;\">Otra de las pruebas que est\u00e1 recaudando el Contencioso Administrativo tiene que ver con las recusaciones, causas y procedimiento aplicado el d\u00eda de la elecci\u00f3n. Se ha solicitado a cada miembro del anterior Consejo Directivo que expliquen en detalle lo sucedido, con soportes por escrito.<\/p>\n<p style=\"text-align: justify;\">Uno de ellos, Alirio Barrera, deber\u00e1 explicar su actuaci\u00f3n cuando lo recusaron por supuestamente estar impedido para elegir al director, considerando que Doris Bernal era su subalterna en la Gobernaci\u00f3n de Casanare, hasta d\u00edas antes de la elecci\u00f3n. Ella laboraba como secretar\u00eda privada y por ende era una persona de m\u00e1xima confianza del exmandatario.<\/p>\n<p style=\"text-align: justify;\">Esto es parte fundamental del proceso en raz\u00f3n a que al inadecuado tr\u00e1mite de las recusaciones es lo que origina el posible vicio de procedimiento en la elecci\u00f3n y que inicialmente cobr\u00f3 la suspensi\u00f3n preventiva de la directora elegida.<\/p>\n<p style=\"text-align: justify;\">Igualmente el Procurador Delegado para Asuntos Ambientales y Agrarios de la Procuradur\u00eda General de la Naci\u00f3n Diego Fernando Truijillo Mar\u00edn, present\u00f3 recurso de s\u00faplica para que se le reconozca nuevamente como coadyuvante en la demanda de nulidad, considerando el activo rol que ha tenido en todo el proceso de elecci\u00f3n del director de Corporinoquia. Esto en virtud a que en la audiencia inicial la magistrada determin\u00f3 la suspensi\u00f3n de esa coadyuvancia.<\/p>\n<blockquote class=\"wp-embedded-content\" data-secret=\"vBbuhlACXo\"><p><a href=\"https:\/\/marthacifuentes.com\/portada\/2020\/07\/29\/casanare-reporta-hoy-9-casos-covid-19-y-acumula-a-277-contagios-yopal-llego-a-155-y-tauramena-a-37\/\">Casanare reporta hoy 9 casos Covid-19 y acumula a 277 contagios. Yopal lleg\u00f3 a 155 y Tauramena a 37.<\/a><\/p><\/blockquote>\n<p><iframe loading=\"lazy\" class=\"wp-embedded-content\" sandbox=\"allow-scripts\" security=\"restricted\" style=\"position: absolute; clip: rect(1px, 1px, 1px, 1px);\" title=\"\u00abCasanare reporta hoy 9 casos Covid-19 y acumula a 277 contagios. Yopal lleg\u00f3 a 155 y Tauramena a 37.\u00bb \u2014 \u25b7 Noticias de Casanare : Martha Cifuentes | Casanare\" src=\"https:\/\/marthacifuentes.com\/portada\/2020\/07\/29\/casanare-reporta-hoy-9-casos-covid-19-y-acumula-a-277-contagios-yopal-llego-a-155-y-tauramena-a-37\/embed\/#?secret=7GSTf7pScx#?secret=vBbuhlACXo\" data-secret=\"vBbuhlACXo\" width=\"500\" height=\"282\" frameborder=\"0\" marginwidth=\"0\" marginheight=\"0\" scrolling=\"no\"><\/iframe><\/p>\n<p><iframe loading=\"lazy\" class=\"wp-embedded-content\" title=\"\u00abMagistrada que llevar\u00e1 proceso contra el gobernador de Casanare es la misma que descubri\u00f3 fraude electoral contra el MIRA\u00bb \u2014 \u25b7 Noticias de Casanare : Martha Cifuentes | Casanare\" src=\"https:\/\/marthacifuentes.com\/portada\/2020\/07\/29\/magistrada-que-llevara-proceso-contra-el-gobernador-de-casanare-es-la-misma-que-descubrio-fraude-electoral-contra-el-mira\/embed\/#?secret=3XsZn1LpSr\" width=\"600\" height=\"623\" frameborder=\"0\" marginwidth=\"0\" marginheight=\"0\" scrolling=\"no\" sandbox=\"allow-scripts\" data-secret=\"3XsZn1LpSr\" data-mce-fragment=\"1\"><\/iframe><\/p>\n<p><iframe loading=\"lazy\" class=\"wp-embedded-content\" title=\"\u00abLa Covid-19 lleg\u00f3 a la Gobernaci\u00f3n de Casanare. Importante funcionario est\u00e1 infectado\u00bb \u2014 \u25b7 Noticias de Casanare : Martha Cifuentes | Casanare\" src=\"https:\/\/marthacifuentes.com\/portada\/2020\/07\/29\/la-covid-19-llego-a-la-gobernacion-de-casanare-importante-funcionario-esta-infectado\/embed\/#?secret=ra4DQmd2Rw\" width=\"600\" height=\"588\" frameborder=\"0\" marginwidth=\"0\" marginheight=\"0\" scrolling=\"no\" sandbox=\"allow-scripts\" data-secret=\"ra4DQmd2Rw\" data-mce-fragment=\"1\"><\/iframe><\/p>\n<p><iframe loading=\"lazy\" class=\"wp-embedded-content\" title=\"\u00abCasanare con 16 casos Covid-19 llega a 268 y Yopal se acerca a 150 contagios\u00bb \u2014 \u25b7 Noticias de Casanare : Martha Cifuentes | Casanare\" src=\"https:\/\/marthacifuentes.com\/portada\/2020\/07\/29\/casanare-con-16-casos-covid-19-llega-a-268-y-yopal-se-acerca-a-150-contagios\/embed\/#?secret=iDjJEXHRyf\" width=\"600\" height=\"558\" frameborder=\"0\" marginwidth=\"0\" marginheight=\"0\" scrolling=\"no\" sandbox=\"allow-scripts\" data-secret=\"iDjJEXHRyf\" data-mce-fragment=\"1\"><\/iframe><\/p>\n<p><iframe loading=\"lazy\" class=\"wp-embedded-content\" title=\"\u00abCerradas obras de Covioriente en Yopal por violar protocolos Covid-19.\u00bb \u2014 \u25b7 Noticias de Casanare : Martha Cifuentes | Casanare\" src=\"https:\/\/marthacifuentes.com\/portada\/2020\/07\/28\/cerradas-obras-de-covioriente-en-yopal-por-violar-protocolos-covid-19\/embed\/#?secret=6sQ4r7RMsd\" width=\"600\" height=\"595\" frameborder=\"0\" marginwidth=\"0\" marginheight=\"0\" scrolling=\"no\" sandbox=\"allow-scripts\" data-secret=\"6sQ4r7RMsd\" data-mce-fragment=\"1\"><\/iframe><\/p>\n<p><iframe loading=\"lazy\" class=\"wp-embedded-content\" title=\"\u00abLuego de 92 d\u00edas de estar secuestrada volvi\u00f3 a casa Marcela Romero, liberada por disidencias de las Farc\u00bb \u2014 \u25b7 Noticias de Casanare : Martha Cifuentes | Casanare\" src=\"https:\/\/marthacifuentes.com\/portada\/2020\/07\/28\/luego-de-92-dias-de-estar-secuestrada-volvio-a-casa-marcela-romero-liberada-por-disidencias-de-las-farc\/embed\/#?secret=rdldCeJCWD\" width=\"600\" height=\"595\" frameborder=\"0\" marginwidth=\"0\" marginheight=\"0\" scrolling=\"no\" sandbox=\"allow-scripts\" data-secret=\"rdldCeJCWD\" data-mce-fragment=\"1\"><\/iframe><\/p>\n<p><iframe loading=\"lazy\" class=\"wp-embedded-content\" title=\"\u00abCasanare r\u00e9cord de casos Covid-19 en un d\u00eda: 32. Suma 252 contagios. Si sigue as\u00ed se ampliar\u00eda toque de queda.\u00bb \u2014 \u25b7 Noticias de Casanare : Martha Cifuentes | Casanare\" src=\"https:\/\/marthacifuentes.com\/portada\/2020\/07\/27\/casanare-record-de-casos-covid-19-en-un-dia-32-suma-252-contagios-si-sigue-asi-se-ampliaria-toque-de-queda\/embed\/#?secret=2KjpssRVtl\" width=\"600\" height=\"607\" frameborder=\"0\" marginwidth=\"0\" marginheight=\"0\" scrolling=\"no\" sandbox=\"allow-scripts\" data-secret=\"2KjpssRVtl\" data-mce-fragment=\"1\"><\/iframe><\/p>\n<p><iframe loading=\"lazy\" class=\"wp-embedded-content\" title=\"\u00abDirector Antisecuestro de la Polic\u00eda ni descarta ni confirma muerte de secuestrado Jaime Rueda Guar\u00edn en Casanare.\u00bb \u2014 \u25b7 Noticias de Casanare : Martha Cifuentes | Casanare\" src=\"https:\/\/marthacifuentes.com\/portada\/2020\/07\/27\/director-antisecuestro-de-la-policia-ni-descarta-ni-confirma-muerte-de-secuestrado-jaime-rueda-guarin-en-casanare\/embed\/#?secret=BpPmMvLHTL\" width=\"600\" height=\"625\" frameborder=\"0\" marginwidth=\"0\" marginheight=\"0\" scrolling=\"no\" sandbox=\"allow-scripts\" data-secret=\"BpPmMvLHTL\" data-mce-fragment=\"1\"><\/iframe><\/p>\n<p><iframe loading=\"lazy\" class=\"wp-embedded-content\" title=\"\u00ab2 soldados y poderosas armas del batall\u00f3n de Tauramena, desaparecidos desde ayer\u00bb \u2014 \u25b7 Noticias de Casanare : Martha Cifuentes | Casanare\" src=\"https:\/\/marthacifuentes.com\/portada\/2020\/07\/27\/2-soldados-y-poderosas-armas-del-batallon-de-tauramena-desaparecidos-desde-ayer\/embed\/#?secret=acb6pClLaH\" width=\"600\" height=\"584\" frameborder=\"0\" marginwidth=\"0\" marginheight=\"0\" scrolling=\"no\" sandbox=\"allow-scripts\" data-secret=\"acb6pClLaH\" data-mce-fragment=\"1\"><\/iframe><\/p>\n<p><iframe loading=\"lazy\" class=\"wp-embedded-content\" title=\"\u00abYopal relajada frente a la Covid-19 ya lleg\u00f3 a 127 casos. Alcald\u00eda amenaza con cierre de actividades econ\u00f3micas\u00bb \u2014 \u25b7 Noticias de Casanare : Martha Cifuentes | Casanare\" src=\"https:\/\/marthacifuentes.com\/portada\/2020\/07\/27\/yopal-relajada-frente-a-la-covid-19-ya-llego-a-127-casos-alcaldia-amenaza-con-cierre-de-actividades-economicas\/embed\/#?secret=V6CuLZPWN7\" width=\"600\" height=\"605\" frameborder=\"0\" marginwidth=\"0\" marginheight=\"0\" scrolling=\"no\" sandbox=\"allow-scripts\" data-secret=\"V6CuLZPWN7\" data-mce-fragment=\"1\"><\/iframe><\/p>\n<h3><\/h3>\n<p><iframe loading=\"lazy\" class=\"wp-embedded-content\" title=\"\u00abAumentan hospitalizados por Covid-19 en Casanare. Ya son 22 de los 220 infectados.\u00bb \u2014 \u25b7 Noticias de Casanare : Martha Cifuentes | Casanare\" src=\"https:\/\/marthacifuentes.com\/portada\/2020\/07\/26\/aumentan-hospitalizados-por-covid-19-en-casanare-ya-son-22-de-los-220-infectados\/embed\/#?secret=Cx43LrhzO5\" width=\"600\" height=\"558\" frameborder=\"0\" marginwidth=\"0\" marginheight=\"0\" scrolling=\"no\" sandbox=\"allow-scripts\" data-secret=\"Cx43LrhzO5\" data-mce-fragment=\"1\"><\/iframe><\/p>\n<p><iframe loading=\"lazy\" class=\"wp-embedded-content\" title=\"\u00abUn beb\u00e9, su mam\u00e1 y otra mujer reci\u00e9n parida casos positivos Covid-19 en Horo en Yopal\u00bb \u2014 \u25b7 Noticias de Casanare : Martha Cifuentes | Casanare\" src=\"https:\/\/marthacifuentes.com\/portada\/2020\/07\/26\/un-bebe-su-mama-y-otra-mujer-recien-parida-casos-positivos-covid-19-en-horo-en-yopal\/embed\/#?secret=FCRaWzApqD\" width=\"600\" height=\"574\" frameborder=\"0\" marginwidth=\"0\" marginheight=\"0\" scrolling=\"no\" sandbox=\"allow-scripts\" data-secret=\"FCRaWzApqD\" data-mce-fragment=\"1\"><\/iframe><\/p>\n<p><iframe loading=\"lazy\" class=\"wp-embedded-content\" title=\"\u00abHospitalizados 19 de los 213 casos Covid-19 de Casanare. 15 en UCI.\u00bb \u2014 \u25b7 Noticias de Casanare : Martha Cifuentes | Casanare\" src=\"https:\/\/marthacifuentes.com\/portada\/2020\/07\/26\/hospitalizados-19-de-los-213-casos-covid-19-de-casanare-15-en-uci\/embed\/#?secret=iV1dLNFOEn\" width=\"600\" height=\"579\" frameborder=\"0\" marginwidth=\"0\" marginheight=\"0\" scrolling=\"no\" sandbox=\"allow-scripts\" data-secret=\"iV1dLNFOEn\" data-mce-fragment=\"1\"><\/iframe><\/p>\n<p><iframe loading=\"lazy\" class=\"wp-embedded-content\" title=\"\u00ab\u201cLos m\u00e9dicos no somos asesinos ni legalizamos pacientes Covid-19\u201d, afirma m\u00e9dica de Yopal, enferma del virus\u00bb \u2014 \u25b7 Noticias de Casanare : Martha Cifuentes | Casanare\" src=\"https:\/\/marthacifuentes.com\/portada\/2020\/07\/25\/los-medicos-no-somos-asesinos-ni-legalizamos-pacientes-covid-19-afirma-medica-de-yopal-enferma-del-virus\/embed\/#?secret=NWmcMhyleO\" width=\"600\" height=\"602\" frameborder=\"0\" marginwidth=\"0\" marginheight=\"0\" scrolling=\"no\" sandbox=\"allow-scripts\" data-secret=\"NWmcMhyleO\" data-mce-fragment=\"1\"><\/iframe><\/p>\n<p><iframe loading=\"lazy\" class=\"wp-embedded-content\" title=\"\u00abEn julio se han infectado 5.7 personas por d\u00eda de Covid-19 en Casanare. Super\u00f3 200 casos\u00bb \u2014 \u25b7 Noticias de Casanare : Martha Cifuentes | Casanare\" src=\"https:\/\/marthacifuentes.com\/portada\/2020\/07\/25\/en-julio-se-han-infectado-5-7-personas-por-dia-de-covid-19-en-casanare-supero-200-casos\/embed\/#?secret=NlIYrBeuDA\" width=\"600\" height=\"558\" frameborder=\"0\" marginwidth=\"0\" marginheight=\"0\" scrolling=\"no\" sandbox=\"allow-scripts\" data-secret=\"NlIYrBeuDA\" data-mce-fragment=\"1\"><\/iframe><\/p>\n<p><iframe loading=\"lazy\" class=\"wp-embedded-content\" title=\"\u00abPor posibles casos Covid-19 Termoyopal suspendi\u00f3 proyecto Tuc\u00e1n\u00bb \u2014 \u25b7 Noticias de Casanare : Martha Cifuentes | Casanare\" src=\"https:\/\/marthacifuentes.com\/portada\/2020\/07\/24\/por-posibles-casos-covid-19-termoyopal-suspendio-proyecto-tucan\/embed\/#?secret=R0K5ck3kkK\" width=\"600\" height=\"595\" frameborder=\"0\" marginwidth=\"0\" marginheight=\"0\" scrolling=\"no\" sandbox=\"allow-scripts\" data-secret=\"R0K5ck3kkK\" data-mce-fragment=\"1\"><\/iframe><\/p>\n<p><iframe loading=\"lazy\" class=\"wp-embedded-content\" title=\"\u00abOjo, en agosto Dengue aumentar\u00eda en Casanare. Es m\u00e1s letal que la Covid-19 \u00a0\u00bb \u2014 \u25b7 Noticias de Casanare : Martha Cifuentes | Casanare\" src=\"https:\/\/marthacifuentes.com\/portada\/2020\/07\/24\/ojo-en-agosto-dengue-aumentaria-en-casanare-es-mas-letal-que-la-covid-19\/embed\/#?secret=vf2lQ1i2xF\" width=\"600\" height=\"595\" frameborder=\"0\" marginwidth=\"0\" marginheight=\"0\" scrolling=\"no\" sandbox=\"allow-scripts\" data-secret=\"vf2lQ1i2xF\" data-mce-fragment=\"1\"><\/iframe><\/p>\n<p><iframe loading=\"lazy\" class=\"wp-embedded-content\" title=\"\u00abCasanare casi 200 casos Covid-19 y la mitad de sus municipios infectados\u00bb \u2014 \u25b7 Noticias de Casanare : Martha Cifuentes | Casanare\" src=\"https:\/\/marthacifuentes.com\/portada\/2020\/07\/23\/casanare-casi-200-casos-covid-19-y-la-mitad-de-sus-municipios-infectados\/embed\/#?secret=3cXI2ysWdF\" width=\"600\" height=\"579\" frameborder=\"0\" marginwidth=\"0\" marginheight=\"0\" scrolling=\"no\" sandbox=\"allow-scripts\" data-secret=\"3cXI2ysWdF\" data-mce-fragment=\"1\"><\/iframe><\/p>\n<p><iframe loading=\"lazy\" class=\"wp-embedded-content\" title=\"\u00abEn HORO se limitan visitas a pacientes y atenci\u00f3n al p\u00fablico, por Covid-19\u00bb \u2014 \u25b7 Noticias de Casanare : Martha Cifuentes | Casanare\" src=\"https:\/\/marthacifuentes.com\/portada\/2020\/07\/23\/en-horo-se-limitan-visitas-a-pacientes-y-atencion-al-publico-por-covid-19\/embed\/#?secret=M5p2xkwh0B\" width=\"600\" height=\"619\" frameborder=\"0\" marginwidth=\"0\" marginheight=\"0\" scrolling=\"no\" sandbox=\"allow-scripts\" data-secret=\"M5p2xkwh0B\" data-mce-fragment=\"1\"><\/iframe><\/p>\n<p><iframe loading=\"lazy\" class=\"wp-embedded-content\" title=\"\u00abEn Casanare 15 pacientes Covid-19 en UCI, 4 fallecidos y 189 infectados. Yopal: 114.\u00bb \u2014 \u25b7 Noticias de Casanare : Martha Cifuentes | Casanare\" src=\"https:\/\/marthacifuentes.com\/portada\/2020\/07\/23\/en-casanare-15-pacientes-covid-19-en-uci-4-fallecidos-y-189-infectados-yopal-114\/embed\/#?secret=S9h2d2OIBW\" width=\"600\" height=\"598\" frameborder=\"0\" marginwidth=\"0\" marginheight=\"0\" scrolling=\"no\" sandbox=\"allow-scripts\" data-secret=\"S9h2d2OIBW\" data-mce-fragment=\"1\"><\/iframe><\/p>\n<p><iframe loading=\"lazy\" class=\"wp-embedded-content\" title=\"\u00ab4\u00b0 fallecido por Covid-19 en Casanare era de Hato Corozal. Hoy 4 nuevos casos\u00bb \u2014 \u25b7 Noticias de Casanare : Martha Cifuentes | Casanare\" src=\"https:\/\/marthacifuentes.com\/portada\/2020\/07\/22\/4-fallecido-por-covid-19-en-casanare-era-de-hato-corozal-hoy-4-nuevos-casos\/embed\/#?secret=ZyolsPqYaX\" width=\"600\" height=\"558\" frameborder=\"0\" marginwidth=\"0\" marginheight=\"0\" scrolling=\"no\" sandbox=\"allow-scripts\" data-secret=\"ZyolsPqYaX\" data-mce-fragment=\"1\"><\/iframe><\/p>\n<div class=\"main-content tie-col-md-8 tie-col-xs-12\" role=\"main\">\n<article id=\"the-post\" class=\"container-wrapper post-content tie-standard\">\n<div class=\"entry-content entry clearfix\">\n<p><iframe loading=\"lazy\" class=\"wp-embedded-content\" title=\"\u00abParlamentario de Casanare C\u00e9sar Ortiz positivo para Covid-19\u00bb \u2014 \u25b7 Noticias de Casanare : Martha Cifuentes | Casanare\" src=\"https:\/\/marthacifuentes.com\/portada\/2020\/07\/21\/parlamentario-de-casanare-cesar-ortiz-positivo-para-covid-19\/embed\/#?secret=eUFHY2Iu1i\" width=\"600\" height=\"567\" frameborder=\"0\" marginwidth=\"0\" marginheight=\"0\" scrolling=\"no\" sandbox=\"allow-scripts\" data-secret=\"eUFHY2Iu1i\" data-mce-fragment=\"1\"><\/iframe><\/p>\n<p><iframe loading=\"lazy\" class=\"wp-embedded-content\" title=\"\u00abPor no hacer caso a su partido Centro Democr\u00e1tico, senadora Amanda Gonz\u00e1lez podr\u00eda ser expulsada\u00bb \u2014 \u25b7 Noticias de Casanare : Martha Cifuentes | Casanare\" src=\"https:\/\/marthacifuentes.com\/portada\/2020\/07\/22\/por-no-hacer-caso-a-su-partido-centro-democratico-senadora-amanda-gonzalez-podria-ser-expulsada\/embed\/#?secret=FVWaTCeukN\" width=\"600\" height=\"595\" frameborder=\"0\" marginwidth=\"0\" marginheight=\"0\" scrolling=\"no\" sandbox=\"allow-scripts\" data-secret=\"FVWaTCeukN\" data-mce-fragment=\"1\"><\/iframe><\/p>\n<p><iframe loading=\"lazy\" class=\"wp-embedded-content\" title=\"\u00abCasanare: 12 nuevos casos Covid-19. Llega a 185 infectados. Yopal: 111 contagios. 9 pacientes en UCI\u00bb \u2014 \u25b7 Noticias de Casanare : Martha Cifuentes | Casanare\" src=\"https:\/\/marthacifuentes.com\/portada\/2020\/07\/21\/casanare-12-nuevos-casos-covid-19-llega-a-185-infectados-yopal-111-contagios-9-pacientes-en-uci\/embed\/#?secret=NNckLsnbDH\" width=\"600\" height=\"582\" frameborder=\"0\" marginwidth=\"0\" marginheight=\"0\" scrolling=\"no\" sandbox=\"allow-scripts\" data-secret=\"NNckLsnbDH\" data-mce-fragment=\"1\"><\/iframe><\/p>\n<p><iframe loading=\"lazy\" class=\"wp-embedded-content\" title=\"\u00abPor ocultar informaci\u00f3n de caso Covid-19, Alcald\u00eda de Yopal cerr\u00f3 obra de El Charte a Covioriente\u00bb \u2014 \u25b7 Noticias de Casanare : Martha Cifuentes | Casanare\" src=\"https:\/\/marthacifuentes.com\/portada\/2020\/07\/21\/por-ocultar-informacion-de-caso-covid-19-alcaldia-de-yopal-cerro-obra-de-el-charte-a-covioriente\/embed\/#?secret=fxf7XcbHnR\" width=\"600\" height=\"595\" frameborder=\"0\" marginwidth=\"0\" marginheight=\"0\" scrolling=\"no\" sandbox=\"allow-scripts\" data-secret=\"fxf7XcbHnR\" data-mce-fragment=\"1\"><\/iframe><\/p>\n<p><iframe loading=\"lazy\" class=\"wp-embedded-content\" title=\"\u00abYopal con 17 infectados hoy, super\u00f3 los 100 casos Covid-19. Casanare suma 173. Pacientes hospitalizados 9.\u00bb \u2014 \u25b7 Noticias de Casanare : Martha Cifuentes | Casanare\" src=\"https:\/\/marthacifuentes.com\/portada\/2020\/07\/20\/yopal-con-17-infectados-hoy-supero-los-100-casos-covid-19-casanare-suma-173-pacientes-hospitalizados-9\/embed\/#?secret=UmTGN65qoa\" width=\"600\" height=\"561\" frameborder=\"0\" marginwidth=\"0\" marginheight=\"0\" scrolling=\"no\" sandbox=\"allow-scripts\" data-secret=\"UmTGN65qoa\" data-mce-fragment=\"1\"><\/iframe><\/p>\n<p><iframe loading=\"lazy\" class=\"wp-embedded-content\" title=\"\u00abAguazul, noticia nacional por decreto que obliga a izar la bandera este 20 de julio\u00bb \u2014 \u25b7 Noticias de Casanare : Martha Cifuentes | Casanare\" src=\"https:\/\/marthacifuentes.com\/portada\/2020\/07\/19\/aguazul-noticia-nacional-por-decreto-que-obliga-a-izar-la-bandera-este-20-de-julio\/embed\/#?secret=nxHuSRgEZC\" width=\"600\" height=\"541\" frameborder=\"0\" marginwidth=\"0\" marginheight=\"0\" scrolling=\"no\" sandbox=\"allow-scripts\" data-secret=\"nxHuSRgEZC\" data-mce-fragment=\"1\"><\/iframe><\/p>\n<\/div>\n<\/article>\n<\/div>\n<p>&nbsp;<\/p>\n","protected":false},"excerpt":{"rendered":"<p>La Secci\u00f3n Quinta del Consejo de Estado, dentro del recaudo de pruebas en el proceso de nulidad de la elecci\u00f3n de Doris Bernal como directora de Corporinoquia, requiri\u00f3 a varias corporaciones ambientales CARs informaci\u00f3n alusiva a los tr\u00e1mites relacionados con el tema por SERTRAC INGENIER\u00cdA SAS, empresa que certific\u00f3 la experiencia en materia ambiental de &hellip;<\/p>\n","protected":false},"author":2,"featured_media":24487,"comment_status":"open","ping_status":"open","sticky":false,"template":"","format":"standard","meta":{"om_disable_all_campaigns":false,"_exactmetrics_skip_tracking":false,"_exactmetrics_sitenote_active":false,"_exactmetrics_sitenote_note":"","_exactmetrics_sitenote_category":0,"_monsterinsights_skip_tracking":false,"_monsterinsights_sitenote_active":false,"_monsterinsights_sitenote_note":"","_monsterinsights_sitenote_category":0,"_uf_show_specific_survey":0,"_uf_disable_surveys":false,"_joinchat":[],"footnotes":""},"categories":[147,146,145],"tags":[4934,1400,4933,1372,1374],"class_list":["post-24486","post","type-post","status-publish","format-standard","has-post-thumbnail","hentry","category-actualidad","category-noticias","category-reportajes","tag-consejo-de-estado-acelera-recaudo-de-pruebas-en-proceso-de-nulidad-eleccion-de-directora-de-corporinoquia","tag-noticias-casanare","tag-noticias-corporinoquia-eleccion-directora-doris-bernal","tag-noticias-de-casanare","tag-noticias-de-yopal"],"yoast_head":"<!-- This site is optimized with the Yoast SEO plugin v26.1 - https:\/\/yoast.com\/wordpress\/plugins\/seo\/ -->\n<title>Consejo de Estado acelera recaudo de pruebas en proceso de nulidad de elecci\u00f3n de directora de Corporinoquia - \u25b7 Noticias de Casanare : Martha Cifuentes | Casanare<\/title>\n<meta name=\"robots\" content=\"index, follow, max-snippet:-1, max-image-preview:large, max-video-preview:-1\" \/>\n<link rel=\"canonical\" href=\"https:\/\/marthacifuentes.com\/portada\/consejo-de-estado-acelera-recaudo-de-pruebas-en-proceso-de-nulidad-de-eleccion-de-directora-de-corporinoquia\/\" \/>\n<meta property=\"og:locale\" content=\"es_ES\" \/>\n<meta property=\"og:type\" content=\"article\" \/>\n<meta property=\"og:title\" content=\"Consejo de Estado acelera recaudo de pruebas en proceso de nulidad de elecci\u00f3n de directora de Corporinoquia - \u25b7 Noticias de Casanare : Martha Cifuentes | Casanare\" \/>\n<meta property=\"og:description\" content=\"La Secci\u00f3n Quinta del Consejo de Estado, dentro del recaudo de pruebas en el proceso de nulidad de la elecci\u00f3n de Doris Bernal como directora de Corporinoquia, requiri\u00f3 a varias corporaciones ambientales CARs informaci\u00f3n alusiva a los tr\u00e1mites relacionados con el tema por SERTRAC INGENIER\u00cdA SAS, empresa que certific\u00f3 la experiencia en materia ambiental de &hellip;\" \/>\n<meta property=\"og:url\" content=\"https:\/\/marthacifuentes.com\/portada\/consejo-de-estado-acelera-recaudo-de-pruebas-en-proceso-de-nulidad-de-eleccion-de-directora-de-corporinoquia\/\" \/>\n<meta property=\"og:site_name\" content=\"\u25b7 Noticias de Casanare : Martha Cifuentes | Casanare\" \/>\n<meta property=\"article:published_time\" content=\"2020-07-30T11:48:50+00:00\" \/>\n<meta property=\"og:image\" content=\"https:\/\/marthacifuentes.com\/portada\/wp-content\/uploads\/2020\/07\/corporinoquia-consejo-de-estado.jpg\" \/>\n\t<meta property=\"og:image:width\" content=\"1200\" \/>\n\t<meta property=\"og:image:height\" content=\"600\" \/>\n\t<meta property=\"og:image:type\" content=\"image\/jpeg\" \/>\n<meta name=\"author\" content=\"Martha Cifuentes\" \/>\n<meta name=\"twitter:card\" content=\"summary_large_image\" \/>\n<meta name=\"twitter:label1\" content=\"Escrito por\" \/>\n\t<meta name=\"twitter:data1\" content=\"Martha Cifuentes\" \/>\n\t<meta name=\"twitter:label2\" content=\"Tiempo de lectura\" \/>\n\t<meta name=\"twitter:data2\" content=\"2 minutos\" \/>\n<script type=\"application\/ld+json\" class=\"yoast-schema-graph\">{\"@context\":\"https:\/\/schema.org\",\"@graph\":[{\"@type\":\"WebPage\",\"@id\":\"https:\/\/marthacifuentes.com\/portada\/consejo-de-estado-acelera-recaudo-de-pruebas-en-proceso-de-nulidad-de-eleccion-de-directora-de-corporinoquia\/\",\"url\":\"https:\/\/marthacifuentes.com\/portada\/consejo-de-estado-acelera-recaudo-de-pruebas-en-proceso-de-nulidad-de-eleccion-de-directora-de-corporinoquia\/\",\"name\":\"Consejo de Estado acelera recaudo de pruebas en proceso de nulidad de elecci\u00f3n de directora de Corporinoquia - \u25b7 Noticias de Casanare : Martha Cifuentes | Casanare\",\"isPartOf\":{\"@id\":\"https:\/\/marthacifuentes.com\/portada\/#website\"},\"primaryImageOfPage\":{\"@id\":\"https:\/\/marthacifuentes.com\/portada\/consejo-de-estado-acelera-recaudo-de-pruebas-en-proceso-de-nulidad-de-eleccion-de-directora-de-corporinoquia\/#primaryimage\"},\"image\":{\"@id\":\"https:\/\/marthacifuentes.com\/portada\/consejo-de-estado-acelera-recaudo-de-pruebas-en-proceso-de-nulidad-de-eleccion-de-directora-de-corporinoquia\/#primaryimage\"},\"thumbnailUrl\":\"https:\/\/marthacifuentes.com\/portada\/wp-content\/uploads\/2020\/07\/corporinoquia-consejo-de-estado.jpg\",\"datePublished\":\"2020-07-30T11:48:50+00:00\",\"author\":{\"@id\":\"https:\/\/marthacifuentes.com\/portada\/#\/schema\/person\/57f53174b991db5f90ff78d58502b714\"},\"breadcrumb\":{\"@id\":\"https:\/\/marthacifuentes.com\/portada\/consejo-de-estado-acelera-recaudo-de-pruebas-en-proceso-de-nulidad-de-eleccion-de-directora-de-corporinoquia\/#breadcrumb\"},\"inLanguage\":\"es\",\"potentialAction\":[{\"@type\":\"ReadAction\",\"target\":[\"https:\/\/marthacifuentes.com\/portada\/consejo-de-estado-acelera-recaudo-de-pruebas-en-proceso-de-nulidad-de-eleccion-de-directora-de-corporinoquia\/\"]}]},{\"@type\":\"ImageObject\",\"inLanguage\":\"es\",\"@id\":\"https:\/\/marthacifuentes.com\/portada\/consejo-de-estado-acelera-recaudo-de-pruebas-en-proceso-de-nulidad-de-eleccion-de-directora-de-corporinoquia\/#primaryimage\",\"url\":\"https:\/\/marthacifuentes.com\/portada\/wp-content\/uploads\/2020\/07\/corporinoquia-consejo-de-estado.jpg\",\"contentUrl\":\"https:\/\/marthacifuentes.com\/portada\/wp-content\/uploads\/2020\/07\/corporinoquia-consejo-de-estado.jpg\",\"width\":1200,\"height\":600},{\"@type\":\"BreadcrumbList\",\"@id\":\"https:\/\/marthacifuentes.com\/portada\/consejo-de-estado-acelera-recaudo-de-pruebas-en-proceso-de-nulidad-de-eleccion-de-directora-de-corporinoquia\/#breadcrumb\",\"itemListElement\":[{\"@type\":\"ListItem\",\"position\":1,\"name\":\"Portada\",\"item\":\"https:\/\/marthacifuentes.com\/portada\/\"},{\"@type\":\"ListItem\",\"position\":2,\"name\":\"Consejo de Estado acelera recaudo de pruebas en proceso de nulidad de elecci\u00f3n de directora de Corporinoquia\"}]},{\"@type\":\"WebSite\",\"@id\":\"https:\/\/marthacifuentes.com\/portada\/#website\",\"url\":\"https:\/\/marthacifuentes.com\/portada\/\",\"name\":\"\u25b7 Noticias de Casanare : Martha Cifuentes | Casanare\",\"description\":\"Noticias &amp; Contenidos\",\"potentialAction\":[{\"@type\":\"SearchAction\",\"target\":{\"@type\":\"EntryPoint\",\"urlTemplate\":\"https:\/\/marthacifuentes.com\/portada\/?s={search_term_string}\"},\"query-input\":{\"@type\":\"PropertyValueSpecification\",\"valueRequired\":true,\"valueName\":\"search_term_string\"}}],\"inLanguage\":\"es\"},{\"@type\":\"Person\",\"@id\":\"https:\/\/marthacifuentes.com\/portada\/#\/schema\/person\/57f53174b991db5f90ff78d58502b714\",\"name\":\"Martha Cifuentes\",\"image\":{\"@type\":\"ImageObject\",\"inLanguage\":\"es\",\"@id\":\"https:\/\/marthacifuentes.com\/portada\/#\/schema\/person\/image\/\",\"url\":\"http:\/\/marthacifuentes.com\/portada\/wp-content\/uploads\/2018\/06\/avatar_user_2_1528838701-96x96.jpg\",\"contentUrl\":\"http:\/\/marthacifuentes.com\/portada\/wp-content\/uploads\/2018\/06\/avatar_user_2_1528838701-96x96.jpg\",\"caption\":\"Martha Cifuentes\"},\"sameAs\":[\"http:\/\/www.marthacifuentes.com\"],\"url\":\"https:\/\/marthacifuentes.com\/portada\/author\/martha\/\"}]}<\/script>\n<!-- \/ Yoast SEO plugin. -->","yoast_head_json":{"title":"Consejo de Estado acelera recaudo de pruebas en proceso de nulidad de elecci\u00f3n de directora de Corporinoquia - \u25b7 Noticias de Casanare : Martha Cifuentes | Casanare","robots":{"index":"index","follow":"follow","max-snippet":"max-snippet:-1","max-image-preview":"max-image-preview:large","max-video-preview":"max-video-preview:-1"},"canonical":"https:\/\/marthacifuentes.com\/portada\/consejo-de-estado-acelera-recaudo-de-pruebas-en-proceso-de-nulidad-de-eleccion-de-directora-de-corporinoquia\/","og_locale":"es_ES","og_type":"article","og_title":"Consejo de Estado acelera recaudo de pruebas en proceso de nulidad de elecci\u00f3n de directora de Corporinoquia - \u25b7 Noticias de Casanare : Martha Cifuentes | Casanare","og_description":"La Secci\u00f3n Quinta del Consejo de Estado, dentro del recaudo de pruebas en el proceso de nulidad de la elecci\u00f3n de Doris Bernal como directora de Corporinoquia, requiri\u00f3 a varias corporaciones ambientales CARs informaci\u00f3n alusiva a los tr\u00e1mites relacionados con el tema por SERTRAC INGENIER\u00cdA SAS, empresa que certific\u00f3 la experiencia en materia ambiental de &hellip;","og_url":"https:\/\/marthacifuentes.com\/portada\/consejo-de-estado-acelera-recaudo-de-pruebas-en-proceso-de-nulidad-de-eleccion-de-directora-de-corporinoquia\/","og_site_name":"\u25b7 Noticias de Casanare : Martha Cifuentes | Casanare","article_published_time":"2020-07-30T11:48:50+00:00","og_image":[{"width":1200,"height":600,"url":"https:\/\/marthacifuentes.com\/portada\/wp-content\/uploads\/2020\/07\/corporinoquia-consejo-de-estado.jpg","type":"image\/jpeg"}],"author":"Martha Cifuentes","twitter_card":"summary_large_image","twitter_misc":{"Escrito por":"Martha Cifuentes","Tiempo de lectura":"2 minutos"},"schema":{"@context":"https:\/\/schema.org","@graph":[{"@type":"WebPage","@id":"https:\/\/marthacifuentes.com\/portada\/consejo-de-estado-acelera-recaudo-de-pruebas-en-proceso-de-nulidad-de-eleccion-de-directora-de-corporinoquia\/","url":"https:\/\/marthacifuentes.com\/portada\/consejo-de-estado-acelera-recaudo-de-pruebas-en-proceso-de-nulidad-de-eleccion-de-directora-de-corporinoquia\/","name":"Consejo de Estado acelera recaudo de pruebas en proceso de nulidad de elecci\u00f3n de directora de Corporinoquia - \u25b7 Noticias de Casanare : Martha Cifuentes | Casanare","isPartOf":{"@id":"https:\/\/marthacifuentes.com\/portada\/#website"},"primaryImageOfPage":{"@id":"https:\/\/marthacifuentes.com\/portada\/consejo-de-estado-acelera-recaudo-de-pruebas-en-proceso-de-nulidad-de-eleccion-de-directora-de-corporinoquia\/#primaryimage"},"image":{"@id":"https:\/\/marthacifuentes.com\/portada\/consejo-de-estado-acelera-recaudo-de-pruebas-en-proceso-de-nulidad-de-eleccion-de-directora-de-corporinoquia\/#primaryimage"},"thumbnailUrl":"https:\/\/marthacifuentes.com\/portada\/wp-content\/uploads\/2020\/07\/corporinoquia-consejo-de-estado.jpg","datePublished":"2020-07-30T11:48:50+00:00","author":{"@id":"https:\/\/marthacifuentes.com\/portada\/#\/schema\/person\/57f53174b991db5f90ff78d58502b714"},"breadcrumb":{"@id":"https:\/\/marthacifuentes.com\/portada\/consejo-de-estado-acelera-recaudo-de-pruebas-en-proceso-de-nulidad-de-eleccion-de-directora-de-corporinoquia\/#breadcrumb"},"inLanguage":"es","potentialAction":[{"@type":"ReadAction","target":["https:\/\/marthacifuentes.com\/portada\/consejo-de-estado-acelera-recaudo-de-pruebas-en-proceso-de-nulidad-de-eleccion-de-directora-de-corporinoquia\/"]}]},{"@type":"ImageObject","inLanguage":"es","@id":"https:\/\/marthacifuentes.com\/portada\/consejo-de-estado-acelera-recaudo-de-pruebas-en-proceso-de-nulidad-de-eleccion-de-directora-de-corporinoquia\/#primaryimage","url":"https:\/\/marthacifuentes.com\/portada\/wp-content\/uploads\/2020\/07\/corporinoquia-consejo-de-estado.jpg","contentUrl":"https:\/\/marthacifuentes.com\/portada\/wp-content\/uploads\/2020\/07\/corporinoquia-consejo-de-estado.jpg","width":1200,"height":600},{"@type":"BreadcrumbList","@id":"https:\/\/marthacifuentes.com\/portada\/consejo-de-estado-acelera-recaudo-de-pruebas-en-proceso-de-nulidad-de-eleccion-de-directora-de-corporinoquia\/#breadcrumb","itemListElement":[{"@type":"ListItem","position":1,"name":"Portada","item":"https:\/\/marthacifuentes.com\/portada\/"},{"@type":"ListItem","position":2,"name":"Consejo de Estado acelera recaudo de pruebas en proceso de nulidad de elecci\u00f3n de directora de Corporinoquia"}]},{"@type":"WebSite","@id":"https:\/\/marthacifuentes.com\/portada\/#website","url":"https:\/\/marthacifuentes.com\/portada\/","name":"\u25b7 Noticias de Casanare : Martha Cifuentes | Casanare","description":"Noticias &amp; Contenidos","potentialAction":[{"@type":"SearchAction","target":{"@type":"EntryPoint","urlTemplate":"https:\/\/marthacifuentes.com\/portada\/?s={search_term_string}"},"query-input":{"@type":"PropertyValueSpecification","valueRequired":true,"valueName":"search_term_string"}}],"inLanguage":"es"},{"@type":"Person","@id":"https:\/\/marthacifuentes.com\/portada\/#\/schema\/person\/57f53174b991db5f90ff78d58502b714","name":"Martha Cifuentes","image":{"@type":"ImageObject","inLanguage":"es","@id":"https:\/\/marthacifuentes.com\/portada\/#\/schema\/person\/image\/","url":"http:\/\/marthacifuentes.com\/portada\/wp-content\/uploads\/2018\/06\/avatar_user_2_1528838701-96x96.jpg","contentUrl":"http:\/\/marthacifuentes.com\/portada\/wp-content\/uploads\/2018\/06\/avatar_user_2_1528838701-96x96.jpg","caption":"Martha Cifuentes"},"sameAs":["http:\/\/www.marthacifuentes.com"],"url":"https:\/\/marthacifuentes.com\/portada\/author\/martha\/"}]}},"_links":{"self":[{"href":"https:\/\/marthacifuentes.com\/portada\/wp-json\/wp\/v2\/posts\/24486","targetHints":{"allow":["GET"]}}],"collection":[{"href":"https:\/\/marthacifuentes.com\/portada\/wp-json\/wp\/v2\/posts"}],"about":[{"href":"https:\/\/marthacifuentes.com\/portada\/wp-json\/wp\/v2\/types\/post"}],"author":[{"embeddable":true,"href":"https:\/\/marthacifuentes.com\/portada\/wp-json\/wp\/v2\/users\/2"}],"replies":[{"embeddable":true,"href":"https:\/\/marthacifuentes.com\/portada\/wp-json\/wp\/v2\/comments?post=24486"}],"version-history":[{"count":0,"href":"https:\/\/marthacifuentes.com\/portada\/wp-json\/wp\/v2\/posts\/24486\/revisions"}],"wp:featuredmedia":[{"embeddable":true,"href":"https:\/\/marthacifuentes.com\/portada\/wp-json\/wp\/v2\/media\/24487"}],"wp:attachment":[{"href":"https:\/\/marthacifuentes.com\/portada\/wp-json\/wp\/v2\/media?parent=24486"}],"wp:term":[{"taxonomy":"category","embeddable":true,"href":"https:\/\/marthacifuentes.com\/portada\/wp-json\/wp\/v2\/categories?post=24486"},{"taxonomy":"post_tag","embeddable":true,"href":"https:\/\/marthacifuentes.com\/portada\/wp-json\/wp\/v2\/tags?post=24486"}],"curies":[{"name":"wp","href":"https:\/\/api.w.org\/{rel}","templated":true}]}}