{"id":24495,"date":"2020-07-31T06:12:29","date_gmt":"2020-07-31T11:12:29","guid":{"rendered":"https:\/\/marthacifuentes.com\/portada\/?p=24495"},"modified":"2020-07-31T06:12:29","modified_gmt":"2020-07-31T11:12:29","slug":"covid-19-llego-a-trinidad-con-21-casos-mas-reportados-casanare-bordea-300-contagiados","status":"publish","type":"post","link":"https:\/\/marthacifuentes.com\/portada\/covid-19-llego-a-trinidad-con-21-casos-mas-reportados-casanare-bordea-300-contagiados\/","title":{"rendered":"Covid-19 lleg\u00f3 a Trinidad. Con 21 casos m\u00e1s reportados Casanare bordea 300 contagiados"},"content":{"rendered":"<p style=\"text-align: justify;\">Con un caso confirmado de Covid-19 Trinidad, al norte de Casanare, ingreso a la lista de municipios con contagios. Ahora el 57% de los 19 municipios son Covid-19. El departamento con los 21 casos de este 30 de julio llega a 298 infectados. Hay 13 pacientes hospitalizados.<\/p>\n<p style=\"text-align: justify;\">De los 298 casos confirmados, 169 est\u00e1n aislamiento obligatorio en casa, 112 son pacientes recuperados y 4 personas fallecidas.<\/p>\n<p style=\"text-align: justify;\">Detalles de los 21 casos reportados: Yopal 10, Paz de Ariporo 5, Aguazul 2, Villanueva 2, Pore 1 y Trinidad 1.<\/p>\n<ul>\n<li>Caso 278: Mujer de 26 a\u00f1os &#8211; residente en Villanueva &#8211; contagiados con s\u00edntomas leves, en cuarentena en casa y fuente de contagio desconocido.<\/li>\n<li>Caso 279: Mujer de 38 a\u00f1os &#8211; residente en Aguazul, Contagiados con s\u00edntomas leves, en cuarentena en casa y fuente de contagio desconocido.<\/li>\n<li>Caso 280: Hombre de 45 a\u00f1os &#8211; residente en Yopal, Contagiados con s\u00edntomas leves, en cuarentena en casa y fuente de contagio desconocido.<\/li>\n<li>Caso 281: Mujer de 58 a\u00f1os &#8211; procedente de Yopal, se encuentra con sintomatolog\u00eda moderada, recibiendo atenci\u00f3n m\u00e9dica en hospitalizaci\u00f3n. Su fuente de contagio est\u00e1 en estudio.<\/li>\n<li>Caso 282: Hombre de 34 a\u00f1os &#8211; residente en Yopal, Contagiados con s\u00edntomas leves, en cuarentena en casa y fuente de contagio desconocido.<\/li>\n<li>Caso \u00a0283: Hombre de 33 a\u00f1os &#8211; residente en Yopal, Contagiados con s\u00edntomas leves, en cuarentena en casa y fuente de contagio desconocido.<\/li>\n<li>Caso 284: Mujer de 50 a\u00f1os &#8211; residente en Trinidad, Contagiados con s\u00edntomas leves, en cuarentena en casa y fuente de contagio desconocido.<\/li>\n<li>Caso 285: Hombre de 57 a\u00f1os &#8211; residente en Yopal, Contagiados con s\u00edntomas leves, en cuarentena en casa y fuente de contagio desconocido.<\/li>\n<li>Caso 286: Hombre de 40 a\u00f1os &#8211; residente en Yopal, Contagiados con s\u00edntomas leves, en cuarentena en casa y fuente de contagio desconocido.<\/li>\n<li>Caso 287: Hombre de 56 a\u00f1os &#8211; residente en Pore, Contagiados con s\u00edntomas leves, en cuarentena en casa- contagio relacionado con otro caso confirmado.<\/li>\n<li>Caso 288: Mujer de 28 a\u00f1os &#8211; residente en Aguazul, Contagiados con s\u00edntomas leves, en cuarentena en casa- contagio relacionado con otro caso confirmado.<\/li>\n<li>Caso 289: Hombre de 15 a\u00f1os &#8211; residente en Paz de Ariporo, Contagiados con s\u00edntomas leves, en cuarentena en casa- contagio relacionado con otro caso confirmado.<\/li>\n<li style=\"text-align: justify;\">Caso 290: Hombre de 29 a\u00f1os &#8211; residente en Paz de Ariporo, Contagiados con s\u00edntomas leves, en cuarentena en casa- contagio relacionado con otro caso confirmado:<\/li>\n<li style=\"text-align: justify;\">Caso 291: Mujer de 65 a\u00f1os &#8211; residente en Yopal, Contagiados con s\u00edntomas leves, en cuarentena en casa- contagio relacionado con otro caso confirmado.<\/li>\n<li style=\"text-align: justify;\">Caso 292: Hombre de 24 a\u00f1os &#8211; residente en Paz de Ariporo, Contagiados con s\u00edntomas leves, en cuarentena en casa- contagio relacionado con otro caso confirmado.<\/li>\n<li style=\"text-align: justify;\">Caso 293: Hombre de 42 a\u00f1os &#8211; residente en Paz de Ariporo, Contagiados con s\u00edntomas leves, en cuarentena en casa- contagio relacionado con otro caso confirmado.<\/li>\n<li style=\"text-align: justify;\">Caso 294: Mujer de 66 a\u00f1os &#8211; residente en Paz de Ariporo, Contagiados con s\u00edntomas leves, en cuarentena en casa- contagio relacionado con otro caso confirmado.<\/li>\n<li style=\"text-align: justify;\">Caso 295: Hombre de 48 a\u00f1os &#8211; residente en Yopal, contagiados con s\u00edntomas leves, en cuarentena en casa y fuente de contagio desconocido.<\/li>\n<li style=\"text-align: justify;\">Caso 296: Mujer de 50 a\u00f1os &#8211; residente en Yopal, contagiados con s\u00edntomas leves, en cuarentena en casa y fuente de contagio desconocido.<\/li>\n<li style=\"text-align: justify;\">Caso \u00a0297: Mujer de 24 a\u00f1os &#8211; residente en Yopal, Contagiados con s\u00edntomas leves, en cuarentena en casa- contagio relacionado con otro caso confirmado.<\/li>\n<li style=\"text-align: justify;\">Caso \u00a0298: Hombre de 36 a\u00f1os &#8211; residente en Yopal, contagiados con s\u00edntomas leves, en cuarentena en casa y fuente de contagio desconocido.<\/li>\n<\/ul>\n<p>&nbsp;<\/p>\n<p><strong>Casos por municipios<\/strong><\/p>\n<ul>\n<li>Yopal 165<\/li>\n<li>Tauramena 37<\/li>\n<li>Villanueva 33<\/li>\n<li>Pore 24<\/li>\n<li>Aguazul 12<\/li>\n<li>Paz de Ariporo 10<\/li>\n<li>Man\u00ed 9<\/li>\n<li>Monterrey 5<\/li>\n<li>Orocu\u00e9 1<\/li>\n<li>Hato Corozal 1<\/li>\n<li>Trinidad 1<\/li>\n<\/ul>\n<p>&nbsp;<\/p>\n<p><strong>Monitoreo ocupaci\u00f3n 63 camas UCI:<\/strong><\/p>\n<ul>\n<li>Adultos: 52% de ocupaci\u00f3n con 26 camas en uso de 50 disponibles.<\/li>\n<li>Neonatal y Pediatr\u00eda: 62% de ocupaci\u00f3n con ocho (8) camas en uso de 13 disponibles.<\/li>\n<\/ul>\n<blockquote class=\"wp-embedded-content\" data-secret=\"CZNWD4SJNc\"><p><a href=\"https:\/\/marthacifuentes.com\/portada\/2020\/07\/30\/por-desorden-rinas-y-violar-protocolos-de-bioseguridad-cerrados-expendios-de-licor-en-la-central-de-abastos-de-yopal\/\">Por desorden, ri\u00f1as y violar protocolos de bioseguridad cerrados expendios de licor en la Central de Abastos de Yopal<\/a><\/p><\/blockquote>\n<p><iframe loading=\"lazy\" class=\"wp-embedded-content\" sandbox=\"allow-scripts\" security=\"restricted\" style=\"position: absolute; clip: rect(1px, 1px, 1px, 1px);\" title=\"\u00abPor desorden, ri\u00f1as y violar protocolos de bioseguridad cerrados expendios de licor en la Central de Abastos de Yopal\u00bb \u2014 \u25b7 Noticias de Casanare : Martha Cifuentes | Casanare\" src=\"https:\/\/marthacifuentes.com\/portada\/2020\/07\/30\/por-desorden-rinas-y-violar-protocolos-de-bioseguridad-cerrados-expendios-de-licor-en-la-central-de-abastos-de-yopal\/embed\/#?secret=TOhWsUvauk#?secret=CZNWD4SJNc\" data-secret=\"CZNWD4SJNc\" width=\"500\" height=\"282\" frameborder=\"0\" marginwidth=\"0\" marginheight=\"0\" scrolling=\"no\"><\/iframe><\/p>\n<p><iframe loading=\"lazy\" class=\"wp-embedded-content\" title=\"\u00abBarrios de Yopal se quedaron sin agua por quema de tuber\u00eda del acueducto en cercan\u00edas de La Decisi\u00f3n\u00bb \u2014 \u25b7 Noticias de Casanare : Martha Cifuentes | Casanare\" src=\"https:\/\/marthacifuentes.com\/portada\/2020\/07\/30\/barrios-de-yopal-se-quedaron-sin-agua-por-quema-de-tuberia-del-acueducto-en-cercanias-de-la-decision\/embed\/#?secret=vgIwTkceHc\" width=\"600\" height=\"612\" frameborder=\"0\" marginwidth=\"0\" marginheight=\"0\" scrolling=\"no\" sandbox=\"allow-scripts\" data-secret=\"vgIwTkceHc\" data-mce-fragment=\"1\"><\/iframe><\/p>\n<p><iframe loading=\"lazy\" class=\"wp-embedded-content\" title=\"\u00abConsejo de Estado acelera recaudo de pruebas en proceso de nulidad de elecci\u00f3n de directora de Corporinoquia\u00bb \u2014 \u25b7 Noticias de Casanare : Martha Cifuentes | Casanare\" src=\"https:\/\/marthacifuentes.com\/portada\/2020\/07\/30\/consejo-de-estado-acelera-recaudo-de-pruebas-en-proceso-de-nulidad-de-eleccion-de-directora-de-corporinoquia\/embed\/#?secret=0ivYiN9Bvm\" width=\"600\" height=\"612\" frameborder=\"0\" marginwidth=\"0\" marginheight=\"0\" scrolling=\"no\" sandbox=\"allow-scripts\" data-secret=\"0ivYiN9Bvm\" data-mce-fragment=\"1\"><\/iframe><\/p>\n<p><iframe loading=\"lazy\" class=\"wp-embedded-content\" title=\"\u00abCasanare reporta hoy 9 casos Covid-19 y acumula a 277 contagios. Yopal lleg\u00f3 a 155 y Tauramena a 37.\u00bb \u2014 \u25b7 Noticias de Casanare : Martha Cifuentes | Casanare\" src=\"https:\/\/marthacifuentes.com\/portada\/2020\/07\/29\/casanare-reporta-hoy-9-casos-covid-19-y-acumula-a-277-contagios-yopal-llego-a-155-y-tauramena-a-37\/embed\/#?secret=LLSZP9As7q\" width=\"600\" height=\"579\" frameborder=\"0\" marginwidth=\"0\" marginheight=\"0\" scrolling=\"no\" sandbox=\"allow-scripts\" data-secret=\"LLSZP9As7q\" data-mce-fragment=\"1\"><\/iframe><\/p>\n<p><iframe loading=\"lazy\" class=\"wp-embedded-content\" title=\"\u00abMagistrada que llevar\u00e1 proceso contra el gobernador de Casanare es la misma que descubri\u00f3 fraude electoral contra el MIRA\u00bb \u2014 \u25b7 Noticias de Casanare : Martha Cifuentes | Casanare\" src=\"https:\/\/marthacifuentes.com\/portada\/2020\/07\/29\/magistrada-que-llevara-proceso-contra-el-gobernador-de-casanare-es-la-misma-que-descubrio-fraude-electoral-contra-el-mira\/embed\/#?secret=3XsZn1LpSr\" width=\"600\" height=\"623\" frameborder=\"0\" marginwidth=\"0\" marginheight=\"0\" scrolling=\"no\" sandbox=\"allow-scripts\" data-secret=\"3XsZn1LpSr\" data-mce-fragment=\"1\"><\/iframe><\/p>\n<p><iframe loading=\"lazy\" class=\"wp-embedded-content\" title=\"\u00abLa Covid-19 lleg\u00f3 a la Gobernaci\u00f3n de Casanare. Importante funcionario est\u00e1 infectado\u00bb \u2014 \u25b7 Noticias de Casanare : Martha Cifuentes | Casanare\" src=\"https:\/\/marthacifuentes.com\/portada\/2020\/07\/29\/la-covid-19-llego-a-la-gobernacion-de-casanare-importante-funcionario-esta-infectado\/embed\/#?secret=ra4DQmd2Rw\" width=\"600\" height=\"588\" frameborder=\"0\" marginwidth=\"0\" marginheight=\"0\" scrolling=\"no\" sandbox=\"allow-scripts\" data-secret=\"ra4DQmd2Rw\" data-mce-fragment=\"1\"><\/iframe><\/p>\n<p><iframe loading=\"lazy\" class=\"wp-embedded-content\" title=\"\u00abCasanare con 16 casos Covid-19 llega a 268 y Yopal se acerca a 150 contagios\u00bb \u2014 \u25b7 Noticias de Casanare : Martha Cifuentes | Casanare\" src=\"https:\/\/marthacifuentes.com\/portada\/2020\/07\/29\/casanare-con-16-casos-covid-19-llega-a-268-y-yopal-se-acerca-a-150-contagios\/embed\/#?secret=iDjJEXHRyf\" width=\"600\" height=\"558\" frameborder=\"0\" marginwidth=\"0\" marginheight=\"0\" scrolling=\"no\" sandbox=\"allow-scripts\" data-secret=\"iDjJEXHRyf\" data-mce-fragment=\"1\"><\/iframe><\/p>\n<p><iframe loading=\"lazy\" class=\"wp-embedded-content\" title=\"\u00abCerradas obras de Covioriente en Yopal por violar protocolos Covid-19.\u00bb \u2014 \u25b7 Noticias de Casanare : Martha Cifuentes | Casanare\" src=\"https:\/\/marthacifuentes.com\/portada\/2020\/07\/28\/cerradas-obras-de-covioriente-en-yopal-por-violar-protocolos-covid-19\/embed\/#?secret=6sQ4r7RMsd\" width=\"600\" height=\"595\" frameborder=\"0\" marginwidth=\"0\" marginheight=\"0\" scrolling=\"no\" sandbox=\"allow-scripts\" data-secret=\"6sQ4r7RMsd\" data-mce-fragment=\"1\"><\/iframe><\/p>\n<p><iframe loading=\"lazy\" class=\"wp-embedded-content\" title=\"\u00abLuego de 92 d\u00edas de estar secuestrada volvi\u00f3 a casa Marcela Romero, liberada por disidencias de las Farc\u00bb \u2014 \u25b7 Noticias de Casanare : Martha Cifuentes | Casanare\" src=\"https:\/\/marthacifuentes.com\/portada\/2020\/07\/28\/luego-de-92-dias-de-estar-secuestrada-volvio-a-casa-marcela-romero-liberada-por-disidencias-de-las-farc\/embed\/#?secret=rdldCeJCWD\" width=\"600\" height=\"595\" frameborder=\"0\" marginwidth=\"0\" marginheight=\"0\" scrolling=\"no\" sandbox=\"allow-scripts\" data-secret=\"rdldCeJCWD\" data-mce-fragment=\"1\"><\/iframe><\/p>\n<p><iframe loading=\"lazy\" class=\"wp-embedded-content\" title=\"\u00abCasanare r\u00e9cord de casos Covid-19 en un d\u00eda: 32. Suma 252 contagios. Si sigue as\u00ed se ampliar\u00eda toque de queda.\u00bb \u2014 \u25b7 Noticias de Casanare : Martha Cifuentes | Casanare\" src=\"https:\/\/marthacifuentes.com\/portada\/2020\/07\/27\/casanare-record-de-casos-covid-19-en-un-dia-32-suma-252-contagios-si-sigue-asi-se-ampliaria-toque-de-queda\/embed\/#?secret=2KjpssRVtl\" width=\"600\" height=\"607\" frameborder=\"0\" marginwidth=\"0\" marginheight=\"0\" scrolling=\"no\" sandbox=\"allow-scripts\" data-secret=\"2KjpssRVtl\" data-mce-fragment=\"1\"><\/iframe><\/p>\n<p><iframe loading=\"lazy\" class=\"wp-embedded-content\" title=\"\u00abDirector Antisecuestro de la Polic\u00eda ni descarta ni confirma muerte de secuestrado Jaime Rueda Guar\u00edn en Casanare.\u00bb \u2014 \u25b7 Noticias de Casanare : Martha Cifuentes | Casanare\" src=\"https:\/\/marthacifuentes.com\/portada\/2020\/07\/27\/director-antisecuestro-de-la-policia-ni-descarta-ni-confirma-muerte-de-secuestrado-jaime-rueda-guarin-en-casanare\/embed\/#?secret=BpPmMvLHTL\" width=\"600\" height=\"625\" frameborder=\"0\" marginwidth=\"0\" marginheight=\"0\" scrolling=\"no\" sandbox=\"allow-scripts\" data-secret=\"BpPmMvLHTL\" data-mce-fragment=\"1\"><\/iframe><\/p>\n<p><iframe loading=\"lazy\" class=\"wp-embedded-content\" title=\"\u00ab2 soldados y poderosas armas del batall\u00f3n de Tauramena, desaparecidos desde ayer\u00bb \u2014 \u25b7 Noticias de Casanare : Martha Cifuentes | Casanare\" src=\"https:\/\/marthacifuentes.com\/portada\/2020\/07\/27\/2-soldados-y-poderosas-armas-del-batallon-de-tauramena-desaparecidos-desde-ayer\/embed\/#?secret=acb6pClLaH\" width=\"600\" height=\"584\" frameborder=\"0\" marginwidth=\"0\" marginheight=\"0\" scrolling=\"no\" sandbox=\"allow-scripts\" data-secret=\"acb6pClLaH\" data-mce-fragment=\"1\"><\/iframe><\/p>\n<p><iframe loading=\"lazy\" class=\"wp-embedded-content\" title=\"\u00abYopal relajada frente a la Covid-19 ya lleg\u00f3 a 127 casos. Alcald\u00eda amenaza con cierre de actividades econ\u00f3micas\u00bb \u2014 \u25b7 Noticias de Casanare : Martha Cifuentes | Casanare\" src=\"https:\/\/marthacifuentes.com\/portada\/2020\/07\/27\/yopal-relajada-frente-a-la-covid-19-ya-llego-a-127-casos-alcaldia-amenaza-con-cierre-de-actividades-economicas\/embed\/#?secret=V6CuLZPWN7\" width=\"600\" height=\"605\" frameborder=\"0\" marginwidth=\"0\" marginheight=\"0\" scrolling=\"no\" sandbox=\"allow-scripts\" data-secret=\"V6CuLZPWN7\" data-mce-fragment=\"1\"><\/iframe><\/p>\n<h3><\/h3>\n<p><iframe loading=\"lazy\" class=\"wp-embedded-content\" title=\"\u00abAumentan hospitalizados por Covid-19 en Casanare. Ya son 22 de los 220 infectados.\u00bb \u2014 \u25b7 Noticias de Casanare : Martha Cifuentes | Casanare\" src=\"https:\/\/marthacifuentes.com\/portada\/2020\/07\/26\/aumentan-hospitalizados-por-covid-19-en-casanare-ya-son-22-de-los-220-infectados\/embed\/#?secret=Cx43LrhzO5\" width=\"600\" height=\"558\" frameborder=\"0\" marginwidth=\"0\" marginheight=\"0\" scrolling=\"no\" sandbox=\"allow-scripts\" data-secret=\"Cx43LrhzO5\" data-mce-fragment=\"1\"><\/iframe><\/p>\n<p><iframe loading=\"lazy\" class=\"wp-embedded-content\" title=\"\u00abUn beb\u00e9, su mam\u00e1 y otra mujer reci\u00e9n parida casos positivos Covid-19 en Horo en Yopal\u00bb \u2014 \u25b7 Noticias de Casanare : Martha Cifuentes | Casanare\" src=\"https:\/\/marthacifuentes.com\/portada\/2020\/07\/26\/un-bebe-su-mama-y-otra-mujer-recien-parida-casos-positivos-covid-19-en-horo-en-yopal\/embed\/#?secret=FCRaWzApqD\" width=\"600\" height=\"574\" frameborder=\"0\" marginwidth=\"0\" marginheight=\"0\" scrolling=\"no\" sandbox=\"allow-scripts\" data-secret=\"FCRaWzApqD\" data-mce-fragment=\"1\"><\/iframe><\/p>\n<p><iframe loading=\"lazy\" class=\"wp-embedded-content\" title=\"\u00abHospitalizados 19 de los 213 casos Covid-19 de Casanare. 15 en UCI.\u00bb \u2014 \u25b7 Noticias de Casanare : Martha Cifuentes | Casanare\" src=\"https:\/\/marthacifuentes.com\/portada\/2020\/07\/26\/hospitalizados-19-de-los-213-casos-covid-19-de-casanare-15-en-uci\/embed\/#?secret=iV1dLNFOEn\" width=\"600\" height=\"579\" frameborder=\"0\" marginwidth=\"0\" marginheight=\"0\" scrolling=\"no\" sandbox=\"allow-scripts\" data-secret=\"iV1dLNFOEn\" data-mce-fragment=\"1\"><\/iframe><\/p>\n<p><iframe loading=\"lazy\" class=\"wp-embedded-content\" title=\"\u00ab\u201cLos m\u00e9dicos no somos asesinos ni legalizamos pacientes Covid-19\u201d, afirma m\u00e9dica de Yopal, enferma del virus\u00bb \u2014 \u25b7 Noticias de Casanare : Martha Cifuentes | Casanare\" src=\"https:\/\/marthacifuentes.com\/portada\/2020\/07\/25\/los-medicos-no-somos-asesinos-ni-legalizamos-pacientes-covid-19-afirma-medica-de-yopal-enferma-del-virus\/embed\/#?secret=NWmcMhyleO\" width=\"600\" height=\"602\" frameborder=\"0\" marginwidth=\"0\" marginheight=\"0\" scrolling=\"no\" sandbox=\"allow-scripts\" data-secret=\"NWmcMhyleO\" data-mce-fragment=\"1\"><\/iframe><\/p>\n<p><iframe loading=\"lazy\" class=\"wp-embedded-content\" title=\"\u00abEn julio se han infectado 5.7 personas por d\u00eda de Covid-19 en Casanare. Super\u00f3 200 casos\u00bb \u2014 \u25b7 Noticias de Casanare : Martha Cifuentes | Casanare\" src=\"https:\/\/marthacifuentes.com\/portada\/2020\/07\/25\/en-julio-se-han-infectado-5-7-personas-por-dia-de-covid-19-en-casanare-supero-200-casos\/embed\/#?secret=NlIYrBeuDA\" width=\"600\" height=\"558\" frameborder=\"0\" marginwidth=\"0\" marginheight=\"0\" scrolling=\"no\" sandbox=\"allow-scripts\" data-secret=\"NlIYrBeuDA\" data-mce-fragment=\"1\"><\/iframe><\/p>\n<p><iframe loading=\"lazy\" class=\"wp-embedded-content\" title=\"\u00abPor posibles casos Covid-19 Termoyopal suspendi\u00f3 proyecto Tuc\u00e1n\u00bb \u2014 \u25b7 Noticias de Casanare : Martha Cifuentes | Casanare\" src=\"https:\/\/marthacifuentes.com\/portada\/2020\/07\/24\/por-posibles-casos-covid-19-termoyopal-suspendio-proyecto-tucan\/embed\/#?secret=R0K5ck3kkK\" width=\"600\" height=\"595\" frameborder=\"0\" marginwidth=\"0\" marginheight=\"0\" scrolling=\"no\" sandbox=\"allow-scripts\" data-secret=\"R0K5ck3kkK\" data-mce-fragment=\"1\"><\/iframe><\/p>\n<p><iframe loading=\"lazy\" class=\"wp-embedded-content\" title=\"\u00abOjo, en agosto Dengue aumentar\u00eda en Casanare. Es m\u00e1s letal que la Covid-19 \u00a0\u00bb \u2014 \u25b7 Noticias de Casanare : Martha Cifuentes | Casanare\" src=\"https:\/\/marthacifuentes.com\/portada\/2020\/07\/24\/ojo-en-agosto-dengue-aumentaria-en-casanare-es-mas-letal-que-la-covid-19\/embed\/#?secret=vf2lQ1i2xF\" width=\"600\" height=\"595\" frameborder=\"0\" marginwidth=\"0\" marginheight=\"0\" scrolling=\"no\" sandbox=\"allow-scripts\" data-secret=\"vf2lQ1i2xF\" data-mce-fragment=\"1\"><\/iframe><\/p>\n<p><iframe loading=\"lazy\" class=\"wp-embedded-content\" title=\"\u00abCasanare casi 200 casos Covid-19 y la mitad de sus municipios infectados\u00bb \u2014 \u25b7 Noticias de Casanare : Martha Cifuentes | Casanare\" src=\"https:\/\/marthacifuentes.com\/portada\/2020\/07\/23\/casanare-casi-200-casos-covid-19-y-la-mitad-de-sus-municipios-infectados\/embed\/#?secret=3cXI2ysWdF\" width=\"600\" height=\"579\" frameborder=\"0\" marginwidth=\"0\" marginheight=\"0\" scrolling=\"no\" sandbox=\"allow-scripts\" data-secret=\"3cXI2ysWdF\" data-mce-fragment=\"1\"><\/iframe><\/p>\n<p><iframe loading=\"lazy\" class=\"wp-embedded-content\" title=\"\u00abEn HORO se limitan visitas a pacientes y atenci\u00f3n al p\u00fablico, por Covid-19\u00bb \u2014 \u25b7 Noticias de Casanare : Martha Cifuentes | Casanare\" src=\"https:\/\/marthacifuentes.com\/portada\/2020\/07\/23\/en-horo-se-limitan-visitas-a-pacientes-y-atencion-al-publico-por-covid-19\/embed\/#?secret=M5p2xkwh0B\" width=\"600\" height=\"619\" frameborder=\"0\" marginwidth=\"0\" marginheight=\"0\" scrolling=\"no\" sandbox=\"allow-scripts\" data-secret=\"M5p2xkwh0B\" data-mce-fragment=\"1\"><\/iframe><\/p>\n<p><iframe loading=\"lazy\" class=\"wp-embedded-content\" title=\"\u00abEn Casanare 15 pacientes Covid-19 en UCI, 4 fallecidos y 189 infectados. Yopal: 114.\u00bb \u2014 \u25b7 Noticias de Casanare : Martha Cifuentes | Casanare\" src=\"https:\/\/marthacifuentes.com\/portada\/2020\/07\/23\/en-casanare-15-pacientes-covid-19-en-uci-4-fallecidos-y-189-infectados-yopal-114\/embed\/#?secret=S9h2d2OIBW\" width=\"600\" height=\"598\" frameborder=\"0\" marginwidth=\"0\" marginheight=\"0\" scrolling=\"no\" sandbox=\"allow-scripts\" data-secret=\"S9h2d2OIBW\" data-mce-fragment=\"1\"><\/iframe><\/p>\n<p><iframe loading=\"lazy\" class=\"wp-embedded-content\" title=\"\u00ab4\u00b0 fallecido por Covid-19 en Casanare era de Hato Corozal. Hoy 4 nuevos casos\u00bb \u2014 \u25b7 Noticias de Casanare : Martha Cifuentes | Casanare\" src=\"https:\/\/marthacifuentes.com\/portada\/2020\/07\/22\/4-fallecido-por-covid-19-en-casanare-era-de-hato-corozal-hoy-4-nuevos-casos\/embed\/#?secret=ZyolsPqYaX\" width=\"600\" height=\"558\" frameborder=\"0\" marginwidth=\"0\" marginheight=\"0\" scrolling=\"no\" sandbox=\"allow-scripts\" data-secret=\"ZyolsPqYaX\" data-mce-fragment=\"1\"><\/iframe><\/p>\n<div class=\"main-content tie-col-md-8 tie-col-xs-12\" role=\"main\">\n<article id=\"the-post\" class=\"container-wrapper post-content tie-standard\">\n<div class=\"entry-content entry clearfix\">\n<p><iframe loading=\"lazy\" class=\"wp-embedded-content\" title=\"\u00abParlamentario de Casanare C\u00e9sar Ortiz positivo para Covid-19\u00bb \u2014 \u25b7 Noticias de Casanare : Martha Cifuentes | Casanare\" src=\"https:\/\/marthacifuentes.com\/portada\/2020\/07\/21\/parlamentario-de-casanare-cesar-ortiz-positivo-para-covid-19\/embed\/#?secret=eUFHY2Iu1i\" width=\"600\" height=\"567\" frameborder=\"0\" marginwidth=\"0\" marginheight=\"0\" scrolling=\"no\" sandbox=\"allow-scripts\" data-secret=\"eUFHY2Iu1i\" data-mce-fragment=\"1\"><\/iframe><\/p>\n<p><iframe loading=\"lazy\" class=\"wp-embedded-content\" title=\"\u00abPor no hacer caso a su partido Centro Democr\u00e1tico, senadora Amanda Gonz\u00e1lez podr\u00eda ser expulsada\u00bb \u2014 \u25b7 Noticias de Casanare : Martha Cifuentes | Casanare\" src=\"https:\/\/marthacifuentes.com\/portada\/2020\/07\/22\/por-no-hacer-caso-a-su-partido-centro-democratico-senadora-amanda-gonzalez-podria-ser-expulsada\/embed\/#?secret=FVWaTCeukN\" width=\"600\" height=\"595\" frameborder=\"0\" marginwidth=\"0\" marginheight=\"0\" scrolling=\"no\" sandbox=\"allow-scripts\" data-secret=\"FVWaTCeukN\" data-mce-fragment=\"1\"><\/iframe><\/p>\n<p><iframe loading=\"lazy\" class=\"wp-embedded-content\" title=\"\u00abCasanare: 12 nuevos casos Covid-19. Llega a 185 infectados. Yopal: 111 contagios. 9 pacientes en UCI\u00bb \u2014 \u25b7 Noticias de Casanare : Martha Cifuentes | Casanare\" src=\"https:\/\/marthacifuentes.com\/portada\/2020\/07\/21\/casanare-12-nuevos-casos-covid-19-llega-a-185-infectados-yopal-111-contagios-9-pacientes-en-uci\/embed\/#?secret=NNckLsnbDH\" width=\"600\" height=\"582\" frameborder=\"0\" marginwidth=\"0\" marginheight=\"0\" scrolling=\"no\" sandbox=\"allow-scripts\" data-secret=\"NNckLsnbDH\" data-mce-fragment=\"1\"><\/iframe><\/p>\n<p><iframe loading=\"lazy\" class=\"wp-embedded-content\" title=\"\u00abPor ocultar informaci\u00f3n de caso Covid-19, Alcald\u00eda de Yopal cerr\u00f3 obra de El Charte a Covioriente\u00bb \u2014 \u25b7 Noticias de Casanare : Martha Cifuentes | Casanare\" src=\"https:\/\/marthacifuentes.com\/portada\/2020\/07\/21\/por-ocultar-informacion-de-caso-covid-19-alcaldia-de-yopal-cerro-obra-de-el-charte-a-covioriente\/embed\/#?secret=fxf7XcbHnR\" width=\"600\" height=\"595\" frameborder=\"0\" marginwidth=\"0\" marginheight=\"0\" scrolling=\"no\" sandbox=\"allow-scripts\" data-secret=\"fxf7XcbHnR\" data-mce-fragment=\"1\"><\/iframe><\/p>\n<p><iframe loading=\"lazy\" class=\"wp-embedded-content\" title=\"\u00abYopal con 17 infectados hoy, super\u00f3 los 100 casos Covid-19. Casanare suma 173. Pacientes hospitalizados 9.\u00bb \u2014 \u25b7 Noticias de Casanare : Martha Cifuentes | Casanare\" src=\"https:\/\/marthacifuentes.com\/portada\/2020\/07\/20\/yopal-con-17-infectados-hoy-supero-los-100-casos-covid-19-casanare-suma-173-pacientes-hospitalizados-9\/embed\/#?secret=UmTGN65qoa\" width=\"600\" height=\"561\" frameborder=\"0\" marginwidth=\"0\" marginheight=\"0\" scrolling=\"no\" sandbox=\"allow-scripts\" data-secret=\"UmTGN65qoa\" data-mce-fragment=\"1\"><\/iframe><\/p>\n<p><iframe loading=\"lazy\" class=\"wp-embedded-content\" title=\"\u00abAguazul, noticia nacional por decreto que obliga a izar la bandera este 20 de julio\u00bb \u2014 \u25b7 Noticias de Casanare : Martha Cifuentes | Casanare\" src=\"https:\/\/marthacifuentes.com\/portada\/2020\/07\/19\/aguazul-noticia-nacional-por-decreto-que-obliga-a-izar-la-bandera-este-20-de-julio\/embed\/#?secret=nxHuSRgEZC\" width=\"600\" height=\"541\" frameborder=\"0\" marginwidth=\"0\" marginheight=\"0\" scrolling=\"no\" sandbox=\"allow-scripts\" data-secret=\"nxHuSRgEZC\" data-mce-fragment=\"1\"><\/iframe><\/p>\n<\/div>\n<\/article>\n<\/div>\n<p>&nbsp;<\/p>\n<div class=\"post-bottom-meta\"><\/div>\n<div class=\"post-bottom-meta\">\n<div class=\"post-bottom-meta-title\"><\/div>\n<\/div>\n<p>&nbsp;<\/p>\n","protected":false},"excerpt":{"rendered":"<p>Con un caso confirmado de Covid-19 Trinidad, al norte de Casanare, ingreso a la lista de municipios con contagios. Ahora el 57% de los 19 municipios son Covid-19. El departamento con los 21 casos de este 30 de julio llega a 298 infectados. Hay 13 pacientes hospitalizados. De los 298 casos confirmados, 169 est\u00e1n aislamiento &hellip;<\/p>\n","protected":false},"author":2,"featured_media":24496,"comment_status":"open","ping_status":"open","sticky":false,"template":"","format":"standard","meta":{"om_disable_all_campaigns":false,"_exactmetrics_skip_tracking":false,"_exactmetrics_sitenote_active":false,"_exactmetrics_sitenote_note":"","_exactmetrics_sitenote_category":0,"_monsterinsights_skip_tracking":false,"_monsterinsights_sitenote_active":false,"_monsterinsights_sitenote_note":"","_monsterinsights_sitenote_category":0,"_uf_show_specific_survey":0,"_uf_disable_surveys":false,"_joinchat":[],"footnotes":""},"categories":[147,146,145],"tags":[4677,4941,4939,4940,1372,1374,4942,4679],"class_list":["post-24495","post","type-post","status-publish","format-standard","has-post-thumbnail","hentry","category-actualidad","category-noticias","category-reportajes","tag-casanare-coronavirus","tag-casanare-covid-19","tag-covid-19-casanare-julio-30-casanare","tag-covid-19-llego-a-trinidad-casanare","tag-noticias-de-casanare","tag-noticias-de-yopal","tag-trinidad-covid-19","tag-yopal-covid-19"],"yoast_head":"<!-- This site is optimized with the Yoast SEO plugin v26.1 - https:\/\/yoast.com\/wordpress\/plugins\/seo\/ -->\n<title>Covid-19 lleg\u00f3 a Trinidad. Con 21 casos m\u00e1s reportados Casanare bordea 300 contagiados - \u25b7 Noticias de Casanare : Martha Cifuentes | Casanare<\/title>\n<meta name=\"robots\" content=\"index, follow, max-snippet:-1, max-image-preview:large, max-video-preview:-1\" \/>\n<link rel=\"canonical\" href=\"https:\/\/marthacifuentes.com\/portada\/covid-19-llego-a-trinidad-con-21-casos-mas-reportados-casanare-bordea-300-contagiados\/\" \/>\n<meta property=\"og:locale\" content=\"es_ES\" \/>\n<meta property=\"og:type\" content=\"article\" \/>\n<meta property=\"og:title\" content=\"Covid-19 lleg\u00f3 a Trinidad. Con 21 casos m\u00e1s reportados Casanare bordea 300 contagiados - \u25b7 Noticias de Casanare : Martha Cifuentes | Casanare\" \/>\n<meta property=\"og:description\" content=\"Con un caso confirmado de Covid-19 Trinidad, al norte de Casanare, ingreso a la lista de municipios con contagios. Ahora el 57% de los 19 municipios son Covid-19. El departamento con los 21 casos de este 30 de julio llega a 298 infectados. Hay 13 pacientes hospitalizados. De los 298 casos confirmados, 169 est\u00e1n aislamiento &hellip;\" \/>\n<meta property=\"og:url\" content=\"https:\/\/marthacifuentes.com\/portada\/covid-19-llego-a-trinidad-con-21-casos-mas-reportados-casanare-bordea-300-contagiados\/\" \/>\n<meta property=\"og:site_name\" content=\"\u25b7 Noticias de Casanare : Martha Cifuentes | Casanare\" \/>\n<meta property=\"article:published_time\" content=\"2020-07-31T11:12:29+00:00\" \/>\n<meta property=\"og:image\" content=\"https:\/\/marthacifuentes.com\/portada\/wp-content\/uploads\/2020\/07\/CORONAVIRUS-JULIO-30-DE-2020-298-CASOS.jpg\" \/>\n\t<meta property=\"og:image:width\" content=\"1152\" \/>\n\t<meta property=\"og:image:height\" content=\"566\" \/>\n\t<meta property=\"og:image:type\" content=\"image\/jpeg\" \/>\n<meta name=\"author\" content=\"Martha Cifuentes\" \/>\n<meta name=\"twitter:card\" content=\"summary_large_image\" \/>\n<meta name=\"twitter:label1\" content=\"Escrito por\" \/>\n\t<meta name=\"twitter:data1\" content=\"Martha Cifuentes\" \/>\n\t<meta name=\"twitter:label2\" content=\"Tiempo de lectura\" \/>\n\t<meta name=\"twitter:data2\" content=\"3 minutos\" \/>\n<script type=\"application\/ld+json\" class=\"yoast-schema-graph\">{\"@context\":\"https:\/\/schema.org\",\"@graph\":[{\"@type\":\"WebPage\",\"@id\":\"https:\/\/marthacifuentes.com\/portada\/covid-19-llego-a-trinidad-con-21-casos-mas-reportados-casanare-bordea-300-contagiados\/\",\"url\":\"https:\/\/marthacifuentes.com\/portada\/covid-19-llego-a-trinidad-con-21-casos-mas-reportados-casanare-bordea-300-contagiados\/\",\"name\":\"Covid-19 lleg\u00f3 a Trinidad. Con 21 casos m\u00e1s reportados Casanare bordea 300 contagiados - \u25b7 Noticias de Casanare : Martha Cifuentes | Casanare\",\"isPartOf\":{\"@id\":\"https:\/\/marthacifuentes.com\/portada\/#website\"},\"primaryImageOfPage\":{\"@id\":\"https:\/\/marthacifuentes.com\/portada\/covid-19-llego-a-trinidad-con-21-casos-mas-reportados-casanare-bordea-300-contagiados\/#primaryimage\"},\"image\":{\"@id\":\"https:\/\/marthacifuentes.com\/portada\/covid-19-llego-a-trinidad-con-21-casos-mas-reportados-casanare-bordea-300-contagiados\/#primaryimage\"},\"thumbnailUrl\":\"https:\/\/marthacifuentes.com\/portada\/wp-content\/uploads\/2020\/07\/CORONAVIRUS-JULIO-30-DE-2020-298-CASOS.jpg\",\"datePublished\":\"2020-07-31T11:12:29+00:00\",\"author\":{\"@id\":\"https:\/\/marthacifuentes.com\/portada\/#\/schema\/person\/57f53174b991db5f90ff78d58502b714\"},\"breadcrumb\":{\"@id\":\"https:\/\/marthacifuentes.com\/portada\/covid-19-llego-a-trinidad-con-21-casos-mas-reportados-casanare-bordea-300-contagiados\/#breadcrumb\"},\"inLanguage\":\"es\",\"potentialAction\":[{\"@type\":\"ReadAction\",\"target\":[\"https:\/\/marthacifuentes.com\/portada\/covid-19-llego-a-trinidad-con-21-casos-mas-reportados-casanare-bordea-300-contagiados\/\"]}]},{\"@type\":\"ImageObject\",\"inLanguage\":\"es\",\"@id\":\"https:\/\/marthacifuentes.com\/portada\/covid-19-llego-a-trinidad-con-21-casos-mas-reportados-casanare-bordea-300-contagiados\/#primaryimage\",\"url\":\"https:\/\/marthacifuentes.com\/portada\/wp-content\/uploads\/2020\/07\/CORONAVIRUS-JULIO-30-DE-2020-298-CASOS.jpg\",\"contentUrl\":\"https:\/\/marthacifuentes.com\/portada\/wp-content\/uploads\/2020\/07\/CORONAVIRUS-JULIO-30-DE-2020-298-CASOS.jpg\",\"width\":1152,\"height\":566},{\"@type\":\"BreadcrumbList\",\"@id\":\"https:\/\/marthacifuentes.com\/portada\/covid-19-llego-a-trinidad-con-21-casos-mas-reportados-casanare-bordea-300-contagiados\/#breadcrumb\",\"itemListElement\":[{\"@type\":\"ListItem\",\"position\":1,\"name\":\"Portada\",\"item\":\"https:\/\/marthacifuentes.com\/portada\/\"},{\"@type\":\"ListItem\",\"position\":2,\"name\":\"Covid-19 lleg\u00f3 a Trinidad. Con 21 casos m\u00e1s reportados Casanare bordea 300 contagiados\"}]},{\"@type\":\"WebSite\",\"@id\":\"https:\/\/marthacifuentes.com\/portada\/#website\",\"url\":\"https:\/\/marthacifuentes.com\/portada\/\",\"name\":\"\u25b7 Noticias de Casanare : Martha Cifuentes | Casanare\",\"description\":\"Noticias &amp; Contenidos\",\"potentialAction\":[{\"@type\":\"SearchAction\",\"target\":{\"@type\":\"EntryPoint\",\"urlTemplate\":\"https:\/\/marthacifuentes.com\/portada\/?s={search_term_string}\"},\"query-input\":{\"@type\":\"PropertyValueSpecification\",\"valueRequired\":true,\"valueName\":\"search_term_string\"}}],\"inLanguage\":\"es\"},{\"@type\":\"Person\",\"@id\":\"https:\/\/marthacifuentes.com\/portada\/#\/schema\/person\/57f53174b991db5f90ff78d58502b714\",\"name\":\"Martha Cifuentes\",\"image\":{\"@type\":\"ImageObject\",\"inLanguage\":\"es\",\"@id\":\"https:\/\/marthacifuentes.com\/portada\/#\/schema\/person\/image\/\",\"url\":\"http:\/\/marthacifuentes.com\/portada\/wp-content\/uploads\/2018\/06\/avatar_user_2_1528838701-96x96.jpg\",\"contentUrl\":\"http:\/\/marthacifuentes.com\/portada\/wp-content\/uploads\/2018\/06\/avatar_user_2_1528838701-96x96.jpg\",\"caption\":\"Martha Cifuentes\"},\"sameAs\":[\"http:\/\/www.marthacifuentes.com\"],\"url\":\"https:\/\/marthacifuentes.com\/portada\/author\/martha\/\"}]}<\/script>\n<!-- \/ Yoast SEO plugin. -->","yoast_head_json":{"title":"Covid-19 lleg\u00f3 a Trinidad. Con 21 casos m\u00e1s reportados Casanare bordea 300 contagiados - \u25b7 Noticias de Casanare : Martha Cifuentes | Casanare","robots":{"index":"index","follow":"follow","max-snippet":"max-snippet:-1","max-image-preview":"max-image-preview:large","max-video-preview":"max-video-preview:-1"},"canonical":"https:\/\/marthacifuentes.com\/portada\/covid-19-llego-a-trinidad-con-21-casos-mas-reportados-casanare-bordea-300-contagiados\/","og_locale":"es_ES","og_type":"article","og_title":"Covid-19 lleg\u00f3 a Trinidad. Con 21 casos m\u00e1s reportados Casanare bordea 300 contagiados - \u25b7 Noticias de Casanare : Martha Cifuentes | Casanare","og_description":"Con un caso confirmado de Covid-19 Trinidad, al norte de Casanare, ingreso a la lista de municipios con contagios. Ahora el 57% de los 19 municipios son Covid-19. El departamento con los 21 casos de este 30 de julio llega a 298 infectados. Hay 13 pacientes hospitalizados. De los 298 casos confirmados, 169 est\u00e1n aislamiento &hellip;","og_url":"https:\/\/marthacifuentes.com\/portada\/covid-19-llego-a-trinidad-con-21-casos-mas-reportados-casanare-bordea-300-contagiados\/","og_site_name":"\u25b7 Noticias de Casanare : Martha Cifuentes | Casanare","article_published_time":"2020-07-31T11:12:29+00:00","og_image":[{"width":1152,"height":566,"url":"https:\/\/marthacifuentes.com\/portada\/wp-content\/uploads\/2020\/07\/CORONAVIRUS-JULIO-30-DE-2020-298-CASOS.jpg","type":"image\/jpeg"}],"author":"Martha Cifuentes","twitter_card":"summary_large_image","twitter_misc":{"Escrito por":"Martha Cifuentes","Tiempo de lectura":"3 minutos"},"schema":{"@context":"https:\/\/schema.org","@graph":[{"@type":"WebPage","@id":"https:\/\/marthacifuentes.com\/portada\/covid-19-llego-a-trinidad-con-21-casos-mas-reportados-casanare-bordea-300-contagiados\/","url":"https:\/\/marthacifuentes.com\/portada\/covid-19-llego-a-trinidad-con-21-casos-mas-reportados-casanare-bordea-300-contagiados\/","name":"Covid-19 lleg\u00f3 a Trinidad. Con 21 casos m\u00e1s reportados Casanare bordea 300 contagiados - \u25b7 Noticias de Casanare : Martha Cifuentes | Casanare","isPartOf":{"@id":"https:\/\/marthacifuentes.com\/portada\/#website"},"primaryImageOfPage":{"@id":"https:\/\/marthacifuentes.com\/portada\/covid-19-llego-a-trinidad-con-21-casos-mas-reportados-casanare-bordea-300-contagiados\/#primaryimage"},"image":{"@id":"https:\/\/marthacifuentes.com\/portada\/covid-19-llego-a-trinidad-con-21-casos-mas-reportados-casanare-bordea-300-contagiados\/#primaryimage"},"thumbnailUrl":"https:\/\/marthacifuentes.com\/portada\/wp-content\/uploads\/2020\/07\/CORONAVIRUS-JULIO-30-DE-2020-298-CASOS.jpg","datePublished":"2020-07-31T11:12:29+00:00","author":{"@id":"https:\/\/marthacifuentes.com\/portada\/#\/schema\/person\/57f53174b991db5f90ff78d58502b714"},"breadcrumb":{"@id":"https:\/\/marthacifuentes.com\/portada\/covid-19-llego-a-trinidad-con-21-casos-mas-reportados-casanare-bordea-300-contagiados\/#breadcrumb"},"inLanguage":"es","potentialAction":[{"@type":"ReadAction","target":["https:\/\/marthacifuentes.com\/portada\/covid-19-llego-a-trinidad-con-21-casos-mas-reportados-casanare-bordea-300-contagiados\/"]}]},{"@type":"ImageObject","inLanguage":"es","@id":"https:\/\/marthacifuentes.com\/portada\/covid-19-llego-a-trinidad-con-21-casos-mas-reportados-casanare-bordea-300-contagiados\/#primaryimage","url":"https:\/\/marthacifuentes.com\/portada\/wp-content\/uploads\/2020\/07\/CORONAVIRUS-JULIO-30-DE-2020-298-CASOS.jpg","contentUrl":"https:\/\/marthacifuentes.com\/portada\/wp-content\/uploads\/2020\/07\/CORONAVIRUS-JULIO-30-DE-2020-298-CASOS.jpg","width":1152,"height":566},{"@type":"BreadcrumbList","@id":"https:\/\/marthacifuentes.com\/portada\/covid-19-llego-a-trinidad-con-21-casos-mas-reportados-casanare-bordea-300-contagiados\/#breadcrumb","itemListElement":[{"@type":"ListItem","position":1,"name":"Portada","item":"https:\/\/marthacifuentes.com\/portada\/"},{"@type":"ListItem","position":2,"name":"Covid-19 lleg\u00f3 a Trinidad. Con 21 casos m\u00e1s reportados Casanare bordea 300 contagiados"}]},{"@type":"WebSite","@id":"https:\/\/marthacifuentes.com\/portada\/#website","url":"https:\/\/marthacifuentes.com\/portada\/","name":"\u25b7 Noticias de Casanare : Martha Cifuentes | Casanare","description":"Noticias &amp; Contenidos","potentialAction":[{"@type":"SearchAction","target":{"@type":"EntryPoint","urlTemplate":"https:\/\/marthacifuentes.com\/portada\/?s={search_term_string}"},"query-input":{"@type":"PropertyValueSpecification","valueRequired":true,"valueName":"search_term_string"}}],"inLanguage":"es"},{"@type":"Person","@id":"https:\/\/marthacifuentes.com\/portada\/#\/schema\/person\/57f53174b991db5f90ff78d58502b714","name":"Martha Cifuentes","image":{"@type":"ImageObject","inLanguage":"es","@id":"https:\/\/marthacifuentes.com\/portada\/#\/schema\/person\/image\/","url":"http:\/\/marthacifuentes.com\/portada\/wp-content\/uploads\/2018\/06\/avatar_user_2_1528838701-96x96.jpg","contentUrl":"http:\/\/marthacifuentes.com\/portada\/wp-content\/uploads\/2018\/06\/avatar_user_2_1528838701-96x96.jpg","caption":"Martha Cifuentes"},"sameAs":["http:\/\/www.marthacifuentes.com"],"url":"https:\/\/marthacifuentes.com\/portada\/author\/martha\/"}]}},"_links":{"self":[{"href":"https:\/\/marthacifuentes.com\/portada\/wp-json\/wp\/v2\/posts\/24495","targetHints":{"allow":["GET"]}}],"collection":[{"href":"https:\/\/marthacifuentes.com\/portada\/wp-json\/wp\/v2\/posts"}],"about":[{"href":"https:\/\/marthacifuentes.com\/portada\/wp-json\/wp\/v2\/types\/post"}],"author":[{"embeddable":true,"href":"https:\/\/marthacifuentes.com\/portada\/wp-json\/wp\/v2\/users\/2"}],"replies":[{"embeddable":true,"href":"https:\/\/marthacifuentes.com\/portada\/wp-json\/wp\/v2\/comments?post=24495"}],"version-history":[{"count":0,"href":"https:\/\/marthacifuentes.com\/portada\/wp-json\/wp\/v2\/posts\/24495\/revisions"}],"wp:featuredmedia":[{"embeddable":true,"href":"https:\/\/marthacifuentes.com\/portada\/wp-json\/wp\/v2\/media\/24496"}],"wp:attachment":[{"href":"https:\/\/marthacifuentes.com\/portada\/wp-json\/wp\/v2\/media?parent=24495"}],"wp:term":[{"taxonomy":"category","embeddable":true,"href":"https:\/\/marthacifuentes.com\/portada\/wp-json\/wp\/v2\/categories?post=24495"},{"taxonomy":"post_tag","embeddable":true,"href":"https:\/\/marthacifuentes.com\/portada\/wp-json\/wp\/v2\/tags?post=24495"}],"curies":[{"name":"wp","href":"https:\/\/api.w.org\/{rel}","templated":true}]}}