{"id":24588,"date":"2020-08-10T08:25:13","date_gmt":"2020-08-10T13:25:13","guid":{"rendered":"https:\/\/marthacifuentes.com\/portada\/?p=24588"},"modified":"2020-08-10T08:25:13","modified_gmt":"2020-08-10T13:25:13","slug":"casanare-supera-450-casos-covid-19-suma-un-fallecido-y-aumenta-a-39-los-hospitalizados","status":"publish","type":"post","link":"https:\/\/marthacifuentes.com\/portada\/casanare-supera-450-casos-covid-19-suma-un-fallecido-y-aumenta-a-39-los-hospitalizados\/","title":{"rendered":"Casanare supera 450 casos Covid-19, suma un fallecido y aumenta a 39 los hospitalizados."},"content":{"rendered":"<p style=\"text-align: justify;\"><strong>37 casos Covid-19 se reportaron en Casanare durante el fin de semana, incluido el 7 de agosto. Se llega a 451 los infectados. Se suma el fallecimiento de un adulto mayor quien dio positivo para el nuevo coronavirus. La\u00a0 disparidad en las cifras reportadas por el Instituto Nacional de Salud se explic\u00f3 como una reclasificaci\u00f3n de casos.\u00a0\u00a0\u00a0 <\/strong><\/p>\n<p style=\"text-align: justify;\">En el reporte hecho por la Secretar\u00eda de Salud igualmente se reporta que a 9 de agosto Casanare sigue aumentando el n\u00famero de personas hospitalizadas, las cuales ya llegan a 39; en aislamiento obligatorio en casa est\u00e1n 223 y los pacientes recuperados llegan a 181.<\/p>\n<p style=\"text-align: justify;\">Llama la atenci\u00f3n que en este reporte se destaca el fallecimiento de un hombre de 61 a\u00f1os de edad de Yopal, quien hab\u00eda sido registrado el d\u00eda anterior como positivo para Covid-19. Y se se\u00f1ala que ser\u00eda el paciente n\u00famero 8 muerto con el virus en Casanare. Sin embargo en comunicados anteriores se ten\u00edan 8 casos acumulados y este ser\u00eda el noveno.<\/p>\n<p style=\"text-align: justify;\">En la Secretar\u00eda se explica que se supedita a la informaci\u00f3n oficial que entregue el Instituto Nacional de Salud y est\u00e1 hasta el momento este solo reporta 8 casos.<\/p>\n<p><strong>Los casos notificados para el viernes 7 de agosto fueron <\/strong><\/p>\n<ul>\n<li>CASO 415: Hombre de 51 a\u00f1os, residente en Yopal.<\/li>\n<li>CASO 416: Hombre de 27 a\u00f1os, residente en Yopal.<\/li>\n<li>CASO 417: Mujer de 20 a\u00f1os, residente en Yopal.<\/li>\n<li>CASO 418: Hombre de 40 a\u00f1os, residente en Yopal.<\/li>\n<li>CASO 419: Hombre de 42 a\u00f1os, residente en Yopal.<\/li>\n<li>CASO 420: Mujer de 40 a\u00f1os, residente en Yopal.<\/li>\n<li>CASO 421: Hombre de 1 a\u00f1o, residente en Yopal.<\/li>\n<li>CASO 422: Hombre de 4 a\u00f1os, residente en Yopal.<\/li>\n<li>CASO 423: Mujer de 35 a\u00f1os, residente en Villanueva.<\/li>\n<li>CASO 424: Hombre de 29 a\u00f1os, residente en Yopal.<\/li>\n<li>CASO 425: Hombre de 47 a\u00f1os, residente en Yopal.<\/li>\n<li>CASO 426: Hombre de 56 a\u00f1os, residente en Paz de Ariporo.<\/li>\n<li>CASO 427: Hombre de 50 a\u00f1os, residente en Aguazul.<\/li>\n<\/ul>\n<p>&nbsp;<\/p>\n<p><strong>Los casos notificados para el s\u00e1bado 8 de agosto fueron<\/strong><\/p>\n<ul>\n<li>CASO 428: Hombre de 69 a\u00f1os, residente en Villanueva.<\/li>\n<li>CASO 429: Mujer de 24 a\u00f1os, residente en Paz de Ariporo.<\/li>\n<li>CASO 430: Hombre de 31 a\u00f1os, residente en Yopal.<\/li>\n<li>CASO 431: Hombre de 61 a\u00f1os, residente en Yopal.<\/li>\n<li>CASO 432: Hombre de 83 a\u00f1os, residente en Monterrey.<\/li>\n<li>CASO 433: Mujer de 56 a\u00f1os, residente en Monterrey.<\/li>\n<li>CASO 434: Mujer de 25 a\u00f1os, residente en Orocu\u00e9.<\/li>\n<li>CASO 435: Hombre de 42 a\u00f1os, residente en Aguazul.<\/li>\n<li>CASO 436: Hombre de 27 a\u00f1os, residente en Yopal.<\/li>\n<li>CASO 437: Hombre de 32 a\u00f1os, residente en Yopal.<\/li>\n<li>CASO 438: Mujer de 61 a\u00f1os, residente en Yopal.<\/li>\n<li>CASO 439: Hombre de 27 a\u00f1os, residente en Yopal.<\/li>\n<li>CASO 440: Mujer de 17 a\u00f1os, residente en Yopal.<\/li>\n<li>CASO 441: Hombre de 54 a\u00f1os, residente en Aguazul.<\/li>\n<\/ul>\n<p>&nbsp;<\/p>\n<p><strong>Los casos notificados para el domingo 9 de agosto fueron:<\/strong><\/p>\n<ul>\n<li>CASO 442: Hombre de 49 a\u00f1os, asignado al municipio de Yopal.\u00a0(Reclasificado)<\/li>\n<li>CASO 443: Mujer de 25 a\u00f1os, asignado al municipio de Yopal.\u00a0(Reclasificado)<\/li>\n<li>CASO 444: Hombre de 59 a\u00f1os, residente en Tauramena.<\/li>\n<li>CASO 445: Hombre de 60 a\u00f1os, residente en Yopal.<\/li>\n<li>CASO 446: Hombre de 46 a\u00f1os, residente en Villanueva.<\/li>\n<li>CASO 447: Mujer de 39 a\u00f1os, residente en Yopal.<\/li>\n<li>CASO 448: Hombre de 27 a\u00f1os, residente en Yopal.<\/li>\n<li>CASO 449: Hombre de 57 a\u00f1os, residente en Aguazul.<\/li>\n<li>CASO 450: Mujer de 60 a\u00f1os, residente en Yopal.<\/li>\n<li>CASO 451: Mujer de 27 a\u00f1os, residente en Yopal.<\/li>\n<\/ul>\n<p>&nbsp;<\/p>\n<p><strong>Consolidado de Casos en Casanare:<\/strong><\/p>\n<ul>\n<li>Yopal 254 \u2013 La comuna 5 es la que tiene mayor n\u00famero de contagios.<\/li>\n<li>Villanueva 53<\/li>\n<li>Tauramena 40<\/li>\n<li>Aguazul 29<\/li>\n<li>Pore 28<\/li>\n<li>Paz de Ariporo 18<\/li>\n<li>Man\u00ed 13<\/li>\n<li>Monterrey 11<\/li>\n<li>Hato Corozal 2<\/li>\n<li>Orocu\u00e9 2<\/li>\n<li>Trinidad 1<\/li>\n<\/ul>\n<p><strong>\u00a0<\/strong><\/p>\n<p><strong>Monitoreo Ocupaci\u00f3n 63 Camas UCI:<\/strong><\/p>\n<ul>\n<li>Adultos: 50% de ocupaci\u00f3n &#8211; 25 camas disponibles.<\/li>\n<li>Neonatal y Pediatr\u00eda: 85% de ocupaci\u00f3n y 2 camas disponibles.<\/li>\n<\/ul>\n<p>&nbsp;<\/p>\n<h3><strong>Otras Noticias&#8230;<\/strong><\/h3>\n<blockquote class=\"wp-embedded-content\" data-secret=\"MxQ1hZkjIg\"><p><a href=\"https:\/\/marthacifuentes.com\/portada\/2020\/08\/07\/15-dias-se-estan-demorando-resultados-de-pruebas-covid-19-a-afiliados-de-capresoca-en-casanare\/\">15 d\u00edas se est\u00e1n demorando resultados de pruebas Covid-19 a afiliados de Capresoca en Casanare<\/a><\/p><\/blockquote>\n<p><iframe loading=\"lazy\" class=\"wp-embedded-content\" sandbox=\"allow-scripts\" security=\"restricted\" style=\"position: absolute; clip: rect(1px, 1px, 1px, 1px);\" title=\"\u00ab15 d\u00edas se est\u00e1n demorando resultados de pruebas Covid-19 a afiliados de Capresoca en Casanare\u00bb \u2014 \u25b7 Noticias de Casanare : Martha Cifuentes | Casanare\" src=\"https:\/\/marthacifuentes.com\/portada\/2020\/08\/07\/15-dias-se-estan-demorando-resultados-de-pruebas-covid-19-a-afiliados-de-capresoca-en-casanare\/embed\/#?secret=sxbjHCB5lp#?secret=MxQ1hZkjIg\" data-secret=\"MxQ1hZkjIg\" width=\"500\" height=\"282\" frameborder=\"0\" marginwidth=\"0\" marginheight=\"0\" scrolling=\"no\"><\/iframe><\/p>\n<p><iframe loading=\"lazy\" class=\"wp-embedded-content\" title=\"\u00abEn agosto Casanare ya suma 109 casos Covid-19. El acumulado alcanza 414 infectados.\u00bb \u2014 \u25b7 Noticias de Casanare : Martha Cifuentes | Casanare\" src=\"https:\/\/marthacifuentes.com\/portada\/2020\/08\/07\/en-agosto-casanare-ya-suma-109-casos-covid-19-el-acumulado-alcanza-414-infectados\/embed\/#?secret=GFD1RSknnr\" width=\"600\" height=\"595\" frameborder=\"0\" marginwidth=\"0\" marginheight=\"0\" scrolling=\"no\" sandbox=\"allow-scripts\" data-secret=\"GFD1RSknnr\" data-mce-fragment=\"1\"><\/iframe><\/p>\n<p><iframe loading=\"lazy\" class=\"wp-embedded-content\" title=\"\u00abInscripciones para capacitarse en el Sena \u2013 Casanare, hasta el 9 de agosto\u00bb \u2014 \u25b7 Noticias de Casanare : Martha Cifuentes | Casanare\" src=\"https:\/\/marthacifuentes.com\/portada\/2020\/08\/06\/inscripciones-para-capacitarse-en-el-sena-casanare-hasta-el-9-de-agosto\/embed\/#?secret=fyLaj6Kw91\" width=\"600\" height=\"595\" frameborder=\"0\" marginwidth=\"0\" marginheight=\"0\" scrolling=\"no\" sandbox=\"allow-scripts\" data-secret=\"fyLaj6Kw91\" data-mce-fragment=\"1\"><\/iframe><\/p>\n<p><iframe loading=\"lazy\" class=\"wp-embedded-content\" title=\"\u00abLey seca en Yopal por puente festivo del 7 de agosto\u00bb \u2014 \u25b7 Noticias de Casanare : Martha Cifuentes | Casanare\" src=\"https:\/\/marthacifuentes.com\/portada\/2020\/08\/06\/ley-seca-en-yopal-por-puente-festivo-del-7-de-agosto\/embed\/#?secret=o69jbgjyFm\" width=\"600\" height=\"546\" frameborder=\"0\" marginwidth=\"0\" marginheight=\"0\" scrolling=\"no\" sandbox=\"allow-scripts\" data-secret=\"o69jbgjyFm\" data-mce-fragment=\"1\"><\/iframe><\/p>\n<p><iframe loading=\"lazy\" class=\"wp-embedded-content\" title=\"\u00abCasanare, de 389 casos Covid-19 confirmados: 23 se reportaron ayer y suben los hospitalizados\u00bb \u2014 \u25b7 Noticias de Casanare : Martha Cifuentes | Casanare\" src=\"https:\/\/marthacifuentes.com\/portada\/2020\/08\/06\/casanare-de-389-casos-covid-19-confirmados-23-se-reportaron-ayer-y-suben-los-hospitalizados\/embed\/#?secret=6Dq9CUkmto\" width=\"600\" height=\"574\" frameborder=\"0\" marginwidth=\"0\" marginheight=\"0\" scrolling=\"no\" sandbox=\"allow-scripts\" data-secret=\"6Dq9CUkmto\" data-mce-fragment=\"1\"><\/iframe><\/p>\n<p><iframe loading=\"lazy\" class=\"wp-embedded-content\" title=\"\u00abAlbergue transitorio para venezolanos se crear\u00e1 en Yopal\u00bb \u2014 \u25b7 Noticias de Casanare : Martha Cifuentes | Casanare\" src=\"https:\/\/marthacifuentes.com\/portada\/2020\/08\/05\/albergue-transitorio-para-venezolanos-se-creara-en-yopal\/embed\/#?secret=oNUeava7Ax\" width=\"600\" height=\"595\" frameborder=\"0\" marginwidth=\"0\" marginheight=\"0\" scrolling=\"no\" sandbox=\"allow-scripts\" data-secret=\"oNUeava7Ax\" data-mce-fragment=\"1\"><\/iframe><\/p>\n<p><iframe loading=\"lazy\" class=\"wp-embedded-content\" title=\"\u00ab2 adultos mayores y un hombre de 33 a\u00f1os, los nuevos fallecidos con Covid-19 en Casanare\u00bb \u2014 \u25b7 Noticias de Casanare : Martha Cifuentes | Casanare\" src=\"https:\/\/marthacifuentes.com\/portada\/2020\/08\/04\/2-adultos-mayores-y-un-hombre-de-33-anos-los-nuevos-fallecidos-con-covid-19-en-casanare\/embed\/#?secret=z4ZUUhjAW6\" width=\"600\" height=\"598\" frameborder=\"0\" marginwidth=\"0\" marginheight=\"0\" scrolling=\"no\" sandbox=\"allow-scripts\" data-secret=\"z4ZUUhjAW6\" data-mce-fragment=\"1\"><\/iframe><\/p>\n<p><iframe loading=\"lazy\" class=\"wp-embedded-content\" title=\"\u00ab15 casos Covid-19 m\u00e1s. Casanare llega a 366 infectados. 33 pacientes hospitalizados y un fallecido m\u00e1s\u00bb \u2014 \u25b7 Noticias de Casanare : Martha Cifuentes | Casanare\" src=\"https:\/\/marthacifuentes.com\/portada\/2020\/08\/05\/15-casos-covid-19-mas-casanare-llega-a-366-infectados-33-pacientes-hospitalizados-y-un-fallecido-mas\/embed\/#?secret=nTsOcWW2d2\" width=\"600\" height=\"623\" frameborder=\"0\" marginwidth=\"0\" marginheight=\"0\" scrolling=\"no\" sandbox=\"allow-scripts\" data-secret=\"nTsOcWW2d2\" data-mce-fragment=\"1\"><\/iframe><\/p>\n<p><iframe loading=\"lazy\" class=\"wp-embedded-content\" title=\"\u00ab\u00c1lvaro Uribe a prisi\u00f3n domiciliaria por presunto soborno a testigos y fraude procesal\u00bb \u2014 \u25b7 Noticias de Casanare : Martha Cifuentes | Casanare\" src=\"https:\/\/marthacifuentes.com\/portada\/2020\/08\/04\/alvaro-uribe-a-prision-domiciliaria-por-presunto-soborno-a-testigos-y-fraude-procesal\/embed\/#?secret=YNWCElTCWT\" width=\"600\" height=\"584\" frameborder=\"0\" marginwidth=\"0\" marginheight=\"0\" scrolling=\"no\" sandbox=\"allow-scripts\" data-secret=\"YNWCElTCWT\" data-mce-fragment=\"1\"><\/iframe><\/p>\n<p><iframe loading=\"lazy\" class=\"wp-embedded-content\" title=\"\u00abCasanare 8 fallecidos, m\u00e1s de 350 casos Covid-19 y Yopal 201 infectados. Solo hay una UCI pedi\u00e1trica disponible.\u00bb \u2014 \u25b7 Noticias de Casanare : Martha Cifuentes | Casanare\" src=\"https:\/\/marthacifuentes.com\/portada\/2020\/08\/04\/casanare-8-fallecidos-mas-de-350-casos-covid-19-y-yopal-201-infectados-solo-hay-una-uci-pediatrica-disponible\/embed\/#?secret=kS1IJc1PP2\" width=\"600\" height=\"623\" frameborder=\"0\" marginwidth=\"0\" marginheight=\"0\" scrolling=\"no\" sandbox=\"allow-scripts\" data-secret=\"kS1IJc1PP2\" data-mce-fragment=\"1\"><\/iframe><\/p>\n<p><iframe loading=\"lazy\" class=\"wp-embedded-content\" title=\"\u00abCasanare pas\u00f3 de 17 a 30 hospitalizados por Covid-19 en un d\u00eda. Ya son 328 los contagios.\u00bb \u2014 \u25b7 Noticias de Casanare : Martha Cifuentes | Casanare\" src=\"https:\/\/marthacifuentes.com\/portada\/2020\/08\/02\/casanare-paso-de-17-a-30-hospitalizados-por-covid-19-en-un-dia-ya-son-328-los-contagios\/embed\/#?secret=qC3ZvEC28P\" width=\"600\" height=\"579\" frameborder=\"0\" marginwidth=\"0\" marginheight=\"0\" scrolling=\"no\" sandbox=\"allow-scripts\" data-secret=\"qC3ZvEC28P\" data-mce-fragment=\"1\"><\/iframe><\/p>\n<p><iframe loading=\"lazy\" class=\"wp-embedded-content\" title=\"\u00abYopal 175 contagiados Covid-19 y Casanare 315. Hoy 9 nuevos casos. Solo hay 2 UCI pedi\u00e1tricas disponibles\u00bb \u2014 \u25b7 Noticias de Casanare : Martha Cifuentes | Casanare\" src=\"https:\/\/marthacifuentes.com\/portada\/2020\/08\/02\/yopal-175-contagiados-covid-19-y-casanare-315-hoy-9-nuevos-casos-solo-hay-2-uci-pediatricas-disponibles\/embed\/#?secret=zBEmOxRrfy\" width=\"600\" height=\"558\" frameborder=\"0\" marginwidth=\"0\" marginheight=\"0\" scrolling=\"no\" sandbox=\"allow-scripts\" data-secret=\"zBEmOxRrfy\" data-mce-fragment=\"1\"><\/iframe><\/p>\n<p><iframe loading=\"lazy\" class=\"wp-embedded-content\" title=\"\u00abMujer de Villanueva, quinta v\u00edctima mortal de Covid-19 en Casanare\u00bb \u2014 \u25b7 Noticias de Casanare : Martha Cifuentes | Casanare\" src=\"https:\/\/marthacifuentes.com\/portada\/2020\/08\/01\/mujer-de-villanueva-quinta-victima-mortal-de-covid-19-en-casanare\/embed\/#?secret=D9Sh4GCKSo\" width=\"600\" height=\"585\" frameborder=\"0\" marginwidth=\"0\" marginheight=\"0\" scrolling=\"no\" sandbox=\"allow-scripts\" data-secret=\"D9Sh4GCKSo\" data-mce-fragment=\"1\"><\/iframe><\/p>\n<p><iframe loading=\"lazy\" class=\"wp-embedded-content\" title=\"\u00abMinvivienda solicit\u00f3 a Procuradur\u00eda vigilar proyecto de sistema de abastecimiento de agua de Yopal\u00bb \u2014 \u25b7 Noticias de Casanare : Martha Cifuentes | Casanare\" src=\"https:\/\/marthacifuentes.com\/portada\/2020\/08\/01\/minvivienda-solicito-a-procuraduria-vigilar-proyecto-de-sistema-de-abastecimiento-de-agua-de-yopal\/embed\/#?secret=tjwzurdYz2\" width=\"600\" height=\"595\" frameborder=\"0\" marginwidth=\"0\" marginheight=\"0\" scrolling=\"no\" sandbox=\"allow-scripts\" data-secret=\"tjwzurdYz2\" data-mce-fragment=\"1\"><\/iframe><\/p>\n<p><iframe loading=\"lazy\" class=\"wp-embedded-content\" title=\"\u00abPol\u00e9mica por campa\u00f1a de la Alcald\u00eda que us\u00f3 ata\u00fades en calles de Yopal para sensibilizar a la gente sobre la Covid-19\u00bb \u2014 \u25b7 Noticias de Casanare : Martha Cifuentes | Casanare\" src=\"https:\/\/marthacifuentes.com\/portada\/2020\/08\/01\/polemica-por-campana-de-la-alcaldia-que-uso-ataudes-en-calles-de-yopal-para-sensibilizar-a-la-gente-sobre-la-covid-19\/embed\/#?secret=p51z1RpPkp\" width=\"600\" height=\"623\" frameborder=\"0\" marginwidth=\"0\" marginheight=\"0\" scrolling=\"no\" sandbox=\"allow-scripts\" data-secret=\"p51z1RpPkp\" data-mce-fragment=\"1\"><\/iframe><\/p>\n<p><iframe loading=\"lazy\" class=\"wp-embedded-content\" title=\"\u00abEstudiantes de Casanare no volver\u00e1n a clases presenciales en agosto. Colegios no son aptos.\u00bb \u2014 \u25b7 Noticias de Casanare : Martha Cifuentes | Casanare\" src=\"https:\/\/marthacifuentes.com\/portada\/2020\/08\/01\/estudiantes-de-casanare-no-volveran-a-clases-presenciales-en-agosto-colegios-no-son-aptos\/embed\/#?secret=jGSuyndzFU\" width=\"600\" height=\"595\" frameborder=\"0\" marginwidth=\"0\" marginheight=\"0\" scrolling=\"no\" sandbox=\"allow-scripts\" data-secret=\"jGSuyndzFU\" data-mce-fragment=\"1\"><\/iframe><\/p>\n<p><iframe loading=\"lazy\" class=\"wp-embedded-content\" title=\"\u00abEn julio Casanare casi cuadruplic\u00f3 casos Covid-19 de los primeros 4 meses de pandemia\u00bb \u2014 \u25b7 Noticias de Casanare : Martha Cifuentes | Casanare\" src=\"https:\/\/marthacifuentes.com\/portada\/2020\/07\/31\/en-julio-casanare-casi-cuadruplico-casos-covid-19-de-los-primeros-4-meses-de-pandemia\/embed\/#?secret=GcFiUp7IUu\" width=\"600\" height=\"620\" frameborder=\"0\" marginwidth=\"0\" marginheight=\"0\" scrolling=\"no\" sandbox=\"allow-scripts\" data-secret=\"GcFiUp7IUu\" data-mce-fragment=\"1\"><\/iframe><\/p>\n<p><iframe loading=\"lazy\" class=\"wp-embedded-content\" title=\"\u00abCovid-19 lleg\u00f3 a Trinidad. Con 21 casos m\u00e1s reportados Casanare bordea 300 contagiados\u00bb \u2014 \u25b7 Noticias de Casanare : Martha Cifuentes | Casanare\" src=\"https:\/\/marthacifuentes.com\/portada\/2020\/07\/31\/covid-19-llego-a-trinidad-con-21-casos-mas-reportados-casanare-bordea-300-contagiados\/embed\/#?secret=0G7nYhgR4w\" width=\"600\" height=\"558\" frameborder=\"0\" marginwidth=\"0\" marginheight=\"0\" scrolling=\"no\" sandbox=\"allow-scripts\" data-secret=\"0G7nYhgR4w\" data-mce-fragment=\"1\"><\/iframe><\/p>\n<p><iframe loading=\"lazy\" class=\"wp-embedded-content\" title=\"\u00abPor desorden, ri\u00f1as y violar protocolos de bioseguridad cerrados expendios de licor en la Central de Abastos de Yopal\u00bb \u2014 \u25b7 Noticias de Casanare : Martha Cifuentes | Casanare\" src=\"https:\/\/marthacifuentes.com\/portada\/2020\/07\/30\/por-desorden-rinas-y-violar-protocolos-de-bioseguridad-cerrados-expendios-de-licor-en-la-central-de-abastos-de-yopal\/embed\/#?secret=IwF1hpEVYB\" width=\"600\" height=\"623\" frameborder=\"0\" marginwidth=\"0\" marginheight=\"0\" scrolling=\"no\" sandbox=\"allow-scripts\" data-secret=\"IwF1hpEVYB\" data-mce-fragment=\"1\"><\/iframe><\/p>\n<p><iframe loading=\"lazy\" class=\"wp-embedded-content\" title=\"\u00abBarrios de Yopal se quedaron sin agua por quema de tuber\u00eda del acueducto en cercan\u00edas de La Decisi\u00f3n\u00bb \u2014 \u25b7 Noticias de Casanare : Martha Cifuentes | Casanare\" src=\"https:\/\/marthacifuentes.com\/portada\/2020\/07\/30\/barrios-de-yopal-se-quedaron-sin-agua-por-quema-de-tuberia-del-acueducto-en-cercanias-de-la-decision\/embed\/#?secret=vgIwTkceHc\" width=\"600\" height=\"612\" frameborder=\"0\" marginwidth=\"0\" marginheight=\"0\" scrolling=\"no\" sandbox=\"allow-scripts\" data-secret=\"vgIwTkceHc\" data-mce-fragment=\"1\"><\/iframe><\/p>\n<p><iframe loading=\"lazy\" class=\"wp-embedded-content\" title=\"\u00abConsejo de Estado acelera recaudo de pruebas en proceso de nulidad de elecci\u00f3n de directora de Corporinoquia\u00bb \u2014 \u25b7 Noticias de Casanare : Martha Cifuentes | Casanare\" src=\"https:\/\/marthacifuentes.com\/portada\/2020\/07\/30\/consejo-de-estado-acelera-recaudo-de-pruebas-en-proceso-de-nulidad-de-eleccion-de-directora-de-corporinoquia\/embed\/#?secret=0ivYiN9Bvm\" width=\"600\" height=\"612\" frameborder=\"0\" marginwidth=\"0\" marginheight=\"0\" scrolling=\"no\" sandbox=\"allow-scripts\" data-secret=\"0ivYiN9Bvm\" data-mce-fragment=\"1\"><\/iframe><\/p>\n<p><iframe loading=\"lazy\" class=\"wp-embedded-content\" title=\"\u00abCasanare reporta hoy 9 casos Covid-19 y acumula a 277 contagios. Yopal lleg\u00f3 a 155 y Tauramena a 37.\u00bb \u2014 \u25b7 Noticias de Casanare : Martha Cifuentes | Casanare\" src=\"https:\/\/marthacifuentes.com\/portada\/2020\/07\/29\/casanare-reporta-hoy-9-casos-covid-19-y-acumula-a-277-contagios-yopal-llego-a-155-y-tauramena-a-37\/embed\/#?secret=LLSZP9As7q\" width=\"600\" height=\"579\" frameborder=\"0\" marginwidth=\"0\" marginheight=\"0\" scrolling=\"no\" sandbox=\"allow-scripts\" data-secret=\"LLSZP9As7q\" data-mce-fragment=\"1\"><\/iframe><\/p>\n<p><iframe loading=\"lazy\" class=\"wp-embedded-content\" title=\"\u00abMagistrada que llevar\u00e1 proceso contra el gobernador de Casanare es la misma que descubri\u00f3 fraude electoral contra el MIRA\u00bb \u2014 \u25b7 Noticias de Casanare : Martha Cifuentes | Casanare\" src=\"https:\/\/marthacifuentes.com\/portada\/2020\/07\/29\/magistrada-que-llevara-proceso-contra-el-gobernador-de-casanare-es-la-misma-que-descubrio-fraude-electoral-contra-el-mira\/embed\/#?secret=3XsZn1LpSr\" width=\"600\" height=\"623\" frameborder=\"0\" marginwidth=\"0\" marginheight=\"0\" scrolling=\"no\" sandbox=\"allow-scripts\" data-secret=\"3XsZn1LpSr\" data-mce-fragment=\"1\"><\/iframe><\/p>\n<p><iframe loading=\"lazy\" class=\"wp-embedded-content\" title=\"\u00abLa Covid-19 lleg\u00f3 a la Gobernaci\u00f3n de Casanare. Importante funcionario est\u00e1 infectado\u00bb \u2014 \u25b7 Noticias de Casanare : Martha Cifuentes | Casanare\" src=\"https:\/\/marthacifuentes.com\/portada\/2020\/07\/29\/la-covid-19-llego-a-la-gobernacion-de-casanare-importante-funcionario-esta-infectado\/embed\/#?secret=ra4DQmd2Rw\" width=\"600\" height=\"588\" frameborder=\"0\" marginwidth=\"0\" marginheight=\"0\" scrolling=\"no\" sandbox=\"allow-scripts\" data-secret=\"ra4DQmd2Rw\" data-mce-fragment=\"1\"><\/iframe><\/p>\n<p><iframe loading=\"lazy\" class=\"wp-embedded-content\" title=\"\u00abCasanare con 16 casos Covid-19 llega a 268 y Yopal se acerca a 150 contagios\u00bb \u2014 \u25b7 Noticias de Casanare : Martha Cifuentes | Casanare\" src=\"https:\/\/marthacifuentes.com\/portada\/2020\/07\/29\/casanare-con-16-casos-covid-19-llega-a-268-y-yopal-se-acerca-a-150-contagios\/embed\/#?secret=iDjJEXHRyf\" width=\"600\" height=\"558\" frameborder=\"0\" marginwidth=\"0\" marginheight=\"0\" scrolling=\"no\" sandbox=\"allow-scripts\" data-secret=\"iDjJEXHRyf\" data-mce-fragment=\"1\"><\/iframe><\/p>\n<p><iframe loading=\"lazy\" class=\"wp-embedded-content\" title=\"\u00abCerradas obras de Covioriente en Yopal por violar protocolos Covid-19.\u00bb \u2014 \u25b7 Noticias de Casanare : Martha Cifuentes | Casanare\" src=\"https:\/\/marthacifuentes.com\/portada\/2020\/07\/28\/cerradas-obras-de-covioriente-en-yopal-por-violar-protocolos-covid-19\/embed\/#?secret=6sQ4r7RMsd\" width=\"600\" height=\"595\" frameborder=\"0\" marginwidth=\"0\" marginheight=\"0\" scrolling=\"no\" sandbox=\"allow-scripts\" data-secret=\"6sQ4r7RMsd\" data-mce-fragment=\"1\"><\/iframe><\/p>\n<p><iframe loading=\"lazy\" class=\"wp-embedded-content\" title=\"\u00abLuego de 92 d\u00edas de estar secuestrada volvi\u00f3 a casa Marcela Romero, liberada por disidencias de las Farc\u00bb \u2014 \u25b7 Noticias de Casanare : Martha Cifuentes | Casanare\" src=\"https:\/\/marthacifuentes.com\/portada\/2020\/07\/28\/luego-de-92-dias-de-estar-secuestrada-volvio-a-casa-marcela-romero-liberada-por-disidencias-de-las-farc\/embed\/#?secret=rdldCeJCWD\" width=\"600\" height=\"595\" frameborder=\"0\" marginwidth=\"0\" marginheight=\"0\" scrolling=\"no\" sandbox=\"allow-scripts\" data-secret=\"rdldCeJCWD\" data-mce-fragment=\"1\"><\/iframe><\/p>\n<p><iframe loading=\"lazy\" class=\"wp-embedded-content\" title=\"\u00abCasanare r\u00e9cord de casos Covid-19 en un d\u00eda: 32. Suma 252 contagios. Si sigue as\u00ed se ampliar\u00eda toque de queda.\u00bb \u2014 \u25b7 Noticias de Casanare : Martha Cifuentes | Casanare\" src=\"https:\/\/marthacifuentes.com\/portada\/2020\/07\/27\/casanare-record-de-casos-covid-19-en-un-dia-32-suma-252-contagios-si-sigue-asi-se-ampliaria-toque-de-queda\/embed\/#?secret=2KjpssRVtl\" width=\"600\" height=\"607\" frameborder=\"0\" marginwidth=\"0\" marginheight=\"0\" scrolling=\"no\" sandbox=\"allow-scripts\" data-secret=\"2KjpssRVtl\" data-mce-fragment=\"1\"><\/iframe><\/p>\n<p><iframe loading=\"lazy\" class=\"wp-embedded-content\" title=\"\u00abDirector Antisecuestro de la Polic\u00eda ni descarta ni confirma muerte de secuestrado Jaime Rueda Guar\u00edn en Casanare.\u00bb \u2014 \u25b7 Noticias de Casanare : Martha Cifuentes | Casanare\" src=\"https:\/\/marthacifuentes.com\/portada\/2020\/07\/27\/director-antisecuestro-de-la-policia-ni-descarta-ni-confirma-muerte-de-secuestrado-jaime-rueda-guarin-en-casanare\/embed\/#?secret=BpPmMvLHTL\" width=\"600\" height=\"625\" frameborder=\"0\" marginwidth=\"0\" marginheight=\"0\" scrolling=\"no\" sandbox=\"allow-scripts\" data-secret=\"BpPmMvLHTL\" data-mce-fragment=\"1\"><\/iframe><\/p>\n<p><iframe loading=\"lazy\" class=\"wp-embedded-content\" title=\"\u00ab2 soldados y poderosas armas del batall\u00f3n de Tauramena, desaparecidos desde ayer\u00bb \u2014 \u25b7 Noticias de Casanare : Martha Cifuentes | Casanare\" src=\"https:\/\/marthacifuentes.com\/portada\/2020\/07\/27\/2-soldados-y-poderosas-armas-del-batallon-de-tauramena-desaparecidos-desde-ayer\/embed\/#?secret=acb6pClLaH\" width=\"600\" height=\"584\" frameborder=\"0\" marginwidth=\"0\" marginheight=\"0\" scrolling=\"no\" sandbox=\"allow-scripts\" data-secret=\"acb6pClLaH\" data-mce-fragment=\"1\"><\/iframe><\/p>\n<p><iframe loading=\"lazy\" class=\"wp-embedded-content\" title=\"\u00abYopal relajada frente a la Covid-19 ya lleg\u00f3 a 127 casos. Alcald\u00eda amenaza con cierre de actividades econ\u00f3micas\u00bb \u2014 \u25b7 Noticias de Casanare : Martha Cifuentes | Casanare\" src=\"https:\/\/marthacifuentes.com\/portada\/2020\/07\/27\/yopal-relajada-frente-a-la-covid-19-ya-llego-a-127-casos-alcaldia-amenaza-con-cierre-de-actividades-economicas\/embed\/#?secret=V6CuLZPWN7\" width=\"600\" height=\"605\" frameborder=\"0\" marginwidth=\"0\" marginheight=\"0\" scrolling=\"no\" sandbox=\"allow-scripts\" data-secret=\"V6CuLZPWN7\" data-mce-fragment=\"1\"><\/iframe><\/p>\n<p><iframe loading=\"lazy\" class=\"wp-embedded-content\" title=\"\u00abAumentan hospitalizados por Covid-19 en Casanare. Ya son 22 de los 220 infectados.\u00bb \u2014 \u25b7 Noticias de Casanare : Martha Cifuentes | Casanare\" src=\"https:\/\/marthacifuentes.com\/portada\/2020\/07\/26\/aumentan-hospitalizados-por-covid-19-en-casanare-ya-son-22-de-los-220-infectados\/embed\/#?secret=Cx43LrhzO5\" width=\"600\" height=\"558\" frameborder=\"0\" marginwidth=\"0\" marginheight=\"0\" scrolling=\"no\" sandbox=\"allow-scripts\" data-secret=\"Cx43LrhzO5\" data-mce-fragment=\"1\"><\/iframe><\/p>\n","protected":false},"excerpt":{"rendered":"<p>37 casos Covid-19 se reportaron en Casanare durante el fin de semana, incluido el 7 de agosto. Se llega a 451 los infectados. Se suma el fallecimiento de un adulto mayor quien dio positivo para el nuevo coronavirus. La\u00a0 disparidad en las cifras reportadas por el Instituto Nacional de Salud se explic\u00f3 como una reclasificaci\u00f3n &hellip;<\/p>\n","protected":false},"author":2,"featured_media":24589,"comment_status":"open","ping_status":"open","sticky":false,"template":"","format":"standard","meta":{"om_disable_all_campaigns":false,"_exactmetrics_skip_tracking":false,"_exactmetrics_sitenote_active":false,"_exactmetrics_sitenote_note":"","_exactmetrics_sitenote_category":0,"_monsterinsights_skip_tracking":false,"_monsterinsights_sitenote_active":false,"_monsterinsights_sitenote_note":"","_monsterinsights_sitenote_category":0,"_uf_show_specific_survey":0,"_uf_disable_surveys":false,"_joinchat":[],"footnotes":""},"categories":[147,146,145],"tags":[4976,4961,1400,1421],"class_list":["post-24588","post","type-post","status-publish","format-standard","has-post-thumbnail","hentry","category-actualidad","category-noticias","category-reportajes","tag-covid-19-agosto-casanare","tag-covid-19-casanare-yopal-villanueva","tag-noticias-casanare","tag-noticias-yopal"],"yoast_head":"<!-- This site is optimized with the Yoast SEO plugin v26.1 - https:\/\/yoast.com\/wordpress\/plugins\/seo\/ -->\n<title>Casanare supera 450 casos Covid-19, suma un fallecido y aumenta a 39 los hospitalizados. - \u25b7 Noticias de Casanare : Martha Cifuentes | Casanare<\/title>\n<meta name=\"robots\" content=\"index, follow, max-snippet:-1, max-image-preview:large, max-video-preview:-1\" \/>\n<link rel=\"canonical\" href=\"https:\/\/marthacifuentes.com\/portada\/casanare-supera-450-casos-covid-19-suma-un-fallecido-y-aumenta-a-39-los-hospitalizados\/\" \/>\n<meta property=\"og:locale\" content=\"es_ES\" \/>\n<meta property=\"og:type\" content=\"article\" \/>\n<meta property=\"og:title\" content=\"Casanare supera 450 casos Covid-19, suma un fallecido y aumenta a 39 los hospitalizados. - \u25b7 Noticias de Casanare : Martha Cifuentes | Casanare\" \/>\n<meta property=\"og:description\" content=\"37 casos Covid-19 se reportaron en Casanare durante el fin de semana, incluido el 7 de agosto. Se llega a 451 los infectados. Se suma el fallecimiento de un adulto mayor quien dio positivo para el nuevo coronavirus. La\u00a0 disparidad en las cifras reportadas por el Instituto Nacional de Salud se explic\u00f3 como una reclasificaci\u00f3n &hellip;\" \/>\n<meta property=\"og:url\" content=\"https:\/\/marthacifuentes.com\/portada\/casanare-supera-450-casos-covid-19-suma-un-fallecido-y-aumenta-a-39-los-hospitalizados\/\" \/>\n<meta property=\"og:site_name\" content=\"\u25b7 Noticias de Casanare : Martha Cifuentes | Casanare\" \/>\n<meta property=\"article:published_time\" content=\"2020-08-10T13:25:13+00:00\" \/>\n<meta property=\"og:image\" content=\"https:\/\/marthacifuentes.com\/portada\/wp-content\/uploads\/2020\/08\/COVID-19-CASANARE-AGOSTO-9-DE-2020.jpg\" \/>\n\t<meta property=\"og:image:width\" content=\"992\" \/>\n\t<meta property=\"og:image:height\" content=\"558\" \/>\n\t<meta property=\"og:image:type\" content=\"image\/jpeg\" \/>\n<meta name=\"author\" content=\"Martha Cifuentes\" \/>\n<meta name=\"twitter:card\" content=\"summary_large_image\" \/>\n<meta name=\"twitter:label1\" content=\"Escrito por\" \/>\n\t<meta name=\"twitter:data1\" content=\"Martha Cifuentes\" \/>\n\t<meta name=\"twitter:label2\" content=\"Tiempo de lectura\" \/>\n\t<meta name=\"twitter:data2\" content=\"3 minutos\" \/>\n<script type=\"application\/ld+json\" class=\"yoast-schema-graph\">{\"@context\":\"https:\/\/schema.org\",\"@graph\":[{\"@type\":\"WebPage\",\"@id\":\"https:\/\/marthacifuentes.com\/portada\/casanare-supera-450-casos-covid-19-suma-un-fallecido-y-aumenta-a-39-los-hospitalizados\/\",\"url\":\"https:\/\/marthacifuentes.com\/portada\/casanare-supera-450-casos-covid-19-suma-un-fallecido-y-aumenta-a-39-los-hospitalizados\/\",\"name\":\"Casanare supera 450 casos Covid-19, suma un fallecido y aumenta a 39 los hospitalizados. - \u25b7 Noticias de Casanare : Martha Cifuentes | Casanare\",\"isPartOf\":{\"@id\":\"https:\/\/marthacifuentes.com\/portada\/#website\"},\"primaryImageOfPage\":{\"@id\":\"https:\/\/marthacifuentes.com\/portada\/casanare-supera-450-casos-covid-19-suma-un-fallecido-y-aumenta-a-39-los-hospitalizados\/#primaryimage\"},\"image\":{\"@id\":\"https:\/\/marthacifuentes.com\/portada\/casanare-supera-450-casos-covid-19-suma-un-fallecido-y-aumenta-a-39-los-hospitalizados\/#primaryimage\"},\"thumbnailUrl\":\"https:\/\/marthacifuentes.com\/portada\/wp-content\/uploads\/2020\/08\/COVID-19-CASANARE-AGOSTO-9-DE-2020.jpg\",\"datePublished\":\"2020-08-10T13:25:13+00:00\",\"author\":{\"@id\":\"https:\/\/marthacifuentes.com\/portada\/#\/schema\/person\/57f53174b991db5f90ff78d58502b714\"},\"breadcrumb\":{\"@id\":\"https:\/\/marthacifuentes.com\/portada\/casanare-supera-450-casos-covid-19-suma-un-fallecido-y-aumenta-a-39-los-hospitalizados\/#breadcrumb\"},\"inLanguage\":\"es\",\"potentialAction\":[{\"@type\":\"ReadAction\",\"target\":[\"https:\/\/marthacifuentes.com\/portada\/casanare-supera-450-casos-covid-19-suma-un-fallecido-y-aumenta-a-39-los-hospitalizados\/\"]}]},{\"@type\":\"ImageObject\",\"inLanguage\":\"es\",\"@id\":\"https:\/\/marthacifuentes.com\/portada\/casanare-supera-450-casos-covid-19-suma-un-fallecido-y-aumenta-a-39-los-hospitalizados\/#primaryimage\",\"url\":\"https:\/\/marthacifuentes.com\/portada\/wp-content\/uploads\/2020\/08\/COVID-19-CASANARE-AGOSTO-9-DE-2020.jpg\",\"contentUrl\":\"https:\/\/marthacifuentes.com\/portada\/wp-content\/uploads\/2020\/08\/COVID-19-CASANARE-AGOSTO-9-DE-2020.jpg\",\"width\":992,\"height\":558},{\"@type\":\"BreadcrumbList\",\"@id\":\"https:\/\/marthacifuentes.com\/portada\/casanare-supera-450-casos-covid-19-suma-un-fallecido-y-aumenta-a-39-los-hospitalizados\/#breadcrumb\",\"itemListElement\":[{\"@type\":\"ListItem\",\"position\":1,\"name\":\"Portada\",\"item\":\"https:\/\/marthacifuentes.com\/portada\/\"},{\"@type\":\"ListItem\",\"position\":2,\"name\":\"Casanare supera 450 casos Covid-19, suma un fallecido y aumenta a 39 los hospitalizados.\"}]},{\"@type\":\"WebSite\",\"@id\":\"https:\/\/marthacifuentes.com\/portada\/#website\",\"url\":\"https:\/\/marthacifuentes.com\/portada\/\",\"name\":\"\u25b7 Noticias de Casanare : Martha Cifuentes | Casanare\",\"description\":\"Noticias &amp; Contenidos\",\"potentialAction\":[{\"@type\":\"SearchAction\",\"target\":{\"@type\":\"EntryPoint\",\"urlTemplate\":\"https:\/\/marthacifuentes.com\/portada\/?s={search_term_string}\"},\"query-input\":{\"@type\":\"PropertyValueSpecification\",\"valueRequired\":true,\"valueName\":\"search_term_string\"}}],\"inLanguage\":\"es\"},{\"@type\":\"Person\",\"@id\":\"https:\/\/marthacifuentes.com\/portada\/#\/schema\/person\/57f53174b991db5f90ff78d58502b714\",\"name\":\"Martha Cifuentes\",\"image\":{\"@type\":\"ImageObject\",\"inLanguage\":\"es\",\"@id\":\"https:\/\/marthacifuentes.com\/portada\/#\/schema\/person\/image\/\",\"url\":\"http:\/\/marthacifuentes.com\/portada\/wp-content\/uploads\/2018\/06\/avatar_user_2_1528838701-96x96.jpg\",\"contentUrl\":\"http:\/\/marthacifuentes.com\/portada\/wp-content\/uploads\/2018\/06\/avatar_user_2_1528838701-96x96.jpg\",\"caption\":\"Martha Cifuentes\"},\"sameAs\":[\"http:\/\/www.marthacifuentes.com\"],\"url\":\"https:\/\/marthacifuentes.com\/portada\/author\/martha\/\"}]}<\/script>\n<!-- \/ Yoast SEO plugin. -->","yoast_head_json":{"title":"Casanare supera 450 casos Covid-19, suma un fallecido y aumenta a 39 los hospitalizados. - \u25b7 Noticias de Casanare : Martha Cifuentes | Casanare","robots":{"index":"index","follow":"follow","max-snippet":"max-snippet:-1","max-image-preview":"max-image-preview:large","max-video-preview":"max-video-preview:-1"},"canonical":"https:\/\/marthacifuentes.com\/portada\/casanare-supera-450-casos-covid-19-suma-un-fallecido-y-aumenta-a-39-los-hospitalizados\/","og_locale":"es_ES","og_type":"article","og_title":"Casanare supera 450 casos Covid-19, suma un fallecido y aumenta a 39 los hospitalizados. - \u25b7 Noticias de Casanare : Martha Cifuentes | Casanare","og_description":"37 casos Covid-19 se reportaron en Casanare durante el fin de semana, incluido el 7 de agosto. Se llega a 451 los infectados. Se suma el fallecimiento de un adulto mayor quien dio positivo para el nuevo coronavirus. La\u00a0 disparidad en las cifras reportadas por el Instituto Nacional de Salud se explic\u00f3 como una reclasificaci\u00f3n &hellip;","og_url":"https:\/\/marthacifuentes.com\/portada\/casanare-supera-450-casos-covid-19-suma-un-fallecido-y-aumenta-a-39-los-hospitalizados\/","og_site_name":"\u25b7 Noticias de Casanare : Martha Cifuentes | Casanare","article_published_time":"2020-08-10T13:25:13+00:00","og_image":[{"width":992,"height":558,"url":"https:\/\/marthacifuentes.com\/portada\/wp-content\/uploads\/2020\/08\/COVID-19-CASANARE-AGOSTO-9-DE-2020.jpg","type":"image\/jpeg"}],"author":"Martha Cifuentes","twitter_card":"summary_large_image","twitter_misc":{"Escrito por":"Martha Cifuentes","Tiempo de lectura":"3 minutos"},"schema":{"@context":"https:\/\/schema.org","@graph":[{"@type":"WebPage","@id":"https:\/\/marthacifuentes.com\/portada\/casanare-supera-450-casos-covid-19-suma-un-fallecido-y-aumenta-a-39-los-hospitalizados\/","url":"https:\/\/marthacifuentes.com\/portada\/casanare-supera-450-casos-covid-19-suma-un-fallecido-y-aumenta-a-39-los-hospitalizados\/","name":"Casanare supera 450 casos Covid-19, suma un fallecido y aumenta a 39 los hospitalizados. - \u25b7 Noticias de Casanare : Martha Cifuentes | Casanare","isPartOf":{"@id":"https:\/\/marthacifuentes.com\/portada\/#website"},"primaryImageOfPage":{"@id":"https:\/\/marthacifuentes.com\/portada\/casanare-supera-450-casos-covid-19-suma-un-fallecido-y-aumenta-a-39-los-hospitalizados\/#primaryimage"},"image":{"@id":"https:\/\/marthacifuentes.com\/portada\/casanare-supera-450-casos-covid-19-suma-un-fallecido-y-aumenta-a-39-los-hospitalizados\/#primaryimage"},"thumbnailUrl":"https:\/\/marthacifuentes.com\/portada\/wp-content\/uploads\/2020\/08\/COVID-19-CASANARE-AGOSTO-9-DE-2020.jpg","datePublished":"2020-08-10T13:25:13+00:00","author":{"@id":"https:\/\/marthacifuentes.com\/portada\/#\/schema\/person\/57f53174b991db5f90ff78d58502b714"},"breadcrumb":{"@id":"https:\/\/marthacifuentes.com\/portada\/casanare-supera-450-casos-covid-19-suma-un-fallecido-y-aumenta-a-39-los-hospitalizados\/#breadcrumb"},"inLanguage":"es","potentialAction":[{"@type":"ReadAction","target":["https:\/\/marthacifuentes.com\/portada\/casanare-supera-450-casos-covid-19-suma-un-fallecido-y-aumenta-a-39-los-hospitalizados\/"]}]},{"@type":"ImageObject","inLanguage":"es","@id":"https:\/\/marthacifuentes.com\/portada\/casanare-supera-450-casos-covid-19-suma-un-fallecido-y-aumenta-a-39-los-hospitalizados\/#primaryimage","url":"https:\/\/marthacifuentes.com\/portada\/wp-content\/uploads\/2020\/08\/COVID-19-CASANARE-AGOSTO-9-DE-2020.jpg","contentUrl":"https:\/\/marthacifuentes.com\/portada\/wp-content\/uploads\/2020\/08\/COVID-19-CASANARE-AGOSTO-9-DE-2020.jpg","width":992,"height":558},{"@type":"BreadcrumbList","@id":"https:\/\/marthacifuentes.com\/portada\/casanare-supera-450-casos-covid-19-suma-un-fallecido-y-aumenta-a-39-los-hospitalizados\/#breadcrumb","itemListElement":[{"@type":"ListItem","position":1,"name":"Portada","item":"https:\/\/marthacifuentes.com\/portada\/"},{"@type":"ListItem","position":2,"name":"Casanare supera 450 casos Covid-19, suma un fallecido y aumenta a 39 los hospitalizados."}]},{"@type":"WebSite","@id":"https:\/\/marthacifuentes.com\/portada\/#website","url":"https:\/\/marthacifuentes.com\/portada\/","name":"\u25b7 Noticias de Casanare : Martha Cifuentes | Casanare","description":"Noticias &amp; Contenidos","potentialAction":[{"@type":"SearchAction","target":{"@type":"EntryPoint","urlTemplate":"https:\/\/marthacifuentes.com\/portada\/?s={search_term_string}"},"query-input":{"@type":"PropertyValueSpecification","valueRequired":true,"valueName":"search_term_string"}}],"inLanguage":"es"},{"@type":"Person","@id":"https:\/\/marthacifuentes.com\/portada\/#\/schema\/person\/57f53174b991db5f90ff78d58502b714","name":"Martha Cifuentes","image":{"@type":"ImageObject","inLanguage":"es","@id":"https:\/\/marthacifuentes.com\/portada\/#\/schema\/person\/image\/","url":"http:\/\/marthacifuentes.com\/portada\/wp-content\/uploads\/2018\/06\/avatar_user_2_1528838701-96x96.jpg","contentUrl":"http:\/\/marthacifuentes.com\/portada\/wp-content\/uploads\/2018\/06\/avatar_user_2_1528838701-96x96.jpg","caption":"Martha Cifuentes"},"sameAs":["http:\/\/www.marthacifuentes.com"],"url":"https:\/\/marthacifuentes.com\/portada\/author\/martha\/"}]}},"_links":{"self":[{"href":"https:\/\/marthacifuentes.com\/portada\/wp-json\/wp\/v2\/posts\/24588","targetHints":{"allow":["GET"]}}],"collection":[{"href":"https:\/\/marthacifuentes.com\/portada\/wp-json\/wp\/v2\/posts"}],"about":[{"href":"https:\/\/marthacifuentes.com\/portada\/wp-json\/wp\/v2\/types\/post"}],"author":[{"embeddable":true,"href":"https:\/\/marthacifuentes.com\/portada\/wp-json\/wp\/v2\/users\/2"}],"replies":[{"embeddable":true,"href":"https:\/\/marthacifuentes.com\/portada\/wp-json\/wp\/v2\/comments?post=24588"}],"version-history":[{"count":0,"href":"https:\/\/marthacifuentes.com\/portada\/wp-json\/wp\/v2\/posts\/24588\/revisions"}],"wp:featuredmedia":[{"embeddable":true,"href":"https:\/\/marthacifuentes.com\/portada\/wp-json\/wp\/v2\/media\/24589"}],"wp:attachment":[{"href":"https:\/\/marthacifuentes.com\/portada\/wp-json\/wp\/v2\/media?parent=24588"}],"wp:term":[{"taxonomy":"category","embeddable":true,"href":"https:\/\/marthacifuentes.com\/portada\/wp-json\/wp\/v2\/categories?post=24588"},{"taxonomy":"post_tag","embeddable":true,"href":"https:\/\/marthacifuentes.com\/portada\/wp-json\/wp\/v2\/tags?post=24588"}],"curies":[{"name":"wp","href":"https:\/\/api.w.org\/{rel}","templated":true}]}}