{"id":24708,"date":"2020-08-26T07:22:27","date_gmt":"2020-08-26T12:22:27","guid":{"rendered":"https:\/\/marthacifuentes.com\/portada\/?p=24708"},"modified":"2020-08-26T07:22:27","modified_gmt":"2020-08-26T12:22:27","slug":"jose-valero-solo-era-un-campesino-indefenso-hermana-de-hombre-decapitado-en-monterrey","status":"publish","type":"post","link":"https:\/\/marthacifuentes.com\/portada\/jose-valero-solo-era-un-campesino-indefenso-hermana-de-hombre-decapitado-en-monterrey\/","title":{"rendered":"\u201cJos\u00e9 Valero solo era un campesino indefenso\u201d: hermana de hombre decapitado en Monterrey"},"content":{"rendered":"<p style=\"text-align: justify;\"><strong>\u201cMi hermano Jos\u00e9 Valero Valero no era una persona problem\u00e1tica ni un violador como est\u00e1n diciendo en las redes. Era solo un campesino indefenso, que trabajaba en fincas\u201d, afirma con dolor Blanca Nelly Valero Ramos, en relaci\u00f3n al hombre decapitado hallado en el parque Divino Ni\u00f1o, de esa poblaci\u00f3n. <\/strong><\/p>\n<p style=\"text-align: justify;\">La humilde mujer expres\u00f3 al <strong>canal Ent\u00e9rese Casanare<\/strong>, que su hermano se dedicaba a trabajar en fincas, era un hombre adulto mayor de 62 a\u00f1os, soltero, sin hijos, y era conocido en el pueblo como \u201cp\u00e1jaro\u201d. Hab\u00eda llegado a Monterrey hace 16 a\u00f1os y era oriundo de Santa Teresa, Boyac\u00e1.<\/p>\n<p style=\"text-align: justify;\">Como muchos labriegos, trabajaba y sal\u00eda al pueblo a tomarse sus cervezas, sin hacerle da\u00f1o a nadie. A veces dorm\u00eda en el parque y cuando no le alcanzaba lo que ganaba ped\u00eda comida en restaurantes. A su edad ya era algo sordo, narra la mujer.<\/p>\n<p style=\"text-align: justify;\">Ella se muestra indignada por los comentarios maledicentes en redes sociales sobre su hermano y pide respeto hacia \u00e9l, que solo era un campesino. Expresa que \u00e9l s\u00ed ten\u00eda familia, compuesta por varios hermanos y hermanas.<\/p>\n<p style=\"text-align: justify;\">Blanca Nelly dijo que el sepelio de Jos\u00e9 se realizar\u00e1 en Monterrey donde vivi\u00f3 estos a\u00f1os. Del asesinato se desconoce responsables y causas de la sevicia con que fue cometido el crimen.<\/p>\n<p style=\"text-align: justify;\">La comunidad a trav\u00e9s de redes sociales reclama el esclarecimiento de este homicidio porque se teme que pueda ser un retorno de grupos paramilitares que quieran generar terror en la poblaci\u00f3n como ya sucedi\u00f3 en el pasado por las autodefensas comandadas por alias \u201cMart\u00edn llanos\u201d.<\/p>\n<p style=\"text-align: justify;\">En Consejo de Seguridad local se hizo mucho \u00e9nfasis en que el crimen no hab\u00eda sido producto de grupos armados al margen de la ley.<\/p>\n<p style=\"text-align: justify;\">Se cuestiona que a pesar de que se promocionan con gran bombo y platillos la implementaci\u00f3n de c\u00e1maras para la vigilancia y control efectivo de la convivencia, al momento de requerir sus registros, estas no funcionan, est\u00e1n da\u00f1adas o les falta mantenimiento o cualquier otra situaci\u00f3n. En este caso la c\u00e1mara estaba inservible.<\/p>\n<p>&nbsp;<\/p>\n<div style=\"width: 400px;\" class=\"wp-video\"><!--[if lt IE 9]><script>document.createElement('video');<\/script><![endif]-->\n<video class=\"wp-video-shortcode\" id=\"video-24708-1\" width=\"400\" height=\"224\" preload=\"metadata\" controls=\"controls\"><source type=\"video\/mp4\" src=\"https:\/\/marthacifuentes.com\/portada\/wp-content\/uploads\/2020\/08\/WhatsApp-Video-2020-08-25-at-8.45.09-PM.mp4?_=1\" \/><a href=\"https:\/\/marthacifuentes.com\/portada\/wp-content\/uploads\/2020\/08\/WhatsApp-Video-2020-08-25-at-8.45.09-PM.mp4\">https:\/\/marthacifuentes.com\/portada\/wp-content\/uploads\/2020\/08\/WhatsApp-Video-2020-08-25-at-8.45.09-PM.mp4<\/a><\/video><\/div>\n<p>&nbsp;<\/p>\n<h2>Otras noticias&#8230;<\/h2>\n<blockquote class=\"wp-embedded-content\" data-secret=\"mPbTqROnNN\"><p><a href=\"https:\/\/marthacifuentes.com\/portada\/2020\/08\/26\/reactivado-en-yopal-transporte-publico-intermunicipal-e-interveredal\/\">Reactivado en Yopal transporte p\u00fablico intermunicipal e interveredal<\/a><\/p><\/blockquote>\n<p><iframe loading=\"lazy\" class=\"wp-embedded-content\" sandbox=\"allow-scripts\" security=\"restricted\" style=\"position: absolute; clip: rect(1px, 1px, 1px, 1px);\" title=\"\u00abReactivado en Yopal transporte p\u00fablico intermunicipal e interveredal\u00bb \u2014 \u25b7 Noticias de Casanare : Martha Cifuentes | Casanare\" src=\"https:\/\/marthacifuentes.com\/portada\/2020\/08\/26\/reactivado-en-yopal-transporte-publico-intermunicipal-e-interveredal\/embed\/#?secret=3s0b9N9HUI#?secret=mPbTqROnNN\" data-secret=\"mPbTqROnNN\" width=\"500\" height=\"282\" frameborder=\"0\" marginwidth=\"0\" marginheight=\"0\" scrolling=\"no\"><\/iframe><\/p>\n<p><iframe loading=\"lazy\" class=\"wp-embedded-content\" title=\"\u00abCon el reporte de 2 muertes y 25 casos covid-19 hoy, Casanare llega a 20 fallecimientos y 914 contagios\u00bb \u2014 \u25b7 Noticias de Casanare : Martha Cifuentes | Casanare\" src=\"https:\/\/marthacifuentes.com\/portada\/2020\/08\/25\/con-el-reporte-de-2-muertes-y-25-casos-covid-19-hoy-casanare-llega-a-20-fallecimientos-y-914-contagios\/embed\/#?secret=LQmo4DJBGA\" width=\"600\" height=\"574\" frameborder=\"0\" marginwidth=\"0\" marginheight=\"0\" scrolling=\"no\" sandbox=\"allow-scripts\" data-secret=\"LQmo4DJBGA\" data-mce-fragment=\"1\"><\/iframe><\/p>\n<p><iframe loading=\"lazy\" class=\"wp-embedded-content\" title=\"\u00abCasanare suma 32 casos Covid-19 nuevos y llega a 888. Yopal acumula 538 infectados.\u00bb \u2014 \u25b7 Noticias de Casanare : Martha Cifuentes | Casanare\" src=\"https:\/\/marthacifuentes.com\/portada\/2020\/08\/25\/casanare-suma-32-casos-covid-19-nuevos-y-llega-a-888-yopal-acumula-538-infectados\/embed\/#?secret=HyqEvUTa1R\" width=\"600\" height=\"574\" frameborder=\"0\" marginwidth=\"0\" marginheight=\"0\" scrolling=\"no\" sandbox=\"allow-scripts\" data-secret=\"HyqEvUTa1R\" data-mce-fragment=\"1\"><\/iframe><\/p>\n<p><iframe loading=\"lazy\" class=\"wp-embedded-content\" title=\"\u00abCon aprobaci\u00f3n de proyecto de regal\u00edas, Casanare pasar\u00eda de $337 mil a $676 mil millones bianual: C\u00e9sar Ortiz\u00bb \u2014 \u25b7 Noticias de Casanare : Martha Cifuentes | Casanare\" src=\"https:\/\/marthacifuentes.com\/portada\/2020\/08\/25\/con-aprobacion-de-proyecto-de-regalias-casanare-pasaria-de-337-mil-a-676-mil-millones-bianual-cesar-ortiz\/embed\/#?secret=Gn7kwQMqCb\" width=\"600\" height=\"623\" frameborder=\"0\" marginwidth=\"0\" marginheight=\"0\" scrolling=\"no\" sandbox=\"allow-scripts\" data-secret=\"Gn7kwQMqCb\" data-mce-fragment=\"1\"><\/iframe><\/p>\n<p><iframe loading=\"lazy\" class=\"wp-embedded-content\" title=\"\u00abPredios de La Bendici\u00f3n ser\u00edan cobijados con figura de enajenaci\u00f3n temprana. Se busca legalizar la urbanizaci\u00f3n\u00bb \u2014 \u25b7 Noticias de Casanare : Martha Cifuentes | Casanare\" src=\"https:\/\/marthacifuentes.com\/portada\/2020\/08\/25\/predios-de-la-bendicion-serian-cobijados-con-figura-de-enajenacion-temprana-se-busca-legalizar-la-urbanizacion\/embed\/#?secret=8UmoIWgwrs\" width=\"600\" height=\"623\" frameborder=\"0\" marginwidth=\"0\" marginheight=\"0\" scrolling=\"no\" sandbox=\"allow-scripts\" data-secret=\"8UmoIWgwrs\" data-mce-fragment=\"1\"><\/iframe><\/p>\n<p><iframe loading=\"lazy\" class=\"wp-embedded-content\" title=\"\u00abColombia entra en fase de aislamiento selectivo desde 1 de septiembre\u00bb \u2014 \u25b7 Noticias de Casanare : Martha Cifuentes | Casanare\" src=\"https:\/\/marthacifuentes.com\/portada\/2020\/08\/25\/colombia-entra-en-fase-de-aislamiento-selectivo-desde-1-de-septiembre\/embed\/#?secret=BsdMqOAC3Y\" width=\"600\" height=\"595\" frameborder=\"0\" marginwidth=\"0\" marginheight=\"0\" scrolling=\"no\" sandbox=\"allow-scripts\" data-secret=\"BsdMqOAC3Y\" data-mce-fragment=\"1\"><\/iframe><\/p>\n<p><iframe loading=\"lazy\" class=\"wp-embedded-content\" title=\"\u00abAlcalde de Monterrey, Casanare, discute con abogado sobre hombre decapitado en su municipio \u00a0\u00a0\u00bb \u2014 \u25b7 Noticias de Casanare : Martha Cifuentes | Casanare\" src=\"https:\/\/marthacifuentes.com\/portada\/2020\/08\/25\/alcalde-de-monterrey-casanare-discute-con-abogado-sobre-hombre-decapitado-en-su-municipio\/embed\/#?secret=W9Cfg14gYF\" width=\"600\" height=\"620\" frameborder=\"0\" marginwidth=\"0\" marginheight=\"0\" scrolling=\"no\" sandbox=\"allow-scripts\" data-secret=\"W9Cfg14gYF\" data-mce-fragment=\"1\"><\/iframe><\/p>\n<p><iframe loading=\"lazy\" class=\"wp-embedded-content\" title=\"\u00abPico de la Covid-19 en Yopal ser\u00eda en noviembre 6\u00bb \u2014 \u25b7 Noticias de Casanare : Martha Cifuentes | Casanare\" src=\"https:\/\/marthacifuentes.com\/portada\/2020\/08\/24\/pico-de-la-covid-19-en-yopal-seria-en-noviembre-6\/embed\/#?secret=tXrbRrJvpK\" width=\"600\" height=\"546\" frameborder=\"0\" marginwidth=\"0\" marginheight=\"0\" scrolling=\"no\" sandbox=\"allow-scripts\" data-secret=\"tXrbRrJvpK\" data-mce-fragment=\"1\"><\/iframe><\/p>\n<p><iframe loading=\"lazy\" class=\"wp-embedded-content\" title=\"\u00abCasanare, 856 casos Covid-19. Yopal super\u00f3 500.\u00bb \u2014 \u25b7 Noticias de Casanare : Martha Cifuentes | Casanare\" src=\"https:\/\/marthacifuentes.com\/portada\/2020\/08\/24\/casanare-856-casos-covid-19-yopal-supero-500\/embed\/#?secret=kxMGnCex2W\" width=\"600\" height=\"567\" frameborder=\"0\" marginwidth=\"0\" marginheight=\"0\" scrolling=\"no\" sandbox=\"allow-scripts\" data-secret=\"kxMGnCex2W\" data-mce-fragment=\"1\"><\/iframe><\/p>\n<p><iframe loading=\"lazy\" class=\"wp-embedded-content\" title=\"\u00abConsejo de Estado definir\u00e1 en audiencia final si gobernador de Casanare por ser cu\u00f1ado del exgobernador Alirio Barrera, no pod\u00eda ser elegido\u00bb \u2014 \u25b7 Noticias de Casanare : Martha Cifuentes | Casanare\" src=\"https:\/\/marthacifuentes.com\/portada\/2020\/08\/21\/consejo-de-estado-definira-en-audiencia-final-si-gobernador-de-casanare-por-ser-cunado-del-exgobernador-alirio-barrera-no-podia-ser-elegido\/embed\/#?secret=Hr1MkwYt7G\" width=\"600\" height=\"623\" frameborder=\"0\" marginwidth=\"0\" marginheight=\"0\" scrolling=\"no\" sandbox=\"allow-scripts\" data-secret=\"Hr1MkwYt7G\" data-mce-fragment=\"1\"><\/iframe><\/p>\n<p><iframe loading=\"lazy\" class=\"wp-embedded-content\" title=\"\u00abProporcional al aumento de casos Covid-19 en Yopal, avanza construcci\u00f3n de b\u00f3vedas en el cementerio\u00bb \u2014 \u25b7 Noticias de Casanare : Martha Cifuentes | Casanare\" src=\"https:\/\/marthacifuentes.com\/portada\/2020\/08\/20\/proporcional-al-aumento-de-casos-covid-19-en-yopal-avanza-construccion-de-bovedas-en-el-cementerio\/embed\/#?secret=0TF7yhH0tD\" width=\"600\" height=\"595\" frameborder=\"0\" marginwidth=\"0\" marginheight=\"0\" scrolling=\"no\" sandbox=\"allow-scripts\" data-secret=\"0TF7yhH0tD\" data-mce-fragment=\"1\"><\/iframe><\/p>\n<p><iframe loading=\"lazy\" class=\"wp-embedded-content\" title=\"\u00abCon 54 nuevos casos Covid-19, Casanare reporta cifra m\u00e1s alta de contagios en un d\u00eda.\u00bb \u2014 \u25b7 Noticias de Casanare : Martha Cifuentes | Casanare\" src=\"https:\/\/marthacifuentes.com\/portada\/2020\/08\/20\/con-54-nuevos-casos-covid-19-casanare-reporta-cifra-mas-alta-de-contagios-en-un-dia\/embed\/#?secret=LP1yGnBFBQ\" width=\"600\" height=\"595\" frameborder=\"0\" marginwidth=\"0\" marginheight=\"0\" scrolling=\"no\" sandbox=\"allow-scripts\" data-secret=\"LP1yGnBFBQ\" data-mce-fragment=\"1\"><\/iframe><\/p>\n<p><iframe loading=\"lazy\" class=\"wp-embedded-content\" title=\"\u00abCasanare suma 655 casos Covid-19. Yopal y Villanueva, municipios con m\u00e1s contagios.\u00bb \u2014 \u25b7 Noticias de Casanare : Martha Cifuentes | Casanare\" src=\"https:\/\/marthacifuentes.com\/portada\/2020\/08\/17\/casanare-suma-655-casos-covid-19-yopal-y-villanueva-municipios-con-mas-contagios\/embed\/#?secret=hKoSaSsuag\" width=\"600\" height=\"595\" frameborder=\"0\" marginwidth=\"0\" marginheight=\"0\" scrolling=\"no\" sandbox=\"allow-scripts\" data-secret=\"hKoSaSsuag\" data-mce-fragment=\"1\"><\/iframe><\/p>\n<div class=\"main-content tie-col-md-8 tie-col-xs-12\" role=\"main\">\n<article id=\"the-post\" class=\"container-wrapper post-content tie-standard\">\n<div class=\"entry-content entry clearfix\">\n<p><iframe loading=\"lazy\" class=\"wp-embedded-content\" title=\"\u00abCasanare acumula 13 muertes con Covid-19. Ayer se reportaron 3. \u00a0\u00bb \u2014 \u25b7 Noticias de Casanare : Martha Cifuentes | Casanare\" src=\"https:\/\/marthacifuentes.com\/portada\/2020\/08\/16\/casanare-acumula-13-muertes-con-covid-19-ayer-se-reportaron-3\/embed\/#?secret=RR2SpH3xeG\" width=\"600\" height=\"546\" frameborder=\"0\" marginwidth=\"0\" marginheight=\"0\" scrolling=\"no\" sandbox=\"allow-scripts\" data-secret=\"RR2SpH3xeG\" data-mce-fragment=\"1\"><\/iframe><\/p>\n<p><iframe loading=\"lazy\" class=\"wp-embedded-content\" title=\"\u00abToque de queda con 46 excepciones, en Casanare, durante el fin de semana\u00bb \u2014 \u25b7 Noticias de Casanare : Martha Cifuentes | Casanare\" src=\"https:\/\/marthacifuentes.com\/portada\/2020\/08\/14\/toque-de-queda-con-46-excepciones-en-casanare-durante-el-fin-de-semana\/embed\/#?secret=74e4WT3D7y\" width=\"600\" height=\"546\" frameborder=\"0\" marginwidth=\"0\" marginheight=\"0\" scrolling=\"no\" sandbox=\"allow-scripts\" data-secret=\"74e4WT3D7y\" data-mce-fragment=\"1\"><\/iframe><\/p>\n<h3>Otras noticias\u2026<\/h3>\n<p><iframe loading=\"lazy\" class=\"wp-embedded-content\" title=\"\u00abConfusi\u00f3n y largas filas en supermercados en Yopal ante anuncio de toque de queda durante todo el fin de semana\u00bb \u2014 \u25b7 Noticias de Casanare : Martha Cifuentes | Casanare\" src=\"https:\/\/marthacifuentes.com\/portada\/2020\/08\/14\/confusion-y-largas-filas-en-supermercados-en-yopal-ante-anuncio-de-toque-de-queda-durante-todo-el-fin-de-semana\/embed\/#?secret=wtQJdquXPh\" width=\"600\" height=\"584\" frameborder=\"0\" marginwidth=\"0\" marginheight=\"0\" scrolling=\"no\" sandbox=\"allow-scripts\" data-secret=\"wtQJdquXPh\" data-mce-fragment=\"1\"><\/iframe><\/p>\n<p><iframe loading=\"lazy\" class=\"wp-embedded-content\" title=\"\u00abCasanare seguir\u00e1 bajo la figura de Calamidad P\u00fablica por la Covid-19\u00bb \u2014 \u25b7 Noticias de Casanare : Martha Cifuentes | Casanare\" src=\"https:\/\/marthacifuentes.com\/portada\/2020\/08\/14\/casanare-seguira-bajo-la-figura-de-calamidad-publica-por-la-covid-19\/embed\/#?secret=aCDo8pBh38\" width=\"600\" height=\"541\" frameborder=\"0\" marginwidth=\"0\" marginheight=\"0\" scrolling=\"no\" sandbox=\"allow-scripts\" data-secret=\"aCDo8pBh38\" data-mce-fragment=\"1\"><\/iframe><\/p>\n<p><iframe loading=\"lazy\" class=\"wp-embedded-content\" title=\"\u00ab\u00bfAlcalde de Yopal usurpa funciones del Concejo Municipal en fijaci\u00f3n de escalas salariales?\u00bb \u2014 \u25b7 Noticias de Casanare : Martha Cifuentes | Casanare\" src=\"https:\/\/marthacifuentes.com\/portada\/2020\/08\/13\/alcalde-de-yopal-usurpa-funciones-del-concejo-municipal-en-fijacion-de-escalas-salariales\/embed\/#?secret=lU9TzwGA0Q\" width=\"600\" height=\"574\" frameborder=\"0\" marginwidth=\"0\" marginheight=\"0\" scrolling=\"no\" sandbox=\"allow-scripts\" data-secret=\"lU9TzwGA0Q\" data-mce-fragment=\"1\"><\/iframe><\/p>\n<p><iframe loading=\"lazy\" class=\"wp-embedded-content\" title=\"\u00abEn solo 13 d\u00edas de agosto Casanare ya super\u00f3 casos Covid-19 de julio.\u00bb \u2014 \u25b7 Noticias de Casanare : Martha Cifuentes | Casanare\" src=\"https:\/\/marthacifuentes.com\/portada\/2020\/08\/13\/en-solo-13-dias-de-agosto-casanare-ya-supero-casos-covid-19-de-julio\/embed\/#?secret=p5l4ui02a9\" width=\"600\" height=\"546\" frameborder=\"0\" marginwidth=\"0\" marginheight=\"0\" scrolling=\"no\" sandbox=\"allow-scripts\" data-secret=\"p5l4ui02a9\" data-mce-fragment=\"1\"><\/iframe><\/p>\n<p><iframe loading=\"lazy\" class=\"wp-embedded-content\" title=\"\u00abEn agosto 20, audiencia de demanda de elecci\u00f3n del gobernador de Casanare Salom\u00f3n Sanabria\u00bb \u2014 \u25b7 Noticias de Casanare : Martha Cifuentes | Casanare\" src=\"https:\/\/marthacifuentes.com\/portada\/2020\/08\/13\/en-agosto-20-audiencia-de-demanda-de-eleccion-del-gobernador-de-casanare-salomon-sanabria\/embed\/#?secret=bIlSLcDItd\" width=\"600\" height=\"574\" frameborder=\"0\" marginwidth=\"0\" marginheight=\"0\" scrolling=\"no\" sandbox=\"allow-scripts\" data-secret=\"bIlSLcDItd\" data-mce-fragment=\"1\"><\/iframe><\/p>\n<p><iframe loading=\"lazy\" class=\"wp-embedded-content\" title=\"\u00abCasanare, 18 casos Covid-19 en promedio diarios en agosto. Se super\u00f3 500 contagios y Yopal bordea 300 contagios\u00bb \u2014 \u25b7 Noticias de Casanare : Martha Cifuentes | Casanare\" src=\"https:\/\/marthacifuentes.com\/portada\/2020\/08\/12\/casanare-18-casos-covid-19-en-promedio-diarios-en-agosto-se-supero-500-contagios-y-yopal-bordea-300-contagios\/embed\/#?secret=cKlrI4c65v\" width=\"600\" height=\"574\" frameborder=\"0\" marginwidth=\"0\" marginheight=\"0\" scrolling=\"no\" sandbox=\"allow-scripts\" data-secret=\"cKlrI4c65v\" data-mce-fragment=\"1\"><\/iframe><\/p>\n<p><iframe loading=\"lazy\" class=\"wp-embedded-content\" title=\"\u00abNegada demanda electoral contra diputado Marco Tulio Ru\u00edz\u00bb \u2014 \u25b7 Noticias de Casanare : Martha Cifuentes | Casanare\" src=\"https:\/\/marthacifuentes.com\/portada\/2020\/08\/11\/negada-demanda-electoral-contra-diputado-marco-tulio-ruiz\/embed\/#?secret=ksPQDDz9W2\" width=\"600\" height=\"588\" frameborder=\"0\" marginwidth=\"0\" marginheight=\"0\" scrolling=\"no\" sandbox=\"allow-scripts\" data-secret=\"ksPQDDz9W2\" data-mce-fragment=\"1\"><\/iframe><\/p>\n<p><iframe loading=\"lazy\" class=\"wp-embedded-content\" title=\"\u00abHombres menores de 55 a\u00f1os, mayor\u00eda de los 40 casos Covid-19 de ayer en Casanare\u00bb \u2014 \u25b7 Noticias de Casanare : Martha Cifuentes | Casanare\" src=\"https:\/\/marthacifuentes.com\/portada\/2020\/08\/11\/hombres-menores-de-55-anos-mayoria-de-los-40-casos-covid-19-de-ayer-en-casanare\/embed\/#?secret=LBPek1OgLm\" width=\"600\" height=\"546\" frameborder=\"0\" marginwidth=\"0\" marginheight=\"0\" scrolling=\"no\" sandbox=\"allow-scripts\" data-secret=\"LBPek1OgLm\" data-mce-fragment=\"1\"><\/iframe><\/p>\n<p><iframe loading=\"lazy\" class=\"wp-embedded-content\" title=\"\u00abCasanare con 40 casos Covid-19 m\u00e1s, bordea los 500 infectados.\u00bb \u2014 \u25b7 Noticias de Casanare : Martha Cifuentes | Casanare\" src=\"https:\/\/marthacifuentes.com\/portada\/2020\/08\/10\/casanare-con-40-casos-covid-19-mas-bordea-los-500-infectados\/embed\/#?secret=24nKF2s5mS\" width=\"600\" height=\"522\" frameborder=\"0\" marginwidth=\"0\" marginheight=\"0\" scrolling=\"no\" sandbox=\"allow-scripts\" data-secret=\"24nKF2s5mS\" data-mce-fragment=\"1\"><\/iframe><\/p>\n<p><iframe loading=\"lazy\" class=\"wp-embedded-content\" title=\"\u00abCasanare supera 450 casos Covid-19, suma un fallecido y aumenta a 39 los hospitalizados.\u00bb \u2014 \u25b7 Noticias de Casanare : Martha Cifuentes | Casanare\" src=\"https:\/\/marthacifuentes.com\/portada\/2020\/08\/10\/casanare-supera-450-casos-covid-19-suma-un-fallecido-y-aumenta-a-39-los-hospitalizados\/embed\/#?secret=OwgSVcJ8Ms\" width=\"600\" height=\"574\" frameborder=\"0\" marginwidth=\"0\" marginheight=\"0\" scrolling=\"no\" sandbox=\"allow-scripts\" data-secret=\"OwgSVcJ8Ms\" data-mce-fragment=\"1\"><\/iframe><\/p>\n<p><iframe loading=\"lazy\" class=\"wp-embedded-content\" title=\"\u00ab15 d\u00edas se est\u00e1n demorando resultados de pruebas Covid-19 a afiliados de Capresoca en Casanare\u00bb \u2014 \u25b7 Noticias de Casanare : Martha Cifuentes | Casanare\" src=\"https:\/\/marthacifuentes.com\/portada\/2020\/08\/07\/15-dias-se-estan-demorando-resultados-de-pruebas-covid-19-a-afiliados-de-capresoca-en-casanare\/embed\/#?secret=tyJFecPBdK\" width=\"600\" height=\"574\" frameborder=\"0\" marginwidth=\"0\" marginheight=\"0\" scrolling=\"no\" sandbox=\"allow-scripts\" data-secret=\"tyJFecPBdK\" data-mce-fragment=\"1\"><\/iframe><\/p>\n<p><iframe loading=\"lazy\" class=\"wp-embedded-content\" title=\"\u00abEn agosto Casanare ya suma 109 casos Covid-19. El acumulado alcanza 414 infectados.\u00bb \u2014 \u25b7 Noticias de Casanare : Martha Cifuentes | Casanare\" src=\"https:\/\/marthacifuentes.com\/portada\/2020\/08\/07\/en-agosto-casanare-ya-suma-109-casos-covid-19-el-acumulado-alcanza-414-infectados\/embed\/#?secret=GFD1RSknnr\" width=\"600\" height=\"567\" frameborder=\"0\" marginwidth=\"0\" marginheight=\"0\" scrolling=\"no\" sandbox=\"allow-scripts\" data-secret=\"GFD1RSknnr\" data-mce-fragment=\"1\"><\/iframe><\/p>\n<p><iframe loading=\"lazy\" class=\"wp-embedded-content\" title=\"\u00abInscripciones para capacitarse en el Sena \u2013 Casanare, hasta el 9 de agosto\u00bb \u2014 \u25b7 Noticias de Casanare : Martha Cifuentes | Casanare\" src=\"https:\/\/marthacifuentes.com\/portada\/2020\/08\/06\/inscripciones-para-capacitarse-en-el-sena-casanare-hasta-el-9-de-agosto\/embed\/#?secret=fyLaj6Kw91\" width=\"600\" height=\"567\" frameborder=\"0\" marginwidth=\"0\" marginheight=\"0\" scrolling=\"no\" sandbox=\"allow-scripts\" data-secret=\"fyLaj6Kw91\" data-mce-fragment=\"1\"><\/iframe><\/p>\n<p><iframe loading=\"lazy\" class=\"wp-embedded-content\" title=\"\u00abLey seca en Yopal por puente festivo del 7 de agosto\u00bb \u2014 \u25b7 Noticias de Casanare : Martha Cifuentes | Casanare\" src=\"https:\/\/marthacifuentes.com\/portada\/2020\/08\/06\/ley-seca-en-yopal-por-puente-festivo-del-7-de-agosto\/embed\/#?secret=o69jbgjyFm\" width=\"600\" height=\"546\" frameborder=\"0\" marginwidth=\"0\" marginheight=\"0\" scrolling=\"no\" sandbox=\"allow-scripts\" data-secret=\"o69jbgjyFm\" data-mce-fragment=\"1\"><\/iframe><\/p>\n<p><iframe loading=\"lazy\" class=\"wp-embedded-content\" title=\"\u00abCasanare, de 389 casos Covid-19 confirmados: 23 se reportaron ayer y suben los hospitalizados\u00bb \u2014 \u25b7 Noticias de Casanare : Martha Cifuentes | Casanare\" src=\"https:\/\/marthacifuentes.com\/portada\/2020\/08\/06\/casanare-de-389-casos-covid-19-confirmados-23-se-reportaron-ayer-y-suben-los-hospitalizados\/embed\/#?secret=6Dq9CUkmto\" width=\"600\" height=\"574\" frameborder=\"0\" marginwidth=\"0\" marginheight=\"0\" scrolling=\"no\" sandbox=\"allow-scripts\" data-secret=\"6Dq9CUkmto\" data-mce-fragment=\"1\"><\/iframe><\/p>\n<p><iframe loading=\"lazy\" class=\"wp-embedded-content\" title=\"\u00abAlbergue transitorio para venezolanos se crear\u00e1 en Yopal\u00bb \u2014 \u25b7 Noticias de Casanare : Martha Cifuentes | Casanare\" src=\"https:\/\/marthacifuentes.com\/portada\/2020\/08\/05\/albergue-transitorio-para-venezolanos-se-creara-en-yopal\/embed\/#?secret=oNUeava7Ax\" width=\"600\" height=\"567\" frameborder=\"0\" marginwidth=\"0\" marginheight=\"0\" scrolling=\"no\" sandbox=\"allow-scripts\" data-secret=\"oNUeava7Ax\" data-mce-fragment=\"1\"><\/iframe><\/p>\n<p><iframe loading=\"lazy\" class=\"wp-embedded-content\" title=\"\u00ab2 adultos mayores y un hombre de 33 a\u00f1os, los nuevos fallecidos con Covid-19 en Casanare\u00bb \u2014 \u25b7 Noticias de Casanare : Martha Cifuentes | Casanare\" src=\"https:\/\/marthacifuentes.com\/portada\/2020\/08\/04\/2-adultos-mayores-y-un-hombre-de-33-anos-los-nuevos-fallecidos-con-covid-19-en-casanare\/embed\/#?secret=z4ZUUhjAW6\" width=\"600\" height=\"594\" frameborder=\"0\" marginwidth=\"0\" marginheight=\"0\" scrolling=\"no\" sandbox=\"allow-scripts\" data-secret=\"z4ZUUhjAW6\" data-mce-fragment=\"1\"><\/iframe><\/p>\n<p><iframe loading=\"lazy\" class=\"wp-embedded-content\" title=\"\u00ab15 casos Covid-19 m\u00e1s. Casanare llega a 366 infectados. 33 pacientes hospitalizados y un fallecido m\u00e1s\u00bb \u2014 \u25b7 Noticias de Casanare : Martha Cifuentes | Casanare\" src=\"https:\/\/marthacifuentes.com\/portada\/2020\/08\/05\/15-casos-covid-19-mas-casanare-llega-a-366-infectados-33-pacientes-hospitalizados-y-un-fallecido-mas\/embed\/#?secret=nTsOcWW2d2\" width=\"600\" height=\"595\" frameborder=\"0\" marginwidth=\"0\" marginheight=\"0\" scrolling=\"no\" sandbox=\"allow-scripts\" data-secret=\"nTsOcWW2d2\" data-mce-fragment=\"1\"><\/iframe><\/p>\n<p><iframe loading=\"lazy\" class=\"wp-embedded-content\" title=\"\u00ab\u00c1lvaro Uribe a prisi\u00f3n domiciliaria por presunto soborno a testigos y fraude procesal\u00bb \u2014 \u25b7 Noticias de Casanare : Martha Cifuentes | Casanare\" src=\"https:\/\/marthacifuentes.com\/portada\/2020\/08\/04\/alvaro-uribe-a-prision-domiciliaria-por-presunto-soborno-a-testigos-y-fraude-procesal\/embed\/#?secret=YNWCElTCWT\" width=\"600\" height=\"586\" frameborder=\"0\" marginwidth=\"0\" marginheight=\"0\" scrolling=\"no\" sandbox=\"allow-scripts\" data-secret=\"YNWCElTCWT\" data-mce-fragment=\"1\"><\/iframe><\/p>\n<p><iframe loading=\"lazy\" class=\"wp-embedded-content\" title=\"\u00abCasanare 8 fallecidos, m\u00e1s de 350 casos Covid-19 y Yopal 201 infectados. Solo hay una UCI pedi\u00e1trica disponible.\u00bb \u2014 \u25b7 Noticias de Casanare : Martha Cifuentes | Casanare\" src=\"https:\/\/marthacifuentes.com\/portada\/2020\/08\/04\/casanare-8-fallecidos-mas-de-350-casos-covid-19-y-yopal-201-infectados-solo-hay-una-uci-pediatrica-disponible\/embed\/#?secret=kS1IJc1PP2\" width=\"600\" height=\"595\" frameborder=\"0\" marginwidth=\"0\" marginheight=\"0\" scrolling=\"no\" sandbox=\"allow-scripts\" data-secret=\"kS1IJc1PP2\" data-mce-fragment=\"1\"><\/iframe><\/p>\n<p><iframe loading=\"lazy\" class=\"wp-embedded-content\" title=\"\u00abCasanare pas\u00f3 de 17 a 30 hospitalizados por Covid-19 en un d\u00eda. Ya son 328 los contagios.\u00bb \u2014 \u25b7 Noticias de Casanare : Martha Cifuentes | Casanare\" src=\"https:\/\/marthacifuentes.com\/portada\/2020\/08\/02\/casanare-paso-de-17-a-30-hospitalizados-por-covid-19-en-un-dia-ya-son-328-los-contagios\/embed\/#?secret=qC3ZvEC28P\" width=\"600\" height=\"554\" frameborder=\"0\" marginwidth=\"0\" marginheight=\"0\" scrolling=\"no\" sandbox=\"allow-scripts\" data-secret=\"qC3ZvEC28P\" data-mce-fragment=\"1\"><\/iframe><\/p>\n<p><iframe loading=\"lazy\" class=\"wp-embedded-content\" title=\"\u00abYopal 175 contagiados Covid-19 y Casanare 315. Hoy 9 nuevos casos. Solo hay 2 UCI pedi\u00e1tricas disponibles\u00bb \u2014 \u25b7 Noticias de Casanare : Martha Cifuentes | Casanare\" src=\"https:\/\/marthacifuentes.com\/portada\/2020\/08\/02\/yopal-175-contagiados-covid-19-y-casanare-315-hoy-9-nuevos-casos-solo-hay-2-uci-pediatricas-disponibles\/embed\/#?secret=zBEmOxRrfy\" width=\"600\" height=\"561\" frameborder=\"0\" marginwidth=\"0\" marginheight=\"0\" scrolling=\"no\" sandbox=\"allow-scripts\" data-secret=\"zBEmOxRrfy\" data-mce-fragment=\"1\"><\/iframe><\/p>\n<p><iframe loading=\"lazy\" class=\"wp-embedded-content\" title=\"\u00abMujer de Villanueva, quinta v\u00edctima mortal de Covid-19 en Casanare\u00bb \u2014 \u25b7 Noticias de Casanare : Martha Cifuentes | Casanare\" src=\"https:\/\/marthacifuentes.com\/portada\/2020\/08\/01\/mujer-de-villanueva-quinta-victima-mortal-de-covid-19-en-casanare\/embed\/#?secret=D9Sh4GCKSo\" width=\"600\" height=\"556\" frameborder=\"0\" marginwidth=\"0\" marginheight=\"0\" scrolling=\"no\" sandbox=\"allow-scripts\" data-secret=\"D9Sh4GCKSo\" data-mce-fragment=\"1\"><\/iframe><\/p>\n<p><iframe loading=\"lazy\" class=\"wp-embedded-content\" title=\"\u00abMinvivienda solicit\u00f3 a Procuradur\u00eda vigilar proyecto de sistema de abastecimiento de agua de Yopal\u00bb \u2014 \u25b7 Noticias de Casanare : Martha Cifuentes | Casanare\" src=\"https:\/\/marthacifuentes.com\/portada\/2020\/08\/01\/minvivienda-solicito-a-procuraduria-vigilar-proyecto-de-sistema-de-abastecimiento-de-agua-de-yopal\/embed\/#?secret=tjwzurdYz2\" width=\"600\" height=\"595\" frameborder=\"0\" marginwidth=\"0\" marginheight=\"0\" scrolling=\"no\" sandbox=\"allow-scripts\" data-secret=\"tjwzurdYz2\" data-mce-fragment=\"1\"><\/iframe><\/p>\n<p><iframe loading=\"lazy\" class=\"wp-embedded-content\" title=\"\u00abPol\u00e9mica por campa\u00f1a de la Alcald\u00eda que us\u00f3 ata\u00fades en calles de Yopal para sensibilizar a la gente sobre la Covid-19\u00bb \u2014 \u25b7 Noticias de Casanare : Martha Cifuentes | Casanare\" src=\"https:\/\/marthacifuentes.com\/portada\/2020\/08\/01\/polemica-por-campana-de-la-alcaldia-que-uso-ataudes-en-calles-de-yopal-para-sensibilizar-a-la-gente-sobre-la-covid-19\/embed\/#?secret=p51z1RpPkp\" width=\"600\" height=\"595\" frameborder=\"0\" marginwidth=\"0\" marginheight=\"0\" scrolling=\"no\" sandbox=\"allow-scripts\" data-secret=\"p51z1RpPkp\" data-mce-fragment=\"1\"><\/iframe><\/p>\n<p><iframe loading=\"lazy\" class=\"wp-embedded-content\" title=\"\u00abEstudiantes de Casanare no volver\u00e1n a clases presenciales en agosto. Colegios no son aptos.\u00bb \u2014 \u25b7 Noticias de Casanare : Martha Cifuentes | Casanare\" src=\"https:\/\/marthacifuentes.com\/portada\/2020\/08\/01\/estudiantes-de-casanare-no-volveran-a-clases-presenciales-en-agosto-colegios-no-son-aptos\/embed\/#?secret=jGSuyndzFU\" width=\"600\" height=\"595\" frameborder=\"0\" marginwidth=\"0\" marginheight=\"0\" scrolling=\"no\" sandbox=\"allow-scripts\" data-secret=\"jGSuyndzFU\" data-mce-fragment=\"1\"><\/iframe><\/p>\n<p><iframe loading=\"lazy\" class=\"wp-embedded-content\" title=\"\u00abEn julio Casanare casi cuadruplic\u00f3 casos Covid-19 de los primeros 4 meses de pandemia\u00bb \u2014 \u25b7 Noticias de Casanare : Martha Cifuentes | Casanare\" src=\"https:\/\/marthacifuentes.com\/portada\/2020\/07\/31\/en-julio-casanare-casi-cuadruplico-casos-covid-19-de-los-primeros-4-meses-de-pandemia\/embed\/#?secret=GcFiUp7IUu\" width=\"600\" height=\"595\" frameborder=\"0\" marginwidth=\"0\" marginheight=\"0\" scrolling=\"no\" sandbox=\"allow-scripts\" data-secret=\"GcFiUp7IUu\" data-mce-fragment=\"1\"><\/iframe><\/p>\n<p><iframe loading=\"lazy\" class=\"wp-embedded-content\" title=\"\u00abCovid-19 lleg\u00f3 a Trinidad. Con 21 casos m\u00e1s reportados Casanare bordea 300 contagiados\u00bb \u2014 \u25b7 Noticias de Casanare : Martha Cifuentes | Casanare\" src=\"https:\/\/marthacifuentes.com\/portada\/2020\/07\/31\/covid-19-llego-a-trinidad-con-21-casos-mas-reportados-casanare-bordea-300-contagiados\/embed\/#?secret=0G7nYhgR4w\" width=\"600\" height=\"533\" frameborder=\"0\" marginwidth=\"0\" marginheight=\"0\" scrolling=\"no\" sandbox=\"allow-scripts\" data-secret=\"0G7nYhgR4w\" data-mce-fragment=\"1\"><\/iframe><\/p>\n<p><iframe loading=\"lazy\" class=\"wp-embedded-content\" title=\"\u00abPor desorden, ri\u00f1as y violar protocolos de bioseguridad cerrados expendios de licor en la Central de Abastos de Yopal\u00bb \u2014 \u25b7 Noticias de Casanare : Martha Cifuentes | Casanare\" src=\"https:\/\/marthacifuentes.com\/portada\/2020\/07\/30\/por-desorden-rinas-y-violar-protocolos-de-bioseguridad-cerrados-expendios-de-licor-en-la-central-de-abastos-de-yopal\/embed\/#?secret=IwF1hpEVYB\" width=\"600\" height=\"574\" frameborder=\"0\" marginwidth=\"0\" marginheight=\"0\" scrolling=\"no\" sandbox=\"allow-scripts\" data-secret=\"IwF1hpEVYB\" data-mce-fragment=\"1\"><\/iframe><\/p>\n<p><iframe loading=\"lazy\" class=\"wp-embedded-content\" title=\"\u00abBarrios de Yopal se quedaron sin agua por quema de tuber\u00eda del acueducto en cercan\u00edas de La Decisi\u00f3n\u00bb \u2014 \u25b7 Noticias de Casanare : Martha Cifuentes | Casanare\" src=\"https:\/\/marthacifuentes.com\/portada\/2020\/07\/30\/barrios-de-yopal-se-quedaron-sin-agua-por-quema-de-tuberia-del-acueducto-en-cercanias-de-la-decision\/embed\/#?secret=vgIwTkceHc\" width=\"600\" height=\"588\" frameborder=\"0\" marginwidth=\"0\" marginheight=\"0\" scrolling=\"no\" sandbox=\"allow-scripts\" data-secret=\"vgIwTkceHc\" data-mce-fragment=\"1\"><\/iframe><\/p>\n<p><iframe loading=\"lazy\" class=\"wp-embedded-content\" title=\"\u00abConsejo de Estado acelera recaudo de pruebas en proceso de nulidad de elecci\u00f3n de directora de Corporinoquia\u00bb \u2014 \u25b7 Noticias de Casanare : Martha Cifuentes | Casanare\" src=\"https:\/\/marthacifuentes.com\/portada\/2020\/07\/30\/consejo-de-estado-acelera-recaudo-de-pruebas-en-proceso-de-nulidad-de-eleccion-de-directora-de-corporinoquia\/embed\/#?secret=0ivYiN9Bvm\" width=\"600\" height=\"586\" frameborder=\"0\" marginwidth=\"0\" marginheight=\"0\" scrolling=\"no\" sandbox=\"allow-scripts\" data-secret=\"0ivYiN9Bvm\" data-mce-fragment=\"1\"><\/iframe><\/p>\n<p><iframe loading=\"lazy\" class=\"wp-embedded-content\" title=\"\u00abCasanare reporta hoy 9 casos Covid-19 y acumula a 277 contagios. Yopal lleg\u00f3 a 155 y Tauramena a 37.\u00bb \u2014 \u25b7 Noticias de Casanare : Martha Cifuentes | Casanare\" src=\"https:\/\/marthacifuentes.com\/portada\/2020\/07\/29\/casanare-reporta-hoy-9-casos-covid-19-y-acumula-a-277-contagios-yopal-llego-a-155-y-tauramena-a-37\/embed\/#?secret=LLSZP9As7q\" width=\"600\" height=\"582\" frameborder=\"0\" marginwidth=\"0\" marginheight=\"0\" scrolling=\"no\" sandbox=\"allow-scripts\" data-secret=\"LLSZP9As7q\" data-mce-fragment=\"1\"><\/iframe><\/p>\n<p><iframe loading=\"lazy\" class=\"wp-embedded-content\" title=\"\u00abMagistrada que llevar\u00e1 proceso contra el gobernador de Casanare es la misma que descubri\u00f3 fraude electoral contra el MIRA\u00bb \u2014 \u25b7 Noticias de Casanare : Martha Cifuentes | Casanare\" src=\"https:\/\/marthacifuentes.com\/portada\/2020\/07\/29\/magistrada-que-llevara-proceso-contra-el-gobernador-de-casanare-es-la-misma-que-descubrio-fraude-electoral-contra-el-mira\/embed\/#?secret=3XsZn1LpSr\" width=\"600\" height=\"595\" frameborder=\"0\" marginwidth=\"0\" marginheight=\"0\" scrolling=\"no\" sandbox=\"allow-scripts\" data-secret=\"3XsZn1LpSr\" data-mce-fragment=\"1\"><\/iframe><\/p>\n<\/div>\n<\/article>\n<\/div>\n","protected":false},"excerpt":{"rendered":"<p>\u201cMi hermano Jos\u00e9 Valero Valero no era una persona problem\u00e1tica ni un violador como est\u00e1n diciendo en las redes. Era solo un campesino indefenso, que trabajaba en fincas\u201d, afirma con dolor Blanca Nelly Valero Ramos, en relaci\u00f3n al hombre decapitado hallado en el parque Divino Ni\u00f1o, de esa poblaci\u00f3n. La humilde mujer expres\u00f3 al canal &hellip;<\/p>\n","protected":false},"author":2,"featured_media":24682,"comment_status":"open","ping_status":"open","sticky":false,"template":"","format":"standard","meta":{"om_disable_all_campaigns":false,"_exactmetrics_skip_tracking":false,"_exactmetrics_sitenote_active":false,"_exactmetrics_sitenote_note":"","_exactmetrics_sitenote_category":0,"_monsterinsights_skip_tracking":false,"_monsterinsights_sitenote_active":false,"_monsterinsights_sitenote_note":"","_monsterinsights_sitenote_category":0,"_uf_show_specific_survey":0,"_uf_disable_surveys":false,"_joinchat":[],"footnotes":""},"categories":[147,146,145],"tags":[5022,1372,5021],"class_list":["post-24708","post","type-post","status-publish","format-standard","has-post-thumbnail","hentry","category-actualidad","category-noticias","category-reportajes","tag-decapitado-campesino-en-monterrey-casanare","tag-noticias-de-casanare","tag-noticias-monterrey-casanare"],"yoast_head":"<!-- This site is optimized with the Yoast SEO plugin v26.1 - https:\/\/yoast.com\/wordpress\/plugins\/seo\/ -->\n<title>\u201cJos\u00e9 Valero solo era un campesino indefenso\u201d: hermana de hombre decapitado en Monterrey - \u25b7 Noticias de Casanare : Martha Cifuentes | Casanare<\/title>\n<meta name=\"robots\" content=\"index, follow, max-snippet:-1, max-image-preview:large, max-video-preview:-1\" \/>\n<link rel=\"canonical\" href=\"https:\/\/marthacifuentes.com\/portada\/jose-valero-solo-era-un-campesino-indefenso-hermana-de-hombre-decapitado-en-monterrey\/\" \/>\n<meta property=\"og:locale\" content=\"es_ES\" \/>\n<meta property=\"og:type\" content=\"article\" \/>\n<meta property=\"og:title\" content=\"\u201cJos\u00e9 Valero solo era un campesino indefenso\u201d: hermana de hombre decapitado en Monterrey - \u25b7 Noticias de Casanare : Martha Cifuentes | Casanare\" \/>\n<meta property=\"og:description\" content=\"\u201cMi hermano Jos\u00e9 Valero Valero no era una persona problem\u00e1tica ni un violador como est\u00e1n diciendo en las redes. Era solo un campesino indefenso, que trabajaba en fincas\u201d, afirma con dolor Blanca Nelly Valero Ramos, en relaci\u00f3n al hombre decapitado hallado en el parque Divino Ni\u00f1o, de esa poblaci\u00f3n. La humilde mujer expres\u00f3 al canal &hellip;\" \/>\n<meta property=\"og:url\" content=\"https:\/\/marthacifuentes.com\/portada\/jose-valero-solo-era-un-campesino-indefenso-hermana-de-hombre-decapitado-en-monterrey\/\" \/>\n<meta property=\"og:site_name\" content=\"\u25b7 Noticias de Casanare : Martha Cifuentes | Casanare\" \/>\n<meta property=\"article:published_time\" content=\"2020-08-26T12:22:27+00:00\" \/>\n<meta property=\"og:image\" content=\"https:\/\/marthacifuentes.com\/portada\/wp-content\/uploads\/2020\/08\/discusion-alcalde-de-monterrey-y-tuitero.jpg\" \/>\n\t<meta property=\"og:image:width\" content=\"600\" \/>\n\t<meta property=\"og:image:height\" content=\"354\" \/>\n\t<meta property=\"og:image:type\" content=\"image\/jpeg\" \/>\n<meta name=\"author\" content=\"Martha Cifuentes\" \/>\n<meta name=\"twitter:card\" content=\"summary_large_image\" \/>\n<meta name=\"twitter:label1\" content=\"Escrito por\" \/>\n\t<meta name=\"twitter:data1\" content=\"Martha Cifuentes\" \/>\n\t<meta name=\"twitter:label2\" content=\"Tiempo de lectura\" \/>\n\t<meta name=\"twitter:data2\" content=\"2 minutos\" \/>\n<script type=\"application\/ld+json\" class=\"yoast-schema-graph\">{\"@context\":\"https:\/\/schema.org\",\"@graph\":[{\"@type\":\"WebPage\",\"@id\":\"https:\/\/marthacifuentes.com\/portada\/jose-valero-solo-era-un-campesino-indefenso-hermana-de-hombre-decapitado-en-monterrey\/\",\"url\":\"https:\/\/marthacifuentes.com\/portada\/jose-valero-solo-era-un-campesino-indefenso-hermana-de-hombre-decapitado-en-monterrey\/\",\"name\":\"\u201cJos\u00e9 Valero solo era un campesino indefenso\u201d: hermana de hombre decapitado en Monterrey - \u25b7 Noticias de Casanare : Martha Cifuentes | Casanare\",\"isPartOf\":{\"@id\":\"https:\/\/marthacifuentes.com\/portada\/#website\"},\"primaryImageOfPage\":{\"@id\":\"https:\/\/marthacifuentes.com\/portada\/jose-valero-solo-era-un-campesino-indefenso-hermana-de-hombre-decapitado-en-monterrey\/#primaryimage\"},\"image\":{\"@id\":\"https:\/\/marthacifuentes.com\/portada\/jose-valero-solo-era-un-campesino-indefenso-hermana-de-hombre-decapitado-en-monterrey\/#primaryimage\"},\"thumbnailUrl\":\"https:\/\/marthacifuentes.com\/portada\/wp-content\/uploads\/2020\/08\/discusion-alcalde-de-monterrey-y-tuitero.jpg\",\"datePublished\":\"2020-08-26T12:22:27+00:00\",\"author\":{\"@id\":\"https:\/\/marthacifuentes.com\/portada\/#\/schema\/person\/57f53174b991db5f90ff78d58502b714\"},\"breadcrumb\":{\"@id\":\"https:\/\/marthacifuentes.com\/portada\/jose-valero-solo-era-un-campesino-indefenso-hermana-de-hombre-decapitado-en-monterrey\/#breadcrumb\"},\"inLanguage\":\"es\",\"potentialAction\":[{\"@type\":\"ReadAction\",\"target\":[\"https:\/\/marthacifuentes.com\/portada\/jose-valero-solo-era-un-campesino-indefenso-hermana-de-hombre-decapitado-en-monterrey\/\"]}]},{\"@type\":\"ImageObject\",\"inLanguage\":\"es\",\"@id\":\"https:\/\/marthacifuentes.com\/portada\/jose-valero-solo-era-un-campesino-indefenso-hermana-de-hombre-decapitado-en-monterrey\/#primaryimage\",\"url\":\"https:\/\/marthacifuentes.com\/portada\/wp-content\/uploads\/2020\/08\/discusion-alcalde-de-monterrey-y-tuitero.jpg\",\"contentUrl\":\"https:\/\/marthacifuentes.com\/portada\/wp-content\/uploads\/2020\/08\/discusion-alcalde-de-monterrey-y-tuitero.jpg\",\"width\":600,\"height\":354},{\"@type\":\"BreadcrumbList\",\"@id\":\"https:\/\/marthacifuentes.com\/portada\/jose-valero-solo-era-un-campesino-indefenso-hermana-de-hombre-decapitado-en-monterrey\/#breadcrumb\",\"itemListElement\":[{\"@type\":\"ListItem\",\"position\":1,\"name\":\"Portada\",\"item\":\"https:\/\/marthacifuentes.com\/portada\/\"},{\"@type\":\"ListItem\",\"position\":2,\"name\":\"\u201cJos\u00e9 Valero solo era un campesino indefenso\u201d: hermana de hombre decapitado en Monterrey\"}]},{\"@type\":\"WebSite\",\"@id\":\"https:\/\/marthacifuentes.com\/portada\/#website\",\"url\":\"https:\/\/marthacifuentes.com\/portada\/\",\"name\":\"\u25b7 Noticias de Casanare : Martha Cifuentes | Casanare\",\"description\":\"Noticias &amp; Contenidos\",\"potentialAction\":[{\"@type\":\"SearchAction\",\"target\":{\"@type\":\"EntryPoint\",\"urlTemplate\":\"https:\/\/marthacifuentes.com\/portada\/?s={search_term_string}\"},\"query-input\":{\"@type\":\"PropertyValueSpecification\",\"valueRequired\":true,\"valueName\":\"search_term_string\"}}],\"inLanguage\":\"es\"},{\"@type\":\"Person\",\"@id\":\"https:\/\/marthacifuentes.com\/portada\/#\/schema\/person\/57f53174b991db5f90ff78d58502b714\",\"name\":\"Martha Cifuentes\",\"image\":{\"@type\":\"ImageObject\",\"inLanguage\":\"es\",\"@id\":\"https:\/\/marthacifuentes.com\/portada\/#\/schema\/person\/image\/\",\"url\":\"http:\/\/marthacifuentes.com\/portada\/wp-content\/uploads\/2018\/06\/avatar_user_2_1528838701-96x96.jpg\",\"contentUrl\":\"http:\/\/marthacifuentes.com\/portada\/wp-content\/uploads\/2018\/06\/avatar_user_2_1528838701-96x96.jpg\",\"caption\":\"Martha Cifuentes\"},\"sameAs\":[\"http:\/\/www.marthacifuentes.com\"],\"url\":\"https:\/\/marthacifuentes.com\/portada\/author\/martha\/\"}]}<\/script>\n<!-- \/ Yoast SEO plugin. -->","yoast_head_json":{"title":"\u201cJos\u00e9 Valero solo era un campesino indefenso\u201d: hermana de hombre decapitado en Monterrey - \u25b7 Noticias de Casanare : Martha Cifuentes | Casanare","robots":{"index":"index","follow":"follow","max-snippet":"max-snippet:-1","max-image-preview":"max-image-preview:large","max-video-preview":"max-video-preview:-1"},"canonical":"https:\/\/marthacifuentes.com\/portada\/jose-valero-solo-era-un-campesino-indefenso-hermana-de-hombre-decapitado-en-monterrey\/","og_locale":"es_ES","og_type":"article","og_title":"\u201cJos\u00e9 Valero solo era un campesino indefenso\u201d: hermana de hombre decapitado en Monterrey - \u25b7 Noticias de Casanare : Martha Cifuentes | Casanare","og_description":"\u201cMi hermano Jos\u00e9 Valero Valero no era una persona problem\u00e1tica ni un violador como est\u00e1n diciendo en las redes. Era solo un campesino indefenso, que trabajaba en fincas\u201d, afirma con dolor Blanca Nelly Valero Ramos, en relaci\u00f3n al hombre decapitado hallado en el parque Divino Ni\u00f1o, de esa poblaci\u00f3n. La humilde mujer expres\u00f3 al canal &hellip;","og_url":"https:\/\/marthacifuentes.com\/portada\/jose-valero-solo-era-un-campesino-indefenso-hermana-de-hombre-decapitado-en-monterrey\/","og_site_name":"\u25b7 Noticias de Casanare : Martha Cifuentes | Casanare","article_published_time":"2020-08-26T12:22:27+00:00","og_image":[{"width":600,"height":354,"url":"https:\/\/marthacifuentes.com\/portada\/wp-content\/uploads\/2020\/08\/discusion-alcalde-de-monterrey-y-tuitero.jpg","type":"image\/jpeg"}],"author":"Martha Cifuentes","twitter_card":"summary_large_image","twitter_misc":{"Escrito por":"Martha Cifuentes","Tiempo de lectura":"2 minutos"},"schema":{"@context":"https:\/\/schema.org","@graph":[{"@type":"WebPage","@id":"https:\/\/marthacifuentes.com\/portada\/jose-valero-solo-era-un-campesino-indefenso-hermana-de-hombre-decapitado-en-monterrey\/","url":"https:\/\/marthacifuentes.com\/portada\/jose-valero-solo-era-un-campesino-indefenso-hermana-de-hombre-decapitado-en-monterrey\/","name":"\u201cJos\u00e9 Valero solo era un campesino indefenso\u201d: hermana de hombre decapitado en Monterrey - \u25b7 Noticias de Casanare : Martha Cifuentes | Casanare","isPartOf":{"@id":"https:\/\/marthacifuentes.com\/portada\/#website"},"primaryImageOfPage":{"@id":"https:\/\/marthacifuentes.com\/portada\/jose-valero-solo-era-un-campesino-indefenso-hermana-de-hombre-decapitado-en-monterrey\/#primaryimage"},"image":{"@id":"https:\/\/marthacifuentes.com\/portada\/jose-valero-solo-era-un-campesino-indefenso-hermana-de-hombre-decapitado-en-monterrey\/#primaryimage"},"thumbnailUrl":"https:\/\/marthacifuentes.com\/portada\/wp-content\/uploads\/2020\/08\/discusion-alcalde-de-monterrey-y-tuitero.jpg","datePublished":"2020-08-26T12:22:27+00:00","author":{"@id":"https:\/\/marthacifuentes.com\/portada\/#\/schema\/person\/57f53174b991db5f90ff78d58502b714"},"breadcrumb":{"@id":"https:\/\/marthacifuentes.com\/portada\/jose-valero-solo-era-un-campesino-indefenso-hermana-de-hombre-decapitado-en-monterrey\/#breadcrumb"},"inLanguage":"es","potentialAction":[{"@type":"ReadAction","target":["https:\/\/marthacifuentes.com\/portada\/jose-valero-solo-era-un-campesino-indefenso-hermana-de-hombre-decapitado-en-monterrey\/"]}]},{"@type":"ImageObject","inLanguage":"es","@id":"https:\/\/marthacifuentes.com\/portada\/jose-valero-solo-era-un-campesino-indefenso-hermana-de-hombre-decapitado-en-monterrey\/#primaryimage","url":"https:\/\/marthacifuentes.com\/portada\/wp-content\/uploads\/2020\/08\/discusion-alcalde-de-monterrey-y-tuitero.jpg","contentUrl":"https:\/\/marthacifuentes.com\/portada\/wp-content\/uploads\/2020\/08\/discusion-alcalde-de-monterrey-y-tuitero.jpg","width":600,"height":354},{"@type":"BreadcrumbList","@id":"https:\/\/marthacifuentes.com\/portada\/jose-valero-solo-era-un-campesino-indefenso-hermana-de-hombre-decapitado-en-monterrey\/#breadcrumb","itemListElement":[{"@type":"ListItem","position":1,"name":"Portada","item":"https:\/\/marthacifuentes.com\/portada\/"},{"@type":"ListItem","position":2,"name":"\u201cJos\u00e9 Valero solo era un campesino indefenso\u201d: hermana de hombre decapitado en Monterrey"}]},{"@type":"WebSite","@id":"https:\/\/marthacifuentes.com\/portada\/#website","url":"https:\/\/marthacifuentes.com\/portada\/","name":"\u25b7 Noticias de Casanare : Martha Cifuentes | Casanare","description":"Noticias &amp; Contenidos","potentialAction":[{"@type":"SearchAction","target":{"@type":"EntryPoint","urlTemplate":"https:\/\/marthacifuentes.com\/portada\/?s={search_term_string}"},"query-input":{"@type":"PropertyValueSpecification","valueRequired":true,"valueName":"search_term_string"}}],"inLanguage":"es"},{"@type":"Person","@id":"https:\/\/marthacifuentes.com\/portada\/#\/schema\/person\/57f53174b991db5f90ff78d58502b714","name":"Martha Cifuentes","image":{"@type":"ImageObject","inLanguage":"es","@id":"https:\/\/marthacifuentes.com\/portada\/#\/schema\/person\/image\/","url":"http:\/\/marthacifuentes.com\/portada\/wp-content\/uploads\/2018\/06\/avatar_user_2_1528838701-96x96.jpg","contentUrl":"http:\/\/marthacifuentes.com\/portada\/wp-content\/uploads\/2018\/06\/avatar_user_2_1528838701-96x96.jpg","caption":"Martha Cifuentes"},"sameAs":["http:\/\/www.marthacifuentes.com"],"url":"https:\/\/marthacifuentes.com\/portada\/author\/martha\/"}]}},"_links":{"self":[{"href":"https:\/\/marthacifuentes.com\/portada\/wp-json\/wp\/v2\/posts\/24708","targetHints":{"allow":["GET"]}}],"collection":[{"href":"https:\/\/marthacifuentes.com\/portada\/wp-json\/wp\/v2\/posts"}],"about":[{"href":"https:\/\/marthacifuentes.com\/portada\/wp-json\/wp\/v2\/types\/post"}],"author":[{"embeddable":true,"href":"https:\/\/marthacifuentes.com\/portada\/wp-json\/wp\/v2\/users\/2"}],"replies":[{"embeddable":true,"href":"https:\/\/marthacifuentes.com\/portada\/wp-json\/wp\/v2\/comments?post=24708"}],"version-history":[{"count":0,"href":"https:\/\/marthacifuentes.com\/portada\/wp-json\/wp\/v2\/posts\/24708\/revisions"}],"wp:featuredmedia":[{"embeddable":true,"href":"https:\/\/marthacifuentes.com\/portada\/wp-json\/wp\/v2\/media\/24682"}],"wp:attachment":[{"href":"https:\/\/marthacifuentes.com\/portada\/wp-json\/wp\/v2\/media?parent=24708"}],"wp:term":[{"taxonomy":"category","embeddable":true,"href":"https:\/\/marthacifuentes.com\/portada\/wp-json\/wp\/v2\/categories?post=24708"},{"taxonomy":"post_tag","embeddable":true,"href":"https:\/\/marthacifuentes.com\/portada\/wp-json\/wp\/v2\/tags?post=24708"}],"curies":[{"name":"wp","href":"https:\/\/api.w.org\/{rel}","templated":true}]}}