{"id":24768,"date":"2020-08-29T09:58:32","date_gmt":"2020-08-29T14:58:32","guid":{"rendered":"https:\/\/marthacifuentes.com\/portada\/?p=24768"},"modified":"2020-08-29T09:58:32","modified_gmt":"2020-08-29T14:58:32","slug":"casanare-con-2-muertes-mas-con-covid-19-aumenta-a-23-los-fallecidos","status":"publish","type":"post","link":"https:\/\/marthacifuentes.com\/portada\/casanare-con-2-muertes-mas-con-covid-19-aumenta-a-23-los-fallecidos\/","title":{"rendered":"Casanare con 2 muertes m\u00e1s con Covid-19, aumenta a 23 los fallecidos."},"content":{"rendered":"<p style=\"text-align: justify;\"><strong>Casanare report\u00f3 ayer 31 nuevos casos Covid-19 y 2 nuevos fallecimientos de personas positivas para el nuevo coronavirus. Ya se acumulan 986 contagios en el departamento y 23 fallecidos.<\/strong><\/p>\n<p style=\"text-align: justify;\">De los 986 casos acumulados a la fecha de 28 de agosto, 611 son pacientes recuperados, 297 con aislamiento obligatorio en casa, 55 con atenci\u00f3n m\u00e9dica en hospitalizaci\u00f3n y 23 muertes confirmadas para Covid-19.<\/p>\n<p style=\"text-align: justify;\">El Instituto Nacional de Salud (INS) notific\u00f3 para dos nuevas muertes, las cuales corresponden a una mujer de 85 a\u00f1os (Caso 873) y un hombre de 77 a\u00f1os, de Paz de Ariporo (Caso 956).<\/p>\n<p style=\"text-align: justify;\">Nuevos casos notificados por municipio: Yopal (22), Aguazul (5), Paz de Ariporo (2), Villanueva (1) y Monterrey (1).<\/p>\n<p style=\"text-align: justify;\">\n<p><strong>Detalle de los nuevos casos:<\/strong><\/p>\n<ul>\n<li>CASO 956 &#8211; Hombre de 77 a\u00f1os, residente en Paz de Ariporo (Fallecido).<\/li>\n<li>CASO 957 &#8211; Hombre de 35 a\u00f1os, residente en Aguazul.<\/li>\n<li>CASO 958 &#8211; Hombre de 44 a\u00f1os, residente en Aguazul<\/li>\n<li>CASO 959 &#8211; Mujer de 31 a\u00f1os, residente en Aguazul.<\/li>\n<li>CASO 960 &#8211; Mujer de14 a\u00f1os, residente en Aguazul.<\/li>\n<li>CASO 961 &#8211; Hombre de 38 a\u00f1os, residente en Yopal.<\/li>\n<li>CASO 962 &#8211; Hombre de 34 a\u00f1os, residente en Yopal.<\/li>\n<li>CASO 963 \u2013 Hombre de 36 a\u00f1os, residente en Yopal.<\/li>\n<li>CASO 964 &#8211; Hombre de 50 a\u00f1os, residente en Yopal.<\/li>\n<li>CASO 965 &#8211; Hombre de 38 a\u00f1os, residente en Yopal.<\/li>\n<li>CASO 966 &#8211; Mujer de 29 a\u00f1os, residente en Villanueva.<\/li>\n<li>CASO 967 &#8211; Hombre de 34 a\u00f1os, residente en Yopal.<\/li>\n<li>CASO 968 &#8211; Mujer de 42 a\u00f1os, residente en Yopal.<\/li>\n<li>CASO 969 &#8211; Mujer de 53 a\u00f1os, residente en Yopal.<\/li>\n<li>CASO 970 &#8211; Mujer de 51 a\u00f1os, residente en Yopal.<\/li>\n<li>CASO 971 &#8211; Hombre de 36 a\u00f1os, residente en Yopal.<\/li>\n<li>CASO 972 &#8211; Mujer de 34 a\u00f1os, residente en Yopal.<\/li>\n<li>CASO 973 &#8211; Mujer de 21 a\u00f1os, residente en Yopal.<\/li>\n<li>CASO 974 &#8211; Mujer de 8 meses, residente en Yopal.<\/li>\n<li>CASO 975 &#8211; Hombre de 43 a\u00f1os, residente en Yopal.<\/li>\n<li>CASO 976 &#8211; Hombre de 64 a\u00f1os, residente en Yopal.<\/li>\n<li>CASO 977 &#8211; Mujer de 50 a\u00f1os, residente en Yopal.<\/li>\n<li>CASO 978 &#8211; Hombre de 26 a\u00f1os, residente en Yopal.<\/li>\n<li>CASO 979 &#8211; Hombre de 24 a\u00f1os, residente en Yopal.<\/li>\n<li>CASO 980 &#8211; Mujer de 29 a\u00f1os, residente en Monterrey.<\/li>\n<li>CASO 981 &#8211; Mujer de 58 a\u00f1os, residente en Yopal.<\/li>\n<li>CASO 982 &#8211;\u00a0 Mujer de 39 a\u00f1os, residente en Aguazul.<\/li>\n<li>CASO 983 &#8211; Hombre de 11 a\u00f1os, residente en Yopal.<\/li>\n<li>CASO 984 &#8211; Hombre de 40 a\u00f1os, residente en Yopal.<\/li>\n<li>CASO 985 &#8211; Hombre de 88 a\u00f1os, residente en Paz de Ariporo<\/li>\n<li>CASO 986 &#8211; Mujer de 54 a\u00f1os, residente en Yopal.<\/li>\n<\/ul>\n<p>&nbsp;<\/p>\n<p><strong>Consolidado de casos en Casanare:<\/strong><\/p>\n<ul>\n<li>Yopal \u2013 592<\/li>\n<li>Aguazul \u2013 101<\/li>\n<li>Villanueva \u2013 95<\/li>\n<li>Tauramena &#8211; 54<\/li>\n<li>Paz de Ariporo &#8211; 47<\/li>\n<li>Pore &#8211; 37<\/li>\n<li>Man\u00ed &#8211; 25<\/li>\n<li>Monterrey &#8211; 21<\/li>\n<li>Hato Corozal &#8211; 6<\/li>\n<li>Trinidad &#8211; 4<\/li>\n<li>Orocu\u00e9 &#8211; 3<\/li>\n<li>San Luis de Palenque &#8211; 1.<\/li>\n<\/ul>\n<p>&nbsp;<\/p>\n<p><strong>Monitoreo Ocupaci\u00f3n 63 Camas UCI:<\/strong><\/p>\n<ul>\n<li>Adultos: 54% de ocupaci\u00f3n y 23 camas disponibles de 50 instaladas.<\/li>\n<li>Neonatal y Pediatr\u00eda: 85% y 2 camas disponibles de 13 instaladas.<\/li>\n<\/ul>\n<p><strong>Muestras tomadas a la fecha: <\/strong>11.104 muestras PCR<\/p>\n<h3>Otras noticias&#8230;<\/h3>\n<blockquote class=\"wp-embedded-content\" data-secret=\"QliDrIhx2U\"><p><a href=\"https:\/\/marthacifuentes.com\/portada\/2020\/08\/29\/jovencito-venezolano-se-habria-suicidado-en-aguazul\/\">Jovencito venezolano se habr\u00eda suicidado en Aguazul<\/a><\/p><\/blockquote>\n<p><iframe loading=\"lazy\" class=\"wp-embedded-content\" sandbox=\"allow-scripts\" security=\"restricted\" style=\"position: absolute; clip: rect(1px, 1px, 1px, 1px);\" title=\"\u00abJovencito venezolano se habr\u00eda suicidado en Aguazul\u00bb \u2014 \u25b7 Noticias de Casanare : Martha Cifuentes | Casanare\" src=\"https:\/\/marthacifuentes.com\/portada\/2020\/08\/29\/jovencito-venezolano-se-habria-suicidado-en-aguazul\/embed\/#?secret=NPjVdrBpx3#?secret=QliDrIhx2U\" data-secret=\"QliDrIhx2U\" width=\"500\" height=\"282\" frameborder=\"0\" marginwidth=\"0\" marginheight=\"0\" scrolling=\"no\"><\/iframe><\/p>\n<p><iframe loading=\"lazy\" class=\"wp-embedded-content\" title=\"\u00abJoven de 14 a\u00f1os ser\u00eda uno de los asesinos de finquero de Hato Corozal. Un robo, el motivo.\u00bb \u2014 \u25b7 Noticias de Casanare : Martha Cifuentes | Casanare\" src=\"https:\/\/marthacifuentes.com\/portada\/2020\/08\/29\/joven-de-14-anos-seria-uno-de-los-asesinos-de-finquero-de-hato-corozal-un-robo-el-motivo\/embed\/#?secret=pYJMEQT8A4\" width=\"600\" height=\"595\" frameborder=\"0\" marginwidth=\"0\" marginheight=\"0\" scrolling=\"no\" sandbox=\"allow-scripts\" data-secret=\"pYJMEQT8A4\" data-mce-fragment=\"1\"><\/iframe><\/p>\n<h3><\/h3>\n<p><iframe loading=\"lazy\" class=\"wp-embedded-content\" title=\"\u00abYopal en septiembre: Pico y c\u00e9dula de 2 d\u00edgitos y ley seca en fines de semana\u00bb \u2014 \u25b7 Noticias de Casanare : Martha Cifuentes | Casanare\" src=\"https:\/\/marthacifuentes.com\/portada\/2020\/08\/28\/yopal-en-septiembre-pico-y-cedula-de-2-digitos-y-ley-seca-en-fines-de-semana\/embed\/#?secret=Dhd15s37JO\" width=\"600\" height=\"574\" frameborder=\"0\" marginwidth=\"0\" marginheight=\"0\" scrolling=\"no\" sandbox=\"allow-scripts\" data-secret=\"Dhd15s37JO\" data-mce-fragment=\"1\"><\/iframe><\/p>\n<p><iframe loading=\"lazy\" class=\"wp-embedded-content\" title=\"\u00abCasinos y bingos podr\u00edan reabrir en Yopal si cumplen protocolos de bioseguridad\u00bb \u2014 \u25b7 Noticias de Casanare : Martha Cifuentes | Casanare\" src=\"https:\/\/marthacifuentes.com\/portada\/2020\/08\/28\/casinos-y-bingos-podrian-reabrir-en-yopal-si-cumplen-protocolos-de-bioseguridad\/embed\/#?secret=M4JPSotE0f\" width=\"600\" height=\"619\" frameborder=\"0\" marginwidth=\"0\" marginheight=\"0\" scrolling=\"no\" sandbox=\"allow-scripts\" data-secret=\"M4JPSotE0f\" data-mce-fragment=\"1\"><\/iframe><\/p>\n<p><iframe loading=\"lazy\" class=\"wp-embedded-content\" title=\"\u00abEn Hotel La Bendici\u00f3n de Yopal, desconocidos rompieron los pisos buscando una caleta\u00bb \u2014 \u25b7 Noticias de Casanare : Martha Cifuentes | Casanare\" src=\"https:\/\/marthacifuentes.com\/portada\/2020\/08\/28\/en-hotel-la-bendicion-de-yopal-desconocidos-rompieron-los-pisos-buscando-una-caleta\/embed\/#?secret=efI4PrrFZO\" width=\"600\" height=\"620\" frameborder=\"0\" marginwidth=\"0\" marginheight=\"0\" scrolling=\"no\" sandbox=\"allow-scripts\" data-secret=\"efI4PrrFZO\" data-mce-fragment=\"1\"><\/iframe><\/p>\n<p><iframe loading=\"lazy\" class=\"wp-embedded-content\" title=\"\u00abAl menos $1.000 millones del impuesto predial habr\u00edan robado funcionarios p\u00fablicos de la Alcald\u00eda de Yopal\u00bb \u2014 \u25b7 Noticias de Casanare : Martha Cifuentes | Casanare\" src=\"https:\/\/marthacifuentes.com\/portada\/2020\/08\/27\/al-menos-1-000-millones-del-impuesto-predial-habrian-robado-funcionarios-publicos-de-la-alcaldia-de-yopal\/embed\/#?secret=B674vJf3mi\" width=\"600\" height=\"582\" frameborder=\"0\" marginwidth=\"0\" marginheight=\"0\" scrolling=\"no\" sandbox=\"allow-scripts\" data-secret=\"B674vJf3mi\" data-mce-fragment=\"1\"><\/iframe><\/p>\n<p><iframe loading=\"lazy\" class=\"wp-embedded-content\" title=\"\u00abCapturados funcionarios de la Alcald\u00eda de Yopal por desfalco del Impuesto Predial\u00bb \u2014 \u25b7 Noticias de Casanare : Martha Cifuentes | Casanare\" src=\"https:\/\/marthacifuentes.com\/portada\/2020\/08\/27\/capturados-funcionarios-de-la-alcaldia-de-yopal-por-desfalco-del-impuesto-predial\/embed\/#?secret=wQtENBOHVn\" width=\"600\" height=\"327\" frameborder=\"0\" marginwidth=\"0\" marginheight=\"0\" scrolling=\"no\" sandbox=\"allow-scripts\" data-secret=\"wQtENBOHVn\" data-mce-fragment=\"1\"><\/iframe><\/p>\n<p><iframe loading=\"lazy\" class=\"wp-embedded-content\" title=\"\u00abHoy a las 2 pm, informe sobre desapariciones forzadas en Recetor y Ch\u00e1meza\u00bb \u2014 \u25b7 Noticias de Casanare : Martha Cifuentes | Casanare\" src=\"https:\/\/marthacifuentes.com\/portada\/2020\/08\/27\/hoy-a-las-2-pm-informe-sobre-desapariciones-forzadas-en-recetor-y-chameza\/embed\/#?secret=J0kpspwg4N\" width=\"600\" height=\"595\" frameborder=\"0\" marginwidth=\"0\" marginheight=\"0\" scrolling=\"no\" sandbox=\"allow-scripts\" data-secret=\"J0kpspwg4N\" data-mce-fragment=\"1\"><\/iframe><\/p>\n<p><iframe loading=\"lazy\" class=\"wp-embedded-content\" title=\"\u00abEn audiencia judicial pr\u00f3xima, l\u00edderes sociales de San Luis de Palenque podr\u00edan recobrar su libertad\u00bb \u2014 \u25b7 Noticias de Casanare : Martha Cifuentes | Casanare\" src=\"https:\/\/marthacifuentes.com\/portada\/2020\/08\/27\/en-audiencia-judicial-proxima-lideres-sociales-de-san-luis-de-palenque-podrian-recobrar-su-libertad\/embed\/#?secret=1TbWuxpJj2\" width=\"600\" height=\"595\" frameborder=\"0\" marginwidth=\"0\" marginheight=\"0\" scrolling=\"no\" sandbox=\"allow-scripts\" data-secret=\"1TbWuxpJj2\" data-mce-fragment=\"1\"><\/iframe><\/p>\n<div class=\"main-content tie-col-md-8 tie-col-xs-12\" role=\"main\">\n<article id=\"the-post\" class=\"container-wrapper post-content tie-standard\">\n<div class=\"entry-content entry clearfix\">\n<p><iframe loading=\"lazy\" class=\"wp-embedded-content\" title=\"\u00ab28 de agosto: comienza pago de subsidios para adultos mayores en Yopal\u00bb \u2014 \u25b7 Noticias de Casanare : Martha Cifuentes | Casanare\" src=\"https:\/\/marthacifuentes.com\/portada\/2020\/08\/27\/28-de-agosto-comienza-pago-de-subsidios-para-adultos-mayores-en-yopal\/embed\/#?secret=tEOoDxUK0F\" width=\"600\" height=\"567\" frameborder=\"0\" marginwidth=\"0\" marginheight=\"0\" scrolling=\"no\" sandbox=\"allow-scripts\" data-secret=\"tEOoDxUK0F\" data-mce-fragment=\"1\"><\/iframe><\/p>\n<p><iframe loading=\"lazy\" class=\"wp-embedded-content\" title=\"\u00abM\u00e1s de 200 \u00f3rdenes de captura represadas en Casanare por la pandemia. Carceleta ya no aguanta m\u00e1s.\u00bb \u2014 \u25b7 Noticias de Casanare : Martha Cifuentes | Casanare\" src=\"https:\/\/marthacifuentes.com\/portada\/2020\/08\/27\/mas-de-200-ordenes-de-captura-represadas-en-casanare-por-la-pandemia-carceleta-ya-no-aguanta-mas\/embed\/#?secret=3dTnHaYUH9\" width=\"600\" height=\"595\" frameborder=\"0\" marginwidth=\"0\" marginheight=\"0\" scrolling=\"no\" sandbox=\"allow-scripts\" data-secret=\"3dTnHaYUH9\" data-mce-fragment=\"1\"><\/iframe><\/p>\n<p><iframe loading=\"lazy\" class=\"wp-embedded-content\" title=\"\u00abPor sobrecostos en compra de camas, Contralor\u00eda abre proceso contra exgerente del HORO en Yopal\u00bb \u2014 \u25b7 Noticias de Casanare : Martha Cifuentes | Casanare\" src=\"https:\/\/marthacifuentes.com\/portada\/2020\/08\/26\/por-sobrecostos-en-compra-de-camas-contraloria-abre-proceso-contra-exgerente-del-horo-en-yopal\/embed\/#?secret=qruMc3tlNr\" width=\"600\" height=\"595\" frameborder=\"0\" marginwidth=\"0\" marginheight=\"0\" scrolling=\"no\" sandbox=\"allow-scripts\" data-secret=\"qruMc3tlNr\" data-mce-fragment=\"1\"><\/iframe><\/p>\n<p><iframe loading=\"lazy\" class=\"wp-embedded-content\" title=\"\u00ab\u201cJos\u00e9 Valero solo era un campesino indefenso\u201d: hermana de hombre decapitado en Monterrey\u00bb \u2014 \u25b7 Noticias de Casanare : Martha Cifuentes | Casanare\" src=\"https:\/\/marthacifuentes.com\/portada\/2020\/08\/26\/jose-valero-solo-era-un-campesino-indefenso-hermana-de-hombre-decapitado-en-monterrey\/embed\/#?secret=8J1djzz7nQ\" width=\"600\" height=\"616\" frameborder=\"0\" marginwidth=\"0\" marginheight=\"0\" scrolling=\"no\" sandbox=\"allow-scripts\" data-secret=\"8J1djzz7nQ\" data-mce-fragment=\"1\"><\/iframe><\/p>\n<p><iframe loading=\"lazy\" class=\"wp-embedded-content\" title=\"\u00abReactivado en Yopal transporte p\u00fablico intermunicipal e interveredal\u00bb \u2014 \u25b7 Noticias de Casanare : Martha Cifuentes | Casanare\" src=\"https:\/\/marthacifuentes.com\/portada\/2020\/08\/26\/reactivado-en-yopal-transporte-publico-intermunicipal-e-interveredal\/embed\/#?secret=TmvWx9HWGg\" width=\"600\" height=\"545\" frameborder=\"0\" marginwidth=\"0\" marginheight=\"0\" scrolling=\"no\" sandbox=\"allow-scripts\" data-secret=\"TmvWx9HWGg\" data-mce-fragment=\"1\"><\/iframe><\/p>\n<p><iframe loading=\"lazy\" class=\"wp-embedded-content\" title=\"\u00abCon el reporte de 2 muertes y 25 casos covid-19 hoy, Casanare llega a 20 fallecimientos y 914 contagios\u00bb \u2014 \u25b7 Noticias de Casanare : Martha Cifuentes | Casanare\" src=\"https:\/\/marthacifuentes.com\/portada\/2020\/08\/25\/con-el-reporte-de-2-muertes-y-25-casos-covid-19-hoy-casanare-llega-a-20-fallecimientos-y-914-contagios\/embed\/#?secret=LQmo4DJBGA\" width=\"600\" height=\"574\" frameborder=\"0\" marginwidth=\"0\" marginheight=\"0\" scrolling=\"no\" sandbox=\"allow-scripts\" data-secret=\"LQmo4DJBGA\" data-mce-fragment=\"1\"><\/iframe><\/p>\n<p><iframe loading=\"lazy\" class=\"wp-embedded-content\" title=\"\u00abCasanare suma 32 casos Covid-19 nuevos y llega a 888. Yopal acumula 538 infectados.\u00bb \u2014 \u25b7 Noticias de Casanare : Martha Cifuentes | Casanare\" src=\"https:\/\/marthacifuentes.com\/portada\/2020\/08\/25\/casanare-suma-32-casos-covid-19-nuevos-y-llega-a-888-yopal-acumula-538-infectados\/embed\/#?secret=HyqEvUTa1R\" width=\"600\" height=\"546\" frameborder=\"0\" marginwidth=\"0\" marginheight=\"0\" scrolling=\"no\" sandbox=\"allow-scripts\" data-secret=\"HyqEvUTa1R\" data-mce-fragment=\"1\"><\/iframe><\/p>\n<p><iframe loading=\"lazy\" class=\"wp-embedded-content\" title=\"\u00abCon aprobaci\u00f3n de proyecto de regal\u00edas, Casanare pasar\u00eda de $337 mil a $676 mil millones bianual: C\u00e9sar Ortiz\u00bb \u2014 \u25b7 Noticias de Casanare : Martha Cifuentes | Casanare\" src=\"https:\/\/marthacifuentes.com\/portada\/2020\/08\/25\/con-aprobacion-de-proyecto-de-regalias-casanare-pasaria-de-337-mil-a-676-mil-millones-bianual-cesar-ortiz\/embed\/#?secret=Gn7kwQMqCb\" width=\"600\" height=\"595\" frameborder=\"0\" marginwidth=\"0\" marginheight=\"0\" scrolling=\"no\" sandbox=\"allow-scripts\" data-secret=\"Gn7kwQMqCb\" data-mce-fragment=\"1\"><\/iframe><\/p>\n<p><iframe loading=\"lazy\" class=\"wp-embedded-content\" title=\"\u00abPredios de La Bendici\u00f3n ser\u00edan cobijados con figura de enajenaci\u00f3n temprana. Se busca legalizar la urbanizaci\u00f3n\u00bb \u2014 \u25b7 Noticias de Casanare : Martha Cifuentes | Casanare\" src=\"https:\/\/marthacifuentes.com\/portada\/2020\/08\/25\/predios-de-la-bendicion-serian-cobijados-con-figura-de-enajenacion-temprana-se-busca-legalizar-la-urbanizacion\/embed\/#?secret=8UmoIWgwrs\" width=\"600\" height=\"595\" frameborder=\"0\" marginwidth=\"0\" marginheight=\"0\" scrolling=\"no\" sandbox=\"allow-scripts\" data-secret=\"8UmoIWgwrs\" data-mce-fragment=\"1\"><\/iframe><\/p>\n<p><iframe loading=\"lazy\" class=\"wp-embedded-content\" title=\"\u00abColombia entra en fase de aislamiento selectivo desde 1 de septiembre\u00bb \u2014 \u25b7 Noticias de Casanare : Martha Cifuentes | Casanare\" src=\"https:\/\/marthacifuentes.com\/portada\/2020\/08\/25\/colombia-entra-en-fase-de-aislamiento-selectivo-desde-1-de-septiembre\/embed\/#?secret=BsdMqOAC3Y\" width=\"600\" height=\"567\" frameborder=\"0\" marginwidth=\"0\" marginheight=\"0\" scrolling=\"no\" sandbox=\"allow-scripts\" data-secret=\"BsdMqOAC3Y\" data-mce-fragment=\"1\"><\/iframe><\/p>\n<p><iframe loading=\"lazy\" class=\"wp-embedded-content\" title=\"\u00abAlcalde de Monterrey, Casanare, discute con abogado sobre hombre decapitado en su municipio \u00a0\u00a0\u00bb \u2014 \u25b7 Noticias de Casanare : Martha Cifuentes | Casanare\" src=\"https:\/\/marthacifuentes.com\/portada\/2020\/08\/25\/alcalde-de-monterrey-casanare-discute-con-abogado-sobre-hombre-decapitado-en-su-municipio\/embed\/#?secret=W9Cfg14gYF\" width=\"600\" height=\"616\" frameborder=\"0\" marginwidth=\"0\" marginheight=\"0\" scrolling=\"no\" sandbox=\"allow-scripts\" data-secret=\"W9Cfg14gYF\" data-mce-fragment=\"1\"><\/iframe><\/p>\n<p><iframe loading=\"lazy\" class=\"wp-embedded-content\" title=\"\u00abPico de la Covid-19 en Yopal ser\u00eda en noviembre 6\u00bb \u2014 \u25b7 Noticias de Casanare : Martha Cifuentes | Casanare\" src=\"https:\/\/marthacifuentes.com\/portada\/2020\/08\/24\/pico-de-la-covid-19-en-yopal-seria-en-noviembre-6\/embed\/#?secret=tXrbRrJvpK\" width=\"600\" height=\"546\" frameborder=\"0\" marginwidth=\"0\" marginheight=\"0\" scrolling=\"no\" sandbox=\"allow-scripts\" data-secret=\"tXrbRrJvpK\" data-mce-fragment=\"1\"><\/iframe><\/p>\n<p><iframe loading=\"lazy\" class=\"wp-embedded-content\" title=\"\u00abCasanare, 856 casos Covid-19. Yopal super\u00f3 500.\u00bb \u2014 \u25b7 Noticias de Casanare : Martha Cifuentes | Casanare\" src=\"https:\/\/marthacifuentes.com\/portada\/2020\/08\/24\/casanare-856-casos-covid-19-yopal-supero-500\/embed\/#?secret=kxMGnCex2W\" width=\"600\" height=\"567\" frameborder=\"0\" marginwidth=\"0\" marginheight=\"0\" scrolling=\"no\" sandbox=\"allow-scripts\" data-secret=\"kxMGnCex2W\" data-mce-fragment=\"1\"><\/iframe><\/p>\n<p><iframe loading=\"lazy\" class=\"wp-embedded-content\" title=\"\u00abConsejo de Estado definir\u00e1 en audiencia final si gobernador de Casanare por ser cu\u00f1ado del exgobernador Alirio Barrera, no pod\u00eda ser elegido\u00bb \u2014 \u25b7 Noticias de Casanare : Martha Cifuentes | Casanare\" src=\"https:\/\/marthacifuentes.com\/portada\/2020\/08\/21\/consejo-de-estado-definira-en-audiencia-final-si-gobernador-de-casanare-por-ser-cunado-del-exgobernador-alirio-barrera-no-podia-ser-elegido\/embed\/#?secret=Hr1MkwYt7G\" width=\"600\" height=\"623\" frameborder=\"0\" marginwidth=\"0\" marginheight=\"0\" scrolling=\"no\" sandbox=\"allow-scripts\" data-secret=\"Hr1MkwYt7G\" data-mce-fragment=\"1\"><\/iframe><\/p>\n<p><iframe loading=\"lazy\" class=\"wp-embedded-content\" title=\"\u00abProporcional al aumento de casos Covid-19 en Yopal, avanza construcci\u00f3n de b\u00f3vedas en el cementerio\u00bb \u2014 \u25b7 Noticias de Casanare : Martha Cifuentes | Casanare\" src=\"https:\/\/marthacifuentes.com\/portada\/2020\/08\/20\/proporcional-al-aumento-de-casos-covid-19-en-yopal-avanza-construccion-de-bovedas-en-el-cementerio\/embed\/#?secret=0TF7yhH0tD\" width=\"600\" height=\"595\" frameborder=\"0\" marginwidth=\"0\" marginheight=\"0\" scrolling=\"no\" sandbox=\"allow-scripts\" data-secret=\"0TF7yhH0tD\" data-mce-fragment=\"1\"><\/iframe><\/p>\n<p><iframe loading=\"lazy\" class=\"wp-embedded-content\" title=\"\u00abCon 54 nuevos casos Covid-19, Casanare reporta cifra m\u00e1s alta de contagios en un d\u00eda.\u00bb \u2014 \u25b7 Noticias de Casanare : Martha Cifuentes | Casanare\" src=\"https:\/\/marthacifuentes.com\/portada\/2020\/08\/20\/con-54-nuevos-casos-covid-19-casanare-reporta-cifra-mas-alta-de-contagios-en-un-dia\/embed\/#?secret=LP1yGnBFBQ\" width=\"600\" height=\"567\" frameborder=\"0\" marginwidth=\"0\" marginheight=\"0\" scrolling=\"no\" sandbox=\"allow-scripts\" data-secret=\"LP1yGnBFBQ\" data-mce-fragment=\"1\"><\/iframe><\/p>\n<p><iframe loading=\"lazy\" class=\"wp-embedded-content\" title=\"\u00abCasanare suma 655 casos Covid-19. Yopal y Villanueva, municipios con m\u00e1s contagios.\u00bb \u2014 \u25b7 Noticias de Casanare : Martha Cifuentes | Casanare\" src=\"https:\/\/marthacifuentes.com\/portada\/2020\/08\/17\/casanare-suma-655-casos-covid-19-yopal-y-villanueva-municipios-con-mas-contagios\/embed\/#?secret=hKoSaSsuag\" width=\"600\" height=\"567\" frameborder=\"0\" marginwidth=\"0\" marginheight=\"0\" scrolling=\"no\" sandbox=\"allow-scripts\" data-secret=\"hKoSaSsuag\" data-mce-fragment=\"1\"><\/iframe><\/p>\n<\/div>\n<\/article>\n<\/div>\n","protected":false},"excerpt":{"rendered":"<p>Casanare report\u00f3 ayer 31 nuevos casos Covid-19 y 2 nuevos fallecimientos de personas positivas para el nuevo coronavirus. Ya se acumulan 986 contagios en el departamento y 23 fallecidos. De los 986 casos acumulados a la fecha de 28 de agosto, 611 son pacientes recuperados, 297 con aislamiento obligatorio en casa, 55 con atenci\u00f3n m\u00e9dica &hellip;<\/p>\n","protected":false},"author":2,"featured_media":24769,"comment_status":"open","ping_status":"open","sticky":false,"template":"","format":"standard","meta":{"om_disable_all_campaigns":false,"_exactmetrics_skip_tracking":false,"_exactmetrics_sitenote_active":false,"_exactmetrics_sitenote_note":"","_exactmetrics_sitenote_category":0,"_monsterinsights_skip_tracking":false,"_monsterinsights_sitenote_active":false,"_monsterinsights_sitenote_note":"","_monsterinsights_sitenote_category":0,"_uf_show_specific_survey":0,"_uf_disable_surveys":false,"_joinchat":[],"footnotes":""},"categories":[147,146,145],"tags":[1373,5051,1400,1421,5046],"class_list":["post-24768","post","type-post","status-publish","format-standard","has-post-thumbnail","hentry","category-actualidad","category-noticias","category-reportajes","tag-casanare-noticias","tag-casos-covid-19-casanare-yopal-aguazul-villanueva","tag-noticias-casanare","tag-noticias-yopal","tag-noticiascasanare"],"yoast_head":"<!-- This site is optimized with the Yoast SEO plugin v26.1 - https:\/\/yoast.com\/wordpress\/plugins\/seo\/ -->\n<title>Casanare con 2 muertes m\u00e1s con Covid-19, aumenta a 23 los fallecidos. - \u25b7 Noticias de Casanare : Martha Cifuentes | Casanare<\/title>\n<meta name=\"robots\" content=\"index, follow, max-snippet:-1, max-image-preview:large, max-video-preview:-1\" \/>\n<link rel=\"canonical\" href=\"https:\/\/marthacifuentes.com\/portada\/casanare-con-2-muertes-mas-con-covid-19-aumenta-a-23-los-fallecidos\/\" \/>\n<meta property=\"og:locale\" content=\"es_ES\" \/>\n<meta property=\"og:type\" content=\"article\" \/>\n<meta property=\"og:title\" content=\"Casanare con 2 muertes m\u00e1s con Covid-19, aumenta a 23 los fallecidos. - \u25b7 Noticias de Casanare : Martha Cifuentes | Casanare\" \/>\n<meta property=\"og:description\" content=\"Casanare report\u00f3 ayer 31 nuevos casos Covid-19 y 2 nuevos fallecimientos de personas positivas para el nuevo coronavirus. Ya se acumulan 986 contagios en el departamento y 23 fallecidos. De los 986 casos acumulados a la fecha de 28 de agosto, 611 son pacientes recuperados, 297 con aislamiento obligatorio en casa, 55 con atenci\u00f3n m\u00e9dica &hellip;\" \/>\n<meta property=\"og:url\" content=\"https:\/\/marthacifuentes.com\/portada\/casanare-con-2-muertes-mas-con-covid-19-aumenta-a-23-los-fallecidos\/\" \/>\n<meta property=\"og:site_name\" content=\"\u25b7 Noticias de Casanare : Martha Cifuentes | Casanare\" \/>\n<meta property=\"article:published_time\" content=\"2020-08-29T14:58:32+00:00\" \/>\n<meta property=\"og:image\" content=\"https:\/\/marthacifuentes.com\/portada\/wp-content\/uploads\/2020\/08\/COVID-19-CASANARE-AGOSTO-28-DE-2020.jpg\" \/>\n\t<meta property=\"og:image:width\" content=\"992\" \/>\n\t<meta property=\"og:image:height\" content=\"558\" \/>\n\t<meta property=\"og:image:type\" content=\"image\/jpeg\" \/>\n<meta name=\"author\" content=\"Martha Cifuentes\" \/>\n<meta name=\"twitter:card\" content=\"summary_large_image\" \/>\n<meta name=\"twitter:label1\" content=\"Escrito por\" \/>\n\t<meta name=\"twitter:data1\" content=\"Martha Cifuentes\" \/>\n\t<meta name=\"twitter:label2\" content=\"Tiempo de lectura\" \/>\n\t<meta name=\"twitter:data2\" content=\"2 minutos\" \/>\n<script type=\"application\/ld+json\" class=\"yoast-schema-graph\">{\"@context\":\"https:\/\/schema.org\",\"@graph\":[{\"@type\":\"WebPage\",\"@id\":\"https:\/\/marthacifuentes.com\/portada\/casanare-con-2-muertes-mas-con-covid-19-aumenta-a-23-los-fallecidos\/\",\"url\":\"https:\/\/marthacifuentes.com\/portada\/casanare-con-2-muertes-mas-con-covid-19-aumenta-a-23-los-fallecidos\/\",\"name\":\"Casanare con 2 muertes m\u00e1s con Covid-19, aumenta a 23 los fallecidos. - \u25b7 Noticias de Casanare : Martha Cifuentes | Casanare\",\"isPartOf\":{\"@id\":\"https:\/\/marthacifuentes.com\/portada\/#website\"},\"primaryImageOfPage\":{\"@id\":\"https:\/\/marthacifuentes.com\/portada\/casanare-con-2-muertes-mas-con-covid-19-aumenta-a-23-los-fallecidos\/#primaryimage\"},\"image\":{\"@id\":\"https:\/\/marthacifuentes.com\/portada\/casanare-con-2-muertes-mas-con-covid-19-aumenta-a-23-los-fallecidos\/#primaryimage\"},\"thumbnailUrl\":\"https:\/\/marthacifuentes.com\/portada\/wp-content\/uploads\/2020\/08\/COVID-19-CASANARE-AGOSTO-28-DE-2020.jpg\",\"datePublished\":\"2020-08-29T14:58:32+00:00\",\"author\":{\"@id\":\"https:\/\/marthacifuentes.com\/portada\/#\/schema\/person\/57f53174b991db5f90ff78d58502b714\"},\"breadcrumb\":{\"@id\":\"https:\/\/marthacifuentes.com\/portada\/casanare-con-2-muertes-mas-con-covid-19-aumenta-a-23-los-fallecidos\/#breadcrumb\"},\"inLanguage\":\"es\",\"potentialAction\":[{\"@type\":\"ReadAction\",\"target\":[\"https:\/\/marthacifuentes.com\/portada\/casanare-con-2-muertes-mas-con-covid-19-aumenta-a-23-los-fallecidos\/\"]}]},{\"@type\":\"ImageObject\",\"inLanguage\":\"es\",\"@id\":\"https:\/\/marthacifuentes.com\/portada\/casanare-con-2-muertes-mas-con-covid-19-aumenta-a-23-los-fallecidos\/#primaryimage\",\"url\":\"https:\/\/marthacifuentes.com\/portada\/wp-content\/uploads\/2020\/08\/COVID-19-CASANARE-AGOSTO-28-DE-2020.jpg\",\"contentUrl\":\"https:\/\/marthacifuentes.com\/portada\/wp-content\/uploads\/2020\/08\/COVID-19-CASANARE-AGOSTO-28-DE-2020.jpg\",\"width\":992,\"height\":558},{\"@type\":\"BreadcrumbList\",\"@id\":\"https:\/\/marthacifuentes.com\/portada\/casanare-con-2-muertes-mas-con-covid-19-aumenta-a-23-los-fallecidos\/#breadcrumb\",\"itemListElement\":[{\"@type\":\"ListItem\",\"position\":1,\"name\":\"Portada\",\"item\":\"https:\/\/marthacifuentes.com\/portada\/\"},{\"@type\":\"ListItem\",\"position\":2,\"name\":\"Casanare con 2 muertes m\u00e1s con Covid-19, aumenta a 23 los fallecidos.\"}]},{\"@type\":\"WebSite\",\"@id\":\"https:\/\/marthacifuentes.com\/portada\/#website\",\"url\":\"https:\/\/marthacifuentes.com\/portada\/\",\"name\":\"\u25b7 Noticias de Casanare : Martha Cifuentes | Casanare\",\"description\":\"Noticias &amp; Contenidos\",\"potentialAction\":[{\"@type\":\"SearchAction\",\"target\":{\"@type\":\"EntryPoint\",\"urlTemplate\":\"https:\/\/marthacifuentes.com\/portada\/?s={search_term_string}\"},\"query-input\":{\"@type\":\"PropertyValueSpecification\",\"valueRequired\":true,\"valueName\":\"search_term_string\"}}],\"inLanguage\":\"es\"},{\"@type\":\"Person\",\"@id\":\"https:\/\/marthacifuentes.com\/portada\/#\/schema\/person\/57f53174b991db5f90ff78d58502b714\",\"name\":\"Martha Cifuentes\",\"image\":{\"@type\":\"ImageObject\",\"inLanguage\":\"es\",\"@id\":\"https:\/\/marthacifuentes.com\/portada\/#\/schema\/person\/image\/\",\"url\":\"http:\/\/marthacifuentes.com\/portada\/wp-content\/uploads\/2018\/06\/avatar_user_2_1528838701-96x96.jpg\",\"contentUrl\":\"http:\/\/marthacifuentes.com\/portada\/wp-content\/uploads\/2018\/06\/avatar_user_2_1528838701-96x96.jpg\",\"caption\":\"Martha Cifuentes\"},\"sameAs\":[\"http:\/\/www.marthacifuentes.com\"],\"url\":\"https:\/\/marthacifuentes.com\/portada\/author\/martha\/\"}]}<\/script>\n<!-- \/ Yoast SEO plugin. -->","yoast_head_json":{"title":"Casanare con 2 muertes m\u00e1s con Covid-19, aumenta a 23 los fallecidos. - \u25b7 Noticias de Casanare : Martha Cifuentes | Casanare","robots":{"index":"index","follow":"follow","max-snippet":"max-snippet:-1","max-image-preview":"max-image-preview:large","max-video-preview":"max-video-preview:-1"},"canonical":"https:\/\/marthacifuentes.com\/portada\/casanare-con-2-muertes-mas-con-covid-19-aumenta-a-23-los-fallecidos\/","og_locale":"es_ES","og_type":"article","og_title":"Casanare con 2 muertes m\u00e1s con Covid-19, aumenta a 23 los fallecidos. - \u25b7 Noticias de Casanare : Martha Cifuentes | Casanare","og_description":"Casanare report\u00f3 ayer 31 nuevos casos Covid-19 y 2 nuevos fallecimientos de personas positivas para el nuevo coronavirus. Ya se acumulan 986 contagios en el departamento y 23 fallecidos. De los 986 casos acumulados a la fecha de 28 de agosto, 611 son pacientes recuperados, 297 con aislamiento obligatorio en casa, 55 con atenci\u00f3n m\u00e9dica &hellip;","og_url":"https:\/\/marthacifuentes.com\/portada\/casanare-con-2-muertes-mas-con-covid-19-aumenta-a-23-los-fallecidos\/","og_site_name":"\u25b7 Noticias de Casanare : Martha Cifuentes | Casanare","article_published_time":"2020-08-29T14:58:32+00:00","og_image":[{"width":992,"height":558,"url":"https:\/\/marthacifuentes.com\/portada\/wp-content\/uploads\/2020\/08\/COVID-19-CASANARE-AGOSTO-28-DE-2020.jpg","type":"image\/jpeg"}],"author":"Martha Cifuentes","twitter_card":"summary_large_image","twitter_misc":{"Escrito por":"Martha Cifuentes","Tiempo de lectura":"2 minutos"},"schema":{"@context":"https:\/\/schema.org","@graph":[{"@type":"WebPage","@id":"https:\/\/marthacifuentes.com\/portada\/casanare-con-2-muertes-mas-con-covid-19-aumenta-a-23-los-fallecidos\/","url":"https:\/\/marthacifuentes.com\/portada\/casanare-con-2-muertes-mas-con-covid-19-aumenta-a-23-los-fallecidos\/","name":"Casanare con 2 muertes m\u00e1s con Covid-19, aumenta a 23 los fallecidos. - \u25b7 Noticias de Casanare : Martha Cifuentes | Casanare","isPartOf":{"@id":"https:\/\/marthacifuentes.com\/portada\/#website"},"primaryImageOfPage":{"@id":"https:\/\/marthacifuentes.com\/portada\/casanare-con-2-muertes-mas-con-covid-19-aumenta-a-23-los-fallecidos\/#primaryimage"},"image":{"@id":"https:\/\/marthacifuentes.com\/portada\/casanare-con-2-muertes-mas-con-covid-19-aumenta-a-23-los-fallecidos\/#primaryimage"},"thumbnailUrl":"https:\/\/marthacifuentes.com\/portada\/wp-content\/uploads\/2020\/08\/COVID-19-CASANARE-AGOSTO-28-DE-2020.jpg","datePublished":"2020-08-29T14:58:32+00:00","author":{"@id":"https:\/\/marthacifuentes.com\/portada\/#\/schema\/person\/57f53174b991db5f90ff78d58502b714"},"breadcrumb":{"@id":"https:\/\/marthacifuentes.com\/portada\/casanare-con-2-muertes-mas-con-covid-19-aumenta-a-23-los-fallecidos\/#breadcrumb"},"inLanguage":"es","potentialAction":[{"@type":"ReadAction","target":["https:\/\/marthacifuentes.com\/portada\/casanare-con-2-muertes-mas-con-covid-19-aumenta-a-23-los-fallecidos\/"]}]},{"@type":"ImageObject","inLanguage":"es","@id":"https:\/\/marthacifuentes.com\/portada\/casanare-con-2-muertes-mas-con-covid-19-aumenta-a-23-los-fallecidos\/#primaryimage","url":"https:\/\/marthacifuentes.com\/portada\/wp-content\/uploads\/2020\/08\/COVID-19-CASANARE-AGOSTO-28-DE-2020.jpg","contentUrl":"https:\/\/marthacifuentes.com\/portada\/wp-content\/uploads\/2020\/08\/COVID-19-CASANARE-AGOSTO-28-DE-2020.jpg","width":992,"height":558},{"@type":"BreadcrumbList","@id":"https:\/\/marthacifuentes.com\/portada\/casanare-con-2-muertes-mas-con-covid-19-aumenta-a-23-los-fallecidos\/#breadcrumb","itemListElement":[{"@type":"ListItem","position":1,"name":"Portada","item":"https:\/\/marthacifuentes.com\/portada\/"},{"@type":"ListItem","position":2,"name":"Casanare con 2 muertes m\u00e1s con Covid-19, aumenta a 23 los fallecidos."}]},{"@type":"WebSite","@id":"https:\/\/marthacifuentes.com\/portada\/#website","url":"https:\/\/marthacifuentes.com\/portada\/","name":"\u25b7 Noticias de Casanare : Martha Cifuentes | Casanare","description":"Noticias &amp; Contenidos","potentialAction":[{"@type":"SearchAction","target":{"@type":"EntryPoint","urlTemplate":"https:\/\/marthacifuentes.com\/portada\/?s={search_term_string}"},"query-input":{"@type":"PropertyValueSpecification","valueRequired":true,"valueName":"search_term_string"}}],"inLanguage":"es"},{"@type":"Person","@id":"https:\/\/marthacifuentes.com\/portada\/#\/schema\/person\/57f53174b991db5f90ff78d58502b714","name":"Martha Cifuentes","image":{"@type":"ImageObject","inLanguage":"es","@id":"https:\/\/marthacifuentes.com\/portada\/#\/schema\/person\/image\/","url":"http:\/\/marthacifuentes.com\/portada\/wp-content\/uploads\/2018\/06\/avatar_user_2_1528838701-96x96.jpg","contentUrl":"http:\/\/marthacifuentes.com\/portada\/wp-content\/uploads\/2018\/06\/avatar_user_2_1528838701-96x96.jpg","caption":"Martha Cifuentes"},"sameAs":["http:\/\/www.marthacifuentes.com"],"url":"https:\/\/marthacifuentes.com\/portada\/author\/martha\/"}]}},"_links":{"self":[{"href":"https:\/\/marthacifuentes.com\/portada\/wp-json\/wp\/v2\/posts\/24768","targetHints":{"allow":["GET"]}}],"collection":[{"href":"https:\/\/marthacifuentes.com\/portada\/wp-json\/wp\/v2\/posts"}],"about":[{"href":"https:\/\/marthacifuentes.com\/portada\/wp-json\/wp\/v2\/types\/post"}],"author":[{"embeddable":true,"href":"https:\/\/marthacifuentes.com\/portada\/wp-json\/wp\/v2\/users\/2"}],"replies":[{"embeddable":true,"href":"https:\/\/marthacifuentes.com\/portada\/wp-json\/wp\/v2\/comments?post=24768"}],"version-history":[{"count":0,"href":"https:\/\/marthacifuentes.com\/portada\/wp-json\/wp\/v2\/posts\/24768\/revisions"}],"wp:featuredmedia":[{"embeddable":true,"href":"https:\/\/marthacifuentes.com\/portada\/wp-json\/wp\/v2\/media\/24769"}],"wp:attachment":[{"href":"https:\/\/marthacifuentes.com\/portada\/wp-json\/wp\/v2\/media?parent=24768"}],"wp:term":[{"taxonomy":"category","embeddable":true,"href":"https:\/\/marthacifuentes.com\/portada\/wp-json\/wp\/v2\/categories?post=24768"},{"taxonomy":"post_tag","embeddable":true,"href":"https:\/\/marthacifuentes.com\/portada\/wp-json\/wp\/v2\/tags?post=24768"}],"curies":[{"name":"wp","href":"https:\/\/api.w.org\/{rel}","templated":true}]}}