{"id":24777,"date":"2020-09-01T05:29:22","date_gmt":"2020-09-01T10:29:22","guid":{"rendered":"https:\/\/marthacifuentes.com\/portada\/?p=24777"},"modified":"2020-09-01T05:33:41","modified_gmt":"2020-09-01T10:33:41","slug":"casanare-entra-en-nueva-normalidad-sin-toque-de-queda-desde-hoy","status":"publish","type":"post","link":"https:\/\/marthacifuentes.com\/portada\/casanare-entra-en-nueva-normalidad-sin-toque-de-queda-desde-hoy\/","title":{"rendered":"Casanare entra en nueva normalidad, SIN toque de queda, desde hoy"},"content":{"rendered":"<p style=\"text-align: justify;\"><strong>Casanare\u00f1os podr\u00e1n volver a circular desde hoy libremente en las calles sin toque de queda en ninguna hora del d\u00eda. En nuevo decreto 0220, que reglamenta la cuarentena, no se impuso el toque de queda. Sin embargo se mantiene la prohibici\u00f3n de aglomeraciones p\u00fablicas o privadas y se impone el distanciamiento social para evitar la propagaci\u00f3n de la Covid-19.<\/strong><\/p>\n<p style=\"text-align: justify;\">Igualmente bares, discotecas y lugares de bailes no podr\u00e1n reabrir sus puertas. Quien desee consumir bebibas embriagantes no podr\u00e1 hacerlo en espacios p\u00fablicos ni establecimientos comerciales. Pero no queda prohibido el expendio de licores.<\/p>\n<p style=\"text-align: justify;\">Sin embargo el decreto expresa que los alcaldes podr\u00e1n solicitar al Ministerio del Interior y de Salud, autorizaci\u00f3n para la implementaci\u00f3n de planes piloto en bares para el consumo de bebidas en sitio, la realizaci\u00f3n de ferias empresariales, siempre y cuando se cumplan con protocolos de bioseguridad.<\/p>\n<blockquote>\n<p style=\"text-align: justify;\">\u00a0\u201cLa responsabilidad ahora es de la ciudadan\u00eda, vamos a tener que entrar en autodisciplina y cumplimiento estricto de medidas de autocuidado. El toque de queda no va m\u00e1s en el Departamento, de acuerdo a lo establecido en el decreto\u201d, manifest\u00f3 Oscar G\u00f3mez, secretario de Gobierno.<\/p>\n<\/blockquote>\n<p style=\"text-align: justify;\">Cada municipio deber\u00e1 adoptar las medidas de control y garantizar su cumplimiento, para que la poblaci\u00f3n no asista en masa a realizar las actividades de adquisici\u00f3n de bienes y servicios dentro de su territorio.<\/p>\n<p style=\"text-align: justify;\">Casanare al finalizar agosto ya acumula 1060 casos Covid-19 y est\u00e1 en un crecimiento promedio de 24 contagios por d\u00eda.<\/p>\n<p>En Yopal el alcalde Luis Eduardo Castro opt\u00f3 por mantener la figura del pico y c\u00e9dula reducido a 2 d\u00edgitos, que operar\u00e1 para ingreso a supermercados y bancos, especialmente.<\/p>\n<h4><a href=\"https:\/\/www.casanare.gov.co\/NuestraGestion\/Normatividad\/Decreto%20N%C2%B0%200220%20de%2031%20agosto%202020.pdf\"><strong>Decreto 0220 de la Gobernaci\u00f3n de Casanare<\/strong><\/a><\/h4>\n<h3>Otras noticias&#8230;<\/h3>\n<blockquote class=\"wp-embedded-content\" data-secret=\"d7JEVlcvzw\"><p><a href=\"https:\/\/marthacifuentes.com\/portada\/2020\/08\/29\/casanare-supero-1-000-casos-covid-19-y-seguira-en-toque-de-queda\/\">Casanare super\u00f3 1.000 casos Covid-19 y seguir\u00e1 en toque de queda<\/a><\/p><\/blockquote>\n<p><iframe loading=\"lazy\" class=\"wp-embedded-content\" sandbox=\"allow-scripts\" security=\"restricted\" style=\"position: absolute; clip: rect(1px, 1px, 1px, 1px);\" title=\"\u00abCasanare super\u00f3 1.000 casos Covid-19 y seguir\u00e1 en toque de queda\u00bb \u2014 \u25b7 Noticias de Casanare : Martha Cifuentes | Casanare\" src=\"https:\/\/marthacifuentes.com\/portada\/2020\/08\/29\/casanare-supero-1-000-casos-covid-19-y-seguira-en-toque-de-queda\/embed\/#?secret=tuBuGMh07f#?secret=d7JEVlcvzw\" data-secret=\"d7JEVlcvzw\" width=\"500\" height=\"282\" frameborder=\"0\" marginwidth=\"0\" marginheight=\"0\" scrolling=\"no\"><\/iframe><\/p>\n<blockquote class=\"wp-embedded-content\" data-secret=\"RP4SzRLimf\"><p><a href=\"https:\/\/marthacifuentes.com\/portada\/2020\/08\/29\/casanare-con-2-muertes-mas-con-covid-19-aumenta-a-23-los-fallecidos\/\">Casanare con 2 muertes m\u00e1s con Covid-19, aumenta a 23 los fallecidos.<\/a><\/p><\/blockquote>\n<p><iframe loading=\"lazy\" class=\"wp-embedded-content\" title=\"\u00abCasanare con 2 muertes m\u00e1s con Covid-19, aumenta a 23 los fallecidos.\u00bb \u2014 \u25b7 Noticias de Casanare : Martha Cifuentes | Casanare\" src=\"https:\/\/marthacifuentes.com\/portada\/2020\/08\/29\/casanare-con-2-muertes-mas-con-covid-19-aumenta-a-23-los-fallecidos\/embed\/#?secret=RP4SzRLimf\" width=\"600\" height=\"338\" frameborder=\"0\" marginwidth=\"0\" marginheight=\"0\" scrolling=\"no\" sandbox=\"allow-scripts\" data-secret=\"RP4SzRLimf\" data-mce-fragment=\"1\"><\/iframe><\/p>\n<p><iframe loading=\"lazy\" class=\"wp-embedded-content\" title=\"\u00abJovencito venezolano se habr\u00eda suicidado en Aguazul\u00bb \u2014 \u25b7 Noticias de Casanare : Martha Cifuentes | Casanare\" src=\"https:\/\/marthacifuentes.com\/portada\/2020\/08\/29\/jovencito-venezolano-se-habria-suicidado-en-aguazul\/embed\/#?secret=GuYV1L2vSn\" width=\"600\" height=\"567\" frameborder=\"0\" marginwidth=\"0\" marginheight=\"0\" scrolling=\"no\" sandbox=\"allow-scripts\" data-secret=\"GuYV1L2vSn\" data-mce-fragment=\"1\"><\/iframe><\/p>\n<p><iframe loading=\"lazy\" class=\"wp-embedded-content\" title=\"\u00abJoven de 14 a\u00f1os ser\u00eda uno de los asesinos de finquero de Hato Corozal. Un robo, el motivo.\u00bb \u2014 \u25b7 Noticias de Casanare : Martha Cifuentes | Casanare\" src=\"https:\/\/marthacifuentes.com\/portada\/2020\/08\/29\/joven-de-14-anos-seria-uno-de-los-asesinos-de-finquero-de-hato-corozal-un-robo-el-motivo\/embed\/#?secret=pYJMEQT8A4\" width=\"600\" height=\"595\" frameborder=\"0\" marginwidth=\"0\" marginheight=\"0\" scrolling=\"no\" sandbox=\"allow-scripts\" data-secret=\"pYJMEQT8A4\" data-mce-fragment=\"1\"><\/iframe><\/p>\n<h3><\/h3>\n<p><iframe loading=\"lazy\" class=\"wp-embedded-content\" title=\"\u00abYopal en septiembre: Pico y c\u00e9dula de 2 d\u00edgitos y ley seca en fines de semana\u00bb \u2014 \u25b7 Noticias de Casanare : Martha Cifuentes | Casanare\" src=\"https:\/\/marthacifuentes.com\/portada\/2020\/08\/28\/yopal-en-septiembre-pico-y-cedula-de-2-digitos-y-ley-seca-en-fines-de-semana\/embed\/#?secret=Dhd15s37JO\" width=\"600\" height=\"574\" frameborder=\"0\" marginwidth=\"0\" marginheight=\"0\" scrolling=\"no\" sandbox=\"allow-scripts\" data-secret=\"Dhd15s37JO\" data-mce-fragment=\"1\"><\/iframe><\/p>\n<p><iframe loading=\"lazy\" class=\"wp-embedded-content\" title=\"\u00abCasinos y bingos podr\u00edan reabrir en Yopal si cumplen protocolos de bioseguridad\u00bb \u2014 \u25b7 Noticias de Casanare : Martha Cifuentes | Casanare\" src=\"https:\/\/marthacifuentes.com\/portada\/2020\/08\/28\/casinos-y-bingos-podrian-reabrir-en-yopal-si-cumplen-protocolos-de-bioseguridad\/embed\/#?secret=M4JPSotE0f\" width=\"600\" height=\"619\" frameborder=\"0\" marginwidth=\"0\" marginheight=\"0\" scrolling=\"no\" sandbox=\"allow-scripts\" data-secret=\"M4JPSotE0f\" data-mce-fragment=\"1\"><\/iframe><\/p>\n<p><iframe loading=\"lazy\" class=\"wp-embedded-content\" title=\"\u00abEn Hotel La Bendici\u00f3n de Yopal, desconocidos rompieron los pisos buscando una caleta\u00bb \u2014 \u25b7 Noticias de Casanare : Martha Cifuentes | Casanare\" src=\"https:\/\/marthacifuentes.com\/portada\/2020\/08\/28\/en-hotel-la-bendicion-de-yopal-desconocidos-rompieron-los-pisos-buscando-una-caleta\/embed\/#?secret=efI4PrrFZO\" width=\"600\" height=\"620\" frameborder=\"0\" marginwidth=\"0\" marginheight=\"0\" scrolling=\"no\" sandbox=\"allow-scripts\" data-secret=\"efI4PrrFZO\" data-mce-fragment=\"1\"><\/iframe><\/p>\n<p><iframe loading=\"lazy\" class=\"wp-embedded-content\" title=\"\u00abAl menos $1.000 millones del impuesto predial habr\u00edan robado funcionarios p\u00fablicos de la Alcald\u00eda de Yopal\u00bb \u2014 \u25b7 Noticias de Casanare : Martha Cifuentes | Casanare\" src=\"https:\/\/marthacifuentes.com\/portada\/2020\/08\/27\/al-menos-1-000-millones-del-impuesto-predial-habrian-robado-funcionarios-publicos-de-la-alcaldia-de-yopal\/embed\/#?secret=B674vJf3mi\" width=\"600\" height=\"582\" frameborder=\"0\" marginwidth=\"0\" marginheight=\"0\" scrolling=\"no\" sandbox=\"allow-scripts\" data-secret=\"B674vJf3mi\" data-mce-fragment=\"1\"><\/iframe><\/p>\n<p><iframe loading=\"lazy\" class=\"wp-embedded-content\" title=\"\u00abCapturados funcionarios de la Alcald\u00eda de Yopal por desfalco del Impuesto Predial\u00bb \u2014 \u25b7 Noticias de Casanare : Martha Cifuentes | Casanare\" src=\"https:\/\/marthacifuentes.com\/portada\/2020\/08\/27\/capturados-funcionarios-de-la-alcaldia-de-yopal-por-desfalco-del-impuesto-predial\/embed\/#?secret=wQtENBOHVn\" width=\"600\" height=\"327\" frameborder=\"0\" marginwidth=\"0\" marginheight=\"0\" scrolling=\"no\" sandbox=\"allow-scripts\" data-secret=\"wQtENBOHVn\" data-mce-fragment=\"1\"><\/iframe><\/p>\n<p><iframe loading=\"lazy\" class=\"wp-embedded-content\" title=\"\u00abHoy a las 2 pm, informe sobre desapariciones forzadas en Recetor y Ch\u00e1meza\u00bb \u2014 \u25b7 Noticias de Casanare : Martha Cifuentes | Casanare\" src=\"https:\/\/marthacifuentes.com\/portada\/2020\/08\/27\/hoy-a-las-2-pm-informe-sobre-desapariciones-forzadas-en-recetor-y-chameza\/embed\/#?secret=J0kpspwg4N\" width=\"600\" height=\"595\" frameborder=\"0\" marginwidth=\"0\" marginheight=\"0\" scrolling=\"no\" sandbox=\"allow-scripts\" data-secret=\"J0kpspwg4N\" data-mce-fragment=\"1\"><\/iframe><\/p>\n<p><iframe loading=\"lazy\" class=\"wp-embedded-content\" title=\"\u00abEn audiencia judicial pr\u00f3xima, l\u00edderes sociales de San Luis de Palenque podr\u00edan recobrar su libertad\u00bb \u2014 \u25b7 Noticias de Casanare : Martha Cifuentes | Casanare\" src=\"https:\/\/marthacifuentes.com\/portada\/2020\/08\/27\/en-audiencia-judicial-proxima-lideres-sociales-de-san-luis-de-palenque-podrian-recobrar-su-libertad\/embed\/#?secret=1TbWuxpJj2\" width=\"600\" height=\"595\" frameborder=\"0\" marginwidth=\"0\" marginheight=\"0\" scrolling=\"no\" sandbox=\"allow-scripts\" data-secret=\"1TbWuxpJj2\" data-mce-fragment=\"1\"><\/iframe><\/p>\n<div class=\"main-content tie-col-md-8 tie-col-xs-12\" role=\"main\">\n<article id=\"the-post\" class=\"container-wrapper post-content tie-standard\">\n<div class=\"entry-content entry clearfix\">\n<p><iframe loading=\"lazy\" class=\"wp-embedded-content\" title=\"\u00ab28 de agosto: comienza pago de subsidios para adultos mayores en Yopal\u00bb \u2014 \u25b7 Noticias de Casanare : Martha Cifuentes | Casanare\" src=\"https:\/\/marthacifuentes.com\/portada\/2020\/08\/27\/28-de-agosto-comienza-pago-de-subsidios-para-adultos-mayores-en-yopal\/embed\/#?secret=tEOoDxUK0F\" width=\"600\" height=\"567\" frameborder=\"0\" marginwidth=\"0\" marginheight=\"0\" scrolling=\"no\" sandbox=\"allow-scripts\" data-secret=\"tEOoDxUK0F\" data-mce-fragment=\"1\"><\/iframe><\/p>\n<p><iframe loading=\"lazy\" class=\"wp-embedded-content\" title=\"\u00abM\u00e1s de 200 \u00f3rdenes de captura represadas en Casanare por la pandemia. Carceleta ya no aguanta m\u00e1s.\u00bb \u2014 \u25b7 Noticias de Casanare : Martha Cifuentes | Casanare\" src=\"https:\/\/marthacifuentes.com\/portada\/2020\/08\/27\/mas-de-200-ordenes-de-captura-represadas-en-casanare-por-la-pandemia-carceleta-ya-no-aguanta-mas\/embed\/#?secret=3dTnHaYUH9\" width=\"600\" height=\"595\" frameborder=\"0\" marginwidth=\"0\" marginheight=\"0\" scrolling=\"no\" sandbox=\"allow-scripts\" data-secret=\"3dTnHaYUH9\" data-mce-fragment=\"1\"><\/iframe><\/p>\n<p><iframe loading=\"lazy\" class=\"wp-embedded-content\" title=\"\u00abPor sobrecostos en compra de camas, Contralor\u00eda abre proceso contra exgerente del HORO en Yopal\u00bb \u2014 \u25b7 Noticias de Casanare : Martha Cifuentes | Casanare\" src=\"https:\/\/marthacifuentes.com\/portada\/2020\/08\/26\/por-sobrecostos-en-compra-de-camas-contraloria-abre-proceso-contra-exgerente-del-horo-en-yopal\/embed\/#?secret=qruMc3tlNr\" width=\"600\" height=\"595\" frameborder=\"0\" marginwidth=\"0\" marginheight=\"0\" scrolling=\"no\" sandbox=\"allow-scripts\" data-secret=\"qruMc3tlNr\" data-mce-fragment=\"1\"><\/iframe><\/p>\n<p><iframe loading=\"lazy\" class=\"wp-embedded-content\" title=\"\u00ab\u201cJos\u00e9 Valero solo era un campesino indefenso\u201d: hermana de hombre decapitado en Monterrey\u00bb \u2014 \u25b7 Noticias de Casanare : Martha Cifuentes | Casanare\" src=\"https:\/\/marthacifuentes.com\/portada\/2020\/08\/26\/jose-valero-solo-era-un-campesino-indefenso-hermana-de-hombre-decapitado-en-monterrey\/embed\/#?secret=8J1djzz7nQ\" width=\"600\" height=\"616\" frameborder=\"0\" marginwidth=\"0\" marginheight=\"0\" scrolling=\"no\" sandbox=\"allow-scripts\" data-secret=\"8J1djzz7nQ\" data-mce-fragment=\"1\"><\/iframe><\/p>\n<p><iframe loading=\"lazy\" class=\"wp-embedded-content\" title=\"\u00abReactivado en Yopal transporte p\u00fablico intermunicipal e interveredal\u00bb \u2014 \u25b7 Noticias de Casanare : Martha Cifuentes | Casanare\" src=\"https:\/\/marthacifuentes.com\/portada\/2020\/08\/26\/reactivado-en-yopal-transporte-publico-intermunicipal-e-interveredal\/embed\/#?secret=TmvWx9HWGg\" width=\"600\" height=\"545\" frameborder=\"0\" marginwidth=\"0\" marginheight=\"0\" scrolling=\"no\" sandbox=\"allow-scripts\" data-secret=\"TmvWx9HWGg\" data-mce-fragment=\"1\"><\/iframe><\/p>\n<p><iframe loading=\"lazy\" class=\"wp-embedded-content\" title=\"\u00abCon el reporte de 2 muertes y 25 casos covid-19 hoy, Casanare llega a 20 fallecimientos y 914 contagios\u00bb \u2014 \u25b7 Noticias de Casanare : Martha Cifuentes | Casanare\" src=\"https:\/\/marthacifuentes.com\/portada\/2020\/08\/25\/con-el-reporte-de-2-muertes-y-25-casos-covid-19-hoy-casanare-llega-a-20-fallecimientos-y-914-contagios\/embed\/#?secret=LQmo4DJBGA\" width=\"600\" height=\"574\" frameborder=\"0\" marginwidth=\"0\" marginheight=\"0\" scrolling=\"no\" sandbox=\"allow-scripts\" data-secret=\"LQmo4DJBGA\" data-mce-fragment=\"1\"><\/iframe><\/p>\n<p><iframe loading=\"lazy\" class=\"wp-embedded-content\" title=\"\u00abCasanare suma 32 casos Covid-19 nuevos y llega a 888. Yopal acumula 538 infectados.\u00bb \u2014 \u25b7 Noticias de Casanare : Martha Cifuentes | Casanare\" src=\"https:\/\/marthacifuentes.com\/portada\/2020\/08\/25\/casanare-suma-32-casos-covid-19-nuevos-y-llega-a-888-yopal-acumula-538-infectados\/embed\/#?secret=HyqEvUTa1R\" width=\"600\" height=\"546\" frameborder=\"0\" marginwidth=\"0\" marginheight=\"0\" scrolling=\"no\" sandbox=\"allow-scripts\" data-secret=\"HyqEvUTa1R\" data-mce-fragment=\"1\"><\/iframe><\/p>\n<p><iframe loading=\"lazy\" class=\"wp-embedded-content\" title=\"\u00abCon aprobaci\u00f3n de proyecto de regal\u00edas, Casanare pasar\u00eda de $337 mil a $676 mil millones bianual: C\u00e9sar Ortiz\u00bb \u2014 \u25b7 Noticias de Casanare : Martha Cifuentes | Casanare\" src=\"https:\/\/marthacifuentes.com\/portada\/2020\/08\/25\/con-aprobacion-de-proyecto-de-regalias-casanare-pasaria-de-337-mil-a-676-mil-millones-bianual-cesar-ortiz\/embed\/#?secret=Gn7kwQMqCb\" width=\"600\" height=\"595\" frameborder=\"0\" marginwidth=\"0\" marginheight=\"0\" scrolling=\"no\" sandbox=\"allow-scripts\" data-secret=\"Gn7kwQMqCb\" data-mce-fragment=\"1\"><\/iframe><\/p>\n<p><iframe loading=\"lazy\" class=\"wp-embedded-content\" title=\"\u00abPredios de La Bendici\u00f3n ser\u00edan cobijados con figura de enajenaci\u00f3n temprana. Se busca legalizar la urbanizaci\u00f3n\u00bb \u2014 \u25b7 Noticias de Casanare : Martha Cifuentes | Casanare\" src=\"https:\/\/marthacifuentes.com\/portada\/2020\/08\/25\/predios-de-la-bendicion-serian-cobijados-con-figura-de-enajenacion-temprana-se-busca-legalizar-la-urbanizacion\/embed\/#?secret=8UmoIWgwrs\" width=\"600\" height=\"595\" frameborder=\"0\" marginwidth=\"0\" marginheight=\"0\" scrolling=\"no\" sandbox=\"allow-scripts\" data-secret=\"8UmoIWgwrs\" data-mce-fragment=\"1\"><\/iframe><\/p>\n<p><iframe loading=\"lazy\" class=\"wp-embedded-content\" title=\"\u00abColombia entra en fase de aislamiento selectivo desde 1 de septiembre\u00bb \u2014 \u25b7 Noticias de Casanare : Martha Cifuentes | Casanare\" src=\"https:\/\/marthacifuentes.com\/portada\/2020\/08\/25\/colombia-entra-en-fase-de-aislamiento-selectivo-desde-1-de-septiembre\/embed\/#?secret=BsdMqOAC3Y\" width=\"600\" height=\"567\" frameborder=\"0\" marginwidth=\"0\" marginheight=\"0\" scrolling=\"no\" sandbox=\"allow-scripts\" data-secret=\"BsdMqOAC3Y\" data-mce-fragment=\"1\"><\/iframe><\/p>\n<p><iframe loading=\"lazy\" class=\"wp-embedded-content\" title=\"\u00abAlcalde de Monterrey, Casanare, discute con abogado sobre hombre decapitado en su municipio \u00a0\u00a0\u00bb \u2014 \u25b7 Noticias de Casanare : Martha Cifuentes | Casanare\" src=\"https:\/\/marthacifuentes.com\/portada\/2020\/08\/25\/alcalde-de-monterrey-casanare-discute-con-abogado-sobre-hombre-decapitado-en-su-municipio\/embed\/#?secret=W9Cfg14gYF\" width=\"600\" height=\"616\" frameborder=\"0\" marginwidth=\"0\" marginheight=\"0\" scrolling=\"no\" sandbox=\"allow-scripts\" data-secret=\"W9Cfg14gYF\" data-mce-fragment=\"1\"><\/iframe><\/p>\n<p><iframe loading=\"lazy\" class=\"wp-embedded-content\" title=\"\u00abPico de la Covid-19 en Yopal ser\u00eda en noviembre 6\u00bb \u2014 \u25b7 Noticias de Casanare : Martha Cifuentes | Casanare\" src=\"https:\/\/marthacifuentes.com\/portada\/2020\/08\/24\/pico-de-la-covid-19-en-yopal-seria-en-noviembre-6\/embed\/#?secret=tXrbRrJvpK\" width=\"600\" height=\"546\" frameborder=\"0\" marginwidth=\"0\" marginheight=\"0\" scrolling=\"no\" sandbox=\"allow-scripts\" data-secret=\"tXrbRrJvpK\" data-mce-fragment=\"1\"><\/iframe><\/p>\n<p><iframe loading=\"lazy\" class=\"wp-embedded-content\" title=\"\u00abCasanare, 856 casos Covid-19. Yopal super\u00f3 500.\u00bb \u2014 \u25b7 Noticias de Casanare : Martha Cifuentes | Casanare\" src=\"https:\/\/marthacifuentes.com\/portada\/2020\/08\/24\/casanare-856-casos-covid-19-yopal-supero-500\/embed\/#?secret=kxMGnCex2W\" width=\"600\" height=\"567\" frameborder=\"0\" marginwidth=\"0\" marginheight=\"0\" scrolling=\"no\" sandbox=\"allow-scripts\" data-secret=\"kxMGnCex2W\" data-mce-fragment=\"1\"><\/iframe><\/p>\n<p><iframe loading=\"lazy\" class=\"wp-embedded-content\" title=\"\u00abConsejo de Estado definir\u00e1 en audiencia final si gobernador de Casanare por ser cu\u00f1ado del exgobernador Alirio Barrera, no pod\u00eda ser elegido\u00bb \u2014 \u25b7 Noticias de Casanare : Martha Cifuentes | Casanare\" src=\"https:\/\/marthacifuentes.com\/portada\/2020\/08\/21\/consejo-de-estado-definira-en-audiencia-final-si-gobernador-de-casanare-por-ser-cunado-del-exgobernador-alirio-barrera-no-podia-ser-elegido\/embed\/#?secret=Hr1MkwYt7G\" width=\"600\" height=\"623\" frameborder=\"0\" marginwidth=\"0\" marginheight=\"0\" scrolling=\"no\" sandbox=\"allow-scripts\" data-secret=\"Hr1MkwYt7G\" data-mce-fragment=\"1\"><\/iframe><\/p>\n<p><iframe loading=\"lazy\" class=\"wp-embedded-content\" title=\"\u00abProporcional al aumento de casos Covid-19 en Yopal, avanza construcci\u00f3n de b\u00f3vedas en el cementerio\u00bb \u2014 \u25b7 Noticias de Casanare : Martha Cifuentes | Casanare\" src=\"https:\/\/marthacifuentes.com\/portada\/2020\/08\/20\/proporcional-al-aumento-de-casos-covid-19-en-yopal-avanza-construccion-de-bovedas-en-el-cementerio\/embed\/#?secret=0TF7yhH0tD\" width=\"600\" height=\"595\" frameborder=\"0\" marginwidth=\"0\" marginheight=\"0\" scrolling=\"no\" sandbox=\"allow-scripts\" data-secret=\"0TF7yhH0tD\" data-mce-fragment=\"1\"><\/iframe><\/p>\n<p><iframe loading=\"lazy\" class=\"wp-embedded-content\" title=\"\u00abCon 54 nuevos casos Covid-19, Casanare reporta cifra m\u00e1s alta de contagios en un d\u00eda.\u00bb \u2014 \u25b7 Noticias de Casanare : Martha Cifuentes | Casanare\" src=\"https:\/\/marthacifuentes.com\/portada\/2020\/08\/20\/con-54-nuevos-casos-covid-19-casanare-reporta-cifra-mas-alta-de-contagios-en-un-dia\/embed\/#?secret=LP1yGnBFBQ\" width=\"600\" height=\"567\" frameborder=\"0\" marginwidth=\"0\" marginheight=\"0\" scrolling=\"no\" sandbox=\"allow-scripts\" data-secret=\"LP1yGnBFBQ\" data-mce-fragment=\"1\"><\/iframe><\/p>\n<p><iframe loading=\"lazy\" class=\"wp-embedded-content\" title=\"\u00abCasanare suma 655 casos Covid-19. Yopal y Villanueva, municipios con m\u00e1s contagios.\u00bb \u2014 \u25b7 Noticias de Casanare : Martha Cifuentes | Casanare\" src=\"https:\/\/marthacifuentes.com\/portada\/2020\/08\/17\/casanare-suma-655-casos-covid-19-yopal-y-villanueva-municipios-con-mas-contagios\/embed\/#?secret=hKoSaSsuag\" width=\"600\" height=\"567\" frameborder=\"0\" marginwidth=\"0\" marginheight=\"0\" scrolling=\"no\" sandbox=\"allow-scripts\" data-secret=\"hKoSaSsuag\" data-mce-fragment=\"1\"><\/iframe><\/p>\n<\/div>\n<\/article>\n<\/div>\n<p>&nbsp;<\/p>\n","protected":false},"excerpt":{"rendered":"<p>Casanare\u00f1os podr\u00e1n volver a circular desde hoy libremente en las calles sin toque de queda en ninguna hora del d\u00eda. En nuevo decreto 0220, que reglamenta la cuarentena, no se impuso el toque de queda. Sin embargo se mantiene la prohibici\u00f3n de aglomeraciones p\u00fablicas o privadas y se impone el distanciamiento social para evitar la &hellip;<\/p>\n","protected":false},"author":2,"featured_media":24778,"comment_status":"open","ping_status":"open","sticky":false,"template":"","format":"standard","meta":{"om_disable_all_campaigns":false,"_exactmetrics_skip_tracking":false,"_exactmetrics_sitenote_active":false,"_exactmetrics_sitenote_note":"","_exactmetrics_sitenote_category":0,"_monsterinsights_skip_tracking":false,"_monsterinsights_sitenote_active":false,"_monsterinsights_sitenote_note":"","_monsterinsights_sitenote_category":0,"_uf_show_specific_survey":0,"_uf_disable_surveys":false,"_joinchat":[],"footnotes":""},"categories":[147,146,145],"tags":[5055,1372,1374,5056],"class_list":["post-24777","post","type-post","status-publish","format-standard","has-post-thumbnail","hentry","category-actualidad","category-noticias","category-reportajes","tag-no-continua-toque-de-queda-en-casanare-en-septiembre","tag-noticias-de-casanare","tag-noticias-de-yopal","tag-siguen-prohibidas-aglomeraciones-en-casanare"],"yoast_head":"<!-- This site is optimized with the Yoast SEO plugin v26.1 - https:\/\/yoast.com\/wordpress\/plugins\/seo\/ -->\n<title>Casanare entra en nueva normalidad, SIN toque de queda, desde hoy - \u25b7 Noticias de Casanare : Martha Cifuentes | Casanare<\/title>\n<meta name=\"robots\" content=\"index, follow, max-snippet:-1, max-image-preview:large, max-video-preview:-1\" \/>\n<link rel=\"canonical\" href=\"https:\/\/marthacifuentes.com\/portada\/casanare-entra-en-nueva-normalidad-sin-toque-de-queda-desde-hoy\/\" \/>\n<meta property=\"og:locale\" content=\"es_ES\" \/>\n<meta property=\"og:type\" content=\"article\" \/>\n<meta property=\"og:title\" content=\"Casanare entra en nueva normalidad, SIN toque de queda, desde hoy - \u25b7 Noticias de Casanare : Martha Cifuentes | Casanare\" \/>\n<meta property=\"og:description\" content=\"Casanare\u00f1os podr\u00e1n volver a circular desde hoy libremente en las calles sin toque de queda en ninguna hora del d\u00eda. En nuevo decreto 0220, que reglamenta la cuarentena, no se impuso el toque de queda. Sin embargo se mantiene la prohibici\u00f3n de aglomeraciones p\u00fablicas o privadas y se impone el distanciamiento social para evitar la &hellip;\" \/>\n<meta property=\"og:url\" content=\"https:\/\/marthacifuentes.com\/portada\/casanare-entra-en-nueva-normalidad-sin-toque-de-queda-desde-hoy\/\" \/>\n<meta property=\"og:site_name\" content=\"\u25b7 Noticias de Casanare : Martha Cifuentes | Casanare\" \/>\n<meta property=\"article:published_time\" content=\"2020-09-01T10:29:22+00:00\" \/>\n<meta property=\"article:modified_time\" content=\"2020-09-01T10:33:41+00:00\" \/>\n<meta property=\"og:image\" content=\"https:\/\/marthacifuentes.com\/portada\/wp-content\/uploads\/2020\/09\/cameringo_20200329_130008-1-scaled.jpg\" \/>\n\t<meta property=\"og:image:width\" content=\"2560\" \/>\n\t<meta property=\"og:image:height\" content=\"1440\" \/>\n\t<meta property=\"og:image:type\" content=\"image\/jpeg\" \/>\n<meta name=\"author\" content=\"Martha Cifuentes\" \/>\n<meta name=\"twitter:card\" content=\"summary_large_image\" \/>\n<meta name=\"twitter:label1\" content=\"Escrito por\" \/>\n\t<meta name=\"twitter:data1\" content=\"Martha Cifuentes\" \/>\n\t<meta name=\"twitter:label2\" content=\"Tiempo de lectura\" \/>\n\t<meta name=\"twitter:data2\" content=\"2 minutos\" \/>\n<script type=\"application\/ld+json\" class=\"yoast-schema-graph\">{\"@context\":\"https:\/\/schema.org\",\"@graph\":[{\"@type\":\"WebPage\",\"@id\":\"https:\/\/marthacifuentes.com\/portada\/casanare-entra-en-nueva-normalidad-sin-toque-de-queda-desde-hoy\/\",\"url\":\"https:\/\/marthacifuentes.com\/portada\/casanare-entra-en-nueva-normalidad-sin-toque-de-queda-desde-hoy\/\",\"name\":\"Casanare entra en nueva normalidad, SIN toque de queda, desde hoy - \u25b7 Noticias de Casanare : Martha Cifuentes | Casanare\",\"isPartOf\":{\"@id\":\"https:\/\/marthacifuentes.com\/portada\/#website\"},\"primaryImageOfPage\":{\"@id\":\"https:\/\/marthacifuentes.com\/portada\/casanare-entra-en-nueva-normalidad-sin-toque-de-queda-desde-hoy\/#primaryimage\"},\"image\":{\"@id\":\"https:\/\/marthacifuentes.com\/portada\/casanare-entra-en-nueva-normalidad-sin-toque-de-queda-desde-hoy\/#primaryimage\"},\"thumbnailUrl\":\"https:\/\/marthacifuentes.com\/portada\/wp-content\/uploads\/2020\/09\/cameringo_20200329_130008-1-scaled.jpg\",\"datePublished\":\"2020-09-01T10:29:22+00:00\",\"dateModified\":\"2020-09-01T10:33:41+00:00\",\"author\":{\"@id\":\"https:\/\/marthacifuentes.com\/portada\/#\/schema\/person\/57f53174b991db5f90ff78d58502b714\"},\"breadcrumb\":{\"@id\":\"https:\/\/marthacifuentes.com\/portada\/casanare-entra-en-nueva-normalidad-sin-toque-de-queda-desde-hoy\/#breadcrumb\"},\"inLanguage\":\"es\",\"potentialAction\":[{\"@type\":\"ReadAction\",\"target\":[\"https:\/\/marthacifuentes.com\/portada\/casanare-entra-en-nueva-normalidad-sin-toque-de-queda-desde-hoy\/\"]}]},{\"@type\":\"ImageObject\",\"inLanguage\":\"es\",\"@id\":\"https:\/\/marthacifuentes.com\/portada\/casanare-entra-en-nueva-normalidad-sin-toque-de-queda-desde-hoy\/#primaryimage\",\"url\":\"https:\/\/marthacifuentes.com\/portada\/wp-content\/uploads\/2020\/09\/cameringo_20200329_130008-1-scaled.jpg\",\"contentUrl\":\"https:\/\/marthacifuentes.com\/portada\/wp-content\/uploads\/2020\/09\/cameringo_20200329_130008-1-scaled.jpg\",\"width\":2560,\"height\":1440},{\"@type\":\"BreadcrumbList\",\"@id\":\"https:\/\/marthacifuentes.com\/portada\/casanare-entra-en-nueva-normalidad-sin-toque-de-queda-desde-hoy\/#breadcrumb\",\"itemListElement\":[{\"@type\":\"ListItem\",\"position\":1,\"name\":\"Portada\",\"item\":\"https:\/\/marthacifuentes.com\/portada\/\"},{\"@type\":\"ListItem\",\"position\":2,\"name\":\"Casanare entra en nueva normalidad, SIN toque de queda, desde hoy\"}]},{\"@type\":\"WebSite\",\"@id\":\"https:\/\/marthacifuentes.com\/portada\/#website\",\"url\":\"https:\/\/marthacifuentes.com\/portada\/\",\"name\":\"\u25b7 Noticias de Casanare : Martha Cifuentes | Casanare\",\"description\":\"Noticias &amp; Contenidos\",\"potentialAction\":[{\"@type\":\"SearchAction\",\"target\":{\"@type\":\"EntryPoint\",\"urlTemplate\":\"https:\/\/marthacifuentes.com\/portada\/?s={search_term_string}\"},\"query-input\":{\"@type\":\"PropertyValueSpecification\",\"valueRequired\":true,\"valueName\":\"search_term_string\"}}],\"inLanguage\":\"es\"},{\"@type\":\"Person\",\"@id\":\"https:\/\/marthacifuentes.com\/portada\/#\/schema\/person\/57f53174b991db5f90ff78d58502b714\",\"name\":\"Martha Cifuentes\",\"image\":{\"@type\":\"ImageObject\",\"inLanguage\":\"es\",\"@id\":\"https:\/\/marthacifuentes.com\/portada\/#\/schema\/person\/image\/\",\"url\":\"http:\/\/marthacifuentes.com\/portada\/wp-content\/uploads\/2018\/06\/avatar_user_2_1528838701-96x96.jpg\",\"contentUrl\":\"http:\/\/marthacifuentes.com\/portada\/wp-content\/uploads\/2018\/06\/avatar_user_2_1528838701-96x96.jpg\",\"caption\":\"Martha Cifuentes\"},\"sameAs\":[\"http:\/\/www.marthacifuentes.com\"],\"url\":\"https:\/\/marthacifuentes.com\/portada\/author\/martha\/\"}]}<\/script>\n<!-- \/ Yoast SEO plugin. -->","yoast_head_json":{"title":"Casanare entra en nueva normalidad, SIN toque de queda, desde hoy - \u25b7 Noticias de Casanare : Martha Cifuentes | Casanare","robots":{"index":"index","follow":"follow","max-snippet":"max-snippet:-1","max-image-preview":"max-image-preview:large","max-video-preview":"max-video-preview:-1"},"canonical":"https:\/\/marthacifuentes.com\/portada\/casanare-entra-en-nueva-normalidad-sin-toque-de-queda-desde-hoy\/","og_locale":"es_ES","og_type":"article","og_title":"Casanare entra en nueva normalidad, SIN toque de queda, desde hoy - \u25b7 Noticias de Casanare : Martha Cifuentes | Casanare","og_description":"Casanare\u00f1os podr\u00e1n volver a circular desde hoy libremente en las calles sin toque de queda en ninguna hora del d\u00eda. En nuevo decreto 0220, que reglamenta la cuarentena, no se impuso el toque de queda. Sin embargo se mantiene la prohibici\u00f3n de aglomeraciones p\u00fablicas o privadas y se impone el distanciamiento social para evitar la &hellip;","og_url":"https:\/\/marthacifuentes.com\/portada\/casanare-entra-en-nueva-normalidad-sin-toque-de-queda-desde-hoy\/","og_site_name":"\u25b7 Noticias de Casanare : Martha Cifuentes | Casanare","article_published_time":"2020-09-01T10:29:22+00:00","article_modified_time":"2020-09-01T10:33:41+00:00","og_image":[{"width":2560,"height":1440,"url":"https:\/\/marthacifuentes.com\/portada\/wp-content\/uploads\/2020\/09\/cameringo_20200329_130008-1-scaled.jpg","type":"image\/jpeg"}],"author":"Martha Cifuentes","twitter_card":"summary_large_image","twitter_misc":{"Escrito por":"Martha Cifuentes","Tiempo de lectura":"2 minutos"},"schema":{"@context":"https:\/\/schema.org","@graph":[{"@type":"WebPage","@id":"https:\/\/marthacifuentes.com\/portada\/casanare-entra-en-nueva-normalidad-sin-toque-de-queda-desde-hoy\/","url":"https:\/\/marthacifuentes.com\/portada\/casanare-entra-en-nueva-normalidad-sin-toque-de-queda-desde-hoy\/","name":"Casanare entra en nueva normalidad, SIN toque de queda, desde hoy - \u25b7 Noticias de Casanare : Martha Cifuentes | Casanare","isPartOf":{"@id":"https:\/\/marthacifuentes.com\/portada\/#website"},"primaryImageOfPage":{"@id":"https:\/\/marthacifuentes.com\/portada\/casanare-entra-en-nueva-normalidad-sin-toque-de-queda-desde-hoy\/#primaryimage"},"image":{"@id":"https:\/\/marthacifuentes.com\/portada\/casanare-entra-en-nueva-normalidad-sin-toque-de-queda-desde-hoy\/#primaryimage"},"thumbnailUrl":"https:\/\/marthacifuentes.com\/portada\/wp-content\/uploads\/2020\/09\/cameringo_20200329_130008-1-scaled.jpg","datePublished":"2020-09-01T10:29:22+00:00","dateModified":"2020-09-01T10:33:41+00:00","author":{"@id":"https:\/\/marthacifuentes.com\/portada\/#\/schema\/person\/57f53174b991db5f90ff78d58502b714"},"breadcrumb":{"@id":"https:\/\/marthacifuentes.com\/portada\/casanare-entra-en-nueva-normalidad-sin-toque-de-queda-desde-hoy\/#breadcrumb"},"inLanguage":"es","potentialAction":[{"@type":"ReadAction","target":["https:\/\/marthacifuentes.com\/portada\/casanare-entra-en-nueva-normalidad-sin-toque-de-queda-desde-hoy\/"]}]},{"@type":"ImageObject","inLanguage":"es","@id":"https:\/\/marthacifuentes.com\/portada\/casanare-entra-en-nueva-normalidad-sin-toque-de-queda-desde-hoy\/#primaryimage","url":"https:\/\/marthacifuentes.com\/portada\/wp-content\/uploads\/2020\/09\/cameringo_20200329_130008-1-scaled.jpg","contentUrl":"https:\/\/marthacifuentes.com\/portada\/wp-content\/uploads\/2020\/09\/cameringo_20200329_130008-1-scaled.jpg","width":2560,"height":1440},{"@type":"BreadcrumbList","@id":"https:\/\/marthacifuentes.com\/portada\/casanare-entra-en-nueva-normalidad-sin-toque-de-queda-desde-hoy\/#breadcrumb","itemListElement":[{"@type":"ListItem","position":1,"name":"Portada","item":"https:\/\/marthacifuentes.com\/portada\/"},{"@type":"ListItem","position":2,"name":"Casanare entra en nueva normalidad, SIN toque de queda, desde hoy"}]},{"@type":"WebSite","@id":"https:\/\/marthacifuentes.com\/portada\/#website","url":"https:\/\/marthacifuentes.com\/portada\/","name":"\u25b7 Noticias de Casanare : Martha Cifuentes | Casanare","description":"Noticias &amp; Contenidos","potentialAction":[{"@type":"SearchAction","target":{"@type":"EntryPoint","urlTemplate":"https:\/\/marthacifuentes.com\/portada\/?s={search_term_string}"},"query-input":{"@type":"PropertyValueSpecification","valueRequired":true,"valueName":"search_term_string"}}],"inLanguage":"es"},{"@type":"Person","@id":"https:\/\/marthacifuentes.com\/portada\/#\/schema\/person\/57f53174b991db5f90ff78d58502b714","name":"Martha Cifuentes","image":{"@type":"ImageObject","inLanguage":"es","@id":"https:\/\/marthacifuentes.com\/portada\/#\/schema\/person\/image\/","url":"http:\/\/marthacifuentes.com\/portada\/wp-content\/uploads\/2018\/06\/avatar_user_2_1528838701-96x96.jpg","contentUrl":"http:\/\/marthacifuentes.com\/portada\/wp-content\/uploads\/2018\/06\/avatar_user_2_1528838701-96x96.jpg","caption":"Martha Cifuentes"},"sameAs":["http:\/\/www.marthacifuentes.com"],"url":"https:\/\/marthacifuentes.com\/portada\/author\/martha\/"}]}},"_links":{"self":[{"href":"https:\/\/marthacifuentes.com\/portada\/wp-json\/wp\/v2\/posts\/24777","targetHints":{"allow":["GET"]}}],"collection":[{"href":"https:\/\/marthacifuentes.com\/portada\/wp-json\/wp\/v2\/posts"}],"about":[{"href":"https:\/\/marthacifuentes.com\/portada\/wp-json\/wp\/v2\/types\/post"}],"author":[{"embeddable":true,"href":"https:\/\/marthacifuentes.com\/portada\/wp-json\/wp\/v2\/users\/2"}],"replies":[{"embeddable":true,"href":"https:\/\/marthacifuentes.com\/portada\/wp-json\/wp\/v2\/comments?post=24777"}],"version-history":[{"count":0,"href":"https:\/\/marthacifuentes.com\/portada\/wp-json\/wp\/v2\/posts\/24777\/revisions"}],"wp:featuredmedia":[{"embeddable":true,"href":"https:\/\/marthacifuentes.com\/portada\/wp-json\/wp\/v2\/media\/24778"}],"wp:attachment":[{"href":"https:\/\/marthacifuentes.com\/portada\/wp-json\/wp\/v2\/media?parent=24777"}],"wp:term":[{"taxonomy":"category","embeddable":true,"href":"https:\/\/marthacifuentes.com\/portada\/wp-json\/wp\/v2\/categories?post=24777"},{"taxonomy":"post_tag","embeddable":true,"href":"https:\/\/marthacifuentes.com\/portada\/wp-json\/wp\/v2\/tags?post=24777"}],"curies":[{"name":"wp","href":"https:\/\/api.w.org\/{rel}","templated":true}]}}