{"id":25041,"date":"2020-09-29T08:34:30","date_gmt":"2020-09-29T13:34:30","guid":{"rendered":"https:\/\/marthacifuentes.com\/portada\/?p=25041"},"modified":"2020-09-29T08:34:30","modified_gmt":"2020-09-29T13:34:30","slug":"pacto-bicentenario-se-enreda-departamentos-recularon-y-no-estan-dispuestos-a-utilizar-regalias-directas","status":"publish","type":"post","link":"https:\/\/marthacifuentes.com\/portada\/pacto-bicentenario-se-enreda-departamentos-recularon-y-no-estan-dispuestos-a-utilizar-regalias-directas\/","title":{"rendered":"Pacto Bicentenario se enreda. Departamentos recularon y no est\u00e1n dispuestos a utilizar regal\u00edas directas."},"content":{"rendered":"<p style=\"text-align: justify;\"><strong>Las obras contempladas en el Pacto Bicentenario, estar\u00edan embolatadas si el gobierno nacional no acepta la propuesta de que 1.1 bill\u00f3n de pesos que deben poner los 5 departamentos provenga de los fondos regionales de regal\u00edas y no de las regal\u00edas directas de estos, seg\u00fan reuni\u00f3n realizada la semana anterior con la vicepresidente Martha Luc\u00eda Ram\u00edrez. <\/strong><\/p>\n<p style=\"text-align: justify;\">As\u00ed se desprende de los testimonios dados al finalizar la reuni\u00f3n por los mandatarios de Casanare, Salom\u00f3n Sanabria, y de Boyac\u00e1, Ramiro Barrag\u00e1n. El primero dijo que las regal\u00edas directas son para atender salud y la reactivaci\u00f3n econ\u00f3mica de los departamentos y el segundo dijo que se est\u00e1 en el proceso de concertaci\u00f3n con el gobierno para que las obras a realizar s hagan con el 40% que les corresponde a las regiones.<\/p>\n<p style=\"text-align: justify;\">En la reuni\u00f3n virtual con la vicepresidente se hicieron presentes los gobernadores de Arauca, Jos\u00e9 Facundo Castillo Cisneros, de Boyac\u00e1, Ramiro Barrag\u00e1n, de Casanare, Salom\u00f3n Sanabria y delegados de los departamentos de Norte de Santander, Cundinamarca, el Departamento Nacional de Planeaci\u00f3n y La Federaci\u00f3n Nacional de Departamentos.<\/p>\n<p style=\"text-align: justify;\">Seg\u00fan comunicado de prensa de la Gobernaci\u00f3n de Arauca, en la cumbre, los gobernadores propusieron examinar hasta el 2022 los aportes iniciales, en los que la naci\u00f3n destina 2.4 billones de pesos y los territorios miembros del pacto cerca de 1.2 billones de pesos.<\/p>\n<p style=\"text-align: justify;\">Seg\u00fan el gobernador de Arauca, Facundo Castillo, el pacto es fundamental para el desarrollo a mediano plazo de los Departamentos. \u00abSin embargo, la pandemia y su coletazo social y financiero y la prioridad para la reactivaci\u00f3n econ\u00f3mica de los territorios, obliga a una revisi\u00f3n de los aportes dada la inversi\u00f3n en materia de salud y la reducci\u00f3n en los recaudos\u00bb, recalc\u00f3 el mandatario.<\/p>\n<p style=\"text-align: justify;\">Cabe recordar que el pacto Bicentenario contempla inversiones por 3.6 billones de pesos para conectividad vial y otras obras de desarrollo social, es el primer convenio territorial del Plan Nacional de Desarrollo y contempla las rutas de la Soberan\u00eda y Libertadores, que permitir\u00e1n la conexi\u00f3n vial del territorio con el interior del pa\u00eds. Inicialmente se hab\u00eda hablado de 10 a\u00f1os para hacer las inversiones.<\/p>\n<div style=\"width: 1280px;\" class=\"wp-video\"><!--[if lt IE 9]><script>document.createElement('video');<\/script><![endif]-->\n<video class=\"wp-video-shortcode\" id=\"video-25041-1\" width=\"1280\" height=\"720\" preload=\"metadata\" controls=\"controls\"><source type=\"video\/mp4\" src=\"https:\/\/marthacifuentes.com\/portada\/wp-content\/uploads\/2020\/09\/rvyoPdUgopwTi3lD.mp4?_=1\" \/><a href=\"https:\/\/marthacifuentes.com\/portada\/wp-content\/uploads\/2020\/09\/rvyoPdUgopwTi3lD.mp4\">https:\/\/marthacifuentes.com\/portada\/wp-content\/uploads\/2020\/09\/rvyoPdUgopwTi3lD.mp4<\/a><\/video><\/div>\n<p>&nbsp;<\/p>\n<div style=\"width: 640px;\" class=\"wp-video\"><video class=\"wp-video-shortcode\" id=\"video-25041-2\" width=\"640\" height=\"352\" preload=\"metadata\" controls=\"controls\"><source type=\"video\/mp4\" src=\"https:\/\/marthacifuentes.com\/portada\/wp-content\/uploads\/2020\/09\/grVLtrbKj0Pq0S-1.mp4?_=2\" \/><a href=\"https:\/\/marthacifuentes.com\/portada\/wp-content\/uploads\/2020\/09\/grVLtrbKj0Pq0S-1.mp4\">https:\/\/marthacifuentes.com\/portada\/wp-content\/uploads\/2020\/09\/grVLtrbKj0Pq0S-1.mp4<\/a><\/video><\/div>\n<p style=\"text-align: justify;\">\n<p style=\"text-align: justify;\"><strong>Qu\u00e9 dice Alirio Barrera, exgobernador de Casanare<\/strong><\/p>\n<p style=\"text-align: justify;\">El exmandatario casanare\u00f1o e incipiente precandidato presidencial por el Centro Democr\u00e1tico, dijo que Casanare est\u00e1 en capacidad de poner los recursos de sus propias regal\u00edas directas, considerando que con la modificaci\u00f3n del sistema general de regal\u00edas el departamento duplic\u00f3 estas y por ello puede hacerlo.<\/p>\n<p style=\"text-align: justify;\">Consider\u00f3 que a Casanare, en lo preliminarmente dicho, le corresponder\u00eda aportar al menos 200 mil millones de pesos para las obras viales que beneficiaran a los 5 departamentos.<\/p>\n<p><a href=\"http:\/\/https:\/\/www.facebook.com\/watch\/?v=774979176625145&amp;extid=LYM9DgoI6dulHDde\">http:\/\/https:\/\/www.facebook.com\/watch\/?v=774979176625145&amp;extid=LYM9DgoI6dulHDde<\/a><\/p>\n<p>&nbsp;<\/p>\n<p style=\"text-align: justify;\"><strong>En el eje de infraestructura para la conectividad vial, el Pacto Bicentenario permitir\u00e1 la ejecuci\u00f3n de los siguientes 7 proyectos:<\/strong><\/p>\n<p style=\"text-align: justify;\">Zipaquir\u00e1 \u2013 Chiquinquir\u00e1 &#8211; Barbosa<\/p>\n<p style=\"text-align: justify;\">Carretera de la Soberan\u00eda: La Lej\u00eda \u2013 Saravena<\/p>\n<p style=\"text-align: justify;\">Ruta de los Libertadores: Bel\u00e9n \u2013 Socha &#8211; S\u00e1cama &#8211; La Cabuya &#8211; Paz de Ariporo<\/p>\n<p style=\"text-align: justify;\">Transversal del Boyac\u00e1: Puerto Boyac\u00e1 (Sector dos y medio) &#8211; Otanche \u2013 Chiquinquir\u00e1<\/p>\n<p style=\"text-align: justify;\">Duitama \u2013 Charal\u00e1 &#8211; San Gil<\/p>\n<p style=\"text-align: justify;\">Vado Hondo &#8211; Labranzagrande \u2013 Yopal<\/p>\n<p style=\"text-align: justify;\">Concesi\u00f3n Brice\u00f1o Tunja Sogamoso: Tibasosa \u2013 Sogamoso<\/p>\n<p>&nbsp;<\/p>\n<h3>Otras noticias&#8230;<\/h3>\n<blockquote class=\"wp-embedded-content\" data-secret=\"m8Rl8JIkjs\"><p><a href=\"https:\/\/marthacifuentes.com\/portada\/2020\/09\/26\/consejo-de-seguridad-en-casanare-con-min-defensa-discurso-repetido-y-acciones-inefectivas\/\">Consejo de seguridad en Casanare con Min Defensa: discurso repetido y acciones inefectivas<\/a><\/p><\/blockquote>\n<p><iframe loading=\"lazy\" class=\"wp-embedded-content\" sandbox=\"allow-scripts\" security=\"restricted\" style=\"position: absolute; clip: rect(1px, 1px, 1px, 1px);\" title=\"\u00abConsejo de seguridad en Casanare con Min Defensa: discurso repetido y acciones inefectivas\u00bb \u2014 \u25b7 Noticias de Casanare : Martha Cifuentes | Casanare\" src=\"https:\/\/marthacifuentes.com\/portada\/2020\/09\/26\/consejo-de-seguridad-en-casanare-con-min-defensa-discurso-repetido-y-acciones-inefectivas\/embed\/#?secret=NlpZL6b1rj#?secret=m8Rl8JIkjs\" data-secret=\"m8Rl8JIkjs\" width=\"500\" height=\"282\" frameborder=\"0\" marginwidth=\"0\" marginheight=\"0\" scrolling=\"no\"><\/iframe><\/p>\n<blockquote class=\"wp-embedded-content\" data-secret=\"ArjlNRks0v\"><p><a href=\"https:\/\/marthacifuentes.com\/portada\/2020\/09\/26\/las-migajas-de-20-anos-de-produccion-petrolera-del-bloque-corocora-en-trinidad-casanare\/\">Las migajas de 20 a\u00f1os de producci\u00f3n petrolera del bloque Corocora en Trinidad, Casanare<\/a><\/p><\/blockquote>\n<p><iframe loading=\"lazy\" class=\"wp-embedded-content\" title=\"\u00abLas migajas de 20 a\u00f1os de producci\u00f3n petrolera del bloque Corocora en Trinidad, Casanare\u00bb \u2014 \u25b7 Noticias de Casanare : Martha Cifuentes | Casanare\" src=\"https:\/\/marthacifuentes.com\/portada\/2020\/09\/26\/las-migajas-de-20-anos-de-produccion-petrolera-del-bloque-corocora-en-trinidad-casanare\/embed\/#?secret=ArjlNRks0v\" width=\"600\" height=\"338\" frameborder=\"0\" marginwidth=\"0\" marginheight=\"0\" scrolling=\"no\" sandbox=\"allow-scripts\" data-secret=\"ArjlNRks0v\" data-mce-fragment=\"1\"><\/iframe><\/p>\n<blockquote class=\"wp-embedded-content\" data-secret=\"d1SLLWuytu\"><p><a href=\"https:\/\/marthacifuentes.com\/portada\/2020\/09\/25\/casanare-se-desbordo-hoy-se-reportaron-124-casos-covid-19-y-se-acumula-2-136-contagios\/\">Casanare se desbord\u00f3. Hoy se reportaron 124 casos Covid-19 y se acumula 2.136 contagios.<\/a><\/p><\/blockquote>\n<p><iframe loading=\"lazy\" class=\"wp-embedded-content\" title=\"\u00abCasanare se desbord\u00f3. Hoy se reportaron 124 casos Covid-19 y se acumula 2.136 contagios.\u00bb \u2014 \u25b7 Noticias de Casanare : Martha Cifuentes | Casanare\" src=\"https:\/\/marthacifuentes.com\/portada\/2020\/09\/25\/casanare-se-desbordo-hoy-se-reportaron-124-casos-covid-19-y-se-acumula-2-136-contagios\/embed\/#?secret=d1SLLWuytu\" width=\"600\" height=\"338\" frameborder=\"0\" marginwidth=\"0\" marginheight=\"0\" scrolling=\"no\" sandbox=\"allow-scripts\" data-secret=\"d1SLLWuytu\" data-mce-fragment=\"1\"><\/iframe><\/p>\n<blockquote class=\"wp-embedded-content\" data-secret=\"fM8LkvJfAN\"><p><a href=\"https:\/\/marthacifuentes.com\/portada\/2020\/09\/24\/el-ministro-de-defensa-no-pidio-perdon-y-un-soldado-asesino-a-una-mujer-trans-en-cauca\/\">El ministro de Defensa no pidi\u00f3 perd\u00f3n y un soldado asesin\u00f3 a una mujer trans en Cauca<\/a><\/p><\/blockquote>\n<p><iframe loading=\"lazy\" class=\"wp-embedded-content\" title=\"\u00abEl ministro de Defensa no pidi\u00f3 perd\u00f3n y un soldado asesin\u00f3 a una mujer trans en Cauca\u00bb \u2014 \u25b7 Noticias de Casanare : Martha Cifuentes | Casanare\" src=\"https:\/\/marthacifuentes.com\/portada\/2020\/09\/24\/el-ministro-de-defensa-no-pidio-perdon-y-un-soldado-asesino-a-una-mujer-trans-en-cauca\/embed\/#?secret=fM8LkvJfAN\" width=\"600\" height=\"338\" frameborder=\"0\" marginwidth=\"0\" marginheight=\"0\" scrolling=\"no\" sandbox=\"allow-scripts\" data-secret=\"fM8LkvJfAN\" data-mce-fragment=\"1\"><\/iframe><\/p>\n<blockquote class=\"wp-embedded-content\" data-secret=\"xg9XHnARe5\"><p><a href=\"https:\/\/marthacifuentes.com\/portada\/2020\/09\/23\/doris-bernal-pierde-otro-round-en-un-su-pelea-por-ser-directora-de-corporinoquia\/\">Doris Bernal pierde otro round en un su pelea por ser directora de Corporinoquia<\/a><\/p><\/blockquote>\n<p><iframe loading=\"lazy\" class=\"wp-embedded-content\" title=\"\u00abDoris Bernal pierde otro round en un su pelea por ser directora de Corporinoquia\u00bb \u2014 \u25b7 Noticias de Casanare : Martha Cifuentes | Casanare\" src=\"https:\/\/marthacifuentes.com\/portada\/2020\/09\/23\/doris-bernal-pierde-otro-round-en-un-su-pelea-por-ser-directora-de-corporinoquia\/embed\/#?secret=xg9XHnARe5\" width=\"600\" height=\"338\" frameborder=\"0\" marginwidth=\"0\" marginheight=\"0\" scrolling=\"no\" sandbox=\"allow-scripts\" data-secret=\"xg9XHnARe5\" data-mce-fragment=\"1\"><\/iframe><\/p>\n<p><iframe loading=\"lazy\" class=\"wp-embedded-content\" title=\"\u00abHoy se definir\u00e1 cu\u00e1nto debe aportar de regal\u00edas Casanare en Pacto Bicentenario.\u00bb \u2014 \u25b7 Noticias de Casanare : Martha Cifuentes | Casanare\" src=\"https:\/\/marthacifuentes.com\/portada\/2020\/09\/22\/hoy-se-definira-cuanto-debe-aportar-de-regalias-casanare-en-pacto-bicentenario\/embed\/#?secret=XwfwidbNl1\" width=\"600\" height=\"595\" frameborder=\"0\" marginwidth=\"0\" marginheight=\"0\" scrolling=\"no\" sandbox=\"allow-scripts\" data-secret=\"XwfwidbNl1\" data-mce-fragment=\"1\"><\/iframe><\/p>\n<p><iframe loading=\"lazy\" class=\"wp-embedded-content\" title=\"\u00abAlcald\u00eda de Yopal continuar\u00e1 con estratificaci\u00f3n de La Bendici\u00f3n, a pesar de las protestas\u00bb \u2014 \u25b7 Noticias de Casanare : Martha Cifuentes | Casanare\" src=\"https:\/\/marthacifuentes.com\/portada\/2020\/09\/22\/alcaldia-de-yopal-continuara-con-estratificacion-de-la-bendicion-a-pesar-de-las-protestas\/embed\/#?secret=GpkLCOmwNq\" width=\"600\" height=\"595\" frameborder=\"0\" marginwidth=\"0\" marginheight=\"0\" scrolling=\"no\" sandbox=\"allow-scripts\" data-secret=\"GpkLCOmwNq\" data-mce-fragment=\"1\"><\/iframe><\/p>\n<p><iframe loading=\"lazy\" class=\"wp-embedded-content\" title=\"\u00abCasanare, en promedio 41 casos diarios Covid-19 en septiembre.\u00bb \u2014 \u25b7 Noticias de Casanare : Martha Cifuentes | Casanare\" src=\"https:\/\/marthacifuentes.com\/portada\/2020\/09\/22\/casanare-en-promedio-41-casos-diarios-covid-19-en-septiembre\/embed\/#?secret=ygplZQck9O\" width=\"600\" height=\"620\" frameborder=\"0\" marginwidth=\"0\" marginheight=\"0\" scrolling=\"no\" sandbox=\"allow-scripts\" data-secret=\"ygplZQck9O\" data-mce-fragment=\"1\"><\/iframe><\/p>\n<p><iframe loading=\"lazy\" class=\"wp-embedded-content\" title=\"\u00abOportunidad en Casanare de participar en F\u00e1bricas de Productividad\u00bb \u2014 \u25b7 Noticias de Casanare : Martha Cifuentes | Casanare\" src=\"https:\/\/marthacifuentes.com\/portada\/2020\/09\/22\/oportunidad-en-casanare-de-participar-en-fabricas-de-productividad\/embed\/#?secret=vihb5ShgwY\" width=\"600\" height=\"595\" frameborder=\"0\" marginwidth=\"0\" marginheight=\"0\" scrolling=\"no\" sandbox=\"allow-scripts\" data-secret=\"vihb5ShgwY\" data-mce-fragment=\"1\"><\/iframe><\/p>\n<p><iframe loading=\"lazy\" class=\"wp-embedded-content\" title=\"\u00ab\u00bfCasanare tendr\u00eda que poner 280 mil millones para el Pacto Bicentenario?\u00bb \u2014 \u25b7 Noticias de Casanare : Martha Cifuentes | Casanare\" src=\"https:\/\/marthacifuentes.com\/portada\/2020\/09\/21\/casanare-tendria-que-poner-280-mil-millones-para-el-pacto-bicentenario\/embed\/#?secret=OpKRCDXwJk\" width=\"600\" height=\"574\" frameborder=\"0\" marginwidth=\"0\" marginheight=\"0\" scrolling=\"no\" sandbox=\"allow-scripts\" data-secret=\"OpKRCDXwJk\" data-mce-fragment=\"1\"><\/iframe><\/p>\n<p><iframe loading=\"lazy\" class=\"wp-embedded-content\" title=\"\u00abAlcald\u00eda de Yopal volvi\u00f3 a cuestionar al urbanizador ilegal Jhon Jairo Torres por promover m\u00e1s urbanizaciones piratas\u00bb \u2014 \u25b7 Noticias de Casanare : Martha Cifuentes | Casanare\" src=\"https:\/\/marthacifuentes.com\/portada\/2020\/09\/21\/alcaldia-de-yopal-volvio-a-cuestionar-al-urbanizador-ilegal-jhon-jairo-torres-por-promover-mas-urbanizaciones-piratas\/embed\/#?secret=Iesdtq0Qec\" width=\"600\" height=\"623\" frameborder=\"0\" marginwidth=\"0\" marginheight=\"0\" scrolling=\"no\" sandbox=\"allow-scripts\" data-secret=\"Iesdtq0Qec\" data-mce-fragment=\"1\"><\/iframe><\/p>\n<p><iframe loading=\"lazy\" class=\"wp-embedded-content\" title=\"\u00abCl\u00ednica Casanare cuestionada por demoras en atenci\u00f3n de adultos mayores\u00bb \u2014 \u25b7 Noticias de Casanare : Martha Cifuentes | Casanare\" src=\"https:\/\/marthacifuentes.com\/portada\/2020\/09\/19\/clinica-casanare-cuestionada-por-demoras-en-atencion-de-adultos-mayores\/embed\/#?secret=YrQWn4ggaR\" width=\"600\" height=\"595\" frameborder=\"0\" marginwidth=\"0\" marginheight=\"0\" scrolling=\"no\" sandbox=\"allow-scripts\" data-secret=\"YrQWn4ggaR\" data-mce-fragment=\"1\"><\/iframe><\/p>\n<p><iframe loading=\"lazy\" class=\"wp-embedded-content\" title=\"\u00abAsesinado hombre en vereda El G\u00fcira en Tauramena\u00bb \u2014 \u25b7 Noticias de Casanare : Martha Cifuentes | Casanare\" src=\"https:\/\/marthacifuentes.com\/portada\/2020\/09\/19\/asesinado-hombre-en-vereda-el-guira-en-tauramena\/embed\/#?secret=9yTpm9ZNnD\" width=\"600\" height=\"573\" frameborder=\"0\" marginwidth=\"0\" marginheight=\"0\" scrolling=\"no\" sandbox=\"allow-scripts\" data-secret=\"9yTpm9ZNnD\" data-mce-fragment=\"1\"><\/iframe><\/p>\n<p><iframe loading=\"lazy\" class=\"wp-embedded-content\" title=\"\u00abDuque, sordo y mudo, ante comunidad inconforme por doble calzada Yopal-Aguazul\u00bb \u2014 \u25b7 Noticias de Casanare : Martha Cifuentes | Casanare\" src=\"https:\/\/marthacifuentes.com\/portada\/2020\/09\/18\/duque-sordo-y-mudo-ante-comunidad-inconforme-por-doble-calzada-yopal-aguazul\/embed\/#?secret=ZmFL3VHRJA\" width=\"600\" height=\"595\" frameborder=\"0\" marginwidth=\"0\" marginheight=\"0\" scrolling=\"no\" sandbox=\"allow-scripts\" data-secret=\"ZmFL3VHRJA\" data-mce-fragment=\"1\"><\/iframe><\/p>\n<p><iframe loading=\"lazy\" class=\"wp-embedded-content\" title=\"\u00abTrabajadores de Sodimac-Homecenter en Yopal protestan por despidos\u00bb \u2014 \u25b7 Noticias de Casanare : Martha Cifuentes | Casanare\" src=\"https:\/\/marthacifuentes.com\/portada\/2020\/09\/18\/trabajadores-de-sodimac-homecenter-en-yopal-protestan-por-despidos\/embed\/#?secret=IJctHLoiyB\" width=\"600\" height=\"595\" frameborder=\"0\" marginwidth=\"0\" marginheight=\"0\" scrolling=\"no\" sandbox=\"allow-scripts\" data-secret=\"IJctHLoiyB\" data-mce-fragment=\"1\"><\/iframe><\/p>\n<p><iframe loading=\"lazy\" class=\"wp-embedded-content\" title=\"\u00abPor visita de Duque a Yopal, alcald\u00eda restringe parqueo de carros y parrillero en moto.\u00bb \u2014 \u25b7 Noticias de Casanare : Martha Cifuentes | Casanare\" src=\"https:\/\/marthacifuentes.com\/portada\/2020\/09\/17\/por-visita-de-duque-a-yopal-alcaldia-restringe-parqueo-de-carros-y-parrillero-en-moto\/embed\/#?secret=Nrz6Fk25J7\" width=\"600\" height=\"574\" frameborder=\"0\" marginwidth=\"0\" marginheight=\"0\" scrolling=\"no\" sandbox=\"allow-scripts\" data-secret=\"Nrz6Fk25J7\" data-mce-fragment=\"1\"><\/iframe><\/p>\n<p><iframe loading=\"lazy\" class=\"wp-embedded-content\" title=\"\u00abDisidencias de las Farc niegan que capturado por el Ej\u00e9rcito sea de esta agrupaci\u00f3n\u00bb \u2014 \u25b7 Noticias de Casanare : Martha Cifuentes | Casanare\" src=\"https:\/\/marthacifuentes.com\/portada\/2020\/09\/17\/disidencias-de-las-farc-niegan-que-capturado-por-el-ejercito-sea-de-esta-agrupacion\/embed\/#?secret=6NV7FCLCye\" width=\"600\" height=\"595\" frameborder=\"0\" marginwidth=\"0\" marginheight=\"0\" scrolling=\"no\" sandbox=\"allow-scripts\" data-secret=\"6NV7FCLCye\" data-mce-fragment=\"1\"><\/iframe><\/p>\n<p><iframe loading=\"lazy\" class=\"wp-embedded-content\" title=\"\u00abAeropuerto de Yopal pr\u00f3ximo a abrir vuelos comerciales. Ya se pueden presentar protocolos de bioseguridad.\u00bb \u2014 \u25b7 Noticias de Casanare : Martha Cifuentes | Casanare\" src=\"https:\/\/marthacifuentes.com\/portada\/2020\/09\/17\/aeropuerto-de-yopal-proximo-a-abrir-vuelos-comerciales-ya-se-pueden-presentar-protocolos-de-bioseguridad\/embed\/#?secret=wzGYtikSSw\" width=\"600\" height=\"623\" frameborder=\"0\" marginwidth=\"0\" marginheight=\"0\" scrolling=\"no\" sandbox=\"allow-scripts\" data-secret=\"wzGYtikSSw\" data-mce-fragment=\"1\"><\/iframe><\/p>\n<p><iframe loading=\"lazy\" class=\"wp-embedded-content\" title=\"\u00abQue la PTAP Yopal no sea otro Hidroituango pide Contralor\u00eda Departamental de Casanare\u00bb \u2014 \u25b7 Noticias de Casanare : Martha Cifuentes | Casanare\" src=\"https:\/\/marthacifuentes.com\/portada\/2020\/09\/17\/que-la-ptap-yopal-no-sea-otro-hidroituango-pide-contraloria-departamental-de-casanare\/embed\/#?secret=6fp01VNA36\" width=\"600\" height=\"595\" frameborder=\"0\" marginwidth=\"0\" marginheight=\"0\" scrolling=\"no\" sandbox=\"allow-scripts\" data-secret=\"6fp01VNA36\" data-mce-fragment=\"1\"><\/iframe><\/p>\n<p><iframe loading=\"lazy\" class=\"wp-embedded-content\" title=\"\u00abL\u00edderes sociales de San Luis de Palenque, Casanare, ser\u00e1n libres, pese a la Fiscal\u00eda, Frontera Energy y Ecopetrol\u00bb \u2014 \u25b7 Noticias de Casanare : Martha Cifuentes | Casanare\" src=\"https:\/\/marthacifuentes.com\/portada\/2020\/09\/16\/lideres-sociales-de-san-luis-de-palenque-casanare-seran-libres-pese-a-la-fiscalia-frontera-energy-y-ecopetrol\/embed\/#?secret=9DB4qkinWS\" width=\"600\" height=\"648\" frameborder=\"0\" marginwidth=\"0\" marginheight=\"0\" scrolling=\"no\" sandbox=\"allow-scripts\" data-secret=\"9DB4qkinWS\" data-mce-fragment=\"1\"><\/iframe><\/p>\n<p><iframe loading=\"lazy\" class=\"wp-embedded-content\" title=\"\u00abEmpresarios de Casanare creen que inseguridad aument\u00f3 el 1er semestre del a\u00f1o\u00bb \u2014 \u25b7 Noticias de Casanare : Martha Cifuentes | Casanare\" src=\"https:\/\/marthacifuentes.com\/portada\/2020\/09\/16\/empresarios-de-casanare-creen-que-inseguridad-aumento-el-1er-semestre-del-ano\/embed\/#?secret=PBEUoCmvSj\" width=\"600\" height=\"620\" frameborder=\"0\" marginwidth=\"0\" marginheight=\"0\" scrolling=\"no\" sandbox=\"allow-scripts\" data-secret=\"PBEUoCmvSj\" data-mce-fragment=\"1\"><\/iframe><\/p>\n<h3>Otras noticias\u2026<\/h3>\n<p><iframe loading=\"lazy\" class=\"wp-embedded-content\" title=\"\u00abBloque Ca\u00f1o Garzas, Paz de Ariporo. Una cruda realidad por el crudo de su subsuelo\u00bb \u2014 \u25b7 Noticias de Casanare : Martha Cifuentes | Casanare\" src=\"https:\/\/marthacifuentes.com\/portada\/2020\/09\/16\/bloque-cano-garzas-paz-de-ariporo-una-cruda-realidad-por-el-crudo-de-su-subsuelo\/embed\/#?secret=0E52tiYsvJ\" width=\"600\" height=\"620\" frameborder=\"0\" marginwidth=\"0\" marginheight=\"0\" scrolling=\"no\" sandbox=\"allow-scripts\" data-secret=\"0E52tiYsvJ\" data-mce-fragment=\"1\"><\/iframe><\/p>\n<p><iframe loading=\"lazy\" class=\"wp-embedded-content\" title=\"\u00abMisterio en muerte de sic\u00f3logo Germ\u00e1n Ropero en Yopal.\u00bb \u2014 \u25b7 Noticias de Casanare : Martha Cifuentes | Casanare\" src=\"https:\/\/marthacifuentes.com\/portada\/2020\/09\/15\/misterio-en-muerte-de-sicologo-german-ropero-en-yopal\/embed\/#?secret=HjE8R2pwAp\" width=\"600\" height=\"574\" frameborder=\"0\" marginwidth=\"0\" marginheight=\"0\" scrolling=\"no\" sandbox=\"allow-scripts\" data-secret=\"HjE8R2pwAp\" data-mce-fragment=\"1\"><\/iframe><\/p>\n<p style=\"text-align: justify;\">\n<p>&nbsp;<\/p>\n","protected":false},"excerpt":{"rendered":"<p>Las obras contempladas en el Pacto Bicentenario, estar\u00edan embolatadas si el gobierno nacional no acepta la propuesta de que 1.1 bill\u00f3n de pesos que deben poner los 5 departamentos provenga de los fondos regionales de regal\u00edas y no de las regal\u00edas directas de estos, seg\u00fan reuni\u00f3n realizada la semana anterior con la vicepresidente Martha Luc\u00eda &hellip;<\/p>\n","protected":false},"author":2,"featured_media":25042,"comment_status":"open","ping_status":"open","sticky":false,"template":"","format":"standard","meta":{"om_disable_all_campaigns":false,"_exactmetrics_skip_tracking":false,"_exactmetrics_sitenote_active":false,"_exactmetrics_sitenote_note":"","_exactmetrics_sitenote_category":0,"_monsterinsights_skip_tracking":false,"_monsterinsights_sitenote_active":false,"_monsterinsights_sitenote_note":"","_monsterinsights_sitenote_category":0,"_uf_show_specific_survey":0,"_uf_disable_surveys":false,"_joinchat":[],"footnotes":""},"categories":[147,146,145],"tags":[1373,5167,5166,1372,5165],"class_list":["post-25041","post","type-post","status-publish","format-standard","has-post-thumbnail","hentry","category-actualidad","category-noticias","category-reportajes","tag-casanare-noticias","tag-gobernador-de-casanare-arauca-meta","tag-gobernadores-dicen-no-a-regalias-directas-para-financiar-pacto-bicentenario","tag-noticias-de-casanare","tag-pacto-bicentenario-se-enreda"],"yoast_head":"<!-- This site is optimized with the Yoast SEO plugin v26.1 - https:\/\/yoast.com\/wordpress\/plugins\/seo\/ -->\n<title>Pacto Bicentenario se enreda. Departamentos recularon y no est\u00e1n dispuestos a utilizar regal\u00edas directas. - \u25b7 Noticias de Casanare : Martha Cifuentes | Casanare<\/title>\n<meta name=\"robots\" content=\"index, follow, max-snippet:-1, max-image-preview:large, max-video-preview:-1\" \/>\n<link rel=\"canonical\" href=\"https:\/\/marthacifuentes.com\/portada\/pacto-bicentenario-se-enreda-departamentos-recularon-y-no-estan-dispuestos-a-utilizar-regalias-directas\/\" \/>\n<meta property=\"og:locale\" content=\"es_ES\" \/>\n<meta property=\"og:type\" content=\"article\" \/>\n<meta property=\"og:title\" content=\"Pacto Bicentenario se enreda. Departamentos recularon y no est\u00e1n dispuestos a utilizar regal\u00edas directas. - \u25b7 Noticias de Casanare : Martha Cifuentes | Casanare\" \/>\n<meta property=\"og:description\" content=\"Las obras contempladas en el Pacto Bicentenario, estar\u00edan embolatadas si el gobierno nacional no acepta la propuesta de que 1.1 bill\u00f3n de pesos que deben poner los 5 departamentos provenga de los fondos regionales de regal\u00edas y no de las regal\u00edas directas de estos, seg\u00fan reuni\u00f3n realizada la semana anterior con la vicepresidente Martha Luc\u00eda &hellip;\" \/>\n<meta property=\"og:url\" content=\"https:\/\/marthacifuentes.com\/portada\/pacto-bicentenario-se-enreda-departamentos-recularon-y-no-estan-dispuestos-a-utilizar-regalias-directas\/\" \/>\n<meta property=\"og:site_name\" content=\"\u25b7 Noticias de Casanare : Martha Cifuentes | Casanare\" \/>\n<meta property=\"article:published_time\" content=\"2020-09-29T13:34:30+00:00\" \/>\n<meta property=\"og:image\" content=\"https:\/\/marthacifuentes.com\/portada\/wp-content\/uploads\/2020\/09\/700x450-toheight-90-aaa_gobernadores_pb.jpeg\" \/>\n\t<meta property=\"og:image:width\" content=\"600\" \/>\n\t<meta property=\"og:image:height\" content=\"450\" \/>\n\t<meta property=\"og:image:type\" content=\"image\/jpeg\" \/>\n<meta name=\"author\" content=\"Martha Cifuentes\" \/>\n<meta name=\"twitter:card\" content=\"summary_large_image\" \/>\n<meta name=\"twitter:label1\" content=\"Escrito por\" \/>\n\t<meta name=\"twitter:data1\" content=\"Martha Cifuentes\" \/>\n\t<meta name=\"twitter:label2\" content=\"Tiempo de lectura\" \/>\n\t<meta name=\"twitter:data2\" content=\"3 minutos\" \/>\n<script type=\"application\/ld+json\" class=\"yoast-schema-graph\">{\"@context\":\"https:\/\/schema.org\",\"@graph\":[{\"@type\":\"WebPage\",\"@id\":\"https:\/\/marthacifuentes.com\/portada\/pacto-bicentenario-se-enreda-departamentos-recularon-y-no-estan-dispuestos-a-utilizar-regalias-directas\/\",\"url\":\"https:\/\/marthacifuentes.com\/portada\/pacto-bicentenario-se-enreda-departamentos-recularon-y-no-estan-dispuestos-a-utilizar-regalias-directas\/\",\"name\":\"Pacto Bicentenario se enreda. Departamentos recularon y no est\u00e1n dispuestos a utilizar regal\u00edas directas. - \u25b7 Noticias de Casanare : Martha Cifuentes | Casanare\",\"isPartOf\":{\"@id\":\"https:\/\/marthacifuentes.com\/portada\/#website\"},\"primaryImageOfPage\":{\"@id\":\"https:\/\/marthacifuentes.com\/portada\/pacto-bicentenario-se-enreda-departamentos-recularon-y-no-estan-dispuestos-a-utilizar-regalias-directas\/#primaryimage\"},\"image\":{\"@id\":\"https:\/\/marthacifuentes.com\/portada\/pacto-bicentenario-se-enreda-departamentos-recularon-y-no-estan-dispuestos-a-utilizar-regalias-directas\/#primaryimage\"},\"thumbnailUrl\":\"https:\/\/marthacifuentes.com\/portada\/wp-content\/uploads\/2020\/09\/700x450-toheight-90-aaa_gobernadores_pb.jpeg\",\"datePublished\":\"2020-09-29T13:34:30+00:00\",\"author\":{\"@id\":\"https:\/\/marthacifuentes.com\/portada\/#\/schema\/person\/57f53174b991db5f90ff78d58502b714\"},\"breadcrumb\":{\"@id\":\"https:\/\/marthacifuentes.com\/portada\/pacto-bicentenario-se-enreda-departamentos-recularon-y-no-estan-dispuestos-a-utilizar-regalias-directas\/#breadcrumb\"},\"inLanguage\":\"es\",\"potentialAction\":[{\"@type\":\"ReadAction\",\"target\":[\"https:\/\/marthacifuentes.com\/portada\/pacto-bicentenario-se-enreda-departamentos-recularon-y-no-estan-dispuestos-a-utilizar-regalias-directas\/\"]}]},{\"@type\":\"ImageObject\",\"inLanguage\":\"es\",\"@id\":\"https:\/\/marthacifuentes.com\/portada\/pacto-bicentenario-se-enreda-departamentos-recularon-y-no-estan-dispuestos-a-utilizar-regalias-directas\/#primaryimage\",\"url\":\"https:\/\/marthacifuentes.com\/portada\/wp-content\/uploads\/2020\/09\/700x450-toheight-90-aaa_gobernadores_pb.jpeg\",\"contentUrl\":\"https:\/\/marthacifuentes.com\/portada\/wp-content\/uploads\/2020\/09\/700x450-toheight-90-aaa_gobernadores_pb.jpeg\",\"width\":600,\"height\":450},{\"@type\":\"BreadcrumbList\",\"@id\":\"https:\/\/marthacifuentes.com\/portada\/pacto-bicentenario-se-enreda-departamentos-recularon-y-no-estan-dispuestos-a-utilizar-regalias-directas\/#breadcrumb\",\"itemListElement\":[{\"@type\":\"ListItem\",\"position\":1,\"name\":\"Portada\",\"item\":\"https:\/\/marthacifuentes.com\/portada\/\"},{\"@type\":\"ListItem\",\"position\":2,\"name\":\"Pacto Bicentenario se enreda. Departamentos recularon y no est\u00e1n dispuestos a utilizar regal\u00edas directas.\"}]},{\"@type\":\"WebSite\",\"@id\":\"https:\/\/marthacifuentes.com\/portada\/#website\",\"url\":\"https:\/\/marthacifuentes.com\/portada\/\",\"name\":\"\u25b7 Noticias de Casanare : Martha Cifuentes | Casanare\",\"description\":\"Noticias &amp; Contenidos\",\"potentialAction\":[{\"@type\":\"SearchAction\",\"target\":{\"@type\":\"EntryPoint\",\"urlTemplate\":\"https:\/\/marthacifuentes.com\/portada\/?s={search_term_string}\"},\"query-input\":{\"@type\":\"PropertyValueSpecification\",\"valueRequired\":true,\"valueName\":\"search_term_string\"}}],\"inLanguage\":\"es\"},{\"@type\":\"Person\",\"@id\":\"https:\/\/marthacifuentes.com\/portada\/#\/schema\/person\/57f53174b991db5f90ff78d58502b714\",\"name\":\"Martha Cifuentes\",\"image\":{\"@type\":\"ImageObject\",\"inLanguage\":\"es\",\"@id\":\"https:\/\/marthacifuentes.com\/portada\/#\/schema\/person\/image\/\",\"url\":\"http:\/\/marthacifuentes.com\/portada\/wp-content\/uploads\/2018\/06\/avatar_user_2_1528838701-96x96.jpg\",\"contentUrl\":\"http:\/\/marthacifuentes.com\/portada\/wp-content\/uploads\/2018\/06\/avatar_user_2_1528838701-96x96.jpg\",\"caption\":\"Martha Cifuentes\"},\"sameAs\":[\"http:\/\/www.marthacifuentes.com\"],\"url\":\"https:\/\/marthacifuentes.com\/portada\/author\/martha\/\"}]}<\/script>\n<!-- \/ Yoast SEO plugin. -->","yoast_head_json":{"title":"Pacto Bicentenario se enreda. Departamentos recularon y no est\u00e1n dispuestos a utilizar regal\u00edas directas. - \u25b7 Noticias de Casanare : Martha Cifuentes | Casanare","robots":{"index":"index","follow":"follow","max-snippet":"max-snippet:-1","max-image-preview":"max-image-preview:large","max-video-preview":"max-video-preview:-1"},"canonical":"https:\/\/marthacifuentes.com\/portada\/pacto-bicentenario-se-enreda-departamentos-recularon-y-no-estan-dispuestos-a-utilizar-regalias-directas\/","og_locale":"es_ES","og_type":"article","og_title":"Pacto Bicentenario se enreda. Departamentos recularon y no est\u00e1n dispuestos a utilizar regal\u00edas directas. - \u25b7 Noticias de Casanare : Martha Cifuentes | Casanare","og_description":"Las obras contempladas en el Pacto Bicentenario, estar\u00edan embolatadas si el gobierno nacional no acepta la propuesta de que 1.1 bill\u00f3n de pesos que deben poner los 5 departamentos provenga de los fondos regionales de regal\u00edas y no de las regal\u00edas directas de estos, seg\u00fan reuni\u00f3n realizada la semana anterior con la vicepresidente Martha Luc\u00eda &hellip;","og_url":"https:\/\/marthacifuentes.com\/portada\/pacto-bicentenario-se-enreda-departamentos-recularon-y-no-estan-dispuestos-a-utilizar-regalias-directas\/","og_site_name":"\u25b7 Noticias de Casanare : Martha Cifuentes | Casanare","article_published_time":"2020-09-29T13:34:30+00:00","og_image":[{"width":600,"height":450,"url":"https:\/\/marthacifuentes.com\/portada\/wp-content\/uploads\/2020\/09\/700x450-toheight-90-aaa_gobernadores_pb.jpeg","type":"image\/jpeg"}],"author":"Martha Cifuentes","twitter_card":"summary_large_image","twitter_misc":{"Escrito por":"Martha Cifuentes","Tiempo de lectura":"3 minutos"},"schema":{"@context":"https:\/\/schema.org","@graph":[{"@type":"WebPage","@id":"https:\/\/marthacifuentes.com\/portada\/pacto-bicentenario-se-enreda-departamentos-recularon-y-no-estan-dispuestos-a-utilizar-regalias-directas\/","url":"https:\/\/marthacifuentes.com\/portada\/pacto-bicentenario-se-enreda-departamentos-recularon-y-no-estan-dispuestos-a-utilizar-regalias-directas\/","name":"Pacto Bicentenario se enreda. Departamentos recularon y no est\u00e1n dispuestos a utilizar regal\u00edas directas. - \u25b7 Noticias de Casanare : Martha Cifuentes | Casanare","isPartOf":{"@id":"https:\/\/marthacifuentes.com\/portada\/#website"},"primaryImageOfPage":{"@id":"https:\/\/marthacifuentes.com\/portada\/pacto-bicentenario-se-enreda-departamentos-recularon-y-no-estan-dispuestos-a-utilizar-regalias-directas\/#primaryimage"},"image":{"@id":"https:\/\/marthacifuentes.com\/portada\/pacto-bicentenario-se-enreda-departamentos-recularon-y-no-estan-dispuestos-a-utilizar-regalias-directas\/#primaryimage"},"thumbnailUrl":"https:\/\/marthacifuentes.com\/portada\/wp-content\/uploads\/2020\/09\/700x450-toheight-90-aaa_gobernadores_pb.jpeg","datePublished":"2020-09-29T13:34:30+00:00","author":{"@id":"https:\/\/marthacifuentes.com\/portada\/#\/schema\/person\/57f53174b991db5f90ff78d58502b714"},"breadcrumb":{"@id":"https:\/\/marthacifuentes.com\/portada\/pacto-bicentenario-se-enreda-departamentos-recularon-y-no-estan-dispuestos-a-utilizar-regalias-directas\/#breadcrumb"},"inLanguage":"es","potentialAction":[{"@type":"ReadAction","target":["https:\/\/marthacifuentes.com\/portada\/pacto-bicentenario-se-enreda-departamentos-recularon-y-no-estan-dispuestos-a-utilizar-regalias-directas\/"]}]},{"@type":"ImageObject","inLanguage":"es","@id":"https:\/\/marthacifuentes.com\/portada\/pacto-bicentenario-se-enreda-departamentos-recularon-y-no-estan-dispuestos-a-utilizar-regalias-directas\/#primaryimage","url":"https:\/\/marthacifuentes.com\/portada\/wp-content\/uploads\/2020\/09\/700x450-toheight-90-aaa_gobernadores_pb.jpeg","contentUrl":"https:\/\/marthacifuentes.com\/portada\/wp-content\/uploads\/2020\/09\/700x450-toheight-90-aaa_gobernadores_pb.jpeg","width":600,"height":450},{"@type":"BreadcrumbList","@id":"https:\/\/marthacifuentes.com\/portada\/pacto-bicentenario-se-enreda-departamentos-recularon-y-no-estan-dispuestos-a-utilizar-regalias-directas\/#breadcrumb","itemListElement":[{"@type":"ListItem","position":1,"name":"Portada","item":"https:\/\/marthacifuentes.com\/portada\/"},{"@type":"ListItem","position":2,"name":"Pacto Bicentenario se enreda. Departamentos recularon y no est\u00e1n dispuestos a utilizar regal\u00edas directas."}]},{"@type":"WebSite","@id":"https:\/\/marthacifuentes.com\/portada\/#website","url":"https:\/\/marthacifuentes.com\/portada\/","name":"\u25b7 Noticias de Casanare : Martha Cifuentes | Casanare","description":"Noticias &amp; Contenidos","potentialAction":[{"@type":"SearchAction","target":{"@type":"EntryPoint","urlTemplate":"https:\/\/marthacifuentes.com\/portada\/?s={search_term_string}"},"query-input":{"@type":"PropertyValueSpecification","valueRequired":true,"valueName":"search_term_string"}}],"inLanguage":"es"},{"@type":"Person","@id":"https:\/\/marthacifuentes.com\/portada\/#\/schema\/person\/57f53174b991db5f90ff78d58502b714","name":"Martha Cifuentes","image":{"@type":"ImageObject","inLanguage":"es","@id":"https:\/\/marthacifuentes.com\/portada\/#\/schema\/person\/image\/","url":"http:\/\/marthacifuentes.com\/portada\/wp-content\/uploads\/2018\/06\/avatar_user_2_1528838701-96x96.jpg","contentUrl":"http:\/\/marthacifuentes.com\/portada\/wp-content\/uploads\/2018\/06\/avatar_user_2_1528838701-96x96.jpg","caption":"Martha Cifuentes"},"sameAs":["http:\/\/www.marthacifuentes.com"],"url":"https:\/\/marthacifuentes.com\/portada\/author\/martha\/"}]}},"_links":{"self":[{"href":"https:\/\/marthacifuentes.com\/portada\/wp-json\/wp\/v2\/posts\/25041","targetHints":{"allow":["GET"]}}],"collection":[{"href":"https:\/\/marthacifuentes.com\/portada\/wp-json\/wp\/v2\/posts"}],"about":[{"href":"https:\/\/marthacifuentes.com\/portada\/wp-json\/wp\/v2\/types\/post"}],"author":[{"embeddable":true,"href":"https:\/\/marthacifuentes.com\/portada\/wp-json\/wp\/v2\/users\/2"}],"replies":[{"embeddable":true,"href":"https:\/\/marthacifuentes.com\/portada\/wp-json\/wp\/v2\/comments?post=25041"}],"version-history":[{"count":0,"href":"https:\/\/marthacifuentes.com\/portada\/wp-json\/wp\/v2\/posts\/25041\/revisions"}],"wp:featuredmedia":[{"embeddable":true,"href":"https:\/\/marthacifuentes.com\/portada\/wp-json\/wp\/v2\/media\/25042"}],"wp:attachment":[{"href":"https:\/\/marthacifuentes.com\/portada\/wp-json\/wp\/v2\/media?parent=25041"}],"wp:term":[{"taxonomy":"category","embeddable":true,"href":"https:\/\/marthacifuentes.com\/portada\/wp-json\/wp\/v2\/categories?post=25041"},{"taxonomy":"post_tag","embeddable":true,"href":"https:\/\/marthacifuentes.com\/portada\/wp-json\/wp\/v2\/tags?post=25041"}],"curies":[{"name":"wp","href":"https:\/\/api.w.org\/{rel}","templated":true}]}}