{"id":25208,"date":"2020-10-13T11:28:01","date_gmt":"2020-10-13T16:28:01","guid":{"rendered":"https:\/\/marthacifuentes.com\/portada\/?p=25208"},"modified":"2020-10-13T11:28:01","modified_gmt":"2020-10-13T16:28:01","slug":"alcaldesa-de-paz-de-ariporo-eunice-escobar-con-covid-19","status":"publish","type":"post","link":"https:\/\/marthacifuentes.com\/portada\/alcaldesa-de-paz-de-ariporo-eunice-escobar-con-covid-19\/","title":{"rendered":"Alcaldesa de Paz de Ariporo Eunice Escobar con Covid-19"},"content":{"rendered":"<p style=\"text-align: justify;\"><strong>La Alcaldesa de Paz de Ariporo, Eunice Escobar, es la segunda persona p\u00fablica que expresa que result\u00f3 positiva para Covid-19 luego de participar de una masiva reuni\u00f3n en Monta\u00f1as del Totumo donde estuvo presente el gobernador de Casanare, Salom\u00f3n Sanabria, antes de saber que estaba contagiado con la Covid-19, el pasado 29 de septiembre. \u00a0<\/strong><\/p>\n<p style=\"text-align: justify;\">La mandataria public\u00f3 ayer en las redes sociales de la Alcald\u00eda de Paz de Ariporo, que luego de conocer que el mandatario casanare\u00f1o ten\u00eda Covid-19 ella entr\u00f3 en aislamiento voluntario y pasado el tiempo necesario para la realizaci\u00f3n de la prueba se la realiz\u00f3, saliendo positiva para el nuevo coronavirus.<\/p>\n<p style=\"text-align: justify;\">Expres\u00f3 que en un principio tuvo s\u00edntomas pero ahora se encuentra bien de salud. Igualmente dijo que aunque est\u00e9 aislada contin\u00faa al frente de la instituci\u00f3n y las acciones de gobierno.<\/p>\n<p style=\"text-align: justify;\">Se presume que la mandataria pudo haber sido contagiada en el evento p\u00fablico de Monta\u00f1as del Totumo donde se firm\u00f3 el pacto Casanare.<\/p>\n<p style=\"text-align: justify;\">De igual manera el comandante de la polic\u00eda de Casanare, coronel Juan Carlos Restrepo tambi\u00e9n confirm\u00f3 hace una semana que era positivo para la Covid-19 y \u00e9l tambi\u00e9n particip\u00f3 de ese evento el pasado 29 de septiembre.<\/p>\n<p><img loading=\"lazy\" decoding=\"async\" class=\"alignnone size-full wp-image-25210\" src=\"https:\/\/marthacifuentes.com\/portada\/wp-content\/uploads\/2020\/10\/Alcaldesa-de-Paz-de-Ariporo.jpg\" alt=\"\" width=\"526\" height=\"798\" srcset=\"https:\/\/marthacifuentes.com\/portada\/wp-content\/uploads\/2020\/10\/Alcaldesa-de-Paz-de-Ariporo.jpg 526w, https:\/\/marthacifuentes.com\/portada\/wp-content\/uploads\/2020\/10\/Alcaldesa-de-Paz-de-Ariporo-198x300.jpg 198w\" sizes=\"auto, (max-width: 526px) 100vw, 526px\" \/><\/p>\n<h3><strong>Otras noticias&#8230;<\/strong><\/h3>\n<blockquote class=\"wp-embedded-content\" data-secret=\"SquxypUoZ5\"><p><a href=\"https:\/\/marthacifuentes.com\/portada\/2020\/10\/13\/de-la-alegria-de-la-firma-del-pacto-por-casanare-en-montanas-del-totumo-paz-de-ariporo-se-paso-al-temor-por-posible-contagio-de-covid-19\/\">De la alegr\u00eda de la firma del pacto por Casanare en Monta\u00f1as del Totumo, Paz de Ariporo, se pas\u00f3 al temor por posible contagio de Covid-19<\/a><\/p><\/blockquote>\n<p><iframe loading=\"lazy\" class=\"wp-embedded-content\" sandbox=\"allow-scripts\" security=\"restricted\" style=\"position: absolute; clip: rect(1px, 1px, 1px, 1px);\" title=\"\u00abDe la alegr\u00eda de la firma del pacto por Casanare en Monta\u00f1as del Totumo, Paz de Ariporo, se pas\u00f3 al temor por posible contagio de Covid-19\u00bb \u2014 \u25b7 Noticias de Casanare : Martha Cifuentes | Casanare\" src=\"https:\/\/marthacifuentes.com\/portada\/2020\/10\/13\/de-la-alegria-de-la-firma-del-pacto-por-casanare-en-montanas-del-totumo-paz-de-ariporo-se-paso-al-temor-por-posible-contagio-de-covid-19\/embed\/#?secret=e4QweEN5VI#?secret=SquxypUoZ5\" data-secret=\"SquxypUoZ5\" width=\"500\" height=\"282\" frameborder=\"0\" marginwidth=\"0\" marginheight=\"0\" scrolling=\"no\"><\/iframe><\/p>\n<blockquote class=\"wp-embedded-content\" data-secret=\"jUSWSSGvcS\"><p><a href=\"https:\/\/marthacifuentes.com\/portada\/2020\/10\/13\/otro-feminicidio-en-yopal-hija-de-mujer-asesinada-denuncia-que-el-agresor-la-chantajeaba-emocionalmente\/\">Otro feminicidio en Yopal. Hija de mujer asesinada denuncia que el agresor la chantajeaba emocionalmente.<\/a><\/p><\/blockquote>\n<p><iframe loading=\"lazy\" class=\"wp-embedded-content\" title=\"\u00abOtro feminicidio en Yopal. Hija de mujer asesinada denuncia que el agresor la chantajeaba emocionalmente.\u00bb \u2014 \u25b7 Noticias de Casanare : Martha Cifuentes | Casanare\" src=\"https:\/\/marthacifuentes.com\/portada\/2020\/10\/13\/otro-feminicidio-en-yopal-hija-de-mujer-asesinada-denuncia-que-el-agresor-la-chantajeaba-emocionalmente\/embed\/#?secret=jUSWSSGvcS\" width=\"600\" height=\"338\" frameborder=\"0\" marginwidth=\"0\" marginheight=\"0\" scrolling=\"no\" sandbox=\"allow-scripts\" data-secret=\"jUSWSSGvcS\" data-mce-fragment=\"1\"><\/iframe><\/p>\n<p><iframe loading=\"lazy\" class=\"wp-embedded-content\" title=\"\u00abLa mala hora de Jos\u00e9 Humberto Barrios: Con Covid-19 y ca\u00edda su elecci\u00f3n como presidente del Concejo de Yopal\u00bb \u2014 \u25b7 Noticias de Casanare : Martha Cifuentes | Casanare\" src=\"https:\/\/marthacifuentes.com\/portada\/2020\/10\/13\/la-mala-hora-de-jose-humberto-barrios-con-covid-19-y-caida-su-eleccion-como-presidente-del-concejo-de-yopal\/embed\/#?secret=4mLbTV6H7v\" width=\"600\" height=\"647\" frameborder=\"0\" marginwidth=\"0\" marginheight=\"0\" scrolling=\"no\" sandbox=\"allow-scripts\" data-secret=\"4mLbTV6H7v\" data-mce-fragment=\"1\"><\/iframe><\/p>\n<blockquote class=\"wp-embedded-content\" data-secret=\"rk4SoV3Y4R\"><p><a href=\"https:\/\/marthacifuentes.com\/portada\/2020\/10\/08\/procuraduria-investiga-a-actual-gobernador-e-de-casanare-yesid-marino\/\">Procuradur\u00eda investiga a actual gobernador (e) de Casanare Yesid Mari\u00f1o<\/a><\/p><\/blockquote>\n<p><iframe loading=\"lazy\" class=\"wp-embedded-content\" title=\"\u00abProcuradur\u00eda investiga a actual gobernador (e) de Casanare Yesid Mari\u00f1o\u00bb \u2014 \u25b7 Noticias de Casanare : Martha Cifuentes | Casanare\" src=\"https:\/\/marthacifuentes.com\/portada\/2020\/10\/08\/procuraduria-investiga-a-actual-gobernador-e-de-casanare-yesid-marino\/embed\/#?secret=rk4SoV3Y4R\" width=\"600\" height=\"338\" frameborder=\"0\" marginwidth=\"0\" marginheight=\"0\" scrolling=\"no\" sandbox=\"allow-scripts\" data-secret=\"rk4SoV3Y4R\" data-mce-fragment=\"1\"><\/iframe><\/p>\n<p><iframe loading=\"lazy\" class=\"wp-embedded-content\" title=\"\u00abPresidente del Concejo de Yopal con Covid-19\u00bb \u2014 \u25b7 Noticias de Casanare : Martha Cifuentes | Casanare\" src=\"https:\/\/marthacifuentes.com\/portada\/2020\/10\/08\/presidente-del-concejo-de-yopal-con-covid-19\/embed\/#?secret=ETWmIupTvJ\" width=\"600\" height=\"567\" frameborder=\"0\" marginwidth=\"0\" marginheight=\"0\" scrolling=\"no\" sandbox=\"allow-scripts\" data-secret=\"ETWmIupTvJ\" data-mce-fragment=\"1\"><\/iframe><\/p>\n<p><iframe loading=\"lazy\" class=\"wp-embedded-content\" title=\"\u00abToque de queda hasta el 31 de octubre y ley seca durante el fin de semana en Yopal\u00bb \u2014 \u25b7 Noticias de Casanare : Martha Cifuentes | Casanare\" src=\"https:\/\/marthacifuentes.com\/portada\/2020\/10\/08\/toque-de-queda-hasta-el-31-de-octubre-y-ley-seca-durante-el-fin-de-semana-en-yopal\/embed\/#?secret=M3DlNoR3w3\" width=\"600\" height=\"574\" frameborder=\"0\" marginwidth=\"0\" marginheight=\"0\" scrolling=\"no\" sandbox=\"allow-scripts\" data-secret=\"M3DlNoR3w3\" data-mce-fragment=\"1\"><\/iframe><\/p>\n<p><iframe loading=\"lazy\" class=\"wp-embedded-content\" title=\"\u00abEn Yopal inician formalizaci\u00f3n masiva y gratuita de predios urbanos\u00bb \u2014 \u25b7 Noticias de Casanare : Martha Cifuentes | Casanare\" src=\"https:\/\/marthacifuentes.com\/portada\/2020\/10\/08\/en-yopal-inician-formalizacion-masiva-y-gratuita-de-predios-urbanos\/embed\/#?secret=9SbHi6HBJv\" width=\"600\" height=\"595\" frameborder=\"0\" marginwidth=\"0\" marginheight=\"0\" scrolling=\"no\" sandbox=\"allow-scripts\" data-secret=\"9SbHi6HBJv\" data-mce-fragment=\"1\"><\/iframe><\/p>\n<p><iframe loading=\"lazy\" class=\"wp-embedded-content\" title=\"\u00abPacientes Covid-19 de Sanitas en Casanare denuncian negligencia en atenci\u00f3n. 48 Horas para valoraci\u00f3n no se cumplen.\u00bb \u2014 \u25b7 Noticias de Casanare : Martha Cifuentes | Casanare\" src=\"https:\/\/marthacifuentes.com\/portada\/2020\/10\/08\/pacientes-covid-19-de-sanitas-en-casanare-denuncian-negligencia-en-atencion-48-horas-para-valoracion-no-se-cumplen\/embed\/#?secret=OCbn1A8kod\" width=\"600\" height=\"626\" frameborder=\"0\" marginwidth=\"0\" marginheight=\"0\" scrolling=\"no\" sandbox=\"allow-scripts\" data-secret=\"OCbn1A8kod\" data-mce-fragment=\"1\"><\/iframe><\/p>\n<p><iframe loading=\"lazy\" class=\"wp-embedded-content\" title=\"\u00abGanader\u00eda casanare\u00f1a: Ganando a pesar del olvido del Estado\u00bb \u2014 \u25b7 Noticias de Casanare : Martha Cifuentes | Casanare\" src=\"https:\/\/marthacifuentes.com\/portada\/2020\/10\/07\/ganaderia-casanarena-ganando-a-pesar-del-olvido-del-estado\/embed\/#?secret=bV2R8ha79h\" width=\"600\" height=\"595\" frameborder=\"0\" marginwidth=\"0\" marginheight=\"0\" scrolling=\"no\" sandbox=\"allow-scripts\" data-secret=\"bV2R8ha79h\" data-mce-fragment=\"1\"><\/iframe><\/p>\n<p><iframe loading=\"lazy\" class=\"wp-embedded-content\" title=\"\u00abComandante de la polic\u00eda en Casanare con Covid-19\u00bb \u2014 \u25b7 Noticias de Casanare : Martha Cifuentes | Casanare\" src=\"https:\/\/marthacifuentes.com\/portada\/2020\/10\/06\/comandante-de-la-policia-en-casanare-con-covid-19\/embed\/#?secret=YLnS2QTNdI\" width=\"600\" height=\"549\" frameborder=\"0\" marginwidth=\"0\" marginheight=\"0\" scrolling=\"no\" sandbox=\"allow-scripts\" data-secret=\"YLnS2QTNdI\" data-mce-fragment=\"1\"><\/iframe><\/p>\n<p><iframe loading=\"lazy\" class=\"wp-embedded-content\" title=\"\u00abYopal con toque de queda y militarizada, por Covid-19, tan pronto sea aprobado decreto en Min Interior\u00bb \u2014 \u25b7 Noticias de Casanare : Martha Cifuentes | Casanare\" src=\"https:\/\/marthacifuentes.com\/portada\/2020\/10\/06\/yopal-con-toque-de-queda-y-militarizada-por-covid-19-tan-pronto-sea-aprobado-decreto-en-min-interior\/embed\/#?secret=rk6Zjh2WYr\" width=\"600\" height=\"595\" frameborder=\"0\" marginwidth=\"0\" marginheight=\"0\" scrolling=\"no\" sandbox=\"allow-scripts\" data-secret=\"rk6Zjh2WYr\" data-mce-fragment=\"1\"><\/iframe><\/p>\n<p><iframe loading=\"lazy\" class=\"wp-embedded-content\" title=\"\u00abGobierno Duque le hizo conejo a beneficiarios de Ingreso Solidario en Casanare. No hay plata.\u00bb \u2014 \u25b7 Noticias de Casanare : Martha Cifuentes | Casanare\" src=\"https:\/\/marthacifuentes.com\/portada\/2020\/10\/06\/gobierno-duque-le-hizo-conejo-a-beneficiarios-de-ingreso-solidario-en-casanare-no-hay-plata\/embed\/#?secret=wJm0vZKuvt\" width=\"600\" height=\"595\" frameborder=\"0\" marginwidth=\"0\" marginheight=\"0\" scrolling=\"no\" sandbox=\"allow-scripts\" data-secret=\"wJm0vZKuvt\" data-mce-fragment=\"1\"><\/iframe><\/p>\n<p><iframe loading=\"lazy\" class=\"wp-embedded-content\" title=\"\u00abProcuradur\u00eda investiga a exalcalde de Orocu\u00e9 y funcionarios de la Gobernaci\u00f3n de Casanare por irregularidades en contratos por $34.000 millones de v\u00eda Yopal \u2013 Orocu\u00e9\u00bb \u2014 \u25b7 Noticias de Casanare : Martha Cifuentes | Casanare\" src=\"https:\/\/marthacifuentes.com\/portada\/2020\/10\/02\/procuraduria-investiga-a-exalcalde-de-orocue-y-funcionarios-de-la-gobernacion-de-casanare-por-irregularidades-en-contratos-por-34-000-millones-de-via-yopal-orocue\/embed\/#?secret=JcJkPe6OUN\" width=\"600\" height=\"675\" frameborder=\"0\" marginwidth=\"0\" marginheight=\"0\" scrolling=\"no\" sandbox=\"allow-scripts\" data-secret=\"JcJkPe6OUN\" data-mce-fragment=\"1\"><\/iframe><\/p>\n<p><iframe loading=\"lazy\" class=\"wp-embedded-content\" title=\"\u00abGobernador de Casanare con Covid-19. A 10 contactos estrechos les realizan pruebas.\u00bb \u2014 \u25b7 Noticias de Casanare : Martha Cifuentes | Casanare\" src=\"https:\/\/marthacifuentes.com\/portada\/2020\/10\/02\/gobernador-de-casanare-con-covid-19-a-10-contactos-estrechos-les-realizan-pruebas\/embed\/#?secret=WZjPtBjJdg\" width=\"600\" height=\"595\" frameborder=\"0\" marginwidth=\"0\" marginheight=\"0\" scrolling=\"no\" sandbox=\"allow-scripts\" data-secret=\"WZjPtBjJdg\" data-mce-fragment=\"1\"><\/iframe><\/p>\n<p>&nbsp;<\/p>\n<div><\/div>\n<div>\n<p><iframe loading=\"lazy\" class=\"wp-embedded-content\" title=\"\u00abTemor en Casanare por panfletos de autodefensas. Polic\u00eda dice que no hay presencia del Clan del Golfo, pero\u2026\u00bb \u2014 \u25b7 Noticias de Casanare : Martha Cifuentes | Casanare\" src=\"https:\/\/marthacifuentes.com\/portada\/2020\/10\/02\/temor-en-casanare-por-panfletos-de-autodefensas-policia-dice-que-no-hay-presencia-del-clan-del-golfo-pero\/embed\/#?secret=NRhjNGzEQC\" width=\"600\" height=\"612\" frameborder=\"0\" marginwidth=\"0\" marginheight=\"0\" scrolling=\"no\" sandbox=\"allow-scripts\" data-secret=\"NRhjNGzEQC\" data-mce-fragment=\"1\"><\/iframe><\/p>\n<p><iframe loading=\"lazy\" class=\"wp-embedded-content\" title=\"\u00abPor compartir mesa con gobernador de Arauca (con Covid-19), ahora el de Casanare entr\u00f3 en aislamiento preventivo.\u00bb \u2014 \u25b7 Noticias de Casanare : Martha Cifuentes | Casanare\" src=\"https:\/\/marthacifuentes.com\/portada\/2020\/09\/30\/por-compartir-mesa-con-gobernador-de-arauca-con-covid-19-ahora-el-de-casanare-entro-en-aislamiento-preventivo\/embed\/#?secret=3ES1HF42uQ\" width=\"600\" height=\"644\" frameborder=\"0\" marginwidth=\"0\" marginheight=\"0\" scrolling=\"no\" sandbox=\"allow-scripts\" data-secret=\"3ES1HF42uQ\" data-mce-fragment=\"1\"><\/iframe><\/p>\n<p><iframe loading=\"lazy\" class=\"wp-embedded-content\" title=\"\u00abHist\u00f3rico: Senadora Amanda Roc\u00edo Gonz\u00e1lez gestion\u00f3 $500 mil millones con el Pacto Territorial por Casanare\u00bb \u2014 \u25b7 Noticias de Casanare : Martha Cifuentes | Casanare\" src=\"https:\/\/marthacifuentes.com\/portada\/2020\/09\/30\/historico-senadora-amanda-rocio-gonzalez-gestiono-500-mil-millones-con-el-pacto-territorial-por-casanare\/embed\/#?secret=XAL5Qf9GC2\" width=\"600\" height=\"595\" frameborder=\"0\" marginwidth=\"0\" marginheight=\"0\" scrolling=\"no\" sandbox=\"allow-scripts\" data-secret=\"XAL5Qf9GC2\" data-mce-fragment=\"1\"><\/iframe><\/p>\n<p><iframe loading=\"lazy\" class=\"wp-embedded-content\" title=\"\u00abClan Buitrago, creador del grupo paramilitar ACC en Casanare dispuesto a contar la verdad de cara a las v\u00edctimas\u00bb \u2014 \u25b7 Noticias de Casanare : Martha Cifuentes | Casanare\" src=\"https:\/\/marthacifuentes.com\/portada\/2020\/09\/30\/clan-buitrago-creador-del-grupo-paramilitar-acc-en-casanare-dispuesto-a-contar-la-verdad-de-cara-a-las-victimas\/embed\/#?secret=Xr6U8ykRPG\" width=\"600\" height=\"648\" frameborder=\"0\" marginwidth=\"0\" marginheight=\"0\" scrolling=\"no\" sandbox=\"allow-scripts\" data-secret=\"Xr6U8ykRPG\" data-mce-fragment=\"1\"><\/iframe><\/p>\n<p><iframe loading=\"lazy\" class=\"wp-embedded-content\" title=\"\u00abFuerzas militares garantizar\u00e1n retorno de v\u00edctimas a sus lugares de origen en Casanare\u00bb \u2014 \u25b7 Noticias de Casanare : Martha Cifuentes | Casanare\" src=\"https:\/\/marthacifuentes.com\/portada\/2020\/09\/30\/fuerzas-militares-garantizaran-retorno-de-victimas-a-sus-lugares-de-origen-en-casanare\/embed\/#?secret=h5bVUTObQh\" width=\"600\" height=\"584\" frameborder=\"0\" marginwidth=\"0\" marginheight=\"0\" scrolling=\"no\" sandbox=\"allow-scripts\" data-secret=\"h5bVUTObQh\" data-mce-fragment=\"1\"><\/iframe><\/p>\n<p><iframe loading=\"lazy\" class=\"wp-embedded-content\" title=\"\u00abCovid-19 lleg\u00f3 a zona rural de San Luis de Palenque. Alcalde confirma 25 casos.\u00bb \u2014 \u25b7 Noticias de Casanare : Martha Cifuentes | Casanare\" src=\"https:\/\/marthacifuentes.com\/portada\/2020\/09\/30\/covid-19-llego-a-zona-rural-de-san-luis-de-palenque-alcalde-confirma-25-casos\/embed\/#?secret=KeRxqfwvzQ\" width=\"600\" height=\"595\" frameborder=\"0\" marginwidth=\"0\" marginheight=\"0\" scrolling=\"no\" sandbox=\"allow-scripts\" data-secret=\"KeRxqfwvzQ\" data-mce-fragment=\"1\"><\/iframe><\/p>\n<p><iframe loading=\"lazy\" class=\"wp-embedded-content\" title=\"\u00ab\u00bfGobernador de Arauca pudo haber contagiado al de Casanare Salom\u00f3n Sanabria con Covid-19 en cumbre de mandatarios la semana pasada?\u00bb \u2014 \u25b7 Noticias de Casanare : Martha Cifuentes | Casanare\" src=\"https:\/\/marthacifuentes.com\/portada\/2020\/09\/29\/gobernador-de-arauca-pudo-haber-contagiado-al-de-casanare-salomon-sanabria-con-covid-19-en-cumbre-de-mandatarios-la-semana-pasada\/embed\/#?secret=wNGJptZIGV\" width=\"600\" height=\"623\" frameborder=\"0\" marginwidth=\"0\" marginheight=\"0\" scrolling=\"no\" sandbox=\"allow-scripts\" data-secret=\"wNGJptZIGV\" data-mce-fragment=\"1\"><\/iframe><\/p>\n<p><iframe loading=\"lazy\" class=\"wp-embedded-content\" title=\"\u00abCasanare sigue en aceleramiento Covid-19. Palmera y petrolera en Man\u00ed, presentan brote en sus trabajadores.\u00bb \u2014 \u25b7 Noticias de Casanare : Martha Cifuentes | Casanare\" src=\"https:\/\/marthacifuentes.com\/portada\/2020\/09\/29\/casanare-sigue-en-aceleramiento-covid-19-palmera-y-petrolera-en-mani-presentan-brote-en-sus-trabajadores\/embed\/#?secret=1gNnT7Zjdr\" width=\"600\" height=\"623\" frameborder=\"0\" marginwidth=\"0\" marginheight=\"0\" scrolling=\"no\" sandbox=\"allow-scripts\" data-secret=\"1gNnT7Zjdr\" data-mce-fragment=\"1\"><\/iframe><\/p>\n<p><iframe loading=\"lazy\" class=\"wp-embedded-content\" title=\"\u00abEste 1 de octubre reinician vuelos comerciales en aeropuerto de Yopal\u00bb \u2014 \u25b7 Noticias de Casanare : Martha Cifuentes | Casanare\" src=\"https:\/\/marthacifuentes.com\/portada\/2020\/09\/29\/este-1-de-octubre-reinician-vuelos-comerciales-en-aeropuerto-de-yopal\/embed\/#?secret=tUDkyuXjTi\" width=\"600\" height=\"577\" frameborder=\"0\" marginwidth=\"0\" marginheight=\"0\" scrolling=\"no\" sandbox=\"allow-scripts\" data-secret=\"tUDkyuXjTi\" data-mce-fragment=\"1\"><\/iframe><\/p>\n<p><iframe loading=\"lazy\" class=\"wp-embedded-content\" title=\"\u00abLa c\u00e1rcel de Paz de Ariporo se la tom\u00f3 la Covid-19\u00bb \u2014 \u25b7 Noticias de Casanare : Martha Cifuentes | Casanare\" src=\"https:\/\/marthacifuentes.com\/portada\/2020\/09\/29\/la-carcel-de-paz-de-ariporo-se-la-tomo-la-covid-19\/embed\/#?secret=eF8y2VVr7T\" width=\"600\" height=\"567\" frameborder=\"0\" marginwidth=\"0\" marginheight=\"0\" scrolling=\"no\" sandbox=\"allow-scripts\" data-secret=\"eF8y2VVr7T\" data-mce-fragment=\"1\"><\/iframe><\/p>\n<p><iframe loading=\"lazy\" class=\"wp-embedded-content\" title=\"\u00abPacto Bicentenario se enreda. Departamentos recularon y no est\u00e1n dispuestos a utilizar regal\u00edas directas.\u00bb \u2014 \u25b7 Noticias de Casanare : Martha Cifuentes | Casanare\" src=\"https:\/\/marthacifuentes.com\/portada\/2020\/09\/29\/pacto-bicentenario-se-enreda-departamentos-recularon-y-no-estan-dispuestos-a-utilizar-regalias-directas\/embed\/#?secret=e11fbftmFC\" width=\"600\" height=\"648\" frameborder=\"0\" marginwidth=\"0\" marginheight=\"0\" scrolling=\"no\" sandbox=\"allow-scripts\" data-secret=\"e11fbftmFC\" data-mce-fragment=\"1\"><\/iframe><\/p>\n<p><iframe loading=\"lazy\" class=\"wp-embedded-content\" title=\"\u00abConsejo de seguridad en Casanare con Min Defensa: discurso repetido y acciones inefectivas\u00bb \u2014 \u25b7 Noticias de Casanare : Martha Cifuentes | Casanare\" src=\"https:\/\/marthacifuentes.com\/portada\/2020\/09\/26\/consejo-de-seguridad-en-casanare-con-min-defensa-discurso-repetido-y-acciones-inefectivas\/embed\/#?secret=Xrtd4JNqSi\" width=\"600\" height=\"595\" frameborder=\"0\" marginwidth=\"0\" marginheight=\"0\" scrolling=\"no\" sandbox=\"allow-scripts\" data-secret=\"Xrtd4JNqSi\" data-mce-fragment=\"1\"><\/iframe><\/p>\n<p><iframe loading=\"lazy\" class=\"wp-embedded-content\" title=\"\u00abLas migajas de 20 a\u00f1os de producci\u00f3n petrolera del bloque Corocora en Trinidad, Casanare\u00bb \u2014 \u25b7 Noticias de Casanare : Martha Cifuentes | Casanare\" src=\"https:\/\/marthacifuentes.com\/portada\/2020\/09\/26\/las-migajas-de-20-anos-de-produccion-petrolera-del-bloque-corocora-en-trinidad-casanare\/embed\/#?secret=ArjlNRks0v\" width=\"600\" height=\"595\" frameborder=\"0\" marginwidth=\"0\" marginheight=\"0\" scrolling=\"no\" sandbox=\"allow-scripts\" data-secret=\"ArjlNRks0v\" data-mce-fragment=\"1\"><\/iframe><\/p>\n<p><iframe loading=\"lazy\" class=\"wp-embedded-content\" title=\"\u00abCasanare se desbord\u00f3. Hoy se reportaron 124 casos Covid-19 y se acumula 2.136 contagios.\u00bb \u2014 \u25b7 Noticias de Casanare : Martha Cifuentes | Casanare\" src=\"https:\/\/marthacifuentes.com\/portada\/2020\/09\/25\/casanare-se-desbordo-hoy-se-reportaron-124-casos-covid-19-y-se-acumula-2-136-contagios\/embed\/#?secret=d1SLLWuytu\" width=\"600\" height=\"574\" frameborder=\"0\" marginwidth=\"0\" marginheight=\"0\" scrolling=\"no\" sandbox=\"allow-scripts\" data-secret=\"d1SLLWuytu\" data-mce-fragment=\"1\"><\/iframe><\/p>\n<p><iframe loading=\"lazy\" class=\"wp-embedded-content\" title=\"\u00abEl ministro de Defensa no pidi\u00f3 perd\u00f3n y un soldado asesin\u00f3 a una mujer trans en Cauca\u00bb \u2014 \u25b7 Noticias de Casanare : Martha Cifuentes | Casanare\" src=\"https:\/\/marthacifuentes.com\/portada\/2020\/09\/24\/el-ministro-de-defensa-no-pidio-perdon-y-un-soldado-asesino-a-una-mujer-trans-en-cauca\/embed\/#?secret=fM8LkvJfAN\" width=\"600\" height=\"595\" frameborder=\"0\" marginwidth=\"0\" marginheight=\"0\" scrolling=\"no\" sandbox=\"allow-scripts\" data-secret=\"fM8LkvJfAN\" data-mce-fragment=\"1\"><\/iframe><\/p>\n<p><iframe loading=\"lazy\" class=\"wp-embedded-content\" title=\"\u00abDoris Bernal pierde otro round en un su pelea por ser directora de Corporinoquia\u00bb \u2014 \u25b7 Noticias de Casanare : Martha Cifuentes | Casanare\" src=\"https:\/\/marthacifuentes.com\/portada\/2020\/09\/23\/doris-bernal-pierde-otro-round-en-un-su-pelea-por-ser-directora-de-corporinoquia\/embed\/#?secret=xg9XHnARe5\" width=\"600\" height=\"601\" frameborder=\"0\" marginwidth=\"0\" marginheight=\"0\" scrolling=\"no\" sandbox=\"allow-scripts\" data-secret=\"xg9XHnARe5\" data-mce-fragment=\"1\"><\/iframe><\/p>\n<p><iframe loading=\"lazy\" class=\"wp-embedded-content\" title=\"\u00abHoy se definir\u00e1 cu\u00e1nto debe aportar de regal\u00edas Casanare en Pacto Bicentenario.\u00bb \u2014 \u25b7 Noticias de Casanare : Martha Cifuentes | Casanare\" src=\"https:\/\/marthacifuentes.com\/portada\/2020\/09\/22\/hoy-se-definira-cuanto-debe-aportar-de-regalias-casanare-en-pacto-bicentenario\/embed\/#?secret=XwfwidbNl1\" width=\"600\" height=\"595\" frameborder=\"0\" marginwidth=\"0\" marginheight=\"0\" scrolling=\"no\" sandbox=\"allow-scripts\" data-secret=\"XwfwidbNl1\" data-mce-fragment=\"1\"><\/iframe><\/p>\n<p><iframe loading=\"lazy\" class=\"wp-embedded-content\" title=\"\u00abAlcald\u00eda de Yopal continuar\u00e1 con estratificaci\u00f3n de La Bendici\u00f3n, a pesar de las protestas\u00bb \u2014 \u25b7 Noticias de Casanare : Martha Cifuentes | Casanare\" src=\"https:\/\/marthacifuentes.com\/portada\/2020\/09\/22\/alcaldia-de-yopal-continuara-con-estratificacion-de-la-bendicion-a-pesar-de-las-protestas\/embed\/#?secret=GpkLCOmwNq\" width=\"600\" height=\"595\" frameborder=\"0\" marginwidth=\"0\" marginheight=\"0\" scrolling=\"no\" sandbox=\"allow-scripts\" data-secret=\"GpkLCOmwNq\" data-mce-fragment=\"1\"><\/iframe><\/p>\n<p><iframe loading=\"lazy\" class=\"wp-embedded-content\" title=\"\u00abCasanare, en promedio 41 casos diarios Covid-19 en septiembre.\u00bb \u2014 \u25b7 Noticias de Casanare : Martha Cifuentes | Casanare\" src=\"https:\/\/marthacifuentes.com\/portada\/2020\/09\/22\/casanare-en-promedio-41-casos-diarios-covid-19-en-septiembre\/embed\/#?secret=ygplZQck9O\" width=\"600\" height=\"620\" frameborder=\"0\" marginwidth=\"0\" marginheight=\"0\" scrolling=\"no\" sandbox=\"allow-scripts\" data-secret=\"ygplZQck9O\" data-mce-fragment=\"1\"><\/iframe><\/p>\n<p><iframe loading=\"lazy\" class=\"wp-embedded-content\" title=\"\u00abOportunidad en Casanare de participar en F\u00e1bricas de Productividad\u00bb \u2014 \u25b7 Noticias de Casanare : Martha Cifuentes | Casanare\" src=\"https:\/\/marthacifuentes.com\/portada\/2020\/09\/22\/oportunidad-en-casanare-de-participar-en-fabricas-de-productividad\/embed\/#?secret=vihb5ShgwY\" width=\"600\" height=\"595\" frameborder=\"0\" marginwidth=\"0\" marginheight=\"0\" scrolling=\"no\" sandbox=\"allow-scripts\" data-secret=\"vihb5ShgwY\" data-mce-fragment=\"1\"><\/iframe><\/p>\n<p><iframe loading=\"lazy\" class=\"wp-embedded-content\" title=\"\u00ab\u00bfCasanare tendr\u00eda que poner 280 mil millones para el Pacto Bicentenario?\u00bb \u2014 \u25b7 Noticias de Casanare : Martha Cifuentes | Casanare\" src=\"https:\/\/marthacifuentes.com\/portada\/2020\/09\/21\/casanare-tendria-que-poner-280-mil-millones-para-el-pacto-bicentenario\/embed\/#?secret=OpKRCDXwJk\" width=\"600\" height=\"574\" frameborder=\"0\" marginwidth=\"0\" marginheight=\"0\" scrolling=\"no\" sandbox=\"allow-scripts\" data-secret=\"OpKRCDXwJk\" data-mce-fragment=\"1\"><\/iframe><\/p>\n<p><iframe loading=\"lazy\" class=\"wp-embedded-content\" title=\"\u00abAlcald\u00eda de Yopal volvi\u00f3 a cuestionar al urbanizador ilegal Jhon Jairo Torres por promover m\u00e1s urbanizaciones piratas\u00bb \u2014 \u25b7 Noticias de Casanare : Martha Cifuentes | Casanare\" src=\"https:\/\/marthacifuentes.com\/portada\/2020\/09\/21\/alcaldia-de-yopal-volvio-a-cuestionar-al-urbanizador-ilegal-jhon-jairo-torres-por-promover-mas-urbanizaciones-piratas\/embed\/#?secret=Iesdtq0Qec\" width=\"600\" height=\"623\" frameborder=\"0\" marginwidth=\"0\" marginheight=\"0\" scrolling=\"no\" sandbox=\"allow-scripts\" data-secret=\"Iesdtq0Qec\" data-mce-fragment=\"1\"><\/iframe><\/p>\n<p><iframe loading=\"lazy\" class=\"wp-embedded-content\" title=\"\u00abCl\u00ednica Casanare cuestionada por demoras en atenci\u00f3n de adultos mayores\u00bb \u2014 \u25b7 Noticias de Casanare : Martha Cifuentes | Casanare\" src=\"https:\/\/marthacifuentes.com\/portada\/2020\/09\/19\/clinica-casanare-cuestionada-por-demoras-en-atencion-de-adultos-mayores\/embed\/#?secret=YrQWn4ggaR\" width=\"600\" height=\"595\" frameborder=\"0\" marginwidth=\"0\" marginheight=\"0\" scrolling=\"no\" sandbox=\"allow-scripts\" data-secret=\"YrQWn4ggaR\" data-mce-fragment=\"1\"><\/iframe><\/p>\n<p><iframe loading=\"lazy\" class=\"wp-embedded-content\" title=\"\u00abAsesinado hombre en vereda El G\u00fcira en Tauramena\u00bb \u2014 \u25b7 Noticias de Casanare : Martha Cifuentes | Casanare\" src=\"https:\/\/marthacifuentes.com\/portada\/2020\/09\/19\/asesinado-hombre-en-vereda-el-guira-en-tauramena\/embed\/#?secret=9yTpm9ZNnD\" width=\"600\" height=\"573\" frameborder=\"0\" marginwidth=\"0\" marginheight=\"0\" scrolling=\"no\" sandbox=\"allow-scripts\" data-secret=\"9yTpm9ZNnD\" data-mce-fragment=\"1\"><\/iframe><\/p>\n<p><iframe loading=\"lazy\" class=\"wp-embedded-content\" title=\"\u00abDuque, sordo y mudo, ante comunidad inconforme por doble calzada Yopal-Aguazul\u00bb \u2014 \u25b7 Noticias de Casanare : Martha Cifuentes | Casanare\" src=\"https:\/\/marthacifuentes.com\/portada\/2020\/09\/18\/duque-sordo-y-mudo-ante-comunidad-inconforme-por-doble-calzada-yopal-aguazul\/embed\/#?secret=ZmFL3VHRJA\" width=\"600\" height=\"595\" frameborder=\"0\" marginwidth=\"0\" marginheight=\"0\" scrolling=\"no\" sandbox=\"allow-scripts\" data-secret=\"ZmFL3VHRJA\" data-mce-fragment=\"1\"><\/iframe><\/p>\n<p><iframe loading=\"lazy\" class=\"wp-embedded-content\" title=\"\u00abTrabajadores de Sodimac-Homecenter en Yopal protestan por despidos\u00bb \u2014 \u25b7 Noticias de Casanare : Martha Cifuentes | Casanare\" src=\"https:\/\/marthacifuentes.com\/portada\/2020\/09\/18\/trabajadores-de-sodimac-homecenter-en-yopal-protestan-por-despidos\/embed\/#?secret=IJctHLoiyB\" width=\"600\" height=\"595\" frameborder=\"0\" marginwidth=\"0\" marginheight=\"0\" scrolling=\"no\" sandbox=\"allow-scripts\" data-secret=\"IJctHLoiyB\" data-mce-fragment=\"1\"><\/iframe><\/p>\n<p><iframe loading=\"lazy\" class=\"wp-embedded-content\" title=\"\u00abPor visita de Duque a Yopal, alcald\u00eda restringe parqueo de carros y parrillero en moto.\u00bb \u2014 \u25b7 Noticias de Casanare : Martha Cifuentes | Casanare\" src=\"https:\/\/marthacifuentes.com\/portada\/2020\/09\/17\/por-visita-de-duque-a-yopal-alcaldia-restringe-parqueo-de-carros-y-parrillero-en-moto\/embed\/#?secret=Nrz6Fk25J7\" width=\"600\" height=\"574\" frameborder=\"0\" marginwidth=\"0\" marginheight=\"0\" scrolling=\"no\" sandbox=\"allow-scripts\" data-secret=\"Nrz6Fk25J7\" data-mce-fragment=\"1\"><\/iframe><\/p>\n<p><iframe loading=\"lazy\" class=\"wp-embedded-content\" title=\"\u00abDisidencias de las Farc niegan que capturado por el Ej\u00e9rcito sea de esta agrupaci\u00f3n\u00bb \u2014 \u25b7 Noticias de Casanare : Martha Cifuentes | Casanare\" src=\"https:\/\/marthacifuentes.com\/portada\/2020\/09\/17\/disidencias-de-las-farc-niegan-que-capturado-por-el-ejercito-sea-de-esta-agrupacion\/embed\/#?secret=6NV7FCLCye\" width=\"600\" height=\"595\" frameborder=\"0\" marginwidth=\"0\" marginheight=\"0\" scrolling=\"no\" sandbox=\"allow-scripts\" data-secret=\"6NV7FCLCye\" data-mce-fragment=\"1\"><\/iframe><\/p>\n<p><iframe loading=\"lazy\" class=\"wp-embedded-content\" title=\"\u00abAeropuerto de Yopal pr\u00f3ximo a abrir vuelos comerciales. Ya se pueden presentar protocolos de bioseguridad.\u00bb \u2014 \u25b7 Noticias de Casanare : Martha Cifuentes | Casanare\" src=\"https:\/\/marthacifuentes.com\/portada\/2020\/09\/17\/aeropuerto-de-yopal-proximo-a-abrir-vuelos-comerciales-ya-se-pueden-presentar-protocolos-de-bioseguridad\/embed\/#?secret=wzGYtikSSw\" width=\"600\" height=\"623\" frameborder=\"0\" marginwidth=\"0\" marginheight=\"0\" scrolling=\"no\" sandbox=\"allow-scripts\" data-secret=\"wzGYtikSSw\" data-mce-fragment=\"1\"><\/iframe><\/p>\n<p><iframe loading=\"lazy\" class=\"wp-embedded-content\" title=\"\u00abQue la PTAP Yopal no sea otro Hidroituango pide Contralor\u00eda Departamental de Casanare\u00bb \u2014 \u25b7 Noticias de Casanare : Martha Cifuentes | Casanare\" src=\"https:\/\/marthacifuentes.com\/portada\/2020\/09\/17\/que-la-ptap-yopal-no-sea-otro-hidroituango-pide-contraloria-departamental-de-casanare\/embed\/#?secret=6fp01VNA36\" width=\"600\" height=\"595\" frameborder=\"0\" marginwidth=\"0\" marginheight=\"0\" scrolling=\"no\" sandbox=\"allow-scripts\" data-secret=\"6fp01VNA36\" data-mce-fragment=\"1\"><\/iframe><\/p>\n<p><iframe loading=\"lazy\" class=\"wp-embedded-content\" title=\"\u00abL\u00edderes sociales de San Luis de Palenque, Casanare, ser\u00e1n libres, pese a la Fiscal\u00eda, Frontera Energy y Ecopetrol\u00bb \u2014 \u25b7 Noticias de Casanare : Martha Cifuentes | Casanare\" src=\"https:\/\/marthacifuentes.com\/portada\/2020\/09\/16\/lideres-sociales-de-san-luis-de-palenque-casanare-seran-libres-pese-a-la-fiscalia-frontera-energy-y-ecopetrol\/embed\/#?secret=9DB4qkinWS\" width=\"600\" height=\"648\" frameborder=\"0\" marginwidth=\"0\" marginheight=\"0\" scrolling=\"no\" sandbox=\"allow-scripts\" data-secret=\"9DB4qkinWS\" data-mce-fragment=\"1\"><\/iframe><\/p>\n<p><iframe loading=\"lazy\" class=\"wp-embedded-content\" title=\"\u00abEmpresarios de Casanare creen que inseguridad aument\u00f3 el 1er semestre del a\u00f1o\u00bb \u2014 \u25b7 Noticias de Casanare : Martha Cifuentes | Casanare\" src=\"https:\/\/marthacifuentes.com\/portada\/2020\/09\/16\/empresarios-de-casanare-creen-que-inseguridad-aumento-el-1er-semestre-del-ano\/embed\/#?secret=PBEUoCmvSj\" width=\"600\" height=\"620\" frameborder=\"0\" marginwidth=\"0\" marginheight=\"0\" scrolling=\"no\" sandbox=\"allow-scripts\" data-secret=\"PBEUoCmvSj\" data-mce-fragment=\"1\"><\/iframe><\/p>\n<h3>Otras noticias\u2026<\/h3>\n<p><iframe loading=\"lazy\" class=\"wp-embedded-content\" title=\"\u00abBloque Ca\u00f1o Garzas, Paz de Ariporo. Una cruda realidad por el crudo de su subsuelo\u00bb \u2014 \u25b7 Noticias de Casanare : Martha Cifuentes | Casanare\" src=\"https:\/\/marthacifuentes.com\/portada\/2020\/09\/16\/bloque-cano-garzas-paz-de-ariporo-una-cruda-realidad-por-el-crudo-de-su-subsuelo\/embed\/#?secret=0E52tiYsvJ\" width=\"600\" height=\"620\" frameborder=\"0\" marginwidth=\"0\" marginheight=\"0\" scrolling=\"no\" sandbox=\"allow-scripts\" data-secret=\"0E52tiYsvJ\" data-mce-fragment=\"1\"><\/iframe><\/p>\n<p><iframe loading=\"lazy\" class=\"wp-embedded-content\" title=\"\u00abMisterio en muerte de sic\u00f3logo Germ\u00e1n Ropero en Yopal.\u00bb \u2014 \u25b7 Noticias de Casanare : Martha Cifuentes | Casanare\" src=\"https:\/\/marthacifuentes.com\/portada\/2020\/09\/15\/misterio-en-muerte-de-sicologo-german-ropero-en-yopal\/embed\/#?secret=HjE8R2pwAp\" width=\"600\" height=\"595\" frameborder=\"0\" marginwidth=\"0\" marginheight=\"0\" scrolling=\"no\" sandbox=\"allow-scripts\" data-secret=\"HjE8R2pwAp\" data-mce-fragment=\"1\"><\/iframe><\/p>\n<\/div>\n<p>&nbsp;<\/p>\n","protected":false},"excerpt":{"rendered":"<p>La Alcaldesa de Paz de Ariporo, Eunice Escobar, es la segunda persona p\u00fablica que expresa que result\u00f3 positiva para Covid-19 luego de participar de una masiva reuni\u00f3n en Monta\u00f1as del Totumo donde estuvo presente el gobernador de Casanare, Salom\u00f3n Sanabria, antes de saber que estaba contagiado con la Covid-19, el pasado 29 de septiembre. \u00a0 &hellip;<\/p>\n","protected":false},"author":2,"featured_media":25209,"comment_status":"open","ping_status":"open","sticky":false,"template":"","format":"standard","meta":{"om_disable_all_campaigns":false,"_exactmetrics_skip_tracking":false,"_exactmetrics_sitenote_active":false,"_exactmetrics_sitenote_note":"","_exactmetrics_sitenote_category":0,"_monsterinsights_skip_tracking":false,"_monsterinsights_sitenote_active":false,"_monsterinsights_sitenote_note":"","_monsterinsights_sitenote_category":0,"_uf_show_specific_survey":0,"_uf_disable_surveys":false,"_joinchat":[],"footnotes":""},"categories":[147,146,145],"tags":[5222,5221,5220,1373,1400],"class_list":["post-25208","post","type-post","status-publish","format-standard","has-post-thumbnail","hentry","category-actualidad","category-noticias","category-reportajes","tag-alcaldesa-de-paz-de-ariporo-con-covid-19-luego-de-reunion-de-montanas-del-totumo-pacto-casanare","tag-alcaldesa-de-paz-de-ariporo-eunice-escobar-con-covid-19","tag-alcaldia-de-paz-de-ariporo-eunice-escobar","tag-casanare-noticias","tag-noticias-casanare"],"yoast_head":"<!-- This site is optimized with the Yoast SEO plugin v26.1 - https:\/\/yoast.com\/wordpress\/plugins\/seo\/ -->\n<title>Alcaldesa de Paz de Ariporo Eunice Escobar con Covid-19 - \u25b7 Noticias de Casanare : Martha Cifuentes | Casanare<\/title>\n<meta name=\"robots\" content=\"index, follow, max-snippet:-1, max-image-preview:large, max-video-preview:-1\" \/>\n<link rel=\"canonical\" href=\"https:\/\/marthacifuentes.com\/portada\/alcaldesa-de-paz-de-ariporo-eunice-escobar-con-covid-19\/\" \/>\n<meta property=\"og:locale\" content=\"es_ES\" \/>\n<meta property=\"og:type\" content=\"article\" \/>\n<meta property=\"og:title\" content=\"Alcaldesa de Paz de Ariporo Eunice Escobar con Covid-19 - \u25b7 Noticias de Casanare : Martha Cifuentes | Casanare\" \/>\n<meta property=\"og:description\" content=\"La Alcaldesa de Paz de Ariporo, Eunice Escobar, es la segunda persona p\u00fablica que expresa que result\u00f3 positiva para Covid-19 luego de participar de una masiva reuni\u00f3n en Monta\u00f1as del Totumo donde estuvo presente el gobernador de Casanare, Salom\u00f3n Sanabria, antes de saber que estaba contagiado con la Covid-19, el pasado 29 de septiembre. \u00a0 &hellip;\" \/>\n<meta property=\"og:url\" content=\"https:\/\/marthacifuentes.com\/portada\/alcaldesa-de-paz-de-ariporo-eunice-escobar-con-covid-19\/\" \/>\n<meta property=\"og:site_name\" content=\"\u25b7 Noticias de Casanare : Martha Cifuentes | Casanare\" \/>\n<meta property=\"article:published_time\" content=\"2020-10-13T16:28:01+00:00\" \/>\n<meta property=\"og:image\" content=\"https:\/\/marthacifuentes.com\/portada\/wp-content\/uploads\/2020\/10\/120453628_1503622839838522_5210971803587017555_o.jpg\" \/>\n\t<meta property=\"og:image:width\" content=\"1280\" \/>\n\t<meta property=\"og:image:height\" content=\"853\" \/>\n\t<meta property=\"og:image:type\" content=\"image\/jpeg\" \/>\n<meta name=\"author\" content=\"Martha Cifuentes\" \/>\n<meta name=\"twitter:card\" content=\"summary_large_image\" \/>\n<meta name=\"twitter:label1\" content=\"Escrito por\" \/>\n\t<meta name=\"twitter:data1\" content=\"Martha Cifuentes\" \/>\n\t<meta name=\"twitter:label2\" content=\"Tiempo de lectura\" \/>\n\t<meta name=\"twitter:data2\" content=\"1 minuto\" \/>\n<script type=\"application\/ld+json\" class=\"yoast-schema-graph\">{\"@context\":\"https:\/\/schema.org\",\"@graph\":[{\"@type\":\"WebPage\",\"@id\":\"https:\/\/marthacifuentes.com\/portada\/alcaldesa-de-paz-de-ariporo-eunice-escobar-con-covid-19\/\",\"url\":\"https:\/\/marthacifuentes.com\/portada\/alcaldesa-de-paz-de-ariporo-eunice-escobar-con-covid-19\/\",\"name\":\"Alcaldesa de Paz de Ariporo Eunice Escobar con Covid-19 - \u25b7 Noticias de Casanare : Martha Cifuentes | Casanare\",\"isPartOf\":{\"@id\":\"https:\/\/marthacifuentes.com\/portada\/#website\"},\"primaryImageOfPage\":{\"@id\":\"https:\/\/marthacifuentes.com\/portada\/alcaldesa-de-paz-de-ariporo-eunice-escobar-con-covid-19\/#primaryimage\"},\"image\":{\"@id\":\"https:\/\/marthacifuentes.com\/portada\/alcaldesa-de-paz-de-ariporo-eunice-escobar-con-covid-19\/#primaryimage\"},\"thumbnailUrl\":\"https:\/\/marthacifuentes.com\/portada\/wp-content\/uploads\/2020\/10\/120453628_1503622839838522_5210971803587017555_o.jpg\",\"datePublished\":\"2020-10-13T16:28:01+00:00\",\"author\":{\"@id\":\"https:\/\/marthacifuentes.com\/portada\/#\/schema\/person\/57f53174b991db5f90ff78d58502b714\"},\"breadcrumb\":{\"@id\":\"https:\/\/marthacifuentes.com\/portada\/alcaldesa-de-paz-de-ariporo-eunice-escobar-con-covid-19\/#breadcrumb\"},\"inLanguage\":\"es\",\"potentialAction\":[{\"@type\":\"ReadAction\",\"target\":[\"https:\/\/marthacifuentes.com\/portada\/alcaldesa-de-paz-de-ariporo-eunice-escobar-con-covid-19\/\"]}]},{\"@type\":\"ImageObject\",\"inLanguage\":\"es\",\"@id\":\"https:\/\/marthacifuentes.com\/portada\/alcaldesa-de-paz-de-ariporo-eunice-escobar-con-covid-19\/#primaryimage\",\"url\":\"https:\/\/marthacifuentes.com\/portada\/wp-content\/uploads\/2020\/10\/120453628_1503622839838522_5210971803587017555_o.jpg\",\"contentUrl\":\"https:\/\/marthacifuentes.com\/portada\/wp-content\/uploads\/2020\/10\/120453628_1503622839838522_5210971803587017555_o.jpg\",\"width\":1280,\"height\":853},{\"@type\":\"BreadcrumbList\",\"@id\":\"https:\/\/marthacifuentes.com\/portada\/alcaldesa-de-paz-de-ariporo-eunice-escobar-con-covid-19\/#breadcrumb\",\"itemListElement\":[{\"@type\":\"ListItem\",\"position\":1,\"name\":\"Portada\",\"item\":\"https:\/\/marthacifuentes.com\/portada\/\"},{\"@type\":\"ListItem\",\"position\":2,\"name\":\"Alcaldesa de Paz de Ariporo Eunice Escobar con Covid-19\"}]},{\"@type\":\"WebSite\",\"@id\":\"https:\/\/marthacifuentes.com\/portada\/#website\",\"url\":\"https:\/\/marthacifuentes.com\/portada\/\",\"name\":\"\u25b7 Noticias de Casanare : Martha Cifuentes | Casanare\",\"description\":\"Noticias &amp; Contenidos\",\"potentialAction\":[{\"@type\":\"SearchAction\",\"target\":{\"@type\":\"EntryPoint\",\"urlTemplate\":\"https:\/\/marthacifuentes.com\/portada\/?s={search_term_string}\"},\"query-input\":{\"@type\":\"PropertyValueSpecification\",\"valueRequired\":true,\"valueName\":\"search_term_string\"}}],\"inLanguage\":\"es\"},{\"@type\":\"Person\",\"@id\":\"https:\/\/marthacifuentes.com\/portada\/#\/schema\/person\/57f53174b991db5f90ff78d58502b714\",\"name\":\"Martha Cifuentes\",\"image\":{\"@type\":\"ImageObject\",\"inLanguage\":\"es\",\"@id\":\"https:\/\/marthacifuentes.com\/portada\/#\/schema\/person\/image\/\",\"url\":\"http:\/\/marthacifuentes.com\/portada\/wp-content\/uploads\/2018\/06\/avatar_user_2_1528838701-96x96.jpg\",\"contentUrl\":\"http:\/\/marthacifuentes.com\/portada\/wp-content\/uploads\/2018\/06\/avatar_user_2_1528838701-96x96.jpg\",\"caption\":\"Martha Cifuentes\"},\"sameAs\":[\"http:\/\/www.marthacifuentes.com\"],\"url\":\"https:\/\/marthacifuentes.com\/portada\/author\/martha\/\"}]}<\/script>\n<!-- \/ Yoast SEO plugin. -->","yoast_head_json":{"title":"Alcaldesa de Paz de Ariporo Eunice Escobar con Covid-19 - \u25b7 Noticias de Casanare : Martha Cifuentes | Casanare","robots":{"index":"index","follow":"follow","max-snippet":"max-snippet:-1","max-image-preview":"max-image-preview:large","max-video-preview":"max-video-preview:-1"},"canonical":"https:\/\/marthacifuentes.com\/portada\/alcaldesa-de-paz-de-ariporo-eunice-escobar-con-covid-19\/","og_locale":"es_ES","og_type":"article","og_title":"Alcaldesa de Paz de Ariporo Eunice Escobar con Covid-19 - \u25b7 Noticias de Casanare : Martha Cifuentes | Casanare","og_description":"La Alcaldesa de Paz de Ariporo, Eunice Escobar, es la segunda persona p\u00fablica que expresa que result\u00f3 positiva para Covid-19 luego de participar de una masiva reuni\u00f3n en Monta\u00f1as del Totumo donde estuvo presente el gobernador de Casanare, Salom\u00f3n Sanabria, antes de saber que estaba contagiado con la Covid-19, el pasado 29 de septiembre. \u00a0 &hellip;","og_url":"https:\/\/marthacifuentes.com\/portada\/alcaldesa-de-paz-de-ariporo-eunice-escobar-con-covid-19\/","og_site_name":"\u25b7 Noticias de Casanare : Martha Cifuentes | Casanare","article_published_time":"2020-10-13T16:28:01+00:00","og_image":[{"width":1280,"height":853,"url":"https:\/\/marthacifuentes.com\/portada\/wp-content\/uploads\/2020\/10\/120453628_1503622839838522_5210971803587017555_o.jpg","type":"image\/jpeg"}],"author":"Martha Cifuentes","twitter_card":"summary_large_image","twitter_misc":{"Escrito por":"Martha Cifuentes","Tiempo de lectura":"1 minuto"},"schema":{"@context":"https:\/\/schema.org","@graph":[{"@type":"WebPage","@id":"https:\/\/marthacifuentes.com\/portada\/alcaldesa-de-paz-de-ariporo-eunice-escobar-con-covid-19\/","url":"https:\/\/marthacifuentes.com\/portada\/alcaldesa-de-paz-de-ariporo-eunice-escobar-con-covid-19\/","name":"Alcaldesa de Paz de Ariporo Eunice Escobar con Covid-19 - \u25b7 Noticias de Casanare : Martha Cifuentes | Casanare","isPartOf":{"@id":"https:\/\/marthacifuentes.com\/portada\/#website"},"primaryImageOfPage":{"@id":"https:\/\/marthacifuentes.com\/portada\/alcaldesa-de-paz-de-ariporo-eunice-escobar-con-covid-19\/#primaryimage"},"image":{"@id":"https:\/\/marthacifuentes.com\/portada\/alcaldesa-de-paz-de-ariporo-eunice-escobar-con-covid-19\/#primaryimage"},"thumbnailUrl":"https:\/\/marthacifuentes.com\/portada\/wp-content\/uploads\/2020\/10\/120453628_1503622839838522_5210971803587017555_o.jpg","datePublished":"2020-10-13T16:28:01+00:00","author":{"@id":"https:\/\/marthacifuentes.com\/portada\/#\/schema\/person\/57f53174b991db5f90ff78d58502b714"},"breadcrumb":{"@id":"https:\/\/marthacifuentes.com\/portada\/alcaldesa-de-paz-de-ariporo-eunice-escobar-con-covid-19\/#breadcrumb"},"inLanguage":"es","potentialAction":[{"@type":"ReadAction","target":["https:\/\/marthacifuentes.com\/portada\/alcaldesa-de-paz-de-ariporo-eunice-escobar-con-covid-19\/"]}]},{"@type":"ImageObject","inLanguage":"es","@id":"https:\/\/marthacifuentes.com\/portada\/alcaldesa-de-paz-de-ariporo-eunice-escobar-con-covid-19\/#primaryimage","url":"https:\/\/marthacifuentes.com\/portada\/wp-content\/uploads\/2020\/10\/120453628_1503622839838522_5210971803587017555_o.jpg","contentUrl":"https:\/\/marthacifuentes.com\/portada\/wp-content\/uploads\/2020\/10\/120453628_1503622839838522_5210971803587017555_o.jpg","width":1280,"height":853},{"@type":"BreadcrumbList","@id":"https:\/\/marthacifuentes.com\/portada\/alcaldesa-de-paz-de-ariporo-eunice-escobar-con-covid-19\/#breadcrumb","itemListElement":[{"@type":"ListItem","position":1,"name":"Portada","item":"https:\/\/marthacifuentes.com\/portada\/"},{"@type":"ListItem","position":2,"name":"Alcaldesa de Paz de Ariporo Eunice Escobar con Covid-19"}]},{"@type":"WebSite","@id":"https:\/\/marthacifuentes.com\/portada\/#website","url":"https:\/\/marthacifuentes.com\/portada\/","name":"\u25b7 Noticias de Casanare : Martha Cifuentes | Casanare","description":"Noticias &amp; Contenidos","potentialAction":[{"@type":"SearchAction","target":{"@type":"EntryPoint","urlTemplate":"https:\/\/marthacifuentes.com\/portada\/?s={search_term_string}"},"query-input":{"@type":"PropertyValueSpecification","valueRequired":true,"valueName":"search_term_string"}}],"inLanguage":"es"},{"@type":"Person","@id":"https:\/\/marthacifuentes.com\/portada\/#\/schema\/person\/57f53174b991db5f90ff78d58502b714","name":"Martha Cifuentes","image":{"@type":"ImageObject","inLanguage":"es","@id":"https:\/\/marthacifuentes.com\/portada\/#\/schema\/person\/image\/","url":"http:\/\/marthacifuentes.com\/portada\/wp-content\/uploads\/2018\/06\/avatar_user_2_1528838701-96x96.jpg","contentUrl":"http:\/\/marthacifuentes.com\/portada\/wp-content\/uploads\/2018\/06\/avatar_user_2_1528838701-96x96.jpg","caption":"Martha Cifuentes"},"sameAs":["http:\/\/www.marthacifuentes.com"],"url":"https:\/\/marthacifuentes.com\/portada\/author\/martha\/"}]}},"_links":{"self":[{"href":"https:\/\/marthacifuentes.com\/portada\/wp-json\/wp\/v2\/posts\/25208","targetHints":{"allow":["GET"]}}],"collection":[{"href":"https:\/\/marthacifuentes.com\/portada\/wp-json\/wp\/v2\/posts"}],"about":[{"href":"https:\/\/marthacifuentes.com\/portada\/wp-json\/wp\/v2\/types\/post"}],"author":[{"embeddable":true,"href":"https:\/\/marthacifuentes.com\/portada\/wp-json\/wp\/v2\/users\/2"}],"replies":[{"embeddable":true,"href":"https:\/\/marthacifuentes.com\/portada\/wp-json\/wp\/v2\/comments?post=25208"}],"version-history":[{"count":0,"href":"https:\/\/marthacifuentes.com\/portada\/wp-json\/wp\/v2\/posts\/25208\/revisions"}],"wp:featuredmedia":[{"embeddable":true,"href":"https:\/\/marthacifuentes.com\/portada\/wp-json\/wp\/v2\/media\/25209"}],"wp:attachment":[{"href":"https:\/\/marthacifuentes.com\/portada\/wp-json\/wp\/v2\/media?parent=25208"}],"wp:term":[{"taxonomy":"category","embeddable":true,"href":"https:\/\/marthacifuentes.com\/portada\/wp-json\/wp\/v2\/categories?post=25208"},{"taxonomy":"post_tag","embeddable":true,"href":"https:\/\/marthacifuentes.com\/portada\/wp-json\/wp\/v2\/tags?post=25208"}],"curies":[{"name":"wp","href":"https:\/\/api.w.org\/{rel}","templated":true}]}}