{"id":25425,"date":"2020-11-03T16:43:01","date_gmt":"2020-11-03T21:43:01","guid":{"rendered":"https:\/\/marthacifuentes.com\/portada\/?p=25425"},"modified":"2020-11-03T16:43:01","modified_gmt":"2020-11-03T21:43:01","slug":"petrolera-frontera-y-su-contratista-serpet-jr-serian-sancionadas-por-cormacarena-por-incidente-de-volqueta-caida-al-rio-meta","status":"publish","type":"post","link":"https:\/\/marthacifuentes.com\/portada\/petrolera-frontera-y-su-contratista-serpet-jr-serian-sancionadas-por-cormacarena-por-incidente-de-volqueta-caida-al-rio-meta\/","title":{"rendered":"Petrolera Frontera y su contratista Serpet JR ser\u00edan sancionadas por Cormacarena por incidente de volqueta ca\u00edda al r\u00edo Meta"},"content":{"rendered":"<p><strong>Luego de superar la contingencia de la volqueta que cay\u00f3 al r\u00edo Meta, Cormacarena inici\u00f3 de inmediato un proceso sancionatorio contra las empresas Frontera Energy y su contratista Serpet JR. Seg\u00fan la Corporaci\u00f3n, estas fueron responsables del hecho que puso en riesgo los ecosistemas estrat\u00e9gicos del departamento, tras circular por una ruta no autorizada.<\/strong><\/p>\n<p>La extracci\u00f3n total de la volqueta a la superficie, se logr\u00f3 despu\u00e9s de 4 d\u00edas a trav\u00e9s de varias gr\u00faas de alta capacidad de peso y personal de las empresas responsables, que se encargaron de desarrollar dicha actividad a la altura del muelle entre los municipios de Puerto L\u00f3pez y Cabuyaro.<\/p>\n<p>Mientras tanto, un equipo t\u00e9cnico calificado de Cormacarena que estuvo desde el primer momento de la contingencia, pudo constatar que no se acataron las directrices en torno a retirar con prontitud el veh\u00edculo comprometido para disminuir el riesgo sobre el afluente, lo cual desencaden\u00f3 en el derrame de la valvulina, el di\u00e9sel que funciona como combustible y de algunos \u00e1cidos de la bater\u00eda.<\/p>\n<p>Igualmente, la transportadora Serpet JR tom\u00f3 las respectivas pruebas f\u00edsico qu\u00edmicas del recurso h\u00eddrico para ser analizadas y en los pr\u00f3ximos d\u00edas la Corporaci\u00f3n har\u00e1 lo pertinente frente al caso, teniendo en cuenta que la extracci\u00f3n de la volqueta se tom\u00f3 mucho m\u00e1s tiempo del necesario.<\/p>\n<p>Por su parte la empresa Frontera Energy emiti\u00f3 un comunicado donde expresa que el contenedor fue recuperado \u00edntegro, garantizando que no hay contaminaci\u00f3n del afluente. Se proceder\u00e1 con el monitoreo final del agua para ratificar a las autoridades competentes que no hubo afectaciones al r\u00edo ni a la fauna y flora que en \u00e9l habita.<\/p>\n<p>Sobre la ruta utilizada, se expres\u00f3 que Frontera no autoriz\u00f3 esa operaci\u00f3n ni el uso de esa ruta, por tanto iniciar\u00e1 la investigaci\u00f3n del incidente de acuerdo con los procedimientos establecidos para tal fin y poder determinar por qu\u00e9 el conductor del contratista tom\u00f3 esa ruta no autorizada.<\/p>\n<p>La ruta normal es Gait\u00e1n, Puerto L\u00f3pez, Villavicencio, Villanueva, Aguazul y Yopal, todo por carreteras principales.<\/p>\n<p><img loading=\"lazy\" decoding=\"async\" class=\"alignnone  wp-image-25427\" src=\"https:\/\/marthacifuentes.com\/portada\/wp-content\/uploads\/2020\/11\/WhatsApp-Image-2020-11-03-at-11.55.34-AM-768x1024.jpeg\" alt=\"\" width=\"490\" height=\"653\" srcset=\"https:\/\/marthacifuentes.com\/portada\/wp-content\/uploads\/2020\/11\/WhatsApp-Image-2020-11-03-at-11.55.34-AM-768x1024.jpeg 768w, https:\/\/marthacifuentes.com\/portada\/wp-content\/uploads\/2020\/11\/WhatsApp-Image-2020-11-03-at-11.55.34-AM-225x300.jpeg 225w, https:\/\/marthacifuentes.com\/portada\/wp-content\/uploads\/2020\/11\/WhatsApp-Image-2020-11-03-at-11.55.34-AM.jpeg 960w\" sizes=\"auto, (max-width: 490px) 100vw, 490px\" \/><\/p>\n<p><img loading=\"lazy\" decoding=\"async\" class=\"alignnone size-large wp-image-25428\" src=\"https:\/\/marthacifuentes.com\/portada\/wp-content\/uploads\/2020\/11\/WhatsApp-Image-2020-11-03-at-11.55.36-AM-492x1024.jpeg\" alt=\"\" width=\"492\" height=\"1024\" srcset=\"https:\/\/marthacifuentes.com\/portada\/wp-content\/uploads\/2020\/11\/WhatsApp-Image-2020-11-03-at-11.55.36-AM-492x1024.jpeg 492w, https:\/\/marthacifuentes.com\/portada\/wp-content\/uploads\/2020\/11\/WhatsApp-Image-2020-11-03-at-11.55.36-AM-144x300.jpeg 144w, https:\/\/marthacifuentes.com\/portada\/wp-content\/uploads\/2020\/11\/WhatsApp-Image-2020-11-03-at-11.55.36-AM.jpeg 500w\" sizes=\"auto, (max-width: 492px) 100vw, 492px\" \/><\/p>\n<p><img loading=\"lazy\" decoding=\"async\" class=\"alignnone size-large wp-image-25429\" src=\"https:\/\/marthacifuentes.com\/portada\/wp-content\/uploads\/2020\/11\/WhatsApp-Image-2020-11-03-at-11.55.35-AM-492x1024.jpeg\" alt=\"\" width=\"492\" height=\"1024\" srcset=\"https:\/\/marthacifuentes.com\/portada\/wp-content\/uploads\/2020\/11\/WhatsApp-Image-2020-11-03-at-11.55.35-AM-492x1024.jpeg 492w, https:\/\/marthacifuentes.com\/portada\/wp-content\/uploads\/2020\/11\/WhatsApp-Image-2020-11-03-at-11.55.35-AM-144x300.jpeg 144w, https:\/\/marthacifuentes.com\/portada\/wp-content\/uploads\/2020\/11\/WhatsApp-Image-2020-11-03-at-11.55.35-AM.jpeg 500w\" sizes=\"auto, (max-width: 492px) 100vw, 492px\" \/><\/p>\n<h3>Otras noticias&#8230;<\/h3>\n<blockquote class=\"wp-embedded-content\" data-secret=\"8bZNj9h3o5\"><p><a href=\"https:\/\/marthacifuentes.com\/portada\/2020\/11\/03\/amnistia-para-remisos-del-ejercito-en-casanare-se-realizara-este-4-de-noviembre\/\">Amnist\u00eda para remisos del ej\u00e9rcito en Casanare se realizar\u00e1 este 4 de noviembre<\/a><\/p><\/blockquote>\n<p><iframe loading=\"lazy\" class=\"wp-embedded-content\" sandbox=\"allow-scripts\" security=\"restricted\" style=\"position: absolute; clip: rect(1px, 1px, 1px, 1px);\" title=\"\u00abAmnist\u00eda para remisos del ej\u00e9rcito en Casanare se realizar\u00e1 este 4 de noviembre\u00bb \u2014 \u25b7 Noticias de Casanare : Martha Cifuentes | Casanare\" src=\"https:\/\/marthacifuentes.com\/portada\/2020\/11\/03\/amnistia-para-remisos-del-ejercito-en-casanare-se-realizara-este-4-de-noviembre\/embed\/#?secret=drQgcrYdHP#?secret=8bZNj9h3o5\" data-secret=\"8bZNj9h3o5\" width=\"500\" height=\"282\" frameborder=\"0\" marginwidth=\"0\" marginheight=\"0\" scrolling=\"no\"><\/iframe><\/p>\n<blockquote class=\"wp-embedded-content\" data-secret=\"ZOEeNJXao5\"><p><a href=\"https:\/\/marthacifuentes.com\/portada\/2020\/11\/03\/aguazul-san-luis-y-hato-corozal-rajados-en-cumplimiento-de-normas-administrativas-y-fiscales-en-vigencia-2019\/\">Aguazul, San Luis y Hato Corozal rajados en cumplimiento de normas administrativas y fiscales en vigencia 2019<\/a><\/p><\/blockquote>\n<p><iframe loading=\"lazy\" class=\"wp-embedded-content\" title=\"\u00abAguazul, San Luis y Hato Corozal rajados en cumplimiento de normas administrativas y fiscales en vigencia 2019\u00bb \u2014 \u25b7 Noticias de Casanare : Martha Cifuentes | Casanare\" src=\"https:\/\/marthacifuentes.com\/portada\/2020\/11\/03\/aguazul-san-luis-y-hato-corozal-rajados-en-cumplimiento-de-normas-administrativas-y-fiscales-en-vigencia-2019\/embed\/#?secret=ZOEeNJXao5\" width=\"600\" height=\"338\" frameborder=\"0\" marginwidth=\"0\" marginheight=\"0\" scrolling=\"no\" sandbox=\"allow-scripts\" data-secret=\"ZOEeNJXao5\" data-mce-fragment=\"1\"><\/iframe><\/p>\n<div class=\"main-content tie-col-md-8 tie-col-xs-12\" role=\"main\">\n<article id=\"the-post\" class=\"container-wrapper post-content tie-standard\">\n<div class=\"entry-content entry clearfix\">\n<p><iframe loading=\"lazy\" class=\"wp-embedded-content\" title=\"\u00abAlcald\u00eda de Yopal reactiva cobros coactivos y otros procesos contra deudores morosos de impuestos\u00bb \u2014 \u25b7 Noticias de Casanare : Martha Cifuentes | Casanare\" src=\"https:\/\/marthacifuentes.com\/portada\/2020\/11\/03\/alcaldia-de-yopal-reactiva-cobros-coactivos-y-otros-procesos-contra-deudores-morosos-de-impuestos\/embed\/#?secret=kjioaHYlcn\" width=\"600\" height=\"595\" frameborder=\"0\" marginwidth=\"0\" marginheight=\"0\" scrolling=\"no\" sandbox=\"allow-scripts\" data-secret=\"kjioaHYlcn\" data-mce-fragment=\"1\"><\/iframe><\/p>\n<p><iframe loading=\"lazy\" class=\"wp-embedded-content\" title=\"\u00abYopal sigue con pico y c\u00e9dula en el d\u00eda y toque de queda en la noche\u00bb \u2014 \u25b7 Noticias de Casanare : Martha Cifuentes | Casanare\" src=\"https:\/\/marthacifuentes.com\/portada\/2020\/11\/03\/yopal-sigue-con-pico-y-cedula-en-el-dia-y-toque-de-queda-en-la-noche\/embed\/#?secret=xt1qtOxStw\" width=\"600\" height=\"595\" frameborder=\"0\" marginwidth=\"0\" marginheight=\"0\" scrolling=\"no\" sandbox=\"allow-scripts\" data-secret=\"xt1qtOxStw\" data-mce-fragment=\"1\"><\/iframe><\/p>\n<p><iframe loading=\"lazy\" class=\"wp-embedded-content\" title=\"\u00abYopal con m\u00e1s de 3 mil contagiados con Covid-19 pero con bares autorizados a funcionar\u00bb \u2014 \u25b7 Noticias de Casanare : Martha Cifuentes | Casanare\" src=\"https:\/\/marthacifuentes.com\/portada\/2020\/11\/03\/yopal-con-mas-de-3-mil-contagiados-con-covid-19-pero-con-bares-autorizados-a-funcionar\/embed\/#?secret=cO40nUtCxT\" width=\"600\" height=\"574\" frameborder=\"0\" marginwidth=\"0\" marginheight=\"0\" scrolling=\"no\" sandbox=\"allow-scripts\" data-secret=\"cO40nUtCxT\" data-mce-fragment=\"1\"><\/iframe><\/p>\n<p><iframe loading=\"lazy\" class=\"wp-embedded-content\" title=\"\u00abPacientes deben ser atendidos en medio de escombros en Centro de Salud de Sabanalarga\u00bb \u2014 \u25b7 Noticias de Casanare : Martha Cifuentes | Casanare\" src=\"https:\/\/marthacifuentes.com\/portada\/2020\/11\/02\/pacientes-deben-ser-atendidos-en-medio-de-escombros-en-centro-de-salud-de-sabanalarga\/embed\/#?secret=jedfIjloAc\" width=\"600\" height=\"595\" frameborder=\"0\" marginwidth=\"0\" marginheight=\"0\" scrolling=\"no\" sandbox=\"allow-scripts\" data-secret=\"jedfIjloAc\" data-mce-fragment=\"1\"><\/iframe><\/p>\n<p><iframe loading=\"lazy\" class=\"wp-embedded-content\" title=\"\u00abEx comandante operativo de polic\u00eda Casanare, coronel Carlos Rojas, seleccionado para ascender al grado de brigadier general\u00bb \u2014 \u25b7 Noticias de Casanare : Martha Cifuentes | Casanare\" src=\"https:\/\/marthacifuentes.com\/portada\/2020\/10\/30\/ex-comandante-operativo-de-policia-casanare-coronel-carlos-rojas-seleccionado-para-ascender-al-grado-de-brigadier-general\/embed\/#?secret=ynhxqxdcRh\" width=\"600\" height=\"623\" frameborder=\"0\" marginwidth=\"0\" marginheight=\"0\" scrolling=\"no\" sandbox=\"allow-scripts\" data-secret=\"ynhxqxdcRh\" data-mce-fragment=\"1\"><\/iframe><\/p>\n<p><iframe loading=\"lazy\" class=\"wp-embedded-content\" title=\"\u00ab50 docentes de Casanare aprender\u00e1n programaci\u00f3n, videojuegos y apps con Oracle Academy, para ense\u00f1arle a estudiantes casanare\u00f1os.\u00bb \u2014 \u25b7 Noticias de Casanare : Martha Cifuentes | Casanare\" src=\"https:\/\/marthacifuentes.com\/portada\/2020\/10\/30\/50-docentes-de-casanare-aprenderan-programacion-videojuegos-y-apps-con-oracle-academy-para-ensenarle-a-estudiantes-casanarenos\/embed\/#?secret=c4BY8YF9wo\" width=\"600\" height=\"623\" frameborder=\"0\" marginwidth=\"0\" marginheight=\"0\" scrolling=\"no\" sandbox=\"allow-scripts\" data-secret=\"c4BY8YF9wo\" data-mce-fragment=\"1\"><\/iframe><\/p>\n<p><iframe loading=\"lazy\" class=\"wp-embedded-content\" title=\"\u00abInpec por fin se dign\u00f3 a \u201crecibir\u201d 21 delincuentes condenados en Casanare que est\u00e1n en carceletas de la polic\u00eda\u00bb \u2014 \u25b7 Noticias de Casanare : Martha Cifuentes | Casanare\" src=\"https:\/\/marthacifuentes.com\/portada\/2020\/10\/29\/inpec-por-fin-se-digno-a-recibir-21-delincuentes-condenados-en-casanare-que-estan-en-carceletas-de-la-policia\/embed\/#?secret=fhtGVC23vm\" width=\"600\" height=\"623\" frameborder=\"0\" marginwidth=\"0\" marginheight=\"0\" scrolling=\"no\" sandbox=\"allow-scripts\" data-secret=\"fhtGVC23vm\" data-mce-fragment=\"1\"><\/iframe><\/p>\n<p><iframe loading=\"lazy\" class=\"wp-embedded-content\" title=\"\u00abCasanare como una monta\u00f1a rusa con el Covid-19: Subir\u00e1 r\u00e1pido y bajar\u00e1 igual.\u00bb \u2014 \u25b7 Noticias de Casanare : Martha Cifuentes | Casanare\" src=\"https:\/\/marthacifuentes.com\/portada\/2020\/10\/29\/casanare-como-una-montana-rusa-con-el-covid-19-subira-rapido-y-bajara-igual\/embed\/#?secret=Az67VOaqO4\" width=\"600\" height=\"595\" frameborder=\"0\" marginwidth=\"0\" marginheight=\"0\" scrolling=\"no\" sandbox=\"allow-scripts\" data-secret=\"Az67VOaqO4\" data-mce-fragment=\"1\"><\/iframe><\/p>\n<p><iframe loading=\"lazy\" class=\"wp-embedded-content\" title=\"\u00abAsamblea de Casanare sin cinco pagar internet para difundir sus sesiones.\u00bb \u2014 \u25b7 Noticias de Casanare : Martha Cifuentes | Casanare\" src=\"https:\/\/marthacifuentes.com\/portada\/2020\/10\/29\/asamblea-de-casanare-sin-cinco-pagar-internet-para-difundir-sus-sesiones\/embed\/#?secret=Ah9zHLrZ4U\" width=\"600\" height=\"595\" frameborder=\"0\" marginwidth=\"0\" marginheight=\"0\" scrolling=\"no\" sandbox=\"allow-scripts\" data-secret=\"Ah9zHLrZ4U\" data-mce-fragment=\"1\"><\/iframe><\/p>\n<p><iframe loading=\"lazy\" class=\"wp-embedded-content\" title=\"\u00abDesde ma\u00f1ana y hasta el domingo, toque de queda para menores de 17 a\u00f1os en Yopal\u00bb \u2014 \u25b7 Noticias de Casanare : Martha Cifuentes | Casanare\" src=\"https:\/\/marthacifuentes.com\/portada\/2020\/10\/29\/desde-manana-y-hasta-el-domingo-toque-de-queda-para-menores-de-17-anos-en-yopal\/embed\/#?secret=M2gBe5UTGP\" width=\"600\" height=\"574\" frameborder=\"0\" marginwidth=\"0\" marginheight=\"0\" scrolling=\"no\" sandbox=\"allow-scripts\" data-secret=\"M2gBe5UTGP\" data-mce-fragment=\"1\"><\/iframe><\/p>\n<p><iframe loading=\"lazy\" class=\"wp-embedded-content\" title=\"\u00ab\u201cExcombatientes de las Farc piden protecci\u00f3n del gobierno para que no los sigan matando\u201d\u00bb \u2014 \u25b7 Noticias de Casanare : Martha Cifuentes | Casanare\" src=\"https:\/\/marthacifuentes.com\/portada\/2020\/10\/29\/excombatientes-de-las-farc-piden-proteccion-del-gobierno-para-que-no-los-sigan-matando\/embed\/#?secret=crQH4FIqMZ\" width=\"600\" height=\"595\" frameborder=\"0\" marginwidth=\"0\" marginheight=\"0\" scrolling=\"no\" sandbox=\"allow-scripts\" data-secret=\"crQH4FIqMZ\" data-mce-fragment=\"1\"><\/iframe><\/p>\n<p><iframe loading=\"lazy\" class=\"wp-embedded-content\" title=\"\u00ab\u00bfPor qu\u00e9 destituyeron del IFC a la subgerente Administrativa Sandra Patricia Rinc\u00f3n?\u00bb \u2014 \u25b7 Noticias de Casanare : Martha Cifuentes | Casanare\" src=\"https:\/\/marthacifuentes.com\/portada\/2020\/10\/27\/por-que-destituyeron-del-ifc-a-la-subgerente-administrativa-sandra-patricia-rincon\/embed\/#?secret=k0sZoGF6Nk\" width=\"600\" height=\"595\" frameborder=\"0\" marginwidth=\"0\" marginheight=\"0\" scrolling=\"no\" sandbox=\"allow-scripts\" data-secret=\"k0sZoGF6Nk\" data-mce-fragment=\"1\"><\/iframe><\/p>\n<p><iframe loading=\"lazy\" class=\"wp-embedded-content\" title=\"\u00abCapturado concejal de Man\u00ed se\u00f1alado de violencia intrafamiliar\u00bb \u2014 \u25b7 Noticias de Casanare : Martha Cifuentes | Casanare\" src=\"https:\/\/marthacifuentes.com\/portada\/2020\/10\/27\/capturado-concejal-de-mani-senalado-de-violencia-intrafamiliar\/embed\/#?secret=Esn4kwkzH2\" width=\"600\" height=\"620\" frameborder=\"0\" marginwidth=\"0\" marginheight=\"0\" scrolling=\"no\" sandbox=\"allow-scripts\" data-secret=\"Esn4kwkzH2\" data-mce-fragment=\"1\"><\/iframe><\/p>\n<p><iframe loading=\"lazy\" class=\"wp-embedded-content\" title=\"\u00abYopal tendr\u00eda toque de queda para menores de edad del 29 de octubre al 2 de noviembre\u00bb \u2014 \u25b7 Noticias de Casanare : Martha Cifuentes | Casanare\" src=\"https:\/\/marthacifuentes.com\/portada\/2020\/10\/26\/yopal-tendria-toque-de-queda-para-menores-de-edad-del-29-de-octubre-al-2-de-noviembre\/embed\/#?secret=KceA9rReVz\" width=\"600\" height=\"574\" frameborder=\"0\" marginwidth=\"0\" marginheight=\"0\" scrolling=\"no\" sandbox=\"allow-scripts\" data-secret=\"KceA9rReVz\" data-mce-fragment=\"1\"><\/iframe><\/p>\n<p><iframe loading=\"lazy\" class=\"wp-embedded-content\" title=\"\u00abInpec no recibe presos y tiene a polic\u00eda de Casanare entre la espada y los barrotes.\u00bb \u2014 \u25b7 Noticias de Casanare : Martha Cifuentes | Casanare\" src=\"https:\/\/marthacifuentes.com\/portada\/2020\/10\/26\/inpec-no-recibe-presos-y-tiene-a-policia-de-casanare-entre-la-espada-y-los-barrotes\/embed\/#?secret=c8yfTbUCi4\" width=\"600\" height=\"595\" frameborder=\"0\" marginwidth=\"0\" marginheight=\"0\" scrolling=\"no\" sandbox=\"allow-scripts\" data-secret=\"c8yfTbUCi4\" data-mce-fragment=\"1\"><\/iframe><\/p>\n<p><iframe loading=\"lazy\" class=\"wp-embedded-content\" title=\"\u00abCondenados Polic\u00eda y Min Defensa por no garantizar seguridad de intendente asesinado por el ELN en emboscada contra 31 uniformados en Aguazul, Casanare en 2016.\u00bb \u2014 \u25b7 Noticias de Casanare : Martha Cifuentes | Casanare\" src=\"https:\/\/marthacifuentes.com\/portada\/2020\/10\/26\/condenados-policia-y-min-defensa-por-no-garantizar-seguridad-de-intendente-asesinado-por-el-eln-en-emboscada-contra-31-uniformados-en-aguazul-casanare-en-2016\/embed\/#?secret=dOJWSmXw9E\" width=\"600\" height=\"676\" frameborder=\"0\" marginwidth=\"0\" marginheight=\"0\" scrolling=\"no\" sandbox=\"allow-scripts\" data-secret=\"dOJWSmXw9E\" data-mce-fragment=\"1\"><\/iframe><\/p>\n<p><iframe loading=\"lazy\" class=\"wp-embedded-content\" title=\"\u00abConcejal de Monterrey fallecido con Covid-19 en Yopal habr\u00eda sido sepultado en esa poblaci\u00f3n. Secretar\u00eda de Salud investiga el hecho.\u00bb \u2014 \u25b7 Noticias de Casanare : Martha Cifuentes | Casanare\" src=\"https:\/\/marthacifuentes.com\/portada\/2020\/10\/22\/concejal-de-monterrey-fallecido-con-covid-19-en-yopal-habria-sido-sepultado-en-esa-poblacion-secretaria-de-salud-investiga-el-hecho\/embed\/#?secret=ysBfASomyc\" width=\"600\" height=\"623\" frameborder=\"0\" marginwidth=\"0\" marginheight=\"0\" scrolling=\"no\" sandbox=\"allow-scripts\" data-secret=\"ysBfASomyc\" data-mce-fragment=\"1\"><\/iframe><\/p>\n<p><iframe loading=\"lazy\" class=\"wp-embedded-content\" title=\"\u00abPresunto asesino y maltratador de ni\u00f1a de 2 a\u00f1os en Yopal fue enviado a la c\u00e1rcel\u00bb \u2014 \u25b7 Noticias de Casanare : Martha Cifuentes | Casanare\" src=\"https:\/\/marthacifuentes.com\/portada\/2020\/10\/21\/presunto-asesino-y-maltratador-de-nina-de-2-anos-en-yopal-fue-enviado-a-la-carcel\/embed\/#?secret=wRQxudHZYy\" width=\"600\" height=\"620\" frameborder=\"0\" marginwidth=\"0\" marginheight=\"0\" scrolling=\"no\" sandbox=\"allow-scripts\" data-secret=\"wRQxudHZYy\" data-mce-fragment=\"1\"><\/iframe><\/p>\n<p><iframe loading=\"lazy\" class=\"wp-embedded-content\" title=\"\u00abCasanare super\u00f3 4 mil casos Covid-19, UCI adultos ocupadas al 86% y Horo se desbord\u00f3 con pacientes\u00bb \u2014 \u25b7 Noticias de Casanare : Martha Cifuentes | Casanare\" src=\"https:\/\/marthacifuentes.com\/portada\/2020\/10\/21\/casanare-supero-4-mil-casos-covid-19-uci-adultos-ocupadas-al-86-y-horo-se-desbordo-con-pacientes\/embed\/#?secret=8SSQOpA1Ix\" width=\"600\" height=\"595\" frameborder=\"0\" marginwidth=\"0\" marginheight=\"0\" scrolling=\"no\" sandbox=\"allow-scripts\" data-secret=\"8SSQOpA1Ix\" data-mce-fragment=\"1\"><\/iframe><\/p>\n<p><iframe loading=\"lazy\" class=\"wp-embedded-content\" title=\"\u00abAs\u00ed quedaron los dise\u00f1os de accesos viales a Yopal. Presi\u00f3n de comunidad fue importante.\u00bb \u2014 \u25b7 Noticias de Casanare : Martha Cifuentes | Casanare\" src=\"https:\/\/marthacifuentes.com\/portada\/2020\/10\/21\/asi-quedaron-los-disenos-de-accesos-viales-a-yopal-presion-de-comunidad-fue-importante\/embed\/#?secret=xZYPvUYFzG\" width=\"600\" height=\"592\" frameborder=\"0\" marginwidth=\"0\" marginheight=\"0\" scrolling=\"no\" sandbox=\"allow-scripts\" data-secret=\"xZYPvUYFzG\" data-mce-fragment=\"1\"><\/iframe><\/p>\n<p><iframe loading=\"lazy\" class=\"wp-embedded-content\" title=\"\u00abSe mantiene el peso m\u00e1ximo de 52 toneladas en el corredor Villavicencio \u2013 Yopal\u00bb \u2014 \u25b7 Noticias de Casanare : Martha Cifuentes | Casanare\" src=\"https:\/\/marthacifuentes.com\/portada\/2020\/10\/21\/se-mantiene-el-peso-maximo-de-52-toneladas-en-el-corredor-villavicencio-yopal\/embed\/#?secret=5A6K0ewrkC\" width=\"600\" height=\"595\" frameborder=\"0\" marginwidth=\"0\" marginheight=\"0\" scrolling=\"no\" sandbox=\"allow-scripts\" data-secret=\"5A6K0ewrkC\" data-mce-fragment=\"1\"><\/iframe><\/p>\n<p><iframe loading=\"lazy\" class=\"wp-embedded-content\" title=\"\u00abFracas\u00f3 demanda de nulidad electoral contra el alcalde de Yopal. Seguir\u00e1 gobernando\u00bb \u2014 \u25b7 Noticias de Casanare : Martha Cifuentes | Casanare\" src=\"https:\/\/marthacifuentes.com\/portada\/2020\/10\/21\/fracaso-demanda-de-nulidad-electoral-contra-el-alcalde-de-yopal-seguira-gobernando\/embed\/#?secret=jtBYdtO11p\" width=\"600\" height=\"595\" frameborder=\"0\" marginwidth=\"0\" marginheight=\"0\" scrolling=\"no\" sandbox=\"allow-scripts\" data-secret=\"jtBYdtO11p\" data-mce-fragment=\"1\"><\/iframe><\/p>\n<p><iframe loading=\"lazy\" class=\"wp-embedded-content\" title=\"\u00abHoro realizar\u00e1 la autopsia de Albaluz Baldi\u00f3n, quien falleci\u00f3 luego de una cirug\u00eda en la Cl\u00ednica Casanare en Yopal\u00a0\u00bb \u2014 \u25b7 Noticias de Casanare : Martha Cifuentes | Casanare\" src=\"https:\/\/marthacifuentes.com\/portada\/2020\/10\/20\/horo-realizara-la-autopsia-de-albaluz-baldion-quien-fallecio-luego-de-una-cirugia-en-la-clinica-casanare-en-yopal\/embed\/#?secret=5GRGoOfzoh\" width=\"600\" height=\"619\" frameborder=\"0\" marginwidth=\"0\" marginheight=\"0\" scrolling=\"no\" sandbox=\"allow-scripts\" data-secret=\"5GRGoOfzoh\" data-mce-fragment=\"1\"><\/iframe><\/p>\n<p><iframe loading=\"lazy\" class=\"wp-embedded-content\" title=\"\u00abSe acabaron las gabelas para los morosos del impuesto de veh\u00edculos en la Gobernaci\u00f3n de Casanare\u00bb \u2014 \u25b7 Noticias de Casanare : Martha Cifuentes | Casanare\" src=\"https:\/\/marthacifuentes.com\/portada\/2020\/10\/20\/se-acabaron-las-gabelas-para-los-morosos-del-impuesto-de-vehiculos-en-la-gobernacion-de-casanare\/embed\/#?secret=PBOPBijES8\" width=\"600\" height=\"595\" frameborder=\"0\" marginwidth=\"0\" marginheight=\"0\" scrolling=\"no\" sandbox=\"allow-scripts\" data-secret=\"PBOPBijES8\" data-mce-fragment=\"1\"><\/iframe><\/p>\n<p><iframe loading=\"lazy\" class=\"wp-embedded-content\" title=\"\u00abNi con 8 billones de pesos Alcald\u00eda de Yopal podr\u00eda pagar posibles fallos judiciales adversos: Jur\u00eddico Municipio\u00bb \u2014 \u25b7 Noticias de Casanare : Martha Cifuentes | Casanare\" src=\"https:\/\/marthacifuentes.com\/portada\/2020\/10\/20\/ni-con-8-billones-de-pesos-alcaldia-de-yopal-podria-pagar-posibles-fallos-judiciales-adversos-juridico-municipio\/embed\/#?secret=nhL9m6O6b8\" width=\"600\" height=\"334\" frameborder=\"0\" marginwidth=\"0\" marginheight=\"0\" scrolling=\"no\" sandbox=\"allow-scripts\" data-secret=\"nhL9m6O6b8\" data-mce-fragment=\"1\"><\/iframe><\/p>\n<p><iframe loading=\"lazy\" class=\"wp-embedded-content\" title=\"\u00abMilagro en Yopal. Ileso ni\u00f1o de 3 a\u00f1os ca\u00eddo de un quinto piso.\u00bb \u2014 \u25b7 Noticias de Casanare : Martha Cifuentes | Casanare\" src=\"https:\/\/marthacifuentes.com\/portada\/2020\/10\/20\/milagro-en-yopal-ileso-nino-de-3-anos-caido-de-un-quinto-piso\/embed\/#?secret=ER9bwwo33S\" width=\"600\" height=\"549\" frameborder=\"0\" marginwidth=\"0\" marginheight=\"0\" scrolling=\"no\" sandbox=\"allow-scripts\" data-secret=\"ER9bwwo33S\" data-mce-fragment=\"1\"><\/iframe><\/p>\n<p><iframe loading=\"lazy\" class=\"wp-embedded-content\" title=\"\u00abProcuradur\u00eda investiga a exgerente de Hospital Regional de la Orinoquia en Yopal por sobrecostos en compra de camas\u00bb \u2014 \u25b7 Noticias de Casanare : Martha Cifuentes | Casanare\" src=\"https:\/\/marthacifuentes.com\/portada\/2020\/10\/19\/procuraduria-investiga-a-exgerente-de-hospital-regional-de-la-orinoquia-en-yopal-por-sobrecostos-en-compra-de-camas\/embed\/#?secret=Yinl4aYwV1\" width=\"600\" height=\"636\" frameborder=\"0\" marginwidth=\"0\" marginheight=\"0\" scrolling=\"no\" sandbox=\"allow-scripts\" data-secret=\"Yinl4aYwV1\" data-mce-fragment=\"1\"><\/iframe><\/p>\n<p><iframe loading=\"lazy\" class=\"wp-embedded-content\" title=\"\u00abA la c\u00e1rcel el se\u00f1alado feminicida de Mar\u00eda de los \u00c1ngeles Trejos en Yopal\u00bb \u2014 \u25b7 Noticias de Casanare : Martha Cifuentes | Casanare\" src=\"https:\/\/marthacifuentes.com\/portada\/2020\/10\/18\/a-la-carcel-el-senalado-feminicida-de-maria-de-los-angeles-trejos-en-yopal\/embed\/#?secret=Adc9qxI34h\" width=\"600\" height=\"595\" frameborder=\"0\" marginwidth=\"0\" marginheight=\"0\" scrolling=\"no\" sandbox=\"allow-scripts\" data-secret=\"Adc9qxI34h\" data-mce-fragment=\"1\"><\/iframe><\/p>\n<p><iframe loading=\"lazy\" class=\"wp-embedded-content\" title=\"\u00abM\u00e1s de 475 solicitudes para reactivar obras de construcci\u00f3n se han presentado en Yopal\u00bb \u2014 \u25b7 Noticias de Casanare : Martha Cifuentes | Casanare\" src=\"https:\/\/marthacifuentes.com\/portada\/2020\/10\/16\/mas-de-475-solicitudes-para-reactivar-obras-de-construccion-se-han-presentado-en-yopal\/embed\/#?secret=44HoaHLDwl\" width=\"600\" height=\"595\" frameborder=\"0\" marginwidth=\"0\" marginheight=\"0\" scrolling=\"no\" sandbox=\"allow-scripts\" data-secret=\"44HoaHLDwl\" data-mce-fragment=\"1\"><\/iframe><\/p>\n<p><iframe loading=\"lazy\" class=\"wp-embedded-content\" title=\"\u00abCon estampilla, Unitr\u00f3pico busca recaudar 300 mil millones de pesos en 15 a\u00f1os\u00bb \u2014 \u25b7 Noticias de Casanare : Martha Cifuentes | Casanare\" src=\"https:\/\/marthacifuentes.com\/portada\/2020\/10\/16\/con-estampilla-unitropico-busca-recaudar-300-mil-millones-de-pesos-en-15-anos\/embed\/#?secret=OIcCRGsAMe\" width=\"600\" height=\"595\" frameborder=\"0\" marginwidth=\"0\" marginheight=\"0\" scrolling=\"no\" sandbox=\"allow-scripts\" data-secret=\"OIcCRGsAMe\" data-mce-fragment=\"1\"><\/iframe><\/p>\n<p><iframe loading=\"lazy\" class=\"wp-embedded-content\" title=\"\u00abSi la pandemia deja, Casanare tendr\u00e1 ciclismo nacional este a\u00f1o\u00bb \u2014 \u25b7 Noticias de Casanare : Martha Cifuentes | Casanare\" src=\"https:\/\/marthacifuentes.com\/portada\/2020\/10\/16\/si-la-pandemia-deja-casanare-tendra-ciclismo-nacional-este-ano\/embed\/#?secret=7KFAbq2qrv\" width=\"600\" height=\"595\" frameborder=\"0\" marginwidth=\"0\" marginheight=\"0\" scrolling=\"no\" sandbox=\"allow-scripts\" data-secret=\"7KFAbq2qrv\" data-mce-fragment=\"1\"><\/iframe><\/p>\n<p><iframe loading=\"lazy\" class=\"wp-embedded-content\" title=\"\u00abEste s\u00e1bado 17 de octubre Cuarta Gran Jornada Nacional de Vacunaci\u00f3n en Yopal\u00bb \u2014 \u25b7 Noticias de Casanare : Martha Cifuentes | Casanare\" src=\"https:\/\/marthacifuentes.com\/portada\/2020\/10\/16\/este-sabado-17-de-octubre-cuarta-gran-jornada-nacional-de-vacunacion-en-yopal\/embed\/#?secret=C4q8ZavQBg\" width=\"600\" height=\"595\" frameborder=\"0\" marginwidth=\"0\" marginheight=\"0\" scrolling=\"no\" sandbox=\"allow-scripts\" data-secret=\"C4q8ZavQBg\" data-mce-fragment=\"1\"><\/iframe><\/p>\n<p><iframe loading=\"lazy\" class=\"wp-embedded-content\" title=\"\u00abSustancias t\u00f3xicas con las que podr\u00eda cometerse suicidio se venden en las calles de Yopal\u00bb \u2014 \u25b7 Noticias de Casanare : Martha Cifuentes | Casanare\" src=\"https:\/\/marthacifuentes.com\/portada\/2020\/10\/16\/sustancias-toxicas-con-las-que-podria-cometerse-suicidio-se-venden-en-las-calles-de-yopal\/embed\/#?secret=XNopecap7K\" width=\"600\" height=\"595\" frameborder=\"0\" marginwidth=\"0\" marginheight=\"0\" scrolling=\"no\" sandbox=\"allow-scripts\" data-secret=\"XNopecap7K\" data-mce-fragment=\"1\"><\/iframe><\/p>\n<p><iframe loading=\"lazy\" class=\"wp-embedded-content\" title=\"\u00abZona rural de Ch\u00e1meza deber\u00e1 seguir esperando a que alg\u00fan d\u00eda MinTic mejore servicios de telefon\u00eda celular.\u00bb \u2014 \u25b7 Noticias de Casanare : Martha Cifuentes | Casanare\" src=\"https:\/\/marthacifuentes.com\/portada\/2020\/10\/15\/zona-rural-de-chameza-debera-seguir-esperando-a-que-algun-dia-mintic-mejore-servicios-de-telefonia-celular\/embed\/#?secret=mA7D9WaICW\" width=\"600\" height=\"595\" frameborder=\"0\" marginwidth=\"0\" marginheight=\"0\" scrolling=\"no\" sandbox=\"allow-scripts\" data-secret=\"mA7D9WaICW\" data-mce-fragment=\"1\"><\/iframe><\/p>\n<p><iframe loading=\"lazy\" class=\"wp-embedded-content\" title=\"\u00abJes\u00fas Monroy seguir\u00e1 siendo alcalde de Trinidad, Casanare. Tribunal neg\u00f3 demanda que buscaba tumbar su credencial.\u00bb \u2014 \u25b7 Noticias de Casanare : Martha Cifuentes | Casanare\" src=\"https:\/\/marthacifuentes.com\/portada\/2020\/10\/15\/jesus-monroy-seguira-siendo-alcalde-de-trinidad-casanare-tribunal-nego-demanda-que-buscaba-tumbar-su-credencial\/embed\/#?secret=CxISNKmzx3\" width=\"600\" height=\"623\" frameborder=\"0\" marginwidth=\"0\" marginheight=\"0\" scrolling=\"no\" sandbox=\"allow-scripts\" data-secret=\"CxISNKmzx3\" data-mce-fragment=\"1\"><\/iframe><\/p>\n<p><iframe loading=\"lazy\" class=\"wp-embedded-content\" title=\"\u00abCasanare hoy super\u00f3 la barrera de los 200 casos Covid-19 nuevos.\u00bb \u2014 \u25b7 Noticias de Casanare : Martha Cifuentes | Casanare\" src=\"https:\/\/marthacifuentes.com\/portada\/2020\/10\/15\/casanare-hoy-supero-la-barrera-de-los-200-casos-covid-19-nuevos\/embed\/#?secret=RMVCz3KAQZ\" width=\"600\" height=\"595\" frameborder=\"0\" marginwidth=\"0\" marginheight=\"0\" scrolling=\"no\" sandbox=\"allow-scripts\" data-secret=\"RMVCz3KAQZ\" data-mce-fragment=\"1\"><\/iframe><\/p>\n<p><iframe loading=\"lazy\" class=\"wp-embedded-content\" title=\"\u00abTribunal de Casanare admiti\u00f3 demanda contra constructor del fallido programa de vivienda Torres del Silencio en Yopal\u00bb \u2014 \u25b7 Noticias de Casanare : Martha Cifuentes | Casanare\" src=\"https:\/\/marthacifuentes.com\/portada\/2020\/10\/15\/tribunal-de-casanare-admitio-demanda-contra-constructor-del-fallido-programa-de-vivienda-torres-del-silencio-en-yopal\/embed\/#?secret=YsV7VsJaOx\" width=\"600\" height=\"627\" frameborder=\"0\" marginwidth=\"0\" marginheight=\"0\" scrolling=\"no\" sandbox=\"allow-scripts\" data-secret=\"YsV7VsJaOx\" data-mce-fragment=\"1\"><\/iframe><\/p>\n<p><iframe loading=\"lazy\" class=\"wp-embedded-content\" title=\"\u00abHija de mujer asesinada en Yopal clama justicia y que el feminicida no se haga el loco para evadir su responsabilidad\u00bb \u2014 \u25b7 Noticias de Casanare : Martha Cifuentes | Casanare\" src=\"https:\/\/marthacifuentes.com\/portada\/2020\/10\/13\/hija-de-mujer-asesinada-en-yopal-clama-justicia-y-que-el-feminicida-no-se-haga-el-loco-para-evadir-su-responsabilidad\/embed\/#?secret=OLZnkCdCRo\" width=\"600\" height=\"623\" frameborder=\"0\" marginwidth=\"0\" marginheight=\"0\" scrolling=\"no\" sandbox=\"allow-scripts\" data-secret=\"OLZnkCdCRo\" data-mce-fragment=\"1\"><\/iframe><\/p>\n<p><iframe loading=\"lazy\" class=\"wp-embedded-content\" title=\"\u00abAlcaldesa de Paz de Ariporo Eunice Escobar con Covid-19\u00bb \u2014 \u25b7 Noticias de Casanare : Martha Cifuentes | Casanare\" src=\"https:\/\/marthacifuentes.com\/portada\/2020\/10\/13\/alcaldesa-de-paz-de-ariporo-eunice-escobar-con-covid-19\/embed\/#?secret=kKqD4j94IL\" width=\"600\" height=\"595\" frameborder=\"0\" marginwidth=\"0\" marginheight=\"0\" scrolling=\"no\" sandbox=\"allow-scripts\" data-secret=\"kKqD4j94IL\" data-mce-fragment=\"1\"><\/iframe><\/p>\n<p><iframe loading=\"lazy\" class=\"wp-embedded-content\" title=\"\u00abDe la alegr\u00eda de la firma del pacto por Casanare en Monta\u00f1as del Totumo, Paz de Ariporo, se pas\u00f3 al temor por posible contagio de Covid-19\u00bb \u2014 \u25b7 Noticias de Casanare : Martha Cifuentes | Casanare\" src=\"https:\/\/marthacifuentes.com\/portada\/2020\/10\/13\/de-la-alegria-de-la-firma-del-pacto-por-casanare-en-montanas-del-totumo-paz-de-ariporo-se-paso-al-temor-por-posible-contagio-de-covid-19\/embed\/#?secret=kXSYTEdd6u\" width=\"600\" height=\"623\" frameborder=\"0\" marginwidth=\"0\" marginheight=\"0\" scrolling=\"no\" sandbox=\"allow-scripts\" data-secret=\"kXSYTEdd6u\" data-mce-fragment=\"1\"><\/iframe><\/p>\n<p><iframe loading=\"lazy\" class=\"wp-embedded-content\" title=\"\u00abOtro feminicidio en Yopal. Hija de mujer asesinada denuncia que el agresor la chantajeaba emocionalmente.\u00bb \u2014 \u25b7 Noticias de Casanare : Martha Cifuentes | Casanare\" src=\"https:\/\/marthacifuentes.com\/portada\/2020\/10\/13\/otro-feminicidio-en-yopal-hija-de-mujer-asesinada-denuncia-que-el-agresor-la-chantajeaba-emocionalmente\/embed\/#?secret=jUSWSSGvcS\" width=\"600\" height=\"623\" frameborder=\"0\" marginwidth=\"0\" marginheight=\"0\" scrolling=\"no\" sandbox=\"allow-scripts\" data-secret=\"jUSWSSGvcS\" data-mce-fragment=\"1\"><\/iframe><\/p>\n<p><iframe loading=\"lazy\" class=\"wp-embedded-content\" title=\"\u00abLa mala hora de Jos\u00e9 Humberto Barrios: Con Covid-19 y ca\u00edda su elecci\u00f3n como presidente del Concejo de Yopal\u00bb \u2014 \u25b7 Noticias de Casanare : Martha Cifuentes | Casanare\" src=\"https:\/\/marthacifuentes.com\/portada\/2020\/10\/13\/la-mala-hora-de-jose-humberto-barrios-con-covid-19-y-caida-su-eleccion-como-presidente-del-concejo-de-yopal\/embed\/#?secret=4mLbTV6H7v\" width=\"600\" height=\"647\" frameborder=\"0\" marginwidth=\"0\" marginheight=\"0\" scrolling=\"no\" sandbox=\"allow-scripts\" data-secret=\"4mLbTV6H7v\" data-mce-fragment=\"1\"><\/iframe><\/p>\n<p><iframe loading=\"lazy\" class=\"wp-embedded-content\" title=\"\u00abProcuradur\u00eda investiga a actual gobernador (e) de Casanare Yesid Mari\u00f1o\u00bb \u2014 \u25b7 Noticias de Casanare : Martha Cifuentes | Casanare\" src=\"https:\/\/marthacifuentes.com\/portada\/2020\/10\/08\/procuraduria-investiga-a-actual-gobernador-e-de-casanare-yesid-marino\/embed\/#?secret=rk4SoV3Y4R\" width=\"600\" height=\"595\" frameborder=\"0\" marginwidth=\"0\" marginheight=\"0\" scrolling=\"no\" sandbox=\"allow-scripts\" data-secret=\"rk4SoV3Y4R\" data-mce-fragment=\"1\"><\/iframe><\/p>\n<p><iframe loading=\"lazy\" class=\"wp-embedded-content\" title=\"\u00abPresidente del Concejo de Yopal con Covid-19\u00bb \u2014 \u25b7 Noticias de Casanare : Martha Cifuentes | Casanare\" src=\"https:\/\/marthacifuentes.com\/portada\/2020\/10\/08\/presidente-del-concejo-de-yopal-con-covid-19\/embed\/#?secret=ETWmIupTvJ\" width=\"600\" height=\"567\" frameborder=\"0\" marginwidth=\"0\" marginheight=\"0\" scrolling=\"no\" sandbox=\"allow-scripts\" data-secret=\"ETWmIupTvJ\" data-mce-fragment=\"1\"><\/iframe><\/p>\n<p><iframe loading=\"lazy\" class=\"wp-embedded-content\" title=\"\u00abToque de queda hasta el 31 de octubre y ley seca durante el fin de semana en Yopal\u00bb \u2014 \u25b7 Noticias de Casanare : Martha Cifuentes | Casanare\" src=\"https:\/\/marthacifuentes.com\/portada\/2020\/10\/08\/toque-de-queda-hasta-el-31-de-octubre-y-ley-seca-durante-el-fin-de-semana-en-yopal\/embed\/#?secret=M3DlNoR3w3\" width=\"600\" height=\"574\" frameborder=\"0\" marginwidth=\"0\" marginheight=\"0\" scrolling=\"no\" sandbox=\"allow-scripts\" data-secret=\"M3DlNoR3w3\" data-mce-fragment=\"1\"><\/iframe><\/p>\n<p><iframe loading=\"lazy\" class=\"wp-embedded-content\" title=\"\u00abEn Yopal inician formalizaci\u00f3n masiva y gratuita de predios urbanos\u00bb \u2014 \u25b7 Noticias de Casanare : Martha Cifuentes | Casanare\" src=\"https:\/\/marthacifuentes.com\/portada\/2020\/10\/08\/en-yopal-inician-formalizacion-masiva-y-gratuita-de-predios-urbanos\/embed\/#?secret=9SbHi6HBJv\" width=\"600\" height=\"595\" frameborder=\"0\" marginwidth=\"0\" marginheight=\"0\" scrolling=\"no\" sandbox=\"allow-scripts\" data-secret=\"9SbHi6HBJv\" data-mce-fragment=\"1\"><\/iframe><\/p>\n<p><iframe loading=\"lazy\" class=\"wp-embedded-content\" title=\"\u00abPacientes Covid-19 de Sanitas en Casanare denuncian negligencia en atenci\u00f3n. 48 Horas para valoraci\u00f3n no se cumplen.\u00bb \u2014 \u25b7 Noticias de Casanare : Martha Cifuentes | Casanare\" src=\"https:\/\/marthacifuentes.com\/portada\/2020\/10\/08\/pacientes-covid-19-de-sanitas-en-casanare-denuncian-negligencia-en-atencion-48-horas-para-valoracion-no-se-cumplen\/embed\/#?secret=OCbn1A8kod\" width=\"600\" height=\"626\" frameborder=\"0\" marginwidth=\"0\" marginheight=\"0\" scrolling=\"no\" sandbox=\"allow-scripts\" data-secret=\"OCbn1A8kod\" data-mce-fragment=\"1\"><\/iframe><\/p>\n<p><iframe loading=\"lazy\" class=\"wp-embedded-content\" title=\"\u00abGanader\u00eda casanare\u00f1a: Ganando a pesar del olvido del Estado\u00bb \u2014 \u25b7 Noticias de Casanare : Martha Cifuentes | Casanare\" src=\"https:\/\/marthacifuentes.com\/portada\/2020\/10\/07\/ganaderia-casanarena-ganando-a-pesar-del-olvido-del-estado\/embed\/#?secret=bV2R8ha79h\" width=\"600\" height=\"595\" frameborder=\"0\" marginwidth=\"0\" marginheight=\"0\" scrolling=\"no\" sandbox=\"allow-scripts\" data-secret=\"bV2R8ha79h\" data-mce-fragment=\"1\"><\/iframe><\/p>\n<p><iframe loading=\"lazy\" class=\"wp-embedded-content\" title=\"\u00abComandante de la polic\u00eda en Casanare con Covid-19\u00bb \u2014 \u25b7 Noticias de Casanare : Martha Cifuentes | Casanare\" src=\"https:\/\/marthacifuentes.com\/portada\/2020\/10\/06\/comandante-de-la-policia-en-casanare-con-covid-19\/embed\/#?secret=YLnS2QTNdI\" width=\"600\" height=\"549\" frameborder=\"0\" marginwidth=\"0\" marginheight=\"0\" scrolling=\"no\" sandbox=\"allow-scripts\" data-secret=\"YLnS2QTNdI\" data-mce-fragment=\"1\"><\/iframe><\/p>\n<p><iframe loading=\"lazy\" class=\"wp-embedded-content\" title=\"\u00abYopal con toque de queda y militarizada, por Covid-19, tan pronto sea aprobado decreto en Min Interior\u00bb \u2014 \u25b7 Noticias de Casanare : Martha Cifuentes | Casanare\" src=\"https:\/\/marthacifuentes.com\/portada\/2020\/10\/06\/yopal-con-toque-de-queda-y-militarizada-por-covid-19-tan-pronto-sea-aprobado-decreto-en-min-interior\/embed\/#?secret=rk6Zjh2WYr\" width=\"600\" height=\"595\" frameborder=\"0\" marginwidth=\"0\" marginheight=\"0\" scrolling=\"no\" sandbox=\"allow-scripts\" data-secret=\"rk6Zjh2WYr\" data-mce-fragment=\"1\"><\/iframe><\/p>\n<p><iframe loading=\"lazy\" class=\"wp-embedded-content\" title=\"\u00abGobierno Duque le hizo conejo a beneficiarios de Ingreso Solidario en Casanare. No hay plata.\u00bb \u2014 \u25b7 Noticias de Casanare : Martha Cifuentes | Casanare\" src=\"https:\/\/marthacifuentes.com\/portada\/2020\/10\/06\/gobierno-duque-le-hizo-conejo-a-beneficiarios-de-ingreso-solidario-en-casanare-no-hay-plata\/embed\/#?secret=wJm0vZKuvt\" width=\"600\" height=\"595\" frameborder=\"0\" marginwidth=\"0\" marginheight=\"0\" scrolling=\"no\" sandbox=\"allow-scripts\" data-secret=\"wJm0vZKuvt\" data-mce-fragment=\"1\"><\/iframe><\/p>\n<p><iframe loading=\"lazy\" class=\"wp-embedded-content\" title=\"\u00abProcuradur\u00eda investiga a exalcalde de Orocu\u00e9 y funcionarios de la Gobernaci\u00f3n de Casanare por irregularidades en contratos por $34.000 millones de v\u00eda Yopal \u2013 Orocu\u00e9\u00bb \u2014 \u25b7 Noticias de Casanare : Martha Cifuentes | Casanare\" src=\"https:\/\/marthacifuentes.com\/portada\/2020\/10\/02\/procuraduria-investiga-a-exalcalde-de-orocue-y-funcionarios-de-la-gobernacion-de-casanare-por-irregularidades-en-contratos-por-34-000-millones-de-via-yopal-orocue\/embed\/#?secret=JcJkPe6OUN\" width=\"600\" height=\"675\" frameborder=\"0\" marginwidth=\"0\" marginheight=\"0\" scrolling=\"no\" sandbox=\"allow-scripts\" data-secret=\"JcJkPe6OUN\" data-mce-fragment=\"1\"><\/iframe><\/p>\n<p><iframe loading=\"lazy\" class=\"wp-embedded-content\" title=\"\u00abGobernador de Casanare con Covid-19. A 10 contactos estrechos les realizan pruebas.\u00bb \u2014 \u25b7 Noticias de Casanare : Martha Cifuentes | Casanare\" src=\"https:\/\/marthacifuentes.com\/portada\/2020\/10\/02\/gobernador-de-casanare-con-covid-19-a-10-contactos-estrechos-les-realizan-pruebas\/embed\/#?secret=WZjPtBjJdg\" width=\"600\" height=\"595\" frameborder=\"0\" marginwidth=\"0\" marginheight=\"0\" scrolling=\"no\" sandbox=\"allow-scripts\" data-secret=\"WZjPtBjJdg\" data-mce-fragment=\"1\"><\/iframe><\/p>\n<p>&nbsp;<\/p>\n<div><\/div>\n<div>\n<p><iframe loading=\"lazy\" class=\"wp-embedded-content\" title=\"\u00abTemor en Casanare por panfletos de autodefensas. Polic\u00eda dice que no hay presencia del Clan del Golfo, pero\u2026\u00bb \u2014 \u25b7 Noticias de Casanare : Martha Cifuentes | Casanare\" src=\"https:\/\/marthacifuentes.com\/portada\/2020\/10\/02\/temor-en-casanare-por-panfletos-de-autodefensas-policia-dice-que-no-hay-presencia-del-clan-del-golfo-pero\/embed\/#?secret=NRhjNGzEQC\" width=\"600\" height=\"612\" frameborder=\"0\" marginwidth=\"0\" marginheight=\"0\" scrolling=\"no\" sandbox=\"allow-scripts\" data-secret=\"NRhjNGzEQC\" data-mce-fragment=\"1\"><\/iframe><\/p>\n<p><iframe loading=\"lazy\" class=\"wp-embedded-content\" title=\"\u00abPor compartir mesa con gobernador de Arauca (con Covid-19), ahora el de Casanare entr\u00f3 en aislamiento preventivo.\u00bb \u2014 \u25b7 Noticias de Casanare : Martha Cifuentes | Casanare\" src=\"https:\/\/marthacifuentes.com\/portada\/2020\/09\/30\/por-compartir-mesa-con-gobernador-de-arauca-con-covid-19-ahora-el-de-casanare-entro-en-aislamiento-preventivo\/embed\/#?secret=3ES1HF42uQ\" width=\"600\" height=\"644\" frameborder=\"0\" marginwidth=\"0\" marginheight=\"0\" scrolling=\"no\" sandbox=\"allow-scripts\" data-secret=\"3ES1HF42uQ\" data-mce-fragment=\"1\"><\/iframe><\/p>\n<p><iframe loading=\"lazy\" class=\"wp-embedded-content\" title=\"\u00abHist\u00f3rico: Senadora Amanda Roc\u00edo Gonz\u00e1lez gestion\u00f3 $500 mil millones con el Pacto Territorial por Casanare\u00bb \u2014 \u25b7 Noticias de Casanare : Martha Cifuentes | Casanare\" src=\"https:\/\/marthacifuentes.com\/portada\/2020\/09\/30\/historico-senadora-amanda-rocio-gonzalez-gestiono-500-mil-millones-con-el-pacto-territorial-por-casanare\/embed\/#?secret=XAL5Qf9GC2\" width=\"600\" height=\"595\" frameborder=\"0\" marginwidth=\"0\" marginheight=\"0\" scrolling=\"no\" sandbox=\"allow-scripts\" data-secret=\"XAL5Qf9GC2\" data-mce-fragment=\"1\"><\/iframe><\/p>\n<p><iframe loading=\"lazy\" class=\"wp-embedded-content\" title=\"\u00abClan Buitrago, creador del grupo paramilitar ACC en Casanare dispuesto a contar la verdad de cara a las v\u00edctimas\u00bb \u2014 \u25b7 Noticias de Casanare : Martha Cifuentes | Casanare\" src=\"https:\/\/marthacifuentes.com\/portada\/2020\/09\/30\/clan-buitrago-creador-del-grupo-paramilitar-acc-en-casanare-dispuesto-a-contar-la-verdad-de-cara-a-las-victimas\/embed\/#?secret=Xr6U8ykRPG\" width=\"600\" height=\"648\" frameborder=\"0\" marginwidth=\"0\" marginheight=\"0\" scrolling=\"no\" sandbox=\"allow-scripts\" data-secret=\"Xr6U8ykRPG\" data-mce-fragment=\"1\"><\/iframe><\/p>\n<p><iframe loading=\"lazy\" class=\"wp-embedded-content\" title=\"\u00abFuerzas militares garantizar\u00e1n retorno de v\u00edctimas a sus lugares de origen en Casanare\u00bb \u2014 \u25b7 Noticias de Casanare : Martha Cifuentes | Casanare\" src=\"https:\/\/marthacifuentes.com\/portada\/2020\/09\/30\/fuerzas-militares-garantizaran-retorno-de-victimas-a-sus-lugares-de-origen-en-casanare\/embed\/#?secret=h5bVUTObQh\" width=\"600\" height=\"584\" frameborder=\"0\" marginwidth=\"0\" marginheight=\"0\" scrolling=\"no\" sandbox=\"allow-scripts\" data-secret=\"h5bVUTObQh\" data-mce-fragment=\"1\"><\/iframe><\/p>\n<p><iframe loading=\"lazy\" class=\"wp-embedded-content\" title=\"\u00abCovid-19 lleg\u00f3 a zona rural de San Luis de Palenque. Alcalde confirma 25 casos.\u00bb \u2014 \u25b7 Noticias de Casanare : Martha Cifuentes | Casanare\" src=\"https:\/\/marthacifuentes.com\/portada\/2020\/09\/30\/covid-19-llego-a-zona-rural-de-san-luis-de-palenque-alcalde-confirma-25-casos\/embed\/#?secret=KeRxqfwvzQ\" width=\"600\" height=\"595\" frameborder=\"0\" marginwidth=\"0\" marginheight=\"0\" scrolling=\"no\" sandbox=\"allow-scripts\" data-secret=\"KeRxqfwvzQ\" data-mce-fragment=\"1\"><\/iframe><\/p>\n<p><iframe loading=\"lazy\" class=\"wp-embedded-content\" title=\"\u00ab\u00bfGobernador de Arauca pudo haber contagiado al de Casanare Salom\u00f3n Sanabria con Covid-19 en cumbre de mandatarios la semana pasada?\u00bb \u2014 \u25b7 Noticias de Casanare : Martha Cifuentes | Casanare\" src=\"https:\/\/marthacifuentes.com\/portada\/2020\/09\/29\/gobernador-de-arauca-pudo-haber-contagiado-al-de-casanare-salomon-sanabria-con-covid-19-en-cumbre-de-mandatarios-la-semana-pasada\/embed\/#?secret=wNGJptZIGV\" width=\"600\" height=\"623\" frameborder=\"0\" marginwidth=\"0\" marginheight=\"0\" scrolling=\"no\" sandbox=\"allow-scripts\" data-secret=\"wNGJptZIGV\" data-mce-fragment=\"1\"><\/iframe><\/p>\n<p><iframe loading=\"lazy\" class=\"wp-embedded-content\" title=\"\u00abCasanare sigue en aceleramiento Covid-19. Palmera y petrolera en Man\u00ed, presentan brote en sus trabajadores.\u00bb \u2014 \u25b7 Noticias de Casanare : Martha Cifuentes | Casanare\" src=\"https:\/\/marthacifuentes.com\/portada\/2020\/09\/29\/casanare-sigue-en-aceleramiento-covid-19-palmera-y-petrolera-en-mani-presentan-brote-en-sus-trabajadores\/embed\/#?secret=1gNnT7Zjdr\" width=\"600\" height=\"623\" frameborder=\"0\" marginwidth=\"0\" marginheight=\"0\" scrolling=\"no\" sandbox=\"allow-scripts\" data-secret=\"1gNnT7Zjdr\" data-mce-fragment=\"1\"><\/iframe><\/p>\n<p><iframe loading=\"lazy\" class=\"wp-embedded-content\" title=\"\u00abEste 1 de octubre reinician vuelos comerciales en aeropuerto de Yopal\u00bb \u2014 \u25b7 Noticias de Casanare : Martha Cifuentes | Casanare\" src=\"https:\/\/marthacifuentes.com\/portada\/2020\/09\/29\/este-1-de-octubre-reinician-vuelos-comerciales-en-aeropuerto-de-yopal\/embed\/#?secret=tUDkyuXjTi\" width=\"600\" height=\"577\" frameborder=\"0\" marginwidth=\"0\" marginheight=\"0\" scrolling=\"no\" sandbox=\"allow-scripts\" data-secret=\"tUDkyuXjTi\" data-mce-fragment=\"1\"><\/iframe><\/p>\n<\/div>\n<div class=\"post-bottom-meta\">\n<div class=\"post-bottom-meta-title\">\u00a0Etiquetas<\/div>\n<p><span class=\"tagcloud\"><a href=\"https:\/\/marthacifuentes.com\/portada\/tag\/aguazul-san-luis-de-palenque-hato-corozal-auditorias-contraloria-casanare\/\" rel=\"tag\">Aguazul San Luis de Palenque Hato Corozal Auditor\u00edas Contralor\u00eda Casanare<\/a><a href=\"https:\/\/marthacifuentes.com\/portada\/tag\/casanare-noticias\/\" rel=\"tag\">casanare noticias<\/a><a href=\"https:\/\/marthacifuentes.com\/portada\/tag\/irregularidades-en-municipios-contraloria-departamental\/\" rel=\"tag\">Irregularidades en municipios Contralor\u00eda Departamental<\/a><a href=\"https:\/\/marthacifuentes.com\/portada\/tag\/noticias-de-casanare\/\" rel=\"tag\">Noticias de casanare<\/a><a href=\"https:\/\/marthacifuentes.com\/portada\/tag\/yopal-noticias\/\" rel=\"tag\">yopal noticias<\/a><\/span><\/p>\n<\/div>\n<div class=\"post-bottom-meta\">\n<div class=\"post-bottom-meta-title\"><a class=\"post-edit-link\" href=\"https:\/\/marthacifuentes.com\/portada\/wp-admin\/post.php?post=25419&amp;action=edit\">\u00a0Editar<\/a><\/div>\n<\/div>\n<\/div>\n<div class=\"post-footer post-footer-on-bottom\">\n<div class=\"share-links \"><a class=\"facebook-share-btn large-share-button\" href=\"http:\/\/www.facebook.com\/sharer.php?u=https:\/\/marthacifuentes.com\/portada\/2020\/11\/03\/aguazul-san-luis-y-hato-corozal-rajados-en-cumplimiento-de-normas-administrativas-y-fiscales-en-vigencia-2019\/\" target=\"_blank\" rel=\"external noopener noreferrer\"><span class=\"social-text\">Facebook<\/span><\/a><a class=\"twitter-share-btn large-share-button\" href=\"https:\/\/twitter.com\/intent\/tweet?text=Aguazul%2C+San+Luis+y+Hato+Corozal+rajados+en+cumplimiento+de+normas+administrativas+y+fiscales+en+vigencia+2019&amp;url=https:\/\/marthacifuentes.com\/portada\/2020\/11\/03\/aguazul-san-luis-y-hato-corozal-rajados-en-cumplimiento-de-normas-administrativas-y-fiscales-en-vigencia-2019\/\" target=\"_blank\" rel=\"external noopener noreferrer\"><span class=\"social-text\">Twitter<\/span><\/a><a class=\"google-share-btn\" href=\"https:\/\/plusone.google.com\/_\/+1\/confirm?hl=en&amp;url=https:\/\/marthacifuentes.com\/portada\/2020\/11\/03\/aguazul-san-luis-y-hato-corozal-rajados-en-cumplimiento-de-normas-administrativas-y-fiscales-en-vigencia-2019\/&amp;name=Aguazul%2C+San+Luis+y+Hato+Corozal+rajados+en+cumplimiento+de+normas+administrativas+y+fiscales+en+vigencia+2019\" target=\"_blank\" rel=\"external noopener noreferrer\"><span class=\"screen-reader-text\">Google+<\/span><\/a><a class=\"linkedin-share-btn\" href=\"http:\/\/www.linkedin.com\/shareArticle?mini=true&amp;url=https:\/\/marthacifuentes.com\/portada\/2020\/11\/03\/aguazul-san-luis-y-hato-corozal-rajados-en-cumplimiento-de-normas-administrativas-y-fiscales-en-vigencia-2019\/&amp;title=Aguazul%2C+San+Luis+y+Hato+Corozal+rajados+en+cumplimiento+de+normas+administrativas+y+fiscales+en+vigencia+2019\" target=\"_blank\" rel=\"external noopener noreferrer\"><span class=\"screen-reader-text\">LinkedIn<\/span><\/a><a class=\"stumbleupon-share-btn\" href=\"http:\/\/www.stumbleupon.com\/submit?url=https:\/\/marthacifuentes.com\/portada\/2020\/11\/03\/aguazul-san-luis-y-hato-corozal-rajados-en-cumplimiento-de-normas-administrativas-y-fiscales-en-vigencia-2019\/&amp;title=Aguazul%2C+San+Luis+y+Hato+Corozal+rajados+en+cumplimiento+de+normas+administrativas+y+fiscales+en+vigencia+2019\" target=\"_blank\" rel=\"external noopener noreferrer\"><span class=\"screen-reader-text\">StumbleUpon<\/span><\/a><a class=\"tumblr-share-btn\" href=\"http:\/\/www.tumblr.com\/share\/link?url=https:\/\/marthacifuentes.com\/portada\/2020\/11\/03\/aguazul-san-luis-y-hato-corozal-rajados-en-cumplimiento-de-normas-administrativas-y-fiscales-en-vigencia-2019\/&amp;name=Aguazul%2C+San+Luis+y+Hato+Corozal+rajados+en+cumplimiento+de+normas+administrativas+y+fiscales+en+vigencia+2019\" target=\"_blank\" rel=\"external noopener noreferrer\"><span class=\"screen-reader-text\">Tumblr<\/span><\/a><a class=\"pinterest-share-btn\" href=\"http:\/\/pinterest.com\/pin\/create\/button\/?url=https:\/\/marthacifuentes.com\/portada\/2020\/11\/03\/aguazul-san-luis-y-hato-corozal-rajados-en-cumplimiento-de-normas-administrativas-y-fiscales-en-vigencia-2019\/&amp;description=Aguazul%2C+San+Luis+y+Hato+Corozal+rajados+en+cumplimiento+de+normas+administrativas+y+fiscales+en+vigencia+2019&amp;media=https:\/\/marthacifuentes.com\/portada\/wp-content\/uploads\/2020\/11\/1-1-780x405.jpg\" target=\"_blank\" rel=\"external noopener noreferrer\"><span class=\"screen-reader-text\">Pinterest<\/span><\/a><a class=\"reddit-share-btn\" href=\"http:\/\/reddit.com\/submit?url=https:\/\/marthacifuentes.com\/portada\/2020\/11\/03\/aguazul-san-luis-y-hato-corozal-rajados-en-cumplimiento-de-normas-administrativas-y-fiscales-en-vigencia-2019\/&amp;title=Aguazul%2C+San+Luis+y+Hato+Corozal+rajados+en+cumplimiento+de+normas+administrativas+y+fiscales+en+vigencia+2019\" target=\"_blank\" rel=\"external noopener noreferrer\"><span class=\"screen-reader-text\">Reddit<\/span><\/a><a class=\"vk-share-btn\" href=\"http:\/\/vk.com\/share.php?url=https:\/\/marthacifuentes.com\/portada\/2020\/11\/03\/aguazul-san-luis-y-hato-corozal-rajados-en-cumplimiento-de-normas-administrativas-y-fiscales-en-vigencia-2019\/\" target=\"_blank\" rel=\"external noopener noreferrer\"><span class=\"screen-reader-text\">VKontakte<\/span><\/a><a class=\"email-share-btn\" href=\"mailto:?subject=Aguazul%2C+San+Luis+y+Hato+Corozal+rajados+en+cumplimiento+de+normas+administrativas+y+fiscales+en+vigencia+2019&amp;body=https:\/\/marthacifuentes.com\/portada\/2020\/11\/03\/aguazul-san-luis-y-hato-corozal-rajados-en-cumplimiento-de-normas-administrativas-y-fiscales-en-vigencia-2019\/\" target=\"_blank\" rel=\"external noopener noreferrer\"><span class=\"screen-reader-text\">Compartir por correo electr\u00f3nico<\/span><\/a><a class=\"print-share-btn\" href=\"https:\/\/marthacifuentes.com\/portada\/2020\/11\/03\/aguazul-san-luis-y-hato-corozal-rajados-en-cumplimiento-de-normas-administrativas-y-fiscales-en-vigencia-2019\/#\" target=\"_blank\" rel=\"external noopener noreferrer\"><span class=\"screen-reader-text\">Imprimir<\/span><\/a><\/div>\n<\/div>\n<\/article>\n<div class=\"post-components\">\n<div class=\"about-author container-wrapper\">\n<div class=\"author-avatar\"><a href=\"https:\/\/marthacifuentes.com\/portada\/author\/martha\/\"><img loading=\"lazy\" decoding=\"async\" class=\"avatar avatar-180 photo\" src=\"https:\/\/marthacifuentes.com\/portada\/wp-content\/uploads\/2018\/06\/avatar_user_2_1528838701-180x180.jpg\" srcset=\"https:\/\/marthacifuentes.com\/portada\/wp-content\/uploads\/2018\/06\/avatar_user_2_1528838701-360x360.jpg 2x\" alt=\"\" width=\"180\" height=\"180\" \/><\/a><\/div>\n<div class=\"author-info\">\n<h3 class=\"author-name\"><a href=\"https:\/\/marthacifuentes.com\/portada\/author\/martha\/\">Martha Cifuentes<\/a><\/h3>\n<div class=\"author-bio\"><\/div>\n<ul class=\"social-icons\">\n<li class=\"social-icons-item\"><a class=\"social-link url-social-icon\" href=\"http:\/\/www.marthacifuentes.com\/\" target=\"_blank\" rel=\"external noopener noreferrer\"><span class=\"screen-reader-text\">Sitio web<\/span><\/a><\/li>\n<\/ul>\n<\/div>\n<div class=\"clearfix\"><\/div>\n<\/div>\n<div id=\"related-posts\" class=\"container-wrapper has-extra-post\">\n<div class=\"mag-box-title the-global-title\">\n<h3>Publicaciones relacionadas<\/h3>\n<\/div>\n<div class=\"related-posts-list\">\n<div class=\"related-item\">\n<div class=\"post-thumb-overlay-wrap\"><\/div>\n<p><a class=\"post-thumb\" title=\"Navidad Con Paso Firme\" href=\"https:\/\/marthacifuentes.com\/portada\/2018\/12\/24\/navidad-con-paso-firme\/\"><img loading=\"lazy\" decoding=\"async\" class=\"attachment-jannah-image-large size-jannah-image-large wp-post-image\" src=\"https:\/\/marthacifuentes.com\/portada\/wp-content\/uploads\/2018\/12\/613W0276-1.jpg\" sizes=\"auto, (max-width: 330px) 100vw, 330px\" srcset=\"https:\/\/marthacifuentes.com\/portada\/wp-content\/uploads\/2018\/12\/613W0276-1.jpg 3888w, https:\/\/marthacifuentes.com\/portada\/wp-content\/uploads\/2018\/12\/613W0276-1-300x200.jpg 300w, https:\/\/marthacifuentes.com\/portada\/wp-content\/uploads\/2018\/12\/613W0276-1-768x512.jpg 768w, https:\/\/marthacifuentes.com\/portada\/wp-content\/uploads\/2018\/12\/613W0276-1-1024x683.jpg 1024w\" alt=\"\" width=\"330\" height=\"220\" \/><\/a><\/p>\n<div class=\"post-meta\"><span class=\"date meta-item\">\u00a0diciembre 24, 2018<\/span><\/p>\n<div class=\"tie-alignright\"><span class=\"meta-views meta-item \">\u00a0112<\/span><\/div>\n<div class=\"clearfix\"><\/div>\n<\/div>\n<h3 class=\"post-title\"><a title=\"Navidad Con Paso Firme\" href=\"https:\/\/marthacifuentes.com\/portada\/2018\/12\/24\/navidad-con-paso-firme\/\">Navidad Con Paso Firme<\/a><\/h3>\n<\/div>\n<div class=\"related-item\">\n<div class=\"post-thumb-overlay-wrap\"><\/div>\n<p><a class=\"post-thumb\" title=\"Por pago incompleto de salarios, maestros rajaron a la Secretaria de Educaci\u00f3n de Yopal\" href=\"https:\/\/marthacifuentes.com\/portada\/2018\/12\/30\/por-pago-incompleto-de-salarios-maestros-rajaron-a-la-secretaria-de-educacion-de-yopal\/\"><img loading=\"lazy\" decoding=\"async\" class=\"attachment-jannah-image-large size-jannah-image-large wp-post-image\" src=\"https:\/\/marthacifuentes.com\/portada\/wp-content\/uploads\/2018\/12\/simac.jpg\" sizes=\"auto, (max-width: 390px) 100vw, 390px\" srcset=\"https:\/\/marthacifuentes.com\/portada\/wp-content\/uploads\/2018\/12\/simac.jpg 2000w, https:\/\/marthacifuentes.com\/portada\/wp-content\/uploads\/2018\/12\/simac-300x169.jpg 300w, https:\/\/marthacifuentes.com\/portada\/wp-content\/uploads\/2018\/12\/simac-768x433.jpg 768w, https:\/\/marthacifuentes.com\/portada\/wp-content\/uploads\/2018\/12\/simac-1024x577.jpg 1024w\" alt=\"\" width=\"390\" height=\"220\" \/><\/a><\/p>\n<div class=\"post-meta\"><span class=\"date meta-item\">\u00a0diciembre 30, 2018<\/span><\/p>\n<div class=\"tie-alignright\"><span class=\"meta-views meta-item \">\u00a0146<\/span><\/div>\n<div class=\"clearfix\"><\/div>\n<\/div>\n<h3 class=\"post-title\"><a title=\"Por pago incompleto de salarios, maestros rajaron a la Secretaria de Educaci\u00f3n de Yopal\" href=\"https:\/\/marthacifuentes.com\/portada\/2018\/12\/30\/por-pago-incompleto-de-salarios-maestros-rajaron-a-la-secretaria-de-educacion-de-yopal\/\">Por pago incompleto de salarios, maestros rajaron a la Secretaria de Educaci\u00f3n de Yopal<\/a><\/h3>\n<\/div>\n<\/div>\n<\/div>\n<div id=\"comments\" class=\"comments-area\">\n<div id=\"add-comment-block\" class=\"container-wrapper\">\n<div id=\"respond\" class=\"comment-respond\">\n<h3 id=\"reply-title\" class=\"comment-reply-title the-global-title\">Deja una respuesta<small><\/small><\/h3>\n<form id=\"commentform\" class=\"comment-form\" action=\"https:\/\/marthacifuentes.com\/portada\/wp-comments-post.php\" method=\"post\" novalidate=\"\">\n<p class=\"logged-in-as\"><a href=\"https:\/\/marthacifuentes.com\/portada\/wp-admin\/profile.php\" aria-label=\"Conectado como Martha Cifuentes. Edita tu perfil.\">Conectado como Martha Cifuentes<\/a>.\u00a0<a href=\"https:\/\/marthacifuentes.com\/portada\/wp-login.php?action=logout&amp;redirect_to=https%3A%2F%2Fmarthacifuentes.com%2Fportada%2F2020%2F11%2F03%2Faguazul-san-luis-y-hato-corozal-rajados-en-cumplimiento-de-normas-administrativas-y-fiscales-en-vigencia-2019%2F&amp;_wpnonce=f7ab0b5ef2\">\u00bfQuieres salir?<\/a><\/p>\n<p class=\"comment-form-comment\"><textarea id=\"comment\" cols=\"45\" maxlength=\"65525\" name=\"comment\" required=\"required\" rows=\"8\"><\/textarea><\/p>\n<p class=\"form-submit\"><input id=\"submit\" class=\"submit\" name=\"submit\" type=\"submit\" value=\"Publicar el comentario\" \/><\/p>\n<\/form>\n<\/div>\n<\/div>\n<\/div>\n<\/div>\n<\/div>\n<div id=\"check-also-box\" class=\"container-wrapper check-also-right\">\n<div class=\"widget-title the-global-title\">\n<h4>Mira tambi\u00e9n<\/h4>\n<p><a id=\"check-also-close\" class=\"remove\" href=\"https:\/\/marthacifuentes.com\/portada\/2020\/11\/03\/aguazul-san-luis-y-hato-corozal-rajados-en-cumplimiento-de-normas-administrativas-y-fiscales-en-vigencia-2019\/#\"><span class=\"screen-reader-text\">Cerrar<\/span><\/a><\/p>\n<\/div>\n<div class=\"widget posts-list-big-first has-first-big-post\">\n<ul class=\"posts-list-items\">\n<li class=\"widget-post-list tie-standard\">\n<div class=\"post-widget-thumbnail\">\n<h5 class=\"post-cat-wrap\"><span class=\"post-cat tie-cat-147\">Actualidad<\/span><\/h5>\n<div class=\"post-thumb-overlay-wrap\"><\/div>\n<p><a class=\"post-thumb\" title=\"Al menos 5 militares m\u00e1s en Tauramena con Covid-19. En Casanare 131 casos.\" href=\"https:\/\/marthacifuentes.com\/portada\/2020\/07\/14\/al-menos-5-militares-mas-en-tauramena-con-covid-19-en-casanare-131-casos\/\"><img loading=\"lazy\" decoding=\"async\" class=\"attachment-jannah-image-large size-jannah-image-large wp-post-image\" src=\"https:\/\/marthacifuentes.com\/portada\/wp-content\/uploads\/2020\/07\/CORONAVIRUS-131-CASOS-390x220.jpg\" alt=\"\" width=\"390\" height=\"220\" \/><\/a><\/p>\n<\/div>\n<div class=\"post-widget-body \">\n<h3 class=\"post-title\"><a title=\"Al menos 5 militares m\u00e1s en Tauramena con Covid-19. En Casanare 131 casos.\" href=\"https:\/\/marthacifuentes.com\/portada\/2020\/07\/14\/al-menos-5-militares-mas-en-tauramena-con-covid-19-en-casanare-131-casos\/\">Al menos 5 militares m\u00e1s en Tauramena con Covid-19. En Casanare 131 casos.<\/a><\/h3>\n<div class=\"post-meta\"><span class=\"date meta-item\">\u00a0julio 14, 2020<\/span><\/div>\n<\/div>\n<\/li>\n<\/ul>\n<\/div>\n<\/div>\n<aside class=\"sidebar tie-col-md-4 tie-col-xs-12 normal-side is-sticky is-fixed\" aria-label=\"Barra lateral principal\">\n<div class=\"theiaStickySidebar\">\n<div id=\"search-19\" class=\"container-wrapper widget widget_search\">\n<div class=\"widget-title the-global-title\"><\/div>\n<\/div>\n<\/div>\n<\/aside>\n<div class=\"post-bottom-meta\">\n<div class=\"post-bottom-meta-title\"><\/div>\n<\/div>\n","protected":false},"excerpt":{"rendered":"<p>Luego de superar la contingencia de la volqueta que cay\u00f3 al r\u00edo Meta, Cormacarena inici\u00f3 de inmediato un proceso sancionatorio contra las empresas Frontera Energy y su contratista Serpet JR. Seg\u00fan la Corporaci\u00f3n, estas fueron responsables del hecho que puso en riesgo los ecosistemas estrat\u00e9gicos del departamento, tras circular por una ruta no autorizada. La &hellip;<\/p>\n","protected":false},"author":2,"featured_media":25426,"comment_status":"open","ping_status":"open","sticky":false,"template":"","format":"standard","meta":{"om_disable_all_campaigns":false,"_exactmetrics_skip_tracking":false,"_exactmetrics_sitenote_active":false,"_exactmetrics_sitenote_note":"","_exactmetrics_sitenote_category":0,"_monsterinsights_skip_tracking":false,"_monsterinsights_sitenote_active":false,"_monsterinsights_sitenote_note":"","_monsterinsights_sitenote_category":0,"_uf_show_specific_survey":0,"_uf_disable_surveys":false,"_joinchat":[],"footnotes":""},"categories":[147,146,145],"tags":[1373,5308,5307,1372,1421,1376],"class_list":["post-25425","post","type-post","status-publish","format-standard","has-post-thumbnail","hentry","category-actualidad","category-noticias","category-reportajes","tag-casanare-noticias","tag-contaminacion-rio-meta","tag-cormacarena-frontera-energy-serpet","tag-noticias-de-casanare","tag-noticias-yopal","tag-yopal-noticias"],"yoast_head":"<!-- This site is optimized with the Yoast SEO plugin v26.1 - https:\/\/yoast.com\/wordpress\/plugins\/seo\/ -->\n<title>Petrolera Frontera y su contratista Serpet JR ser\u00edan sancionadas por Cormacarena por incidente de volqueta ca\u00edda al r\u00edo Meta - \u25b7 Noticias de Casanare : Martha Cifuentes | Casanare<\/title>\n<meta name=\"robots\" content=\"index, follow, max-snippet:-1, max-image-preview:large, max-video-preview:-1\" \/>\n<link rel=\"canonical\" href=\"https:\/\/marthacifuentes.com\/portada\/petrolera-frontera-y-su-contratista-serpet-jr-serian-sancionadas-por-cormacarena-por-incidente-de-volqueta-caida-al-rio-meta\/\" \/>\n<meta property=\"og:locale\" content=\"es_ES\" \/>\n<meta property=\"og:type\" content=\"article\" \/>\n<meta property=\"og:title\" content=\"Petrolera Frontera y su contratista Serpet JR ser\u00edan sancionadas por Cormacarena por incidente de volqueta ca\u00edda al r\u00edo Meta - \u25b7 Noticias de Casanare : Martha Cifuentes | Casanare\" \/>\n<meta property=\"og:description\" content=\"Luego de superar la contingencia de la volqueta que cay\u00f3 al r\u00edo Meta, Cormacarena inici\u00f3 de inmediato un proceso sancionatorio contra las empresas Frontera Energy y su contratista Serpet JR. Seg\u00fan la Corporaci\u00f3n, estas fueron responsables del hecho que puso en riesgo los ecosistemas estrat\u00e9gicos del departamento, tras circular por una ruta no autorizada. La &hellip;\" \/>\n<meta property=\"og:url\" content=\"https:\/\/marthacifuentes.com\/portada\/petrolera-frontera-y-su-contratista-serpet-jr-serian-sancionadas-por-cormacarena-por-incidente-de-volqueta-caida-al-rio-meta\/\" \/>\n<meta property=\"og:site_name\" content=\"\u25b7 Noticias de Casanare : Martha Cifuentes | Casanare\" \/>\n<meta property=\"article:published_time\" content=\"2020-11-03T21:43:01+00:00\" \/>\n<meta property=\"og:image\" content=\"https:\/\/marthacifuentes.com\/portada\/wp-content\/uploads\/2020\/11\/Extracci\u00f3n-5.jpeg\" \/>\n\t<meta property=\"og:image:width\" content=\"864\" \/>\n\t<meta property=\"og:image:height\" content=\"1152\" \/>\n\t<meta property=\"og:image:type\" content=\"image\/jpeg\" \/>\n<meta name=\"author\" content=\"Martha Cifuentes\" \/>\n<meta name=\"twitter:card\" content=\"summary_large_image\" \/>\n<meta name=\"twitter:label1\" content=\"Escrito por\" \/>\n\t<meta name=\"twitter:data1\" content=\"Martha Cifuentes\" \/>\n\t<meta name=\"twitter:label2\" content=\"Tiempo de lectura\" \/>\n\t<meta name=\"twitter:data2\" content=\"2 minutos\" \/>\n<script type=\"application\/ld+json\" class=\"yoast-schema-graph\">{\"@context\":\"https:\/\/schema.org\",\"@graph\":[{\"@type\":\"WebPage\",\"@id\":\"https:\/\/marthacifuentes.com\/portada\/petrolera-frontera-y-su-contratista-serpet-jr-serian-sancionadas-por-cormacarena-por-incidente-de-volqueta-caida-al-rio-meta\/\",\"url\":\"https:\/\/marthacifuentes.com\/portada\/petrolera-frontera-y-su-contratista-serpet-jr-serian-sancionadas-por-cormacarena-por-incidente-de-volqueta-caida-al-rio-meta\/\",\"name\":\"Petrolera Frontera y su contratista Serpet JR ser\u00edan sancionadas por Cormacarena por incidente de volqueta ca\u00edda al r\u00edo Meta - \u25b7 Noticias de Casanare : Martha Cifuentes | Casanare\",\"isPartOf\":{\"@id\":\"https:\/\/marthacifuentes.com\/portada\/#website\"},\"primaryImageOfPage\":{\"@id\":\"https:\/\/marthacifuentes.com\/portada\/petrolera-frontera-y-su-contratista-serpet-jr-serian-sancionadas-por-cormacarena-por-incidente-de-volqueta-caida-al-rio-meta\/#primaryimage\"},\"image\":{\"@id\":\"https:\/\/marthacifuentes.com\/portada\/petrolera-frontera-y-su-contratista-serpet-jr-serian-sancionadas-por-cormacarena-por-incidente-de-volqueta-caida-al-rio-meta\/#primaryimage\"},\"thumbnailUrl\":\"https:\/\/marthacifuentes.com\/portada\/wp-content\/uploads\/2020\/11\/Extracci\u00f3n-5.jpeg\",\"datePublished\":\"2020-11-03T21:43:01+00:00\",\"author\":{\"@id\":\"https:\/\/marthacifuentes.com\/portada\/#\/schema\/person\/57f53174b991db5f90ff78d58502b714\"},\"breadcrumb\":{\"@id\":\"https:\/\/marthacifuentes.com\/portada\/petrolera-frontera-y-su-contratista-serpet-jr-serian-sancionadas-por-cormacarena-por-incidente-de-volqueta-caida-al-rio-meta\/#breadcrumb\"},\"inLanguage\":\"es\",\"potentialAction\":[{\"@type\":\"ReadAction\",\"target\":[\"https:\/\/marthacifuentes.com\/portada\/petrolera-frontera-y-su-contratista-serpet-jr-serian-sancionadas-por-cormacarena-por-incidente-de-volqueta-caida-al-rio-meta\/\"]}]},{\"@type\":\"ImageObject\",\"inLanguage\":\"es\",\"@id\":\"https:\/\/marthacifuentes.com\/portada\/petrolera-frontera-y-su-contratista-serpet-jr-serian-sancionadas-por-cormacarena-por-incidente-de-volqueta-caida-al-rio-meta\/#primaryimage\",\"url\":\"https:\/\/marthacifuentes.com\/portada\/wp-content\/uploads\/2020\/11\/Extracci\u00f3n-5.jpeg\",\"contentUrl\":\"https:\/\/marthacifuentes.com\/portada\/wp-content\/uploads\/2020\/11\/Extracci\u00f3n-5.jpeg\",\"width\":864,\"height\":1152},{\"@type\":\"BreadcrumbList\",\"@id\":\"https:\/\/marthacifuentes.com\/portada\/petrolera-frontera-y-su-contratista-serpet-jr-serian-sancionadas-por-cormacarena-por-incidente-de-volqueta-caida-al-rio-meta\/#breadcrumb\",\"itemListElement\":[{\"@type\":\"ListItem\",\"position\":1,\"name\":\"Portada\",\"item\":\"https:\/\/marthacifuentes.com\/portada\/\"},{\"@type\":\"ListItem\",\"position\":2,\"name\":\"Petrolera Frontera y su contratista Serpet JR ser\u00edan sancionadas por Cormacarena por incidente de volqueta ca\u00edda al r\u00edo Meta\"}]},{\"@type\":\"WebSite\",\"@id\":\"https:\/\/marthacifuentes.com\/portada\/#website\",\"url\":\"https:\/\/marthacifuentes.com\/portada\/\",\"name\":\"\u25b7 Noticias de Casanare : Martha Cifuentes | Casanare\",\"description\":\"Noticias &amp; Contenidos\",\"potentialAction\":[{\"@type\":\"SearchAction\",\"target\":{\"@type\":\"EntryPoint\",\"urlTemplate\":\"https:\/\/marthacifuentes.com\/portada\/?s={search_term_string}\"},\"query-input\":{\"@type\":\"PropertyValueSpecification\",\"valueRequired\":true,\"valueName\":\"search_term_string\"}}],\"inLanguage\":\"es\"},{\"@type\":\"Person\",\"@id\":\"https:\/\/marthacifuentes.com\/portada\/#\/schema\/person\/57f53174b991db5f90ff78d58502b714\",\"name\":\"Martha Cifuentes\",\"image\":{\"@type\":\"ImageObject\",\"inLanguage\":\"es\",\"@id\":\"https:\/\/marthacifuentes.com\/portada\/#\/schema\/person\/image\/\",\"url\":\"http:\/\/marthacifuentes.com\/portada\/wp-content\/uploads\/2018\/06\/avatar_user_2_1528838701-96x96.jpg\",\"contentUrl\":\"http:\/\/marthacifuentes.com\/portada\/wp-content\/uploads\/2018\/06\/avatar_user_2_1528838701-96x96.jpg\",\"caption\":\"Martha Cifuentes\"},\"sameAs\":[\"http:\/\/www.marthacifuentes.com\"],\"url\":\"https:\/\/marthacifuentes.com\/portada\/author\/martha\/\"}]}<\/script>\n<!-- \/ Yoast SEO plugin. -->","yoast_head_json":{"title":"Petrolera Frontera y su contratista Serpet JR ser\u00edan sancionadas por Cormacarena por incidente de volqueta ca\u00edda al r\u00edo Meta - \u25b7 Noticias de Casanare : Martha Cifuentes | Casanare","robots":{"index":"index","follow":"follow","max-snippet":"max-snippet:-1","max-image-preview":"max-image-preview:large","max-video-preview":"max-video-preview:-1"},"canonical":"https:\/\/marthacifuentes.com\/portada\/petrolera-frontera-y-su-contratista-serpet-jr-serian-sancionadas-por-cormacarena-por-incidente-de-volqueta-caida-al-rio-meta\/","og_locale":"es_ES","og_type":"article","og_title":"Petrolera Frontera y su contratista Serpet JR ser\u00edan sancionadas por Cormacarena por incidente de volqueta ca\u00edda al r\u00edo Meta - \u25b7 Noticias de Casanare : Martha Cifuentes | Casanare","og_description":"Luego de superar la contingencia de la volqueta que cay\u00f3 al r\u00edo Meta, Cormacarena inici\u00f3 de inmediato un proceso sancionatorio contra las empresas Frontera Energy y su contratista Serpet JR. Seg\u00fan la Corporaci\u00f3n, estas fueron responsables del hecho que puso en riesgo los ecosistemas estrat\u00e9gicos del departamento, tras circular por una ruta no autorizada. La &hellip;","og_url":"https:\/\/marthacifuentes.com\/portada\/petrolera-frontera-y-su-contratista-serpet-jr-serian-sancionadas-por-cormacarena-por-incidente-de-volqueta-caida-al-rio-meta\/","og_site_name":"\u25b7 Noticias de Casanare : Martha Cifuentes | Casanare","article_published_time":"2020-11-03T21:43:01+00:00","og_image":[{"width":864,"height":1152,"url":"https:\/\/marthacifuentes.com\/portada\/wp-content\/uploads\/2020\/11\/Extracci\u00f3n-5.jpeg","type":"image\/jpeg"}],"author":"Martha Cifuentes","twitter_card":"summary_large_image","twitter_misc":{"Escrito por":"Martha Cifuentes","Tiempo de lectura":"2 minutos"},"schema":{"@context":"https:\/\/schema.org","@graph":[{"@type":"WebPage","@id":"https:\/\/marthacifuentes.com\/portada\/petrolera-frontera-y-su-contratista-serpet-jr-serian-sancionadas-por-cormacarena-por-incidente-de-volqueta-caida-al-rio-meta\/","url":"https:\/\/marthacifuentes.com\/portada\/petrolera-frontera-y-su-contratista-serpet-jr-serian-sancionadas-por-cormacarena-por-incidente-de-volqueta-caida-al-rio-meta\/","name":"Petrolera Frontera y su contratista Serpet JR ser\u00edan sancionadas por Cormacarena por incidente de volqueta ca\u00edda al r\u00edo Meta - \u25b7 Noticias de Casanare : Martha Cifuentes | Casanare","isPartOf":{"@id":"https:\/\/marthacifuentes.com\/portada\/#website"},"primaryImageOfPage":{"@id":"https:\/\/marthacifuentes.com\/portada\/petrolera-frontera-y-su-contratista-serpet-jr-serian-sancionadas-por-cormacarena-por-incidente-de-volqueta-caida-al-rio-meta\/#primaryimage"},"image":{"@id":"https:\/\/marthacifuentes.com\/portada\/petrolera-frontera-y-su-contratista-serpet-jr-serian-sancionadas-por-cormacarena-por-incidente-de-volqueta-caida-al-rio-meta\/#primaryimage"},"thumbnailUrl":"https:\/\/marthacifuentes.com\/portada\/wp-content\/uploads\/2020\/11\/Extracci\u00f3n-5.jpeg","datePublished":"2020-11-03T21:43:01+00:00","author":{"@id":"https:\/\/marthacifuentes.com\/portada\/#\/schema\/person\/57f53174b991db5f90ff78d58502b714"},"breadcrumb":{"@id":"https:\/\/marthacifuentes.com\/portada\/petrolera-frontera-y-su-contratista-serpet-jr-serian-sancionadas-por-cormacarena-por-incidente-de-volqueta-caida-al-rio-meta\/#breadcrumb"},"inLanguage":"es","potentialAction":[{"@type":"ReadAction","target":["https:\/\/marthacifuentes.com\/portada\/petrolera-frontera-y-su-contratista-serpet-jr-serian-sancionadas-por-cormacarena-por-incidente-de-volqueta-caida-al-rio-meta\/"]}]},{"@type":"ImageObject","inLanguage":"es","@id":"https:\/\/marthacifuentes.com\/portada\/petrolera-frontera-y-su-contratista-serpet-jr-serian-sancionadas-por-cormacarena-por-incidente-de-volqueta-caida-al-rio-meta\/#primaryimage","url":"https:\/\/marthacifuentes.com\/portada\/wp-content\/uploads\/2020\/11\/Extracci\u00f3n-5.jpeg","contentUrl":"https:\/\/marthacifuentes.com\/portada\/wp-content\/uploads\/2020\/11\/Extracci\u00f3n-5.jpeg","width":864,"height":1152},{"@type":"BreadcrumbList","@id":"https:\/\/marthacifuentes.com\/portada\/petrolera-frontera-y-su-contratista-serpet-jr-serian-sancionadas-por-cormacarena-por-incidente-de-volqueta-caida-al-rio-meta\/#breadcrumb","itemListElement":[{"@type":"ListItem","position":1,"name":"Portada","item":"https:\/\/marthacifuentes.com\/portada\/"},{"@type":"ListItem","position":2,"name":"Petrolera Frontera y su contratista Serpet JR ser\u00edan sancionadas por Cormacarena por incidente de volqueta ca\u00edda al r\u00edo Meta"}]},{"@type":"WebSite","@id":"https:\/\/marthacifuentes.com\/portada\/#website","url":"https:\/\/marthacifuentes.com\/portada\/","name":"\u25b7 Noticias de Casanare : Martha Cifuentes | Casanare","description":"Noticias &amp; Contenidos","potentialAction":[{"@type":"SearchAction","target":{"@type":"EntryPoint","urlTemplate":"https:\/\/marthacifuentes.com\/portada\/?s={search_term_string}"},"query-input":{"@type":"PropertyValueSpecification","valueRequired":true,"valueName":"search_term_string"}}],"inLanguage":"es"},{"@type":"Person","@id":"https:\/\/marthacifuentes.com\/portada\/#\/schema\/person\/57f53174b991db5f90ff78d58502b714","name":"Martha Cifuentes","image":{"@type":"ImageObject","inLanguage":"es","@id":"https:\/\/marthacifuentes.com\/portada\/#\/schema\/person\/image\/","url":"http:\/\/marthacifuentes.com\/portada\/wp-content\/uploads\/2018\/06\/avatar_user_2_1528838701-96x96.jpg","contentUrl":"http:\/\/marthacifuentes.com\/portada\/wp-content\/uploads\/2018\/06\/avatar_user_2_1528838701-96x96.jpg","caption":"Martha Cifuentes"},"sameAs":["http:\/\/www.marthacifuentes.com"],"url":"https:\/\/marthacifuentes.com\/portada\/author\/martha\/"}]}},"_links":{"self":[{"href":"https:\/\/marthacifuentes.com\/portada\/wp-json\/wp\/v2\/posts\/25425","targetHints":{"allow":["GET"]}}],"collection":[{"href":"https:\/\/marthacifuentes.com\/portada\/wp-json\/wp\/v2\/posts"}],"about":[{"href":"https:\/\/marthacifuentes.com\/portada\/wp-json\/wp\/v2\/types\/post"}],"author":[{"embeddable":true,"href":"https:\/\/marthacifuentes.com\/portada\/wp-json\/wp\/v2\/users\/2"}],"replies":[{"embeddable":true,"href":"https:\/\/marthacifuentes.com\/portada\/wp-json\/wp\/v2\/comments?post=25425"}],"version-history":[{"count":0,"href":"https:\/\/marthacifuentes.com\/portada\/wp-json\/wp\/v2\/posts\/25425\/revisions"}],"wp:featuredmedia":[{"embeddable":true,"href":"https:\/\/marthacifuentes.com\/portada\/wp-json\/wp\/v2\/media\/25426"}],"wp:attachment":[{"href":"https:\/\/marthacifuentes.com\/portada\/wp-json\/wp\/v2\/media?parent=25425"}],"wp:term":[{"taxonomy":"category","embeddable":true,"href":"https:\/\/marthacifuentes.com\/portada\/wp-json\/wp\/v2\/categories?post=25425"},{"taxonomy":"post_tag","embeddable":true,"href":"https:\/\/marthacifuentes.com\/portada\/wp-json\/wp\/v2\/tags?post=25425"}],"curies":[{"name":"wp","href":"https:\/\/api.w.org\/{rel}","templated":true}]}}