{"id":25756,"date":"2021-01-08T10:17:34","date_gmt":"2021-01-08T15:17:34","guid":{"rendered":"https:\/\/marthacifuentes.com\/portada\/?p=25756"},"modified":"2021-01-08T10:17:34","modified_gmt":"2021-01-08T15:17:34","slug":"petrolera-perenco-mal-vecina-y-sorda-a-peticiones-de-la-comunidad-de-cano-garza-en-trinidad-y-paz-de-ariporo-casanare","status":"publish","type":"post","link":"https:\/\/marthacifuentes.com\/portada\/petrolera-perenco-mal-vecina-y-sorda-a-peticiones-de-la-comunidad-de-cano-garza-en-trinidad-y-paz-de-ariporo-casanare\/","title":{"rendered":"Petrolera Perenco: mal vecina y sorda a peticiones de la comunidad de Ca\u00f1o Garza en Trinidad y Paz de Ariporo, Casanare"},"content":{"rendered":"<p style=\"text-align: justify;\"><strong>Con arengas alusivas al medio ambiente y el derecho a la libre protesta: \u201cLa desigualdad social es m\u00e1s violenta que cualquier protesta\u201d, \u201cno hay escasez de recursos en el planeta, hay escasez de conciencia\u201d y \u201cprotestar es un derecho. Reprimir es un delito\u2026\u201d, habitantes de seis veredas de Paz de Ariporo y Trinidad, del \u00e1rea de influencia del bloque Ca\u00f1o Garza, realizan protesta pac\u00edfica contra Perenco desde el pasado 15 de diciembre, en procura de lograr la deuda pendiente de inversi\u00f3n social, pago de compensaciones ambientales y utilizaci\u00f3n de mano de obra local, entre otras peticiones.<\/strong><\/p>\n<p style=\"text-align: justify;\">Comunidades de las veredas Soledad &#8211; Ca\u00f1o de Garza, Playitas Trompillos y La Libertad en Paz de Ariporo, y\u00a0San Pedro y Paso Real de La Soledad en Trinidad, no aguantaron m\u00e1s la indiferencia de la petrolera, que hace m\u00e1s de 41 a\u00f1os opera el campo petrolero m\u00e1s antiguo de Trinidad, a trav\u00e9s de un contrato de asociaci\u00f3n con Ecopetrol \u2013 primero fue Elf Aquitaine, luego Kelt Colombia, y ahora Perenco Colombia Limited -.<\/p>\n<p style=\"text-align: justify;\">Cerca de seis meses duraron en 2020 los intentos de di\u00e1logo, de presentar propuestas, tanto a \u00a0Perenco, como a la Alcald\u00eda de Paz de Ariporo, sin obtener respuestas, raz\u00f3n por la cual, las cerca de 250 familias que integran las seis veredas decidieron utilizar como \u00faltimo recurso, una manifestaci\u00f3n pac\u00edfica con concentraci\u00f3n en la vereda Soledad &#8211; Ca\u00f1o Garza, en procura de lograr, inversi\u00f3n social, pago de pasivos de los a\u00f1os 2014, 2015 y 2016, la visibilizaci\u00f3n de las licencias ambientales, para la construcci\u00f3n \u00a0de las l\u00edneas de flujo de petr\u00f3leo y gas Ca\u00f1o Garza \u2013 Araguaney, relaci\u00f3n de compensaciones ambientales, inventario forestal, relaci\u00f3n de contrataci\u00f3n de mano de obra calificada y no calificada de las veredas de influencia, revisi\u00f3n t\u00e9cnica, reparaci\u00f3n y reforzamiento del puente sobre el r\u00edo Guachir\u00eda, y el mantenimiento de la v\u00eda, \u00a0sector la Y a estaci\u00f3n Ca\u00f1o Garza, entre otros aspectos.<\/p>\n<p style=\"text-align: justify;\">Aunque ayer 7 de enero luego de que la comunidad rechazara la intencionalidad de la inspecci\u00f3n de polic\u00eda de Paz de Ariporo de realizar una audiencia de recuperaci\u00f3n de las \u00e1reas ocupadas en el tramo de la v\u00eda Ca\u00f1o Garza, kil\u00f3metro 17, al considerar que esta no se pod\u00eda llevar a cabo porque no hab\u00eda v\u00edas de hecho como lo certific\u00f3 la propia polic\u00eda nacional, se produjo un moment\u00e1neo pero fracacado principio de acuerdo, entre representantes de la comunidad y el representante de RSE de Perenco en la zona, Ignacio Zu\u00f1iga, para sentarse a dialogar a partir de la pr\u00f3xima semana.<\/p>\n<p style=\"text-align: justify;\">El acercamiento no se pudo consolidar porque la comunidad desconf\u00eda totalmente de la petrolera, que a trav\u00e9s de su vocero pretend\u00eda el ingreso de unos qu\u00edmicos para su operaci\u00f3n cuando lo que se hab\u00eda acordado era el paso de alimentos, solamente. Por tanto la protesta continuar\u00e1 hasta que Perenco muestre la voluntad de dialogar sobre las peticiones realizadas por la comunidad.<\/p>\n<p><img loading=\"lazy\" decoding=\"async\" class=\"alignnone  wp-image-25760\" src=\"https:\/\/marthacifuentes.com\/portada\/wp-content\/uploads\/2021\/01\/cameringo_20210107_102605-1024x576.jpg\" alt=\"\" width=\"387\" height=\"217\" srcset=\"https:\/\/marthacifuentes.com\/portada\/wp-content\/uploads\/2021\/01\/cameringo_20210107_102605-1024x576.jpg 1024w, https:\/\/marthacifuentes.com\/portada\/wp-content\/uploads\/2021\/01\/cameringo_20210107_102605-300x169.jpg 300w, https:\/\/marthacifuentes.com\/portada\/wp-content\/uploads\/2021\/01\/cameringo_20210107_102605-768x432.jpg 768w, https:\/\/marthacifuentes.com\/portada\/wp-content\/uploads\/2021\/01\/cameringo_20210107_102605-1536x864.jpg 1536w, https:\/\/marthacifuentes.com\/portada\/wp-content\/uploads\/2021\/01\/cameringo_20210107_102605-2048x1152.jpg 2048w, https:\/\/marthacifuentes.com\/portada\/wp-content\/uploads\/2021\/01\/cameringo_20210107_102605-390x220.jpg 390w\" sizes=\"auto, (max-width: 387px) 100vw, 387px\" \/>\u00a0 \u00a0\u00a0 <img loading=\"lazy\" decoding=\"async\" class=\"alignnone  wp-image-25761\" src=\"https:\/\/marthacifuentes.com\/portada\/wp-content\/uploads\/2021\/01\/cameringo_20210107_090310-1024x576.jpg\" alt=\"\" width=\"377\" height=\"210\" \/><\/p>\n<p><img loading=\"lazy\" decoding=\"async\" class=\"alignnone  wp-image-25763\" src=\"https:\/\/marthacifuentes.com\/portada\/wp-content\/uploads\/2021\/01\/cameringo_20210107_121709-1024x576.jpg\" alt=\"\" width=\"383\" height=\"215\" srcset=\"https:\/\/marthacifuentes.com\/portada\/wp-content\/uploads\/2021\/01\/cameringo_20210107_121709-1024x576.jpg 1024w, https:\/\/marthacifuentes.com\/portada\/wp-content\/uploads\/2021\/01\/cameringo_20210107_121709-300x169.jpg 300w, https:\/\/marthacifuentes.com\/portada\/wp-content\/uploads\/2021\/01\/cameringo_20210107_121709-768x432.jpg 768w, https:\/\/marthacifuentes.com\/portada\/wp-content\/uploads\/2021\/01\/cameringo_20210107_121709-1536x864.jpg 1536w, https:\/\/marthacifuentes.com\/portada\/wp-content\/uploads\/2021\/01\/cameringo_20210107_121709-2048x1152.jpg 2048w, https:\/\/marthacifuentes.com\/portada\/wp-content\/uploads\/2021\/01\/cameringo_20210107_121709-390x220.jpg 390w\" sizes=\"auto, (max-width: 383px) 100vw, 383px\" \/> \u00a0 <img loading=\"lazy\" decoding=\"async\" class=\"alignnone  wp-image-25768\" src=\"https:\/\/marthacifuentes.com\/portada\/wp-content\/uploads\/2021\/01\/cameringo_20210107_102557-1024x576.jpg\" alt=\"\" width=\"381\" height=\"214\" srcset=\"https:\/\/marthacifuentes.com\/portada\/wp-content\/uploads\/2021\/01\/cameringo_20210107_102557-1024x576.jpg 1024w, https:\/\/marthacifuentes.com\/portada\/wp-content\/uploads\/2021\/01\/cameringo_20210107_102557-300x169.jpg 300w, https:\/\/marthacifuentes.com\/portada\/wp-content\/uploads\/2021\/01\/cameringo_20210107_102557-768x432.jpg 768w, https:\/\/marthacifuentes.com\/portada\/wp-content\/uploads\/2021\/01\/cameringo_20210107_102557-1536x864.jpg 1536w, https:\/\/marthacifuentes.com\/portada\/wp-content\/uploads\/2021\/01\/cameringo_20210107_102557-2048x1152.jpg 2048w, https:\/\/marthacifuentes.com\/portada\/wp-content\/uploads\/2021\/01\/cameringo_20210107_102557-390x220.jpg 390w\" sizes=\"auto, (max-width: 381px) 100vw, 381px\" \/><\/p>\n<p><img loading=\"lazy\" decoding=\"async\" class=\"wp-image-25766 aligncenter\" src=\"https:\/\/marthacifuentes.com\/portada\/wp-content\/uploads\/2021\/01\/WhatsApp-Image-2021-01-07-at-7.05.50-PM-1024x768.jpeg\" alt=\"\" width=\"457\" height=\"343\" srcset=\"https:\/\/marthacifuentes.com\/portada\/wp-content\/uploads\/2021\/01\/WhatsApp-Image-2021-01-07-at-7.05.50-PM-1024x768.jpeg 1024w, https:\/\/marthacifuentes.com\/portada\/wp-content\/uploads\/2021\/01\/WhatsApp-Image-2021-01-07-at-7.05.50-PM-300x225.jpeg 300w, https:\/\/marthacifuentes.com\/portada\/wp-content\/uploads\/2021\/01\/WhatsApp-Image-2021-01-07-at-7.05.50-PM-768x576.jpeg 768w, https:\/\/marthacifuentes.com\/portada\/wp-content\/uploads\/2021\/01\/WhatsApp-Image-2021-01-07-at-7.05.50-PM.jpeg 1152w\" sizes=\"auto, (max-width: 457px) 100vw, 457px\" \/><\/p>\n<p>&nbsp;<\/p>\n<p style=\"text-align: justify;\"><strong>Perenco desidia de siempre con la comunidad <\/strong><\/p>\n<p style=\"text-align: justify;\">Y es que, como es costumbre, en otras \u00e1reas de influencia de Perenco de Casanare, sus funcionarios sociales son pocos receptivos a atender las peticiones de las comunidades, situaci\u00f3n que se pudo evidenciar este jueves 7 de enero, cuando se intent\u00f3 llegar a un acuerdo para iniciar los di\u00e1logos en torno al pliego de peticiones, sin \u00e9xito alguno.<\/p>\n<p style=\"text-align: justify;\">Pedro An\u00edbal Rivera, raizal de la vereda Playitas y una de las personas m\u00e1s antiguas del sector, ha tenido que apreciar a lo largo de sus m\u00e1s de 80 a\u00f1os, como las petroleras han hecho lo que han querido con las comunidades del \u00e1rea de influencia del bloque Ca\u00f1o Garza, desconociendo sus derechos. \u201cNo solo somos ignorados por Perenco, tambi\u00e9n la Alcald\u00eda de Paz de Ariporo ha hecho o\u00eddo sordos a nuestras justas reclamaciones, no tenemos v\u00edas de acceso dignas de un \u00e1rea petrolera, se desconoce a nuestros profesionales y lo peor se ha venido destruyendo paulatinamente el medio ambiente\u201d.<\/p>\n<p style=\"text-align: justify;\">A su vez,\u00a0 Mar\u00eda Colombia Guti\u00e9rrez, presidenta\u00a0 de la vereda Soledad Ca\u00f1o Garza, pide que se tenga en cuenta la mano de obra local, \u201cson m\u00ednimos\u00a0 los puestos de trabajo para las personas de ac\u00e1, por lo general contratan for\u00e1neos\u201d.<\/p>\n<p style=\"text-align: justify;\">Por su parte, Libardo Martha Tabaco, l\u00edder social de Soledad Ca\u00f1o Garza, solicita el pago de los pasivos ambientales de hace varios a\u00f1os, y que se respete la flora y fauna de la regi\u00f3n, \u201cantiguamente encontr\u00e1bamos, especies como venados, osos y p\u00e1jaros en abundancia, hoy en d\u00eda nos toca conformarnos con fotograf\u00edas porque ya no las hay\u201d.<\/p>\n<div style=\"width: 640px;\" class=\"wp-video\"><!--[if lt IE 9]><script>document.createElement('video');<\/script><![endif]-->\n<video class=\"wp-video-shortcode\" id=\"video-25756-1\" width=\"640\" height=\"352\" preload=\"metadata\" controls=\"controls\"><source type=\"video\/mp4\" src=\"https:\/\/marthacifuentes.com\/portada\/wp-content\/uploads\/2021\/01\/WhatsApp-Video-2021-01-08-at-9.46.02-AM-1.mp4?_=1\" \/><a href=\"https:\/\/marthacifuentes.com\/portada\/wp-content\/uploads\/2021\/01\/WhatsApp-Video-2021-01-08-at-9.46.02-AM-1.mp4\">https:\/\/marthacifuentes.com\/portada\/wp-content\/uploads\/2021\/01\/WhatsApp-Video-2021-01-08-at-9.46.02-AM-1.mp4<\/a><\/video><\/div>\n<p>&nbsp;<\/p>\n<p style=\"text-align: justify;\"><strong>Las cuentas claras y el chocolate esp<\/strong><strong style=\"text-align: justify;\">eso<\/strong><\/p>\n<p style=\"text-align: justify;\">Por su parte el ex<img loading=\"lazy\" decoding=\"async\" class=\"wp-image-25762 alignleft\" src=\"https:\/\/marthacifuentes.com\/portada\/wp-content\/uploads\/2021\/01\/cameringo_20210107_124526-1024x576.jpg\" alt=\"\" width=\"386\" height=\"217\" srcset=\"https:\/\/marthacifuentes.com\/portada\/wp-content\/uploads\/2021\/01\/cameringo_20210107_124526-1024x576.jpg 1024w, https:\/\/marthacifuentes.com\/portada\/wp-content\/uploads\/2021\/01\/cameringo_20210107_124526-300x169.jpg 300w, https:\/\/marthacifuentes.com\/portada\/wp-content\/uploads\/2021\/01\/cameringo_20210107_124526-768x432.jpg 768w, https:\/\/marthacifuentes.com\/portada\/wp-content\/uploads\/2021\/01\/cameringo_20210107_124526-1536x864.jpg 1536w, https:\/\/marthacifuentes.com\/portada\/wp-content\/uploads\/2021\/01\/cameringo_20210107_124526-2048x1152.jpg 2048w, https:\/\/marthacifuentes.com\/portada\/wp-content\/uploads\/2021\/01\/cameringo_20210107_124526-390x220.jpg 390w\" sizes=\"auto, (max-width: 386px) 100vw, 386px\" \/>diputado Ramiro Rivera y quien vive en el sector, explic\u00f3 que de los 3 billones de pesos que ha generado el bloque petrolero Ca\u00f1o G<span style=\"text-align: justify;\">arzas en Paz de Ariporo y Trinidad, Casanare, la comunidad de influencia solo ha recibido, a rega\u00f1ad<\/span><span style=\"text-align: justify;\">ientes, el 0.04% en cerca de 41 a\u00f1os de explotaci\u00f3n petrolera. Argument\u00f3 que este c\u00e1lculo se h<\/span><span style=\"text-align: justify;\">ace con base a un promedio de producci\u00f3n diaria de 1.300 barriles de petr\u00f3leo y de que ha habido varias reformas a la distribuci<\/span><span style=\"text-align: justify;\">\u00f3n de las regal\u00edas.<\/span><\/p>\n<p style=\"text-align: justify;\">Agreg\u00f3 que de estos 3 billones generados, el 80% han sido para Ecopetrol y 20% para Perenco, aproximadamente. Igualmente cuestion\u00f3 la ausencia de Ecopetrol en la zona, a pesar de su gran participaci\u00f3n en este bloque. <span style=\"text-align: justify;\">Tambi\u00e9n cuestion\u00f3 el nulo papel de Corporinoquia y la Anla en cuanto al seguimiento de los temas ambientales.<\/span><\/p>\n<div style=\"width: 640px;\" class=\"wp-video\"><video class=\"wp-video-shortcode\" id=\"video-25756-2\" width=\"640\" height=\"352\" preload=\"metadata\" controls=\"controls\"><source type=\"video\/mp4\" src=\"https:\/\/marthacifuentes.com\/portada\/wp-content\/uploads\/2021\/01\/WhatsApp-Video-2021-01-08-at-9.46.02-AM.mp4?_=2\" \/><a href=\"https:\/\/marthacifuentes.com\/portada\/wp-content\/uploads\/2021\/01\/WhatsApp-Video-2021-01-08-at-9.46.02-AM.mp4\">https:\/\/marthacifuentes.com\/portada\/wp-content\/uploads\/2021\/01\/WhatsApp-Video-2021-01-08-at-9.46.02-AM.mp4<\/a><\/video><\/div>\n<p style=\"text-align: justify;\">Mientras tanto el diputado de la Asamblea de Casanare, Alejando L\u00f3pez, dijo que \u201cEl negocio de los hidrocarburos es muy bueno para las multinacionales pero muy malo para las comunidades. En este momento lo \u00fanico que la comunidad ve como ganancia, del petr\u00f3leo, es la inversi\u00f3n social, que es un derecho\u201d y este no se ha concretado por la falta de voluntad real de la petrolera.<\/p>\n<div style=\"width: 640px;\" class=\"wp-video\"><video class=\"wp-video-shortcode\" id=\"video-25756-3\" width=\"640\" height=\"352\" preload=\"metadata\" controls=\"controls\"><source type=\"video\/mp4\" src=\"https:\/\/marthacifuentes.com\/portada\/wp-content\/uploads\/2021\/01\/ALEJANDRO-LOPEZ.mp4?_=3\" \/><a href=\"https:\/\/marthacifuentes.com\/portada\/wp-content\/uploads\/2021\/01\/ALEJANDRO-LOPEZ.mp4\">https:\/\/marthacifuentes.com\/portada\/wp-content\/uploads\/2021\/01\/ALEJANDRO-LOPEZ.mp4<\/a><\/video><\/div>\n<p style=\"text-align: justify;\">El personero de Paz de Ariporo, Carlos Rojas, quien actuaba como intermediario entre las partes, expres\u00f3 que se necesitaba tener una comunicaci\u00f3n asertiva y propositiva para poder zanjar el conflicto. Tambi\u00e9n dijo que no se hab\u00edan presentado v\u00edas de hecho y que la protesta ha sido pac\u00edfica y se requiere que Perenco de tr\u00e1mite al pliego de peticiones de la poblaci\u00f3n. Inst\u00f3 a la petrolera a sentarse a dialogar.<\/p>\n<div style=\"width: 1280px;\" class=\"wp-video\"><video class=\"wp-video-shortcode\" id=\"video-25756-4\" width=\"1280\" height=\"720\" preload=\"metadata\" controls=\"controls\"><source type=\"video\/mp4\" src=\"https:\/\/marthacifuentes.com\/portada\/wp-content\/uploads\/2021\/01\/PERENCO.mp4?_=4\" \/><a href=\"https:\/\/marthacifuentes.com\/portada\/wp-content\/uploads\/2021\/01\/PERENCO.mp4\">https:\/\/marthacifuentes.com\/portada\/wp-content\/uploads\/2021\/01\/PERENCO.mp4<\/a><\/video><\/div>\n<p>&nbsp;<\/p>\n<blockquote><p>De 3 billones de pesos que aproximadamente ha generado el bloque petrolero Ca\u00f1o Garza solo el 0.04% ha llegado a las comunidades de la zona de influencia: Ramiro Rivera.<\/p><\/blockquote>\n<p>&nbsp;<\/p>\n<p style=\"text-align: justify;\"><strong>Perenco pide a comunidad no afectar el ingreso al campo petrolero<\/strong><\/p>\n<p style=\"text-align: justify;\"><img loading=\"lazy\" decoding=\"async\" class=\"wp-image-25764 alignleft\" src=\"https:\/\/marthacifuentes.com\/portada\/wp-content\/uploads\/2021\/01\/cameringo_20210107_113411-1024x576.jpg\" alt=\"\" width=\"333\" height=\"188\" srcset=\"https:\/\/marthacifuentes.com\/portada\/wp-content\/uploads\/2021\/01\/cameringo_20210107_113411-1024x576.jpg 1024w, https:\/\/marthacifuentes.com\/portada\/wp-content\/uploads\/2021\/01\/cameringo_20210107_113411-300x169.jpg 300w, https:\/\/marthacifuentes.com\/portada\/wp-content\/uploads\/2021\/01\/cameringo_20210107_113411-768x432.jpg 768w, https:\/\/marthacifuentes.com\/portada\/wp-content\/uploads\/2021\/01\/cameringo_20210107_113411-1536x864.jpg 1536w, https:\/\/marthacifuentes.com\/portada\/wp-content\/uploads\/2021\/01\/cameringo_20210107_113411-2048x1152.jpg 2048w, https:\/\/marthacifuentes.com\/portada\/wp-content\/uploads\/2021\/01\/cameringo_20210107_113411-390x220.jpg 390w\" sizes=\"auto, (max-width: 333px) 100vw, 333px\" \/>El representante de RSE de Perenco, Ignacio Zu\u00f1iga, dijo que la empresa estaba dispuesta a sentarse a dialogar siempre y cuando se levantara la protesta y se permitiera la movilidad y acceso a la locaci\u00f3n petrolera. Pidi\u00f3 el acompa\u00f1amiento de la institucionalidad representada por la Alcald\u00eda, personer\u00eda y las entidades pertinentes. Sin embargo la comunidad luego de las numerosas mesas de concertaci\u00f3n no cree en la real voluntad de la empresa.<\/p>\n<div style=\"width: 640px;\" class=\"wp-video\"><video class=\"wp-video-shortcode\" id=\"video-25756-5\" width=\"640\" height=\"352\" preload=\"metadata\" controls=\"controls\"><source type=\"video\/mp4\" src=\"https:\/\/marthacifuentes.com\/portada\/wp-content\/uploads\/2021\/01\/SOLICITUD-PERENCO.mp4?_=5\" \/><a href=\"https:\/\/marthacifuentes.com\/portada\/wp-content\/uploads\/2021\/01\/SOLICITUD-PERENCO.mp4\">https:\/\/marthacifuentes.com\/portada\/wp-content\/uploads\/2021\/01\/SOLICITUD-PERENCO.mp4<\/a><\/video><\/div>\n<p>&nbsp;<\/p>\n<p style=\"text-align: justify;\"><strong>Pliego de peticiones comunidad de Ca\u00f1o Garza<\/strong><\/p>\n<p style=\"text-align: justify;\">En b\u00fasqueda de la equidad, de la igualdad, del derecho al trabajo, de ser compensados, de preservar el medio ambiente, de mejorar su calidad de vida y en virtud a que la operadora Perenco Colombia Limited tiene obligaciones y compromisos con las comunidades, seg\u00fan lo establecido en la ley y constituci\u00f3n pol\u00edtica de Colombia, las comunidades presentaron un pliego de peticiones que contiene ocho puntos.<\/p>\n<p style=\"text-align: justify;\"><strong>1. Inversi\u00f3n Social a\u00f1o 2020:<\/strong> reiteramos la propuesta puesta por nuestros comunales en las reuniones realizadas en la Alcald\u00eda de Paz de Ariporo, teniendo como garante al profesional responsable de asuntos petroleros de la Alcald\u00eda, como reza en actas de dichas reuniones, donde claramente nuestra comunidad expone y solicita un monto de 570 salarios m\u00ednimos mensuales para ser distribuidos en las 6 veredas del \u00e1rea de influencia. Adem\u00e1s reiteramos nuestra propuesta de mantener el mismo valor en salarios m\u00ednimos mensuales vigentes sumando el IPC +1 de cada a\u00f1o.<\/p>\n<p style=\"text-align: justify;\"><strong>2. Pasivos de los a\u00f1os 2014-2015- 2016:<\/strong> situaci\u00f3n discutida y aclarada en actas de anteriores acuerdos, donde sin duda alguna reiteramos que Perenco durante estos a\u00f1os pago deudas anteriores y no realiz\u00f3 inversi\u00f3n social. Frente a esta situaci\u00f3n manifestamos y reiteramos se nos cumpla con dicha obligaci\u00f3n por los 3 a\u00f1os y en los mismos valores anuales como se expres\u00f3 por los comunales y se reporta en dichas actas de reuniones. (570 salarios mensuales vigentes por a\u00f1o adeudado).<\/p>\n<p style=\"text-align: justify;\">3. El pasado 25 de noviembre de 2020 radicamos un documento solicitando informaci\u00f3n, documentos, respuestas, hoy negadas o no respondidas por Perenco, Anla y otras entidades oficiadas. Frente a esta situaci\u00f3n pedimos respeto y exigimos <strong>informaci\u00f3n oportuna a nuestra solicitud y presencia de Anla y operadora para resolver nuestra solicitud.<\/strong> A continuaci\u00f3n citamos los puntos del documento en relaci\u00f3n:<\/p>\n<p style=\"text-align: justify;\">3.1 Copia de la licencia ambiental que autoriz\u00f3 la construcci\u00f3n de las l\u00edneas de flujo de petr\u00f3leo y gas Ca\u00f1o Garza \u2013 Araguaney, copia del plan de manejo ambiental. Adem\u00e1s solicitamos una visita o concepto t\u00e9cnico del estado del mismo.<\/p>\n<p style=\"text-align: justify;\">3.2 Solicitamos un informe de cada una de las compensaciones hechas en cumplimiento de la licencia ambiental y de los planes de manejo ambiental por pozos (C\u00d1G-3, C\u00d1G-7, CGE-3, C\u00d1G-7, CGE-1, C\u00d1G-6, C\u00d1G-8,C\u00d1G-1, C\u00d1G-2. C\u00d1G-5, C\u00d1G-4, en el bloque Ca\u00f1o Garza, por modificaci\u00f3n del paisaje o cambio de uso del suelo en el bloque, indicando el nivel de ejecuci\u00f3n, el predio, \u00e1rea, el propietario y las coordenadas donde se realizaron dichas actividades de cumplimiento.<\/p>\n<p style=\"text-align: justify;\">3.4 Copia de los informes de cumplimiento ambiental ICA presentados cada a\u00f1o por las operadoras Elf Aquitaine, Kelt Colombia y Perenco desde el momento de licenciamiento y aprobaci\u00f3n de los PMA de cada pozo en el bloque Ca\u00f1o Garza. Estos deben contener la informaci\u00f3n monitoreo de aguas superficiales, manejo de flora y fauna, protecci\u00f3n de ecosistemas, la realizaci\u00f3n de 5 talleres ambientales (art\u00edculo 10, p\u00e1gina 81 de la licencia global).<\/p>\n<p style=\"text-align: justify;\">3.5 Copia de las fichas del programa de protecci\u00f3n y conservaci\u00f3n de especies faun\u00edsticas donde se contemple el apoyo a Corporinoquia para la investigaci\u00f3n y conservaci\u00f3n de una especie faun\u00edstica de valor ecol\u00f3gico en el bloque Ca\u00f1o Garza. Indicar los resultados obtenidos.<\/p>\n<p style=\"text-align: justify;\">3.6 Solicitamos copia del inventario forestal, predio y coordenadas del lugar donde se desarrollaron las 3 parcelas de bosque de galer\u00eda que protegen los m\u00e1rgenes del cuerpo de agua. P\u00e1gina 94 de la licencia ambiental global del bloque Ca\u00f1o Garza.<\/p>\n<p style=\"text-align: justify;\">3.7 Copia del inventario de los diferentes grupos de fauna, o caracterizaci\u00f3n realizado en cumplimiento de la licencia ambiental global del bloque Ca\u00f1o Garza.<\/p>\n<p style=\"text-align: justify;\">3.8 Copia de la caracterizaci\u00f3n realizada a los ecosistemas acu\u00e1ticos, muestreos hidrobiol\u00f3gicos realizados y copia de la reuni\u00f3n de presentaci\u00f3n del resultado a las comunidades del \u00e1rea de influencia del bloque Ca\u00f1o Garza. P\u00e1gina 66 de la licencia ambiental global.<\/p>\n<p style=\"text-align: justify;\">3.9 Solicitamos copia de los informes presentados por la operaci\u00f3n del bloque Ca\u00f1o Garza de los planes de mantenimiento a locaciones, estructuras, piscinas, obras de drenaje, contrapozos, l\u00edneas de flujo, como medidas para evitar el deterioro del paisaje y del medio ambiente como lo dice la pagina 59, articulo 8 de la licencia ambiental global.<\/p>\n<p style=\"text-align: justify;\">Copias magn\u00e9ticas de la licencia ordinaria, licencia global, modificaci\u00f3n de licencia del bloque CA\u00d1O GARZA Y estudios de impacto ambiental de los pozos (C\u00d1G-3, C\u00d1G-7, CGE-3, C\u00d1G-7, CGE-1, C\u00d1G-6, C\u00d1G-8, C\u00d1G-1, C\u00d1G-2. C\u00d1G-5, C\u00d1G-4.<\/p>\n<p style=\"text-align: justify;\">3.3. Por inversi\u00f3n forzosa de al menos el 1 %, indicar los valores por pozo y l\u00ednea de inversi\u00f3n, nivel de cumplimiento, fecha, l\u00ednea de inversi\u00f3n, lugar y coordenadas donde se desarrollaron dichas inversiones. Solicitamos la ubicaci\u00f3n, nombre de predio y georreferenciaci\u00f3n de las 60 hect\u00e1reas planteadas como compra para la restauraci\u00f3n, conservaci\u00f3n y protecci\u00f3n seg\u00fan pagina 35 de la licencia ambiental global del bloque ca\u00f1o garza. Adem\u00e1s, copia de las socializaciones con la comunidad para concertar dicha inversi\u00f3n y su l\u00ednea de ejecuci\u00f3n.<\/p>\n<p style=\"text-align: justify;\">3.10 Solicitamos se nos cumpla la inversi\u00f3n social de los a\u00f1os 2.014, 2.015 y 2.016 realizada con la comunidad del \u00e1rea de influencia del bloque Ca\u00f1o Garza.<\/p>\n<p style=\"text-align: justify;\">3.11 Solicitamos se relacione la lista de puestos de trabajo del personal no calificado indicando su nombre completo y lugar de residencia teniendo en cuenta la obligaci\u00f3n de vincular personal del \u00e1rea de influencia del bloque Ca\u00f1o Garza. Adem\u00e1s, relaci\u00f3n del n\u00famero de cargos y perfiles del personal calificado con indicaci\u00f3n de nombre y residencia.<\/p>\n<p style=\"text-align: justify;\">3.12 Tan pronto sea recibida la informaci\u00f3n de esta petici\u00f3n por las comunidades, solicitamos a las Personer\u00edas Municipales y Alcald\u00edas de Paz de Ariporo y Trinidad una reuni\u00f3n con la operadora Perenco, para verificar la informaci\u00f3n entregada y para construir un plan de cumplimiento de los pasivos generados a la fecha en el bloque Ca\u00f1o Garza.<\/p>\n<p style=\"text-align: justify;\">3.3 Mano de obra no calificada: antes de realizar cualquier actividad laboral en el Bloque Ca\u00f1o Garza, por m\u00ednimo que sea pedimos ser socializado, para conocer la actividad a desarrollar y proveer las posibilidades de mano de obra no calificada del \u00e1rea de influencia y no que nos sigan manejando personal for\u00e1neo, exigimos que la totalidad de la mano de obra no calificada sea del \u00e1rea de influencia del bloque ca\u00f1o garza. Solicitamos la reapertura de los 3 empleos de servicios generales o aseo eliminados por la operadora y que a aumentado la carga laboral y horas de trabajo del personal de cocina. Tambi\u00e9n pedimos se mantenga el puesto de recorredor de pozos y no se haga el cambio por c\u00e1maras, quitando 3 posibilidades de empleo para personal del \u00e1rea.<\/p>\n<ol start=\"4\">\n<li style=\"text-align: justify;\"><strong> Mano de obra calificada:<\/strong> en las veredas se tienen un sin n\u00famero de personas calificadas y aptas para trabajar con la operadora, raz\u00f3n por la que pedimos un listado de los cargos calificados requeridos para nosotros presentar el personal y ofertar el servicio como lo describe la ley, m\u00ednimo un 30 % de las \u00e1reas de influencia.. Esto para cualquier actividad o trabajo a realizar en el bloque, previa socializaci\u00f3n con nuestros comunales.<\/li>\n<li style=\"text-align: justify;\"><strong> Puente del r\u00edo Guachir\u00eda <\/strong>ubicado en \u00e1rea de influencia del bloque ca\u00f1o garza y en la v\u00eda licenciada para operaciones de Perenco: solicitamos una revisi\u00f3n t\u00e9cnica, reparaci\u00f3n y reforzamiento, ya que su vida \u00fatil se cumpli\u00f3 y est\u00e1 sometido a altas cargas de peso por la operadora y que su colapso dejar\u00eda incomunicada a toda el \u00e1rea de influencia del bloque.<\/li>\n<li style=\"text-align: justify;\"><strong> V\u00eda sector la Y a estaci\u00f3n Ca\u00f1o Garza<\/strong>: solicitamos un mantenimiento oportuno que garantice el transito antes y despu\u00e9s de entrar a realizar cualquier tipo de actividad de mantenimiento o mejora delos pozos o locaciones.<\/li>\n<li style=\"text-align: justify;\"><strong> Bienes y servicios<\/strong>: solicitamos ser incluidas las empresas de la regi\u00f3n para ofertas servicios o cualquier objeto que podamos cumplir, as\u00ed como el fomento a la creaci\u00f3n de las mismas, as\u00ed como la formaci\u00f3n de operarios y calificados del \u00e1rea de influencia para que ocupen cargos en un futuro con la operadora.<\/li>\n<li style=\"text-align: justify;\"><strong> Pol\u00edtica de buen vecino<\/strong>: le solicitamos a la operadora crear un ambiente de respeto, de inclusi\u00f3n, de participaci\u00f3n, de contacto con las comunidades, que fortalezca sus actividades, que contribuya al desarrollo, al crecimiento de una regi\u00f3n humilde y de gente trabajadora.<\/li>\n<\/ol>\n<p><a href=\"https:\/\/marthacifuentes.com\/portada\/wp-content\/uploads\/2021\/01\/ACTA-REUNION-PERENCO-28-SEPTIEMBRE.pdf\"><span style=\"color: #993300;\"><strong>ACTA REUNI\u00d3N PERENCO 28 SEPTIEMBRE<\/strong><\/span><\/a><\/p>\n<p><span style=\"color: #993300;\"><strong><a style=\"color: #993300;\" href=\"https:\/\/marthacifuentes.com\/portada\/wp-content\/uploads\/2021\/01\/PLIEGO-DE-PETICIONES.pdf\">PLIEGO DE PETICIONES<\/a><\/strong><\/span><\/p>\n<p><span style=\"color: #993300;\"><strong><a style=\"color: #993300;\" href=\"https:\/\/marthacifuentes.com\/portada\/wp-content\/uploads\/2021\/01\/CamScanner-11-23-2020-16.03.pdf\">ACTA DE REUNI\u00d3N 23 DE NOVIEMBRE<\/a><\/strong><\/span><\/p>\n<h5><a href=\"https:\/\/marthacifuentes.com\/portada\/2020\/09\/16\/bloque-cano-garzas-paz-de-ariporo-una-cruda-realidad-por-el-crudo-de-su-subsuelo\/\">Ver tambi\u00e9n: Bloque Ca\u00f1o Garzas, Paz de Ariporo. Una cruda realidad por el crudo de su subsuelo<\/a><\/h5>\n<h3><strong>Otras noticias&#8230;<\/strong><\/h3>\n<blockquote class=\"wp-embedded-content\" data-secret=\"HcCT91twLA\"><p><a href=\"https:\/\/marthacifuentes.com\/portada\/2021\/01\/06\/en-mani-el-mejor-silo-de-maiz-y-pasto-clon-51-disponible-para-todo-el-pais\/\">En Man\u00ed, el mejor silo de ma\u00edz y pasto Clon 51. Disponible para todo el pa\u00eds<\/a><\/p><\/blockquote>\n<p><iframe loading=\"lazy\" class=\"wp-embedded-content\" sandbox=\"allow-scripts\" security=\"restricted\" style=\"position: absolute; clip: rect(1px, 1px, 1px, 1px);\" title=\"\u00abEn Man\u00ed, el mejor silo de ma\u00edz y pasto Clon 51. Disponible para todo el pa\u00eds\u00bb \u2014 \u25b7 Noticias de Casanare : Martha Cifuentes | Casanare\" src=\"https:\/\/marthacifuentes.com\/portada\/2021\/01\/06\/en-mani-el-mejor-silo-de-maiz-y-pasto-clon-51-disponible-para-todo-el-pais\/embed\/#?secret=mlgaGhGLaf#?secret=HcCT91twLA\" data-secret=\"HcCT91twLA\" width=\"500\" height=\"282\" frameborder=\"0\" marginwidth=\"0\" marginheight=\"0\" scrolling=\"no\"><\/iframe><\/p>\n<blockquote class=\"wp-embedded-content\" data-secret=\"PM597WFTnJ\"><p><a href=\"https:\/\/marthacifuentes.com\/portada\/2021\/01\/06\/ecopetrol-resalta-contratacion-local-en-casanare-a-traves-de-empresa-durangar\/\">Ecopetrol resalta contrataci\u00f3n local en Casanare a trav\u00e9s de empresa Durangar<\/a><\/p><\/blockquote>\n<p><iframe loading=\"lazy\" class=\"wp-embedded-content\" title=\"\u00abEcopetrol resalta contrataci\u00f3n local en Casanare a trav\u00e9s de empresa Durangar\u00bb \u2014 \u25b7 Noticias de Casanare : Martha Cifuentes | Casanare\" src=\"https:\/\/marthacifuentes.com\/portada\/2021\/01\/06\/ecopetrol-resalta-contratacion-local-en-casanare-a-traves-de-empresa-durangar\/embed\/#?secret=PM597WFTnJ\" width=\"600\" height=\"338\" frameborder=\"0\" marginwidth=\"0\" marginheight=\"0\" scrolling=\"no\" sandbox=\"allow-scripts\" data-secret=\"PM597WFTnJ\" data-mce-fragment=\"1\"><\/iframe><\/p>\n<p><iframe loading=\"lazy\" class=\"wp-embedded-content\" title=\"\u00abFamilias de Yopal tendr\u00e1n que pagar m\u00e1s por servicios p\u00fablicos y asumir endeudamiento por $35 mil millones, seg\u00fan proyectos presentados por Alcald\u00eda\u00bb \u2014 \u25b7 Noticias de Casanare : Martha Cifuentes | Casanare\" src=\"https:\/\/marthacifuentes.com\/portada\/2021\/01\/06\/familias-de-yopal-tendran-que-pagar-mas-por-servicios-publicos-y-asumir-endeudamiento-por-35-mil-millones-segun-proyectos-presentados-por-alcaldia\/embed\/#?secret=0lUthTFCeC\" width=\"600\" height=\"617\" frameborder=\"0\" marginwidth=\"0\" marginheight=\"0\" scrolling=\"no\" sandbox=\"allow-scripts\" data-secret=\"0lUthTFCeC\" data-mce-fragment=\"1\"><\/iframe><\/p>\n<p><iframe loading=\"lazy\" class=\"wp-embedded-content\" title=\"\u00abCasanare super\u00f3 los 9 mil casos Covid-19 e indisciplina ciudadana los aumentar\u00e1\u00bb \u2014 \u25b7 Noticias de Casanare : Martha Cifuentes | Casanare\" src=\"https:\/\/marthacifuentes.com\/portada\/2021\/01\/05\/casanare-supero-los-9-mil-casos-covid-19-e-indisciplina-ciudadana-los-aumentara\/embed\/#?secret=7h9VztukKh\" width=\"600\" height=\"569\" frameborder=\"0\" marginwidth=\"0\" marginheight=\"0\" scrolling=\"no\" sandbox=\"allow-scripts\" data-secret=\"7h9VztukKh\" data-mce-fragment=\"1\"><\/iframe><\/p>\n<p><iframe loading=\"lazy\" class=\"wp-embedded-content\" title=\"\u00abCerrada este 6 de enero Iglesia Nuestra Se\u00f1ora de Manare en Paz de Ariporo. Se busca evitar propagaci\u00f3n del Covid-19.\u00bb \u2014 \u25b7 Noticias de Casanare : Martha Cifuentes | Casanare\" src=\"https:\/\/marthacifuentes.com\/portada\/2021\/01\/05\/cerrada-este-6-de-enero-iglesia-nuestra-senora-de-manare-en-paz-de-ariporo-se-busca-evitar-propagacion-del-covid-19\/embed\/#?secret=4k1yb8m7hP\" width=\"600\" height=\"597\" frameborder=\"0\" marginwidth=\"0\" marginheight=\"0\" scrolling=\"no\" sandbox=\"allow-scripts\" data-secret=\"4k1yb8m7hP\" data-mce-fragment=\"1\"><\/iframe><\/p>\n<p><iframe loading=\"lazy\" class=\"wp-embedded-content\" title=\"\u00abLuego de asesinato de mujer en La Bendici\u00f3n en Yopal, vecinos reclaman m\u00e1s seguridad en el sector\u00bb \u2014 \u25b7 Noticias de Casanare : Martha Cifuentes | Casanare\" src=\"https:\/\/marthacifuentes.com\/portada\/2021\/01\/05\/luego-de-asesinato-de-mujer-en-la-bendicion-en-yopal-vecinos-reclaman-mas-seguridad-en-el-sector\/embed\/#?secret=7vEmNTEF8H\" width=\"600\" height=\"589\" frameborder=\"0\" marginwidth=\"0\" marginheight=\"0\" scrolling=\"no\" sandbox=\"allow-scripts\" data-secret=\"7vEmNTEF8H\" data-mce-fragment=\"1\"><\/iframe><\/p>\n<p><iframe loading=\"lazy\" class=\"wp-embedded-content\" title=\"\u00abRegalo del a\u00f1o nuevo para Yopal: aumento de impuesto predial y de industria y comercio\u00bb \u2014 \u25b7 Noticias de Casanare : Martha Cifuentes | Casanare\" src=\"https:\/\/marthacifuentes.com\/portada\/2020\/12\/30\/regalo-del-ano-nuevo-para-yopal-aumento-de-impuesto-predial-y-de-industria-y-comercio\/embed\/#?secret=lpkh1ZNGbJ\" width=\"600\" height=\"570\" frameborder=\"0\" marginwidth=\"0\" marginheight=\"0\" scrolling=\"no\" sandbox=\"allow-scripts\" data-secret=\"lpkh1ZNGbJ\" data-mce-fragment=\"1\"><\/iframe><\/p>\n<p><iframe loading=\"lazy\" class=\"wp-embedded-content\" title=\"\u00abIndustria del petr\u00f3leo, sacudida por el Covid-19, espera mejor a\u00f1o en 2021: Francisco Lloreda de la ACP\u00bb \u2014 \u25b7 Noticias de Casanare : Martha Cifuentes | Casanare\" src=\"https:\/\/marthacifuentes.com\/portada\/2020\/12\/23\/industria-del-petroleo-sacudida-por-el-covid-19-espera-mejor-ano-en-2021-francisco-lloreda-de-la-acp\/embed\/#?secret=5FAD7ZN7ve\" width=\"600\" height=\"613\" frameborder=\"0\" marginwidth=\"0\" marginheight=\"0\" scrolling=\"no\" sandbox=\"allow-scripts\" data-secret=\"5FAD7ZN7ve\" data-mce-fragment=\"1\"><\/iframe><\/p>\n<p><iframe loading=\"lazy\" class=\"wp-embedded-content\" title=\"\u00abConsumo de gasolina en Colombia en 2021 volver\u00eda a ser el mismo de 2019:\u00a0ACP\u00bb \u2014 \u25b7 Noticias de Casanare : Martha Cifuentes | Casanare\" src=\"https:\/\/marthacifuentes.com\/portada\/2020\/12\/22\/consumo-de-gasolina-en-colombia-en-2021-volveria-a-ser-el-mismo-de-2019-acp\/embed\/#?secret=mVbQEj3lIe\" width=\"600\" height=\"590\" frameborder=\"0\" marginwidth=\"0\" marginheight=\"0\" scrolling=\"no\" sandbox=\"allow-scripts\" data-secret=\"mVbQEj3lIe\" data-mce-fragment=\"1\"><\/iframe><\/p>\n<p><iframe loading=\"lazy\" class=\"wp-embedded-content\" title=\"\u00abAl Fondo de Adaptaci\u00f3n, Alcald\u00eda de Yopal, Gobernaci\u00f3n de Casanare y Eaaay les qued\u00f3 grande poner a funcionar PTAP de Yopal. Tribunal les abri\u00f3 incidente de desacato\u00bb \u2014 \u25b7 Noticias de Casanare : Martha Cifuentes | Casanare\" src=\"https:\/\/marthacifuentes.com\/portada\/2020\/12\/22\/al-fondo-de-adaptacion-alcaldia-de-yopal-gobernacion-de-casanare-y-eaaay-les-quedo-grande-poner-a-funcionar-ptap-de-yopal-tribunal-les-abrio-incidente-de-desacato\/embed\/#?secret=HKbaLuRj4r\" width=\"600\" height=\"644\" frameborder=\"0\" marginwidth=\"0\" marginheight=\"0\" scrolling=\"no\" sandbox=\"allow-scripts\" data-secret=\"HKbaLuRj4r\" data-mce-fragment=\"1\"><\/iframe><\/p>\n<p><iframe loading=\"lazy\" class=\"wp-embedded-content\" title=\"\u00abEnerca perdi\u00f3 $10 mil millones en energ\u00eda que compr\u00f3 y no sabe qu\u00e9 pas\u00f3 con ella. Los usuarios tendr\u00e1n que \u201cpagar\u201d lo que no se han comido.\u00bb \u2014 \u25b7 Noticias de Casanare : Martha Cifuentes | Casanare\" src=\"https:\/\/marthacifuentes.com\/portada\/2020\/12\/18\/enerca-perdio-10-mil-millones-en-energia-que-compro-y-no-sabe-que-paso-con-ella-los-usuarios-tendran-que-pagar-lo-que-no-se-han-comido\/embed\/#?secret=BPQ9IT0oys\" width=\"600\" height=\"617\" frameborder=\"0\" marginwidth=\"0\" marginheight=\"0\" scrolling=\"no\" sandbox=\"allow-scripts\" data-secret=\"BPQ9IT0oys\" data-mce-fragment=\"1\"><\/iframe><\/p>\n<p><iframe loading=\"lazy\" class=\"wp-embedded-content\" title=\"\u00abVuelve y juega: \u00bfConsejo Directivo de Corporinoquia aprobar\u00eda plan de acci\u00f3n ilegalmente?\u00bb \u2014 \u25b7 Noticias de Casanare : Martha Cifuentes | Casanare\" src=\"https:\/\/marthacifuentes.com\/portada\/2020\/12\/18\/vuelve-y-juega-consejo-directivo-de-corporinoquia-aprobaria-plan-de-accion-ilegalmente\/embed\/#?secret=u81SLPWLho\" width=\"600\" height=\"589\" frameborder=\"0\" marginwidth=\"0\" marginheight=\"0\" scrolling=\"no\" sandbox=\"allow-scripts\" data-secret=\"u81SLPWLho\" data-mce-fragment=\"1\"><\/iframe><\/p>\n<h4>Otras noticias\u2026<\/h4>\n<p><iframe loading=\"lazy\" class=\"wp-embedded-content\" title=\"\u00abClan del Golfo habr\u00eda llegado a Casanare de la mano de personalidades de poder econ\u00f3mico, revela analista Ariel \u00c1vila\u00bb \u2014 \u25b7 Noticias de Casanare : Martha Cifuentes | Casanare\" src=\"https:\/\/marthacifuentes.com\/portada\/2020\/12\/17\/clan-del-golfo-habria-llegado-a-casanare-de-la-mano-de-personalidades-de-poder-economico-revela-analista-ariel-avila\/embed\/#?secret=aQKHfZ9ilS\" width=\"600\" height=\"617\" frameborder=\"0\" marginwidth=\"0\" marginheight=\"0\" scrolling=\"no\" sandbox=\"allow-scripts\" data-secret=\"aQKHfZ9ilS\" data-mce-fragment=\"1\"><\/iframe><\/p>\n<p><iframe loading=\"lazy\" class=\"wp-embedded-content\" title=\"\u00abEstudiante de Unitr\u00f3pico inicia estudio piloto sobre el Caracol Gigante Africano\u00bb \u2014 \u25b7 Noticias de Casanare : Martha Cifuentes | Casanare\" src=\"https:\/\/marthacifuentes.com\/portada\/2020\/12\/16\/estudiante-de-unitropico-inicia-estudio-piloto-sobre-el-caracol-gigante-africano\/embed\/#?secret=222p4Uocqi\" width=\"600\" height=\"602\" frameborder=\"0\" marginwidth=\"0\" marginheight=\"0\" scrolling=\"no\" sandbox=\"allow-scripts\" data-secret=\"222p4Uocqi\" data-mce-fragment=\"1\"><\/iframe><\/p>\n<p><iframe loading=\"lazy\" class=\"wp-embedded-content\" title=\"\u00abEmpresas petroleras y de gas apoyaron con $379 millones a Casanare para atender pandemia de Covid-19\u00bb \u2014 \u25b7 Noticias de Casanare : Martha Cifuentes | Casanare\" src=\"https:\/\/marthacifuentes.com\/portada\/2020\/12\/16\/empresas-petroleras-y-de-gas-apoyaron-con-379-millones-a-casanare-para-atender-pandemia-de-covid-19\/embed\/#?secret=prWkbNiWkI\" width=\"600\" height=\"597\" frameborder=\"0\" marginwidth=\"0\" marginheight=\"0\" scrolling=\"no\" sandbox=\"allow-scripts\" data-secret=\"prWkbNiWkI\" data-mce-fragment=\"1\"><\/iframe><\/p>\n<div class=\"tie-fluid-width-video-wrapper\"><iframe title=\"Los pelados de la guerra\" src=\"https:\/\/www.youtube.com\/embed\/Kr4KwNYXSdo?feature=oembed\" name=\"fitvid0\" frameborder=\"0\" allowfullscreen=\"allowfullscreen\" data-mce-fragment=\"1\"><\/iframe><\/div>\n<p><iframe loading=\"lazy\" class=\"wp-embedded-content\" title=\"\u00ab\u00bfQu\u00e9 hay de nuevo en la contrataci\u00f3n estatal? La Contralor\u00eda Departamental socializar\u00e1 los cambios\u00bb \u2014 \u25b7 Noticias de Casanare : Martha Cifuentes | Casanare\" src=\"https:\/\/marthacifuentes.com\/portada\/2020\/12\/16\/que-hay-de-nuevo-en-la-contratacion-estatal-la-contraloria-departamental-socializara-los-cambios\/embed\/#?secret=cSw9OJQYBE\" width=\"600\" height=\"613\" frameborder=\"0\" marginwidth=\"0\" marginheight=\"0\" scrolling=\"no\" sandbox=\"allow-scripts\" data-secret=\"cSw9OJQYBE\" data-mce-fragment=\"1\"><\/iframe><\/p>\n<p><iframe loading=\"lazy\" class=\"wp-embedded-content\" title=\"\u00abCormacarena suspende actividades de Ecopetrol por contaminaci\u00f3n del r\u00edo Guayuriba,\u00bb \u2014 \u25b7 Noticias de Casanare : Martha Cifuentes | Casanare\" src=\"https:\/\/marthacifuentes.com\/portada\/2020\/12\/16\/cormacarena-suspende-actividades-de-ecopetrol-por-contaminacion-del-rio-guayuriba\/embed\/#?secret=rweOPBLIeO\" width=\"600\" height=\"589\" frameborder=\"0\" marginwidth=\"0\" marginheight=\"0\" scrolling=\"no\" sandbox=\"allow-scripts\" data-secret=\"rweOPBLIeO\" data-mce-fragment=\"1\"><\/iframe><\/p>\n<p><iframe loading=\"lazy\" class=\"wp-embedded-content\" title=\"\u00abCapresoca ampli\u00f3 servicio de toma de pruebas Covid-19 a varios municipios de Casanare\u00bb \u2014 \u25b7 Noticias de Casanare : Martha Cifuentes | Casanare\" src=\"https:\/\/marthacifuentes.com\/portada\/2020\/12\/15\/capresoca-amplio-servicio-de-toma-de-pruebas-covid-19-a-varios-municipios-de-casanare\/embed\/#?secret=AbjFMmArhd\" width=\"600\" height=\"551\" frameborder=\"0\" marginwidth=\"0\" marginheight=\"0\" scrolling=\"no\" sandbox=\"allow-scripts\" data-secret=\"AbjFMmArhd\" data-mce-fragment=\"1\"><\/iframe><\/p>\n<p><iframe loading=\"lazy\" class=\"wp-embedded-content\" title=\"\u00abClan del Golfo ya est\u00e1 en Casanare y tendr\u00eda que ver con asesinatos de Villanueva y otros municipios\u00bb \u2014 \u25b7 Noticias de Casanare : Martha Cifuentes | Casanare\" src=\"https:\/\/marthacifuentes.com\/portada\/2020\/12\/14\/clan-del-golfo-ya-esta-en-casanare-y-tendria-que-ver-con-asesinatos-de-villanueva-y-otros-municipios\/embed\/#?secret=lbEUD1F3Sz\" width=\"600\" height=\"589\" frameborder=\"0\" marginwidth=\"0\" marginheight=\"0\" scrolling=\"no\" sandbox=\"allow-scripts\" data-secret=\"lbEUD1F3Sz\" data-mce-fragment=\"1\"><\/iframe><\/p>\n<div class=\"tie-fluid-width-video-wrapper\"><iframe title=\"\u00bfPor qu\u00e9 la desaparici\u00f3n forzada?\" src=\"https:\/\/www.youtube.com\/embed\/POVgbPlyUic?feature=oembed\" name=\"fitvid0\" frameborder=\"0\" allowfullscreen=\"allowfullscreen\" data-mce-fragment=\"1\"><\/iframe><\/div>\n<p>&nbsp;<\/p>\n<p><iframe loading=\"lazy\" class=\"wp-embedded-content\" title=\"\u00abDNP sancion\u00f3 a la Alcald\u00eda de Yopal. Suspendi\u00f3 giro de regal\u00edas de pavimentaci\u00f3n calles de Yopal por irregularidades\u00bb \u2014 \u25b7 Noticias de Casanare : Martha Cifuentes | Casanare\" src=\"https:\/\/marthacifuentes.com\/portada\/2020\/12\/14\/dnp-sanciono-a-la-alcaldia-de-yopal-suspendio-giro-de-regalias-de-pavimentacion-calles-de-yopal-por-irregularidades\/embed\/#?secret=6ZMMmWUDQR\" width=\"600\" height=\"617\" frameborder=\"0\" marginwidth=\"0\" marginheight=\"0\" scrolling=\"no\" sandbox=\"allow-scripts\" data-secret=\"6ZMMmWUDQR\" data-mce-fragment=\"1\"><\/iframe><\/p>\n<div class=\"tie-fluid-width-video-wrapper\"><iframe title=\"El legado de Alfredo Molano\" src=\"https:\/\/www.youtube.com\/embed\/HewprG0PJUM?feature=oembed\" name=\"fitvid0\" frameborder=\"0\" allowfullscreen=\"allowfullscreen\" data-mce-fragment=\"1\"><\/iframe><\/div>\n<p><iframe loading=\"lazy\" class=\"wp-embedded-content\" title=\"\u00abCaos vial, accidentes y ausencia de agentes de tr\u00e1nsito en primer d\u00eda de cambio de sentido de la carrera 27 en Yopal\u00bb \u2014 \u25b7 Noticias de Casanare : Martha Cifuentes | Casanare\" src=\"https:\/\/marthacifuentes.com\/portada\/2020\/12\/13\/caos-vial-accidentes-y-ausencia-de-agentes-de-transito-en-primer-dia-de-cambio-de-sentido-de-la-carrera-27-en-yopal\/embed\/#?secret=jgWMm4149E\" width=\"600\" height=\"599\" frameborder=\"0\" marginwidth=\"0\" marginheight=\"0\" scrolling=\"no\" sandbox=\"allow-scripts\" data-secret=\"jgWMm4149E\" data-mce-fragment=\"1\"><\/iframe><\/p>\n<p><iframe loading=\"lazy\" class=\"wp-embedded-content\" title=\"\u00abEcopetrol entrega dotaci\u00f3n escolar a 27 sedes educativas del sector rural de Yopal\u00bb \u2014 \u25b7 Noticias de Casanare : Martha Cifuentes | Casanare\" src=\"https:\/\/marthacifuentes.com\/portada\/2020\/12\/10\/ecopetrol-entrega-dotacion-escolar-a-27-sedes-educativas-del-sector-rural-de-yopal\/embed\/#?secret=J9PBBPXVh1\" width=\"600\" height=\"589\" frameborder=\"0\" marginwidth=\"0\" marginheight=\"0\" scrolling=\"no\" sandbox=\"allow-scripts\" data-secret=\"J9PBBPXVh1\" data-mce-fragment=\"1\"><\/iframe><\/p>\n<p><iframe loading=\"lazy\" class=\"wp-embedded-content\" title=\"\u00abEl talento en Arquitectura de Unitr\u00f3pico ser\u00e1 reconocido en los premios FAUN\u00bb \u2014 \u25b7 Noticias de Casanare : Martha Cifuentes | Casanare\" src=\"https:\/\/marthacifuentes.com\/portada\/2020\/12\/10\/el-talento-en-arquitectura-de-unitropico-sera-reconocido-en-los-premios-faun\/embed\/#?secret=kEVPfhrvTq\" width=\"600\" height=\"589\" frameborder=\"0\" marginwidth=\"0\" marginheight=\"0\" scrolling=\"no\" sandbox=\"allow-scripts\" data-secret=\"kEVPfhrvTq\" data-mce-fragment=\"1\"><\/iframe><\/p>\n<p><iframe loading=\"lazy\" class=\"wp-embedded-content\" title=\"\u00ab\u00c1lvaro Uribe, volvi\u00f3 a gui\u00f1ar el ojo a favor del exgobernador de Casanare Alirio Barrera, en entrevista en la W Radio.\u00bb \u2014 \u25b7 Noticias de Casanare : Martha Cifuentes | Casanare\" src=\"https:\/\/marthacifuentes.com\/portada\/2020\/12\/10\/alvaro-uribe-volvio-a-guinar-el-ojo-a-favor-del-exgobernador-de-casanare-alirio-barrera-en-entrevista-en-la-w-radio\/embed\/#?secret=FHAiBRzNLN\" width=\"600\" height=\"641\" frameborder=\"0\" marginwidth=\"0\" marginheight=\"0\" scrolling=\"no\" sandbox=\"allow-scripts\" data-secret=\"FHAiBRzNLN\" data-mce-fragment=\"1\"><\/iframe><\/p>\n<p><iframe loading=\"lazy\" class=\"wp-embedded-content\" title=\"\u00abAlcalde de Yopal trat\u00f3 de defender show pirot\u00e9cnico en el parque La Iguana ante cr\u00edticas por afectaci\u00f3n de la fauna\u00bb \u2014 \u25b7 Noticias de Casanare : Martha Cifuentes | Casanare\" src=\"https:\/\/marthacifuentes.com\/portada\/2020\/12\/10\/alcalde-de-yopal-trato-de-defender-show-pirotecnico-en-el-parque-la-iguana-ante-criticas-por-afectacion-de-la-fauna\/embed\/#?secret=pKMT8fSI8n\" width=\"600\" height=\"617\" frameborder=\"0\" marginwidth=\"0\" marginheight=\"0\" scrolling=\"no\" sandbox=\"allow-scripts\" data-secret=\"pKMT8fSI8n\" data-mce-fragment=\"1\"><\/iframe><\/p>\n<p><iframe loading=\"lazy\" class=\"wp-embedded-content\" title=\"\u00abVendetta por control territorial de microtr\u00e1fico ser\u00eda la causa de ataque armado en Villanueva\u00bb \u2014 \u25b7 Noticias de Casanare : Martha Cifuentes | Casanare\" src=\"https:\/\/marthacifuentes.com\/portada\/2020\/12\/07\/vendetta-por-control-territorial-de-microtrafico-seria-la-causa-de-ataque-armado-en-villanueva\/embed\/#?secret=MTzT5f50Vn\" width=\"600\" height=\"543\" frameborder=\"0\" marginwidth=\"0\" marginheight=\"0\" scrolling=\"no\" sandbox=\"allow-scripts\" data-secret=\"MTzT5f50Vn\" data-mce-fragment=\"1\"><\/iframe><\/p>\n<p><iframe loading=\"lazy\" class=\"wp-embedded-content\" title=\"\u00ab2 muertos y 4 heridos, deja ataque armado en Villanueva Casanare. Se realiza Consejo de Seguridad\u00bb \u2014 \u25b7 Noticias de Casanare : Martha Cifuentes | Casanare\" src=\"https:\/\/marthacifuentes.com\/portada\/2020\/12\/06\/2-muertos-y-4-heridos-deja-ataque-armado-en-villanueva-casanare-se-realiza-consejo-de-seguridad\/embed\/#?secret=KX6gIcrkrM\" width=\"600\" height=\"589\" frameborder=\"0\" marginwidth=\"0\" marginheight=\"0\" scrolling=\"no\" sandbox=\"allow-scripts\" data-secret=\"KX6gIcrkrM\" data-mce-fragment=\"1\"><\/iframe><\/p>\n<p><iframe loading=\"lazy\" class=\"wp-embedded-content\" title=\"\u00abConsejo de Estado vuelve a fallar en contra de la elegida y nunca posesionada directora de Corporinoquia Doris Bernal\u00bb \u2014 \u25b7 Noticias de Casanare : Martha Cifuentes | Casanare\" src=\"https:\/\/marthacifuentes.com\/portada\/2020\/12\/04\/consejo-de-estado-vuelve-a-fallar-en-contra-de-la-elegida-y-nunca-posesionada-directora-de-corporinoquia-doris-bernal\/embed\/#?secret=NrlsxMgyy2\" width=\"600\" height=\"617\" frameborder=\"0\" marginwidth=\"0\" marginheight=\"0\" scrolling=\"no\" sandbox=\"allow-scripts\" data-secret=\"NrlsxMgyy2\" data-mce-fragment=\"1\"><\/iframe><\/p>\n<p><iframe loading=\"lazy\" class=\"wp-embedded-content\" title=\"\u00abPruebas gratis de Covid-19 para afiliados har\u00e1 Capresoca\u00bb \u2014 \u25b7 Noticias de Casanare : Martha Cifuentes | Casanare\" src=\"https:\/\/marthacifuentes.com\/portada\/2020\/12\/04\/pruebas-gratis-de-covid-19-para-afiliados-hara-capresoca\/embed\/#?secret=xxUTzqlW4W\" width=\"600\" height=\"589\" frameborder=\"0\" marginwidth=\"0\" marginheight=\"0\" scrolling=\"no\" sandbox=\"allow-scripts\" data-secret=\"xxUTzqlW4W\" data-mce-fragment=\"1\"><\/iframe><\/p>\n<p><iframe loading=\"lazy\" class=\"wp-embedded-content\" title=\"\u00abV\u00eda libre para que la Alcald\u00eda de Yopal compr\u00e9 y legalice La Bendici\u00f3n. Costar\u00e1 al menos 17 mil millones\u00bb \u2014 \u25b7 Noticias de Casanare : Martha Cifuentes | Casanare\" src=\"https:\/\/marthacifuentes.com\/portada\/2020\/12\/03\/via-libre-para-que-la-alcaldia-de-yopal-compre-y-legalice-la-bendicion-costara-al-menos-17-mil-millones\/embed\/#?secret=7siEFMM6jr\" width=\"600\" height=\"569\" frameborder=\"0\" marginwidth=\"0\" marginheight=\"0\" scrolling=\"no\" sandbox=\"allow-scripts\" data-secret=\"7siEFMM6jr\" data-mce-fragment=\"1\"><\/iframe><\/p>\n<p><iframe loading=\"lazy\" class=\"wp-embedded-content\" title=\"\u00abEmpresas de zumos, productos de belleza y muebles, ganadores de los premios Sinergia 2020 premio en Casanare\u00bb \u2014 \u25b7 Noticias de Casanare : Martha Cifuentes | Casanare\" src=\"https:\/\/marthacifuentes.com\/portada\/2020\/12\/02\/empresas-de-zumos-productos-de-belleza-y-muebles-ganadores-de-los-premios-sinergia-2020-premio-en-casanare\/embed\/#?secret=209YjMrUJr\" width=\"600\" height=\"617\" frameborder=\"0\" marginwidth=\"0\" marginheight=\"0\" scrolling=\"no\" sandbox=\"allow-scripts\" data-secret=\"209YjMrUJr\" data-mce-fragment=\"1\"><\/iframe><\/p>\n<p><iframe loading=\"lazy\" class=\"wp-embedded-content\" title=\"\u00abPap\u00e1 del beb\u00e9 raptado en Yopal va a recuperarlo en Venezuela. Joven secuestradora fue capturada.\u00bb \u2014 \u25b7 Noticias de Casanare : Martha Cifuentes | Casanare\" src=\"https:\/\/marthacifuentes.com\/portada\/2020\/12\/01\/papa-del-bebe-raptado-en-yopal-va-a-recuperarlo-en-venezuela-joven-secuestradora-fue-capturada\/embed\/#?secret=1YsMLLQq6d\" width=\"600\" height=\"320\" frameborder=\"0\" marginwidth=\"0\" marginheight=\"0\" scrolling=\"no\" sandbox=\"allow-scripts\" data-secret=\"1YsMLLQq6d\" data-mce-fragment=\"1\"><\/iframe><\/p>\n<p><iframe loading=\"lazy\" class=\"wp-embedded-content\" title=\"\u00abSistema de abastecimiento de agua de Yopal ser\u00e1 entregado a medias. Entidades se culpan mutuamente de fallas en proyecto.\u00bb \u2014 \u25b7 Noticias de Casanare : Martha Cifuentes | Casanare\" src=\"https:\/\/marthacifuentes.com\/portada\/2020\/12\/01\/sistema-de-abastecimiento-de-agua-de-yopal-sera-entregado-a-medias-entidades-se-culpan-mutuamente-de-fallas-en-proyecto\/embed\/#?secret=FK9zojTi9K\" width=\"600\" height=\"575\" frameborder=\"0\" marginwidth=\"0\" marginheight=\"0\" scrolling=\"no\" sandbox=\"allow-scripts\" data-secret=\"FK9zojTi9K\" data-mce-fragment=\"1\"><\/iframe><\/p>\n<p><iframe loading=\"lazy\" class=\"wp-embedded-content\" title=\"\u00abC\u00e1rcel de Yopal ampliar\u00e1 capacidad para 340 presos m\u00e1s. De estos 170 ser\u00e1 para mujeres\u00bb \u2014 \u25b7 Noticias de Casanare : Martha Cifuentes | Casanare\" src=\"https:\/\/marthacifuentes.com\/portada\/2020\/11\/30\/carcel-de-yopal-ampliara-capacidad-para-340-presos-mas-de-estos-170-sera-para-mujeres\/embed\/#?secret=uP9BjxAf17\" width=\"600\" height=\"593\" frameborder=\"0\" marginwidth=\"0\" marginheight=\"0\" scrolling=\"no\" sandbox=\"allow-scripts\" data-secret=\"uP9BjxAf17\" data-mce-fragment=\"1\"><\/iframe><\/p>\n<p><iframe loading=\"lazy\" class=\"wp-embedded-content\" title=\"\u00abEfr\u00e9n Hern\u00e1ndez, mientras trataba de reversar fallo judicial adverso, se enferm\u00f3 y est\u00e1 en delicada situaci\u00f3n de salud\u00bb \u2014 \u25b7 Noticias de Casanare : Martha Cifuentes | Casanare\" src=\"https:\/\/marthacifuentes.com\/portada\/2020\/11\/23\/efren-hernandez-mientras-trataba-de-reversar-fallo-judicial-adverso-se-enfermo-y-esta-en-delicada-situacion-de-salud\/embed\/#?secret=7Sy2SPZkhx\" width=\"600\" height=\"617\" frameborder=\"0\" marginwidth=\"0\" marginheight=\"0\" scrolling=\"no\" sandbox=\"allow-scripts\" data-secret=\"7Sy2SPZkhx\" data-mce-fragment=\"1\"><\/iframe><\/p>\n<p><iframe loading=\"lazy\" class=\"wp-embedded-content\" title=\"\u00ab\u00bfEl gobernador de Casanare Salom\u00f3n Sanabria, se queda o se va? A fallo en el Consejo de Estado entr\u00f3 proceso de nulidad electoral\u00bb \u2014 \u25b7 Noticias de Casanare : Martha Cifuentes | Casanare\" src=\"https:\/\/marthacifuentes.com\/portada\/2020\/11\/21\/el-gobernador-de-casanare-salomon-sanabria-se-queda-o-se-va-a-fallo-en-el-consejo-de-estado-entro-proceso-de-nulidad-electoral\/embed\/#?secret=Umpe1UvsJn\" width=\"600\" height=\"613\" frameborder=\"0\" marginwidth=\"0\" marginheight=\"0\" scrolling=\"no\" sandbox=\"allow-scripts\" data-secret=\"Umpe1UvsJn\" data-mce-fragment=\"1\"><\/iframe><\/p>\n<p><iframe loading=\"lazy\" class=\"wp-embedded-content\" title=\"\u00abProcuradur\u00eda investiga a alcaldesa de Aguazul por presunta presi\u00f3n indebida contra exgerente del Hospital de Aguazul\u00bb \u2014 \u25b7 Noticias de Casanare : Martha Cifuentes | Casanare\" src=\"https:\/\/marthacifuentes.com\/portada\/2020\/11\/17\/procuraduria-investiga-a-alcaldesa-de-aguazul-por-presunta-presion-indebida-contra-exgerente-del-hospital-de-aguazul\/embed\/#?secret=QCxuGfVw4m\" width=\"600\" height=\"617\" frameborder=\"0\" marginwidth=\"0\" marginheight=\"0\" scrolling=\"no\" sandbox=\"allow-scripts\" data-secret=\"QCxuGfVw4m\" data-mce-fragment=\"1\"><\/iframe><\/p>\n<p><iframe loading=\"lazy\" class=\"wp-embedded-content\" title=\"\u00abExgerente del Hospital de Aguazul acus\u00f3 a la alcaldesa Johana Moreno de obligarlo a firmar una renuncia anticipada a su cargo.\u00bb \u2014 \u25b7 Noticias de Casanare : Martha Cifuentes | Casanare\" src=\"https:\/\/marthacifuentes.com\/portada\/2020\/11\/17\/exgerente-del-hospital-de-aguazul-acuso-a-la-alcaldesa-johana-moreno-de-obligarlo-a-firmar-una-renuncia-anticipada-a-su-cargo\/embed\/#?secret=JPLvVjuwWF\" width=\"600\" height=\"641\" frameborder=\"0\" marginwidth=\"0\" marginheight=\"0\" scrolling=\"no\" sandbox=\"allow-scripts\" data-secret=\"JPLvVjuwWF\" data-mce-fragment=\"1\"><\/iframe><\/p>\n<p><iframe loading=\"lazy\" class=\"wp-embedded-content\" title=\"\u00ab40% de empleo de Yopal, concentrado en hoteles, restaurantes y comercio: DANE\u00bb \u2014 \u25b7 Noticias de Casanare : Martha Cifuentes | Casanare\" src=\"https:\/\/marthacifuentes.com\/portada\/2020\/11\/12\/40-de-empleo-de-yopal-concentrado-en-hoteles-restaurantes-y-comercio-dane\/embed\/#?secret=CM9NsMxuph\" width=\"600\" height=\"589\" frameborder=\"0\" marginwidth=\"0\" marginheight=\"0\" scrolling=\"no\" sandbox=\"allow-scripts\" data-secret=\"CM9NsMxuph\" data-mce-fragment=\"1\"><\/iframe><\/p>\n<p><iframe loading=\"lazy\" class=\"wp-embedded-content\" title=\"\u00abSector petrolero aporta casi mitad de PIB de Casanare pero genera poco empleo\u00bb \u2014 \u25b7 Noticias de Casanare : Martha Cifuentes | Casanare\" src=\"https:\/\/marthacifuentes.com\/portada\/2020\/11\/12\/sector-petrolero-aporta-casi-mitad-de-pib-de-casanare-pero-genera-poco-empleo\/embed\/#?secret=NFgGf3wTAX\" width=\"600\" height=\"609\" frameborder=\"0\" marginwidth=\"0\" marginheight=\"0\" scrolling=\"no\" sandbox=\"allow-scripts\" data-secret=\"NFgGf3wTAX\" data-mce-fragment=\"1\"><\/iframe><\/p>\n<p><iframe loading=\"lazy\" class=\"wp-embedded-content\" title=\"\u00abFalleci\u00f3 Milton \u00c1lvarez, exalcalde de Tauramena, Casanare. El c\u00e1ncer min\u00f3 su vida.\u00bb \u2014 \u25b7 Noticias de Casanare : Martha Cifuentes | Casanare\" src=\"https:\/\/marthacifuentes.com\/portada\/2020\/11\/09\/fallecio-milton-alvarez-exalcalde-de-tauramena-casanare-el-cancer-mino-su-vida\/embed\/#?secret=hfqlnDwKAe\" width=\"600\" height=\"589\" frameborder=\"0\" marginwidth=\"0\" marginheight=\"0\" scrolling=\"no\" sandbox=\"allow-scripts\" data-secret=\"hfqlnDwKAe\" data-mce-fragment=\"1\"><\/iframe><\/p>\n<p><iframe loading=\"lazy\" class=\"wp-embedded-content\" title=\"\u00abEnerca oculta proceso contractual de divulgaci\u00f3n. Public\u00f3 en Secop una semana despu\u00e9s de definir el contratista.\u00bb \u2014 \u25b7 Noticias de Casanare : Martha Cifuentes | Casanare\" src=\"https:\/\/marthacifuentes.com\/portada\/2020\/11\/05\/enerca-oculta-proceso-contractual-de-divulgacion-publico-en-secop-una-semana-despues-de-definir-el-contratista\/embed\/#?secret=bonSsJ8gAx\" width=\"600\" height=\"617\" frameborder=\"0\" marginwidth=\"0\" marginheight=\"0\" scrolling=\"no\" sandbox=\"allow-scripts\" data-secret=\"bonSsJ8gAx\" data-mce-fragment=\"1\"><\/iframe><\/p>\n<p><iframe loading=\"lazy\" class=\"wp-embedded-content\" title=\"\u00abCovid-19 en Yopal afecta m\u00e1s a adultos j\u00f3venes pero mata m\u00e1s adultos mayores de 90 a\u00f1os\u00bb \u2014 \u25b7 Noticias de Casanare : Martha Cifuentes | Casanare\" src=\"https:\/\/marthacifuentes.com\/portada\/2020\/11\/05\/covid-19-en-yopal-afecta-mas-a-adultos-jovenes-pero-mata-mas-adultos-mayores-de-90-anos\/embed\/#?secret=55l17TdThb\" width=\"600\" height=\"569\" frameborder=\"0\" marginwidth=\"0\" marginheight=\"0\" scrolling=\"no\" sandbox=\"allow-scripts\" data-secret=\"55l17TdThb\" data-mce-fragment=\"1\"><\/iframe><\/p>\n<p><a href=\"https:\/\/www.youtube.com\/watch?v=eHme0UG2fW4&amp;feature=youtu.be\"><img decoding=\"async\" src=\"https:\/\/marthacifuentes.com\/portada\/wp-content\/uploads\/2020\/11\/ESPECIAL-PERIODISTICO-CENTRO-DE-SALUD-DE-SABANALARGA-PARA-PAGINA.jpg\" \/><\/a><\/p>\n<p><iframe loading=\"lazy\" class=\"wp-embedded-content\" title=\"\u00abContralor\u00eda pone la lupa en Enerca, Horo y Gobernaci\u00f3n de Casanare\u00bb \u2014 \u25b7 Noticias de Casanare : Martha Cifuentes | Casanare\" src=\"https:\/\/marthacifuentes.com\/portada\/2020\/11\/03\/contraloria-pone-la-lupa-en-enerca-horo-y-gobernacion-de-casanare\/embed\/#?secret=4rT01XMqAm\" width=\"600\" height=\"589\" frameborder=\"0\" marginwidth=\"0\" marginheight=\"0\" scrolling=\"no\" sandbox=\"allow-scripts\" data-secret=\"4rT01XMqAm\" data-mce-fragment=\"1\"><\/iframe><\/p>\n<p><iframe loading=\"lazy\" class=\"wp-embedded-content\" title=\"\u00abPetrolera Frontera y su contratista Serpet JR ser\u00edan sancionadas por Cormacarena por incidente de volqueta ca\u00edda al r\u00edo Meta\u00bb \u2014 \u25b7 Noticias de Casanare : Martha Cifuentes | Casanare\" src=\"https:\/\/marthacifuentes.com\/portada\/2020\/11\/03\/petrolera-frontera-y-su-contratista-serpet-jr-serian-sancionadas-por-cormacarena-por-incidente-de-volqueta-caida-al-rio-meta\/embed\/#?secret=XtPEG2VFK9\" width=\"600\" height=\"617\" frameborder=\"0\" marginwidth=\"0\" marginheight=\"0\" scrolling=\"no\" sandbox=\"allow-scripts\" data-secret=\"XtPEG2VFK9\" data-mce-fragment=\"1\"><\/iframe><\/p>\n<p><iframe loading=\"lazy\" class=\"wp-embedded-content\" title=\"\u00abAmnist\u00eda para remisos del ej\u00e9rcito en Casanare se realizar\u00e1 este 4 de noviembre\u00bb \u2014 \u25b7 Noticias de Casanare : Martha Cifuentes | Casanare\" src=\"https:\/\/marthacifuentes.com\/portada\/2020\/11\/03\/amnistia-para-remisos-del-ejercito-en-casanare-se-realizara-este-4-de-noviembre\/embed\/#?secret=AwxwSY73K3\" width=\"600\" height=\"589\" frameborder=\"0\" marginwidth=\"0\" marginheight=\"0\" scrolling=\"no\" sandbox=\"allow-scripts\" data-secret=\"AwxwSY73K3\" data-mce-fragment=\"1\"><\/iframe><\/p>\n<p><iframe loading=\"lazy\" class=\"wp-embedded-content\" title=\"\u00abAguazul, San Luis y Hato Corozal rajados en cumplimiento de normas administrativas y fiscales en vigencia 2019\u00bb \u2014 \u25b7 Noticias de Casanare : Martha Cifuentes | Casanare\" src=\"https:\/\/marthacifuentes.com\/portada\/2020\/11\/03\/aguazul-san-luis-y-hato-corozal-rajados-en-cumplimiento-de-normas-administrativas-y-fiscales-en-vigencia-2019\/embed\/#?secret=ZOEeNJXao5\" width=\"600\" height=\"617\" frameborder=\"0\" marginwidth=\"0\" marginheight=\"0\" scrolling=\"no\" sandbox=\"allow-scripts\" data-secret=\"ZOEeNJXao5\" data-mce-fragment=\"1\"><\/iframe><\/p>\n<div class=\"main-content tie-col-md-8 tie-col-xs-12\" role=\"main\">\n<article id=\"the-post\" class=\"container-wrapper post-content tie-standard\">\n<div class=\"entry-content entry clearfix\">\n<p><iframe loading=\"lazy\" class=\"wp-embedded-content\" title=\"\u00abAlcald\u00eda de Yopal reactiva cobros coactivos y otros procesos contra deudores morosos de impuestos\u00bb \u2014 \u25b7 Noticias de Casanare : Martha Cifuentes | Casanare\" src=\"https:\/\/marthacifuentes.com\/portada\/2020\/11\/03\/alcaldia-de-yopal-reactiva-cobros-coactivos-y-otros-procesos-contra-deudores-morosos-de-impuestos\/embed\/#?secret=kjioaHYlcn\" width=\"600\" height=\"588\" frameborder=\"0\" marginwidth=\"0\" marginheight=\"0\" scrolling=\"no\" sandbox=\"allow-scripts\" data-secret=\"kjioaHYlcn\" data-mce-fragment=\"1\"><\/iframe><\/p>\n<\/div>\n<\/article>\n<\/div>\n<div class=\"post-bottom-meta\"><\/div>\n<p>&nbsp;<\/p>\n","protected":false},"excerpt":{"rendered":"<p>Con arengas alusivas al medio ambiente y el derecho a la libre protesta: \u201cLa desigualdad social es m\u00e1s violenta que cualquier protesta\u201d, \u201cno hay escasez de recursos en el planeta, hay escasez de conciencia\u201d y \u201cprotestar es un derecho. Reprimir es un delito\u2026\u201d, habitantes de seis veredas de Paz de Ariporo y Trinidad, del \u00e1rea &hellip;<\/p>\n","protected":false},"author":2,"featured_media":25774,"comment_status":"open","ping_status":"open","sticky":false,"template":"","format":"standard","meta":{"om_disable_all_campaigns":false,"_exactmetrics_skip_tracking":false,"_exactmetrics_sitenote_active":false,"_exactmetrics_sitenote_note":"","_exactmetrics_sitenote_category":0,"_monsterinsights_skip_tracking":false,"_monsterinsights_sitenote_active":false,"_monsterinsights_sitenote_note":"","_monsterinsights_sitenote_category":0,"_uf_show_specific_survey":0,"_uf_disable_surveys":false,"_joinchat":[],"footnotes":""},"categories":[147,146,145],"tags":[1373,5432,1372,5431,5434,5433],"class_list":["post-25756","post","type-post","status-publish","format-standard","has-post-thumbnail","hentry","category-actualidad","category-noticias","category-reportajes","tag-casanare-noticias","tag-comunidad-cano-garza-paz-de-ariporo-trinidad-protestan-contra-perenco","tag-noticias-de-casanare","tag-noticias-de-paz-de-ariporo-trinidad","tag-perenco-compensaciones-ambientales-anla-corporinoquia","tag-perenco-inversion-social-cano-garza"],"yoast_head":"<!-- This site is optimized with the Yoast SEO plugin v26.1 - https:\/\/yoast.com\/wordpress\/plugins\/seo\/ -->\n<title>Petrolera Perenco: mal vecina y sorda a peticiones de la comunidad de Ca\u00f1o Garza en Trinidad y Paz de Ariporo, Casanare - \u25b7 Noticias de Casanare : Martha Cifuentes | Casanare<\/title>\n<meta name=\"robots\" content=\"index, follow, max-snippet:-1, max-image-preview:large, max-video-preview:-1\" \/>\n<link rel=\"canonical\" href=\"https:\/\/marthacifuentes.com\/portada\/petrolera-perenco-mal-vecina-y-sorda-a-peticiones-de-la-comunidad-de-cano-garza-en-trinidad-y-paz-de-ariporo-casanare\/\" \/>\n<meta property=\"og:locale\" content=\"es_ES\" \/>\n<meta property=\"og:type\" content=\"article\" \/>\n<meta property=\"og:title\" content=\"Petrolera Perenco: mal vecina y sorda a peticiones de la comunidad de Ca\u00f1o Garza en Trinidad y Paz de Ariporo, Casanare - \u25b7 Noticias de Casanare : Martha Cifuentes | Casanare\" \/>\n<meta property=\"og:description\" content=\"Con arengas alusivas al medio ambiente y el derecho a la libre protesta: \u201cLa desigualdad social es m\u00e1s violenta que cualquier protesta\u201d, \u201cno hay escasez de recursos en el planeta, hay escasez de conciencia\u201d y \u201cprotestar es un derecho. Reprimir es un delito\u2026\u201d, habitantes de seis veredas de Paz de Ariporo y Trinidad, del \u00e1rea &hellip;\" \/>\n<meta property=\"og:url\" content=\"https:\/\/marthacifuentes.com\/portada\/petrolera-perenco-mal-vecina-y-sorda-a-peticiones-de-la-comunidad-de-cano-garza-en-trinidad-y-paz-de-ariporo-casanare\/\" \/>\n<meta property=\"og:site_name\" content=\"\u25b7 Noticias de Casanare : Martha Cifuentes | Casanare\" \/>\n<meta property=\"article:published_time\" content=\"2021-01-08T15:17:34+00:00\" \/>\n<meta property=\"og:image\" content=\"https:\/\/marthacifuentes.com\/portada\/wp-content\/uploads\/2021\/01\/FOTO-ARTICULO-PROTESTA-CANO-GARZA-PERENCO-scaled.jpg\" \/>\n\t<meta property=\"og:image:width\" content=\"2560\" \/>\n\t<meta property=\"og:image:height\" content=\"1440\" \/>\n\t<meta property=\"og:image:type\" content=\"image\/jpeg\" \/>\n<meta name=\"author\" content=\"Martha Cifuentes\" \/>\n<meta name=\"twitter:card\" content=\"summary_large_image\" \/>\n<meta name=\"twitter:label1\" content=\"Escrito por\" \/>\n\t<meta name=\"twitter:data1\" content=\"Martha Cifuentes\" \/>\n\t<meta name=\"twitter:label2\" content=\"Tiempo de lectura\" \/>\n\t<meta name=\"twitter:data2\" content=\"14 minutos\" \/>\n<script type=\"application\/ld+json\" class=\"yoast-schema-graph\">{\"@context\":\"https:\/\/schema.org\",\"@graph\":[{\"@type\":\"WebPage\",\"@id\":\"https:\/\/marthacifuentes.com\/portada\/petrolera-perenco-mal-vecina-y-sorda-a-peticiones-de-la-comunidad-de-cano-garza-en-trinidad-y-paz-de-ariporo-casanare\/\",\"url\":\"https:\/\/marthacifuentes.com\/portada\/petrolera-perenco-mal-vecina-y-sorda-a-peticiones-de-la-comunidad-de-cano-garza-en-trinidad-y-paz-de-ariporo-casanare\/\",\"name\":\"Petrolera Perenco: mal vecina y sorda a peticiones de la comunidad de Ca\u00f1o Garza en Trinidad y Paz de Ariporo, Casanare - \u25b7 Noticias de Casanare : Martha Cifuentes | Casanare\",\"isPartOf\":{\"@id\":\"https:\/\/marthacifuentes.com\/portada\/#website\"},\"primaryImageOfPage\":{\"@id\":\"https:\/\/marthacifuentes.com\/portada\/petrolera-perenco-mal-vecina-y-sorda-a-peticiones-de-la-comunidad-de-cano-garza-en-trinidad-y-paz-de-ariporo-casanare\/#primaryimage\"},\"image\":{\"@id\":\"https:\/\/marthacifuentes.com\/portada\/petrolera-perenco-mal-vecina-y-sorda-a-peticiones-de-la-comunidad-de-cano-garza-en-trinidad-y-paz-de-ariporo-casanare\/#primaryimage\"},\"thumbnailUrl\":\"https:\/\/marthacifuentes.com\/portada\/wp-content\/uploads\/2021\/01\/FOTO-ARTICULO-PROTESTA-CANO-GARZA-PERENCO-scaled.jpg\",\"datePublished\":\"2021-01-08T15:17:34+00:00\",\"author\":{\"@id\":\"https:\/\/marthacifuentes.com\/portada\/#\/schema\/person\/57f53174b991db5f90ff78d58502b714\"},\"breadcrumb\":{\"@id\":\"https:\/\/marthacifuentes.com\/portada\/petrolera-perenco-mal-vecina-y-sorda-a-peticiones-de-la-comunidad-de-cano-garza-en-trinidad-y-paz-de-ariporo-casanare\/#breadcrumb\"},\"inLanguage\":\"es\",\"potentialAction\":[{\"@type\":\"ReadAction\",\"target\":[\"https:\/\/marthacifuentes.com\/portada\/petrolera-perenco-mal-vecina-y-sorda-a-peticiones-de-la-comunidad-de-cano-garza-en-trinidad-y-paz-de-ariporo-casanare\/\"]}]},{\"@type\":\"ImageObject\",\"inLanguage\":\"es\",\"@id\":\"https:\/\/marthacifuentes.com\/portada\/petrolera-perenco-mal-vecina-y-sorda-a-peticiones-de-la-comunidad-de-cano-garza-en-trinidad-y-paz-de-ariporo-casanare\/#primaryimage\",\"url\":\"https:\/\/marthacifuentes.com\/portada\/wp-content\/uploads\/2021\/01\/FOTO-ARTICULO-PROTESTA-CANO-GARZA-PERENCO-scaled.jpg\",\"contentUrl\":\"https:\/\/marthacifuentes.com\/portada\/wp-content\/uploads\/2021\/01\/FOTO-ARTICULO-PROTESTA-CANO-GARZA-PERENCO-scaled.jpg\",\"width\":2560,\"height\":1440},{\"@type\":\"BreadcrumbList\",\"@id\":\"https:\/\/marthacifuentes.com\/portada\/petrolera-perenco-mal-vecina-y-sorda-a-peticiones-de-la-comunidad-de-cano-garza-en-trinidad-y-paz-de-ariporo-casanare\/#breadcrumb\",\"itemListElement\":[{\"@type\":\"ListItem\",\"position\":1,\"name\":\"Portada\",\"item\":\"https:\/\/marthacifuentes.com\/portada\/\"},{\"@type\":\"ListItem\",\"position\":2,\"name\":\"Petrolera Perenco: mal vecina y sorda a peticiones de la comunidad de Ca\u00f1o Garza en Trinidad y Paz de Ariporo, Casanare\"}]},{\"@type\":\"WebSite\",\"@id\":\"https:\/\/marthacifuentes.com\/portada\/#website\",\"url\":\"https:\/\/marthacifuentes.com\/portada\/\",\"name\":\"\u25b7 Noticias de Casanare : Martha Cifuentes | Casanare\",\"description\":\"Noticias &amp; Contenidos\",\"potentialAction\":[{\"@type\":\"SearchAction\",\"target\":{\"@type\":\"EntryPoint\",\"urlTemplate\":\"https:\/\/marthacifuentes.com\/portada\/?s={search_term_string}\"},\"query-input\":{\"@type\":\"PropertyValueSpecification\",\"valueRequired\":true,\"valueName\":\"search_term_string\"}}],\"inLanguage\":\"es\"},{\"@type\":\"Person\",\"@id\":\"https:\/\/marthacifuentes.com\/portada\/#\/schema\/person\/57f53174b991db5f90ff78d58502b714\",\"name\":\"Martha Cifuentes\",\"image\":{\"@type\":\"ImageObject\",\"inLanguage\":\"es\",\"@id\":\"https:\/\/marthacifuentes.com\/portada\/#\/schema\/person\/image\/\",\"url\":\"http:\/\/marthacifuentes.com\/portada\/wp-content\/uploads\/2018\/06\/avatar_user_2_1528838701-96x96.jpg\",\"contentUrl\":\"http:\/\/marthacifuentes.com\/portada\/wp-content\/uploads\/2018\/06\/avatar_user_2_1528838701-96x96.jpg\",\"caption\":\"Martha Cifuentes\"},\"sameAs\":[\"http:\/\/www.marthacifuentes.com\"],\"url\":\"https:\/\/marthacifuentes.com\/portada\/author\/martha\/\"}]}<\/script>\n<!-- \/ Yoast SEO plugin. -->","yoast_head_json":{"title":"Petrolera Perenco: mal vecina y sorda a peticiones de la comunidad de Ca\u00f1o Garza en Trinidad y Paz de Ariporo, Casanare - \u25b7 Noticias de Casanare : Martha Cifuentes | Casanare","robots":{"index":"index","follow":"follow","max-snippet":"max-snippet:-1","max-image-preview":"max-image-preview:large","max-video-preview":"max-video-preview:-1"},"canonical":"https:\/\/marthacifuentes.com\/portada\/petrolera-perenco-mal-vecina-y-sorda-a-peticiones-de-la-comunidad-de-cano-garza-en-trinidad-y-paz-de-ariporo-casanare\/","og_locale":"es_ES","og_type":"article","og_title":"Petrolera Perenco: mal vecina y sorda a peticiones de la comunidad de Ca\u00f1o Garza en Trinidad y Paz de Ariporo, Casanare - \u25b7 Noticias de Casanare : Martha Cifuentes | Casanare","og_description":"Con arengas alusivas al medio ambiente y el derecho a la libre protesta: \u201cLa desigualdad social es m\u00e1s violenta que cualquier protesta\u201d, \u201cno hay escasez de recursos en el planeta, hay escasez de conciencia\u201d y \u201cprotestar es un derecho. Reprimir es un delito\u2026\u201d, habitantes de seis veredas de Paz de Ariporo y Trinidad, del \u00e1rea &hellip;","og_url":"https:\/\/marthacifuentes.com\/portada\/petrolera-perenco-mal-vecina-y-sorda-a-peticiones-de-la-comunidad-de-cano-garza-en-trinidad-y-paz-de-ariporo-casanare\/","og_site_name":"\u25b7 Noticias de Casanare : Martha Cifuentes | Casanare","article_published_time":"2021-01-08T15:17:34+00:00","og_image":[{"width":2560,"height":1440,"url":"https:\/\/marthacifuentes.com\/portada\/wp-content\/uploads\/2021\/01\/FOTO-ARTICULO-PROTESTA-CANO-GARZA-PERENCO-scaled.jpg","type":"image\/jpeg"}],"author":"Martha Cifuentes","twitter_card":"summary_large_image","twitter_misc":{"Escrito por":"Martha Cifuentes","Tiempo de lectura":"14 minutos"},"schema":{"@context":"https:\/\/schema.org","@graph":[{"@type":"WebPage","@id":"https:\/\/marthacifuentes.com\/portada\/petrolera-perenco-mal-vecina-y-sorda-a-peticiones-de-la-comunidad-de-cano-garza-en-trinidad-y-paz-de-ariporo-casanare\/","url":"https:\/\/marthacifuentes.com\/portada\/petrolera-perenco-mal-vecina-y-sorda-a-peticiones-de-la-comunidad-de-cano-garza-en-trinidad-y-paz-de-ariporo-casanare\/","name":"Petrolera Perenco: mal vecina y sorda a peticiones de la comunidad de Ca\u00f1o Garza en Trinidad y Paz de Ariporo, Casanare - \u25b7 Noticias de Casanare : Martha Cifuentes | Casanare","isPartOf":{"@id":"https:\/\/marthacifuentes.com\/portada\/#website"},"primaryImageOfPage":{"@id":"https:\/\/marthacifuentes.com\/portada\/petrolera-perenco-mal-vecina-y-sorda-a-peticiones-de-la-comunidad-de-cano-garza-en-trinidad-y-paz-de-ariporo-casanare\/#primaryimage"},"image":{"@id":"https:\/\/marthacifuentes.com\/portada\/petrolera-perenco-mal-vecina-y-sorda-a-peticiones-de-la-comunidad-de-cano-garza-en-trinidad-y-paz-de-ariporo-casanare\/#primaryimage"},"thumbnailUrl":"https:\/\/marthacifuentes.com\/portada\/wp-content\/uploads\/2021\/01\/FOTO-ARTICULO-PROTESTA-CANO-GARZA-PERENCO-scaled.jpg","datePublished":"2021-01-08T15:17:34+00:00","author":{"@id":"https:\/\/marthacifuentes.com\/portada\/#\/schema\/person\/57f53174b991db5f90ff78d58502b714"},"breadcrumb":{"@id":"https:\/\/marthacifuentes.com\/portada\/petrolera-perenco-mal-vecina-y-sorda-a-peticiones-de-la-comunidad-de-cano-garza-en-trinidad-y-paz-de-ariporo-casanare\/#breadcrumb"},"inLanguage":"es","potentialAction":[{"@type":"ReadAction","target":["https:\/\/marthacifuentes.com\/portada\/petrolera-perenco-mal-vecina-y-sorda-a-peticiones-de-la-comunidad-de-cano-garza-en-trinidad-y-paz-de-ariporo-casanare\/"]}]},{"@type":"ImageObject","inLanguage":"es","@id":"https:\/\/marthacifuentes.com\/portada\/petrolera-perenco-mal-vecina-y-sorda-a-peticiones-de-la-comunidad-de-cano-garza-en-trinidad-y-paz-de-ariporo-casanare\/#primaryimage","url":"https:\/\/marthacifuentes.com\/portada\/wp-content\/uploads\/2021\/01\/FOTO-ARTICULO-PROTESTA-CANO-GARZA-PERENCO-scaled.jpg","contentUrl":"https:\/\/marthacifuentes.com\/portada\/wp-content\/uploads\/2021\/01\/FOTO-ARTICULO-PROTESTA-CANO-GARZA-PERENCO-scaled.jpg","width":2560,"height":1440},{"@type":"BreadcrumbList","@id":"https:\/\/marthacifuentes.com\/portada\/petrolera-perenco-mal-vecina-y-sorda-a-peticiones-de-la-comunidad-de-cano-garza-en-trinidad-y-paz-de-ariporo-casanare\/#breadcrumb","itemListElement":[{"@type":"ListItem","position":1,"name":"Portada","item":"https:\/\/marthacifuentes.com\/portada\/"},{"@type":"ListItem","position":2,"name":"Petrolera Perenco: mal vecina y sorda a peticiones de la comunidad de Ca\u00f1o Garza en Trinidad y Paz de Ariporo, Casanare"}]},{"@type":"WebSite","@id":"https:\/\/marthacifuentes.com\/portada\/#website","url":"https:\/\/marthacifuentes.com\/portada\/","name":"\u25b7 Noticias de Casanare : Martha Cifuentes | Casanare","description":"Noticias &amp; Contenidos","potentialAction":[{"@type":"SearchAction","target":{"@type":"EntryPoint","urlTemplate":"https:\/\/marthacifuentes.com\/portada\/?s={search_term_string}"},"query-input":{"@type":"PropertyValueSpecification","valueRequired":true,"valueName":"search_term_string"}}],"inLanguage":"es"},{"@type":"Person","@id":"https:\/\/marthacifuentes.com\/portada\/#\/schema\/person\/57f53174b991db5f90ff78d58502b714","name":"Martha Cifuentes","image":{"@type":"ImageObject","inLanguage":"es","@id":"https:\/\/marthacifuentes.com\/portada\/#\/schema\/person\/image\/","url":"http:\/\/marthacifuentes.com\/portada\/wp-content\/uploads\/2018\/06\/avatar_user_2_1528838701-96x96.jpg","contentUrl":"http:\/\/marthacifuentes.com\/portada\/wp-content\/uploads\/2018\/06\/avatar_user_2_1528838701-96x96.jpg","caption":"Martha Cifuentes"},"sameAs":["http:\/\/www.marthacifuentes.com"],"url":"https:\/\/marthacifuentes.com\/portada\/author\/martha\/"}]}},"_links":{"self":[{"href":"https:\/\/marthacifuentes.com\/portada\/wp-json\/wp\/v2\/posts\/25756","targetHints":{"allow":["GET"]}}],"collection":[{"href":"https:\/\/marthacifuentes.com\/portada\/wp-json\/wp\/v2\/posts"}],"about":[{"href":"https:\/\/marthacifuentes.com\/portada\/wp-json\/wp\/v2\/types\/post"}],"author":[{"embeddable":true,"href":"https:\/\/marthacifuentes.com\/portada\/wp-json\/wp\/v2\/users\/2"}],"replies":[{"embeddable":true,"href":"https:\/\/marthacifuentes.com\/portada\/wp-json\/wp\/v2\/comments?post=25756"}],"version-history":[{"count":0,"href":"https:\/\/marthacifuentes.com\/portada\/wp-json\/wp\/v2\/posts\/25756\/revisions"}],"wp:featuredmedia":[{"embeddable":true,"href":"https:\/\/marthacifuentes.com\/portada\/wp-json\/wp\/v2\/media\/25774"}],"wp:attachment":[{"href":"https:\/\/marthacifuentes.com\/portada\/wp-json\/wp\/v2\/media?parent=25756"}],"wp:term":[{"taxonomy":"category","embeddable":true,"href":"https:\/\/marthacifuentes.com\/portada\/wp-json\/wp\/v2\/categories?post=25756"},{"taxonomy":"post_tag","embeddable":true,"href":"https:\/\/marthacifuentes.com\/portada\/wp-json\/wp\/v2\/tags?post=25756"}],"curies":[{"name":"wp","href":"https:\/\/api.w.org\/{rel}","templated":true}]}}