{"id":25853,"date":"2021-02-01T18:12:37","date_gmt":"2021-02-01T23:12:37","guid":{"rendered":"https:\/\/marthacifuentes.com\/portada\/?p=25853"},"modified":"2021-02-01T18:14:44","modified_gmt":"2021-02-01T23:14:44","slug":"el-clan-del-golfo-o-las-disidencias-de-las-farc-serian-responsables-de-quema-de-bus-en-casanare","status":"publish","type":"post","link":"https:\/\/marthacifuentes.com\/portada\/el-clan-del-golfo-o-las-disidencias-de-las-farc-serian-responsables-de-quema-de-bus-en-casanare\/","title":{"rendered":"El Clan del Golfo o las disidencias de las Farc, ser\u00edan responsables de quema de bus en Casanare"},"content":{"rendered":"<p style=\"text-align: justify;\"><strong>En Consejo de Seguridad Extraordinario de Casanare realizado hoy por el acto terrorista mediante el cual se inciner\u00f3 un bus de la empresa Los Libertadores la noche anterior, el comandante de polic\u00eda Departamental, el coronel Jos\u00e9 Rafael Miranda, dijo que los autores del hecho podr\u00edan los grupos armados Clan del Golfo o disidencias de las Farc, frente 28.<\/strong><\/p>\n<p style=\"text-align: justify;\">Igualmente expres\u00f3 que el Clan del Golfo no solo ingres\u00f3 al sur del departamento sino que ahora intenta incursionar en el norte. Y por ello se le considera una de las posibilidades de haber cometido este accionar delictivo. Al parecer, seg\u00fan sus palabras se estar\u00eda dando un posible enfrentamiento entre las dos agrupaciones ilegales para hacerse al control territorial.<\/p>\n<p style=\"text-align: justify;\">La quema del bus en la noche de ayer 31 de enero obedecer\u00eda a que la empresa no habr\u00eda aceptado pagar extorsiones de alguno de estos grupos armados organizados, hechos que han sido denunciados por los transportadores, quienes incluso fueron convocados al Consejo de Seguridad, presidido por las autoridades militares, policiales y administrativas del departamento.<\/p>\n<p style=\"text-align: justify;\">Precisamente el secretario de gobierno Oscar G\u00f3mez Pe\u00f1alosa, ya recuperado del Covid-19, dijo que se ha dispuesto de una recompensa de hasta 25 millones de pesos para aquellas personas que brinden informaci\u00f3n que permita judicializar a los autores materiales e intelectuales de este violento hecho.<\/p>\n<p style=\"text-align: justify;\">Igualmente se requiri\u00f3 a la Fiscal\u00eda General para que se intensifiquen las investigaciones que permita la judicializaci\u00f3n de los delincuentes. Mientras tanto las fuerzas militares y policiales se comprometieron a dinamizar las operaciones contra estos grupos armados, disponiendo de un aumento de pie de fuerza para ejercer controles en la Marginal del Llano.<\/p>\n<p style=\"text-align: justify;\">Una vez m\u00e1s se solicit\u00f3 a las fuerzas militares que retornen al departamento 3 pelotones de fuerzas militares que se encuentran en Putumayo y desde que se conoci\u00f3 la presencia del Clan del Golfo en Casanare el pasado mes de noviembre se realiz\u00f3 ese compromiso en un consejo de seguridad.<\/p>\n<p><img loading=\"lazy\" decoding=\"async\" class=\"alignnone size-large wp-image-25856\" src=\"https:\/\/marthacifuentes.com\/portada\/wp-content\/uploads\/2021\/02\/WhatsApp-Image-2021-02-01-at-3.45.01-PM-1024x682.jpeg\" alt=\"\" width=\"1024\" height=\"682\" srcset=\"https:\/\/marthacifuentes.com\/portada\/wp-content\/uploads\/2021\/02\/WhatsApp-Image-2021-02-01-at-3.45.01-PM-1024x682.jpeg 1024w, https:\/\/marthacifuentes.com\/portada\/wp-content\/uploads\/2021\/02\/WhatsApp-Image-2021-02-01-at-3.45.01-PM-300x200.jpeg 300w, https:\/\/marthacifuentes.com\/portada\/wp-content\/uploads\/2021\/02\/WhatsApp-Image-2021-02-01-at-3.45.01-PM-768x512.jpeg 768w, https:\/\/marthacifuentes.com\/portada\/wp-content\/uploads\/2021\/02\/WhatsApp-Image-2021-02-01-at-3.45.01-PM.jpeg 1280w\" sizes=\"auto, (max-width: 1024px) 100vw, 1024px\" \/><\/p>\n<p style=\"text-align: justify;\"><strong>Quema del bus de la empresa Los Libertadores<\/strong><\/p>\n<p style=\"text-align: justify;\">De la incineraci\u00f3n del bus las autoridades policiales informaron que dos personas que se subieron a \u00faltimo momento a la flota con destino Paz de Ariporo-Yopal, hicieron parar el bus a la altura de la vereda Altamira, entre La Curama y el municipio de Pore, con la excusa de recoger un tercer pasajero, intimidaron a los cerca de 12 pasajeros y al conductor para que desocuparan el veh\u00edculo, que procedieron a prenderle fuego. En el hecho el bus fue totalmente consumido por las llamas y no hubo heridos. Los desconocidos huyeron del sitio, al parecer en una moto que los esperaba.<\/p>\n<p style=\"text-align: justify;\">El Cuerpo de Bomberos de Pore, en medio de precarias condiciones, intent\u00f3 atender la emergencia pero no fue posible hacerlo.<\/p>\n<p style=\"text-align: justify;\">Como antecedente se tiene que hace aproximadamente dos semanas un bus de esta misma empresa hab\u00eda sido abaleado en Trinidad, tambi\u00e9n al norte de Casanare.<\/p>\n<p style=\"text-align: justify;\">En horas de la tarde de hoy 1 de febrero se dispuso la realizaci\u00f3n de una mesa de trabajo con las empresas transportadoras para evaluar sus protocolos de seguridad.<\/p>\n<p style=\"text-align: justify;\">El gobernador de Casanare Salom\u00f3n Sanabria reiter\u00f3 el rechazo contundente de la Gobernaci\u00f3n de Casanare frente a estos hechos que buscan la alteraci\u00f3n orden p\u00fablico y generar zozobra entre la comunidad, y manifiesta el compromiso total de las instituciones por el fortalecimiento de la seguridad de los casanare\u00f1os.<\/p>\n<div style=\"width: 640px;\" class=\"wp-video\"><!--[if lt IE 9]><script>document.createElement('video');<\/script><![endif]-->\n<video class=\"wp-video-shortcode\" id=\"video-25853-1\" width=\"640\" height=\"352\" preload=\"metadata\" controls=\"controls\"><source type=\"video\/mp4\" src=\"https:\/\/marthacifuentes.com\/portada\/wp-content\/uploads\/2021\/02\/WhatsApp-Video-2021-02-01-at-7.21.39-AM.mp4?_=1\" \/><a href=\"https:\/\/marthacifuentes.com\/portada\/wp-content\/uploads\/2021\/02\/WhatsApp-Video-2021-02-01-at-7.21.39-AM.mp4\">https:\/\/marthacifuentes.com\/portada\/wp-content\/uploads\/2021\/02\/WhatsApp-Video-2021-02-01-at-7.21.39-AM.mp4<\/a><\/video><\/div>\n<h3>Otras noticias&#8230;<\/h3>\n<blockquote class=\"wp-embedded-content\" data-secret=\"qARl6CZRvv\"><p><a href=\"https:\/\/marthacifuentes.com\/portada\/2021\/01\/29\/onu-respaldo-proyecto-que-busca-prohibir-el-fracking-en-colombia-cesar-ortiz-es-su-autor\/\">ONU respald\u00f3 proyecto que busca prohibir el fracking en Colombia. C\u00e9sar Ort\u00edz es su autor.<\/a><\/p><\/blockquote>\n<p><iframe loading=\"lazy\" class=\"wp-embedded-content\" sandbox=\"allow-scripts\" security=\"restricted\" style=\"position: absolute; clip: rect(1px, 1px, 1px, 1px);\" title=\"\u00abONU respald\u00f3 proyecto que busca prohibir el fracking en Colombia. C\u00e9sar Ort\u00edz es su autor.\u00bb \u2014 \u25b7 Noticias de Casanare : Martha Cifuentes | Casanare\" src=\"https:\/\/marthacifuentes.com\/portada\/2021\/01\/29\/onu-respaldo-proyecto-que-busca-prohibir-el-fracking-en-colombia-cesar-ortiz-es-su-autor\/embed\/#?secret=U71qtT6sH2#?secret=qARl6CZRvv\" data-secret=\"qARl6CZRvv\" width=\"500\" height=\"282\" frameborder=\"0\" marginwidth=\"0\" marginheight=\"0\" scrolling=\"no\"><\/iframe><\/p>\n<blockquote class=\"wp-embedded-content\" data-secret=\"NQou6zIxVu\"><p><a href=\"https:\/\/marthacifuentes.com\/portada\/2021\/01\/29\/por-pesima-calidad-del-servicio-de-energia-en-casanare-se-interpuso-tutela-contra-enerca\/\">Por p\u00e9sima calidad del servicio de energ\u00eda en Casanare se interpuso tutela contra Enerca<\/a><\/p><\/blockquote>\n<p><iframe loading=\"lazy\" class=\"wp-embedded-content\" title=\"\u00abPor p\u00e9sima calidad del servicio de energ\u00eda en Casanare se interpuso tutela contra Enerca\u00bb \u2014 \u25b7 Noticias de Casanare : Martha Cifuentes | Casanare\" src=\"https:\/\/marthacifuentes.com\/portada\/2021\/01\/29\/por-pesima-calidad-del-servicio-de-energia-en-casanare-se-interpuso-tutela-contra-enerca\/embed\/#?secret=NQou6zIxVu\" width=\"600\" height=\"338\" frameborder=\"0\" marginwidth=\"0\" marginheight=\"0\" scrolling=\"no\" sandbox=\"allow-scripts\" data-secret=\"NQou6zIxVu\" data-mce-fragment=\"1\"><\/iframe><\/p>\n<p><iframe loading=\"lazy\" class=\"wp-embedded-content\" title=\"\u00abYopal no est\u00e1 preparado para alternancia educativa. Solo 2 de 24 colegios p\u00fablicos asumieron el riesgo.\u00bb \u2014 \u25b7 Noticias de Casanare : Martha Cifuentes | Casanare\" src=\"https:\/\/marthacifuentes.com\/portada\/2021\/01\/28\/yopal-no-esta-preparado-para-alternancia-educativa-solo-2-de-24-colegios-publicos-asumieron-el-riesgo\/embed\/#?secret=7yCVMZN7mO\" width=\"600\" height=\"589\" frameborder=\"0\" marginwidth=\"0\" marginheight=\"0\" scrolling=\"no\" sandbox=\"allow-scripts\" data-secret=\"7yCVMZN7mO\" data-mce-fragment=\"1\"><\/iframe><\/p>\n<p><iframe loading=\"lazy\" class=\"wp-embedded-content\" title=\"\u00ab180 de 300 b\u00f3vedas nuevas en el cementerio de Yopal ya est\u00e1n construidas.\u00bb \u2014 \u25b7 Noticias de Casanare : Martha Cifuentes | Casanare\" src=\"https:\/\/marthacifuentes.com\/portada\/2021\/01\/28\/180-de-300-bovedas-nuevas-en-el-cementerio-de-yopal-ya-estan-construidas\/embed\/#?secret=UFZrdbtTE8\" width=\"600\" height=\"569\" frameborder=\"0\" marginwidth=\"0\" marginheight=\"0\" scrolling=\"no\" sandbox=\"allow-scripts\" data-secret=\"UFZrdbtTE8\" data-mce-fragment=\"1\"><\/iframe><\/p>\n<p><iframe loading=\"lazy\" class=\"wp-embedded-content\" title=\"\u00abVisitas en el cementerio de Yopal solo entre 1:30 y 5:30 pm\u00bb \u2014 \u25b7 Noticias de Casanare : Martha Cifuentes | Casanare\" src=\"https:\/\/marthacifuentes.com\/portada\/2021\/01\/28\/visitas-en-el-cementerio-de-yopal-solo-entre-130-y-530-pm\/embed\/#?secret=4kxVCdZXc3\" width=\"600\" height=\"569\" frameborder=\"0\" marginwidth=\"0\" marginheight=\"0\" scrolling=\"no\" sandbox=\"allow-scripts\" data-secret=\"4kxVCdZXc3\" data-mce-fragment=\"1\"><\/iframe><\/p>\n<p><iframe loading=\"lazy\" class=\"wp-embedded-content\" title=\"\u00abUnidad de Restituci\u00f3n de Tierras ha radicado 123 demandas a favor de v\u00edctimas en Casanare. 4, ya tienen fallo judicial\u00bb \u2014 \u25b7 Noticias de Casanare : Martha Cifuentes | Casanare\" src=\"https:\/\/marthacifuentes.com\/portada\/2021\/01\/27\/unidad-de-restitucion-de-tierras-ha-radicado-123-demandas-a-favor-de-victimas-en-casanare-4-ya-tienen-fallo-judicial\/embed\/#?secret=bFsuyecDeU\" width=\"600\" height=\"617\" frameborder=\"0\" marginwidth=\"0\" marginheight=\"0\" scrolling=\"no\" sandbox=\"allow-scripts\" data-secret=\"bFsuyecDeU\" data-mce-fragment=\"1\"><\/iframe><\/p>\n<p><iframe loading=\"lazy\" class=\"wp-embedded-content\" title=\"\u00abCapturado presunto integrante del Clan del Golfo, extorsionista en el sur de Casanare\u00bb \u2014 \u25b7 Noticias de Casanare : Martha Cifuentes | Casanare\" src=\"https:\/\/marthacifuentes.com\/portada\/2021\/01\/18\/capturado-presunto-integrante-del-clan-del-golfo-extorsionista-en-el-sur-de-casanare\/embed\/#?secret=VcwrijDKav\" width=\"600\" height=\"589\" frameborder=\"0\" marginwidth=\"0\" marginheight=\"0\" scrolling=\"no\" sandbox=\"allow-scripts\" data-secret=\"VcwrijDKav\" data-mce-fragment=\"1\"><\/iframe><\/p>\n<p><iframe loading=\"lazy\" class=\"wp-embedded-content\" title=\"\u00abCasanare super\u00f3 10 mil casos Covid-19 y 200 muertos\u00bb \u2014 \u25b7 Noticias de Casanare : Martha Cifuentes | Casanare\" src=\"https:\/\/marthacifuentes.com\/portada\/2021\/01\/16\/casanare-supero-10-mil-casos-covid-19-y-200-muertos\/embed\/#?secret=dfwUlvydtC\" width=\"600\" height=\"561\" frameborder=\"0\" marginwidth=\"0\" marginheight=\"0\" scrolling=\"no\" sandbox=\"allow-scripts\" data-secret=\"dfwUlvydtC\" data-mce-fragment=\"1\"><\/iframe><\/p>\n<p><iframe loading=\"lazy\" class=\"wp-embedded-content\" title=\"\u00abYopal: toque de queda entre las 11 de la noche y las 5 de la ma\u00f1ana\u00bb \u2014 \u25b7 Noticias de Casanare : Martha Cifuentes | Casanare\" src=\"https:\/\/marthacifuentes.com\/portada\/2021\/01\/16\/yopal-toque-de-queda-entre-las-11-de-la-noche-y-las-5-de-la-manana\/embed\/#?secret=DU8KRgz1Q8\" width=\"600\" height=\"569\" frameborder=\"0\" marginwidth=\"0\" marginheight=\"0\" scrolling=\"no\" sandbox=\"allow-scripts\" data-secret=\"DU8KRgz1Q8\" data-mce-fragment=\"1\"><\/iframe><\/p>\n<p><iframe loading=\"lazy\" class=\"wp-embedded-content\" title=\"\u00ab\u00bfAutodefensas Gaitanistas de Colombia en zona norte de Casanare? Bus fue abaleado.\u00bb \u2014 \u25b7 Noticias de Casanare : Martha Cifuentes | Casanare\" src=\"https:\/\/marthacifuentes.com\/portada\/2021\/01\/15\/autodefensas-gaitanistas-de-colombia-en-zona-norte-de-casanare-bus-fue-abaleado\/embed\/#?secret=PURpMhAMKw\" width=\"600\" height=\"589\" frameborder=\"0\" marginwidth=\"0\" marginheight=\"0\" scrolling=\"no\" sandbox=\"allow-scripts\" data-secret=\"PURpMhAMKw\" data-mce-fragment=\"1\"><\/iframe><\/p>\n<p><iframe loading=\"lazy\" class=\"wp-embedded-content\" title=\"\u00abEl gobernador de Casanare condecora a su cu\u00f1ado, el exgobernador Alirio Barrera.\u00bb \u2014 \u25b7 Noticias de Casanare : Martha Cifuentes | Casanare\" src=\"https:\/\/marthacifuentes.com\/portada\/2021\/01\/15\/el-gobernador-de-casanare-condecora-a-su-cunado-el-exgobernador-alirio-barrera\/embed\/#?secret=DAQK0q7WxP\" width=\"600\" height=\"613\" frameborder=\"0\" marginwidth=\"0\" marginheight=\"0\" scrolling=\"no\" sandbox=\"allow-scripts\" data-secret=\"DAQK0q7WxP\" data-mce-fragment=\"1\"><\/iframe><\/p>\n<p><iframe loading=\"lazy\" class=\"wp-embedded-content\" title=\"\u00abNuevos rostros en junta directiva de la C\u00e1mara de Comercio de Casanare. Zona norte ahora con presidente.\u00bb \u2014 \u25b7 Noticias de Casanare : Martha Cifuentes | Casanare\" src=\"https:\/\/marthacifuentes.com\/portada\/2021\/01\/15\/nuevos-rostros-en-junta-directiva-de-la-camara-de-comercio-de-casanare-zona-norte-ahora-con-presidente\/embed\/#?secret=uAMengy4Qy\" width=\"600\" height=\"617\" frameborder=\"0\" marginwidth=\"0\" marginheight=\"0\" scrolling=\"no\" sandbox=\"allow-scripts\" data-secret=\"uAMengy4Qy\" data-mce-fragment=\"1\"><\/iframe><\/p>\n<p><iframe loading=\"lazy\" class=\"wp-embedded-content\" title=\"\u00ab\u00bfDe qu\u00e9 est\u00e1 enfermo el alcalde de Yopal?. Esta semana estuvo de licencia para atender temas m\u00e9dicos\u00bb \u2014 \u25b7 Noticias de Casanare : Martha Cifuentes | Casanare\" src=\"https:\/\/marthacifuentes.com\/portada\/2021\/01\/08\/de-que-esta-enfermo-el-alcalde-de-yopal-esta-semana-estuvo-de-licencia-para-atender-temas-medicos\/embed\/#?secret=7DPH1fUrYj\" width=\"600\" height=\"589\" frameborder=\"0\" marginwidth=\"0\" marginheight=\"0\" scrolling=\"no\" sandbox=\"allow-scripts\" data-secret=\"7DPH1fUrYj\" data-mce-fragment=\"1\"><\/iframe><\/p>\n<p><iframe loading=\"lazy\" class=\"wp-embedded-content\" title=\"\u00abPetrolera Perenco: mal vecina y sorda a peticiones de la comunidad de Ca\u00f1o Garza en Trinidad y Paz de Ariporo, Casanare\u00bb \u2014 \u25b7 Noticias de Casanare : Martha Cifuentes | Casanare\" src=\"https:\/\/marthacifuentes.com\/portada\/2021\/01\/08\/petrolera-perenco-mal-vecina-y-sorda-a-peticiones-de-la-comunidad-de-cano-garza-en-trinidad-y-paz-de-ariporo-casanare\/embed\/#?secret=1JNDUKUlgh\" width=\"600\" height=\"617\" frameborder=\"0\" marginwidth=\"0\" marginheight=\"0\" scrolling=\"no\" sandbox=\"allow-scripts\" data-secret=\"1JNDUKUlgh\" data-mce-fragment=\"1\"><\/iframe><\/p>\n<p><iframe loading=\"lazy\" class=\"wp-embedded-content\" title=\"\u00abEn Man\u00ed, el mejor silo de ma\u00edz y pasto Clon 51. Disponible para todo el pa\u00eds\u00bb \u2014 \u25b7 Noticias de Casanare : Martha Cifuentes | Casanare\" src=\"https:\/\/marthacifuentes.com\/portada\/2021\/01\/06\/en-mani-el-mejor-silo-de-maiz-y-pasto-clon-51-disponible-para-todo-el-pais\/embed\/#?secret=9htawXEELC\" width=\"600\" height=\"613\" frameborder=\"0\" marginwidth=\"0\" marginheight=\"0\" scrolling=\"no\" sandbox=\"allow-scripts\" data-secret=\"9htawXEELC\" data-mce-fragment=\"1\"><\/iframe><\/p>\n<p><iframe loading=\"lazy\" class=\"wp-embedded-content\" title=\"\u00abEcopetrol resalta contrataci\u00f3n local en Casanare a trav\u00e9s de empresa Durangar\u00bb \u2014 \u25b7 Noticias de Casanare : Martha Cifuentes | Casanare\" src=\"https:\/\/marthacifuentes.com\/portada\/2021\/01\/06\/ecopetrol-resalta-contratacion-local-en-casanare-a-traves-de-empresa-durangar\/embed\/#?secret=PM597WFTnJ\" width=\"600\" height=\"589\" frameborder=\"0\" marginwidth=\"0\" marginheight=\"0\" scrolling=\"no\" sandbox=\"allow-scripts\" data-secret=\"PM597WFTnJ\" data-mce-fragment=\"1\"><\/iframe><\/p>\n<p><iframe loading=\"lazy\" class=\"wp-embedded-content\" title=\"\u00abFamilias de Yopal tendr\u00e1n que pagar m\u00e1s por servicios p\u00fablicos y asumir endeudamiento por $35 mil millones, seg\u00fan proyectos presentados por Alcald\u00eda\u00bb \u2014 \u25b7 Noticias de Casanare : Martha Cifuentes | Casanare\" src=\"https:\/\/marthacifuentes.com\/portada\/2021\/01\/06\/familias-de-yopal-tendran-que-pagar-mas-por-servicios-publicos-y-asumir-endeudamiento-por-35-mil-millones-segun-proyectos-presentados-por-alcaldia\/embed\/#?secret=0lUthTFCeC\" width=\"600\" height=\"617\" frameborder=\"0\" marginwidth=\"0\" marginheight=\"0\" scrolling=\"no\" sandbox=\"allow-scripts\" data-secret=\"0lUthTFCeC\" data-mce-fragment=\"1\"><\/iframe><\/p>\n<p><iframe loading=\"lazy\" class=\"wp-embedded-content\" title=\"\u00abCasanare super\u00f3 los 9 mil casos Covid-19 e indisciplina ciudadana los aumentar\u00e1\u00bb \u2014 \u25b7 Noticias de Casanare : Martha Cifuentes | Casanare\" src=\"https:\/\/marthacifuentes.com\/portada\/2021\/01\/05\/casanare-supero-los-9-mil-casos-covid-19-e-indisciplina-ciudadana-los-aumentara\/embed\/#?secret=7h9VztukKh\" width=\"600\" height=\"569\" frameborder=\"0\" marginwidth=\"0\" marginheight=\"0\" scrolling=\"no\" sandbox=\"allow-scripts\" data-secret=\"7h9VztukKh\" data-mce-fragment=\"1\"><\/iframe><\/p>\n<p><iframe loading=\"lazy\" class=\"wp-embedded-content\" title=\"\u00abCerrada este 6 de enero Iglesia Nuestra Se\u00f1ora de Manare en Paz de Ariporo. Se busca evitar propagaci\u00f3n del Covid-19.\u00bb \u2014 \u25b7 Noticias de Casanare : Martha Cifuentes | Casanare\" src=\"https:\/\/marthacifuentes.com\/portada\/2021\/01\/05\/cerrada-este-6-de-enero-iglesia-nuestra-senora-de-manare-en-paz-de-ariporo-se-busca-evitar-propagacion-del-covid-19\/embed\/#?secret=4k1yb8m7hP\" width=\"600\" height=\"597\" frameborder=\"0\" marginwidth=\"0\" marginheight=\"0\" scrolling=\"no\" sandbox=\"allow-scripts\" data-secret=\"4k1yb8m7hP\" data-mce-fragment=\"1\"><\/iframe><\/p>\n<p><iframe loading=\"lazy\" class=\"wp-embedded-content\" title=\"\u00abLuego de asesinato de mujer en La Bendici\u00f3n en Yopal, vecinos reclaman m\u00e1s seguridad en el sector\u00bb \u2014 \u25b7 Noticias de Casanare : Martha Cifuentes | Casanare\" src=\"https:\/\/marthacifuentes.com\/portada\/2021\/01\/05\/luego-de-asesinato-de-mujer-en-la-bendicion-en-yopal-vecinos-reclaman-mas-seguridad-en-el-sector\/embed\/#?secret=7vEmNTEF8H\" width=\"600\" height=\"589\" frameborder=\"0\" marginwidth=\"0\" marginheight=\"0\" scrolling=\"no\" sandbox=\"allow-scripts\" data-secret=\"7vEmNTEF8H\" data-mce-fragment=\"1\"><\/iframe><\/p>\n<p><iframe loading=\"lazy\" class=\"wp-embedded-content\" title=\"\u00abRegalo del a\u00f1o nuevo para Yopal: aumento de impuesto predial y de industria y comercio\u00bb \u2014 \u25b7 Noticias de Casanare : Martha Cifuentes | Casanare\" src=\"https:\/\/marthacifuentes.com\/portada\/2020\/12\/30\/regalo-del-ano-nuevo-para-yopal-aumento-de-impuesto-predial-y-de-industria-y-comercio\/embed\/#?secret=lpkh1ZNGbJ\" width=\"600\" height=\"570\" frameborder=\"0\" marginwidth=\"0\" marginheight=\"0\" scrolling=\"no\" sandbox=\"allow-scripts\" data-secret=\"lpkh1ZNGbJ\" data-mce-fragment=\"1\"><\/iframe><\/p>\n<p><iframe loading=\"lazy\" class=\"wp-embedded-content\" title=\"\u00abIndustria del petr\u00f3leo, sacudida por el Covid-19, espera mejor a\u00f1o en 2021: Francisco Lloreda de la ACP\u00bb \u2014 \u25b7 Noticias de Casanare : Martha Cifuentes | Casanare\" src=\"https:\/\/marthacifuentes.com\/portada\/2020\/12\/23\/industria-del-petroleo-sacudida-por-el-covid-19-espera-mejor-ano-en-2021-francisco-lloreda-de-la-acp\/embed\/#?secret=5FAD7ZN7ve\" width=\"600\" height=\"613\" frameborder=\"0\" marginwidth=\"0\" marginheight=\"0\" scrolling=\"no\" sandbox=\"allow-scripts\" data-secret=\"5FAD7ZN7ve\" data-mce-fragment=\"1\"><\/iframe><\/p>\n<p><iframe loading=\"lazy\" class=\"wp-embedded-content\" title=\"\u00abConsumo de gasolina en Colombia en 2021 volver\u00eda a ser el mismo de 2019:\u00a0ACP\u00bb \u2014 \u25b7 Noticias de Casanare : Martha Cifuentes | Casanare\" src=\"https:\/\/marthacifuentes.com\/portada\/2020\/12\/22\/consumo-de-gasolina-en-colombia-en-2021-volveria-a-ser-el-mismo-de-2019-acp\/embed\/#?secret=mVbQEj3lIe\" width=\"600\" height=\"590\" frameborder=\"0\" marginwidth=\"0\" marginheight=\"0\" scrolling=\"no\" sandbox=\"allow-scripts\" data-secret=\"mVbQEj3lIe\" data-mce-fragment=\"1\"><\/iframe><\/p>\n<p><iframe loading=\"lazy\" class=\"wp-embedded-content\" title=\"\u00abAl Fondo de Adaptaci\u00f3n, Alcald\u00eda de Yopal, Gobernaci\u00f3n de Casanare y Eaaay les qued\u00f3 grande poner a funcionar PTAP de Yopal. Tribunal les abri\u00f3 incidente de desacato\u00bb \u2014 \u25b7 Noticias de Casanare : Martha Cifuentes | Casanare\" src=\"https:\/\/marthacifuentes.com\/portada\/2020\/12\/22\/al-fondo-de-adaptacion-alcaldia-de-yopal-gobernacion-de-casanare-y-eaaay-les-quedo-grande-poner-a-funcionar-ptap-de-yopal-tribunal-les-abrio-incidente-de-desacato\/embed\/#?secret=HKbaLuRj4r\" width=\"600\" height=\"644\" frameborder=\"0\" marginwidth=\"0\" marginheight=\"0\" scrolling=\"no\" sandbox=\"allow-scripts\" data-secret=\"HKbaLuRj4r\" data-mce-fragment=\"1\"><\/iframe><\/p>\n<p><iframe loading=\"lazy\" class=\"wp-embedded-content\" title=\"\u00abEnerca perdi\u00f3 $10 mil millones en energ\u00eda que compr\u00f3 y no sabe qu\u00e9 pas\u00f3 con ella. Los usuarios tendr\u00e1n que \u201cpagar\u201d lo que no se han comido.\u00bb \u2014 \u25b7 Noticias de Casanare : Martha Cifuentes | Casanare\" src=\"https:\/\/marthacifuentes.com\/portada\/2020\/12\/18\/enerca-perdio-10-mil-millones-en-energia-que-compro-y-no-sabe-que-paso-con-ella-los-usuarios-tendran-que-pagar-lo-que-no-se-han-comido\/embed\/#?secret=BPQ9IT0oys\" width=\"600\" height=\"617\" frameborder=\"0\" marginwidth=\"0\" marginheight=\"0\" scrolling=\"no\" sandbox=\"allow-scripts\" data-secret=\"BPQ9IT0oys\" data-mce-fragment=\"1\"><\/iframe><\/p>\n<p><iframe loading=\"lazy\" class=\"wp-embedded-content\" title=\"\u00abVuelve y juega: \u00bfConsejo Directivo de Corporinoquia aprobar\u00eda plan de acci\u00f3n ilegalmente?\u00bb \u2014 \u25b7 Noticias de Casanare : Martha Cifuentes | Casanare\" src=\"https:\/\/marthacifuentes.com\/portada\/2020\/12\/18\/vuelve-y-juega-consejo-directivo-de-corporinoquia-aprobaria-plan-de-accion-ilegalmente\/embed\/#?secret=u81SLPWLho\" width=\"600\" height=\"589\" frameborder=\"0\" marginwidth=\"0\" marginheight=\"0\" scrolling=\"no\" sandbox=\"allow-scripts\" data-secret=\"u81SLPWLho\" data-mce-fragment=\"1\"><\/iframe><\/p>\n<h4>Otras noticias\u2026<\/h4>\n<p><iframe loading=\"lazy\" class=\"wp-embedded-content\" title=\"\u00abClan del Golfo habr\u00eda llegado a Casanare de la mano de personalidades de poder econ\u00f3mico, revela analista Ariel \u00c1vila\u00bb \u2014 \u25b7 Noticias de Casanare : Martha Cifuentes | Casanare\" src=\"https:\/\/marthacifuentes.com\/portada\/2020\/12\/17\/clan-del-golfo-habria-llegado-a-casanare-de-la-mano-de-personalidades-de-poder-economico-revela-analista-ariel-avila\/embed\/#?secret=aQKHfZ9ilS\" width=\"600\" height=\"617\" frameborder=\"0\" marginwidth=\"0\" marginheight=\"0\" scrolling=\"no\" sandbox=\"allow-scripts\" data-secret=\"aQKHfZ9ilS\" data-mce-fragment=\"1\"><\/iframe><\/p>\n<p><iframe loading=\"lazy\" class=\"wp-embedded-content\" title=\"\u00abEstudiante de Unitr\u00f3pico inicia estudio piloto sobre el Caracol Gigante Africano\u00bb \u2014 \u25b7 Noticias de Casanare : Martha Cifuentes | Casanare\" src=\"https:\/\/marthacifuentes.com\/portada\/2020\/12\/16\/estudiante-de-unitropico-inicia-estudio-piloto-sobre-el-caracol-gigante-africano\/embed\/#?secret=222p4Uocqi\" width=\"600\" height=\"602\" frameborder=\"0\" marginwidth=\"0\" marginheight=\"0\" scrolling=\"no\" sandbox=\"allow-scripts\" data-secret=\"222p4Uocqi\" data-mce-fragment=\"1\"><\/iframe><\/p>\n<p><iframe loading=\"lazy\" class=\"wp-embedded-content\" title=\"\u00abEmpresas petroleras y de gas apoyaron con $379 millones a Casanare para atender pandemia de Covid-19\u00bb \u2014 \u25b7 Noticias de Casanare : Martha Cifuentes | Casanare\" src=\"https:\/\/marthacifuentes.com\/portada\/2020\/12\/16\/empresas-petroleras-y-de-gas-apoyaron-con-379-millones-a-casanare-para-atender-pandemia-de-covid-19\/embed\/#?secret=prWkbNiWkI\" width=\"600\" height=\"597\" frameborder=\"0\" marginwidth=\"0\" marginheight=\"0\" scrolling=\"no\" sandbox=\"allow-scripts\" data-secret=\"prWkbNiWkI\" data-mce-fragment=\"1\"><\/iframe><\/p>\n<div class=\"tie-fluid-width-video-wrapper\"><iframe title=\"Los pelados de la guerra\" src=\"https:\/\/www.youtube.com\/embed\/Kr4KwNYXSdo?feature=oembed\" name=\"fitvid0\" frameborder=\"0\" allowfullscreen=\"allowfullscreen\" data-mce-fragment=\"1\"><\/iframe><\/div>\n<p><iframe loading=\"lazy\" class=\"wp-embedded-content\" title=\"\u00ab\u00bfQu\u00e9 hay de nuevo en la contrataci\u00f3n estatal? La Contralor\u00eda Departamental socializar\u00e1 los cambios\u00bb \u2014 \u25b7 Noticias de Casanare : Martha Cifuentes | Casanare\" src=\"https:\/\/marthacifuentes.com\/portada\/2020\/12\/16\/que-hay-de-nuevo-en-la-contratacion-estatal-la-contraloria-departamental-socializara-los-cambios\/embed\/#?secret=cSw9OJQYBE\" width=\"600\" height=\"613\" frameborder=\"0\" marginwidth=\"0\" marginheight=\"0\" scrolling=\"no\" sandbox=\"allow-scripts\" data-secret=\"cSw9OJQYBE\" data-mce-fragment=\"1\"><\/iframe><\/p>\n<p><iframe loading=\"lazy\" class=\"wp-embedded-content\" title=\"\u00abCormacarena suspende actividades de Ecopetrol por contaminaci\u00f3n del r\u00edo Guayuriba,\u00bb \u2014 \u25b7 Noticias de Casanare : Martha Cifuentes | Casanare\" src=\"https:\/\/marthacifuentes.com\/portada\/2020\/12\/16\/cormacarena-suspende-actividades-de-ecopetrol-por-contaminacion-del-rio-guayuriba\/embed\/#?secret=rweOPBLIeO\" width=\"600\" height=\"589\" frameborder=\"0\" marginwidth=\"0\" marginheight=\"0\" scrolling=\"no\" sandbox=\"allow-scripts\" data-secret=\"rweOPBLIeO\" data-mce-fragment=\"1\"><\/iframe><\/p>\n<p><iframe loading=\"lazy\" class=\"wp-embedded-content\" title=\"\u00abCapresoca ampli\u00f3 servicio de toma de pruebas Covid-19 a varios municipios de Casanare\u00bb \u2014 \u25b7 Noticias de Casanare : Martha Cifuentes | Casanare\" src=\"https:\/\/marthacifuentes.com\/portada\/2020\/12\/15\/capresoca-amplio-servicio-de-toma-de-pruebas-covid-19-a-varios-municipios-de-casanare\/embed\/#?secret=AbjFMmArhd\" width=\"600\" height=\"551\" frameborder=\"0\" marginwidth=\"0\" marginheight=\"0\" scrolling=\"no\" sandbox=\"allow-scripts\" data-secret=\"AbjFMmArhd\" data-mce-fragment=\"1\"><\/iframe><\/p>\n<p><iframe loading=\"lazy\" class=\"wp-embedded-content\" title=\"\u00abClan del Golfo ya est\u00e1 en Casanare y tendr\u00eda que ver con asesinatos de Villanueva y otros municipios\u00bb \u2014 \u25b7 Noticias de Casanare : Martha Cifuentes | Casanare\" src=\"https:\/\/marthacifuentes.com\/portada\/2020\/12\/14\/clan-del-golfo-ya-esta-en-casanare-y-tendria-que-ver-con-asesinatos-de-villanueva-y-otros-municipios\/embed\/#?secret=lbEUD1F3Sz\" width=\"600\" height=\"589\" frameborder=\"0\" marginwidth=\"0\" marginheight=\"0\" scrolling=\"no\" sandbox=\"allow-scripts\" data-secret=\"lbEUD1F3Sz\" data-mce-fragment=\"1\"><\/iframe><\/p>\n<div class=\"tie-fluid-width-video-wrapper\"><iframe title=\"\u00bfPor qu\u00e9 la desaparici\u00f3n forzada?\" src=\"https:\/\/www.youtube.com\/embed\/POVgbPlyUic?feature=oembed\" name=\"fitvid0\" frameborder=\"0\" allowfullscreen=\"allowfullscreen\" data-mce-fragment=\"1\"><\/iframe><\/div>\n<p>&nbsp;<\/p>\n<p><iframe loading=\"lazy\" class=\"wp-embedded-content\" title=\"\u00abDNP sancion\u00f3 a la Alcald\u00eda de Yopal. Suspendi\u00f3 giro de regal\u00edas de pavimentaci\u00f3n calles de Yopal por irregularidades\u00bb \u2014 \u25b7 Noticias de Casanare : Martha Cifuentes | Casanare\" src=\"https:\/\/marthacifuentes.com\/portada\/2020\/12\/14\/dnp-sanciono-a-la-alcaldia-de-yopal-suspendio-giro-de-regalias-de-pavimentacion-calles-de-yopal-por-irregularidades\/embed\/#?secret=6ZMMmWUDQR\" width=\"600\" height=\"617\" frameborder=\"0\" marginwidth=\"0\" marginheight=\"0\" scrolling=\"no\" sandbox=\"allow-scripts\" data-secret=\"6ZMMmWUDQR\" data-mce-fragment=\"1\"><\/iframe><\/p>\n<div class=\"tie-fluid-width-video-wrapper\"><iframe title=\"El legado de Alfredo Molano\" src=\"https:\/\/www.youtube.com\/embed\/HewprG0PJUM?feature=oembed\" name=\"fitvid0\" frameborder=\"0\" allowfullscreen=\"allowfullscreen\" data-mce-fragment=\"1\"><\/iframe><\/div>\n<p><iframe loading=\"lazy\" class=\"wp-embedded-content\" title=\"\u00abCaos vial, accidentes y ausencia de agentes de tr\u00e1nsito en primer d\u00eda de cambio de sentido de la carrera 27 en Yopal\u00bb \u2014 \u25b7 Noticias de Casanare : Martha Cifuentes | Casanare\" src=\"https:\/\/marthacifuentes.com\/portada\/2020\/12\/13\/caos-vial-accidentes-y-ausencia-de-agentes-de-transito-en-primer-dia-de-cambio-de-sentido-de-la-carrera-27-en-yopal\/embed\/#?secret=jgWMm4149E\" width=\"600\" height=\"599\" frameborder=\"0\" marginwidth=\"0\" marginheight=\"0\" scrolling=\"no\" sandbox=\"allow-scripts\" data-secret=\"jgWMm4149E\" data-mce-fragment=\"1\"><\/iframe><\/p>\n<p><iframe loading=\"lazy\" class=\"wp-embedded-content\" title=\"\u00abEcopetrol entrega dotaci\u00f3n escolar a 27 sedes educativas del sector rural de Yopal\u00bb \u2014 \u25b7 Noticias de Casanare : Martha Cifuentes | Casanare\" src=\"https:\/\/marthacifuentes.com\/portada\/2020\/12\/10\/ecopetrol-entrega-dotacion-escolar-a-27-sedes-educativas-del-sector-rural-de-yopal\/embed\/#?secret=J9PBBPXVh1\" width=\"600\" height=\"589\" frameborder=\"0\" marginwidth=\"0\" marginheight=\"0\" scrolling=\"no\" sandbox=\"allow-scripts\" data-secret=\"J9PBBPXVh1\" data-mce-fragment=\"1\"><\/iframe><\/p>\n<p><iframe loading=\"lazy\" class=\"wp-embedded-content\" title=\"\u00abEl talento en Arquitectura de Unitr\u00f3pico ser\u00e1 reconocido en los premios FAUN\u00bb \u2014 \u25b7 Noticias de Casanare : Martha Cifuentes | Casanare\" src=\"https:\/\/marthacifuentes.com\/portada\/2020\/12\/10\/el-talento-en-arquitectura-de-unitropico-sera-reconocido-en-los-premios-faun\/embed\/#?secret=kEVPfhrvTq\" width=\"600\" height=\"589\" frameborder=\"0\" marginwidth=\"0\" marginheight=\"0\" scrolling=\"no\" sandbox=\"allow-scripts\" data-secret=\"kEVPfhrvTq\" data-mce-fragment=\"1\"><\/iframe><\/p>\n<p><iframe loading=\"lazy\" class=\"wp-embedded-content\" title=\"\u00ab\u00c1lvaro Uribe, volvi\u00f3 a gui\u00f1ar el ojo a favor del exgobernador de Casanare Alirio Barrera, en entrevista en la W Radio.\u00bb \u2014 \u25b7 Noticias de Casanare : Martha Cifuentes | Casanare\" src=\"https:\/\/marthacifuentes.com\/portada\/2020\/12\/10\/alvaro-uribe-volvio-a-guinar-el-ojo-a-favor-del-exgobernador-de-casanare-alirio-barrera-en-entrevista-en-la-w-radio\/embed\/#?secret=FHAiBRzNLN\" width=\"600\" height=\"641\" frameborder=\"0\" marginwidth=\"0\" marginheight=\"0\" scrolling=\"no\" sandbox=\"allow-scripts\" data-secret=\"FHAiBRzNLN\" data-mce-fragment=\"1\"><\/iframe><\/p>\n<p><iframe loading=\"lazy\" class=\"wp-embedded-content\" title=\"\u00abAlcalde de Yopal trat\u00f3 de defender show pirot\u00e9cnico en el parque La Iguana ante cr\u00edticas por afectaci\u00f3n de la fauna\u00bb \u2014 \u25b7 Noticias de Casanare : Martha Cifuentes | Casanare\" src=\"https:\/\/marthacifuentes.com\/portada\/2020\/12\/10\/alcalde-de-yopal-trato-de-defender-show-pirotecnico-en-el-parque-la-iguana-ante-criticas-por-afectacion-de-la-fauna\/embed\/#?secret=pKMT8fSI8n\" width=\"600\" height=\"617\" frameborder=\"0\" marginwidth=\"0\" marginheight=\"0\" scrolling=\"no\" sandbox=\"allow-scripts\" data-secret=\"pKMT8fSI8n\" data-mce-fragment=\"1\"><\/iframe><\/p>\n<p><iframe loading=\"lazy\" class=\"wp-embedded-content\" title=\"\u00abVendetta por control territorial de microtr\u00e1fico ser\u00eda la causa de ataque armado en Villanueva\u00bb \u2014 \u25b7 Noticias de Casanare : Martha Cifuentes | Casanare\" src=\"https:\/\/marthacifuentes.com\/portada\/2020\/12\/07\/vendetta-por-control-territorial-de-microtrafico-seria-la-causa-de-ataque-armado-en-villanueva\/embed\/#?secret=MTzT5f50Vn\" width=\"600\" height=\"543\" frameborder=\"0\" marginwidth=\"0\" marginheight=\"0\" scrolling=\"no\" sandbox=\"allow-scripts\" data-secret=\"MTzT5f50Vn\" data-mce-fragment=\"1\"><\/iframe><\/p>\n<p><iframe loading=\"lazy\" class=\"wp-embedded-content\" title=\"\u00ab2 muertos y 4 heridos, deja ataque armado en Villanueva Casanare. Se realiza Consejo de Seguridad\u00bb \u2014 \u25b7 Noticias de Casanare : Martha Cifuentes | Casanare\" src=\"https:\/\/marthacifuentes.com\/portada\/2020\/12\/06\/2-muertos-y-4-heridos-deja-ataque-armado-en-villanueva-casanare-se-realiza-consejo-de-seguridad\/embed\/#?secret=KX6gIcrkrM\" width=\"600\" height=\"589\" frameborder=\"0\" marginwidth=\"0\" marginheight=\"0\" scrolling=\"no\" sandbox=\"allow-scripts\" data-secret=\"KX6gIcrkrM\" data-mce-fragment=\"1\"><\/iframe><\/p>\n<p><iframe loading=\"lazy\" class=\"wp-embedded-content\" title=\"\u00abConsejo de Estado vuelve a fallar en contra de la elegida y nunca posesionada directora de Corporinoquia Doris Bernal\u00bb \u2014 \u25b7 Noticias de Casanare : Martha Cifuentes | Casanare\" src=\"https:\/\/marthacifuentes.com\/portada\/2020\/12\/04\/consejo-de-estado-vuelve-a-fallar-en-contra-de-la-elegida-y-nunca-posesionada-directora-de-corporinoquia-doris-bernal\/embed\/#?secret=NrlsxMgyy2\" width=\"600\" height=\"617\" frameborder=\"0\" marginwidth=\"0\" marginheight=\"0\" scrolling=\"no\" sandbox=\"allow-scripts\" data-secret=\"NrlsxMgyy2\" data-mce-fragment=\"1\"><\/iframe><\/p>\n<p><iframe loading=\"lazy\" class=\"wp-embedded-content\" title=\"\u00abPruebas gratis de Covid-19 para afiliados har\u00e1 Capresoca\u00bb \u2014 \u25b7 Noticias de Casanare : Martha Cifuentes | Casanare\" src=\"https:\/\/marthacifuentes.com\/portada\/2020\/12\/04\/pruebas-gratis-de-covid-19-para-afiliados-hara-capresoca\/embed\/#?secret=xxUTzqlW4W\" width=\"600\" height=\"589\" frameborder=\"0\" marginwidth=\"0\" marginheight=\"0\" scrolling=\"no\" sandbox=\"allow-scripts\" data-secret=\"xxUTzqlW4W\" data-mce-fragment=\"1\"><\/iframe><\/p>\n<p><iframe loading=\"lazy\" class=\"wp-embedded-content\" title=\"\u00abV\u00eda libre para que la Alcald\u00eda de Yopal compr\u00e9 y legalice La Bendici\u00f3n. Costar\u00e1 al menos 17 mil millones\u00bb \u2014 \u25b7 Noticias de Casanare : Martha Cifuentes | Casanare\" src=\"https:\/\/marthacifuentes.com\/portada\/2020\/12\/03\/via-libre-para-que-la-alcaldia-de-yopal-compre-y-legalice-la-bendicion-costara-al-menos-17-mil-millones\/embed\/#?secret=7siEFMM6jr\" width=\"600\" height=\"569\" frameborder=\"0\" marginwidth=\"0\" marginheight=\"0\" scrolling=\"no\" sandbox=\"allow-scripts\" data-secret=\"7siEFMM6jr\" data-mce-fragment=\"1\"><\/iframe><\/p>\n<p><iframe loading=\"lazy\" class=\"wp-embedded-content\" title=\"\u00abEmpresas de zumos, productos de belleza y muebles, ganadores de los premios Sinergia 2020 premio en Casanare\u00bb \u2014 \u25b7 Noticias de Casanare : Martha Cifuentes | Casanare\" src=\"https:\/\/marthacifuentes.com\/portada\/2020\/12\/02\/empresas-de-zumos-productos-de-belleza-y-muebles-ganadores-de-los-premios-sinergia-2020-premio-en-casanare\/embed\/#?secret=209YjMrUJr\" width=\"600\" height=\"617\" frameborder=\"0\" marginwidth=\"0\" marginheight=\"0\" scrolling=\"no\" sandbox=\"allow-scripts\" data-secret=\"209YjMrUJr\" data-mce-fragment=\"1\"><\/iframe><\/p>\n<p><iframe loading=\"lazy\" class=\"wp-embedded-content\" title=\"\u00abPap\u00e1 del beb\u00e9 raptado en Yopal va a recuperarlo en Venezuela. Joven secuestradora fue capturada.\u00bb \u2014 \u25b7 Noticias de Casanare : Martha Cifuentes | Casanare\" src=\"https:\/\/marthacifuentes.com\/portada\/2020\/12\/01\/papa-del-bebe-raptado-en-yopal-va-a-recuperarlo-en-venezuela-joven-secuestradora-fue-capturada\/embed\/#?secret=1YsMLLQq6d\" width=\"600\" height=\"320\" frameborder=\"0\" marginwidth=\"0\" marginheight=\"0\" scrolling=\"no\" sandbox=\"allow-scripts\" data-secret=\"1YsMLLQq6d\" data-mce-fragment=\"1\"><\/iframe><\/p>\n<p><iframe loading=\"lazy\" class=\"wp-embedded-content\" title=\"\u00abSistema de abastecimiento de agua de Yopal ser\u00e1 entregado a medias. Entidades se culpan mutuamente de fallas en proyecto.\u00bb \u2014 \u25b7 Noticias de Casanare : Martha Cifuentes | Casanare\" src=\"https:\/\/marthacifuentes.com\/portada\/2020\/12\/01\/sistema-de-abastecimiento-de-agua-de-yopal-sera-entregado-a-medias-entidades-se-culpan-mutuamente-de-fallas-en-proyecto\/embed\/#?secret=FK9zojTi9K\" width=\"600\" height=\"575\" frameborder=\"0\" marginwidth=\"0\" marginheight=\"0\" scrolling=\"no\" sandbox=\"allow-scripts\" data-secret=\"FK9zojTi9K\" data-mce-fragment=\"1\"><\/iframe><\/p>\n<p><iframe loading=\"lazy\" class=\"wp-embedded-content\" title=\"\u00abC\u00e1rcel de Yopal ampliar\u00e1 capacidad para 340 presos m\u00e1s. De estos 170 ser\u00e1 para mujeres\u00bb \u2014 \u25b7 Noticias de Casanare : Martha Cifuentes | Casanare\" src=\"https:\/\/marthacifuentes.com\/portada\/2020\/11\/30\/carcel-de-yopal-ampliara-capacidad-para-340-presos-mas-de-estos-170-sera-para-mujeres\/embed\/#?secret=uP9BjxAf17\" width=\"600\" height=\"593\" frameborder=\"0\" marginwidth=\"0\" marginheight=\"0\" scrolling=\"no\" sandbox=\"allow-scripts\" data-secret=\"uP9BjxAf17\" data-mce-fragment=\"1\"><\/iframe><\/p>\n<p><iframe loading=\"lazy\" class=\"wp-embedded-content\" title=\"\u00abEfr\u00e9n Hern\u00e1ndez, mientras trataba de reversar fallo judicial adverso, se enferm\u00f3 y est\u00e1 en delicada situaci\u00f3n de salud\u00bb \u2014 \u25b7 Noticias de Casanare : Martha Cifuentes | Casanare\" src=\"https:\/\/marthacifuentes.com\/portada\/2020\/11\/23\/efren-hernandez-mientras-trataba-de-reversar-fallo-judicial-adverso-se-enfermo-y-esta-en-delicada-situacion-de-salud\/embed\/#?secret=7Sy2SPZkhx\" width=\"600\" height=\"617\" frameborder=\"0\" marginwidth=\"0\" marginheight=\"0\" scrolling=\"no\" sandbox=\"allow-scripts\" data-secret=\"7Sy2SPZkhx\" data-mce-fragment=\"1\"><\/iframe><\/p>\n<p><iframe loading=\"lazy\" class=\"wp-embedded-content\" title=\"\u00ab\u00bfEl gobernador de Casanare Salom\u00f3n Sanabria, se queda o se va? A fallo en el Consejo de Estado entr\u00f3 proceso de nulidad electoral\u00bb \u2014 \u25b7 Noticias de Casanare : Martha Cifuentes | Casanare\" src=\"https:\/\/marthacifuentes.com\/portada\/2020\/11\/21\/el-gobernador-de-casanare-salomon-sanabria-se-queda-o-se-va-a-fallo-en-el-consejo-de-estado-entro-proceso-de-nulidad-electoral\/embed\/#?secret=Umpe1UvsJn\" width=\"600\" height=\"613\" frameborder=\"0\" marginwidth=\"0\" marginheight=\"0\" scrolling=\"no\" sandbox=\"allow-scripts\" data-secret=\"Umpe1UvsJn\" data-mce-fragment=\"1\"><\/iframe><\/p>\n<p><iframe loading=\"lazy\" class=\"wp-embedded-content\" title=\"\u00abProcuradur\u00eda investiga a alcaldesa de Aguazul por presunta presi\u00f3n indebida contra exgerente del Hospital de Aguazul\u00bb \u2014 \u25b7 Noticias de Casanare : Martha Cifuentes | Casanare\" src=\"https:\/\/marthacifuentes.com\/portada\/2020\/11\/17\/procuraduria-investiga-a-alcaldesa-de-aguazul-por-presunta-presion-indebida-contra-exgerente-del-hospital-de-aguazul\/embed\/#?secret=QCxuGfVw4m\" width=\"600\" height=\"617\" frameborder=\"0\" marginwidth=\"0\" marginheight=\"0\" scrolling=\"no\" sandbox=\"allow-scripts\" data-secret=\"QCxuGfVw4m\" data-mce-fragment=\"1\"><\/iframe><\/p>\n<p><iframe loading=\"lazy\" class=\"wp-embedded-content\" title=\"\u00abExgerente del Hospital de Aguazul acus\u00f3 a la alcaldesa Johana Moreno de obligarlo a firmar una renuncia anticipada a su cargo.\u00bb \u2014 \u25b7 Noticias de Casanare : Martha Cifuentes | Casanare\" src=\"https:\/\/marthacifuentes.com\/portada\/2020\/11\/17\/exgerente-del-hospital-de-aguazul-acuso-a-la-alcaldesa-johana-moreno-de-obligarlo-a-firmar-una-renuncia-anticipada-a-su-cargo\/embed\/#?secret=JPLvVjuwWF\" width=\"600\" height=\"641\" frameborder=\"0\" marginwidth=\"0\" marginheight=\"0\" scrolling=\"no\" sandbox=\"allow-scripts\" data-secret=\"JPLvVjuwWF\" data-mce-fragment=\"1\"><\/iframe><\/p>\n<p><iframe loading=\"lazy\" class=\"wp-embedded-content\" title=\"\u00ab40% de empleo de Yopal, concentrado en hoteles, restaurantes y comercio: DANE\u00bb \u2014 \u25b7 Noticias de Casanare : Martha Cifuentes | Casanare\" src=\"https:\/\/marthacifuentes.com\/portada\/2020\/11\/12\/40-de-empleo-de-yopal-concentrado-en-hoteles-restaurantes-y-comercio-dane\/embed\/#?secret=CM9NsMxuph\" width=\"600\" height=\"589\" frameborder=\"0\" marginwidth=\"0\" marginheight=\"0\" scrolling=\"no\" sandbox=\"allow-scripts\" data-secret=\"CM9NsMxuph\" data-mce-fragment=\"1\"><\/iframe><\/p>\n<p><iframe loading=\"lazy\" class=\"wp-embedded-content\" title=\"\u00abSector petrolero aporta casi mitad de PIB de Casanare pero genera poco empleo\u00bb \u2014 \u25b7 Noticias de Casanare : Martha Cifuentes | Casanare\" src=\"https:\/\/marthacifuentes.com\/portada\/2020\/11\/12\/sector-petrolero-aporta-casi-mitad-de-pib-de-casanare-pero-genera-poco-empleo\/embed\/#?secret=NFgGf3wTAX\" width=\"600\" height=\"609\" frameborder=\"0\" marginwidth=\"0\" marginheight=\"0\" scrolling=\"no\" sandbox=\"allow-scripts\" data-secret=\"NFgGf3wTAX\" data-mce-fragment=\"1\"><\/iframe><\/p>\n<p><iframe loading=\"lazy\" class=\"wp-embedded-content\" title=\"\u00abFalleci\u00f3 Milton \u00c1lvarez, exalcalde de Tauramena, Casanare. El c\u00e1ncer min\u00f3 su vida.\u00bb \u2014 \u25b7 Noticias de Casanare : Martha Cifuentes | Casanare\" src=\"https:\/\/marthacifuentes.com\/portada\/2020\/11\/09\/fallecio-milton-alvarez-exalcalde-de-tauramena-casanare-el-cancer-mino-su-vida\/embed\/#?secret=hfqlnDwKAe\" width=\"600\" height=\"589\" frameborder=\"0\" marginwidth=\"0\" marginheight=\"0\" scrolling=\"no\" sandbox=\"allow-scripts\" data-secret=\"hfqlnDwKAe\" data-mce-fragment=\"1\"><\/iframe><\/p>\n<p><iframe loading=\"lazy\" class=\"wp-embedded-content\" title=\"\u00abEnerca oculta proceso contractual de divulgaci\u00f3n. Public\u00f3 en Secop una semana despu\u00e9s de definir el contratista.\u00bb \u2014 \u25b7 Noticias de Casanare : Martha Cifuentes | Casanare\" src=\"https:\/\/marthacifuentes.com\/portada\/2020\/11\/05\/enerca-oculta-proceso-contractual-de-divulgacion-publico-en-secop-una-semana-despues-de-definir-el-contratista\/embed\/#?secret=bonSsJ8gAx\" width=\"600\" height=\"617\" frameborder=\"0\" marginwidth=\"0\" marginheight=\"0\" scrolling=\"no\" sandbox=\"allow-scripts\" data-secret=\"bonSsJ8gAx\" data-mce-fragment=\"1\"><\/iframe><\/p>\n<p><iframe loading=\"lazy\" class=\"wp-embedded-content\" title=\"\u00abCovid-19 en Yopal afecta m\u00e1s a adultos j\u00f3venes pero mata m\u00e1s adultos mayores de 90 a\u00f1os\u00bb \u2014 \u25b7 Noticias de Casanare : Martha Cifuentes | Casanare\" src=\"https:\/\/marthacifuentes.com\/portada\/2020\/11\/05\/covid-19-en-yopal-afecta-mas-a-adultos-jovenes-pero-mata-mas-adultos-mayores-de-90-anos\/embed\/#?secret=55l17TdThb\" width=\"600\" height=\"569\" frameborder=\"0\" marginwidth=\"0\" marginheight=\"0\" scrolling=\"no\" sandbox=\"allow-scripts\" data-secret=\"55l17TdThb\" data-mce-fragment=\"1\"><\/iframe><\/p>\n<p><a href=\"https:\/\/www.youtube.com\/watch?v=eHme0UG2fW4&amp;feature=youtu.be\"><img decoding=\"async\" src=\"https:\/\/marthacifuentes.com\/portada\/wp-content\/uploads\/2020\/11\/ESPECIAL-PERIODISTICO-CENTRO-DE-SALUD-DE-SABANALARGA-PARA-PAGINA.jpg\" \/><\/a><\/p>\n<p><iframe loading=\"lazy\" class=\"wp-embedded-content\" title=\"\u00abContralor\u00eda pone la lupa en Enerca, Horo y Gobernaci\u00f3n de Casanare\u00bb \u2014 \u25b7 Noticias de Casanare : Martha Cifuentes | Casanare\" src=\"https:\/\/marthacifuentes.com\/portada\/2020\/11\/03\/contraloria-pone-la-lupa-en-enerca-horo-y-gobernacion-de-casanare\/embed\/#?secret=4rT01XMqAm\" width=\"600\" height=\"589\" frameborder=\"0\" marginwidth=\"0\" marginheight=\"0\" scrolling=\"no\" sandbox=\"allow-scripts\" data-secret=\"4rT01XMqAm\" data-mce-fragment=\"1\"><\/iframe><\/p>\n<p>&nbsp;<\/p>\n","protected":false},"excerpt":{"rendered":"<p>En Consejo de Seguridad Extraordinario de Casanare realizado hoy por el acto terrorista mediante el cual se inciner\u00f3 un bus de la empresa Los Libertadores la noche anterior, el comandante de polic\u00eda Departamental, el coronel Jos\u00e9 Rafael Miranda, dijo que los autores del hecho podr\u00edan los grupos armados Clan del Golfo o disidencias de las &hellip;<\/p>\n","protected":false},"author":2,"featured_media":25854,"comment_status":"open","ping_status":"open","sticky":false,"template":"","format":"standard","meta":{"om_disable_all_campaigns":false,"_exactmetrics_skip_tracking":false,"_exactmetrics_sitenote_active":false,"_exactmetrics_sitenote_note":"","_exactmetrics_sitenote_category":0,"_monsterinsights_skip_tracking":false,"_monsterinsights_sitenote_active":false,"_monsterinsights_sitenote_note":"","_monsterinsights_sitenote_category":0,"_uf_show_specific_survey":0,"_uf_disable_surveys":false,"_joinchat":[],"footnotes":""},"categories":[147,146,145],"tags":[1373,5464,5465,1372],"class_list":["post-25853","post","type-post","status-publish","format-standard","has-post-thumbnail","hentry","category-actualidad","category-noticias","category-reportajes","tag-casanare-noticias","tag-clan-del-golfo-o-disidencias-de-las-farc-posibles-autores-de-quema-de-bus-al-norte-de-casanare","tag-consejo-de-seguridad-casanare-por-quema-de-bus-de-los-libertadores","tag-noticias-de-casanare"],"yoast_head":"<!-- This site is optimized with the Yoast SEO plugin v26.1 - https:\/\/yoast.com\/wordpress\/plugins\/seo\/ -->\n<title>El Clan del Golfo o las disidencias de las Farc, ser\u00edan responsables de quema de bus en Casanare - \u25b7 Noticias de Casanare : Martha Cifuentes | Casanare<\/title>\n<meta name=\"robots\" content=\"index, follow, max-snippet:-1, max-image-preview:large, max-video-preview:-1\" \/>\n<link rel=\"canonical\" href=\"https:\/\/marthacifuentes.com\/portada\/el-clan-del-golfo-o-las-disidencias-de-las-farc-serian-responsables-de-quema-de-bus-en-casanare\/\" \/>\n<meta property=\"og:locale\" content=\"es_ES\" \/>\n<meta property=\"og:type\" content=\"article\" \/>\n<meta property=\"og:title\" content=\"El Clan del Golfo o las disidencias de las Farc, ser\u00edan responsables de quema de bus en Casanare - \u25b7 Noticias de Casanare : Martha Cifuentes | Casanare\" \/>\n<meta property=\"og:description\" content=\"En Consejo de Seguridad Extraordinario de Casanare realizado hoy por el acto terrorista mediante el cual se inciner\u00f3 un bus de la empresa Los Libertadores la noche anterior, el comandante de polic\u00eda Departamental, el coronel Jos\u00e9 Rafael Miranda, dijo que los autores del hecho podr\u00edan los grupos armados Clan del Golfo o disidencias de las &hellip;\" \/>\n<meta property=\"og:url\" content=\"https:\/\/marthacifuentes.com\/portada\/el-clan-del-golfo-o-las-disidencias-de-las-farc-serian-responsables-de-quema-de-bus-en-casanare\/\" \/>\n<meta property=\"og:site_name\" content=\"\u25b7 Noticias de Casanare : Martha Cifuentes | Casanare\" \/>\n<meta property=\"article:published_time\" content=\"2021-02-01T23:12:37+00:00\" \/>\n<meta property=\"article:modified_time\" content=\"2021-02-01T23:14:44+00:00\" \/>\n<meta property=\"og:image\" content=\"https:\/\/marthacifuentes.com\/portada\/wp-content\/uploads\/2021\/02\/WhatsApp-Image-2021-02-01-at-7.53.58-AM.jpeg\" \/>\n\t<meta property=\"og:image:width\" content=\"1280\" \/>\n\t<meta property=\"og:image:height\" content=\"960\" \/>\n\t<meta property=\"og:image:type\" content=\"image\/jpeg\" \/>\n<meta name=\"author\" content=\"Martha Cifuentes\" \/>\n<meta name=\"twitter:card\" content=\"summary_large_image\" \/>\n<meta name=\"twitter:label1\" content=\"Escrito por\" \/>\n\t<meta name=\"twitter:data1\" content=\"Martha Cifuentes\" \/>\n\t<meta name=\"twitter:label2\" content=\"Tiempo de lectura\" \/>\n\t<meta name=\"twitter:data2\" content=\"3 minutos\" \/>\n<script type=\"application\/ld+json\" class=\"yoast-schema-graph\">{\"@context\":\"https:\/\/schema.org\",\"@graph\":[{\"@type\":\"WebPage\",\"@id\":\"https:\/\/marthacifuentes.com\/portada\/el-clan-del-golfo-o-las-disidencias-de-las-farc-serian-responsables-de-quema-de-bus-en-casanare\/\",\"url\":\"https:\/\/marthacifuentes.com\/portada\/el-clan-del-golfo-o-las-disidencias-de-las-farc-serian-responsables-de-quema-de-bus-en-casanare\/\",\"name\":\"El Clan del Golfo o las disidencias de las Farc, ser\u00edan responsables de quema de bus en Casanare - \u25b7 Noticias de Casanare : Martha Cifuentes | Casanare\",\"isPartOf\":{\"@id\":\"https:\/\/marthacifuentes.com\/portada\/#website\"},\"primaryImageOfPage\":{\"@id\":\"https:\/\/marthacifuentes.com\/portada\/el-clan-del-golfo-o-las-disidencias-de-las-farc-serian-responsables-de-quema-de-bus-en-casanare\/#primaryimage\"},\"image\":{\"@id\":\"https:\/\/marthacifuentes.com\/portada\/el-clan-del-golfo-o-las-disidencias-de-las-farc-serian-responsables-de-quema-de-bus-en-casanare\/#primaryimage\"},\"thumbnailUrl\":\"https:\/\/marthacifuentes.com\/portada\/wp-content\/uploads\/2021\/02\/WhatsApp-Image-2021-02-01-at-7.53.58-AM.jpeg\",\"datePublished\":\"2021-02-01T23:12:37+00:00\",\"dateModified\":\"2021-02-01T23:14:44+00:00\",\"author\":{\"@id\":\"https:\/\/marthacifuentes.com\/portada\/#\/schema\/person\/57f53174b991db5f90ff78d58502b714\"},\"breadcrumb\":{\"@id\":\"https:\/\/marthacifuentes.com\/portada\/el-clan-del-golfo-o-las-disidencias-de-las-farc-serian-responsables-de-quema-de-bus-en-casanare\/#breadcrumb\"},\"inLanguage\":\"es\",\"potentialAction\":[{\"@type\":\"ReadAction\",\"target\":[\"https:\/\/marthacifuentes.com\/portada\/el-clan-del-golfo-o-las-disidencias-de-las-farc-serian-responsables-de-quema-de-bus-en-casanare\/\"]}]},{\"@type\":\"ImageObject\",\"inLanguage\":\"es\",\"@id\":\"https:\/\/marthacifuentes.com\/portada\/el-clan-del-golfo-o-las-disidencias-de-las-farc-serian-responsables-de-quema-de-bus-en-casanare\/#primaryimage\",\"url\":\"https:\/\/marthacifuentes.com\/portada\/wp-content\/uploads\/2021\/02\/WhatsApp-Image-2021-02-01-at-7.53.58-AM.jpeg\",\"contentUrl\":\"https:\/\/marthacifuentes.com\/portada\/wp-content\/uploads\/2021\/02\/WhatsApp-Image-2021-02-01-at-7.53.58-AM.jpeg\",\"width\":1280,\"height\":960},{\"@type\":\"BreadcrumbList\",\"@id\":\"https:\/\/marthacifuentes.com\/portada\/el-clan-del-golfo-o-las-disidencias-de-las-farc-serian-responsables-de-quema-de-bus-en-casanare\/#breadcrumb\",\"itemListElement\":[{\"@type\":\"ListItem\",\"position\":1,\"name\":\"Portada\",\"item\":\"https:\/\/marthacifuentes.com\/portada\/\"},{\"@type\":\"ListItem\",\"position\":2,\"name\":\"El Clan del Golfo o las disidencias de las Farc, ser\u00edan responsables de quema de bus en Casanare\"}]},{\"@type\":\"WebSite\",\"@id\":\"https:\/\/marthacifuentes.com\/portada\/#website\",\"url\":\"https:\/\/marthacifuentes.com\/portada\/\",\"name\":\"\u25b7 Noticias de Casanare : Martha Cifuentes | Casanare\",\"description\":\"Noticias &amp; Contenidos\",\"potentialAction\":[{\"@type\":\"SearchAction\",\"target\":{\"@type\":\"EntryPoint\",\"urlTemplate\":\"https:\/\/marthacifuentes.com\/portada\/?s={search_term_string}\"},\"query-input\":{\"@type\":\"PropertyValueSpecification\",\"valueRequired\":true,\"valueName\":\"search_term_string\"}}],\"inLanguage\":\"es\"},{\"@type\":\"Person\",\"@id\":\"https:\/\/marthacifuentes.com\/portada\/#\/schema\/person\/57f53174b991db5f90ff78d58502b714\",\"name\":\"Martha Cifuentes\",\"image\":{\"@type\":\"ImageObject\",\"inLanguage\":\"es\",\"@id\":\"https:\/\/marthacifuentes.com\/portada\/#\/schema\/person\/image\/\",\"url\":\"http:\/\/marthacifuentes.com\/portada\/wp-content\/uploads\/2018\/06\/avatar_user_2_1528838701-96x96.jpg\",\"contentUrl\":\"http:\/\/marthacifuentes.com\/portada\/wp-content\/uploads\/2018\/06\/avatar_user_2_1528838701-96x96.jpg\",\"caption\":\"Martha Cifuentes\"},\"sameAs\":[\"http:\/\/www.marthacifuentes.com\"],\"url\":\"https:\/\/marthacifuentes.com\/portada\/author\/martha\/\"}]}<\/script>\n<!-- \/ Yoast SEO plugin. -->","yoast_head_json":{"title":"El Clan del Golfo o las disidencias de las Farc, ser\u00edan responsables de quema de bus en Casanare - \u25b7 Noticias de Casanare : Martha Cifuentes | Casanare","robots":{"index":"index","follow":"follow","max-snippet":"max-snippet:-1","max-image-preview":"max-image-preview:large","max-video-preview":"max-video-preview:-1"},"canonical":"https:\/\/marthacifuentes.com\/portada\/el-clan-del-golfo-o-las-disidencias-de-las-farc-serian-responsables-de-quema-de-bus-en-casanare\/","og_locale":"es_ES","og_type":"article","og_title":"El Clan del Golfo o las disidencias de las Farc, ser\u00edan responsables de quema de bus en Casanare - \u25b7 Noticias de Casanare : Martha Cifuentes | Casanare","og_description":"En Consejo de Seguridad Extraordinario de Casanare realizado hoy por el acto terrorista mediante el cual se inciner\u00f3 un bus de la empresa Los Libertadores la noche anterior, el comandante de polic\u00eda Departamental, el coronel Jos\u00e9 Rafael Miranda, dijo que los autores del hecho podr\u00edan los grupos armados Clan del Golfo o disidencias de las &hellip;","og_url":"https:\/\/marthacifuentes.com\/portada\/el-clan-del-golfo-o-las-disidencias-de-las-farc-serian-responsables-de-quema-de-bus-en-casanare\/","og_site_name":"\u25b7 Noticias de Casanare : Martha Cifuentes | Casanare","article_published_time":"2021-02-01T23:12:37+00:00","article_modified_time":"2021-02-01T23:14:44+00:00","og_image":[{"width":1280,"height":960,"url":"https:\/\/marthacifuentes.com\/portada\/wp-content\/uploads\/2021\/02\/WhatsApp-Image-2021-02-01-at-7.53.58-AM.jpeg","type":"image\/jpeg"}],"author":"Martha Cifuentes","twitter_card":"summary_large_image","twitter_misc":{"Escrito por":"Martha Cifuentes","Tiempo de lectura":"3 minutos"},"schema":{"@context":"https:\/\/schema.org","@graph":[{"@type":"WebPage","@id":"https:\/\/marthacifuentes.com\/portada\/el-clan-del-golfo-o-las-disidencias-de-las-farc-serian-responsables-de-quema-de-bus-en-casanare\/","url":"https:\/\/marthacifuentes.com\/portada\/el-clan-del-golfo-o-las-disidencias-de-las-farc-serian-responsables-de-quema-de-bus-en-casanare\/","name":"El Clan del Golfo o las disidencias de las Farc, ser\u00edan responsables de quema de bus en Casanare - \u25b7 Noticias de Casanare : Martha Cifuentes | Casanare","isPartOf":{"@id":"https:\/\/marthacifuentes.com\/portada\/#website"},"primaryImageOfPage":{"@id":"https:\/\/marthacifuentes.com\/portada\/el-clan-del-golfo-o-las-disidencias-de-las-farc-serian-responsables-de-quema-de-bus-en-casanare\/#primaryimage"},"image":{"@id":"https:\/\/marthacifuentes.com\/portada\/el-clan-del-golfo-o-las-disidencias-de-las-farc-serian-responsables-de-quema-de-bus-en-casanare\/#primaryimage"},"thumbnailUrl":"https:\/\/marthacifuentes.com\/portada\/wp-content\/uploads\/2021\/02\/WhatsApp-Image-2021-02-01-at-7.53.58-AM.jpeg","datePublished":"2021-02-01T23:12:37+00:00","dateModified":"2021-02-01T23:14:44+00:00","author":{"@id":"https:\/\/marthacifuentes.com\/portada\/#\/schema\/person\/57f53174b991db5f90ff78d58502b714"},"breadcrumb":{"@id":"https:\/\/marthacifuentes.com\/portada\/el-clan-del-golfo-o-las-disidencias-de-las-farc-serian-responsables-de-quema-de-bus-en-casanare\/#breadcrumb"},"inLanguage":"es","potentialAction":[{"@type":"ReadAction","target":["https:\/\/marthacifuentes.com\/portada\/el-clan-del-golfo-o-las-disidencias-de-las-farc-serian-responsables-de-quema-de-bus-en-casanare\/"]}]},{"@type":"ImageObject","inLanguage":"es","@id":"https:\/\/marthacifuentes.com\/portada\/el-clan-del-golfo-o-las-disidencias-de-las-farc-serian-responsables-de-quema-de-bus-en-casanare\/#primaryimage","url":"https:\/\/marthacifuentes.com\/portada\/wp-content\/uploads\/2021\/02\/WhatsApp-Image-2021-02-01-at-7.53.58-AM.jpeg","contentUrl":"https:\/\/marthacifuentes.com\/portada\/wp-content\/uploads\/2021\/02\/WhatsApp-Image-2021-02-01-at-7.53.58-AM.jpeg","width":1280,"height":960},{"@type":"BreadcrumbList","@id":"https:\/\/marthacifuentes.com\/portada\/el-clan-del-golfo-o-las-disidencias-de-las-farc-serian-responsables-de-quema-de-bus-en-casanare\/#breadcrumb","itemListElement":[{"@type":"ListItem","position":1,"name":"Portada","item":"https:\/\/marthacifuentes.com\/portada\/"},{"@type":"ListItem","position":2,"name":"El Clan del Golfo o las disidencias de las Farc, ser\u00edan responsables de quema de bus en Casanare"}]},{"@type":"WebSite","@id":"https:\/\/marthacifuentes.com\/portada\/#website","url":"https:\/\/marthacifuentes.com\/portada\/","name":"\u25b7 Noticias de Casanare : Martha Cifuentes | Casanare","description":"Noticias &amp; Contenidos","potentialAction":[{"@type":"SearchAction","target":{"@type":"EntryPoint","urlTemplate":"https:\/\/marthacifuentes.com\/portada\/?s={search_term_string}"},"query-input":{"@type":"PropertyValueSpecification","valueRequired":true,"valueName":"search_term_string"}}],"inLanguage":"es"},{"@type":"Person","@id":"https:\/\/marthacifuentes.com\/portada\/#\/schema\/person\/57f53174b991db5f90ff78d58502b714","name":"Martha Cifuentes","image":{"@type":"ImageObject","inLanguage":"es","@id":"https:\/\/marthacifuentes.com\/portada\/#\/schema\/person\/image\/","url":"http:\/\/marthacifuentes.com\/portada\/wp-content\/uploads\/2018\/06\/avatar_user_2_1528838701-96x96.jpg","contentUrl":"http:\/\/marthacifuentes.com\/portada\/wp-content\/uploads\/2018\/06\/avatar_user_2_1528838701-96x96.jpg","caption":"Martha Cifuentes"},"sameAs":["http:\/\/www.marthacifuentes.com"],"url":"https:\/\/marthacifuentes.com\/portada\/author\/martha\/"}]}},"_links":{"self":[{"href":"https:\/\/marthacifuentes.com\/portada\/wp-json\/wp\/v2\/posts\/25853","targetHints":{"allow":["GET"]}}],"collection":[{"href":"https:\/\/marthacifuentes.com\/portada\/wp-json\/wp\/v2\/posts"}],"about":[{"href":"https:\/\/marthacifuentes.com\/portada\/wp-json\/wp\/v2\/types\/post"}],"author":[{"embeddable":true,"href":"https:\/\/marthacifuentes.com\/portada\/wp-json\/wp\/v2\/users\/2"}],"replies":[{"embeddable":true,"href":"https:\/\/marthacifuentes.com\/portada\/wp-json\/wp\/v2\/comments?post=25853"}],"version-history":[{"count":0,"href":"https:\/\/marthacifuentes.com\/portada\/wp-json\/wp\/v2\/posts\/25853\/revisions"}],"wp:featuredmedia":[{"embeddable":true,"href":"https:\/\/marthacifuentes.com\/portada\/wp-json\/wp\/v2\/media\/25854"}],"wp:attachment":[{"href":"https:\/\/marthacifuentes.com\/portada\/wp-json\/wp\/v2\/media?parent=25853"}],"wp:term":[{"taxonomy":"category","embeddable":true,"href":"https:\/\/marthacifuentes.com\/portada\/wp-json\/wp\/v2\/categories?post=25853"},{"taxonomy":"post_tag","embeddable":true,"href":"https:\/\/marthacifuentes.com\/portada\/wp-json\/wp\/v2\/tags?post=25853"}],"curies":[{"name":"wp","href":"https:\/\/api.w.org\/{rel}","templated":true}]}}