{"id":26132,"date":"2021-04-27T13:52:40","date_gmt":"2021-04-27T18:52:40","guid":{"rendered":"https:\/\/marthacifuentes.com\/portada\/?p=26132"},"modified":"2021-04-27T14:12:31","modified_gmt":"2021-04-27T19:12:31","slug":"en-yopal-1-de-cada-5-personas-tendria-covid-19-heridos-en-accidentes-viales-copan-ucis-en-casanare","status":"publish","type":"post","link":"https:\/\/marthacifuentes.com\/portada\/en-yopal-1-de-cada-5-personas-tendria-covid-19-heridos-en-accidentes-viales-copan-ucis-en-casanare\/","title":{"rendered":"En Yopal: 1 de cada 5 personas tendr\u00eda Covid-19. Heridos en accidentes viales copan UCIs en Casanare"},"content":{"rendered":"<p style=\"text-align: justify;\"><strong>En tan solo tres semanas el comportamiento del Covid-19 cambi\u00f3 fuertemente en Casanare al igual que en varias regiones del pa\u00eds. Se pas\u00f3 de 13.246 a 14.561 casos positivos. Igualmente, de 252 pacientes en cuarentena en casa se subi\u00f3 a 455. En cuanto a defunciones, aument\u00f3 de 308 a 331. Tambi\u00e9n la ocupaci\u00f3n de las camas UCI se increment\u00f3 de 30 a 72%; con respecto a los casos en promedio diarios, el cambio fue de 30 a m\u00e1s de 100 casos en los \u00faltimos d\u00edas.<\/strong><\/p>\n<p style=\"text-align: justify;\">Todas estas cifras, junto al relajamiento de la poblaci\u00f3n y el desaforado incremento de lesionados por accidentes de tr\u00e1nsito fueron expuestas en rueda de prensa de personal de salud departamental de Casanare y municipal de Yopal, realizada ayer y la cual fue presidida por el gobernador Salom\u00f3n Sanabria.\u00a0 Se evidencia un panorama bastante oscuro de cara a las siguientes dos semanas de la propagaci\u00f3n del covid-19.<\/p>\n<p style=\"text-align: justify;\">Otra de las cifras que gener\u00f3 gran preocupaci\u00f3n es la que se extrajo de las pruebas de ant\u00edgeno gratuitas a usuarios de varias EPS y que indican que 1 de cada 5 personas en Yopal est\u00e1 contagiado con el coronavirus. Las personas que se realizaron la prueba no ten\u00edan s\u00edntomas. Uno de ellos era el gerente del Hospital Local de Yopal, Edwin Barrera.<\/p>\n<p style=\"text-align: justify;\">El referente de Salud del Crue, Jorge \u00c1lvarez, expres\u00f3 que este fin de semana hubo 95 lesionados por accidentes de tr\u00e1nsito en todo el departamento de Casanare, mientras que el anterior hubo 64. Expres\u00f3 que en el Horo fueron atendidos 44 heridos; en la Cl\u00ednica Casanare 9; en Hospital Local de Yopal 9; en el hospital de Aguazul, 12; en el Hospital de Tauramena, 8 y en los centros de salud de los restantes municipios, los lesionados fueron 13.<\/p>\n<p style=\"text-align: justify;\">Mientras tanto la gerente del Hospital Regional de la Orinoquia dijo que la capacidad de esta instituci\u00f3n est\u00e1 sobre excedida. Dijo que el \u00e1rea de urgencias NO Covid-19 tiene una ocupaci\u00f3n del 186%; Las UCIM y UCI No Covid, est\u00e1n copadas al 100%. Mientras tanto la ocupaci\u00f3n del \u00e1rea Covid-19 est\u00e1 en 67%, y las UCIM est\u00e1n al 111%. Adicionalmente de las 100 camas disponibles para la hospitalizaci\u00f3n de estos contagiados, 77 est\u00e1n ocupadas, es decir, solo quedan 23 para nuevos pacientes.<\/p>\n<p style=\"text-align: justify;\">Adicional a esto, la gerente de Capresoca, Nur\u00eda Boh\u00f3rquez, dijo que la situaci\u00f3n se torna dram\u00e1tica y altamente peligrosa para 21 pacientes que esperaban ser remitidos a instituciones hospitalarias fuera de Casanare, y los cuales no podr\u00e1n remitirse porque cerraron atenci\u00f3n en Bogot\u00e1, Meta y otras regiones, debido a la pandemia.<\/p>\n<p style=\"text-align: justify;\">Por todo lo anterior y bas\u00e1ndose en la m\u00e1s reciente circular de los ministerios del Interior y de Salud, la gobernaci\u00f3n y la Alcald\u00eda de Yopal, ya solicitaron aprobaci\u00f3n de decretos que establezcan el toque de queda entre las 10 de las noche y las 5 de la ma\u00f1ana hasta el pr\u00f3ximo 3 de mayo. No se ha propuesto pico y c\u00e9dula para Yopal u otros municipios.<\/p>\n<p style=\"text-align: justify;\">Tambi\u00e9n, desde la Alcald\u00eda de Yopal y el Hospital Local de Yopal se decidi\u00f3 suspender la estrategia Megraprass, por los problemas de congesti\u00f3n presentados hoy en la toma de pruebas gratuitas y la ocupaci\u00f3n al 110% del pabell\u00f3n Vida, \u00e1rea de contenci\u00f3n de pacientes Covid-19.<\/p>\n<p style=\"text-align: justify;\">Para hoy se tiene pendiente un Consejo Extraordinario de Seguridad donde se evaluar\u00e1n nuevas medidas para disminuir la propagaci\u00f3n del virus as\u00ed como reducir el gran n\u00famero de accidentes que tambi\u00e9n est\u00e1 afectando la oferta institucional de hospitalizaci\u00f3n.<\/p>\n<h2>Otras noticias&#8230;<\/h2>\n<blockquote class=\"wp-embedded-content\" data-secret=\"lq5Xq9FEl8\"><p><a href=\"https:\/\/marthacifuentes.com\/portada\/2021\/04\/20\/en-casanare-mas-pacientes-por-accidentes-de-transito-que-por-covid-19-durante-el-fin-de-semana\/\">En Casanare, m\u00e1s pacientes por accidentes de tr\u00e1nsito que por Covid-19, durante el fin de semana<\/a><\/p><\/blockquote>\n<p><iframe loading=\"lazy\" class=\"wp-embedded-content\" sandbox=\"allow-scripts\" security=\"restricted\" style=\"position: absolute; clip: rect(1px, 1px, 1px, 1px);\" title=\"\u00abEn Casanare, m\u00e1s pacientes por accidentes de tr\u00e1nsito que por Covid-19, durante el fin de semana\u00bb \u2014 \u25b7 Noticias de Casanare : Martha Cifuentes | Casanare\" src=\"https:\/\/marthacifuentes.com\/portada\/2021\/04\/20\/en-casanare-mas-pacientes-por-accidentes-de-transito-que-por-covid-19-durante-el-fin-de-semana\/embed\/#?secret=Wb1rdzRQlp#?secret=lq5Xq9FEl8\" data-secret=\"lq5Xq9FEl8\" width=\"500\" height=\"282\" frameborder=\"0\" marginwidth=\"0\" marginheight=\"0\" scrolling=\"no\"><\/iframe><\/p>\n<p><iframe loading=\"lazy\" class=\"wp-embedded-content\" title=\"\u00abEn pleno 3er pico de la pandemia del Covid-19 se va secretaria de Salud de Casanare Yenny D\u00edaz. Gobernador acept\u00f3 su renuncia\u00bb \u2014 \u25b7 Noticias de Casanare : Martha Cifuentes | Casanare\" src=\"https:\/\/marthacifuentes.com\/portada\/2021\/04\/20\/en-pleno-3er-pico-de-la-pandemia-del-covid-19-se-va-secretaria-de-salud-de-casanare-yenny-diaz-gobernador-acepto-su-renuncia\/embed\/#?secret=i9kXSQ3lLI\" width=\"600\" height=\"617\" frameborder=\"0\" marginwidth=\"0\" marginheight=\"0\" scrolling=\"no\" sandbox=\"allow-scripts\" data-secret=\"i9kXSQ3lLI\" data-mce-fragment=\"1\"><\/iframe><\/p>\n<p><iframe loading=\"lazy\" class=\"wp-embedded-content\" title=\"\u00abCovid-19 sigue causando luto en Casanare. Robert Preciado, su mam\u00e1 Yolanda C\u00e1rdenas y Danilo S\u00e1nchez, fallecieron\u00bb \u2014 \u25b7 Noticias de Casanare : Martha Cifuentes | Casanare\" src=\"https:\/\/marthacifuentes.com\/portada\/2021\/04\/19\/covid-19-sigue-causando-luto-en-casanare-robert-preciado-su-mama-yolanda-cardenas-y-danilo-sanchez-fallecieron\/embed\/#?secret=1p6L3sPRqF\" width=\"600\" height=\"617\" frameborder=\"0\" marginwidth=\"0\" marginheight=\"0\" scrolling=\"no\" sandbox=\"allow-scripts\" data-secret=\"1p6L3sPRqF\" data-mce-fragment=\"1\"><\/iframe><\/p>\n<p><iframe loading=\"lazy\" class=\"wp-embedded-content\" title=\"\u00abLa muerte \u201crecorre\u201d las carreteras de Casanare. Dos v\u00edctimas fatales y 64 heridos este fin de semana\u00bb \u2014 \u25b7 Noticias de Casanare : Martha Cifuentes | Casanare\" src=\"https:\/\/marthacifuentes.com\/portada\/2021\/04\/19\/la-muerte-recorre-las-carreteras-de-casanare-dos-victimas-fatales-y-64-heridos-este-fin-de-semana\/embed\/#?secret=snjKtowp5q\" width=\"600\" height=\"589\" frameborder=\"0\" marginwidth=\"0\" marginheight=\"0\" scrolling=\"no\" sandbox=\"allow-scripts\" data-secret=\"snjKtowp5q\" data-mce-fragment=\"1\"><\/iframe><\/p>\n<p><iframe loading=\"lazy\" class=\"wp-embedded-content\" title=\"\u00abAnte solicitud de la vicepresidente, Procuradur\u00eda abri\u00f3 indagaci\u00f3n preliminar contra alcalde de Yopal por conducta xen\u00f3foba y estigmatizaci\u00f3n de trabajadoras sexuales\u00bb \u2014 \u25b7 Noticias de Casanare : Martha Cifuentes | Casanare\" src=\"https:\/\/marthacifuentes.com\/portada\/2021\/04\/14\/ante-solicitud-de-la-vicepresidente-procuraduria-abrio-indagacion-preliminar-contra-alcalde-de-yopal-por-conducta-xenofoba-y-estigmatizacion-de-trabajadoras-sexuales\/embed\/#?secret=UynLppGszV\" width=\"600\" height=\"644\" frameborder=\"0\" marginwidth=\"0\" marginheight=\"0\" scrolling=\"no\" sandbox=\"allow-scripts\" data-secret=\"UynLppGszV\" data-mce-fragment=\"1\"><\/iframe><\/p>\n<p><iframe loading=\"lazy\" class=\"wp-embedded-content\" title=\"\u00abAlcalde de Yopal, genera polvareda nacional con sugerencia de \u201cconsumir producto colombiano\u201d, al referirse a trabajadora sexuales venezolanas\u00bb \u2014 \u25b7 Noticias de Casanare : Martha Cifuentes | Casanare\" src=\"https:\/\/marthacifuentes.com\/portada\/2021\/04\/14\/alcalde-de-yopal-genera-polvareda-nacional-con-sugerencia-de-consumir-producto-colombiano-al-referirse-a-trabajadora-sexuales-venezolanas\/embed\/#?secret=D9lkfBsCB0\" width=\"600\" height=\"617\" frameborder=\"0\" marginwidth=\"0\" marginheight=\"0\" scrolling=\"no\" sandbox=\"allow-scripts\" data-secret=\"D9lkfBsCB0\" data-mce-fragment=\"1\"><\/iframe><\/p>\n<p><iframe loading=\"lazy\" class=\"wp-embedded-content\" title=\"\u00abGerente y supervisor de Findeter y gobernantes de Casanare ser\u00e1n investigados por negligencia y falta de planeaci\u00f3n en contrato de la PTAP Yopal\u00bb \u2014 \u25b7 Noticias de Casanare : Martha Cifuentes | Casanare\" src=\"https:\/\/marthacifuentes.com\/portada\/2021\/04\/09\/gerente-y-supervisor-de-findeter-y-gobernantes-de-casanare-seran-investigados-por-negligencia-y-falta-de-planeacion-en-contrato-de-la-ptap-yopal\/embed\/#?secret=wjUHUUbqCS\" width=\"600\" height=\"617\" frameborder=\"0\" marginwidth=\"0\" marginheight=\"0\" scrolling=\"no\" sandbox=\"allow-scripts\" data-secret=\"wjUHUUbqCS\" data-mce-fragment=\"1\"><\/iframe><\/p>\n<p><iframe loading=\"lazy\" class=\"wp-embedded-content\" title=\"\u00ab72% de empresas de Casanare renovaron matr\u00edcula mercantil a 31 de marzo.\u00bb \u2014 \u25b7 Noticias de Casanare : Martha Cifuentes | Casanare\" src=\"https:\/\/marthacifuentes.com\/portada\/2021\/04\/08\/72-de-empresas-de-casanare-renovaron-matricula-mercantil-a-31-de-marzo\/embed\/#?secret=fhs6tYEL4k\" width=\"600\" height=\"589\" frameborder=\"0\" marginwidth=\"0\" marginheight=\"0\" scrolling=\"no\" sandbox=\"allow-scripts\" data-secret=\"fhs6tYEL4k\" data-mce-fragment=\"1\"><\/iframe><\/p>\n<p><iframe loading=\"lazy\" class=\"wp-embedded-content\" title=\"\u00abAl menos 5 municipios de Casanare y 3 de Boyac\u00e1 en alto riego por amenazas de las Autodefensas Gaitanistas de Colombia: Defensor\u00eda del Pueblo\u00bb \u2014 \u25b7 Noticias de Casanare : Martha Cifuentes | Casanare\" src=\"https:\/\/marthacifuentes.com\/portada\/2021\/04\/06\/al-menos-5-municipios-de-casanare-y-3-de-boyaca-en-alto-riego-por-amenazas-de-las-autodefensas-gaitanistas-de-colombia-defensoria-del-pueblo\/embed\/#?secret=8qNIWdAek3\" width=\"600\" height=\"641\" frameborder=\"0\" marginwidth=\"0\" marginheight=\"0\" scrolling=\"no\" sandbox=\"allow-scripts\" data-secret=\"8qNIWdAek3\" data-mce-fragment=\"1\"><\/iframe><\/p>\n<p><iframe loading=\"lazy\" class=\"wp-embedded-content\" title=\"\u00abEmbargadas cuentas de la EAAAY hasta $3 mil millones por deuda de la realizaci\u00f3n de la planta modular\u00bb \u2014 \u25b7 Noticias de Casanare : Martha Cifuentes | Casanare\" src=\"https:\/\/marthacifuentes.com\/portada\/2021\/04\/06\/embargadas-cuentas-de-la-eaaay-hasta-3-mil-millones-por-deuda-de-la-realizacion-de-la-planta-modular\/embed\/#?secret=qulDQf1ApQ\" width=\"600\" height=\"622\" frameborder=\"0\" marginwidth=\"0\" marginheight=\"0\" scrolling=\"no\" sandbox=\"allow-scripts\" data-secret=\"qulDQf1ApQ\" data-mce-fragment=\"1\"><\/iframe><\/p>\n<p><iframe loading=\"lazy\" class=\"wp-embedded-content\" title=\"\u00abCasi una d\u00e9cada tomar\u00e1 la realizaci\u00f3n de obras viales del Pacto Bicentenario en Casanare\u00bb \u2014 \u25b7 Noticias de Casanare : Martha Cifuentes | Casanare\" src=\"https:\/\/marthacifuentes.com\/portada\/2021\/04\/05\/casi-una-decada-tomara-la-realizacion-de-obras-viales-del-pacto-bicentenario-en-casanare\/embed\/#?secret=Q3mnpONlZC\" width=\"600\" height=\"569\" frameborder=\"0\" marginwidth=\"0\" marginheight=\"0\" scrolling=\"no\" sandbox=\"allow-scripts\" data-secret=\"Q3mnpONlZC\" data-mce-fragment=\"1\"><\/iframe><\/p>\n<p><iframe loading=\"lazy\" class=\"wp-embedded-content\" title=\"\u00abContralor\u00eda evidenci\u00f3 sobrecosto de 17% en contratos viales por $164 mil millones, realizados en los gobiernos de Nelson Mari\u00f1o y Marco Tulio Ru\u00edz\u00bb \u2014 \u25b7 Noticias de Casanare : Martha Cifuentes | Casanare\" src=\"https:\/\/marthacifuentes.com\/portada\/2021\/03\/30\/contraloria-evidencio-sobrecosto-de-17-en-contratos-viales-por-164-mil-millones-realizados-en-los-gobiernos-de-nelson-marino-y-marco-tulio-ruiz\/embed\/#?secret=XKDQ9Y5Zcb\" width=\"600\" height=\"617\" frameborder=\"0\" marginwidth=\"0\" marginheight=\"0\" scrolling=\"no\" sandbox=\"allow-scripts\" data-secret=\"XKDQ9Y5Zcb\" data-mce-fragment=\"1\"><\/iframe><\/p>\n<p><iframe loading=\"lazy\" class=\"wp-embedded-content\" title=\"\u00abMalec\u00f3n de Yopal en riesgo de naufragio. Gobiernos Nacional y Departamental en orillas distintas.\u00bb \u2014 \u25b7 Noticias de Casanare : Martha Cifuentes | Casanare\" src=\"https:\/\/marthacifuentes.com\/portada\/2021\/03\/25\/malecon-de-yopal-en-riesgo-de-naufragio-gobiernos-nacional-y-departamental-en-orillas-distintas\/embed\/#?secret=Jgy0THzSAU\" width=\"600\" height=\"589\" frameborder=\"0\" marginwidth=\"0\" marginheight=\"0\" scrolling=\"no\" sandbox=\"allow-scripts\" data-secret=\"Jgy0THzSAU\" data-mce-fragment=\"1\"><\/iframe><\/p>\n<p><iframe loading=\"lazy\" class=\"wp-embedded-content\" title=\"\u00abEstocada para la diputada \u201cTo\u00f1a\u201d Lady Patricia Boh\u00f3rquez. Se decret\u00f3 su muerte pol\u00edtica\u00bb \u2014 \u25b7 Noticias de Casanare : Martha Cifuentes | Casanare\" src=\"https:\/\/marthacifuentes.com\/portada\/2021\/03\/24\/estocada-para-la-diputada-tona-lady-patricia-bohorquez-se-decreto-su-muerte-politica\/embed\/#?secret=ignzYtEY1c\" width=\"600\" height=\"589\" frameborder=\"0\" marginwidth=\"0\" marginheight=\"0\" scrolling=\"no\" sandbox=\"allow-scripts\" data-secret=\"ignzYtEY1c\" data-mce-fragment=\"1\"><\/iframe><\/p>\n<p><iframe loading=\"lazy\" class=\"wp-embedded-content\" title=\"\u00abInici\u00f3 Fase cero o piloto de atenci\u00f3n en centro migratorio de venezolanos en Yopal\u00bb \u2014 \u25b7 Noticias de Casanare : Martha Cifuentes | Casanare\" src=\"https:\/\/marthacifuentes.com\/portada\/2021\/03\/19\/inicio-fase-cero-o-piloto-de-atencion-en-centro-migratorio-de-venezolanos-en-yopal\/embed\/#?secret=RN6XN8c4UU\" width=\"600\" height=\"589\" frameborder=\"0\" marginwidth=\"0\" marginheight=\"0\" scrolling=\"no\" sandbox=\"allow-scripts\" data-secret=\"RN6XN8c4UU\" data-mce-fragment=\"1\"><\/iframe><\/p>\n<p><iframe loading=\"lazy\" class=\"wp-embedded-content\" title=\"\u00abSegundo fallo en contra de diputada de Casanare Lady Patricia Boh\u00f3rquez, \u201cTo\u00f1a\u201d. Ahora decretaron nula su elecci\u00f3n.\u00bb \u2014 \u25b7 Noticias de Casanare : Martha Cifuentes | Casanare\" src=\"https:\/\/marthacifuentes.com\/portada\/2021\/03\/19\/segundo-fallo-en-contra-de-diputada-de-casanare-lady-patricia-bohorquez-tona-ahora-decretaron-nula-su-eleccion\/embed\/#?secret=mahx1uG6Lg\" width=\"600\" height=\"617\" frameborder=\"0\" marginwidth=\"0\" marginheight=\"0\" scrolling=\"no\" sandbox=\"allow-scripts\" data-secret=\"mahx1uG6Lg\" data-mce-fragment=\"1\"><\/iframe><\/p>\n<p><iframe loading=\"lazy\" class=\"wp-embedded-content\" title=\"\u00abEcopetrol reactiva programa de formaci\u00f3n cultural \u201cSembrando Joropo\u201d, en El Morro, Yopal\u00bb \u2014 \u25b7 Noticias de Casanare : Martha Cifuentes | Casanare\" src=\"https:\/\/marthacifuentes.com\/portada\/2021\/03\/17\/ecopetrol-reactiva-programa-de-formacion-cultural-sembrando-joropo-en-el-morro-yopal\/embed\/#?secret=4QXOVGFtSo\" width=\"600\" height=\"589\" frameborder=\"0\" marginwidth=\"0\" marginheight=\"0\" scrolling=\"no\" sandbox=\"allow-scripts\" data-secret=\"4QXOVGFtSo\" data-mce-fragment=\"1\"><\/iframe><\/p>\n<p><iframe loading=\"lazy\" class=\"wp-embedded-content\" title=\"\u00abC\u00e9sar Ortiz Zorro busca en altas cortes judiciales prohibir el Fracking para proteger el ambiente y econom\u00eda del pa\u00eds\u00bb \u2014 \u25b7 Noticias de Casanare : Martha Cifuentes | Casanare\" src=\"https:\/\/marthacifuentes.com\/portada\/2021\/03\/16\/cesar-ortiz-zorro-busca-en-altas-cortes-judiciales-prohibir-el-fracking-para-proteger-el-ambiente-y-economia-del-pais\/embed\/#?secret=FgEZdyDTNB\" width=\"600\" height=\"598\" frameborder=\"0\" marginwidth=\"0\" marginheight=\"0\" scrolling=\"no\" sandbox=\"allow-scripts\" data-secret=\"FgEZdyDTNB\" data-mce-fragment=\"1\"><\/iframe><\/p>\n<p><iframe loading=\"lazy\" class=\"wp-embedded-content\" title=\"\u00abLa \u201cmordida\u201d del exgobernador de Casanare Hel\u00ed Cala L\u00f3pez que lo tiene en la mira de la Fiscal\u00eda\u00bb \u2014 \u25b7 Noticias de Casanare : Martha Cifuentes | Casanare\" src=\"https:\/\/marthacifuentes.com\/portada\/2021\/03\/16\/la-mordida-del-exgobernador-de-casanare-heli-cala-lopez-que-lo-tiene-en-la-mira-de-la-fiscalia\/embed\/#?secret=EUmsRk4WI3\" width=\"600\" height=\"613\" frameborder=\"0\" marginwidth=\"0\" marginheight=\"0\" scrolling=\"no\" sandbox=\"allow-scripts\" data-secret=\"EUmsRk4WI3\" data-mce-fragment=\"1\"><\/iframe><\/p>\n<p><iframe loading=\"lazy\" class=\"wp-embedded-content\" title=\"\u00abDescuento de 5% a empresarios para renovar su matr\u00edcula mercantil antes del 31 de marzo\u00bb \u2014 \u25b7 Noticias de Casanare : Martha Cifuentes | Casanare\" src=\"https:\/\/marthacifuentes.com\/portada\/2021\/03\/15\/descuento-de-5-a-empresarios-para-renovar-su-matricula-mercantil-antes-del-31-de-marzo\/embed\/#?secret=YdhFwngs1g\" width=\"600\" height=\"589\" frameborder=\"0\" marginwidth=\"0\" marginheight=\"0\" scrolling=\"no\" sandbox=\"allow-scripts\" data-secret=\"YdhFwngs1g\" data-mce-fragment=\"1\"><\/iframe><\/p>\n<p><iframe loading=\"lazy\" class=\"wp-embedded-content\" title=\"\u00abGobernaci\u00f3n de Casanare se salv\u00f3 de pagar millonaria multa a Supersalud, que err\u00f3 en notificaci\u00f3n de sanci\u00f3n\u00bb \u2014 \u25b7 Noticias de Casanare : Martha Cifuentes | Casanare\" src=\"https:\/\/marthacifuentes.com\/portada\/2021\/03\/11\/gobernacion-de-casanare-se-salvo-de-pagar-millonaria-multa-a-supersalud-que-erro-en-notificacion-de-sancion\/embed\/#?secret=CefnfEaFjt\" width=\"600\" height=\"617\" frameborder=\"0\" marginwidth=\"0\" marginheight=\"0\" scrolling=\"no\" sandbox=\"allow-scripts\" data-secret=\"CefnfEaFjt\" data-mce-fragment=\"1\"><\/iframe><\/p>\n<p><iframe loading=\"lazy\" class=\"wp-embedded-content\" title=\"\u00abEj\u00e9rcito, Polic\u00eda, gobiernos nacional y de Casanare no son responsables de omisi\u00f3n en cumplimiento de sus funciones en relaci\u00f3n a atentado a maquinaria de Serpet en Yopal\u00bb \u2014 \u25b7 Noticias de Casanare : Martha Cifuentes | Casanare\" src=\"https:\/\/marthacifuentes.com\/portada\/2021\/03\/11\/ejercito-policia-gobiernos-nacional-y-de-casanare-no-son-responsables-de-omision-en-cumplimiento-de-sus-funciones-en-relacion-a-atentado-a-maquinaria-de-serpet-en-yopal\/embed\/#?secret=2hdREpVzzY\" width=\"600\" height=\"644\" frameborder=\"0\" marginwidth=\"0\" marginheight=\"0\" scrolling=\"no\" sandbox=\"allow-scripts\" data-secret=\"2hdREpVzzY\" data-mce-fragment=\"1\"><\/iframe><\/p>\n<p><iframe loading=\"lazy\" class=\"wp-embedded-content\" title=\"\u00abLos exparamilitares Mart\u00edn Llanos y su padre H\u00e9ctor Buitrago y el exguerrillero Pastor Alape, unidos, quieren hablar en la Comisi\u00f3n de la Verdad\u00bb \u2014 \u25b7 Noticias de Casanare : Martha Cifuentes | Casanare\" src=\"https:\/\/marthacifuentes.com\/portada\/2021\/03\/11\/los-exparamilitares-martin-llanos-y-su-padre-hector-buitrago-y-el-exguerrillero-pastor-alape-unidos-quieren-hablar-en-la-comision-de-la-verdad\/embed\/#?secret=YQM20Z7qwC\" width=\"600\" height=\"641\" frameborder=\"0\" marginwidth=\"0\" marginheight=\"0\" scrolling=\"no\" sandbox=\"allow-scripts\" data-secret=\"YQM20Z7qwC\" data-mce-fragment=\"1\"><\/iframe><\/p>\n<p><iframe loading=\"lazy\" class=\"wp-embedded-content\" title=\"\u00abProcuradur\u00eda investigar\u00e1 caso de periodista empresario de Casanare, vacunado contra el Covid-19, en primera fase\u00bb \u2014 \u25b7 Noticias de Casanare : Martha Cifuentes | Casanare\" src=\"https:\/\/marthacifuentes.com\/portada\/2021\/03\/10\/procuraduria-investigara-caso-de-periodista-empresario-de-casanare-vacunado-contra-el-covid-19-en-primera-fase\/embed\/#?secret=65lshfMlXA\" width=\"600\" height=\"641\" frameborder=\"0\" marginwidth=\"0\" marginheight=\"0\" scrolling=\"no\" sandbox=\"allow-scripts\" data-secret=\"65lshfMlXA\" data-mce-fragment=\"1\"><\/iframe><\/p>\n<p><iframe loading=\"lazy\" class=\"wp-embedded-content\" title=\"\u00abPolic\u00eda no descarta \u201cplan pistola\u201d del Clan del Golfo, en ataque a pareja de patrulleros de Yopal\u00bb \u2014 \u25b7 Noticias de Casanare : Martha Cifuentes | Casanare\" src=\"https:\/\/marthacifuentes.com\/portada\/2021\/03\/04\/policia-no-descarta-plan-pistola-del-clan-del-golfo-en-ataque-a-pareja-de-patrulleros-de-yopal\/embed\/#?secret=s8BaTEOzep\" width=\"600\" height=\"589\" frameborder=\"0\" marginwidth=\"0\" marginheight=\"0\" scrolling=\"no\" sandbox=\"allow-scripts\" data-secret=\"s8BaTEOzep\" data-mce-fragment=\"1\"><\/iframe><\/p>\n<p><iframe loading=\"lazy\" class=\"wp-embedded-content\" title=\"\u00abDefensa de l\u00edder social Miguel Daza, plantea irregularidades en su judicializaci\u00f3n y aplicaci\u00f3n de ley, que impondr\u00eda condena anticipada.\u00bb \u2014 \u25b7 Noticias de Casanare : Martha Cifuentes | Casanare\" src=\"https:\/\/marthacifuentes.com\/portada\/2021\/03\/01\/defensa-de-lider-social-miguel-daza-plantea-irregularidades-en-su-judicializacion-y-aplicacion-de-ley-que-impondria-condena-anticipada\/embed\/#?secret=hXGFZ8bUmN\" width=\"600\" height=\"635\" frameborder=\"0\" marginwidth=\"0\" marginheight=\"0\" scrolling=\"no\" sandbox=\"allow-scripts\" data-secret=\"hXGFZ8bUmN\" data-mce-fragment=\"1\"><\/iframe><\/p>\n<p><iframe loading=\"lazy\" class=\"wp-embedded-content\" title=\"\u00abGrupo paramilitar al servicio del Clan del Golfo, intimida con panfletos al corregimiento petrolero El Morro, Yopal\u00bb \u2014 \u25b7 Noticias de Casanare : Martha Cifuentes | Casanare\" src=\"https:\/\/marthacifuentes.com\/portada\/2021\/02\/25\/grupo-paramilitar-al-servicio-del-clan-del-golfo-intimida-con-panfletos-al-corregimiento-petrolero-el-morro-yopal\/embed\/#?secret=mOsGTrxiAh\" width=\"600\" height=\"641\" frameborder=\"0\" marginwidth=\"0\" marginheight=\"0\" scrolling=\"no\" sandbox=\"allow-scripts\" data-secret=\"mOsGTrxiAh\" data-mce-fragment=\"1\"><\/iframe><\/p>\n<p><iframe loading=\"lazy\" class=\"wp-embedded-content\" title=\"\u00abCasanare, m\u00e1s alta tasa de \u201cfalsos positivos\u201d por cada 100 mil habitantes, entre los a\u00f1os 2002 y 2008, en el pa\u00eds: JEP\u00bb \u2014 \u25b7 Noticias de Casanare : Martha Cifuentes | Casanare\" src=\"https:\/\/marthacifuentes.com\/portada\/2021\/02\/22\/casanare-mas-alta-tasa-de-falsos-positivos-por-cada-100-mil-habitantes-entre-los-anos-2002-y-2008-en-el-pais-jep\/embed\/#?secret=B0gDHuZqCc\" width=\"600\" height=\"628\" frameborder=\"0\" marginwidth=\"0\" marginheight=\"0\" scrolling=\"no\" sandbox=\"allow-scripts\" data-secret=\"B0gDHuZqCc\" data-mce-fragment=\"1\"><\/iframe><\/p>\n<p><iframe loading=\"lazy\" class=\"wp-embedded-content\" title=\"\u00abPor nombrar irregularmente al gerente de empresa de S.P. procuradur\u00eda sancion\u00f3 a exalcalde de San Luis de Palenque\u00bb \u2014 \u25b7 Noticias de Casanare : Martha Cifuentes | Casanare\" src=\"https:\/\/marthacifuentes.com\/portada\/2021\/02\/22\/por-nombrar-irregularmente-al-gerente-de-empresa-de-s-p-procuraduria-sanciono-a-exalcalde-de-san-luis-de-palenque\/embed\/#?secret=MH6Hk90Wxm\" width=\"600\" height=\"640\" frameborder=\"0\" marginwidth=\"0\" marginheight=\"0\" scrolling=\"no\" sandbox=\"allow-scripts\" data-secret=\"MH6Hk90Wxm\" data-mce-fragment=\"1\"><\/iframe><\/p>\n<p><iframe loading=\"lazy\" class=\"wp-embedded-content\" title=\"\u00abC\u00e1mara de Comercio de Casanare abri\u00f3 oficina en Orocu\u00e9. Ya cuenta con 9 sedes en el departamento.\u00bb \u2014 \u25b7 Noticias de Casanare : Martha Cifuentes | Casanare\" src=\"https:\/\/marthacifuentes.com\/portada\/2021\/02\/22\/camara-de-comercio-de-casanare-abrio-oficina-en-orocue-ya-cuenta-con-9-sedes-en-el-departamento\/embed\/#?secret=WVt54F9lMr\" width=\"600\" height=\"589\" frameborder=\"0\" marginwidth=\"0\" marginheight=\"0\" scrolling=\"no\" sandbox=\"allow-scripts\" data-secret=\"WVt54F9lMr\" data-mce-fragment=\"1\"><\/iframe><\/p>\n<p><iframe loading=\"lazy\" class=\"wp-embedded-content\" title=\"\u00abCentro Migratorio en Yopal busca humanizar y ser solidario con \u00e9xodo venezolano\u00bb \u2014 \u25b7 Noticias de Casanare : Martha Cifuentes | Casanare\" src=\"https:\/\/marthacifuentes.com\/portada\/2021\/02\/21\/centro-migratorio-en-yopal-busca-humanizar-y-ser-solidario-con-exodo-venezolano\/embed\/#?secret=DxVibm1tjs\" width=\"600\" height=\"613\" frameborder=\"0\" marginwidth=\"0\" marginheight=\"0\" scrolling=\"no\" sandbox=\"allow-scripts\" data-secret=\"DxVibm1tjs\" data-mce-fragment=\"1\"><\/iframe><\/p>\n<p><iframe loading=\"lazy\" class=\"wp-embedded-content\" title=\"\u00ab\u00bfPol\u00edticos le meten la mano a nombramientos en la Contralor\u00eda General de la Rep\u00fablica en Casanare?\u00bb \u2014 \u25b7 Noticias de Casanare : Martha Cifuentes | Casanare\" src=\"https:\/\/marthacifuentes.com\/portada\/2021\/02\/18\/politicos-le-meten-la-mano-a-nombramientos-en-la-contraloria-general-de-la-republica-en-casanare\/embed\/#?secret=1o7t1lTUjE\" width=\"600\" height=\"592\" frameborder=\"0\" marginwidth=\"0\" marginheight=\"0\" scrolling=\"no\" sandbox=\"allow-scripts\" data-secret=\"1o7t1lTUjE\" data-mce-fragment=\"1\"><\/iframe><\/p>\n<p><iframe loading=\"lazy\" class=\"wp-embedded-content\" title=\"\u00abEmpresarios casanare\u00f1os se sienten inseguros seg\u00fan encuesta realizada por C\u00e1mara de Comercio de Casanare\u00bb \u2014 \u25b7 Noticias de Casanare : Martha Cifuentes | Casanare\" src=\"https:\/\/marthacifuentes.com\/portada\/2021\/02\/18\/empresarios-casanarenos-se-sienten-inseguros-segun-encuesta-realizada-por-camara-de-comercio-de-casanare\/embed\/#?secret=oLFfts99SJ\" width=\"600\" height=\"368\" frameborder=\"0\" marginwidth=\"0\" marginheight=\"0\" scrolling=\"no\" sandbox=\"allow-scripts\" data-secret=\"oLFfts99SJ\" data-mce-fragment=\"1\"><\/iframe><\/p>\n<p><iframe loading=\"lazy\" class=\"wp-embedded-content\" title=\"\u00abPropuestas para contrarrestar la inseguridad en Casanare\u00bb \u2014 \u25b7 Noticias de Casanare : Martha Cifuentes | Casanare\" src=\"https:\/\/marthacifuentes.com\/portada\/2021\/02\/17\/propuestas-para-contrarrestar-la-inseguridad-en-casanare\/embed\/#?secret=kMhi2aygof\" width=\"600\" height=\"613\" frameborder=\"0\" marginwidth=\"0\" marginheight=\"0\" scrolling=\"no\" sandbox=\"allow-scripts\" data-secret=\"kMhi2aygof\" data-mce-fragment=\"1\"><\/iframe><\/p>\n<p><iframe loading=\"lazy\" class=\"wp-embedded-content\" title=\"\u00abTribunal de Casanare NEG\u00d3 reversar sanciones, impuestas por Procuradur\u00eda, al exalcalde de Yopal y exdiputado de Casanare, Jorge Garc\u00eda,\u00bb \u2014 \u25b7 Noticias de Casanare : Martha Cifuentes | Casanare\" src=\"https:\/\/marthacifuentes.com\/portada\/2021\/02\/16\/tribunal-de-casanare-nego-reversar-sanciones-impuestas-por-procuraduria-al-exalcalde-de-yopal-y-exdiputado-de-casanare-jorge-garcia\/embed\/#?secret=nMNb2OJ07x\" width=\"600\" height=\"641\" frameborder=\"0\" marginwidth=\"0\" marginheight=\"0\" scrolling=\"no\" sandbox=\"allow-scripts\" data-secret=\"nMNb2OJ07x\" data-mce-fragment=\"1\"><\/iframe><\/p>\n<p><iframe loading=\"lazy\" class=\"wp-embedded-content\" title=\"\u00abYopal recibir\u00e1 apenas 300 vacunas contra Covid-19 pero hay al menos 2 mil trabajadores de la salud\u00bb \u2014 \u25b7 Noticias de Casanare : Martha Cifuentes | Casanare\" src=\"https:\/\/marthacifuentes.com\/portada\/2021\/02\/16\/yopal-recibira-apenas-300-vacunas-contra-covid-19-pero-hay-al-menos-2-mil-trabajadores-de-la-salud\/embed\/#?secret=vhbqcELjzB\" width=\"600\" height=\"593\" frameborder=\"0\" marginwidth=\"0\" marginheight=\"0\" scrolling=\"no\" sandbox=\"allow-scripts\" data-secret=\"vhbqcELjzB\" data-mce-fragment=\"1\"><\/iframe><\/p>\n<p><iframe loading=\"lazy\" class=\"wp-embedded-content\" title=\"\u00abGobernaci\u00f3n de Casanare y Alcald\u00eda de Yopal a explicar avances en obras en el r\u00edo Cravo Sur y proyecto de malec\u00f3n\u00bb \u2014 \u25b7 Noticias de Casanare : Martha Cifuentes | Casanare\" src=\"https:\/\/marthacifuentes.com\/portada\/2021\/02\/10\/gobernacion-de-casanare-y-alcaldia-de-yopal-a-explicar-avances-en-obras-en-el-rio-cravo-sur-y-proyecto-de-malecon\/embed\/#?secret=OcdT5l0Szc\" width=\"600\" height=\"617\" frameborder=\"0\" marginwidth=\"0\" marginheight=\"0\" scrolling=\"no\" sandbox=\"allow-scripts\" data-secret=\"OcdT5l0Szc\" data-mce-fragment=\"1\"><\/iframe><\/p>\n<p><iframe loading=\"lazy\" class=\"wp-embedded-content\" title=\"\u00abEn recta final proceso judicial de nulidad electoral contra Doris Bernal, directora elegida de Corporinoquia.\u00bb \u2014 \u25b7 Noticias de Casanare : Martha Cifuentes | Casanare\" src=\"https:\/\/marthacifuentes.com\/portada\/2021\/02\/10\/en-recta-final-proceso-judicial-de-nulidad-electoral-contra-doris-bernal-directora-elegida-de-corporinoquia\/embed\/#?secret=eRCr9fIiHL\" width=\"600\" height=\"641\" frameborder=\"0\" marginwidth=\"0\" marginheight=\"0\" scrolling=\"no\" sandbox=\"allow-scripts\" data-secret=\"eRCr9fIiHL\" data-mce-fragment=\"1\"><\/iframe><\/p>\n<p><iframe loading=\"lazy\" class=\"wp-embedded-content\" title=\"\u00abReducci\u00f3n de subsidios en servicios p\u00fablicos de agua, aseo y alcantarillado obliga a usuarios de estratos 1 al 3 de Yopal, a pagar m\u00e1s por sus facturas.\u00bb \u2014 \u25b7 Noticias de Casanare : Martha Cifuentes | Casanare\" src=\"https:\/\/marthacifuentes.com\/portada\/2021\/02\/09\/reduccion-de-subsidios-en-servicios-publicos-de-agua-aseo-y-alcantarillado-obliga-a-usuarios-de-estratos-1-al-3-de-yopal-a-pagar-mas-por-sus-facturas\/embed\/#?secret=6p9BryuIno\" width=\"600\" height=\"641\" frameborder=\"0\" marginwidth=\"0\" marginheight=\"0\" scrolling=\"no\" sandbox=\"allow-scripts\" data-secret=\"6p9BryuIno\" data-mce-fragment=\"1\"><\/iframe><\/p>\n<p><iframe loading=\"lazy\" class=\"wp-embedded-content\" title=\"\u00abObras \u201cElefantes blancos\u201d de Casanare, las m\u00e1s visitadas por las IAS, pero siguen estancadas. Hoy el Contralor General las inspeccionar\u00e1.\u00bb \u2014 \u25b7 Noticias de Casanare : Martha Cifuentes | Casanare\" src=\"https:\/\/marthacifuentes.com\/portada\/2021\/02\/04\/obras-elefantes-blancos-de-casanare-las-mas-visitadas-por-las-ias-pero-siguen-estancadas-hoy-el-contralor-general-las-inspeccionara\/embed\/#?secret=eY727ZC91i\" width=\"600\" height=\"597\" frameborder=\"0\" marginwidth=\"0\" marginheight=\"0\" scrolling=\"no\" sandbox=\"allow-scripts\" data-secret=\"eY727ZC91i\" data-mce-fragment=\"1\"><\/iframe><\/p>\n<p><iframe loading=\"lazy\" class=\"wp-embedded-content\" title=\"\u00abInversi\u00f3n en exploraci\u00f3n de crudo en Llanos orientales se reducir\u00e1 en 2021\u00bb \u2014 \u25b7 Noticias de Casanare : Martha Cifuentes | Casanare\" src=\"https:\/\/marthacifuentes.com\/portada\/2021\/02\/03\/inversion-en-exploracion-de-crudo-en-llanos-orientales-se-reducira-en-2021\/embed\/#?secret=Q9gn21JEpa\" width=\"600\" height=\"613\" frameborder=\"0\" marginwidth=\"0\" marginheight=\"0\" scrolling=\"no\" sandbox=\"allow-scripts\" data-secret=\"Q9gn21JEpa\" data-mce-fragment=\"1\"><\/iframe><\/p>\n<p><iframe loading=\"lazy\" class=\"wp-embedded-content\" title=\"\u00abPor posibles actos terroristas contra el Grupo A\u00e9reo de Casanare en Yopal, se cierran v\u00edas adyacentes\u00bb \u2014 \u25b7 Noticias de Casanare : Martha Cifuentes | Casanare\" src=\"https:\/\/marthacifuentes.com\/portada\/2021\/02\/03\/por-posibles-actos-terroristas-contra-el-grupo-aereo-de-casanare-en-yopal-se-cierran-vias-adyacentes\/embed\/#?secret=7NHusG5Y1G\" width=\"600\" height=\"593\" frameborder=\"0\" marginwidth=\"0\" marginheight=\"0\" scrolling=\"no\" sandbox=\"allow-scripts\" data-secret=\"7NHusG5Y1G\" data-mce-fragment=\"1\"><\/iframe><\/p>\n<p><iframe loading=\"lazy\" class=\"wp-embedded-content\" title=\"\u00abPersonal de aseo de la rama judicial de Casanare protesta por no pago de salarios de los \u00faltimos 3 meses\u00bb \u2014 \u25b7 Noticias de Casanare : Martha Cifuentes | Casanare\" src=\"https:\/\/marthacifuentes.com\/portada\/2021\/02\/03\/personal-de-aseo-de-la-rama-judicial-de-casanare-protesta-por-no-pago-de-salarios-de-los-ultimos-3-meses\/embed\/#?secret=iuomFeZvn1\" width=\"600\" height=\"637\" frameborder=\"0\" marginwidth=\"0\" marginheight=\"0\" scrolling=\"no\" sandbox=\"allow-scripts\" data-secret=\"iuomFeZvn1\" data-mce-fragment=\"1\"><\/iframe><\/p>\n<p><iframe loading=\"lazy\" class=\"wp-embedded-content\" title=\"\u00abCasanare acceder\u00e1 a m\u00e1s de 260 mil vacunas contra el Covid-19. A\u00fan no hay fecha de aplicaci\u00f3n\u00bb \u2014 \u25b7 Noticias de Casanare : Martha Cifuentes | Casanare\" src=\"https:\/\/marthacifuentes.com\/portada\/2021\/02\/03\/casanare-accedera-a-mas-de-260-mil-vacunas-contra-el-covid-19-aun-no-hay-fecha-de-aplicacion\/embed\/#?secret=8FGvBsayoj\" width=\"600\" height=\"589\" frameborder=\"0\" marginwidth=\"0\" marginheight=\"0\" scrolling=\"no\" sandbox=\"allow-scripts\" data-secret=\"8FGvBsayoj\" data-mce-fragment=\"1\"><\/iframe><\/p>\n<p><iframe loading=\"lazy\" class=\"wp-embedded-content\" title=\"\u00abAdem\u00e1s del sur de Casanare, el Clan del Golfo ya hace presencia en Yopal. A la c\u00e1rcel uno de sus cabecillas.\u00bb \u2014 \u25b7 Noticias de Casanare : Martha Cifuentes | Casanare\" src=\"https:\/\/marthacifuentes.com\/portada\/2021\/02\/02\/ademas-del-sur-de-casanare-el-clan-del-golfo-ya-hace-presencia-en-yopal-a-la-carcel-uno-de-sus-cabecillas\/embed\/#?secret=mDT2G26nKO\" width=\"600\" height=\"589\" frameborder=\"0\" marginwidth=\"0\" marginheight=\"0\" scrolling=\"no\" sandbox=\"allow-scripts\" data-secret=\"mDT2G26nKO\" data-mce-fragment=\"1\"><\/iframe><\/p>\n<p><iframe loading=\"lazy\" class=\"wp-embedded-content\" title=\"\u00abEl Clan del Golfo o las disidencias de las Farc, ser\u00edan responsables de quema de bus en Casanare\u00bb \u2014 \u25b7 Noticias de Casanare : Martha Cifuentes | Casanare\" src=\"https:\/\/marthacifuentes.com\/portada\/2021\/02\/01\/el-clan-del-golfo-o-las-disidencias-de-las-farc-serian-responsables-de-quema-de-bus-en-casanare\/embed\/#?secret=UxMJ7hPXCm\" width=\"600\" height=\"589\" frameborder=\"0\" marginwidth=\"0\" marginheight=\"0\" scrolling=\"no\" sandbox=\"allow-scripts\" data-secret=\"UxMJ7hPXCm\" data-mce-fragment=\"1\"><\/iframe><\/p>\n<p><iframe loading=\"lazy\" class=\"wp-embedded-content\" title=\"\u00abONU respald\u00f3 proyecto que busca prohibir el fracking en Colombia. C\u00e9sar Ort\u00edz es su autor.\u00bb \u2014 \u25b7 Noticias de Casanare : Martha Cifuentes | Casanare\" src=\"https:\/\/marthacifuentes.com\/portada\/2021\/01\/29\/onu-respaldo-proyecto-que-busca-prohibir-el-fracking-en-colombia-cesar-ortiz-es-su-autor\/embed\/#?secret=jQF5vUfFeL\" width=\"600\" height=\"589\" frameborder=\"0\" marginwidth=\"0\" marginheight=\"0\" scrolling=\"no\" sandbox=\"allow-scripts\" data-secret=\"jQF5vUfFeL\" data-mce-fragment=\"1\"><\/iframe><\/p>\n<p>&nbsp;<\/p>\n<p>&nbsp;<\/p>\n<p>&nbsp;<\/p>\n<p>&nbsp;<\/p>\n","protected":false},"excerpt":{"rendered":"<p>En tan solo tres semanas el comportamiento del Covid-19 cambi\u00f3 fuertemente en Casanare al igual que en varias regiones del pa\u00eds. Se pas\u00f3 de 13.246 a 14.561 casos positivos. Igualmente, de 252 pacientes en cuarentena en casa se subi\u00f3 a 455. En cuanto a defunciones, aument\u00f3 de 308 a 331. Tambi\u00e9n la ocupaci\u00f3n de las &hellip;<\/p>\n","protected":false},"author":2,"featured_media":26133,"comment_status":"open","ping_status":"open","sticky":false,"template":"","format":"standard","meta":{"om_disable_all_campaigns":false,"_exactmetrics_skip_tracking":false,"_exactmetrics_sitenote_active":false,"_exactmetrics_sitenote_note":"","_exactmetrics_sitenote_category":0,"_monsterinsights_skip_tracking":false,"_monsterinsights_sitenote_active":false,"_monsterinsights_sitenote_note":"","_monsterinsights_sitenote_category":0,"_uf_show_specific_survey":0,"_uf_disable_surveys":false,"_joinchat":[],"footnotes":""},"categories":[147,146,145],"tags":[1373,4423,4252,1400,1421,1376],"class_list":["post-26132","post","type-post","status-publish","format-standard","has-post-thumbnail","hentry","category-actualidad","category-noticias","category-reportajes","tag-casanare-noticias","tag-covid-19","tag-covid-19-casanare","tag-noticias-casanare","tag-noticias-yopal","tag-yopal-noticias"],"yoast_head":"<!-- This site is optimized with the Yoast SEO plugin v26.1 - https:\/\/yoast.com\/wordpress\/plugins\/seo\/ -->\n<title>En Yopal: 1 de cada 5 personas tendr\u00eda Covid-19. Heridos en accidentes viales copan UCIs en Casanare - \u25b7 Noticias de Casanare : Martha Cifuentes | Casanare<\/title>\n<meta name=\"robots\" content=\"index, follow, max-snippet:-1, max-image-preview:large, max-video-preview:-1\" \/>\n<link rel=\"canonical\" href=\"https:\/\/marthacifuentes.com\/portada\/en-yopal-1-de-cada-5-personas-tendria-covid-19-heridos-en-accidentes-viales-copan-ucis-en-casanare\/\" \/>\n<meta property=\"og:locale\" content=\"es_ES\" \/>\n<meta property=\"og:type\" content=\"article\" \/>\n<meta property=\"og:title\" content=\"En Yopal: 1 de cada 5 personas tendr\u00eda Covid-19. Heridos en accidentes viales copan UCIs en Casanare - \u25b7 Noticias de Casanare : Martha Cifuentes | Casanare\" \/>\n<meta property=\"og:description\" content=\"En tan solo tres semanas el comportamiento del Covid-19 cambi\u00f3 fuertemente en Casanare al igual que en varias regiones del pa\u00eds. Se pas\u00f3 de 13.246 a 14.561 casos positivos. Igualmente, de 252 pacientes en cuarentena en casa se subi\u00f3 a 455. En cuanto a defunciones, aument\u00f3 de 308 a 331. Tambi\u00e9n la ocupaci\u00f3n de las &hellip;\" \/>\n<meta property=\"og:url\" content=\"https:\/\/marthacifuentes.com\/portada\/en-yopal-1-de-cada-5-personas-tendria-covid-19-heridos-en-accidentes-viales-copan-ucis-en-casanare\/\" \/>\n<meta property=\"og:site_name\" content=\"\u25b7 Noticias de Casanare : Martha Cifuentes | Casanare\" \/>\n<meta property=\"article:published_time\" content=\"2021-04-27T18:52:40+00:00\" \/>\n<meta property=\"article:modified_time\" content=\"2021-04-27T19:12:31+00:00\" \/>\n<meta property=\"og:image\" content=\"https:\/\/marthacifuentes.com\/portada\/wp-content\/uploads\/2021\/04\/covid-19-yopal.jpg\" \/>\n\t<meta property=\"og:image:width\" content=\"700\" \/>\n\t<meta property=\"og:image:height\" content=\"394\" \/>\n\t<meta property=\"og:image:type\" content=\"image\/jpeg\" \/>\n<meta name=\"author\" content=\"Martha Cifuentes\" \/>\n<meta name=\"twitter:card\" content=\"summary_large_image\" \/>\n<meta name=\"twitter:label1\" content=\"Escrito por\" \/>\n\t<meta name=\"twitter:data1\" content=\"Martha Cifuentes\" \/>\n\t<meta name=\"twitter:label2\" content=\"Tiempo de lectura\" \/>\n\t<meta name=\"twitter:data2\" content=\"3 minutos\" \/>\n<script type=\"application\/ld+json\" class=\"yoast-schema-graph\">{\"@context\":\"https:\/\/schema.org\",\"@graph\":[{\"@type\":\"WebPage\",\"@id\":\"https:\/\/marthacifuentes.com\/portada\/en-yopal-1-de-cada-5-personas-tendria-covid-19-heridos-en-accidentes-viales-copan-ucis-en-casanare\/\",\"url\":\"https:\/\/marthacifuentes.com\/portada\/en-yopal-1-de-cada-5-personas-tendria-covid-19-heridos-en-accidentes-viales-copan-ucis-en-casanare\/\",\"name\":\"En Yopal: 1 de cada 5 personas tendr\u00eda Covid-19. Heridos en accidentes viales copan UCIs en Casanare - \u25b7 Noticias de Casanare : Martha Cifuentes | Casanare\",\"isPartOf\":{\"@id\":\"https:\/\/marthacifuentes.com\/portada\/#website\"},\"primaryImageOfPage\":{\"@id\":\"https:\/\/marthacifuentes.com\/portada\/en-yopal-1-de-cada-5-personas-tendria-covid-19-heridos-en-accidentes-viales-copan-ucis-en-casanare\/#primaryimage\"},\"image\":{\"@id\":\"https:\/\/marthacifuentes.com\/portada\/en-yopal-1-de-cada-5-personas-tendria-covid-19-heridos-en-accidentes-viales-copan-ucis-en-casanare\/#primaryimage\"},\"thumbnailUrl\":\"https:\/\/marthacifuentes.com\/portada\/wp-content\/uploads\/2021\/04\/covid-19-yopal.jpg\",\"datePublished\":\"2021-04-27T18:52:40+00:00\",\"dateModified\":\"2021-04-27T19:12:31+00:00\",\"author\":{\"@id\":\"https:\/\/marthacifuentes.com\/portada\/#\/schema\/person\/57f53174b991db5f90ff78d58502b714\"},\"breadcrumb\":{\"@id\":\"https:\/\/marthacifuentes.com\/portada\/en-yopal-1-de-cada-5-personas-tendria-covid-19-heridos-en-accidentes-viales-copan-ucis-en-casanare\/#breadcrumb\"},\"inLanguage\":\"es\",\"potentialAction\":[{\"@type\":\"ReadAction\",\"target\":[\"https:\/\/marthacifuentes.com\/portada\/en-yopal-1-de-cada-5-personas-tendria-covid-19-heridos-en-accidentes-viales-copan-ucis-en-casanare\/\"]}]},{\"@type\":\"ImageObject\",\"inLanguage\":\"es\",\"@id\":\"https:\/\/marthacifuentes.com\/portada\/en-yopal-1-de-cada-5-personas-tendria-covid-19-heridos-en-accidentes-viales-copan-ucis-en-casanare\/#primaryimage\",\"url\":\"https:\/\/marthacifuentes.com\/portada\/wp-content\/uploads\/2021\/04\/covid-19-yopal.jpg\",\"contentUrl\":\"https:\/\/marthacifuentes.com\/portada\/wp-content\/uploads\/2021\/04\/covid-19-yopal.jpg\",\"width\":700,\"height\":394},{\"@type\":\"BreadcrumbList\",\"@id\":\"https:\/\/marthacifuentes.com\/portada\/en-yopal-1-de-cada-5-personas-tendria-covid-19-heridos-en-accidentes-viales-copan-ucis-en-casanare\/#breadcrumb\",\"itemListElement\":[{\"@type\":\"ListItem\",\"position\":1,\"name\":\"Portada\",\"item\":\"https:\/\/marthacifuentes.com\/portada\/\"},{\"@type\":\"ListItem\",\"position\":2,\"name\":\"En Yopal: 1 de cada 5 personas tendr\u00eda Covid-19. Heridos en accidentes viales copan UCIs en Casanare\"}]},{\"@type\":\"WebSite\",\"@id\":\"https:\/\/marthacifuentes.com\/portada\/#website\",\"url\":\"https:\/\/marthacifuentes.com\/portada\/\",\"name\":\"\u25b7 Noticias de Casanare : Martha Cifuentes | Casanare\",\"description\":\"Noticias &amp; Contenidos\",\"potentialAction\":[{\"@type\":\"SearchAction\",\"target\":{\"@type\":\"EntryPoint\",\"urlTemplate\":\"https:\/\/marthacifuentes.com\/portada\/?s={search_term_string}\"},\"query-input\":{\"@type\":\"PropertyValueSpecification\",\"valueRequired\":true,\"valueName\":\"search_term_string\"}}],\"inLanguage\":\"es\"},{\"@type\":\"Person\",\"@id\":\"https:\/\/marthacifuentes.com\/portada\/#\/schema\/person\/57f53174b991db5f90ff78d58502b714\",\"name\":\"Martha Cifuentes\",\"image\":{\"@type\":\"ImageObject\",\"inLanguage\":\"es\",\"@id\":\"https:\/\/marthacifuentes.com\/portada\/#\/schema\/person\/image\/\",\"url\":\"http:\/\/marthacifuentes.com\/portada\/wp-content\/uploads\/2018\/06\/avatar_user_2_1528838701-96x96.jpg\",\"contentUrl\":\"http:\/\/marthacifuentes.com\/portada\/wp-content\/uploads\/2018\/06\/avatar_user_2_1528838701-96x96.jpg\",\"caption\":\"Martha Cifuentes\"},\"sameAs\":[\"http:\/\/www.marthacifuentes.com\"],\"url\":\"https:\/\/marthacifuentes.com\/portada\/author\/martha\/\"}]}<\/script>\n<!-- \/ Yoast SEO plugin. -->","yoast_head_json":{"title":"En Yopal: 1 de cada 5 personas tendr\u00eda Covid-19. Heridos en accidentes viales copan UCIs en Casanare - \u25b7 Noticias de Casanare : Martha Cifuentes | Casanare","robots":{"index":"index","follow":"follow","max-snippet":"max-snippet:-1","max-image-preview":"max-image-preview:large","max-video-preview":"max-video-preview:-1"},"canonical":"https:\/\/marthacifuentes.com\/portada\/en-yopal-1-de-cada-5-personas-tendria-covid-19-heridos-en-accidentes-viales-copan-ucis-en-casanare\/","og_locale":"es_ES","og_type":"article","og_title":"En Yopal: 1 de cada 5 personas tendr\u00eda Covid-19. Heridos en accidentes viales copan UCIs en Casanare - \u25b7 Noticias de Casanare : Martha Cifuentes | Casanare","og_description":"En tan solo tres semanas el comportamiento del Covid-19 cambi\u00f3 fuertemente en Casanare al igual que en varias regiones del pa\u00eds. Se pas\u00f3 de 13.246 a 14.561 casos positivos. Igualmente, de 252 pacientes en cuarentena en casa se subi\u00f3 a 455. En cuanto a defunciones, aument\u00f3 de 308 a 331. Tambi\u00e9n la ocupaci\u00f3n de las &hellip;","og_url":"https:\/\/marthacifuentes.com\/portada\/en-yopal-1-de-cada-5-personas-tendria-covid-19-heridos-en-accidentes-viales-copan-ucis-en-casanare\/","og_site_name":"\u25b7 Noticias de Casanare : Martha Cifuentes | Casanare","article_published_time":"2021-04-27T18:52:40+00:00","article_modified_time":"2021-04-27T19:12:31+00:00","og_image":[{"width":700,"height":394,"url":"https:\/\/marthacifuentes.com\/portada\/wp-content\/uploads\/2021\/04\/covid-19-yopal.jpg","type":"image\/jpeg"}],"author":"Martha Cifuentes","twitter_card":"summary_large_image","twitter_misc":{"Escrito por":"Martha Cifuentes","Tiempo de lectura":"3 minutos"},"schema":{"@context":"https:\/\/schema.org","@graph":[{"@type":"WebPage","@id":"https:\/\/marthacifuentes.com\/portada\/en-yopal-1-de-cada-5-personas-tendria-covid-19-heridos-en-accidentes-viales-copan-ucis-en-casanare\/","url":"https:\/\/marthacifuentes.com\/portada\/en-yopal-1-de-cada-5-personas-tendria-covid-19-heridos-en-accidentes-viales-copan-ucis-en-casanare\/","name":"En Yopal: 1 de cada 5 personas tendr\u00eda Covid-19. Heridos en accidentes viales copan UCIs en Casanare - \u25b7 Noticias de Casanare : Martha Cifuentes | Casanare","isPartOf":{"@id":"https:\/\/marthacifuentes.com\/portada\/#website"},"primaryImageOfPage":{"@id":"https:\/\/marthacifuentes.com\/portada\/en-yopal-1-de-cada-5-personas-tendria-covid-19-heridos-en-accidentes-viales-copan-ucis-en-casanare\/#primaryimage"},"image":{"@id":"https:\/\/marthacifuentes.com\/portada\/en-yopal-1-de-cada-5-personas-tendria-covid-19-heridos-en-accidentes-viales-copan-ucis-en-casanare\/#primaryimage"},"thumbnailUrl":"https:\/\/marthacifuentes.com\/portada\/wp-content\/uploads\/2021\/04\/covid-19-yopal.jpg","datePublished":"2021-04-27T18:52:40+00:00","dateModified":"2021-04-27T19:12:31+00:00","author":{"@id":"https:\/\/marthacifuentes.com\/portada\/#\/schema\/person\/57f53174b991db5f90ff78d58502b714"},"breadcrumb":{"@id":"https:\/\/marthacifuentes.com\/portada\/en-yopal-1-de-cada-5-personas-tendria-covid-19-heridos-en-accidentes-viales-copan-ucis-en-casanare\/#breadcrumb"},"inLanguage":"es","potentialAction":[{"@type":"ReadAction","target":["https:\/\/marthacifuentes.com\/portada\/en-yopal-1-de-cada-5-personas-tendria-covid-19-heridos-en-accidentes-viales-copan-ucis-en-casanare\/"]}]},{"@type":"ImageObject","inLanguage":"es","@id":"https:\/\/marthacifuentes.com\/portada\/en-yopal-1-de-cada-5-personas-tendria-covid-19-heridos-en-accidentes-viales-copan-ucis-en-casanare\/#primaryimage","url":"https:\/\/marthacifuentes.com\/portada\/wp-content\/uploads\/2021\/04\/covid-19-yopal.jpg","contentUrl":"https:\/\/marthacifuentes.com\/portada\/wp-content\/uploads\/2021\/04\/covid-19-yopal.jpg","width":700,"height":394},{"@type":"BreadcrumbList","@id":"https:\/\/marthacifuentes.com\/portada\/en-yopal-1-de-cada-5-personas-tendria-covid-19-heridos-en-accidentes-viales-copan-ucis-en-casanare\/#breadcrumb","itemListElement":[{"@type":"ListItem","position":1,"name":"Portada","item":"https:\/\/marthacifuentes.com\/portada\/"},{"@type":"ListItem","position":2,"name":"En Yopal: 1 de cada 5 personas tendr\u00eda Covid-19. Heridos en accidentes viales copan UCIs en Casanare"}]},{"@type":"WebSite","@id":"https:\/\/marthacifuentes.com\/portada\/#website","url":"https:\/\/marthacifuentes.com\/portada\/","name":"\u25b7 Noticias de Casanare : Martha Cifuentes | Casanare","description":"Noticias &amp; Contenidos","potentialAction":[{"@type":"SearchAction","target":{"@type":"EntryPoint","urlTemplate":"https:\/\/marthacifuentes.com\/portada\/?s={search_term_string}"},"query-input":{"@type":"PropertyValueSpecification","valueRequired":true,"valueName":"search_term_string"}}],"inLanguage":"es"},{"@type":"Person","@id":"https:\/\/marthacifuentes.com\/portada\/#\/schema\/person\/57f53174b991db5f90ff78d58502b714","name":"Martha Cifuentes","image":{"@type":"ImageObject","inLanguage":"es","@id":"https:\/\/marthacifuentes.com\/portada\/#\/schema\/person\/image\/","url":"http:\/\/marthacifuentes.com\/portada\/wp-content\/uploads\/2018\/06\/avatar_user_2_1528838701-96x96.jpg","contentUrl":"http:\/\/marthacifuentes.com\/portada\/wp-content\/uploads\/2018\/06\/avatar_user_2_1528838701-96x96.jpg","caption":"Martha Cifuentes"},"sameAs":["http:\/\/www.marthacifuentes.com"],"url":"https:\/\/marthacifuentes.com\/portada\/author\/martha\/"}]}},"_links":{"self":[{"href":"https:\/\/marthacifuentes.com\/portada\/wp-json\/wp\/v2\/posts\/26132","targetHints":{"allow":["GET"]}}],"collection":[{"href":"https:\/\/marthacifuentes.com\/portada\/wp-json\/wp\/v2\/posts"}],"about":[{"href":"https:\/\/marthacifuentes.com\/portada\/wp-json\/wp\/v2\/types\/post"}],"author":[{"embeddable":true,"href":"https:\/\/marthacifuentes.com\/portada\/wp-json\/wp\/v2\/users\/2"}],"replies":[{"embeddable":true,"href":"https:\/\/marthacifuentes.com\/portada\/wp-json\/wp\/v2\/comments?post=26132"}],"version-history":[{"count":2,"href":"https:\/\/marthacifuentes.com\/portada\/wp-json\/wp\/v2\/posts\/26132\/revisions"}],"predecessor-version":[{"id":26135,"href":"https:\/\/marthacifuentes.com\/portada\/wp-json\/wp\/v2\/posts\/26132\/revisions\/26135"}],"wp:featuredmedia":[{"embeddable":true,"href":"https:\/\/marthacifuentes.com\/portada\/wp-json\/wp\/v2\/media\/26133"}],"wp:attachment":[{"href":"https:\/\/marthacifuentes.com\/portada\/wp-json\/wp\/v2\/media?parent=26132"}],"wp:term":[{"taxonomy":"category","embeddable":true,"href":"https:\/\/marthacifuentes.com\/portada\/wp-json\/wp\/v2\/categories?post=26132"},{"taxonomy":"post_tag","embeddable":true,"href":"https:\/\/marthacifuentes.com\/portada\/wp-json\/wp\/v2\/tags?post=26132"}],"curies":[{"name":"wp","href":"https:\/\/api.w.org\/{rel}","templated":true}]}}