{"id":26136,"date":"2021-04-29T00:15:07","date_gmt":"2021-04-29T05:15:07","guid":{"rendered":"https:\/\/marthacifuentes.com\/portada\/?p=26136"},"modified":"2021-04-29T00:15:07","modified_gmt":"2021-04-29T05:15:07","slug":"ciudadanos-de-yopal-respaldaron-paro-contra-reforma-tributaria-protesta-fue-opacada-por-enfrentamientos-de-esmad-y-jovenes","status":"publish","type":"post","link":"https:\/\/marthacifuentes.com\/portada\/ciudadanos-de-yopal-respaldaron-paro-contra-reforma-tributaria-protesta-fue-opacada-por-enfrentamientos-de-esmad-y-jovenes\/","title":{"rendered":"Ciudadanos de Yopal respaldaron paro contra reforma tributaria. Protesta fue opacada por enfrentamientos de Esmad y j\u00f3venes."},"content":{"rendered":"<p style=\"text-align: justify;\"><strong>Aunque en la ma\u00f1ana de ayer en Yopal la multitudinaria protesta ciudadana del Paro Nacional contra la Reforma Tributaria transcurri\u00f3 pac\u00edficamente en medio de arengas, carteles, caravanas, y largas caminatas por las calles de Yopal, en la tarde hubo caos, enfrentamientos entre la fuerza Esmad y manifestantes, especialmente j\u00f3venes. Hubo denuncias de abuso policial.<\/strong><\/p>\n<p style=\"text-align: justify;\">Los ciudadanos rechazaron que el gobierno nacional pretenda recaudar 26 billones de pesos a costa de la clase media y baja de la poblaci\u00f3n, en medio de una pandemia que ha debilitado la econom\u00eda del pa\u00eds. Hubo apoyo generalizado al paro e incluso muchos almacenes de diversa \u00edndole colocaron letreros que as\u00ed lo evidenciaba. Las centrales de trabajadores y sindicatos rechazaron los nuevos impuestos a los que se quiere someter a la masa trabajadora y exigieron que se retire el proyecto de ley que cursa en el Congreso por considerarlo regresivo.<\/p>\n<p style=\"text-align: justify;\">Aunque Yopal es una ciudad donde usualmente la gente es muy ap\u00e1tica a la protesta social ayer se vieron rostros de empresarios, arroceros, microempresarios y estudiantes universitarios apoyando el paro. Llamativo que poblaci\u00f3n de todos los estratos sociales participaron en la jornada. Incluso algunos uribistas reprobaron la reforma tributaria presentada por el gobierno de su partido Centro Democr\u00e1tico.<\/p>\n<p>&nbsp;<\/p>\n<h2><strong>Los nubarrones de la protesta<\/strong><\/h2>\n<p style=\"text-align: justify;\">El punto de quiebre o enfrentamiento se present\u00f3 en la Marginal del Llano, a un kil\u00f3metro de la v\u00eda Yopal \u2013 Aguazul, donde confluyeron las diferentes marchas, que se iniciaron en Yopal. Sobre esto hay dos versiones, mientras los manifestantes expresaron que se hab\u00eda hecho un acuerdo con funcionarios del gobierno, de abrir con intermitencia la v\u00eda para que se movilizar\u00e1n los veh\u00edculos, por periodos de 10 minutos, esto fue abruptamente roto, cuando lleg\u00f3 la fuerza del Esmad y despej\u00f3 la v\u00eda en forma violenta y con el uso de gases lacrim\u00f3genos rojos.<\/p>\n<p style=\"text-align: justify;\">Por su parte el comandante de la polic\u00eda en Casanare, coronel Jos\u00e9 Miranda, expres\u00f3 que luego de cuatro horas de las v\u00edas de hecho y la interrupci\u00f3n del paso, se requiri\u00f3 en varias oportunidades a los manifestantes para que despejaran la v\u00eda y al ver que esto no sucedi\u00f3 se procedi\u00f3 con el Esmad para el restablecimiento de la movilidad, seg\u00fan disposiciones del comando nacional de Polic\u00eda. Seg\u00fan el oficial se intent\u00f3 el di\u00e1logo con los protestantes pero no surti\u00f3 efecto.<\/p>\n<p style=\"text-align: justify;\">Luego de ello los j\u00f3venes, en su mayor\u00eda, se trasladaron a la glorieta de la calle 40 con 5, v\u00eda Morichal, y all\u00ed se prendieron fogatas que interrumpieron nuevamente el paso. Luego de unos minutos, arengas y obras de teatro, nuevamente se arm\u00f3 la refriega. Los manifestantes corrieron por la calle 40 hacia el Estadio, donde polic\u00edas motorizados y encubiertos, inician persecuci\u00f3n y captura de al menos 12 personas, incluido un menor de edad.<\/p>\n<p style=\"text-align: justify;\">Seg\u00fan los j\u00f3venes, hubo extralimitaci\u00f3n de la fuerza del Esmad para controlar la protesta y se violent\u00f3 f\u00edsica y sicol\u00f3gicamente a los manifestantes. Horas m\u00e1s tarde se conoci\u00f3 de denuncias de familiares de los 12 capturados, en el sentido de que estaban siendo golpeados y torturados a los sitios donde fueron llevados, incluido el terminal de transportes. Seg\u00fan la polic\u00eda, un menor de edad estaba entre los conducidos. Y para ma\u00f1ana se espera realizar judicializaci\u00f3n de los detenidos, inicialmente por ataque a servidor p\u00fablico e interrupci\u00f3n de v\u00edas.<\/p>\n<p style=\"text-align: justify;\">La situaci\u00f3n se volvi\u00f3 a poner \u00e1lgida hacia las 8 de la noche cuando un grupo ajeno a la protesta lleg\u00f3 a la Alcald\u00eda de Yopal y alcanz\u00f3 a romper unos vidrios. Al ser repelidos por el Esmad se desplazaron a la Gobernaci\u00f3n de Casanare y de all\u00ed al supermercado El Metro, ubicado en la calle 30 con carrera 7, donde tambi\u00e9n rompieron sus ventanales, en un intento de acceder a la fuerza. Nuevamente la polic\u00eda contuvo la situaci\u00f3n.<\/p>\n<p style=\"text-align: justify;\">En el balance entregado por las autoridades departamentales, policiales y de la Defensor\u00eda del Pueblo, se expres\u00f3 que durante los enfrentamientos no hubo personas lesionadas, sin embargo manifestantes denunciaron que dos mujeres fueron afectadas por los gases. Al final de la noche se viv\u00eda un ambiente de zozobra en la poblaci\u00f3n.<\/p>\n<p>&nbsp;<\/p>\n<p><strong>Comandante del Esmad en Yopal sufri\u00f3 grave accidente<\/strong><\/p>\n<p style=\"text-align: justify;\">De otra parte el comandante de la fuerza Esmad en Yopal, mayor Alex Juli\u00e1n Saavedra Vega, result\u00f3 gravemente herido en accidente de tr\u00e1nsito registrado ayer, en medio de las manifestaciones, sobre la Marginal del Llano, en el sector del Vivero, a la entrada de La Colina Campestre. Carlos Tarazona, subcomandante de Tr\u00e1nsito de Yopal, dijo que el oficial luego del despeje de la v\u00eda, fue impactado por un tracto cami\u00f3n, que transportaba arroz, el cual le produjo trauma craneoencef\u00e1lico y politraumatismos. El oficial fue atendido en el Horo, donde fue operado y se encuentra internado en una UCI. Su pron\u00f3stico es reservado.<\/p>\n<h2>Otras noticias&#8230;<\/h2>\n<blockquote class=\"wp-embedded-content\" data-secret=\"mJTiQf61Fn\"><p><a href=\"https:\/\/marthacifuentes.com\/portada\/2021\/04\/27\/en-yopal-1-de-cada-5-personas-tendria-covid-19-heridos-en-accidentes-viales-copan-ucis-en-casanare\/\">En Yopal: 1 de cada 5 personas tendr\u00eda Covid-19. Heridos en accidentes viales copan UCIs en Casanare<\/a><\/p><\/blockquote>\n<p><iframe loading=\"lazy\" class=\"wp-embedded-content\" sandbox=\"allow-scripts\" security=\"restricted\" style=\"position: absolute; clip: rect(1px, 1px, 1px, 1px);\" title=\"\u00abEn Yopal: 1 de cada 5 personas tendr\u00eda Covid-19. Heridos en accidentes viales copan UCIs en Casanare\u00bb \u2014 \u25b7 Noticias de Casanare : Martha Cifuentes | Casanare\" src=\"https:\/\/marthacifuentes.com\/portada\/2021\/04\/27\/en-yopal-1-de-cada-5-personas-tendria-covid-19-heridos-en-accidentes-viales-copan-ucis-en-casanare\/embed\/#?secret=6RjU6pIbIH#?secret=mJTiQf61Fn\" data-secret=\"mJTiQf61Fn\" width=\"500\" height=\"282\" frameborder=\"0\" marginwidth=\"0\" marginheight=\"0\" scrolling=\"no\"><\/iframe><\/p>\n<blockquote class=\"wp-embedded-content\" data-secret=\"7JeCrmMaJC\"><p><a href=\"https:\/\/marthacifuentes.com\/portada\/2021\/04\/20\/en-casanare-mas-pacientes-por-accidentes-de-transito-que-por-covid-19-durante-el-fin-de-semana\/\">En Casanare, m\u00e1s pacientes por accidentes de tr\u00e1nsito que por Covid-19, durante el fin de semana<\/a><\/p><\/blockquote>\n<p><iframe loading=\"lazy\" class=\"wp-embedded-content\" title=\"\u00abEn Casanare, m\u00e1s pacientes por accidentes de tr\u00e1nsito que por Covid-19, durante el fin de semana\u00bb \u2014 \u25b7 Noticias de Casanare : Martha Cifuentes | Casanare\" src=\"https:\/\/marthacifuentes.com\/portada\/2021\/04\/20\/en-casanare-mas-pacientes-por-accidentes-de-transito-que-por-covid-19-durante-el-fin-de-semana\/embed\/#?secret=7JeCrmMaJC\" width=\"600\" height=\"338\" frameborder=\"0\" marginwidth=\"0\" marginheight=\"0\" scrolling=\"no\" sandbox=\"allow-scripts\" data-secret=\"7JeCrmMaJC\" data-mce-fragment=\"1\"><\/iframe><\/p>\n<p><iframe loading=\"lazy\" class=\"wp-embedded-content\" title=\"\u00abEn pleno 3er pico de la pandemia del Covid-19 se va secretaria de Salud de Casanare Yenny D\u00edaz. Gobernador acept\u00f3 su renuncia\u00bb \u2014 \u25b7 Noticias de Casanare : Martha Cifuentes | Casanare\" src=\"https:\/\/marthacifuentes.com\/portada\/2021\/04\/20\/en-pleno-3er-pico-de-la-pandemia-del-covid-19-se-va-secretaria-de-salud-de-casanare-yenny-diaz-gobernador-acepto-su-renuncia\/embed\/#?secret=i9kXSQ3lLI\" width=\"600\" height=\"623\" frameborder=\"0\" marginwidth=\"0\" marginheight=\"0\" scrolling=\"no\" sandbox=\"allow-scripts\" data-secret=\"i9kXSQ3lLI\" data-mce-fragment=\"1\"><\/iframe><\/p>\n<p><iframe loading=\"lazy\" class=\"wp-embedded-content\" title=\"\u00abCovid-19 sigue causando luto en Casanare. Robert Preciado, su mam\u00e1 Yolanda C\u00e1rdenas y Danilo S\u00e1nchez, fallecieron\u00bb \u2014 \u25b7 Noticias de Casanare : Martha Cifuentes | Casanare\" src=\"https:\/\/marthacifuentes.com\/portada\/2021\/04\/19\/covid-19-sigue-causando-luto-en-casanare-robert-preciado-su-mama-yolanda-cardenas-y-danilo-sanchez-fallecieron\/embed\/#?secret=1p6L3sPRqF\" width=\"600\" height=\"623\" frameborder=\"0\" marginwidth=\"0\" marginheight=\"0\" scrolling=\"no\" sandbox=\"allow-scripts\" data-secret=\"1p6L3sPRqF\" data-mce-fragment=\"1\"><\/iframe><\/p>\n<p><iframe loading=\"lazy\" class=\"wp-embedded-content\" title=\"\u00abLa muerte \u201crecorre\u201d las carreteras de Casanare. Dos v\u00edctimas fatales y 64 heridos este fin de semana\u00bb \u2014 \u25b7 Noticias de Casanare : Martha Cifuentes | Casanare\" src=\"https:\/\/marthacifuentes.com\/portada\/2021\/04\/19\/la-muerte-recorre-las-carreteras-de-casanare-dos-victimas-fatales-y-64-heridos-este-fin-de-semana\/embed\/#?secret=snjKtowp5q\" width=\"600\" height=\"595\" frameborder=\"0\" marginwidth=\"0\" marginheight=\"0\" scrolling=\"no\" sandbox=\"allow-scripts\" data-secret=\"snjKtowp5q\" data-mce-fragment=\"1\"><\/iframe><\/p>\n<p><iframe loading=\"lazy\" class=\"wp-embedded-content\" title=\"\u00abAnte solicitud de la vicepresidente, Procuradur\u00eda abri\u00f3 indagaci\u00f3n preliminar contra alcalde de Yopal por conducta xen\u00f3foba y estigmatizaci\u00f3n de trabajadoras sexuales\u00bb \u2014 \u25b7 Noticias de Casanare : Martha Cifuentes | Casanare\" src=\"https:\/\/marthacifuentes.com\/portada\/2021\/04\/14\/ante-solicitud-de-la-vicepresidente-procuraduria-abrio-indagacion-preliminar-contra-alcalde-de-yopal-por-conducta-xenofoba-y-estigmatizacion-de-trabajadoras-sexuales\/embed\/#?secret=UynLppGszV\" width=\"600\" height=\"651\" frameborder=\"0\" marginwidth=\"0\" marginheight=\"0\" scrolling=\"no\" sandbox=\"allow-scripts\" data-secret=\"UynLppGszV\" data-mce-fragment=\"1\"><\/iframe><\/p>\n<p><iframe loading=\"lazy\" class=\"wp-embedded-content\" title=\"\u00abAlcalde de Yopal, genera polvareda nacional con sugerencia de \u201cconsumir producto colombiano\u201d, al referirse a trabajadora sexuales venezolanas\u00bb \u2014 \u25b7 Noticias de Casanare : Martha Cifuentes | Casanare\" src=\"https:\/\/marthacifuentes.com\/portada\/2021\/04\/14\/alcalde-de-yopal-genera-polvareda-nacional-con-sugerencia-de-consumir-producto-colombiano-al-referirse-a-trabajadora-sexuales-venezolanas\/embed\/#?secret=D9lkfBsCB0\" width=\"600\" height=\"623\" frameborder=\"0\" marginwidth=\"0\" marginheight=\"0\" scrolling=\"no\" sandbox=\"allow-scripts\" data-secret=\"D9lkfBsCB0\" data-mce-fragment=\"1\"><\/iframe><\/p>\n<p><iframe loading=\"lazy\" class=\"wp-embedded-content\" title=\"\u00abGerente y supervisor de Findeter y gobernantes de Casanare ser\u00e1n investigados por negligencia y falta de planeaci\u00f3n en contrato de la PTAP Yopal\u00bb \u2014 \u25b7 Noticias de Casanare : Martha Cifuentes | Casanare\" src=\"https:\/\/marthacifuentes.com\/portada\/2021\/04\/09\/gerente-y-supervisor-de-findeter-y-gobernantes-de-casanare-seran-investigados-por-negligencia-y-falta-de-planeacion-en-contrato-de-la-ptap-yopal\/embed\/#?secret=wjUHUUbqCS\" width=\"600\" height=\"623\" frameborder=\"0\" marginwidth=\"0\" marginheight=\"0\" scrolling=\"no\" sandbox=\"allow-scripts\" data-secret=\"wjUHUUbqCS\" data-mce-fragment=\"1\"><\/iframe><\/p>\n<p><iframe loading=\"lazy\" class=\"wp-embedded-content\" title=\"\u00ab72% de empresas de Casanare renovaron matr\u00edcula mercantil a 31 de marzo.\u00bb \u2014 \u25b7 Noticias de Casanare : Martha Cifuentes | Casanare\" src=\"https:\/\/marthacifuentes.com\/portada\/2021\/04\/08\/72-de-empresas-de-casanare-renovaron-matricula-mercantil-a-31-de-marzo\/embed\/#?secret=fhs6tYEL4k\" width=\"600\" height=\"595\" frameborder=\"0\" marginwidth=\"0\" marginheight=\"0\" scrolling=\"no\" sandbox=\"allow-scripts\" data-secret=\"fhs6tYEL4k\" data-mce-fragment=\"1\"><\/iframe><\/p>\n<p><iframe loading=\"lazy\" class=\"wp-embedded-content\" title=\"\u00abAl menos 5 municipios de Casanare y 3 de Boyac\u00e1 en alto riego por amenazas de las Autodefensas Gaitanistas de Colombia: Defensor\u00eda del Pueblo\u00bb \u2014 \u25b7 Noticias de Casanare : Martha Cifuentes | Casanare\" src=\"https:\/\/marthacifuentes.com\/portada\/2021\/04\/06\/al-menos-5-municipios-de-casanare-y-3-de-boyaca-en-alto-riego-por-amenazas-de-las-autodefensas-gaitanistas-de-colombia-defensoria-del-pueblo\/embed\/#?secret=8qNIWdAek3\" width=\"600\" height=\"648\" frameborder=\"0\" marginwidth=\"0\" marginheight=\"0\" scrolling=\"no\" sandbox=\"allow-scripts\" data-secret=\"8qNIWdAek3\" data-mce-fragment=\"1\"><\/iframe><\/p>\n<p><iframe loading=\"lazy\" class=\"wp-embedded-content\" title=\"\u00abEmbargadas cuentas de la EAAAY hasta $3 mil millones por deuda de la realizaci\u00f3n de la planta modular\u00bb \u2014 \u25b7 Noticias de Casanare : Martha Cifuentes | Casanare\" src=\"https:\/\/marthacifuentes.com\/portada\/2021\/04\/06\/embargadas-cuentas-de-la-eaaay-hasta-3-mil-millones-por-deuda-de-la-realizacion-de-la-planta-modular\/embed\/#?secret=qulDQf1ApQ\" width=\"600\" height=\"629\" frameborder=\"0\" marginwidth=\"0\" marginheight=\"0\" scrolling=\"no\" sandbox=\"allow-scripts\" data-secret=\"qulDQf1ApQ\" data-mce-fragment=\"1\"><\/iframe><\/p>\n<p><iframe loading=\"lazy\" class=\"wp-embedded-content\" title=\"\u00abCasi una d\u00e9cada tomar\u00e1 la realizaci\u00f3n de obras viales del Pacto Bicentenario en Casanare\u00bb \u2014 \u25b7 Noticias de Casanare : Martha Cifuentes | Casanare\" src=\"https:\/\/marthacifuentes.com\/portada\/2021\/04\/05\/casi-una-decada-tomara-la-realizacion-de-obras-viales-del-pacto-bicentenario-en-casanare\/embed\/#?secret=Q3mnpONlZC\" width=\"600\" height=\"574\" frameborder=\"0\" marginwidth=\"0\" marginheight=\"0\" scrolling=\"no\" sandbox=\"allow-scripts\" data-secret=\"Q3mnpONlZC\" data-mce-fragment=\"1\"><\/iframe><\/p>\n<p><iframe loading=\"lazy\" class=\"wp-embedded-content\" title=\"\u00abContralor\u00eda evidenci\u00f3 sobrecosto de 17% en contratos viales por $164 mil millones, realizados en los gobiernos de Nelson Mari\u00f1o y Marco Tulio Ru\u00edz\u00bb \u2014 \u25b7 Noticias de Casanare : Martha Cifuentes | Casanare\" src=\"https:\/\/marthacifuentes.com\/portada\/2021\/03\/30\/contraloria-evidencio-sobrecosto-de-17-en-contratos-viales-por-164-mil-millones-realizados-en-los-gobiernos-de-nelson-marino-y-marco-tulio-ruiz\/embed\/#?secret=XKDQ9Y5Zcb\" width=\"600\" height=\"623\" frameborder=\"0\" marginwidth=\"0\" marginheight=\"0\" scrolling=\"no\" sandbox=\"allow-scripts\" data-secret=\"XKDQ9Y5Zcb\" data-mce-fragment=\"1\"><\/iframe><\/p>\n<p><iframe loading=\"lazy\" class=\"wp-embedded-content\" title=\"\u00abMalec\u00f3n de Yopal en riesgo de naufragio. Gobiernos Nacional y Departamental en orillas distintas.\u00bb \u2014 \u25b7 Noticias de Casanare : Martha Cifuentes | Casanare\" src=\"https:\/\/marthacifuentes.com\/portada\/2021\/03\/25\/malecon-de-yopal-en-riesgo-de-naufragio-gobiernos-nacional-y-departamental-en-orillas-distintas\/embed\/#?secret=Jgy0THzSAU\" width=\"600\" height=\"595\" frameborder=\"0\" marginwidth=\"0\" marginheight=\"0\" scrolling=\"no\" sandbox=\"allow-scripts\" data-secret=\"Jgy0THzSAU\" data-mce-fragment=\"1\"><\/iframe><\/p>\n<p><iframe loading=\"lazy\" class=\"wp-embedded-content\" title=\"\u00abEstocada para la diputada \u201cTo\u00f1a\u201d Lady Patricia Boh\u00f3rquez. Se decret\u00f3 su muerte pol\u00edtica\u00bb \u2014 \u25b7 Noticias de Casanare : Martha Cifuentes | Casanare\" src=\"https:\/\/marthacifuentes.com\/portada\/2021\/03\/24\/estocada-para-la-diputada-tona-lady-patricia-bohorquez-se-decreto-su-muerte-politica\/embed\/#?secret=ignzYtEY1c\" width=\"600\" height=\"595\" frameborder=\"0\" marginwidth=\"0\" marginheight=\"0\" scrolling=\"no\" sandbox=\"allow-scripts\" data-secret=\"ignzYtEY1c\" data-mce-fragment=\"1\"><\/iframe><\/p>\n<p><iframe loading=\"lazy\" class=\"wp-embedded-content\" title=\"\u00abInici\u00f3 Fase cero o piloto de atenci\u00f3n en centro migratorio de venezolanos en Yopal\u00bb \u2014 \u25b7 Noticias de Casanare : Martha Cifuentes | Casanare\" src=\"https:\/\/marthacifuentes.com\/portada\/2021\/03\/19\/inicio-fase-cero-o-piloto-de-atencion-en-centro-migratorio-de-venezolanos-en-yopal\/embed\/#?secret=RN6XN8c4UU\" width=\"600\" height=\"595\" frameborder=\"0\" marginwidth=\"0\" marginheight=\"0\" scrolling=\"no\" sandbox=\"allow-scripts\" data-secret=\"RN6XN8c4UU\" data-mce-fragment=\"1\"><\/iframe><\/p>\n<p><iframe loading=\"lazy\" class=\"wp-embedded-content\" title=\"\u00abSegundo fallo en contra de diputada de Casanare Lady Patricia Boh\u00f3rquez, \u201cTo\u00f1a\u201d. Ahora decretaron nula su elecci\u00f3n.\u00bb \u2014 \u25b7 Noticias de Casanare : Martha Cifuentes | Casanare\" src=\"https:\/\/marthacifuentes.com\/portada\/2021\/03\/19\/segundo-fallo-en-contra-de-diputada-de-casanare-lady-patricia-bohorquez-tona-ahora-decretaron-nula-su-eleccion\/embed\/#?secret=mahx1uG6Lg\" width=\"600\" height=\"623\" frameborder=\"0\" marginwidth=\"0\" marginheight=\"0\" scrolling=\"no\" sandbox=\"allow-scripts\" data-secret=\"mahx1uG6Lg\" data-mce-fragment=\"1\"><\/iframe><\/p>\n<p><iframe loading=\"lazy\" class=\"wp-embedded-content\" title=\"\u00abEcopetrol reactiva programa de formaci\u00f3n cultural \u201cSembrando Joropo\u201d, en El Morro, Yopal\u00bb \u2014 \u25b7 Noticias de Casanare : Martha Cifuentes | Casanare\" src=\"https:\/\/marthacifuentes.com\/portada\/2021\/03\/17\/ecopetrol-reactiva-programa-de-formacion-cultural-sembrando-joropo-en-el-morro-yopal\/embed\/#?secret=4QXOVGFtSo\" width=\"600\" height=\"595\" frameborder=\"0\" marginwidth=\"0\" marginheight=\"0\" scrolling=\"no\" sandbox=\"allow-scripts\" data-secret=\"4QXOVGFtSo\" data-mce-fragment=\"1\"><\/iframe><\/p>\n<p><iframe loading=\"lazy\" class=\"wp-embedded-content\" title=\"\u00abC\u00e9sar Ortiz Zorro busca en altas cortes judiciales prohibir el Fracking para proteger el ambiente y econom\u00eda del pa\u00eds\u00bb \u2014 \u25b7 Noticias de Casanare : Martha Cifuentes | Casanare\" src=\"https:\/\/marthacifuentes.com\/portada\/2021\/03\/16\/cesar-ortiz-zorro-busca-en-altas-cortes-judiciales-prohibir-el-fracking-para-proteger-el-ambiente-y-economia-del-pais\/embed\/#?secret=FgEZdyDTNB\" width=\"600\" height=\"605\" frameborder=\"0\" marginwidth=\"0\" marginheight=\"0\" scrolling=\"no\" sandbox=\"allow-scripts\" data-secret=\"FgEZdyDTNB\" data-mce-fragment=\"1\"><\/iframe><\/p>\n<p><iframe loading=\"lazy\" class=\"wp-embedded-content\" title=\"\u00abLa \u201cmordida\u201d del exgobernador de Casanare Hel\u00ed Cala L\u00f3pez que lo tiene en la mira de la Fiscal\u00eda\u00bb \u2014 \u25b7 Noticias de Casanare : Martha Cifuentes | Casanare\" src=\"https:\/\/marthacifuentes.com\/portada\/2021\/03\/16\/la-mordida-del-exgobernador-de-casanare-heli-cala-lopez-que-lo-tiene-en-la-mira-de-la-fiscalia\/embed\/#?secret=EUmsRk4WI3\" width=\"600\" height=\"620\" frameborder=\"0\" marginwidth=\"0\" marginheight=\"0\" scrolling=\"no\" sandbox=\"allow-scripts\" data-secret=\"EUmsRk4WI3\" data-mce-fragment=\"1\"><\/iframe><\/p>\n<p><iframe loading=\"lazy\" class=\"wp-embedded-content\" title=\"\u00abDescuento de 5% a empresarios para renovar su matr\u00edcula mercantil antes del 31 de marzo\u00bb \u2014 \u25b7 Noticias de Casanare : Martha Cifuentes | Casanare\" src=\"https:\/\/marthacifuentes.com\/portada\/2021\/03\/15\/descuento-de-5-a-empresarios-para-renovar-su-matricula-mercantil-antes-del-31-de-marzo\/embed\/#?secret=YdhFwngs1g\" width=\"600\" height=\"595\" frameborder=\"0\" marginwidth=\"0\" marginheight=\"0\" scrolling=\"no\" sandbox=\"allow-scripts\" data-secret=\"YdhFwngs1g\" data-mce-fragment=\"1\"><\/iframe><\/p>\n<p><iframe loading=\"lazy\" class=\"wp-embedded-content\" title=\"\u00abGobernaci\u00f3n de Casanare se salv\u00f3 de pagar millonaria multa a Supersalud, que err\u00f3 en notificaci\u00f3n de sanci\u00f3n\u00bb \u2014 \u25b7 Noticias de Casanare : Martha Cifuentes | Casanare\" src=\"https:\/\/marthacifuentes.com\/portada\/2021\/03\/11\/gobernacion-de-casanare-se-salvo-de-pagar-millonaria-multa-a-supersalud-que-erro-en-notificacion-de-sancion\/embed\/#?secret=CefnfEaFjt\" width=\"600\" height=\"623\" frameborder=\"0\" marginwidth=\"0\" marginheight=\"0\" scrolling=\"no\" sandbox=\"allow-scripts\" data-secret=\"CefnfEaFjt\" data-mce-fragment=\"1\"><\/iframe><\/p>\n<p><iframe loading=\"lazy\" class=\"wp-embedded-content\" title=\"\u00abEj\u00e9rcito, Polic\u00eda, gobiernos nacional y de Casanare no son responsables de omisi\u00f3n en cumplimiento de sus funciones en relaci\u00f3n a atentado a maquinaria de Serpet en Yopal\u00bb \u2014 \u25b7 Noticias de Casanare : Martha Cifuentes | Casanare\" src=\"https:\/\/marthacifuentes.com\/portada\/2021\/03\/11\/ejercito-policia-gobiernos-nacional-y-de-casanare-no-son-responsables-de-omision-en-cumplimiento-de-sus-funciones-en-relacion-a-atentado-a-maquinaria-de-serpet-en-yopal\/embed\/#?secret=2hdREpVzzY\" width=\"600\" height=\"651\" frameborder=\"0\" marginwidth=\"0\" marginheight=\"0\" scrolling=\"no\" sandbox=\"allow-scripts\" data-secret=\"2hdREpVzzY\" data-mce-fragment=\"1\"><\/iframe><\/p>\n<p><iframe loading=\"lazy\" class=\"wp-embedded-content\" title=\"\u00abLos exparamilitares Mart\u00edn Llanos y su padre H\u00e9ctor Buitrago y el exguerrillero Pastor Alape, unidos, quieren hablar en la Comisi\u00f3n de la Verdad\u00bb \u2014 \u25b7 Noticias de Casanare : Martha Cifuentes | Casanare\" src=\"https:\/\/marthacifuentes.com\/portada\/2021\/03\/11\/los-exparamilitares-martin-llanos-y-su-padre-hector-buitrago-y-el-exguerrillero-pastor-alape-unidos-quieren-hablar-en-la-comision-de-la-verdad\/embed\/#?secret=YQM20Z7qwC\" width=\"600\" height=\"648\" frameborder=\"0\" marginwidth=\"0\" marginheight=\"0\" scrolling=\"no\" sandbox=\"allow-scripts\" data-secret=\"YQM20Z7qwC\" data-mce-fragment=\"1\"><\/iframe><\/p>\n<p><iframe loading=\"lazy\" class=\"wp-embedded-content\" title=\"\u00abProcuradur\u00eda investigar\u00e1 caso de periodista empresario de Casanare, vacunado contra el Covid-19, en primera fase\u00bb \u2014 \u25b7 Noticias de Casanare : Martha Cifuentes | Casanare\" src=\"https:\/\/marthacifuentes.com\/portada\/2021\/03\/10\/procuraduria-investigara-caso-de-periodista-empresario-de-casanare-vacunado-contra-el-covid-19-en-primera-fase\/embed\/#?secret=65lshfMlXA\" width=\"600\" height=\"648\" frameborder=\"0\" marginwidth=\"0\" marginheight=\"0\" scrolling=\"no\" sandbox=\"allow-scripts\" data-secret=\"65lshfMlXA\" data-mce-fragment=\"1\"><\/iframe><\/p>\n<p><iframe loading=\"lazy\" class=\"wp-embedded-content\" title=\"\u00abPolic\u00eda no descarta \u201cplan pistola\u201d del Clan del Golfo, en ataque a pareja de patrulleros de Yopal\u00bb \u2014 \u25b7 Noticias de Casanare : Martha Cifuentes | Casanare\" src=\"https:\/\/marthacifuentes.com\/portada\/2021\/03\/04\/policia-no-descarta-plan-pistola-del-clan-del-golfo-en-ataque-a-pareja-de-patrulleros-de-yopal\/embed\/#?secret=s8BaTEOzep\" width=\"600\" height=\"595\" frameborder=\"0\" marginwidth=\"0\" marginheight=\"0\" scrolling=\"no\" sandbox=\"allow-scripts\" data-secret=\"s8BaTEOzep\" data-mce-fragment=\"1\"><\/iframe><\/p>\n<p><iframe loading=\"lazy\" class=\"wp-embedded-content\" title=\"\u00abDefensa de l\u00edder social Miguel Daza, plantea irregularidades en su judicializaci\u00f3n y aplicaci\u00f3n de ley, que impondr\u00eda condena anticipada.\u00bb \u2014 \u25b7 Noticias de Casanare : Martha Cifuentes | Casanare\" src=\"https:\/\/marthacifuentes.com\/portada\/2021\/03\/01\/defensa-de-lider-social-miguel-daza-plantea-irregularidades-en-su-judicializacion-y-aplicacion-de-ley-que-impondria-condena-anticipada\/embed\/#?secret=hXGFZ8bUmN\" width=\"600\" height=\"641\" frameborder=\"0\" marginwidth=\"0\" marginheight=\"0\" scrolling=\"no\" sandbox=\"allow-scripts\" data-secret=\"hXGFZ8bUmN\" data-mce-fragment=\"1\"><\/iframe><\/p>\n<p><iframe loading=\"lazy\" class=\"wp-embedded-content\" title=\"\u00abGrupo paramilitar al servicio del Clan del Golfo, intimida con panfletos al corregimiento petrolero El Morro, Yopal\u00bb \u2014 \u25b7 Noticias de Casanare : Martha Cifuentes | Casanare\" src=\"https:\/\/marthacifuentes.com\/portada\/2021\/02\/25\/grupo-paramilitar-al-servicio-del-clan-del-golfo-intimida-con-panfletos-al-corregimiento-petrolero-el-morro-yopal\/embed\/#?secret=mOsGTrxiAh\" width=\"600\" height=\"648\" frameborder=\"0\" marginwidth=\"0\" marginheight=\"0\" scrolling=\"no\" sandbox=\"allow-scripts\" data-secret=\"mOsGTrxiAh\" data-mce-fragment=\"1\"><\/iframe><\/p>\n<p><iframe loading=\"lazy\" class=\"wp-embedded-content\" title=\"\u00abCasanare, m\u00e1s alta tasa de \u201cfalsos positivos\u201d por cada 100 mil habitantes, entre los a\u00f1os 2002 y 2008, en el pa\u00eds: JEP\u00bb \u2014 \u25b7 Noticias de Casanare : Martha Cifuentes | Casanare\" src=\"https:\/\/marthacifuentes.com\/portada\/2021\/02\/22\/casanare-mas-alta-tasa-de-falsos-positivos-por-cada-100-mil-habitantes-entre-los-anos-2002-y-2008-en-el-pais-jep\/embed\/#?secret=B0gDHuZqCc\" width=\"600\" height=\"634\" frameborder=\"0\" marginwidth=\"0\" marginheight=\"0\" scrolling=\"no\" sandbox=\"allow-scripts\" data-secret=\"B0gDHuZqCc\" data-mce-fragment=\"1\"><\/iframe><\/p>\n","protected":false},"excerpt":{"rendered":"<p>Aunque en la ma\u00f1ana de ayer en Yopal la multitudinaria protesta ciudadana del Paro Nacional contra la Reforma Tributaria transcurri\u00f3 pac\u00edficamente en medio de arengas, carteles, caravanas, y largas caminatas por las calles de Yopal, en la tarde hubo caos, enfrentamientos entre la fuerza Esmad y manifestantes, especialmente j\u00f3venes. Hubo denuncias de abuso policial. Los &hellip;<\/p>\n","protected":false},"author":2,"featured_media":26137,"comment_status":"open","ping_status":"open","sticky":false,"template":"","format":"standard","meta":{"om_disable_all_campaigns":false,"_exactmetrics_skip_tracking":false,"_exactmetrics_sitenote_active":false,"_exactmetrics_sitenote_note":"","_exactmetrics_sitenote_category":0,"_monsterinsights_skip_tracking":false,"_monsterinsights_sitenote_active":false,"_monsterinsights_sitenote_note":"","_monsterinsights_sitenote_category":0,"_uf_show_specific_survey":0,"_uf_disable_surveys":false,"_joinchat":[],"footnotes":""},"categories":[147,146,145],"tags":[1373,1400,1421,5560,5562,5561,1376],"class_list":["post-26136","post","type-post","status-publish","format-standard","has-post-thumbnail","hentry","category-actualidad","category-noticias","category-reportajes","tag-casanare-noticias","tag-noticias-casanare","tag-noticias-yopal","tag-paro-reforma-tributaria-yopal","tag-violencia-esmad-yopal","tag-yopal-marcho-contra-reforma-tributaria","tag-yopal-noticias"],"yoast_head":"<!-- This site is optimized with the Yoast SEO plugin v26.1 - https:\/\/yoast.com\/wordpress\/plugins\/seo\/ -->\n<title>Ciudadanos de Yopal respaldaron paro contra reforma tributaria. Protesta fue opacada por enfrentamientos de Esmad y j\u00f3venes. - \u25b7 Noticias de Casanare : Martha Cifuentes | Casanare<\/title>\n<meta name=\"robots\" content=\"index, follow, max-snippet:-1, max-image-preview:large, max-video-preview:-1\" \/>\n<link rel=\"canonical\" href=\"https:\/\/marthacifuentes.com\/portada\/ciudadanos-de-yopal-respaldaron-paro-contra-reforma-tributaria-protesta-fue-opacada-por-enfrentamientos-de-esmad-y-jovenes\/\" \/>\n<meta property=\"og:locale\" content=\"es_ES\" \/>\n<meta property=\"og:type\" content=\"article\" \/>\n<meta property=\"og:title\" content=\"Ciudadanos de Yopal respaldaron paro contra reforma tributaria. Protesta fue opacada por enfrentamientos de Esmad y j\u00f3venes. - \u25b7 Noticias de Casanare : Martha Cifuentes | Casanare\" \/>\n<meta property=\"og:description\" content=\"Aunque en la ma\u00f1ana de ayer en Yopal la multitudinaria protesta ciudadana del Paro Nacional contra la Reforma Tributaria transcurri\u00f3 pac\u00edficamente en medio de arengas, carteles, caravanas, y largas caminatas por las calles de Yopal, en la tarde hubo caos, enfrentamientos entre la fuerza Esmad y manifestantes, especialmente j\u00f3venes. Hubo denuncias de abuso policial. Los &hellip;\" \/>\n<meta property=\"og:url\" content=\"https:\/\/marthacifuentes.com\/portada\/ciudadanos-de-yopal-respaldaron-paro-contra-reforma-tributaria-protesta-fue-opacada-por-enfrentamientos-de-esmad-y-jovenes\/\" \/>\n<meta property=\"og:site_name\" content=\"\u25b7 Noticias de Casanare : Martha Cifuentes | Casanare\" \/>\n<meta property=\"article:published_time\" content=\"2021-04-29T05:15:07+00:00\" \/>\n<meta property=\"og:image\" content=\"https:\/\/marthacifuentes.com\/portada\/wp-content\/uploads\/2021\/04\/cameringo_20210428_123158.jpg\" \/>\n\t<meta property=\"og:image:width\" content=\"1442\" \/>\n\t<meta property=\"og:image:height\" content=\"721\" \/>\n\t<meta property=\"og:image:type\" content=\"image\/jpeg\" \/>\n<meta name=\"author\" content=\"Martha Cifuentes\" \/>\n<meta name=\"twitter:card\" content=\"summary_large_image\" \/>\n<meta name=\"twitter:label1\" content=\"Escrito por\" \/>\n\t<meta name=\"twitter:data1\" content=\"Martha Cifuentes\" \/>\n\t<meta name=\"twitter:label2\" content=\"Tiempo de lectura\" \/>\n\t<meta name=\"twitter:data2\" content=\"4 minutos\" \/>\n<script type=\"application\/ld+json\" class=\"yoast-schema-graph\">{\"@context\":\"https:\/\/schema.org\",\"@graph\":[{\"@type\":\"WebPage\",\"@id\":\"https:\/\/marthacifuentes.com\/portada\/ciudadanos-de-yopal-respaldaron-paro-contra-reforma-tributaria-protesta-fue-opacada-por-enfrentamientos-de-esmad-y-jovenes\/\",\"url\":\"https:\/\/marthacifuentes.com\/portada\/ciudadanos-de-yopal-respaldaron-paro-contra-reforma-tributaria-protesta-fue-opacada-por-enfrentamientos-de-esmad-y-jovenes\/\",\"name\":\"Ciudadanos de Yopal respaldaron paro contra reforma tributaria. Protesta fue opacada por enfrentamientos de Esmad y j\u00f3venes. - \u25b7 Noticias de Casanare : Martha Cifuentes | Casanare\",\"isPartOf\":{\"@id\":\"https:\/\/marthacifuentes.com\/portada\/#website\"},\"primaryImageOfPage\":{\"@id\":\"https:\/\/marthacifuentes.com\/portada\/ciudadanos-de-yopal-respaldaron-paro-contra-reforma-tributaria-protesta-fue-opacada-por-enfrentamientos-de-esmad-y-jovenes\/#primaryimage\"},\"image\":{\"@id\":\"https:\/\/marthacifuentes.com\/portada\/ciudadanos-de-yopal-respaldaron-paro-contra-reforma-tributaria-protesta-fue-opacada-por-enfrentamientos-de-esmad-y-jovenes\/#primaryimage\"},\"thumbnailUrl\":\"https:\/\/marthacifuentes.com\/portada\/wp-content\/uploads\/2021\/04\/cameringo_20210428_123158.jpg\",\"datePublished\":\"2021-04-29T05:15:07+00:00\",\"author\":{\"@id\":\"https:\/\/marthacifuentes.com\/portada\/#\/schema\/person\/57f53174b991db5f90ff78d58502b714\"},\"breadcrumb\":{\"@id\":\"https:\/\/marthacifuentes.com\/portada\/ciudadanos-de-yopal-respaldaron-paro-contra-reforma-tributaria-protesta-fue-opacada-por-enfrentamientos-de-esmad-y-jovenes\/#breadcrumb\"},\"inLanguage\":\"es\",\"potentialAction\":[{\"@type\":\"ReadAction\",\"target\":[\"https:\/\/marthacifuentes.com\/portada\/ciudadanos-de-yopal-respaldaron-paro-contra-reforma-tributaria-protesta-fue-opacada-por-enfrentamientos-de-esmad-y-jovenes\/\"]}]},{\"@type\":\"ImageObject\",\"inLanguage\":\"es\",\"@id\":\"https:\/\/marthacifuentes.com\/portada\/ciudadanos-de-yopal-respaldaron-paro-contra-reforma-tributaria-protesta-fue-opacada-por-enfrentamientos-de-esmad-y-jovenes\/#primaryimage\",\"url\":\"https:\/\/marthacifuentes.com\/portada\/wp-content\/uploads\/2021\/04\/cameringo_20210428_123158.jpg\",\"contentUrl\":\"https:\/\/marthacifuentes.com\/portada\/wp-content\/uploads\/2021\/04\/cameringo_20210428_123158.jpg\",\"width\":1442,\"height\":721},{\"@type\":\"BreadcrumbList\",\"@id\":\"https:\/\/marthacifuentes.com\/portada\/ciudadanos-de-yopal-respaldaron-paro-contra-reforma-tributaria-protesta-fue-opacada-por-enfrentamientos-de-esmad-y-jovenes\/#breadcrumb\",\"itemListElement\":[{\"@type\":\"ListItem\",\"position\":1,\"name\":\"Portada\",\"item\":\"https:\/\/marthacifuentes.com\/portada\/\"},{\"@type\":\"ListItem\",\"position\":2,\"name\":\"Ciudadanos de Yopal respaldaron paro contra reforma tributaria. Protesta fue opacada por enfrentamientos de Esmad y j\u00f3venes.\"}]},{\"@type\":\"WebSite\",\"@id\":\"https:\/\/marthacifuentes.com\/portada\/#website\",\"url\":\"https:\/\/marthacifuentes.com\/portada\/\",\"name\":\"\u25b7 Noticias de Casanare : Martha Cifuentes | Casanare\",\"description\":\"Noticias &amp; Contenidos\",\"potentialAction\":[{\"@type\":\"SearchAction\",\"target\":{\"@type\":\"EntryPoint\",\"urlTemplate\":\"https:\/\/marthacifuentes.com\/portada\/?s={search_term_string}\"},\"query-input\":{\"@type\":\"PropertyValueSpecification\",\"valueRequired\":true,\"valueName\":\"search_term_string\"}}],\"inLanguage\":\"es\"},{\"@type\":\"Person\",\"@id\":\"https:\/\/marthacifuentes.com\/portada\/#\/schema\/person\/57f53174b991db5f90ff78d58502b714\",\"name\":\"Martha Cifuentes\",\"image\":{\"@type\":\"ImageObject\",\"inLanguage\":\"es\",\"@id\":\"https:\/\/marthacifuentes.com\/portada\/#\/schema\/person\/image\/\",\"url\":\"http:\/\/marthacifuentes.com\/portada\/wp-content\/uploads\/2018\/06\/avatar_user_2_1528838701-96x96.jpg\",\"contentUrl\":\"http:\/\/marthacifuentes.com\/portada\/wp-content\/uploads\/2018\/06\/avatar_user_2_1528838701-96x96.jpg\",\"caption\":\"Martha Cifuentes\"},\"sameAs\":[\"http:\/\/www.marthacifuentes.com\"],\"url\":\"https:\/\/marthacifuentes.com\/portada\/author\/martha\/\"}]}<\/script>\n<!-- \/ Yoast SEO plugin. -->","yoast_head_json":{"title":"Ciudadanos de Yopal respaldaron paro contra reforma tributaria. Protesta fue opacada por enfrentamientos de Esmad y j\u00f3venes. - \u25b7 Noticias de Casanare : Martha Cifuentes | Casanare","robots":{"index":"index","follow":"follow","max-snippet":"max-snippet:-1","max-image-preview":"max-image-preview:large","max-video-preview":"max-video-preview:-1"},"canonical":"https:\/\/marthacifuentes.com\/portada\/ciudadanos-de-yopal-respaldaron-paro-contra-reforma-tributaria-protesta-fue-opacada-por-enfrentamientos-de-esmad-y-jovenes\/","og_locale":"es_ES","og_type":"article","og_title":"Ciudadanos de Yopal respaldaron paro contra reforma tributaria. Protesta fue opacada por enfrentamientos de Esmad y j\u00f3venes. - \u25b7 Noticias de Casanare : Martha Cifuentes | Casanare","og_description":"Aunque en la ma\u00f1ana de ayer en Yopal la multitudinaria protesta ciudadana del Paro Nacional contra la Reforma Tributaria transcurri\u00f3 pac\u00edficamente en medio de arengas, carteles, caravanas, y largas caminatas por las calles de Yopal, en la tarde hubo caos, enfrentamientos entre la fuerza Esmad y manifestantes, especialmente j\u00f3venes. Hubo denuncias de abuso policial. Los &hellip;","og_url":"https:\/\/marthacifuentes.com\/portada\/ciudadanos-de-yopal-respaldaron-paro-contra-reforma-tributaria-protesta-fue-opacada-por-enfrentamientos-de-esmad-y-jovenes\/","og_site_name":"\u25b7 Noticias de Casanare : Martha Cifuentes | Casanare","article_published_time":"2021-04-29T05:15:07+00:00","og_image":[{"width":1442,"height":721,"url":"https:\/\/marthacifuentes.com\/portada\/wp-content\/uploads\/2021\/04\/cameringo_20210428_123158.jpg","type":"image\/jpeg"}],"author":"Martha Cifuentes","twitter_card":"summary_large_image","twitter_misc":{"Escrito por":"Martha Cifuentes","Tiempo de lectura":"4 minutos"},"schema":{"@context":"https:\/\/schema.org","@graph":[{"@type":"WebPage","@id":"https:\/\/marthacifuentes.com\/portada\/ciudadanos-de-yopal-respaldaron-paro-contra-reforma-tributaria-protesta-fue-opacada-por-enfrentamientos-de-esmad-y-jovenes\/","url":"https:\/\/marthacifuentes.com\/portada\/ciudadanos-de-yopal-respaldaron-paro-contra-reforma-tributaria-protesta-fue-opacada-por-enfrentamientos-de-esmad-y-jovenes\/","name":"Ciudadanos de Yopal respaldaron paro contra reforma tributaria. Protesta fue opacada por enfrentamientos de Esmad y j\u00f3venes. - \u25b7 Noticias de Casanare : Martha Cifuentes | Casanare","isPartOf":{"@id":"https:\/\/marthacifuentes.com\/portada\/#website"},"primaryImageOfPage":{"@id":"https:\/\/marthacifuentes.com\/portada\/ciudadanos-de-yopal-respaldaron-paro-contra-reforma-tributaria-protesta-fue-opacada-por-enfrentamientos-de-esmad-y-jovenes\/#primaryimage"},"image":{"@id":"https:\/\/marthacifuentes.com\/portada\/ciudadanos-de-yopal-respaldaron-paro-contra-reforma-tributaria-protesta-fue-opacada-por-enfrentamientos-de-esmad-y-jovenes\/#primaryimage"},"thumbnailUrl":"https:\/\/marthacifuentes.com\/portada\/wp-content\/uploads\/2021\/04\/cameringo_20210428_123158.jpg","datePublished":"2021-04-29T05:15:07+00:00","author":{"@id":"https:\/\/marthacifuentes.com\/portada\/#\/schema\/person\/57f53174b991db5f90ff78d58502b714"},"breadcrumb":{"@id":"https:\/\/marthacifuentes.com\/portada\/ciudadanos-de-yopal-respaldaron-paro-contra-reforma-tributaria-protesta-fue-opacada-por-enfrentamientos-de-esmad-y-jovenes\/#breadcrumb"},"inLanguage":"es","potentialAction":[{"@type":"ReadAction","target":["https:\/\/marthacifuentes.com\/portada\/ciudadanos-de-yopal-respaldaron-paro-contra-reforma-tributaria-protesta-fue-opacada-por-enfrentamientos-de-esmad-y-jovenes\/"]}]},{"@type":"ImageObject","inLanguage":"es","@id":"https:\/\/marthacifuentes.com\/portada\/ciudadanos-de-yopal-respaldaron-paro-contra-reforma-tributaria-protesta-fue-opacada-por-enfrentamientos-de-esmad-y-jovenes\/#primaryimage","url":"https:\/\/marthacifuentes.com\/portada\/wp-content\/uploads\/2021\/04\/cameringo_20210428_123158.jpg","contentUrl":"https:\/\/marthacifuentes.com\/portada\/wp-content\/uploads\/2021\/04\/cameringo_20210428_123158.jpg","width":1442,"height":721},{"@type":"BreadcrumbList","@id":"https:\/\/marthacifuentes.com\/portada\/ciudadanos-de-yopal-respaldaron-paro-contra-reforma-tributaria-protesta-fue-opacada-por-enfrentamientos-de-esmad-y-jovenes\/#breadcrumb","itemListElement":[{"@type":"ListItem","position":1,"name":"Portada","item":"https:\/\/marthacifuentes.com\/portada\/"},{"@type":"ListItem","position":2,"name":"Ciudadanos de Yopal respaldaron paro contra reforma tributaria. Protesta fue opacada por enfrentamientos de Esmad y j\u00f3venes."}]},{"@type":"WebSite","@id":"https:\/\/marthacifuentes.com\/portada\/#website","url":"https:\/\/marthacifuentes.com\/portada\/","name":"\u25b7 Noticias de Casanare : Martha Cifuentes | Casanare","description":"Noticias &amp; Contenidos","potentialAction":[{"@type":"SearchAction","target":{"@type":"EntryPoint","urlTemplate":"https:\/\/marthacifuentes.com\/portada\/?s={search_term_string}"},"query-input":{"@type":"PropertyValueSpecification","valueRequired":true,"valueName":"search_term_string"}}],"inLanguage":"es"},{"@type":"Person","@id":"https:\/\/marthacifuentes.com\/portada\/#\/schema\/person\/57f53174b991db5f90ff78d58502b714","name":"Martha Cifuentes","image":{"@type":"ImageObject","inLanguage":"es","@id":"https:\/\/marthacifuentes.com\/portada\/#\/schema\/person\/image\/","url":"http:\/\/marthacifuentes.com\/portada\/wp-content\/uploads\/2018\/06\/avatar_user_2_1528838701-96x96.jpg","contentUrl":"http:\/\/marthacifuentes.com\/portada\/wp-content\/uploads\/2018\/06\/avatar_user_2_1528838701-96x96.jpg","caption":"Martha Cifuentes"},"sameAs":["http:\/\/www.marthacifuentes.com"],"url":"https:\/\/marthacifuentes.com\/portada\/author\/martha\/"}]}},"_links":{"self":[{"href":"https:\/\/marthacifuentes.com\/portada\/wp-json\/wp\/v2\/posts\/26136","targetHints":{"allow":["GET"]}}],"collection":[{"href":"https:\/\/marthacifuentes.com\/portada\/wp-json\/wp\/v2\/posts"}],"about":[{"href":"https:\/\/marthacifuentes.com\/portada\/wp-json\/wp\/v2\/types\/post"}],"author":[{"embeddable":true,"href":"https:\/\/marthacifuentes.com\/portada\/wp-json\/wp\/v2\/users\/2"}],"replies":[{"embeddable":true,"href":"https:\/\/marthacifuentes.com\/portada\/wp-json\/wp\/v2\/comments?post=26136"}],"version-history":[{"count":1,"href":"https:\/\/marthacifuentes.com\/portada\/wp-json\/wp\/v2\/posts\/26136\/revisions"}],"predecessor-version":[{"id":26138,"href":"https:\/\/marthacifuentes.com\/portada\/wp-json\/wp\/v2\/posts\/26136\/revisions\/26138"}],"wp:featuredmedia":[{"embeddable":true,"href":"https:\/\/marthacifuentes.com\/portada\/wp-json\/wp\/v2\/media\/26137"}],"wp:attachment":[{"href":"https:\/\/marthacifuentes.com\/portada\/wp-json\/wp\/v2\/media?parent=26136"}],"wp:term":[{"taxonomy":"category","embeddable":true,"href":"https:\/\/marthacifuentes.com\/portada\/wp-json\/wp\/v2\/categories?post=26136"},{"taxonomy":"post_tag","embeddable":true,"href":"https:\/\/marthacifuentes.com\/portada\/wp-json\/wp\/v2\/tags?post=26136"}],"curies":[{"name":"wp","href":"https:\/\/api.w.org\/{rel}","templated":true}]}}