{"id":26188,"date":"2021-05-11T06:33:10","date_gmt":"2021-05-11T11:33:10","guid":{"rendered":"https:\/\/marthacifuentes.com\/portada\/?p=26188"},"modified":"2021-05-11T06:33:10","modified_gmt":"2021-05-11T11:33:10","slug":"un-conjuez-definira-si-se-anula-o-no-la-eleccion-de-directora-de-corporinoquia-doris-bernal","status":"publish","type":"post","link":"https:\/\/marthacifuentes.com\/portada\/un-conjuez-definira-si-se-anula-o-no-la-eleccion-de-directora-de-corporinoquia-doris-bernal\/","title":{"rendered":"Un conjuez definir\u00e1 si se anula o no la elecci\u00f3n de directora de Corporinoquia Doris Bernal"},"content":{"rendered":"<p style=\"text-align: justify;\">En manos de un conjuez quedar\u00e1 la decisi\u00f3n de declarar o no la nulidad de la elecci\u00f3n de la directora de Corporinoquia, Doris Bernal, luego de que en la Secci\u00f3n Quinta del Consejo de Estado se presentar\u00e1 un empate entre los magistrados que deb\u00edan aprobar o improbar el caso.<\/p>\n<p style=\"text-align: justify;\">El pasado 6 de mayo los magistrados se reunieron para analizar el proyecto de fallo sobre la demanda presentada por Andr\u00e9s Ricardo S\u00e1nchez y Gonzalo Ramos, entre otros, y no se alcanz\u00f3 una mayor\u00eda decisoria y por ende ahora al Despacho le correspondi\u00f3 realizar el sorteo de un conjuez para dirimir la situaci\u00f3n.<\/p>\n<p style=\"text-align: justify;\">Esta diligencia deber\u00e1 llevarse a cabo el primer d\u00eda h\u00e1bil siguiente a la ejecutoria de esta providencia. Por lo pronto se dispondr\u00e1 mantener el expediente en la Secretar\u00eda de la Secci\u00f3n Quinta mientras se elige al conjuez.<\/p>\n<p style=\"text-align: justify;\">No deja de sorprender el hecho si se considera que en un reciente fallo del mes pasado, la Secci\u00f3n Quinta del Consejo de Estado declar\u00f3 la nulidad de la elecci\u00f3n del director de Corpocesar por una situaci\u00f3n similar a la de Corporinoquia, en virtud a que las recusaciones a los consejeros afectaron el qu\u00f3rum decisorio.<\/p>\n<h2>Otras noticias&#8230;<\/h2>\n<blockquote class=\"wp-embedded-content\" data-secret=\"BZGeC3ilUa\"><p><a href=\"https:\/\/marthacifuentes.com\/portada\/2021\/05\/11\/ya-hay-gasolina-en-yopal-y-casanare-transportadores-en-paro-aprobaron-corredor-humanitario\/\">Ya hay gasolina en Yopal y Casanare. Transportadores en paro aprobaron corredor humanitario.<\/a><\/p><\/blockquote>\n<p><iframe loading=\"lazy\" class=\"wp-embedded-content\" sandbox=\"allow-scripts\" security=\"restricted\" style=\"position: absolute; clip: rect(1px, 1px, 1px, 1px);\" title=\"\u00abYa hay gasolina en Yopal y Casanare. Transportadores en paro aprobaron corredor humanitario.\u00bb \u2014 \u25b7 Noticias de Casanare : Martha Cifuentes | Casanare\" src=\"https:\/\/marthacifuentes.com\/portada\/2021\/05\/11\/ya-hay-gasolina-en-yopal-y-casanare-transportadores-en-paro-aprobaron-corredor-humanitario\/embed\/#?secret=ZyLnx6sVpi#?secret=BZGeC3ilUa\" data-secret=\"BZGeC3ilUa\" width=\"500\" height=\"282\" frameborder=\"0\" marginwidth=\"0\" marginheight=\"0\" scrolling=\"no\"><\/iframe><\/p>\n<blockquote class=\"wp-embedded-content\" data-secret=\"uGZUNEYZDn\"><p><a href=\"https:\/\/marthacifuentes.com\/portada\/2021\/05\/10\/casanare-pierde-8-mil-millones-diarios-por-bloqueos-en-las-vias-camara-de-comercio-de-casanare\/\">Casanare pierde $8 mil millones diarios, por bloqueos en las v\u00edas: C\u00e1mara de Comercio de Casanare<\/a><\/p><\/blockquote>\n<p><iframe loading=\"lazy\" class=\"wp-embedded-content\" title=\"\u00abCasanare pierde $8 mil millones diarios, por bloqueos en las v\u00edas: C\u00e1mara de Comercio de Casanare\u00bb \u2014 \u25b7 Noticias de Casanare : Martha Cifuentes | Casanare\" src=\"https:\/\/marthacifuentes.com\/portada\/2021\/05\/10\/casanare-pierde-8-mil-millones-diarios-por-bloqueos-en-las-vias-camara-de-comercio-de-casanare\/embed\/#?secret=uGZUNEYZDn\" width=\"600\" height=\"338\" frameborder=\"0\" marginwidth=\"0\" marginheight=\"0\" scrolling=\"no\" sandbox=\"allow-scripts\" data-secret=\"uGZUNEYZDn\" data-mce-fragment=\"1\"><\/iframe><\/p>\n<blockquote class=\"wp-embedded-content\" data-secret=\"dmThV1J01F\"><p><a href=\"https:\/\/marthacifuentes.com\/portada\/2021\/05\/10\/casanare-bloqueado-y-con-desabastecimiento-de-combustibles-y-algunos-alimentos\/\">Casanare bloqueado y con desabastecimiento de combustibles y algunos alimentos<\/a><\/p><\/blockquote>\n<p><iframe loading=\"lazy\" class=\"wp-embedded-content\" title=\"\u00abCasanare bloqueado y con desabastecimiento de combustibles y algunos alimentos\u00bb \u2014 \u25b7 Noticias de Casanare : Martha Cifuentes | Casanare\" src=\"https:\/\/marthacifuentes.com\/portada\/2021\/05\/10\/casanare-bloqueado-y-con-desabastecimiento-de-combustibles-y-algunos-alimentos\/embed\/#?secret=dmThV1J01F\" width=\"600\" height=\"338\" frameborder=\"0\" marginwidth=\"0\" marginheight=\"0\" scrolling=\"no\" sandbox=\"allow-scripts\" data-secret=\"dmThV1J01F\" data-mce-fragment=\"1\"><\/iframe><\/p>\n<blockquote class=\"wp-embedded-content\" data-secret=\"Iw3RZHZmKT\"><p><a href=\"https:\/\/marthacifuentes.com\/portada\/2021\/05\/06\/planta-de-oxigeno-de-horo-en-casanare-autorizada-para-funcionar\/\">Planta de ox\u00edgeno de Horo en Casanare, autorizada para funcionar<\/a><\/p><\/blockquote>\n<p><iframe loading=\"lazy\" class=\"wp-embedded-content\" title=\"\u00abPlanta de ox\u00edgeno de Horo en Casanare, autorizada para funcionar\u00bb \u2014 \u25b7 Noticias de Casanare : Martha Cifuentes | Casanare\" src=\"https:\/\/marthacifuentes.com\/portada\/2021\/05\/06\/planta-de-oxigeno-de-horo-en-casanare-autorizada-para-funcionar\/embed\/#?secret=Iw3RZHZmKT\" width=\"600\" height=\"338\" frameborder=\"0\" marginwidth=\"0\" marginheight=\"0\" scrolling=\"no\" sandbox=\"allow-scripts\" data-secret=\"Iw3RZHZmKT\" data-mce-fragment=\"1\"><\/iframe><\/p>\n<p><iframe loading=\"lazy\" class=\"wp-embedded-content\" title=\"\u00abCasanare amanece incomunicada, con desabastecimiento combustibles y algunos alimentos\u00bb \u2014 \u25b7 Noticias de Casanare : Martha Cifuentes | Casanare\" src=\"https:\/\/marthacifuentes.com\/portada\/2021\/05\/06\/casanare-amanece-incomunicada-con-desabastecimiento-combustibles-y-algunos-alimentos\/embed\/#?secret=LSTVF9Cqnk\" width=\"600\" height=\"589\" frameborder=\"0\" marginwidth=\"0\" marginheight=\"0\" scrolling=\"no\" sandbox=\"allow-scripts\" data-secret=\"LSTVF9Cqnk\" data-mce-fragment=\"1\"><\/iframe><\/p>\n<p><iframe loading=\"lazy\" class=\"wp-embedded-content\" title=\"\u00abToque de queda en Casanare entre 9 pm y 5 am del d\u00eda siguiente, desde hoy y hasta el lunes 10 de mayo\u00bb \u2014 \u25b7 Noticias de Casanare : Martha Cifuentes | Casanare\" src=\"https:\/\/marthacifuentes.com\/portada\/2021\/05\/05\/toque-de-queda-en-casanare-entre-9-pm-y-5-am-desde-hoy-y-hasta-el-lunes-10-de-mayo\/embed\/#?secret=JcUZUSleHP\" width=\"600\" height=\"558\" frameborder=\"0\" marginwidth=\"0\" marginheight=\"0\" scrolling=\"no\" sandbox=\"allow-scripts\" data-secret=\"JcUZUSleHP\" data-mce-fragment=\"1\"><\/iframe><\/p>\n<p><iframe loading=\"lazy\" class=\"wp-embedded-content\" title=\"\u00abCaso de falsos positivos de Casanare avanza en la JEP. Habl\u00f3 excomandante Brigada 16 en 2005\u00bb \u2014 \u25b7 Noticias de Casanare : Martha Cifuentes | Casanare\" src=\"https:\/\/marthacifuentes.com\/portada\/2021\/05\/04\/caso-de-falsos-positivos-de-casanare-avanza-en-la-jep-hablo-excomandante-brigada-16-en-2005\/embed\/#?secret=WYXI76mYe3\" width=\"600\" height=\"606\" frameborder=\"0\" marginwidth=\"0\" marginheight=\"0\" scrolling=\"no\" sandbox=\"allow-scripts\" data-secret=\"WYXI76mYe3\" data-mce-fragment=\"1\"><\/iframe><\/p>\n<p><iframe loading=\"lazy\" class=\"wp-embedded-content\" title=\"\u00abEn Yopal sigue movilizaci\u00f3n social contra el gobierno nacional. Escepticismo con ca\u00edda de la RT.\u00bb \u2014 \u25b7 Noticias de Casanare : Martha Cifuentes | Casanare\" src=\"https:\/\/marthacifuentes.com\/portada\/2021\/05\/03\/en-yopal-sigue-movilizacion-social-contra-el-gobierno-nacional-escepticismo-con-caida-de-la-rt\/embed\/#?secret=LC2b3XR3KL\" width=\"600\" height=\"578\" frameborder=\"0\" marginwidth=\"0\" marginheight=\"0\" scrolling=\"no\" sandbox=\"allow-scripts\" data-secret=\"LC2b3XR3KL\" data-mce-fragment=\"1\"><\/iframe><\/p>\n<p><iframe loading=\"lazy\" class=\"wp-embedded-content\" title=\"\u00abCasanare acorralado, sin UCIs disponibles y con pacientes necesit\u00e1ndolas\u00bb \u2014 \u25b7 Noticias de Casanare : Martha Cifuentes | Casanare\" src=\"https:\/\/marthacifuentes.com\/portada\/2021\/05\/03\/casanare-acorralado-sin-ucis-disponibles-y-con-pacientes-necesitandolas\/embed\/#?secret=Y1LCTkExWf\" width=\"600\" height=\"589\" frameborder=\"0\" marginwidth=\"0\" marginheight=\"0\" scrolling=\"no\" sandbox=\"allow-scripts\" data-secret=\"Y1LCTkExWf\" data-mce-fragment=\"1\"><\/iframe><\/p>\n<p><iframe loading=\"lazy\" class=\"wp-embedded-content\" title=\"\u00abQui\u00e9nes pueden salir o no en confinamiento y toque de queda en Yopal\u00bb \u2014 \u25b7 Noticias de Casanare : Martha Cifuentes | Casanare\" src=\"https:\/\/marthacifuentes.com\/portada\/2021\/04\/30\/quienes-pueden-salir-o-no-en-confinamiento-y-toque-de-queda-en-yopal\/embed\/#?secret=LkB8sWTNAL\" width=\"600\" height=\"589\" frameborder=\"0\" marginwidth=\"0\" marginheight=\"0\" scrolling=\"no\" sandbox=\"allow-scripts\" data-secret=\"LkB8sWTNAL\" data-mce-fragment=\"1\"><\/iframe><\/p>\n<p><iframe loading=\"lazy\" class=\"wp-embedded-content\" title=\"\u00abCiudadanos de Yopal respaldaron paro contra reforma tributaria. Protesta fue opacada por enfrentamientos de Esmad y j\u00f3venes.\u00bb \u2014 \u25b7 Noticias de Casanare : Martha Cifuentes | Casanare\" src=\"https:\/\/marthacifuentes.com\/portada\/2021\/04\/29\/ciudadanos-de-yopal-respaldaron-paro-contra-reforma-tributaria-protesta-fue-opacada-por-enfrentamientos-de-esmad-y-jovenes\/embed\/#?secret=9GG2pdO2Oy\" width=\"600\" height=\"606\" frameborder=\"0\" marginwidth=\"0\" marginheight=\"0\" scrolling=\"no\" sandbox=\"allow-scripts\" data-secret=\"9GG2pdO2Oy\" data-mce-fragment=\"1\"><\/iframe><\/p>\n<p><iframe loading=\"lazy\" class=\"wp-embedded-content\" title=\"\u00abEn Yopal: 1 de cada 5 personas tendr\u00eda Covid-19. Heridos en accidentes viales copan UCIs en Casanare\u00bb \u2014 \u25b7 Noticias de Casanare : Martha Cifuentes | Casanare\" src=\"https:\/\/marthacifuentes.com\/portada\/2021\/04\/27\/en-yopal-1-de-cada-5-personas-tendria-covid-19-heridos-en-accidentes-viales-copan-ucis-en-casanare\/embed\/#?secret=Cs9bwr1Rym\" width=\"600\" height=\"613\" frameborder=\"0\" marginwidth=\"0\" marginheight=\"0\" scrolling=\"no\" sandbox=\"allow-scripts\" data-secret=\"Cs9bwr1Rym\" data-mce-fragment=\"1\"><\/iframe><\/p>\n<p><iframe loading=\"lazy\" class=\"wp-embedded-content\" title=\"\u00abEn Casanare, m\u00e1s pacientes por accidentes de tr\u00e1nsito que por Covid-19, durante el fin de semana\u00bb \u2014 \u25b7 Noticias de Casanare : Martha Cifuentes | Casanare\" src=\"https:\/\/marthacifuentes.com\/portada\/2021\/04\/20\/en-casanare-mas-pacientes-por-accidentes-de-transito-que-por-covid-19-durante-el-fin-de-semana\/embed\/#?secret=7JeCrmMaJC\" width=\"600\" height=\"562\" frameborder=\"0\" marginwidth=\"0\" marginheight=\"0\" scrolling=\"no\" sandbox=\"allow-scripts\" data-secret=\"7JeCrmMaJC\" data-mce-fragment=\"1\"><\/iframe><\/p>\n<p><iframe loading=\"lazy\" class=\"wp-embedded-content\" title=\"\u00abEn pleno 3er pico de la pandemia del Covid-19 se va secretaria de Salud de Casanare Yenny D\u00edaz. Gobernador acept\u00f3 su renuncia\u00bb \u2014 \u25b7 Noticias de Casanare : Martha Cifuentes | Casanare\" src=\"https:\/\/marthacifuentes.com\/portada\/2021\/04\/20\/en-pleno-3er-pico-de-la-pandemia-del-covid-19-se-va-secretaria-de-salud-de-casanare-yenny-diaz-gobernador-acepto-su-renuncia\/embed\/#?secret=i9kXSQ3lLI\" width=\"600\" height=\"617\" frameborder=\"0\" marginwidth=\"0\" marginheight=\"0\" scrolling=\"no\" sandbox=\"allow-scripts\" data-secret=\"i9kXSQ3lLI\" data-mce-fragment=\"1\"><\/iframe><\/p>\n<p><iframe loading=\"lazy\" class=\"wp-embedded-content\" title=\"\u00abCovid-19 sigue causando luto en Casanare. Robert Preciado, su mam\u00e1 Yolanda C\u00e1rdenas y Danilo S\u00e1nchez, fallecieron\u00bb \u2014 \u25b7 Noticias de Casanare : Martha Cifuentes | Casanare\" src=\"https:\/\/marthacifuentes.com\/portada\/2021\/04\/19\/covid-19-sigue-causando-luto-en-casanare-robert-preciado-su-mama-yolanda-cardenas-y-danilo-sanchez-fallecieron\/embed\/#?secret=1p6L3sPRqF\" width=\"600\" height=\"617\" frameborder=\"0\" marginwidth=\"0\" marginheight=\"0\" scrolling=\"no\" sandbox=\"allow-scripts\" data-secret=\"1p6L3sPRqF\" data-mce-fragment=\"1\"><\/iframe><\/p>\n<p><iframe loading=\"lazy\" class=\"wp-embedded-content\" title=\"\u00abLa muerte \u201crecorre\u201d las carreteras de Casanare. Dos v\u00edctimas fatales y 64 heridos este fin de semana\u00bb \u2014 \u25b7 Noticias de Casanare : Martha Cifuentes | Casanare\" src=\"https:\/\/marthacifuentes.com\/portada\/2021\/04\/19\/la-muerte-recorre-las-carreteras-de-casanare-dos-victimas-fatales-y-64-heridos-este-fin-de-semana\/embed\/#?secret=snjKtowp5q\" width=\"600\" height=\"589\" frameborder=\"0\" marginwidth=\"0\" marginheight=\"0\" scrolling=\"no\" sandbox=\"allow-scripts\" data-secret=\"snjKtowp5q\" data-mce-fragment=\"1\"><\/iframe><\/p>\n<p><iframe loading=\"lazy\" class=\"wp-embedded-content\" title=\"\u00abAnte solicitud de la vicepresidente, Procuradur\u00eda abri\u00f3 indagaci\u00f3n preliminar contra alcalde de Yopal por conducta xen\u00f3foba y estigmatizaci\u00f3n de trabajadoras sexuales\u00bb \u2014 \u25b7 Noticias de Casanare : Martha Cifuentes | Casanare\" src=\"https:\/\/marthacifuentes.com\/portada\/2021\/04\/14\/ante-solicitud-de-la-vicepresidente-procuraduria-abrio-indagacion-preliminar-contra-alcalde-de-yopal-por-conducta-xenofoba-y-estigmatizacion-de-trabajadoras-sexuales\/embed\/#?secret=UynLppGszV\" width=\"600\" height=\"644\" frameborder=\"0\" marginwidth=\"0\" marginheight=\"0\" scrolling=\"no\" sandbox=\"allow-scripts\" data-secret=\"UynLppGszV\" data-mce-fragment=\"1\"><\/iframe><\/p>\n<p><iframe loading=\"lazy\" class=\"wp-embedded-content\" title=\"\u00abAlcalde de Yopal, genera polvareda nacional con sugerencia de \u201cconsumir producto colombiano\u201d, al referirse a trabajadora sexuales venezolanas\u00bb \u2014 \u25b7 Noticias de Casanare : Martha Cifuentes | Casanare\" src=\"https:\/\/marthacifuentes.com\/portada\/2021\/04\/14\/alcalde-de-yopal-genera-polvareda-nacional-con-sugerencia-de-consumir-producto-colombiano-al-referirse-a-trabajadora-sexuales-venezolanas\/embed\/#?secret=D9lkfBsCB0\" width=\"600\" height=\"617\" frameborder=\"0\" marginwidth=\"0\" marginheight=\"0\" scrolling=\"no\" sandbox=\"allow-scripts\" data-secret=\"D9lkfBsCB0\" data-mce-fragment=\"1\"><\/iframe><\/p>\n<p><iframe loading=\"lazy\" class=\"wp-embedded-content\" title=\"\u00abGerente y supervisor de Findeter y gobernantes de Casanare ser\u00e1n investigados por negligencia y falta de planeaci\u00f3n en contrato de la PTAP Yopal\u00bb \u2014 \u25b7 Noticias de Casanare : Martha Cifuentes | Casanare\" src=\"https:\/\/marthacifuentes.com\/portada\/2021\/04\/09\/gerente-y-supervisor-de-findeter-y-gobernantes-de-casanare-seran-investigados-por-negligencia-y-falta-de-planeacion-en-contrato-de-la-ptap-yopal\/embed\/#?secret=wjUHUUbqCS\" width=\"600\" height=\"617\" frameborder=\"0\" marginwidth=\"0\" marginheight=\"0\" scrolling=\"no\" sandbox=\"allow-scripts\" data-secret=\"wjUHUUbqCS\" data-mce-fragment=\"1\"><\/iframe><\/p>\n<p><iframe loading=\"lazy\" class=\"wp-embedded-content\" title=\"\u00ab72% de empresas de Casanare renovaron matr\u00edcula mercantil a 31 de marzo.\u00bb \u2014 \u25b7 Noticias de Casanare : Martha Cifuentes | Casanare\" src=\"https:\/\/marthacifuentes.com\/portada\/2021\/04\/08\/72-de-empresas-de-casanare-renovaron-matricula-mercantil-a-31-de-marzo\/embed\/#?secret=fhs6tYEL4k\" width=\"600\" height=\"589\" frameborder=\"0\" marginwidth=\"0\" marginheight=\"0\" scrolling=\"no\" sandbox=\"allow-scripts\" data-secret=\"fhs6tYEL4k\" data-mce-fragment=\"1\"><\/iframe><\/p>\n<p><iframe loading=\"lazy\" class=\"wp-embedded-content\" title=\"\u00abAl menos 5 municipios de Casanare y 3 de Boyac\u00e1 en alto riego por amenazas de las Autodefensas Gaitanistas de Colombia: Defensor\u00eda del Pueblo\u00bb \u2014 \u25b7 Noticias de Casanare : Martha Cifuentes | Casanare\" src=\"https:\/\/marthacifuentes.com\/portada\/2021\/04\/06\/al-menos-5-municipios-de-casanare-y-3-de-boyaca-en-alto-riego-por-amenazas-de-las-autodefensas-gaitanistas-de-colombia-defensoria-del-pueblo\/embed\/#?secret=8qNIWdAek3\" width=\"600\" height=\"641\" frameborder=\"0\" marginwidth=\"0\" marginheight=\"0\" scrolling=\"no\" sandbox=\"allow-scripts\" data-secret=\"8qNIWdAek3\" data-mce-fragment=\"1\"><\/iframe><\/p>\n<p><iframe loading=\"lazy\" class=\"wp-embedded-content\" title=\"\u00abEmbargadas cuentas de la EAAAY hasta $3 mil millones por deuda de la realizaci\u00f3n de la planta modular\u00bb \u2014 \u25b7 Noticias de Casanare : Martha Cifuentes | Casanare\" src=\"https:\/\/marthacifuentes.com\/portada\/2021\/04\/06\/embargadas-cuentas-de-la-eaaay-hasta-3-mil-millones-por-deuda-de-la-realizacion-de-la-planta-modular\/embed\/#?secret=qulDQf1ApQ\" width=\"600\" height=\"622\" frameborder=\"0\" marginwidth=\"0\" marginheight=\"0\" scrolling=\"no\" sandbox=\"allow-scripts\" data-secret=\"qulDQf1ApQ\" data-mce-fragment=\"1\"><\/iframe><\/p>\n<p><iframe loading=\"lazy\" class=\"wp-embedded-content\" title=\"\u00abCasi una d\u00e9cada tomar\u00e1 la realizaci\u00f3n de obras viales del Pacto Bicentenario en Casanare\u00bb \u2014 \u25b7 Noticias de Casanare : Martha Cifuentes | Casanare\" src=\"https:\/\/marthacifuentes.com\/portada\/2021\/04\/05\/casi-una-decada-tomara-la-realizacion-de-obras-viales-del-pacto-bicentenario-en-casanare\/embed\/#?secret=Q3mnpONlZC\" width=\"600\" height=\"569\" frameborder=\"0\" marginwidth=\"0\" marginheight=\"0\" scrolling=\"no\" sandbox=\"allow-scripts\" data-secret=\"Q3mnpONlZC\" data-mce-fragment=\"1\"><\/iframe><\/p>\n<p><iframe loading=\"lazy\" class=\"wp-embedded-content\" title=\"\u00abContralor\u00eda evidenci\u00f3 sobrecosto de 17% en contratos viales por $164 mil millones, realizados en los gobiernos de Nelson Mari\u00f1o y Marco Tulio Ru\u00edz\u00bb \u2014 \u25b7 Noticias de Casanare : Martha Cifuentes | Casanare\" src=\"https:\/\/marthacifuentes.com\/portada\/2021\/03\/30\/contraloria-evidencio-sobrecosto-de-17-en-contratos-viales-por-164-mil-millones-realizados-en-los-gobiernos-de-nelson-marino-y-marco-tulio-ruiz\/embed\/#?secret=XKDQ9Y5Zcb\" width=\"600\" height=\"617\" frameborder=\"0\" marginwidth=\"0\" marginheight=\"0\" scrolling=\"no\" sandbox=\"allow-scripts\" data-secret=\"XKDQ9Y5Zcb\" data-mce-fragment=\"1\"><\/iframe><\/p>\n<p><iframe loading=\"lazy\" class=\"wp-embedded-content\" title=\"\u00abMalec\u00f3n de Yopal en riesgo de naufragio. Gobiernos Nacional y Departamental en orillas distintas.\u00bb \u2014 \u25b7 Noticias de Casanare : Martha Cifuentes | Casanare\" src=\"https:\/\/marthacifuentes.com\/portada\/2021\/03\/25\/malecon-de-yopal-en-riesgo-de-naufragio-gobiernos-nacional-y-departamental-en-orillas-distintas\/embed\/#?secret=Jgy0THzSAU\" width=\"600\" height=\"589\" frameborder=\"0\" marginwidth=\"0\" marginheight=\"0\" scrolling=\"no\" sandbox=\"allow-scripts\" data-secret=\"Jgy0THzSAU\" data-mce-fragment=\"1\"><\/iframe><\/p>\n<p><iframe loading=\"lazy\" class=\"wp-embedded-content\" title=\"\u00abEstocada para la diputada \u201cTo\u00f1a\u201d Lady Patricia Boh\u00f3rquez. Se decret\u00f3 su muerte pol\u00edtica\u00bb \u2014 \u25b7 Noticias de Casanare : Martha Cifuentes | Casanare\" src=\"https:\/\/marthacifuentes.com\/portada\/2021\/03\/24\/estocada-para-la-diputada-tona-lady-patricia-bohorquez-se-decreto-su-muerte-politica\/embed\/#?secret=ignzYtEY1c\" width=\"600\" height=\"589\" frameborder=\"0\" marginwidth=\"0\" marginheight=\"0\" scrolling=\"no\" sandbox=\"allow-scripts\" data-secret=\"ignzYtEY1c\" data-mce-fragment=\"1\"><\/iframe><\/p>\n<p><iframe loading=\"lazy\" class=\"wp-embedded-content\" title=\"\u00abInici\u00f3 Fase cero o piloto de atenci\u00f3n en centro migratorio de venezolanos en Yopal\u00bb \u2014 \u25b7 Noticias de Casanare : Martha Cifuentes | Casanare\" src=\"https:\/\/marthacifuentes.com\/portada\/2021\/03\/19\/inicio-fase-cero-o-piloto-de-atencion-en-centro-migratorio-de-venezolanos-en-yopal\/embed\/#?secret=RN6XN8c4UU\" width=\"600\" height=\"589\" frameborder=\"0\" marginwidth=\"0\" marginheight=\"0\" scrolling=\"no\" sandbox=\"allow-scripts\" data-secret=\"RN6XN8c4UU\" data-mce-fragment=\"1\"><\/iframe><\/p>\n<p><iframe loading=\"lazy\" class=\"wp-embedded-content\" title=\"\u00abSegundo fallo en contra de diputada de Casanare Lady Patricia Boh\u00f3rquez, \u201cTo\u00f1a\u201d. Ahora decretaron nula su elecci\u00f3n.\u00bb \u2014 \u25b7 Noticias de Casanare : Martha Cifuentes | Casanare\" src=\"https:\/\/marthacifuentes.com\/portada\/2021\/03\/19\/segundo-fallo-en-contra-de-diputada-de-casanare-lady-patricia-bohorquez-tona-ahora-decretaron-nula-su-eleccion\/embed\/#?secret=mahx1uG6Lg\" width=\"600\" height=\"617\" frameborder=\"0\" marginwidth=\"0\" marginheight=\"0\" scrolling=\"no\" sandbox=\"allow-scripts\" data-secret=\"mahx1uG6Lg\" data-mce-fragment=\"1\"><\/iframe><\/p>\n<p><iframe loading=\"lazy\" class=\"wp-embedded-content\" title=\"\u00abEcopetrol reactiva programa de formaci\u00f3n cultural \u201cSembrando Joropo\u201d, en El Morro, Yopal\u00bb \u2014 \u25b7 Noticias de Casanare : Martha Cifuentes | Casanare\" src=\"https:\/\/marthacifuentes.com\/portada\/2021\/03\/17\/ecopetrol-reactiva-programa-de-formacion-cultural-sembrando-joropo-en-el-morro-yopal\/embed\/#?secret=4QXOVGFtSo\" width=\"600\" height=\"589\" frameborder=\"0\" marginwidth=\"0\" marginheight=\"0\" scrolling=\"no\" sandbox=\"allow-scripts\" data-secret=\"4QXOVGFtSo\" data-mce-fragment=\"1\"><\/iframe><\/p>\n<p><iframe loading=\"lazy\" class=\"wp-embedded-content\" title=\"\u00abC\u00e9sar Ortiz Zorro busca en altas cortes judiciales prohibir el Fracking para proteger el ambiente y econom\u00eda del pa\u00eds\u00bb \u2014 \u25b7 Noticias de Casanare : Martha Cifuentes | Casanare\" src=\"https:\/\/marthacifuentes.com\/portada\/2021\/03\/16\/cesar-ortiz-zorro-busca-en-altas-cortes-judiciales-prohibir-el-fracking-para-proteger-el-ambiente-y-economia-del-pais\/embed\/#?secret=FgEZdyDTNB\" width=\"600\" height=\"598\" frameborder=\"0\" marginwidth=\"0\" marginheight=\"0\" scrolling=\"no\" sandbox=\"allow-scripts\" data-secret=\"FgEZdyDTNB\" data-mce-fragment=\"1\"><\/iframe><\/p>\n<p><iframe loading=\"lazy\" class=\"wp-embedded-content\" title=\"\u00abLa \u201cmordida\u201d del exgobernador de Casanare Hel\u00ed Cala L\u00f3pez que lo tiene en la mira de la Fiscal\u00eda\u00bb \u2014 \u25b7 Noticias de Casanare : Martha Cifuentes | Casanare\" src=\"https:\/\/marthacifuentes.com\/portada\/2021\/03\/16\/la-mordida-del-exgobernador-de-casanare-heli-cala-lopez-que-lo-tiene-en-la-mira-de-la-fiscalia\/embed\/#?secret=EUmsRk4WI3\" width=\"600\" height=\"613\" frameborder=\"0\" marginwidth=\"0\" marginheight=\"0\" scrolling=\"no\" sandbox=\"allow-scripts\" data-secret=\"EUmsRk4WI3\" data-mce-fragment=\"1\"><\/iframe><\/p>\n<p><iframe loading=\"lazy\" class=\"wp-embedded-content\" title=\"\u00abDescuento de 5% a empresarios para renovar su matr\u00edcula mercantil antes del 31 de marzo\u00bb \u2014 \u25b7 Noticias de Casanare : Martha Cifuentes | Casanare\" src=\"https:\/\/marthacifuentes.com\/portada\/2021\/03\/15\/descuento-de-5-a-empresarios-para-renovar-su-matricula-mercantil-antes-del-31-de-marzo\/embed\/#?secret=YdhFwngs1g\" width=\"600\" height=\"589\" frameborder=\"0\" marginwidth=\"0\" marginheight=\"0\" scrolling=\"no\" sandbox=\"allow-scripts\" data-secret=\"YdhFwngs1g\" data-mce-fragment=\"1\"><\/iframe><\/p>\n<p><iframe loading=\"lazy\" class=\"wp-embedded-content\" title=\"\u00abGobernaci\u00f3n de Casanare se salv\u00f3 de pagar millonaria multa a Supersalud, que err\u00f3 en notificaci\u00f3n de sanci\u00f3n\u00bb \u2014 \u25b7 Noticias de Casanare : Martha Cifuentes | Casanare\" src=\"https:\/\/marthacifuentes.com\/portada\/2021\/03\/11\/gobernacion-de-casanare-se-salvo-de-pagar-millonaria-multa-a-supersalud-que-erro-en-notificacion-de-sancion\/embed\/#?secret=CefnfEaFjt\" width=\"600\" height=\"617\" frameborder=\"0\" marginwidth=\"0\" marginheight=\"0\" scrolling=\"no\" sandbox=\"allow-scripts\" data-secret=\"CefnfEaFjt\" data-mce-fragment=\"1\"><\/iframe><\/p>\n<p><iframe loading=\"lazy\" class=\"wp-embedded-content\" title=\"\u00abEj\u00e9rcito, Polic\u00eda, gobiernos nacional y de Casanare no son responsables de omisi\u00f3n en cumplimiento de sus funciones en relaci\u00f3n a atentado a maquinaria de Serpet en Yopal\u00bb \u2014 \u25b7 Noticias de Casanare : Martha Cifuentes | Casanare\" src=\"https:\/\/marthacifuentes.com\/portada\/2021\/03\/11\/ejercito-policia-gobiernos-nacional-y-de-casanare-no-son-responsables-de-omision-en-cumplimiento-de-sus-funciones-en-relacion-a-atentado-a-maquinaria-de-serpet-en-yopal\/embed\/#?secret=2hdREpVzzY\" width=\"600\" height=\"644\" frameborder=\"0\" marginwidth=\"0\" marginheight=\"0\" scrolling=\"no\" sandbox=\"allow-scripts\" data-secret=\"2hdREpVzzY\" data-mce-fragment=\"1\"><\/iframe><\/p>\n<p><iframe loading=\"lazy\" class=\"wp-embedded-content\" title=\"\u00abLos exparamilitares Mart\u00edn Llanos y su padre H\u00e9ctor Buitrago y el exguerrillero Pastor Alape, unidos, quieren hablar en la Comisi\u00f3n de la Verdad\u00bb \u2014 \u25b7 Noticias de Casanare : Martha Cifuentes | Casanare\" src=\"https:\/\/marthacifuentes.com\/portada\/2021\/03\/11\/los-exparamilitares-martin-llanos-y-su-padre-hector-buitrago-y-el-exguerrillero-pastor-alape-unidos-quieren-hablar-en-la-comision-de-la-verdad\/embed\/#?secret=YQM20Z7qwC\" width=\"600\" height=\"641\" frameborder=\"0\" marginwidth=\"0\" marginheight=\"0\" scrolling=\"no\" sandbox=\"allow-scripts\" data-secret=\"YQM20Z7qwC\" data-mce-fragment=\"1\"><\/iframe><\/p>\n<p><iframe loading=\"lazy\" class=\"wp-embedded-content\" title=\"\u00abProcuradur\u00eda investigar\u00e1 caso de periodista empresario de Casanare, vacunado contra el Covid-19, en primera fase\u00bb \u2014 \u25b7 Noticias de Casanare : Martha Cifuentes | Casanare\" src=\"https:\/\/marthacifuentes.com\/portada\/2021\/03\/10\/procuraduria-investigara-caso-de-periodista-empresario-de-casanare-vacunado-contra-el-covid-19-en-primera-fase\/embed\/#?secret=65lshfMlXA\" width=\"600\" height=\"641\" frameborder=\"0\" marginwidth=\"0\" marginheight=\"0\" scrolling=\"no\" sandbox=\"allow-scripts\" data-secret=\"65lshfMlXA\" data-mce-fragment=\"1\"><\/iframe><\/p>\n<p>&nbsp;<\/p>\n<p>&nbsp;<\/p>\n","protected":false},"excerpt":{"rendered":"<p>En manos de un conjuez quedar\u00e1 la decisi\u00f3n de declarar o no la nulidad de la elecci\u00f3n de la directora de Corporinoquia, Doris Bernal, luego de que en la Secci\u00f3n Quinta del Consejo de Estado se presentar\u00e1 un empate entre los magistrados que deb\u00edan aprobar o improbar el caso. El pasado 6 de mayo los &hellip;<\/p>\n","protected":false},"author":2,"featured_media":26189,"comment_status":"open","ping_status":"open","sticky":false,"template":"","format":"standard","meta":{"om_disable_all_campaigns":false,"_exactmetrics_skip_tracking":false,"_exactmetrics_sitenote_active":false,"_exactmetrics_sitenote_note":"","_exactmetrics_sitenote_category":0,"_monsterinsights_skip_tracking":false,"_monsterinsights_sitenote_active":false,"_monsterinsights_sitenote_note":"","_monsterinsights_sitenote_category":0,"_uf_show_specific_survey":0,"_uf_disable_surveys":false,"_joinchat":[],"footnotes":""},"categories":[147,146,145],"tags":[1373,5584,5583,1400,1421,1376],"class_list":["post-26188","post","type-post","status-publish","format-standard","has-post-thumbnail","hentry","category-actualidad","category-noticias","category-reportajes","tag-casanare-noticias","tag-consejo-de-estado-doris-bernal-corporinoquia","tag-corporinoquia-doris-bernal","tag-noticias-casanare","tag-noticias-yopal","tag-yopal-noticias"],"yoast_head":"<!-- This site is optimized with the Yoast SEO plugin v26.1 - https:\/\/yoast.com\/wordpress\/plugins\/seo\/ -->\n<title>Un conjuez definir\u00e1 si se anula o no la elecci\u00f3n de directora de Corporinoquia Doris Bernal - \u25b7 Noticias de Casanare : Martha Cifuentes | Casanare<\/title>\n<meta name=\"robots\" content=\"index, follow, max-snippet:-1, max-image-preview:large, max-video-preview:-1\" \/>\n<link rel=\"canonical\" href=\"https:\/\/marthacifuentes.com\/portada\/un-conjuez-definira-si-se-anula-o-no-la-eleccion-de-directora-de-corporinoquia-doris-bernal\/\" \/>\n<meta property=\"og:locale\" content=\"es_ES\" \/>\n<meta property=\"og:type\" content=\"article\" \/>\n<meta property=\"og:title\" content=\"Un conjuez definir\u00e1 si se anula o no la elecci\u00f3n de directora de Corporinoquia Doris Bernal - \u25b7 Noticias de Casanare : Martha Cifuentes | Casanare\" \/>\n<meta property=\"og:description\" content=\"En manos de un conjuez quedar\u00e1 la decisi\u00f3n de declarar o no la nulidad de la elecci\u00f3n de la directora de Corporinoquia, Doris Bernal, luego de que en la Secci\u00f3n Quinta del Consejo de Estado se presentar\u00e1 un empate entre los magistrados que deb\u00edan aprobar o improbar el caso. El pasado 6 de mayo los &hellip;\" \/>\n<meta property=\"og:url\" content=\"https:\/\/marthacifuentes.com\/portada\/un-conjuez-definira-si-se-anula-o-no-la-eleccion-de-directora-de-corporinoquia-doris-bernal\/\" \/>\n<meta property=\"og:site_name\" content=\"\u25b7 Noticias de Casanare : Martha Cifuentes | Casanare\" \/>\n<meta property=\"article:published_time\" content=\"2021-05-11T11:33:10+00:00\" \/>\n<meta property=\"og:image\" content=\"https:\/\/marthacifuentes.com\/portada\/wp-content\/uploads\/2021\/05\/DORIS-BERNAL-ALIRIO-BARRERA-765x405-1.jpg\" \/>\n\t<meta property=\"og:image:width\" content=\"765\" \/>\n\t<meta property=\"og:image:height\" content=\"405\" \/>\n\t<meta property=\"og:image:type\" content=\"image\/jpeg\" \/>\n<meta name=\"author\" content=\"Martha Cifuentes\" \/>\n<meta name=\"twitter:card\" content=\"summary_large_image\" \/>\n<meta name=\"twitter:label1\" content=\"Escrito por\" \/>\n\t<meta name=\"twitter:data1\" content=\"Martha Cifuentes\" \/>\n\t<meta name=\"twitter:label2\" content=\"Tiempo de lectura\" \/>\n\t<meta name=\"twitter:data2\" content=\"1 minuto\" \/>\n<script type=\"application\/ld+json\" class=\"yoast-schema-graph\">{\"@context\":\"https:\/\/schema.org\",\"@graph\":[{\"@type\":\"WebPage\",\"@id\":\"https:\/\/marthacifuentes.com\/portada\/un-conjuez-definira-si-se-anula-o-no-la-eleccion-de-directora-de-corporinoquia-doris-bernal\/\",\"url\":\"https:\/\/marthacifuentes.com\/portada\/un-conjuez-definira-si-se-anula-o-no-la-eleccion-de-directora-de-corporinoquia-doris-bernal\/\",\"name\":\"Un conjuez definir\u00e1 si se anula o no la elecci\u00f3n de directora de Corporinoquia Doris Bernal - \u25b7 Noticias de Casanare : Martha Cifuentes | Casanare\",\"isPartOf\":{\"@id\":\"https:\/\/marthacifuentes.com\/portada\/#website\"},\"primaryImageOfPage\":{\"@id\":\"https:\/\/marthacifuentes.com\/portada\/un-conjuez-definira-si-se-anula-o-no-la-eleccion-de-directora-de-corporinoquia-doris-bernal\/#primaryimage\"},\"image\":{\"@id\":\"https:\/\/marthacifuentes.com\/portada\/un-conjuez-definira-si-se-anula-o-no-la-eleccion-de-directora-de-corporinoquia-doris-bernal\/#primaryimage\"},\"thumbnailUrl\":\"https:\/\/marthacifuentes.com\/portada\/wp-content\/uploads\/2021\/05\/DORIS-BERNAL-ALIRIO-BARRERA-765x405-1.jpg\",\"datePublished\":\"2021-05-11T11:33:10+00:00\",\"author\":{\"@id\":\"https:\/\/marthacifuentes.com\/portada\/#\/schema\/person\/57f53174b991db5f90ff78d58502b714\"},\"breadcrumb\":{\"@id\":\"https:\/\/marthacifuentes.com\/portada\/un-conjuez-definira-si-se-anula-o-no-la-eleccion-de-directora-de-corporinoquia-doris-bernal\/#breadcrumb\"},\"inLanguage\":\"es\",\"potentialAction\":[{\"@type\":\"ReadAction\",\"target\":[\"https:\/\/marthacifuentes.com\/portada\/un-conjuez-definira-si-se-anula-o-no-la-eleccion-de-directora-de-corporinoquia-doris-bernal\/\"]}]},{\"@type\":\"ImageObject\",\"inLanguage\":\"es\",\"@id\":\"https:\/\/marthacifuentes.com\/portada\/un-conjuez-definira-si-se-anula-o-no-la-eleccion-de-directora-de-corporinoquia-doris-bernal\/#primaryimage\",\"url\":\"https:\/\/marthacifuentes.com\/portada\/wp-content\/uploads\/2021\/05\/DORIS-BERNAL-ALIRIO-BARRERA-765x405-1.jpg\",\"contentUrl\":\"https:\/\/marthacifuentes.com\/portada\/wp-content\/uploads\/2021\/05\/DORIS-BERNAL-ALIRIO-BARRERA-765x405-1.jpg\",\"width\":765,\"height\":405},{\"@type\":\"BreadcrumbList\",\"@id\":\"https:\/\/marthacifuentes.com\/portada\/un-conjuez-definira-si-se-anula-o-no-la-eleccion-de-directora-de-corporinoquia-doris-bernal\/#breadcrumb\",\"itemListElement\":[{\"@type\":\"ListItem\",\"position\":1,\"name\":\"Portada\",\"item\":\"https:\/\/marthacifuentes.com\/portada\/\"},{\"@type\":\"ListItem\",\"position\":2,\"name\":\"Un conjuez definir\u00e1 si se anula o no la elecci\u00f3n de directora de Corporinoquia Doris Bernal\"}]},{\"@type\":\"WebSite\",\"@id\":\"https:\/\/marthacifuentes.com\/portada\/#website\",\"url\":\"https:\/\/marthacifuentes.com\/portada\/\",\"name\":\"\u25b7 Noticias de Casanare : Martha Cifuentes | Casanare\",\"description\":\"Noticias &amp; Contenidos\",\"potentialAction\":[{\"@type\":\"SearchAction\",\"target\":{\"@type\":\"EntryPoint\",\"urlTemplate\":\"https:\/\/marthacifuentes.com\/portada\/?s={search_term_string}\"},\"query-input\":{\"@type\":\"PropertyValueSpecification\",\"valueRequired\":true,\"valueName\":\"search_term_string\"}}],\"inLanguage\":\"es\"},{\"@type\":\"Person\",\"@id\":\"https:\/\/marthacifuentes.com\/portada\/#\/schema\/person\/57f53174b991db5f90ff78d58502b714\",\"name\":\"Martha Cifuentes\",\"image\":{\"@type\":\"ImageObject\",\"inLanguage\":\"es\",\"@id\":\"https:\/\/marthacifuentes.com\/portada\/#\/schema\/person\/image\/\",\"url\":\"http:\/\/marthacifuentes.com\/portada\/wp-content\/uploads\/2018\/06\/avatar_user_2_1528838701-96x96.jpg\",\"contentUrl\":\"http:\/\/marthacifuentes.com\/portada\/wp-content\/uploads\/2018\/06\/avatar_user_2_1528838701-96x96.jpg\",\"caption\":\"Martha Cifuentes\"},\"sameAs\":[\"http:\/\/www.marthacifuentes.com\"],\"url\":\"https:\/\/marthacifuentes.com\/portada\/author\/martha\/\"}]}<\/script>\n<!-- \/ Yoast SEO plugin. -->","yoast_head_json":{"title":"Un conjuez definir\u00e1 si se anula o no la elecci\u00f3n de directora de Corporinoquia Doris Bernal - \u25b7 Noticias de Casanare : Martha Cifuentes | Casanare","robots":{"index":"index","follow":"follow","max-snippet":"max-snippet:-1","max-image-preview":"max-image-preview:large","max-video-preview":"max-video-preview:-1"},"canonical":"https:\/\/marthacifuentes.com\/portada\/un-conjuez-definira-si-se-anula-o-no-la-eleccion-de-directora-de-corporinoquia-doris-bernal\/","og_locale":"es_ES","og_type":"article","og_title":"Un conjuez definir\u00e1 si se anula o no la elecci\u00f3n de directora de Corporinoquia Doris Bernal - \u25b7 Noticias de Casanare : Martha Cifuentes | Casanare","og_description":"En manos de un conjuez quedar\u00e1 la decisi\u00f3n de declarar o no la nulidad de la elecci\u00f3n de la directora de Corporinoquia, Doris Bernal, luego de que en la Secci\u00f3n Quinta del Consejo de Estado se presentar\u00e1 un empate entre los magistrados que deb\u00edan aprobar o improbar el caso. El pasado 6 de mayo los &hellip;","og_url":"https:\/\/marthacifuentes.com\/portada\/un-conjuez-definira-si-se-anula-o-no-la-eleccion-de-directora-de-corporinoquia-doris-bernal\/","og_site_name":"\u25b7 Noticias de Casanare : Martha Cifuentes | Casanare","article_published_time":"2021-05-11T11:33:10+00:00","og_image":[{"width":765,"height":405,"url":"https:\/\/marthacifuentes.com\/portada\/wp-content\/uploads\/2021\/05\/DORIS-BERNAL-ALIRIO-BARRERA-765x405-1.jpg","type":"image\/jpeg"}],"author":"Martha Cifuentes","twitter_card":"summary_large_image","twitter_misc":{"Escrito por":"Martha Cifuentes","Tiempo de lectura":"1 minuto"},"schema":{"@context":"https:\/\/schema.org","@graph":[{"@type":"WebPage","@id":"https:\/\/marthacifuentes.com\/portada\/un-conjuez-definira-si-se-anula-o-no-la-eleccion-de-directora-de-corporinoquia-doris-bernal\/","url":"https:\/\/marthacifuentes.com\/portada\/un-conjuez-definira-si-se-anula-o-no-la-eleccion-de-directora-de-corporinoquia-doris-bernal\/","name":"Un conjuez definir\u00e1 si se anula o no la elecci\u00f3n de directora de Corporinoquia Doris Bernal - \u25b7 Noticias de Casanare : Martha Cifuentes | Casanare","isPartOf":{"@id":"https:\/\/marthacifuentes.com\/portada\/#website"},"primaryImageOfPage":{"@id":"https:\/\/marthacifuentes.com\/portada\/un-conjuez-definira-si-se-anula-o-no-la-eleccion-de-directora-de-corporinoquia-doris-bernal\/#primaryimage"},"image":{"@id":"https:\/\/marthacifuentes.com\/portada\/un-conjuez-definira-si-se-anula-o-no-la-eleccion-de-directora-de-corporinoquia-doris-bernal\/#primaryimage"},"thumbnailUrl":"https:\/\/marthacifuentes.com\/portada\/wp-content\/uploads\/2021\/05\/DORIS-BERNAL-ALIRIO-BARRERA-765x405-1.jpg","datePublished":"2021-05-11T11:33:10+00:00","author":{"@id":"https:\/\/marthacifuentes.com\/portada\/#\/schema\/person\/57f53174b991db5f90ff78d58502b714"},"breadcrumb":{"@id":"https:\/\/marthacifuentes.com\/portada\/un-conjuez-definira-si-se-anula-o-no-la-eleccion-de-directora-de-corporinoquia-doris-bernal\/#breadcrumb"},"inLanguage":"es","potentialAction":[{"@type":"ReadAction","target":["https:\/\/marthacifuentes.com\/portada\/un-conjuez-definira-si-se-anula-o-no-la-eleccion-de-directora-de-corporinoquia-doris-bernal\/"]}]},{"@type":"ImageObject","inLanguage":"es","@id":"https:\/\/marthacifuentes.com\/portada\/un-conjuez-definira-si-se-anula-o-no-la-eleccion-de-directora-de-corporinoquia-doris-bernal\/#primaryimage","url":"https:\/\/marthacifuentes.com\/portada\/wp-content\/uploads\/2021\/05\/DORIS-BERNAL-ALIRIO-BARRERA-765x405-1.jpg","contentUrl":"https:\/\/marthacifuentes.com\/portada\/wp-content\/uploads\/2021\/05\/DORIS-BERNAL-ALIRIO-BARRERA-765x405-1.jpg","width":765,"height":405},{"@type":"BreadcrumbList","@id":"https:\/\/marthacifuentes.com\/portada\/un-conjuez-definira-si-se-anula-o-no-la-eleccion-de-directora-de-corporinoquia-doris-bernal\/#breadcrumb","itemListElement":[{"@type":"ListItem","position":1,"name":"Portada","item":"https:\/\/marthacifuentes.com\/portada\/"},{"@type":"ListItem","position":2,"name":"Un conjuez definir\u00e1 si se anula o no la elecci\u00f3n de directora de Corporinoquia Doris Bernal"}]},{"@type":"WebSite","@id":"https:\/\/marthacifuentes.com\/portada\/#website","url":"https:\/\/marthacifuentes.com\/portada\/","name":"\u25b7 Noticias de Casanare : Martha Cifuentes | Casanare","description":"Noticias &amp; Contenidos","potentialAction":[{"@type":"SearchAction","target":{"@type":"EntryPoint","urlTemplate":"https:\/\/marthacifuentes.com\/portada\/?s={search_term_string}"},"query-input":{"@type":"PropertyValueSpecification","valueRequired":true,"valueName":"search_term_string"}}],"inLanguage":"es"},{"@type":"Person","@id":"https:\/\/marthacifuentes.com\/portada\/#\/schema\/person\/57f53174b991db5f90ff78d58502b714","name":"Martha Cifuentes","image":{"@type":"ImageObject","inLanguage":"es","@id":"https:\/\/marthacifuentes.com\/portada\/#\/schema\/person\/image\/","url":"http:\/\/marthacifuentes.com\/portada\/wp-content\/uploads\/2018\/06\/avatar_user_2_1528838701-96x96.jpg","contentUrl":"http:\/\/marthacifuentes.com\/portada\/wp-content\/uploads\/2018\/06\/avatar_user_2_1528838701-96x96.jpg","caption":"Martha Cifuentes"},"sameAs":["http:\/\/www.marthacifuentes.com"],"url":"https:\/\/marthacifuentes.com\/portada\/author\/martha\/"}]}},"_links":{"self":[{"href":"https:\/\/marthacifuentes.com\/portada\/wp-json\/wp\/v2\/posts\/26188","targetHints":{"allow":["GET"]}}],"collection":[{"href":"https:\/\/marthacifuentes.com\/portada\/wp-json\/wp\/v2\/posts"}],"about":[{"href":"https:\/\/marthacifuentes.com\/portada\/wp-json\/wp\/v2\/types\/post"}],"author":[{"embeddable":true,"href":"https:\/\/marthacifuentes.com\/portada\/wp-json\/wp\/v2\/users\/2"}],"replies":[{"embeddable":true,"href":"https:\/\/marthacifuentes.com\/portada\/wp-json\/wp\/v2\/comments?post=26188"}],"version-history":[{"count":1,"href":"https:\/\/marthacifuentes.com\/portada\/wp-json\/wp\/v2\/posts\/26188\/revisions"}],"predecessor-version":[{"id":26190,"href":"https:\/\/marthacifuentes.com\/portada\/wp-json\/wp\/v2\/posts\/26188\/revisions\/26190"}],"wp:featuredmedia":[{"embeddable":true,"href":"https:\/\/marthacifuentes.com\/portada\/wp-json\/wp\/v2\/media\/26189"}],"wp:attachment":[{"href":"https:\/\/marthacifuentes.com\/portada\/wp-json\/wp\/v2\/media?parent=26188"}],"wp:term":[{"taxonomy":"category","embeddable":true,"href":"https:\/\/marthacifuentes.com\/portada\/wp-json\/wp\/v2\/categories?post=26188"},{"taxonomy":"post_tag","embeddable":true,"href":"https:\/\/marthacifuentes.com\/portada\/wp-json\/wp\/v2\/tags?post=26188"}],"curies":[{"name":"wp","href":"https:\/\/api.w.org\/{rel}","templated":true}]}}