{"id":26320,"date":"2021-06-05T11:50:58","date_gmt":"2021-06-05T16:50:58","guid":{"rendered":"https:\/\/marthacifuentes.com\/portada\/?p=26320"},"modified":"2021-06-05T11:50:58","modified_gmt":"2021-06-05T16:50:58","slug":"paro-de-medicos-especialistas-de-la-clinica-casanare-por-el-no-pago-de-sus-honorarios","status":"publish","type":"post","link":"https:\/\/marthacifuentes.com\/portada\/paro-de-medicos-especialistas-de-la-clinica-casanare-por-el-no-pago-de-sus-honorarios\/","title":{"rendered":"Paro de m\u00e9dicos especialistas de la Cl\u00ednica Casanare por el no pago de sus honorarios"},"content":{"rendered":"<p style=\"text-align: justify;\"><strong>Al menos 20 m\u00e9dicos especialistas que laboran en la Cl\u00ednica Casanare, en Yopal, anunciaron la suspensi\u00f3n de labores por el no pago oportuno de sus honorarios. Al menos llevan 6 meses sin recibir un peso y no hay respuesta de las directivas de la entidad. <\/strong><\/p>\n<p style=\"text-align: justify;\">Los galenos de anestesia, cirug\u00eda general, pl\u00e1stica, medicina interna, gastroenterolog\u00eda, ginecolog\u00eda, otorrinolaringolog\u00eda, pediatr\u00eda y urolog\u00eda, expresaron que la intenci\u00f3n no es afectar a los usuarios de la Cl\u00ednica pero realmente no aguantan m\u00e1s sin sus respectivos pagos.<\/p>\n<p style=\"text-align: justify;\">Por ello informaron que iniciar\u00e1n un cese parcial a partir de este jueves 10 de junio, recalcando que solo se atender\u00e1 urgencias vitales. Y a partir del lunes 14 de julio el cese ser\u00e1 total hasta tanto se reciba el pago inmediato de cuatro meses atrasados, el cumplimieto obligatorio por parte de la Cl\u00ednica Casanare, de los t\u00e9rminos establecidos en los contratos mediante los cuales se fijan el pago a 60 d\u00edas despu\u00e9s de radicada cada cuenta de cobro, por la prestaci\u00f3n de los servicios.<\/p>\n<p style=\"text-align: justify;\">Los especialistas expresaron que tomaron la decisi\u00f3n luego de que las directivas no tomara cartas en el asunto y que d\u00eda a d\u00eda han venido incurriendo en sobregastos en sus obligaciones financieras pero s\u00ed se debe pagar oportunamente la seguridad social para poder radicar las cuentas sin que se vislumbre el respectivo pago.<\/p>\n<p style=\"text-align: justify;\">Un galeno, del que nos reservamos la fuente, expres\u00f3 que la situaci\u00f3n se volvi\u00f3 insostenible y a pesar de los reiterativos llamados y cobros verbales, no ha sido posible el que la Cl\u00ednica se ponga a paz y salvo con los llamados h\u00e9roes del pa\u00eds.<\/p>\n<p style=\"text-align: justify;\">Intentamos el di\u00e1logo con el gerente de la Cl\u00ednica Casanare Frank Rivera pero no fue posible conocer su versi\u00f3n.<\/p>\n<h2>Otras noticias&#8230;<\/h2>\n<blockquote class=\"wp-embedded-content\" data-secret=\"OrPVgMgAcl\"><p><a href=\"https:\/\/marthacifuentes.com\/portada\/2021\/06\/04\/policia-y-fiscalia-descartaron-atentados-contra-acueducto-de-yopal-en-relacion-a-denuncia-de-la-eaaay\/\">Polic\u00eda y Fiscal\u00eda descartaron atentados contra acueducto de Yopal en relaci\u00f3n a denuncia de la Eaaay<\/a><\/p><\/blockquote>\n<p><iframe loading=\"lazy\" class=\"wp-embedded-content\" sandbox=\"allow-scripts\" security=\"restricted\" style=\"position: absolute; clip: rect(1px, 1px, 1px, 1px);\" title=\"\u00abPolic\u00eda y Fiscal\u00eda descartaron atentados contra acueducto de Yopal en relaci\u00f3n a denuncia de la Eaaay\u00bb \u2014 \u25b7 Noticias de Casanare : Martha Cifuentes | Casanare\" src=\"https:\/\/marthacifuentes.com\/portada\/2021\/06\/04\/policia-y-fiscalia-descartaron-atentados-contra-acueducto-de-yopal-en-relacion-a-denuncia-de-la-eaaay\/embed\/#?secret=3QuaE4iDdJ#?secret=OrPVgMgAcl\" data-secret=\"OrPVgMgAcl\" width=\"500\" height=\"282\" frameborder=\"0\" marginwidth=\"0\" marginheight=\"0\" scrolling=\"no\"><\/iframe><\/p>\n<p><a href=\"https:\/\/marthacifuentes.com\/tumbedeladecada_2021\/\"><img decoding=\"async\" src=\"https:\/\/marthacifuentes.com\/portada\/wp-content\/uploads\/2021\/05\/BANNER-ESPECIAL-10-ANOS-SIN-PTAP-YOPAL-2.png\" \/><\/a><\/p>\n<blockquote class=\"wp-embedded-content\" data-secret=\"HC1dp6Iq4s\"><p><a href=\"https:\/\/marthacifuentes.com\/portada\/2021\/06\/02\/empresarios-de-casanare-apoyan-protesta-social-pero-rechazan-bloqueos\/\">Empresarios de Casanare apoyan protesta social pero rechazan bloqueos<\/a><\/p><\/blockquote>\n<p><iframe loading=\"lazy\" class=\"wp-embedded-content\" title=\"\u00abEmpresarios de Casanare apoyan protesta social pero rechazan bloqueos\u00bb \u2014 \u25b7 Noticias de Casanare : Martha Cifuentes | Casanare\" src=\"https:\/\/marthacifuentes.com\/portada\/2021\/06\/02\/empresarios-de-casanare-apoyan-protesta-social-pero-rechazan-bloqueos\/embed\/#?secret=HC1dp6Iq4s\" width=\"600\" height=\"338\" frameborder=\"0\" marginwidth=\"0\" marginheight=\"0\" scrolling=\"no\" sandbox=\"allow-scripts\" data-secret=\"HC1dp6Iq4s\" data-mce-fragment=\"1\"><\/iframe><\/p>\n<p><iframe loading=\"lazy\" class=\"wp-embedded-content\" title=\"\u00abEste viernes nueva mesa de concertaci\u00f3n con manifestantes y gremios econ\u00f3micos en Yopal\u00bb \u2014 \u25b7 Noticias de Casanare : Martha Cifuentes | Casanare\" src=\"https:\/\/marthacifuentes.com\/portada\/2021\/06\/02\/este-viernes-nueva-mesa-de-concertacion-con-manifestantes-y-gremios-economicos-en-yopal\/embed\/#?secret=oA8KkHDOOR\" width=\"600\" height=\"614\" frameborder=\"0\" marginwidth=\"0\" marginheight=\"0\" scrolling=\"no\" sandbox=\"allow-scripts\" data-secret=\"oA8KkHDOOR\" data-mce-fragment=\"1\"><\/iframe><\/p>\n<p><iframe loading=\"lazy\" class=\"wp-embedded-content\" title=\"\u00abAlcalde de Yopal pide al Esmad no meterse a los barrios. Batalla campal afecta comunidad.\u00bb \u2014 \u25b7 Noticias de Casanare : Martha Cifuentes | Casanare\" src=\"https:\/\/marthacifuentes.com\/portada\/2021\/06\/02\/alcalde-de-yopal-pide-al-esmad-no-meterse-a-los-barrios-batalla-campal-afecta-comunidad\/embed\/#?secret=gcw5cXEpjl\" width=\"600\" height=\"614\" frameborder=\"0\" marginwidth=\"0\" marginheight=\"0\" scrolling=\"no\" sandbox=\"allow-scripts\" data-secret=\"gcw5cXEpjl\" data-mce-fragment=\"1\"><\/iframe><\/p>\n<p><iframe loading=\"lazy\" class=\"wp-embedded-content\" title=\"\u00abPi\u00f1at\u00f3n en Yopal, un \u00e9xito\u00bb \u2014 \u25b7 Noticias de Casanare : Martha Cifuentes | Casanare\" src=\"https:\/\/marthacifuentes.com\/portada\/2021\/06\/01\/pinaton-en-yopal-un-exito\/embed\/#?secret=SsB1S8T5kO\" width=\"600\" height=\"567\" frameborder=\"0\" marginwidth=\"0\" marginheight=\"0\" scrolling=\"no\" sandbox=\"allow-scripts\" data-secret=\"SsB1S8T5kO\" data-mce-fragment=\"1\"><\/iframe><\/p>\n<p><iframe loading=\"lazy\" class=\"wp-embedded-content\" title=\"\u00ab\u00bfSe avecina la nulidad de la elecci\u00f3n de la directora de Corporinoquia Doris Bernal?\u00bb \u2014 \u25b7 Noticias de Casanare : Martha Cifuentes | Casanare\" src=\"https:\/\/marthacifuentes.com\/portada\/2021\/06\/01\/se-avecina-la-nulidad-de-la-eleccion-de-la-directora-de-corporinoquia-doris-bernal\/embed\/#?secret=r7v2dZg8Qn\" width=\"600\" height=\"613\" frameborder=\"0\" marginwidth=\"0\" marginheight=\"0\" scrolling=\"no\" sandbox=\"allow-scripts\" data-secret=\"r7v2dZg8Qn\" data-mce-fragment=\"1\"><\/iframe><\/p>\n<p><iframe loading=\"lazy\" class=\"wp-embedded-content\" title=\"\u00abYopal a\u00fan no cuenta con PTAP definitiva. El 29 de mayo se conmemor\u00f3 una d\u00e9cada del desplome del acueducto\u00bb \u2014 \u25b7 Noticias de Casanare : Martha Cifuentes | Casanare\" src=\"https:\/\/marthacifuentes.com\/portada\/2021\/05\/31\/yopal-aun-no-cuenta-con-ptap-definitiva-el-29-de-mayo-se-conmemoro-una-decada-del-desplome-del-acueducto\/embed\/#?secret=JqWTppdaXV\" width=\"600\" height=\"617\" frameborder=\"0\" marginwidth=\"0\" marginheight=\"0\" scrolling=\"no\" sandbox=\"allow-scripts\" data-secret=\"JqWTppdaXV\" data-mce-fragment=\"1\"><\/iframe><\/p>\n<p><iframe loading=\"lazy\" class=\"wp-embedded-content\" title=\"\u00abEl colmo: en plena pandemia el Horo se queda sin intensivistas para manejar las UCI Covid-19\u00bb \u2014 \u25b7 Noticias de Casanare : Martha Cifuentes | Casanare\" src=\"https:\/\/marthacifuentes.com\/portada\/2021\/05\/25\/el-colmo-en-plena-pandemia-el-horo-se-queda-sin-intensivistas-para-manejar-las-uci-covid-19\/embed\/#?secret=0e22QZDi94\" width=\"600\" height=\"590\" frameborder=\"0\" marginwidth=\"0\" marginheight=\"0\" scrolling=\"no\" sandbox=\"allow-scripts\" data-secret=\"0e22QZDi94\" data-mce-fragment=\"1\"><\/iframe><\/p>\n<p><iframe loading=\"lazy\" class=\"wp-embedded-content\" title=\"\u00abDisturbios en Paz de Ariporo luego de que Esmad despej\u00f3 v\u00eda Marginal y capturara a varios manifestantes\u00bb \u2014 \u25b7 Noticias de Casanare : Martha Cifuentes | Casanare\" src=\"https:\/\/marthacifuentes.com\/portada\/2021\/05\/24\/disturbios-en-paz-de-ariporo-luego-de-que-esmad-despejo-via-marginal-y-capturara-a-varios-manifestantes\/embed\/#?secret=AtZyrr0MJl\" width=\"600\" height=\"617\" frameborder=\"0\" marginwidth=\"0\" marginheight=\"0\" scrolling=\"no\" sandbox=\"allow-scripts\" data-secret=\"AtZyrr0MJl\" data-mce-fragment=\"1\"><\/iframe><\/p>\n<p><iframe loading=\"lazy\" class=\"wp-embedded-content\" title=\"\u00abRifirrafe en el Horo por salarios de m\u00e9dicos que atienden pacientes Covid-19 en las UCIs.\u00bb \u2014 \u25b7 Noticias de Casanare : Martha Cifuentes | Casanare\" src=\"https:\/\/marthacifuentes.com\/portada\/2021\/05\/19\/rifirrafe-en-el-horo-por-salarios-de-medicos-que-atienden-pacientes-covid-19-en-las-ucis\/embed\/#?secret=ydfSy9K8ud\" width=\"600\" height=\"590\" frameborder=\"0\" marginwidth=\"0\" marginheight=\"0\" scrolling=\"no\" sandbox=\"allow-scripts\" data-secret=\"ydfSy9K8ud\" data-mce-fragment=\"1\"><\/iframe><\/p>\n<p><iframe loading=\"lazy\" class=\"wp-embedded-content\" title=\"\u00abCasanare al borde de priorizar a qu\u00e9 pacientes Covid-19, se atiende o no, en las pocas UCI disponibles\u00bb \u2014 \u25b7 Noticias de Casanare : Martha Cifuentes | Casanare\" src=\"https:\/\/marthacifuentes.com\/portada\/2021\/05\/19\/casanare-al-borde-de-priorizar-a-que-pacientes-covid-19-se-atiende-o-no-en-las-pocas-uci-disponibles\/embed\/#?secret=m9gOqtpGJW\" width=\"600\" height=\"570\" frameborder=\"0\" marginwidth=\"0\" marginheight=\"0\" scrolling=\"no\" sandbox=\"allow-scripts\" data-secret=\"m9gOqtpGJW\" data-mce-fragment=\"1\"><\/iframe><\/p>\n<p><iframe loading=\"lazy\" class=\"wp-embedded-content\" title=\"\u00ab80% de empresas de Casanare est\u00e1 funcionando a medias como consecuencia del paro nacional\u00bb \u2014 \u25b7 Noticias de Casanare : Martha Cifuentes | Casanare\" src=\"https:\/\/marthacifuentes.com\/portada\/2021\/05\/18\/80-de-empresas-de-casanare-esta-funcionando-a-medias-como-consecuencia-del-paro-nacional\/embed\/#?secret=wLBeusEvF6\" width=\"600\" height=\"590\" frameborder=\"0\" marginwidth=\"0\" marginheight=\"0\" scrolling=\"no\" sandbox=\"allow-scripts\" data-secret=\"wLBeusEvF6\" data-mce-fragment=\"1\"><\/iframe><\/p>\n<p><iframe loading=\"lazy\" class=\"wp-embedded-content\" title=\"\u00abQueman camioneta en campo petrolero Tigana de Geopark en Tauramena\u00bb \u2014 \u25b7 Noticias de Casanare : Martha Cifuentes | Casanare\" src=\"https:\/\/marthacifuentes.com\/portada\/2021\/05\/18\/queman-camioneta-en-campo-petrolero-tigana-de-geopark-en-tauramena\/embed\/#?secret=8EB9auRuhU\" width=\"600\" height=\"614\" frameborder=\"0\" marginwidth=\"0\" marginheight=\"0\" scrolling=\"no\" sandbox=\"allow-scripts\" data-secret=\"8EB9auRuhU\" data-mce-fragment=\"1\"><\/iframe><\/p>\n<p><iframe loading=\"lazy\" class=\"wp-embedded-content\" title=\"\u00abTribunal de Casanare levanta medida cautelar de suministro de agua en Yopal porque hay prestaci\u00f3n con cobertura y calidad del l\u00edquido\u00bb \u2014 \u25b7 Noticias de Casanare : Martha Cifuentes | Casanare\" src=\"https:\/\/marthacifuentes.com\/portada\/2021\/05\/15\/tribunal-de-casanare-levanta-medida-cautelar-de-suministro-de-agua-en-yopal-porque-hay-prestacion-con-cobertura-y-calidad-del-liquido\/embed\/#?secret=j89jT5RtvK\" width=\"600\" height=\"597\" frameborder=\"0\" marginwidth=\"0\" marginheight=\"0\" scrolling=\"no\" sandbox=\"allow-scripts\" data-secret=\"j89jT5RtvK\" data-mce-fragment=\"1\"><\/iframe><\/p>\n<p><iframe loading=\"lazy\" class=\"wp-embedded-content\" title=\"\u00abYopal con Toque de queda normal y especial\u00bb \u2014 \u25b7 Noticias de Casanare : Martha Cifuentes | Casanare\" src=\"https:\/\/marthacifuentes.com\/portada\/2021\/05\/13\/yopal-con-toque-de-queda-normal-y-especial\/embed\/#?secret=xVhS9QzhfE\" width=\"600\" height=\"567\" frameborder=\"0\" marginwidth=\"0\" marginheight=\"0\" scrolling=\"no\" sandbox=\"allow-scripts\" data-secret=\"xVhS9QzhfE\" data-mce-fragment=\"1\"><\/iframe><\/p>\n<p><iframe loading=\"lazy\" class=\"wp-embedded-content\" title=\"\u00abLevantado bloqueo de v\u00edas en Casanare. Transportadores seguir\u00e1n en asamblea permanente\u00bb \u2014 \u25b7 Noticias de Casanare : Martha Cifuentes | Casanare\" src=\"https:\/\/marthacifuentes.com\/portada\/2021\/05\/13\/levantado-bloqueo-de-vias-en-casanare-transportadores-seguiran-en-asamblea-permanente\/embed\/#?secret=NLabTpdEwM\" width=\"600\" height=\"590\" frameborder=\"0\" marginwidth=\"0\" marginheight=\"0\" scrolling=\"no\" sandbox=\"allow-scripts\" data-secret=\"NLabTpdEwM\" data-mce-fragment=\"1\"><\/iframe><\/p>\n<p><iframe loading=\"lazy\" class=\"wp-embedded-content\" title=\"\u00abUn conjuez definir\u00e1 si se anula o no la elecci\u00f3n de directora de Corporinoquia Doris Bernal\u00bb \u2014 \u25b7 Noticias de Casanare : Martha Cifuentes | Casanare\" src=\"https:\/\/marthacifuentes.com\/portada\/2021\/05\/11\/un-conjuez-definira-si-se-anula-o-no-la-eleccion-de-directora-de-corporinoquia-doris-bernal\/embed\/#?secret=0iIrqAPgbI\" width=\"600\" height=\"576\" frameborder=\"0\" marginwidth=\"0\" marginheight=\"0\" scrolling=\"no\" sandbox=\"allow-scripts\" data-secret=\"0iIrqAPgbI\" data-mce-fragment=\"1\"><\/iframe><\/p>\n<p><iframe loading=\"lazy\" class=\"wp-embedded-content\" title=\"\u00abYa hay gasolina en Yopal y Casanare. Transportadores en paro aprobaron corredor humanitario.\u00bb \u2014 \u25b7 Noticias de Casanare : Martha Cifuentes | Casanare\" src=\"https:\/\/marthacifuentes.com\/portada\/2021\/05\/11\/ya-hay-gasolina-en-yopal-y-casanare-transportadores-en-paro-aprobaron-corredor-humanitario\/embed\/#?secret=0pgMF25xki\" width=\"600\" height=\"579\" frameborder=\"0\" marginwidth=\"0\" marginheight=\"0\" scrolling=\"no\" sandbox=\"allow-scripts\" data-secret=\"0pgMF25xki\" data-mce-fragment=\"1\"><\/iframe><\/p>\n<p><iframe loading=\"lazy\" class=\"wp-embedded-content\" title=\"\u00abCasanare pierde $8 mil millones diarios, por bloqueos en las v\u00edas: C\u00e1mara de Comercio de Casanare\u00bb \u2014 \u25b7 Noticias de Casanare : Martha Cifuentes | Casanare\" src=\"https:\/\/marthacifuentes.com\/portada\/2021\/05\/10\/casanare-pierde-8-mil-millones-diarios-por-bloqueos-en-las-vias-camara-de-comercio-de-casanare\/embed\/#?secret=uGZUNEYZDn\" width=\"600\" height=\"590\" frameborder=\"0\" marginwidth=\"0\" marginheight=\"0\" scrolling=\"no\" sandbox=\"allow-scripts\" data-secret=\"uGZUNEYZDn\" data-mce-fragment=\"1\"><\/iframe><\/p>\n<p><iframe loading=\"lazy\" class=\"wp-embedded-content\" title=\"\u00abCasanare bloqueado y con desabastecimiento de combustibles y algunos alimentos\u00bb \u2014 \u25b7 Noticias de Casanare : Martha Cifuentes | Casanare\" src=\"https:\/\/marthacifuentes.com\/portada\/2021\/05\/10\/casanare-bloqueado-y-con-desabastecimiento-de-combustibles-y-algunos-alimentos\/embed\/#?secret=dmThV1J01F\" width=\"600\" height=\"590\" frameborder=\"0\" marginwidth=\"0\" marginheight=\"0\" scrolling=\"no\" sandbox=\"allow-scripts\" data-secret=\"dmThV1J01F\" data-mce-fragment=\"1\"><\/iframe><\/p>\n<p><iframe loading=\"lazy\" class=\"wp-embedded-content\" title=\"\u00abPlanta de ox\u00edgeno de Horo en Casanare, autorizada para funcionar\u00bb \u2014 \u25b7 Noticias de Casanare : Martha Cifuentes | Casanare\" src=\"https:\/\/marthacifuentes.com\/portada\/2021\/05\/06\/planta-de-oxigeno-de-horo-en-casanare-autorizada-para-funcionar\/embed\/#?secret=Iw3RZHZmKT\" width=\"600\" height=\"590\" frameborder=\"0\" marginwidth=\"0\" marginheight=\"0\" scrolling=\"no\" sandbox=\"allow-scripts\" data-secret=\"Iw3RZHZmKT\" data-mce-fragment=\"1\"><\/iframe><\/p>\n<p><iframe loading=\"lazy\" class=\"wp-embedded-content\" title=\"\u00abCasanare amanece incomunicada, con desabastecimiento combustibles y algunos alimentos\u00bb \u2014 \u25b7 Noticias de Casanare : Martha Cifuentes | Casanare\" src=\"https:\/\/marthacifuentes.com\/portada\/2021\/05\/06\/casanare-amanece-incomunicada-con-desabastecimiento-combustibles-y-algunos-alimentos\/embed\/#?secret=LSTVF9Cqnk\" width=\"600\" height=\"590\" frameborder=\"0\" marginwidth=\"0\" marginheight=\"0\" scrolling=\"no\" sandbox=\"allow-scripts\" data-secret=\"LSTVF9Cqnk\" data-mce-fragment=\"1\"><\/iframe><\/p>\n<p><iframe loading=\"lazy\" class=\"wp-embedded-content\" title=\"\u00abToque de queda en Casanare entre 9 pm y 5 am del d\u00eda siguiente, desde hoy y hasta el lunes 10 de mayo\u00bb \u2014 \u25b7 Noticias de Casanare : Martha Cifuentes | Casanare\" src=\"https:\/\/marthacifuentes.com\/portada\/2021\/05\/05\/toque-de-queda-en-casanare-entre-9-pm-y-5-am-desde-hoy-y-hasta-el-lunes-10-de-mayo\/embed\/#?secret=JcUZUSleHP\" width=\"600\" height=\"559\" frameborder=\"0\" marginwidth=\"0\" marginheight=\"0\" scrolling=\"no\" sandbox=\"allow-scripts\" data-secret=\"JcUZUSleHP\" data-mce-fragment=\"1\"><\/iframe><\/p>\n<p><iframe loading=\"lazy\" class=\"wp-embedded-content\" title=\"\u00abCaso de falsos positivos de Casanare avanza en la JEP. Habl\u00f3 excomandante Brigada 16 en 2005\u00bb \u2014 \u25b7 Noticias de Casanare : Martha Cifuentes | Casanare\" src=\"https:\/\/marthacifuentes.com\/portada\/2021\/05\/04\/caso-de-falsos-positivos-de-casanare-avanza-en-la-jep-hablo-excomandante-brigada-16-en-2005\/embed\/#?secret=WYXI76mYe3\" width=\"600\" height=\"607\" frameborder=\"0\" marginwidth=\"0\" marginheight=\"0\" scrolling=\"no\" sandbox=\"allow-scripts\" data-secret=\"WYXI76mYe3\" data-mce-fragment=\"1\"><\/iframe><\/p>\n<p><iframe loading=\"lazy\" class=\"wp-embedded-content\" title=\"\u00abEn Yopal sigue movilizaci\u00f3n social contra el gobierno nacional. Escepticismo con ca\u00edda de la RT.\u00bb \u2014 \u25b7 Noticias de Casanare : Martha Cifuentes | Casanare\" src=\"https:\/\/marthacifuentes.com\/portada\/2021\/05\/03\/en-yopal-sigue-movilizacion-social-contra-el-gobierno-nacional-escepticismo-con-caida-de-la-rt\/embed\/#?secret=LC2b3XR3KL\" width=\"600\" height=\"579\" frameborder=\"0\" marginwidth=\"0\" marginheight=\"0\" scrolling=\"no\" sandbox=\"allow-scripts\" data-secret=\"LC2b3XR3KL\" data-mce-fragment=\"1\"><\/iframe><\/p>\n<p><iframe loading=\"lazy\" class=\"wp-embedded-content\" title=\"\u00abCasanare acorralado, sin UCIs disponibles y con pacientes necesit\u00e1ndolas\u00bb \u2014 \u25b7 Noticias de Casanare : Martha Cifuentes | Casanare\" src=\"https:\/\/marthacifuentes.com\/portada\/2021\/05\/03\/casanare-acorralado-sin-ucis-disponibles-y-con-pacientes-necesitandolas\/embed\/#?secret=Y1LCTkExWf\" width=\"600\" height=\"590\" frameborder=\"0\" marginwidth=\"0\" marginheight=\"0\" scrolling=\"no\" sandbox=\"allow-scripts\" data-secret=\"Y1LCTkExWf\" data-mce-fragment=\"1\"><\/iframe><\/p>\n<p><iframe loading=\"lazy\" class=\"wp-embedded-content\" title=\"\u00abQui\u00e9nes pueden salir o no en confinamiento y toque de queda en Yopal\u00bb \u2014 \u25b7 Noticias de Casanare : Martha Cifuentes | Casanare\" src=\"https:\/\/marthacifuentes.com\/portada\/2021\/04\/30\/quienes-pueden-salir-o-no-en-confinamiento-y-toque-de-queda-en-yopal\/embed\/#?secret=LkB8sWTNAL\" width=\"600\" height=\"590\" frameborder=\"0\" marginwidth=\"0\" marginheight=\"0\" scrolling=\"no\" sandbox=\"allow-scripts\" data-secret=\"LkB8sWTNAL\" data-mce-fragment=\"1\"><\/iframe><\/p>\n<p><iframe loading=\"lazy\" class=\"wp-embedded-content\" title=\"\u00abCiudadanos de Yopal respaldaron paro contra reforma tributaria. Protesta fue opacada por enfrentamientos de Esmad y j\u00f3venes.\u00bb \u2014 \u25b7 Noticias de Casanare : Martha Cifuentes | Casanare\" src=\"https:\/\/marthacifuentes.com\/portada\/2021\/04\/29\/ciudadanos-de-yopal-respaldaron-paro-contra-reforma-tributaria-protesta-fue-opacada-por-enfrentamientos-de-esmad-y-jovenes\/embed\/#?secret=9GG2pdO2Oy\" width=\"600\" height=\"607\" frameborder=\"0\" marginwidth=\"0\" marginheight=\"0\" scrolling=\"no\" sandbox=\"allow-scripts\" data-secret=\"9GG2pdO2Oy\" data-mce-fragment=\"1\"><\/iframe><\/p>\n<p><iframe loading=\"lazy\" class=\"wp-embedded-content\" title=\"\u00abEn Yopal: 1 de cada 5 personas tendr\u00eda Covid-19. Heridos en accidentes viales copan UCIs en Casanare\u00bb \u2014 \u25b7 Noticias de Casanare : Martha Cifuentes | Casanare\" src=\"https:\/\/marthacifuentes.com\/portada\/2021\/04\/27\/en-yopal-1-de-cada-5-personas-tendria-covid-19-heridos-en-accidentes-viales-copan-ucis-en-casanare\/embed\/#?secret=Cs9bwr1Rym\" width=\"600\" height=\"594\" frameborder=\"0\" marginwidth=\"0\" marginheight=\"0\" scrolling=\"no\" sandbox=\"allow-scripts\" data-secret=\"Cs9bwr1Rym\" data-mce-fragment=\"1\"><\/iframe><\/p>\n<p><iframe loading=\"lazy\" class=\"wp-embedded-content\" title=\"\u00abEn Casanare, m\u00e1s pacientes por accidentes de tr\u00e1nsito que por Covid-19, durante el fin de semana\u00bb \u2014 \u25b7 Noticias de Casanare : Martha Cifuentes | Casanare\" src=\"https:\/\/marthacifuentes.com\/portada\/2021\/04\/20\/en-casanare-mas-pacientes-por-accidentes-de-transito-que-por-covid-19-durante-el-fin-de-semana\/embed\/#?secret=7JeCrmMaJC\" width=\"600\" height=\"563\" frameborder=\"0\" marginwidth=\"0\" marginheight=\"0\" scrolling=\"no\" sandbox=\"allow-scripts\" data-secret=\"7JeCrmMaJC\" data-mce-fragment=\"1\"><\/iframe><\/p>\n<p><iframe loading=\"lazy\" class=\"wp-embedded-content\" title=\"\u00abEn pleno 3er pico de la pandemia del Covid-19 se va secretaria de Salud de Casanare Yenny D\u00edaz. Gobernador acept\u00f3 su renuncia\u00bb \u2014 \u25b7 Noticias de Casanare : Martha Cifuentes | Casanare\" src=\"https:\/\/marthacifuentes.com\/portada\/2021\/04\/20\/en-pleno-3er-pico-de-la-pandemia-del-covid-19-se-va-secretaria-de-salud-de-casanare-yenny-diaz-gobernador-acepto-su-renuncia\/embed\/#?secret=i9kXSQ3lLI\" width=\"600\" height=\"617\" frameborder=\"0\" marginwidth=\"0\" marginheight=\"0\" scrolling=\"no\" sandbox=\"allow-scripts\" data-secret=\"i9kXSQ3lLI\" data-mce-fragment=\"1\"><\/iframe><\/p>\n<p><iframe loading=\"lazy\" class=\"wp-embedded-content\" title=\"\u00abCovid-19 sigue causando luto en Casanare. Robert Preciado, su mam\u00e1 Yolanda C\u00e1rdenas y Danilo S\u00e1nchez, fallecieron\u00bb \u2014 \u25b7 Noticias de Casanare : Martha Cifuentes | Casanare\" src=\"https:\/\/marthacifuentes.com\/portada\/2021\/04\/19\/covid-19-sigue-causando-luto-en-casanare-robert-preciado-su-mama-yolanda-cardenas-y-danilo-sanchez-fallecieron\/embed\/#?secret=1p6L3sPRqF\" width=\"600\" height=\"617\" frameborder=\"0\" marginwidth=\"0\" marginheight=\"0\" scrolling=\"no\" sandbox=\"allow-scripts\" data-secret=\"1p6L3sPRqF\" data-mce-fragment=\"1\"><\/iframe><\/p>\n<p><iframe loading=\"lazy\" class=\"wp-embedded-content\" title=\"\u00abLa muerte \u201crecorre\u201d las carreteras de Casanare. Dos v\u00edctimas fatales y 64 heridos este fin de semana\u00bb \u2014 \u25b7 Noticias de Casanare : Martha Cifuentes | Casanare\" src=\"https:\/\/marthacifuentes.com\/portada\/2021\/04\/19\/la-muerte-recorre-las-carreteras-de-casanare-dos-victimas-fatales-y-64-heridos-este-fin-de-semana\/embed\/#?secret=snjKtowp5q\" width=\"600\" height=\"590\" frameborder=\"0\" marginwidth=\"0\" marginheight=\"0\" scrolling=\"no\" sandbox=\"allow-scripts\" data-secret=\"snjKtowp5q\" data-mce-fragment=\"1\"><\/iframe><\/p>\n<p><iframe loading=\"lazy\" class=\"wp-embedded-content\" title=\"\u00abAnte solicitud de la vicepresidente, Procuradur\u00eda abri\u00f3 indagaci\u00f3n preliminar contra alcalde de Yopal por conducta xen\u00f3foba y estigmatizaci\u00f3n de trabajadoras sexuales\u00bb \u2014 \u25b7 Noticias de Casanare : Martha Cifuentes | Casanare\" src=\"https:\/\/marthacifuentes.com\/portada\/2021\/04\/14\/ante-solicitud-de-la-vicepresidente-procuraduria-abrio-indagacion-preliminar-contra-alcalde-de-yopal-por-conducta-xenofoba-y-estigmatizacion-de-trabajadoras-sexuales\/embed\/#?secret=UynLppGszV\" width=\"600\" height=\"645\" frameborder=\"0\" marginwidth=\"0\" marginheight=\"0\" scrolling=\"no\" sandbox=\"allow-scripts\" data-secret=\"UynLppGszV\" data-mce-fragment=\"1\"><\/iframe><\/p>\n<p><iframe loading=\"lazy\" class=\"wp-embedded-content\" title=\"\u00abAlcalde de Yopal, genera polvareda nacional con sugerencia de \u201cconsumir producto colombiano\u201d, al referirse a trabajadora sexuales venezolanas\u00bb \u2014 \u25b7 Noticias de Casanare : Martha Cifuentes | Casanare\" src=\"https:\/\/marthacifuentes.com\/portada\/2021\/04\/14\/alcalde-de-yopal-genera-polvareda-nacional-con-sugerencia-de-consumir-producto-colombiano-al-referirse-a-trabajadora-sexuales-venezolanas\/embed\/#?secret=D9lkfBsCB0\" width=\"600\" height=\"617\" frameborder=\"0\" marginwidth=\"0\" marginheight=\"0\" scrolling=\"no\" sandbox=\"allow-scripts\" data-secret=\"D9lkfBsCB0\" data-mce-fragment=\"1\"><\/iframe><\/p>\n<p><iframe loading=\"lazy\" class=\"wp-embedded-content\" title=\"\u00abGerente y supervisor de Findeter y gobernantes de Casanare ser\u00e1n investigados por negligencia y falta de planeaci\u00f3n en contrato de la PTAP Yopal\u00bb \u2014 \u25b7 Noticias de Casanare : Martha Cifuentes | Casanare\" src=\"https:\/\/marthacifuentes.com\/portada\/2021\/04\/09\/gerente-y-supervisor-de-findeter-y-gobernantes-de-casanare-seran-investigados-por-negligencia-y-falta-de-planeacion-en-contrato-de-la-ptap-yopal\/embed\/#?secret=wjUHUUbqCS\" width=\"600\" height=\"617\" frameborder=\"0\" marginwidth=\"0\" marginheight=\"0\" scrolling=\"no\" sandbox=\"allow-scripts\" data-secret=\"wjUHUUbqCS\" data-mce-fragment=\"1\"><\/iframe><\/p>\n<p><iframe loading=\"lazy\" class=\"wp-embedded-content\" title=\"\u00ab72% de empresas de Casanare renovaron matr\u00edcula mercantil a 31 de marzo.\u00bb \u2014 \u25b7 Noticias de Casanare : Martha Cifuentes | Casanare\" src=\"https:\/\/marthacifuentes.com\/portada\/2021\/04\/08\/72-de-empresas-de-casanare-renovaron-matricula-mercantil-a-31-de-marzo\/embed\/#?secret=fhs6tYEL4k\" width=\"600\" height=\"590\" frameborder=\"0\" marginwidth=\"0\" marginheight=\"0\" scrolling=\"no\" sandbox=\"allow-scripts\" data-secret=\"fhs6tYEL4k\" data-mce-fragment=\"1\"><\/iframe><\/p>\n<p><iframe loading=\"lazy\" class=\"wp-embedded-content\" title=\"\u00abAl menos 5 municipios de Casanare y 3 de Boyac\u00e1 en alto riego por amenazas de las Autodefensas Gaitanistas de Colombia: Defensor\u00eda del Pueblo\u00bb \u2014 \u25b7 Noticias de Casanare : Martha Cifuentes | Casanare\" src=\"https:\/\/marthacifuentes.com\/portada\/2021\/04\/06\/al-menos-5-municipios-de-casanare-y-3-de-boyaca-en-alto-riego-por-amenazas-de-las-autodefensas-gaitanistas-de-colombia-defensoria-del-pueblo\/embed\/#?secret=8qNIWdAek3\" width=\"600\" height=\"642\" frameborder=\"0\" marginwidth=\"0\" marginheight=\"0\" scrolling=\"no\" sandbox=\"allow-scripts\" data-secret=\"8qNIWdAek3\" data-mce-fragment=\"1\"><\/iframe><\/p>\n<p><iframe loading=\"lazy\" class=\"wp-embedded-content\" title=\"\u00abEmbargadas cuentas de la EAAAY hasta $3 mil millones por deuda de la realizaci\u00f3n de la planta modular\u00bb \u2014 \u25b7 Noticias de Casanare : Martha Cifuentes | Casanare\" src=\"https:\/\/marthacifuentes.com\/portada\/2021\/04\/06\/embargadas-cuentas-de-la-eaaay-hasta-3-mil-millones-por-deuda-de-la-realizacion-de-la-planta-modular\/embed\/#?secret=qulDQf1ApQ\" width=\"600\" height=\"623\" frameborder=\"0\" marginwidth=\"0\" marginheight=\"0\" scrolling=\"no\" sandbox=\"allow-scripts\" data-secret=\"qulDQf1ApQ\" data-mce-fragment=\"1\"><\/iframe><\/p>\n<p><iframe loading=\"lazy\" class=\"wp-embedded-content\" title=\"\u00abCasi una d\u00e9cada tomar\u00e1 la realizaci\u00f3n de obras viales del Pacto Bicentenario en Casanare\u00bb \u2014 \u25b7 Noticias de Casanare : Martha Cifuentes | Casanare\" src=\"https:\/\/marthacifuentes.com\/portada\/2021\/04\/05\/casi-una-decada-tomara-la-realizacion-de-obras-viales-del-pacto-bicentenario-en-casanare\/embed\/#?secret=Q3mnpONlZC\" width=\"600\" height=\"570\" frameborder=\"0\" marginwidth=\"0\" marginheight=\"0\" scrolling=\"no\" sandbox=\"allow-scripts\" data-secret=\"Q3mnpONlZC\" data-mce-fragment=\"1\"><\/iframe><\/p>\n<p><iframe loading=\"lazy\" class=\"wp-embedded-content\" title=\"\u00abContralor\u00eda evidenci\u00f3 sobrecosto de 17% en contratos viales por $164 mil millones, realizados en los gobiernos de Nelson Mari\u00f1o y Marco Tulio Ru\u00edz\u00bb \u2014 \u25b7 Noticias de Casanare : Martha Cifuentes | Casanare\" src=\"https:\/\/marthacifuentes.com\/portada\/2021\/03\/30\/contraloria-evidencio-sobrecosto-de-17-en-contratos-viales-por-164-mil-millones-realizados-en-los-gobiernos-de-nelson-marino-y-marco-tulio-ruiz\/embed\/#?secret=XKDQ9Y5Zcb\" width=\"600\" height=\"617\" frameborder=\"0\" marginwidth=\"0\" marginheight=\"0\" scrolling=\"no\" sandbox=\"allow-scripts\" data-secret=\"XKDQ9Y5Zcb\" data-mce-fragment=\"1\"><\/iframe><\/p>\n<p><iframe loading=\"lazy\" class=\"wp-embedded-content\" title=\"\u00abMalec\u00f3n de Yopal en riesgo de naufragio. Gobiernos Nacional y Departamental en orillas distintas.\u00bb \u2014 \u25b7 Noticias de Casanare : Martha Cifuentes | Casanare\" src=\"https:\/\/marthacifuentes.com\/portada\/2021\/03\/25\/malecon-de-yopal-en-riesgo-de-naufragio-gobiernos-nacional-y-departamental-en-orillas-distintas\/embed\/#?secret=Jgy0THzSAU\" width=\"600\" height=\"590\" frameborder=\"0\" marginwidth=\"0\" marginheight=\"0\" scrolling=\"no\" sandbox=\"allow-scripts\" data-secret=\"Jgy0THzSAU\" data-mce-fragment=\"1\"><\/iframe><\/p>\n<p><iframe loading=\"lazy\" class=\"wp-embedded-content\" title=\"\u00abEstocada para la diputada \u201cTo\u00f1a\u201d Lady Patricia Boh\u00f3rquez. Se decret\u00f3 su muerte pol\u00edtica\u00bb \u2014 \u25b7 Noticias de Casanare : Martha Cifuentes | Casanare\" src=\"https:\/\/marthacifuentes.com\/portada\/2021\/03\/24\/estocada-para-la-diputada-tona-lady-patricia-bohorquez-se-decreto-su-muerte-politica\/embed\/#?secret=ignzYtEY1c\" width=\"600\" height=\"590\" frameborder=\"0\" marginwidth=\"0\" marginheight=\"0\" scrolling=\"no\" sandbox=\"allow-scripts\" data-secret=\"ignzYtEY1c\" data-mce-fragment=\"1\"><\/iframe><\/p>\n<p>&nbsp;<\/p>\n<p>&nbsp;<\/p>\n","protected":false},"excerpt":{"rendered":"<p>Al menos 20 m\u00e9dicos especialistas que laboran en la Cl\u00ednica Casanare, en Yopal, anunciaron la suspensi\u00f3n de labores por el no pago oportuno de sus honorarios. Al menos llevan 6 meses sin recibir un peso y no hay respuesta de las directivas de la entidad. Los galenos de anestesia, cirug\u00eda general, pl\u00e1stica, medicina interna, gastroenterolog\u00eda, &hellip;<\/p>\n","protected":false},"author":2,"featured_media":26321,"comment_status":"open","ping_status":"open","sticky":false,"template":"","format":"standard","meta":{"om_disable_all_campaigns":false,"_exactmetrics_skip_tracking":false,"_exactmetrics_sitenote_active":false,"_exactmetrics_sitenote_note":"","_exactmetrics_sitenote_category":0,"_monsterinsights_skip_tracking":false,"_monsterinsights_sitenote_active":false,"_monsterinsights_sitenote_note":"","_monsterinsights_sitenote_category":0,"_uf_show_specific_survey":0,"_uf_disable_surveys":false,"_joinchat":[],"footnotes":""},"categories":[147,146,145],"tags":[1373,5618,1400,1421,1376],"class_list":["post-26320","post","type-post","status-publish","format-standard","has-post-thumbnail","hentry","category-actualidad","category-noticias","category-reportajes","tag-casanare-noticias","tag-en-paro-especialistas-de-clinica-casanare-en-yopal-por-no-pago-de-honorarios","tag-noticias-casanare","tag-noticias-yopal","tag-yopal-noticias"],"yoast_head":"<!-- This site is optimized with the Yoast SEO plugin v26.1 - https:\/\/yoast.com\/wordpress\/plugins\/seo\/ -->\n<title>Paro de m\u00e9dicos especialistas de la Cl\u00ednica Casanare por el no pago de sus honorarios - \u25b7 Noticias de Casanare : Martha Cifuentes | Casanare<\/title>\n<meta name=\"robots\" content=\"index, follow, max-snippet:-1, max-image-preview:large, max-video-preview:-1\" \/>\n<link rel=\"canonical\" href=\"https:\/\/marthacifuentes.com\/portada\/paro-de-medicos-especialistas-de-la-clinica-casanare-por-el-no-pago-de-sus-honorarios\/\" \/>\n<meta property=\"og:locale\" content=\"es_ES\" \/>\n<meta property=\"og:type\" content=\"article\" \/>\n<meta property=\"og:title\" content=\"Paro de m\u00e9dicos especialistas de la Cl\u00ednica Casanare por el no pago de sus honorarios - \u25b7 Noticias de Casanare : Martha Cifuentes | Casanare\" \/>\n<meta property=\"og:description\" content=\"Al menos 20 m\u00e9dicos especialistas que laboran en la Cl\u00ednica Casanare, en Yopal, anunciaron la suspensi\u00f3n de labores por el no pago oportuno de sus honorarios. Al menos llevan 6 meses sin recibir un peso y no hay respuesta de las directivas de la entidad. Los galenos de anestesia, cirug\u00eda general, pl\u00e1stica, medicina interna, gastroenterolog\u00eda, &hellip;\" \/>\n<meta property=\"og:url\" content=\"https:\/\/marthacifuentes.com\/portada\/paro-de-medicos-especialistas-de-la-clinica-casanare-por-el-no-pago-de-sus-honorarios\/\" \/>\n<meta property=\"og:site_name\" content=\"\u25b7 Noticias de Casanare : Martha Cifuentes | Casanare\" \/>\n<meta property=\"article:published_time\" content=\"2021-06-05T16:50:58+00:00\" \/>\n<meta property=\"og:image\" content=\"https:\/\/marthacifuentes.com\/portada\/wp-content\/uploads\/2021\/06\/2017-01-30.jpg\" \/>\n\t<meta property=\"og:image:width\" content=\"600\" \/>\n\t<meta property=\"og:image:height\" content=\"338\" \/>\n\t<meta property=\"og:image:type\" content=\"image\/jpeg\" \/>\n<meta name=\"author\" content=\"Martha Cifuentes\" \/>\n<meta name=\"twitter:card\" content=\"summary_large_image\" \/>\n<meta name=\"twitter:label1\" content=\"Escrito por\" \/>\n\t<meta name=\"twitter:data1\" content=\"Martha Cifuentes\" \/>\n\t<meta name=\"twitter:label2\" content=\"Tiempo de lectura\" \/>\n\t<meta name=\"twitter:data2\" content=\"2 minutos\" \/>\n<script type=\"application\/ld+json\" class=\"yoast-schema-graph\">{\"@context\":\"https:\/\/schema.org\",\"@graph\":[{\"@type\":\"WebPage\",\"@id\":\"https:\/\/marthacifuentes.com\/portada\/paro-de-medicos-especialistas-de-la-clinica-casanare-por-el-no-pago-de-sus-honorarios\/\",\"url\":\"https:\/\/marthacifuentes.com\/portada\/paro-de-medicos-especialistas-de-la-clinica-casanare-por-el-no-pago-de-sus-honorarios\/\",\"name\":\"Paro de m\u00e9dicos especialistas de la Cl\u00ednica Casanare por el no pago de sus honorarios - \u25b7 Noticias de Casanare : Martha Cifuentes | Casanare\",\"isPartOf\":{\"@id\":\"https:\/\/marthacifuentes.com\/portada\/#website\"},\"primaryImageOfPage\":{\"@id\":\"https:\/\/marthacifuentes.com\/portada\/paro-de-medicos-especialistas-de-la-clinica-casanare-por-el-no-pago-de-sus-honorarios\/#primaryimage\"},\"image\":{\"@id\":\"https:\/\/marthacifuentes.com\/portada\/paro-de-medicos-especialistas-de-la-clinica-casanare-por-el-no-pago-de-sus-honorarios\/#primaryimage\"},\"thumbnailUrl\":\"https:\/\/marthacifuentes.com\/portada\/wp-content\/uploads\/2021\/06\/2017-01-30.jpg\",\"datePublished\":\"2021-06-05T16:50:58+00:00\",\"author\":{\"@id\":\"https:\/\/marthacifuentes.com\/portada\/#\/schema\/person\/57f53174b991db5f90ff78d58502b714\"},\"breadcrumb\":{\"@id\":\"https:\/\/marthacifuentes.com\/portada\/paro-de-medicos-especialistas-de-la-clinica-casanare-por-el-no-pago-de-sus-honorarios\/#breadcrumb\"},\"inLanguage\":\"es\",\"potentialAction\":[{\"@type\":\"ReadAction\",\"target\":[\"https:\/\/marthacifuentes.com\/portada\/paro-de-medicos-especialistas-de-la-clinica-casanare-por-el-no-pago-de-sus-honorarios\/\"]}]},{\"@type\":\"ImageObject\",\"inLanguage\":\"es\",\"@id\":\"https:\/\/marthacifuentes.com\/portada\/paro-de-medicos-especialistas-de-la-clinica-casanare-por-el-no-pago-de-sus-honorarios\/#primaryimage\",\"url\":\"https:\/\/marthacifuentes.com\/portada\/wp-content\/uploads\/2021\/06\/2017-01-30.jpg\",\"contentUrl\":\"https:\/\/marthacifuentes.com\/portada\/wp-content\/uploads\/2021\/06\/2017-01-30.jpg\",\"width\":600,\"height\":338},{\"@type\":\"BreadcrumbList\",\"@id\":\"https:\/\/marthacifuentes.com\/portada\/paro-de-medicos-especialistas-de-la-clinica-casanare-por-el-no-pago-de-sus-honorarios\/#breadcrumb\",\"itemListElement\":[{\"@type\":\"ListItem\",\"position\":1,\"name\":\"Portada\",\"item\":\"https:\/\/marthacifuentes.com\/portada\/\"},{\"@type\":\"ListItem\",\"position\":2,\"name\":\"Paro de m\u00e9dicos especialistas de la Cl\u00ednica Casanare por el no pago de sus honorarios\"}]},{\"@type\":\"WebSite\",\"@id\":\"https:\/\/marthacifuentes.com\/portada\/#website\",\"url\":\"https:\/\/marthacifuentes.com\/portada\/\",\"name\":\"\u25b7 Noticias de Casanare : Martha Cifuentes | Casanare\",\"description\":\"Noticias &amp; Contenidos\",\"potentialAction\":[{\"@type\":\"SearchAction\",\"target\":{\"@type\":\"EntryPoint\",\"urlTemplate\":\"https:\/\/marthacifuentes.com\/portada\/?s={search_term_string}\"},\"query-input\":{\"@type\":\"PropertyValueSpecification\",\"valueRequired\":true,\"valueName\":\"search_term_string\"}}],\"inLanguage\":\"es\"},{\"@type\":\"Person\",\"@id\":\"https:\/\/marthacifuentes.com\/portada\/#\/schema\/person\/57f53174b991db5f90ff78d58502b714\",\"name\":\"Martha Cifuentes\",\"image\":{\"@type\":\"ImageObject\",\"inLanguage\":\"es\",\"@id\":\"https:\/\/marthacifuentes.com\/portada\/#\/schema\/person\/image\/\",\"url\":\"http:\/\/marthacifuentes.com\/portada\/wp-content\/uploads\/2018\/06\/avatar_user_2_1528838701-96x96.jpg\",\"contentUrl\":\"http:\/\/marthacifuentes.com\/portada\/wp-content\/uploads\/2018\/06\/avatar_user_2_1528838701-96x96.jpg\",\"caption\":\"Martha Cifuentes\"},\"sameAs\":[\"http:\/\/www.marthacifuentes.com\"],\"url\":\"https:\/\/marthacifuentes.com\/portada\/author\/martha\/\"}]}<\/script>\n<!-- \/ Yoast SEO plugin. -->","yoast_head_json":{"title":"Paro de m\u00e9dicos especialistas de la Cl\u00ednica Casanare por el no pago de sus honorarios - \u25b7 Noticias de Casanare : Martha Cifuentes | Casanare","robots":{"index":"index","follow":"follow","max-snippet":"max-snippet:-1","max-image-preview":"max-image-preview:large","max-video-preview":"max-video-preview:-1"},"canonical":"https:\/\/marthacifuentes.com\/portada\/paro-de-medicos-especialistas-de-la-clinica-casanare-por-el-no-pago-de-sus-honorarios\/","og_locale":"es_ES","og_type":"article","og_title":"Paro de m\u00e9dicos especialistas de la Cl\u00ednica Casanare por el no pago de sus honorarios - \u25b7 Noticias de Casanare : Martha Cifuentes | Casanare","og_description":"Al menos 20 m\u00e9dicos especialistas que laboran en la Cl\u00ednica Casanare, en Yopal, anunciaron la suspensi\u00f3n de labores por el no pago oportuno de sus honorarios. Al menos llevan 6 meses sin recibir un peso y no hay respuesta de las directivas de la entidad. Los galenos de anestesia, cirug\u00eda general, pl\u00e1stica, medicina interna, gastroenterolog\u00eda, &hellip;","og_url":"https:\/\/marthacifuentes.com\/portada\/paro-de-medicos-especialistas-de-la-clinica-casanare-por-el-no-pago-de-sus-honorarios\/","og_site_name":"\u25b7 Noticias de Casanare : Martha Cifuentes | Casanare","article_published_time":"2021-06-05T16:50:58+00:00","og_image":[{"width":600,"height":338,"url":"https:\/\/marthacifuentes.com\/portada\/wp-content\/uploads\/2021\/06\/2017-01-30.jpg","type":"image\/jpeg"}],"author":"Martha Cifuentes","twitter_card":"summary_large_image","twitter_misc":{"Escrito por":"Martha Cifuentes","Tiempo de lectura":"2 minutos"},"schema":{"@context":"https:\/\/schema.org","@graph":[{"@type":"WebPage","@id":"https:\/\/marthacifuentes.com\/portada\/paro-de-medicos-especialistas-de-la-clinica-casanare-por-el-no-pago-de-sus-honorarios\/","url":"https:\/\/marthacifuentes.com\/portada\/paro-de-medicos-especialistas-de-la-clinica-casanare-por-el-no-pago-de-sus-honorarios\/","name":"Paro de m\u00e9dicos especialistas de la Cl\u00ednica Casanare por el no pago de sus honorarios - \u25b7 Noticias de Casanare : Martha Cifuentes | Casanare","isPartOf":{"@id":"https:\/\/marthacifuentes.com\/portada\/#website"},"primaryImageOfPage":{"@id":"https:\/\/marthacifuentes.com\/portada\/paro-de-medicos-especialistas-de-la-clinica-casanare-por-el-no-pago-de-sus-honorarios\/#primaryimage"},"image":{"@id":"https:\/\/marthacifuentes.com\/portada\/paro-de-medicos-especialistas-de-la-clinica-casanare-por-el-no-pago-de-sus-honorarios\/#primaryimage"},"thumbnailUrl":"https:\/\/marthacifuentes.com\/portada\/wp-content\/uploads\/2021\/06\/2017-01-30.jpg","datePublished":"2021-06-05T16:50:58+00:00","author":{"@id":"https:\/\/marthacifuentes.com\/portada\/#\/schema\/person\/57f53174b991db5f90ff78d58502b714"},"breadcrumb":{"@id":"https:\/\/marthacifuentes.com\/portada\/paro-de-medicos-especialistas-de-la-clinica-casanare-por-el-no-pago-de-sus-honorarios\/#breadcrumb"},"inLanguage":"es","potentialAction":[{"@type":"ReadAction","target":["https:\/\/marthacifuentes.com\/portada\/paro-de-medicos-especialistas-de-la-clinica-casanare-por-el-no-pago-de-sus-honorarios\/"]}]},{"@type":"ImageObject","inLanguage":"es","@id":"https:\/\/marthacifuentes.com\/portada\/paro-de-medicos-especialistas-de-la-clinica-casanare-por-el-no-pago-de-sus-honorarios\/#primaryimage","url":"https:\/\/marthacifuentes.com\/portada\/wp-content\/uploads\/2021\/06\/2017-01-30.jpg","contentUrl":"https:\/\/marthacifuentes.com\/portada\/wp-content\/uploads\/2021\/06\/2017-01-30.jpg","width":600,"height":338},{"@type":"BreadcrumbList","@id":"https:\/\/marthacifuentes.com\/portada\/paro-de-medicos-especialistas-de-la-clinica-casanare-por-el-no-pago-de-sus-honorarios\/#breadcrumb","itemListElement":[{"@type":"ListItem","position":1,"name":"Portada","item":"https:\/\/marthacifuentes.com\/portada\/"},{"@type":"ListItem","position":2,"name":"Paro de m\u00e9dicos especialistas de la Cl\u00ednica Casanare por el no pago de sus honorarios"}]},{"@type":"WebSite","@id":"https:\/\/marthacifuentes.com\/portada\/#website","url":"https:\/\/marthacifuentes.com\/portada\/","name":"\u25b7 Noticias de Casanare : Martha Cifuentes | Casanare","description":"Noticias &amp; Contenidos","potentialAction":[{"@type":"SearchAction","target":{"@type":"EntryPoint","urlTemplate":"https:\/\/marthacifuentes.com\/portada\/?s={search_term_string}"},"query-input":{"@type":"PropertyValueSpecification","valueRequired":true,"valueName":"search_term_string"}}],"inLanguage":"es"},{"@type":"Person","@id":"https:\/\/marthacifuentes.com\/portada\/#\/schema\/person\/57f53174b991db5f90ff78d58502b714","name":"Martha Cifuentes","image":{"@type":"ImageObject","inLanguage":"es","@id":"https:\/\/marthacifuentes.com\/portada\/#\/schema\/person\/image\/","url":"http:\/\/marthacifuentes.com\/portada\/wp-content\/uploads\/2018\/06\/avatar_user_2_1528838701-96x96.jpg","contentUrl":"http:\/\/marthacifuentes.com\/portada\/wp-content\/uploads\/2018\/06\/avatar_user_2_1528838701-96x96.jpg","caption":"Martha Cifuentes"},"sameAs":["http:\/\/www.marthacifuentes.com"],"url":"https:\/\/marthacifuentes.com\/portada\/author\/martha\/"}]}},"_links":{"self":[{"href":"https:\/\/marthacifuentes.com\/portada\/wp-json\/wp\/v2\/posts\/26320","targetHints":{"allow":["GET"]}}],"collection":[{"href":"https:\/\/marthacifuentes.com\/portada\/wp-json\/wp\/v2\/posts"}],"about":[{"href":"https:\/\/marthacifuentes.com\/portada\/wp-json\/wp\/v2\/types\/post"}],"author":[{"embeddable":true,"href":"https:\/\/marthacifuentes.com\/portada\/wp-json\/wp\/v2\/users\/2"}],"replies":[{"embeddable":true,"href":"https:\/\/marthacifuentes.com\/portada\/wp-json\/wp\/v2\/comments?post=26320"}],"version-history":[{"count":1,"href":"https:\/\/marthacifuentes.com\/portada\/wp-json\/wp\/v2\/posts\/26320\/revisions"}],"predecessor-version":[{"id":26322,"href":"https:\/\/marthacifuentes.com\/portada\/wp-json\/wp\/v2\/posts\/26320\/revisions\/26322"}],"wp:featuredmedia":[{"embeddable":true,"href":"https:\/\/marthacifuentes.com\/portada\/wp-json\/wp\/v2\/media\/26321"}],"wp:attachment":[{"href":"https:\/\/marthacifuentes.com\/portada\/wp-json\/wp\/v2\/media?parent=26320"}],"wp:term":[{"taxonomy":"category","embeddable":true,"href":"https:\/\/marthacifuentes.com\/portada\/wp-json\/wp\/v2\/categories?post=26320"},{"taxonomy":"post_tag","embeddable":true,"href":"https:\/\/marthacifuentes.com\/portada\/wp-json\/wp\/v2\/tags?post=26320"}],"curies":[{"name":"wp","href":"https:\/\/api.w.org\/{rel}","templated":true}]}}