{"id":26540,"date":"2021-07-15T21:28:40","date_gmt":"2021-07-16T02:28:40","guid":{"rendered":"https:\/\/marthacifuentes.com\/portada\/?p=26540"},"modified":"2021-07-15T21:28:40","modified_gmt":"2021-07-16T02:28:40","slug":"condenados-a-40-anos-de-prision-militar-y-exalcalde-por-participacion-en-masacre-y-desaparicion-de-54-personas-en-chameza-y-recetor-en-2002","status":"publish","type":"post","link":"https:\/\/marthacifuentes.com\/portada\/condenados-a-40-anos-de-prision-militar-y-exalcalde-por-participacion-en-masacre-y-desaparicion-de-54-personas-en-chameza-y-recetor-en-2002\/","title":{"rendered":"Condenados a 40 a\u00f1os de prisi\u00f3n, militar y exalcalde por participaci\u00f3n en masacre y desaparici\u00f3n de 54 personas en Ch\u00e1meza y Recetor en 2002"},"content":{"rendered":"<p style=\"text-align: justify;\"><strong>Por la masacre, tortura, homicidio y desaparici\u00f3n de 54 personas en los municipios Ch\u00e1meza y Recetor entre los a\u00f1os 2002 y 2003, ejecutada por el grupo paramilitar de alias \u2018Mart\u00edn llanos\u2019, el Juzgado \u00danico Especializado de Yopal conden\u00f3 a 40 a\u00f1os de prisi\u00f3n, al coronel (r) Juan Carlos Casta\u00f1eda Villamizar y al exalcalde de Recetor Flaminio Cocinero Costo, por los delitos de homicidio y tortura en persona protegida, desaparici\u00f3n forzada agravada, desplazamiento forzado y concierto para delinquir agravado. <\/strong><\/p>\n<p style=\"text-align: justify;\">Con abundante material de prueba y evidencia testimonial qued\u00f3 acreditado que los dos sentenciados entregaron a la estructura ilegal listados con los nombres de supuestos auxiliadores de los grupos guerrilleros. Con estos se\u00f1alamientos, algunas personas fueron citadas a las zonas de injerencia de la estructura paramilitar; y otras fueron buscadas en sus viviendas por hombres armados que las sometieron. En total, 54 habitantes fueron asesinados y sus cuerpos desaparecidos.<\/p>\n<p style=\"text-align: justify;\">Adicionalmente, los dos exfuncionarios omitieron su deber de protecci\u00f3n a la comunidad y, con pleno conocimiento de lo que ocurr\u00eda, permitieron incursiones violentas de manera sistem\u00e1tica. El Juzgado \u00danico Especializado de Yopal (Casanare) aval\u00f3 los argumentos y los elementos de prueba presentados por la Fiscal\u00eda.<\/p>\n<p style=\"text-align: justify;\">El fallo orden\u00f3 la captura inmediata del coronel en retiro, quien se encuentra en libertad provisional. Lo mismo dispuso contra el exalcalde; sin embargo, solicit\u00f3 expedir en su contra notificaci\u00f3n roja de Interpol, en el entendido de que es pr\u00f3fugo de la justicia.<\/p>\n<p style=\"text-align: justify;\">De igual manera, les impuso multa de 50.000 salarios m\u00ednimos legales mensuales vigentes y como indemnizaci\u00f3n por los perjuicios morales causados con las infracciones cometidas, una suma equivalente a 1.000 salarios m\u00ednimos legales mensuales vigentes. La decisi\u00f3n es de primera instancia y contra la misma proceden los recursos de ley.<\/p>\n<p style=\"text-align: justify;\">Una de las v\u00edctimas de la violencia paramilitar en Recetor fue el m\u00e9dico Geiner Antonio Munive Rodr\u00edguez, desaparecido el 27 de febrero de 2003, luego de haber denunciado en un Consejo de Seguridad con presencia del Ej\u00e9rcito, la Polic\u00eda y autoridades locales y departamentales, que los paramilitares estaban torturando a los pobladores del municipio y de Ch\u00e1meza. Por esta raz\u00f3n fue amenazado y conminado a irse del pueblo. Cuando fue a reclamar porque se ten\u00eda que exiliar, no volvi\u00f3 a aparecer.<\/p>\n<p>&nbsp;<\/p>\n<p><strong>Las v\u00edctimas de Recetor fueron:<\/strong><\/p>\n<ol>\n<li>FLAMINIO HERN\u00c1NDEZ N\u00da\u00d1EZ desaparecido el 04 de febrero de 2003 exhumado en el a\u00f1o 2009.<\/li>\n<li>RICARDO MONTEALEGRE<\/li>\n<li>WILSON HERLEY TORRES desaparecido el 02 de febrero de 2003<\/li>\n<li>ADONA\u00cd S\u00c1NCHEZ TORRES desaparecido el 02 de febrero de 2003, exhumado vereda El Veg\u00f3n Recetor 26\/03\/2009<\/li>\n<li>NICOLAS CEPEDA RINC\u00d3N desaparecido el 20 de febrero de 2003<\/li>\n<li>CARLOS ANDR\u00c9S BARRERA PEDRAZA \u2013 Estudiante, desaparecido el 28 de febrero de 2003<\/li>\n<li>JAVIER MART\u00cdNEZ D\u00cdAZ desaparecido el 28 de febrero de 2003<\/li>\n<li>ELVIRA CEPEDA PRECIADO desaparecida el 17 de febrero de 2003 exhumada en el a\u00f1o 2005<\/li>\n<li>JAIME ZORRO ZORRO desaparecido el 14 de febrero de 2003<\/li>\n<li>GEINER ANTONIO MUNIVE RODR\u00cdGUEZ \u2013 M\u00e9dico Recetor- Desaparecido el 27 de febrero de 2003.<\/li>\n<li>NAIRO HOMERO CHAPARRO \u2013 Conductor de la ambulancia Recetor \u2013 Desaparecido el 27 de febrero de 2003<\/li>\n<li>NANCY YADIRA CARRE\u00d1O ALFONSO desaparecida el 03 de marzo de 2003, exhumado<\/li>\n<li>MILTON URIEL COLMENARES GALLEGO desaparecido el 18 de febrero de 2003<\/li>\n<li>EVELIA PE\u00d1A R\u00cdOS desaparecida el 18 de febrero de 2003, exhumada<\/li>\n<li>JOS\u00c9 DEL CARMEN SALAMANCA, desaparecido el 24 de febrero de 2003 exhumado el 23\/03\/2001<\/li>\n<li>LUIS ARIEL PEDRAZA VALLEJO desaparecido el 07 de febrero de 2003<\/li>\n<li>FERMINA CAMPOS<\/li>\n<li>CRISTOBAL SALAMANCA HERN\u00c1NDEZ desaparecido el 10 de febrero de exhumado el 23\/03\/2007<\/li>\n<li>JOS\u00c9 EFRAIN BERNAL L\u00d3PEZ desaparecido el 28 de febrero de 2003<\/li>\n<li>MELBER BERNAL LOPEZ desaparecido el 28 de febrero de 2003<\/li>\n<li>DUMAR BERNAL LOPEZ desaparecido el 16 de febrero de 2003<\/li>\n<li>MIGUEL ANTONIO OLARTE RIVERA desaparecido el 18 de febrero de 2003<\/li>\n<li>RAUL PEDRAZA VALLEJO desaparecido 28 enero de 2003<\/li>\n<li>YANIRE VALLEJO RIVERA desaparecida el 28 de enero de 2003<\/li>\n<li>MELESIO PEDRAZA FONSECA desaparecido el 01 febrero de 2003<\/li>\n<li>VICTOR MIGUEL GALINDO ALFONSO desaparecido el 30 de enero de 2003<\/li>\n<li>EMPERATRIZ PE\u00d1A R\u00cdOS desaparecida el 13 de febrero de 2003, Inspecci\u00f3n cad\u00e1ver el 10 octubre 2005-Fosa N. 1<\/li>\n<li>GUSTAVO HUMBERTO SALAMANCA BAUTISTA desaparecido el 03 de febrero de 2003 Inspecci\u00f3n cad\u00e1ver el 10 octubre 2005-Fosa N.1<\/li>\n<li>HEINER HUMBERTO SALAMANCA PE\u00d1A desaparecido el 13 de febrero de 2003, exhumado<\/li>\n<li>DORIS PATRICIA SALAMANCA PE\u00d1A desaparecidos el 13 de febrero de 2003<\/li>\n<li>RICARDO ANDR\u00c9S CASTRO desaparecido el 24 de febrero de 2003, exhumado el 23\/03\/2007.<\/li>\n<\/ol>\n<p>&nbsp;<\/p>\n<p>Las v\u00edctimas de Ch\u00e1meza fueron:<\/p>\n<ol>\n<li>PABLO DE JESUS ZORRO MARI\u00d1O, desaparecido el 20 de febrero de 2003<\/li>\n<li>ANA DELIA MOLINA desaparecida el 12 de diciembre de 2002<\/li>\n<li>JOS\u00c9 REYES CABALLERO BERNAL desaparecido El 05 noviembre de 2002<\/li>\n<li>RIGOBERTO TORO S\u00c1NCHEZ &#8211; Inspecci\u00f3n cad\u00e1ver el 10 de octubre de 2005-Fosa N. 2<\/li>\n<li>SANTOS TORO S\u00c1NCHEZ \u2013 Inspecci\u00f3n cad\u00e1ver el 10 de octubre de 2005 Fosa N. 2<\/li>\n<li>MAURICIO SALAMANCA BERNAL \u2013 desaparecido el 03 de febrero de 2003<\/li>\n<li>LEONEL LOZANO MELO desaparecido el 03 de febrero de 2003<\/li>\n<li>JES\u00daS ANTONIO VALERO MART\u00cdNEZ desaparecido el 09 de febrero de 2003<\/li>\n<li>RAFAEL D\u00cdAZ JIM\u00c9NEZ desaparecido en febrero de 2003<\/li>\n<li>MIGUEL P\u00c9REZ<\/li>\n<li>GILBER LINO VARGAS HOLGU\u00cdN desaparecido el 16 de diciembre de 2002<\/li>\n<li>JAVIER GUZMAN CARRE\u00d1O<\/li>\n<li>JOSE AQUILINO GORDILLO<\/li>\n<li>ADIOMEIS GUERRERO ESPINOZA<\/li>\n<li>ROSA AILYN SANABRIA FINO<\/li>\n<li>PROSPERO AFRICANO VARGAS desaparecido el 02 de febrero de 2003<\/li>\n<li>ADONA\u00cd ROMERO GRANADOS desaparecido el 15 de febrero de 2003 exhumado el 13 de marzo de 2014<\/li>\n<li>JOS\u00c9 ROSELINO GRANADOS desaparecido el 11 de marzo de 2003<\/li>\n<li>JOS\u00c9 ELI LAVERDE CONTRERAS desaparecidos en marzo de 2003 exhumado el 11\/09\/2012<\/li>\n<li>SAUL LAVERDE CONTRERAS exhumado el 11\/09\/2012<\/li>\n<li>ROMEL ALBERTO MORALES ACOSTA desaparecido el 12 de diciembre de 2002. Cuerpo incinerado<\/li>\n<li>RAUL PE\u00d1A G\u00d3MEZ desaparecido el 13 de noviembre de 2002<\/li>\n<li>HOLMAN PE\u00d1A GOMEZ desaparecido el 13 de noviembre de 2002.<\/li>\n<\/ol>\n<h2>Otras noticias&#8230;<\/h2>\n<blockquote class=\"wp-embedded-content\" data-secret=\"MahsmrIlPz\"><p><a href=\"https:\/\/marthacifuentes.com\/portada\/2021\/07\/15\/usuarios-de-5-eps-podran-realizarse-pruebas-gratis-de-covid-19-en-yopal\/\">Usuarios de 5 EPS podr\u00e1n realizarse pruebas gratis de Covid-19 en Yopal<\/a><\/p><\/blockquote>\n<p><iframe loading=\"lazy\" class=\"wp-embedded-content\" sandbox=\"allow-scripts\" security=\"restricted\" style=\"position: absolute; clip: rect(1px, 1px, 1px, 1px);\" title=\"\u00abUsuarios de 5 EPS podr\u00e1n realizarse pruebas gratis de Covid-19 en Yopal\u00bb \u2014 \u25b7 Noticias de Casanare : Martha Cifuentes | Casanare\" src=\"https:\/\/marthacifuentes.com\/portada\/2021\/07\/15\/usuarios-de-5-eps-podran-realizarse-pruebas-gratis-de-covid-19-en-yopal\/embed\/#?secret=t9fgfL69lx#?secret=MahsmrIlPz\" data-secret=\"MahsmrIlPz\" width=\"500\" height=\"282\" frameborder=\"0\" marginwidth=\"0\" marginheight=\"0\" scrolling=\"no\"><\/iframe><\/p>\n<p><iframe loading=\"lazy\" class=\"wp-embedded-content\" title=\"\u00abRectores y padres de familia definir\u00e1n regreso de estudiantes a clases presenciales o virtuales en Yopal\u00bb \u2014 \u25b7 Noticias de Casanare : Martha Cifuentes | Casanare\" src=\"https:\/\/marthacifuentes.com\/portada\/2021\/07\/14\/rectores-y-padres-de-familia-definiran-regreso-de-estudiantes-a-clases-presenciales-o-virtuales-en-yopal\/embed\/#?secret=ucEwVGvGO7\" width=\"600\" height=\"599\" frameborder=\"0\" marginwidth=\"0\" marginheight=\"0\" scrolling=\"no\" sandbox=\"allow-scripts\" data-secret=\"ucEwVGvGO7\" data-mce-fragment=\"1\"><\/iframe><\/p>\n<p><iframe loading=\"lazy\" class=\"wp-embedded-content\" title=\"\u00abPol\u00e9mica en Casanare por regreso a clases presenciales ordenada por gobierno nacional. Estudiantes de Yopal iniciar\u00edan el 21 de julio.\u00bb \u2014 \u25b7 Noticias de Casanare : Martha Cifuentes | Casanare\" src=\"https:\/\/marthacifuentes.com\/portada\/2021\/07\/13\/polemica-en-casanare-por-regreso-a-clases-presenciales-ordenada-por-gobierno-nacional-estudiantes-de-yopal-iniciarian-el-21-de-julio\/embed\/#?secret=VujQuh516q\" width=\"600\" height=\"648\" frameborder=\"0\" marginwidth=\"0\" marginheight=\"0\" scrolling=\"no\" sandbox=\"allow-scripts\" data-secret=\"VujQuh516q\" data-mce-fragment=\"1\"><\/iframe><\/p>\n<p><iframe loading=\"lazy\" class=\"wp-embedded-content\" title=\"\u00abBacteria en el Horo dej\u00f3 en estado vegetativo a una mujer y ahora deber\u00e1 indemnizar con mil millones a su familia \u00a0\u00bb \u2014 \u25b7 Noticias de Casanare : Martha Cifuentes | Casanare\" src=\"https:\/\/marthacifuentes.com\/portada\/2021\/07\/12\/bacteria-en-el-horo-dejo-en-estado-vegetativo-a-una-mujer-y-ahora-debera-indemnizar-con-mil-millones-a-su-familia\/embed\/#?secret=oa0YVLDx3q\" width=\"600\" height=\"648\" frameborder=\"0\" marginwidth=\"0\" marginheight=\"0\" scrolling=\"no\" sandbox=\"allow-scripts\" data-secret=\"oa0YVLDx3q\" data-mce-fragment=\"1\"><\/iframe><\/p>\n<p><iframe loading=\"lazy\" class=\"wp-embedded-content\" title=\"\u00abA extinci\u00f3n de dominio propiedades de presunta banda de Yopal que reclutaba venezolanas para explotarlas sexualmente\u00bb \u2014 \u25b7 Noticias de Casanare : Martha Cifuentes | Casanare\" src=\"https:\/\/marthacifuentes.com\/portada\/2021\/07\/09\/a-extincion-de-dominio-propiedades-de-presunta-banda-de-yopal-que-reclutaba-venezolanas-para-explotarlas-sexualmente\/embed\/#?secret=a2dVjI4vFM\" width=\"600\" height=\"647\" frameborder=\"0\" marginwidth=\"0\" marginheight=\"0\" scrolling=\"no\" sandbox=\"allow-scripts\" data-secret=\"a2dVjI4vFM\" data-mce-fragment=\"1\"><\/iframe><\/p>\n<p><iframe loading=\"lazy\" class=\"wp-embedded-content\" title=\"\u00abConsejo de Estado ahora anul\u00f3 elecci\u00f3n de Lady Patricia Boh\u00f3rquez como diputada de Casanare. 2\u00b0 fallo adverso contra la dirigente pol\u00edtica.\u00bb \u2014 \u25b7 Noticias de Casanare : Martha Cifuentes | Casanare\" src=\"https:\/\/marthacifuentes.com\/portada\/2021\/07\/09\/consejo-de-estado-ahora-anulo-eleccion-de-lady-patricia-bohorquez-como-diputada-de-casanare-2-fallo-adverso-contra-la-dirigente-politica\/embed\/#?secret=YMZA22hrP3\" width=\"600\" height=\"648\" frameborder=\"0\" marginwidth=\"0\" marginheight=\"0\" scrolling=\"no\" sandbox=\"allow-scripts\" data-secret=\"YMZA22hrP3\" data-mce-fragment=\"1\"><\/iframe><\/p>\n<p><iframe loading=\"lazy\" class=\"wp-embedded-content\" title=\"\u00abPolic\u00eda sigue buscando a alias Ovidio, fugitivo, presunto delincuente del Clan del Golfo en Casanare\u00bb \u2014 \u25b7 Noticias de Casanare : Martha Cifuentes | Casanare\" src=\"https:\/\/marthacifuentes.com\/portada\/2021\/07\/08\/policia-sigue-buscando-a-alias-ovidio-fugitivo-presunto-delincuente-del-clan-del-golfo-en-casanare\/embed\/#?secret=SEF3NtxFaz\" width=\"600\" height=\"620\" frameborder=\"0\" marginwidth=\"0\" marginheight=\"0\" scrolling=\"no\" sandbox=\"allow-scripts\" data-secret=\"SEF3NtxFaz\" data-mce-fragment=\"1\"><\/iframe><\/p>\n<p><iframe loading=\"lazy\" class=\"wp-embedded-content\" title=\"\u00abDe la carceleta del comando de polic\u00eda de Casanare se fug\u00f3 alias Ovidio, presunto integrante del Clan del Golfo\u00bb \u2014 \u25b7 Noticias de Casanare : Martha Cifuentes | Casanare\" src=\"https:\/\/marthacifuentes.com\/portada\/2021\/07\/08\/de-la-carceleta-del-comando-de-policia-de-casanare-se-fugo-alias-ovidio-presunto-integrante-del-clan-del-golfo\/embed\/#?secret=UaP3JgZFNZ\" width=\"600\" height=\"648\" frameborder=\"0\" marginwidth=\"0\" marginheight=\"0\" scrolling=\"no\" sandbox=\"allow-scripts\" data-secret=\"UaP3JgZFNZ\" data-mce-fragment=\"1\"><\/iframe><\/p>\n<p><iframe loading=\"lazy\" class=\"wp-embedded-content\" title=\"\u00abPanfleto que circula en Hato Corozal promueve expulsi\u00f3n de venezolanos y creaci\u00f3n de autodefensas\u00bb \u2014 \u25b7 Noticias de Casanare : Martha Cifuentes | Casanare\" src=\"https:\/\/marthacifuentes.com\/portada\/2021\/07\/07\/panfleto-que-circula-en-hato-corozal-promueve-expulsion-de-venezolanos-y-creacion-de-autodefensas\/embed\/#?secret=kqgQFBKxXw\" width=\"600\" height=\"620\" frameborder=\"0\" marginwidth=\"0\" marginheight=\"0\" scrolling=\"no\" sandbox=\"allow-scripts\" data-secret=\"kqgQFBKxXw\" data-mce-fragment=\"1\"><\/iframe><\/p>\n<p><iframe loading=\"lazy\" class=\"wp-embedded-content\" title=\"\u00abPoblaci\u00f3n rural mayor de 18 a\u00f1os de 13 municipios de Casanare ser\u00e1 vacunada con Jansen contra Covid-19.\u00bb \u2014 \u25b7 Noticias de Casanare : Martha Cifuentes | Casanare\" src=\"https:\/\/marthacifuentes.com\/portada\/2021\/07\/07\/poblacion-rural-mayor-de-18-anos-de-13-municipios-de-casanare-sera-vacunada-con-jansen-contra-covid-19\/embed\/#?secret=PbyRdqdLna\" width=\"600\" height=\"619\" frameborder=\"0\" marginwidth=\"0\" marginheight=\"0\" scrolling=\"no\" sandbox=\"allow-scripts\" data-secret=\"PbyRdqdLna\" data-mce-fragment=\"1\"><\/iframe><\/p>\n<p><iframe loading=\"lazy\" class=\"wp-embedded-content\" title=\"\u00abEn Casanare, m\u00e1s hospitalizados por accidentes y ri\u00f1as que por Covid-19, durante el fin de semana\u00bb \u2014 \u25b7 Noticias de Casanare : Martha Cifuentes | Casanare\" src=\"https:\/\/marthacifuentes.com\/portada\/2021\/07\/07\/en-casanare-mas-hospitalizados-por-accidentes-y-rinas-que-por-covid-19-durante-el-fin-de-semana\/embed\/#?secret=hOCTdwXacD\" width=\"600\" height=\"620\" frameborder=\"0\" marginwidth=\"0\" marginheight=\"0\" scrolling=\"no\" sandbox=\"allow-scripts\" data-secret=\"hOCTdwXacD\" data-mce-fragment=\"1\"><\/iframe><\/p>\n<p><iframe loading=\"lazy\" class=\"wp-embedded-content\" title=\"\u00abLesionado en accidente de tr\u00e1nsito en Casanare, a punto de perder una pierna por demora en remisi\u00f3n a centro hospitalario de 3er nivel\u00bb \u2014 \u25b7 Noticias de Casanare : Martha Cifuentes | Casanare\" src=\"https:\/\/marthacifuentes.com\/portada\/2021\/07\/06\/lesionado-en-accidente-de-transito-en-casanare-a-punto-de-perder-una-pierna-por-demora-en-remision-a-centro-hospitalario-de-3er-nivel\/embed\/#?secret=60rNf0A1Rs\" width=\"600\" height=\"627\" frameborder=\"0\" marginwidth=\"0\" marginheight=\"0\" scrolling=\"no\" sandbox=\"allow-scripts\" data-secret=\"60rNf0A1Rs\" data-mce-fragment=\"1\"><\/iframe><\/p>\n<p><iframe loading=\"lazy\" class=\"wp-embedded-content\" title=\"\u00abPoblaci\u00f3n de Casanare indisciplinada, ruidosa y camorrista, durante el fin de semana. 153 ri\u00f1as fueron reportadas.\u00bb \u2014 \u25b7 Noticias de Casanare : Martha Cifuentes | Casanare\" src=\"https:\/\/marthacifuentes.com\/portada\/2021\/07\/06\/poblacion-de-casanare-indisciplinada-ruidosa-y-camorrista-durante-el-fin-de-semana-153-rinas-fueron-reportadas\/embed\/#?secret=8EPj8aLG7U\" width=\"600\" height=\"648\" frameborder=\"0\" marginwidth=\"0\" marginheight=\"0\" scrolling=\"no\" sandbox=\"allow-scripts\" data-secret=\"8EPj8aLG7U\" data-mce-fragment=\"1\"><\/iframe><\/p>\n<p><iframe loading=\"lazy\" class=\"wp-embedded-content\" title=\"\u00abPosesi\u00f3n de Jorge Garc\u00eda como diputado de Casanare qued\u00f3 en firme. Juez levant\u00f3 medida cautelar que generaba dudas.\u00bb \u2014 \u25b7 Noticias de Casanare : Martha Cifuentes | Casanare\" src=\"https:\/\/marthacifuentes.com\/portada\/2021\/07\/02\/posesion-de-jorge-garcia-como-diputado-de-casanare-quedo-en-firme-juez-levanto-medida-cautelar-que-generaba-dudas\/embed\/#?secret=LmXG7zoo1I\" width=\"600\" height=\"648\" frameborder=\"0\" marginwidth=\"0\" marginheight=\"0\" scrolling=\"no\" sandbox=\"allow-scripts\" data-secret=\"LmXG7zoo1I\" data-mce-fragment=\"1\"><\/iframe><\/p>\n<p><iframe loading=\"lazy\" class=\"wp-embedded-content\" title=\"\u00abCospacc denuncia uso discriminado de la fuerza policial contra manifestantes en el CAI de El Progreso en Yopal\u00bb \u2014 \u25b7 Noticias de Casanare : Martha Cifuentes | Casanare\" src=\"https:\/\/marthacifuentes.com\/portada\/2021\/07\/02\/cospacc-denuncia-uso-discriminado-de-la-fuerza-policial-contra-manifestantes-en-el-cai-de-el-progreso-en-yopal\/embed\/#?secret=ynllP01qqc\" width=\"600\" height=\"648\" frameborder=\"0\" marginwidth=\"0\" marginheight=\"0\" scrolling=\"no\" sandbox=\"allow-scripts\" data-secret=\"ynllP01qqc\" data-mce-fragment=\"1\"><\/iframe><\/p>\n<p><iframe loading=\"lazy\" class=\"wp-embedded-content\" title=\"\u00abCon tutela Lady Patricia Boh\u00f3rquez, la To\u00f1a, quiere aferrarse a la Asamblea de Casanare cuando ya se posesion\u00f3 nuevo diputado\u00bb \u2014 \u25b7 Noticias de Casanare : Martha Cifuentes | Casanare\" src=\"https:\/\/marthacifuentes.com\/portada\/2021\/07\/01\/con-tutela-lady-patricia-bohorquez-la-tona-quiere-aferrarse-a-la-asamblea-de-casanare-cuando-ya-se-posesiono-nuevo-diputado\/embed\/#?secret=0nKXVgk0Ux\" width=\"600\" height=\"648\" frameborder=\"0\" marginwidth=\"0\" marginheight=\"0\" scrolling=\"no\" sandbox=\"allow-scripts\" data-secret=\"0nKXVgk0Ux\" data-mce-fragment=\"1\"><\/iframe><\/p>\n<p><iframe loading=\"lazy\" class=\"wp-embedded-content\" title=\"\u00abNuevamente Toque de queda, Pico y c\u00e9dula y Restricci\u00f3n de veh\u00edculos en Yopal\u00bb \u2014 \u25b7 Noticias de Casanare : Martha Cifuentes | Casanare\" src=\"https:\/\/marthacifuentes.com\/portada\/2021\/07\/01\/nuevamente-toque-de-queda-pico-y-cedula-y-restriccion-de-vehiculos-en-yopal\/embed\/#?secret=S4OPTJVOM9\" width=\"600\" height=\"563\" frameborder=\"0\" marginwidth=\"0\" marginheight=\"0\" scrolling=\"no\" sandbox=\"allow-scripts\" data-secret=\"S4OPTJVOM9\" data-mce-fragment=\"1\"><\/iframe><\/p>\n<p><iframe loading=\"lazy\" class=\"wp-embedded-content\" title=\"\u00abPac\u00edfica velat\u00f3n en Yopal termin\u00f3 en fuertes disturbios que afectaron la comunidad del barrio El Progreso\u00bb \u2014 \u25b7 Noticias de Casanare : Martha Cifuentes | Casanare\" src=\"https:\/\/marthacifuentes.com\/portada\/2021\/07\/01\/pacifica-velaton-en-yopal-termino-en-fuertes-disturbios-que-afectaron-la-comunidad-del-barrio-el-progreso\/embed\/#?secret=0fNV1gwHWm\" width=\"600\" height=\"557\" frameborder=\"0\" marginwidth=\"0\" marginheight=\"0\" scrolling=\"no\" sandbox=\"allow-scripts\" data-secret=\"0fNV1gwHWm\" data-mce-fragment=\"1\"><\/iframe><\/p>\n<p><iframe loading=\"lazy\" class=\"wp-embedded-content\" title=\"\u00abGobernador de Casanare Salom\u00f3n Sanabria sancionado por no remitir a venezolana a un hospital de tercer nivel\u00bb \u2014 \u25b7 Noticias de Casanare : Martha Cifuentes | Casanare\" src=\"https:\/\/marthacifuentes.com\/portada\/2021\/06\/30\/gobernador-de-casanare-salomon-sanabria-sancionado-por-no-remitir-a-venezolana-a-un-hospital-de-tercer-nivel\/embed\/#?secret=cUBWSSDbZC\" width=\"600\" height=\"648\" frameborder=\"0\" marginwidth=\"0\" marginheight=\"0\" scrolling=\"no\" sandbox=\"allow-scripts\" data-secret=\"cUBWSSDbZC\" data-mce-fragment=\"1\"><\/iframe><\/p>\n<p><iframe loading=\"lazy\" class=\"wp-embedded-content\" title=\"\u00ab\u201cLa vida es muy corta, disfr\u00fatala al m\u00e1ximo\u201d, dec\u00eda la comunicadora nunch\u00edana Karol Jim\u00e9nez, quien ya se despidi\u00f3 de este mundo\u00bb \u2014 \u25b7 Noticias de Casanare : Martha Cifuentes | Casanare\" src=\"https:\/\/marthacifuentes.com\/portada\/2021\/06\/30\/la-vida-es-muy-corta-disfrutala-al-maximo-decia-la-comunicadora-nunchiana-karol-jimenez-quien-ya-se-despidio-de-este-mundo\/embed\/#?secret=BkAMWahHqf\" width=\"600\" height=\"619\" frameborder=\"0\" marginwidth=\"0\" marginheight=\"0\" scrolling=\"no\" sandbox=\"allow-scripts\" data-secret=\"BkAMWahHqf\" data-mce-fragment=\"1\"><\/iframe><\/p>\n<p><iframe loading=\"lazy\" class=\"wp-embedded-content\" title=\"\u00abEn Aguazul se entregar\u00e1n m\u00e1s de 600 cr\u00e9ditos r\u00e1pidos, en convenio de Alcald\u00eda de Aguazul, Ffama e IFC\u00bb \u2014 \u25b7 Noticias de Casanare : Martha Cifuentes | Casanare\" src=\"https:\/\/marthacifuentes.com\/portada\/2021\/06\/29\/en-aguazul-se-entregaran-mas-de-600-creditos-rapidos-en-convenio-de-alcaldia-de-aguazul-ffama-e-ifc\/embed\/#?secret=j7PKF4eoFX\" width=\"600\" height=\"620\" frameborder=\"0\" marginwidth=\"0\" marginheight=\"0\" scrolling=\"no\" sandbox=\"allow-scripts\" data-secret=\"j7PKF4eoFX\" data-mce-fragment=\"1\"><\/iframe><\/p>\n<p><iframe loading=\"lazy\" class=\"wp-embedded-content\" title=\"\u00abYopal no tendr\u00e1 confinamiento el fin de semana. \u00bfPrim\u00f3 la econom\u00eda sobre la salud?\u00bb \u2014 \u25b7 Noticias de Casanare : Martha Cifuentes | Casanare\" src=\"https:\/\/marthacifuentes.com\/portada\/2021\/06\/25\/yopal-no-tendra-confinamiento-el-fin-de-semana-primo-la-economia-sobre-la-salud\/embed\/#?secret=hJ3EjV590C\" width=\"600\" height=\"584\" frameborder=\"0\" marginwidth=\"0\" marginheight=\"0\" scrolling=\"no\" sandbox=\"allow-scripts\" data-secret=\"hJ3EjV590C\" data-mce-fragment=\"1\"><\/iframe><\/p>\n<p><iframe loading=\"lazy\" class=\"wp-embedded-content\" title=\"\u00abEl 28 de junio el Consejo Nacional Electoral realizar\u00e1 audiencia de revocatoria del mandato de la alcaldesa de Aguazul Johana Moreno\u00bb \u2014 \u25b7 Noticias de Casanare : Martha Cifuentes | Casanare\" src=\"https:\/\/marthacifuentes.com\/portada\/2021\/06\/23\/el-28-de-junio-el-consejo-nacional-electoral-realizara-audiencia-de-revocatoria-del-mandato-de-la-alcaldesa-de-aguazul-johana-moreno\/embed\/#?secret=x8m98mOGpv\" width=\"600\" height=\"648\" frameborder=\"0\" marginwidth=\"0\" marginheight=\"0\" scrolling=\"no\" sandbox=\"allow-scripts\" data-secret=\"x8m98mOGpv\" data-mce-fragment=\"1\"><\/iframe><\/p>\n<p><iframe loading=\"lazy\" class=\"wp-embedded-content\" title=\"\u00abBP le dej\u00f3 deuda a Ecopetrol de compensaciones ambientales de pozo Cupiagua U: Consejo de Estado\u00bb \u2014 \u25b7 Noticias de Casanare : Martha Cifuentes | Casanare\" src=\"https:\/\/marthacifuentes.com\/portada\/2021\/06\/23\/bp-le-dejo-deuda-a-ecopetrol-de-compensaciones-ambientales-de-pozo-cupiagua-u-consejo-de-estado\/embed\/#?secret=8GHEdvwFIF\" width=\"600\" height=\"620\" frameborder=\"0\" marginwidth=\"0\" marginheight=\"0\" scrolling=\"no\" sandbox=\"allow-scripts\" data-secret=\"8GHEdvwFIF\" data-mce-fragment=\"1\"><\/iframe><\/p>\n<p><iframe loading=\"lazy\" class=\"wp-embedded-content\" title=\"\u00abMadre de joven encontrado en v\u00eda rural de Yopal, dice que fue asesinado a golpes. Pide investigaci\u00f3n.\u00bb \u2014 \u25b7 Noticias de Casanare : Martha Cifuentes | Casanare\" src=\"https:\/\/marthacifuentes.com\/portada\/2021\/06\/21\/madre-de-joven-encontrado-en-via-rural-de-yopal-dice-que-fue-asesinado-a-golpes-pide-investigacion\/embed\/#?secret=WDtQKXch8q\" width=\"600\" height=\"620\" frameborder=\"0\" marginwidth=\"0\" marginheight=\"0\" scrolling=\"no\" sandbox=\"allow-scripts\" data-secret=\"WDtQKXch8q\" data-mce-fragment=\"1\"><\/iframe><\/p>\n<p><iframe loading=\"lazy\" class=\"wp-embedded-content\" title=\"\u00abM\u00e1s impuestos, normas y mayoristas, problemas de las EDS. Habla la Asociaci\u00f3n Estaciones de Servicio del Oriente Colombiano, Esocol Colombia\u00bb \u2014 \u25b7 Noticias de Casanare : Martha Cifuentes | Casanare\" src=\"https:\/\/marthacifuentes.com\/portada\/2021\/06\/21\/mas-impuestos-normas-y-mayoristas-problemas-de-las-eds-habla-la-asociacion-estaciones-de-servicio-del-oriente-colombiano-esocol-colombia\/embed\/#?secret=YEddPOjyvl\" width=\"600\" height=\"631\" frameborder=\"0\" marginwidth=\"0\" marginheight=\"0\" scrolling=\"no\" sandbox=\"allow-scripts\" data-secret=\"YEddPOjyvl\" data-mce-fragment=\"1\"><\/iframe><\/p>\n<p><iframe loading=\"lazy\" class=\"wp-embedded-content\" title=\"\u00abAprobada Estampilla Pro Unitr\u00f3pico, recibir\u00e1 300 mil millones para la educaci\u00f3n superior de los casanare\u00f1os\u00bb \u2014 \u25b7 Noticias de Casanare : Martha Cifuentes | Casanare\" src=\"https:\/\/marthacifuentes.com\/portada\/2021\/06\/17\/aprobada-estampilla-pro-unitropico-recibira-300-mil-millones-para-la-educacion-superior-de-los-casanarenos\/embed\/#?secret=kKgQfkaTUX\" width=\"600\" height=\"599\" frameborder=\"0\" marginwidth=\"0\" marginheight=\"0\" scrolling=\"no\" sandbox=\"allow-scripts\" data-secret=\"kKgQfkaTUX\" data-mce-fragment=\"1\"><\/iframe><\/p>\n<p><iframe loading=\"lazy\" class=\"wp-embedded-content\" title=\"\u00abLuto en Alcald\u00eda de Yopal contin\u00faa, tras deceso de m\u00e1s funcionarios. Adi\u00f3s a Martha Mojica, Javier Gaviria y Wilder Ram\u00edrez.\u00bb \u2014 \u25b7 Noticias de Casanare : Martha Cifuentes | Casanare\" src=\"https:\/\/marthacifuentes.com\/portada\/2021\/06\/17\/luto-en-alcaldia-de-yopal-continua-tras-deceso-de-mas-funcionarios-adios-a-martha-mojica-javier-gaviria-y-wilder-ramirez\/embed\/#?secret=Zjd2TTVDhX\" width=\"600\" height=\"633\" frameborder=\"0\" marginwidth=\"0\" marginheight=\"0\" scrolling=\"no\" sandbox=\"allow-scripts\" data-secret=\"Zjd2TTVDhX\" data-mce-fragment=\"1\"><\/iframe><\/p>\n<p><iframe loading=\"lazy\" class=\"wp-embedded-content\" title=\"\u00abWalter Silva, respira mejor y recibe tratamiento para neumon\u00eda tras ser hospitalizado en Villavicencio por Covid-19 \u00a0\u00bb \u2014 \u25b7 Noticias de Casanare : Martha Cifuentes | Casanare\" src=\"https:\/\/marthacifuentes.com\/portada\/2021\/06\/17\/walter-silva-respira-mejor-y-recibe-tratamiento-para-neumonia-tras-ser-hospitalizado-en-villavicencio-por-covid-19\/embed\/#?secret=L1xNS8lqLU\" width=\"600\" height=\"629\" frameborder=\"0\" marginwidth=\"0\" marginheight=\"0\" scrolling=\"no\" sandbox=\"allow-scripts\" data-secret=\"L1xNS8lqLU\" data-mce-fragment=\"1\"><\/iframe><\/p>\n<p><iframe loading=\"lazy\" class=\"wp-embedded-content\" title=\"\u00abAhora s\u00ed se cay\u00f3 la directora de Corporinoquia, Doris Bernal. Consejo de Estado declar\u00f3 nula su elecci\u00f3n\u00bb \u2014 \u25b7 Noticias de Casanare : Martha Cifuentes | Casanare\" src=\"https:\/\/marthacifuentes.com\/portada\/2021\/06\/17\/ahora-si-se-cayo-la-directora-de-corporinoquia-doris-bernal-consejo-de-estado-declaro-nula-su-eleccion\/embed\/#?secret=N795SFmuq4\" width=\"600\" height=\"580\" frameborder=\"0\" marginwidth=\"0\" marginheight=\"0\" scrolling=\"no\" sandbox=\"allow-scripts\" data-secret=\"N795SFmuq4\" data-mce-fragment=\"1\"><\/iframe><\/p>\n<p><iframe loading=\"lazy\" class=\"wp-embedded-content\" title=\"\u00abMuri\u00f3 Javier Gaviria, el periodista, administrador y consejero de varias organizaciones en Casanare\u00bb \u2014 \u25b7 Noticias de Casanare : Martha Cifuentes | Casanare\" src=\"https:\/\/marthacifuentes.com\/portada\/2021\/06\/15\/murio-javier-gaviria-el-periodista-administrador-y-consejero-de-varias-organizaciones-en-casanare\/embed\/#?secret=0VqK7aNERf\" width=\"600\" height=\"619\" frameborder=\"0\" marginwidth=\"0\" marginheight=\"0\" scrolling=\"no\" sandbox=\"allow-scripts\" data-secret=\"0VqK7aNERf\" data-mce-fragment=\"1\"><\/iframe><\/p>\n<p><iframe loading=\"lazy\" class=\"wp-embedded-content\" title=\"\u00abA pesar de crecientes cifras de muertos y casos Covid-19, Mininterior neg\u00f3 decreto de confinamiento en Yopal\u00bb \u2014 \u25b7 Noticias de Casanare : Martha Cifuentes | Casanare\" src=\"https:\/\/marthacifuentes.com\/portada\/2021\/06\/11\/a-pesar-de-crecientes-cifras-de-muertos-y-casos-covid-19-mininterior-nego-decreto-de-confinamiento-en-yopal\/embed\/#?secret=9BrKveTPkE\" width=\"600\" height=\"612\" frameborder=\"0\" marginwidth=\"0\" marginheight=\"0\" scrolling=\"no\" sandbox=\"allow-scripts\" data-secret=\"9BrKveTPkE\" data-mce-fragment=\"1\"><\/iframe><\/p>\n<p><iframe loading=\"lazy\" class=\"wp-embedded-content\" title=\"\u00abDefensor\u00eda del Pueblo confirma al menos 9 denuncias por abuso policial en Casanare en el marco del paro nacional\u00bb \u2014 \u25b7 Noticias de Casanare : Martha Cifuentes | Casanare\" src=\"https:\/\/marthacifuentes.com\/portada\/2021\/06\/10\/defensoria-del-pueblo-confirma-al-menos-9-denuncias-por-abuso-policial-en-casanare-en-el-marco-del-paro-nacional\/embed\/#?secret=xlWgM7kaCV\" width=\"600\" height=\"612\" frameborder=\"0\" marginwidth=\"0\" marginheight=\"0\" scrolling=\"no\" sandbox=\"allow-scripts\" data-secret=\"xlWgM7kaCV\" data-mce-fragment=\"1\"><\/iframe><\/p>\n<p><iframe loading=\"lazy\" class=\"wp-embedded-content\" title=\"\u00abYopal podr\u00eda entrar en confinamiento obligatorio el fin de semana. Min Interior debe aprobar decreto\u00bb \u2014 \u25b7 Noticias de Casanare : Martha Cifuentes | Casanare\" src=\"https:\/\/marthacifuentes.com\/portada\/2021\/06\/10\/yopal-podria-entrar-en-confinamiento-obligatorio-el-fin-de-semana-min-interior-debe-aprobar-decreto\/embed\/#?secret=6nAk80B2c9\" width=\"600\" height=\"563\" frameborder=\"0\" marginwidth=\"0\" marginheight=\"0\" scrolling=\"no\" sandbox=\"allow-scripts\" data-secret=\"6nAk80B2c9\" data-mce-fragment=\"1\"><\/iframe><\/p>\n<p><iframe loading=\"lazy\" class=\"wp-embedded-content\" title=\"\u00abC\u00f3mo le fue a Casanare en derechos humanos durante el Paro Nacional. Hoy se conocer\u00e1.\u00bb \u2014 \u25b7 Noticias de Casanare : Martha Cifuentes | Casanare\" src=\"https:\/\/marthacifuentes.com\/portada\/2021\/06\/09\/como-le-fue-a-casanare-en-derechos-humanos-durante-el-paro-nacional-hoy-se-conocera\/embed\/#?secret=5W1CW49BfI\" width=\"600\" height=\"584\" frameborder=\"0\" marginwidth=\"0\" marginheight=\"0\" scrolling=\"no\" sandbox=\"allow-scripts\" data-secret=\"5W1CW49BfI\" data-mce-fragment=\"1\"><\/iframe><\/p>\n<p><iframe loading=\"lazy\" class=\"wp-embedded-content\" title=\"\u00abAlcald\u00eda de Yopal considera confinamiento total durante el fin de semana por graves cifras del Covid-19\u00bb \u2014 \u25b7 Noticias de Casanare : Martha Cifuentes | Casanare\" src=\"https:\/\/marthacifuentes.com\/portada\/2021\/06\/09\/alcaldia-de-yopal-considera-confinamiento-total-durante-el-fin-de-semana-por-graves-cifras-del-covid-19\/embed\/#?secret=y5Vn3MHLMP\" width=\"600\" height=\"619\" frameborder=\"0\" marginwidth=\"0\" marginheight=\"0\" scrolling=\"no\" sandbox=\"allow-scripts\" data-secret=\"y5Vn3MHLMP\" data-mce-fragment=\"1\"><\/iframe><\/p>\n<p><iframe loading=\"lazy\" class=\"wp-embedded-content\" title=\"\u00abCl\u00ednica Casanare reconoce deuda con especialistas y culpa a EPS y sistema de salud de la crisis\u00bb \u2014 \u25b7 Noticias de Casanare : Martha Cifuentes | Casanare\" src=\"https:\/\/marthacifuentes.com\/portada\/2021\/06\/09\/clinica-casanare-reconoce-deuda-con-especialistas-y-culpa-a-eps-y-sistema-de-salud-de-la-crisis\/embed\/#?secret=NF65ZQklNV\" width=\"600\" height=\"619\" frameborder=\"0\" marginwidth=\"0\" marginheight=\"0\" scrolling=\"no\" sandbox=\"allow-scripts\" data-secret=\"NF65ZQklNV\" data-mce-fragment=\"1\"><\/iframe><\/p>\n<p><iframe loading=\"lazy\" class=\"wp-embedded-content\" title=\"\u00abAlcald\u00eda de Yopal considera confinamiento total durante el fin de semana por graves cifras del Covid-19\u00bb \u2014 \u25b7 Noticias de Casanare : Martha Cifuentes | Casanare\" src=\"https:\/\/marthacifuentes.com\/portada\/2021\/06\/09\/alcaldia-de-yopal-considera-confinamiento-total-durante-el-fin-de-semana-por-graves-cifras-del-covid-19\/embed\/#?secret=lsEpRkJi0f\" width=\"600\" height=\"619\" frameborder=\"0\" marginwidth=\"0\" marginheight=\"0\" scrolling=\"no\" sandbox=\"allow-scripts\" data-secret=\"lsEpRkJi0f\" data-mce-fragment=\"1\"><\/iframe><\/p>\n<p><iframe loading=\"lazy\" class=\"wp-embedded-content\" title=\"\u00abParo de m\u00e9dicos especialistas de la Cl\u00ednica Casanare por el no pago de sus honorarios\u00bb \u2014 \u25b7 Noticias de Casanare : Martha Cifuentes | Casanare\" src=\"https:\/\/marthacifuentes.com\/portada\/2021\/06\/05\/paro-de-medicos-especialistas-de-la-clinica-casanare-por-el-no-pago-de-sus-honorarios\/embed\/#?secret=B10EULxxO5\" width=\"600\" height=\"619\" frameborder=\"0\" marginwidth=\"0\" marginheight=\"0\" scrolling=\"no\" sandbox=\"allow-scripts\" data-secret=\"B10EULxxO5\" data-mce-fragment=\"1\"><\/iframe><\/p>\n<p><iframe loading=\"lazy\" class=\"wp-embedded-content\" title=\"\u00abPolic\u00eda y Fiscal\u00eda descartaron atentados contra acueducto de Yopal en relaci\u00f3n a denuncia de la Eaaay\u00bb \u2014 \u25b7 Noticias de Casanare : Martha Cifuentes | Casanare\" src=\"https:\/\/marthacifuentes.com\/portada\/2021\/06\/04\/policia-y-fiscalia-descartaron-atentados-contra-acueducto-de-yopal-en-relacion-a-denuncia-de-la-eaaay\/embed\/#?secret=tq7q7njoox\" width=\"600\" height=\"595\" frameborder=\"0\" marginwidth=\"0\" marginheight=\"0\" scrolling=\"no\" sandbox=\"allow-scripts\" data-secret=\"tq7q7njoox\" data-mce-fragment=\"1\"><\/iframe><\/p>\n<p><a href=\"https:\/\/marthacifuentes.com\/tumbedeladecada_2021\/\"><img decoding=\"async\" src=\"https:\/\/marthacifuentes.com\/portada\/wp-content\/uploads\/2021\/05\/BANNER-ESPECIAL-10-ANOS-SIN-PTAP-YOPAL-2.png\" \/><\/a><\/p>\n<p><iframe loading=\"lazy\" class=\"wp-embedded-content\" title=\"\u00abEmpresarios de Casanare apoyan protesta social pero rechazan bloqueos\u00bb \u2014 \u25b7 Noticias de Casanare : Martha Cifuentes | Casanare\" src=\"https:\/\/marthacifuentes.com\/portada\/2021\/06\/02\/empresarios-de-casanare-apoyan-protesta-social-pero-rechazan-bloqueos\/embed\/#?secret=HC1dp6Iq4s\" width=\"600\" height=\"620\" frameborder=\"0\" marginwidth=\"0\" marginheight=\"0\" scrolling=\"no\" sandbox=\"allow-scripts\" data-secret=\"HC1dp6Iq4s\" data-mce-fragment=\"1\"><\/iframe><\/p>\n<p><iframe loading=\"lazy\" class=\"wp-embedded-content\" title=\"\u00abEste viernes nueva mesa de concertaci\u00f3n con manifestantes y gremios econ\u00f3micos en Yopal\u00bb \u2014 \u25b7 Noticias de Casanare : Martha Cifuentes | Casanare\" src=\"https:\/\/marthacifuentes.com\/portada\/2021\/06\/02\/este-viernes-nueva-mesa-de-concertacion-con-manifestantes-y-gremios-economicos-en-yopal\/embed\/#?secret=oA8KkHDOOR\" width=\"600\" height=\"620\" frameborder=\"0\" marginwidth=\"0\" marginheight=\"0\" scrolling=\"no\" sandbox=\"allow-scripts\" data-secret=\"oA8KkHDOOR\" data-mce-fragment=\"1\"><\/iframe><\/p>\n<p><iframe loading=\"lazy\" class=\"wp-embedded-content\" title=\"\u00abAlcalde de Yopal pide al Esmad no meterse a los barrios. Batalla campal afecta comunidad.\u00bb \u2014 \u25b7 Noticias de Casanare : Martha Cifuentes | Casanare\" src=\"https:\/\/marthacifuentes.com\/portada\/2021\/06\/02\/alcalde-de-yopal-pide-al-esmad-no-meterse-a-los-barrios-batalla-campal-afecta-comunidad\/embed\/#?secret=gcw5cXEpjl\" width=\"600\" height=\"620\" frameborder=\"0\" marginwidth=\"0\" marginheight=\"0\" scrolling=\"no\" sandbox=\"allow-scripts\" data-secret=\"gcw5cXEpjl\" data-mce-fragment=\"1\"><\/iframe><\/p>\n<p><iframe loading=\"lazy\" class=\"wp-embedded-content\" title=\"\u00abPi\u00f1at\u00f3n en Yopal, un \u00e9xito\u00bb \u2014 \u25b7 Noticias de Casanare : Martha Cifuentes | Casanare\" src=\"https:\/\/marthacifuentes.com\/portada\/2021\/06\/01\/pinaton-en-yopal-un-exito\/embed\/#?secret=SsB1S8T5kO\" width=\"600\" height=\"571\" frameborder=\"0\" marginwidth=\"0\" marginheight=\"0\" scrolling=\"no\" sandbox=\"allow-scripts\" data-secret=\"SsB1S8T5kO\" data-mce-fragment=\"1\"><\/iframe><\/p>\n<p><iframe loading=\"lazy\" class=\"wp-embedded-content\" title=\"\u00ab\u00bfSe avecina la nulidad de la elecci\u00f3n de la directora de Corporinoquia Doris Bernal?\u00bb \u2014 \u25b7 Noticias de Casanare : Martha Cifuentes | Casanare\" src=\"https:\/\/marthacifuentes.com\/portada\/2021\/06\/01\/se-avecina-la-nulidad-de-la-eleccion-de-la-directora-de-corporinoquia-doris-bernal\/embed\/#?secret=r7v2dZg8Qn\" width=\"600\" height=\"619\" frameborder=\"0\" marginwidth=\"0\" marginheight=\"0\" scrolling=\"no\" sandbox=\"allow-scripts\" data-secret=\"r7v2dZg8Qn\" data-mce-fragment=\"1\"><\/iframe><\/p>\n<p><iframe loading=\"lazy\" class=\"wp-embedded-content\" title=\"\u00abYopal a\u00fan no cuenta con PTAP definitiva. El 29 de mayo se conmemor\u00f3 una d\u00e9cada del desplome del acueducto\u00bb \u2014 \u25b7 Noticias de Casanare : Martha Cifuentes | Casanare\" src=\"https:\/\/marthacifuentes.com\/portada\/2021\/05\/31\/yopal-aun-no-cuenta-con-ptap-definitiva-el-29-de-mayo-se-conmemoro-una-decada-del-desplome-del-acueducto\/embed\/#?secret=JqWTppdaXV\" width=\"600\" height=\"623\" frameborder=\"0\" marginwidth=\"0\" marginheight=\"0\" scrolling=\"no\" sandbox=\"allow-scripts\" data-secret=\"JqWTppdaXV\" data-mce-fragment=\"1\"><\/iframe><\/p>\n<p><iframe loading=\"lazy\" class=\"wp-embedded-content\" title=\"\u00abEl colmo: en plena pandemia el Horo se queda sin intensivistas para manejar las UCI Covid-19\u00bb \u2014 \u25b7 Noticias de Casanare : Martha Cifuentes | Casanare\" src=\"https:\/\/marthacifuentes.com\/portada\/2021\/05\/25\/el-colmo-en-plena-pandemia-el-horo-se-queda-sin-intensivistas-para-manejar-las-uci-covid-19\/embed\/#?secret=0e22QZDi94\" width=\"600\" height=\"595\" frameborder=\"0\" marginwidth=\"0\" marginheight=\"0\" scrolling=\"no\" sandbox=\"allow-scripts\" data-secret=\"0e22QZDi94\" data-mce-fragment=\"1\"><\/iframe><\/p>\n<p><iframe loading=\"lazy\" class=\"wp-embedded-content\" title=\"\u00abDisturbios en Paz de Ariporo luego de que Esmad despej\u00f3 v\u00eda Marginal y capturara a varios manifestantes\u00bb \u2014 \u25b7 Noticias de Casanare : Martha Cifuentes | Casanare\" src=\"https:\/\/marthacifuentes.com\/portada\/2021\/05\/24\/disturbios-en-paz-de-ariporo-luego-de-que-esmad-despejo-via-marginal-y-capturara-a-varios-manifestantes\/embed\/#?secret=AtZyrr0MJl\" width=\"600\" height=\"623\" frameborder=\"0\" marginwidth=\"0\" marginheight=\"0\" scrolling=\"no\" sandbox=\"allow-scripts\" data-secret=\"AtZyrr0MJl\" data-mce-fragment=\"1\"><\/iframe><\/p>\n<p><iframe loading=\"lazy\" class=\"wp-embedded-content\" title=\"\u00abRifirrafe en el Horo por salarios de m\u00e9dicos que atienden pacientes Covid-19 en las UCIs.\u00bb \u2014 \u25b7 Noticias de Casanare : Martha Cifuentes | Casanare\" src=\"https:\/\/marthacifuentes.com\/portada\/2021\/05\/19\/rifirrafe-en-el-horo-por-salarios-de-medicos-que-atienden-pacientes-covid-19-en-las-ucis\/embed\/#?secret=ydfSy9K8ud\" width=\"600\" height=\"595\" frameborder=\"0\" marginwidth=\"0\" marginheight=\"0\" scrolling=\"no\" sandbox=\"allow-scripts\" data-secret=\"ydfSy9K8ud\" data-mce-fragment=\"1\"><\/iframe><\/p>\n<p><iframe loading=\"lazy\" class=\"wp-embedded-content\" title=\"\u00abCasanare al borde de priorizar a qu\u00e9 pacientes Covid-19, se atiende o no, en las pocas UCI disponibles\u00bb \u2014 \u25b7 Noticias de Casanare : Martha Cifuentes | Casanare\" src=\"https:\/\/marthacifuentes.com\/portada\/2021\/05\/19\/casanare-al-borde-de-priorizar-a-que-pacientes-covid-19-se-atiende-o-no-en-las-pocas-uci-disponibles\/embed\/#?secret=m9gOqtpGJW\" width=\"600\" height=\"574\" frameborder=\"0\" marginwidth=\"0\" marginheight=\"0\" scrolling=\"no\" sandbox=\"allow-scripts\" data-secret=\"m9gOqtpGJW\" data-mce-fragment=\"1\"><\/iframe><\/p>\n<p><iframe loading=\"lazy\" class=\"wp-embedded-content\" title=\"\u00ab80% de empresas de Casanare est\u00e1 funcionando a medias como consecuencia del paro nacional\u00bb \u2014 \u25b7 Noticias de Casanare : Martha Cifuentes | Casanare\" src=\"https:\/\/marthacifuentes.com\/portada\/2021\/05\/18\/80-de-empresas-de-casanare-esta-funcionando-a-medias-como-consecuencia-del-paro-nacional\/embed\/#?secret=wLBeusEvF6\" width=\"600\" height=\"595\" frameborder=\"0\" marginwidth=\"0\" marginheight=\"0\" scrolling=\"no\" sandbox=\"allow-scripts\" data-secret=\"wLBeusEvF6\" data-mce-fragment=\"1\"><\/iframe><\/p>\n<p><iframe loading=\"lazy\" class=\"wp-embedded-content\" title=\"\u00abQueman camioneta en campo petrolero Tigana de Geopark en Tauramena\u00bb \u2014 \u25b7 Noticias de Casanare : Martha Cifuentes | Casanare\" src=\"https:\/\/marthacifuentes.com\/portada\/2021\/05\/18\/queman-camioneta-en-campo-petrolero-tigana-de-geopark-en-tauramena\/embed\/#?secret=8EB9auRuhU\" width=\"600\" height=\"620\" frameborder=\"0\" marginwidth=\"0\" marginheight=\"0\" scrolling=\"no\" sandbox=\"allow-scripts\" data-secret=\"8EB9auRuhU\" data-mce-fragment=\"1\"><\/iframe><\/p>\n<p><iframe loading=\"lazy\" class=\"wp-embedded-content\" title=\"\u00abTribunal de Casanare levanta medida cautelar de suministro de agua en Yopal porque hay prestaci\u00f3n con cobertura y calidad del l\u00edquido\u00bb \u2014 \u25b7 Noticias de Casanare : Martha Cifuentes | Casanare\" src=\"https:\/\/marthacifuentes.com\/portada\/2021\/05\/15\/tribunal-de-casanare-levanta-medida-cautelar-de-suministro-de-agua-en-yopal-porque-hay-prestacion-con-cobertura-y-calidad-del-liquido\/embed\/#?secret=j89jT5RtvK\" width=\"600\" height=\"623\" frameborder=\"0\" marginwidth=\"0\" marginheight=\"0\" scrolling=\"no\" sandbox=\"allow-scripts\" data-secret=\"j89jT5RtvK\" data-mce-fragment=\"1\"><\/iframe><\/p>\n<p><iframe loading=\"lazy\" class=\"wp-embedded-content\" title=\"\u00abYopal con Toque de queda normal y especial\u00bb \u2014 \u25b7 Noticias de Casanare : Martha Cifuentes | Casanare\" src=\"https:\/\/marthacifuentes.com\/portada\/2021\/05\/13\/yopal-con-toque-de-queda-normal-y-especial\/embed\/#?secret=xVhS9QzhfE\" width=\"600\" height=\"571\" frameborder=\"0\" marginwidth=\"0\" marginheight=\"0\" scrolling=\"no\" sandbox=\"allow-scripts\" data-secret=\"xVhS9QzhfE\" data-mce-fragment=\"1\"><\/iframe><\/p>\n<p><iframe loading=\"lazy\" class=\"wp-embedded-content\" title=\"\u00abLevantado bloqueo de v\u00edas en Casanare. Transportadores seguir\u00e1n en asamblea permanente\u00bb \u2014 \u25b7 Noticias de Casanare : Martha Cifuentes | Casanare\" src=\"https:\/\/marthacifuentes.com\/portada\/2021\/05\/13\/levantado-bloqueo-de-vias-en-casanare-transportadores-seguiran-en-asamblea-permanente\/embed\/#?secret=NLabTpdEwM\" width=\"600\" height=\"595\" frameborder=\"0\" marginwidth=\"0\" marginheight=\"0\" scrolling=\"no\" sandbox=\"allow-scripts\" data-secret=\"NLabTpdEwM\" data-mce-fragment=\"1\"><\/iframe><\/p>\n<p><iframe loading=\"lazy\" class=\"wp-embedded-content\" title=\"\u00abUn conjuez definir\u00e1 si se anula o no la elecci\u00f3n de directora de Corporinoquia Doris Bernal\u00bb \u2014 \u25b7 Noticias de Casanare : Martha Cifuentes | Casanare\" src=\"https:\/\/marthacifuentes.com\/portada\/2021\/05\/11\/un-conjuez-definira-si-se-anula-o-no-la-eleccion-de-directora-de-corporinoquia-doris-bernal\/embed\/#?secret=0iIrqAPgbI\" width=\"600\" height=\"580\" frameborder=\"0\" marginwidth=\"0\" marginheight=\"0\" scrolling=\"no\" sandbox=\"allow-scripts\" data-secret=\"0iIrqAPgbI\" data-mce-fragment=\"1\"><\/iframe><\/p>\n<p><iframe loading=\"lazy\" class=\"wp-embedded-content\" title=\"\u00abYa hay gasolina en Yopal y Casanare. Transportadores en paro aprobaron corredor humanitario.\u00bb \u2014 \u25b7 Noticias de Casanare : Martha Cifuentes | Casanare\" src=\"https:\/\/marthacifuentes.com\/portada\/2021\/05\/11\/ya-hay-gasolina-en-yopal-y-casanare-transportadores-en-paro-aprobaron-corredor-humanitario\/embed\/#?secret=0pgMF25xki\" width=\"600\" height=\"584\" frameborder=\"0\" marginwidth=\"0\" marginheight=\"0\" scrolling=\"no\" sandbox=\"allow-scripts\" data-secret=\"0pgMF25xki\" data-mce-fragment=\"1\"><\/iframe><\/p>\n<p>&nbsp;<\/p>\n<h4><\/h4>\n<p>&nbsp;<\/p>\n","protected":false},"excerpt":{"rendered":"<p>Por la masacre, tortura, homicidio y desaparici\u00f3n de 54 personas en los municipios Ch\u00e1meza y Recetor entre los a\u00f1os 2002 y 2003, ejecutada por el grupo paramilitar de alias \u2018Mart\u00edn llanos\u2019, el Juzgado \u00danico Especializado de Yopal conden\u00f3 a 40 a\u00f1os de prisi\u00f3n, al coronel (r) Juan Carlos Casta\u00f1eda Villamizar y al exalcalde de Recetor &hellip;<\/p>\n","protected":false},"author":2,"featured_media":26541,"comment_status":"open","ping_status":"open","sticky":false,"template":"","format":"standard","meta":{"om_disable_all_campaigns":false,"_exactmetrics_skip_tracking":false,"_exactmetrics_sitenote_active":false,"_exactmetrics_sitenote_note":"","_exactmetrics_sitenote_category":0,"_monsterinsights_skip_tracking":false,"_monsterinsights_sitenote_active":false,"_monsterinsights_sitenote_note":"","_monsterinsights_sitenote_category":0,"_uf_show_specific_survey":0,"_uf_disable_surveys":false,"_joinchat":[],"footnotes":""},"categories":[147,146],"tags":[1373,5707,5708,5706,1372,1421,1376],"class_list":["post-26540","post","type-post","status-publish","format-standard","has-post-thumbnail","hentry","category-actualidad","category-noticias","tag-casanare-noticias","tag-condena-militar-y-exalcalde-por-masacre-en-recetor-y-chameza-casanare","tag-fiscalia-y-juzgado-especializado-condena-a-40-anos-de-prision-masacre-recetor-y-chameza","tag-masacre-paramilitar-en-recetor-y-chameza","tag-noticias-de-casanare","tag-noticias-yopal","tag-yopal-noticias"],"yoast_head":"<!-- This site is optimized with the Yoast SEO plugin v26.1 - https:\/\/yoast.com\/wordpress\/plugins\/seo\/ -->\n<title>Condenados a 40 a\u00f1os de prisi\u00f3n, militar y exalcalde por participaci\u00f3n en masacre y desaparici\u00f3n de 54 personas en Ch\u00e1meza y Recetor en 2002 - \u25b7 Noticias de Casanare : Martha Cifuentes | Casanare<\/title>\n<meta name=\"robots\" content=\"index, follow, max-snippet:-1, max-image-preview:large, max-video-preview:-1\" \/>\n<link rel=\"canonical\" href=\"https:\/\/marthacifuentes.com\/portada\/condenados-a-40-anos-de-prision-militar-y-exalcalde-por-participacion-en-masacre-y-desaparicion-de-54-personas-en-chameza-y-recetor-en-2002\/\" \/>\n<meta property=\"og:locale\" content=\"es_ES\" \/>\n<meta property=\"og:type\" content=\"article\" \/>\n<meta property=\"og:title\" content=\"Condenados a 40 a\u00f1os de prisi\u00f3n, militar y exalcalde por participaci\u00f3n en masacre y desaparici\u00f3n de 54 personas en Ch\u00e1meza y Recetor en 2002 - \u25b7 Noticias de Casanare : Martha Cifuentes | Casanare\" \/>\n<meta property=\"og:description\" content=\"Por la masacre, tortura, homicidio y desaparici\u00f3n de 54 personas en los municipios Ch\u00e1meza y Recetor entre los a\u00f1os 2002 y 2003, ejecutada por el grupo paramilitar de alias \u2018Mart\u00edn llanos\u2019, el Juzgado \u00danico Especializado de Yopal conden\u00f3 a 40 a\u00f1os de prisi\u00f3n, al coronel (r) Juan Carlos Casta\u00f1eda Villamizar y al exalcalde de Recetor &hellip;\" \/>\n<meta property=\"og:url\" content=\"https:\/\/marthacifuentes.com\/portada\/condenados-a-40-anos-de-prision-militar-y-exalcalde-por-participacion-en-masacre-y-desaparicion-de-54-personas-en-chameza-y-recetor-en-2002\/\" \/>\n<meta property=\"og:site_name\" content=\"\u25b7 Noticias de Casanare : Martha Cifuentes | Casanare\" \/>\n<meta property=\"article:published_time\" content=\"2021-07-16T02:28:40+00:00\" \/>\n<meta property=\"og:image\" content=\"https:\/\/marthacifuentes.com\/portada\/wp-content\/uploads\/2021\/07\/historia9.jpg\" \/>\n\t<meta property=\"og:image:width\" content=\"2000\" \/>\n\t<meta property=\"og:image:height\" content=\"1328\" \/>\n\t<meta property=\"og:image:type\" content=\"image\/jpeg\" \/>\n<meta name=\"author\" content=\"Martha Cifuentes\" \/>\n<meta name=\"twitter:card\" content=\"summary_large_image\" \/>\n<meta name=\"twitter:label1\" content=\"Escrito por\" \/>\n\t<meta name=\"twitter:data1\" content=\"Martha Cifuentes\" \/>\n\t<meta name=\"twitter:label2\" content=\"Tiempo de lectura\" \/>\n\t<meta name=\"twitter:data2\" content=\"5 minutos\" \/>\n<script type=\"application\/ld+json\" class=\"yoast-schema-graph\">{\"@context\":\"https:\/\/schema.org\",\"@graph\":[{\"@type\":\"WebPage\",\"@id\":\"https:\/\/marthacifuentes.com\/portada\/condenados-a-40-anos-de-prision-militar-y-exalcalde-por-participacion-en-masacre-y-desaparicion-de-54-personas-en-chameza-y-recetor-en-2002\/\",\"url\":\"https:\/\/marthacifuentes.com\/portada\/condenados-a-40-anos-de-prision-militar-y-exalcalde-por-participacion-en-masacre-y-desaparicion-de-54-personas-en-chameza-y-recetor-en-2002\/\",\"name\":\"Condenados a 40 a\u00f1os de prisi\u00f3n, militar y exalcalde por participaci\u00f3n en masacre y desaparici\u00f3n de 54 personas en Ch\u00e1meza y Recetor en 2002 - \u25b7 Noticias de Casanare : Martha Cifuentes | Casanare\",\"isPartOf\":{\"@id\":\"https:\/\/marthacifuentes.com\/portada\/#website\"},\"primaryImageOfPage\":{\"@id\":\"https:\/\/marthacifuentes.com\/portada\/condenados-a-40-anos-de-prision-militar-y-exalcalde-por-participacion-en-masacre-y-desaparicion-de-54-personas-en-chameza-y-recetor-en-2002\/#primaryimage\"},\"image\":{\"@id\":\"https:\/\/marthacifuentes.com\/portada\/condenados-a-40-anos-de-prision-militar-y-exalcalde-por-participacion-en-masacre-y-desaparicion-de-54-personas-en-chameza-y-recetor-en-2002\/#primaryimage\"},\"thumbnailUrl\":\"https:\/\/marthacifuentes.com\/portada\/wp-content\/uploads\/2021\/07\/historia9.jpg\",\"datePublished\":\"2021-07-16T02:28:40+00:00\",\"author\":{\"@id\":\"https:\/\/marthacifuentes.com\/portada\/#\/schema\/person\/57f53174b991db5f90ff78d58502b714\"},\"breadcrumb\":{\"@id\":\"https:\/\/marthacifuentes.com\/portada\/condenados-a-40-anos-de-prision-militar-y-exalcalde-por-participacion-en-masacre-y-desaparicion-de-54-personas-en-chameza-y-recetor-en-2002\/#breadcrumb\"},\"inLanguage\":\"es\",\"potentialAction\":[{\"@type\":\"ReadAction\",\"target\":[\"https:\/\/marthacifuentes.com\/portada\/condenados-a-40-anos-de-prision-militar-y-exalcalde-por-participacion-en-masacre-y-desaparicion-de-54-personas-en-chameza-y-recetor-en-2002\/\"]}]},{\"@type\":\"ImageObject\",\"inLanguage\":\"es\",\"@id\":\"https:\/\/marthacifuentes.com\/portada\/condenados-a-40-anos-de-prision-militar-y-exalcalde-por-participacion-en-masacre-y-desaparicion-de-54-personas-en-chameza-y-recetor-en-2002\/#primaryimage\",\"url\":\"https:\/\/marthacifuentes.com\/portada\/wp-content\/uploads\/2021\/07\/historia9.jpg\",\"contentUrl\":\"https:\/\/marthacifuentes.com\/portada\/wp-content\/uploads\/2021\/07\/historia9.jpg\",\"width\":2000,\"height\":1328},{\"@type\":\"BreadcrumbList\",\"@id\":\"https:\/\/marthacifuentes.com\/portada\/condenados-a-40-anos-de-prision-militar-y-exalcalde-por-participacion-en-masacre-y-desaparicion-de-54-personas-en-chameza-y-recetor-en-2002\/#breadcrumb\",\"itemListElement\":[{\"@type\":\"ListItem\",\"position\":1,\"name\":\"Portada\",\"item\":\"https:\/\/marthacifuentes.com\/portada\/\"},{\"@type\":\"ListItem\",\"position\":2,\"name\":\"Condenados a 40 a\u00f1os de prisi\u00f3n, militar y exalcalde por participaci\u00f3n en masacre y desaparici\u00f3n de 54 personas en Ch\u00e1meza y Recetor en 2002\"}]},{\"@type\":\"WebSite\",\"@id\":\"https:\/\/marthacifuentes.com\/portada\/#website\",\"url\":\"https:\/\/marthacifuentes.com\/portada\/\",\"name\":\"\u25b7 Noticias de Casanare : Martha Cifuentes | Casanare\",\"description\":\"Noticias &amp; Contenidos\",\"potentialAction\":[{\"@type\":\"SearchAction\",\"target\":{\"@type\":\"EntryPoint\",\"urlTemplate\":\"https:\/\/marthacifuentes.com\/portada\/?s={search_term_string}\"},\"query-input\":{\"@type\":\"PropertyValueSpecification\",\"valueRequired\":true,\"valueName\":\"search_term_string\"}}],\"inLanguage\":\"es\"},{\"@type\":\"Person\",\"@id\":\"https:\/\/marthacifuentes.com\/portada\/#\/schema\/person\/57f53174b991db5f90ff78d58502b714\",\"name\":\"Martha Cifuentes\",\"image\":{\"@type\":\"ImageObject\",\"inLanguage\":\"es\",\"@id\":\"https:\/\/marthacifuentes.com\/portada\/#\/schema\/person\/image\/\",\"url\":\"http:\/\/marthacifuentes.com\/portada\/wp-content\/uploads\/2018\/06\/avatar_user_2_1528838701-96x96.jpg\",\"contentUrl\":\"http:\/\/marthacifuentes.com\/portada\/wp-content\/uploads\/2018\/06\/avatar_user_2_1528838701-96x96.jpg\",\"caption\":\"Martha Cifuentes\"},\"sameAs\":[\"http:\/\/www.marthacifuentes.com\"],\"url\":\"https:\/\/marthacifuentes.com\/portada\/author\/martha\/\"}]}<\/script>\n<!-- \/ Yoast SEO plugin. -->","yoast_head_json":{"title":"Condenados a 40 a\u00f1os de prisi\u00f3n, militar y exalcalde por participaci\u00f3n en masacre y desaparici\u00f3n de 54 personas en Ch\u00e1meza y Recetor en 2002 - \u25b7 Noticias de Casanare : Martha Cifuentes | Casanare","robots":{"index":"index","follow":"follow","max-snippet":"max-snippet:-1","max-image-preview":"max-image-preview:large","max-video-preview":"max-video-preview:-1"},"canonical":"https:\/\/marthacifuentes.com\/portada\/condenados-a-40-anos-de-prision-militar-y-exalcalde-por-participacion-en-masacre-y-desaparicion-de-54-personas-en-chameza-y-recetor-en-2002\/","og_locale":"es_ES","og_type":"article","og_title":"Condenados a 40 a\u00f1os de prisi\u00f3n, militar y exalcalde por participaci\u00f3n en masacre y desaparici\u00f3n de 54 personas en Ch\u00e1meza y Recetor en 2002 - \u25b7 Noticias de Casanare : Martha Cifuentes | Casanare","og_description":"Por la masacre, tortura, homicidio y desaparici\u00f3n de 54 personas en los municipios Ch\u00e1meza y Recetor entre los a\u00f1os 2002 y 2003, ejecutada por el grupo paramilitar de alias \u2018Mart\u00edn llanos\u2019, el Juzgado \u00danico Especializado de Yopal conden\u00f3 a 40 a\u00f1os de prisi\u00f3n, al coronel (r) Juan Carlos Casta\u00f1eda Villamizar y al exalcalde de Recetor &hellip;","og_url":"https:\/\/marthacifuentes.com\/portada\/condenados-a-40-anos-de-prision-militar-y-exalcalde-por-participacion-en-masacre-y-desaparicion-de-54-personas-en-chameza-y-recetor-en-2002\/","og_site_name":"\u25b7 Noticias de Casanare : Martha Cifuentes | Casanare","article_published_time":"2021-07-16T02:28:40+00:00","og_image":[{"width":2000,"height":1328,"url":"https:\/\/marthacifuentes.com\/portada\/wp-content\/uploads\/2021\/07\/historia9.jpg","type":"image\/jpeg"}],"author":"Martha Cifuentes","twitter_card":"summary_large_image","twitter_misc":{"Escrito por":"Martha Cifuentes","Tiempo de lectura":"5 minutos"},"schema":{"@context":"https:\/\/schema.org","@graph":[{"@type":"WebPage","@id":"https:\/\/marthacifuentes.com\/portada\/condenados-a-40-anos-de-prision-militar-y-exalcalde-por-participacion-en-masacre-y-desaparicion-de-54-personas-en-chameza-y-recetor-en-2002\/","url":"https:\/\/marthacifuentes.com\/portada\/condenados-a-40-anos-de-prision-militar-y-exalcalde-por-participacion-en-masacre-y-desaparicion-de-54-personas-en-chameza-y-recetor-en-2002\/","name":"Condenados a 40 a\u00f1os de prisi\u00f3n, militar y exalcalde por participaci\u00f3n en masacre y desaparici\u00f3n de 54 personas en Ch\u00e1meza y Recetor en 2002 - \u25b7 Noticias de Casanare : Martha Cifuentes | Casanare","isPartOf":{"@id":"https:\/\/marthacifuentes.com\/portada\/#website"},"primaryImageOfPage":{"@id":"https:\/\/marthacifuentes.com\/portada\/condenados-a-40-anos-de-prision-militar-y-exalcalde-por-participacion-en-masacre-y-desaparicion-de-54-personas-en-chameza-y-recetor-en-2002\/#primaryimage"},"image":{"@id":"https:\/\/marthacifuentes.com\/portada\/condenados-a-40-anos-de-prision-militar-y-exalcalde-por-participacion-en-masacre-y-desaparicion-de-54-personas-en-chameza-y-recetor-en-2002\/#primaryimage"},"thumbnailUrl":"https:\/\/marthacifuentes.com\/portada\/wp-content\/uploads\/2021\/07\/historia9.jpg","datePublished":"2021-07-16T02:28:40+00:00","author":{"@id":"https:\/\/marthacifuentes.com\/portada\/#\/schema\/person\/57f53174b991db5f90ff78d58502b714"},"breadcrumb":{"@id":"https:\/\/marthacifuentes.com\/portada\/condenados-a-40-anos-de-prision-militar-y-exalcalde-por-participacion-en-masacre-y-desaparicion-de-54-personas-en-chameza-y-recetor-en-2002\/#breadcrumb"},"inLanguage":"es","potentialAction":[{"@type":"ReadAction","target":["https:\/\/marthacifuentes.com\/portada\/condenados-a-40-anos-de-prision-militar-y-exalcalde-por-participacion-en-masacre-y-desaparicion-de-54-personas-en-chameza-y-recetor-en-2002\/"]}]},{"@type":"ImageObject","inLanguage":"es","@id":"https:\/\/marthacifuentes.com\/portada\/condenados-a-40-anos-de-prision-militar-y-exalcalde-por-participacion-en-masacre-y-desaparicion-de-54-personas-en-chameza-y-recetor-en-2002\/#primaryimage","url":"https:\/\/marthacifuentes.com\/portada\/wp-content\/uploads\/2021\/07\/historia9.jpg","contentUrl":"https:\/\/marthacifuentes.com\/portada\/wp-content\/uploads\/2021\/07\/historia9.jpg","width":2000,"height":1328},{"@type":"BreadcrumbList","@id":"https:\/\/marthacifuentes.com\/portada\/condenados-a-40-anos-de-prision-militar-y-exalcalde-por-participacion-en-masacre-y-desaparicion-de-54-personas-en-chameza-y-recetor-en-2002\/#breadcrumb","itemListElement":[{"@type":"ListItem","position":1,"name":"Portada","item":"https:\/\/marthacifuentes.com\/portada\/"},{"@type":"ListItem","position":2,"name":"Condenados a 40 a\u00f1os de prisi\u00f3n, militar y exalcalde por participaci\u00f3n en masacre y desaparici\u00f3n de 54 personas en Ch\u00e1meza y Recetor en 2002"}]},{"@type":"WebSite","@id":"https:\/\/marthacifuentes.com\/portada\/#website","url":"https:\/\/marthacifuentes.com\/portada\/","name":"\u25b7 Noticias de Casanare : Martha Cifuentes | Casanare","description":"Noticias &amp; Contenidos","potentialAction":[{"@type":"SearchAction","target":{"@type":"EntryPoint","urlTemplate":"https:\/\/marthacifuentes.com\/portada\/?s={search_term_string}"},"query-input":{"@type":"PropertyValueSpecification","valueRequired":true,"valueName":"search_term_string"}}],"inLanguage":"es"},{"@type":"Person","@id":"https:\/\/marthacifuentes.com\/portada\/#\/schema\/person\/57f53174b991db5f90ff78d58502b714","name":"Martha Cifuentes","image":{"@type":"ImageObject","inLanguage":"es","@id":"https:\/\/marthacifuentes.com\/portada\/#\/schema\/person\/image\/","url":"http:\/\/marthacifuentes.com\/portada\/wp-content\/uploads\/2018\/06\/avatar_user_2_1528838701-96x96.jpg","contentUrl":"http:\/\/marthacifuentes.com\/portada\/wp-content\/uploads\/2018\/06\/avatar_user_2_1528838701-96x96.jpg","caption":"Martha Cifuentes"},"sameAs":["http:\/\/www.marthacifuentes.com"],"url":"https:\/\/marthacifuentes.com\/portada\/author\/martha\/"}]}},"_links":{"self":[{"href":"https:\/\/marthacifuentes.com\/portada\/wp-json\/wp\/v2\/posts\/26540","targetHints":{"allow":["GET"]}}],"collection":[{"href":"https:\/\/marthacifuentes.com\/portada\/wp-json\/wp\/v2\/posts"}],"about":[{"href":"https:\/\/marthacifuentes.com\/portada\/wp-json\/wp\/v2\/types\/post"}],"author":[{"embeddable":true,"href":"https:\/\/marthacifuentes.com\/portada\/wp-json\/wp\/v2\/users\/2"}],"replies":[{"embeddable":true,"href":"https:\/\/marthacifuentes.com\/portada\/wp-json\/wp\/v2\/comments?post=26540"}],"version-history":[{"count":2,"href":"https:\/\/marthacifuentes.com\/portada\/wp-json\/wp\/v2\/posts\/26540\/revisions"}],"predecessor-version":[{"id":26543,"href":"https:\/\/marthacifuentes.com\/portada\/wp-json\/wp\/v2\/posts\/26540\/revisions\/26543"}],"wp:featuredmedia":[{"embeddable":true,"href":"https:\/\/marthacifuentes.com\/portada\/wp-json\/wp\/v2\/media\/26541"}],"wp:attachment":[{"href":"https:\/\/marthacifuentes.com\/portada\/wp-json\/wp\/v2\/media?parent=26540"}],"wp:term":[{"taxonomy":"category","embeddable":true,"href":"https:\/\/marthacifuentes.com\/portada\/wp-json\/wp\/v2\/categories?post=26540"},{"taxonomy":"post_tag","embeddable":true,"href":"https:\/\/marthacifuentes.com\/portada\/wp-json\/wp\/v2\/tags?post=26540"}],"curies":[{"name":"wp","href":"https:\/\/api.w.org\/{rel}","templated":true}]}}