{"id":26776,"date":"2021-08-24T08:56:45","date_gmt":"2021-08-24T13:56:45","guid":{"rendered":"https:\/\/marthacifuentes.com\/portada\/?p=26776"},"modified":"2021-08-24T08:56:45","modified_gmt":"2021-08-24T13:56:45","slug":"13-mil-ninxs-de-yopal-se-quedaran-sin-cobertura-del-programa-de-alimentacion-escolar","status":"publish","type":"post","link":"https:\/\/marthacifuentes.com\/portada\/13-mil-ninxs-de-yopal-se-quedaran-sin-cobertura-del-programa-de-alimentacion-escolar\/","title":{"rendered":"13 mil ni\u00f1xs de Yopal se quedar\u00e1n sin cobertura del Programa de Alimentaci\u00f3n Escolar"},"content":{"rendered":"<p>En 3 d\u00edas finaliza contrato de suministro de alimentaci\u00f3n escolar en Yopal y 13 mil ni\u00f1os quedar\u00edan sin cobertura por m\u00e1s de 15 d\u00edas, as\u00ed lo manifest\u00f3 ayer el contralor Delegado para el Sector de Vivienda y Saneamiento B\u00e1sico, Javier Reyes, quien adem\u00e1s pidi\u00f3 a la Alcald\u00eda de Yopal adelantar gestiones para evitar que esta situaci\u00f3n ocurra.<\/p>\n<p style=\"text-align: justify;\">El Contralor Delegado Javier Reyes, se desplaz\u00f3 a Yopal para realizar una visita de verificaci\u00f3n y control social a las raciones y la calidad de los alimentos entregados a los ni\u00f1os beneficiarios del PAE en este departamento.<\/p>\n<p>Llama la atenci\u00f3n que en comunicaci\u00f3n de prensa del lanzamiento del PAE en Yopal en marzo, la Alcald\u00eda de Yopal expres\u00f3 que estaba garantizado hasta diciembre, en la modalidad RPC \u201cRaci\u00f3n preparada en casa\u201d como se ordena en el decreto 533 del 2020 en su Art\u00edculo 1.<\/p>\n<p>Seg\u00fan la Alcald\u00eda de Yopal para este a\u00f1o se tiene garantizada una cobertura del 100% del \u00e1rea rural, y en el \u00e1rea urbana llegando a los ni\u00f1os de ni\u00f1as de m\u00e1s necesidad, con el \u00e1nimo de administrar con equidad los recursos.<\/p>\n<h2>Otras noticias&#8230;<\/h2>\n<blockquote class=\"wp-embedded-content\" data-secret=\"2OVHgvsx4H\"><p><a href=\"https:\/\/marthacifuentes.com\/portada\/2021\/08\/24\/atentado-terrorista-en-tamara-casanare-disidencias-de-las-farc-serian-responsables\/\">Atentado terrorista en T\u00e1mara, Casanare. Disidencias de las Farc ser\u00edan responsables.<\/a><\/p><\/blockquote>\n<p><iframe loading=\"lazy\" class=\"wp-embedded-content\" sandbox=\"allow-scripts\" security=\"restricted\" style=\"position: absolute; clip: rect(1px, 1px, 1px, 1px);\" title=\"\u00abAtentado terrorista en T\u00e1mara, Casanare. Disidencias de las Farc ser\u00edan responsables.\u00bb \u2014 \u25b7 Noticias de Casanare : Martha Cifuentes | Casanare\" src=\"https:\/\/marthacifuentes.com\/portada\/2021\/08\/24\/atentado-terrorista-en-tamara-casanare-disidencias-de-las-farc-serian-responsables\/embed\/#?secret=pKY1ACblrb#?secret=2OVHgvsx4H\" data-secret=\"2OVHgvsx4H\" width=\"500\" height=\"282\" frameborder=\"0\" marginwidth=\"0\" marginheight=\"0\" scrolling=\"no\"><\/iframe><\/p>\n<p><iframe loading=\"lazy\" class=\"wp-embedded-content\" title=\"\u00abUnidad de Gesti\u00f3n del Riesgo de Casanare ratifica alto riesgo en Las Lajas, v\u00eda del Cusiana. Contratista deber\u00e1 decidir acciones.\u00bb \u2014 \u25b7 Noticias de Casanare : Martha Cifuentes | Casanare\" src=\"https:\/\/marthacifuentes.com\/portada\/2021\/08\/23\/unidad-de-gestion-del-riesgo-de-casanare-ratifica-alto-riesgo-en-las-lajas-via-del-cusiana-contratista-debera-decidir-acciones\/embed\/#?secret=TICJbe0hr2\" width=\"600\" height=\"627\" frameborder=\"0\" marginwidth=\"0\" marginheight=\"0\" scrolling=\"no\" sandbox=\"allow-scripts\" data-secret=\"TICJbe0hr2\" data-mce-fragment=\"1\"><\/iframe><\/p>\n<p><iframe loading=\"lazy\" class=\"wp-embedded-content\" title=\"\u00abEscondido en Llano Lindo en Yopal estaba el polic\u00eda homicida de joven gratifero bogotano. Fue capturado.\u00bb \u2014 \u25b7 Noticias de Casanare : Martha Cifuentes | Casanare\" src=\"https:\/\/marthacifuentes.com\/portada\/2021\/08\/23\/escondido-en-llano-lindo-en-yopal-estaba-el-policia-homicida-de-joven-gratifero-bogotano-fue-capturado\/embed\/#?secret=CrHYIbGtiu\" width=\"600\" height=\"598\" frameborder=\"0\" marginwidth=\"0\" marginheight=\"0\" scrolling=\"no\" sandbox=\"allow-scripts\" data-secret=\"CrHYIbGtiu\" data-mce-fragment=\"1\"><\/iframe><\/p>\n<p><iframe loading=\"lazy\" class=\"wp-embedded-content\" title=\"\u00abContrato v\u00eda Vado Hondo-Labranzagrande-Yopal salpicado por caducidad de fallido contrato de conectividad con UT Centros Poblados\u00bb \u2014 \u25b7 Noticias de Casanare : Martha Cifuentes | Casanare\" src=\"https:\/\/marthacifuentes.com\/portada\/2021\/08\/22\/contrato-via-vado-hondo-labranzagrande-yopal-salpicado-por-caducidad-de-fallido-contrato-de-conectividad-con-ut-centros-poblados\/embed\/#?secret=GwGIUaKXOo\" width=\"600\" height=\"623\" frameborder=\"0\" marginwidth=\"0\" marginheight=\"0\" scrolling=\"no\" sandbox=\"allow-scripts\" data-secret=\"GwGIUaKXOo\" data-mce-fragment=\"1\"><\/iframe><\/p>\n<p><iframe loading=\"lazy\" class=\"wp-embedded-content\" title=\"\u00abVeedur\u00eda cuestiona a contratista de los estudios de obras de protecci\u00f3n de r\u00edo Cravo Sur. No le ha mostrado la ingenier\u00eda de detalle.\u00bb \u2014 \u25b7 Noticias de Casanare : Martha Cifuentes | Casanare\" src=\"https:\/\/marthacifuentes.com\/portada\/2021\/08\/17\/veeduria-cuestiona-a-contratista-de-los-estudios-de-obras-de-proteccion-de-rio-cravo-sur-no-le-ha-mostrado-la-ingenieria-de-detalle\/embed\/#?secret=U9Q1Xa6Ygd\" width=\"600\" height=\"648\" frameborder=\"0\" marginwidth=\"0\" marginheight=\"0\" scrolling=\"no\" sandbox=\"allow-scripts\" data-secret=\"U9Q1Xa6Ygd\" data-mce-fragment=\"1\"><\/iframe><\/p>\n<p><iframe loading=\"lazy\" class=\"wp-embedded-content\" title=\"\u00abCaptura de menores de edad del Clan del Golfo en Casanare evidencia reclutamiento de menores\u00bb \u2014 \u25b7 Noticias de Casanare : Martha Cifuentes | Casanare\" src=\"https:\/\/marthacifuentes.com\/portada\/2021\/08\/13\/captura-de-menores-de-edad-del-clan-del-golfo-en-casanare-evidencia-reclutamiento-de-menores\/embed\/#?secret=yTPajgCbZW\" width=\"600\" height=\"620\" frameborder=\"0\" marginwidth=\"0\" marginheight=\"0\" scrolling=\"no\" sandbox=\"allow-scripts\" data-secret=\"yTPajgCbZW\" data-mce-fragment=\"1\"><\/iframe><\/p>\n<p><iframe loading=\"lazy\" class=\"wp-embedded-content\" title=\"\u00abAlcalde de Yopal Luis Eduardo Castro sigue convaleciente y con incapacidad m\u00e9dica.\u00bb \u2014 \u25b7 Noticias de Casanare : Martha Cifuentes | Casanare\" src=\"https:\/\/marthacifuentes.com\/portada\/2021\/08\/13\/alcalde-de-yopal-luis-eduardo-castro-sigue-convaleciente-y-con-incapacidad-medica\/embed\/#?secret=VeofpSiVhD\" width=\"600\" height=\"620\" frameborder=\"0\" marginwidth=\"0\" marginheight=\"0\" scrolling=\"no\" sandbox=\"allow-scripts\" data-secret=\"VeofpSiVhD\" data-mce-fragment=\"1\"><\/iframe><\/p>\n<p><iframe loading=\"lazy\" class=\"wp-embedded-content\" title=\"\u00abMedida cautelar de Tribunal ordena suministro de agua potable a 28 veredas de Yopal\u00bb \u2014 \u25b7 Noticias de Casanare : Martha Cifuentes | Casanare\" src=\"https:\/\/marthacifuentes.com\/portada\/2021\/08\/12\/medida-cautelar-de-tribunal-ordena-suministro-de-agua-potable-a-28-veredas-de-yopal\/embed\/#?secret=ySbSDpJ3PL\" width=\"600\" height=\"620\" frameborder=\"0\" marginwidth=\"0\" marginheight=\"0\" scrolling=\"no\" sandbox=\"allow-scripts\" data-secret=\"ySbSDpJ3PL\" data-mce-fragment=\"1\"><\/iframe><\/p>\n<p><iframe loading=\"lazy\" class=\"wp-embedded-content\" title=\"\u00abRepresentante C\u00e9sar Ort\u00edz Zorro denuncia que arroceros de Casanare ser\u00e1n los peor pagados en Programa del Incentivo de Almacenamiento.\u00bb \u2014 \u25b7 Noticias de Casanare : Martha Cifuentes | Casanare\" src=\"https:\/\/marthacifuentes.com\/portada\/2021\/08\/12\/representante-cesar-ortiz-zorro-denuncia-que-arroceros-de-casanare-seran-los-peor-pagados-en-programa-del-incentivo-de-almacenamiento\/embed\/#?secret=N6bjMlCoUD\" width=\"600\" height=\"648\" frameborder=\"0\" marginwidth=\"0\" marginheight=\"0\" scrolling=\"no\" sandbox=\"allow-scripts\" data-secret=\"N6bjMlCoUD\" data-mce-fragment=\"1\"><\/iframe><\/p>\n<p><iframe loading=\"lazy\" class=\"wp-embedded-content\" title=\"\u00abComunidad de Volcaneras en Yopal pide a Ecopetrol no suspender transporte mular. Niega maltrato animal y requiere mejorar caminos de herradura.\u00bb \u2014 \u25b7 Noticias de Casanare : Martha Cifuentes | Casanare\" src=\"https:\/\/marthacifuentes.com\/portada\/2021\/08\/12\/comunidad-de-volcaneras-en-yopal-pide-a-ecopetrol-no-suspender-transporte-mular-niega-maltrato-animal-y-requiere-mejorar-caminos-de-herradura\/embed\/#?secret=K6bSubGTYq\" width=\"600\" height=\"604\" frameborder=\"0\" marginwidth=\"0\" marginheight=\"0\" scrolling=\"no\" sandbox=\"allow-scripts\" data-secret=\"K6bSubGTYq\" data-mce-fragment=\"1\"><\/iframe><\/p>\n<p><iframe loading=\"lazy\" class=\"wp-embedded-content\" title=\"\u00abSenadora Amanda Gonz\u00e1lez \u201cle jal\u00f3 las orejas\u201d al gobernador de Casanare por demora en contrataci\u00f3n de Coliseo Polideportivo Pier Lora Mu\u00f1oz de Yopal\u00bb \u2014 \u25b7 Noticias de Casanare : Martha Cifuentes | Casanare\" src=\"https:\/\/marthacifuentes.com\/portada\/2021\/08\/11\/senadora-amanda-gonzalez-le-jalo-las-orejas-al-gobernador-de-casanare-por-demora-en-contratacion-de-coliseo-polideportivo-pier-lora-munoz-de-yopal\/embed\/#?secret=YDdnSZmRKk\" width=\"600\" height=\"647\" frameborder=\"0\" marginwidth=\"0\" marginheight=\"0\" scrolling=\"no\" sandbox=\"allow-scripts\" data-secret=\"YDdnSZmRKk\" data-mce-fragment=\"1\"><\/iframe><\/p>\n<p><iframe loading=\"lazy\" class=\"wp-embedded-content\" title=\"\u00abNi\u00f1os de sectores rurales de Casanare afectados por contratista UT Centros Poblados. No les llegar\u00e1 el internet.\u00bb \u2014 \u25b7 Noticias de Casanare : Martha Cifuentes | Casanare\" src=\"https:\/\/marthacifuentes.com\/portada\/2021\/08\/11\/ninos-de-sectores-rurales-de-casanare-afectados-por-contratista-ut-centros-poblados-no-les-llegara-el-internet\/embed\/#?secret=hss97Q0JDP\" width=\"600\" height=\"648\" frameborder=\"0\" marginwidth=\"0\" marginheight=\"0\" scrolling=\"no\" sandbox=\"allow-scripts\" data-secret=\"hss97Q0JDP\" data-mce-fragment=\"1\"><\/iframe><\/p>\n<p><iframe loading=\"lazy\" class=\"wp-embedded-content\" title=\"\u00abHurtos a comercio, extorsi\u00f3n y raponeo, son los delitos que m\u00e1s afectan a empresarios de Casanare: C\u00e1mara de Comercio\u00bb \u2014 \u25b7 Noticias de Casanare : Martha Cifuentes | Casanare\" src=\"https:\/\/marthacifuentes.com\/portada\/2021\/08\/11\/hurtos-a-comercio-extorsion-y-raponeo-son-los-delitos-que-mas-afectan-a-empresarios-de-casanare-camara-de-comercio\/embed\/#?secret=dsuADyazLy\" width=\"600\" height=\"648\" frameborder=\"0\" marginwidth=\"0\" marginheight=\"0\" scrolling=\"no\" sandbox=\"allow-scripts\" data-secret=\"dsuADyazLy\" data-mce-fragment=\"1\"><\/iframe><\/p>\n<p><iframe loading=\"lazy\" class=\"wp-embedded-content\" title=\"\u00abNi\u00f1as y ni\u00f1os menores de 10 a\u00f1os, en la mira de ped\u00f3filos. Fiscal\u00eda captur\u00f3 4 depredadores sexuales en Casanare\u00bb \u2014 \u25b7 Noticias de Casanare : Martha Cifuentes | Casanare\" src=\"https:\/\/marthacifuentes.com\/portada\/2021\/08\/06\/ninas-y-ninos-menores-de-10-anos-en-la-mira-de-pedofilos-fiscalia-capturo-4-depredadores-sexuales-en-casanare\/embed\/#?secret=qoXHjfJWDm\" width=\"600\" height=\"648\" frameborder=\"0\" marginwidth=\"0\" marginheight=\"0\" scrolling=\"no\" sandbox=\"allow-scripts\" data-secret=\"qoXHjfJWDm\" data-mce-fragment=\"1\"><\/iframe><\/p>\n<p><iframe loading=\"lazy\" class=\"wp-embedded-content\" title=\"\u00abCay\u00f3 el terror de los ni\u00f1os de Sabanalarga, Casanare. Fue enviado a la c\u00e1rcel por agresi\u00f3n sexual.\u00bb \u2014 \u25b7 Noticias de Casanare : Martha Cifuentes | Casanare\" src=\"https:\/\/marthacifuentes.com\/portada\/2021\/08\/04\/cayo-el-terror-de-los-ninos-de-sabanalarga-casanare-fue-enviado-a-la-carcel-por-agresion-sexual\/embed\/#?secret=o8oBmKJNPL\" width=\"600\" height=\"620\" frameborder=\"0\" marginwidth=\"0\" marginheight=\"0\" scrolling=\"no\" sandbox=\"allow-scripts\" data-secret=\"o8oBmKJNPL\" data-mce-fragment=\"1\"><\/iframe><\/p>\n<p><iframe loading=\"lazy\" class=\"wp-embedded-content\" title=\"\u00ab7 fallecidos por covid-19 en Casanare se reportaron ayer por Insalud.\u00bb \u2014 \u25b7 Noticias de Casanare : Martha Cifuentes | Casanare\" src=\"https:\/\/marthacifuentes.com\/portada\/2021\/08\/04\/7-fallecidos-por-covid-19-en-casanare-se-reportaron-ayer-por-insalud\/embed\/#?secret=4HoQTNAqiu\" width=\"600\" height=\"563\" frameborder=\"0\" marginwidth=\"0\" marginheight=\"0\" scrolling=\"no\" sandbox=\"allow-scripts\" data-secret=\"4HoQTNAqiu\" data-mce-fragment=\"1\"><\/iframe><\/p>\n<p><iframe loading=\"lazy\" class=\"wp-embedded-content\" title=\"\u00abPor violaci\u00f3n de una ni\u00f1a de 15 a\u00f1os fue capturado soldado de batall\u00f3n de Tauramena, Casanare.\u00bb \u2014 \u25b7 Noticias de Casanare : Martha Cifuentes | Casanare\" src=\"https:\/\/marthacifuentes.com\/portada\/2021\/08\/04\/por-violacion-de-una-nina-de-15-anos-fue-capturado-soldado-de-batallon-de-tauramena-casanare\/embed\/#?secret=pzBkV3WuAx\" width=\"600\" height=\"620\" frameborder=\"0\" marginwidth=\"0\" marginheight=\"0\" scrolling=\"no\" sandbox=\"allow-scripts\" data-secret=\"pzBkV3WuAx\" data-mce-fragment=\"1\"><\/iframe><\/p>\n<p><iframe loading=\"lazy\" class=\"wp-embedded-content\" title=\"\u00abAlcalde de Yopal Luis Eduardo Castro ser\u00e1 intervenido hoy de c\u00e1lculos renales\u00bb \u2014 \u25b7 Noticias de Casanare : Martha Cifuentes | Casanare\" src=\"https:\/\/marthacifuentes.com\/portada\/2021\/08\/04\/alcalde-de-yopal-luis-eduardo-castro-sera-intervenido-hoy-de-calculos-renales\/embed\/#?secret=H4DefUtShK\" width=\"600\" height=\"620\" frameborder=\"0\" marginwidth=\"0\" marginheight=\"0\" scrolling=\"no\" sandbox=\"allow-scripts\" data-secret=\"H4DefUtShK\" data-mce-fragment=\"1\"><\/iframe><\/p>\n<p><iframe loading=\"lazy\" class=\"wp-embedded-content\" title=\"\u00abTibias medidas para controlar orden p\u00fablico en Paz de Ariporo luego de Consejo de Seguridad.\u00bb \u2014 \u25b7 Noticias de Casanare : Martha Cifuentes | Casanare\" src=\"https:\/\/marthacifuentes.com\/portada\/2021\/08\/03\/tibias-medidas-para-controlar-orden-publico-en-paz-de-ariporo-luego-de-consejo-de-seguridad\/embed\/#?secret=9csfcO0oZc\" width=\"600\" height=\"620\" frameborder=\"0\" marginwidth=\"0\" marginheight=\"0\" scrolling=\"no\" sandbox=\"allow-scripts\" data-secret=\"9csfcO0oZc\" data-mce-fragment=\"1\"><\/iframe><\/p>\n<p><iframe loading=\"lazy\" class=\"wp-embedded-content\" title=\"\u00abEmpresario de Yopal es drogado, robado y golpeado en Yopal por robarle camioneta.\u00bb \u2014 \u25b7 Noticias de Casanare : Martha Cifuentes | Casanare\" src=\"https:\/\/marthacifuentes.com\/portada\/2021\/08\/03\/empresario-de-yopal-es-drogado-robado-y-golpeado-en-yopal-por-robarle-camioneta\/embed\/#?secret=h3dGdSjOZN\" width=\"600\" height=\"620\" frameborder=\"0\" marginwidth=\"0\" marginheight=\"0\" scrolling=\"no\" sandbox=\"allow-scripts\" data-secret=\"h3dGdSjOZN\" data-mce-fragment=\"1\"><\/iframe><\/p>\n<p><iframe loading=\"lazy\" class=\"wp-embedded-content\" title=\"\u00abCuatro muertos en accidentes de tr\u00e1nsito en Casanare y otras tres personas se salvaron de morir.\u00bb \u2014 \u25b7 Noticias de Casanare : Martha Cifuentes | Casanare\" src=\"https:\/\/marthacifuentes.com\/portada\/2021\/08\/02\/cuatro-muertos-en-accidentes-de-transito-en-casanare-y-otras-tres-personas-se-salvaron-de-morir\/embed\/#?secret=j3kRoUctpG\" width=\"600\" height=\"619\" frameborder=\"0\" marginwidth=\"0\" marginheight=\"0\" scrolling=\"no\" sandbox=\"allow-scripts\" data-secret=\"j3kRoUctpG\" data-mce-fragment=\"1\"><\/iframe><\/p>\n<p><iframe loading=\"lazy\" class=\"wp-embedded-content\" title=\"\u00abCapturados en Pore presuntos secuestradores de las disidencias de las Farc. Llevaban uniformes del CTI de la Fiscal\u00eda.\u00bb \u2014 \u25b7 Noticias de Casanare : Martha Cifuentes | Casanare\" src=\"https:\/\/marthacifuentes.com\/portada\/2021\/08\/02\/capturados-en-pore-presuntos-secuestradores-de-las-disidencias-de-las-farc-llevaban-uniformes-del-cti-de-la-fiscalia\/embed\/#?secret=9g5SFO5wvU\" width=\"600\" height=\"648\" frameborder=\"0\" marginwidth=\"0\" marginheight=\"0\" scrolling=\"no\" sandbox=\"allow-scripts\" data-secret=\"9g5SFO5wvU\" data-mce-fragment=\"1\"><\/iframe><\/p>\n<p><iframe loading=\"lazy\" class=\"wp-embedded-content\" title=\"\u00abAlgo huele mal en servicio de aprovechamiento de basuras en Yopal. Cifras de toneladas recogidas no son consistentes.\u00bb \u2014 \u25b7 Noticias de Casanare : Martha Cifuentes | Casanare\" src=\"https:\/\/marthacifuentes.com\/portada\/2021\/08\/02\/algo-huele-mal-en-servicio-de-aprovechamiento-de-basuras-en-yopal-cifras-de-toneladas-recogidas-no-son-consistentes\/embed\/#?secret=AMah7HPxMe\" width=\"600\" height=\"638\" frameborder=\"0\" marginwidth=\"0\" marginheight=\"0\" scrolling=\"no\" sandbox=\"allow-scripts\" data-secret=\"AMah7HPxMe\" data-mce-fragment=\"1\"><\/iframe><\/p>\n<p><iframe loading=\"lazy\" class=\"wp-embedded-content\" title=\"\u00abTemor en Paz de Ariporo por hallazgo de explosivos en casco urbano. Polic\u00eda desactiv\u00f3 el artefacto.\u00bb \u2014 \u25b7 Noticias de Casanare : Martha Cifuentes | Casanare\" src=\"https:\/\/marthacifuentes.com\/portada\/2021\/08\/02\/temor-en-paz-de-ariporo-por-hallazgo-de-explosivos-en-casco-urbano-policia-desactivo-el-artefacto\/embed\/#?secret=St2NKY8hkJ\" width=\"600\" height=\"599\" frameborder=\"0\" marginwidth=\"0\" marginheight=\"0\" scrolling=\"no\" sandbox=\"allow-scripts\" data-secret=\"St2NKY8hkJ\" data-mce-fragment=\"1\"><\/iframe><\/p>\n<p><iframe loading=\"lazy\" class=\"wp-embedded-content\" title=\"\u00abDesde este 2 de agosto, en Trinisalud, Yopal, se tomar\u00e1n las muestras de Covid-19 de Capresoca\u00bb \u2014 \u25b7 Noticias de Casanare : Martha Cifuentes | Casanare\" src=\"https:\/\/marthacifuentes.com\/portada\/2021\/08\/01\/desde-este-2-de-agosto-en-trinisalud-yopal-se-tomaran-las-muestras-de-covid-19-de-capresoca\/embed\/#?secret=9D8tIADZ2t\" width=\"600\" height=\"620\" frameborder=\"0\" marginwidth=\"0\" marginheight=\"0\" scrolling=\"no\" sandbox=\"allow-scripts\" data-secret=\"9D8tIADZ2t\" data-mce-fragment=\"1\"><\/iframe><\/p>\n<p><iframe loading=\"lazy\" class=\"wp-embedded-content\" title=\"\u00abCapresoca unida a semana mundial de la lactancia. Atenci\u00f3n a madres lactantes es prioritaria.\u00bb \u2014 \u25b7 Noticias de Casanare : Martha Cifuentes | Casanare\" src=\"https:\/\/marthacifuentes.com\/portada\/2021\/08\/01\/capresoca-unida-a-semana-mundial-de-la-lactancia-atencion-a-madres-lactantes-es-prioritaria\/embed\/#?secret=ELe2ZUW5DP\" width=\"600\" height=\"584\" frameborder=\"0\" marginwidth=\"0\" marginheight=\"0\" scrolling=\"no\" sandbox=\"allow-scripts\" data-secret=\"ELe2ZUW5DP\" data-mce-fragment=\"1\"><\/iframe><\/p>\n<p><a href=\"https:\/\/marthacifuentes.com\/unitropico_2021\/\"><img decoding=\"async\" src=\"https:\/\/marthacifuentes.com\/portada\/wp-content\/uploads\/2021\/07\/Casanare-Noticia-Unitropico.png\" \/><\/a><\/p>\n<p><iframe loading=\"lazy\" class=\"wp-embedded-content\" title=\"\u00ab\u00c9xito en pi\u00f1atones en Yopal apoyadas por la C\u00e1mara de Comercio de Casanare.\u00bb \u2014 \u25b7 Noticias de Casanare : Martha Cifuentes | Casanare\" src=\"https:\/\/marthacifuentes.com\/portada\/2021\/07\/29\/exito-en-pinatones-en-yopal-apoyadas-por-la-camara-de-comercio-de-casanare\/embed\/#?secret=2Mmt25UIcB\" width=\"600\" height=\"620\" frameborder=\"0\" marginwidth=\"0\" marginheight=\"0\" scrolling=\"no\" sandbox=\"allow-scripts\" data-secret=\"2Mmt25UIcB\" data-mce-fragment=\"1\"><\/iframe><\/p>\n<p><iframe loading=\"lazy\" class=\"wp-embedded-content\" title=\"\u00abAlcald\u00eda de Yopal no tendr\u00e1 que pagarle a Setty. Contrato de transacci\u00f3n firmado es ilegal.\u00bb \u2014 \u25b7 Noticias de Casanare : Martha Cifuentes | Casanare\" src=\"https:\/\/marthacifuentes.com\/portada\/2021\/07\/29\/alcaldia-de-yopal-no-tendra-que-pagarle-a-setty-contrato-de-transaccion-firmado-es-ilegal\/embed\/#?secret=93TifXaTa9\" width=\"600\" height=\"620\" frameborder=\"0\" marginwidth=\"0\" marginheight=\"0\" scrolling=\"no\" sandbox=\"allow-scripts\" data-secret=\"93TifXaTa9\" data-mce-fragment=\"1\"><\/iframe><\/p>\n<p><iframe loading=\"lazy\" class=\"wp-embedded-content\" title=\"\u00abJornada La Venta Efectiva Casanare bati\u00f3 record con 1.062 participantes\u00bb \u2014 \u25b7 Noticias de Casanare : Martha Cifuentes | Casanare\" src=\"https:\/\/marthacifuentes.com\/portada\/2021\/07\/29\/jornada-la-venta-efectiva-casanare-batio-record-con-1-062-participantes\/embed\/#?secret=O4t1jxcVzv\" width=\"600\" height=\"620\" frameborder=\"0\" marginwidth=\"0\" marginheight=\"0\" scrolling=\"no\" sandbox=\"allow-scripts\" data-secret=\"O4t1jxcVzv\" data-mce-fragment=\"1\"><\/iframe><\/p>\n<p><iframe loading=\"lazy\" class=\"wp-embedded-content\" title=\"\u00abEn tiempos de reactivaci\u00f3n econ\u00f3mica, Casanare apuesta al comercio digital\u00bb \u2014 \u25b7 Noticias de Casanare : Martha Cifuentes | Casanare\" src=\"https:\/\/marthacifuentes.com\/portada\/2021\/07\/29\/en-tiempos-de-reactivacion-economica-casanare-apuesta-al-comercio-digital\/embed\/#?secret=s5BdptTAsx\" width=\"600\" height=\"620\" frameborder=\"0\" marginwidth=\"0\" marginheight=\"0\" scrolling=\"no\" sandbox=\"allow-scripts\" data-secret=\"s5BdptTAsx\" data-mce-fragment=\"1\"><\/iframe><\/p>\n<p><iframe loading=\"lazy\" class=\"wp-embedded-content\" title=\"\u00abSe cay\u00f3 la vuelta. Tribunal suspendi\u00f3 \u201cacuerdo directo\u201d entre Alcald\u00eda de Yopal y Setty\u00bb \u2014 \u25b7 Noticias de Casanare : Martha Cifuentes | Casanare\" src=\"https:\/\/marthacifuentes.com\/portada\/2021\/07\/29\/se-cayo-la-vuelta-tribunal-suspendio-acuerdo-directo-entre-alcaldia-de-yopal-y-setty\/embed\/#?secret=IQ0mHdCwcE\" width=\"600\" height=\"551\" frameborder=\"0\" marginwidth=\"0\" marginheight=\"0\" scrolling=\"no\" sandbox=\"allow-scripts\" data-secret=\"IQ0mHdCwcE\" data-mce-fragment=\"1\"><\/iframe><\/p>\n<p><iframe loading=\"lazy\" class=\"wp-embedded-content\" title=\"\u00abCl\u00faster de ganader\u00eda de la C\u00e1mara de Comercio de Casanare impulsa carne ecol\u00f3gica\u00bb \u2014 \u25b7 Noticias de Casanare : Martha Cifuentes | Casanare\" src=\"https:\/\/marthacifuentes.com\/portada\/2021\/07\/29\/cluster-de-ganaderia-de-la-camara-de-comercio-de-casanare-impulsa-carne-ecologica\/embed\/#?secret=lsWqdWA7hJ\" width=\"600\" height=\"620\" frameborder=\"0\" marginwidth=\"0\" marginheight=\"0\" scrolling=\"no\" sandbox=\"allow-scripts\" data-secret=\"lsWqdWA7hJ\" data-mce-fragment=\"1\"><\/iframe><\/p>\n<p><iframe loading=\"lazy\" class=\"wp-embedded-content\" title=\"\u00abCapresoca conmemora el D\u00eda Mundial de la Hepatitis V\u00edrica\u00bb \u2014 \u25b7 Noticias de Casanare : Martha Cifuentes | Casanare\" src=\"https:\/\/marthacifuentes.com\/portada\/2021\/07\/28\/capresoca-conmemora-el-dia-mundial-de-la-hepatitis-virica\/embed\/#?secret=wqc2lPdzAX\" width=\"600\" height=\"620\" frameborder=\"0\" marginwidth=\"0\" marginheight=\"0\" scrolling=\"no\" sandbox=\"allow-scripts\" data-secret=\"wqc2lPdzAX\" data-mce-fragment=\"1\"><\/iframe><\/p>\n<p><iframe loading=\"lazy\" class=\"wp-embedded-content\" title=\"\u00abContratista del colapsado puente La Orqu\u00eddea 1, en v\u00eda Sogamoso-Yopal, se salv\u00f3 de indemnizaci\u00f3n millonaria por torpeza del Inv\u00edas\u00bb \u2014 \u25b7 Noticias de Casanare : Martha Cifuentes | Casanare\" src=\"https:\/\/marthacifuentes.com\/portada\/2021\/07\/28\/contratista-del-colapsado-puente-la-orquidea-1-en-via-sogamoso-yopal-se-salvo-de-indemnizacion-millonaria-por-torpeza-del-invias\/embed\/#?secret=WVD8gMBMUX\" width=\"600\" height=\"648\" frameborder=\"0\" marginwidth=\"0\" marginheight=\"0\" scrolling=\"no\" sandbox=\"allow-scripts\" data-secret=\"WVD8gMBMUX\" data-mce-fragment=\"1\"><\/iframe><\/p>\n<p><iframe loading=\"lazy\" class=\"wp-embedded-content\" title=\"\u00abAlcald\u00eda de Yopal alerta a habitantes de La Bendici\u00f3n sobre falsas promesas de titulaci\u00f3n a cambio de dinero\u00bb \u2014 \u25b7 Noticias de Casanare : Martha Cifuentes | Casanare\" src=\"https:\/\/marthacifuentes.com\/portada\/2021\/07\/27\/alcaldia-de-yopal-alerta-a-habitantes-de-la-bendicion-sobre-falsas-promesas-de-titulacion-a-cambio-de-dinero\/embed\/#?secret=vVf5AYCepr\" width=\"600\" height=\"623\" frameborder=\"0\" marginwidth=\"0\" marginheight=\"0\" scrolling=\"no\" sandbox=\"allow-scripts\" data-secret=\"vVf5AYCepr\" data-mce-fragment=\"1\"><\/iframe><\/p>\n<p><iframe loading=\"lazy\" class=\"wp-embedded-content\" title=\"\u00abCapresoca convoca a usuarios a actualizarse en el Sisb\u00e9n IV en Casanare\u00bb \u2014 \u25b7 Noticias de Casanare : Martha Cifuentes | Casanare\" src=\"https:\/\/marthacifuentes.com\/portada\/2021\/07\/27\/capresoca-convoca-a-usuarios-a-actualizarse-en-el-sisben-iv-en-casanare\/embed\/#?secret=geg2cxnRRh\" width=\"600\" height=\"535\" frameborder=\"0\" marginwidth=\"0\" marginheight=\"0\" scrolling=\"no\" sandbox=\"allow-scripts\" data-secret=\"geg2cxnRRh\" data-mce-fragment=\"1\"><\/iframe><\/p>\n<p><iframe loading=\"lazy\" class=\"wp-embedded-content\" title=\"\u00abCapresoca mejorar\u00e1 la entrega de medicamentos en farmacia Blue Farma en Aguazul\u00bb \u2014 \u25b7 Noticias de Casanare : Martha Cifuentes | Casanare\" src=\"https:\/\/marthacifuentes.com\/portada\/2021\/07\/27\/capresoca-mejorara-la-entrega-de-medicamentos-en-farmacia-blue-farma-en-aguazul\/embed\/#?secret=7zGDOzdxlb\" width=\"600\" height=\"619\" frameborder=\"0\" marginwidth=\"0\" marginheight=\"0\" scrolling=\"no\" sandbox=\"allow-scripts\" data-secret=\"7zGDOzdxlb\" data-mce-fragment=\"1\"><\/iframe><\/p>\n<p><iframe loading=\"lazy\" class=\"wp-embedded-content\" title=\"\u00abAlmacenes \u00c9xito, sede centro, en Yopal, fue cerrado por presencia de ratas entre los v\u00edveres.\u00bb \u2014 \u25b7 Noticias de Casanare : Martha Cifuentes | Casanare\" src=\"https:\/\/marthacifuentes.com\/portada\/2021\/07\/27\/almacenes-exito-sede-centro-en-yopal-fue-cerrado-por-presencia-de-ratas-entre-los-viveres\/embed\/#?secret=bSTLBAdO36\" width=\"600\" height=\"601\" frameborder=\"0\" marginwidth=\"0\" marginheight=\"0\" scrolling=\"no\" sandbox=\"allow-scripts\" data-secret=\"bSTLBAdO36\" data-mce-fragment=\"1\"><\/iframe><\/p>\n<p><iframe loading=\"lazy\" class=\"wp-embedded-content\" title=\"\u00abEn accidente muere un ni\u00f1o bajo las llantas de la volqueta en que se desplazaba, en Yopal\u00bb \u2014 \u25b7 Noticias de Casanare : Martha Cifuentes | Casanare\" src=\"https:\/\/marthacifuentes.com\/portada\/2021\/07\/27\/en-accidente-muere-un-nino-bajo-las-llantas-de-la-volqueta-en-que-se-desplazaba-en-yopal\/embed\/#?secret=LIIp4kB1lb\" width=\"600\" height=\"617\" frameborder=\"0\" marginwidth=\"0\" marginheight=\"0\" scrolling=\"no\" sandbox=\"allow-scripts\" data-secret=\"LIIp4kB1lb\" data-mce-fragment=\"1\"><\/iframe><\/p>\n<p><iframe loading=\"lazy\" class=\"wp-embedded-content\" title=\"\u00abNi\u00f1o con sindrome de down de Yopal muere asfixiado con pepa de mamoncillo\u00bb \u2014 \u25b7 Noticias de Casanare : Martha Cifuentes | Casanare\" src=\"https:\/\/marthacifuentes.com\/portada\/2021\/07\/26\/nino-con-sindrome-de-down-de-yopal-muere-asfixiado-con-pepa-de-mamoncillo\/embed\/#?secret=rhQm34clkS\" width=\"600\" height=\"620\" frameborder=\"0\" marginwidth=\"0\" marginheight=\"0\" scrolling=\"no\" sandbox=\"allow-scripts\" data-secret=\"rhQm34clkS\" data-mce-fragment=\"1\"><\/iframe><\/p>\n<p><iframe loading=\"lazy\" class=\"wp-embedded-content\" title=\"\u00abV\u00edctimas de los \u2018falsos positivos\u2019 en Casanare piden justicia, verdad y resarcimiento del buen nombre\u00bb \u2014 \u25b7 Noticias de Casanare : Martha Cifuentes | Casanare\" src=\"https:\/\/marthacifuentes.com\/portada\/2021\/07\/22\/victimas-de-los-falsos-positivos-en-casanare-piden-justicia-verdad-y-resarcimiento-del-buen-nombre\/embed\/#?secret=IOuKTcPxr8\" width=\"600\" height=\"579\" frameborder=\"0\" marginwidth=\"0\" marginheight=\"0\" scrolling=\"no\" sandbox=\"allow-scripts\" data-secret=\"IOuKTcPxr8\" data-mce-fragment=\"1\"><\/iframe><\/p>\n<p><iframe loading=\"lazy\" class=\"wp-embedded-content\" title=\"\u00abManifestantes del paro en Yopal denuncian hostigamientos policiales\u00bb \u2014 \u25b7 Noticias de Casanare : Martha Cifuentes | Casanare\" src=\"https:\/\/marthacifuentes.com\/portada\/2021\/07\/22\/manifestantes-del-paro-en-yopal-denuncian-hostigamientos-policiales\/embed\/#?secret=mB06HoVKKu\" width=\"600\" height=\"563\" frameborder=\"0\" marginwidth=\"0\" marginheight=\"0\" scrolling=\"no\" sandbox=\"allow-scripts\" data-secret=\"mB06HoVKKu\" data-mce-fragment=\"1\"><\/iframe><\/p>\n<p><iframe loading=\"lazy\" class=\"wp-embedded-content\" title=\"\u00abHallado cad\u00e1ver de una mujer NN en r\u00edo Cravo Sur en Yopal\u00bb \u2014 \u25b7 Noticias de Casanare : Martha Cifuentes | Casanare\" src=\"https:\/\/marthacifuentes.com\/portada\/2021\/07\/19\/hallado-cadaver-de-una-mujer-nn-en-rio-cravo-sur-en-yopal\/embed\/#?secret=mFvezCbUFt\" width=\"600\" height=\"599\" frameborder=\"0\" marginwidth=\"0\" marginheight=\"0\" scrolling=\"no\" sandbox=\"allow-scripts\" data-secret=\"mFvezCbUFt\" data-mce-fragment=\"1\"><\/iframe><\/p>\n<p><iframe loading=\"lazy\" class=\"wp-embedded-content\" title=\"\u00abFalleci\u00f3 V\u00edctor Su\u00e1rez, comandante de polic\u00eda de Yopal. Hace 2 meses se infect\u00f3 con el Covid-19\u00bb \u2014 \u25b7 Noticias de Casanare : Martha Cifuentes | Casanare\" src=\"https:\/\/marthacifuentes.com\/portada\/2021\/07\/18\/fallecio-victor-suarez-comandante-de-policia-de-yopal-hace-2-meses-se-infecto-con-el-covid-19\/embed\/#?secret=uuAA4PaWl1\" width=\"600\" height=\"602\" frameborder=\"0\" marginwidth=\"0\" marginheight=\"0\" scrolling=\"no\" sandbox=\"allow-scripts\" data-secret=\"uuAA4PaWl1\" data-mce-fragment=\"1\"><\/iframe><\/p>\n<p><iframe loading=\"lazy\" class=\"wp-embedded-content\" title=\"\u00abFallece segundo concejal en Yopal. Fabio Castro, la nueva v\u00edctima del Covid-19.\u00bb \u2014 \u25b7 Noticias de Casanare : Martha Cifuentes | Casanare\" src=\"https:\/\/marthacifuentes.com\/portada\/2021\/07\/16\/fallece-segundo-concejal-en-yopal-fabio-castro-la-nueva-victima-del-covid-19\/embed\/#?secret=N37z8ZYPDm\" width=\"600\" height=\"620\" frameborder=\"0\" marginwidth=\"0\" marginheight=\"0\" scrolling=\"no\" sandbox=\"allow-scripts\" data-secret=\"N37z8ZYPDm\" data-mce-fragment=\"1\"><\/iframe><\/p>\n<p><iframe loading=\"lazy\" class=\"wp-embedded-content\" title=\"\u00abCondenados a 40 a\u00f1os de prisi\u00f3n, militar y exalcalde por participaci\u00f3n en masacre y desaparici\u00f3n de 54 personas en Ch\u00e1meza y Recetor en 2002\u00bb \u2014 \u25b7 Noticias de Casanare : Martha Cifuentes | Casanare\" src=\"https:\/\/marthacifuentes.com\/portada\/2021\/07\/15\/condenados-a-40-anos-de-prision-militar-y-exalcalde-por-participacion-en-masacre-y-desaparicion-de-54-personas-en-chameza-y-recetor-en-2002\/embed\/#?secret=OrMmRBTiR0\" width=\"600\" height=\"648\" frameborder=\"0\" marginwidth=\"0\" marginheight=\"0\" scrolling=\"no\" sandbox=\"allow-scripts\" data-secret=\"OrMmRBTiR0\" data-mce-fragment=\"1\"><\/iframe><\/p>\n<p><iframe loading=\"lazy\" class=\"wp-embedded-content\" title=\"\u00abUsuarios de 5 EPS podr\u00e1n realizarse pruebas gratis de Covid-19 en Yopal\u00bb \u2014 \u25b7 Noticias de Casanare : Martha Cifuentes | Casanare\" src=\"https:\/\/marthacifuentes.com\/portada\/2021\/07\/15\/usuarios-de-5-eps-podran-realizarse-pruebas-gratis-de-covid-19-en-yopal\/embed\/#?secret=v7yRnW0JrU\" width=\"600\" height=\"591\" frameborder=\"0\" marginwidth=\"0\" marginheight=\"0\" scrolling=\"no\" sandbox=\"allow-scripts\" data-secret=\"v7yRnW0JrU\" data-mce-fragment=\"1\"><\/iframe><\/p>\n<p><iframe loading=\"lazy\" class=\"wp-embedded-content\" title=\"\u00abRectores y padres de familia definir\u00e1n regreso de estudiantes a clases presenciales o virtuales en Yopal\u00bb \u2014 \u25b7 Noticias de Casanare : Martha Cifuentes | Casanare\" src=\"https:\/\/marthacifuentes.com\/portada\/2021\/07\/14\/rectores-y-padres-de-familia-definiran-regreso-de-estudiantes-a-clases-presenciales-o-virtuales-en-yopal\/embed\/#?secret=ucEwVGvGO7\" width=\"600\" height=\"620\" frameborder=\"0\" marginwidth=\"0\" marginheight=\"0\" scrolling=\"no\" sandbox=\"allow-scripts\" data-secret=\"ucEwVGvGO7\" data-mce-fragment=\"1\"><\/iframe><\/p>\n<p>&nbsp;<\/p>\n<p>&nbsp;<\/p>\n","protected":false},"excerpt":{"rendered":"<p>En 3 d\u00edas finaliza contrato de suministro de alimentaci\u00f3n escolar en Yopal y 13 mil ni\u00f1os quedar\u00edan sin cobertura por m\u00e1s de 15 d\u00edas, as\u00ed lo manifest\u00f3 ayer el contralor Delegado para el Sector de Vivienda y Saneamiento B\u00e1sico, Javier Reyes, quien adem\u00e1s pidi\u00f3 a la Alcald\u00eda de Yopal adelantar gestiones para evitar que esta &hellip;<\/p>\n","protected":false},"author":2,"featured_media":26777,"comment_status":"open","ping_status":"open","sticky":false,"template":"","format":"standard","meta":{"om_disable_all_campaigns":false,"_exactmetrics_skip_tracking":false,"_exactmetrics_sitenote_active":false,"_exactmetrics_sitenote_note":"","_exactmetrics_sitenote_category":0,"_monsterinsights_skip_tracking":false,"_monsterinsights_sitenote_active":false,"_monsterinsights_sitenote_note":"","_monsterinsights_sitenote_category":0,"_uf_show_specific_survey":0,"_uf_disable_surveys":false,"_joinchat":[],"footnotes":""},"categories":[147,146,145],"tags":[5815,1373,1400,5814,1376],"class_list":["post-26776","post","type-post","status-publish","format-standard","has-post-thumbnail","hentry","category-actualidad","category-noticias","category-reportajes","tag-alcaldia-de-yopal-pae-yopal","tag-casanare-noticias","tag-noticias-casanare","tag-pae-yopal-13-mil-ninos","tag-yopal-noticias"],"yoast_head":"<!-- This site is optimized with the Yoast SEO plugin v26.1 - https:\/\/yoast.com\/wordpress\/plugins\/seo\/ -->\n<title>13 mil ni\u00f1xs de Yopal se quedar\u00e1n sin cobertura del Programa de Alimentaci\u00f3n Escolar - \u25b7 Noticias de Casanare : Martha Cifuentes | Casanare<\/title>\n<meta name=\"robots\" content=\"index, follow, max-snippet:-1, max-image-preview:large, max-video-preview:-1\" \/>\n<link rel=\"canonical\" href=\"https:\/\/marthacifuentes.com\/portada\/13-mil-ninxs-de-yopal-se-quedaran-sin-cobertura-del-programa-de-alimentacion-escolar\/\" \/>\n<meta property=\"og:locale\" content=\"es_ES\" \/>\n<meta property=\"og:type\" content=\"article\" \/>\n<meta property=\"og:title\" content=\"13 mil ni\u00f1xs de Yopal se quedar\u00e1n sin cobertura del Programa de Alimentaci\u00f3n Escolar - \u25b7 Noticias de Casanare : Martha Cifuentes | Casanare\" \/>\n<meta property=\"og:description\" content=\"En 3 d\u00edas finaliza contrato de suministro de alimentaci\u00f3n escolar en Yopal y 13 mil ni\u00f1os quedar\u00edan sin cobertura por m\u00e1s de 15 d\u00edas, as\u00ed lo manifest\u00f3 ayer el contralor Delegado para el Sector de Vivienda y Saneamiento B\u00e1sico, Javier Reyes, quien adem\u00e1s pidi\u00f3 a la Alcald\u00eda de Yopal adelantar gestiones para evitar que esta &hellip;\" \/>\n<meta property=\"og:url\" content=\"https:\/\/marthacifuentes.com\/portada\/13-mil-ninxs-de-yopal-se-quedaran-sin-cobertura-del-programa-de-alimentacion-escolar\/\" \/>\n<meta property=\"og:site_name\" content=\"\u25b7 Noticias de Casanare : Martha Cifuentes | Casanare\" \/>\n<meta property=\"article:published_time\" content=\"2021-08-24T13:56:45+00:00\" \/>\n<meta property=\"og:image\" content=\"https:\/\/marthacifuentes.com\/portada\/wp-content\/uploads\/2021\/08\/WhatsApp-Image-2021-08-24-at-8.52.27-AM.jpeg\" \/>\n\t<meta property=\"og:image:width\" content=\"759\" \/>\n\t<meta property=\"og:image:height\" content=\"422\" \/>\n\t<meta property=\"og:image:type\" content=\"image\/jpeg\" \/>\n<meta name=\"author\" content=\"Martha Cifuentes\" \/>\n<meta name=\"twitter:card\" content=\"summary_large_image\" \/>\n<meta name=\"twitter:label1\" content=\"Escrito por\" \/>\n\t<meta name=\"twitter:data1\" content=\"Martha Cifuentes\" \/>\n\t<meta name=\"twitter:label2\" content=\"Tiempo de lectura\" \/>\n\t<meta name=\"twitter:data2\" content=\"1 minuto\" \/>\n<script type=\"application\/ld+json\" class=\"yoast-schema-graph\">{\"@context\":\"https:\/\/schema.org\",\"@graph\":[{\"@type\":\"WebPage\",\"@id\":\"https:\/\/marthacifuentes.com\/portada\/13-mil-ninxs-de-yopal-se-quedaran-sin-cobertura-del-programa-de-alimentacion-escolar\/\",\"url\":\"https:\/\/marthacifuentes.com\/portada\/13-mil-ninxs-de-yopal-se-quedaran-sin-cobertura-del-programa-de-alimentacion-escolar\/\",\"name\":\"13 mil ni\u00f1xs de Yopal se quedar\u00e1n sin cobertura del Programa de Alimentaci\u00f3n Escolar - \u25b7 Noticias de Casanare : Martha Cifuentes | Casanare\",\"isPartOf\":{\"@id\":\"https:\/\/marthacifuentes.com\/portada\/#website\"},\"primaryImageOfPage\":{\"@id\":\"https:\/\/marthacifuentes.com\/portada\/13-mil-ninxs-de-yopal-se-quedaran-sin-cobertura-del-programa-de-alimentacion-escolar\/#primaryimage\"},\"image\":{\"@id\":\"https:\/\/marthacifuentes.com\/portada\/13-mil-ninxs-de-yopal-se-quedaran-sin-cobertura-del-programa-de-alimentacion-escolar\/#primaryimage\"},\"thumbnailUrl\":\"https:\/\/marthacifuentes.com\/portada\/wp-content\/uploads\/2021\/08\/WhatsApp-Image-2021-08-24-at-8.52.27-AM.jpeg\",\"datePublished\":\"2021-08-24T13:56:45+00:00\",\"author\":{\"@id\":\"https:\/\/marthacifuentes.com\/portada\/#\/schema\/person\/57f53174b991db5f90ff78d58502b714\"},\"breadcrumb\":{\"@id\":\"https:\/\/marthacifuentes.com\/portada\/13-mil-ninxs-de-yopal-se-quedaran-sin-cobertura-del-programa-de-alimentacion-escolar\/#breadcrumb\"},\"inLanguage\":\"es\",\"potentialAction\":[{\"@type\":\"ReadAction\",\"target\":[\"https:\/\/marthacifuentes.com\/portada\/13-mil-ninxs-de-yopal-se-quedaran-sin-cobertura-del-programa-de-alimentacion-escolar\/\"]}]},{\"@type\":\"ImageObject\",\"inLanguage\":\"es\",\"@id\":\"https:\/\/marthacifuentes.com\/portada\/13-mil-ninxs-de-yopal-se-quedaran-sin-cobertura-del-programa-de-alimentacion-escolar\/#primaryimage\",\"url\":\"https:\/\/marthacifuentes.com\/portada\/wp-content\/uploads\/2021\/08\/WhatsApp-Image-2021-08-24-at-8.52.27-AM.jpeg\",\"contentUrl\":\"https:\/\/marthacifuentes.com\/portada\/wp-content\/uploads\/2021\/08\/WhatsApp-Image-2021-08-24-at-8.52.27-AM.jpeg\",\"width\":759,\"height\":422},{\"@type\":\"BreadcrumbList\",\"@id\":\"https:\/\/marthacifuentes.com\/portada\/13-mil-ninxs-de-yopal-se-quedaran-sin-cobertura-del-programa-de-alimentacion-escolar\/#breadcrumb\",\"itemListElement\":[{\"@type\":\"ListItem\",\"position\":1,\"name\":\"Portada\",\"item\":\"https:\/\/marthacifuentes.com\/portada\/\"},{\"@type\":\"ListItem\",\"position\":2,\"name\":\"13 mil ni\u00f1xs de Yopal se quedar\u00e1n sin cobertura del Programa de Alimentaci\u00f3n Escolar\"}]},{\"@type\":\"WebSite\",\"@id\":\"https:\/\/marthacifuentes.com\/portada\/#website\",\"url\":\"https:\/\/marthacifuentes.com\/portada\/\",\"name\":\"\u25b7 Noticias de Casanare : Martha Cifuentes | Casanare\",\"description\":\"Noticias &amp; Contenidos\",\"potentialAction\":[{\"@type\":\"SearchAction\",\"target\":{\"@type\":\"EntryPoint\",\"urlTemplate\":\"https:\/\/marthacifuentes.com\/portada\/?s={search_term_string}\"},\"query-input\":{\"@type\":\"PropertyValueSpecification\",\"valueRequired\":true,\"valueName\":\"search_term_string\"}}],\"inLanguage\":\"es\"},{\"@type\":\"Person\",\"@id\":\"https:\/\/marthacifuentes.com\/portada\/#\/schema\/person\/57f53174b991db5f90ff78d58502b714\",\"name\":\"Martha Cifuentes\",\"image\":{\"@type\":\"ImageObject\",\"inLanguage\":\"es\",\"@id\":\"https:\/\/marthacifuentes.com\/portada\/#\/schema\/person\/image\/\",\"url\":\"http:\/\/marthacifuentes.com\/portada\/wp-content\/uploads\/2018\/06\/avatar_user_2_1528838701-96x96.jpg\",\"contentUrl\":\"http:\/\/marthacifuentes.com\/portada\/wp-content\/uploads\/2018\/06\/avatar_user_2_1528838701-96x96.jpg\",\"caption\":\"Martha Cifuentes\"},\"sameAs\":[\"http:\/\/www.marthacifuentes.com\"],\"url\":\"https:\/\/marthacifuentes.com\/portada\/author\/martha\/\"}]}<\/script>\n<!-- \/ Yoast SEO plugin. -->","yoast_head_json":{"title":"13 mil ni\u00f1xs de Yopal se quedar\u00e1n sin cobertura del Programa de Alimentaci\u00f3n Escolar - \u25b7 Noticias de Casanare : Martha Cifuentes | Casanare","robots":{"index":"index","follow":"follow","max-snippet":"max-snippet:-1","max-image-preview":"max-image-preview:large","max-video-preview":"max-video-preview:-1"},"canonical":"https:\/\/marthacifuentes.com\/portada\/13-mil-ninxs-de-yopal-se-quedaran-sin-cobertura-del-programa-de-alimentacion-escolar\/","og_locale":"es_ES","og_type":"article","og_title":"13 mil ni\u00f1xs de Yopal se quedar\u00e1n sin cobertura del Programa de Alimentaci\u00f3n Escolar - \u25b7 Noticias de Casanare : Martha Cifuentes | Casanare","og_description":"En 3 d\u00edas finaliza contrato de suministro de alimentaci\u00f3n escolar en Yopal y 13 mil ni\u00f1os quedar\u00edan sin cobertura por m\u00e1s de 15 d\u00edas, as\u00ed lo manifest\u00f3 ayer el contralor Delegado para el Sector de Vivienda y Saneamiento B\u00e1sico, Javier Reyes, quien adem\u00e1s pidi\u00f3 a la Alcald\u00eda de Yopal adelantar gestiones para evitar que esta &hellip;","og_url":"https:\/\/marthacifuentes.com\/portada\/13-mil-ninxs-de-yopal-se-quedaran-sin-cobertura-del-programa-de-alimentacion-escolar\/","og_site_name":"\u25b7 Noticias de Casanare : Martha Cifuentes | Casanare","article_published_time":"2021-08-24T13:56:45+00:00","og_image":[{"width":759,"height":422,"url":"https:\/\/marthacifuentes.com\/portada\/wp-content\/uploads\/2021\/08\/WhatsApp-Image-2021-08-24-at-8.52.27-AM.jpeg","type":"image\/jpeg"}],"author":"Martha Cifuentes","twitter_card":"summary_large_image","twitter_misc":{"Escrito por":"Martha Cifuentes","Tiempo de lectura":"1 minuto"},"schema":{"@context":"https:\/\/schema.org","@graph":[{"@type":"WebPage","@id":"https:\/\/marthacifuentes.com\/portada\/13-mil-ninxs-de-yopal-se-quedaran-sin-cobertura-del-programa-de-alimentacion-escolar\/","url":"https:\/\/marthacifuentes.com\/portada\/13-mil-ninxs-de-yopal-se-quedaran-sin-cobertura-del-programa-de-alimentacion-escolar\/","name":"13 mil ni\u00f1xs de Yopal se quedar\u00e1n sin cobertura del Programa de Alimentaci\u00f3n Escolar - \u25b7 Noticias de Casanare : Martha Cifuentes | Casanare","isPartOf":{"@id":"https:\/\/marthacifuentes.com\/portada\/#website"},"primaryImageOfPage":{"@id":"https:\/\/marthacifuentes.com\/portada\/13-mil-ninxs-de-yopal-se-quedaran-sin-cobertura-del-programa-de-alimentacion-escolar\/#primaryimage"},"image":{"@id":"https:\/\/marthacifuentes.com\/portada\/13-mil-ninxs-de-yopal-se-quedaran-sin-cobertura-del-programa-de-alimentacion-escolar\/#primaryimage"},"thumbnailUrl":"https:\/\/marthacifuentes.com\/portada\/wp-content\/uploads\/2021\/08\/WhatsApp-Image-2021-08-24-at-8.52.27-AM.jpeg","datePublished":"2021-08-24T13:56:45+00:00","author":{"@id":"https:\/\/marthacifuentes.com\/portada\/#\/schema\/person\/57f53174b991db5f90ff78d58502b714"},"breadcrumb":{"@id":"https:\/\/marthacifuentes.com\/portada\/13-mil-ninxs-de-yopal-se-quedaran-sin-cobertura-del-programa-de-alimentacion-escolar\/#breadcrumb"},"inLanguage":"es","potentialAction":[{"@type":"ReadAction","target":["https:\/\/marthacifuentes.com\/portada\/13-mil-ninxs-de-yopal-se-quedaran-sin-cobertura-del-programa-de-alimentacion-escolar\/"]}]},{"@type":"ImageObject","inLanguage":"es","@id":"https:\/\/marthacifuentes.com\/portada\/13-mil-ninxs-de-yopal-se-quedaran-sin-cobertura-del-programa-de-alimentacion-escolar\/#primaryimage","url":"https:\/\/marthacifuentes.com\/portada\/wp-content\/uploads\/2021\/08\/WhatsApp-Image-2021-08-24-at-8.52.27-AM.jpeg","contentUrl":"https:\/\/marthacifuentes.com\/portada\/wp-content\/uploads\/2021\/08\/WhatsApp-Image-2021-08-24-at-8.52.27-AM.jpeg","width":759,"height":422},{"@type":"BreadcrumbList","@id":"https:\/\/marthacifuentes.com\/portada\/13-mil-ninxs-de-yopal-se-quedaran-sin-cobertura-del-programa-de-alimentacion-escolar\/#breadcrumb","itemListElement":[{"@type":"ListItem","position":1,"name":"Portada","item":"https:\/\/marthacifuentes.com\/portada\/"},{"@type":"ListItem","position":2,"name":"13 mil ni\u00f1xs de Yopal se quedar\u00e1n sin cobertura del Programa de Alimentaci\u00f3n Escolar"}]},{"@type":"WebSite","@id":"https:\/\/marthacifuentes.com\/portada\/#website","url":"https:\/\/marthacifuentes.com\/portada\/","name":"\u25b7 Noticias de Casanare : Martha Cifuentes | Casanare","description":"Noticias &amp; Contenidos","potentialAction":[{"@type":"SearchAction","target":{"@type":"EntryPoint","urlTemplate":"https:\/\/marthacifuentes.com\/portada\/?s={search_term_string}"},"query-input":{"@type":"PropertyValueSpecification","valueRequired":true,"valueName":"search_term_string"}}],"inLanguage":"es"},{"@type":"Person","@id":"https:\/\/marthacifuentes.com\/portada\/#\/schema\/person\/57f53174b991db5f90ff78d58502b714","name":"Martha Cifuentes","image":{"@type":"ImageObject","inLanguage":"es","@id":"https:\/\/marthacifuentes.com\/portada\/#\/schema\/person\/image\/","url":"http:\/\/marthacifuentes.com\/portada\/wp-content\/uploads\/2018\/06\/avatar_user_2_1528838701-96x96.jpg","contentUrl":"http:\/\/marthacifuentes.com\/portada\/wp-content\/uploads\/2018\/06\/avatar_user_2_1528838701-96x96.jpg","caption":"Martha Cifuentes"},"sameAs":["http:\/\/www.marthacifuentes.com"],"url":"https:\/\/marthacifuentes.com\/portada\/author\/martha\/"}]}},"_links":{"self":[{"href":"https:\/\/marthacifuentes.com\/portada\/wp-json\/wp\/v2\/posts\/26776","targetHints":{"allow":["GET"]}}],"collection":[{"href":"https:\/\/marthacifuentes.com\/portada\/wp-json\/wp\/v2\/posts"}],"about":[{"href":"https:\/\/marthacifuentes.com\/portada\/wp-json\/wp\/v2\/types\/post"}],"author":[{"embeddable":true,"href":"https:\/\/marthacifuentes.com\/portada\/wp-json\/wp\/v2\/users\/2"}],"replies":[{"embeddable":true,"href":"https:\/\/marthacifuentes.com\/portada\/wp-json\/wp\/v2\/comments?post=26776"}],"version-history":[{"count":1,"href":"https:\/\/marthacifuentes.com\/portada\/wp-json\/wp\/v2\/posts\/26776\/revisions"}],"predecessor-version":[{"id":26778,"href":"https:\/\/marthacifuentes.com\/portada\/wp-json\/wp\/v2\/posts\/26776\/revisions\/26778"}],"wp:featuredmedia":[{"embeddable":true,"href":"https:\/\/marthacifuentes.com\/portada\/wp-json\/wp\/v2\/media\/26777"}],"wp:attachment":[{"href":"https:\/\/marthacifuentes.com\/portada\/wp-json\/wp\/v2\/media?parent=26776"}],"wp:term":[{"taxonomy":"category","embeddable":true,"href":"https:\/\/marthacifuentes.com\/portada\/wp-json\/wp\/v2\/categories?post=26776"},{"taxonomy":"post_tag","embeddable":true,"href":"https:\/\/marthacifuentes.com\/portada\/wp-json\/wp\/v2\/tags?post=26776"}],"curies":[{"name":"wp","href":"https:\/\/api.w.org\/{rel}","templated":true}]}}