{"id":27031,"date":"2021-09-18T13:51:42","date_gmt":"2021-09-18T18:51:42","guid":{"rendered":"https:\/\/marthacifuentes.com\/portada\/?p=27031"},"modified":"2021-09-18T13:54:16","modified_gmt":"2021-09-18T18:54:16","slug":"no-es-verdad-que-municipios-productores-tengan-autonomia-en-manejo-de-regalias-como-afirma-el-gobierno-dicen-alcaldes","status":"publish","type":"post","link":"https:\/\/marthacifuentes.com\/portada\/no-es-verdad-que-municipios-productores-tengan-autonomia-en-manejo-de-regalias-como-afirma-el-gobierno-dicen-alcaldes\/","title":{"rendered":"No es verdad que municipios productores tengan autonom\u00eda en manejo de regal\u00edas como afirma el gobierno, dicen alcaldes"},"content":{"rendered":"<p style=\"text-align: justify;\"><strong>A pesar de que con la nueva ley del Sistema General de Regal\u00edas, los entes territoriales iban a ganar autonom\u00eda en el manejo de estas, esto no es cierto en la pr\u00e1ctica, dice Diana Evelia Mendoza Espinel, alcaldesa de Cabuyaro, Meta. Si bien ahora no hay OCAD para aprobaci\u00f3n, el DNP tiene que viabilizar los proyectos y el Ministerio de Hacienda gira los recursos a medida que se ejecuten las obras.<\/strong><\/p>\n<p style=\"text-align: justify;\">La alcaldesa de Cabuyaro, Meta, Diana Evelia Mendoza Espinel, dijo\u00a0 que con el nuevo sistema general de regal\u00edas ha habido muchos inconvenientes, tanto as\u00ed que no se ha podido ejecutar los recursos y ya casi se cumplen dos a\u00f1os de gobierno.<\/p>\n<p style=\"text-align: justify;\">La mandataria tambi\u00e9n expres\u00f3 que la transici\u00f3n del anterior sistema de regal\u00edas al nuevo, ha sido complejo y sumado a la pandemia, m\u00e1s complicado a\u00fan. Dijo que falta reglamentaci\u00f3n a todo el sistema de regal\u00edas por parte de la Comisi\u00f3n Rectora de Regal\u00edas y esto ocasiona inconvenientes y se traduce en la inconformidad de la comunidad que no entiende de estos procesos.<\/p>\n<p style=\"text-align: justify;\">Decir que aquello de que los municipios productores tienen la autonom\u00eda en el manejo de regal\u00edas, no es verdad, enfatiz\u00f3 la alcaldesa. Y no es cierto, porque a los alcaldes les dicen que los recursos se van a ejecutar dependiendo del flujo de caja, es decir, que hasta que no est\u00e9 un gran monto recaudado de regal\u00edas, no se pueden comenzar a contratar y ejecutar.<\/p>\n<p style=\"text-align: justify;\">Se supone que los presupuestos son bianuales, es decir que si se tiene un presupuesto para gastarse en dos a\u00f1os, se deben aprobar en ese periodo e ir adelantando, pero no se puede ejecutar hasta no tener los recursos.<\/p>\n<div style=\"width: 720px;\" class=\"wp-video\"><!--[if lt IE 9]><script>document.createElement('video');<\/script><![endif]-->\n<video class=\"wp-video-shortcode\" id=\"video-27031-1\" width=\"720\" height=\"360\" preload=\"metadata\" controls=\"controls\"><source type=\"video\/mp4\" src=\"https:\/\/marthacifuentes.com\/portada\/wp-content\/uploads\/2021\/09\/10000000_538092817295261_6676366322420904744_n.mp4?_=1\" \/><a href=\"https:\/\/marthacifuentes.com\/portada\/wp-content\/uploads\/2021\/09\/10000000_538092817295261_6676366322420904744_n.mp4\">https:\/\/marthacifuentes.com\/portada\/wp-content\/uploads\/2021\/09\/10000000_538092817295261_6676366322420904744_n.mp4<\/a><\/video><\/div>\n<p style=\"text-align: justify;\"><strong>OCAD ya no aprueba pero si se tiene que pasar por DNP para viabilizar<\/strong><\/p>\n<p style=\"text-align: justify;\">La alcaldesa Diana dijo que una cosa es que los proyectos no se lleven al OCAD pero estos s\u00ed deben estar bien construidos porque en todo caso tienen que ser aprobados y viabilizados por el DNP.<\/p>\n<p style=\"text-align: justify;\">Lo otro es que los recursos no los manejan los entes territoriales sino que los sigue administrando el Ministerio de Hacienda y en la medida que se van ejecutando las obras, se van haciendo los giros. En s\u00edntesis, \u201cNo es tan cierto que los recursos sean de autonom\u00eda de los entes territoriales\u201d, puntualiz\u00f3 la mandataria.<\/p>\n<p style=\"text-align: justify;\">Otro cuestionamiento expuesto por los mandatarios es que los gastos de funcionamiento, que incluye personal y equipos, no est\u00e1n contemplados dentro de la ejecuci\u00f3n de los recursos de regal\u00edas y por ende los entes territoriales tienen que echar mano a los exiguos ingresos de libre destinaci\u00f3n basados en el predial y el ICA, para cubrirlos. Por ello se le est\u00e1 pidiendo al gobierno autorizar el uso de regal\u00edas para fortalecer las secretar\u00edas t\u00e9cnicas.<\/p>\n<p style=\"text-align: justify;\"><strong>Obras por regal\u00edas, otro mito<\/strong><\/p>\n<p style=\"text-align: justify;\">Para la alcaldesa de Cabuyaro, las obras por regal\u00edas es otro asunto en los que no cree. Dijo que est\u00e1n dadas para que los privados entren a pagarle a los territorios anticipadamente lo que tendr\u00edan que contribuir a futuro e ir\u00f3nicamente dijo que si la \u00a0industria del petr\u00f3leo no paga lo actual, las compensaciones ambientales e inversiones sociales, pues qu\u00e9 va a solventar a futuro lo que no sabe si va o no a permanecer en el territorio. Es il\u00f3gico el tema de obras por regal\u00edas.<\/p>\n<p style=\"text-align: justify;\"><strong>Alcaldes proponen mejoras al sistema de regal\u00edas<\/strong><\/p>\n<p style=\"text-align: justify;\">La propuesta de los alcaldes es que a trav\u00e9s de la Comisi\u00f3n Rectora de Regal\u00edas empiecen a liberarse los recursos, se de autorizaci\u00f3n de utilizar lo presupuestado sin tener en cuenta los flujos de caja, y que se puedan adelantar y comprometer los recursos del bienio porque para eso se hace un presupuesto y no se puede esperar el mes a mes de recaudo.<\/p>\n<p style=\"text-align: justify;\">Tambi\u00e9n se requiere que los acompa\u00f1amientos del gobierno nacional sean realmente m\u00e1s cercanos y ayuden a construir los proyectos. Los mandatarios est\u00e1n cansados de las asesor\u00edas virtuales y a distancia porque no son suficientes. Y trasladarse al centro del pa\u00eds es costoso considerando la d\u00e9bil situaci\u00f3n econ\u00f3mica de los territorios, que es dram\u00e1tica, por la ola invernal, la conflictividad social y la pandemia.<\/p>\n<p style=\"text-align: justify;\">Finalmente la alcaldesa de Cabuyaro dijo que \u201cNecesitamos m\u00e1s hacedores que asesores\u2026 Solo a trav\u00e9s de charlas virtuales no sirve, ni siquiera tenemos buena conectividad\u201d.<\/p>\n<p style=\"text-align: justify;\">Mientras tanto el alcalde de Barrancabermeja Hernando Eljach, expres\u00f3 que todav\u00eda falta mucha organizaci\u00f3n del sistema de regal\u00edas. Incluso de las regal\u00edas del R\u00edo Magdalena no se ha ejecutado un solo peso. Puntualiz\u00f3 que hay muchos vac\u00edos jur\u00eddicos y lo que se reclama es que ante la solicitud de explicaciones hay \u00abMucho asesor, muchas dudas que se plasman pero pocas respuestas\u00bb. Dijo que lo ideal es que las regal\u00edas se manejen como los impuestos de industria y comercio y predial, porque los alcaldes s\u00ed saben cu\u00e1les son las necesidades de sus poblaciones y no esperar que desde un escritorio en Bogot\u00e1 se aprueben los proyectos.<\/p>\n<p>&nbsp;<\/p>\n<div style=\"width: 720px;\" class=\"wp-video\"><video class=\"wp-video-shortcode\" id=\"video-27031-2\" width=\"720\" height=\"360\" preload=\"metadata\" controls=\"controls\"><source type=\"video\/mp4\" src=\"https:\/\/marthacifuentes.com\/portada\/wp-content\/uploads\/2021\/09\/10000000_1512306369103818_7663872822540778946_n.mp4?_=2\" \/><a href=\"https:\/\/marthacifuentes.com\/portada\/wp-content\/uploads\/2021\/09\/10000000_1512306369103818_7663872822540778946_n.mp4\">https:\/\/marthacifuentes.com\/portada\/wp-content\/uploads\/2021\/09\/10000000_1512306369103818_7663872822540778946_n.mp4<\/a><\/video><\/div>\n<p>V\u00eddeos cortes\u00eda www.casanarenoticias.com<\/p>\n<h2>Otras noticias&#8230;<\/h2>\n<blockquote class=\"wp-embedded-content\" data-secret=\"nxfUr7Mb2s\"><p><a href=\"https:\/\/marthacifuentes.com\/portada\/2021\/09\/18\/alcaldes-de-municipios-productores-de-petroleo-se-quejan-por-trabas-para-acceder-a-regalias-ley-sigue-en-implementacion\/\">Alcaldes de municipios productores de petr\u00f3leo se quejan por trabas para acceder a regal\u00edas. Ley sigue en implementaci\u00f3n.<\/a><\/p><\/blockquote>\n<p><iframe loading=\"lazy\" class=\"wp-embedded-content\" sandbox=\"allow-scripts\" security=\"restricted\" style=\"position: absolute; clip: rect(1px, 1px, 1px, 1px);\" title=\"\u00abAlcaldes de municipios productores de petr\u00f3leo se quejan por trabas para acceder a regal\u00edas. Ley sigue en implementaci\u00f3n.\u00bb \u2014 \u25b7 Noticias de Casanare : Martha Cifuentes | Casanare\" src=\"https:\/\/marthacifuentes.com\/portada\/2021\/09\/18\/alcaldes-de-municipios-productores-de-petroleo-se-quejan-por-trabas-para-acceder-a-regalias-ley-sigue-en-implementacion\/embed\/#?secret=bETIweaLfx#?secret=nxfUr7Mb2s\" data-secret=\"nxfUr7Mb2s\" width=\"500\" height=\"282\" frameborder=\"0\" marginwidth=\"0\" marginheight=\"0\" scrolling=\"no\"><\/iframe><\/p>\n<p><iframe loading=\"lazy\" class=\"wp-embedded-content\" title=\"\u00abEl macabro juego de los retenes, de polic\u00edas al acecho y huidizos infractores, desencaden\u00f3 la muerte de\u00a0joven en v\u00eda Yopal-Paz de Ariporo\u00bb \u2014 \u25b7 Noticias de Casanare : Martha Cifuentes | Casanare\" src=\"https:\/\/marthacifuentes.com\/portada\/2021\/09\/16\/el-macabro-juego-de-los-retenes-de-policias-al-acecho-y-huidizos-infractores-desencadeno-la-muerte-de-joven-en-via-yopal-paz-de-ariporo\/embed\/#?secret=ASnfdy4LFk\" width=\"600\" height=\"641\" frameborder=\"0\" marginwidth=\"0\" marginheight=\"0\" scrolling=\"no\" sandbox=\"allow-scripts\" data-secret=\"ASnfdy4LFk\" data-mce-fragment=\"1\"><\/iframe><\/p>\n<p><iframe loading=\"lazy\" class=\"wp-embedded-content\" title=\"\u00abYopal y Casanare, tendencia en twitter, porque polic\u00eda mat\u00f3 a joven en una carretera y por precandidatura presidencial del exgobernador Alirio Barrera\u00bb \u2014 \u25b7 Noticias de Casanare : Martha Cifuentes | Casanare\" src=\"https:\/\/marthacifuentes.com\/portada\/2021\/09\/16\/yopal-y-casanare-tendencia-en-twitter-porque-policia-mato-a-joven-en-una-carretera-y-por-precandidatura-presidencial-del-exgobernador-alirio-barrera\/embed\/#?secret=7VSW94AiGM\" width=\"600\" height=\"571\" frameborder=\"0\" marginwidth=\"0\" marginheight=\"0\" scrolling=\"no\" sandbox=\"allow-scripts\" data-secret=\"7VSW94AiGM\" data-mce-fragment=\"1\"><\/iframe><\/p>\n<p><iframe loading=\"lazy\" class=\"wp-embedded-content\" title=\"\u00abAguazul, sede del Encuentro de Municipios Productores de Petr\u00f3leo 2021\u00bb \u2014 \u25b7 Noticias de Casanare : Martha Cifuentes | Casanare\" src=\"https:\/\/marthacifuentes.com\/portada\/2021\/09\/15\/aguazul-sede-del-encuentro-de-municipios-productores-de-petroleo-2021\/embed\/#?secret=IarOuwYv2e\" width=\"600\" height=\"613\" frameborder=\"0\" marginwidth=\"0\" marginheight=\"0\" scrolling=\"no\" sandbox=\"allow-scripts\" data-secret=\"IarOuwYv2e\" data-mce-fragment=\"1\"><\/iframe><\/p>\n<p><iframe loading=\"lazy\" class=\"wp-embedded-content\" title=\"\u00abPuente met\u00e1lico ser\u00e1 instalado en quebrada La Orqu\u00eddea en v\u00eda Sogamoso-Aguazul. Remplaza temporalmente al colapsado en el sitio.\u00bb \u2014 \u25b7 Noticias de Casanare : Martha Cifuentes | Casanare\" src=\"https:\/\/marthacifuentes.com\/portada\/2021\/09\/13\/puente-metalico-sera-instalado-en-quebrada-la-orquidea-en-via-sogamoso-aguazul-remplaza-temporalmente-al-colapsado-en-el-sitio\/embed\/#?secret=hfaWPCAs92\" width=\"600\" height=\"621\" frameborder=\"0\" marginwidth=\"0\" marginheight=\"0\" scrolling=\"no\" sandbox=\"allow-scripts\" data-secret=\"hfaWPCAs92\" data-mce-fragment=\"1\"><\/iframe><\/p>\n<p><iframe loading=\"lazy\" class=\"wp-embedded-content\" title=\"\u00abAl menos 51% de empresarios de Casanare operan con normalidad luego de restricciones efecto de la pandemia del Covid-19\u00bb \u2014 \u25b7 Noticias de Casanare : Martha Cifuentes | Casanare\" src=\"https:\/\/marthacifuentes.com\/portada\/2021\/09\/13\/al-menos-51-de-empresarios-de-casanare-operan-con-normalidad-luego-de-restricciones-efecto-de-la-pandemia-del-covid-19\/embed\/#?secret=rY1fG7hFG4\" width=\"600\" height=\"641\" frameborder=\"0\" marginwidth=\"0\" marginheight=\"0\" scrolling=\"no\" sandbox=\"allow-scripts\" data-secret=\"rY1fG7hFG4\" data-mce-fragment=\"1\"><\/iframe><\/p>\n<p><iframe loading=\"lazy\" class=\"wp-embedded-content\" title=\"\u00ab\u201cLos muertos no hablan y los presos tampoco\u201d, le habr\u00edan dicho polic\u00edas de tr\u00e1nsito a esposa de joven muerto a manos de ellos en Yopal\u00bb \u2014 \u25b7 Noticias de Casanare : Martha Cifuentes | Casanare\" src=\"https:\/\/marthacifuentes.com\/portada\/2021\/09\/13\/los-muertos-no-hablan-y-los-presos-tampoco-le-habrian-dicho-policias-de-transito-a-esposa-de-joven-muerto-a-manos-de-ellos-en-yopal\/embed\/#?secret=2X2obFzSpM\" width=\"600\" height=\"621\" frameborder=\"0\" marginwidth=\"0\" marginheight=\"0\" scrolling=\"no\" sandbox=\"allow-scripts\" data-secret=\"2X2obFzSpM\" data-mce-fragment=\"1\"><\/iframe><\/p>\n<p><iframe loading=\"lazy\" class=\"wp-embedded-content\" title=\"\u00abAtentado en Centro Comercial de Yopal es cobarde contra la poblaci\u00f3n civil: Secretario de Gobierno Casanare\u00bb \u2014 \u25b7 Noticias de Casanare : Martha Cifuentes | Casanare\" src=\"https:\/\/marthacifuentes.com\/portada\/2021\/09\/10\/atentado-en-centro-comercial-de-yopal-es-cobarde-contra-la-poblacion-civil-secretario-de-gobierno-casanare\/embed\/#?secret=TxORctji7R\" width=\"600\" height=\"593\" frameborder=\"0\" marginwidth=\"0\" marginheight=\"0\" scrolling=\"no\" sandbox=\"allow-scripts\" data-secret=\"TxORctji7R\" data-mce-fragment=\"1\"><\/iframe><\/p>\n<p><iframe loading=\"lazy\" class=\"wp-embedded-content\" title=\"\u00abAsesinado finquero de Man\u00ed, Casanare. En menos de 3 d\u00edas van dos homicidios en ese municipio.\u00bb \u2014 \u25b7 Noticias de Casanare : Martha Cifuentes | Casanare\" src=\"https:\/\/marthacifuentes.com\/portada\/2021\/09\/10\/asesinado-finquero-de-mani-casanare-en-menos-de-3-dias-van-dos-homicidios-en-ese-municipio\/embed\/#?secret=8tyhTLjtHU\" width=\"600\" height=\"593\" frameborder=\"0\" marginwidth=\"0\" marginheight=\"0\" scrolling=\"no\" sandbox=\"allow-scripts\" data-secret=\"8tyhTLjtHU\" data-mce-fragment=\"1\"><\/iframe><\/p>\n<p><iframe loading=\"lazy\" class=\"wp-embedded-content\" title=\"\u00abCapturado exsoldado profesional que hab\u00eda sido condenado a 36 a\u00f1os de prisi\u00f3n por violaci\u00f3n de dos ni\u00f1os en Yopal\u00bb \u2014 \u25b7 Noticias de Casanare : Martha Cifuentes | Casanare\" src=\"https:\/\/marthacifuentes.com\/portada\/2021\/09\/10\/capturado-exsoldado-profesional-que-habia-sido-condenado-a-36-anos-de-prision-por-violacion-de-dos-ninos-en-yopal\/embed\/#?secret=3vsvXN1RI7\" width=\"600\" height=\"621\" frameborder=\"0\" marginwidth=\"0\" marginheight=\"0\" scrolling=\"no\" sandbox=\"allow-scripts\" data-secret=\"3vsvXN1RI7\" data-mce-fragment=\"1\"><\/iframe><\/p>\n<p><iframe loading=\"lazy\" class=\"wp-embedded-content\" title=\"\u00abA la c\u00e1rcel por robarse unos tubos petroleros en Yopal\u00bb \u2014 \u25b7 Noticias de Casanare : Martha Cifuentes | Casanare\" src=\"https:\/\/marthacifuentes.com\/portada\/2021\/09\/10\/a-la-carcel-por-robarse-unos-tubos-petroleros-en-yopal\/embed\/#?secret=lYvPWPM0re\" width=\"600\" height=\"292\" frameborder=\"0\" marginwidth=\"0\" marginheight=\"0\" scrolling=\"no\" sandbox=\"allow-scripts\" data-secret=\"lYvPWPM0re\" data-mce-fragment=\"1\"><\/iframe><\/p>\n<p><iframe loading=\"lazy\" class=\"wp-embedded-content\" title=\"\u00abM\u00e1s del 50% de estudiantes de Casanare siguen en clases virtuales. A muchos ni\u00f1os se les olvid\u00f3 lo aprendido, dice Secretaria de Educaci\u00f3n.\u00bb \u2014 \u25b7 Noticias de Casanare : Martha Cifuentes | Casanare\" src=\"https:\/\/marthacifuentes.com\/portada\/2021\/09\/10\/mas-del-50-de-estudiantes-de-casanare-siguen-en-clases-virtuales-a-muchos-ninos-se-les-olvido-lo-aprendido-dice-secretaria-de-educacion\/embed\/#?secret=8jDAdF0HDn\" width=\"600\" height=\"640\" frameborder=\"0\" marginwidth=\"0\" marginheight=\"0\" scrolling=\"no\" sandbox=\"allow-scripts\" data-secret=\"8jDAdF0HDn\" data-mce-fragment=\"1\"><\/iframe><\/p>\n<p><iframe loading=\"lazy\" class=\"wp-embedded-content\" title=\"\u00abPor negligencia de la Alcald\u00eda de Yopal, 24 colegios p\u00fablicos perder\u00edan $1.200 millones de pesos del FOME.\u00bb \u2014 \u25b7 Noticias de Casanare : Martha Cifuentes | Casanare\" src=\"https:\/\/marthacifuentes.com\/portada\/2021\/09\/09\/por-negligencia-de-la-alcaldia-de-yopal-24-colegios-publicos-perderian-1-200-millones-de-pesos-del-fome\/embed\/#?secret=Na1nbxEjvN\" width=\"600\" height=\"613\" frameborder=\"0\" marginwidth=\"0\" marginheight=\"0\" scrolling=\"no\" sandbox=\"allow-scripts\" data-secret=\"Na1nbxEjvN\" data-mce-fragment=\"1\"><\/iframe><\/p>\n<p><iframe loading=\"lazy\" class=\"wp-embedded-content\" title=\"\u00abParidad de mujeres y hombres en listas a elecciones de Consejo Municipales\u00a0 y Locales de Juventud en Casanare\u00bb \u2014 \u25b7 Noticias de Casanare : Martha Cifuentes | Casanare\" src=\"https:\/\/marthacifuentes.com\/portada\/2021\/09\/09\/paridad-de-mujeres-y-hombres-en-listas-a-elecciones-de-consejo-municipales-y-locales-de-juventud-en-casanare\/embed\/#?secret=2qr6vlCRMi\" width=\"600\" height=\"641\" frameborder=\"0\" marginwidth=\"0\" marginheight=\"0\" scrolling=\"no\" sandbox=\"allow-scripts\" data-secret=\"2qr6vlCRMi\" data-mce-fragment=\"1\"><\/iframe><\/p>\n<p><iframe loading=\"lazy\" class=\"wp-embedded-content\" title=\"\u00abDesarticulada la banda delincuencial \u201cLos Houses\u201d dedicada al microtr\u00e1fico en Monterrey, Casanare\u00bb \u2014 \u25b7 Noticias de Casanare : Martha Cifuentes | Casanare\" src=\"https:\/\/marthacifuentes.com\/portada\/2021\/09\/09\/desarticulada-la-banda-delincuencial-los-houses-dedicada-al-microtrafico-en-monterrey-casanare\/embed\/#?secret=Z4fh7wt5UH\" width=\"600\" height=\"613\" frameborder=\"0\" marginwidth=\"0\" marginheight=\"0\" scrolling=\"no\" sandbox=\"allow-scripts\" data-secret=\"Z4fh7wt5UH\" data-mce-fragment=\"1\"><\/iframe><\/p>\n<p><iframe loading=\"lazy\" class=\"wp-embedded-content\" title=\"\u00abNegada liquidaci\u00f3n del patrimonio del \u201cconstructor\u201d de Torres del Silencio en Yopal\u00bb \u2014 \u25b7 Noticias de Casanare : Martha Cifuentes | Casanare\" src=\"https:\/\/marthacifuentes.com\/portada\/2021\/09\/09\/negada-liquidacion-del-patrimonio-del-constructor-de-torres-del-silencio-en-yopal\/embed\/#?secret=azeIyijHGH\" width=\"600\" height=\"613\" frameborder=\"0\" marginwidth=\"0\" marginheight=\"0\" scrolling=\"no\" sandbox=\"allow-scripts\" data-secret=\"azeIyijHGH\" data-mce-fragment=\"1\"><\/iframe><\/p>\n<p><iframe loading=\"lazy\" class=\"wp-embedded-content\" title=\"\u00abConcurso de personero de Villanueva, Casanare, otra vez empa\u00f1ado por posibles irregularidades\u00bb \u2014 \u25b7 Noticias de Casanare : Martha Cifuentes | Casanare\" src=\"https:\/\/marthacifuentes.com\/portada\/2021\/09\/08\/concurso-de-personero-de-villanueva-casanare-otra-vez-empanado-por-posibles-irregularidades\/embed\/#?secret=lUPkdLw6lc\" width=\"600\" height=\"589\" frameborder=\"0\" marginwidth=\"0\" marginheight=\"0\" scrolling=\"no\" sandbox=\"allow-scripts\" data-secret=\"lUPkdLw6lc\" data-mce-fragment=\"1\"><\/iframe><\/p>\n<p><iframe loading=\"lazy\" class=\"wp-embedded-content\" title=\"\u00abA la Eaaay se le estar\u00eda \u201cyendo la mano\u201d con tarifas de varios servicios de aseo en Yopal. Superservicios la llama al orden.\u00bb \u2014 \u25b7 Noticias de Casanare : Martha Cifuentes | Casanare\" src=\"https:\/\/marthacifuentes.com\/portada\/2021\/09\/08\/a-la-eaaay-se-le-estaria-yendo-la-mano-con-tarifas-de-varios-servicios-de-aseo-en-yopal-superservicios-la-llama-al-orden\/embed\/#?secret=7yOaIiybCF\" width=\"600\" height=\"641\" frameborder=\"0\" marginwidth=\"0\" marginheight=\"0\" scrolling=\"no\" sandbox=\"allow-scripts\" data-secret=\"7yOaIiybCF\" data-mce-fragment=\"1\"><\/iframe><\/p>\n<p><iframe loading=\"lazy\" class=\"wp-embedded-content\" title=\"\u00abMataron a comerciante de carne de Man\u00ed Oscar Garz\u00f3n Mar\u00edn\u00bb \u2014 \u25b7 Noticias de Casanare : Martha Cifuentes | Casanare\" src=\"https:\/\/marthacifuentes.com\/portada\/2021\/09\/08\/mataron-a-comerciante-de-carne-de-mani-oscar-garzon-marin\/embed\/#?secret=weVNkwIj0I\" width=\"600\" height=\"613\" frameborder=\"0\" marginwidth=\"0\" marginheight=\"0\" scrolling=\"no\" sandbox=\"allow-scripts\" data-secret=\"weVNkwIj0I\" data-mce-fragment=\"1\"><\/iframe><\/p>\n<p><iframe loading=\"lazy\" class=\"wp-embedded-content\" title=\"\u00abCapresoca\u00a0EPS, contin\u00faa realizando mamograf\u00edas en Casanare para prevenir el c\u00e1ncer de seno\u00bb \u2014 \u25b7 Noticias de Casanare : Martha Cifuentes | Casanare\" src=\"https:\/\/marthacifuentes.com\/portada\/2021\/09\/07\/capresoca-eps-continua-realizando-mamografias-en-casanare-para-prevenir-el-cancer-de-seno\/embed\/#?secret=g1TUqLE8Iv\" width=\"600\" height=\"593\" frameborder=\"0\" marginwidth=\"0\" marginheight=\"0\" scrolling=\"no\" sandbox=\"allow-scripts\" data-secret=\"g1TUqLE8Iv\" data-mce-fragment=\"1\"><\/iframe><\/p>\n<p><iframe loading=\"lazy\" class=\"wp-embedded-content\" title=\"\u00abUsuario del r\u00e9gimen subsidiado, actualice los datos y verifique si es beneficiario de la Compensaci\u00f3n Econ\u00f3mica Temporal por COVID-19\u00bb \u2014 \u25b7 Noticias de Casanare : Martha Cifuentes | Casanare\" src=\"https:\/\/marthacifuentes.com\/portada\/2021\/09\/07\/usuario-del-regimen-subsidiado-actualice-los-datos-y-verifique-si-es-beneficiario-de-la-compensacion-economica-temporal-por-covid-19\/embed\/#?secret=8nIokeCA5I\" width=\"600\" height=\"641\" frameborder=\"0\" marginwidth=\"0\" marginheight=\"0\" scrolling=\"no\" sandbox=\"allow-scripts\" data-secret=\"8nIokeCA5I\" data-mce-fragment=\"1\"><\/iframe><\/p>\n<p><iframe loading=\"lazy\" class=\"wp-embedded-content\" title=\"\u00abUrbanizador ilegal Jhon Jairo Torres tendr\u00e1 que restituirle $5 mil millones a quien le vendi\u00f3 terrenos de La Bendici\u00f3n en Yopal\u00bb \u2014 \u25b7 Noticias de Casanare : Martha Cifuentes | Casanare\" src=\"https:\/\/marthacifuentes.com\/portada\/2021\/09\/07\/urbanizador-ilegal-jhon-jairo-torres-tendra-que-restituirle-5-mil-millones-a-quien-le-vendio-terrenos-de-la-bendicion-en-yopal\/embed\/#?secret=rvVFTbHy8O\" width=\"600\" height=\"640\" frameborder=\"0\" marginwidth=\"0\" marginheight=\"0\" scrolling=\"no\" sandbox=\"allow-scripts\" data-secret=\"rvVFTbHy8O\" data-mce-fragment=\"1\"><\/iframe><\/p>\n<p>&nbsp;<\/p>\n<p><iframe loading=\"lazy\" class=\"wp-embedded-content\" title=\"\u00abExgobernador de Casanare Alirio Barrera, precandidato presidencial de Uribe. \u00bfSer\u00e1 el ungido?\u00bb \u2014 \u25b7 Noticias de Casanare : Martha Cifuentes | Casanare\" src=\"https:\/\/marthacifuentes.com\/portada\/2021\/09\/07\/exgobernador-de-casanare-alirio-barrera-precandidato-presidencial-de-uribe-sera-el-ungido\/embed\/#?secret=OstnxICtiE\" width=\"600\" height=\"613\" frameborder=\"0\" marginwidth=\"0\" marginheight=\"0\" scrolling=\"no\" sandbox=\"allow-scripts\" data-secret=\"OstnxICtiE\" data-mce-fragment=\"1\"><\/iframe><\/p>\n<p><iframe loading=\"lazy\" class=\"wp-embedded-content\" title=\"\u00abCon legalizaci\u00f3n de La Bendici\u00f3n sus 3 mil familias podr\u00e1n obtener licencias de construcci\u00f3n\u00bb \u2014 \u25b7 Noticias de Casanare : Martha Cifuentes | Casanare\" src=\"https:\/\/marthacifuentes.com\/portada\/2021\/09\/06\/con-legalizacion-de-la-bendicion-sus-3-mil-familias-podran-obtener-licencias-de-construccion\/embed\/#?secret=7qbI2IxthE\" width=\"600\" height=\"606\" frameborder=\"0\" marginwidth=\"0\" marginheight=\"0\" scrolling=\"no\" sandbox=\"allow-scripts\" data-secret=\"7qbI2IxthE\" data-mce-fragment=\"1\"><\/iframe><\/p>\n<p><iframe loading=\"lazy\" class=\"wp-embedded-content\" title=\"\u00abDos nuevos asesinatos en Yopal. Una mujer empresaria y un joven venezolano, las v\u00edctimas, en hechos independientes.\u00bb \u2014 \u25b7 Noticias de Casanare : Martha Cifuentes | Casanare\" src=\"https:\/\/marthacifuentes.com\/portada\/2021\/09\/03\/dos-nuevos-asesinatos-en-yopal-una-mujer-empresaria-y-un-joven-venezolano-las-victimas-en-hechos-independientes\/embed\/#?secret=VSDe4AMOY0\" width=\"600\" height=\"641\" frameborder=\"0\" marginwidth=\"0\" marginheight=\"0\" scrolling=\"no\" sandbox=\"allow-scripts\" data-secret=\"VSDe4AMOY0\" data-mce-fragment=\"1\"><\/iframe><\/p>\n<p><iframe loading=\"lazy\" class=\"wp-embedded-content\" title=\"\u00abHabitantes de Monterrey, Casanare, piden trabajo a Ecopetrol y esta afirma haber contratado 2.600 personas en el Departamento\u00bb \u2014 \u25b7 Noticias de Casanare : Martha Cifuentes | Casanare\" src=\"https:\/\/marthacifuentes.com\/portada\/2021\/09\/02\/habitantes-de-monterrey-casanare-piden-trabajo-a-ecopetrol-y-esta-afirma-haber-contratado-2-600-personas-en-el-departamento\/embed\/#?secret=gGemZqksWg\" width=\"600\" height=\"626\" frameborder=\"0\" marginwidth=\"0\" marginheight=\"0\" scrolling=\"no\" sandbox=\"allow-scripts\" data-secret=\"gGemZqksWg\" data-mce-fragment=\"1\"><\/iframe><\/p>\n<p><iframe loading=\"lazy\" class=\"wp-embedded-content\" title=\"\u00abPolic\u00eda Casanare y Alcald\u00eda de Yopal arremeten contra trabajadoras sexuales y delincuentes de parque La Estancia\u00bb \u2014 \u25b7 Noticias de Casanare : Martha Cifuentes | Casanare\" src=\"https:\/\/marthacifuentes.com\/portada\/2021\/09\/01\/policia-casanare-y-alcaldia-de-yopal-arremeten-contra-trabajadoras-sexuales-y-delincuentes-de-parque-la-estancia\/embed\/#?secret=F7m8I8GVL5\" width=\"600\" height=\"641\" frameborder=\"0\" marginwidth=\"0\" marginheight=\"0\" scrolling=\"no\" sandbox=\"allow-scripts\" data-secret=\"F7m8I8GVL5\" data-mce-fragment=\"1\"><\/iframe><\/p>\n<p><iframe loading=\"lazy\" class=\"wp-embedded-content\" title=\"\u00abCasanare y sus v\u00edas, abandonado por \u201cel gobierno amigo\u201d, cuestiona la presidente de la Asamblea Departamental. V\u00eda del Cusiana sigue cerrada.\u00bb \u2014 \u25b7 Noticias de Casanare : Martha Cifuentes | Casanare\" src=\"https:\/\/marthacifuentes.com\/portada\/2021\/09\/01\/casanare-y-sus-vias-abandonado-por-el-gobierno-amigo-cuestiona-la-presidente-de-la-asamblea-departamental-via-del-cusiana-sigue-cerrada\/embed\/#?secret=kWzMh2iabW\" width=\"600\" height=\"641\" frameborder=\"0\" marginwidth=\"0\" marginheight=\"0\" scrolling=\"no\" sandbox=\"allow-scripts\" data-secret=\"kWzMh2iabW\" data-mce-fragment=\"1\"><\/iframe><\/p>\n<p><iframe loading=\"lazy\" class=\"wp-embedded-content\" title=\"\u00abContribuyentes denuncian dificultades en plataforma de pago de impuestos de Yopal. Hoy vence plazo con descuento de intereses.\u00bb \u2014 \u25b7 Noticias de Casanare : Martha Cifuentes | Casanare\" src=\"https:\/\/marthacifuentes.com\/portada\/2021\/08\/31\/contribuyentes-denuncian-dificultades-en-plataforma-de-pago-de-impuestos-de-yopal-hoy-vence-plazo-con-descuento-de-intereses\/embed\/#?secret=QclNkSdKir\" width=\"600\" height=\"606\" frameborder=\"0\" marginwidth=\"0\" marginheight=\"0\" scrolling=\"no\" sandbox=\"allow-scripts\" data-secret=\"QclNkSdKir\" data-mce-fragment=\"1\"><\/iframe><\/p>\n<p><iframe loading=\"lazy\" class=\"wp-embedded-content\" title=\"\u00abLa Yopal \u201csegura\u201d, sitiada por los raponeros y delincuentes comunes. Mujeres las principales v\u00edctimas.\u00bb \u2014 \u25b7 Noticias de Casanare : Martha Cifuentes | Casanare\" src=\"https:\/\/marthacifuentes.com\/portada\/2021\/08\/30\/la-yopal-segura-sitiada-por-los-raponeros-y-delincuentes-comunes-mujeres-las-principales-victimas\/embed\/#?secret=nu39oNi0x9\" width=\"600\" height=\"641\" frameborder=\"0\" marginwidth=\"0\" marginheight=\"0\" scrolling=\"no\" sandbox=\"allow-scripts\" data-secret=\"nu39oNi0x9\" data-mce-fragment=\"1\"><\/iframe><\/p>\n<p><iframe loading=\"lazy\" class=\"wp-embedded-content\" title=\"\u00abCrisis vial en Casanare por ola invernal. Derrumbes y p\u00e9rdida de banca en varios accesos al Departamento.\u00bb \u2014 \u25b7 Noticias de Casanare : Martha Cifuentes | Casanare\" src=\"https:\/\/marthacifuentes.com\/portada\/2021\/08\/30\/crisis-vial-en-casanare-por-ola-invernal-derrumbes-y-perdida-de-banca-en-varios-accesos-al-departamento\/embed\/#?secret=StJLUa9TgX\" width=\"600\" height=\"613\" frameborder=\"0\" marginwidth=\"0\" marginheight=\"0\" scrolling=\"no\" sandbox=\"allow-scripts\" data-secret=\"StJLUa9TgX\" data-mce-fragment=\"1\"><\/iframe><\/p>\n<p><iframe loading=\"lazy\" class=\"wp-embedded-content\" title=\"\u00ab\u201cNo es que queramos joder, es que nos tienen jodidos\u201d: L\u00edder comunal por cierre indefinido de la v\u00eda del Cusiana.\u00bb \u2014 \u25b7 Noticias de Casanare : Martha Cifuentes | Casanare\" src=\"https:\/\/marthacifuentes.com\/portada\/2021\/08\/28\/no-es-que-queramos-joder-es-que-nos-tienen-jodidos-lider-comunal-por-cierre-indefinido-de-la-via-del-cusiana\/embed\/#?secret=10f7MZJX19\" width=\"600\" height=\"620\" frameborder=\"0\" marginwidth=\"0\" marginheight=\"0\" scrolling=\"no\" sandbox=\"allow-scripts\" data-secret=\"10f7MZJX19\" data-mce-fragment=\"1\"><\/iframe><\/p>\n<p><iframe loading=\"lazy\" class=\"wp-embedded-content\" title=\"\u00abIncre\u00edble, bajaron tarifas de cargo fijo y costo del agua en Yopal. \u00bfSer\u00e1 real?\u00bb \u2014 \u25b7 Noticias de Casanare : Martha Cifuentes | Casanare\" src=\"https:\/\/marthacifuentes.com\/portada\/2021\/08\/27\/increible-bajaron-tarifas-de-cargo-fijo-y-costo-del-agua-en-yopal-sera-real\/embed\/#?secret=CRS8oBRFqV\" width=\"600\" height=\"613\" frameborder=\"0\" marginwidth=\"0\" marginheight=\"0\" scrolling=\"no\" sandbox=\"allow-scripts\" data-secret=\"CRS8oBRFqV\" data-mce-fragment=\"1\"><\/iframe><\/p>\n<p><iframe loading=\"lazy\" class=\"wp-embedded-content\" title=\"\u00abApenas 12% de estudiantes de Yopal han retornado a clases presenciales\u00bb \u2014 \u25b7 Noticias de Casanare : Martha Cifuentes | Casanare\" src=\"https:\/\/marthacifuentes.com\/portada\/2021\/08\/27\/apenas-12-de-estudiantes-de-yopal-han-retornado-a-clases-presenciales\/embed\/#?secret=STulEmruWS\" width=\"600\" height=\"613\" frameborder=\"0\" marginwidth=\"0\" marginheight=\"0\" scrolling=\"no\" sandbox=\"allow-scripts\" data-secret=\"STulEmruWS\" data-mce-fragment=\"1\"><\/iframe><\/p>\n<p><iframe loading=\"lazy\" class=\"wp-embedded-content\" title=\"\u00abPara \u201ccombatir\u201d inseguridad, Gobernaci\u00f3n de Casanare compr\u00f3 camioneta blindada por $560 millones para comando de Brigada 16.\u00bb \u2014 \u25b7 Noticias de Casanare : Martha Cifuentes | Casanare\" src=\"https:\/\/marthacifuentes.com\/portada\/2021\/08\/27\/para-combatir-inseguridad-gobernacion-de-casanare-compro-camioneta-blindada-por-560-millones-para-comando-de-brigada-16\/embed\/#?secret=KBNoVs17gU\" width=\"600\" height=\"593\" frameborder=\"0\" marginwidth=\"0\" marginheight=\"0\" scrolling=\"no\" sandbox=\"allow-scripts\" data-secret=\"KBNoVs17gU\" data-mce-fragment=\"1\"><\/iframe><\/p>\n<p><iframe loading=\"lazy\" class=\"wp-embedded-content\" title=\"\u00abRepresentante C\u00e9sar Ort\u00edz Zorro radic\u00f3 proyecto de ley para que industria petrolera pague ICA en municipios productores.\u00bb \u2014 \u25b7 Noticias de Casanare : Martha Cifuentes | Casanare\" src=\"https:\/\/marthacifuentes.com\/portada\/2021\/08\/25\/representante-cesar-ortiz-zorro-radico-proyecto-de-ley-para-que-industria-petrolera-pague-ica-en-municipios-productores\/embed\/#?secret=hQEg8DDvFu\" width=\"600\" height=\"641\" frameborder=\"0\" marginwidth=\"0\" marginheight=\"0\" scrolling=\"no\" sandbox=\"allow-scripts\" data-secret=\"hQEg8DDvFu\" data-mce-fragment=\"1\"><\/iframe><\/p>\n<p><iframe loading=\"lazy\" class=\"wp-embedded-content\" title=\"\u00abUn casanare\u00f1o es el nuevo Procurador Regional de Casanare. Exjefe de la Oficina Jur\u00eddica de Contralor\u00eda de Casanare\u00bb \u2014 \u25b7 Noticias de Casanare : Martha Cifuentes | Casanare\" src=\"https:\/\/marthacifuentes.com\/portada\/2021\/08\/25\/un-casanareno-es-el-nuevo-procurador-regional-de-casanare-exjefe-de-la-oficina-juridica-de-contraloria-de-casanare\/embed\/#?secret=zlzWffJfG8\" width=\"600\" height=\"641\" frameborder=\"0\" marginwidth=\"0\" marginheight=\"0\" scrolling=\"no\" sandbox=\"allow-scripts\" data-secret=\"zlzWffJfG8\" data-mce-fragment=\"1\"><\/iframe><\/p>\n<p><iframe loading=\"lazy\" class=\"wp-embedded-content\" title=\"\u00abComunidad de El Morro ya NO cerrar\u00e1 ma\u00f1ana la v\u00eda hasta el puente La Cabuya.\u00bb \u2014 \u25b7 Noticias de Casanare : Martha Cifuentes | Casanare\" src=\"https:\/\/marthacifuentes.com\/portada\/2021\/08\/25\/comunidad-de-el-morro-ya-no-cerrara-manana-la-via-hasta-el-puente-la-cabuya\/embed\/#?secret=IGJNwsI5yZ\" width=\"600\" height=\"593\" frameborder=\"0\" marginwidth=\"0\" marginheight=\"0\" scrolling=\"no\" sandbox=\"allow-scripts\" data-secret=\"IGJNwsI5yZ\" data-mce-fragment=\"1\"><\/iframe><\/p>\n<p><iframe loading=\"lazy\" class=\"wp-embedded-content\" title=\"\u00abLlena de piedras, tuber\u00eda de conducci\u00f3n de agua de 36\u201d de la PTAP definitiva de Yopal, que a\u00fan no entra en operaci\u00f3n. En video qued\u00f3 evidenciado.\u00bb \u2014 \u25b7 Noticias de Casanare : Martha Cifuentes | Casanare\" src=\"https:\/\/marthacifuentes.com\/portada\/2021\/08\/25\/llena-de-piedras-tuberia-de-conduccion-de-agua-de-36-de-la-ptap-definitiva-de-yopal-que-aun-no-entra-en-operacion-en-video-quedo-evidenciado\/embed\/#?secret=dd3cLitv0p\" width=\"600\" height=\"641\" frameborder=\"0\" marginwidth=\"0\" marginheight=\"0\" scrolling=\"no\" sandbox=\"allow-scripts\" data-secret=\"dd3cLitv0p\" data-mce-fragment=\"1\"><\/iframe><\/p>\n<p><iframe loading=\"lazy\" class=\"wp-embedded-content\" title=\"\u00abJoven hombre asesinado en Yopal delante de su hija y de expareja sentimental.\u00bb \u2014 \u25b7 Noticias de Casanare : Martha Cifuentes | Casanare\" src=\"https:\/\/marthacifuentes.com\/portada\/2021\/08\/25\/joven-hombre-asesinado-en-yopal-delante-de-su-hija-y-de-expareja-sentimental\/embed\/#?secret=YS5Yjvf8kN\" width=\"600\" height=\"593\" frameborder=\"0\" marginwidth=\"0\" marginheight=\"0\" scrolling=\"no\" sandbox=\"allow-scripts\" data-secret=\"YS5Yjvf8kN\" data-mce-fragment=\"1\"><\/iframe><\/p>\n<p><iframe loading=\"lazy\" class=\"wp-embedded-content\" title=\"\u00abComunidad se cans\u00f3 de los huecos en v\u00eda El Morro \u2013 Puente de la Cabuya y los tapar\u00e1 este jueves y viernes.\u00bb \u2014 \u25b7 Noticias de Casanare : Martha Cifuentes | Casanare\" src=\"https:\/\/marthacifuentes.com\/portada\/2021\/08\/24\/comunidad-se-canso-de-los-huecos-en-via-el-morro-puente-de-la-cabuya-y-los-tapara-este-jueves-y-viernes\/embed\/#?secret=gK9TYMAo8R\" width=\"600\" height=\"613\" frameborder=\"0\" marginwidth=\"0\" marginheight=\"0\" scrolling=\"no\" sandbox=\"allow-scripts\" data-secret=\"gK9TYMAo8R\" data-mce-fragment=\"1\"><\/iframe><\/p>\n<p><iframe loading=\"lazy\" class=\"wp-embedded-content\" title=\"\u00abAtentado de disidentes de las Farc en T\u00e1mara no solo afecta a contratista del colegio sino a sus potenciales estudiantes.\u00bb \u2014 \u25b7 Noticias de Casanare : Martha Cifuentes | Casanare\" src=\"https:\/\/marthacifuentes.com\/portada\/2021\/08\/24\/atentado-de-disidentes-de-las-farc-en-tamara-no-solo-afecta-a-contratista-del-colegio-sino-a-sus-potenciales-estudiantes\/embed\/#?secret=sBrTLYaMSv\" width=\"600\" height=\"624\" frameborder=\"0\" marginwidth=\"0\" marginheight=\"0\" scrolling=\"no\" sandbox=\"allow-scripts\" data-secret=\"sBrTLYaMSv\" data-mce-fragment=\"1\"><\/iframe><\/p>\n<p>&nbsp;<\/p>\n","protected":false},"excerpt":{"rendered":"<p>A pesar de que con la nueva ley del Sistema General de Regal\u00edas, los entes territoriales iban a ganar autonom\u00eda en el manejo de estas, esto no es cierto en la pr\u00e1ctica, dice Diana Evelia Mendoza Espinel, alcaldesa de Cabuyaro, Meta. Si bien ahora no hay OCAD para aprobaci\u00f3n, el DNP tiene que viabilizar los &hellip;<\/p>\n","protected":false},"author":2,"featured_media":27034,"comment_status":"open","ping_status":"open","sticky":false,"template":"","format":"standard","meta":{"om_disable_all_campaigns":false,"_exactmetrics_skip_tracking":false,"_exactmetrics_sitenote_active":false,"_exactmetrics_sitenote_note":"","_exactmetrics_sitenote_category":0,"_monsterinsights_skip_tracking":false,"_monsterinsights_sitenote_active":false,"_monsterinsights_sitenote_note":"","_monsterinsights_sitenote_category":0,"_uf_show_specific_survey":0,"_uf_disable_surveys":false,"_joinchat":[],"footnotes":""},"categories":[147,146,145],"tags":[5909,5911,154,1373,5908,5910,1400,1717,1374,157,1376],"class_list":["post-27031","post","type-post","status-publish","format-standard","has-post-thumbnail","hentry","category-actualidad","category-noticias","category-reportajes","tag-alcaldes-dicen-que-no-hay-autonomia-en-manejo-de-regalias","tag-alcaldesa-de-cabuyaro-meta-niega-que-haya-autonomia-en-regalias","tag-casanare","tag-casanare-noticias","tag-encuentro-de-alcaldes-de-municipios-productores-aguazul","tag-municipios-productores-de-petroleo-reclaman-autonomia-en-manejo-de-regalias-aguazul-yopal","tag-noticias-casanare","tag-noticias-de-aguazul","tag-noticias-de-yopal","tag-yopal","tag-yopal-noticias"],"yoast_head":"<!-- This site is optimized with the Yoast SEO plugin v26.1 - https:\/\/yoast.com\/wordpress\/plugins\/seo\/ -->\n<title>No es verdad que municipios productores tengan autonom\u00eda en manejo de regal\u00edas como afirma el gobierno, dicen alcaldes - \u25b7 Noticias de Casanare : Martha Cifuentes | Casanare<\/title>\n<meta name=\"robots\" content=\"index, follow, max-snippet:-1, max-image-preview:large, max-video-preview:-1\" \/>\n<link rel=\"canonical\" href=\"https:\/\/marthacifuentes.com\/portada\/no-es-verdad-que-municipios-productores-tengan-autonomia-en-manejo-de-regalias-como-afirma-el-gobierno-dicen-alcaldes\/\" \/>\n<meta property=\"og:locale\" content=\"es_ES\" \/>\n<meta property=\"og:type\" content=\"article\" \/>\n<meta property=\"og:title\" content=\"No es verdad que municipios productores tengan autonom\u00eda en manejo de regal\u00edas como afirma el gobierno, dicen alcaldes - \u25b7 Noticias de Casanare : Martha Cifuentes | Casanare\" \/>\n<meta property=\"og:description\" content=\"A pesar de que con la nueva ley del Sistema General de Regal\u00edas, los entes territoriales iban a ganar autonom\u00eda en el manejo de estas, esto no es cierto en la pr\u00e1ctica, dice Diana Evelia Mendoza Espinel, alcaldesa de Cabuyaro, Meta. Si bien ahora no hay OCAD para aprobaci\u00f3n, el DNP tiene que viabilizar los &hellip;\" \/>\n<meta property=\"og:url\" content=\"https:\/\/marthacifuentes.com\/portada\/no-es-verdad-que-municipios-productores-tengan-autonomia-en-manejo-de-regalias-como-afirma-el-gobierno-dicen-alcaldes\/\" \/>\n<meta property=\"og:site_name\" content=\"\u25b7 Noticias de Casanare : Martha Cifuentes | Casanare\" \/>\n<meta property=\"article:published_time\" content=\"2021-09-18T18:51:42+00:00\" \/>\n<meta property=\"article:modified_time\" content=\"2021-09-18T18:54:16+00:00\" \/>\n<meta property=\"og:image\" content=\"https:\/\/marthacifuentes.com\/portada\/wp-content\/uploads\/2021\/09\/alcaldesa-de-cabuyaro-.png\" \/>\n\t<meta property=\"og:image:width\" content=\"1191\" \/>\n\t<meta property=\"og:image:height\" content=\"621\" \/>\n\t<meta property=\"og:image:type\" content=\"image\/png\" \/>\n<meta name=\"author\" content=\"Martha Cifuentes\" \/>\n<meta name=\"twitter:card\" content=\"summary_large_image\" \/>\n<meta name=\"twitter:label1\" content=\"Escrito por\" \/>\n\t<meta name=\"twitter:data1\" content=\"Martha Cifuentes\" \/>\n\t<meta name=\"twitter:label2\" content=\"Tiempo de lectura\" \/>\n\t<meta name=\"twitter:data2\" content=\"5 minutos\" \/>\n<script type=\"application\/ld+json\" class=\"yoast-schema-graph\">{\"@context\":\"https:\/\/schema.org\",\"@graph\":[{\"@type\":\"WebPage\",\"@id\":\"https:\/\/marthacifuentes.com\/portada\/no-es-verdad-que-municipios-productores-tengan-autonomia-en-manejo-de-regalias-como-afirma-el-gobierno-dicen-alcaldes\/\",\"url\":\"https:\/\/marthacifuentes.com\/portada\/no-es-verdad-que-municipios-productores-tengan-autonomia-en-manejo-de-regalias-como-afirma-el-gobierno-dicen-alcaldes\/\",\"name\":\"No es verdad que municipios productores tengan autonom\u00eda en manejo de regal\u00edas como afirma el gobierno, dicen alcaldes - \u25b7 Noticias de Casanare : Martha Cifuentes | Casanare\",\"isPartOf\":{\"@id\":\"https:\/\/marthacifuentes.com\/portada\/#website\"},\"primaryImageOfPage\":{\"@id\":\"https:\/\/marthacifuentes.com\/portada\/no-es-verdad-que-municipios-productores-tengan-autonomia-en-manejo-de-regalias-como-afirma-el-gobierno-dicen-alcaldes\/#primaryimage\"},\"image\":{\"@id\":\"https:\/\/marthacifuentes.com\/portada\/no-es-verdad-que-municipios-productores-tengan-autonomia-en-manejo-de-regalias-como-afirma-el-gobierno-dicen-alcaldes\/#primaryimage\"},\"thumbnailUrl\":\"https:\/\/marthacifuentes.com\/portada\/wp-content\/uploads\/2021\/09\/alcaldesa-de-cabuyaro-.png\",\"datePublished\":\"2021-09-18T18:51:42+00:00\",\"dateModified\":\"2021-09-18T18:54:16+00:00\",\"author\":{\"@id\":\"https:\/\/marthacifuentes.com\/portada\/#\/schema\/person\/57f53174b991db5f90ff78d58502b714\"},\"breadcrumb\":{\"@id\":\"https:\/\/marthacifuentes.com\/portada\/no-es-verdad-que-municipios-productores-tengan-autonomia-en-manejo-de-regalias-como-afirma-el-gobierno-dicen-alcaldes\/#breadcrumb\"},\"inLanguage\":\"es\",\"potentialAction\":[{\"@type\":\"ReadAction\",\"target\":[\"https:\/\/marthacifuentes.com\/portada\/no-es-verdad-que-municipios-productores-tengan-autonomia-en-manejo-de-regalias-como-afirma-el-gobierno-dicen-alcaldes\/\"]}]},{\"@type\":\"ImageObject\",\"inLanguage\":\"es\",\"@id\":\"https:\/\/marthacifuentes.com\/portada\/no-es-verdad-que-municipios-productores-tengan-autonomia-en-manejo-de-regalias-como-afirma-el-gobierno-dicen-alcaldes\/#primaryimage\",\"url\":\"https:\/\/marthacifuentes.com\/portada\/wp-content\/uploads\/2021\/09\/alcaldesa-de-cabuyaro-.png\",\"contentUrl\":\"https:\/\/marthacifuentes.com\/portada\/wp-content\/uploads\/2021\/09\/alcaldesa-de-cabuyaro-.png\",\"width\":1191,\"height\":621},{\"@type\":\"BreadcrumbList\",\"@id\":\"https:\/\/marthacifuentes.com\/portada\/no-es-verdad-que-municipios-productores-tengan-autonomia-en-manejo-de-regalias-como-afirma-el-gobierno-dicen-alcaldes\/#breadcrumb\",\"itemListElement\":[{\"@type\":\"ListItem\",\"position\":1,\"name\":\"Portada\",\"item\":\"https:\/\/marthacifuentes.com\/portada\/\"},{\"@type\":\"ListItem\",\"position\":2,\"name\":\"No es verdad que municipios productores tengan autonom\u00eda en manejo de regal\u00edas como afirma el gobierno, dicen alcaldes\"}]},{\"@type\":\"WebSite\",\"@id\":\"https:\/\/marthacifuentes.com\/portada\/#website\",\"url\":\"https:\/\/marthacifuentes.com\/portada\/\",\"name\":\"\u25b7 Noticias de Casanare : Martha Cifuentes | Casanare\",\"description\":\"Noticias &amp; Contenidos\",\"potentialAction\":[{\"@type\":\"SearchAction\",\"target\":{\"@type\":\"EntryPoint\",\"urlTemplate\":\"https:\/\/marthacifuentes.com\/portada\/?s={search_term_string}\"},\"query-input\":{\"@type\":\"PropertyValueSpecification\",\"valueRequired\":true,\"valueName\":\"search_term_string\"}}],\"inLanguage\":\"es\"},{\"@type\":\"Person\",\"@id\":\"https:\/\/marthacifuentes.com\/portada\/#\/schema\/person\/57f53174b991db5f90ff78d58502b714\",\"name\":\"Martha Cifuentes\",\"image\":{\"@type\":\"ImageObject\",\"inLanguage\":\"es\",\"@id\":\"https:\/\/marthacifuentes.com\/portada\/#\/schema\/person\/image\/\",\"url\":\"http:\/\/marthacifuentes.com\/portada\/wp-content\/uploads\/2018\/06\/avatar_user_2_1528838701-96x96.jpg\",\"contentUrl\":\"http:\/\/marthacifuentes.com\/portada\/wp-content\/uploads\/2018\/06\/avatar_user_2_1528838701-96x96.jpg\",\"caption\":\"Martha Cifuentes\"},\"sameAs\":[\"http:\/\/www.marthacifuentes.com\"],\"url\":\"https:\/\/marthacifuentes.com\/portada\/author\/martha\/\"}]}<\/script>\n<!-- \/ Yoast SEO plugin. -->","yoast_head_json":{"title":"No es verdad que municipios productores tengan autonom\u00eda en manejo de regal\u00edas como afirma el gobierno, dicen alcaldes - \u25b7 Noticias de Casanare : Martha Cifuentes | Casanare","robots":{"index":"index","follow":"follow","max-snippet":"max-snippet:-1","max-image-preview":"max-image-preview:large","max-video-preview":"max-video-preview:-1"},"canonical":"https:\/\/marthacifuentes.com\/portada\/no-es-verdad-que-municipios-productores-tengan-autonomia-en-manejo-de-regalias-como-afirma-el-gobierno-dicen-alcaldes\/","og_locale":"es_ES","og_type":"article","og_title":"No es verdad que municipios productores tengan autonom\u00eda en manejo de regal\u00edas como afirma el gobierno, dicen alcaldes - \u25b7 Noticias de Casanare : Martha Cifuentes | Casanare","og_description":"A pesar de que con la nueva ley del Sistema General de Regal\u00edas, los entes territoriales iban a ganar autonom\u00eda en el manejo de estas, esto no es cierto en la pr\u00e1ctica, dice Diana Evelia Mendoza Espinel, alcaldesa de Cabuyaro, Meta. Si bien ahora no hay OCAD para aprobaci\u00f3n, el DNP tiene que viabilizar los &hellip;","og_url":"https:\/\/marthacifuentes.com\/portada\/no-es-verdad-que-municipios-productores-tengan-autonomia-en-manejo-de-regalias-como-afirma-el-gobierno-dicen-alcaldes\/","og_site_name":"\u25b7 Noticias de Casanare : Martha Cifuentes | Casanare","article_published_time":"2021-09-18T18:51:42+00:00","article_modified_time":"2021-09-18T18:54:16+00:00","og_image":[{"width":1191,"height":621,"url":"https:\/\/marthacifuentes.com\/portada\/wp-content\/uploads\/2021\/09\/alcaldesa-de-cabuyaro-.png","type":"image\/png"}],"author":"Martha Cifuentes","twitter_card":"summary_large_image","twitter_misc":{"Escrito por":"Martha Cifuentes","Tiempo de lectura":"5 minutos"},"schema":{"@context":"https:\/\/schema.org","@graph":[{"@type":"WebPage","@id":"https:\/\/marthacifuentes.com\/portada\/no-es-verdad-que-municipios-productores-tengan-autonomia-en-manejo-de-regalias-como-afirma-el-gobierno-dicen-alcaldes\/","url":"https:\/\/marthacifuentes.com\/portada\/no-es-verdad-que-municipios-productores-tengan-autonomia-en-manejo-de-regalias-como-afirma-el-gobierno-dicen-alcaldes\/","name":"No es verdad que municipios productores tengan autonom\u00eda en manejo de regal\u00edas como afirma el gobierno, dicen alcaldes - \u25b7 Noticias de Casanare : Martha Cifuentes | Casanare","isPartOf":{"@id":"https:\/\/marthacifuentes.com\/portada\/#website"},"primaryImageOfPage":{"@id":"https:\/\/marthacifuentes.com\/portada\/no-es-verdad-que-municipios-productores-tengan-autonomia-en-manejo-de-regalias-como-afirma-el-gobierno-dicen-alcaldes\/#primaryimage"},"image":{"@id":"https:\/\/marthacifuentes.com\/portada\/no-es-verdad-que-municipios-productores-tengan-autonomia-en-manejo-de-regalias-como-afirma-el-gobierno-dicen-alcaldes\/#primaryimage"},"thumbnailUrl":"https:\/\/marthacifuentes.com\/portada\/wp-content\/uploads\/2021\/09\/alcaldesa-de-cabuyaro-.png","datePublished":"2021-09-18T18:51:42+00:00","dateModified":"2021-09-18T18:54:16+00:00","author":{"@id":"https:\/\/marthacifuentes.com\/portada\/#\/schema\/person\/57f53174b991db5f90ff78d58502b714"},"breadcrumb":{"@id":"https:\/\/marthacifuentes.com\/portada\/no-es-verdad-que-municipios-productores-tengan-autonomia-en-manejo-de-regalias-como-afirma-el-gobierno-dicen-alcaldes\/#breadcrumb"},"inLanguage":"es","potentialAction":[{"@type":"ReadAction","target":["https:\/\/marthacifuentes.com\/portada\/no-es-verdad-que-municipios-productores-tengan-autonomia-en-manejo-de-regalias-como-afirma-el-gobierno-dicen-alcaldes\/"]}]},{"@type":"ImageObject","inLanguage":"es","@id":"https:\/\/marthacifuentes.com\/portada\/no-es-verdad-que-municipios-productores-tengan-autonomia-en-manejo-de-regalias-como-afirma-el-gobierno-dicen-alcaldes\/#primaryimage","url":"https:\/\/marthacifuentes.com\/portada\/wp-content\/uploads\/2021\/09\/alcaldesa-de-cabuyaro-.png","contentUrl":"https:\/\/marthacifuentes.com\/portada\/wp-content\/uploads\/2021\/09\/alcaldesa-de-cabuyaro-.png","width":1191,"height":621},{"@type":"BreadcrumbList","@id":"https:\/\/marthacifuentes.com\/portada\/no-es-verdad-que-municipios-productores-tengan-autonomia-en-manejo-de-regalias-como-afirma-el-gobierno-dicen-alcaldes\/#breadcrumb","itemListElement":[{"@type":"ListItem","position":1,"name":"Portada","item":"https:\/\/marthacifuentes.com\/portada\/"},{"@type":"ListItem","position":2,"name":"No es verdad que municipios productores tengan autonom\u00eda en manejo de regal\u00edas como afirma el gobierno, dicen alcaldes"}]},{"@type":"WebSite","@id":"https:\/\/marthacifuentes.com\/portada\/#website","url":"https:\/\/marthacifuentes.com\/portada\/","name":"\u25b7 Noticias de Casanare : Martha Cifuentes | Casanare","description":"Noticias &amp; Contenidos","potentialAction":[{"@type":"SearchAction","target":{"@type":"EntryPoint","urlTemplate":"https:\/\/marthacifuentes.com\/portada\/?s={search_term_string}"},"query-input":{"@type":"PropertyValueSpecification","valueRequired":true,"valueName":"search_term_string"}}],"inLanguage":"es"},{"@type":"Person","@id":"https:\/\/marthacifuentes.com\/portada\/#\/schema\/person\/57f53174b991db5f90ff78d58502b714","name":"Martha Cifuentes","image":{"@type":"ImageObject","inLanguage":"es","@id":"https:\/\/marthacifuentes.com\/portada\/#\/schema\/person\/image\/","url":"http:\/\/marthacifuentes.com\/portada\/wp-content\/uploads\/2018\/06\/avatar_user_2_1528838701-96x96.jpg","contentUrl":"http:\/\/marthacifuentes.com\/portada\/wp-content\/uploads\/2018\/06\/avatar_user_2_1528838701-96x96.jpg","caption":"Martha Cifuentes"},"sameAs":["http:\/\/www.marthacifuentes.com"],"url":"https:\/\/marthacifuentes.com\/portada\/author\/martha\/"}]}},"_links":{"self":[{"href":"https:\/\/marthacifuentes.com\/portada\/wp-json\/wp\/v2\/posts\/27031","targetHints":{"allow":["GET"]}}],"collection":[{"href":"https:\/\/marthacifuentes.com\/portada\/wp-json\/wp\/v2\/posts"}],"about":[{"href":"https:\/\/marthacifuentes.com\/portada\/wp-json\/wp\/v2\/types\/post"}],"author":[{"embeddable":true,"href":"https:\/\/marthacifuentes.com\/portada\/wp-json\/wp\/v2\/users\/2"}],"replies":[{"embeddable":true,"href":"https:\/\/marthacifuentes.com\/portada\/wp-json\/wp\/v2\/comments?post=27031"}],"version-history":[{"count":3,"href":"https:\/\/marthacifuentes.com\/portada\/wp-json\/wp\/v2\/posts\/27031\/revisions"}],"predecessor-version":[{"id":27037,"href":"https:\/\/marthacifuentes.com\/portada\/wp-json\/wp\/v2\/posts\/27031\/revisions\/27037"}],"wp:featuredmedia":[{"embeddable":true,"href":"https:\/\/marthacifuentes.com\/portada\/wp-json\/wp\/v2\/media\/27034"}],"wp:attachment":[{"href":"https:\/\/marthacifuentes.com\/portada\/wp-json\/wp\/v2\/media?parent=27031"}],"wp:term":[{"taxonomy":"category","embeddable":true,"href":"https:\/\/marthacifuentes.com\/portada\/wp-json\/wp\/v2\/categories?post=27031"},{"taxonomy":"post_tag","embeddable":true,"href":"https:\/\/marthacifuentes.com\/portada\/wp-json\/wp\/v2\/tags?post=27031"}],"curies":[{"name":"wp","href":"https:\/\/api.w.org\/{rel}","templated":true}]}}