{"id":27104,"date":"2021-09-29T09:03:34","date_gmt":"2021-09-29T14:03:34","guid":{"rendered":"https:\/\/marthacifuentes.com\/portada\/?p=27104"},"modified":"2021-09-29T09:19:45","modified_gmt":"2021-09-29T14:19:45","slug":"pavimentacion-de-via-central-del-llano-en-mani-sigue-enredada-ahora-volqueteros-de-aguazul-quieren-tajada-de-contratacion","status":"publish","type":"post","link":"https:\/\/marthacifuentes.com\/portada\/pavimentacion-de-via-central-del-llano-en-mani-sigue-enredada-ahora-volqueteros-de-aguazul-quieren-tajada-de-contratacion\/","title":{"rendered":"Pavimentaci\u00f3n de v\u00eda Central del Llano en Man\u00ed sigue enredada. Ahora volqueteros de Aguazul quieren tajada de contrataci\u00f3n."},"content":{"rendered":"<p style=\"text-align: justify;\">Contratista de la pavimentaci\u00f3n de la v\u00eda Central del Llano en Man\u00ed, ICICO SAS, representada por el ingeniero Le\u00f3nidas Ortega, solicitar\u00e1 acompa\u00f1amiento de la polic\u00eda en las canteras de material p\u00e9treo de Aguazul, porque transportadores de este municipio est\u00e1n bloqueando el ingreso a sus hom\u00f3logos de Man\u00ed, impidiendo el cargue del material necesario para la obra.<\/p>\n<p style=\"text-align: justify;\">Le\u00f3nidas Ortega, expres\u00f3 que luego de haber llegado a un acuerdo con los transportadores de Man\u00ed en cuanto al precio del transporte y que finalmente se iba a iniciar obras, ahora los volqueteros de Aguazul est\u00e1n pidiendo que se les otorgue el 50% de la contrataci\u00f3n so pena de no permitir el cargue del material para la obra, avaluada en 17 mil millones de pesos. La situaci\u00f3n se est\u00e1 haciendo insostenible y retrasa la pavimentaci\u00f3n de los 10.2 km de la Central del Llano en Man\u00ed.<\/p>\n<p style=\"text-align: justify;\">Esta v\u00eda fue contratada por la Alcald\u00eda de Man\u00ed mediante una transferencia que realiz\u00f3 el gobierno nacional mediante el Instituto Nacional de V\u00edas, Inv\u00edas. Hasta el pr\u00f3ximo 31 de diciembre es el plazo para culminar el proyecto y como est\u00e1n las cosas, no alcanzar\u00eda el tiempo para hacerlo.<\/p>\n<p><iframe loading=\"lazy\" style=\"border: none; overflow: hidden;\" src=\"https:\/\/www.facebook.com\/plugins\/post.php?href=https%3A%2F%2Fwww.facebook.com%2FMarthaCifuentesNoticiasyContenidos%2Fposts%2F4454135721298792&amp;show_text=true&amp;width=500\" width=\"500\" height=\"820\" frameborder=\"0\" scrolling=\"no\" allowfullscreen=\"allowfullscreen\"><\/iframe><\/p>\n<p>&nbsp;<\/p>\n<h2>Otras noticias&#8230;<\/h2>\n<blockquote class=\"wp-embedded-content\" data-secret=\"6RHyQQqC4X\"><p><a href=\"https:\/\/marthacifuentes.com\/portada\/2021\/09\/28\/un-muerto-y-un-herido-deja-rina-de-varios-presos-en-carcel-la-guafilla-de-yopal\/\">Un muerto y un herido deja ri\u00f1a de varios presos en c\u00e1rcel La Guafilla de Yopal<\/a><\/p><\/blockquote>\n<p><iframe loading=\"lazy\" class=\"wp-embedded-content\" sandbox=\"allow-scripts\" security=\"restricted\" style=\"position: absolute; clip: rect(1px, 1px, 1px, 1px);\" title=\"\u00abUn muerto y un herido deja ri\u00f1a de varios presos en c\u00e1rcel La Guafilla de Yopal\u00bb \u2014 \u25b7 Noticias de Casanare : Martha Cifuentes | Casanare\" src=\"https:\/\/marthacifuentes.com\/portada\/2021\/09\/28\/un-muerto-y-un-herido-deja-rina-de-varios-presos-en-carcel-la-guafilla-de-yopal\/embed\/#?secret=w5E7VOHcqo#?secret=6RHyQQqC4X\" data-secret=\"6RHyQQqC4X\" width=\"500\" height=\"282\" frameborder=\"0\" marginwidth=\"0\" marginheight=\"0\" scrolling=\"no\"><\/iframe><\/p>\n<p><iframe loading=\"lazy\" class=\"wp-embedded-content\" title=\"\u00abPor violar a su hijastra de 4 a\u00f1os en Tauramena, hombre fue enviado a la c\u00e1rcel.\u00bb \u2014 \u25b7 Noticias de Casanare : Martha Cifuentes | Casanare\" src=\"https:\/\/marthacifuentes.com\/portada\/2021\/09\/27\/por-violar-a-su-hijastra-de-4-anos-en-tauramena-hombre-fue-enviado-a-la-carcel\/embed\/#?secret=6kVgw5xGye\" width=\"600\" height=\"593\" frameborder=\"0\" marginwidth=\"0\" marginheight=\"0\" scrolling=\"no\" sandbox=\"allow-scripts\" data-secret=\"6kVgw5xGye\" data-mce-fragment=\"1\"><\/iframe><\/p>\n<p><iframe loading=\"lazy\" class=\"wp-embedded-content\" title=\"\u00abVeedores y consejeros de participaci\u00f3n ciudadana ser\u00e1n capacitados en control social por la Contralor\u00eda de Casanare\u00bb \u2014 \u25b7 Noticias de Casanare : Martha Cifuentes | Casanare\" src=\"https:\/\/marthacifuentes.com\/portada\/2021\/09\/27\/veedores-y-consejeros-de-participacion-ciudadana-seran-capacitados-en-control-social-por-la-contraloria-de-casanare\/embed\/#?secret=6yEmkwSpd6\" width=\"600\" height=\"642\" frameborder=\"0\" marginwidth=\"0\" marginheight=\"0\" scrolling=\"no\" sandbox=\"allow-scripts\" data-secret=\"6yEmkwSpd6\" data-mce-fragment=\"1\"><\/iframe><\/p>\n<p><iframe loading=\"lazy\" class=\"wp-embedded-content\" title=\"\u00abTuber\u00eda de 36 pulgadas de la nueva PTAP presentar\u00eda agrietamientos, seg\u00fan denuncias de comunidad de vereda La Vega\u00bb \u2014 \u25b7 Noticias de Casanare : Martha Cifuentes | Casanare\" src=\"https:\/\/marthacifuentes.com\/portada\/2021\/09\/27\/tuberia-de-36-pulgadas-de-la-nueva-ptap-presentaria-agrietamientos-segun-denuncias-de-comunidad-de-vereda-la-vega\/embed\/#?secret=YZoW0WdDbb\" width=\"600\" height=\"622\" frameborder=\"0\" marginwidth=\"0\" marginheight=\"0\" scrolling=\"no\" sandbox=\"allow-scripts\" data-secret=\"YZoW0WdDbb\" data-mce-fragment=\"1\"><\/iframe><\/p>\n<p><iframe loading=\"lazy\" class=\"wp-embedded-content\" title=\"\u00abArranc\u00f3 la v\u00eda Central del Llano en Man\u00ed pero\u2026 hay malestar de los transportadores\u00bb \u2014 \u25b7 Noticias de Casanare : Martha Cifuentes | Casanare\" src=\"https:\/\/marthacifuentes.com\/portada\/2021\/09\/23\/arranco-la-via-central-del-llano-en-mani-pero-hay-malestar-de-los-transportadores\/embed\/#?secret=KVjmGgKZwF\" width=\"600\" height=\"613\" frameborder=\"0\" marginwidth=\"0\" marginheight=\"0\" scrolling=\"no\" sandbox=\"allow-scripts\" data-secret=\"KVjmGgKZwF\" data-mce-fragment=\"1\"><\/iframe><\/p>\n<p><iframe loading=\"lazy\" class=\"wp-embedded-content\" title=\"\u00abContratista de v\u00eda Central del Llano, Man\u00ed, sigue enredado en negociaciones con transportadores\u00bb \u2014 \u25b7 Noticias de Casanare : Martha Cifuentes | Casanare\" src=\"https:\/\/marthacifuentes.com\/portada\/2021\/09\/22\/contratista-de-via-central-del-llano-mani-sigue-enredado-en-negociaciones-con-transportadores\/embed\/#?secret=YSsfVPTHXK\" width=\"600\" height=\"593\" frameborder=\"0\" marginwidth=\"0\" marginheight=\"0\" scrolling=\"no\" sandbox=\"allow-scripts\" data-secret=\"YSsfVPTHXK\" data-mce-fragment=\"1\"><\/iframe><\/p>\n<p><iframe loading=\"lazy\" class=\"wp-embedded-content\" title=\"\u00abAlvarito \u201cEl original\u201d de Yopal, el otrora habitante de calle bailador, ahora tendr\u00e1 c\u00e9dula\u00bb \u2014 \u25b7 Noticias de Casanare : Martha Cifuentes | Casanare\" src=\"https:\/\/marthacifuentes.com\/portada\/2021\/09\/22\/alvarito-el-original-de-yopal-el-otrora-habitante-de-calle-bailador-ahora-tendra-cedula\/embed\/#?secret=EhuEfSpYU2\" width=\"600\" height=\"556\" frameborder=\"0\" marginwidth=\"0\" marginheight=\"0\" scrolling=\"no\" sandbox=\"allow-scripts\" data-secret=\"EhuEfSpYU2\" data-mce-fragment=\"1\"><\/iframe><\/p>\n<p><iframe loading=\"lazy\" class=\"wp-embedded-content\" title=\"\u00abAprobada declaratoria de calamidad p\u00fablica de programa de vivienda Torres del Silencio\u00bb \u2014 \u25b7 Noticias de Casanare : Martha Cifuentes | Casanare\" src=\"https:\/\/marthacifuentes.com\/portada\/2021\/09\/22\/aprobada-declaratoria-de-calamidad-publica-de-programa-de-vivienda-torres-del-silencio\/embed\/#?secret=pluuueWeKj\" width=\"600\" height=\"613\" frameborder=\"0\" marginwidth=\"0\" marginheight=\"0\" scrolling=\"no\" sandbox=\"allow-scripts\" data-secret=\"pluuueWeKj\" data-mce-fragment=\"1\"><\/iframe><\/p>\n<p><iframe loading=\"lazy\" class=\"wp-embedded-content\" title=\"\u00abCapturado y enviado a la c\u00e1rcel violador de ni\u00f1a de 12 a\u00f1os de Aguazul\u00bb \u2014 \u25b7 Noticias de Casanare : Martha Cifuentes | Casanare\" src=\"https:\/\/marthacifuentes.com\/portada\/2021\/09\/21\/capturado-y-enviado-a-la-carcel-violador-de-nina-de-12-anos-de-aguazul\/embed\/#?secret=oxwfsWswQD\" width=\"600\" height=\"613\" frameborder=\"0\" marginwidth=\"0\" marginheight=\"0\" scrolling=\"no\" sandbox=\"allow-scripts\" data-secret=\"oxwfsWswQD\" data-mce-fragment=\"1\"><\/iframe><\/p>\n<p><iframe loading=\"lazy\" class=\"wp-embedded-content\" title=\"\u00abContrato v\u00eda Central del Llano de Man\u00ed que \u201cgestion\u00f3\u201d la senadora Amanda Gonz\u00e1lez NO arranca. Inv\u00edas jala orejas al contratista avalado por Alcald\u00eda.\u00bb \u2014 \u25b7 Noticias de Casanare : Martha Cifuentes | Casanare\" src=\"https:\/\/marthacifuentes.com\/portada\/2021\/09\/21\/contrato-via-central-del-llano-de-mani-que-gestiono-la-senadora-amanda-gonzalez-no-arranca-invias-jala-orejas-al-contratista-avalado-por-alcaldia\/embed\/#?secret=PzL59FwFtY\" width=\"600\" height=\"641\" frameborder=\"0\" marginwidth=\"0\" marginheight=\"0\" scrolling=\"no\" sandbox=\"allow-scripts\" data-secret=\"PzL59FwFtY\" data-mce-fragment=\"1\"><\/iframe><\/p>\n<p><iframe loading=\"lazy\" class=\"wp-embedded-content\" title=\"\u00abSicariado otro expendedor de carne de Man\u00ed, Casanare. Ya son 3 los asesinados en esa poblaci\u00f3n.\u00bb \u2014 \u25b7 Noticias de Casanare : Martha Cifuentes | Casanare\" src=\"https:\/\/marthacifuentes.com\/portada\/2021\/09\/18\/sicariado-otro-expendedor-de-carne-de-mani-casanare-ya-son-3-los-asesinados-en-esa-poblacion\/embed\/#?secret=bXg4ILpEQT\" width=\"600\" height=\"526\" frameborder=\"0\" marginwidth=\"0\" marginheight=\"0\" scrolling=\"no\" sandbox=\"allow-scripts\" data-secret=\"bXg4ILpEQT\" data-mce-fragment=\"1\"><\/iframe><\/p>\n<p><iframe loading=\"lazy\" class=\"wp-embedded-content\" title=\"\u00abNo es verdad que municipios productores tengan autonom\u00eda en manejo de regal\u00edas como afirma el gobierno, dicen alcaldes\u00bb \u2014 \u25b7 Noticias de Casanare : Martha Cifuentes | Casanare\" src=\"https:\/\/marthacifuentes.com\/portada\/2021\/09\/18\/no-es-verdad-que-municipios-productores-tengan-autonomia-en-manejo-de-regalias-como-afirma-el-gobierno-dicen-alcaldes\/embed\/#?secret=jpfn5VIhNL\" width=\"600\" height=\"598\" frameborder=\"0\" marginwidth=\"0\" marginheight=\"0\" scrolling=\"no\" sandbox=\"allow-scripts\" data-secret=\"jpfn5VIhNL\" data-mce-fragment=\"1\"><\/iframe><\/p>\n<p><iframe loading=\"lazy\" class=\"wp-embedded-content\" title=\"\u00abAlcaldes de municipios productores de petr\u00f3leo se quejan por trabas para acceder a regal\u00edas. Ley sigue en implementaci\u00f3n.\u00bb \u2014 \u25b7 Noticias de Casanare : Martha Cifuentes | Casanare\" src=\"https:\/\/marthacifuentes.com\/portada\/2021\/09\/18\/alcaldes-de-municipios-productores-de-petroleo-se-quejan-por-trabas-para-acceder-a-regalias-ley-sigue-en-implementacion\/embed\/#?secret=mwAKuLjnfs\" width=\"600\" height=\"642\" frameborder=\"0\" marginwidth=\"0\" marginheight=\"0\" scrolling=\"no\" sandbox=\"allow-scripts\" data-secret=\"mwAKuLjnfs\" data-mce-fragment=\"1\"><\/iframe><\/p>\n<p><iframe loading=\"lazy\" class=\"wp-embedded-content\" title=\"\u00abEl macabro juego de los retenes, de polic\u00edas al acecho y huidizos infractores, desencaden\u00f3 la muerte de\u00a0joven en v\u00eda Yopal-Paz de Ariporo\u00bb \u2014 \u25b7 Noticias de Casanare : Martha Cifuentes | Casanare\" src=\"https:\/\/marthacifuentes.com\/portada\/2021\/09\/16\/el-macabro-juego-de-los-retenes-de-policias-al-acecho-y-huidizos-infractores-desencadeno-la-muerte-de-joven-en-via-yopal-paz-de-ariporo\/embed\/#?secret=ASnfdy4LFk\" width=\"600\" height=\"642\" frameborder=\"0\" marginwidth=\"0\" marginheight=\"0\" scrolling=\"no\" sandbox=\"allow-scripts\" data-secret=\"ASnfdy4LFk\" data-mce-fragment=\"1\"><\/iframe><\/p>\n<p><iframe loading=\"lazy\" class=\"wp-embedded-content\" title=\"\u00abYopal y Casanare, tendencia en twitter, porque polic\u00eda mat\u00f3 a joven en una carretera y por precandidatura presidencial del exgobernador Alirio Barrera\u00bb \u2014 \u25b7 Noticias de Casanare : Martha Cifuentes | Casanare\" src=\"https:\/\/marthacifuentes.com\/portada\/2021\/09\/16\/yopal-y-casanare-tendencia-en-twitter-porque-policia-mato-a-joven-en-una-carretera-y-por-precandidatura-presidencial-del-exgobernador-alirio-barrera\/embed\/#?secret=7VSW94AiGM\" width=\"600\" height=\"572\" frameborder=\"0\" marginwidth=\"0\" marginheight=\"0\" scrolling=\"no\" sandbox=\"allow-scripts\" data-secret=\"7VSW94AiGM\" data-mce-fragment=\"1\"><\/iframe><\/p>\n<p><iframe loading=\"lazy\" class=\"wp-embedded-content\" title=\"\u00abAguazul, sede del Encuentro de Municipios Productores de Petr\u00f3leo 2021\u00bb \u2014 \u25b7 Noticias de Casanare : Martha Cifuentes | Casanare\" src=\"https:\/\/marthacifuentes.com\/portada\/2021\/09\/15\/aguazul-sede-del-encuentro-de-municipios-productores-de-petroleo-2021\/embed\/#?secret=IarOuwYv2e\" width=\"600\" height=\"614\" frameborder=\"0\" marginwidth=\"0\" marginheight=\"0\" scrolling=\"no\" sandbox=\"allow-scripts\" data-secret=\"IarOuwYv2e\" data-mce-fragment=\"1\"><\/iframe><\/p>\n<p><iframe loading=\"lazy\" class=\"wp-embedded-content\" title=\"\u00abPuente met\u00e1lico ser\u00e1 instalado en quebrada La Orqu\u00eddea en v\u00eda Sogamoso-Aguazul. Remplaza temporalmente al colapsado en el sitio.\u00bb \u2014 \u25b7 Noticias de Casanare : Martha Cifuentes | Casanare\" src=\"https:\/\/marthacifuentes.com\/portada\/2021\/09\/13\/puente-metalico-sera-instalado-en-quebrada-la-orquidea-en-via-sogamoso-aguazul-remplaza-temporalmente-al-colapsado-en-el-sitio\/embed\/#?secret=hfaWPCAs92\" width=\"600\" height=\"622\" frameborder=\"0\" marginwidth=\"0\" marginheight=\"0\" scrolling=\"no\" sandbox=\"allow-scripts\" data-secret=\"hfaWPCAs92\" data-mce-fragment=\"1\"><\/iframe><\/p>\n<p><iframe loading=\"lazy\" class=\"wp-embedded-content\" title=\"\u00abAl menos 51% de empresarios de Casanare operan con normalidad luego de restricciones efecto de la pandemia del Covid-19\u00bb \u2014 \u25b7 Noticias de Casanare : Martha Cifuentes | Casanare\" src=\"https:\/\/marthacifuentes.com\/portada\/2021\/09\/13\/al-menos-51-de-empresarios-de-casanare-operan-con-normalidad-luego-de-restricciones-efecto-de-la-pandemia-del-covid-19\/embed\/#?secret=rY1fG7hFG4\" width=\"600\" height=\"641\" frameborder=\"0\" marginwidth=\"0\" marginheight=\"0\" scrolling=\"no\" sandbox=\"allow-scripts\" data-secret=\"rY1fG7hFG4\" data-mce-fragment=\"1\"><\/iframe><\/p>\n<p><iframe loading=\"lazy\" class=\"wp-embedded-content\" title=\"\u00ab\u201cLos muertos no hablan y los presos tampoco\u201d, le habr\u00edan dicho polic\u00edas de tr\u00e1nsito a esposa de joven muerto a manos de ellos en Yopal\u00bb \u2014 \u25b7 Noticias de Casanare : Martha Cifuentes | Casanare\" src=\"https:\/\/marthacifuentes.com\/portada\/2021\/09\/13\/los-muertos-no-hablan-y-los-presos-tampoco-le-habrian-dicho-policias-de-transito-a-esposa-de-joven-muerto-a-manos-de-ellos-en-yopal\/embed\/#?secret=2X2obFzSpM\" width=\"600\" height=\"622\" frameborder=\"0\" marginwidth=\"0\" marginheight=\"0\" scrolling=\"no\" sandbox=\"allow-scripts\" data-secret=\"2X2obFzSpM\" data-mce-fragment=\"1\"><\/iframe><\/p>\n<p><iframe loading=\"lazy\" class=\"wp-embedded-content\" title=\"\u00abAtentado en Centro Comercial de Yopal es cobarde contra la poblaci\u00f3n civil: Secretario de Gobierno Casanare\u00bb \u2014 \u25b7 Noticias de Casanare : Martha Cifuentes | Casanare\" src=\"https:\/\/marthacifuentes.com\/portada\/2021\/09\/10\/atentado-en-centro-comercial-de-yopal-es-cobarde-contra-la-poblacion-civil-secretario-de-gobierno-casanare\/embed\/#?secret=TxORctji7R\" width=\"600\" height=\"594\" frameborder=\"0\" marginwidth=\"0\" marginheight=\"0\" scrolling=\"no\" sandbox=\"allow-scripts\" data-secret=\"TxORctji7R\" data-mce-fragment=\"1\"><\/iframe><\/p>\n<p><iframe loading=\"lazy\" class=\"wp-embedded-content\" title=\"\u00abAsesinado finquero de Man\u00ed, Casanare. En menos de 3 d\u00edas van dos homicidios en ese municipio.\u00bb \u2014 \u25b7 Noticias de Casanare : Martha Cifuentes | Casanare\" src=\"https:\/\/marthacifuentes.com\/portada\/2021\/09\/10\/asesinado-finquero-de-mani-casanare-en-menos-de-3-dias-van-dos-homicidios-en-ese-municipio\/embed\/#?secret=8tyhTLjtHU\" width=\"600\" height=\"594\" frameborder=\"0\" marginwidth=\"0\" marginheight=\"0\" scrolling=\"no\" sandbox=\"allow-scripts\" data-secret=\"8tyhTLjtHU\" data-mce-fragment=\"1\"><\/iframe><\/p>\n<p><iframe loading=\"lazy\" class=\"wp-embedded-content\" title=\"\u00abCapturado exsoldado profesional que hab\u00eda sido condenado a 36 a\u00f1os de prisi\u00f3n por violaci\u00f3n de dos ni\u00f1os en Yopal\u00bb \u2014 \u25b7 Noticias de Casanare : Martha Cifuentes | Casanare\" src=\"https:\/\/marthacifuentes.com\/portada\/2021\/09\/10\/capturado-exsoldado-profesional-que-habia-sido-condenado-a-36-anos-de-prision-por-violacion-de-dos-ninos-en-yopal\/embed\/#?secret=3vsvXN1RI7\" width=\"600\" height=\"622\" frameborder=\"0\" marginwidth=\"0\" marginheight=\"0\" scrolling=\"no\" sandbox=\"allow-scripts\" data-secret=\"3vsvXN1RI7\" data-mce-fragment=\"1\"><\/iframe><\/p>\n<p><iframe loading=\"lazy\" class=\"wp-embedded-content\" title=\"\u00abA la c\u00e1rcel por robarse unos tubos petroleros en Yopal\u00bb \u2014 \u25b7 Noticias de Casanare : Martha Cifuentes | Casanare\" src=\"https:\/\/marthacifuentes.com\/portada\/2021\/09\/10\/a-la-carcel-por-robarse-unos-tubos-petroleros-en-yopal\/embed\/#?secret=lYvPWPM0re\" width=\"600\" height=\"253\" frameborder=\"0\" marginwidth=\"0\" marginheight=\"0\" scrolling=\"no\" sandbox=\"allow-scripts\" data-secret=\"lYvPWPM0re\" data-mce-fragment=\"1\"><\/iframe><\/p>\n<p><iframe loading=\"lazy\" class=\"wp-embedded-content\" title=\"\u00abM\u00e1s del 50% de estudiantes de Casanare siguen en clases virtuales. A muchos ni\u00f1os se les olvid\u00f3 lo aprendido, dice Secretaria de Educaci\u00f3n.\u00bb \u2014 \u25b7 Noticias de Casanare : Martha Cifuentes | Casanare\" src=\"https:\/\/marthacifuentes.com\/portada\/2021\/09\/10\/mas-del-50-de-estudiantes-de-casanare-siguen-en-clases-virtuales-a-muchos-ninos-se-les-olvido-lo-aprendido-dice-secretaria-de-educacion\/embed\/#?secret=8jDAdF0HDn\" width=\"600\" height=\"641\" frameborder=\"0\" marginwidth=\"0\" marginheight=\"0\" scrolling=\"no\" sandbox=\"allow-scripts\" data-secret=\"8jDAdF0HDn\" data-mce-fragment=\"1\"><\/iframe><\/p>\n<p><iframe loading=\"lazy\" class=\"wp-embedded-content\" title=\"\u00abPor negligencia de la Alcald\u00eda de Yopal, 24 colegios p\u00fablicos perder\u00edan $1.200 millones de pesos del FOME.\u00bb \u2014 \u25b7 Noticias de Casanare : Martha Cifuentes | Casanare\" src=\"https:\/\/marthacifuentes.com\/portada\/2021\/09\/09\/por-negligencia-de-la-alcaldia-de-yopal-24-colegios-publicos-perderian-1-200-millones-de-pesos-del-fome\/embed\/#?secret=Na1nbxEjvN\" width=\"600\" height=\"614\" frameborder=\"0\" marginwidth=\"0\" marginheight=\"0\" scrolling=\"no\" sandbox=\"allow-scripts\" data-secret=\"Na1nbxEjvN\" data-mce-fragment=\"1\"><\/iframe><\/p>\n<p><iframe loading=\"lazy\" class=\"wp-embedded-content\" title=\"\u00abParidad de mujeres y hombres en listas a elecciones de Consejo Municipales\u00a0 y Locales de Juventud en Casanare\u00bb \u2014 \u25b7 Noticias de Casanare : Martha Cifuentes | Casanare\" src=\"https:\/\/marthacifuentes.com\/portada\/2021\/09\/09\/paridad-de-mujeres-y-hombres-en-listas-a-elecciones-de-consejo-municipales-y-locales-de-juventud-en-casanare\/embed\/#?secret=2qr6vlCRMi\" width=\"600\" height=\"642\" frameborder=\"0\" marginwidth=\"0\" marginheight=\"0\" scrolling=\"no\" sandbox=\"allow-scripts\" data-secret=\"2qr6vlCRMi\" data-mce-fragment=\"1\"><\/iframe><\/p>\n<p><iframe loading=\"lazy\" class=\"wp-embedded-content\" title=\"\u00abDesarticulada la banda delincuencial \u201cLos Houses\u201d dedicada al microtr\u00e1fico en Monterrey, Casanare\u00bb \u2014 \u25b7 Noticias de Casanare : Martha Cifuentes | Casanare\" src=\"https:\/\/marthacifuentes.com\/portada\/2021\/09\/09\/desarticulada-la-banda-delincuencial-los-houses-dedicada-al-microtrafico-en-monterrey-casanare\/embed\/#?secret=Z4fh7wt5UH\" width=\"600\" height=\"614\" frameborder=\"0\" marginwidth=\"0\" marginheight=\"0\" scrolling=\"no\" sandbox=\"allow-scripts\" data-secret=\"Z4fh7wt5UH\" data-mce-fragment=\"1\"><\/iframe><\/p>\n<p><iframe loading=\"lazy\" class=\"wp-embedded-content\" title=\"\u00abNegada liquidaci\u00f3n del patrimonio del \u201cconstructor\u201d de Torres del Silencio en Yopal\u00bb \u2014 \u25b7 Noticias de Casanare : Martha Cifuentes | Casanare\" src=\"https:\/\/marthacifuentes.com\/portada\/2021\/09\/09\/negada-liquidacion-del-patrimonio-del-constructor-de-torres-del-silencio-en-yopal\/embed\/#?secret=azeIyijHGH\" width=\"600\" height=\"614\" frameborder=\"0\" marginwidth=\"0\" marginheight=\"0\" scrolling=\"no\" sandbox=\"allow-scripts\" data-secret=\"azeIyijHGH\" data-mce-fragment=\"1\"><\/iframe><\/p>\n<p><iframe loading=\"lazy\" class=\"wp-embedded-content\" title=\"\u00abConcurso de personero de Villanueva, Casanare, otra vez empa\u00f1ado por posibles irregularidades\u00bb \u2014 \u25b7 Noticias de Casanare : Martha Cifuentes | Casanare\" src=\"https:\/\/marthacifuentes.com\/portada\/2021\/09\/08\/concurso-de-personero-de-villanueva-casanare-otra-vez-empanado-por-posibles-irregularidades\/embed\/#?secret=lUPkdLw6lc\" width=\"600\" height=\"590\" frameborder=\"0\" marginwidth=\"0\" marginheight=\"0\" scrolling=\"no\" sandbox=\"allow-scripts\" data-secret=\"lUPkdLw6lc\" data-mce-fragment=\"1\"><\/iframe><\/p>\n<p><iframe loading=\"lazy\" class=\"wp-embedded-content\" title=\"\u00abA la Eaaay se le estar\u00eda \u201cyendo la mano\u201d con tarifas de varios servicios de aseo en Yopal. Superservicios la llama al orden.\u00bb \u2014 \u25b7 Noticias de Casanare : Martha Cifuentes | Casanare\" src=\"https:\/\/marthacifuentes.com\/portada\/2021\/09\/08\/a-la-eaaay-se-le-estaria-yendo-la-mano-con-tarifas-de-varios-servicios-de-aseo-en-yopal-superservicios-la-llama-al-orden\/embed\/#?secret=7yOaIiybCF\" width=\"600\" height=\"642\" frameborder=\"0\" marginwidth=\"0\" marginheight=\"0\" scrolling=\"no\" sandbox=\"allow-scripts\" data-secret=\"7yOaIiybCF\" data-mce-fragment=\"1\"><\/iframe><\/p>\n<p><iframe loading=\"lazy\" class=\"wp-embedded-content\" title=\"\u00abMataron a comerciante de carne de Man\u00ed Oscar Garz\u00f3n Mar\u00edn\u00bb \u2014 \u25b7 Noticias de Casanare : Martha Cifuentes | Casanare\" src=\"https:\/\/marthacifuentes.com\/portada\/2021\/09\/08\/mataron-a-comerciante-de-carne-de-mani-oscar-garzon-marin\/embed\/#?secret=weVNkwIj0I\" width=\"600\" height=\"614\" frameborder=\"0\" marginwidth=\"0\" marginheight=\"0\" scrolling=\"no\" sandbox=\"allow-scripts\" data-secret=\"weVNkwIj0I\" data-mce-fragment=\"1\"><\/iframe><\/p>\n<p><iframe loading=\"lazy\" class=\"wp-embedded-content\" title=\"\u00abCapresoca\u00a0EPS, contin\u00faa realizando mamograf\u00edas en Casanare para prevenir el c\u00e1ncer de seno\u00bb \u2014 \u25b7 Noticias de Casanare : Martha Cifuentes | Casanare\" src=\"https:\/\/marthacifuentes.com\/portada\/2021\/09\/07\/capresoca-eps-continua-realizando-mamografias-en-casanare-para-prevenir-el-cancer-de-seno\/embed\/#?secret=g1TUqLE8Iv\" width=\"600\" height=\"594\" frameborder=\"0\" marginwidth=\"0\" marginheight=\"0\" scrolling=\"no\" sandbox=\"allow-scripts\" data-secret=\"g1TUqLE8Iv\" data-mce-fragment=\"1\"><\/iframe><\/p>\n<p><iframe loading=\"lazy\" class=\"wp-embedded-content\" title=\"\u00abUsuario del r\u00e9gimen subsidiado, actualice los datos y verifique si es beneficiario de la Compensaci\u00f3n Econ\u00f3mica Temporal por COVID-19\u00bb \u2014 \u25b7 Noticias de Casanare : Martha Cifuentes | Casanare\" src=\"https:\/\/marthacifuentes.com\/portada\/2021\/09\/07\/usuario-del-regimen-subsidiado-actualice-los-datos-y-verifique-si-es-beneficiario-de-la-compensacion-economica-temporal-por-covid-19\/embed\/#?secret=8nIokeCA5I\" width=\"600\" height=\"642\" frameborder=\"0\" marginwidth=\"0\" marginheight=\"0\" scrolling=\"no\" sandbox=\"allow-scripts\" data-secret=\"8nIokeCA5I\" data-mce-fragment=\"1\"><\/iframe><\/p>\n<p><iframe loading=\"lazy\" class=\"wp-embedded-content\" title=\"\u00abUrbanizador ilegal Jhon Jairo Torres tendr\u00e1 que restituirle $5 mil millones a quien le vendi\u00f3 terrenos de La Bendici\u00f3n en Yopal\u00bb \u2014 \u25b7 Noticias de Casanare : Martha Cifuentes | Casanare\" src=\"https:\/\/marthacifuentes.com\/portada\/2021\/09\/07\/urbanizador-ilegal-jhon-jairo-torres-tendra-que-restituirle-5-mil-millones-a-quien-le-vendio-terrenos-de-la-bendicion-en-yopal\/embed\/#?secret=rvVFTbHy8O\" width=\"600\" height=\"641\" frameborder=\"0\" marginwidth=\"0\" marginheight=\"0\" scrolling=\"no\" sandbox=\"allow-scripts\" data-secret=\"rvVFTbHy8O\" data-mce-fragment=\"1\"><\/iframe><\/p>\n<p>&nbsp;<\/p>\n<p><iframe loading=\"lazy\" class=\"wp-embedded-content\" title=\"\u00abExgobernador de Casanare Alirio Barrera, precandidato presidencial de Uribe. \u00bfSer\u00e1 el ungido?\u00bb \u2014 \u25b7 Noticias de Casanare : Martha Cifuentes | Casanare\" src=\"https:\/\/marthacifuentes.com\/portada\/2021\/09\/07\/exgobernador-de-casanare-alirio-barrera-precandidato-presidencial-de-uribe-sera-el-ungido\/embed\/#?secret=OstnxICtiE\" width=\"600\" height=\"614\" frameborder=\"0\" marginwidth=\"0\" marginheight=\"0\" scrolling=\"no\" sandbox=\"allow-scripts\" data-secret=\"OstnxICtiE\" data-mce-fragment=\"1\"><\/iframe><\/p>\n<p><iframe loading=\"lazy\" class=\"wp-embedded-content\" title=\"\u00abCon legalizaci\u00f3n de La Bendici\u00f3n sus 3 mil familias podr\u00e1n obtener licencias de construcci\u00f3n\u00bb \u2014 \u25b7 Noticias de Casanare : Martha Cifuentes | Casanare\" src=\"https:\/\/marthacifuentes.com\/portada\/2021\/09\/06\/con-legalizacion-de-la-bendicion-sus-3-mil-familias-podran-obtener-licencias-de-construccion\/embed\/#?secret=7qbI2IxthE\" width=\"600\" height=\"607\" frameborder=\"0\" marginwidth=\"0\" marginheight=\"0\" scrolling=\"no\" sandbox=\"allow-scripts\" data-secret=\"7qbI2IxthE\" data-mce-fragment=\"1\"><\/iframe><\/p>\n<p><iframe loading=\"lazy\" class=\"wp-embedded-content\" title=\"\u00abDos nuevos asesinatos en Yopal. Una mujer empresaria y un joven venezolano, las v\u00edctimas, en hechos independientes.\u00bb \u2014 \u25b7 Noticias de Casanare : Martha Cifuentes | Casanare\" src=\"https:\/\/marthacifuentes.com\/portada\/2021\/09\/03\/dos-nuevos-asesinatos-en-yopal-una-mujer-empresaria-y-un-joven-venezolano-las-victimas-en-hechos-independientes\/embed\/#?secret=VSDe4AMOY0\" width=\"600\" height=\"642\" frameborder=\"0\" marginwidth=\"0\" marginheight=\"0\" scrolling=\"no\" sandbox=\"allow-scripts\" data-secret=\"VSDe4AMOY0\" data-mce-fragment=\"1\"><\/iframe><\/p>\n<p><iframe loading=\"lazy\" class=\"wp-embedded-content\" title=\"\u00abHabitantes de Monterrey, Casanare, piden trabajo a Ecopetrol y esta afirma haber contratado 2.600 personas en el Departamento\u00bb \u2014 \u25b7 Noticias de Casanare : Martha Cifuentes | Casanare\" src=\"https:\/\/marthacifuentes.com\/portada\/2021\/09\/02\/habitantes-de-monterrey-casanare-piden-trabajo-a-ecopetrol-y-esta-afirma-haber-contratado-2-600-personas-en-el-departamento\/embed\/#?secret=gGemZqksWg\" width=\"600\" height=\"627\" frameborder=\"0\" marginwidth=\"0\" marginheight=\"0\" scrolling=\"no\" sandbox=\"allow-scripts\" data-secret=\"gGemZqksWg\" data-mce-fragment=\"1\"><\/iframe><\/p>\n<p><iframe loading=\"lazy\" class=\"wp-embedded-content\" title=\"\u00abPolic\u00eda Casanare y Alcald\u00eda de Yopal arremeten contra trabajadoras sexuales y delincuentes de parque La Estancia\u00bb \u2014 \u25b7 Noticias de Casanare : Martha Cifuentes | Casanare\" src=\"https:\/\/marthacifuentes.com\/portada\/2021\/09\/01\/policia-casanare-y-alcaldia-de-yopal-arremeten-contra-trabajadoras-sexuales-y-delincuentes-de-parque-la-estancia\/embed\/#?secret=F7m8I8GVL5\" width=\"600\" height=\"642\" frameborder=\"0\" marginwidth=\"0\" marginheight=\"0\" scrolling=\"no\" sandbox=\"allow-scripts\" data-secret=\"F7m8I8GVL5\" data-mce-fragment=\"1\"><\/iframe><\/p>\n<p><iframe loading=\"lazy\" class=\"wp-embedded-content\" title=\"\u00abCasanare y sus v\u00edas, abandonado por \u201cel gobierno amigo\u201d, cuestiona la presidente de la Asamblea Departamental. V\u00eda del Cusiana sigue cerrada.\u00bb \u2014 \u25b7 Noticias de Casanare : Martha Cifuentes | Casanare\" src=\"https:\/\/marthacifuentes.com\/portada\/2021\/09\/01\/casanare-y-sus-vias-abandonado-por-el-gobierno-amigo-cuestiona-la-presidente-de-la-asamblea-departamental-via-del-cusiana-sigue-cerrada\/embed\/#?secret=kWzMh2iabW\" width=\"600\" height=\"642\" frameborder=\"0\" marginwidth=\"0\" marginheight=\"0\" scrolling=\"no\" sandbox=\"allow-scripts\" data-secret=\"kWzMh2iabW\" data-mce-fragment=\"1\"><\/iframe><\/p>\n<p><iframe loading=\"lazy\" class=\"wp-embedded-content\" title=\"\u00abContribuyentes denuncian dificultades en plataforma de pago de impuestos de Yopal. Hoy vence plazo con descuento de intereses.\u00bb \u2014 \u25b7 Noticias de Casanare : Martha Cifuentes | Casanare\" src=\"https:\/\/marthacifuentes.com\/portada\/2021\/08\/31\/contribuyentes-denuncian-dificultades-en-plataforma-de-pago-de-impuestos-de-yopal-hoy-vence-plazo-con-descuento-de-intereses\/embed\/#?secret=QclNkSdKir\" width=\"600\" height=\"607\" frameborder=\"0\" marginwidth=\"0\" marginheight=\"0\" scrolling=\"no\" sandbox=\"allow-scripts\" data-secret=\"QclNkSdKir\" data-mce-fragment=\"1\"><\/iframe><\/p>\n<p><iframe loading=\"lazy\" class=\"wp-embedded-content\" title=\"\u00abLa Yopal \u201csegura\u201d, sitiada por los raponeros y delincuentes comunes. Mujeres las principales v\u00edctimas.\u00bb \u2014 \u25b7 Noticias de Casanare : Martha Cifuentes | Casanare\" src=\"https:\/\/marthacifuentes.com\/portada\/2021\/08\/30\/la-yopal-segura-sitiada-por-los-raponeros-y-delincuentes-comunes-mujeres-las-principales-victimas\/embed\/#?secret=nu39oNi0x9\" width=\"600\" height=\"642\" frameborder=\"0\" marginwidth=\"0\" marginheight=\"0\" scrolling=\"no\" sandbox=\"allow-scripts\" data-secret=\"nu39oNi0x9\" data-mce-fragment=\"1\"><\/iframe><\/p>\n<p><iframe loading=\"lazy\" class=\"wp-embedded-content\" title=\"\u00abCrisis vial en Casanare por ola invernal. Derrumbes y p\u00e9rdida de banca en varios accesos al Departamento.\u00bb \u2014 \u25b7 Noticias de Casanare : Martha Cifuentes | Casanare\" src=\"https:\/\/marthacifuentes.com\/portada\/2021\/08\/30\/crisis-vial-en-casanare-por-ola-invernal-derrumbes-y-perdida-de-banca-en-varios-accesos-al-departamento\/embed\/#?secret=StJLUa9TgX\" width=\"600\" height=\"614\" frameborder=\"0\" marginwidth=\"0\" marginheight=\"0\" scrolling=\"no\" sandbox=\"allow-scripts\" data-secret=\"StJLUa9TgX\" data-mce-fragment=\"1\"><\/iframe><\/p>\n<p><iframe loading=\"lazy\" class=\"wp-embedded-content\" title=\"\u00ab\u201cNo es que queramos joder, es que nos tienen jodidos\u201d: L\u00edder comunal por cierre indefinido de la v\u00eda del Cusiana.\u00bb \u2014 \u25b7 Noticias de Casanare : Martha Cifuentes | Casanare\" src=\"https:\/\/marthacifuentes.com\/portada\/2021\/08\/28\/no-es-que-queramos-joder-es-que-nos-tienen-jodidos-lider-comunal-por-cierre-indefinido-de-la-via-del-cusiana\/embed\/#?secret=10f7MZJX19\" width=\"600\" height=\"621\" frameborder=\"0\" marginwidth=\"0\" marginheight=\"0\" scrolling=\"no\" sandbox=\"allow-scripts\" data-secret=\"10f7MZJX19\" data-mce-fragment=\"1\"><\/iframe><\/p>\n<p><iframe loading=\"lazy\" class=\"wp-embedded-content\" title=\"\u00abIncre\u00edble, bajaron tarifas de cargo fijo y costo del agua en Yopal. \u00bfSer\u00e1 real?\u00bb \u2014 \u25b7 Noticias de Casanare : Martha Cifuentes | Casanare\" src=\"https:\/\/marthacifuentes.com\/portada\/2021\/08\/27\/increible-bajaron-tarifas-de-cargo-fijo-y-costo-del-agua-en-yopal-sera-real\/embed\/#?secret=CRS8oBRFqV\" width=\"600\" height=\"614\" frameborder=\"0\" marginwidth=\"0\" marginheight=\"0\" scrolling=\"no\" sandbox=\"allow-scripts\" data-secret=\"CRS8oBRFqV\" data-mce-fragment=\"1\"><\/iframe><\/p>\n<p><iframe loading=\"lazy\" class=\"wp-embedded-content\" title=\"\u00abApenas 12% de estudiantes de Yopal han retornado a clases presenciales\u00bb \u2014 \u25b7 Noticias de Casanare : Martha Cifuentes | Casanare\" src=\"https:\/\/marthacifuentes.com\/portada\/2021\/08\/27\/apenas-12-de-estudiantes-de-yopal-han-retornado-a-clases-presenciales\/embed\/#?secret=STulEmruWS\" width=\"600\" height=\"614\" frameborder=\"0\" marginwidth=\"0\" marginheight=\"0\" scrolling=\"no\" sandbox=\"allow-scripts\" data-secret=\"STulEmruWS\" data-mce-fragment=\"1\"><\/iframe><\/p>\n<p><iframe loading=\"lazy\" class=\"wp-embedded-content\" title=\"\u00abPara \u201ccombatir\u201d inseguridad, Gobernaci\u00f3n de Casanare compr\u00f3 camioneta blindada por $560 millones para comando de Brigada 16.\u00bb \u2014 \u25b7 Noticias de Casanare : Martha Cifuentes | Casanare\" src=\"https:\/\/marthacifuentes.com\/portada\/2021\/08\/27\/para-combatir-inseguridad-gobernacion-de-casanare-compro-camioneta-blindada-por-560-millones-para-comando-de-brigada-16\/embed\/#?secret=KBNoVs17gU\" width=\"600\" height=\"594\" frameborder=\"0\" marginwidth=\"0\" marginheight=\"0\" scrolling=\"no\" sandbox=\"allow-scripts\" data-secret=\"KBNoVs17gU\" data-mce-fragment=\"1\"><\/iframe><\/p>\n<p><iframe loading=\"lazy\" class=\"wp-embedded-content\" title=\"\u00abRepresentante C\u00e9sar Ort\u00edz Zorro radic\u00f3 proyecto de ley para que industria petrolera pague ICA en municipios productores.\u00bb \u2014 \u25b7 Noticias de Casanare : Martha Cifuentes | Casanare\" src=\"https:\/\/marthacifuentes.com\/portada\/2021\/08\/25\/representante-cesar-ortiz-zorro-radico-proyecto-de-ley-para-que-industria-petrolera-pague-ica-en-municipios-productores\/embed\/#?secret=hQEg8DDvFu\" width=\"600\" height=\"642\" frameborder=\"0\" marginwidth=\"0\" marginheight=\"0\" scrolling=\"no\" sandbox=\"allow-scripts\" data-secret=\"hQEg8DDvFu\" data-mce-fragment=\"1\"><\/iframe><\/p>\n<p><iframe loading=\"lazy\" class=\"wp-embedded-content\" title=\"\u00abUn casanare\u00f1o es el nuevo Procurador Regional de Casanare. Exjefe de la Oficina Jur\u00eddica de Contralor\u00eda de Casanare\u00bb \u2014 \u25b7 Noticias de Casanare : Martha Cifuentes | Casanare\" src=\"https:\/\/marthacifuentes.com\/portada\/2021\/08\/25\/un-casanareno-es-el-nuevo-procurador-regional-de-casanare-exjefe-de-la-oficina-juridica-de-contraloria-de-casanare\/embed\/#?secret=zlzWffJfG8\" width=\"600\" height=\"642\" frameborder=\"0\" marginwidth=\"0\" marginheight=\"0\" scrolling=\"no\" sandbox=\"allow-scripts\" data-secret=\"zlzWffJfG8\" data-mce-fragment=\"1\"><\/iframe><\/p>\n<p><iframe loading=\"lazy\" class=\"wp-embedded-content\" title=\"\u00abComunidad de El Morro ya NO cerrar\u00e1 ma\u00f1ana la v\u00eda hasta el puente La Cabuya.\u00bb \u2014 \u25b7 Noticias de Casanare : Martha Cifuentes | Casanare\" src=\"https:\/\/marthacifuentes.com\/portada\/2021\/08\/25\/comunidad-de-el-morro-ya-no-cerrara-manana-la-via-hasta-el-puente-la-cabuya\/embed\/#?secret=IGJNwsI5yZ\" width=\"600\" height=\"594\" frameborder=\"0\" marginwidth=\"0\" marginheight=\"0\" scrolling=\"no\" sandbox=\"allow-scripts\" data-secret=\"IGJNwsI5yZ\" data-mce-fragment=\"1\"><\/iframe><\/p>\n<p><iframe loading=\"lazy\" class=\"wp-embedded-content\" title=\"\u00abLlena de piedras, tuber\u00eda de conducci\u00f3n de agua de 36\u201d de la PTAP definitiva de Yopal, que a\u00fan no entra en operaci\u00f3n. En video qued\u00f3 evidenciado.\u00bb \u2014 \u25b7 Noticias de Casanare : Martha Cifuentes | Casanare\" src=\"https:\/\/marthacifuentes.com\/portada\/2021\/08\/25\/llena-de-piedras-tuberia-de-conduccion-de-agua-de-36-de-la-ptap-definitiva-de-yopal-que-aun-no-entra-en-operacion-en-video-quedo-evidenciado\/embed\/#?secret=dd3cLitv0p\" width=\"600\" height=\"642\" frameborder=\"0\" marginwidth=\"0\" marginheight=\"0\" scrolling=\"no\" sandbox=\"allow-scripts\" data-secret=\"dd3cLitv0p\" data-mce-fragment=\"1\"><\/iframe><\/p>\n<p><iframe loading=\"lazy\" class=\"wp-embedded-content\" title=\"\u00abJoven hombre asesinado en Yopal delante de su hija y de expareja sentimental.\u00bb \u2014 \u25b7 Noticias de Casanare : Martha Cifuentes | Casanare\" src=\"https:\/\/marthacifuentes.com\/portada\/2021\/08\/25\/joven-hombre-asesinado-en-yopal-delante-de-su-hija-y-de-expareja-sentimental\/embed\/#?secret=YS5Yjvf8kN\" width=\"600\" height=\"594\" frameborder=\"0\" marginwidth=\"0\" marginheight=\"0\" scrolling=\"no\" sandbox=\"allow-scripts\" data-secret=\"YS5Yjvf8kN\" data-mce-fragment=\"1\"><\/iframe><\/p>\n<p><iframe loading=\"lazy\" class=\"wp-embedded-content\" title=\"\u00abComunidad se cans\u00f3 de los huecos en v\u00eda El Morro \u2013 Puente de la Cabuya y los tapar\u00e1 este jueves y viernes.\u00bb \u2014 \u25b7 Noticias de Casanare : Martha Cifuentes | Casanare\" src=\"https:\/\/marthacifuentes.com\/portada\/2021\/08\/24\/comunidad-se-canso-de-los-huecos-en-via-el-morro-puente-de-la-cabuya-y-los-tapara-este-jueves-y-viernes\/embed\/#?secret=gK9TYMAo8R\" width=\"600\" height=\"614\" frameborder=\"0\" marginwidth=\"0\" marginheight=\"0\" scrolling=\"no\" sandbox=\"allow-scripts\" data-secret=\"gK9TYMAo8R\" data-mce-fragment=\"1\"><\/iframe><\/p>\n<p>&nbsp;<\/p>\n<p>&nbsp;<\/p>\n","protected":false},"excerpt":{"rendered":"<p>Contratista de la pavimentaci\u00f3n de la v\u00eda Central del Llano en Man\u00ed, ICICO SAS, representada por el ingeniero Le\u00f3nidas Ortega, solicitar\u00e1 acompa\u00f1amiento de la polic\u00eda en las canteras de material p\u00e9treo de Aguazul, porque transportadores de este municipio est\u00e1n bloqueando el ingreso a sus hom\u00f3logos de Man\u00ed, impidiendo el cargue del material necesario para la &hellip;<\/p>\n","protected":false},"author":2,"featured_media":27106,"comment_status":"open","ping_status":"open","sticky":false,"template":"","format":"standard","meta":{"om_disable_all_campaigns":false,"_exactmetrics_skip_tracking":false,"_exactmetrics_sitenote_active":false,"_exactmetrics_sitenote_note":"","_exactmetrics_sitenote_category":0,"_monsterinsights_skip_tracking":false,"_monsterinsights_sitenote_active":false,"_monsterinsights_sitenote_note":"","_monsterinsights_sitenote_category":0,"_uf_show_specific_survey":0,"_uf_disable_surveys":false,"_joinchat":[],"footnotes":""},"categories":[147,146,145],"tags":[1373,1400,4747,1421,5927,5926],"class_list":["post-27104","post","type-post","status-publish","format-standard","has-post-thumbnail","hentry","category-actualidad","category-noticias","category-reportajes","tag-casanare-noticias","tag-noticias-casanare","tag-noticias-mani-casanare","tag-noticias-yopal","tag-pugna-de-transportadores-afecta-obras-de-central-del-llano-en-mani","tag-via-central-del-llano-de-mani-estancada"],"yoast_head":"<!-- This site is optimized with the Yoast SEO plugin v26.1 - https:\/\/yoast.com\/wordpress\/plugins\/seo\/ -->\n<title>Pavimentaci\u00f3n de v\u00eda Central del Llano en Man\u00ed sigue enredada. Ahora volqueteros de Aguazul quieren tajada de contrataci\u00f3n. - \u25b7 Noticias de Casanare : Martha Cifuentes | Casanare<\/title>\n<meta name=\"robots\" content=\"index, follow, max-snippet:-1, max-image-preview:large, max-video-preview:-1\" \/>\n<link rel=\"canonical\" href=\"https:\/\/marthacifuentes.com\/portada\/pavimentacion-de-via-central-del-llano-en-mani-sigue-enredada-ahora-volqueteros-de-aguazul-quieren-tajada-de-contratacion\/\" \/>\n<meta property=\"og:locale\" content=\"es_ES\" \/>\n<meta property=\"og:type\" content=\"article\" \/>\n<meta property=\"og:title\" content=\"Pavimentaci\u00f3n de v\u00eda Central del Llano en Man\u00ed sigue enredada. Ahora volqueteros de Aguazul quieren tajada de contrataci\u00f3n. - \u25b7 Noticias de Casanare : Martha Cifuentes | Casanare\" \/>\n<meta property=\"og:description\" content=\"Contratista de la pavimentaci\u00f3n de la v\u00eda Central del Llano en Man\u00ed, ICICO SAS, representada por el ingeniero Le\u00f3nidas Ortega, solicitar\u00e1 acompa\u00f1amiento de la polic\u00eda en las canteras de material p\u00e9treo de Aguazul, porque transportadores de este municipio est\u00e1n bloqueando el ingreso a sus hom\u00f3logos de Man\u00ed, impidiendo el cargue del material necesario para la &hellip;\" \/>\n<meta property=\"og:url\" content=\"https:\/\/marthacifuentes.com\/portada\/pavimentacion-de-via-central-del-llano-en-mani-sigue-enredada-ahora-volqueteros-de-aguazul-quieren-tajada-de-contratacion\/\" \/>\n<meta property=\"og:site_name\" content=\"\u25b7 Noticias de Casanare : Martha Cifuentes | Casanare\" \/>\n<meta property=\"article:published_time\" content=\"2021-09-29T14:03:34+00:00\" \/>\n<meta property=\"article:modified_time\" content=\"2021-09-29T14:19:45+00:00\" \/>\n<meta property=\"og:image\" content=\"https:\/\/marthacifuentes.com\/portada\/wp-content\/uploads\/2021\/09\/imagen_2021-09-29_090156.png\" \/>\n\t<meta property=\"og:image:width\" content=\"1104\" \/>\n\t<meta property=\"og:image:height\" content=\"503\" \/>\n\t<meta property=\"og:image:type\" content=\"image\/png\" \/>\n<meta name=\"author\" content=\"Martha Cifuentes\" \/>\n<meta name=\"twitter:card\" content=\"summary_large_image\" \/>\n<meta name=\"twitter:label1\" content=\"Escrito por\" \/>\n\t<meta name=\"twitter:data1\" content=\"Martha Cifuentes\" \/>\n\t<meta name=\"twitter:label2\" content=\"Tiempo de lectura\" \/>\n\t<meta name=\"twitter:data2\" content=\"1 minuto\" \/>\n<script type=\"application\/ld+json\" class=\"yoast-schema-graph\">{\"@context\":\"https:\/\/schema.org\",\"@graph\":[{\"@type\":\"WebPage\",\"@id\":\"https:\/\/marthacifuentes.com\/portada\/pavimentacion-de-via-central-del-llano-en-mani-sigue-enredada-ahora-volqueteros-de-aguazul-quieren-tajada-de-contratacion\/\",\"url\":\"https:\/\/marthacifuentes.com\/portada\/pavimentacion-de-via-central-del-llano-en-mani-sigue-enredada-ahora-volqueteros-de-aguazul-quieren-tajada-de-contratacion\/\",\"name\":\"Pavimentaci\u00f3n de v\u00eda Central del Llano en Man\u00ed sigue enredada. Ahora volqueteros de Aguazul quieren tajada de contrataci\u00f3n. - \u25b7 Noticias de Casanare : Martha Cifuentes | Casanare\",\"isPartOf\":{\"@id\":\"https:\/\/marthacifuentes.com\/portada\/#website\"},\"primaryImageOfPage\":{\"@id\":\"https:\/\/marthacifuentes.com\/portada\/pavimentacion-de-via-central-del-llano-en-mani-sigue-enredada-ahora-volqueteros-de-aguazul-quieren-tajada-de-contratacion\/#primaryimage\"},\"image\":{\"@id\":\"https:\/\/marthacifuentes.com\/portada\/pavimentacion-de-via-central-del-llano-en-mani-sigue-enredada-ahora-volqueteros-de-aguazul-quieren-tajada-de-contratacion\/#primaryimage\"},\"thumbnailUrl\":\"https:\/\/marthacifuentes.com\/portada\/wp-content\/uploads\/2021\/09\/imagen_2021-09-29_090156.png\",\"datePublished\":\"2021-09-29T14:03:34+00:00\",\"dateModified\":\"2021-09-29T14:19:45+00:00\",\"author\":{\"@id\":\"https:\/\/marthacifuentes.com\/portada\/#\/schema\/person\/57f53174b991db5f90ff78d58502b714\"},\"breadcrumb\":{\"@id\":\"https:\/\/marthacifuentes.com\/portada\/pavimentacion-de-via-central-del-llano-en-mani-sigue-enredada-ahora-volqueteros-de-aguazul-quieren-tajada-de-contratacion\/#breadcrumb\"},\"inLanguage\":\"es\",\"potentialAction\":[{\"@type\":\"ReadAction\",\"target\":[\"https:\/\/marthacifuentes.com\/portada\/pavimentacion-de-via-central-del-llano-en-mani-sigue-enredada-ahora-volqueteros-de-aguazul-quieren-tajada-de-contratacion\/\"]}]},{\"@type\":\"ImageObject\",\"inLanguage\":\"es\",\"@id\":\"https:\/\/marthacifuentes.com\/portada\/pavimentacion-de-via-central-del-llano-en-mani-sigue-enredada-ahora-volqueteros-de-aguazul-quieren-tajada-de-contratacion\/#primaryimage\",\"url\":\"https:\/\/marthacifuentes.com\/portada\/wp-content\/uploads\/2021\/09\/imagen_2021-09-29_090156.png\",\"contentUrl\":\"https:\/\/marthacifuentes.com\/portada\/wp-content\/uploads\/2021\/09\/imagen_2021-09-29_090156.png\",\"width\":1104,\"height\":503},{\"@type\":\"BreadcrumbList\",\"@id\":\"https:\/\/marthacifuentes.com\/portada\/pavimentacion-de-via-central-del-llano-en-mani-sigue-enredada-ahora-volqueteros-de-aguazul-quieren-tajada-de-contratacion\/#breadcrumb\",\"itemListElement\":[{\"@type\":\"ListItem\",\"position\":1,\"name\":\"Portada\",\"item\":\"https:\/\/marthacifuentes.com\/portada\/\"},{\"@type\":\"ListItem\",\"position\":2,\"name\":\"Pavimentaci\u00f3n de v\u00eda Central del Llano en Man\u00ed sigue enredada. Ahora volqueteros de Aguazul quieren tajada de contrataci\u00f3n.\"}]},{\"@type\":\"WebSite\",\"@id\":\"https:\/\/marthacifuentes.com\/portada\/#website\",\"url\":\"https:\/\/marthacifuentes.com\/portada\/\",\"name\":\"\u25b7 Noticias de Casanare : Martha Cifuentes | Casanare\",\"description\":\"Noticias &amp; Contenidos\",\"potentialAction\":[{\"@type\":\"SearchAction\",\"target\":{\"@type\":\"EntryPoint\",\"urlTemplate\":\"https:\/\/marthacifuentes.com\/portada\/?s={search_term_string}\"},\"query-input\":{\"@type\":\"PropertyValueSpecification\",\"valueRequired\":true,\"valueName\":\"search_term_string\"}}],\"inLanguage\":\"es\"},{\"@type\":\"Person\",\"@id\":\"https:\/\/marthacifuentes.com\/portada\/#\/schema\/person\/57f53174b991db5f90ff78d58502b714\",\"name\":\"Martha Cifuentes\",\"image\":{\"@type\":\"ImageObject\",\"inLanguage\":\"es\",\"@id\":\"https:\/\/marthacifuentes.com\/portada\/#\/schema\/person\/image\/\",\"url\":\"http:\/\/marthacifuentes.com\/portada\/wp-content\/uploads\/2018\/06\/avatar_user_2_1528838701-96x96.jpg\",\"contentUrl\":\"http:\/\/marthacifuentes.com\/portada\/wp-content\/uploads\/2018\/06\/avatar_user_2_1528838701-96x96.jpg\",\"caption\":\"Martha Cifuentes\"},\"sameAs\":[\"http:\/\/www.marthacifuentes.com\"],\"url\":\"https:\/\/marthacifuentes.com\/portada\/author\/martha\/\"}]}<\/script>\n<!-- \/ Yoast SEO plugin. -->","yoast_head_json":{"title":"Pavimentaci\u00f3n de v\u00eda Central del Llano en Man\u00ed sigue enredada. Ahora volqueteros de Aguazul quieren tajada de contrataci\u00f3n. - \u25b7 Noticias de Casanare : Martha Cifuentes | Casanare","robots":{"index":"index","follow":"follow","max-snippet":"max-snippet:-1","max-image-preview":"max-image-preview:large","max-video-preview":"max-video-preview:-1"},"canonical":"https:\/\/marthacifuentes.com\/portada\/pavimentacion-de-via-central-del-llano-en-mani-sigue-enredada-ahora-volqueteros-de-aguazul-quieren-tajada-de-contratacion\/","og_locale":"es_ES","og_type":"article","og_title":"Pavimentaci\u00f3n de v\u00eda Central del Llano en Man\u00ed sigue enredada. Ahora volqueteros de Aguazul quieren tajada de contrataci\u00f3n. - \u25b7 Noticias de Casanare : Martha Cifuentes | Casanare","og_description":"Contratista de la pavimentaci\u00f3n de la v\u00eda Central del Llano en Man\u00ed, ICICO SAS, representada por el ingeniero Le\u00f3nidas Ortega, solicitar\u00e1 acompa\u00f1amiento de la polic\u00eda en las canteras de material p\u00e9treo de Aguazul, porque transportadores de este municipio est\u00e1n bloqueando el ingreso a sus hom\u00f3logos de Man\u00ed, impidiendo el cargue del material necesario para la &hellip;","og_url":"https:\/\/marthacifuentes.com\/portada\/pavimentacion-de-via-central-del-llano-en-mani-sigue-enredada-ahora-volqueteros-de-aguazul-quieren-tajada-de-contratacion\/","og_site_name":"\u25b7 Noticias de Casanare : Martha Cifuentes | Casanare","article_published_time":"2021-09-29T14:03:34+00:00","article_modified_time":"2021-09-29T14:19:45+00:00","og_image":[{"width":1104,"height":503,"url":"https:\/\/marthacifuentes.com\/portada\/wp-content\/uploads\/2021\/09\/imagen_2021-09-29_090156.png","type":"image\/png"}],"author":"Martha Cifuentes","twitter_card":"summary_large_image","twitter_misc":{"Escrito por":"Martha Cifuentes","Tiempo de lectura":"1 minuto"},"schema":{"@context":"https:\/\/schema.org","@graph":[{"@type":"WebPage","@id":"https:\/\/marthacifuentes.com\/portada\/pavimentacion-de-via-central-del-llano-en-mani-sigue-enredada-ahora-volqueteros-de-aguazul-quieren-tajada-de-contratacion\/","url":"https:\/\/marthacifuentes.com\/portada\/pavimentacion-de-via-central-del-llano-en-mani-sigue-enredada-ahora-volqueteros-de-aguazul-quieren-tajada-de-contratacion\/","name":"Pavimentaci\u00f3n de v\u00eda Central del Llano en Man\u00ed sigue enredada. Ahora volqueteros de Aguazul quieren tajada de contrataci\u00f3n. - \u25b7 Noticias de Casanare : Martha Cifuentes | Casanare","isPartOf":{"@id":"https:\/\/marthacifuentes.com\/portada\/#website"},"primaryImageOfPage":{"@id":"https:\/\/marthacifuentes.com\/portada\/pavimentacion-de-via-central-del-llano-en-mani-sigue-enredada-ahora-volqueteros-de-aguazul-quieren-tajada-de-contratacion\/#primaryimage"},"image":{"@id":"https:\/\/marthacifuentes.com\/portada\/pavimentacion-de-via-central-del-llano-en-mani-sigue-enredada-ahora-volqueteros-de-aguazul-quieren-tajada-de-contratacion\/#primaryimage"},"thumbnailUrl":"https:\/\/marthacifuentes.com\/portada\/wp-content\/uploads\/2021\/09\/imagen_2021-09-29_090156.png","datePublished":"2021-09-29T14:03:34+00:00","dateModified":"2021-09-29T14:19:45+00:00","author":{"@id":"https:\/\/marthacifuentes.com\/portada\/#\/schema\/person\/57f53174b991db5f90ff78d58502b714"},"breadcrumb":{"@id":"https:\/\/marthacifuentes.com\/portada\/pavimentacion-de-via-central-del-llano-en-mani-sigue-enredada-ahora-volqueteros-de-aguazul-quieren-tajada-de-contratacion\/#breadcrumb"},"inLanguage":"es","potentialAction":[{"@type":"ReadAction","target":["https:\/\/marthacifuentes.com\/portada\/pavimentacion-de-via-central-del-llano-en-mani-sigue-enredada-ahora-volqueteros-de-aguazul-quieren-tajada-de-contratacion\/"]}]},{"@type":"ImageObject","inLanguage":"es","@id":"https:\/\/marthacifuentes.com\/portada\/pavimentacion-de-via-central-del-llano-en-mani-sigue-enredada-ahora-volqueteros-de-aguazul-quieren-tajada-de-contratacion\/#primaryimage","url":"https:\/\/marthacifuentes.com\/portada\/wp-content\/uploads\/2021\/09\/imagen_2021-09-29_090156.png","contentUrl":"https:\/\/marthacifuentes.com\/portada\/wp-content\/uploads\/2021\/09\/imagen_2021-09-29_090156.png","width":1104,"height":503},{"@type":"BreadcrumbList","@id":"https:\/\/marthacifuentes.com\/portada\/pavimentacion-de-via-central-del-llano-en-mani-sigue-enredada-ahora-volqueteros-de-aguazul-quieren-tajada-de-contratacion\/#breadcrumb","itemListElement":[{"@type":"ListItem","position":1,"name":"Portada","item":"https:\/\/marthacifuentes.com\/portada\/"},{"@type":"ListItem","position":2,"name":"Pavimentaci\u00f3n de v\u00eda Central del Llano en Man\u00ed sigue enredada. Ahora volqueteros de Aguazul quieren tajada de contrataci\u00f3n."}]},{"@type":"WebSite","@id":"https:\/\/marthacifuentes.com\/portada\/#website","url":"https:\/\/marthacifuentes.com\/portada\/","name":"\u25b7 Noticias de Casanare : Martha Cifuentes | Casanare","description":"Noticias &amp; Contenidos","potentialAction":[{"@type":"SearchAction","target":{"@type":"EntryPoint","urlTemplate":"https:\/\/marthacifuentes.com\/portada\/?s={search_term_string}"},"query-input":{"@type":"PropertyValueSpecification","valueRequired":true,"valueName":"search_term_string"}}],"inLanguage":"es"},{"@type":"Person","@id":"https:\/\/marthacifuentes.com\/portada\/#\/schema\/person\/57f53174b991db5f90ff78d58502b714","name":"Martha Cifuentes","image":{"@type":"ImageObject","inLanguage":"es","@id":"https:\/\/marthacifuentes.com\/portada\/#\/schema\/person\/image\/","url":"http:\/\/marthacifuentes.com\/portada\/wp-content\/uploads\/2018\/06\/avatar_user_2_1528838701-96x96.jpg","contentUrl":"http:\/\/marthacifuentes.com\/portada\/wp-content\/uploads\/2018\/06\/avatar_user_2_1528838701-96x96.jpg","caption":"Martha Cifuentes"},"sameAs":["http:\/\/www.marthacifuentes.com"],"url":"https:\/\/marthacifuentes.com\/portada\/author\/martha\/"}]}},"_links":{"self":[{"href":"https:\/\/marthacifuentes.com\/portada\/wp-json\/wp\/v2\/posts\/27104","targetHints":{"allow":["GET"]}}],"collection":[{"href":"https:\/\/marthacifuentes.com\/portada\/wp-json\/wp\/v2\/posts"}],"about":[{"href":"https:\/\/marthacifuentes.com\/portada\/wp-json\/wp\/v2\/types\/post"}],"author":[{"embeddable":true,"href":"https:\/\/marthacifuentes.com\/portada\/wp-json\/wp\/v2\/users\/2"}],"replies":[{"embeddable":true,"href":"https:\/\/marthacifuentes.com\/portada\/wp-json\/wp\/v2\/comments?post=27104"}],"version-history":[{"count":3,"href":"https:\/\/marthacifuentes.com\/portada\/wp-json\/wp\/v2\/posts\/27104\/revisions"}],"predecessor-version":[{"id":27108,"href":"https:\/\/marthacifuentes.com\/portada\/wp-json\/wp\/v2\/posts\/27104\/revisions\/27108"}],"wp:featuredmedia":[{"embeddable":true,"href":"https:\/\/marthacifuentes.com\/portada\/wp-json\/wp\/v2\/media\/27106"}],"wp:attachment":[{"href":"https:\/\/marthacifuentes.com\/portada\/wp-json\/wp\/v2\/media?parent=27104"}],"wp:term":[{"taxonomy":"category","embeddable":true,"href":"https:\/\/marthacifuentes.com\/portada\/wp-json\/wp\/v2\/categories?post=27104"},{"taxonomy":"post_tag","embeddable":true,"href":"https:\/\/marthacifuentes.com\/portada\/wp-json\/wp\/v2\/tags?post=27104"}],"curies":[{"name":"wp","href":"https:\/\/api.w.org\/{rel}","templated":true}]}}