{"id":27228,"date":"2021-10-19T05:30:47","date_gmt":"2021-10-19T10:30:47","guid":{"rendered":"https:\/\/marthacifuentes.com\/portada\/?p=27228"},"modified":"2021-10-18T21:58:57","modified_gmt":"2021-10-19T02:58:57","slug":"supuesto-plan-para-secuestrar-al-exgobernador-alirio-barrera-y-al-alcalde-de-chameza-fue-planeado-por-hombres-sin-antecedentes-pero-presuntamente-disidentes-de-las-farc","status":"publish","type":"post","link":"https:\/\/marthacifuentes.com\/portada\/supuesto-plan-para-secuestrar-al-exgobernador-alirio-barrera-y-al-alcalde-de-chameza-fue-planeado-por-hombres-sin-antecedentes-pero-presuntamente-disidentes-de-las-farc\/","title":{"rendered":"Supuesto plan para secuestrar al exgobernador Alirio Barrera y al alcalde de Ch\u00e1meza, fue planeado por hombres sin antecedentes, pero presuntamente, disidentes de las Farc"},"content":{"rendered":"<p style=\"text-align: justify;\">Libres quedaron dos hombres que fueron capturados en medio de una investigaci\u00f3n de la Fiscal\u00eda porque supuestamente tendr\u00edan la intenci\u00f3n de secuestrar al exgobernador de Casanare y precandidato presidencial del Centro Democr\u00e1tico, Alirio Barrera y del alcalde de Ch\u00e1meza, Alexander Cubides Numpaque. Aunque a los presuntos delincuentes se les asocia con el Frente 10 de las Disidencias de las Farc, no tienen antecedentes penales.<\/p>\n<p style=\"text-align: justify;\">En una escueta informaci\u00f3n en una rueda de prensa de autoridades policiales, militares, la Gobernaci\u00f3n de Casanare, la Alcald\u00eda de Yopal, la directora seccional de Fiscal\u00edas, Araly Gonz\u00e1lez, expres\u00f3 que en un trabajo investigativo interinstitucional con el Ej\u00e9rcito y la Polic\u00eda se estableci\u00f3 que se estaba fraguando un posible hecho delictivo contra el exmandatario casanare\u00f1o y un alcalde del Departamento. Por esta raz\u00f3n se hab\u00eda capturado a dos sujetos que un juez de Paz de Ariporo dej\u00f3 libres por no compartir criterios con la Fiscal\u00eda.<\/p>\n<p style=\"text-align: justify;\">Sin embargo, indagando con otras fuentes relacionadas, se pudo establecer que efectivamente el Gaula Polic\u00eda en coordinaci\u00f3n con otros cuerpos de seguridad de la Polic\u00eda Nacional logr\u00f3 la captura de dos hombres, en operativos realizados en Paz de Ariporo, Casanare y en Arauca, Arauca, este s\u00e1bado 16 de octubre. El procedimiento se realiz\u00f3 con la coordinaci\u00f3n de la Fiscal\u00eda 5 Especializada ante los Gaulas, la cual contaba con orden judicial de captura por los delitos de extorsi\u00f3n agravada, concierto para delinquir, porte, tr\u00e1fico y fabricaci\u00f3n de armas de fuego.<\/p>\n<p style=\"text-align: justify;\">Se inform\u00f3 que durante las capturas se incaut\u00f3 3 armas de fuego tipo pistola calibre 9 mil\u00edmetros, 3 cargadores, al menos 80 cartuchos y 4 celulares.<\/p>\n<p style=\"text-align: justify;\">Aunque del Gaula Polic\u00eda se rese\u00f1\u00f3 que los dos individuos de 47 y 50 a\u00f1os, oriundos de Casanare y Arauca, ser\u00edan presuntamente coordinadores de extorsiones y secuestro en Casanare y Boyac\u00e1 del Grupo Armado Organizado Disidencias de las Farc, frente 10, comandado por alias Jer\u00f3nimo, ninguno de los dos tiene antecedentes penales a excepci\u00f3n de uno por un tema de inasistencia alimentaria.<\/p>\n<p style=\"text-align: justify;\">Extraoficialmente se conoci\u00f3 que el Juez Primero Promiscuo de Paz de Ariporo, inici\u00f3 la audiencia de legalizaci\u00f3n de captura el domingo 17 de octubre, la suspendi\u00f3 y reanud\u00f3 este lunes 18 de octubre. En la misma se determin\u00f3 no imponer medida de aseguramiento porque al parecer hubo una falla de legalidad en unas interceptaciones telef\u00f3nicas realizadas por la Fiscal\u00eda, las cuales al parecer no contaron con el control previo de legalidad por parte del Juez de Control de Garant\u00edas.<\/p>\n<p style=\"text-align: justify;\">\n<p style=\"text-align: justify;\"><strong>Polic\u00eda le habr\u00eda informado a Alirio Barrera plan para atentar contra su vida<\/strong><\/p>\n<p style=\"text-align: justify;\">A trav\u00e9s de un comunicado de la campa\u00f1a del precandidato Alirio Barrera se inform\u00f3 que hacia 15 d\u00edas un general de la polic\u00eda, sin precisar nombres, le hab\u00eda avisado al pol\u00edtico de un atentado contra la vida de \u00e9l o su familia y el cual perpetrar\u00edan varios hombres.<\/p>\n<p style=\"text-align: justify;\">Igualmente destac\u00f3 que guard\u00f3 silencio para no afectar las investigaciones en curso y que en las \u00faltimas horas le informaron sobre la detenci\u00f3n de los sujetos y su posible libertad porque un juez de control de garant\u00edas aleg\u00f3 supuestos errores en el procedimiento al momento de la captura.<\/p>\n<h2>Otras noticias&#8230;<\/h2>\n<blockquote class=\"wp-embedded-content\" data-secret=\"p3RRNpnVsd\"><p><a href=\"https:\/\/marthacifuentes.com\/portada\/2021\/10\/15\/ani-y-covioriente-le-maman-gallo-a-casanare-directivos-no-asistieron-a-debate-en-asamblea-sobre-terreno-de-la-gobernacion-intervenido-sin-autorizacion\/\">ANI y Covioriente le \u00abmaman gallo\u00bb a Casanare. Directivos no asistieron a debate en Asamblea sobre terreno de la Gobernaci\u00f3n, intervenido sin autorizaci\u00f3n<\/a><\/p><\/blockquote>\n<p><iframe loading=\"lazy\" class=\"wp-embedded-content\" sandbox=\"allow-scripts\" security=\"restricted\" style=\"position: absolute; clip: rect(1px, 1px, 1px, 1px);\" title=\"\u00abANI y Covioriente le \u00abmaman gallo\u00bb a Casanare. Directivos no asistieron a debate en Asamblea sobre terreno de la Gobernaci\u00f3n, intervenido sin autorizaci\u00f3n\u00bb \u2014 \u25b7 Noticias de Casanare : Martha Cifuentes | Casanare\" src=\"https:\/\/marthacifuentes.com\/portada\/2021\/10\/15\/ani-y-covioriente-le-maman-gallo-a-casanare-directivos-no-asistieron-a-debate-en-asamblea-sobre-terreno-de-la-gobernacion-intervenido-sin-autorizacion\/embed\/#?secret=os4Rkf96BZ#?secret=p3RRNpnVsd\" data-secret=\"p3RRNpnVsd\" width=\"500\" height=\"282\" frameborder=\"0\" marginwidth=\"0\" marginheight=\"0\" scrolling=\"no\"><\/iframe><\/p>\n<p><iframe loading=\"lazy\" class=\"wp-embedded-content\" title=\"\u00abMilitantes de uribismo en Casanare evidencian conflictos entre el clan Barrera-Gonz\u00e1lez, en elecci\u00f3n de delegados del Centro Democr\u00e1tico\u00bb \u2014 \u25b7 Noticias de Casanare : Martha Cifuentes | Casanare\" src=\"https:\/\/marthacifuentes.com\/portada\/2021\/10\/13\/militantes-de-uribismo-en-casanare-evidencian-conflictos-entre-el-clan-barrera-gonzalez-en-eleccion-de-delegados-del-centro-democratico\/embed\/#?secret=w6ur4l5lWx\" width=\"600\" height=\"648\" frameborder=\"0\" marginwidth=\"0\" marginheight=\"0\" scrolling=\"no\" sandbox=\"allow-scripts\" data-secret=\"w6ur4l5lWx\" data-mce-fragment=\"1\"><\/iframe><\/p>\n<p><iframe loading=\"lazy\" class=\"wp-embedded-content\" title=\"\u00abA pu\u00f1o limpio transportadores de Man\u00ed y Aguazul, se disputan contrataci\u00f3n de cargue de material para v\u00eda Central del Llano\u00bb \u2014 \u25b7 Noticias de Casanare : Martha Cifuentes | Casanare\" src=\"https:\/\/marthacifuentes.com\/portada\/2021\/10\/11\/a-puno-limpio-transportadores-de-mani-y-aguazul-se-disputan-contratacion-de-cargue-de-material-para-via-central-del-llano\/embed\/#?secret=nC1g1v21cu\" width=\"600\" height=\"645\" frameborder=\"0\" marginwidth=\"0\" marginheight=\"0\" scrolling=\"no\" sandbox=\"allow-scripts\" data-secret=\"nC1g1v21cu\" data-mce-fragment=\"1\"><\/iframe><\/p>\n<p><iframe loading=\"lazy\" class=\"wp-embedded-content\" title=\"\u00abMientras que Consejo Directivo de Corporinoquia definir\u00e1 proceso de elecci\u00f3n de director en propiedad, tambi\u00e9n pretende aprobar vigencias futuras\u00bb \u2014 \u25b7 Noticias de Casanare : Martha Cifuentes | Casanare\" src=\"https:\/\/marthacifuentes.com\/portada\/2021\/10\/11\/mientras-que-consejo-directivo-de-corporinoquia-definira-proceso-de-eleccion-de-director-en-propiedad-tambien-pretende-aprobar-vigencias-futuras\/embed\/#?secret=e0unnFt232\" width=\"600\" height=\"627\" frameborder=\"0\" marginwidth=\"0\" marginheight=\"0\" scrolling=\"no\" sandbox=\"allow-scripts\" data-secret=\"e0unnFt232\" data-mce-fragment=\"1\"><\/iframe><\/p>\n<p><iframe loading=\"lazy\" class=\"wp-embedded-content\" title=\"\u00abMinisterio del Interior tiene estancado proceso de revocatoria de alcaldesa de Aguazul por no nombrar alcalde ad hoc\u00bb \u2014 \u25b7 Noticias de Casanare : Martha Cifuentes | Casanare\" src=\"https:\/\/marthacifuentes.com\/portada\/2021\/10\/11\/ministerio-del-interior-tiene-estancado-proceso-de-revocatoria-de-alcaldesa-de-aguazul-por-no-nombrar-alcalde-ad-hoc\/embed\/#?secret=UnCKcV6Vyn\" width=\"600\" height=\"648\" frameborder=\"0\" marginwidth=\"0\" marginheight=\"0\" scrolling=\"no\" sandbox=\"allow-scripts\" data-secret=\"UnCKcV6Vyn\" data-mce-fragment=\"1\"><\/iframe><\/p>\n<p><iframe loading=\"lazy\" class=\"wp-embedded-content\" title=\"\u00abSin mujeres presas se qued\u00f3 la c\u00e1rcel de Yopal. Sorpresivamente fueron trasladadas al Buen Pastor. Penal de Yopal solo es para hombres.\u00bb \u2014 \u25b7 Noticias de Casanare : Martha Cifuentes | Casanare\" src=\"https:\/\/marthacifuentes.com\/portada\/2021\/10\/07\/sin-mujeres-presas-se-quedo-la-carcel-de-yopal-sorpresivamente-fueron-trasladadas-al-buen-pastor-penal-de-yopal-solo-es-para-hombres\/embed\/#?secret=ujOqqHOMlF\" width=\"600\" height=\"648\" frameborder=\"0\" marginwidth=\"0\" marginheight=\"0\" scrolling=\"no\" sandbox=\"allow-scripts\" data-secret=\"ujOqqHOMlF\" data-mce-fragment=\"1\"><\/iframe><\/p>\n<p><iframe loading=\"lazy\" class=\"wp-embedded-content\" title=\"\u00abAltos funcionarios p\u00fablicos de Casanare apoyaron a Alirio Barrera en foro de precandidatos del uribismo. \u00bfEs participaci\u00f3n en pol\u00edtica?\u00bb \u2014 \u25b7 Noticias de Casanare : Martha Cifuentes | Casanare\" src=\"https:\/\/marthacifuentes.com\/portada\/2021\/10\/05\/altos-funcionarios-publicos-de-casanare-apoyaron-a-alirio-barrera-en-foro-de-precandidatos-del-uribismo-es-participacion-en-politica\/embed\/#?secret=phsQPLjTQ8\" width=\"600\" height=\"619\" frameborder=\"0\" marginwidth=\"0\" marginheight=\"0\" scrolling=\"no\" sandbox=\"allow-scripts\" data-secret=\"phsQPLjTQ8\" data-mce-fragment=\"1\"><\/iframe><\/p>\n<p><iframe loading=\"lazy\" class=\"wp-embedded-content\" title=\"\u00abConsejo de Estado neg\u00f3 aclaraciones a fallo que anul\u00f3 elecci\u00f3n de directora de Corporinoquia. Ya no hay excusa para elegir director en propiedad.\u00bb \u2014 \u25b7 Noticias de Casanare : Martha Cifuentes | Casanare\" src=\"https:\/\/marthacifuentes.com\/portada\/2021\/10\/05\/consejo-de-estado-nego-aclaraciones-a-fallo-que-anulo-eleccion-de-directora-de-corporinoquia-ya-no-hay-excusa-para-elegir-director-en-propiedad\/embed\/#?secret=743MponZzN\" width=\"600\" height=\"626\" frameborder=\"0\" marginwidth=\"0\" marginheight=\"0\" scrolling=\"no\" sandbox=\"allow-scripts\" data-secret=\"743MponZzN\" data-mce-fragment=\"1\"><\/iframe><\/p>\n<p><iframe loading=\"lazy\" class=\"wp-embedded-content\" title=\"\u00abAlirio Barrera, precandidato del Centro Democr\u00e1tico, defendi\u00f3 el gobierno Duque, el uso de glifosato y el NO al plebiscito de 2016.\u00bb \u2014 \u25b7 Noticias de Casanare : Martha Cifuentes | Casanare\" src=\"https:\/\/marthacifuentes.com\/portada\/2021\/10\/04\/alirio-barrera-precandidato-del-centro-democratico-defendio-el-gobierno-duque-el-uso-de-glifosato-y-el-no-al-plebiscito-de-2016\/embed\/#?secret=tqZxjaHbFC\" width=\"600\" height=\"647\" frameborder=\"0\" marginwidth=\"0\" marginheight=\"0\" scrolling=\"no\" sandbox=\"allow-scripts\" data-secret=\"tqZxjaHbFC\" data-mce-fragment=\"1\"><\/iframe><\/p>\n<p><iframe loading=\"lazy\" class=\"wp-embedded-content\" title=\"\u00abDe los aspirantes a Contralor\u00eda de Casanare hay varios asesores de la Gobernaci\u00f3n y uno muy cercano a la senadora Amanda Roc\u00edo Gonz\u00e1lez\u00bb \u2014 \u25b7 Noticias de Casanare : Martha Cifuentes | Casanare\" src=\"https:\/\/marthacifuentes.com\/portada\/2021\/10\/04\/de-los-aspirantes-a-contraloria-de-casanare-hay-varios-asesores-de-la-gobernacion-y-uno-muy-cercano-a-la-senadora-amanda-rocio-gonzalez\/embed\/#?secret=50F2zLigK1\" width=\"600\" height=\"616\" frameborder=\"0\" marginwidth=\"0\" marginheight=\"0\" scrolling=\"no\" sandbox=\"allow-scripts\" data-secret=\"50F2zLigK1\" data-mce-fragment=\"1\"><\/iframe><\/p>\n<p><iframe loading=\"lazy\" class=\"wp-embedded-content\" title=\"\u00abContralor\u00eda de Casanare recupera m\u00e1s de 100 millones de fallido contrato de centro de salud de Morichal\u00bb \u2014 \u25b7 Noticias de Casanare : Martha Cifuentes | Casanare\" src=\"https:\/\/marthacifuentes.com\/portada\/2021\/09\/30\/contraloria-de-casanare-recupera-mas-de-100-millones-de-fallido-contrato-de-centro-de-salud-de-morichal\/embed\/#?secret=SMZ9Tmyrqn\" width=\"600\" height=\"620\" frameborder=\"0\" marginwidth=\"0\" marginheight=\"0\" scrolling=\"no\" sandbox=\"allow-scripts\" data-secret=\"SMZ9Tmyrqn\" data-mce-fragment=\"1\"><\/iframe><\/p>\n<p><iframe loading=\"lazy\" class=\"wp-embedded-content\" title=\"\u00abEn atentado sicarial contra Adalberto Luque, de la Asociaci\u00f3n de Recuperadores de Yopal, este result\u00f3 gravemente herido.\u00bb \u2014 \u25b7 Noticias de Casanare : Martha Cifuentes | Casanare\" src=\"https:\/\/marthacifuentes.com\/portada\/2021\/09\/29\/en-atentado-sicarial-contra-adalberto-luque-de-la-asociacion-de-recuperadores-de-yopal-este-resulto-gravemente-herido\/embed\/#?secret=V38UZtmMCu\" width=\"600\" height=\"648\" frameborder=\"0\" marginwidth=\"0\" marginheight=\"0\" scrolling=\"no\" sandbox=\"allow-scripts\" data-secret=\"V38UZtmMCu\" data-mce-fragment=\"1\"><\/iframe><\/p>\n<p><iframe loading=\"lazy\" class=\"wp-embedded-content\" title=\"\u00abMedim\u00e1s juega con la vida de beb\u00e9 prematura de una angustiada madre yopale\u00f1a. Demora entrega de medicina.\u00bb \u2014 \u25b7 Noticias de Casanare : Martha Cifuentes | Casanare\" src=\"https:\/\/marthacifuentes.com\/portada\/2021\/09\/29\/medimas-juega-con-la-vida-de-bebe-prematura-de-una-angustiada-madre-yopalena-demora-entrega-de-medicina\/embed\/#?secret=DZzLFKY5yo\" width=\"600\" height=\"648\" frameborder=\"0\" marginwidth=\"0\" marginheight=\"0\" scrolling=\"no\" sandbox=\"allow-scripts\" data-secret=\"DZzLFKY5yo\" data-mce-fragment=\"1\"><\/iframe><\/p>\n<p><iframe loading=\"lazy\" class=\"wp-embedded-content\" title=\"\u00abSigue la pelea. Alcalde de Yopal impuso por decreto las modificaciones al presupuesto que el Concejo no quiso.\u00bb \u2014 \u25b7 Noticias de Casanare : Martha Cifuentes | Casanare\" src=\"https:\/\/marthacifuentes.com\/portada\/2021\/09\/29\/sigue-la-pelea-alcalde-de-yopal-impuso-por-decreto-las-modificaciones-al-presupuesto-que-el-concejo-no-quiso\/embed\/#?secret=m7Z3f6ORnU\" width=\"600\" height=\"600\" frameborder=\"0\" marginwidth=\"0\" marginheight=\"0\" scrolling=\"no\" sandbox=\"allow-scripts\" data-secret=\"m7Z3f6ORnU\" data-mce-fragment=\"1\"><\/iframe><\/p>\n<p><iframe loading=\"lazy\" class=\"wp-embedded-content\" title=\"\u00abPavimentaci\u00f3n de v\u00eda Central del Llano en Man\u00ed sigue enredada. Ahora volqueteros de Aguazul quieren tajada de contrataci\u00f3n.\u00bb \u2014 \u25b7 Noticias de Casanare : Martha Cifuentes | Casanare\" src=\"https:\/\/marthacifuentes.com\/portada\/2021\/09\/29\/pavimentacion-de-via-central-del-llano-en-mani-sigue-enredada-ahora-volqueteros-de-aguazul-quieren-tajada-de-contratacion\/embed\/#?secret=846B7400No\" width=\"600\" height=\"588\" frameborder=\"0\" marginwidth=\"0\" marginheight=\"0\" scrolling=\"no\" sandbox=\"allow-scripts\" data-secret=\"846B7400No\" data-mce-fragment=\"1\"><\/iframe><\/p>\n<p><iframe loading=\"lazy\" class=\"wp-embedded-content\" title=\"\u00abUn muerto y un herido deja ri\u00f1a de varios presos en c\u00e1rcel La Guafilla de Yopal\u00bb \u2014 \u25b7 Noticias de Casanare : Martha Cifuentes | Casanare\" src=\"https:\/\/marthacifuentes.com\/portada\/2021\/09\/28\/un-muerto-y-un-herido-deja-rina-de-varios-presos-en-carcel-la-guafilla-de-yopal\/embed\/#?secret=eWN1cWihgb\" width=\"600\" height=\"547\" frameborder=\"0\" marginwidth=\"0\" marginheight=\"0\" scrolling=\"no\" sandbox=\"allow-scripts\" data-secret=\"eWN1cWihgb\" data-mce-fragment=\"1\"><\/iframe><\/p>\n<p><iframe loading=\"lazy\" class=\"wp-embedded-content\" title=\"\u00abPor violar a su hijastra de 4 a\u00f1os en Tauramena, hombre fue enviado a la c\u00e1rcel.\u00bb \u2014 \u25b7 Noticias de Casanare : Martha Cifuentes | Casanare\" src=\"https:\/\/marthacifuentes.com\/portada\/2021\/09\/27\/por-violar-a-su-hijastra-de-4-anos-en-tauramena-hombre-fue-enviado-a-la-carcel\/embed\/#?secret=6kVgw5xGye\" width=\"600\" height=\"598\" frameborder=\"0\" marginwidth=\"0\" marginheight=\"0\" scrolling=\"no\" sandbox=\"allow-scripts\" data-secret=\"6kVgw5xGye\" data-mce-fragment=\"1\"><\/iframe><\/p>\n<p><iframe loading=\"lazy\" class=\"wp-embedded-content\" title=\"\u00abVeedores y consejeros de participaci\u00f3n ciudadana ser\u00e1n capacitados en control social por la Contralor\u00eda de Casanare\u00bb \u2014 \u25b7 Noticias de Casanare : Martha Cifuentes | Casanare\" src=\"https:\/\/marthacifuentes.com\/portada\/2021\/09\/27\/veedores-y-consejeros-de-participacion-ciudadana-seran-capacitados-en-control-social-por-la-contraloria-de-casanare\/embed\/#?secret=6yEmkwSpd6\" width=\"600\" height=\"648\" frameborder=\"0\" marginwidth=\"0\" marginheight=\"0\" scrolling=\"no\" sandbox=\"allow-scripts\" data-secret=\"6yEmkwSpd6\" data-mce-fragment=\"1\"><\/iframe><\/p>\n<p><iframe loading=\"lazy\" class=\"wp-embedded-content\" title=\"\u00abTuber\u00eda de 36 pulgadas de la nueva PTAP presentar\u00eda agrietamientos, seg\u00fan denuncias de comunidad de vereda La Vega\u00bb \u2014 \u25b7 Noticias de Casanare : Martha Cifuentes | Casanare\" src=\"https:\/\/marthacifuentes.com\/portada\/2021\/09\/27\/tuberia-de-36-pulgadas-de-la-nueva-ptap-presentaria-agrietamientos-segun-denuncias-de-comunidad-de-vereda-la-vega\/embed\/#?secret=YZoW0WdDbb\" width=\"600\" height=\"627\" frameborder=\"0\" marginwidth=\"0\" marginheight=\"0\" scrolling=\"no\" sandbox=\"allow-scripts\" data-secret=\"YZoW0WdDbb\" data-mce-fragment=\"1\"><\/iframe><\/p>\n<p><iframe loading=\"lazy\" class=\"wp-embedded-content\" title=\"\u00abArranc\u00f3 la v\u00eda Central del Llano en Man\u00ed pero\u2026 hay malestar de los transportadores\u00bb \u2014 \u25b7 Noticias de Casanare : Martha Cifuentes | Casanare\" src=\"https:\/\/marthacifuentes.com\/portada\/2021\/09\/23\/arranco-la-via-central-del-llano-en-mani-pero-hay-malestar-de-los-transportadores\/embed\/#?secret=KVjmGgKZwF\" width=\"600\" height=\"619\" frameborder=\"0\" marginwidth=\"0\" marginheight=\"0\" scrolling=\"no\" sandbox=\"allow-scripts\" data-secret=\"KVjmGgKZwF\" data-mce-fragment=\"1\"><\/iframe><\/p>\n<p><iframe loading=\"lazy\" class=\"wp-embedded-content\" title=\"\u00abContratista de v\u00eda Central del Llano, Man\u00ed, sigue enredado en negociaciones con transportadores\u00bb \u2014 \u25b7 Noticias de Casanare : Martha Cifuentes | Casanare\" src=\"https:\/\/marthacifuentes.com\/portada\/2021\/09\/22\/contratista-de-via-central-del-llano-mani-sigue-enredado-en-negociaciones-con-transportadores\/embed\/#?secret=YSsfVPTHXK\" width=\"600\" height=\"598\" frameborder=\"0\" marginwidth=\"0\" marginheight=\"0\" scrolling=\"no\" sandbox=\"allow-scripts\" data-secret=\"YSsfVPTHXK\" data-mce-fragment=\"1\"><\/iframe><\/p>\n<p><iframe loading=\"lazy\" class=\"wp-embedded-content\" title=\"\u00abAlvarito \u201cEl original\u201d de Yopal, el otrora habitante de calle bailador, ahora tendr\u00e1 c\u00e9dula\u00bb \u2014 \u25b7 Noticias de Casanare : Martha Cifuentes | Casanare\" src=\"https:\/\/marthacifuentes.com\/portada\/2021\/09\/22\/alvarito-el-original-de-yopal-el-otrora-habitante-de-calle-bailador-ahora-tendra-cedula\/embed\/#?secret=EhuEfSpYU2\" width=\"600\" height=\"562\" frameborder=\"0\" marginwidth=\"0\" marginheight=\"0\" scrolling=\"no\" sandbox=\"allow-scripts\" data-secret=\"EhuEfSpYU2\" data-mce-fragment=\"1\"><\/iframe><\/p>\n<p><iframe loading=\"lazy\" class=\"wp-embedded-content\" title=\"\u00abAprobada declaratoria de calamidad p\u00fablica de programa de vivienda Torres del Silencio\u00bb \u2014 \u25b7 Noticias de Casanare : Martha Cifuentes | Casanare\" src=\"https:\/\/marthacifuentes.com\/portada\/2021\/09\/22\/aprobada-declaratoria-de-calamidad-publica-de-programa-de-vivienda-torres-del-silencio\/embed\/#?secret=pluuueWeKj\" width=\"600\" height=\"619\" frameborder=\"0\" marginwidth=\"0\" marginheight=\"0\" scrolling=\"no\" sandbox=\"allow-scripts\" data-secret=\"pluuueWeKj\" data-mce-fragment=\"1\"><\/iframe><\/p>\n<p><iframe loading=\"lazy\" class=\"wp-embedded-content\" title=\"\u00abCapturado y enviado a la c\u00e1rcel violador de ni\u00f1a de 12 a\u00f1os de Aguazul\u00bb \u2014 \u25b7 Noticias de Casanare : Martha Cifuentes | Casanare\" src=\"https:\/\/marthacifuentes.com\/portada\/2021\/09\/21\/capturado-y-enviado-a-la-carcel-violador-de-nina-de-12-anos-de-aguazul\/embed\/#?secret=oxwfsWswQD\" width=\"600\" height=\"619\" frameborder=\"0\" marginwidth=\"0\" marginheight=\"0\" scrolling=\"no\" sandbox=\"allow-scripts\" data-secret=\"oxwfsWswQD\" data-mce-fragment=\"1\"><\/iframe><\/p>\n<p><iframe loading=\"lazy\" class=\"wp-embedded-content\" title=\"\u00abContrato v\u00eda Central del Llano de Man\u00ed que \u201cgestion\u00f3\u201d la senadora Amanda Gonz\u00e1lez NO arranca. Inv\u00edas jala orejas al contratista avalado por Alcald\u00eda.\u00bb \u2014 \u25b7 Noticias de Casanare : Martha Cifuentes | Casanare\" src=\"https:\/\/marthacifuentes.com\/portada\/2021\/09\/21\/contrato-via-central-del-llano-de-mani-que-gestiono-la-senadora-amanda-gonzalez-no-arranca-invias-jala-orejas-al-contratista-avalado-por-alcaldia\/embed\/#?secret=PzL59FwFtY\" width=\"600\" height=\"647\" frameborder=\"0\" marginwidth=\"0\" marginheight=\"0\" scrolling=\"no\" sandbox=\"allow-scripts\" data-secret=\"PzL59FwFtY\" data-mce-fragment=\"1\"><\/iframe><\/p>\n<p><iframe loading=\"lazy\" class=\"wp-embedded-content\" title=\"\u00abSicariado otro expendedor de carne de Man\u00ed, Casanare. Ya son 3 los asesinados en esa poblaci\u00f3n.\u00bb \u2014 \u25b7 Noticias de Casanare : Martha Cifuentes | Casanare\" src=\"https:\/\/marthacifuentes.com\/portada\/2021\/09\/18\/sicariado-otro-expendedor-de-carne-de-mani-casanare-ya-son-3-los-asesinados-en-esa-poblacion\/embed\/#?secret=bXg4ILpEQT\" width=\"600\" height=\"532\" frameborder=\"0\" marginwidth=\"0\" marginheight=\"0\" scrolling=\"no\" sandbox=\"allow-scripts\" data-secret=\"bXg4ILpEQT\" data-mce-fragment=\"1\"><\/iframe><\/p>\n<p><iframe loading=\"lazy\" class=\"wp-embedded-content\" title=\"\u00abNo es verdad que municipios productores tengan autonom\u00eda en manejo de regal\u00edas como afirma el gobierno, dicen alcaldes\u00bb \u2014 \u25b7 Noticias de Casanare : Martha Cifuentes | Casanare\" src=\"https:\/\/marthacifuentes.com\/portada\/2021\/09\/18\/no-es-verdad-que-municipios-productores-tengan-autonomia-en-manejo-de-regalias-como-afirma-el-gobierno-dicen-alcaldes\/embed\/#?secret=jpfn5VIhNL\" width=\"600\" height=\"602\" frameborder=\"0\" marginwidth=\"0\" marginheight=\"0\" scrolling=\"no\" sandbox=\"allow-scripts\" data-secret=\"jpfn5VIhNL\" data-mce-fragment=\"1\"><\/iframe><\/p>\n<p><iframe loading=\"lazy\" class=\"wp-embedded-content\" title=\"\u00abAlcaldes de municipios productores de petr\u00f3leo se quejan por trabas para acceder a regal\u00edas. Ley sigue en implementaci\u00f3n.\u00bb \u2014 \u25b7 Noticias de Casanare : Martha Cifuentes | Casanare\" src=\"https:\/\/marthacifuentes.com\/portada\/2021\/09\/18\/alcaldes-de-municipios-productores-de-petroleo-se-quejan-por-trabas-para-acceder-a-regalias-ley-sigue-en-implementacion\/embed\/#?secret=mwAKuLjnfs\" width=\"600\" height=\"648\" frameborder=\"0\" marginwidth=\"0\" marginheight=\"0\" scrolling=\"no\" sandbox=\"allow-scripts\" data-secret=\"mwAKuLjnfs\" data-mce-fragment=\"1\"><\/iframe><\/p>\n<p><iframe loading=\"lazy\" class=\"wp-embedded-content\" title=\"\u00abEl macabro juego de los retenes, de polic\u00edas al acecho y huidizos infractores, desencaden\u00f3 la muerte de\u00a0joven en v\u00eda Yopal-Paz de Ariporo\u00bb \u2014 \u25b7 Noticias de Casanare : Martha Cifuentes | Casanare\" src=\"https:\/\/marthacifuentes.com\/portada\/2021\/09\/16\/el-macabro-juego-de-los-retenes-de-policias-al-acecho-y-huidizos-infractores-desencadeno-la-muerte-de-joven-en-via-yopal-paz-de-ariporo\/embed\/#?secret=ASnfdy4LFk\" width=\"600\" height=\"648\" frameborder=\"0\" marginwidth=\"0\" marginheight=\"0\" scrolling=\"no\" sandbox=\"allow-scripts\" data-secret=\"ASnfdy4LFk\" data-mce-fragment=\"1\"><\/iframe><\/p>\n<p><iframe loading=\"lazy\" class=\"wp-embedded-content\" title=\"\u00abYopal y Casanare, tendencia en twitter, porque polic\u00eda mat\u00f3 a joven en una carretera y por precandidatura presidencial del exgobernador Alirio Barrera\u00bb \u2014 \u25b7 Noticias de Casanare : Martha Cifuentes | Casanare\" src=\"https:\/\/marthacifuentes.com\/portada\/2021\/09\/16\/yopal-y-casanare-tendencia-en-twitter-porque-policia-mato-a-joven-en-una-carretera-y-por-precandidatura-presidencial-del-exgobernador-alirio-barrera\/embed\/#?secret=7VSW94AiGM\" width=\"600\" height=\"577\" frameborder=\"0\" marginwidth=\"0\" marginheight=\"0\" scrolling=\"no\" sandbox=\"allow-scripts\" data-secret=\"7VSW94AiGM\" data-mce-fragment=\"1\"><\/iframe><\/p>\n<p><iframe loading=\"lazy\" class=\"wp-embedded-content\" title=\"\u00abAguazul, sede del Encuentro de Municipios Productores de Petr\u00f3leo 2021\u00bb \u2014 \u25b7 Noticias de Casanare : Martha Cifuentes | Casanare\" src=\"https:\/\/marthacifuentes.com\/portada\/2021\/09\/15\/aguazul-sede-del-encuentro-de-municipios-productores-de-petroleo-2021\/embed\/#?secret=IarOuwYv2e\" width=\"600\" height=\"620\" frameborder=\"0\" marginwidth=\"0\" marginheight=\"0\" scrolling=\"no\" sandbox=\"allow-scripts\" data-secret=\"IarOuwYv2e\" data-mce-fragment=\"1\"><\/iframe><\/p>\n<p><iframe loading=\"lazy\" class=\"wp-embedded-content\" title=\"\u00abPuente met\u00e1lico ser\u00e1 instalado en quebrada La Orqu\u00eddea en v\u00eda Sogamoso-Aguazul. Remplaza temporalmente al colapsado en el sitio.\u00bb \u2014 \u25b7 Noticias de Casanare : Martha Cifuentes | Casanare\" src=\"https:\/\/marthacifuentes.com\/portada\/2021\/09\/13\/puente-metalico-sera-instalado-en-quebrada-la-orquidea-en-via-sogamoso-aguazul-remplaza-temporalmente-al-colapsado-en-el-sitio\/embed\/#?secret=hfaWPCAs92\" width=\"600\" height=\"627\" frameborder=\"0\" marginwidth=\"0\" marginheight=\"0\" scrolling=\"no\" sandbox=\"allow-scripts\" data-secret=\"hfaWPCAs92\" data-mce-fragment=\"1\"><\/iframe><\/p>\n<p><iframe loading=\"lazy\" class=\"wp-embedded-content\" title=\"\u00abAl menos 51% de empresarios de Casanare operan con normalidad luego de restricciones efecto de la pandemia del Covid-19\u00bb \u2014 \u25b7 Noticias de Casanare : Martha Cifuentes | Casanare\" src=\"https:\/\/marthacifuentes.com\/portada\/2021\/09\/13\/al-menos-51-de-empresarios-de-casanare-operan-con-normalidad-luego-de-restricciones-efecto-de-la-pandemia-del-covid-19\/embed\/#?secret=rY1fG7hFG4\" width=\"600\" height=\"647\" frameborder=\"0\" marginwidth=\"0\" marginheight=\"0\" scrolling=\"no\" sandbox=\"allow-scripts\" data-secret=\"rY1fG7hFG4\" data-mce-fragment=\"1\"><\/iframe><\/p>\n<p><iframe loading=\"lazy\" class=\"wp-embedded-content\" title=\"\u00ab\u201cLos muertos no hablan y los presos tampoco\u201d, le habr\u00edan dicho polic\u00edas de tr\u00e1nsito a esposa de joven muerto a manos de ellos en Yopal\u00bb \u2014 \u25b7 Noticias de Casanare : Martha Cifuentes | Casanare\" src=\"https:\/\/marthacifuentes.com\/portada\/2021\/09\/13\/los-muertos-no-hablan-y-los-presos-tampoco-le-habrian-dicho-policias-de-transito-a-esposa-de-joven-muerto-a-manos-de-ellos-en-yopal\/embed\/#?secret=2X2obFzSpM\" width=\"600\" height=\"622\" frameborder=\"0\" marginwidth=\"0\" marginheight=\"0\" scrolling=\"no\" sandbox=\"allow-scripts\" data-secret=\"2X2obFzSpM\" data-mce-fragment=\"1\"><\/iframe><\/p>\n<p><iframe loading=\"lazy\" class=\"wp-embedded-content\" title=\"\u00abAtentado en Centro Comercial de Yopal es cobarde contra la poblaci\u00f3n civil: Secretario de Gobierno Casanare\u00bb \u2014 \u25b7 Noticias de Casanare : Martha Cifuentes | Casanare\" src=\"https:\/\/marthacifuentes.com\/portada\/2021\/09\/10\/atentado-en-centro-comercial-de-yopal-es-cobarde-contra-la-poblacion-civil-secretario-de-gobierno-casanare\/embed\/#?secret=TxORctji7R\" width=\"600\" height=\"594\" frameborder=\"0\" marginwidth=\"0\" marginheight=\"0\" scrolling=\"no\" sandbox=\"allow-scripts\" data-secret=\"TxORctji7R\" data-mce-fragment=\"1\"><\/iframe><\/p>\n<p><iframe loading=\"lazy\" class=\"wp-embedded-content\" title=\"\u00abAsesinado finquero de Man\u00ed, Casanare. En menos de 3 d\u00edas van dos homicidios en ese municipio.\u00bb \u2014 \u25b7 Noticias de Casanare : Martha Cifuentes | Casanare\" src=\"https:\/\/marthacifuentes.com\/portada\/2021\/09\/10\/asesinado-finquero-de-mani-casanare-en-menos-de-3-dias-van-dos-homicidios-en-ese-municipio\/embed\/#?secret=8tyhTLjtHU\" width=\"600\" height=\"614\" frameborder=\"0\" marginwidth=\"0\" marginheight=\"0\" scrolling=\"no\" sandbox=\"allow-scripts\" data-secret=\"8tyhTLjtHU\" data-mce-fragment=\"1\"><\/iframe><\/p>\n<p><iframe loading=\"lazy\" class=\"wp-embedded-content\" title=\"\u00abCapturado exsoldado profesional que hab\u00eda sido condenado a 36 a\u00f1os de prisi\u00f3n por violaci\u00f3n de dos ni\u00f1os en Yopal\u00bb \u2014 \u25b7 Noticias de Casanare : Martha Cifuentes | Casanare\" src=\"https:\/\/marthacifuentes.com\/portada\/2021\/09\/10\/capturado-exsoldado-profesional-que-habia-sido-condenado-a-36-anos-de-prision-por-violacion-de-dos-ninos-en-yopal\/embed\/#?secret=3vsvXN1RI7\" width=\"600\" height=\"622\" frameborder=\"0\" marginwidth=\"0\" marginheight=\"0\" scrolling=\"no\" sandbox=\"allow-scripts\" data-secret=\"3vsvXN1RI7\" data-mce-fragment=\"1\"><\/iframe><\/p>\n<p><iframe loading=\"lazy\" class=\"wp-embedded-content\" title=\"\u00abA la c\u00e1rcel por robarse unos tubos petroleros en Yopal\u00bb \u2014 \u25b7 Noticias de Casanare : Martha Cifuentes | Casanare\" src=\"https:\/\/marthacifuentes.com\/portada\/2021\/09\/10\/a-la-carcel-por-robarse-unos-tubos-petroleros-en-yopal\/embed\/#?secret=lYvPWPM0re\" width=\"600\" height=\"253\" frameborder=\"0\" marginwidth=\"0\" marginheight=\"0\" scrolling=\"no\" sandbox=\"allow-scripts\" data-secret=\"lYvPWPM0re\" data-mce-fragment=\"1\"><\/iframe><\/p>\n<p><iframe loading=\"lazy\" class=\"wp-embedded-content\" title=\"\u00abM\u00e1s del 50% de estudiantes de Casanare siguen en clases virtuales. A muchos ni\u00f1os se les olvid\u00f3 lo aprendido, dice Secretaria de Educaci\u00f3n.\u00bb \u2014 \u25b7 Noticias de Casanare : Martha Cifuentes | Casanare\" src=\"https:\/\/marthacifuentes.com\/portada\/2021\/09\/10\/mas-del-50-de-estudiantes-de-casanare-siguen-en-clases-virtuales-a-muchos-ninos-se-les-olvido-lo-aprendido-dice-secretaria-de-educacion\/embed\/#?secret=8jDAdF0HDn\" width=\"600\" height=\"641\" frameborder=\"0\" marginwidth=\"0\" marginheight=\"0\" scrolling=\"no\" sandbox=\"allow-scripts\" data-secret=\"8jDAdF0HDn\" data-mce-fragment=\"1\"><\/iframe><\/p>\n<p><iframe loading=\"lazy\" class=\"wp-embedded-content\" title=\"\u00abPor negligencia de la Alcald\u00eda de Yopal, 24 colegios p\u00fablicos perder\u00edan $1.200 millones de pesos del FOME.\u00bb \u2014 \u25b7 Noticias de Casanare : Martha Cifuentes | Casanare\" src=\"https:\/\/marthacifuentes.com\/portada\/2021\/09\/09\/por-negligencia-de-la-alcaldia-de-yopal-24-colegios-publicos-perderian-1-200-millones-de-pesos-del-fome\/embed\/#?secret=Na1nbxEjvN\" width=\"600\" height=\"614\" frameborder=\"0\" marginwidth=\"0\" marginheight=\"0\" scrolling=\"no\" sandbox=\"allow-scripts\" data-secret=\"Na1nbxEjvN\" data-mce-fragment=\"1\"><\/iframe><\/p>\n<p><iframe loading=\"lazy\" class=\"wp-embedded-content\" title=\"\u00abParidad de mujeres y hombres en listas a elecciones de Consejo Municipales\u00a0 y Locales de Juventud en Casanare\u00bb \u2014 \u25b7 Noticias de Casanare : Martha Cifuentes | Casanare\" src=\"https:\/\/marthacifuentes.com\/portada\/2021\/09\/09\/paridad-de-mujeres-y-hombres-en-listas-a-elecciones-de-consejo-municipales-y-locales-de-juventud-en-casanare\/embed\/#?secret=2qr6vlCRMi\" width=\"600\" height=\"642\" frameborder=\"0\" marginwidth=\"0\" marginheight=\"0\" scrolling=\"no\" sandbox=\"allow-scripts\" data-secret=\"2qr6vlCRMi\" data-mce-fragment=\"1\"><\/iframe><\/p>\n<p><iframe loading=\"lazy\" class=\"wp-embedded-content\" title=\"\u00abDesarticulada la banda delincuencial \u201cLos Houses\u201d dedicada al microtr\u00e1fico en Monterrey, Casanare\u00bb \u2014 \u25b7 Noticias de Casanare : Martha Cifuentes | Casanare\" src=\"https:\/\/marthacifuentes.com\/portada\/2021\/09\/09\/desarticulada-la-banda-delincuencial-los-houses-dedicada-al-microtrafico-en-monterrey-casanare\/embed\/#?secret=Z4fh7wt5UH\" width=\"600\" height=\"614\" frameborder=\"0\" marginwidth=\"0\" marginheight=\"0\" scrolling=\"no\" sandbox=\"allow-scripts\" data-secret=\"Z4fh7wt5UH\" data-mce-fragment=\"1\"><\/iframe><\/p>\n<p><iframe loading=\"lazy\" class=\"wp-embedded-content\" title=\"\u00abNegada liquidaci\u00f3n del patrimonio del \u201cconstructor\u201d de Torres del Silencio en Yopal\u00bb \u2014 \u25b7 Noticias de Casanare : Martha Cifuentes | Casanare\" src=\"https:\/\/marthacifuentes.com\/portada\/2021\/09\/09\/negada-liquidacion-del-patrimonio-del-constructor-de-torres-del-silencio-en-yopal\/embed\/#?secret=azeIyijHGH\" width=\"600\" height=\"614\" frameborder=\"0\" marginwidth=\"0\" marginheight=\"0\" scrolling=\"no\" sandbox=\"allow-scripts\" data-secret=\"azeIyijHGH\" data-mce-fragment=\"1\"><\/iframe><\/p>\n<p><iframe loading=\"lazy\" class=\"wp-embedded-content\" title=\"\u00abConcurso de personero de Villanueva, Casanare, otra vez empa\u00f1ado por posibles irregularidades\u00bb \u2014 \u25b7 Noticias de Casanare : Martha Cifuentes | Casanare\" src=\"https:\/\/marthacifuentes.com\/portada\/2021\/09\/08\/concurso-de-personero-de-villanueva-casanare-otra-vez-empanado-por-posibles-irregularidades\/embed\/#?secret=lUPkdLw6lc\" width=\"600\" height=\"590\" frameborder=\"0\" marginwidth=\"0\" marginheight=\"0\" scrolling=\"no\" sandbox=\"allow-scripts\" data-secret=\"lUPkdLw6lc\" data-mce-fragment=\"1\"><\/iframe><\/p>\n<p><iframe loading=\"lazy\" class=\"wp-embedded-content\" title=\"\u00abA la Eaaay se le estar\u00eda \u201cyendo la mano\u201d con tarifas de varios servicios de aseo en Yopal. Superservicios la llama al orden.\u00bb \u2014 \u25b7 Noticias de Casanare : Martha Cifuentes | Casanare\" src=\"https:\/\/marthacifuentes.com\/portada\/2021\/09\/08\/a-la-eaaay-se-le-estaria-yendo-la-mano-con-tarifas-de-varios-servicios-de-aseo-en-yopal-superservicios-la-llama-al-orden\/embed\/#?secret=7yOaIiybCF\" width=\"600\" height=\"642\" frameborder=\"0\" marginwidth=\"0\" marginheight=\"0\" scrolling=\"no\" sandbox=\"allow-scripts\" data-secret=\"7yOaIiybCF\" data-mce-fragment=\"1\"><\/iframe><\/p>\n<p><iframe loading=\"lazy\" class=\"wp-embedded-content\" title=\"\u00abMataron a comerciante de carne de Man\u00ed Oscar Garz\u00f3n Mar\u00edn\u00bb \u2014 \u25b7 Noticias de Casanare : Martha Cifuentes | Casanare\" src=\"https:\/\/marthacifuentes.com\/portada\/2021\/09\/08\/mataron-a-comerciante-de-carne-de-mani-oscar-garzon-marin\/embed\/#?secret=weVNkwIj0I\" width=\"600\" height=\"614\" frameborder=\"0\" marginwidth=\"0\" marginheight=\"0\" scrolling=\"no\" sandbox=\"allow-scripts\" data-secret=\"weVNkwIj0I\" data-mce-fragment=\"1\"><\/iframe><\/p>\n<p><iframe loading=\"lazy\" class=\"wp-embedded-content\" title=\"\u00abCapresoca\u00a0EPS, contin\u00faa realizando mamograf\u00edas en Casanare para prevenir el c\u00e1ncer de seno\u00bb \u2014 \u25b7 Noticias de Casanare : Martha Cifuentes | Casanare\" src=\"https:\/\/marthacifuentes.com\/portada\/2021\/09\/07\/capresoca-eps-continua-realizando-mamografias-en-casanare-para-prevenir-el-cancer-de-seno\/embed\/#?secret=g1TUqLE8Iv\" width=\"600\" height=\"594\" frameborder=\"0\" marginwidth=\"0\" marginheight=\"0\" scrolling=\"no\" sandbox=\"allow-scripts\" data-secret=\"g1TUqLE8Iv\" data-mce-fragment=\"1\"><\/iframe><\/p>\n<p><iframe loading=\"lazy\" class=\"wp-embedded-content\" title=\"\u00abUsuario del r\u00e9gimen subsidiado, actualice los datos y verifique si es beneficiario de la Compensaci\u00f3n Econ\u00f3mica Temporal por COVID-19\u00bb \u2014 \u25b7 Noticias de Casanare : Martha Cifuentes | Casanare\" src=\"https:\/\/marthacifuentes.com\/portada\/2021\/09\/07\/usuario-del-regimen-subsidiado-actualice-los-datos-y-verifique-si-es-beneficiario-de-la-compensacion-economica-temporal-por-covid-19\/embed\/#?secret=8nIokeCA5I\" width=\"600\" height=\"642\" frameborder=\"0\" marginwidth=\"0\" marginheight=\"0\" scrolling=\"no\" sandbox=\"allow-scripts\" data-secret=\"8nIokeCA5I\" data-mce-fragment=\"1\"><\/iframe><\/p>\n<p><iframe loading=\"lazy\" class=\"wp-embedded-content\" title=\"\u00abUrbanizador ilegal Jhon Jairo Torres tendr\u00e1 que restituirle $5 mil millones a quien le vendi\u00f3 terrenos de La Bendici\u00f3n en Yopal\u00bb \u2014 \u25b7 Noticias de Casanare : Martha Cifuentes | Casanare\" src=\"https:\/\/marthacifuentes.com\/portada\/2021\/09\/07\/urbanizador-ilegal-jhon-jairo-torres-tendra-que-restituirle-5-mil-millones-a-quien-le-vendio-terrenos-de-la-bendicion-en-yopal\/embed\/#?secret=rvVFTbHy8O\" width=\"600\" height=\"641\" frameborder=\"0\" marginwidth=\"0\" marginheight=\"0\" scrolling=\"no\" sandbox=\"allow-scripts\" data-secret=\"rvVFTbHy8O\" data-mce-fragment=\"1\"><\/iframe><\/p>\n<p>&nbsp;<\/p>\n<p><iframe loading=\"lazy\" class=\"wp-embedded-content\" title=\"\u00abExgobernador de Casanare Alirio Barrera, precandidato presidencial de Uribe. \u00bfSer\u00e1 el ungido?\u00bb \u2014 \u25b7 Noticias de Casanare : Martha Cifuentes | Casanare\" src=\"https:\/\/marthacifuentes.com\/portada\/2021\/09\/07\/exgobernador-de-casanare-alirio-barrera-precandidato-presidencial-de-uribe-sera-el-ungido\/embed\/#?secret=OstnxICtiE\" width=\"600\" height=\"614\" frameborder=\"0\" marginwidth=\"0\" marginheight=\"0\" scrolling=\"no\" sandbox=\"allow-scripts\" data-secret=\"OstnxICtiE\" data-mce-fragment=\"1\"><\/iframe><\/p>\n<p><iframe loading=\"lazy\" class=\"wp-embedded-content\" title=\"\u00abCon legalizaci\u00f3n de La Bendici\u00f3n sus 3 mil familias podr\u00e1n obtener licencias de construcci\u00f3n\u00bb \u2014 \u25b7 Noticias de Casanare : Martha Cifuentes | Casanare\" src=\"https:\/\/marthacifuentes.com\/portada\/2021\/09\/06\/con-legalizacion-de-la-bendicion-sus-3-mil-familias-podran-obtener-licencias-de-construccion\/embed\/#?secret=7qbI2IxthE\" width=\"600\" height=\"607\" frameborder=\"0\" marginwidth=\"0\" marginheight=\"0\" scrolling=\"no\" sandbox=\"allow-scripts\" data-secret=\"7qbI2IxthE\" data-mce-fragment=\"1\"><\/iframe><\/p>\n<p><iframe loading=\"lazy\" class=\"wp-embedded-content\" title=\"\u00abDos nuevos asesinatos en Yopal. Una mujer empresaria y un joven venezolano, las v\u00edctimas, en hechos independientes.\u00bb \u2014 \u25b7 Noticias de Casanare : Martha Cifuentes | Casanare\" src=\"https:\/\/marthacifuentes.com\/portada\/2021\/09\/03\/dos-nuevos-asesinatos-en-yopal-una-mujer-empresaria-y-un-joven-venezolano-las-victimas-en-hechos-independientes\/embed\/#?secret=VSDe4AMOY0\" width=\"600\" height=\"648\" frameborder=\"0\" marginwidth=\"0\" marginheight=\"0\" scrolling=\"no\" sandbox=\"allow-scripts\" data-secret=\"VSDe4AMOY0\" data-mce-fragment=\"1\"><\/iframe><\/p>\n<p><iframe loading=\"lazy\" class=\"wp-embedded-content\" title=\"\u00abHabitantes de Monterrey, Casanare, piden trabajo a Ecopetrol y esta afirma haber contratado 2.600 personas en el Departamento\u00bb \u2014 \u25b7 Noticias de Casanare : Martha Cifuentes | Casanare\" src=\"https:\/\/marthacifuentes.com\/portada\/2021\/09\/02\/habitantes-de-monterrey-casanare-piden-trabajo-a-ecopetrol-y-esta-afirma-haber-contratado-2-600-personas-en-el-departamento\/embed\/#?secret=gGemZqksWg\" width=\"600\" height=\"627\" frameborder=\"0\" marginwidth=\"0\" marginheight=\"0\" scrolling=\"no\" sandbox=\"allow-scripts\" data-secret=\"gGemZqksWg\" data-mce-fragment=\"1\"><\/iframe><\/p>\n<p><iframe loading=\"lazy\" class=\"wp-embedded-content\" title=\"\u00abPolic\u00eda Casanare y Alcald\u00eda de Yopal arremeten contra trabajadoras sexuales y delincuentes de parque La Estancia\u00bb \u2014 \u25b7 Noticias de Casanare : Martha Cifuentes | Casanare\" src=\"https:\/\/marthacifuentes.com\/portada\/2021\/09\/01\/policia-casanare-y-alcaldia-de-yopal-arremeten-contra-trabajadoras-sexuales-y-delincuentes-de-parque-la-estancia\/embed\/#?secret=F7m8I8GVL5\" width=\"600\" height=\"642\" frameborder=\"0\" marginwidth=\"0\" marginheight=\"0\" scrolling=\"no\" sandbox=\"allow-scripts\" data-secret=\"F7m8I8GVL5\" data-mce-fragment=\"1\"><\/iframe><\/p>\n<p><iframe loading=\"lazy\" class=\"wp-embedded-content\" title=\"\u00abCasanare y sus v\u00edas, abandonado por \u201cel gobierno amigo\u201d, cuestiona la presidente de la Asamblea Departamental. V\u00eda del Cusiana sigue cerrada.\u00bb \u2014 \u25b7 Noticias de Casanare : Martha Cifuentes | Casanare\" src=\"https:\/\/marthacifuentes.com\/portada\/2021\/09\/01\/casanare-y-sus-vias-abandonado-por-el-gobierno-amigo-cuestiona-la-presidente-de-la-asamblea-departamental-via-del-cusiana-sigue-cerrada\/embed\/#?secret=kWzMh2iabW\" width=\"600\" height=\"648\" frameborder=\"0\" marginwidth=\"0\" marginheight=\"0\" scrolling=\"no\" sandbox=\"allow-scripts\" data-secret=\"kWzMh2iabW\" data-mce-fragment=\"1\"><\/iframe>30<\/p>\n<p>&nbsp;<\/p>\n<p>&nbsp;<\/p>\n","protected":false},"excerpt":{"rendered":"<p>Libres quedaron dos hombres que fueron capturados en medio de una investigaci\u00f3n de la Fiscal\u00eda porque supuestamente tendr\u00edan la intenci\u00f3n de secuestrar al exgobernador de Casanare y precandidato presidencial del Centro Democr\u00e1tico, Alirio Barrera y del alcalde de Ch\u00e1meza, Alexander Cubides Numpaque. Aunque a los presuntos delincuentes se les asocia con el Frente 10 de &hellip;<\/p>\n","protected":false},"author":2,"featured_media":27230,"comment_status":"open","ping_status":"open","sticky":false,"template":"","format":"standard","meta":{"om_disable_all_campaigns":false,"_exactmetrics_skip_tracking":false,"_exactmetrics_sitenote_active":false,"_exactmetrics_sitenote_note":"","_exactmetrics_sitenote_category":0,"_monsterinsights_skip_tracking":false,"_monsterinsights_sitenote_active":false,"_monsterinsights_sitenote_note":"","_monsterinsights_sitenote_category":0,"_uf_show_specific_survey":0,"_uf_disable_surveys":false,"_joinchat":[],"footnotes":""},"categories":[147,146,145],"tags":[5969,5968,1373,1400,1421,1376],"class_list":["post-27228","post","type-post","status-publish","format-standard","has-post-thumbnail","hentry","category-actualidad","category-noticias","category-reportajes","tag-alirio-barrera-exgobernador-de-casanare-intento-secuestro","tag-alirio-barrera-intento-de-secuestro","tag-casanare-noticias","tag-noticias-casanare","tag-noticias-yopal","tag-yopal-noticias"],"yoast_head":"<!-- This site is optimized with the Yoast SEO plugin v26.1 - https:\/\/yoast.com\/wordpress\/plugins\/seo\/ -->\n<title>Supuesto plan para secuestrar al exgobernador Alirio Barrera y al alcalde de Ch\u00e1meza, fue planeado por hombres sin antecedentes, pero presuntamente, disidentes de las Farc - \u25b7 Noticias de Casanare : Martha Cifuentes | Casanare<\/title>\n<meta name=\"robots\" content=\"index, follow, max-snippet:-1, max-image-preview:large, max-video-preview:-1\" \/>\n<link rel=\"canonical\" href=\"https:\/\/marthacifuentes.com\/portada\/supuesto-plan-para-secuestrar-al-exgobernador-alirio-barrera-y-al-alcalde-de-chameza-fue-planeado-por-hombres-sin-antecedentes-pero-presuntamente-disidentes-de-las-farc\/\" \/>\n<meta property=\"og:locale\" content=\"es_ES\" \/>\n<meta property=\"og:type\" content=\"article\" \/>\n<meta property=\"og:title\" content=\"Supuesto plan para secuestrar al exgobernador Alirio Barrera y al alcalde de Ch\u00e1meza, fue planeado por hombres sin antecedentes, pero presuntamente, disidentes de las Farc - \u25b7 Noticias de Casanare : Martha Cifuentes | Casanare\" \/>\n<meta property=\"og:description\" content=\"Libres quedaron dos hombres que fueron capturados en medio de una investigaci\u00f3n de la Fiscal\u00eda porque supuestamente tendr\u00edan la intenci\u00f3n de secuestrar al exgobernador de Casanare y precandidato presidencial del Centro Democr\u00e1tico, Alirio Barrera y del alcalde de Ch\u00e1meza, Alexander Cubides Numpaque. Aunque a los presuntos delincuentes se les asocia con el Frente 10 de &hellip;\" \/>\n<meta property=\"og:url\" content=\"https:\/\/marthacifuentes.com\/portada\/supuesto-plan-para-secuestrar-al-exgobernador-alirio-barrera-y-al-alcalde-de-chameza-fue-planeado-por-hombres-sin-antecedentes-pero-presuntamente-disidentes-de-las-farc\/\" \/>\n<meta property=\"og:site_name\" content=\"\u25b7 Noticias de Casanare : Martha Cifuentes | Casanare\" \/>\n<meta property=\"article:published_time\" content=\"2021-10-19T10:30:47+00:00\" \/>\n<meta property=\"og:image\" content=\"https:\/\/marthacifuentes.com\/portada\/wp-content\/uploads\/2021\/10\/secuestradores-supuesto-alirio-barrera.jpg\" \/>\n\t<meta property=\"og:image:width\" content=\"1078\" \/>\n\t<meta property=\"og:image:height\" content=\"692\" \/>\n\t<meta property=\"og:image:type\" content=\"image\/jpeg\" \/>\n<meta name=\"author\" content=\"Martha Cifuentes\" \/>\n<meta name=\"twitter:card\" content=\"summary_large_image\" \/>\n<meta name=\"twitter:label1\" content=\"Escrito por\" \/>\n\t<meta name=\"twitter:data1\" content=\"Martha Cifuentes\" \/>\n\t<meta name=\"twitter:label2\" content=\"Tiempo de lectura\" \/>\n\t<meta name=\"twitter:data2\" content=\"3 minutos\" \/>\n<script type=\"application\/ld+json\" class=\"yoast-schema-graph\">{\"@context\":\"https:\/\/schema.org\",\"@graph\":[{\"@type\":\"WebPage\",\"@id\":\"https:\/\/marthacifuentes.com\/portada\/supuesto-plan-para-secuestrar-al-exgobernador-alirio-barrera-y-al-alcalde-de-chameza-fue-planeado-por-hombres-sin-antecedentes-pero-presuntamente-disidentes-de-las-farc\/\",\"url\":\"https:\/\/marthacifuentes.com\/portada\/supuesto-plan-para-secuestrar-al-exgobernador-alirio-barrera-y-al-alcalde-de-chameza-fue-planeado-por-hombres-sin-antecedentes-pero-presuntamente-disidentes-de-las-farc\/\",\"name\":\"Supuesto plan para secuestrar al exgobernador Alirio Barrera y al alcalde de Ch\u00e1meza, fue planeado por hombres sin antecedentes, pero presuntamente, disidentes de las Farc - \u25b7 Noticias de Casanare : Martha Cifuentes | Casanare\",\"isPartOf\":{\"@id\":\"https:\/\/marthacifuentes.com\/portada\/#website\"},\"primaryImageOfPage\":{\"@id\":\"https:\/\/marthacifuentes.com\/portada\/supuesto-plan-para-secuestrar-al-exgobernador-alirio-barrera-y-al-alcalde-de-chameza-fue-planeado-por-hombres-sin-antecedentes-pero-presuntamente-disidentes-de-las-farc\/#primaryimage\"},\"image\":{\"@id\":\"https:\/\/marthacifuentes.com\/portada\/supuesto-plan-para-secuestrar-al-exgobernador-alirio-barrera-y-al-alcalde-de-chameza-fue-planeado-por-hombres-sin-antecedentes-pero-presuntamente-disidentes-de-las-farc\/#primaryimage\"},\"thumbnailUrl\":\"https:\/\/marthacifuentes.com\/portada\/wp-content\/uploads\/2021\/10\/secuestradores-supuesto-alirio-barrera.jpg\",\"datePublished\":\"2021-10-19T10:30:47+00:00\",\"author\":{\"@id\":\"https:\/\/marthacifuentes.com\/portada\/#\/schema\/person\/57f53174b991db5f90ff78d58502b714\"},\"breadcrumb\":{\"@id\":\"https:\/\/marthacifuentes.com\/portada\/supuesto-plan-para-secuestrar-al-exgobernador-alirio-barrera-y-al-alcalde-de-chameza-fue-planeado-por-hombres-sin-antecedentes-pero-presuntamente-disidentes-de-las-farc\/#breadcrumb\"},\"inLanguage\":\"es\",\"potentialAction\":[{\"@type\":\"ReadAction\",\"target\":[\"https:\/\/marthacifuentes.com\/portada\/supuesto-plan-para-secuestrar-al-exgobernador-alirio-barrera-y-al-alcalde-de-chameza-fue-planeado-por-hombres-sin-antecedentes-pero-presuntamente-disidentes-de-las-farc\/\"]}]},{\"@type\":\"ImageObject\",\"inLanguage\":\"es\",\"@id\":\"https:\/\/marthacifuentes.com\/portada\/supuesto-plan-para-secuestrar-al-exgobernador-alirio-barrera-y-al-alcalde-de-chameza-fue-planeado-por-hombres-sin-antecedentes-pero-presuntamente-disidentes-de-las-farc\/#primaryimage\",\"url\":\"https:\/\/marthacifuentes.com\/portada\/wp-content\/uploads\/2021\/10\/secuestradores-supuesto-alirio-barrera.jpg\",\"contentUrl\":\"https:\/\/marthacifuentes.com\/portada\/wp-content\/uploads\/2021\/10\/secuestradores-supuesto-alirio-barrera.jpg\",\"width\":1078,\"height\":692},{\"@type\":\"BreadcrumbList\",\"@id\":\"https:\/\/marthacifuentes.com\/portada\/supuesto-plan-para-secuestrar-al-exgobernador-alirio-barrera-y-al-alcalde-de-chameza-fue-planeado-por-hombres-sin-antecedentes-pero-presuntamente-disidentes-de-las-farc\/#breadcrumb\",\"itemListElement\":[{\"@type\":\"ListItem\",\"position\":1,\"name\":\"Portada\",\"item\":\"https:\/\/marthacifuentes.com\/portada\/\"},{\"@type\":\"ListItem\",\"position\":2,\"name\":\"Supuesto plan para secuestrar al exgobernador Alirio Barrera y al alcalde de Ch\u00e1meza, fue planeado por hombres sin antecedentes, pero presuntamente, disidentes de las Farc\"}]},{\"@type\":\"WebSite\",\"@id\":\"https:\/\/marthacifuentes.com\/portada\/#website\",\"url\":\"https:\/\/marthacifuentes.com\/portada\/\",\"name\":\"\u25b7 Noticias de Casanare : Martha Cifuentes | Casanare\",\"description\":\"Noticias &amp; Contenidos\",\"potentialAction\":[{\"@type\":\"SearchAction\",\"target\":{\"@type\":\"EntryPoint\",\"urlTemplate\":\"https:\/\/marthacifuentes.com\/portada\/?s={search_term_string}\"},\"query-input\":{\"@type\":\"PropertyValueSpecification\",\"valueRequired\":true,\"valueName\":\"search_term_string\"}}],\"inLanguage\":\"es\"},{\"@type\":\"Person\",\"@id\":\"https:\/\/marthacifuentes.com\/portada\/#\/schema\/person\/57f53174b991db5f90ff78d58502b714\",\"name\":\"Martha Cifuentes\",\"image\":{\"@type\":\"ImageObject\",\"inLanguage\":\"es\",\"@id\":\"https:\/\/marthacifuentes.com\/portada\/#\/schema\/person\/image\/\",\"url\":\"http:\/\/marthacifuentes.com\/portada\/wp-content\/uploads\/2018\/06\/avatar_user_2_1528838701-96x96.jpg\",\"contentUrl\":\"http:\/\/marthacifuentes.com\/portada\/wp-content\/uploads\/2018\/06\/avatar_user_2_1528838701-96x96.jpg\",\"caption\":\"Martha Cifuentes\"},\"sameAs\":[\"http:\/\/www.marthacifuentes.com\"],\"url\":\"https:\/\/marthacifuentes.com\/portada\/author\/martha\/\"}]}<\/script>\n<!-- \/ Yoast SEO plugin. -->","yoast_head_json":{"title":"Supuesto plan para secuestrar al exgobernador Alirio Barrera y al alcalde de Ch\u00e1meza, fue planeado por hombres sin antecedentes, pero presuntamente, disidentes de las Farc - \u25b7 Noticias de Casanare : Martha Cifuentes | Casanare","robots":{"index":"index","follow":"follow","max-snippet":"max-snippet:-1","max-image-preview":"max-image-preview:large","max-video-preview":"max-video-preview:-1"},"canonical":"https:\/\/marthacifuentes.com\/portada\/supuesto-plan-para-secuestrar-al-exgobernador-alirio-barrera-y-al-alcalde-de-chameza-fue-planeado-por-hombres-sin-antecedentes-pero-presuntamente-disidentes-de-las-farc\/","og_locale":"es_ES","og_type":"article","og_title":"Supuesto plan para secuestrar al exgobernador Alirio Barrera y al alcalde de Ch\u00e1meza, fue planeado por hombres sin antecedentes, pero presuntamente, disidentes de las Farc - \u25b7 Noticias de Casanare : Martha Cifuentes | Casanare","og_description":"Libres quedaron dos hombres que fueron capturados en medio de una investigaci\u00f3n de la Fiscal\u00eda porque supuestamente tendr\u00edan la intenci\u00f3n de secuestrar al exgobernador de Casanare y precandidato presidencial del Centro Democr\u00e1tico, Alirio Barrera y del alcalde de Ch\u00e1meza, Alexander Cubides Numpaque. Aunque a los presuntos delincuentes se les asocia con el Frente 10 de &hellip;","og_url":"https:\/\/marthacifuentes.com\/portada\/supuesto-plan-para-secuestrar-al-exgobernador-alirio-barrera-y-al-alcalde-de-chameza-fue-planeado-por-hombres-sin-antecedentes-pero-presuntamente-disidentes-de-las-farc\/","og_site_name":"\u25b7 Noticias de Casanare : Martha Cifuentes | Casanare","article_published_time":"2021-10-19T10:30:47+00:00","og_image":[{"width":1078,"height":692,"url":"https:\/\/marthacifuentes.com\/portada\/wp-content\/uploads\/2021\/10\/secuestradores-supuesto-alirio-barrera.jpg","type":"image\/jpeg"}],"author":"Martha Cifuentes","twitter_card":"summary_large_image","twitter_misc":{"Escrito por":"Martha Cifuentes","Tiempo de lectura":"3 minutos"},"schema":{"@context":"https:\/\/schema.org","@graph":[{"@type":"WebPage","@id":"https:\/\/marthacifuentes.com\/portada\/supuesto-plan-para-secuestrar-al-exgobernador-alirio-barrera-y-al-alcalde-de-chameza-fue-planeado-por-hombres-sin-antecedentes-pero-presuntamente-disidentes-de-las-farc\/","url":"https:\/\/marthacifuentes.com\/portada\/supuesto-plan-para-secuestrar-al-exgobernador-alirio-barrera-y-al-alcalde-de-chameza-fue-planeado-por-hombres-sin-antecedentes-pero-presuntamente-disidentes-de-las-farc\/","name":"Supuesto plan para secuestrar al exgobernador Alirio Barrera y al alcalde de Ch\u00e1meza, fue planeado por hombres sin antecedentes, pero presuntamente, disidentes de las Farc - \u25b7 Noticias de Casanare : Martha Cifuentes | Casanare","isPartOf":{"@id":"https:\/\/marthacifuentes.com\/portada\/#website"},"primaryImageOfPage":{"@id":"https:\/\/marthacifuentes.com\/portada\/supuesto-plan-para-secuestrar-al-exgobernador-alirio-barrera-y-al-alcalde-de-chameza-fue-planeado-por-hombres-sin-antecedentes-pero-presuntamente-disidentes-de-las-farc\/#primaryimage"},"image":{"@id":"https:\/\/marthacifuentes.com\/portada\/supuesto-plan-para-secuestrar-al-exgobernador-alirio-barrera-y-al-alcalde-de-chameza-fue-planeado-por-hombres-sin-antecedentes-pero-presuntamente-disidentes-de-las-farc\/#primaryimage"},"thumbnailUrl":"https:\/\/marthacifuentes.com\/portada\/wp-content\/uploads\/2021\/10\/secuestradores-supuesto-alirio-barrera.jpg","datePublished":"2021-10-19T10:30:47+00:00","author":{"@id":"https:\/\/marthacifuentes.com\/portada\/#\/schema\/person\/57f53174b991db5f90ff78d58502b714"},"breadcrumb":{"@id":"https:\/\/marthacifuentes.com\/portada\/supuesto-plan-para-secuestrar-al-exgobernador-alirio-barrera-y-al-alcalde-de-chameza-fue-planeado-por-hombres-sin-antecedentes-pero-presuntamente-disidentes-de-las-farc\/#breadcrumb"},"inLanguage":"es","potentialAction":[{"@type":"ReadAction","target":["https:\/\/marthacifuentes.com\/portada\/supuesto-plan-para-secuestrar-al-exgobernador-alirio-barrera-y-al-alcalde-de-chameza-fue-planeado-por-hombres-sin-antecedentes-pero-presuntamente-disidentes-de-las-farc\/"]}]},{"@type":"ImageObject","inLanguage":"es","@id":"https:\/\/marthacifuentes.com\/portada\/supuesto-plan-para-secuestrar-al-exgobernador-alirio-barrera-y-al-alcalde-de-chameza-fue-planeado-por-hombres-sin-antecedentes-pero-presuntamente-disidentes-de-las-farc\/#primaryimage","url":"https:\/\/marthacifuentes.com\/portada\/wp-content\/uploads\/2021\/10\/secuestradores-supuesto-alirio-barrera.jpg","contentUrl":"https:\/\/marthacifuentes.com\/portada\/wp-content\/uploads\/2021\/10\/secuestradores-supuesto-alirio-barrera.jpg","width":1078,"height":692},{"@type":"BreadcrumbList","@id":"https:\/\/marthacifuentes.com\/portada\/supuesto-plan-para-secuestrar-al-exgobernador-alirio-barrera-y-al-alcalde-de-chameza-fue-planeado-por-hombres-sin-antecedentes-pero-presuntamente-disidentes-de-las-farc\/#breadcrumb","itemListElement":[{"@type":"ListItem","position":1,"name":"Portada","item":"https:\/\/marthacifuentes.com\/portada\/"},{"@type":"ListItem","position":2,"name":"Supuesto plan para secuestrar al exgobernador Alirio Barrera y al alcalde de Ch\u00e1meza, fue planeado por hombres sin antecedentes, pero presuntamente, disidentes de las Farc"}]},{"@type":"WebSite","@id":"https:\/\/marthacifuentes.com\/portada\/#website","url":"https:\/\/marthacifuentes.com\/portada\/","name":"\u25b7 Noticias de Casanare : Martha Cifuentes | Casanare","description":"Noticias &amp; Contenidos","potentialAction":[{"@type":"SearchAction","target":{"@type":"EntryPoint","urlTemplate":"https:\/\/marthacifuentes.com\/portada\/?s={search_term_string}"},"query-input":{"@type":"PropertyValueSpecification","valueRequired":true,"valueName":"search_term_string"}}],"inLanguage":"es"},{"@type":"Person","@id":"https:\/\/marthacifuentes.com\/portada\/#\/schema\/person\/57f53174b991db5f90ff78d58502b714","name":"Martha Cifuentes","image":{"@type":"ImageObject","inLanguage":"es","@id":"https:\/\/marthacifuentes.com\/portada\/#\/schema\/person\/image\/","url":"http:\/\/marthacifuentes.com\/portada\/wp-content\/uploads\/2018\/06\/avatar_user_2_1528838701-96x96.jpg","contentUrl":"http:\/\/marthacifuentes.com\/portada\/wp-content\/uploads\/2018\/06\/avatar_user_2_1528838701-96x96.jpg","caption":"Martha Cifuentes"},"sameAs":["http:\/\/www.marthacifuentes.com"],"url":"https:\/\/marthacifuentes.com\/portada\/author\/martha\/"}]}},"_links":{"self":[{"href":"https:\/\/marthacifuentes.com\/portada\/wp-json\/wp\/v2\/posts\/27228","targetHints":{"allow":["GET"]}}],"collection":[{"href":"https:\/\/marthacifuentes.com\/portada\/wp-json\/wp\/v2\/posts"}],"about":[{"href":"https:\/\/marthacifuentes.com\/portada\/wp-json\/wp\/v2\/types\/post"}],"author":[{"embeddable":true,"href":"https:\/\/marthacifuentes.com\/portada\/wp-json\/wp\/v2\/users\/2"}],"replies":[{"embeddable":true,"href":"https:\/\/marthacifuentes.com\/portada\/wp-json\/wp\/v2\/comments?post=27228"}],"version-history":[{"count":1,"href":"https:\/\/marthacifuentes.com\/portada\/wp-json\/wp\/v2\/posts\/27228\/revisions"}],"predecessor-version":[{"id":27231,"href":"https:\/\/marthacifuentes.com\/portada\/wp-json\/wp\/v2\/posts\/27228\/revisions\/27231"}],"wp:featuredmedia":[{"embeddable":true,"href":"https:\/\/marthacifuentes.com\/portada\/wp-json\/wp\/v2\/media\/27230"}],"wp:attachment":[{"href":"https:\/\/marthacifuentes.com\/portada\/wp-json\/wp\/v2\/media?parent=27228"}],"wp:term":[{"taxonomy":"category","embeddable":true,"href":"https:\/\/marthacifuentes.com\/portada\/wp-json\/wp\/v2\/categories?post=27228"},{"taxonomy":"post_tag","embeddable":true,"href":"https:\/\/marthacifuentes.com\/portada\/wp-json\/wp\/v2\/tags?post=27228"}],"curies":[{"name":"wp","href":"https:\/\/api.w.org\/{rel}","templated":true}]}}