{"id":27335,"date":"2021-11-03T14:26:02","date_gmt":"2021-11-03T19:26:02","guid":{"rendered":"https:\/\/marthacifuentes.com\/portada\/?p=27335"},"modified":"2021-11-03T14:27:20","modified_gmt":"2021-11-03T19:27:20","slug":"asesinados-3-militares-y-1-civil-y-heridos-5-hombres-en-ataque-terrorista-de-las-disidencias-de-las-farc-en-paz-de-ariporo-casanare","status":"publish","type":"post","link":"https:\/\/marthacifuentes.com\/portada\/asesinados-3-militares-y-1-civil-y-heridos-5-hombres-en-ataque-terrorista-de-las-disidencias-de-las-farc-en-paz-de-ariporo-casanare\/","title":{"rendered":"Asesinados 3 militares y 1 civil, y heridos 5 hombres en ataque terrorista de las disidencias de las Farc, en Paz de Ariporo, Casanare"},"content":{"rendered":"<p style=\"text-align: justify;\">Atentado terrorista a patrulla del Ej\u00e9rcito en v\u00eda Paz de Ariporo-HatoCorozal, Casanare, ocurrido hacia las 7 de la ma\u00f1ana de hoy, caus\u00f3 la muerte a cuatro hombres, tres de los cuales eran militares y uno civil. Igualmente hubo cinco heridos, tres de los cuales son militares y dos civiles de 15 y 28 a\u00f1os de edad. Consejo Extraordinario de Seguridad se realiza en este momento.<\/p>\n<p style=\"text-align: justify;\">El cabo primero Edison Manuel Buitrago Prada y los soldados Diner Inocencio de Dios y Brayan Esteban Morales, fueron asesinados en un entrampamiento de delincuentes de las disidencias de las Farc, frente 28, quienes simularon un supuesto accidente entre un carro marca Renault y una motocicleta para atraer a los uniformados, en el sector conocido como Guayabal, a 5 minutos de Paz de Ariporo.<\/p>\n<p style=\"text-align: justify;\">En el sitio hab\u00eda algunos curiosos y cuando la patrulla militar se acerc\u00f3 a observar, fue detonado un explosivo que caus\u00f3 la tragedia y una onda explosiva y gran estruendo que fue escuchado en Paz de Ariporo.<\/p>\n<p style=\"text-align: justify;\">En el perverso hecho, tambi\u00e9n fue asesinado Alexander Rodr\u00edguez Peraza, paz de aripore\u00f1o encargado de la finca Guayabal, sitio donde fue el atentado. \u00c9l estaba observando el supuesto accidente.<\/p>\n<p style=\"text-align: justify;\">Los militares afectados por el ataque, hacen parte del Grupo de Caballer\u00eda Montado Nro. 16 Gu\u00edas de Casanare, que se encontraba realizando operaciones de control territorial, fue objeto de un atentado terrorista con explosivos.<\/p>\n<p><img loading=\"lazy\" decoding=\"async\" class=\"alignnone size-full wp-image-27336\" src=\"https:\/\/marthacifuentes.com\/portada\/wp-content\/uploads\/2021\/11\/252508601_1361299014342154_1464596758021901942_n.jpg\" alt=\"\" width=\"900\" height=\"450\" srcset=\"https:\/\/marthacifuentes.com\/portada\/wp-content\/uploads\/2021\/11\/252508601_1361299014342154_1464596758021901942_n.jpg 900w, https:\/\/marthacifuentes.com\/portada\/wp-content\/uploads\/2021\/11\/252508601_1361299014342154_1464596758021901942_n-300x150.jpg 300w, https:\/\/marthacifuentes.com\/portada\/wp-content\/uploads\/2021\/11\/252508601_1361299014342154_1464596758021901942_n-768x384.jpg 768w\" sizes=\"auto, (max-width: 900px) 100vw, 900px\" \/><\/p>\n<p>&nbsp;<\/p>\n<p style=\"text-align: justify;\"><strong>Los heridos<\/strong><\/p>\n<p style=\"text-align: justify;\">Mientras tanto los heridos fueron trasladados al Hospital Regional de la Orinoquia. El director de Urgencias Hern\u00e1n Dar\u00edo Hern\u00e1ndez Santacoloma, explic\u00f3 que llegaron 5 hombres heridos, 3 de los cuales son militares y 2 civiles, incluido un menor de 15 a\u00f1os.<\/p>\n<p style=\"text-align: justify;\">Al ingresar, uno de los militares presentaba amputaci\u00f3n traum\u00e1tica de miembro superior izquierdo. Inmediatamente fue llevado a sala de cirug\u00eda y atenci\u00f3n ortop\u00e9dica. Los otros dos militares ten\u00edan lesiones menores por las cuales est\u00e1n siendo valorados. Mientras tanto el joven de 15 a\u00f1os, quien pasaba por la carretera, sufri\u00f3 una lesi\u00f3n en el cuello, que requiri\u00f3 exploraci\u00f3n y se inform\u00f3 que est\u00e1 con pron\u00f3stico reservado. El otro civil herido corresponde a un hombre de 28 a\u00f1os con quemaduras en el 35% de su cuerpo, con compromiso en \u00e1reas especiales por lo que se le realiz\u00f3 un aseguramiento de la v\u00eda a\u00e9rea. \u00c9l ser\u00e1 remitido a la unidad de quemados.<\/p>\n<p>&nbsp;<\/p>\n<p style=\"text-align: justify;\"><strong>Frente 28 de las disidencias de las Farc se atribuyeron el hecho<\/strong><\/p>\n<p style=\"text-align: justify;\">A trav\u00e9s de un comunicado, el frente 28 Jos\u00e9 Mar\u00eda C\u00f3rdoba, comando Dairon Rodr\u00edguez, de las disidencias de las Farc, cuyo cabecilla es alias \u201cAntonio Medina\u201d, se atribuy\u00f3 el cruento atentado. En este se manifiesta que continuar\u00e1n con este tipo de acciones contra la fuerza p\u00fablica y en especial hacia la polic\u00eda de tr\u00e1nsito. Advirtieron adem\u00e1s que los civiles no deben estar cerca de las fuerzas del orden. Finalmente expresaron apoyo al grupo armado ELN.<\/p>\n<p><img loading=\"lazy\" decoding=\"async\" class=\"alignnone size-full wp-image-27339\" src=\"https:\/\/marthacifuentes.com\/portada\/wp-content\/uploads\/2021\/11\/252454971_4370035973124504_2162471112626829510_n.jpg\" alt=\"\" width=\"526\" height=\"686\" srcset=\"https:\/\/marthacifuentes.com\/portada\/wp-content\/uploads\/2021\/11\/252454971_4370035973124504_2162471112626829510_n.jpg 526w, https:\/\/marthacifuentes.com\/portada\/wp-content\/uploads\/2021\/11\/252454971_4370035973124504_2162471112626829510_n-230x300.jpg 230w\" sizes=\"auto, (max-width: 526px) 100vw, 526px\" \/><\/p>\n<p style=\"text-align: justify;\"><strong>Antecedentes <\/strong><\/p>\n<p style=\"text-align: justify;\">El 25 de noviembre del a\u00f1o 2002, en este mismo sector, fueron asesinados al menos 14 militares en un fuerte combate del Grupo Mecanizado Gu\u00edas de Casanare con guerrilleros del mismo frente 28 de las Farc-EP, cuando los soldados intentaron desmontar un ret\u00e9n que la guerrilla hab\u00eda impuesto en la carretera entre los r\u00edos Ariporo y Tate, seg\u00fan report\u00f3 el peri\u00f3dico El Tiempo, en su momento.<\/p>\n<h2>Otras noticias&#8230;<\/h2>\n<blockquote class=\"wp-embedded-content\" data-secret=\"5RU7I8l05S\"><p><a href=\"https:\/\/marthacifuentes.com\/portada\/2021\/11\/03\/por-inhabilidad-nidian-larrrota-exgerente-de-ifc-excluida-de-concurso-de-eleccion-de-nuevo-contralor-de-casanare\/\">Por inhabilidad, Nidian Larrrota, exgerente de IFC, excluida de concurso de elecci\u00f3n de nuevo contralor de Casanare.<\/a><\/p><\/blockquote>\n<p><iframe loading=\"lazy\" class=\"wp-embedded-content\" sandbox=\"allow-scripts\" security=\"restricted\" style=\"position: absolute; clip: rect(1px, 1px, 1px, 1px);\" title=\"\u00abPor inhabilidad, Nidian Larrrota, exgerente de IFC, excluida de concurso de elecci\u00f3n de nuevo contralor de Casanare.\u00bb \u2014 \u25b7 Noticias de Casanare : Martha Cifuentes | Casanare\" src=\"https:\/\/marthacifuentes.com\/portada\/2021\/11\/03\/por-inhabilidad-nidian-larrrota-exgerente-de-ifc-excluida-de-concurso-de-eleccion-de-nuevo-contralor-de-casanare\/embed\/#?secret=DiE54FL9Fz#?secret=5RU7I8l05S\" data-secret=\"5RU7I8l05S\" width=\"500\" height=\"282\" frameborder=\"0\" marginwidth=\"0\" marginheight=\"0\" scrolling=\"no\"><\/iframe><\/p>\n<p><iframe loading=\"lazy\" class=\"wp-embedded-content\" title=\"\u00abEste a\u00f1o no ser\u00e1 reabierta v\u00eda del Cusiana. Bolsillo de los casanare\u00f1os ser\u00e1n los m\u00e1s afectados por incremento de precios de alimentos\u00bb \u2014 \u25b7 Noticias de Casanare : Martha Cifuentes | Casanare\" src=\"https:\/\/marthacifuentes.com\/portada\/2021\/11\/03\/este-ano-no-sera-reabierta-via-del-cusiana-bolsillo-de-los-casanarenos-seran-los-mas-afectados-por-incremento-de-precios-de-alimentos\/embed\/#?secret=wekflDk30L\" width=\"600\" height=\"622\" frameborder=\"0\" marginwidth=\"0\" marginheight=\"0\" scrolling=\"no\" sandbox=\"allow-scripts\" data-secret=\"wekflDk30L\" data-mce-fragment=\"1\"><\/iframe><\/p>\n<p><iframe loading=\"lazy\" class=\"wp-embedded-content\" title=\"\u00abContralor\u00eda abri\u00f3 proceso verbal a exgobernador de Casanare Ra\u00fal Fl\u00f3rez y otros 14 imputados por irregularidades en Torres del Silencio, Yopal\u00bb \u2014 \u25b7 Noticias de Casanare : Martha Cifuentes | Casanare\" src=\"https:\/\/marthacifuentes.com\/portada\/2021\/11\/02\/contraloria-abrio-proceso-verbal-a-exgobernador-de-casanare-raul-florez-y-otros-14-imputados-por-irregularidades-en-torres-del-silencio-yopal\/embed\/#?secret=hQpLrGRfFY\" width=\"600\" height=\"641\" frameborder=\"0\" marginwidth=\"0\" marginheight=\"0\" scrolling=\"no\" sandbox=\"allow-scripts\" data-secret=\"hQpLrGRfFY\" data-mce-fragment=\"1\"><\/iframe><\/p>\n<p><iframe loading=\"lazy\" class=\"wp-embedded-content\" title=\"\u00abTransportadoras de cargas extradimensionadas estar\u00edan violando normas de seguridad vial en Casanare \u00a0\u00bb \u2014 \u25b7 Noticias de Casanare : Martha Cifuentes | Casanare\" src=\"https:\/\/marthacifuentes.com\/portada\/2021\/11\/01\/transportadoras-de-cargas-extradimensionadas-estarian-violando-normas-de-seguridad-vial-en-casanare\/embed\/#?secret=7QH70NfQ1o\" width=\"600\" height=\"642\" frameborder=\"0\" marginwidth=\"0\" marginheight=\"0\" scrolling=\"no\" sandbox=\"allow-scripts\" data-secret=\"7QH70NfQ1o\" data-mce-fragment=\"1\"><\/iframe><\/p>\n<p><iframe loading=\"lazy\" class=\"wp-embedded-content\" title=\"\u00abVuelve y juega: Casanare incomunicado indefinidamente con el centro del pa\u00eds, por la v\u00eda Aguazul-Sogamoso.\u00bb \u2014 \u25b7 Noticias de Casanare : Martha Cifuentes | Casanare\" src=\"https:\/\/marthacifuentes.com\/portada\/2021\/11\/01\/vuelve-y-juega-casanare-incomunicado-indefinidamente-con-el-centro-del-pais-por-la-via-aguazul-sogamoso\/embed\/#?secret=7SaOiDPSha\" width=\"600\" height=\"621\" frameborder=\"0\" marginwidth=\"0\" marginheight=\"0\" scrolling=\"no\" sandbox=\"allow-scripts\" data-secret=\"7SaOiDPSha\" data-mce-fragment=\"1\"><\/iframe><\/p>\n<p><iframe loading=\"lazy\" class=\"wp-embedded-content\" title=\"\u00abCorporinoquia con buen ambiente para elegir nuevo director. Proceso arrancar\u00e1 de ceros.\u00bb \u2014 \u25b7 Noticias de Casanare : Martha Cifuentes | Casanare\" src=\"https:\/\/marthacifuentes.com\/portada\/2021\/10\/29\/corporinoquia-con-buen-ambiente-para-elegir-nuevo-director-proceso-arrancara-de-ceros\/embed\/#?secret=008uMOZB8l\" width=\"600\" height=\"614\" frameborder=\"0\" marginwidth=\"0\" marginheight=\"0\" scrolling=\"no\" sandbox=\"allow-scripts\" data-secret=\"008uMOZB8l\" data-mce-fragment=\"1\"><\/iframe><\/p>\n<p><iframe loading=\"lazy\" class=\"wp-embedded-content\" title=\"\u00abPresidente Consejo Directivo de Corporinoquia que hoy define como elegir nuevo director, fue el mismo que indujo al error que produjo ca\u00edda de directora\u00bb \u2014 \u25b7 Noticias de Casanare : Martha Cifuentes | Casanare\" src=\"https:\/\/marthacifuentes.com\/portada\/2021\/10\/29\/presidente-consejo-directivo-de-corporinoquia-que-hoy-define-como-elegir-nuevo-director-fue-el-mismo-que-indujo-al-error-que-produjo-caida-de-directora\/embed\/#?secret=2Rt8ELS5Ta\" width=\"600\" height=\"607\" frameborder=\"0\" marginwidth=\"0\" marginheight=\"0\" scrolling=\"no\" sandbox=\"allow-scripts\" data-secret=\"2Rt8ELS5Ta\" data-mce-fragment=\"1\"><\/iframe><\/p>\n<p><iframe loading=\"lazy\" class=\"wp-embedded-content\" title=\"\u00abAlcald\u00eda de Yopal habr\u00eda falseado cifras en proyecto de acuerdo de reajuste a la planta de personal, seg\u00fan an\u00e1lisis de algunas concejalas\u00bb \u2014 \u25b7 Noticias de Casanare : Martha Cifuentes | Casanare\" src=\"https:\/\/marthacifuentes.com\/portada\/2021\/10\/29\/alcaldia-de-yopal-habria-falseado-cifras-en-proyecto-de-acuerdo-de-reajuste-a-la-planta-de-personal-segun-analisis-de-algunas-concejalas\/embed\/#?secret=fMrls1knTT\" width=\"600\" height=\"642\" frameborder=\"0\" marginwidth=\"0\" marginheight=\"0\" scrolling=\"no\" sandbox=\"allow-scripts\" data-secret=\"fMrls1knTT\" data-mce-fragment=\"1\"><\/iframe><\/p>\n<p><iframe loading=\"lazy\" class=\"wp-embedded-content\" title=\"\u00abL\u00edder social de Aguazul Miguel Daza recobr\u00f3 libertad. Juez revoc\u00f3 medida de aseguramiento impuesta en febrero.\u00bb \u2014 \u25b7 Noticias de Casanare : Martha Cifuentes | Casanare\" src=\"https:\/\/marthacifuentes.com\/portada\/2021\/10\/28\/lider-social-de-aguazul-miguel-daza-recobro-libertad-juez-revoco-medida-de-aseguramiento-impuesta-en-febrero\/embed\/#?secret=Oyi5EujknF\" width=\"600\" height=\"641\" frameborder=\"0\" marginwidth=\"0\" marginheight=\"0\" scrolling=\"no\" sandbox=\"allow-scripts\" data-secret=\"Oyi5EujknF\" data-mce-fragment=\"1\"><\/iframe><\/p>\n<p><iframe loading=\"lazy\" class=\"wp-embedded-content\" title=\"\u00ab\u00bfPor qu\u00e9 la Contralor\u00eda General le quit\u00f3 la vigilancia y control sobre el Hospital Regional de la Orinoquia a la Contralor\u00eda de Casanare?\u00bb \u2014 \u25b7 Noticias de Casanare : Martha Cifuentes | Casanare\" src=\"https:\/\/marthacifuentes.com\/portada\/2021\/10\/28\/por-que-la-contraloria-general-le-quito-la-vigilancia-y-control-sobre-el-hospital-regional-de-la-orinoquia-a-la-contraloria-de-casanare\/embed\/#?secret=W0pnOdtwqz\" width=\"600\" height=\"617\" frameborder=\"0\" marginwidth=\"0\" marginheight=\"0\" scrolling=\"no\" sandbox=\"allow-scripts\" data-secret=\"W0pnOdtwqz\" data-mce-fragment=\"1\"><\/iframe><\/p>\n<p><iframe loading=\"lazy\" class=\"wp-embedded-content\" title=\"\u00abGobernador de Casanare Salom\u00f3n Sanabria confirm\u00f3 que fue amenazado de muerte por disidencias de las Farc\u00bb \u2014 \u25b7 Noticias de Casanare : Martha Cifuentes | Casanare\" src=\"https:\/\/marthacifuentes.com\/portada\/2021\/10\/28\/gobernador-de-casanare-salomon-sanabria-confirmo-que-fue-amenazado-de-muerte-por-disidencias-de-las-farc\/embed\/#?secret=mljZhhVCXZ\" width=\"600\" height=\"642\" frameborder=\"0\" marginwidth=\"0\" marginheight=\"0\" scrolling=\"no\" sandbox=\"allow-scripts\" data-secret=\"mljZhhVCXZ\" data-mce-fragment=\"1\"><\/iframe><\/p>\n<p><iframe loading=\"lazy\" class=\"wp-embedded-content\" title=\"\u00abConcejales ponentes de Yopal hunden proyecto de acuerdo. Seg\u00fan su an\u00e1lisis habr\u00eda alza en impuesto predial e ICA.\u00bb \u2014 \u25b7 Noticias de Casanare : Martha Cifuentes | Casanare\" src=\"https:\/\/marthacifuentes.com\/portada\/2021\/10\/27\/concejales-ponentes-de-yopal-hunden-proyecto-de-acuerdo-segun-su-analisis-habria-alza-en-impuesto-predial-e-ica\/embed\/#?secret=ftGhW2As4b\" width=\"600\" height=\"607\" frameborder=\"0\" marginwidth=\"0\" marginheight=\"0\" scrolling=\"no\" sandbox=\"allow-scripts\" data-secret=\"ftGhW2As4b\" data-mce-fragment=\"1\"><\/iframe><\/p>\n<p><iframe loading=\"lazy\" class=\"wp-embedded-content\" title=\"\u00abEn la \u00abYopal Segura\u00bb no funcionan 70% de c\u00e1maras. Delitos cometidos en 10 meses de 2021 casi igualan a los de todo 2020.\u00bb \u2014 \u25b7 Noticias de Casanare : Martha Cifuentes | Casanare\" src=\"https:\/\/marthacifuentes.com\/portada\/2021\/10\/26\/en-la-yopal-segura-no-funcionan-70-de-camaras-delitos-cometidos-en-10-meses-de-2021-casi-igualan-a-los-de-todo-2020\/embed\/#?secret=i1OsRKaHoN\" width=\"600\" height=\"642\" frameborder=\"0\" marginwidth=\"0\" marginheight=\"0\" scrolling=\"no\" sandbox=\"allow-scripts\" data-secret=\"i1OsRKaHoN\" data-mce-fragment=\"1\"><\/iframe><\/p>\n<p><iframe loading=\"lazy\" class=\"wp-embedded-content\" title=\"\u00abDiego Aranguren, Beatriz Guarnizo y Cipriano Castro, aspirantes con mayor puntaje en prueba de conocimientos, en concurso de elecci\u00f3n de Contralor de Casanare\u00bb \u2014 \u25b7 Noticias de Casanare : Martha Cifuentes | Casanare\" src=\"https:\/\/marthacifuentes.com\/portada\/2021\/10\/26\/diego-aranguren-beatriz-guarnizo-y-cipriano-castro-aspirantes-con-mayor-puntaje-en-prueba-de-conocimientos-en-concurso-de-eleccion-de-contralor-de-casanare\/embed\/#?secret=mVjw1i8Dqx\" width=\"600\" height=\"642\" frameborder=\"0\" marginwidth=\"0\" marginheight=\"0\" scrolling=\"no\" sandbox=\"allow-scripts\" data-secret=\"mVjw1i8Dqx\" data-mce-fragment=\"1\"><\/iframe><\/p>\n<p><iframe loading=\"lazy\" class=\"wp-embedded-content\" title=\"\u00abConcejal Jessica Avella cuestion\u00f3 que Alcald\u00eda de Yopal en casi 2 a\u00f1os de gobierno no haya ejecutado un solo proyecto con regal\u00edas\u00bb \u2014 \u25b7 Noticias de Casanare : Martha Cifuentes | Casanare\" src=\"https:\/\/marthacifuentes.com\/portada\/2021\/10\/26\/concejal-jessica-avella-cuestiono-que-alcaldia-de-yopal-en-casi-2-anos-de-gobierno-no-haya-ejecutado-un-solo-proyecto-con-regalias\/embed\/#?secret=OTro4e5ts0\" width=\"600\" height=\"603\" frameborder=\"0\" marginwidth=\"0\" marginheight=\"0\" scrolling=\"no\" sandbox=\"allow-scripts\" data-secret=\"OTro4e5ts0\" data-mce-fragment=\"1\"><\/iframe><\/p>\n<p><iframe loading=\"lazy\" class=\"wp-embedded-content\" title=\"\u00abCapturado gobernador de Arauca habr\u00eda pactado acuerdo con el ELN, seg\u00fan la Fiscal\u00eda\u00bb \u2014 \u25b7 Noticias de Casanare : Martha Cifuentes | Casanare\" src=\"https:\/\/marthacifuentes.com\/portada\/2021\/10\/21\/capturado-gobernador-de-arauca-habria-pactado-acuerdo-con-el-eln-segun-la-fiscalia\/embed\/#?secret=IfwsGBbuhS\" width=\"600\" height=\"613\" frameborder=\"0\" marginwidth=\"0\" marginheight=\"0\" scrolling=\"no\" sandbox=\"allow-scripts\" data-secret=\"IfwsGBbuhS\" data-mce-fragment=\"1\"><\/iframe><\/p>\n<p><iframe loading=\"lazy\" class=\"wp-embedded-content\" title=\"\u00abRecapturado alias Ovidio, presunto sicario del Clan del Golfo en Casanare, quien se fug\u00f3 hace 3 meses del Horo.\u00bb \u2014 \u25b7 Noticias de Casanare : Martha Cifuentes | Casanare\" src=\"https:\/\/marthacifuentes.com\/portada\/2021\/10\/20\/recapturado-alias-ovidio-presunto-sicario-del-clan-del-golfo-en-casanare-quien-se-fugo-hace-3-meses-del-horo\/embed\/#?secret=um2CDMZFAt\" width=\"600\" height=\"642\" frameborder=\"0\" marginwidth=\"0\" marginheight=\"0\" scrolling=\"no\" sandbox=\"allow-scripts\" data-secret=\"um2CDMZFAt\" data-mce-fragment=\"1\"><\/iframe><\/p>\n<p><iframe loading=\"lazy\" class=\"wp-embedded-content\" title=\"\u00abGuillermo P\u00e9rez, director de Riesgo de Casanare destaca aprobaci\u00f3n de 124 mil millones del gobierno nacional para atender emergencias\u00bb \u2014 \u25b7 Noticias de Casanare : Martha Cifuentes | Casanare\" src=\"https:\/\/marthacifuentes.com\/portada\/2021\/10\/20\/guillermo-perez-director-de-riesgo-de-casanare-destaca-aprobacion-de-124-mil-millones-del-gobierno-nacional-para-atender-emergencias\/embed\/#?secret=v2uzu9SS7r\" width=\"600\" height=\"642\" frameborder=\"0\" marginwidth=\"0\" marginheight=\"0\" scrolling=\"no\" sandbox=\"allow-scripts\" data-secret=\"v2uzu9SS7r\" data-mce-fragment=\"1\"><\/iframe><\/p>\n<p><iframe loading=\"lazy\" class=\"wp-embedded-content\" title=\"\u00abEmpresas de aprovechamiento de residuos en Yopal se est\u00e1n aprovechado de usuarios, quienes estar\u00edan pagando costos injustificados, dice la Superservicios\u00bb \u2014 \u25b7 Noticias de Casanare : Martha Cifuentes | Casanare\" src=\"https:\/\/marthacifuentes.com\/portada\/2021\/10\/19\/empresas-de-aprovechamiento-de-residuos-en-yopal-se-estan-aprovechado-de-usuarios-quienes-estarian-pagando-costos-injustificados-dice-la-superservicios\/embed\/#?secret=hZ13UVZ2AV\" width=\"600\" height=\"662\" frameborder=\"0\" marginwidth=\"0\" marginheight=\"0\" scrolling=\"no\" sandbox=\"allow-scripts\" data-secret=\"hZ13UVZ2AV\" data-mce-fragment=\"1\"><\/iframe><\/p>\n<p><iframe loading=\"lazy\" class=\"wp-embedded-content\" title=\"\u00abSupuesto plan para secuestrar al exgobernador Alirio Barrera y al alcalde de Ch\u00e1meza, fue planeado por hombres sin antecedentes, pero presuntamente, disidentes de las Farc\u00bb \u2014 \u25b7 Noticias de Casanare : Martha Cifuentes | Casanare\" src=\"https:\/\/marthacifuentes.com\/portada\/2021\/10\/19\/supuesto-plan-para-secuestrar-al-exgobernador-alirio-barrera-y-al-alcalde-de-chameza-fue-planeado-por-hombres-sin-antecedentes-pero-presuntamente-disidentes-de-las-farc\/embed\/#?secret=cD7oWYEOnV\" width=\"600\" height=\"669\" frameborder=\"0\" marginwidth=\"0\" marginheight=\"0\" scrolling=\"no\" sandbox=\"allow-scripts\" data-secret=\"cD7oWYEOnV\" data-mce-fragment=\"1\"><\/iframe><\/p>\n<p><iframe loading=\"lazy\" class=\"wp-embedded-content\" title=\"\u00abANI y Covioriente le \u201cmaman gallo\u201d a Casanare. Directivos no asistieron a debate en Asamblea sobre terreno de la Gobernaci\u00f3n, intervenido sin autorizaci\u00f3n\u00bb \u2014 \u25b7 Noticias de Casanare : Martha Cifuentes | Casanare\" src=\"https:\/\/marthacifuentes.com\/portada\/2021\/10\/15\/ani-y-covioriente-le-maman-gallo-a-casanare-directivos-no-asistieron-a-debate-en-asamblea-sobre-terreno-de-la-gobernacion-intervenido-sin-autorizacion\/embed\/#?secret=YW18RRRUcN\" width=\"600\" height=\"669\" frameborder=\"0\" marginwidth=\"0\" marginheight=\"0\" scrolling=\"no\" sandbox=\"allow-scripts\" data-secret=\"YW18RRRUcN\" data-mce-fragment=\"1\"><\/iframe><\/p>\n<p><iframe loading=\"lazy\" class=\"wp-embedded-content\" title=\"\u00abMilitantes de uribismo en Casanare evidencian conflictos entre el clan Barrera-Gonz\u00e1lez, en elecci\u00f3n de delegados del Centro Democr\u00e1tico\u00bb \u2014 \u25b7 Noticias de Casanare : Martha Cifuentes | Casanare\" src=\"https:\/\/marthacifuentes.com\/portada\/2021\/10\/13\/militantes-de-uribismo-en-casanare-evidencian-conflictos-entre-el-clan-barrera-gonzalez-en-eleccion-de-delegados-del-centro-democratico\/embed\/#?secret=w6ur4l5lWx\" width=\"600\" height=\"642\" frameborder=\"0\" marginwidth=\"0\" marginheight=\"0\" scrolling=\"no\" sandbox=\"allow-scripts\" data-secret=\"w6ur4l5lWx\" data-mce-fragment=\"1\"><\/iframe><\/p>\n<p><iframe loading=\"lazy\" class=\"wp-embedded-content\" title=\"\u00abA pu\u00f1o limpio transportadores de Man\u00ed y Aguazul, se disputan contrataci\u00f3n de cargue de material para v\u00eda Central del Llano\u00bb \u2014 \u25b7 Noticias de Casanare : Martha Cifuentes | Casanare\" src=\"https:\/\/marthacifuentes.com\/portada\/2021\/10\/11\/a-puno-limpio-transportadores-de-mani-y-aguazul-se-disputan-contratacion-de-cargue-de-material-para-via-central-del-llano\/embed\/#?secret=nC1g1v21cu\" width=\"600\" height=\"640\" frameborder=\"0\" marginwidth=\"0\" marginheight=\"0\" scrolling=\"no\" sandbox=\"allow-scripts\" data-secret=\"nC1g1v21cu\" data-mce-fragment=\"1\"><\/iframe><\/p>\n<p><iframe loading=\"lazy\" class=\"wp-embedded-content\" title=\"\u00abMientras que Consejo Directivo de Corporinoquia definir\u00e1 proceso de elecci\u00f3n de director en propiedad, tambi\u00e9n pretende aprobar vigencias futuras\u00bb \u2014 \u25b7 Noticias de Casanare : Martha Cifuentes | Casanare\" src=\"https:\/\/marthacifuentes.com\/portada\/2021\/10\/11\/mientras-que-consejo-directivo-de-corporinoquia-definira-proceso-de-eleccion-de-director-en-propiedad-tambien-pretende-aprobar-vigencias-futuras\/embed\/#?secret=e0unnFt232\" width=\"600\" height=\"621\" frameborder=\"0\" marginwidth=\"0\" marginheight=\"0\" scrolling=\"no\" sandbox=\"allow-scripts\" data-secret=\"e0unnFt232\" data-mce-fragment=\"1\"><\/iframe><\/p>\n<p><iframe loading=\"lazy\" class=\"wp-embedded-content\" title=\"\u00abMinisterio del Interior tiene estancado proceso de revocatoria de alcaldesa de Aguazul por no nombrar alcalde ad hoc\u00bb \u2014 \u25b7 Noticias de Casanare : Martha Cifuentes | Casanare\" src=\"https:\/\/marthacifuentes.com\/portada\/2021\/10\/11\/ministerio-del-interior-tiene-estancado-proceso-de-revocatoria-de-alcaldesa-de-aguazul-por-no-nombrar-alcalde-ad-hoc\/embed\/#?secret=UnCKcV6Vyn\" width=\"600\" height=\"642\" frameborder=\"0\" marginwidth=\"0\" marginheight=\"0\" scrolling=\"no\" sandbox=\"allow-scripts\" data-secret=\"UnCKcV6Vyn\" data-mce-fragment=\"1\"><\/iframe><\/p>\n<p><iframe loading=\"lazy\" class=\"wp-embedded-content\" title=\"\u00abSin mujeres presas se qued\u00f3 la c\u00e1rcel de Yopal. Sorpresivamente fueron trasladadas al Buen Pastor. Penal de Yopal solo es para hombres.\u00bb \u2014 \u25b7 Noticias de Casanare : Martha Cifuentes | Casanare\" src=\"https:\/\/marthacifuentes.com\/portada\/2021\/10\/07\/sin-mujeres-presas-se-quedo-la-carcel-de-yopal-sorpresivamente-fueron-trasladadas-al-buen-pastor-penal-de-yopal-solo-es-para-hombres\/embed\/#?secret=ujOqqHOMlF\" width=\"600\" height=\"642\" frameborder=\"0\" marginwidth=\"0\" marginheight=\"0\" scrolling=\"no\" sandbox=\"allow-scripts\" data-secret=\"ujOqqHOMlF\" data-mce-fragment=\"1\"><\/iframe><\/p>\n<p><iframe loading=\"lazy\" class=\"wp-embedded-content\" title=\"\u00abAltos funcionarios p\u00fablicos de Casanare apoyaron a Alirio Barrera en foro de precandidatos del uribismo. \u00bfEs participaci\u00f3n en pol\u00edtica?\u00bb \u2014 \u25b7 Noticias de Casanare : Martha Cifuentes | Casanare\" src=\"https:\/\/marthacifuentes.com\/portada\/2021\/10\/05\/altos-funcionarios-publicos-de-casanare-apoyaron-a-alirio-barrera-en-foro-de-precandidatos-del-uribismo-es-participacion-en-politica\/embed\/#?secret=phsQPLjTQ8\" width=\"600\" height=\"614\" frameborder=\"0\" marginwidth=\"0\" marginheight=\"0\" scrolling=\"no\" sandbox=\"allow-scripts\" data-secret=\"phsQPLjTQ8\" data-mce-fragment=\"1\"><\/iframe><\/p>\n<p><iframe loading=\"lazy\" class=\"wp-embedded-content\" title=\"\u00abConsejo de Estado neg\u00f3 aclaraciones a fallo que anul\u00f3 elecci\u00f3n de directora de Corporinoquia. Ya no hay excusa para elegir director en propiedad.\u00bb \u2014 \u25b7 Noticias de Casanare : Martha Cifuentes | Casanare\" src=\"https:\/\/marthacifuentes.com\/portada\/2021\/10\/05\/consejo-de-estado-nego-aclaraciones-a-fallo-que-anulo-eleccion-de-directora-de-corporinoquia-ya-no-hay-excusa-para-elegir-director-en-propiedad\/embed\/#?secret=743MponZzN\" width=\"600\" height=\"626\" frameborder=\"0\" marginwidth=\"0\" marginheight=\"0\" scrolling=\"no\" sandbox=\"allow-scripts\" data-secret=\"743MponZzN\" data-mce-fragment=\"1\"><\/iframe><\/p>\n<p><iframe loading=\"lazy\" class=\"wp-embedded-content\" title=\"\u00abAlirio Barrera, precandidato del Centro Democr\u00e1tico, defendi\u00f3 el gobierno Duque, el uso de glifosato y el NO al plebiscito de 2016.\u00bb \u2014 \u25b7 Noticias de Casanare : Martha Cifuentes | Casanare\" src=\"https:\/\/marthacifuentes.com\/portada\/2021\/10\/04\/alirio-barrera-precandidato-del-centro-democratico-defendio-el-gobierno-duque-el-uso-de-glifosato-y-el-no-al-plebiscito-de-2016\/embed\/#?secret=tqZxjaHbFC\" width=\"600\" height=\"647\" frameborder=\"0\" marginwidth=\"0\" marginheight=\"0\" scrolling=\"no\" sandbox=\"allow-scripts\" data-secret=\"tqZxjaHbFC\" data-mce-fragment=\"1\"><\/iframe><\/p>\n<p><iframe loading=\"lazy\" class=\"wp-embedded-content\" title=\"\u00abDe los aspirantes a Contralor\u00eda de Casanare hay varios asesores de la Gobernaci\u00f3n y uno muy cercano a la senadora Amanda Roc\u00edo Gonz\u00e1lez\u00bb \u2014 \u25b7 Noticias de Casanare : Martha Cifuentes | Casanare\" src=\"https:\/\/marthacifuentes.com\/portada\/2021\/10\/04\/de-los-aspirantes-a-contraloria-de-casanare-hay-varios-asesores-de-la-gobernacion-y-uno-muy-cercano-a-la-senadora-amanda-rocio-gonzalez\/embed\/#?secret=50F2zLigK1\" width=\"600\" height=\"616\" frameborder=\"0\" marginwidth=\"0\" marginheight=\"0\" scrolling=\"no\" sandbox=\"allow-scripts\" data-secret=\"50F2zLigK1\" data-mce-fragment=\"1\"><\/iframe><\/p>\n<p><iframe loading=\"lazy\" class=\"wp-embedded-content\" title=\"\u00abContralor\u00eda de Casanare recupera m\u00e1s de 100 millones de fallido contrato de centro de salud de Morichal\u00bb \u2014 \u25b7 Noticias de Casanare : Martha Cifuentes | Casanare\" src=\"https:\/\/marthacifuentes.com\/portada\/2021\/09\/30\/contraloria-de-casanare-recupera-mas-de-100-millones-de-fallido-contrato-de-centro-de-salud-de-morichal\/embed\/#?secret=SMZ9Tmyrqn\" width=\"600\" height=\"620\" frameborder=\"0\" marginwidth=\"0\" marginheight=\"0\" scrolling=\"no\" sandbox=\"allow-scripts\" data-secret=\"SMZ9Tmyrqn\" data-mce-fragment=\"1\"><\/iframe><\/p>\n<p><iframe loading=\"lazy\" class=\"wp-embedded-content\" title=\"\u00abEn atentado sicarial contra Adalberto Luque, de la Asociaci\u00f3n de Recuperadores de Yopal, este result\u00f3 gravemente herido.\u00bb \u2014 \u25b7 Noticias de Casanare : Martha Cifuentes | Casanare\" src=\"https:\/\/marthacifuentes.com\/portada\/2021\/09\/29\/en-atentado-sicarial-contra-adalberto-luque-de-la-asociacion-de-recuperadores-de-yopal-este-resulto-gravemente-herido\/embed\/#?secret=V38UZtmMCu\" width=\"600\" height=\"648\" frameborder=\"0\" marginwidth=\"0\" marginheight=\"0\" scrolling=\"no\" sandbox=\"allow-scripts\" data-secret=\"V38UZtmMCu\" data-mce-fragment=\"1\"><\/iframe><\/p>\n<p><iframe loading=\"lazy\" class=\"wp-embedded-content\" title=\"\u00abMedim\u00e1s juega con la vida de beb\u00e9 prematura de una angustiada madre yopale\u00f1a. Demora entrega de medicina.\u00bb \u2014 \u25b7 Noticias de Casanare : Martha Cifuentes | Casanare\" src=\"https:\/\/marthacifuentes.com\/portada\/2021\/09\/29\/medimas-juega-con-la-vida-de-bebe-prematura-de-una-angustiada-madre-yopalena-demora-entrega-de-medicina\/embed\/#?secret=DZzLFKY5yo\" width=\"600\" height=\"648\" frameborder=\"0\" marginwidth=\"0\" marginheight=\"0\" scrolling=\"no\" sandbox=\"allow-scripts\" data-secret=\"DZzLFKY5yo\" data-mce-fragment=\"1\"><\/iframe><\/p>\n<p><iframe loading=\"lazy\" class=\"wp-embedded-content\" title=\"\u00abSigue la pelea. Alcalde de Yopal impuso por decreto las modificaciones al presupuesto que el Concejo no quiso.\u00bb \u2014 \u25b7 Noticias de Casanare : Martha Cifuentes | Casanare\" src=\"https:\/\/marthacifuentes.com\/portada\/2021\/09\/29\/sigue-la-pelea-alcalde-de-yopal-impuso-por-decreto-las-modificaciones-al-presupuesto-que-el-concejo-no-quiso\/embed\/#?secret=m7Z3f6ORnU\" width=\"600\" height=\"621\" frameborder=\"0\" marginwidth=\"0\" marginheight=\"0\" scrolling=\"no\" sandbox=\"allow-scripts\" data-secret=\"m7Z3f6ORnU\" data-mce-fragment=\"1\"><\/iframe><\/p>\n<p><iframe loading=\"lazy\" class=\"wp-embedded-content\" title=\"\u00abPavimentaci\u00f3n de v\u00eda Central del Llano en Man\u00ed sigue enredada. Ahora volqueteros de Aguazul quieren tajada de contrataci\u00f3n.\u00bb \u2014 \u25b7 Noticias de Casanare : Martha Cifuentes | Casanare\" src=\"https:\/\/marthacifuentes.com\/portada\/2021\/09\/29\/pavimentacion-de-via-central-del-llano-en-mani-sigue-enredada-ahora-volqueteros-de-aguazul-quieren-tajada-de-contratacion\/embed\/#?secret=846B7400No\" width=\"600\" height=\"588\" frameborder=\"0\" marginwidth=\"0\" marginheight=\"0\" scrolling=\"no\" sandbox=\"allow-scripts\" data-secret=\"846B7400No\" data-mce-fragment=\"1\"><\/iframe><\/p>\n<p><iframe loading=\"lazy\" class=\"wp-embedded-content\" title=\"\u00abUn muerto y un herido deja ri\u00f1a de varios presos en c\u00e1rcel La Guafilla de Yopal\u00bb \u2014 \u25b7 Noticias de Casanare : Martha Cifuentes | Casanare\" src=\"https:\/\/marthacifuentes.com\/portada\/2021\/09\/28\/un-muerto-y-un-herido-deja-rina-de-varios-presos-en-carcel-la-guafilla-de-yopal\/embed\/#?secret=eWN1cWihgb\" width=\"600\" height=\"547\" frameborder=\"0\" marginwidth=\"0\" marginheight=\"0\" scrolling=\"no\" sandbox=\"allow-scripts\" data-secret=\"eWN1cWihgb\" data-mce-fragment=\"1\"><\/iframe><\/p>\n<p><iframe loading=\"lazy\" class=\"wp-embedded-content\" title=\"\u00abPor violar a su hijastra de 4 a\u00f1os en Tauramena, hombre fue enviado a la c\u00e1rcel.\u00bb \u2014 \u25b7 Noticias de Casanare : Martha Cifuentes | Casanare\" src=\"https:\/\/marthacifuentes.com\/portada\/2021\/09\/27\/por-violar-a-su-hijastra-de-4-anos-en-tauramena-hombre-fue-enviado-a-la-carcel\/embed\/#?secret=6kVgw5xGye\" width=\"600\" height=\"598\" frameborder=\"0\" marginwidth=\"0\" marginheight=\"0\" scrolling=\"no\" sandbox=\"allow-scripts\" data-secret=\"6kVgw5xGye\" data-mce-fragment=\"1\"><\/iframe><\/p>\n<p><iframe loading=\"lazy\" class=\"wp-embedded-content\" title=\"\u00abVeedores y consejeros de participaci\u00f3n ciudadana ser\u00e1n capacitados en control social por la Contralor\u00eda de Casanare\u00bb \u2014 \u25b7 Noticias de Casanare : Martha Cifuentes | Casanare\" src=\"https:\/\/marthacifuentes.com\/portada\/2021\/09\/27\/veedores-y-consejeros-de-participacion-ciudadana-seran-capacitados-en-control-social-por-la-contraloria-de-casanare\/embed\/#?secret=6yEmkwSpd6\" width=\"600\" height=\"648\" frameborder=\"0\" marginwidth=\"0\" marginheight=\"0\" scrolling=\"no\" sandbox=\"allow-scripts\" data-secret=\"6yEmkwSpd6\" data-mce-fragment=\"1\"><\/iframe><\/p>\n<p><iframe loading=\"lazy\" class=\"wp-embedded-content\" title=\"\u00abTuber\u00eda de 36 pulgadas de la nueva PTAP presentar\u00eda agrietamientos, seg\u00fan denuncias de comunidad de vereda La Vega\u00bb \u2014 \u25b7 Noticias de Casanare : Martha Cifuentes | Casanare\" src=\"https:\/\/marthacifuentes.com\/portada\/2021\/09\/27\/tuberia-de-36-pulgadas-de-la-nueva-ptap-presentaria-agrietamientos-segun-denuncias-de-comunidad-de-vereda-la-vega\/embed\/#?secret=YZoW0WdDbb\" width=\"600\" height=\"627\" frameborder=\"0\" marginwidth=\"0\" marginheight=\"0\" scrolling=\"no\" sandbox=\"allow-scripts\" data-secret=\"YZoW0WdDbb\" data-mce-fragment=\"1\"><\/iframe><\/p>\n<p><iframe loading=\"lazy\" class=\"wp-embedded-content\" title=\"\u00abArranc\u00f3 la v\u00eda Central del Llano en Man\u00ed pero\u2026 hay malestar de los transportadores\u00bb \u2014 \u25b7 Noticias de Casanare : Martha Cifuentes | Casanare\" src=\"https:\/\/marthacifuentes.com\/portada\/2021\/09\/23\/arranco-la-via-central-del-llano-en-mani-pero-hay-malestar-de-los-transportadores\/embed\/#?secret=KVjmGgKZwF\" width=\"600\" height=\"619\" frameborder=\"0\" marginwidth=\"0\" marginheight=\"0\" scrolling=\"no\" sandbox=\"allow-scripts\" data-secret=\"KVjmGgKZwF\" data-mce-fragment=\"1\"><\/iframe><\/p>\n<p><iframe loading=\"lazy\" class=\"wp-embedded-content\" title=\"\u00abContratista de v\u00eda Central del Llano, Man\u00ed, sigue enredado en negociaciones con transportadores\u00bb \u2014 \u25b7 Noticias de Casanare : Martha Cifuentes | Casanare\" src=\"https:\/\/marthacifuentes.com\/portada\/2021\/09\/22\/contratista-de-via-central-del-llano-mani-sigue-enredado-en-negociaciones-con-transportadores\/embed\/#?secret=YSsfVPTHXK\" width=\"600\" height=\"598\" frameborder=\"0\" marginwidth=\"0\" marginheight=\"0\" scrolling=\"no\" sandbox=\"allow-scripts\" data-secret=\"YSsfVPTHXK\" data-mce-fragment=\"1\"><\/iframe><\/p>\n<p><iframe loading=\"lazy\" class=\"wp-embedded-content\" title=\"\u00abAlvarito \u201cEl original\u201d de Yopal, el otrora habitante de calle bailador, ahora tendr\u00e1 c\u00e9dula\u00bb \u2014 \u25b7 Noticias de Casanare : Martha Cifuentes | Casanare\" src=\"https:\/\/marthacifuentes.com\/portada\/2021\/09\/22\/alvarito-el-original-de-yopal-el-otrora-habitante-de-calle-bailador-ahora-tendra-cedula\/embed\/#?secret=EhuEfSpYU2\" width=\"600\" height=\"562\" frameborder=\"0\" marginwidth=\"0\" marginheight=\"0\" scrolling=\"no\" sandbox=\"allow-scripts\" data-secret=\"EhuEfSpYU2\" data-mce-fragment=\"1\"><\/iframe><\/p>\n<p><iframe loading=\"lazy\" class=\"wp-embedded-content\" title=\"\u00abAprobada declaratoria de calamidad p\u00fablica de programa de vivienda Torres del Silencio\u00bb \u2014 \u25b7 Noticias de Casanare : Martha Cifuentes | Casanare\" src=\"https:\/\/marthacifuentes.com\/portada\/2021\/09\/22\/aprobada-declaratoria-de-calamidad-publica-de-programa-de-vivienda-torres-del-silencio\/embed\/#?secret=pluuueWeKj\" width=\"600\" height=\"619\" frameborder=\"0\" marginwidth=\"0\" marginheight=\"0\" scrolling=\"no\" sandbox=\"allow-scripts\" data-secret=\"pluuueWeKj\" data-mce-fragment=\"1\"><\/iframe><\/p>\n<p><iframe loading=\"lazy\" class=\"wp-embedded-content\" title=\"\u00abCapturado y enviado a la c\u00e1rcel violador de ni\u00f1a de 12 a\u00f1os de Aguazul\u00bb \u2014 \u25b7 Noticias de Casanare : Martha Cifuentes | Casanare\" src=\"https:\/\/marthacifuentes.com\/portada\/2021\/09\/21\/capturado-y-enviado-a-la-carcel-violador-de-nina-de-12-anos-de-aguazul\/embed\/#?secret=oxwfsWswQD\" width=\"600\" height=\"619\" frameborder=\"0\" marginwidth=\"0\" marginheight=\"0\" scrolling=\"no\" sandbox=\"allow-scripts\" data-secret=\"oxwfsWswQD\" data-mce-fragment=\"1\"><\/iframe><\/p>\n<p><iframe loading=\"lazy\" class=\"wp-embedded-content\" title=\"\u00abContrato v\u00eda Central del Llano de Man\u00ed que \u201cgestion\u00f3\u201d la senadora Amanda Gonz\u00e1lez NO arranca. Inv\u00edas jala orejas al contratista avalado por Alcald\u00eda.\u00bb \u2014 \u25b7 Noticias de Casanare : Martha Cifuentes | Casanare\" src=\"https:\/\/marthacifuentes.com\/portada\/2021\/09\/21\/contrato-via-central-del-llano-de-mani-que-gestiono-la-senadora-amanda-gonzalez-no-arranca-invias-jala-orejas-al-contratista-avalado-por-alcaldia\/embed\/#?secret=PzL59FwFtY\" width=\"600\" height=\"647\" frameborder=\"0\" marginwidth=\"0\" marginheight=\"0\" scrolling=\"no\" sandbox=\"allow-scripts\" data-secret=\"PzL59FwFtY\" data-mce-fragment=\"1\"><\/iframe><\/p>\n<p><iframe loading=\"lazy\" class=\"wp-embedded-content\" title=\"\u00abSicariado otro expendedor de carne de Man\u00ed, Casanare. Ya son 3 los asesinados en esa poblaci\u00f3n.\u00bb \u2014 \u25b7 Noticias de Casanare : Martha Cifuentes | Casanare\" src=\"https:\/\/marthacifuentes.com\/portada\/2021\/09\/18\/sicariado-otro-expendedor-de-carne-de-mani-casanare-ya-son-3-los-asesinados-en-esa-poblacion\/embed\/#?secret=bXg4ILpEQT\" width=\"600\" height=\"532\" frameborder=\"0\" marginwidth=\"0\" marginheight=\"0\" scrolling=\"no\" sandbox=\"allow-scripts\" data-secret=\"bXg4ILpEQT\" data-mce-fragment=\"1\"><\/iframe><\/p>\n<p><iframe loading=\"lazy\" class=\"wp-embedded-content\" title=\"\u00abNo es verdad que municipios productores tengan autonom\u00eda en manejo de regal\u00edas como afirma el gobierno, dicen alcaldes\u00bb \u2014 \u25b7 Noticias de Casanare : Martha Cifuentes | Casanare\" src=\"https:\/\/marthacifuentes.com\/portada\/2021\/09\/18\/no-es-verdad-que-municipios-productores-tengan-autonomia-en-manejo-de-regalias-como-afirma-el-gobierno-dicen-alcaldes\/embed\/#?secret=jpfn5VIhNL\" width=\"600\" height=\"602\" frameborder=\"0\" marginwidth=\"0\" marginheight=\"0\" scrolling=\"no\" sandbox=\"allow-scripts\" data-secret=\"jpfn5VIhNL\" data-mce-fragment=\"1\"><\/iframe><\/p>\n<p><iframe loading=\"lazy\" class=\"wp-embedded-content\" title=\"\u00abAlcaldes de municipios productores de petr\u00f3leo se quejan por trabas para acceder a regal\u00edas. Ley sigue en implementaci\u00f3n.\u00bb \u2014 \u25b7 Noticias de Casanare : Martha Cifuentes | Casanare\" src=\"https:\/\/marthacifuentes.com\/portada\/2021\/09\/18\/alcaldes-de-municipios-productores-de-petroleo-se-quejan-por-trabas-para-acceder-a-regalias-ley-sigue-en-implementacion\/embed\/#?secret=mwAKuLjnfs\" width=\"600\" height=\"648\" frameborder=\"0\" marginwidth=\"0\" marginheight=\"0\" scrolling=\"no\" sandbox=\"allow-scripts\" data-secret=\"mwAKuLjnfs\" data-mce-fragment=\"1\"><\/iframe><\/p>\n<p><iframe loading=\"lazy\" class=\"wp-embedded-content\" title=\"\u00abEl macabro juego de los retenes, de polic\u00edas al acecho y huidizos infractores, desencaden\u00f3 la muerte de\u00a0joven en v\u00eda Yopal-Paz de Ariporo\u00bb \u2014 \u25b7 Noticias de Casanare : Martha Cifuentes | Casanare\" src=\"https:\/\/marthacifuentes.com\/portada\/2021\/09\/16\/el-macabro-juego-de-los-retenes-de-policias-al-acecho-y-huidizos-infractores-desencadeno-la-muerte-de-joven-en-via-yopal-paz-de-ariporo\/embed\/#?secret=ASnfdy4LFk\" width=\"600\" height=\"648\" frameborder=\"0\" marginwidth=\"0\" marginheight=\"0\" scrolling=\"no\" sandbox=\"allow-scripts\" data-secret=\"ASnfdy4LFk\" data-mce-fragment=\"1\"><\/iframe><\/p>\n<p><iframe loading=\"lazy\" class=\"wp-embedded-content\" title=\"\u00abYopal y Casanare, tendencia en twitter, porque polic\u00eda mat\u00f3 a joven en una carretera y por precandidatura presidencial del exgobernador Alirio Barrera\u00bb \u2014 \u25b7 Noticias de Casanare : Martha Cifuentes | Casanare\" src=\"https:\/\/marthacifuentes.com\/portada\/2021\/09\/16\/yopal-y-casanare-tendencia-en-twitter-porque-policia-mato-a-joven-en-una-carretera-y-por-precandidatura-presidencial-del-exgobernador-alirio-barrera\/embed\/#?secret=7VSW94AiGM\" width=\"600\" height=\"577\" frameborder=\"0\" marginwidth=\"0\" marginheight=\"0\" scrolling=\"no\" sandbox=\"allow-scripts\" data-secret=\"7VSW94AiGM\" data-mce-fragment=\"1\"><\/iframe><\/p>\n<p><iframe loading=\"lazy\" class=\"wp-embedded-content\" title=\"\u00abAguazul, sede del Encuentro de Municipios Productores de Petr\u00f3leo 2021\u00bb \u2014 \u25b7 Noticias de Casanare : Martha Cifuentes | Casanare\" src=\"https:\/\/marthacifuentes.com\/portada\/2021\/09\/15\/aguazul-sede-del-encuentro-de-municipios-productores-de-petroleo-2021\/embed\/#?secret=IarOuwYv2e\" width=\"600\" height=\"620\" frameborder=\"0\" marginwidth=\"0\" marginheight=\"0\" scrolling=\"no\" sandbox=\"allow-scripts\" data-secret=\"IarOuwYv2e\" data-mce-fragment=\"1\"><\/iframe><\/p>\n<p><iframe loading=\"lazy\" class=\"wp-embedded-content\" title=\"\u00abPuente met\u00e1lico ser\u00e1 instalado en quebrada La Orqu\u00eddea en v\u00eda Sogamoso-Aguazul. Remplaza temporalmente al colapsado en el sitio.\u00bb \u2014 \u25b7 Noticias de Casanare : Martha Cifuentes | Casanare\" src=\"https:\/\/marthacifuentes.com\/portada\/2021\/09\/13\/puente-metalico-sera-instalado-en-quebrada-la-orquidea-en-via-sogamoso-aguazul-remplaza-temporalmente-al-colapsado-en-el-sitio\/embed\/#?secret=hfaWPCAs92\" width=\"600\" height=\"627\" frameborder=\"0\" marginwidth=\"0\" marginheight=\"0\" scrolling=\"no\" sandbox=\"allow-scripts\" data-secret=\"hfaWPCAs92\" data-mce-fragment=\"1\"><\/iframe><\/p>\n<p><iframe loading=\"lazy\" class=\"wp-embedded-content\" title=\"\u00abAl menos 51% de empresarios de Casanare operan con normalidad luego de restricciones efecto de la pandemia del Covid-19\u00bb \u2014 \u25b7 Noticias de Casanare : Martha Cifuentes | Casanare\" src=\"https:\/\/marthacifuentes.com\/portada\/2021\/09\/13\/al-menos-51-de-empresarios-de-casanare-operan-con-normalidad-luego-de-restricciones-efecto-de-la-pandemia-del-covid-19\/embed\/#?secret=rY1fG7hFG4\" width=\"600\" height=\"647\" frameborder=\"0\" marginwidth=\"0\" marginheight=\"0\" scrolling=\"no\" sandbox=\"allow-scripts\" data-secret=\"rY1fG7hFG4\" data-mce-fragment=\"1\"><\/iframe><\/p>\n<p><iframe loading=\"lazy\" class=\"wp-embedded-content\" title=\"\u00ab\u201cLos muertos no hablan y los presos tampoco\u201d, le habr\u00edan dicho polic\u00edas de tr\u00e1nsito a esposa de joven muerto a manos de ellos en Yopal\u00bb \u2014 \u25b7 Noticias de Casanare : Martha Cifuentes | Casanare\" src=\"https:\/\/marthacifuentes.com\/portada\/2021\/09\/13\/los-muertos-no-hablan-y-los-presos-tampoco-le-habrian-dicho-policias-de-transito-a-esposa-de-joven-muerto-a-manos-de-ellos-en-yopal\/embed\/#?secret=2X2obFzSpM\" width=\"600\" height=\"627\" frameborder=\"0\" marginwidth=\"0\" marginheight=\"0\" scrolling=\"no\" sandbox=\"allow-scripts\" data-secret=\"2X2obFzSpM\" data-mce-fragment=\"1\"><\/iframe><\/p>\n<p><iframe loading=\"lazy\" class=\"wp-embedded-content\" title=\"\u00abAtentado en Centro Comercial de Yopal es cobarde contra la poblaci\u00f3n civil: Secretario de Gobierno Casanare\u00bb \u2014 \u25b7 Noticias de Casanare : Martha Cifuentes | Casanare\" src=\"https:\/\/marthacifuentes.com\/portada\/2021\/09\/10\/atentado-en-centro-comercial-de-yopal-es-cobarde-contra-la-poblacion-civil-secretario-de-gobierno-casanare\/embed\/#?secret=TxORctji7R\" width=\"600\" height=\"600\" frameborder=\"0\" marginwidth=\"0\" marginheight=\"0\" scrolling=\"no\" sandbox=\"allow-scripts\" data-secret=\"TxORctji7R\" data-mce-fragment=\"1\"><\/iframe><\/p>\n<p>&nbsp;<\/p>\n","protected":false},"excerpt":{"rendered":"<p>Atentado terrorista a patrulla del Ej\u00e9rcito en v\u00eda Paz de Ariporo-HatoCorozal, Casanare, ocurrido hacia las 7 de la ma\u00f1ana de hoy, caus\u00f3 la muerte a cuatro hombres, tres de los cuales eran militares y uno civil. Igualmente hubo cinco heridos, tres de los cuales son militares y dos civiles de 15 y 28 a\u00f1os de &hellip;<\/p>\n","protected":false},"author":2,"featured_media":27338,"comment_status":"open","ping_status":"open","sticky":false,"template":"","format":"standard","meta":{"om_disable_all_campaigns":false,"_exactmetrics_skip_tracking":false,"_exactmetrics_sitenote_active":false,"_exactmetrics_sitenote_note":"","_exactmetrics_sitenote_category":0,"_monsterinsights_skip_tracking":false,"_monsterinsights_sitenote_active":false,"_monsterinsights_sitenote_note":"","_monsterinsights_sitenote_category":0,"_uf_show_specific_survey":0,"_uf_disable_surveys":false,"_joinchat":[],"footnotes":""},"categories":[147,146,145],"tags":[6015,1373,6016,1400,1584,1421,1376],"class_list":["post-27335","post","type-post","status-publish","format-standard","has-post-thumbnail","hentry","category-actualidad","category-noticias","category-reportajes","tag-ataque-terrorista-deja-militares-muertos-y-heridos-en-paz-de-ariporo-casanare","tag-casanare-noticias","tag-disidencias-de-las-farc-atacan-militares","tag-noticias-casanare","tag-noticias-paz-de-ariporo","tag-noticias-yopal","tag-yopal-noticias"],"yoast_head":"<!-- This site is optimized with the Yoast SEO plugin v26.1 - https:\/\/yoast.com\/wordpress\/plugins\/seo\/ -->\n<title>Asesinados 3 militares y 1 civil, y heridos 5 hombres en ataque terrorista de las disidencias de las Farc, en Paz de Ariporo, Casanare - \u25b7 Noticias de Casanare : Martha Cifuentes | Casanare<\/title>\n<meta name=\"robots\" content=\"index, follow, max-snippet:-1, max-image-preview:large, max-video-preview:-1\" \/>\n<link rel=\"canonical\" href=\"https:\/\/marthacifuentes.com\/portada\/asesinados-3-militares-y-1-civil-y-heridos-5-hombres-en-ataque-terrorista-de-las-disidencias-de-las-farc-en-paz-de-ariporo-casanare\/\" \/>\n<meta property=\"og:locale\" content=\"es_ES\" \/>\n<meta property=\"og:type\" content=\"article\" \/>\n<meta property=\"og:title\" content=\"Asesinados 3 militares y 1 civil, y heridos 5 hombres en ataque terrorista de las disidencias de las Farc, en Paz de Ariporo, Casanare - \u25b7 Noticias de Casanare : Martha Cifuentes | Casanare\" \/>\n<meta property=\"og:description\" content=\"Atentado terrorista a patrulla del Ej\u00e9rcito en v\u00eda Paz de Ariporo-HatoCorozal, Casanare, ocurrido hacia las 7 de la ma\u00f1ana de hoy, caus\u00f3 la muerte a cuatro hombres, tres de los cuales eran militares y uno civil. Igualmente hubo cinco heridos, tres de los cuales son militares y dos civiles de 15 y 28 a\u00f1os de &hellip;\" \/>\n<meta property=\"og:url\" content=\"https:\/\/marthacifuentes.com\/portada\/asesinados-3-militares-y-1-civil-y-heridos-5-hombres-en-ataque-terrorista-de-las-disidencias-de-las-farc-en-paz-de-ariporo-casanare\/\" \/>\n<meta property=\"og:site_name\" content=\"\u25b7 Noticias de Casanare : Martha Cifuentes | Casanare\" \/>\n<meta property=\"article:published_time\" content=\"2021-11-03T19:26:02+00:00\" \/>\n<meta property=\"article:modified_time\" content=\"2021-11-03T19:27:20+00:00\" \/>\n<meta property=\"og:image\" content=\"https:\/\/marthacifuentes.com\/portada\/wp-content\/uploads\/2021\/11\/WhatsApp-Image-2021-11-03-at-8.29.43-AM-1.jpeg\" \/>\n\t<meta property=\"og:image:width\" content=\"468\" \/>\n\t<meta property=\"og:image:height\" content=\"458\" \/>\n\t<meta property=\"og:image:type\" content=\"image\/jpeg\" \/>\n<meta name=\"author\" content=\"Martha Cifuentes\" \/>\n<meta name=\"twitter:card\" content=\"summary_large_image\" \/>\n<meta name=\"twitter:label1\" content=\"Escrito por\" \/>\n\t<meta name=\"twitter:data1\" content=\"Martha Cifuentes\" \/>\n\t<meta name=\"twitter:label2\" content=\"Tiempo de lectura\" \/>\n\t<meta name=\"twitter:data2\" content=\"3 minutos\" \/>\n<script type=\"application\/ld+json\" class=\"yoast-schema-graph\">{\"@context\":\"https:\/\/schema.org\",\"@graph\":[{\"@type\":\"WebPage\",\"@id\":\"https:\/\/marthacifuentes.com\/portada\/asesinados-3-militares-y-1-civil-y-heridos-5-hombres-en-ataque-terrorista-de-las-disidencias-de-las-farc-en-paz-de-ariporo-casanare\/\",\"url\":\"https:\/\/marthacifuentes.com\/portada\/asesinados-3-militares-y-1-civil-y-heridos-5-hombres-en-ataque-terrorista-de-las-disidencias-de-las-farc-en-paz-de-ariporo-casanare\/\",\"name\":\"Asesinados 3 militares y 1 civil, y heridos 5 hombres en ataque terrorista de las disidencias de las Farc, en Paz de Ariporo, Casanare - \u25b7 Noticias de Casanare : Martha Cifuentes | Casanare\",\"isPartOf\":{\"@id\":\"https:\/\/marthacifuentes.com\/portada\/#website\"},\"primaryImageOfPage\":{\"@id\":\"https:\/\/marthacifuentes.com\/portada\/asesinados-3-militares-y-1-civil-y-heridos-5-hombres-en-ataque-terrorista-de-las-disidencias-de-las-farc-en-paz-de-ariporo-casanare\/#primaryimage\"},\"image\":{\"@id\":\"https:\/\/marthacifuentes.com\/portada\/asesinados-3-militares-y-1-civil-y-heridos-5-hombres-en-ataque-terrorista-de-las-disidencias-de-las-farc-en-paz-de-ariporo-casanare\/#primaryimage\"},\"thumbnailUrl\":\"https:\/\/marthacifuentes.com\/portada\/wp-content\/uploads\/2021\/11\/WhatsApp-Image-2021-11-03-at-8.29.43-AM-1.jpeg\",\"datePublished\":\"2021-11-03T19:26:02+00:00\",\"dateModified\":\"2021-11-03T19:27:20+00:00\",\"author\":{\"@id\":\"https:\/\/marthacifuentes.com\/portada\/#\/schema\/person\/57f53174b991db5f90ff78d58502b714\"},\"breadcrumb\":{\"@id\":\"https:\/\/marthacifuentes.com\/portada\/asesinados-3-militares-y-1-civil-y-heridos-5-hombres-en-ataque-terrorista-de-las-disidencias-de-las-farc-en-paz-de-ariporo-casanare\/#breadcrumb\"},\"inLanguage\":\"es\",\"potentialAction\":[{\"@type\":\"ReadAction\",\"target\":[\"https:\/\/marthacifuentes.com\/portada\/asesinados-3-militares-y-1-civil-y-heridos-5-hombres-en-ataque-terrorista-de-las-disidencias-de-las-farc-en-paz-de-ariporo-casanare\/\"]}]},{\"@type\":\"ImageObject\",\"inLanguage\":\"es\",\"@id\":\"https:\/\/marthacifuentes.com\/portada\/asesinados-3-militares-y-1-civil-y-heridos-5-hombres-en-ataque-terrorista-de-las-disidencias-de-las-farc-en-paz-de-ariporo-casanare\/#primaryimage\",\"url\":\"https:\/\/marthacifuentes.com\/portada\/wp-content\/uploads\/2021\/11\/WhatsApp-Image-2021-11-03-at-8.29.43-AM-1.jpeg\",\"contentUrl\":\"https:\/\/marthacifuentes.com\/portada\/wp-content\/uploads\/2021\/11\/WhatsApp-Image-2021-11-03-at-8.29.43-AM-1.jpeg\",\"width\":468,\"height\":458},{\"@type\":\"BreadcrumbList\",\"@id\":\"https:\/\/marthacifuentes.com\/portada\/asesinados-3-militares-y-1-civil-y-heridos-5-hombres-en-ataque-terrorista-de-las-disidencias-de-las-farc-en-paz-de-ariporo-casanare\/#breadcrumb\",\"itemListElement\":[{\"@type\":\"ListItem\",\"position\":1,\"name\":\"Portada\",\"item\":\"https:\/\/marthacifuentes.com\/portada\/\"},{\"@type\":\"ListItem\",\"position\":2,\"name\":\"Asesinados 3 militares y 1 civil, y heridos 5 hombres en ataque terrorista de las disidencias de las Farc, en Paz de Ariporo, Casanare\"}]},{\"@type\":\"WebSite\",\"@id\":\"https:\/\/marthacifuentes.com\/portada\/#website\",\"url\":\"https:\/\/marthacifuentes.com\/portada\/\",\"name\":\"\u25b7 Noticias de Casanare : Martha Cifuentes | Casanare\",\"description\":\"Noticias &amp; Contenidos\",\"potentialAction\":[{\"@type\":\"SearchAction\",\"target\":{\"@type\":\"EntryPoint\",\"urlTemplate\":\"https:\/\/marthacifuentes.com\/portada\/?s={search_term_string}\"},\"query-input\":{\"@type\":\"PropertyValueSpecification\",\"valueRequired\":true,\"valueName\":\"search_term_string\"}}],\"inLanguage\":\"es\"},{\"@type\":\"Person\",\"@id\":\"https:\/\/marthacifuentes.com\/portada\/#\/schema\/person\/57f53174b991db5f90ff78d58502b714\",\"name\":\"Martha Cifuentes\",\"image\":{\"@type\":\"ImageObject\",\"inLanguage\":\"es\",\"@id\":\"https:\/\/marthacifuentes.com\/portada\/#\/schema\/person\/image\/\",\"url\":\"http:\/\/marthacifuentes.com\/portada\/wp-content\/uploads\/2018\/06\/avatar_user_2_1528838701-96x96.jpg\",\"contentUrl\":\"http:\/\/marthacifuentes.com\/portada\/wp-content\/uploads\/2018\/06\/avatar_user_2_1528838701-96x96.jpg\",\"caption\":\"Martha Cifuentes\"},\"sameAs\":[\"http:\/\/www.marthacifuentes.com\"],\"url\":\"https:\/\/marthacifuentes.com\/portada\/author\/martha\/\"}]}<\/script>\n<!-- \/ Yoast SEO plugin. -->","yoast_head_json":{"title":"Asesinados 3 militares y 1 civil, y heridos 5 hombres en ataque terrorista de las disidencias de las Farc, en Paz de Ariporo, Casanare - \u25b7 Noticias de Casanare : Martha Cifuentes | Casanare","robots":{"index":"index","follow":"follow","max-snippet":"max-snippet:-1","max-image-preview":"max-image-preview:large","max-video-preview":"max-video-preview:-1"},"canonical":"https:\/\/marthacifuentes.com\/portada\/asesinados-3-militares-y-1-civil-y-heridos-5-hombres-en-ataque-terrorista-de-las-disidencias-de-las-farc-en-paz-de-ariporo-casanare\/","og_locale":"es_ES","og_type":"article","og_title":"Asesinados 3 militares y 1 civil, y heridos 5 hombres en ataque terrorista de las disidencias de las Farc, en Paz de Ariporo, Casanare - \u25b7 Noticias de Casanare : Martha Cifuentes | Casanare","og_description":"Atentado terrorista a patrulla del Ej\u00e9rcito en v\u00eda Paz de Ariporo-HatoCorozal, Casanare, ocurrido hacia las 7 de la ma\u00f1ana de hoy, caus\u00f3 la muerte a cuatro hombres, tres de los cuales eran militares y uno civil. Igualmente hubo cinco heridos, tres de los cuales son militares y dos civiles de 15 y 28 a\u00f1os de &hellip;","og_url":"https:\/\/marthacifuentes.com\/portada\/asesinados-3-militares-y-1-civil-y-heridos-5-hombres-en-ataque-terrorista-de-las-disidencias-de-las-farc-en-paz-de-ariporo-casanare\/","og_site_name":"\u25b7 Noticias de Casanare : Martha Cifuentes | Casanare","article_published_time":"2021-11-03T19:26:02+00:00","article_modified_time":"2021-11-03T19:27:20+00:00","og_image":[{"width":468,"height":458,"url":"https:\/\/marthacifuentes.com\/portada\/wp-content\/uploads\/2021\/11\/WhatsApp-Image-2021-11-03-at-8.29.43-AM-1.jpeg","type":"image\/jpeg"}],"author":"Martha Cifuentes","twitter_card":"summary_large_image","twitter_misc":{"Escrito por":"Martha Cifuentes","Tiempo de lectura":"3 minutos"},"schema":{"@context":"https:\/\/schema.org","@graph":[{"@type":"WebPage","@id":"https:\/\/marthacifuentes.com\/portada\/asesinados-3-militares-y-1-civil-y-heridos-5-hombres-en-ataque-terrorista-de-las-disidencias-de-las-farc-en-paz-de-ariporo-casanare\/","url":"https:\/\/marthacifuentes.com\/portada\/asesinados-3-militares-y-1-civil-y-heridos-5-hombres-en-ataque-terrorista-de-las-disidencias-de-las-farc-en-paz-de-ariporo-casanare\/","name":"Asesinados 3 militares y 1 civil, y heridos 5 hombres en ataque terrorista de las disidencias de las Farc, en Paz de Ariporo, Casanare - \u25b7 Noticias de Casanare : Martha Cifuentes | Casanare","isPartOf":{"@id":"https:\/\/marthacifuentes.com\/portada\/#website"},"primaryImageOfPage":{"@id":"https:\/\/marthacifuentes.com\/portada\/asesinados-3-militares-y-1-civil-y-heridos-5-hombres-en-ataque-terrorista-de-las-disidencias-de-las-farc-en-paz-de-ariporo-casanare\/#primaryimage"},"image":{"@id":"https:\/\/marthacifuentes.com\/portada\/asesinados-3-militares-y-1-civil-y-heridos-5-hombres-en-ataque-terrorista-de-las-disidencias-de-las-farc-en-paz-de-ariporo-casanare\/#primaryimage"},"thumbnailUrl":"https:\/\/marthacifuentes.com\/portada\/wp-content\/uploads\/2021\/11\/WhatsApp-Image-2021-11-03-at-8.29.43-AM-1.jpeg","datePublished":"2021-11-03T19:26:02+00:00","dateModified":"2021-11-03T19:27:20+00:00","author":{"@id":"https:\/\/marthacifuentes.com\/portada\/#\/schema\/person\/57f53174b991db5f90ff78d58502b714"},"breadcrumb":{"@id":"https:\/\/marthacifuentes.com\/portada\/asesinados-3-militares-y-1-civil-y-heridos-5-hombres-en-ataque-terrorista-de-las-disidencias-de-las-farc-en-paz-de-ariporo-casanare\/#breadcrumb"},"inLanguage":"es","potentialAction":[{"@type":"ReadAction","target":["https:\/\/marthacifuentes.com\/portada\/asesinados-3-militares-y-1-civil-y-heridos-5-hombres-en-ataque-terrorista-de-las-disidencias-de-las-farc-en-paz-de-ariporo-casanare\/"]}]},{"@type":"ImageObject","inLanguage":"es","@id":"https:\/\/marthacifuentes.com\/portada\/asesinados-3-militares-y-1-civil-y-heridos-5-hombres-en-ataque-terrorista-de-las-disidencias-de-las-farc-en-paz-de-ariporo-casanare\/#primaryimage","url":"https:\/\/marthacifuentes.com\/portada\/wp-content\/uploads\/2021\/11\/WhatsApp-Image-2021-11-03-at-8.29.43-AM-1.jpeg","contentUrl":"https:\/\/marthacifuentes.com\/portada\/wp-content\/uploads\/2021\/11\/WhatsApp-Image-2021-11-03-at-8.29.43-AM-1.jpeg","width":468,"height":458},{"@type":"BreadcrumbList","@id":"https:\/\/marthacifuentes.com\/portada\/asesinados-3-militares-y-1-civil-y-heridos-5-hombres-en-ataque-terrorista-de-las-disidencias-de-las-farc-en-paz-de-ariporo-casanare\/#breadcrumb","itemListElement":[{"@type":"ListItem","position":1,"name":"Portada","item":"https:\/\/marthacifuentes.com\/portada\/"},{"@type":"ListItem","position":2,"name":"Asesinados 3 militares y 1 civil, y heridos 5 hombres en ataque terrorista de las disidencias de las Farc, en Paz de Ariporo, Casanare"}]},{"@type":"WebSite","@id":"https:\/\/marthacifuentes.com\/portada\/#website","url":"https:\/\/marthacifuentes.com\/portada\/","name":"\u25b7 Noticias de Casanare : Martha Cifuentes | Casanare","description":"Noticias &amp; Contenidos","potentialAction":[{"@type":"SearchAction","target":{"@type":"EntryPoint","urlTemplate":"https:\/\/marthacifuentes.com\/portada\/?s={search_term_string}"},"query-input":{"@type":"PropertyValueSpecification","valueRequired":true,"valueName":"search_term_string"}}],"inLanguage":"es"},{"@type":"Person","@id":"https:\/\/marthacifuentes.com\/portada\/#\/schema\/person\/57f53174b991db5f90ff78d58502b714","name":"Martha Cifuentes","image":{"@type":"ImageObject","inLanguage":"es","@id":"https:\/\/marthacifuentes.com\/portada\/#\/schema\/person\/image\/","url":"http:\/\/marthacifuentes.com\/portada\/wp-content\/uploads\/2018\/06\/avatar_user_2_1528838701-96x96.jpg","contentUrl":"http:\/\/marthacifuentes.com\/portada\/wp-content\/uploads\/2018\/06\/avatar_user_2_1528838701-96x96.jpg","caption":"Martha Cifuentes"},"sameAs":["http:\/\/www.marthacifuentes.com"],"url":"https:\/\/marthacifuentes.com\/portada\/author\/martha\/"}]}},"_links":{"self":[{"href":"https:\/\/marthacifuentes.com\/portada\/wp-json\/wp\/v2\/posts\/27335","targetHints":{"allow":["GET"]}}],"collection":[{"href":"https:\/\/marthacifuentes.com\/portada\/wp-json\/wp\/v2\/posts"}],"about":[{"href":"https:\/\/marthacifuentes.com\/portada\/wp-json\/wp\/v2\/types\/post"}],"author":[{"embeddable":true,"href":"https:\/\/marthacifuentes.com\/portada\/wp-json\/wp\/v2\/users\/2"}],"replies":[{"embeddable":true,"href":"https:\/\/marthacifuentes.com\/portada\/wp-json\/wp\/v2\/comments?post=27335"}],"version-history":[{"count":3,"href":"https:\/\/marthacifuentes.com\/portada\/wp-json\/wp\/v2\/posts\/27335\/revisions"}],"predecessor-version":[{"id":27342,"href":"https:\/\/marthacifuentes.com\/portada\/wp-json\/wp\/v2\/posts\/27335\/revisions\/27342"}],"wp:featuredmedia":[{"embeddable":true,"href":"https:\/\/marthacifuentes.com\/portada\/wp-json\/wp\/v2\/media\/27338"}],"wp:attachment":[{"href":"https:\/\/marthacifuentes.com\/portada\/wp-json\/wp\/v2\/media?parent=27335"}],"wp:term":[{"taxonomy":"category","embeddable":true,"href":"https:\/\/marthacifuentes.com\/portada\/wp-json\/wp\/v2\/categories?post=27335"},{"taxonomy":"post_tag","embeddable":true,"href":"https:\/\/marthacifuentes.com\/portada\/wp-json\/wp\/v2\/tags?post=27335"}],"curies":[{"name":"wp","href":"https:\/\/api.w.org\/{rel}","templated":true}]}}