{"id":27404,"date":"2021-11-11T09:02:02","date_gmt":"2021-11-11T14:02:02","guid":{"rendered":"https:\/\/marthacifuentes.com\/portada\/?p=27404"},"modified":"2021-11-11T10:26:16","modified_gmt":"2021-11-11T15:26:16","slug":"vengo-a-reconocerles-que-yo-soy-el-victimario-de-sus-seres-queridos-mayor-gustavo-soto-bracamonte-a-victimas-de-falsos-positivos-en-casanare","status":"publish","type":"post","link":"https:\/\/marthacifuentes.com\/portada\/vengo-a-reconocerles-que-yo-soy-el-victimario-de-sus-seres-queridos-mayor-gustavo-soto-bracamonte-a-victimas-de-falsos-positivos-en-casanare\/","title":{"rendered":"\u201cVengo a reconocerles que yo soy el victimario de sus seres queridos\u201d: Mayor Gustavo Soto Bracamonte a v\u00edctimas de falsos positivos en Casanare"},"content":{"rendered":"<p style=\"text-align: justify;\">Nuevamente ayer en Yopal, durante el acto de reconocimiento que hicieron militares retirados del Ej\u00e9rcito ante las v\u00edctimas a expensas de la Comisi\u00f3n de la Verdad, se ratific\u00f3 la execrable pr\u00e1ctica macabra de los falsos positivos en Casanare. El sargento segundo (r) Faiber Alberto Amaya, expres\u00f3 \u201cQu\u00e9 f\u00e1cil es hacer de la guerra el escenario del \u00e9xito de algunos pocos, que nos ped\u00edan resultados a diario y litros de sangre. Nada de lo que dejamos consignado en los documentos era real. Todo era organizado, era falso\u201d.<\/p>\n<p style=\"text-align: justify;\">Resalt\u00f3 que aunque era un militar que se hab\u00eda destacado en diversos batallones del Ej\u00e9rcito, fue en el Gaula Militar Casanare, donde bajo la subordinaci\u00f3n y \u00f3rdenes de sus superiores, tom\u00f3 decisiones que no debi\u00f3 tomar nunca y las cuales llevaron a sufrir no solo a las v\u00edctimas y sus familias sino a todo un departamento, que termin\u00f3 siendo estigmatizado. Pidi\u00f3 perd\u00f3n y expres\u00f3 que \u201cHacer la guerra es f\u00e1cil, pero venir aqu\u00ed a reconocer el da\u00f1o que hemos hecho es muy dif\u00edcil\u201d.<\/p>\n<div style=\"width: 1280px;\" class=\"wp-video\"><!--[if lt IE 9]><script>document.createElement('video');<\/script><![endif]-->\n<video class=\"wp-video-shortcode\" id=\"video-27404-1\" width=\"1280\" height=\"720\" preload=\"metadata\" controls=\"controls\"><source type=\"video\/mp4\" src=\"https:\/\/marthacifuentes.com\/portada\/wp-content\/uploads\/2021\/11\/EncuentroCasanare_FaiberAmaya02_Web.mp4?_=1\" \/><a href=\"https:\/\/marthacifuentes.com\/portada\/wp-content\/uploads\/2021\/11\/EncuentroCasanare_FaiberAmaya02_Web.mp4\">https:\/\/marthacifuentes.com\/portada\/wp-content\/uploads\/2021\/11\/EncuentroCasanare_FaiberAmaya02_Web.mp4<\/a><\/video><\/div>\n<p style=\"text-align: justify;\">Manifest\u00f3 que durante mucho tiempo guard\u00f3 silencio y negando lo sucedido pero cuando lleg\u00f3 a la JEP, comenz\u00f3 a reconocer la verdad y el arrepentimiento de los hechos cometidos. Y Luego record\u00f3, en medio de l\u00e1grimas, que durante el encuentro con las v\u00edctimas, donde vio el gran dolor causado pero a la vez el amor tan grande para perdonarlo. Por todo esto continuar\u00e1 aportando la verdad para tratar de resarcir todo el da\u00f1o causado.<\/p>\n<p style=\"text-align: justify;\">A su turno el mayor Gustavo Soto Bracamonte, comandante del Gaula Militar en Casanare entre 2006 y 2007, textualmente dijo, con una voz entrecortada, que \u201cVengo a reconocerles que yo soy el victimario de sus seres queridos\u201d. Agreg\u00f3 que \u00e9l se convertir\u00e1 en un escudo protector que limpiar\u00e1 ante Colombia y el mundo entero, el buen nombre de sus familiares. Record\u00f3 con nombre propio a muchas de las v\u00edctimas, de las cuales afirm\u00f3 que no eran combatientes ni guerrilleros, solo se reportaban para satisfacer las necesidades de sus superiores.<\/p>\n<div style=\"width: 1280px;\" class=\"wp-video\"><video class=\"wp-video-shortcode\" id=\"video-27404-2\" width=\"1280\" height=\"720\" preload=\"metadata\" controls=\"controls\"><source type=\"video\/mp4\" src=\"https:\/\/marthacifuentes.com\/portada\/wp-content\/uploads\/2021\/11\/EncuentroCasanare_Bracamonte01.mp4?_=2\" \/><a href=\"https:\/\/marthacifuentes.com\/portada\/wp-content\/uploads\/2021\/11\/EncuentroCasanare_Bracamonte01.mp4\">https:\/\/marthacifuentes.com\/portada\/wp-content\/uploads\/2021\/11\/EncuentroCasanare_Bracamonte01.mp4<\/a><\/video><\/div>\n<p style=\"text-align: justify;\">Como en anteriores oportunidades, expres\u00f3 que cuando lleg\u00f3 al Gaula el coronel Henry Torres Escalante, comandante de la Brigada 16, lo conmin\u00f3 a dar resultados. \u201cNo se vaya a dejar ganar del mayor Camargo, que es un excelente oficial, mire los resultados. Y\u00a0me mostr\u00f3 ah\u00ed en el centro de operaciones, en un tablero blanco de unos 50 cm, todos los resultados de la brigada 16. Resultados reflejados en muertes\u201d.<\/p>\n<p style=\"text-align: justify;\">La \u00e9poca m\u00e1s dif\u00edcil fue la del general Mario Montoya, comandante del Ej\u00e9rcito. Record\u00f3 un encuentro de comandantes de unidades t\u00e1cticas con este general y all\u00ed se evaluaban los resultados. \u201cEl comandante de la brigada proyectaba con\u00a0<em>videobeam\u00a0<\/em>los resultados de cada unidad y el comandante de cada una pasaba al frente, para que el general Montoya lo viera.\u00a0Ah\u00ed pude ver c\u00f3mo amenaz\u00f3 con relevar al comandante del batall\u00f3n de infanter\u00eda Joaqu\u00edn Par\u00eds de San Jos\u00e9 del Guaviare por falta de resultados operacionales. Posteriormente lo relev\u00f3\u201d.<\/p>\n<p>Por parte de las v\u00edctimas, hablaron tres adoloridos familiares. \u201cMi familia ya no tiene rabia ni sed de venganza gracias a este proceso. Nos hemos dado cuenta de que somos seres humanos y que esto no me devolver\u00e1 a mis hijos (&#8230;) pero nos estamos recuperando gracias a esto que nos dicen los responsables. Queremos que limpien el nombre de nuestros hijos, de nuestras familias\u201d.\u201d, expres\u00f3 Jorge Avenda\u00f1o, del municipio de S\u00e1cama (Casanare), quien dijo estar agradecido con la Comisi\u00f3n de la Verdad y la JEP.<\/p>\n<div style=\"width: 1280px;\" class=\"wp-video\"><video class=\"wp-video-shortcode\" id=\"video-27404-3\" width=\"1280\" height=\"720\" preload=\"metadata\" controls=\"controls\"><source type=\"video\/mp4\" src=\"https:\/\/marthacifuentes.com\/portada\/wp-content\/uploads\/2021\/11\/EncuentroCasanare_JorgeAvendano01_Web.mp4?_=3\" \/><a href=\"https:\/\/marthacifuentes.com\/portada\/wp-content\/uploads\/2021\/11\/EncuentroCasanare_JorgeAvendano01_Web.mp4\">https:\/\/marthacifuentes.com\/portada\/wp-content\/uploads\/2021\/11\/EncuentroCasanare_JorgeAvendano01_Web.mp4<\/a><\/video><\/div>\n<p>&nbsp;<\/p>\n<p style=\"text-align: justify;\">Por su parte Deyanira Achagua, hermana de dos hombres asesinados Yury Ferney y Abelardo, expres\u00f3 que fue muy doloroso padecer la desaparici\u00f3n y posterior muerte de ellos, con un a\u00f1o de diferencia. Debi\u00f3 recurrir a tratamiento sicol\u00f3gico y siqui\u00e1trico para ayudar a sobrellevar la situaci\u00f3n. Pero fue solo a trav\u00e9s de un sue\u00f1o, donde su hermano Yury le dec\u00eda que lo mirara y que \u00e9l estaba completo, que estaba bien, que lo dejara descansar, que lo dejara ir. A partir de ese momento ya estuvo m\u00e1s tranquila. (audio en la parte inferior).<\/p>\n<p style=\"text-align: justify;\">Tambi\u00e9n dijo que a su pap\u00e1 lo asesin\u00f3 la polic\u00eda, cuando ella era ni\u00f1a. Todas estas muertes marcaron su vida y existencia.\u00a0Manifest\u00f3 su expectativa de que en alg\u00fan momento los altos mandos, de donde partieron las \u00f3rdenes, deben aceptar la responsabilidad. Y reclam\u00f3 que el general Mario Montoya, en muchas ocasiones con sus declaraciones lo que hace es ofender a las v\u00edctimas.<\/p>\n<p style=\"text-align: justify;\">Casanare, con un 7,9 % de los casos totales, registra la segunda cifra m\u00e1s alta en cuanto a la ocurrencia de ejecuciones extrajudiciales en el pa\u00eds, seg\u00fan la sala de reconocimiento de la JEP, entidad que para darle inicio a la investigaci\u00f3n del caso 03 prioriz\u00f3 seis territorios cr\u00edticos, entre los cuales se encuentra este departamento. Seg\u00fan cifras de la JEP, entre el 2002 y 2008, 246 personas fueron v\u00edctimas de ejecuciones extrajudiciales en este departamento.<\/p>\n<p><iframe loading=\"lazy\" title=\"Reconocimiento de responsabilidades sobre las ejecuciones extrajudiciales en Casanare\" width=\"500\" height=\"281\" src=\"https:\/\/www.youtube.com\/embed\/vUmKMg--lhk?feature=oembed\" frameborder=\"0\" allow=\"accelerometer; autoplay; clipboard-write; encrypted-media; gyroscope; picture-in-picture; web-share\" referrerpolicy=\"strict-origin-when-cross-origin\" allowfullscreen><\/iframe><\/p>\n<p>Jorge Avenda\u00f1o, v\u00edctima<\/p>\n<!--[if lt IE 9]><script>document.createElement('audio');<\/script><![endif]-->\n<audio class=\"wp-audio-shortcode\" id=\"audio-27404-1\" preload=\"none\" style=\"width: 100%;\" controls=\"controls\"><source type=\"audio\/mpeg\" src=\"https:\/\/marthacifuentes.com\/portada\/wp-content\/uploads\/2021\/11\/Jorge-Avendano-victima-del-municipio-de-Sacama-Casanare.mp3?_=1\" \/><a href=\"https:\/\/marthacifuentes.com\/portada\/wp-content\/uploads\/2021\/11\/Jorge-Avendano-victima-del-municipio-de-Sacama-Casanare.mp3\">https:\/\/marthacifuentes.com\/portada\/wp-content\/uploads\/2021\/11\/Jorge-Avendano-victima-del-municipio-de-Sacama-Casanare.mp3<\/a><\/audio>\n<p>&nbsp;<\/p>\n<p>Deyanira Achagua, v\u00edctima<\/p>\n<audio class=\"wp-audio-shortcode\" id=\"audio-27404-2\" preload=\"none\" style=\"width: 100%;\" controls=\"controls\"><source type=\"audio\/mpeg\" src=\"https:\/\/marthacifuentes.com\/portada\/wp-content\/uploads\/2021\/11\/Deyanira-Achagua-victima-del-municipio-de-Yopal.mp3?_=2\" \/><a href=\"https:\/\/marthacifuentes.com\/portada\/wp-content\/uploads\/2021\/11\/Deyanira-Achagua-victima-del-municipio-de-Yopal.mp3\">https:\/\/marthacifuentes.com\/portada\/wp-content\/uploads\/2021\/11\/Deyanira-Achagua-victima-del-municipio-de-Yopal.mp3<\/a><\/audio>\n<p>&nbsp;<\/p>\n<p>Sargento retirado Faiber Alberto Amaya, Gaula Militar &#8211; victimario<\/p>\n<audio class=\"wp-audio-shortcode\" id=\"audio-27404-3\" preload=\"none\" style=\"width: 100%;\" controls=\"controls\"><source type=\"audio\/mpeg\" src=\"https:\/\/marthacifuentes.com\/portada\/wp-content\/uploads\/2021\/11\/Faiber-Alberto-Amaya-sargento-segundo-r-del-Ejercito.mp3?_=3\" \/><a href=\"https:\/\/marthacifuentes.com\/portada\/wp-content\/uploads\/2021\/11\/Faiber-Alberto-Amaya-sargento-segundo-r-del-Ejercito.mp3\">https:\/\/marthacifuentes.com\/portada\/wp-content\/uploads\/2021\/11\/Faiber-Alberto-Amaya-sargento-segundo-r-del-Ejercito.mp3<\/a><\/audio>\n<p>&nbsp;<\/p>\n<p>Mayor retirado Gustavo Soto Bracamonte, Gaula Militar &#8211; victimario<\/p>\n<audio class=\"wp-audio-shortcode\" id=\"audio-27404-4\" preload=\"none\" style=\"width: 100%;\" controls=\"controls\"><source type=\"audio\/mpeg\" src=\"https:\/\/marthacifuentes.com\/portada\/wp-content\/uploads\/2021\/11\/Gustavo-Soto-Bracamonte-Mayor-comandante-del-Gaula-Militar-Casanare-2006-2007.mp3?_=4\" \/><a href=\"https:\/\/marthacifuentes.com\/portada\/wp-content\/uploads\/2021\/11\/Gustavo-Soto-Bracamonte-Mayor-comandante-del-Gaula-Militar-Casanare-2006-2007.mp3\">https:\/\/marthacifuentes.com\/portada\/wp-content\/uploads\/2021\/11\/Gustavo-Soto-Bracamonte-Mayor-comandante-del-Gaula-Militar-Casanare-2006-2007.mp3<\/a><\/audio>\n<p>&nbsp;<\/p>\n<p>Capit\u00e1n an\u00f3nimo Gaula Militar<\/p>\n<audio class=\"wp-audio-shortcode\" id=\"audio-27404-5\" preload=\"none\" style=\"width: 100%;\" controls=\"controls\"><source type=\"audio\/mpeg\" src=\"https:\/\/marthacifuentes.com\/portada\/wp-content\/uploads\/2021\/11\/Capitan-del-Gaula-Militar-Testimonio-anonimo.mp3?_=5\" \/><a href=\"https:\/\/marthacifuentes.com\/portada\/wp-content\/uploads\/2021\/11\/Capitan-del-Gaula-Militar-Testimonio-anonimo.mp3\">https:\/\/marthacifuentes.com\/portada\/wp-content\/uploads\/2021\/11\/Capitan-del-Gaula-Militar-Testimonio-anonimo.mp3<\/a><\/audio>\n<h2>Otras noticias&#8230;<\/h2>\n<blockquote class=\"wp-embedded-content\" data-secret=\"KEV3kgBVoV\"><p><a href=\"https:\/\/marthacifuentes.com\/portada\/2021\/11\/09\/los-altibajos-del-concurso-de-eleccion-de-contralor-de-casanare-tutelas-suspension-y-reactivacion-del-proceso-y-otras-denuncias\/\">Los altibajos del concurso de elecci\u00f3n de contralor de Casanare. Tutelas, suspensi\u00f3n y reactivaci\u00f3n del proceso y otras denuncias.<\/a><\/p><\/blockquote>\n<p><iframe loading=\"lazy\" class=\"wp-embedded-content\" sandbox=\"allow-scripts\" security=\"restricted\" style=\"position: absolute; clip: rect(1px, 1px, 1px, 1px);\" title=\"\u00abLos altibajos del concurso de elecci\u00f3n de contralor de Casanare. Tutelas, suspensi\u00f3n y reactivaci\u00f3n del proceso y otras denuncias.\u00bb \u2014 \u25b7 Noticias de Casanare : Martha Cifuentes | Casanare\" src=\"https:\/\/marthacifuentes.com\/portada\/2021\/11\/09\/los-altibajos-del-concurso-de-eleccion-de-contralor-de-casanare-tutelas-suspension-y-reactivacion-del-proceso-y-otras-denuncias\/embed\/#?secret=UFwi2RuSr9#?secret=KEV3kgBVoV\" data-secret=\"KEV3kgBVoV\" width=\"500\" height=\"282\" frameborder=\"0\" marginwidth=\"0\" marginheight=\"0\" scrolling=\"no\"><\/iframe><\/p>\n<blockquote class=\"wp-embedded-content\" data-secret=\"kM4axJkn7V\"><p><a href=\"https:\/\/marthacifuentes.com\/portada\/2021\/11\/08\/militares-retirados-reconoceran-responsabilidades-en-asesinatos-en-casanare\/\">Militares retirados reconocer\u00e1n responsabilidades en asesinatos en Casanare<\/a><\/p><\/blockquote>\n<p><iframe loading=\"lazy\" class=\"wp-embedded-content\" sandbox=\"allow-scripts\" security=\"restricted\" style=\"position: absolute; clip: rect(1px, 1px, 1px, 1px);\" title=\"\u00abMilitares retirados reconocer\u00e1n responsabilidades en asesinatos en Casanare\u00bb \u2014 \u25b7 Noticias de Casanare : Martha Cifuentes | Casanare\" src=\"https:\/\/marthacifuentes.com\/portada\/2021\/11\/08\/militares-retirados-reconoceran-responsabilidades-en-asesinatos-en-casanare\/embed\/#?secret=Efqi2ZZOs5#?secret=kM4axJkn7V\" data-secret=\"kM4axJkn7V\" width=\"500\" height=\"282\" frameborder=\"0\" marginwidth=\"0\" marginheight=\"0\" scrolling=\"no\"><\/iframe><\/p>\n<blockquote class=\"wp-embedded-content\" data-secret=\"VRSlqYHgRR\"><p><a href=\"https:\/\/marthacifuentes.com\/portada\/2021\/11\/08\/ecopetrol-hallo-gas-y-petroleo-liviano-en-pozo-de-aguazul-en-pruebas-iniciales-se-extrajeron-cerca-de-30-mil-barriles-equivalentes-de-petroleo\/\">Ecopetrol hall\u00f3 gas y petr\u00f3leo liviano en pozo de Aguazul. En pruebas iniciales se extrajeron cerca de 30 mil barriles equivalentes de petr\u00f3leo.<\/a><\/p><\/blockquote>\n<p><iframe loading=\"lazy\" class=\"wp-embedded-content\" sandbox=\"allow-scripts\" security=\"restricted\" style=\"position: absolute; clip: rect(1px, 1px, 1px, 1px);\" title=\"\u00abEcopetrol hall\u00f3 gas y petr\u00f3leo liviano en pozo de Aguazul. En pruebas iniciales se extrajeron cerca de 30 mil barriles equivalentes de petr\u00f3leo.\u00bb \u2014 \u25b7 Noticias de Casanare : Martha Cifuentes | Casanare\" src=\"https:\/\/marthacifuentes.com\/portada\/2021\/11\/08\/ecopetrol-hallo-gas-y-petroleo-liviano-en-pozo-de-aguazul-en-pruebas-iniciales-se-extrajeron-cerca-de-30-mil-barriles-equivalentes-de-petroleo\/embed\/#?secret=VAHLZIa8gL#?secret=VRSlqYHgRR\" data-secret=\"VRSlqYHgRR\" width=\"500\" height=\"282\" frameborder=\"0\" marginwidth=\"0\" marginheight=\"0\" scrolling=\"no\"><\/iframe><\/p>\n<blockquote class=\"wp-embedded-content\" data-secret=\"etO4b5N2U8\"><p><a href=\"https:\/\/marthacifuentes.com\/portada\/2021\/11\/08\/ministerio-de-minas-liquido-mal-las-regalias-de-cusiana-y-cupiagua-petroleras-deberan-pagarlas\/\">Ministerio de Minas liquid\u00f3 mal las regal\u00edas de Cusiana y Cupiagua. Petroleras deber\u00e1n pagarlas<\/a><\/p><\/blockquote>\n<p><iframe loading=\"lazy\" class=\"wp-embedded-content\" sandbox=\"allow-scripts\" security=\"restricted\" style=\"position: absolute; clip: rect(1px, 1px, 1px, 1px);\" title=\"\u00abMinisterio de Minas liquid\u00f3 mal las regal\u00edas de Cusiana y Cupiagua. Petroleras deber\u00e1n pagarlas\u00bb \u2014 \u25b7 Noticias de Casanare : Martha Cifuentes | Casanare\" src=\"https:\/\/marthacifuentes.com\/portada\/2021\/11\/08\/ministerio-de-minas-liquido-mal-las-regalias-de-cusiana-y-cupiagua-petroleras-deberan-pagarlas\/embed\/#?secret=4u5aGA5sCG#?secret=etO4b5N2U8\" data-secret=\"etO4b5N2U8\" width=\"500\" height=\"282\" frameborder=\"0\" marginwidth=\"0\" marginheight=\"0\" scrolling=\"no\"><\/iframe><\/p>\n<blockquote class=\"wp-embedded-content\" data-secret=\"S1zILcs4I7\"><p><a href=\"https:\/\/marthacifuentes.com\/portada\/2021\/11\/08\/derrumbe-de-8-mil-metros-de-tierra-de-montana-tapono-momentaneamente-rio-cusiana-no-hubo-afectaciones\/\">Derrumbe de 8 mil metros de tierra de Monta\u00f1a tapon\u00f3 moment\u00e1neamente r\u00edo Cusiana. No hubo afectaciones.<\/a><\/p><\/blockquote>\n<p><iframe loading=\"lazy\" class=\"wp-embedded-content\" sandbox=\"allow-scripts\" security=\"restricted\" style=\"position: absolute; clip: rect(1px, 1px, 1px, 1px);\" title=\"\u00abDerrumbe de 8 mil metros de tierra de Monta\u00f1a tapon\u00f3 moment\u00e1neamente r\u00edo Cusiana. No hubo afectaciones.\u00bb \u2014 \u25b7 Noticias de Casanare : Martha Cifuentes | Casanare\" src=\"https:\/\/marthacifuentes.com\/portada\/2021\/11\/08\/derrumbe-de-8-mil-metros-de-tierra-de-montana-tapono-momentaneamente-rio-cusiana-no-hubo-afectaciones\/embed\/#?secret=jTt1Z3pg5E#?secret=S1zILcs4I7\" data-secret=\"S1zILcs4I7\" width=\"500\" height=\"282\" frameborder=\"0\" marginwidth=\"0\" marginheight=\"0\" scrolling=\"no\"><\/iframe><\/p>\n<blockquote class=\"wp-embedded-content\" data-secret=\"8IMBBSFoy5\"><p><a href=\"https:\/\/marthacifuentes.com\/portada\/2021\/11\/08\/suspender-cobro-de-peaje-sector-el-crucero-en-via-del-cusiana-pidieron-parlamentarios-cesar-ortiz-y-wilmer-leal\/\">Suspender cobro de peaje sector El Crucero en v\u00eda del Cusiana, pidieron parlamentarios C\u00e9sar Ortiz y Wilmer Leal<\/a><\/p><\/blockquote>\n<p><iframe loading=\"lazy\" class=\"wp-embedded-content\" sandbox=\"allow-scripts\" security=\"restricted\" style=\"position: absolute; clip: rect(1px, 1px, 1px, 1px);\" title=\"\u00abSuspender cobro de peaje sector El Crucero en v\u00eda del Cusiana, pidieron parlamentarios C\u00e9sar Ortiz y Wilmer Leal\u00bb \u2014 \u25b7 Noticias de Casanare : Martha Cifuentes | Casanare\" src=\"https:\/\/marthacifuentes.com\/portada\/2021\/11\/08\/suspender-cobro-de-peaje-sector-el-crucero-en-via-del-cusiana-pidieron-parlamentarios-cesar-ortiz-y-wilmer-leal\/embed\/#?secret=7Pv9ilwVT0#?secret=8IMBBSFoy5\" data-secret=\"8IMBBSFoy5\" width=\"500\" height=\"282\" frameborder=\"0\" marginwidth=\"0\" marginheight=\"0\" scrolling=\"no\"><\/iframe><\/p>\n<blockquote class=\"wp-embedded-content\" data-secret=\"0VscCd8Ptb\"><p><a href=\"https:\/\/marthacifuentes.com\/portada\/2021\/11\/08\/si-tiene-una-empresa-o-emprendimiento-hasta-hoy-puede-inscribirse-en-convocatoria-de-aldea-experimenta-avanzado\/\">Si tiene una empresa o emprendimiento, hasta hoy puede inscribirse en convocatoria de Aldea Experimenta Avanzado<\/a><\/p><\/blockquote>\n<p><iframe loading=\"lazy\" class=\"wp-embedded-content\" sandbox=\"allow-scripts\" security=\"restricted\" style=\"position: absolute; clip: rect(1px, 1px, 1px, 1px);\" title=\"\u00abSi tiene una empresa o emprendimiento, hasta hoy puede inscribirse en convocatoria de Aldea Experimenta Avanzado\u00bb \u2014 \u25b7 Noticias de Casanare : Martha Cifuentes | Casanare\" src=\"https:\/\/marthacifuentes.com\/portada\/2021\/11\/08\/si-tiene-una-empresa-o-emprendimiento-hasta-hoy-puede-inscribirse-en-convocatoria-de-aldea-experimenta-avanzado\/embed\/#?secret=lJVI7wXu8M#?secret=0VscCd8Ptb\" data-secret=\"0VscCd8Ptb\" width=\"500\" height=\"282\" frameborder=\"0\" marginwidth=\"0\" marginheight=\"0\" scrolling=\"no\"><\/iframe><\/p>\n<blockquote class=\"wp-embedded-content\" data-secret=\"a0EuQepuqY\"><p><a href=\"https:\/\/marthacifuentes.com\/portada\/2021\/11\/04\/comunidad-de-quebradaseca-dividida-se-cuestiona-manejos-del-presidente-de-la-junta-de-accion-comunal-alfredo-garacia\/\">Comunidad de Quebradaseca dividida. Se cuestiona manejos del presidente de la Junta de Acci\u00f3n Comunal Alfredo Garac\u00eda<\/a><\/p><\/blockquote>\n<p><iframe loading=\"lazy\" class=\"wp-embedded-content\" sandbox=\"allow-scripts\" security=\"restricted\" style=\"position: absolute; clip: rect(1px, 1px, 1px, 1px);\" title=\"\u00abComunidad de Quebradaseca dividida. Se cuestiona manejos del presidente de la Junta de Acci\u00f3n Comunal Alfredo Garac\u00eda\u00bb \u2014 \u25b7 Noticias de Casanare : Martha Cifuentes | Casanare\" src=\"https:\/\/marthacifuentes.com\/portada\/2021\/11\/04\/comunidad-de-quebradaseca-dividida-se-cuestiona-manejos-del-presidente-de-la-junta-de-accion-comunal-alfredo-garacia\/embed\/#?secret=pQ1WMwT22d#?secret=a0EuQepuqY\" data-secret=\"a0EuQepuqY\" width=\"500\" height=\"282\" frameborder=\"0\" marginwidth=\"0\" marginheight=\"0\" scrolling=\"no\"><\/iframe><\/p>\n<p>&nbsp;<\/p>\n<p>&nbsp;<\/p>\n<p>&nbsp;<\/p>\n<p>&nbsp;<\/p>\n","protected":false},"excerpt":{"rendered":"<p>Nuevamente ayer en Yopal, durante el acto de reconocimiento que hicieron militares retirados del Ej\u00e9rcito ante las v\u00edctimas a expensas de la Comisi\u00f3n de la Verdad, se ratific\u00f3 la execrable pr\u00e1ctica macabra de los falsos positivos en Casanare. El sargento segundo (r) Faiber Alberto Amaya, expres\u00f3 \u201cQu\u00e9 f\u00e1cil es hacer de la guerra el escenario &hellip;<\/p>\n","protected":false},"author":2,"featured_media":27406,"comment_status":"open","ping_status":"open","sticky":false,"template":"","format":"standard","meta":{"om_disable_all_campaigns":false,"_exactmetrics_skip_tracking":false,"_exactmetrics_sitenote_active":false,"_exactmetrics_sitenote_note":"","_exactmetrics_sitenote_category":0,"_monsterinsights_skip_tracking":false,"_monsterinsights_sitenote_active":false,"_monsterinsights_sitenote_note":"","_monsterinsights_sitenote_category":0,"_uf_show_specific_survey":0,"_uf_disable_surveys":false,"_joinchat":[],"footnotes":""},"categories":[147,146,145],"tags":[1373,5499,6044,6043,1400,1421,1376],"class_list":["post-27404","post","type-post","status-publish","format-standard","has-post-thumbnail","hentry","category-actualidad","category-noticias","category-reportajes","tag-casanare-noticias","tag-falsos-positivos-casanare","tag-general-montoya-litros-de-sangre-falsos-positivos","tag-gustavo-soto-bracamonte-mayor-gaula-militar-casanare","tag-noticias-casanare","tag-noticias-yopal","tag-yopal-noticias"],"yoast_head":"<!-- This site is optimized with the Yoast SEO plugin v26.1 - https:\/\/yoast.com\/wordpress\/plugins\/seo\/ -->\n<title>\u201cVengo a reconocerles que yo soy el victimario de sus seres queridos\u201d: Mayor Gustavo Soto Bracamonte a v\u00edctimas de falsos positivos en Casanare - \u25b7 Noticias de Casanare : Martha Cifuentes | Casanare<\/title>\n<meta name=\"robots\" content=\"index, follow, max-snippet:-1, max-image-preview:large, max-video-preview:-1\" \/>\n<link rel=\"canonical\" href=\"https:\/\/marthacifuentes.com\/portada\/vengo-a-reconocerles-que-yo-soy-el-victimario-de-sus-seres-queridos-mayor-gustavo-soto-bracamonte-a-victimas-de-falsos-positivos-en-casanare\/\" \/>\n<meta property=\"og:locale\" content=\"es_ES\" \/>\n<meta property=\"og:type\" content=\"article\" \/>\n<meta property=\"og:title\" content=\"\u201cVengo a reconocerles que yo soy el victimario de sus seres queridos\u201d: Mayor Gustavo Soto Bracamonte a v\u00edctimas de falsos positivos en Casanare - \u25b7 Noticias de Casanare : Martha Cifuentes | Casanare\" \/>\n<meta property=\"og:description\" content=\"Nuevamente ayer en Yopal, durante el acto de reconocimiento que hicieron militares retirados del Ej\u00e9rcito ante las v\u00edctimas a expensas de la Comisi\u00f3n de la Verdad, se ratific\u00f3 la execrable pr\u00e1ctica macabra de los falsos positivos en Casanare. El sargento segundo (r) Faiber Alberto Amaya, expres\u00f3 \u201cQu\u00e9 f\u00e1cil es hacer de la guerra el escenario &hellip;\" \/>\n<meta property=\"og:url\" content=\"https:\/\/marthacifuentes.com\/portada\/vengo-a-reconocerles-que-yo-soy-el-victimario-de-sus-seres-queridos-mayor-gustavo-soto-bracamonte-a-victimas-de-falsos-positivos-en-casanare\/\" \/>\n<meta property=\"og:site_name\" content=\"\u25b7 Noticias de Casanare : Martha Cifuentes | Casanare\" \/>\n<meta property=\"article:published_time\" content=\"2021-11-11T14:02:02+00:00\" \/>\n<meta property=\"article:modified_time\" content=\"2021-11-11T15:26:16+00:00\" \/>\n<meta property=\"og:image\" content=\"https:\/\/marthacifuentes.com\/portada\/wp-content\/uploads\/2021\/11\/Gustavo-Soto-Bracamonte-Mayor-comandante-del-Gaula-Militar-Casanare-2006-2007-1-1.jpeg\" \/>\n\t<meta property=\"og:image:width\" content=\"1600\" \/>\n\t<meta property=\"og:image:height\" content=\"1066\" \/>\n\t<meta property=\"og:image:type\" content=\"image\/jpeg\" \/>\n<meta name=\"author\" content=\"Martha Cifuentes\" \/>\n<meta name=\"twitter:card\" content=\"summary_large_image\" \/>\n<meta name=\"twitter:label1\" content=\"Escrito por\" \/>\n\t<meta name=\"twitter:data1\" content=\"Martha Cifuentes\" \/>\n\t<meta name=\"twitter:label2\" content=\"Tiempo de lectura\" \/>\n\t<meta name=\"twitter:data2\" content=\"5 minutos\" \/>\n<script type=\"application\/ld+json\" class=\"yoast-schema-graph\">{\"@context\":\"https:\/\/schema.org\",\"@graph\":[{\"@type\":\"WebPage\",\"@id\":\"https:\/\/marthacifuentes.com\/portada\/vengo-a-reconocerles-que-yo-soy-el-victimario-de-sus-seres-queridos-mayor-gustavo-soto-bracamonte-a-victimas-de-falsos-positivos-en-casanare\/\",\"url\":\"https:\/\/marthacifuentes.com\/portada\/vengo-a-reconocerles-que-yo-soy-el-victimario-de-sus-seres-queridos-mayor-gustavo-soto-bracamonte-a-victimas-de-falsos-positivos-en-casanare\/\",\"name\":\"\u201cVengo a reconocerles que yo soy el victimario de sus seres queridos\u201d: Mayor Gustavo Soto Bracamonte a v\u00edctimas de falsos positivos en Casanare - \u25b7 Noticias de Casanare : Martha Cifuentes | Casanare\",\"isPartOf\":{\"@id\":\"https:\/\/marthacifuentes.com\/portada\/#website\"},\"primaryImageOfPage\":{\"@id\":\"https:\/\/marthacifuentes.com\/portada\/vengo-a-reconocerles-que-yo-soy-el-victimario-de-sus-seres-queridos-mayor-gustavo-soto-bracamonte-a-victimas-de-falsos-positivos-en-casanare\/#primaryimage\"},\"image\":{\"@id\":\"https:\/\/marthacifuentes.com\/portada\/vengo-a-reconocerles-que-yo-soy-el-victimario-de-sus-seres-queridos-mayor-gustavo-soto-bracamonte-a-victimas-de-falsos-positivos-en-casanare\/#primaryimage\"},\"thumbnailUrl\":\"https:\/\/marthacifuentes.com\/portada\/wp-content\/uploads\/2021\/11\/Gustavo-Soto-Bracamonte-Mayor-comandante-del-Gaula-Militar-Casanare-2006-2007-1-1.jpeg\",\"datePublished\":\"2021-11-11T14:02:02+00:00\",\"dateModified\":\"2021-11-11T15:26:16+00:00\",\"author\":{\"@id\":\"https:\/\/marthacifuentes.com\/portada\/#\/schema\/person\/57f53174b991db5f90ff78d58502b714\"},\"breadcrumb\":{\"@id\":\"https:\/\/marthacifuentes.com\/portada\/vengo-a-reconocerles-que-yo-soy-el-victimario-de-sus-seres-queridos-mayor-gustavo-soto-bracamonte-a-victimas-de-falsos-positivos-en-casanare\/#breadcrumb\"},\"inLanguage\":\"es\",\"potentialAction\":[{\"@type\":\"ReadAction\",\"target\":[\"https:\/\/marthacifuentes.com\/portada\/vengo-a-reconocerles-que-yo-soy-el-victimario-de-sus-seres-queridos-mayor-gustavo-soto-bracamonte-a-victimas-de-falsos-positivos-en-casanare\/\"]}]},{\"@type\":\"ImageObject\",\"inLanguage\":\"es\",\"@id\":\"https:\/\/marthacifuentes.com\/portada\/vengo-a-reconocerles-que-yo-soy-el-victimario-de-sus-seres-queridos-mayor-gustavo-soto-bracamonte-a-victimas-de-falsos-positivos-en-casanare\/#primaryimage\",\"url\":\"https:\/\/marthacifuentes.com\/portada\/wp-content\/uploads\/2021\/11\/Gustavo-Soto-Bracamonte-Mayor-comandante-del-Gaula-Militar-Casanare-2006-2007-1-1.jpeg\",\"contentUrl\":\"https:\/\/marthacifuentes.com\/portada\/wp-content\/uploads\/2021\/11\/Gustavo-Soto-Bracamonte-Mayor-comandante-del-Gaula-Militar-Casanare-2006-2007-1-1.jpeg\",\"width\":1600,\"height\":1066},{\"@type\":\"BreadcrumbList\",\"@id\":\"https:\/\/marthacifuentes.com\/portada\/vengo-a-reconocerles-que-yo-soy-el-victimario-de-sus-seres-queridos-mayor-gustavo-soto-bracamonte-a-victimas-de-falsos-positivos-en-casanare\/#breadcrumb\",\"itemListElement\":[{\"@type\":\"ListItem\",\"position\":1,\"name\":\"Portada\",\"item\":\"https:\/\/marthacifuentes.com\/portada\/\"},{\"@type\":\"ListItem\",\"position\":2,\"name\":\"\u201cVengo a reconocerles que yo soy el victimario de sus seres queridos\u201d: Mayor Gustavo Soto Bracamonte a v\u00edctimas de falsos positivos en Casanare\"}]},{\"@type\":\"WebSite\",\"@id\":\"https:\/\/marthacifuentes.com\/portada\/#website\",\"url\":\"https:\/\/marthacifuentes.com\/portada\/\",\"name\":\"\u25b7 Noticias de Casanare : Martha Cifuentes | Casanare\",\"description\":\"Noticias &amp; Contenidos\",\"potentialAction\":[{\"@type\":\"SearchAction\",\"target\":{\"@type\":\"EntryPoint\",\"urlTemplate\":\"https:\/\/marthacifuentes.com\/portada\/?s={search_term_string}\"},\"query-input\":{\"@type\":\"PropertyValueSpecification\",\"valueRequired\":true,\"valueName\":\"search_term_string\"}}],\"inLanguage\":\"es\"},{\"@type\":\"Person\",\"@id\":\"https:\/\/marthacifuentes.com\/portada\/#\/schema\/person\/57f53174b991db5f90ff78d58502b714\",\"name\":\"Martha Cifuentes\",\"image\":{\"@type\":\"ImageObject\",\"inLanguage\":\"es\",\"@id\":\"https:\/\/marthacifuentes.com\/portada\/#\/schema\/person\/image\/\",\"url\":\"http:\/\/marthacifuentes.com\/portada\/wp-content\/uploads\/2018\/06\/avatar_user_2_1528838701-96x96.jpg\",\"contentUrl\":\"http:\/\/marthacifuentes.com\/portada\/wp-content\/uploads\/2018\/06\/avatar_user_2_1528838701-96x96.jpg\",\"caption\":\"Martha Cifuentes\"},\"sameAs\":[\"http:\/\/www.marthacifuentes.com\"],\"url\":\"https:\/\/marthacifuentes.com\/portada\/author\/martha\/\"}]}<\/script>\n<!-- \/ Yoast SEO plugin. -->","yoast_head_json":{"title":"\u201cVengo a reconocerles que yo soy el victimario de sus seres queridos\u201d: Mayor Gustavo Soto Bracamonte a v\u00edctimas de falsos positivos en Casanare - \u25b7 Noticias de Casanare : Martha Cifuentes | Casanare","robots":{"index":"index","follow":"follow","max-snippet":"max-snippet:-1","max-image-preview":"max-image-preview:large","max-video-preview":"max-video-preview:-1"},"canonical":"https:\/\/marthacifuentes.com\/portada\/vengo-a-reconocerles-que-yo-soy-el-victimario-de-sus-seres-queridos-mayor-gustavo-soto-bracamonte-a-victimas-de-falsos-positivos-en-casanare\/","og_locale":"es_ES","og_type":"article","og_title":"\u201cVengo a reconocerles que yo soy el victimario de sus seres queridos\u201d: Mayor Gustavo Soto Bracamonte a v\u00edctimas de falsos positivos en Casanare - \u25b7 Noticias de Casanare : Martha Cifuentes | Casanare","og_description":"Nuevamente ayer en Yopal, durante el acto de reconocimiento que hicieron militares retirados del Ej\u00e9rcito ante las v\u00edctimas a expensas de la Comisi\u00f3n de la Verdad, se ratific\u00f3 la execrable pr\u00e1ctica macabra de los falsos positivos en Casanare. El sargento segundo (r) Faiber Alberto Amaya, expres\u00f3 \u201cQu\u00e9 f\u00e1cil es hacer de la guerra el escenario &hellip;","og_url":"https:\/\/marthacifuentes.com\/portada\/vengo-a-reconocerles-que-yo-soy-el-victimario-de-sus-seres-queridos-mayor-gustavo-soto-bracamonte-a-victimas-de-falsos-positivos-en-casanare\/","og_site_name":"\u25b7 Noticias de Casanare : Martha Cifuentes | Casanare","article_published_time":"2021-11-11T14:02:02+00:00","article_modified_time":"2021-11-11T15:26:16+00:00","og_image":[{"width":1600,"height":1066,"url":"https:\/\/marthacifuentes.com\/portada\/wp-content\/uploads\/2021\/11\/Gustavo-Soto-Bracamonte-Mayor-comandante-del-Gaula-Militar-Casanare-2006-2007-1-1.jpeg","type":"image\/jpeg"}],"author":"Martha Cifuentes","twitter_card":"summary_large_image","twitter_misc":{"Escrito por":"Martha Cifuentes","Tiempo de lectura":"5 minutos"},"schema":{"@context":"https:\/\/schema.org","@graph":[{"@type":"WebPage","@id":"https:\/\/marthacifuentes.com\/portada\/vengo-a-reconocerles-que-yo-soy-el-victimario-de-sus-seres-queridos-mayor-gustavo-soto-bracamonte-a-victimas-de-falsos-positivos-en-casanare\/","url":"https:\/\/marthacifuentes.com\/portada\/vengo-a-reconocerles-que-yo-soy-el-victimario-de-sus-seres-queridos-mayor-gustavo-soto-bracamonte-a-victimas-de-falsos-positivos-en-casanare\/","name":"\u201cVengo a reconocerles que yo soy el victimario de sus seres queridos\u201d: Mayor Gustavo Soto Bracamonte a v\u00edctimas de falsos positivos en Casanare - \u25b7 Noticias de Casanare : Martha Cifuentes | Casanare","isPartOf":{"@id":"https:\/\/marthacifuentes.com\/portada\/#website"},"primaryImageOfPage":{"@id":"https:\/\/marthacifuentes.com\/portada\/vengo-a-reconocerles-que-yo-soy-el-victimario-de-sus-seres-queridos-mayor-gustavo-soto-bracamonte-a-victimas-de-falsos-positivos-en-casanare\/#primaryimage"},"image":{"@id":"https:\/\/marthacifuentes.com\/portada\/vengo-a-reconocerles-que-yo-soy-el-victimario-de-sus-seres-queridos-mayor-gustavo-soto-bracamonte-a-victimas-de-falsos-positivos-en-casanare\/#primaryimage"},"thumbnailUrl":"https:\/\/marthacifuentes.com\/portada\/wp-content\/uploads\/2021\/11\/Gustavo-Soto-Bracamonte-Mayor-comandante-del-Gaula-Militar-Casanare-2006-2007-1-1.jpeg","datePublished":"2021-11-11T14:02:02+00:00","dateModified":"2021-11-11T15:26:16+00:00","author":{"@id":"https:\/\/marthacifuentes.com\/portada\/#\/schema\/person\/57f53174b991db5f90ff78d58502b714"},"breadcrumb":{"@id":"https:\/\/marthacifuentes.com\/portada\/vengo-a-reconocerles-que-yo-soy-el-victimario-de-sus-seres-queridos-mayor-gustavo-soto-bracamonte-a-victimas-de-falsos-positivos-en-casanare\/#breadcrumb"},"inLanguage":"es","potentialAction":[{"@type":"ReadAction","target":["https:\/\/marthacifuentes.com\/portada\/vengo-a-reconocerles-que-yo-soy-el-victimario-de-sus-seres-queridos-mayor-gustavo-soto-bracamonte-a-victimas-de-falsos-positivos-en-casanare\/"]}]},{"@type":"ImageObject","inLanguage":"es","@id":"https:\/\/marthacifuentes.com\/portada\/vengo-a-reconocerles-que-yo-soy-el-victimario-de-sus-seres-queridos-mayor-gustavo-soto-bracamonte-a-victimas-de-falsos-positivos-en-casanare\/#primaryimage","url":"https:\/\/marthacifuentes.com\/portada\/wp-content\/uploads\/2021\/11\/Gustavo-Soto-Bracamonte-Mayor-comandante-del-Gaula-Militar-Casanare-2006-2007-1-1.jpeg","contentUrl":"https:\/\/marthacifuentes.com\/portada\/wp-content\/uploads\/2021\/11\/Gustavo-Soto-Bracamonte-Mayor-comandante-del-Gaula-Militar-Casanare-2006-2007-1-1.jpeg","width":1600,"height":1066},{"@type":"BreadcrumbList","@id":"https:\/\/marthacifuentes.com\/portada\/vengo-a-reconocerles-que-yo-soy-el-victimario-de-sus-seres-queridos-mayor-gustavo-soto-bracamonte-a-victimas-de-falsos-positivos-en-casanare\/#breadcrumb","itemListElement":[{"@type":"ListItem","position":1,"name":"Portada","item":"https:\/\/marthacifuentes.com\/portada\/"},{"@type":"ListItem","position":2,"name":"\u201cVengo a reconocerles que yo soy el victimario de sus seres queridos\u201d: Mayor Gustavo Soto Bracamonte a v\u00edctimas de falsos positivos en Casanare"}]},{"@type":"WebSite","@id":"https:\/\/marthacifuentes.com\/portada\/#website","url":"https:\/\/marthacifuentes.com\/portada\/","name":"\u25b7 Noticias de Casanare : Martha Cifuentes | Casanare","description":"Noticias &amp; Contenidos","potentialAction":[{"@type":"SearchAction","target":{"@type":"EntryPoint","urlTemplate":"https:\/\/marthacifuentes.com\/portada\/?s={search_term_string}"},"query-input":{"@type":"PropertyValueSpecification","valueRequired":true,"valueName":"search_term_string"}}],"inLanguage":"es"},{"@type":"Person","@id":"https:\/\/marthacifuentes.com\/portada\/#\/schema\/person\/57f53174b991db5f90ff78d58502b714","name":"Martha Cifuentes","image":{"@type":"ImageObject","inLanguage":"es","@id":"https:\/\/marthacifuentes.com\/portada\/#\/schema\/person\/image\/","url":"http:\/\/marthacifuentes.com\/portada\/wp-content\/uploads\/2018\/06\/avatar_user_2_1528838701-96x96.jpg","contentUrl":"http:\/\/marthacifuentes.com\/portada\/wp-content\/uploads\/2018\/06\/avatar_user_2_1528838701-96x96.jpg","caption":"Martha Cifuentes"},"sameAs":["http:\/\/www.marthacifuentes.com"],"url":"https:\/\/marthacifuentes.com\/portada\/author\/martha\/"}]}},"_links":{"self":[{"href":"https:\/\/marthacifuentes.com\/portada\/wp-json\/wp\/v2\/posts\/27404","targetHints":{"allow":["GET"]}}],"collection":[{"href":"https:\/\/marthacifuentes.com\/portada\/wp-json\/wp\/v2\/posts"}],"about":[{"href":"https:\/\/marthacifuentes.com\/portada\/wp-json\/wp\/v2\/types\/post"}],"author":[{"embeddable":true,"href":"https:\/\/marthacifuentes.com\/portada\/wp-json\/wp\/v2\/users\/2"}],"replies":[{"embeddable":true,"href":"https:\/\/marthacifuentes.com\/portada\/wp-json\/wp\/v2\/comments?post=27404"}],"version-history":[{"count":4,"href":"https:\/\/marthacifuentes.com\/portada\/wp-json\/wp\/v2\/posts\/27404\/revisions"}],"predecessor-version":[{"id":27417,"href":"https:\/\/marthacifuentes.com\/portada\/wp-json\/wp\/v2\/posts\/27404\/revisions\/27417"}],"wp:featuredmedia":[{"embeddable":true,"href":"https:\/\/marthacifuentes.com\/portada\/wp-json\/wp\/v2\/media\/27406"}],"wp:attachment":[{"href":"https:\/\/marthacifuentes.com\/portada\/wp-json\/wp\/v2\/media?parent=27404"}],"wp:term":[{"taxonomy":"category","embeddable":true,"href":"https:\/\/marthacifuentes.com\/portada\/wp-json\/wp\/v2\/categories?post=27404"},{"taxonomy":"post_tag","embeddable":true,"href":"https:\/\/marthacifuentes.com\/portada\/wp-json\/wp\/v2\/tags?post=27404"}],"curies":[{"name":"wp","href":"https:\/\/api.w.org\/{rel}","templated":true}]}}