{"id":27464,"date":"2021-11-17T08:59:23","date_gmt":"2021-11-17T13:59:23","guid":{"rendered":"https:\/\/marthacifuentes.com\/portada\/?p=27464"},"modified":"2021-11-17T08:59:23","modified_gmt":"2021-11-17T13:59:23","slug":"nueva-tutela-contra-concurso-de-eleccion-de-contralor-de-casanare-en-esta-se-incluyo-a-la-procuraduria-como-accionada","status":"publish","type":"post","link":"https:\/\/marthacifuentes.com\/portada\/nueva-tutela-contra-concurso-de-eleccion-de-contralor-de-casanare-en-esta-se-incluyo-a-la-procuraduria-como-accionada\/","title":{"rendered":"Nueva tutela contra concurso de elecci\u00f3n de contralor de Casanare. En esta se incluy\u00f3 a la Procuradur\u00eda como accionada."},"content":{"rendered":"<p style=\"text-align: justify;\">Una nueva tutela contra la Asamblea departamental de Casanare y la Universidad Distrital fue admitida ayer, en relaci\u00f3n al concurso de elecci\u00f3n de contralor departamental. La demanda fue interpuesta por una de las aspirantes en el proceso, Eliana Marcela Camargo Gonz\u00e1lez y cursa en el Juzgado Tercero Civil del Circuito de Yopal. Aunque se pidi\u00f3 suspensi\u00f3n del concurso este no fue concedido. Esta es la tercera tutela conocida.<\/p>\n<p style=\"text-align: justify;\">Esta postulada, quien es auditora fiscal de Contralor\u00eda Departamental desde hace seis a\u00f1os, argumenta que inicialmente en las bases del concurso se expres\u00f3 que la prueba de conocimientos contemplaba 60 preguntas pero a la hora de presentarla fueron 100. Este cambio no se justific\u00f3 en el cronograma. Igualmente, expresa, que cuando reclam\u00f3 sobre los resultados de su prueba, solo el 28 de octubre le respondieron que esta se encontraba bien calificada pero no se la dejaron ver.<\/p>\n<p style=\"text-align: justify;\">Ante esto, ella junto con los tambi\u00e9n aspirantes Jorge Andr\u00e9s Rodr\u00edguez y Nancy Hern\u00e1ndez Torres, reiteraron el 2 de noviembre la solicitud de revisi\u00f3n de la prueba de conocimientos, y la respuesta de la Universidad consisti\u00f3 en que las cartillas y respuestas podr\u00edan observarse presencialmente en Bogot\u00e1 ese mismo d\u00eda. Para esta postulante no era viable el desplazamiento a esta ciudad, no solo por la distancia y los costos, sino por el plazo para ver los resultados.<\/p>\n<p style=\"text-align: justify;\">Igualmente expresa que la Procuradur\u00eda Regional Casanare no ha sido garante del debido desarrollo de la convocatoria p\u00fablica ni ha prestado atenci\u00f3n a diversas denuncias que circulan en medios de comunicaci\u00f3n frente a la convocatoria. Y por ello tambi\u00e9n la tutela es contra la Procuradur\u00eda.<\/p>\n<p style=\"text-align: justify;\">Por ahora la mesa directiva de la Asamblea prosigui\u00f3 con el concurso luego de que este fuera suspendido por una medida cautelar de otro tutelante. Sinembargo est\u00e1 pendiente lo que digan los jueces sobre las tutelas pendientes, que son dos, conocidas a la fecha.<\/p>\n<p><img loading=\"lazy\" decoding=\"async\" class=\"alignnone size-full wp-image-27465 aligncenter\" src=\"https:\/\/marthacifuentes.com\/portada\/wp-content\/uploads\/2021\/11\/imagen_2021-11-17_084433.png\" alt=\"\" width=\"498\" height=\"503\" srcset=\"https:\/\/marthacifuentes.com\/portada\/wp-content\/uploads\/2021\/11\/imagen_2021-11-17_084433.png 498w, https:\/\/marthacifuentes.com\/portada\/wp-content\/uploads\/2021\/11\/imagen_2021-11-17_084433-297x300.png 297w\" sizes=\"auto, (max-width: 498px) 100vw, 498px\" \/><\/p>\n<h2><strong>Otras noticias&#8230;<\/strong><\/h2>\n<blockquote class=\"wp-embedded-content\" data-secret=\"c4RpS7g6j0\"><p><a href=\"https:\/\/marthacifuentes.com\/portada\/2021\/11\/15\/restaurantes-de-mani-con-las-sillas-vacias-en-juegos-intercolegiados-no-les-contrataron-la-alimentacion\/\">Restaurantes de Man\u00ed, con las sillas vac\u00edas en juegos intercolegiados. No les contrataron la alimentaci\u00f3n.<\/a><\/p><\/blockquote>\n<p><iframe loading=\"lazy\" class=\"wp-embedded-content\" sandbox=\"allow-scripts\" security=\"restricted\" style=\"position: absolute; clip: rect(1px, 1px, 1px, 1px);\" title=\"\u00abRestaurantes de Man\u00ed, con las sillas vac\u00edas en juegos intercolegiados. No les contrataron la alimentaci\u00f3n.\u00bb \u2014 \u25b7 Noticias de Casanare : Martha Cifuentes | Casanare\" src=\"https:\/\/marthacifuentes.com\/portada\/2021\/11\/15\/restaurantes-de-mani-con-las-sillas-vacias-en-juegos-intercolegiados-no-les-contrataron-la-alimentacion\/embed\/#?secret=kdvlarkWde#?secret=c4RpS7g6j0\" data-secret=\"c4RpS7g6j0\" width=\"500\" height=\"282\" frameborder=\"0\" marginwidth=\"0\" marginheight=\"0\" scrolling=\"no\"><\/iframe><\/p>\n<p><iframe loading=\"lazy\" class=\"wp-embedded-content\" title=\"\u00ab17 d\u00edas de cierre cumpli\u00f3 v\u00eda Sogamoso-Aguazul. No se ha iniciado intervenci\u00f3n. Mientras tanto se trabaja en v\u00eda alterna por Recetor-Pajarito-Curis\u00ed.\u00bb \u2014 \u25b7 Noticias de Casanare : Martha Cifuentes | Casanare\" src=\"https:\/\/marthacifuentes.com\/portada\/2021\/11\/15\/17-dias-de-cierre-cumplio-via-sogamoso-aguazul-no-se-ha-iniciado-intervencion-mientras-tanto-se-trabaja-en-via-alterna-por-recetor-pajarito-curisi\/embed\/#?secret=YOAMk9A3p6\" width=\"600\" height=\"620\" frameborder=\"0\" marginwidth=\"0\" marginheight=\"0\" scrolling=\"no\" sandbox=\"allow-scripts\" data-secret=\"YOAMk9A3p6\" data-mce-fragment=\"1\"><\/iframe><\/p>\n<p><iframe loading=\"lazy\" class=\"wp-embedded-content\" title=\"\u00abJEP ampli\u00f3 medida cautelar sobre cementerio San Jos\u00e9 de Paz de Ariporo. No puede ser intervenido ni se pueden hacer exhumaciones e inhumaciones\u00bb \u2014 \u25b7 Noticias de Casanare : Martha Cifuentes | Casanare\" src=\"https:\/\/marthacifuentes.com\/portada\/2021\/11\/15\/jep-amplio-medida-cautelar-sobre-cementerio-san-jose-de-paz-de-ariporo-no-puede-ser-intervenido-ni-se-pueden-hacer-exhumaciones-e-inhumaciones\/embed\/#?secret=Rf6RR3aZ1t\" width=\"600\" height=\"641\" frameborder=\"0\" marginwidth=\"0\" marginheight=\"0\" scrolling=\"no\" sandbox=\"allow-scripts\" data-secret=\"Rf6RR3aZ1t\" data-mce-fragment=\"1\"><\/iframe><\/p>\n<p><iframe loading=\"lazy\" class=\"wp-embedded-content\" title=\"\u00abCerca de 10 mil ni\u00f1os para vacuna contra Covid-19 en Casanare, prioriz\u00f3 Medim\u00e1s\u00bb \u2014 \u25b7 Noticias de Casanare : Martha Cifuentes | Casanare\" src=\"https:\/\/marthacifuentes.com\/portada\/2021\/11\/12\/cerca-de-10-mil-ninos-para-vacuna-contra-covid-19-en-casanare-priorizo-medimas\/embed\/#?secret=KyBK1lqeYt\" width=\"600\" height=\"593\" frameborder=\"0\" marginwidth=\"0\" marginheight=\"0\" scrolling=\"no\" sandbox=\"allow-scripts\" data-secret=\"KyBK1lqeYt\" data-mce-fragment=\"1\"><\/iframe><\/p>\n<p><iframe loading=\"lazy\" class=\"wp-embedded-content\" title=\"\u00ab90% de municipios de Casanare con baja y cr\u00edtica vacunaci\u00f3n contra Covid-19.\u00bb \u2014 \u25b7 Noticias de Casanare : Martha Cifuentes | Casanare\" src=\"https:\/\/marthacifuentes.com\/portada\/2021\/11\/12\/90-de-municipios-de-casanare-con-baja-y-critica-vacunacion-contra-covid-19\/embed\/#?secret=9n833s3pYv\" width=\"600\" height=\"525\" frameborder=\"0\" marginwidth=\"0\" marginheight=\"0\" scrolling=\"no\" sandbox=\"allow-scripts\" data-secret=\"9n833s3pYv\" data-mce-fragment=\"1\"><\/iframe><\/p>\n<p><iframe loading=\"lazy\" class=\"wp-embedded-content\" title=\"\u00abV\u00edctimas del conflicto armado en Casanare tendr\u00e1n jornadas de acompa\u00f1amiento psicosocial y asesor\u00eda jur\u00eddica\u00bb \u2014 \u25b7 Noticias de Casanare : Martha Cifuentes | Casanare\" src=\"https:\/\/marthacifuentes.com\/portada\/2021\/11\/11\/victimas-del-conflicto-armado-en-casanare-tendran-jornadas-de-acompanamiento-psicosocial-y-asesoria-juridica\/embed\/#?secret=liCY7jvyIN\" width=\"600\" height=\"640\" frameborder=\"0\" marginwidth=\"0\" marginheight=\"0\" scrolling=\"no\" sandbox=\"allow-scripts\" data-secret=\"liCY7jvyIN\" data-mce-fragment=\"1\"><\/iframe><\/p>\n<p><iframe loading=\"lazy\" class=\"wp-embedded-content\" title=\"\u00abVenta de acciones de Ecopetrol en este momento ser\u00eda ileg\u00edtima, afirma C\u00e9sar Ortiz Zorro\u00bb \u2014 \u25b7 Noticias de Casanare : Martha Cifuentes | Casanare\" src=\"https:\/\/marthacifuentes.com\/portada\/2021\/11\/11\/venta-de-acciones-de-ecopetrol-en-este-momento-seria-ilegitima-afirma-cesar-ortiz-zorro\/embed\/#?secret=W7b1HqvVuf\" width=\"600\" height=\"613\" frameborder=\"0\" marginwidth=\"0\" marginheight=\"0\" scrolling=\"no\" sandbox=\"allow-scripts\" data-secret=\"W7b1HqvVuf\" data-mce-fragment=\"1\"><\/iframe><\/p>\n<p><iframe loading=\"lazy\" class=\"wp-embedded-content\" title=\"\u00ab\u201cVengo a reconocerles que yo soy el victimario de sus seres queridos\u201d: Mayor Gustavo Soto Bracamonte a v\u00edctimas de falsos positivos en Casanare\u00bb \u2014 \u25b7 Noticias de Casanare : Martha Cifuentes | Casanare\" src=\"https:\/\/marthacifuentes.com\/portada\/2021\/11\/11\/vengo-a-reconocerles-que-yo-soy-el-victimario-de-sus-seres-queridos-mayor-gustavo-soto-bracamonte-a-victimas-de-falsos-positivos-en-casanare\/embed\/#?secret=EZcmsPSNHo\" width=\"600\" height=\"641\" frameborder=\"0\" marginwidth=\"0\" marginheight=\"0\" scrolling=\"no\" sandbox=\"allow-scripts\" data-secret=\"EZcmsPSNHo\" data-mce-fragment=\"1\"><\/iframe><\/p>\n<p><iframe loading=\"lazy\" class=\"wp-embedded-content\" title=\"\u00abLos altibajos del concurso de elecci\u00f3n de contralor de Casanare. Tutelas, suspensi\u00f3n y reactivaci\u00f3n del proceso y otras denuncias.\u00bb \u2014 \u25b7 Noticias de Casanare : Martha Cifuentes | Casanare\" src=\"https:\/\/marthacifuentes.com\/portada\/2021\/11\/09\/los-altibajos-del-concurso-de-eleccion-de-contralor-de-casanare-tutelas-suspension-y-reactivacion-del-proceso-y-otras-denuncias\/embed\/#?secret=FqLPIyEWWJ\" width=\"600\" height=\"641\" frameborder=\"0\" marginwidth=\"0\" marginheight=\"0\" scrolling=\"no\" sandbox=\"allow-scripts\" data-secret=\"FqLPIyEWWJ\" data-mce-fragment=\"1\"><\/iframe><\/p>\n<p><iframe loading=\"lazy\" class=\"wp-embedded-content\" title=\"\u00abMilitares retirados reconocer\u00e1n responsabilidades en asesinatos en Casanare\u00bb \u2014 \u25b7 Noticias de Casanare : Martha Cifuentes | Casanare\" src=\"https:\/\/marthacifuentes.com\/portada\/2021\/11\/08\/militares-retirados-reconoceran-responsabilidades-en-asesinatos-en-casanare\/embed\/#?secret=qcgkIBaNk8\" width=\"600\" height=\"602\" frameborder=\"0\" marginwidth=\"0\" marginheight=\"0\" scrolling=\"no\" sandbox=\"allow-scripts\" data-secret=\"qcgkIBaNk8\" data-mce-fragment=\"1\"><\/iframe><\/p>\n<p><iframe loading=\"lazy\" class=\"wp-embedded-content\" title=\"\u00abEcopetrol hall\u00f3 gas y petr\u00f3leo liviano en pozo de Aguazul. En pruebas iniciales se extrajeron cerca de 30 mil barriles equivalentes de petr\u00f3leo.\u00bb \u2014 \u25b7 Noticias de Casanare : Martha Cifuentes | Casanare\" src=\"https:\/\/marthacifuentes.com\/portada\/2021\/11\/08\/ecopetrol-hallo-gas-y-petroleo-liviano-en-pozo-de-aguazul-en-pruebas-iniciales-se-extrajeron-cerca-de-30-mil-barriles-equivalentes-de-petroleo\/embed\/#?secret=ocaYOREpfD\" width=\"600\" height=\"641\" frameborder=\"0\" marginwidth=\"0\" marginheight=\"0\" scrolling=\"no\" sandbox=\"allow-scripts\" data-secret=\"ocaYOREpfD\" data-mce-fragment=\"1\"><\/iframe><\/p>\n<p><iframe loading=\"lazy\" class=\"wp-embedded-content\" title=\"\u00abMinisterio de Minas liquid\u00f3 mal las regal\u00edas de Cusiana y Cupiagua. Petroleras deber\u00e1n pagarlas\u00bb \u2014 \u25b7 Noticias de Casanare : Martha Cifuentes | Casanare\" src=\"https:\/\/marthacifuentes.com\/portada\/2021\/11\/08\/ministerio-de-minas-liquido-mal-las-regalias-de-cusiana-y-cupiagua-petroleras-deberan-pagarlas\/embed\/#?secret=9mdqpydC1P\" width=\"600\" height=\"536\" frameborder=\"0\" marginwidth=\"0\" marginheight=\"0\" scrolling=\"no\" sandbox=\"allow-scripts\" data-secret=\"9mdqpydC1P\" data-mce-fragment=\"1\"><\/iframe><\/p>\n<p><iframe loading=\"lazy\" class=\"wp-embedded-content\" title=\"\u00abDerrumbe de 8 mil metros de tierra de Monta\u00f1a tapon\u00f3 moment\u00e1neamente r\u00edo Cusiana. No hubo afectaciones.\u00bb \u2014 \u25b7 Noticias de Casanare : Martha Cifuentes | Casanare\" src=\"https:\/\/marthacifuentes.com\/portada\/2021\/11\/08\/derrumbe-de-8-mil-metros-de-tierra-de-montana-tapono-momentaneamente-rio-cusiana-no-hubo-afectaciones\/embed\/#?secret=KzwPDXEBQI\" width=\"600\" height=\"615\" frameborder=\"0\" marginwidth=\"0\" marginheight=\"0\" scrolling=\"no\" sandbox=\"allow-scripts\" data-secret=\"KzwPDXEBQI\" data-mce-fragment=\"1\"><\/iframe><\/p>\n<p><iframe loading=\"lazy\" class=\"wp-embedded-content\" title=\"\u00abSuspender cobro de peaje sector El Crucero en v\u00eda del Cusiana, pidieron parlamentarios C\u00e9sar Ortiz y Wilmer Leal\u00bb \u2014 \u25b7 Noticias de Casanare : Martha Cifuentes | Casanare\" src=\"https:\/\/marthacifuentes.com\/portada\/2021\/11\/08\/suspender-cobro-de-peaje-sector-el-crucero-en-via-del-cusiana-pidieron-parlamentarios-cesar-ortiz-y-wilmer-leal\/embed\/#?secret=A9eqrAYOfj\" width=\"600\" height=\"601\" frameborder=\"0\" marginwidth=\"0\" marginheight=\"0\" scrolling=\"no\" sandbox=\"allow-scripts\" data-secret=\"A9eqrAYOfj\" data-mce-fragment=\"1\"><\/iframe><\/p>\n<p><iframe loading=\"lazy\" class=\"wp-embedded-content\" title=\"\u00abSi tiene una empresa o emprendimiento, hasta hoy puede inscribirse en convocatoria de Aldea Experimenta Avanzado\u00bb \u2014 \u25b7 Noticias de Casanare : Martha Cifuentes | Casanare\" src=\"https:\/\/marthacifuentes.com\/portada\/2021\/11\/08\/si-tiene-una-empresa-o-emprendimiento-hasta-hoy-puede-inscribirse-en-convocatoria-de-aldea-experimenta-avanzado\/embed\/#?secret=s80QJbfjof\" width=\"600\" height=\"639\" frameborder=\"0\" marginwidth=\"0\" marginheight=\"0\" scrolling=\"no\" sandbox=\"allow-scripts\" data-secret=\"s80QJbfjof\" data-mce-fragment=\"1\"><\/iframe><\/p>\n<p><iframe loading=\"lazy\" class=\"wp-embedded-content\" title=\"\u00abComunidad de Quebradaseca dividida. Se cuestiona manejos del presidente de la Junta de Acci\u00f3n Comunal Alfredo Garac\u00eda\u00bb \u2014 \u25b7 Noticias de Casanare : Martha Cifuentes | Casanare\" src=\"https:\/\/marthacifuentes.com\/portada\/2021\/11\/04\/comunidad-de-quebradaseca-dividida-se-cuestiona-manejos-del-presidente-de-la-junta-de-accion-comunal-alfredo-garacia\/embed\/#?secret=OgztjhfqtP\" width=\"600\" height=\"621\" frameborder=\"0\" marginwidth=\"0\" marginheight=\"0\" scrolling=\"no\" sandbox=\"allow-scripts\" data-secret=\"OgztjhfqtP\" data-mce-fragment=\"1\"><\/iframe><\/p>\n<p>&nbsp;<\/p>\n<p>&nbsp;<\/p>\n","protected":false},"excerpt":{"rendered":"<p>Una nueva tutela contra la Asamblea departamental de Casanare y la Universidad Distrital fue admitida ayer, en relaci\u00f3n al concurso de elecci\u00f3n de contralor departamental. La demanda fue interpuesta por una de las aspirantes en el proceso, Eliana Marcela Camargo Gonz\u00e1lez y cursa en el Juzgado Tercero Civil del Circuito de Yopal. Aunque se pidi\u00f3 &hellip;<\/p>\n","protected":false},"author":2,"featured_media":27466,"comment_status":"open","ping_status":"open","sticky":false,"template":"","format":"standard","meta":{"om_disable_all_campaigns":false,"_exactmetrics_skip_tracking":false,"_exactmetrics_sitenote_active":false,"_exactmetrics_sitenote_note":"","_exactmetrics_sitenote_category":0,"_monsterinsights_skip_tracking":false,"_monsterinsights_sitenote_active":false,"_monsterinsights_sitenote_note":"","_monsterinsights_sitenote_category":0,"_uf_show_specific_survey":0,"_uf_disable_surveys":false,"_joinchat":[],"footnotes":""},"categories":[147,146,145],"tags":[1373,1400,1421,6061,6060,1376],"class_list":["post-27464","post","type-post","status-publish","format-standard","has-post-thumbnail","hentry","category-actualidad","category-noticias","category-reportajes","tag-casanare-noticias","tag-noticias-casanare","tag-noticias-yopal","tag-siguen-tutelas-eleccion-contraloria-de-casanare","tag-tutela-concurso-eleccion-contralor-de-casanare","tag-yopal-noticias"],"yoast_head":"<!-- This site is optimized with the Yoast SEO plugin v26.1 - https:\/\/yoast.com\/wordpress\/plugins\/seo\/ -->\n<title>Nueva tutela contra concurso de elecci\u00f3n de contralor de Casanare. En esta se incluy\u00f3 a la Procuradur\u00eda como accionada. - \u25b7 Noticias de Casanare : Martha Cifuentes | Casanare<\/title>\n<meta name=\"robots\" content=\"index, follow, max-snippet:-1, max-image-preview:large, max-video-preview:-1\" \/>\n<link rel=\"canonical\" href=\"https:\/\/marthacifuentes.com\/portada\/nueva-tutela-contra-concurso-de-eleccion-de-contralor-de-casanare-en-esta-se-incluyo-a-la-procuraduria-como-accionada\/\" \/>\n<meta property=\"og:locale\" content=\"es_ES\" \/>\n<meta property=\"og:type\" content=\"article\" \/>\n<meta property=\"og:title\" content=\"Nueva tutela contra concurso de elecci\u00f3n de contralor de Casanare. En esta se incluy\u00f3 a la Procuradur\u00eda como accionada. - \u25b7 Noticias de Casanare : Martha Cifuentes | Casanare\" \/>\n<meta property=\"og:description\" content=\"Una nueva tutela contra la Asamblea departamental de Casanare y la Universidad Distrital fue admitida ayer, en relaci\u00f3n al concurso de elecci\u00f3n de contralor departamental. La demanda fue interpuesta por una de las aspirantes en el proceso, Eliana Marcela Camargo Gonz\u00e1lez y cursa en el Juzgado Tercero Civil del Circuito de Yopal. Aunque se pidi\u00f3 &hellip;\" \/>\n<meta property=\"og:url\" content=\"https:\/\/marthacifuentes.com\/portada\/nueva-tutela-contra-concurso-de-eleccion-de-contralor-de-casanare-en-esta-se-incluyo-a-la-procuraduria-como-accionada\/\" \/>\n<meta property=\"og:site_name\" content=\"\u25b7 Noticias de Casanare : Martha Cifuentes | Casanare\" \/>\n<meta property=\"article:published_time\" content=\"2021-11-17T13:59:23+00:00\" \/>\n<meta property=\"og:image\" content=\"https:\/\/marthacifuentes.com\/portada\/wp-content\/uploads\/2021\/11\/contralorias_rrss-1_1.jpg\" \/>\n\t<meta property=\"og:image:width\" content=\"1172\" \/>\n\t<meta property=\"og:image:height\" content=\"400\" \/>\n\t<meta property=\"og:image:type\" content=\"image\/jpeg\" \/>\n<meta name=\"author\" content=\"Martha Cifuentes\" \/>\n<meta name=\"twitter:card\" content=\"summary_large_image\" \/>\n<meta name=\"twitter:label1\" content=\"Escrito por\" \/>\n\t<meta name=\"twitter:data1\" content=\"Martha Cifuentes\" \/>\n\t<meta name=\"twitter:label2\" content=\"Tiempo de lectura\" \/>\n\t<meta name=\"twitter:data2\" content=\"2 minutos\" \/>\n<script type=\"application\/ld+json\" class=\"yoast-schema-graph\">{\"@context\":\"https:\/\/schema.org\",\"@graph\":[{\"@type\":\"WebPage\",\"@id\":\"https:\/\/marthacifuentes.com\/portada\/nueva-tutela-contra-concurso-de-eleccion-de-contralor-de-casanare-en-esta-se-incluyo-a-la-procuraduria-como-accionada\/\",\"url\":\"https:\/\/marthacifuentes.com\/portada\/nueva-tutela-contra-concurso-de-eleccion-de-contralor-de-casanare-en-esta-se-incluyo-a-la-procuraduria-como-accionada\/\",\"name\":\"Nueva tutela contra concurso de elecci\u00f3n de contralor de Casanare. En esta se incluy\u00f3 a la Procuradur\u00eda como accionada. - \u25b7 Noticias de Casanare : Martha Cifuentes | Casanare\",\"isPartOf\":{\"@id\":\"https:\/\/marthacifuentes.com\/portada\/#website\"},\"primaryImageOfPage\":{\"@id\":\"https:\/\/marthacifuentes.com\/portada\/nueva-tutela-contra-concurso-de-eleccion-de-contralor-de-casanare-en-esta-se-incluyo-a-la-procuraduria-como-accionada\/#primaryimage\"},\"image\":{\"@id\":\"https:\/\/marthacifuentes.com\/portada\/nueva-tutela-contra-concurso-de-eleccion-de-contralor-de-casanare-en-esta-se-incluyo-a-la-procuraduria-como-accionada\/#primaryimage\"},\"thumbnailUrl\":\"https:\/\/marthacifuentes.com\/portada\/wp-content\/uploads\/2021\/11\/contralorias_rrss-1_1.jpg\",\"datePublished\":\"2021-11-17T13:59:23+00:00\",\"author\":{\"@id\":\"https:\/\/marthacifuentes.com\/portada\/#\/schema\/person\/57f53174b991db5f90ff78d58502b714\"},\"breadcrumb\":{\"@id\":\"https:\/\/marthacifuentes.com\/portada\/nueva-tutela-contra-concurso-de-eleccion-de-contralor-de-casanare-en-esta-se-incluyo-a-la-procuraduria-como-accionada\/#breadcrumb\"},\"inLanguage\":\"es\",\"potentialAction\":[{\"@type\":\"ReadAction\",\"target\":[\"https:\/\/marthacifuentes.com\/portada\/nueva-tutela-contra-concurso-de-eleccion-de-contralor-de-casanare-en-esta-se-incluyo-a-la-procuraduria-como-accionada\/\"]}]},{\"@type\":\"ImageObject\",\"inLanguage\":\"es\",\"@id\":\"https:\/\/marthacifuentes.com\/portada\/nueva-tutela-contra-concurso-de-eleccion-de-contralor-de-casanare-en-esta-se-incluyo-a-la-procuraduria-como-accionada\/#primaryimage\",\"url\":\"https:\/\/marthacifuentes.com\/portada\/wp-content\/uploads\/2021\/11\/contralorias_rrss-1_1.jpg\",\"contentUrl\":\"https:\/\/marthacifuentes.com\/portada\/wp-content\/uploads\/2021\/11\/contralorias_rrss-1_1.jpg\",\"width\":1172,\"height\":400},{\"@type\":\"BreadcrumbList\",\"@id\":\"https:\/\/marthacifuentes.com\/portada\/nueva-tutela-contra-concurso-de-eleccion-de-contralor-de-casanare-en-esta-se-incluyo-a-la-procuraduria-como-accionada\/#breadcrumb\",\"itemListElement\":[{\"@type\":\"ListItem\",\"position\":1,\"name\":\"Portada\",\"item\":\"https:\/\/marthacifuentes.com\/portada\/\"},{\"@type\":\"ListItem\",\"position\":2,\"name\":\"Nueva tutela contra concurso de elecci\u00f3n de contralor de Casanare. En esta se incluy\u00f3 a la Procuradur\u00eda como accionada.\"}]},{\"@type\":\"WebSite\",\"@id\":\"https:\/\/marthacifuentes.com\/portada\/#website\",\"url\":\"https:\/\/marthacifuentes.com\/portada\/\",\"name\":\"\u25b7 Noticias de Casanare : Martha Cifuentes | Casanare\",\"description\":\"Noticias &amp; Contenidos\",\"potentialAction\":[{\"@type\":\"SearchAction\",\"target\":{\"@type\":\"EntryPoint\",\"urlTemplate\":\"https:\/\/marthacifuentes.com\/portada\/?s={search_term_string}\"},\"query-input\":{\"@type\":\"PropertyValueSpecification\",\"valueRequired\":true,\"valueName\":\"search_term_string\"}}],\"inLanguage\":\"es\"},{\"@type\":\"Person\",\"@id\":\"https:\/\/marthacifuentes.com\/portada\/#\/schema\/person\/57f53174b991db5f90ff78d58502b714\",\"name\":\"Martha Cifuentes\",\"image\":{\"@type\":\"ImageObject\",\"inLanguage\":\"es\",\"@id\":\"https:\/\/marthacifuentes.com\/portada\/#\/schema\/person\/image\/\",\"url\":\"http:\/\/marthacifuentes.com\/portada\/wp-content\/uploads\/2018\/06\/avatar_user_2_1528838701-96x96.jpg\",\"contentUrl\":\"http:\/\/marthacifuentes.com\/portada\/wp-content\/uploads\/2018\/06\/avatar_user_2_1528838701-96x96.jpg\",\"caption\":\"Martha Cifuentes\"},\"sameAs\":[\"http:\/\/www.marthacifuentes.com\"],\"url\":\"https:\/\/marthacifuentes.com\/portada\/author\/martha\/\"}]}<\/script>\n<!-- \/ Yoast SEO plugin. -->","yoast_head_json":{"title":"Nueva tutela contra concurso de elecci\u00f3n de contralor de Casanare. En esta se incluy\u00f3 a la Procuradur\u00eda como accionada. - \u25b7 Noticias de Casanare : Martha Cifuentes | Casanare","robots":{"index":"index","follow":"follow","max-snippet":"max-snippet:-1","max-image-preview":"max-image-preview:large","max-video-preview":"max-video-preview:-1"},"canonical":"https:\/\/marthacifuentes.com\/portada\/nueva-tutela-contra-concurso-de-eleccion-de-contralor-de-casanare-en-esta-se-incluyo-a-la-procuraduria-como-accionada\/","og_locale":"es_ES","og_type":"article","og_title":"Nueva tutela contra concurso de elecci\u00f3n de contralor de Casanare. En esta se incluy\u00f3 a la Procuradur\u00eda como accionada. - \u25b7 Noticias de Casanare : Martha Cifuentes | Casanare","og_description":"Una nueva tutela contra la Asamblea departamental de Casanare y la Universidad Distrital fue admitida ayer, en relaci\u00f3n al concurso de elecci\u00f3n de contralor departamental. La demanda fue interpuesta por una de las aspirantes en el proceso, Eliana Marcela Camargo Gonz\u00e1lez y cursa en el Juzgado Tercero Civil del Circuito de Yopal. Aunque se pidi\u00f3 &hellip;","og_url":"https:\/\/marthacifuentes.com\/portada\/nueva-tutela-contra-concurso-de-eleccion-de-contralor-de-casanare-en-esta-se-incluyo-a-la-procuraduria-como-accionada\/","og_site_name":"\u25b7 Noticias de Casanare : Martha Cifuentes | Casanare","article_published_time":"2021-11-17T13:59:23+00:00","og_image":[{"width":1172,"height":400,"url":"https:\/\/marthacifuentes.com\/portada\/wp-content\/uploads\/2021\/11\/contralorias_rrss-1_1.jpg","type":"image\/jpeg"}],"author":"Martha Cifuentes","twitter_card":"summary_large_image","twitter_misc":{"Escrito por":"Martha Cifuentes","Tiempo de lectura":"2 minutos"},"schema":{"@context":"https:\/\/schema.org","@graph":[{"@type":"WebPage","@id":"https:\/\/marthacifuentes.com\/portada\/nueva-tutela-contra-concurso-de-eleccion-de-contralor-de-casanare-en-esta-se-incluyo-a-la-procuraduria-como-accionada\/","url":"https:\/\/marthacifuentes.com\/portada\/nueva-tutela-contra-concurso-de-eleccion-de-contralor-de-casanare-en-esta-se-incluyo-a-la-procuraduria-como-accionada\/","name":"Nueva tutela contra concurso de elecci\u00f3n de contralor de Casanare. En esta se incluy\u00f3 a la Procuradur\u00eda como accionada. - \u25b7 Noticias de Casanare : Martha Cifuentes | Casanare","isPartOf":{"@id":"https:\/\/marthacifuentes.com\/portada\/#website"},"primaryImageOfPage":{"@id":"https:\/\/marthacifuentes.com\/portada\/nueva-tutela-contra-concurso-de-eleccion-de-contralor-de-casanare-en-esta-se-incluyo-a-la-procuraduria-como-accionada\/#primaryimage"},"image":{"@id":"https:\/\/marthacifuentes.com\/portada\/nueva-tutela-contra-concurso-de-eleccion-de-contralor-de-casanare-en-esta-se-incluyo-a-la-procuraduria-como-accionada\/#primaryimage"},"thumbnailUrl":"https:\/\/marthacifuentes.com\/portada\/wp-content\/uploads\/2021\/11\/contralorias_rrss-1_1.jpg","datePublished":"2021-11-17T13:59:23+00:00","author":{"@id":"https:\/\/marthacifuentes.com\/portada\/#\/schema\/person\/57f53174b991db5f90ff78d58502b714"},"breadcrumb":{"@id":"https:\/\/marthacifuentes.com\/portada\/nueva-tutela-contra-concurso-de-eleccion-de-contralor-de-casanare-en-esta-se-incluyo-a-la-procuraduria-como-accionada\/#breadcrumb"},"inLanguage":"es","potentialAction":[{"@type":"ReadAction","target":["https:\/\/marthacifuentes.com\/portada\/nueva-tutela-contra-concurso-de-eleccion-de-contralor-de-casanare-en-esta-se-incluyo-a-la-procuraduria-como-accionada\/"]}]},{"@type":"ImageObject","inLanguage":"es","@id":"https:\/\/marthacifuentes.com\/portada\/nueva-tutela-contra-concurso-de-eleccion-de-contralor-de-casanare-en-esta-se-incluyo-a-la-procuraduria-como-accionada\/#primaryimage","url":"https:\/\/marthacifuentes.com\/portada\/wp-content\/uploads\/2021\/11\/contralorias_rrss-1_1.jpg","contentUrl":"https:\/\/marthacifuentes.com\/portada\/wp-content\/uploads\/2021\/11\/contralorias_rrss-1_1.jpg","width":1172,"height":400},{"@type":"BreadcrumbList","@id":"https:\/\/marthacifuentes.com\/portada\/nueva-tutela-contra-concurso-de-eleccion-de-contralor-de-casanare-en-esta-se-incluyo-a-la-procuraduria-como-accionada\/#breadcrumb","itemListElement":[{"@type":"ListItem","position":1,"name":"Portada","item":"https:\/\/marthacifuentes.com\/portada\/"},{"@type":"ListItem","position":2,"name":"Nueva tutela contra concurso de elecci\u00f3n de contralor de Casanare. En esta se incluy\u00f3 a la Procuradur\u00eda como accionada."}]},{"@type":"WebSite","@id":"https:\/\/marthacifuentes.com\/portada\/#website","url":"https:\/\/marthacifuentes.com\/portada\/","name":"\u25b7 Noticias de Casanare : Martha Cifuentes | Casanare","description":"Noticias &amp; Contenidos","potentialAction":[{"@type":"SearchAction","target":{"@type":"EntryPoint","urlTemplate":"https:\/\/marthacifuentes.com\/portada\/?s={search_term_string}"},"query-input":{"@type":"PropertyValueSpecification","valueRequired":true,"valueName":"search_term_string"}}],"inLanguage":"es"},{"@type":"Person","@id":"https:\/\/marthacifuentes.com\/portada\/#\/schema\/person\/57f53174b991db5f90ff78d58502b714","name":"Martha Cifuentes","image":{"@type":"ImageObject","inLanguage":"es","@id":"https:\/\/marthacifuentes.com\/portada\/#\/schema\/person\/image\/","url":"http:\/\/marthacifuentes.com\/portada\/wp-content\/uploads\/2018\/06\/avatar_user_2_1528838701-96x96.jpg","contentUrl":"http:\/\/marthacifuentes.com\/portada\/wp-content\/uploads\/2018\/06\/avatar_user_2_1528838701-96x96.jpg","caption":"Martha Cifuentes"},"sameAs":["http:\/\/www.marthacifuentes.com"],"url":"https:\/\/marthacifuentes.com\/portada\/author\/martha\/"}]}},"_links":{"self":[{"href":"https:\/\/marthacifuentes.com\/portada\/wp-json\/wp\/v2\/posts\/27464","targetHints":{"allow":["GET"]}}],"collection":[{"href":"https:\/\/marthacifuentes.com\/portada\/wp-json\/wp\/v2\/posts"}],"about":[{"href":"https:\/\/marthacifuentes.com\/portada\/wp-json\/wp\/v2\/types\/post"}],"author":[{"embeddable":true,"href":"https:\/\/marthacifuentes.com\/portada\/wp-json\/wp\/v2\/users\/2"}],"replies":[{"embeddable":true,"href":"https:\/\/marthacifuentes.com\/portada\/wp-json\/wp\/v2\/comments?post=27464"}],"version-history":[{"count":1,"href":"https:\/\/marthacifuentes.com\/portada\/wp-json\/wp\/v2\/posts\/27464\/revisions"}],"predecessor-version":[{"id":27467,"href":"https:\/\/marthacifuentes.com\/portada\/wp-json\/wp\/v2\/posts\/27464\/revisions\/27467"}],"wp:featuredmedia":[{"embeddable":true,"href":"https:\/\/marthacifuentes.com\/portada\/wp-json\/wp\/v2\/media\/27466"}],"wp:attachment":[{"href":"https:\/\/marthacifuentes.com\/portada\/wp-json\/wp\/v2\/media?parent=27464"}],"wp:term":[{"taxonomy":"category","embeddable":true,"href":"https:\/\/marthacifuentes.com\/portada\/wp-json\/wp\/v2\/categories?post=27464"},{"taxonomy":"post_tag","embeddable":true,"href":"https:\/\/marthacifuentes.com\/portada\/wp-json\/wp\/v2\/tags?post=27464"}],"curies":[{"name":"wp","href":"https:\/\/api.w.org\/{rel}","templated":true}]}}