{"id":27627,"date":"2021-11-30T19:43:17","date_gmt":"2021-12-01T00:43:17","guid":{"rendered":"https:\/\/marthacifuentes.com\/portada\/?p=27627"},"modified":"2021-11-30T19:43:17","modified_gmt":"2021-12-01T00:43:17","slug":"gobierno-asigno-10-mil-millones-a-casanare-para-pago-de-atencion-de-urgencias-a-venezolanos","status":"publish","type":"post","link":"https:\/\/marthacifuentes.com\/portada\/gobierno-asigno-10-mil-millones-a-casanare-para-pago-de-atencion-de-urgencias-a-venezolanos\/","title":{"rendered":"Gobierno asign\u00f3 10 mil millones a Casanare para pago de atenci\u00f3n de urgencias a venezolanos"},"content":{"rendered":"<p style=\"text-align: justify;\">El Gobierno nacional dispuso de 10 mil millones de pesos para el pago de la atenci\u00f3n de urgencias a la poblaci\u00f3n migrante venezolana, en Casanare. Se beneficiar\u00e1n 17 IPS, de las cuales 12 son del departamento y 5 de otros territorios. As\u00ed se dispuso en la resoluci\u00f3n 1897 del 24 de noviembre emitida por el Ministerio de Salud.<\/p>\n<p style=\"text-align: justify;\">En Casanare, los mayores beneficiarios de estos recursos, son el Hospital Regional de la Orinoquia con poco m\u00e1s de 7.500 millones y Red Salud Casanare con 1.900 millones, quienes podr\u00e1n sanear en algo sus finanzas, con relaci\u00f3n a los servicios prestados a los venezolanos, con corte a abril de 2021. Los recursos ser\u00e1n directamente girados por el ADRES a las IPS, confirm\u00f3 la secretar\u00eda de Salud de Casanare, Constanza Vega.<\/p>\n<p style=\"text-align: justify;\">En total el gobierno nacional asign\u00f3 460 mil millones de pesos para el pago de las deudas a las IPS, hospitales y cl\u00ednicas, en las cuales ya se auditaron cuentas y se hizo la respectiva conciliaci\u00f3n.<\/p>\n<p><strong><a href=\"https:\/\/www.minsalud.gov.co\/Normatividad_Nuevo\/Resoluci\u00f3n%20No.%201897%20de%202021.pdf\">RESOLUCI\u00d3N 1897 DE 24 DE NOVIEMBRE DE 2021<\/a><\/strong><\/p>\n<h2 style=\"text-align: justify;\"><strong>Otras noticias&#8230;<\/strong><\/h2>\n<blockquote class=\"wp-embedded-content\" data-secret=\"9Nt0NcBi8r\"><p><a href=\"https:\/\/marthacifuentes.com\/portada\/2021\/11\/30\/yopalenos-se-salvaron-de-pagar-mayor-impuesto-predial-mayoria-de-concejales-negaron-exencion-de-impredial-para-unitropico\/\">Yopale\u00f1os se salvaron de pagar mayor impuesto predial. Mayor\u00eda de concejales negaron exenci\u00f3n de impredial para Unitr\u00f3pico<\/a><\/p><\/blockquote>\n<p><iframe loading=\"lazy\" class=\"wp-embedded-content\" sandbox=\"allow-scripts\" security=\"restricted\" style=\"position: absolute; clip: rect(1px, 1px, 1px, 1px);\" title=\"\u00abYopale\u00f1os se salvaron de pagar mayor impuesto predial. Mayor\u00eda de concejales negaron exenci\u00f3n de impredial para Unitr\u00f3pico\u00bb \u2014 \u25b7 Noticias de Casanare : Martha Cifuentes | Casanare\" src=\"https:\/\/marthacifuentes.com\/portada\/2021\/11\/30\/yopalenos-se-salvaron-de-pagar-mayor-impuesto-predial-mayoria-de-concejales-negaron-exencion-de-impredial-para-unitropico\/embed\/#?secret=5oZLF4ePyC#?secret=9Nt0NcBi8r\" data-secret=\"9Nt0NcBi8r\" width=\"500\" height=\"282\" frameborder=\"0\" marginwidth=\"0\" marginheight=\"0\" scrolling=\"no\"><\/iframe><\/p>\n<blockquote class=\"wp-embedded-content\" data-secret=\"kWV24t3LJK\"><p><a href=\"https:\/\/marthacifuentes.com\/portada\/2021\/11\/30\/aumento-de-suicidios-y-problemas-de-salud-mental-en-yopal-motiva-simulacro-para-ver-reaccion-institucional-este-1-de-diciembre\/\">Aumento de suicidios y problemas de salud mental en Yopal motiva simulacro para ver reacci\u00f3n institucional este 1 de diciembre<\/a><\/p><\/blockquote>\n<p><iframe loading=\"lazy\" class=\"wp-embedded-content\" title=\"\u00abAumento de suicidios y problemas de salud mental en Yopal motiva simulacro para ver reacci\u00f3n institucional este 1 de diciembre\u00bb \u2014 \u25b7 Noticias de Casanare : Martha Cifuentes | Casanare\" src=\"https:\/\/marthacifuentes.com\/portada\/2021\/11\/30\/aumento-de-suicidios-y-problemas-de-salud-mental-en-yopal-motiva-simulacro-para-ver-reaccion-institucional-este-1-de-diciembre\/embed\/#?secret=kWV24t3LJK\" width=\"600\" height=\"338\" frameborder=\"0\" marginwidth=\"0\" marginheight=\"0\" scrolling=\"no\" sandbox=\"allow-scripts\" data-secret=\"kWV24t3LJK\" data-mce-fragment=\"1\"><\/iframe><\/p>\n<blockquote class=\"wp-embedded-content\" data-secret=\"yiDixMlH9C\"><p><a href=\"https:\/\/marthacifuentes.com\/portada\/2021\/11\/30\/nuevo-contralor-de-casanare-cipriano-castro-con-amplia-experiencia-en-control-fiscal-recibira-el-cargo-de-su-esposa-actual-contralora\/\">Nuevo contralor de Casanare, Cipriano Castro, con amplia experiencia en control fiscal, recibir\u00e1 el cargo de su esposa, actual contralora<\/a><\/p><\/blockquote>\n<p><iframe loading=\"lazy\" class=\"wp-embedded-content\" title=\"\u00abNuevo contralor de Casanare, Cipriano Castro, con amplia experiencia en control fiscal, recibir\u00e1 el cargo de su esposa, actual contralora\u00bb \u2014 \u25b7 Noticias de Casanare : Martha Cifuentes | Casanare\" src=\"https:\/\/marthacifuentes.com\/portada\/2021\/11\/30\/nuevo-contralor-de-casanare-cipriano-castro-con-amplia-experiencia-en-control-fiscal-recibira-el-cargo-de-su-esposa-actual-contralora\/embed\/#?secret=yiDixMlH9C\" width=\"600\" height=\"338\" frameborder=\"0\" marginwidth=\"0\" marginheight=\"0\" scrolling=\"no\" sandbox=\"allow-scripts\" data-secret=\"yiDixMlH9C\" data-mce-fragment=\"1\"><\/iframe><\/p>\n<p><iframe loading=\"lazy\" class=\"wp-embedded-content\" title=\"\u00abTras 3 d\u00edas de protesta que mantuvieron paradas obras en v\u00eda Aguazul-Sogamoso, hoy se reactivaron labores\u00bb \u2014 \u25b7 Noticias de Casanare : Martha Cifuentes | Casanare\" src=\"https:\/\/marthacifuentes.com\/portada\/2021\/11\/29\/tras-3-dias-de-protesta-que-mantuvieron-paradas-obras-en-via-aguazul-sogamoso-hoy-se-reactivaron-labores\/embed\/#?secret=q93Sc4ogPt\" width=\"600\" height=\"599\" frameborder=\"0\" marginwidth=\"0\" marginheight=\"0\" scrolling=\"no\" sandbox=\"allow-scripts\" data-secret=\"q93Sc4ogPt\" data-mce-fragment=\"1\"><\/iframe><\/p>\n<p><iframe loading=\"lazy\" class=\"wp-embedded-content\" title=\"\u00abTras 3 d\u00edas de protesta que mantuvieron paradas obras en v\u00eda Aguazul-Sogamoso, hoy se reactivaron labores\u00bb \u2014 \u25b7 Noticias de Casanare : Martha Cifuentes | Casanare\" src=\"https:\/\/marthacifuentes.com\/portada\/2021\/11\/29\/tras-3-dias-de-protesta-que-mantuvieron-paradas-obras-en-via-aguazul-sogamoso-hoy-se-reactivaron-labores\/embed\/#?secret=q93Sc4ogPt\" width=\"600\" height=\"599\" frameborder=\"0\" marginwidth=\"0\" marginheight=\"0\" scrolling=\"no\" sandbox=\"allow-scripts\" data-secret=\"q93Sc4ogPt\" data-mce-fragment=\"1\"><\/iframe><\/p>\n<p><iframe loading=\"lazy\" class=\"wp-embedded-content\" title=\"\u00abEl impuesto predial aumentar\u00e1 o no, una de las decisiones de hoy en el Concejo de Yopal\u00bb \u2014 \u25b7 Noticias de Casanare : Martha Cifuentes | Casanare\" src=\"https:\/\/marthacifuentes.com\/portada\/2021\/11\/29\/el-impuesto-predial-aumentara-o-no-una-de-las-decisiones-de-hoy-en-el-concejo-de-yopal\/embed\/#?secret=qBSHAxtRkz\" width=\"600\" height=\"595\" frameborder=\"0\" marginwidth=\"0\" marginheight=\"0\" scrolling=\"no\" sandbox=\"allow-scripts\" data-secret=\"qBSHAxtRkz\" data-mce-fragment=\"1\"><\/iframe><\/p>\n<p><iframe loading=\"lazy\" class=\"wp-embedded-content\" title=\"\u00abCentro Democr\u00e1tico public\u00f3 encuesta, pero no logra evitar las dudas. Alirio Barrera, pen\u00faltimo.\u00bb \u2014 \u25b7 Noticias de Casanare : Martha Cifuentes | Casanare\" src=\"https:\/\/marthacifuentes.com\/portada\/2021\/11\/29\/centro-democratico-publico-encuesta-pero-no-logra-evitar-las-dudas-alirio-barrera-penultimo\/embed\/#?secret=VEX6X3BQnb\" width=\"600\" height=\"620\" frameborder=\"0\" marginwidth=\"0\" marginheight=\"0\" scrolling=\"no\" sandbox=\"allow-scripts\" data-secret=\"VEX6X3BQnb\" data-mce-fragment=\"1\"><\/iframe><\/p>\n<p><iframe loading=\"lazy\" class=\"wp-embedded-content\" title=\"\u00abFestival de cultura y emprendimiento JoropoFest inicia el mi\u00e9rcoles en Yopal\u00bb \u2014 \u25b7 Noticias de Casanare : Martha Cifuentes | Casanare\" src=\"https:\/\/marthacifuentes.com\/portada\/2021\/11\/29\/festival-de-cultura-y-emprendimiento-joropofest-inicia-el-miercoles-en-yopal\/embed\/#?secret=iItSr1cW5E\" width=\"600\" height=\"620\" frameborder=\"0\" marginwidth=\"0\" marginheight=\"0\" scrolling=\"no\" sandbox=\"allow-scripts\" data-secret=\"iItSr1cW5E\" data-mce-fragment=\"1\"><\/iframe><\/p>\n<p><iframe loading=\"lazy\" class=\"wp-embedded-content\" title=\"\u00abHoy exequias del concejal de Man\u00ed, Evaristo Salinas. Con una ambulancia se hubiera podido salvar su vida.\u00bb \u2014 \u25b7 Noticias de Casanare : Martha Cifuentes | Casanare\" src=\"https:\/\/marthacifuentes.com\/portada\/2021\/11\/29\/hoy-exequias-del-concejal-de-mani-evaristo-salinas-con-una-ambulancia-se-hubiera-podido-salvar-su-vida\/embed\/#?secret=3FPRvwDZZB\" width=\"600\" height=\"620\" frameborder=\"0\" marginwidth=\"0\" marginheight=\"0\" scrolling=\"no\" sandbox=\"allow-scripts\" data-secret=\"3FPRvwDZZB\" data-mce-fragment=\"1\"><\/iframe><\/p>\n<p><iframe loading=\"lazy\" class=\"wp-embedded-content\" title=\"\u00abProyecto de vivienda Villas Teniente Riveros, el nuevo motivo de pelea entre la Alcald\u00eda y algunos concejales de Yopal\u00bb \u2014 \u25b7 Noticias de Casanare : Martha Cifuentes | Casanare\" src=\"https:\/\/marthacifuentes.com\/portada\/2021\/11\/27\/proyecto-de-vivienda-villas-teniente-riveros-el-nuevo-motivo-de-pelea-entre-la-alcaldia-y-algunos-concejales-de-yopal\/embed\/#?secret=pJ1C85t5nA\" width=\"600\" height=\"648\" frameborder=\"0\" marginwidth=\"0\" marginheight=\"0\" scrolling=\"no\" sandbox=\"allow-scripts\" data-secret=\"pJ1C85t5nA\" data-mce-fragment=\"1\"><\/iframe><\/p>\n<p><iframe loading=\"lazy\" class=\"wp-embedded-content\" title=\"\u00abLibres el \u2018Gran Llanerazo\u2019, \u2018Piporro\u2019 y otra persona, vinculados a proceso judicial de nexos con Clan del Golfo en Casanare\u00bb \u2014 \u25b7 Noticias de Casanare : Martha Cifuentes | Casanare\" src=\"https:\/\/marthacifuentes.com\/portada\/2021\/11\/27\/libres-el-gran-llanerazo-piporro-y-otra-persona-vinculados-a-proceso-judicial-de-nexos-con-clan-del-golfo-en-casanare\/embed\/#?secret=CB7oFXurlm\" width=\"600\" height=\"648\" frameborder=\"0\" marginwidth=\"0\" marginheight=\"0\" scrolling=\"no\" sandbox=\"allow-scripts\" data-secret=\"CB7oFXurlm\" data-mce-fragment=\"1\"><\/iframe><\/p>\n<p><iframe loading=\"lazy\" class=\"wp-embedded-content\" title=\"\u00abFiscal\u00eda acusa al Gran Llanerazo y a otras 6 personas, de hechos delictivos relacionados con accionar del Clan del Golfo\u00bb \u2014 \u25b7 Noticias de Casanare : Martha Cifuentes | Casanare\" src=\"https:\/\/marthacifuentes.com\/portada\/2021\/11\/26\/fiscalia-acusa-al-gran-llanerazo-y-a-otras-6-personas-de-hechos-delictivos-relacionados-con-accionar-del-clan-del-golfo\/embed\/#?secret=zhXUvDKfiN\" width=\"600\" height=\"647\" frameborder=\"0\" marginwidth=\"0\" marginheight=\"0\" scrolling=\"no\" sandbox=\"allow-scripts\" data-secret=\"zhXUvDKfiN\" data-mce-fragment=\"1\"><\/iframe><\/p>\n<p><iframe loading=\"lazy\" class=\"wp-embedded-content\" title=\"\u00abNegada tutela contra concurso de elecci\u00f3n de contralor de Casanare, interpuesta por primo de senadora Amanda Gonz\u00e1lez.\u00bb \u2014 \u25b7 Noticias de Casanare : Martha Cifuentes | Casanare\" src=\"https:\/\/marthacifuentes.com\/portada\/2021\/11\/25\/negada-tutela-contra-concurso-de-eleccion-de-contralor-de-casanare-interpuesta-por-primo-de-senadora-amanda-gonzalez\/embed\/#?secret=JF54RYnus2\" width=\"600\" height=\"525\" frameborder=\"0\" marginwidth=\"0\" marginheight=\"0\" scrolling=\"no\" sandbox=\"allow-scripts\" data-secret=\"JF54RYnus2\" data-mce-fragment=\"1\"><\/iframe><\/p>\n<p><iframe loading=\"lazy\" class=\"wp-embedded-content\" title=\"\u00abSorpresiva captura del Gran Llanerazo Otoniel Casta\u00f1eda en Yopal. Lo acusan de nexos con el Clan del Golfo.\u00bb \u2014 \u25b7 Noticias de Casanare : Martha Cifuentes | Casanare\" src=\"https:\/\/marthacifuentes.com\/portada\/2021\/11\/25\/27543\/embed\/#?secret=e6NxokKVcb\" width=\"600\" height=\"648\" frameborder=\"0\" marginwidth=\"0\" marginheight=\"0\" scrolling=\"no\" sandbox=\"allow-scripts\" data-secret=\"e6NxokKVcb\" data-mce-fragment=\"1\"><\/iframe><\/p>\n<p><iframe loading=\"lazy\" class=\"wp-embedded-content\" title=\"\u00abAlerta. Banda de migrantes se dedica atracar viajeros nocturnos en ruta Yopal\u2013Paratebueno\u2013Villavicencio.\u00bb \u2014 \u25b7 Noticias de Casanare : Martha Cifuentes | Casanare\" src=\"https:\/\/marthacifuentes.com\/portada\/2021\/11\/25\/alerta-banda-de-migrantes-se-dedica-atracar-viajeros-nocturnos-en-ruta-yopal-paratebueno-villavicencio\/embed\/#?secret=yWiBFEL1OW\" width=\"600\" height=\"620\" frameborder=\"0\" marginwidth=\"0\" marginheight=\"0\" scrolling=\"no\" sandbox=\"allow-scripts\" data-secret=\"yWiBFEL1OW\" data-mce-fragment=\"1\"><\/iframe><\/p>\n<p><iframe loading=\"lazy\" class=\"wp-embedded-content\" title=\"\u00abLa Contralor\u00eda en su Municipio, estar\u00e1 en Man\u00ed, capacitando a l\u00edderes y veedores, en control ciudadano\u00bb \u2014 \u25b7 Noticias de Casanare : Martha Cifuentes | Casanare\" src=\"https:\/\/marthacifuentes.com\/portada\/2021\/11\/24\/la-contraloria-en-su-municipio-estara-en-mani-capacitando-a-lideres-y-veedores-en-control-ciudadano\/embed\/#?secret=sgACPpDJ0D\" width=\"600\" height=\"617\" frameborder=\"0\" marginwidth=\"0\" marginheight=\"0\" scrolling=\"no\" sandbox=\"allow-scripts\" data-secret=\"sgACPpDJ0D\" data-mce-fragment=\"1\"><\/iframe><\/p>\n<p><iframe loading=\"lazy\" class=\"wp-embedded-content\" title=\"\u00abCay\u00f3 banda de j\u00edbaros, 8 hombres y 2 mujeres, que comercializaba drogas en parque La Estancia en Yopal\u00bb \u2014 \u25b7 Noticias de Casanare : Martha Cifuentes | Casanare\" src=\"https:\/\/marthacifuentes.com\/portada\/2021\/11\/24\/cayo-banda-de-jibaros-8-hombres-y-2-mujeres-que-comercializaba-drogas-en-parque-la-estancia-en-yopal\/embed\/#?secret=Hqh330BERw\" width=\"600\" height=\"570\" frameborder=\"0\" marginwidth=\"0\" marginheight=\"0\" scrolling=\"no\" sandbox=\"allow-scripts\" data-secret=\"Hqh330BERw\" data-mce-fragment=\"1\"><\/iframe><\/p>\n<p><iframe loading=\"lazy\" class=\"wp-embedded-content\" title=\"\u00abVeedur\u00eda pide a Corporinoquia no dar permisos ambientales para proyecto de obras de protecci\u00f3n del r\u00edo Cravo Sur\u00bb \u2014 \u25b7 Noticias de Casanare : Martha Cifuentes | Casanare\" src=\"https:\/\/marthacifuentes.com\/portada\/2021\/11\/23\/veeduria-pide-a-corporinoquia-no-dar-permisos-ambientales-para-proyecto-de-obras-de-proteccion-del-rio-cravo-sur\/embed\/#?secret=GQMroHSN1P\" width=\"600\" height=\"602\" frameborder=\"0\" marginwidth=\"0\" marginheight=\"0\" scrolling=\"no\" sandbox=\"allow-scripts\" data-secret=\"GQMroHSN1P\" data-mce-fragment=\"1\"><\/iframe><\/p>\n<p>&nbsp;<\/p>\n<p>&nbsp;<\/p>\n","protected":false},"excerpt":{"rendered":"<p>El Gobierno nacional dispuso de 10 mil millones de pesos para el pago de la atenci\u00f3n de urgencias a la poblaci\u00f3n migrante venezolana, en Casanare. Se beneficiar\u00e1n 17 IPS, de las cuales 12 son del departamento y 5 de otros territorios. As\u00ed se dispuso en la resoluci\u00f3n 1897 del 24 de noviembre emitida por el &hellip;<\/p>\n","protected":false},"author":2,"featured_media":27628,"comment_status":"open","ping_status":"open","sticky":false,"template":"","format":"standard","meta":{"om_disable_all_campaigns":false,"_exactmetrics_skip_tracking":false,"_exactmetrics_sitenote_active":false,"_exactmetrics_sitenote_note":"","_exactmetrics_sitenote_category":0,"_monsterinsights_skip_tracking":false,"_monsterinsights_sitenote_active":false,"_monsterinsights_sitenote_note":"","_monsterinsights_sitenote_category":0,"_uf_show_specific_survey":0,"_uf_disable_surveys":false,"_joinchat":[],"footnotes":""},"categories":[147,146,145,151],"tags":[1373,6142,6141,1400,1372,1374,1421,6140,1376],"class_list":["post-27627","post","type-post","status-publish","format-standard","has-post-thumbnail","hentry","category-actualidad","category-noticias","category-reportajes","category-vivir-bien","tag-casanare-noticias","tag-colombia-paga-atencion-de-venezolanos-a-ips-casanare","tag-gobierno-nacional-asigno-10-mil-millones-de-pesos-a-casanare-para-pagar-atencion-de-urgencias-a-venezolanos","tag-noticias-casanare","tag-noticias-de-casanare","tag-noticias-de-yopal","tag-noticias-yopal","tag-secretaria-de-salud-de-casanare-pago-atencion-de-urgencias-venezolanos","tag-yopal-noticias"],"yoast_head":"<!-- This site is optimized with the Yoast SEO plugin v26.1 - https:\/\/yoast.com\/wordpress\/plugins\/seo\/ -->\n<title>Gobierno asign\u00f3 10 mil millones a Casanare para pago de atenci\u00f3n de urgencias a venezolanos - \u25b7 Noticias de Casanare : Martha Cifuentes | Casanare<\/title>\n<meta name=\"robots\" content=\"index, follow, max-snippet:-1, max-image-preview:large, max-video-preview:-1\" \/>\n<link rel=\"canonical\" href=\"https:\/\/marthacifuentes.com\/portada\/gobierno-asigno-10-mil-millones-a-casanare-para-pago-de-atencion-de-urgencias-a-venezolanos\/\" \/>\n<meta property=\"og:locale\" content=\"es_ES\" \/>\n<meta property=\"og:type\" content=\"article\" \/>\n<meta property=\"og:title\" content=\"Gobierno asign\u00f3 10 mil millones a Casanare para pago de atenci\u00f3n de urgencias a venezolanos - \u25b7 Noticias de Casanare : Martha Cifuentes | Casanare\" \/>\n<meta property=\"og:description\" content=\"El Gobierno nacional dispuso de 10 mil millones de pesos para el pago de la atenci\u00f3n de urgencias a la poblaci\u00f3n migrante venezolana, en Casanare. Se beneficiar\u00e1n 17 IPS, de las cuales 12 son del departamento y 5 de otros territorios. As\u00ed se dispuso en la resoluci\u00f3n 1897 del 24 de noviembre emitida por el &hellip;\" \/>\n<meta property=\"og:url\" content=\"https:\/\/marthacifuentes.com\/portada\/gobierno-asigno-10-mil-millones-a-casanare-para-pago-de-atencion-de-urgencias-a-venezolanos\/\" \/>\n<meta property=\"og:site_name\" content=\"\u25b7 Noticias de Casanare : Martha Cifuentes | Casanare\" \/>\n<meta property=\"article:published_time\" content=\"2021-12-01T00:43:17+00:00\" \/>\n<meta property=\"og:image\" content=\"https:\/\/marthacifuentes.com\/portada\/wp-content\/uploads\/2021\/11\/atencion-medica-venezolanos1-696x464-1.jpg\" \/>\n\t<meta property=\"og:image:width\" content=\"696\" \/>\n\t<meta property=\"og:image:height\" content=\"464\" \/>\n\t<meta property=\"og:image:type\" content=\"image\/jpeg\" \/>\n<meta name=\"author\" content=\"Martha Cifuentes\" \/>\n<meta name=\"twitter:card\" content=\"summary_large_image\" \/>\n<meta name=\"twitter:label1\" content=\"Escrito por\" \/>\n\t<meta name=\"twitter:data1\" content=\"Martha Cifuentes\" \/>\n\t<meta name=\"twitter:label2\" content=\"Tiempo de lectura\" \/>\n\t<meta name=\"twitter:data2\" content=\"1 minuto\" \/>\n<script type=\"application\/ld+json\" class=\"yoast-schema-graph\">{\"@context\":\"https:\/\/schema.org\",\"@graph\":[{\"@type\":\"WebPage\",\"@id\":\"https:\/\/marthacifuentes.com\/portada\/gobierno-asigno-10-mil-millones-a-casanare-para-pago-de-atencion-de-urgencias-a-venezolanos\/\",\"url\":\"https:\/\/marthacifuentes.com\/portada\/gobierno-asigno-10-mil-millones-a-casanare-para-pago-de-atencion-de-urgencias-a-venezolanos\/\",\"name\":\"Gobierno asign\u00f3 10 mil millones a Casanare para pago de atenci\u00f3n de urgencias a venezolanos - \u25b7 Noticias de Casanare : Martha Cifuentes | Casanare\",\"isPartOf\":{\"@id\":\"https:\/\/marthacifuentes.com\/portada\/#website\"},\"primaryImageOfPage\":{\"@id\":\"https:\/\/marthacifuentes.com\/portada\/gobierno-asigno-10-mil-millones-a-casanare-para-pago-de-atencion-de-urgencias-a-venezolanos\/#primaryimage\"},\"image\":{\"@id\":\"https:\/\/marthacifuentes.com\/portada\/gobierno-asigno-10-mil-millones-a-casanare-para-pago-de-atencion-de-urgencias-a-venezolanos\/#primaryimage\"},\"thumbnailUrl\":\"https:\/\/marthacifuentes.com\/portada\/wp-content\/uploads\/2021\/11\/atencion-medica-venezolanos1-696x464-1.jpg\",\"datePublished\":\"2021-12-01T00:43:17+00:00\",\"author\":{\"@id\":\"https:\/\/marthacifuentes.com\/portada\/#\/schema\/person\/57f53174b991db5f90ff78d58502b714\"},\"breadcrumb\":{\"@id\":\"https:\/\/marthacifuentes.com\/portada\/gobierno-asigno-10-mil-millones-a-casanare-para-pago-de-atencion-de-urgencias-a-venezolanos\/#breadcrumb\"},\"inLanguage\":\"es\",\"potentialAction\":[{\"@type\":\"ReadAction\",\"target\":[\"https:\/\/marthacifuentes.com\/portada\/gobierno-asigno-10-mil-millones-a-casanare-para-pago-de-atencion-de-urgencias-a-venezolanos\/\"]}]},{\"@type\":\"ImageObject\",\"inLanguage\":\"es\",\"@id\":\"https:\/\/marthacifuentes.com\/portada\/gobierno-asigno-10-mil-millones-a-casanare-para-pago-de-atencion-de-urgencias-a-venezolanos\/#primaryimage\",\"url\":\"https:\/\/marthacifuentes.com\/portada\/wp-content\/uploads\/2021\/11\/atencion-medica-venezolanos1-696x464-1.jpg\",\"contentUrl\":\"https:\/\/marthacifuentes.com\/portada\/wp-content\/uploads\/2021\/11\/atencion-medica-venezolanos1-696x464-1.jpg\",\"width\":696,\"height\":464},{\"@type\":\"BreadcrumbList\",\"@id\":\"https:\/\/marthacifuentes.com\/portada\/gobierno-asigno-10-mil-millones-a-casanare-para-pago-de-atencion-de-urgencias-a-venezolanos\/#breadcrumb\",\"itemListElement\":[{\"@type\":\"ListItem\",\"position\":1,\"name\":\"Portada\",\"item\":\"https:\/\/marthacifuentes.com\/portada\/\"},{\"@type\":\"ListItem\",\"position\":2,\"name\":\"Gobierno asign\u00f3 10 mil millones a Casanare para pago de atenci\u00f3n de urgencias a venezolanos\"}]},{\"@type\":\"WebSite\",\"@id\":\"https:\/\/marthacifuentes.com\/portada\/#website\",\"url\":\"https:\/\/marthacifuentes.com\/portada\/\",\"name\":\"\u25b7 Noticias de Casanare : Martha Cifuentes | Casanare\",\"description\":\"Noticias &amp; Contenidos\",\"potentialAction\":[{\"@type\":\"SearchAction\",\"target\":{\"@type\":\"EntryPoint\",\"urlTemplate\":\"https:\/\/marthacifuentes.com\/portada\/?s={search_term_string}\"},\"query-input\":{\"@type\":\"PropertyValueSpecification\",\"valueRequired\":true,\"valueName\":\"search_term_string\"}}],\"inLanguage\":\"es\"},{\"@type\":\"Person\",\"@id\":\"https:\/\/marthacifuentes.com\/portada\/#\/schema\/person\/57f53174b991db5f90ff78d58502b714\",\"name\":\"Martha Cifuentes\",\"image\":{\"@type\":\"ImageObject\",\"inLanguage\":\"es\",\"@id\":\"https:\/\/marthacifuentes.com\/portada\/#\/schema\/person\/image\/\",\"url\":\"http:\/\/marthacifuentes.com\/portada\/wp-content\/uploads\/2018\/06\/avatar_user_2_1528838701-96x96.jpg\",\"contentUrl\":\"http:\/\/marthacifuentes.com\/portada\/wp-content\/uploads\/2018\/06\/avatar_user_2_1528838701-96x96.jpg\",\"caption\":\"Martha Cifuentes\"},\"sameAs\":[\"http:\/\/www.marthacifuentes.com\"],\"url\":\"https:\/\/marthacifuentes.com\/portada\/author\/martha\/\"}]}<\/script>\n<!-- \/ Yoast SEO plugin. -->","yoast_head_json":{"title":"Gobierno asign\u00f3 10 mil millones a Casanare para pago de atenci\u00f3n de urgencias a venezolanos - \u25b7 Noticias de Casanare : Martha Cifuentes | Casanare","robots":{"index":"index","follow":"follow","max-snippet":"max-snippet:-1","max-image-preview":"max-image-preview:large","max-video-preview":"max-video-preview:-1"},"canonical":"https:\/\/marthacifuentes.com\/portada\/gobierno-asigno-10-mil-millones-a-casanare-para-pago-de-atencion-de-urgencias-a-venezolanos\/","og_locale":"es_ES","og_type":"article","og_title":"Gobierno asign\u00f3 10 mil millones a Casanare para pago de atenci\u00f3n de urgencias a venezolanos - \u25b7 Noticias de Casanare : Martha Cifuentes | Casanare","og_description":"El Gobierno nacional dispuso de 10 mil millones de pesos para el pago de la atenci\u00f3n de urgencias a la poblaci\u00f3n migrante venezolana, en Casanare. Se beneficiar\u00e1n 17 IPS, de las cuales 12 son del departamento y 5 de otros territorios. As\u00ed se dispuso en la resoluci\u00f3n 1897 del 24 de noviembre emitida por el &hellip;","og_url":"https:\/\/marthacifuentes.com\/portada\/gobierno-asigno-10-mil-millones-a-casanare-para-pago-de-atencion-de-urgencias-a-venezolanos\/","og_site_name":"\u25b7 Noticias de Casanare : Martha Cifuentes | Casanare","article_published_time":"2021-12-01T00:43:17+00:00","og_image":[{"width":696,"height":464,"url":"https:\/\/marthacifuentes.com\/portada\/wp-content\/uploads\/2021\/11\/atencion-medica-venezolanos1-696x464-1.jpg","type":"image\/jpeg"}],"author":"Martha Cifuentes","twitter_card":"summary_large_image","twitter_misc":{"Escrito por":"Martha Cifuentes","Tiempo de lectura":"1 minuto"},"schema":{"@context":"https:\/\/schema.org","@graph":[{"@type":"WebPage","@id":"https:\/\/marthacifuentes.com\/portada\/gobierno-asigno-10-mil-millones-a-casanare-para-pago-de-atencion-de-urgencias-a-venezolanos\/","url":"https:\/\/marthacifuentes.com\/portada\/gobierno-asigno-10-mil-millones-a-casanare-para-pago-de-atencion-de-urgencias-a-venezolanos\/","name":"Gobierno asign\u00f3 10 mil millones a Casanare para pago de atenci\u00f3n de urgencias a venezolanos - \u25b7 Noticias de Casanare : Martha Cifuentes | Casanare","isPartOf":{"@id":"https:\/\/marthacifuentes.com\/portada\/#website"},"primaryImageOfPage":{"@id":"https:\/\/marthacifuentes.com\/portada\/gobierno-asigno-10-mil-millones-a-casanare-para-pago-de-atencion-de-urgencias-a-venezolanos\/#primaryimage"},"image":{"@id":"https:\/\/marthacifuentes.com\/portada\/gobierno-asigno-10-mil-millones-a-casanare-para-pago-de-atencion-de-urgencias-a-venezolanos\/#primaryimage"},"thumbnailUrl":"https:\/\/marthacifuentes.com\/portada\/wp-content\/uploads\/2021\/11\/atencion-medica-venezolanos1-696x464-1.jpg","datePublished":"2021-12-01T00:43:17+00:00","author":{"@id":"https:\/\/marthacifuentes.com\/portada\/#\/schema\/person\/57f53174b991db5f90ff78d58502b714"},"breadcrumb":{"@id":"https:\/\/marthacifuentes.com\/portada\/gobierno-asigno-10-mil-millones-a-casanare-para-pago-de-atencion-de-urgencias-a-venezolanos\/#breadcrumb"},"inLanguage":"es","potentialAction":[{"@type":"ReadAction","target":["https:\/\/marthacifuentes.com\/portada\/gobierno-asigno-10-mil-millones-a-casanare-para-pago-de-atencion-de-urgencias-a-venezolanos\/"]}]},{"@type":"ImageObject","inLanguage":"es","@id":"https:\/\/marthacifuentes.com\/portada\/gobierno-asigno-10-mil-millones-a-casanare-para-pago-de-atencion-de-urgencias-a-venezolanos\/#primaryimage","url":"https:\/\/marthacifuentes.com\/portada\/wp-content\/uploads\/2021\/11\/atencion-medica-venezolanos1-696x464-1.jpg","contentUrl":"https:\/\/marthacifuentes.com\/portada\/wp-content\/uploads\/2021\/11\/atencion-medica-venezolanos1-696x464-1.jpg","width":696,"height":464},{"@type":"BreadcrumbList","@id":"https:\/\/marthacifuentes.com\/portada\/gobierno-asigno-10-mil-millones-a-casanare-para-pago-de-atencion-de-urgencias-a-venezolanos\/#breadcrumb","itemListElement":[{"@type":"ListItem","position":1,"name":"Portada","item":"https:\/\/marthacifuentes.com\/portada\/"},{"@type":"ListItem","position":2,"name":"Gobierno asign\u00f3 10 mil millones a Casanare para pago de atenci\u00f3n de urgencias a venezolanos"}]},{"@type":"WebSite","@id":"https:\/\/marthacifuentes.com\/portada\/#website","url":"https:\/\/marthacifuentes.com\/portada\/","name":"\u25b7 Noticias de Casanare : Martha Cifuentes | Casanare","description":"Noticias &amp; Contenidos","potentialAction":[{"@type":"SearchAction","target":{"@type":"EntryPoint","urlTemplate":"https:\/\/marthacifuentes.com\/portada\/?s={search_term_string}"},"query-input":{"@type":"PropertyValueSpecification","valueRequired":true,"valueName":"search_term_string"}}],"inLanguage":"es"},{"@type":"Person","@id":"https:\/\/marthacifuentes.com\/portada\/#\/schema\/person\/57f53174b991db5f90ff78d58502b714","name":"Martha Cifuentes","image":{"@type":"ImageObject","inLanguage":"es","@id":"https:\/\/marthacifuentes.com\/portada\/#\/schema\/person\/image\/","url":"http:\/\/marthacifuentes.com\/portada\/wp-content\/uploads\/2018\/06\/avatar_user_2_1528838701-96x96.jpg","contentUrl":"http:\/\/marthacifuentes.com\/portada\/wp-content\/uploads\/2018\/06\/avatar_user_2_1528838701-96x96.jpg","caption":"Martha Cifuentes"},"sameAs":["http:\/\/www.marthacifuentes.com"],"url":"https:\/\/marthacifuentes.com\/portada\/author\/martha\/"}]}},"_links":{"self":[{"href":"https:\/\/marthacifuentes.com\/portada\/wp-json\/wp\/v2\/posts\/27627","targetHints":{"allow":["GET"]}}],"collection":[{"href":"https:\/\/marthacifuentes.com\/portada\/wp-json\/wp\/v2\/posts"}],"about":[{"href":"https:\/\/marthacifuentes.com\/portada\/wp-json\/wp\/v2\/types\/post"}],"author":[{"embeddable":true,"href":"https:\/\/marthacifuentes.com\/portada\/wp-json\/wp\/v2\/users\/2"}],"replies":[{"embeddable":true,"href":"https:\/\/marthacifuentes.com\/portada\/wp-json\/wp\/v2\/comments?post=27627"}],"version-history":[{"count":1,"href":"https:\/\/marthacifuentes.com\/portada\/wp-json\/wp\/v2\/posts\/27627\/revisions"}],"predecessor-version":[{"id":27629,"href":"https:\/\/marthacifuentes.com\/portada\/wp-json\/wp\/v2\/posts\/27627\/revisions\/27629"}],"wp:featuredmedia":[{"embeddable":true,"href":"https:\/\/marthacifuentes.com\/portada\/wp-json\/wp\/v2\/media\/27628"}],"wp:attachment":[{"href":"https:\/\/marthacifuentes.com\/portada\/wp-json\/wp\/v2\/media?parent=27627"}],"wp:term":[{"taxonomy":"category","embeddable":true,"href":"https:\/\/marthacifuentes.com\/portada\/wp-json\/wp\/v2\/categories?post=27627"},{"taxonomy":"post_tag","embeddable":true,"href":"https:\/\/marthacifuentes.com\/portada\/wp-json\/wp\/v2\/tags?post=27627"}],"curies":[{"name":"wp","href":"https:\/\/api.w.org\/{rel}","templated":true}]}}