{"id":27633,"date":"2021-12-01T10:46:45","date_gmt":"2021-12-01T15:46:45","guid":{"rendered":"https:\/\/marthacifuentes.com\/portada\/?p=27633"},"modified":"2021-12-01T10:48:51","modified_gmt":"2021-12-01T15:48:51","slug":"juzgado-de-yopal-requiere-a-invias-soluciones-a-crisis-de-via-del-cusiana","status":"publish","type":"post","link":"https:\/\/marthacifuentes.com\/portada\/juzgado-de-yopal-requiere-a-invias-soluciones-a-crisis-de-via-del-cusiana\/","title":{"rendered":"Juzgado de Yopal requiere a Inv\u00edas soluciones a crisis de v\u00eda del Cusiana"},"content":{"rendered":"<p style=\"text-align: justify;\"><strong>El Juzgado Segundo Administrativo de Yopal en relaci\u00f3n a una acci\u00f3n popular interpuesta por Gustavo Garrido Prada, contra el Inv\u00edas y que pretende lograr soluciones concretas a la movilidad en la v\u00eda del Cusiana, entre Aguazul y Sogamoso, requiri\u00f3 a esa instituci\u00f3n a cumplir las solicitudes pendientes en la diligencia judicial del pasado 3 de septiembre de 2021.<\/strong><br \/>\nInicialmente sobre la solicitud de la demolici\u00f3n del puente colapsado en el sector La Orqu\u00eddea, y la instalaci\u00f3n de dos puentes met\u00e1licos, el Juzgado requiri\u00f3 al Inv\u00edas para que informe en 10 d\u00edas sobre el estado de la v\u00eda, las acciones concretas para el desmonte de la estructura ca\u00edda y el avance en el montaje de los puentes transitorios.<br \/>\nIgualmente, se conmin\u00f3 a la entidad a que, en 20 d\u00edas, con base en los estudios y dise\u00f1os, informe sobre las proyecciones para la realizaci\u00f3n de obras de ingenier\u00eda de gran impacto, mejoramiento y construcci\u00f3n en los puntos m\u00e1s cr\u00edticos del Hito 2, donde se presenta la mayor inestabilidad geogr\u00e1fica, los mayores problemas de ingenier\u00eda y de movilidad. Este est\u00e1 compuesto por los puentes Los Grillos, Puente Nuevo, Puente Chorro Blanco, La Leonera, Quebrada Negra, La Chig\u00fcirera, La Orqu\u00eddea 2, entre otros.<br \/>\nComo coadyuvante en esta acci\u00f3n popular, el juez Roberto Vega Barrera, solicit\u00f3 la adopci\u00f3n de medidas urgentes para restablecer la movilidad en la v\u00eda en el sector la Granja, que ya cumpli\u00f3 un mes de estar cerrada por la remoci\u00f3n en masa producida y la perdida de banca. Frente a esto el Juzgado requiri\u00f3 al Inv\u00edas para informe en 10 d\u00edas el estado actual de la v\u00eda, los resultados de los estudios de geolog\u00eda, hidrolog\u00eda, meteorolog\u00eda e ingeniar\u00eda, cronograma de actividades y proyecciones para evitar nuevas situaciones como esta.<br \/>\nTambi\u00e9n se requiri\u00f3 al Inv\u00edas para que adopte las medidas administrativas, policivas o judiciales, incluida la expropiaci\u00f3n por causa de utilidad p\u00fablica, de no llegarse a una negociaci\u00f3n directa con la propietaria del predio en La Granja y por donde debe ingresar la maquinaria para solucionar la problem\u00e1tica.<br \/>\nFinalmente se requiri\u00f3 \u201cla intervenci\u00f3n urgente sobre las columnas del puente largo \u2013Sector Chorro Blanco-, toda vez se vino un alud el cual est\u00e1 depositado sobre una de las columnas de dicho puente y de no ser removido, inequ\u00edvocamente generar\u00e1 colapso del puente, con una afectaci\u00f3n grav\u00edsima, pues ese sector es totalmente inestable y por ello fue necesario construir dicho viaducto\u201d.<\/p>\n<div class=\"background-overlay\">\n<div id=\"tie-container\" class=\"site tie-container\">\n<div id=\"tie-wrapper\">\n<div id=\"content\" class=\"site-content container\">\n<div id=\"main-content-row\" class=\"tie-row main-content-row\">\n<div class=\"main-content tie-col-md-8 tie-col-xs-12\" role=\"main\">\n<article id=\"the-post\" class=\"container-wrapper post-content tie-standard\">\n<div class=\"entry-content entry clearfix\">\n<h2><img loading=\"lazy\" decoding=\"async\" class=\"alignnone size-full wp-image-27635\" src=\"https:\/\/marthacifuentes.com\/portada\/wp-content\/uploads\/2021\/12\/WhatsApp-Image-2021-12-01-at-10.45.27-AM.jpeg\" alt=\"\" width=\"661\" height=\"500\" srcset=\"https:\/\/marthacifuentes.com\/portada\/wp-content\/uploads\/2021\/12\/WhatsApp-Image-2021-12-01-at-10.45.27-AM.jpeg 661w, https:\/\/marthacifuentes.com\/portada\/wp-content\/uploads\/2021\/12\/WhatsApp-Image-2021-12-01-at-10.45.27-AM-300x227.jpeg 300w\" sizes=\"auto, (max-width: 661px) 100vw, 661px\" \/><\/h2>\n<h2><\/h2>\n<h2>Otras noticias\u2026<\/h2>\n<blockquote class=\"wp-embedded-content\" data-secret=\"BBxQzxsMCV\"><p><a href=\"https:\/\/marthacifuentes.com\/portada\/2021\/11\/30\/halladas-3-fosas-clandestinas-que-contendrian-6-desaparecidos-en-tauramena\/\">Halladas 3 fosas clandestinas que contendr\u00edan 6 desaparecidos en Tauramena<\/a><\/p><\/blockquote>\n<p><iframe loading=\"lazy\" class=\"wp-embedded-content\" sandbox=\"allow-scripts\" security=\"restricted\" style=\"position: absolute; clip: rect(1px, 1px, 1px, 1px);\" title=\"\u00abHalladas 3 fosas clandestinas que contendr\u00edan 6 desaparecidos en Tauramena\u00bb \u2014 \u25b7 Noticias de Casanare : Martha Cifuentes | Casanare\" src=\"https:\/\/marthacifuentes.com\/portada\/2021\/11\/30\/halladas-3-fosas-clandestinas-que-contendrian-6-desaparecidos-en-tauramena\/embed\/#?secret=mutKxM8SZA#?secret=BBxQzxsMCV\" data-secret=\"BBxQzxsMCV\" width=\"500\" height=\"282\" frameborder=\"0\" marginwidth=\"0\" marginheight=\"0\" scrolling=\"no\"><\/iframe><\/p>\n<blockquote class=\"wp-embedded-content\" data-secret=\"uMP36j9Ta0\"><p><a href=\"https:\/\/marthacifuentes.com\/portada\/2021\/11\/30\/gobierno-asigno-10-mil-millones-a-casanare-para-pago-de-atencion-de-urgencias-a-venezolanos\/\">Gobierno asign\u00f3 10 mil millones a Casanare para pago de atenci\u00f3n de urgencias a venezolanos<\/a><\/p><\/blockquote>\n<p><iframe loading=\"lazy\" class=\"wp-embedded-content\" title=\"\u00abGobierno asign\u00f3 10 mil millones a Casanare para pago de atenci\u00f3n de urgencias a venezolanos\u00bb \u2014 \u25b7 Noticias de Casanare : Martha Cifuentes | Casanare\" src=\"https:\/\/marthacifuentes.com\/portada\/2021\/11\/30\/gobierno-asigno-10-mil-millones-a-casanare-para-pago-de-atencion-de-urgencias-a-venezolanos\/embed\/#?secret=uMP36j9Ta0\" width=\"600\" height=\"338\" frameborder=\"0\" marginwidth=\"0\" marginheight=\"0\" scrolling=\"no\" sandbox=\"allow-scripts\" data-secret=\"uMP36j9Ta0\" data-mce-fragment=\"1\"><\/iframe><\/p>\n<p><iframe loading=\"lazy\" class=\"wp-embedded-content\" title=\"\u00abYopale\u00f1os se salvaron de pagar mayor impuesto predial. Mayor\u00eda de concejales negaron exenci\u00f3n de impredial para Unitr\u00f3pico\u00bb \u2014 \u25b7 Noticias de Casanare : Martha Cifuentes | Casanare\" src=\"https:\/\/marthacifuentes.com\/portada\/2021\/11\/30\/yopalenos-se-salvaron-de-pagar-mayor-impuesto-predial-mayoria-de-concejales-negaron-exencion-de-impredial-para-unitropico\/embed\/#?secret=og8HERQwcG\" width=\"600\" height=\"648\" frameborder=\"0\" marginwidth=\"0\" marginheight=\"0\" scrolling=\"no\" sandbox=\"allow-scripts\" data-secret=\"og8HERQwcG\" data-mce-fragment=\"1\"><\/iframe><\/p>\n<p><iframe loading=\"lazy\" class=\"wp-embedded-content\" title=\"\u00abAumento de suicidios y problemas de salud mental en Yopal motiva simulacro para ver reacci\u00f3n institucional este 1 de diciembre\u00bb \u2014 \u25b7 Noticias de Casanare : Martha Cifuentes | Casanare\" src=\"https:\/\/marthacifuentes.com\/portada\/2021\/11\/30\/aumento-de-suicidios-y-problemas-de-salud-mental-en-yopal-motiva-simulacro-para-ver-reaccion-institucional-este-1-de-diciembre\/embed\/#?secret=kWV24t3LJK\" width=\"600\" height=\"627\" frameborder=\"0\" marginwidth=\"0\" marginheight=\"0\" scrolling=\"no\" sandbox=\"allow-scripts\" data-secret=\"kWV24t3LJK\" data-mce-fragment=\"1\"><\/iframe><\/p>\n<p><iframe loading=\"lazy\" class=\"wp-embedded-content\" title=\"\u00abNuevo contralor de Casanare, Cipriano Castro, con amplia experiencia en control fiscal, recibir\u00e1 el cargo de su esposa, actual contralora\u00bb \u2014 \u25b7 Noticias de Casanare : Martha Cifuentes | Casanare\" src=\"https:\/\/marthacifuentes.com\/portada\/2021\/11\/30\/nuevo-contralor-de-casanare-cipriano-castro-con-amplia-experiencia-en-control-fiscal-recibira-el-cargo-de-su-esposa-actual-contralora\/embed\/#?secret=yiDixMlH9C\" width=\"600\" height=\"648\" frameborder=\"0\" marginwidth=\"0\" marginheight=\"0\" scrolling=\"no\" sandbox=\"allow-scripts\" data-secret=\"yiDixMlH9C\" data-mce-fragment=\"1\"><\/iframe><\/p>\n<p><iframe loading=\"lazy\" class=\"wp-embedded-content\" title=\"\u00abTras 3 d\u00edas de protesta que mantuvieron paradas obras en v\u00eda Aguazul-Sogamoso, hoy se reactivaron labores\u00bb \u2014 \u25b7 Noticias de Casanare : Martha Cifuentes | Casanare\" src=\"https:\/\/marthacifuentes.com\/portada\/2021\/11\/29\/tras-3-dias-de-protesta-que-mantuvieron-paradas-obras-en-via-aguazul-sogamoso-hoy-se-reactivaron-labores\/embed\/#?secret=q93Sc4ogPt\" width=\"600\" height=\"599\" frameborder=\"0\" marginwidth=\"0\" marginheight=\"0\" scrolling=\"no\" sandbox=\"allow-scripts\" data-secret=\"q93Sc4ogPt\" data-mce-fragment=\"1\"><\/iframe><\/p>\n<p><iframe loading=\"lazy\" class=\"wp-embedded-content\" title=\"\u00abTras 3 d\u00edas de protesta que mantuvieron paradas obras en v\u00eda Aguazul-Sogamoso, hoy se reactivaron labores\u00bb \u2014 \u25b7 Noticias de Casanare : Martha Cifuentes | Casanare\" src=\"https:\/\/marthacifuentes.com\/portada\/2021\/11\/29\/tras-3-dias-de-protesta-que-mantuvieron-paradas-obras-en-via-aguazul-sogamoso-hoy-se-reactivaron-labores\/embed\/#?secret=q93Sc4ogPt\" width=\"600\" height=\"599\" frameborder=\"0\" marginwidth=\"0\" marginheight=\"0\" scrolling=\"no\" sandbox=\"allow-scripts\" data-secret=\"q93Sc4ogPt\" data-mce-fragment=\"1\"><\/iframe><\/p>\n<p><iframe loading=\"lazy\" class=\"wp-embedded-content\" title=\"\u00abEl impuesto predial aumentar\u00e1 o no, una de las decisiones de hoy en el Concejo de Yopal\u00bb \u2014 \u25b7 Noticias de Casanare : Martha Cifuentes | Casanare\" src=\"https:\/\/marthacifuentes.com\/portada\/2021\/11\/29\/el-impuesto-predial-aumentara-o-no-una-de-las-decisiones-de-hoy-en-el-concejo-de-yopal\/embed\/#?secret=qBSHAxtRkz\" width=\"600\" height=\"595\" frameborder=\"0\" marginwidth=\"0\" marginheight=\"0\" scrolling=\"no\" sandbox=\"allow-scripts\" data-secret=\"qBSHAxtRkz\" data-mce-fragment=\"1\"><\/iframe><\/p>\n<p><iframe loading=\"lazy\" class=\"wp-embedded-content\" title=\"\u00abCentro Democr\u00e1tico public\u00f3 encuesta, pero no logra evitar las dudas. Alirio Barrera, pen\u00faltimo.\u00bb \u2014 \u25b7 Noticias de Casanare : Martha Cifuentes | Casanare\" src=\"https:\/\/marthacifuentes.com\/portada\/2021\/11\/29\/centro-democratico-publico-encuesta-pero-no-logra-evitar-las-dudas-alirio-barrera-penultimo\/embed\/#?secret=VEX6X3BQnb\" width=\"600\" height=\"620\" frameborder=\"0\" marginwidth=\"0\" marginheight=\"0\" scrolling=\"no\" sandbox=\"allow-scripts\" data-secret=\"VEX6X3BQnb\" data-mce-fragment=\"1\"><\/iframe><\/p>\n<p><iframe loading=\"lazy\" class=\"wp-embedded-content\" title=\"\u00abFestival de cultura y emprendimiento JoropoFest inicia el mi\u00e9rcoles en Yopal\u00bb \u2014 \u25b7 Noticias de Casanare : Martha Cifuentes | Casanare\" src=\"https:\/\/marthacifuentes.com\/portada\/2021\/11\/29\/festival-de-cultura-y-emprendimiento-joropofest-inicia-el-miercoles-en-yopal\/embed\/#?secret=iItSr1cW5E\" width=\"600\" height=\"620\" frameborder=\"0\" marginwidth=\"0\" marginheight=\"0\" scrolling=\"no\" sandbox=\"allow-scripts\" data-secret=\"iItSr1cW5E\" data-mce-fragment=\"1\"><\/iframe><\/p>\n<p><iframe loading=\"lazy\" class=\"wp-embedded-content\" title=\"\u00abHoy exequias del concejal de Man\u00ed, Evaristo Salinas. Con una ambulancia se hubiera podido salvar su vida.\u00bb \u2014 \u25b7 Noticias de Casanare : Martha Cifuentes | Casanare\" src=\"https:\/\/marthacifuentes.com\/portada\/2021\/11\/29\/hoy-exequias-del-concejal-de-mani-evaristo-salinas-con-una-ambulancia-se-hubiera-podido-salvar-su-vida\/embed\/#?secret=3FPRvwDZZB\" width=\"600\" height=\"620\" frameborder=\"0\" marginwidth=\"0\" marginheight=\"0\" scrolling=\"no\" sandbox=\"allow-scripts\" data-secret=\"3FPRvwDZZB\" data-mce-fragment=\"1\"><\/iframe><\/p>\n<p><iframe loading=\"lazy\" class=\"wp-embedded-content\" title=\"\u00abProyecto de vivienda Villas Teniente Riveros, el nuevo motivo de pelea entre la Alcald\u00eda y algunos concejales de Yopal\u00bb \u2014 \u25b7 Noticias de Casanare : Martha Cifuentes | Casanare\" src=\"https:\/\/marthacifuentes.com\/portada\/2021\/11\/27\/proyecto-de-vivienda-villas-teniente-riveros-el-nuevo-motivo-de-pelea-entre-la-alcaldia-y-algunos-concejales-de-yopal\/embed\/#?secret=pJ1C85t5nA\" width=\"600\" height=\"648\" frameborder=\"0\" marginwidth=\"0\" marginheight=\"0\" scrolling=\"no\" sandbox=\"allow-scripts\" data-secret=\"pJ1C85t5nA\" data-mce-fragment=\"1\"><\/iframe><\/p>\n<p><iframe loading=\"lazy\" class=\"wp-embedded-content\" title=\"\u00abLibres el \u2018Gran Llanerazo\u2019, \u2018Piporro\u2019 y otra persona, vinculados a proceso judicial de nexos con Clan del Golfo en Casanare\u00bb \u2014 \u25b7 Noticias de Casanare : Martha Cifuentes | Casanare\" src=\"https:\/\/marthacifuentes.com\/portada\/2021\/11\/27\/libres-el-gran-llanerazo-piporro-y-otra-persona-vinculados-a-proceso-judicial-de-nexos-con-clan-del-golfo-en-casanare\/embed\/#?secret=CB7oFXurlm\" width=\"600\" height=\"648\" frameborder=\"0\" marginwidth=\"0\" marginheight=\"0\" scrolling=\"no\" sandbox=\"allow-scripts\" data-secret=\"CB7oFXurlm\" data-mce-fragment=\"1\"><\/iframe><\/p>\n<p><iframe loading=\"lazy\" class=\"wp-embedded-content\" title=\"\u00abFiscal\u00eda acusa al Gran Llanerazo y a otras 6 personas, de hechos delictivos relacionados con accionar del Clan del Golfo\u00bb \u2014 \u25b7 Noticias de Casanare : Martha Cifuentes | Casanare\" src=\"https:\/\/marthacifuentes.com\/portada\/2021\/11\/26\/fiscalia-acusa-al-gran-llanerazo-y-a-otras-6-personas-de-hechos-delictivos-relacionados-con-accionar-del-clan-del-golfo\/embed\/#?secret=zhXUvDKfiN\" width=\"600\" height=\"647\" frameborder=\"0\" marginwidth=\"0\" marginheight=\"0\" scrolling=\"no\" sandbox=\"allow-scripts\" data-secret=\"zhXUvDKfiN\" data-mce-fragment=\"1\"><\/iframe><\/p>\n<p><iframe loading=\"lazy\" class=\"wp-embedded-content\" title=\"\u00abNegada tutela contra concurso de elecci\u00f3n de contralor de Casanare, interpuesta por primo de senadora Amanda Gonz\u00e1lez.\u00bb \u2014 \u25b7 Noticias de Casanare : Martha Cifuentes | Casanare\" src=\"https:\/\/marthacifuentes.com\/portada\/2021\/11\/25\/negada-tutela-contra-concurso-de-eleccion-de-contralor-de-casanare-interpuesta-por-primo-de-senadora-amanda-gonzalez\/embed\/#?secret=JF54RYnus2\" width=\"600\" height=\"525\" frameborder=\"0\" marginwidth=\"0\" marginheight=\"0\" scrolling=\"no\" sandbox=\"allow-scripts\" data-secret=\"JF54RYnus2\" data-mce-fragment=\"1\"><\/iframe><\/p>\n<p><iframe loading=\"lazy\" class=\"wp-embedded-content\" title=\"\u00abSorpresiva captura del Gran Llanerazo Otoniel Casta\u00f1eda en Yopal. Lo acusan de nexos con el Clan del Golfo.\u00bb \u2014 \u25b7 Noticias de Casanare : Martha Cifuentes | Casanare\" src=\"https:\/\/marthacifuentes.com\/portada\/2021\/11\/25\/27543\/embed\/#?secret=e6NxokKVcb\" width=\"600\" height=\"648\" frameborder=\"0\" marginwidth=\"0\" marginheight=\"0\" scrolling=\"no\" sandbox=\"allow-scripts\" data-secret=\"e6NxokKVcb\" data-mce-fragment=\"1\"><\/iframe><\/p>\n<p><iframe loading=\"lazy\" class=\"wp-embedded-content\" title=\"\u00abAlerta. Banda de migrantes se dedica atracar viajeros nocturnos en ruta Yopal\u2013Paratebueno\u2013Villavicencio.\u00bb \u2014 \u25b7 Noticias de Casanare : Martha Cifuentes | Casanare\" src=\"https:\/\/marthacifuentes.com\/portada\/2021\/11\/25\/alerta-banda-de-migrantes-se-dedica-atracar-viajeros-nocturnos-en-ruta-yopal-paratebueno-villavicencio\/embed\/#?secret=yWiBFEL1OW\" width=\"600\" height=\"620\" frameborder=\"0\" marginwidth=\"0\" marginheight=\"0\" scrolling=\"no\" sandbox=\"allow-scripts\" data-secret=\"yWiBFEL1OW\" data-mce-fragment=\"1\"><\/iframe><\/p>\n<p><iframe loading=\"lazy\" class=\"wp-embedded-content\" title=\"\u00abLa Contralor\u00eda en su Municipio, estar\u00e1 en Man\u00ed, capacitando a l\u00edderes y veedores, en control ciudadano\u00bb \u2014 \u25b7 Noticias de Casanare : Martha Cifuentes | Casanare\" src=\"https:\/\/marthacifuentes.com\/portada\/2021\/11\/24\/la-contraloria-en-su-municipio-estara-en-mani-capacitando-a-lideres-y-veedores-en-control-ciudadano\/embed\/#?secret=sgACPpDJ0D\" width=\"600\" height=\"617\" frameborder=\"0\" marginwidth=\"0\" marginheight=\"0\" scrolling=\"no\" sandbox=\"allow-scripts\" data-secret=\"sgACPpDJ0D\" data-mce-fragment=\"1\"><\/iframe><\/p>\n<p><iframe loading=\"lazy\" class=\"wp-embedded-content\" title=\"\u00abCay\u00f3 banda de j\u00edbaros, 8 hombres y 2 mujeres, que comercializaba drogas en parque La Estancia en Yopal\u00bb \u2014 \u25b7 Noticias de Casanare : Martha Cifuentes | Casanare\" src=\"https:\/\/marthacifuentes.com\/portada\/2021\/11\/24\/cayo-banda-de-jibaros-8-hombres-y-2-mujeres-que-comercializaba-drogas-en-parque-la-estancia-en-yopal\/embed\/#?secret=Hqh330BERw\" width=\"600\" height=\"570\" frameborder=\"0\" marginwidth=\"0\" marginheight=\"0\" scrolling=\"no\" sandbox=\"allow-scripts\" data-secret=\"Hqh330BERw\" data-mce-fragment=\"1\"><\/iframe><\/p>\n<p><iframe loading=\"lazy\" class=\"wp-embedded-content\" title=\"\u00abVeedur\u00eda pide a Corporinoquia no dar permisos ambientales para proyecto de obras de protecci\u00f3n del r\u00edo Cravo Sur\u00bb \u2014 \u25b7 Noticias de Casanare : Martha Cifuentes | Casanare\" src=\"https:\/\/marthacifuentes.com\/portada\/2021\/11\/23\/veeduria-pide-a-corporinoquia-no-dar-permisos-ambientales-para-proyecto-de-obras-de-proteccion-del-rio-cravo-sur\/embed\/#?secret=GQMroHSN1P\" width=\"600\" height=\"602\" frameborder=\"0\" marginwidth=\"0\" marginheight=\"0\" scrolling=\"no\" sandbox=\"allow-scripts\" data-secret=\"GQMroHSN1P\" data-mce-fragment=\"1\"><\/iframe><\/p>\n<p>&nbsp;<\/p>\n<p>&nbsp;<\/p>\n<p>&nbsp;<\/p>\n<div class=\"post-bottom-meta post-bottom-tags post-tags-modern\"><span class=\"tagcloud\"><a href=\"https:\/\/marthacifuentes.com\/portada\/tag\/casanare-noticias\/\" rel=\"tag\">casanare noticias<\/a>\u00a0<a href=\"https:\/\/marthacifuentes.com\/portada\/tag\/hallan-fosas-de-desaparecidos-en-tauramena-casanare\/\" rel=\"tag\">Hallan fosas de desaparecidos en Tauramena Casanare<\/a>\u00a0<a href=\"https:\/\/marthacifuentes.com\/portada\/tag\/noticias-casanare\/\" rel=\"tag\">Noticias Casanare<\/a>\u00a0<a href=\"https:\/\/marthacifuentes.com\/portada\/tag\/noticias-tauramena\/\" rel=\"tag\">Noticias Tauramena<\/a>\u00a0<a href=\"https:\/\/marthacifuentes.com\/portada\/tag\/noticias-yopal\/\" rel=\"tag\">noticias yopal<\/a>\u00a0<a href=\"https:\/\/marthacifuentes.com\/portada\/tag\/unidad-de-busqueda-de-personas-dadas-por-desaparecidas-ubpd\/\" rel=\"tag\">Unidad de B\u00fasqueda de Personas dadas por Desaparecidas -UBPD<\/a>\u00a0<a href=\"https:\/\/marthacifuentes.com\/portada\/tag\/unidad-de-busqueda-de-personas-desaparecidas\/\" rel=\"tag\">Unidad de B\u00fasqueda de Personas Desaparecidas<\/a>\u00a0<a href=\"https:\/\/marthacifuentes.com\/portada\/tag\/yopal-noticias\/\" rel=\"tag\">yopal noticias<\/a><\/span><\/div>\n<div class=\"post-bottom-meta post-bottom-edit\">\n<div class=\"post-bottom-meta-title\"><a class=\"post-edit-link\" href=\"https:\/\/marthacifuentes.com\/portada\/wp-admin\/post.php?post=27630&amp;action=edit\">\u00a0Editar<\/a><\/div>\n<\/div>\n<\/div>\n<div class=\"clearfix\"><\/div>\n<div id=\"share-buttons-bottom\" class=\"share-buttons share-buttons-bottom\">\n<div class=\"share-links \"><a class=\"facebook-share-btn large-share-button\" title=\"Facebook\" href=\"https:\/\/www.facebook.com\/sharer.php?u=https:\/\/marthacifuentes.com\/portada\/2021\/11\/30\/halladas-3-fosas-clandestinas-que-contendrian-6-desaparecidos-en-tauramena\/\" target=\"_blank\" rel=\"external noopener nofollow\" data-raw=\"https:\/\/www.facebook.com\/sharer.php?u={post_link}\"><span class=\"social-text\">Facebook<\/span><\/a>\u00a0<a class=\"twitter-share-btn large-share-button\" title=\"Twitter\" href=\"https:\/\/twitter.com\/intent\/tweet?text=Halladas%203%20fosas%20clandestinas%20que%20contendr%C3%ADan%206%20desaparecidos%20en%20Tauramena&amp;url=https:\/\/marthacifuentes.com\/portada\/2021\/11\/30\/halladas-3-fosas-clandestinas-que-contendrian-6-desaparecidos-en-tauramena\/\" target=\"_blank\" rel=\"external noopener nofollow\" data-raw=\"https:\/\/twitter.com\/intent\/tweet?text={post_title}&amp;url={post_link}\"><span class=\"social-text\">Twitter<\/span><\/a>\u00a0<a class=\"linkedin-share-btn \" title=\"LinkedIn\" href=\"https:\/\/www.linkedin.com\/shareArticle?mini=true&amp;url=https:\/\/marthacifuentes.com\/portada\/2021\/11\/30\/halladas-3-fosas-clandestinas-que-contendrian-6-desaparecidos-en-tauramena\/&amp;title=Halladas%203%20fosas%20clandestinas%20que%20contendr%C3%ADan%206%20desaparecidos%20en%20Tauramena\" target=\"_blank\" rel=\"external noopener nofollow\" data-raw=\"https:\/\/www.linkedin.com\/shareArticle?mini=true&amp;url={post_full_link}&amp;title={post_title}\"><span class=\"screen-reader-text\">LinkedIn<\/span><\/a>\u00a0<a class=\"tumblr-share-btn \" title=\"Tumblr\" href=\"https:\/\/www.tumblr.com\/share\/link?url=https:\/\/marthacifuentes.com\/portada\/2021\/11\/30\/halladas-3-fosas-clandestinas-que-contendrian-6-desaparecidos-en-tauramena\/&amp;name=Halladas%203%20fosas%20clandestinas%20que%20contendr%C3%ADan%206%20desaparecidos%20en%20Tauramena\" target=\"_blank\" rel=\"external noopener nofollow\" data-raw=\"https:\/\/www.tumblr.com\/share\/link?url={post_link}&amp;name={post_title}\"><span class=\"screen-reader-text\">Tumblr<\/span><\/a>\u00a0<a class=\"pinterest-share-btn \" title=\"Pinterest\" href=\"https:\/\/pinterest.com\/pin\/create\/button\/?url=https:\/\/marthacifuentes.com\/portada\/2021\/11\/30\/halladas-3-fosas-clandestinas-que-contendrian-6-desaparecidos-en-tauramena\/&amp;description=Halladas%203%20fosas%20clandestinas%20que%20contendr%C3%ADan%206%20desaparecidos%20en%20Tauramena&amp;media=https:\/\/marthacifuentes.com\/portada\/wp-content\/uploads\/2021\/11\/262265655_855652318439472_5519035036547291439_n.jpg\" target=\"_blank\" rel=\"external noopener nofollow\" data-raw=\"https:\/\/pinterest.com\/pin\/create\/button\/?url={post_link}&amp;description={post_title}&amp;media={post_img}\"><span class=\"screen-reader-text\">Pinterest<\/span><\/a>\u00a0<a class=\"reddit-share-btn \" title=\"Reddit\" href=\"https:\/\/reddit.com\/submit?url=https:\/\/marthacifuentes.com\/portada\/2021\/11\/30\/halladas-3-fosas-clandestinas-que-contendrian-6-desaparecidos-en-tauramena\/&amp;title=Halladas%203%20fosas%20clandestinas%20que%20contendr%C3%ADan%206%20desaparecidos%20en%20Tauramena\" target=\"_blank\" rel=\"external noopener nofollow\" data-raw=\"https:\/\/reddit.com\/submit?url={post_link}&amp;title={post_title}\"><span class=\"screen-reader-text\">Reddit<\/span><\/a>\u00a0<a class=\"vk-share-btn \" title=\"VKontakte\" href=\"https:\/\/vk.com\/share.php?url=https:\/\/marthacifuentes.com\/portada\/2021\/11\/30\/halladas-3-fosas-clandestinas-que-contendrian-6-desaparecidos-en-tauramena\/\" target=\"_blank\" rel=\"external noopener nofollow\" data-raw=\"https:\/\/vk.com\/share.php?url={post_link}\"><span class=\"screen-reader-text\">VKontakte<\/span><\/a>\u00a0<a class=\"email-share-btn \" title=\"Compartir por correo electr\u00f3nico\" href=\"mailto:?subject=Halladas%203%20fosas%20clandestinas%20que%20contendr%C3%ADan%206%20desaparecidos%20en%20Tauramena&amp;body=https:\/\/marthacifuentes.com\/portada\/2021\/11\/30\/halladas-3-fosas-clandestinas-que-contendrian-6-desaparecidos-en-tauramena\/\" target=\"_blank\" rel=\"external noopener nofollow\" data-raw=\"mailto:?subject={post_title}&amp;body={post_link}\"><span class=\"screen-reader-text\">Compartir por correo electr\u00f3nico<\/span><\/a>\u00a0<a class=\"print-share-btn \" title=\"Imprimir\" href=\"https:\/\/marthacifuentes.com\/portada\/2021\/11\/30\/halladas-3-fosas-clandestinas-que-contendrian-6-desaparecidos-en-tauramena\/#\" target=\"_blank\" rel=\"external noopener nofollow\" data-raw=\"#\"><span class=\"screen-reader-text\">Imprimir<\/span><\/a><\/div>\n<\/div>\n<\/article>\n<div class=\"post-components\">\n<div class=\"about-author container-wrapper about-author-2\">\n<div class=\"author-avatar\"><a href=\"https:\/\/marthacifuentes.com\/portada\/author\/martha\/\"><img loading=\"lazy\" decoding=\"async\" class=\"avatar avatar-180 photo\" src=\"https:\/\/marthacifuentes.com\/portada\/wp-content\/uploads\/2018\/06\/avatar_user_2_1528838701-180x180.jpg\" srcset=\"https:\/\/marthacifuentes.com\/portada\/wp-content\/uploads\/2018\/06\/avatar_user_2_1528838701-360x360.jpg 2x\" alt=\"Photo of Martha Cifuentes\" width=\"180\" height=\"180\" \/><\/a><\/div>\n<div class=\"author-info\">\n<h3 class=\"author-name\"><a href=\"https:\/\/marthacifuentes.com\/portada\/author\/martha\/\">Martha Cifuentes<\/a><\/h3>\n<div class=\"author-bio\"><\/div>\n<ul class=\"social-icons\">\n<li class=\"social-icons-item\"><a class=\"social-link url-social-icon\" href=\"http:\/\/www.marthacifuentes.com\/\" target=\"_blank\" rel=\"external noopener nofollow\"><span class=\"screen-reader-text\">Sitio web<\/span><\/a><\/li>\n<\/ul>\n<\/div>\n<div class=\"clearfix\"><\/div>\n<\/div>\n<div id=\"related-posts\" class=\"container-wrapper has-extra-post\">\n<div class=\"mag-box-title the-global-title\">\n<h3>Publicaciones relacionadas<\/h3>\n<\/div>\n<div class=\"related-posts-list\">\n<div class=\"related-item tie-standard\">\n<p><a class=\"post-thumb\" href=\"https:\/\/marthacifuentes.com\/portada\/2020\/07\/09\/casanare-se-acerca-a-centenar-de-casos-covid-19-hoy-se-reportaron-7-mas\/\" aria-label=\"Casanare se acerca a centenar de casos Covid-19. Hoy se reportaron 7 m\u00e1s.\"><img loading=\"lazy\" decoding=\"async\" class=\"attachment-jannah-image-large size-jannah-image-large wp-post-image\" src=\"https:\/\/marthacifuentes.com\/portada\/wp-content\/uploads\/2020\/07\/coronavirus-casanare-97-casos-a-julio-9-de-2020-390x220.jpg\" alt=\"\" width=\"390\" height=\"220\" \/><\/a><\/p>\n<h3 class=\"post-title\"><a href=\"https:\/\/marthacifuentes.com\/portada\/2020\/07\/09\/casanare-se-acerca-a-centenar-de-casos-covid-19-hoy-se-reportaron-7-mas\/\">Casanare se acerca a centenar de casos Covid-19. Hoy se reportaron 7 m\u00e1s.<\/a><\/h3>\n<div class=\"post-meta clearfix\"><span class=\"date meta-item tie-icon\">julio 9, 2020<\/span><\/div>\n<\/div>\n<div class=\"related-item\">\n<p><a class=\"post-thumb\" href=\"https:\/\/marthacifuentes.com\/portada\/2019\/12\/03\/392-casos-de-vih-en-yopal-en-ultimos-5-anos\/\" aria-label=\"392 casos de VIH en Yopal en \u00faltimos 5 a\u00f1os\"><img loading=\"lazy\" decoding=\"async\" class=\"attachment-jannah-image-large size-jannah-image-large wp-post-image\" src=\"https:\/\/marthacifuentes.com\/portada\/wp-content\/uploads\/2019\/12\/toma-de-muestras-pruebas-ITS-5.jpeg\" sizes=\"auto, (max-width: 349px) 100vw, 349px\" srcset=\"https:\/\/marthacifuentes.com\/portada\/wp-content\/uploads\/2019\/12\/toma-de-muestras-pruebas-ITS-5.jpeg 1251w, https:\/\/marthacifuentes.com\/portada\/wp-content\/uploads\/2019\/12\/toma-de-muestras-pruebas-ITS-5-300x189.jpeg 300w, https:\/\/marthacifuentes.com\/portada\/wp-content\/uploads\/2019\/12\/toma-de-muestras-pruebas-ITS-5-768x484.jpeg 768w, https:\/\/marthacifuentes.com\/portada\/wp-content\/uploads\/2019\/12\/toma-de-muestras-pruebas-ITS-5-1024x645.jpeg 1024w\" alt=\"\" width=\"349\" height=\"220\" \/><\/a><\/p>\n<h3 class=\"post-title\"><a href=\"https:\/\/marthacifuentes.com\/portada\/2019\/12\/03\/392-casos-de-vih-en-yopal-en-ultimos-5-anos\/\">392 casos de VIH en Yopal en \u00faltimos 5 a\u00f1os<\/a><\/h3>\n<div class=\"post-meta clearfix\"><span class=\"date meta-item tie-icon\">diciembre 3, 2019<\/span><\/div>\n<\/div>\n<div class=\"related-item\">\n<p><a class=\"post-thumb\" href=\"https:\/\/marthacifuentes.com\/portada\/2019\/04\/12\/casanare-le-apuesta-al-turismo-como-actividad-economica-hoy-se-realiza-foro-sobre-el-tema\/\" aria-label=\"Casanare le apuesta al turismo como actividad econ\u00f3mica. Hoy se realiza foro sobre el tema.\"><img loading=\"lazy\" decoding=\"async\" class=\"attachment-jannah-image-large size-jannah-image-large wp-post-image\" src=\"https:\/\/marthacifuentes.com\/portada\/wp-content\/uploads\/2019\/04\/turismo-casanare-2.jpg\" sizes=\"auto, (max-width: 330px) 100vw, 330px\" srcset=\"https:\/\/marthacifuentes.com\/portada\/wp-content\/uploads\/2019\/04\/turismo-casanare-2.jpg 1024w, https:\/\/marthacifuentes.com\/portada\/wp-content\/uploads\/2019\/04\/turismo-casanare-2-300x200.jpg 300w, https:\/\/marthacifuentes.com\/portada\/wp-content\/uploads\/2019\/04\/turismo-casanare-2-768x512.jpg 768w\" alt=\"\" width=\"330\" height=\"220\" \/><\/a><\/p>\n<h3 class=\"post-title\"><a href=\"https:\/\/marthacifuentes.com\/portada\/2019\/04\/12\/casanare-le-apuesta-al-turismo-como-actividad-economica-hoy-se-realiza-foro-sobre-el-tema\/\">Casanare le apuesta al turismo como actividad econ\u00f3mica. Hoy se realiza foro sobre el tema.<\/a><\/h3>\n<div class=\"post-meta clearfix\"><span class=\"date meta-item tie-icon\">abril 12, 2019<\/span><\/div>\n<\/div>\n<\/div>\n<\/div>\n<div id=\"comments\" class=\"comments-area\">\n<div id=\"add-comment-block\" class=\"container-wrapper\">\n<div id=\"respond\" class=\"comment-respond\">\n<h3 id=\"reply-title\" class=\"comment-reply-title the-global-title\">Deja una respuesta<small><\/small><\/h3>\n<form id=\"commentform\" class=\"comment-form\" action=\"https:\/\/marthacifuentes.com\/portada\/wp-comments-post.php\" method=\"post\" novalidate=\"\">\n<p class=\"logged-in-as\"><a href=\"https:\/\/marthacifuentes.com\/portada\/wp-admin\/profile.php\" aria-label=\"Conectado como Martha Cifuentes. Edita tu perfil.\">Conectado como Martha Cifuentes<\/a>.\u00a0<a href=\"https:\/\/marthacifuentes.com\/portada\/wp-login.php?action=logout&amp;redirect_to=https%3A%2F%2Fmarthacifuentes.com%2Fportada%2F2021%2F11%2F30%2Fhalladas-3-fosas-clandestinas-que-contendrian-6-desaparecidos-en-tauramena%2F&amp;_wpnonce=570dac3b81\">\u00bfQuieres salir?<\/a><\/p>\n<p class=\"comment-form-comment\"><textarea id=\"comment\" cols=\"45\" maxlength=\"65525\" name=\"comment\" required=\"required\" rows=\"8\"><\/textarea><\/p>\n<p class=\"form-submit\"><input id=\"submit\" class=\"submit\" name=\"submit\" type=\"submit\" value=\"Publicar el comentario\" \/><\/p>\n<\/form>\n<\/div>\n<\/div>\n<\/div>\n<\/div>\n<\/div>\n<div id=\"check-also-box\" class=\"container-wrapper check-also-right\">\n<div class=\"widget-title the-global-title\">\n<div class=\"the-subtitle\">Mira tambi\u00e9n<\/div>\n<p><a id=\"check-also-close\" class=\"remove\" href=\"https:\/\/marthacifuentes.com\/portada\/2021\/11\/30\/halladas-3-fosas-clandestinas-que-contendrian-6-desaparecidos-en-tauramena\/#\"><span class=\"screen-reader-text\">Cerrar<\/span><\/a><\/p>\n<\/div>\n<div class=\"widget posts-list-big-first has-first-big-post\">\n<ul class=\"posts-list-items\">\n<li class=\"widget-single-post-item widget-post-list\">\n<div class=\"post-widget-thumbnail\"><a class=\"post-thumb\" href=\"https:\/\/marthacifuentes.com\/portada\/2018\/07\/09\/tamara-casanare-sin-servicio-de-gas-por-ola-invernal\/\" aria-label=\"T\u00e1mara, Casanare, sin servicio de gas por ola invernal\"><span class=\"post-cat-wrap\"><span class=\"post-cat tie-cat-147\">Actualidad<\/span><\/span><img loading=\"lazy\" decoding=\"async\" class=\"attachment-jannah-image-large size-jannah-image-large wp-post-image\" src=\"https:\/\/marthacifuentes.com\/portada\/wp-content\/uploads\/2018\/07\/tamara-creciente-quebrada-2.jpeg\" sizes=\"auto, (max-width: 293px) 100vw, 293px\" srcset=\"https:\/\/marthacifuentes.com\/portada\/wp-content\/uploads\/2018\/07\/tamara-creciente-quebrada-2.jpeg 1040w, https:\/\/marthacifuentes.com\/portada\/wp-content\/uploads\/2018\/07\/tamara-creciente-quebrada-2-300x225.jpeg 300w, https:\/\/marthacifuentes.com\/portada\/wp-content\/uploads\/2018\/07\/tamara-creciente-quebrada-2-768x576.jpeg 768w, https:\/\/marthacifuentes.com\/portada\/wp-content\/uploads\/2018\/07\/tamara-creciente-quebrada-2-1024x768.jpeg 1024w, https:\/\/marthacifuentes.com\/portada\/wp-content\/uploads\/2018\/07\/tamara-creciente-quebrada-2-86x64.jpeg 86w\" alt=\"\" width=\"293\" height=\"220\" \/><\/a><\/div>\n<div class=\"post-widget-body \">\n<p><a class=\"post-title the-subtitle\" href=\"https:\/\/marthacifuentes.com\/portada\/2018\/07\/09\/tamara-casanare-sin-servicio-de-gas-por-ola-invernal\/\">T\u00e1mara, Casanare, sin servicio de gas por ola invernal<\/a><\/p>\n<div class=\"post-meta\"><span class=\"date meta-item tie-icon\">julio 9, 2018<\/span><\/div>\n<\/div>\n<\/li>\n<\/ul>\n<\/div>\n<\/div>\n<aside class=\"sidebar tie-col-md-4 tie-col-xs-12 normal-side is-sticky is-fixed is-alreay-loaded\" aria-label=\"Barra lateral principal\">\n<div class=\"theiaStickySidebar\">\n<div id=\"block-5\" class=\"container-wrapper widget widget_block\">\n<div class=\"wp-block-columns\">\n<div class=\"wp-block-column\">\n<div class=\"wp-block-group\">\n<div class=\"wp-block-group__inner-container\">\n<div class=\"wp-block-columns\">\n<div class=\"wp-block-column\"><\/div>\n<\/div>\n<\/div>\n<\/div>\n<\/div>\n<\/div>\n<div class=\"clearfix\"><\/div>\n<\/div>\n<\/div>\n<\/aside>\n<\/div>\n<\/div>\n<footer id=\"footer\" class=\"site-footer dark-skin dark-widgetized-area\">\n<div id=\"footer-widgets-container\">\n<div class=\"container\"><\/div>\n<\/div>\n<div id=\"site-info\" class=\"site-info\">\n<div class=\"container\">\n<div class=\"tie-row\">\n<div class=\"tie-col-md-12\">\n<div class=\"copyright-text copyright-text-first\"><center><img loading=\"lazy\" decoding=\"async\" class=\"alignnone size-full wp-image-17356\" src=\"https:\/\/marthacifuentes.com\/portada\/wp-content\/uploads\/2018\/06\/logo450.png\" alt=\"\" width=\"454\" height=\"56\" srcset=\"https:\/\/marthacifuentes.com\/portada\/wp-content\/uploads\/2018\/06\/logo450.png 454w, https:\/\/marthacifuentes.com\/portada\/wp-content\/uploads\/2018\/06\/logo450-300x37.png 300w\" sizes=\"auto, (max-width: 454px) 100vw, 454px\" \/><br \/>\nContactos M\u00f3vil: 321 3939027 \u00a9 2018 \u2013 Martha Cifuentes. Todos Los derechos Reservados&nbsp;<\/p>\n<p><\/center><\/div>\n<div class=\"copyright-text copyright-text-second\"><center>\u00a9 Copyright 2021 www.marthacifuentes.com \/ Todos los derechos reservados \u00a0|\u00a0\u00a0\u00a0<a href=\"https:\/\/latinowebs.com.co\/\" target=\"_blank\" rel=\"noopener\">Desarrollado por Latino Webs<\/a><\/center><\/div>\n<\/div>\n<\/div>\n<\/div>\n<\/div>\n<\/footer>\n<p><a id=\"go-to-top\" class=\"go-to-top-button show-top-button\" href=\"https:\/\/marthacifuentes.com\/portada\/2021\/11\/30\/halladas-3-fosas-clandestinas-que-contendrian-6-desaparecidos-en-tauramena\/#go-to-tie-body\"><span class=\"screen-reader-text\">Bot\u00f3n volver arriba<\/span><\/a><\/p>\n<\/div>\n<\/div>\n<\/div>\n","protected":false},"excerpt":{"rendered":"<p>El Juzgado Segundo Administrativo de Yopal en relaci\u00f3n a una acci\u00f3n popular interpuesta por Gustavo Garrido Prada, contra el Inv\u00edas y que pretende lograr soluciones concretas a la movilidad en la v\u00eda del Cusiana, entre Aguazul y Sogamoso, requiri\u00f3 a esa instituci\u00f3n a cumplir las solicitudes pendientes en la diligencia judicial del pasado 3 de &hellip;<\/p>\n","protected":false},"author":2,"featured_media":27634,"comment_status":"open","ping_status":"open","sticky":false,"template":"","format":"standard","meta":{"om_disable_all_campaigns":false,"_exactmetrics_skip_tracking":false,"_exactmetrics_sitenote_active":false,"_exactmetrics_sitenote_note":"","_exactmetrics_sitenote_category":0,"_monsterinsights_skip_tracking":false,"_monsterinsights_sitenote_active":false,"_monsterinsights_sitenote_note":"","_monsterinsights_sitenote_category":0,"_uf_show_specific_survey":0,"_uf_disable_surveys":false,"_joinchat":[],"footnotes":""},"categories":[147],"tags":[1373,526,6154,6146,2680,1073,632,6152,6129,6150,6153,6147,6149,6148,6151,157,1376],"class_list":["post-27633","post","type-post","status-publish","format-standard","has-post-thumbnail","hentry","category-actualidad","tag-casanare-noticias","tag-cusiana","tag-geologia","tag-gostavo-garrido-prada","tag-invias","tag-juzgado-de-yopal","tag-juzgado-segundo-administrativo-de-yopal","tag-la-chiguirera","tag-la-granja","tag-la-leonera","tag-la-orquidea-2","tag-los-grillos","tag-puente-chorro-blanco","tag-puente-nuevo","tag-quebrada-negra","tag-yopal","tag-yopal-noticias"],"yoast_head":"<!-- This site is optimized with the Yoast SEO plugin v26.1 - https:\/\/yoast.com\/wordpress\/plugins\/seo\/ -->\n<title>Juzgado de Yopal requiere a Inv\u00edas soluciones a crisis de v\u00eda del Cusiana - \u25b7 Noticias de Casanare : Martha Cifuentes | Casanare<\/title>\n<meta name=\"robots\" content=\"index, follow, max-snippet:-1, max-image-preview:large, max-video-preview:-1\" \/>\n<link rel=\"canonical\" href=\"https:\/\/marthacifuentes.com\/portada\/juzgado-de-yopal-requiere-a-invias-soluciones-a-crisis-de-via-del-cusiana\/\" \/>\n<meta property=\"og:locale\" content=\"es_ES\" \/>\n<meta property=\"og:type\" content=\"article\" \/>\n<meta property=\"og:title\" content=\"Juzgado de Yopal requiere a Inv\u00edas soluciones a crisis de v\u00eda del Cusiana - \u25b7 Noticias de Casanare : Martha Cifuentes | Casanare\" \/>\n<meta property=\"og:description\" content=\"El Juzgado Segundo Administrativo de Yopal en relaci\u00f3n a una acci\u00f3n popular interpuesta por Gustavo Garrido Prada, contra el Inv\u00edas y que pretende lograr soluciones concretas a la movilidad en la v\u00eda del Cusiana, entre Aguazul y Sogamoso, requiri\u00f3 a esa instituci\u00f3n a cumplir las solicitudes pendientes en la diligencia judicial del pasado 3 de &hellip;\" \/>\n<meta property=\"og:url\" content=\"https:\/\/marthacifuentes.com\/portada\/juzgado-de-yopal-requiere-a-invias-soluciones-a-crisis-de-via-del-cusiana\/\" \/>\n<meta property=\"og:site_name\" content=\"\u25b7 Noticias de Casanare : Martha Cifuentes | Casanare\" \/>\n<meta property=\"article:published_time\" content=\"2021-12-01T15:46:45+00:00\" \/>\n<meta property=\"article:modified_time\" content=\"2021-12-01T15:48:51+00:00\" \/>\n<meta property=\"og:image\" content=\"https:\/\/marthacifuentes.com\/portada\/wp-content\/uploads\/2021\/12\/WhatsApp-Image-2021-12-01-at-8.56.01-AM.jpeg\" \/>\n\t<meta property=\"og:image:width\" content=\"1076\" \/>\n\t<meta property=\"og:image:height\" content=\"730\" \/>\n\t<meta property=\"og:image:type\" content=\"image\/jpeg\" \/>\n<meta name=\"author\" content=\"Martha Cifuentes\" \/>\n<meta name=\"twitter:card\" content=\"summary_large_image\" \/>\n<meta name=\"twitter:label1\" content=\"Escrito por\" \/>\n\t<meta name=\"twitter:data1\" content=\"Martha Cifuentes\" \/>\n\t<meta name=\"twitter:label2\" content=\"Tiempo de lectura\" \/>\n\t<meta name=\"twitter:data2\" content=\"3 minutos\" \/>\n<script type=\"application\/ld+json\" class=\"yoast-schema-graph\">{\"@context\":\"https:\/\/schema.org\",\"@graph\":[{\"@type\":\"WebPage\",\"@id\":\"https:\/\/marthacifuentes.com\/portada\/juzgado-de-yopal-requiere-a-invias-soluciones-a-crisis-de-via-del-cusiana\/\",\"url\":\"https:\/\/marthacifuentes.com\/portada\/juzgado-de-yopal-requiere-a-invias-soluciones-a-crisis-de-via-del-cusiana\/\",\"name\":\"Juzgado de Yopal requiere a Inv\u00edas soluciones a crisis de v\u00eda del Cusiana - \u25b7 Noticias de Casanare : Martha Cifuentes | Casanare\",\"isPartOf\":{\"@id\":\"https:\/\/marthacifuentes.com\/portada\/#website\"},\"primaryImageOfPage\":{\"@id\":\"https:\/\/marthacifuentes.com\/portada\/juzgado-de-yopal-requiere-a-invias-soluciones-a-crisis-de-via-del-cusiana\/#primaryimage\"},\"image\":{\"@id\":\"https:\/\/marthacifuentes.com\/portada\/juzgado-de-yopal-requiere-a-invias-soluciones-a-crisis-de-via-del-cusiana\/#primaryimage\"},\"thumbnailUrl\":\"https:\/\/marthacifuentes.com\/portada\/wp-content\/uploads\/2021\/12\/WhatsApp-Image-2021-12-01-at-8.56.01-AM.jpeg\",\"datePublished\":\"2021-12-01T15:46:45+00:00\",\"dateModified\":\"2021-12-01T15:48:51+00:00\",\"author\":{\"@id\":\"https:\/\/marthacifuentes.com\/portada\/#\/schema\/person\/57f53174b991db5f90ff78d58502b714\"},\"breadcrumb\":{\"@id\":\"https:\/\/marthacifuentes.com\/portada\/juzgado-de-yopal-requiere-a-invias-soluciones-a-crisis-de-via-del-cusiana\/#breadcrumb\"},\"inLanguage\":\"es\",\"potentialAction\":[{\"@type\":\"ReadAction\",\"target\":[\"https:\/\/marthacifuentes.com\/portada\/juzgado-de-yopal-requiere-a-invias-soluciones-a-crisis-de-via-del-cusiana\/\"]}]},{\"@type\":\"ImageObject\",\"inLanguage\":\"es\",\"@id\":\"https:\/\/marthacifuentes.com\/portada\/juzgado-de-yopal-requiere-a-invias-soluciones-a-crisis-de-via-del-cusiana\/#primaryimage\",\"url\":\"https:\/\/marthacifuentes.com\/portada\/wp-content\/uploads\/2021\/12\/WhatsApp-Image-2021-12-01-at-8.56.01-AM.jpeg\",\"contentUrl\":\"https:\/\/marthacifuentes.com\/portada\/wp-content\/uploads\/2021\/12\/WhatsApp-Image-2021-12-01-at-8.56.01-AM.jpeg\",\"width\":1076,\"height\":730},{\"@type\":\"BreadcrumbList\",\"@id\":\"https:\/\/marthacifuentes.com\/portada\/juzgado-de-yopal-requiere-a-invias-soluciones-a-crisis-de-via-del-cusiana\/#breadcrumb\",\"itemListElement\":[{\"@type\":\"ListItem\",\"position\":1,\"name\":\"Portada\",\"item\":\"https:\/\/marthacifuentes.com\/portada\/\"},{\"@type\":\"ListItem\",\"position\":2,\"name\":\"Juzgado de Yopal requiere a Inv\u00edas soluciones a crisis de v\u00eda del Cusiana\"}]},{\"@type\":\"WebSite\",\"@id\":\"https:\/\/marthacifuentes.com\/portada\/#website\",\"url\":\"https:\/\/marthacifuentes.com\/portada\/\",\"name\":\"\u25b7 Noticias de Casanare : Martha Cifuentes | Casanare\",\"description\":\"Noticias &amp; Contenidos\",\"potentialAction\":[{\"@type\":\"SearchAction\",\"target\":{\"@type\":\"EntryPoint\",\"urlTemplate\":\"https:\/\/marthacifuentes.com\/portada\/?s={search_term_string}\"},\"query-input\":{\"@type\":\"PropertyValueSpecification\",\"valueRequired\":true,\"valueName\":\"search_term_string\"}}],\"inLanguage\":\"es\"},{\"@type\":\"Person\",\"@id\":\"https:\/\/marthacifuentes.com\/portada\/#\/schema\/person\/57f53174b991db5f90ff78d58502b714\",\"name\":\"Martha Cifuentes\",\"image\":{\"@type\":\"ImageObject\",\"inLanguage\":\"es\",\"@id\":\"https:\/\/marthacifuentes.com\/portada\/#\/schema\/person\/image\/\",\"url\":\"http:\/\/marthacifuentes.com\/portada\/wp-content\/uploads\/2018\/06\/avatar_user_2_1528838701-96x96.jpg\",\"contentUrl\":\"http:\/\/marthacifuentes.com\/portada\/wp-content\/uploads\/2018\/06\/avatar_user_2_1528838701-96x96.jpg\",\"caption\":\"Martha Cifuentes\"},\"sameAs\":[\"http:\/\/www.marthacifuentes.com\"],\"url\":\"https:\/\/marthacifuentes.com\/portada\/author\/martha\/\"}]}<\/script>\n<!-- \/ Yoast SEO plugin. -->","yoast_head_json":{"title":"Juzgado de Yopal requiere a Inv\u00edas soluciones a crisis de v\u00eda del Cusiana - \u25b7 Noticias de Casanare : Martha Cifuentes | Casanare","robots":{"index":"index","follow":"follow","max-snippet":"max-snippet:-1","max-image-preview":"max-image-preview:large","max-video-preview":"max-video-preview:-1"},"canonical":"https:\/\/marthacifuentes.com\/portada\/juzgado-de-yopal-requiere-a-invias-soluciones-a-crisis-de-via-del-cusiana\/","og_locale":"es_ES","og_type":"article","og_title":"Juzgado de Yopal requiere a Inv\u00edas soluciones a crisis de v\u00eda del Cusiana - \u25b7 Noticias de Casanare : Martha Cifuentes | Casanare","og_description":"El Juzgado Segundo Administrativo de Yopal en relaci\u00f3n a una acci\u00f3n popular interpuesta por Gustavo Garrido Prada, contra el Inv\u00edas y que pretende lograr soluciones concretas a la movilidad en la v\u00eda del Cusiana, entre Aguazul y Sogamoso, requiri\u00f3 a esa instituci\u00f3n a cumplir las solicitudes pendientes en la diligencia judicial del pasado 3 de &hellip;","og_url":"https:\/\/marthacifuentes.com\/portada\/juzgado-de-yopal-requiere-a-invias-soluciones-a-crisis-de-via-del-cusiana\/","og_site_name":"\u25b7 Noticias de Casanare : Martha Cifuentes | Casanare","article_published_time":"2021-12-01T15:46:45+00:00","article_modified_time":"2021-12-01T15:48:51+00:00","og_image":[{"width":1076,"height":730,"url":"https:\/\/marthacifuentes.com\/portada\/wp-content\/uploads\/2021\/12\/WhatsApp-Image-2021-12-01-at-8.56.01-AM.jpeg","type":"image\/jpeg"}],"author":"Martha Cifuentes","twitter_card":"summary_large_image","twitter_misc":{"Escrito por":"Martha Cifuentes","Tiempo de lectura":"3 minutos"},"schema":{"@context":"https:\/\/schema.org","@graph":[{"@type":"WebPage","@id":"https:\/\/marthacifuentes.com\/portada\/juzgado-de-yopal-requiere-a-invias-soluciones-a-crisis-de-via-del-cusiana\/","url":"https:\/\/marthacifuentes.com\/portada\/juzgado-de-yopal-requiere-a-invias-soluciones-a-crisis-de-via-del-cusiana\/","name":"Juzgado de Yopal requiere a Inv\u00edas soluciones a crisis de v\u00eda del Cusiana - \u25b7 Noticias de Casanare : Martha Cifuentes | Casanare","isPartOf":{"@id":"https:\/\/marthacifuentes.com\/portada\/#website"},"primaryImageOfPage":{"@id":"https:\/\/marthacifuentes.com\/portada\/juzgado-de-yopal-requiere-a-invias-soluciones-a-crisis-de-via-del-cusiana\/#primaryimage"},"image":{"@id":"https:\/\/marthacifuentes.com\/portada\/juzgado-de-yopal-requiere-a-invias-soluciones-a-crisis-de-via-del-cusiana\/#primaryimage"},"thumbnailUrl":"https:\/\/marthacifuentes.com\/portada\/wp-content\/uploads\/2021\/12\/WhatsApp-Image-2021-12-01-at-8.56.01-AM.jpeg","datePublished":"2021-12-01T15:46:45+00:00","dateModified":"2021-12-01T15:48:51+00:00","author":{"@id":"https:\/\/marthacifuentes.com\/portada\/#\/schema\/person\/57f53174b991db5f90ff78d58502b714"},"breadcrumb":{"@id":"https:\/\/marthacifuentes.com\/portada\/juzgado-de-yopal-requiere-a-invias-soluciones-a-crisis-de-via-del-cusiana\/#breadcrumb"},"inLanguage":"es","potentialAction":[{"@type":"ReadAction","target":["https:\/\/marthacifuentes.com\/portada\/juzgado-de-yopal-requiere-a-invias-soluciones-a-crisis-de-via-del-cusiana\/"]}]},{"@type":"ImageObject","inLanguage":"es","@id":"https:\/\/marthacifuentes.com\/portada\/juzgado-de-yopal-requiere-a-invias-soluciones-a-crisis-de-via-del-cusiana\/#primaryimage","url":"https:\/\/marthacifuentes.com\/portada\/wp-content\/uploads\/2021\/12\/WhatsApp-Image-2021-12-01-at-8.56.01-AM.jpeg","contentUrl":"https:\/\/marthacifuentes.com\/portada\/wp-content\/uploads\/2021\/12\/WhatsApp-Image-2021-12-01-at-8.56.01-AM.jpeg","width":1076,"height":730},{"@type":"BreadcrumbList","@id":"https:\/\/marthacifuentes.com\/portada\/juzgado-de-yopal-requiere-a-invias-soluciones-a-crisis-de-via-del-cusiana\/#breadcrumb","itemListElement":[{"@type":"ListItem","position":1,"name":"Portada","item":"https:\/\/marthacifuentes.com\/portada\/"},{"@type":"ListItem","position":2,"name":"Juzgado de Yopal requiere a Inv\u00edas soluciones a crisis de v\u00eda del Cusiana"}]},{"@type":"WebSite","@id":"https:\/\/marthacifuentes.com\/portada\/#website","url":"https:\/\/marthacifuentes.com\/portada\/","name":"\u25b7 Noticias de Casanare : Martha Cifuentes | Casanare","description":"Noticias &amp; Contenidos","potentialAction":[{"@type":"SearchAction","target":{"@type":"EntryPoint","urlTemplate":"https:\/\/marthacifuentes.com\/portada\/?s={search_term_string}"},"query-input":{"@type":"PropertyValueSpecification","valueRequired":true,"valueName":"search_term_string"}}],"inLanguage":"es"},{"@type":"Person","@id":"https:\/\/marthacifuentes.com\/portada\/#\/schema\/person\/57f53174b991db5f90ff78d58502b714","name":"Martha Cifuentes","image":{"@type":"ImageObject","inLanguage":"es","@id":"https:\/\/marthacifuentes.com\/portada\/#\/schema\/person\/image\/","url":"http:\/\/marthacifuentes.com\/portada\/wp-content\/uploads\/2018\/06\/avatar_user_2_1528838701-96x96.jpg","contentUrl":"http:\/\/marthacifuentes.com\/portada\/wp-content\/uploads\/2018\/06\/avatar_user_2_1528838701-96x96.jpg","caption":"Martha Cifuentes"},"sameAs":["http:\/\/www.marthacifuentes.com"],"url":"https:\/\/marthacifuentes.com\/portada\/author\/martha\/"}]}},"_links":{"self":[{"href":"https:\/\/marthacifuentes.com\/portada\/wp-json\/wp\/v2\/posts\/27633","targetHints":{"allow":["GET"]}}],"collection":[{"href":"https:\/\/marthacifuentes.com\/portada\/wp-json\/wp\/v2\/posts"}],"about":[{"href":"https:\/\/marthacifuentes.com\/portada\/wp-json\/wp\/v2\/types\/post"}],"author":[{"embeddable":true,"href":"https:\/\/marthacifuentes.com\/portada\/wp-json\/wp\/v2\/users\/2"}],"replies":[{"embeddable":true,"href":"https:\/\/marthacifuentes.com\/portada\/wp-json\/wp\/v2\/comments?post=27633"}],"version-history":[{"count":2,"href":"https:\/\/marthacifuentes.com\/portada\/wp-json\/wp\/v2\/posts\/27633\/revisions"}],"predecessor-version":[{"id":27638,"href":"https:\/\/marthacifuentes.com\/portada\/wp-json\/wp\/v2\/posts\/27633\/revisions\/27638"}],"wp:featuredmedia":[{"embeddable":true,"href":"https:\/\/marthacifuentes.com\/portada\/wp-json\/wp\/v2\/media\/27634"}],"wp:attachment":[{"href":"https:\/\/marthacifuentes.com\/portada\/wp-json\/wp\/v2\/media?parent=27633"}],"wp:term":[{"taxonomy":"category","embeddable":true,"href":"https:\/\/marthacifuentes.com\/portada\/wp-json\/wp\/v2\/categories?post=27633"},{"taxonomy":"post_tag","embeddable":true,"href":"https:\/\/marthacifuentes.com\/portada\/wp-json\/wp\/v2\/tags?post=27633"}],"curies":[{"name":"wp","href":"https:\/\/api.w.org\/{rel}","templated":true}]}}