{"id":27707,"date":"2021-12-07T06:30:57","date_gmt":"2021-12-07T11:30:57","guid":{"rendered":"https:\/\/marthacifuentes.com\/portada\/?p=27707"},"modified":"2021-12-07T06:30:57","modified_gmt":"2021-12-07T11:30:57","slug":"la-bendicion-en-yopal-va-saliendo-del-limbo-en-que-la-dejo-jhon-jairo-torres-ayer-se-firmo-compraventa-de-dos-de-los-predios-donde-se-cimento","status":"publish","type":"post","link":"https:\/\/marthacifuentes.com\/portada\/la-bendicion-en-yopal-va-saliendo-del-limbo-en-que-la-dejo-jhon-jairo-torres-ayer-se-firmo-compraventa-de-dos-de-los-predios-donde-se-cimento\/","title":{"rendered":"La Bendici\u00f3n en Yopal&#8230; va saliendo del limbo en que la dej\u00f3 Jhon Jairo Torres. Ayer se firm\u00f3 compraventa de dos de los predios donde se ciment\u00f3"},"content":{"rendered":"<p style=\"text-align: justify;\">La Alcald\u00eda de Yopal firm\u00f3 ayer el contrato de compraventa por 1.729 millones de 110 hect\u00e1reas de dos de los tres predios de la ciudadela La Bendici\u00f3n. Estos son El Copey y Manantiales. La SAE, el pasado 3 de diciembre hab\u00eda notificado a la Administraci\u00f3n Municipal de la aceptaci\u00f3n de la oferta hecha el 18 de noviembre. De esta forma evoluciona esta urbanizaci\u00f3n pirata creada por el condenado urbanizador ilegal Jhon Jairo Torres.<\/p>\n<p style=\"text-align: justify;\">El gerente del caso de La Bendici\u00f3n, \u00c1lvaro Rivera, expres\u00f3 que queda pendiente el predio Claveles que es donde se encuentra la mayor parte de las viviendas que conforman La Bendici\u00f3n. Este quedar\u00eda para el pr\u00f3ximo a\u00f1o y amparados en la ley 2044 de 2020, solo se pagar\u00eda el 10% del aval\u00fao total de 10 mil millones, es decir, alrededor de mil millones.<\/p>\n<p style=\"text-align: justify;\">Luego de legalizar la compra de los terrenos, se proceder\u00e1 al equipamiento urbano. Por ahora se est\u00e1 tramitando todo el proceso de legalizaci\u00f3n urban\u00edstica, donde ya se ha avanzado con el levantamiento topogr\u00e1fico, estudio socioecon\u00f3mico y caracterizaci\u00f3n de los lotes y viviendas. Luego se realizar\u00e1 la notificaci\u00f3n a los compradores de los lotes, y presentaci\u00f3n a la comunidad para que avalen ese proceso y como \u00faltimo la alcald\u00eda legaliza la urbanizaci\u00f3n.<\/p>\n<p><img loading=\"lazy\" decoding=\"async\" class=\"size-full wp-image-27709 aligncenter\" src=\"https:\/\/marthacifuentes.com\/portada\/wp-content\/uploads\/2021\/12\/oferta-predios-manantiales-y-copey.jpg\" alt=\"\" width=\"650\" height=\"654\" srcset=\"https:\/\/marthacifuentes.com\/portada\/wp-content\/uploads\/2021\/12\/oferta-predios-manantiales-y-copey.jpg 650w, https:\/\/marthacifuentes.com\/portada\/wp-content\/uploads\/2021\/12\/oferta-predios-manantiales-y-copey-298x300.jpg 298w, https:\/\/marthacifuentes.com\/portada\/wp-content\/uploads\/2021\/12\/oferta-predios-manantiales-y-copey-150x150.jpg 150w\" sizes=\"auto, (max-width: 650px) 100vw, 650px\" \/><\/p>\n<h2>Otras noticias&#8230;<\/h2>\n<p><iframe loading=\"lazy\" class=\"wp-embedded-content\" title=\"\u00ab\u201cLos queremos encontrar, vivos o muertos, para lograr la paz\u201d: V\u00edctimas de desaparici\u00f3n forzada durante Festival de la Verdad en Yopal\u00bb \u2014 \u25b7 Noticias de Casanare : Martha Cifuentes | Casanare\" src=\"https:\/\/marthacifuentes.com\/portada\/2021\/12\/06\/los-queremos-encontrar-vivos-o-muertos-para-lograr-la-paz-victimas-de-desaparicion-forzada-durante-festival-de-la-verdad-en-yopal\/embed\/#?secret=6nmnybawgq\" width=\"600\" height=\"627\" frameborder=\"0\" marginwidth=\"0\" marginheight=\"0\" scrolling=\"no\" sandbox=\"allow-scripts\" data-secret=\"6nmnybawgq\" data-mce-fragment=\"1\"><\/iframe><\/p>\n<p><iframe loading=\"lazy\" class=\"wp-embedded-content\" title=\"\u00abJ\u00f3venes en Casanare y Colombia reacios a votar en elecci\u00f3n de Consejos de Juventudes\u00bb \u2014 \u25b7 Noticias de Casanare : Martha Cifuentes | Casanare\" src=\"https:\/\/marthacifuentes.com\/portada\/2021\/12\/06\/jovenes-en-casanare-y-colombia-reacios-a-votar-en-eleccion-de-consejos-de-juventudes\/embed\/#?secret=makuSgkCmN\" width=\"600\" height=\"620\" frameborder=\"0\" marginwidth=\"0\" marginheight=\"0\" scrolling=\"no\" sandbox=\"allow-scripts\" data-secret=\"makuSgkCmN\" data-mce-fragment=\"1\"><\/iframe><\/p>\n<div class=\"entry-content entry clearfix\">\n<p><iframe loading=\"lazy\" class=\"wp-embedded-content\" title=\"\u00abMoci\u00f3n de censura aprobada contra secretaria de gobierno de Aguazul se enredar\u00eda por cuenta de las recusaciones. Procuradur\u00eda interviene en el tema.\u00bb \u2014 \u25b7 Noticias de Casanare : Martha Cifuentes | Casanare\" src=\"https:\/\/marthacifuentes.com\/portada\/2021\/12\/03\/mocion-de-censura-aprobada-contra-secretaria-de-gobierno-de-aguazul-se-enredaria-por-cuenta-de-las-recusaciones-procuraduria-interviene-en-el-tema\/embed\/#?secret=FDlCXH47Bc\" width=\"600\" height=\"648\" frameborder=\"0\" marginwidth=\"0\" marginheight=\"0\" scrolling=\"no\" sandbox=\"allow-scripts\" data-secret=\"FDlCXH47Bc\" data-mce-fragment=\"1\"><\/iframe><\/p>\n<p><iframe loading=\"lazy\" class=\"wp-embedded-content\" title=\"\u00abDesaparici\u00f3n forzada en Casanare, Meta y Guaviare, era una pol\u00edtica estatal de macro criminalidad de las fuerzas armadas: Colectivo Sociojur\u00eddico Orlando Fals Borda\u00bb \u2014 \u25b7 Noticias de Casanare : Martha Cifuentes | Casanare\" src=\"https:\/\/marthacifuentes.com\/portada\/2021\/12\/03\/desaparicion-forzada-en-casanare-meta-y-guaviare-era-una-politica-estatal-de-macro-criminalidad-de-las-fuerzas-armadas-colectivo-sociojuridico-orlando-fals-borda\/embed\/#?secret=4g4Ggvv6KD\" width=\"600\" height=\"650\" frameborder=\"0\" marginwidth=\"0\" marginheight=\"0\" scrolling=\"no\" sandbox=\"allow-scripts\" data-secret=\"4g4Ggvv6KD\" data-mce-fragment=\"1\"><\/iframe><\/p>\n<p><iframe loading=\"lazy\" class=\"wp-embedded-content\" title=\"\u00abAdmitida demanda de nulidad electoral contra elecci\u00f3n de mesa directiva del Concejo de Yopal para 2022, encabezada por Jes\u00fas Alberto Vega\u00bb \u2014 \u25b7 Noticias de Casanare : Martha Cifuentes | Casanare\" src=\"https:\/\/marthacifuentes.com\/portada\/2021\/12\/02\/admitida-demanda-de-nulidad-electoral-contra-eleccion-de-mesa-directiva-del-concejo-de-yopal-para-2022-encabezada-por-jesus-alberto-vega\/embed\/#?secret=ZeSVe22qAd\" width=\"600\" height=\"648\" frameborder=\"0\" marginwidth=\"0\" marginheight=\"0\" scrolling=\"no\" sandbox=\"allow-scripts\" data-secret=\"ZeSVe22qAd\" data-mce-fragment=\"1\"><\/iframe><\/p>\n<p><iframe loading=\"lazy\" class=\"wp-embedded-content\" title=\"\u00abHoy segundo d\u00eda de festival cultural e innovaci\u00f3n Joropofest 2021 en Yopal\u00bb \u2014 \u25b7 Noticias de Casanare : Martha Cifuentes | Casanare\" src=\"https:\/\/marthacifuentes.com\/portada\/2021\/12\/02\/hoy-segundo-dia-de-festival-cultural-e-innovacion-joropofest-2021-en-yopal\/embed\/#?secret=sn6QU8nyHV\" width=\"600\" height=\"620\" frameborder=\"0\" marginwidth=\"0\" marginheight=\"0\" scrolling=\"no\" sandbox=\"allow-scripts\" data-secret=\"sn6QU8nyHV\" data-mce-fragment=\"1\"><\/iframe><\/p>\n<p><iframe loading=\"lazy\" class=\"wp-embedded-content\" title=\"\u00ab10 a\u00f1os de prisi\u00f3n para exconcejal de Paz de Ariporo por ser informante de las disidencias de las Farc\u00bb \u2014 \u25b7 Noticias de Casanare : Martha Cifuentes | Casanare\" src=\"https:\/\/marthacifuentes.com\/portada\/2021\/12\/02\/10-anos-de-prision-para-exconcejal-de-paz-de-ariporo-por-ser-informante-de-las-disidencias-de-las-farc\/embed\/#?secret=olxlOqpkgs\" width=\"600\" height=\"584\" frameborder=\"0\" marginwidth=\"0\" marginheight=\"0\" scrolling=\"no\" sandbox=\"allow-scripts\" data-secret=\"olxlOqpkgs\" data-mce-fragment=\"1\"><\/iframe><\/p>\n<p><iframe loading=\"lazy\" class=\"wp-embedded-content\" title=\"\u00abSigue en aumento suicidio en Casanare. Otra v\u00edctima en Pore\u00bb \u2014 \u25b7 Noticias de Casanare : Martha Cifuentes | Casanare\" src=\"https:\/\/marthacifuentes.com\/portada\/2021\/12\/01\/sigue-en-aumento-suicidio-en-casanare-otra-victima-en-pore\/embed\/#?secret=rXae3Xddrk\" width=\"600\" height=\"620\" frameborder=\"0\" marginwidth=\"0\" marginheight=\"0\" scrolling=\"no\" sandbox=\"allow-scripts\" data-secret=\"rXae3Xddrk\" data-mce-fragment=\"1\"><\/iframe><\/p>\n<p><iframe loading=\"lazy\" class=\"wp-embedded-content\" title=\"\u00abDenuncian a alcalde de Man\u00ed, secretaria de gobierno y comandante de polic\u00eda de Aguazul por inacci\u00f3n frente a bloqueo de volqueteros de Aguazul en octubre\u00bb \u2014 \u25b7 Noticias de Casanare : Martha Cifuentes | Casanare\" src=\"https:\/\/marthacifuentes.com\/portada\/2021\/12\/01\/denuncian-a-alcalde-de-mani-secretaria-de-gobierno-y-comandante-de-policia-de-aguazul-por-inaccion-frente-a-bloqueo-de-volqueteros-de-aguazul-en-octubre\/embed\/#?secret=UZz7E4his2\" width=\"600\" height=\"648\" frameborder=\"0\" marginwidth=\"0\" marginheight=\"0\" scrolling=\"no\" sandbox=\"allow-scripts\" data-secret=\"UZz7E4his2\" data-mce-fragment=\"1\"><\/iframe><\/p>\n<p><iframe loading=\"lazy\" class=\"wp-embedded-content\" title=\"\u00abJuzgado de Yopal requiere a Inv\u00edas soluciones a crisis de v\u00eda del Cusiana\u00bb \u2014 \u25b7 Noticias de Casanare : Martha Cifuentes | Casanare\" src=\"https:\/\/marthacifuentes.com\/portada\/2021\/12\/01\/juzgado-de-yopal-requiere-a-invias-soluciones-a-crisis-de-via-del-cusiana\/embed\/#?secret=JLPZfhv2Zw\" width=\"600\" height=\"620\" frameborder=\"0\" marginwidth=\"0\" marginheight=\"0\" scrolling=\"no\" sandbox=\"allow-scripts\" data-secret=\"JLPZfhv2Zw\" data-mce-fragment=\"1\"><\/iframe><\/p>\n<p><iframe loading=\"lazy\" class=\"wp-embedded-content\" title=\"\u00abHalladas 3 fosas clandestinas que contendr\u00edan 6 desaparecidos en Tauramena\u00bb \u2014 \u25b7 Noticias de Casanare : Martha Cifuentes | Casanare\" src=\"https:\/\/marthacifuentes.com\/portada\/2021\/11\/30\/halladas-3-fosas-clandestinas-que-contendrian-6-desaparecidos-en-tauramena\/embed\/#?secret=Lbgb6BMePY\" width=\"600\" height=\"620\" frameborder=\"0\" marginwidth=\"0\" marginheight=\"0\" scrolling=\"no\" sandbox=\"allow-scripts\" data-secret=\"Lbgb6BMePY\" data-mce-fragment=\"1\"><\/iframe><\/p>\n<p><iframe loading=\"lazy\" class=\"wp-embedded-content\" title=\"\u00abGobierno asign\u00f3 10 mil millones a Casanare para pago de atenci\u00f3n de urgencias a venezolanos\u00bb \u2014 \u25b7 Noticias de Casanare : Martha Cifuentes | Casanare\" src=\"https:\/\/marthacifuentes.com\/portada\/2021\/11\/30\/gobierno-asigno-10-mil-millones-a-casanare-para-pago-de-atencion-de-urgencias-a-venezolanos\/embed\/#?secret=uMP36j9Ta0\" width=\"600\" height=\"599\" frameborder=\"0\" marginwidth=\"0\" marginheight=\"0\" scrolling=\"no\" sandbox=\"allow-scripts\" data-secret=\"uMP36j9Ta0\" data-mce-fragment=\"1\"><\/iframe><\/p>\n<p><iframe loading=\"lazy\" class=\"wp-embedded-content\" title=\"\u00abYopale\u00f1os se salvaron de pagar mayor impuesto predial. Mayor\u00eda de concejales negaron exenci\u00f3n de impredial para Unitr\u00f3pico\u00bb \u2014 \u25b7 Noticias de Casanare : Martha Cifuentes | Casanare\" src=\"https:\/\/marthacifuentes.com\/portada\/2021\/11\/30\/yopalenos-se-salvaron-de-pagar-mayor-impuesto-predial-mayoria-de-concejales-negaron-exencion-de-impredial-para-unitropico\/embed\/#?secret=og8HERQwcG\" width=\"600\" height=\"648\" frameborder=\"0\" marginwidth=\"0\" marginheight=\"0\" scrolling=\"no\" sandbox=\"allow-scripts\" data-secret=\"og8HERQwcG\" data-mce-fragment=\"1\"><\/iframe><\/p>\n<p><iframe loading=\"lazy\" class=\"wp-embedded-content\" title=\"\u00abAumento de suicidios y problemas de salud mental en Yopal motiva simulacro para ver reacci\u00f3n institucional este 1 de diciembre\u00bb \u2014 \u25b7 Noticias de Casanare : Martha Cifuentes | Casanare\" src=\"https:\/\/marthacifuentes.com\/portada\/2021\/11\/30\/aumento-de-suicidios-y-problemas-de-salud-mental-en-yopal-motiva-simulacro-para-ver-reaccion-institucional-este-1-de-diciembre\/embed\/#?secret=kWV24t3LJK\" width=\"600\" height=\"627\" frameborder=\"0\" marginwidth=\"0\" marginheight=\"0\" scrolling=\"no\" sandbox=\"allow-scripts\" data-secret=\"kWV24t3LJK\" data-mce-fragment=\"1\"><\/iframe><\/p>\n<p><iframe loading=\"lazy\" class=\"wp-embedded-content\" title=\"\u00abNuevo contralor de Casanare, Cipriano Castro, con amplia experiencia en control fiscal, recibir\u00e1 el cargo de su esposa, actual contralora\u00bb \u2014 \u25b7 Noticias de Casanare : Martha Cifuentes | Casanare\" src=\"https:\/\/marthacifuentes.com\/portada\/2021\/11\/30\/nuevo-contralor-de-casanare-cipriano-castro-con-amplia-experiencia-en-control-fiscal-recibira-el-cargo-de-su-esposa-actual-contralora\/embed\/#?secret=yiDixMlH9C\" width=\"600\" height=\"648\" frameborder=\"0\" marginwidth=\"0\" marginheight=\"0\" scrolling=\"no\" sandbox=\"allow-scripts\" data-secret=\"yiDixMlH9C\" data-mce-fragment=\"1\"><\/iframe><\/p>\n<p><iframe loading=\"lazy\" class=\"wp-embedded-content\" title=\"\u00abTras 3 d\u00edas de protesta que mantuvieron paradas obras en v\u00eda Aguazul-Sogamoso, hoy se reactivaron labores\u00bb \u2014 \u25b7 Noticias de Casanare : Martha Cifuentes | Casanare\" src=\"https:\/\/marthacifuentes.com\/portada\/2021\/11\/29\/tras-3-dias-de-protesta-que-mantuvieron-paradas-obras-en-via-aguazul-sogamoso-hoy-se-reactivaron-labores\/embed\/#?secret=q93Sc4ogPt\" width=\"600\" height=\"599\" frameborder=\"0\" marginwidth=\"0\" marginheight=\"0\" scrolling=\"no\" sandbox=\"allow-scripts\" data-secret=\"q93Sc4ogPt\" data-mce-fragment=\"1\"><\/iframe><\/p>\n<\/div>\n<p>&nbsp;<\/p>\n<p>&nbsp;<\/p>\n","protected":false},"excerpt":{"rendered":"<p>La Alcald\u00eda de Yopal firm\u00f3 ayer el contrato de compraventa por 1.729 millones de 110 hect\u00e1reas de dos de los tres predios de la ciudadela La Bendici\u00f3n. Estos son El Copey y Manantiales. La SAE, el pasado 3 de diciembre hab\u00eda notificado a la Administraci\u00f3n Municipal de la aceptaci\u00f3n de la oferta hecha el 18 &hellip;<\/p>\n","protected":false},"author":2,"featured_media":27708,"comment_status":"open","ping_status":"open","sticky":false,"template":"","format":"standard","meta":{"om_disable_all_campaigns":false,"_exactmetrics_skip_tracking":false,"_exactmetrics_sitenote_active":false,"_exactmetrics_sitenote_note":"","_exactmetrics_sitenote_category":0,"_monsterinsights_skip_tracking":false,"_monsterinsights_sitenote_active":false,"_monsterinsights_sitenote_note":"","_monsterinsights_sitenote_category":0,"_uf_show_specific_survey":0,"_uf_disable_surveys":false,"_joinchat":[],"footnotes":""},"categories":[147,146,145],"tags":[],"class_list":["post-27707","post","type-post","status-publish","format-standard","has-post-thumbnail","hentry","category-actualidad","category-noticias","category-reportajes"],"yoast_head":"<!-- This site is optimized with the Yoast SEO plugin v26.1 - https:\/\/yoast.com\/wordpress\/plugins\/seo\/ -->\n<title>La Bendici\u00f3n en Yopal... va saliendo del limbo en que la dej\u00f3 Jhon Jairo Torres. Ayer se firm\u00f3 compraventa de dos de los predios donde se ciment\u00f3 - \u25b7 Noticias de Casanare : Martha Cifuentes | Casanare<\/title>\n<meta name=\"robots\" content=\"index, follow, max-snippet:-1, max-image-preview:large, max-video-preview:-1\" \/>\n<link rel=\"canonical\" href=\"https:\/\/marthacifuentes.com\/portada\/la-bendicion-en-yopal-va-saliendo-del-limbo-en-que-la-dejo-jhon-jairo-torres-ayer-se-firmo-compraventa-de-dos-de-los-predios-donde-se-cimento\/\" \/>\n<meta property=\"og:locale\" content=\"es_ES\" \/>\n<meta property=\"og:type\" content=\"article\" \/>\n<meta property=\"og:title\" content=\"La Bendici\u00f3n en Yopal... va saliendo del limbo en que la dej\u00f3 Jhon Jairo Torres. Ayer se firm\u00f3 compraventa de dos de los predios donde se ciment\u00f3 - \u25b7 Noticias de Casanare : Martha Cifuentes | Casanare\" \/>\n<meta property=\"og:description\" content=\"La Alcald\u00eda de Yopal firm\u00f3 ayer el contrato de compraventa por 1.729 millones de 110 hect\u00e1reas de dos de los tres predios de la ciudadela La Bendici\u00f3n. Estos son El Copey y Manantiales. La SAE, el pasado 3 de diciembre hab\u00eda notificado a la Administraci\u00f3n Municipal de la aceptaci\u00f3n de la oferta hecha el 18 &hellip;\" \/>\n<meta property=\"og:url\" content=\"https:\/\/marthacifuentes.com\/portada\/la-bendicion-en-yopal-va-saliendo-del-limbo-en-que-la-dejo-jhon-jairo-torres-ayer-se-firmo-compraventa-de-dos-de-los-predios-donde-se-cimento\/\" \/>\n<meta property=\"og:site_name\" content=\"\u25b7 Noticias de Casanare : Martha Cifuentes | Casanare\" \/>\n<meta property=\"article:published_time\" content=\"2021-12-07T11:30:57+00:00\" \/>\n<meta property=\"og:image\" content=\"https:\/\/marthacifuentes.com\/portada\/wp-content\/uploads\/2021\/12\/imagen_2021-12-07_062953.png\" \/>\n\t<meta property=\"og:image:width\" content=\"992\" \/>\n\t<meta property=\"og:image:height\" content=\"501\" \/>\n\t<meta property=\"og:image:type\" content=\"image\/png\" \/>\n<meta name=\"author\" content=\"Martha Cifuentes\" \/>\n<meta name=\"twitter:card\" content=\"summary_large_image\" \/>\n<meta name=\"twitter:label1\" content=\"Escrito por\" \/>\n\t<meta name=\"twitter:data1\" content=\"Martha Cifuentes\" \/>\n\t<meta name=\"twitter:label2\" content=\"Tiempo de lectura\" \/>\n\t<meta name=\"twitter:data2\" content=\"1 minuto\" \/>\n<script type=\"application\/ld+json\" class=\"yoast-schema-graph\">{\"@context\":\"https:\/\/schema.org\",\"@graph\":[{\"@type\":\"WebPage\",\"@id\":\"https:\/\/marthacifuentes.com\/portada\/la-bendicion-en-yopal-va-saliendo-del-limbo-en-que-la-dejo-jhon-jairo-torres-ayer-se-firmo-compraventa-de-dos-de-los-predios-donde-se-cimento\/\",\"url\":\"https:\/\/marthacifuentes.com\/portada\/la-bendicion-en-yopal-va-saliendo-del-limbo-en-que-la-dejo-jhon-jairo-torres-ayer-se-firmo-compraventa-de-dos-de-los-predios-donde-se-cimento\/\",\"name\":\"La Bendici\u00f3n en Yopal... va saliendo del limbo en que la dej\u00f3 Jhon Jairo Torres. Ayer se firm\u00f3 compraventa de dos de los predios donde se ciment\u00f3 - \u25b7 Noticias de Casanare : Martha Cifuentes | Casanare\",\"isPartOf\":{\"@id\":\"https:\/\/marthacifuentes.com\/portada\/#website\"},\"primaryImageOfPage\":{\"@id\":\"https:\/\/marthacifuentes.com\/portada\/la-bendicion-en-yopal-va-saliendo-del-limbo-en-que-la-dejo-jhon-jairo-torres-ayer-se-firmo-compraventa-de-dos-de-los-predios-donde-se-cimento\/#primaryimage\"},\"image\":{\"@id\":\"https:\/\/marthacifuentes.com\/portada\/la-bendicion-en-yopal-va-saliendo-del-limbo-en-que-la-dejo-jhon-jairo-torres-ayer-se-firmo-compraventa-de-dos-de-los-predios-donde-se-cimento\/#primaryimage\"},\"thumbnailUrl\":\"https:\/\/marthacifuentes.com\/portada\/wp-content\/uploads\/2021\/12\/imagen_2021-12-07_062953.png\",\"datePublished\":\"2021-12-07T11:30:57+00:00\",\"author\":{\"@id\":\"https:\/\/marthacifuentes.com\/portada\/#\/schema\/person\/57f53174b991db5f90ff78d58502b714\"},\"breadcrumb\":{\"@id\":\"https:\/\/marthacifuentes.com\/portada\/la-bendicion-en-yopal-va-saliendo-del-limbo-en-que-la-dejo-jhon-jairo-torres-ayer-se-firmo-compraventa-de-dos-de-los-predios-donde-se-cimento\/#breadcrumb\"},\"inLanguage\":\"es\",\"potentialAction\":[{\"@type\":\"ReadAction\",\"target\":[\"https:\/\/marthacifuentes.com\/portada\/la-bendicion-en-yopal-va-saliendo-del-limbo-en-que-la-dejo-jhon-jairo-torres-ayer-se-firmo-compraventa-de-dos-de-los-predios-donde-se-cimento\/\"]}]},{\"@type\":\"ImageObject\",\"inLanguage\":\"es\",\"@id\":\"https:\/\/marthacifuentes.com\/portada\/la-bendicion-en-yopal-va-saliendo-del-limbo-en-que-la-dejo-jhon-jairo-torres-ayer-se-firmo-compraventa-de-dos-de-los-predios-donde-se-cimento\/#primaryimage\",\"url\":\"https:\/\/marthacifuentes.com\/portada\/wp-content\/uploads\/2021\/12\/imagen_2021-12-07_062953.png\",\"contentUrl\":\"https:\/\/marthacifuentes.com\/portada\/wp-content\/uploads\/2021\/12\/imagen_2021-12-07_062953.png\",\"width\":992,\"height\":501},{\"@type\":\"BreadcrumbList\",\"@id\":\"https:\/\/marthacifuentes.com\/portada\/la-bendicion-en-yopal-va-saliendo-del-limbo-en-que-la-dejo-jhon-jairo-torres-ayer-se-firmo-compraventa-de-dos-de-los-predios-donde-se-cimento\/#breadcrumb\",\"itemListElement\":[{\"@type\":\"ListItem\",\"position\":1,\"name\":\"Portada\",\"item\":\"https:\/\/marthacifuentes.com\/portada\/\"},{\"@type\":\"ListItem\",\"position\":2,\"name\":\"La Bendici\u00f3n en Yopal&#8230; va saliendo del limbo en que la dej\u00f3 Jhon Jairo Torres. Ayer se firm\u00f3 compraventa de dos de los predios donde se ciment\u00f3\"}]},{\"@type\":\"WebSite\",\"@id\":\"https:\/\/marthacifuentes.com\/portada\/#website\",\"url\":\"https:\/\/marthacifuentes.com\/portada\/\",\"name\":\"\u25b7 Noticias de Casanare : Martha Cifuentes | Casanare\",\"description\":\"Noticias &amp; Contenidos\",\"potentialAction\":[{\"@type\":\"SearchAction\",\"target\":{\"@type\":\"EntryPoint\",\"urlTemplate\":\"https:\/\/marthacifuentes.com\/portada\/?s={search_term_string}\"},\"query-input\":{\"@type\":\"PropertyValueSpecification\",\"valueRequired\":true,\"valueName\":\"search_term_string\"}}],\"inLanguage\":\"es\"},{\"@type\":\"Person\",\"@id\":\"https:\/\/marthacifuentes.com\/portada\/#\/schema\/person\/57f53174b991db5f90ff78d58502b714\",\"name\":\"Martha Cifuentes\",\"image\":{\"@type\":\"ImageObject\",\"inLanguage\":\"es\",\"@id\":\"https:\/\/marthacifuentes.com\/portada\/#\/schema\/person\/image\/\",\"url\":\"http:\/\/marthacifuentes.com\/portada\/wp-content\/uploads\/2018\/06\/avatar_user_2_1528838701-96x96.jpg\",\"contentUrl\":\"http:\/\/marthacifuentes.com\/portada\/wp-content\/uploads\/2018\/06\/avatar_user_2_1528838701-96x96.jpg\",\"caption\":\"Martha Cifuentes\"},\"sameAs\":[\"http:\/\/www.marthacifuentes.com\"],\"url\":\"https:\/\/marthacifuentes.com\/portada\/author\/martha\/\"}]}<\/script>\n<!-- \/ Yoast SEO plugin. -->","yoast_head_json":{"title":"La Bendici\u00f3n en Yopal... va saliendo del limbo en que la dej\u00f3 Jhon Jairo Torres. Ayer se firm\u00f3 compraventa de dos de los predios donde se ciment\u00f3 - \u25b7 Noticias de Casanare : Martha Cifuentes | Casanare","robots":{"index":"index","follow":"follow","max-snippet":"max-snippet:-1","max-image-preview":"max-image-preview:large","max-video-preview":"max-video-preview:-1"},"canonical":"https:\/\/marthacifuentes.com\/portada\/la-bendicion-en-yopal-va-saliendo-del-limbo-en-que-la-dejo-jhon-jairo-torres-ayer-se-firmo-compraventa-de-dos-de-los-predios-donde-se-cimento\/","og_locale":"es_ES","og_type":"article","og_title":"La Bendici\u00f3n en Yopal... va saliendo del limbo en que la dej\u00f3 Jhon Jairo Torres. Ayer se firm\u00f3 compraventa de dos de los predios donde se ciment\u00f3 - \u25b7 Noticias de Casanare : Martha Cifuentes | Casanare","og_description":"La Alcald\u00eda de Yopal firm\u00f3 ayer el contrato de compraventa por 1.729 millones de 110 hect\u00e1reas de dos de los tres predios de la ciudadela La Bendici\u00f3n. Estos son El Copey y Manantiales. La SAE, el pasado 3 de diciembre hab\u00eda notificado a la Administraci\u00f3n Municipal de la aceptaci\u00f3n de la oferta hecha el 18 &hellip;","og_url":"https:\/\/marthacifuentes.com\/portada\/la-bendicion-en-yopal-va-saliendo-del-limbo-en-que-la-dejo-jhon-jairo-torres-ayer-se-firmo-compraventa-de-dos-de-los-predios-donde-se-cimento\/","og_site_name":"\u25b7 Noticias de Casanare : Martha Cifuentes | Casanare","article_published_time":"2021-12-07T11:30:57+00:00","og_image":[{"width":992,"height":501,"url":"https:\/\/marthacifuentes.com\/portada\/wp-content\/uploads\/2021\/12\/imagen_2021-12-07_062953.png","type":"image\/png"}],"author":"Martha Cifuentes","twitter_card":"summary_large_image","twitter_misc":{"Escrito por":"Martha Cifuentes","Tiempo de lectura":"1 minuto"},"schema":{"@context":"https:\/\/schema.org","@graph":[{"@type":"WebPage","@id":"https:\/\/marthacifuentes.com\/portada\/la-bendicion-en-yopal-va-saliendo-del-limbo-en-que-la-dejo-jhon-jairo-torres-ayer-se-firmo-compraventa-de-dos-de-los-predios-donde-se-cimento\/","url":"https:\/\/marthacifuentes.com\/portada\/la-bendicion-en-yopal-va-saliendo-del-limbo-en-que-la-dejo-jhon-jairo-torres-ayer-se-firmo-compraventa-de-dos-de-los-predios-donde-se-cimento\/","name":"La Bendici\u00f3n en Yopal... va saliendo del limbo en que la dej\u00f3 Jhon Jairo Torres. Ayer se firm\u00f3 compraventa de dos de los predios donde se ciment\u00f3 - \u25b7 Noticias de Casanare : Martha Cifuentes | Casanare","isPartOf":{"@id":"https:\/\/marthacifuentes.com\/portada\/#website"},"primaryImageOfPage":{"@id":"https:\/\/marthacifuentes.com\/portada\/la-bendicion-en-yopal-va-saliendo-del-limbo-en-que-la-dejo-jhon-jairo-torres-ayer-se-firmo-compraventa-de-dos-de-los-predios-donde-se-cimento\/#primaryimage"},"image":{"@id":"https:\/\/marthacifuentes.com\/portada\/la-bendicion-en-yopal-va-saliendo-del-limbo-en-que-la-dejo-jhon-jairo-torres-ayer-se-firmo-compraventa-de-dos-de-los-predios-donde-se-cimento\/#primaryimage"},"thumbnailUrl":"https:\/\/marthacifuentes.com\/portada\/wp-content\/uploads\/2021\/12\/imagen_2021-12-07_062953.png","datePublished":"2021-12-07T11:30:57+00:00","author":{"@id":"https:\/\/marthacifuentes.com\/portada\/#\/schema\/person\/57f53174b991db5f90ff78d58502b714"},"breadcrumb":{"@id":"https:\/\/marthacifuentes.com\/portada\/la-bendicion-en-yopal-va-saliendo-del-limbo-en-que-la-dejo-jhon-jairo-torres-ayer-se-firmo-compraventa-de-dos-de-los-predios-donde-se-cimento\/#breadcrumb"},"inLanguage":"es","potentialAction":[{"@type":"ReadAction","target":["https:\/\/marthacifuentes.com\/portada\/la-bendicion-en-yopal-va-saliendo-del-limbo-en-que-la-dejo-jhon-jairo-torres-ayer-se-firmo-compraventa-de-dos-de-los-predios-donde-se-cimento\/"]}]},{"@type":"ImageObject","inLanguage":"es","@id":"https:\/\/marthacifuentes.com\/portada\/la-bendicion-en-yopal-va-saliendo-del-limbo-en-que-la-dejo-jhon-jairo-torres-ayer-se-firmo-compraventa-de-dos-de-los-predios-donde-se-cimento\/#primaryimage","url":"https:\/\/marthacifuentes.com\/portada\/wp-content\/uploads\/2021\/12\/imagen_2021-12-07_062953.png","contentUrl":"https:\/\/marthacifuentes.com\/portada\/wp-content\/uploads\/2021\/12\/imagen_2021-12-07_062953.png","width":992,"height":501},{"@type":"BreadcrumbList","@id":"https:\/\/marthacifuentes.com\/portada\/la-bendicion-en-yopal-va-saliendo-del-limbo-en-que-la-dejo-jhon-jairo-torres-ayer-se-firmo-compraventa-de-dos-de-los-predios-donde-se-cimento\/#breadcrumb","itemListElement":[{"@type":"ListItem","position":1,"name":"Portada","item":"https:\/\/marthacifuentes.com\/portada\/"},{"@type":"ListItem","position":2,"name":"La Bendici\u00f3n en Yopal&#8230; va saliendo del limbo en que la dej\u00f3 Jhon Jairo Torres. Ayer se firm\u00f3 compraventa de dos de los predios donde se ciment\u00f3"}]},{"@type":"WebSite","@id":"https:\/\/marthacifuentes.com\/portada\/#website","url":"https:\/\/marthacifuentes.com\/portada\/","name":"\u25b7 Noticias de Casanare : Martha Cifuentes | Casanare","description":"Noticias &amp; Contenidos","potentialAction":[{"@type":"SearchAction","target":{"@type":"EntryPoint","urlTemplate":"https:\/\/marthacifuentes.com\/portada\/?s={search_term_string}"},"query-input":{"@type":"PropertyValueSpecification","valueRequired":true,"valueName":"search_term_string"}}],"inLanguage":"es"},{"@type":"Person","@id":"https:\/\/marthacifuentes.com\/portada\/#\/schema\/person\/57f53174b991db5f90ff78d58502b714","name":"Martha Cifuentes","image":{"@type":"ImageObject","inLanguage":"es","@id":"https:\/\/marthacifuentes.com\/portada\/#\/schema\/person\/image\/","url":"http:\/\/marthacifuentes.com\/portada\/wp-content\/uploads\/2018\/06\/avatar_user_2_1528838701-96x96.jpg","contentUrl":"http:\/\/marthacifuentes.com\/portada\/wp-content\/uploads\/2018\/06\/avatar_user_2_1528838701-96x96.jpg","caption":"Martha Cifuentes"},"sameAs":["http:\/\/www.marthacifuentes.com"],"url":"https:\/\/marthacifuentes.com\/portada\/author\/martha\/"}]}},"_links":{"self":[{"href":"https:\/\/marthacifuentes.com\/portada\/wp-json\/wp\/v2\/posts\/27707","targetHints":{"allow":["GET"]}}],"collection":[{"href":"https:\/\/marthacifuentes.com\/portada\/wp-json\/wp\/v2\/posts"}],"about":[{"href":"https:\/\/marthacifuentes.com\/portada\/wp-json\/wp\/v2\/types\/post"}],"author":[{"embeddable":true,"href":"https:\/\/marthacifuentes.com\/portada\/wp-json\/wp\/v2\/users\/2"}],"replies":[{"embeddable":true,"href":"https:\/\/marthacifuentes.com\/portada\/wp-json\/wp\/v2\/comments?post=27707"}],"version-history":[{"count":1,"href":"https:\/\/marthacifuentes.com\/portada\/wp-json\/wp\/v2\/posts\/27707\/revisions"}],"predecessor-version":[{"id":27710,"href":"https:\/\/marthacifuentes.com\/portada\/wp-json\/wp\/v2\/posts\/27707\/revisions\/27710"}],"wp:featuredmedia":[{"embeddable":true,"href":"https:\/\/marthacifuentes.com\/portada\/wp-json\/wp\/v2\/media\/27708"}],"wp:attachment":[{"href":"https:\/\/marthacifuentes.com\/portada\/wp-json\/wp\/v2\/media?parent=27707"}],"wp:term":[{"taxonomy":"category","embeddable":true,"href":"https:\/\/marthacifuentes.com\/portada\/wp-json\/wp\/v2\/categories?post=27707"},{"taxonomy":"post_tag","embeddable":true,"href":"https:\/\/marthacifuentes.com\/portada\/wp-json\/wp\/v2\/tags?post=27707"}],"curies":[{"name":"wp","href":"https:\/\/api.w.org\/{rel}","templated":true}]}}