{"id":27711,"date":"2021-12-07T08:08:36","date_gmt":"2021-12-07T13:08:36","guid":{"rendered":"https:\/\/marthacifuentes.com\/portada\/?p=27711"},"modified":"2021-12-07T08:23:36","modified_gmt":"2021-12-07T13:23:36","slug":"corporinoquia-trata-de-retomar-el-rumbo-fijado-cronograma-de-eleccion-nuevo-director","status":"publish","type":"post","link":"https:\/\/marthacifuentes.com\/portada\/corporinoquia-trata-de-retomar-el-rumbo-fijado-cronograma-de-eleccion-nuevo-director\/","title":{"rendered":"Corporinoquia trata de retomar el rumbo&#8230; Fijado cronograma de elecci\u00f3n nuevo director"},"content":{"rendered":"<p style=\"text-align: justify;\">Ayer se dio a conocer el cronograma para la elecci\u00f3n del nuevo director de Corporinoquia que deber\u00e1 culminar el periodo institucional faltante de 2020 a 2023, tras dos a\u00f1os de interinidad en el cargo. Se estableci\u00f3 que los pr\u00f3ximos lunes 13 y martes 14 de diciembre se deber\u00e1n presentar las hojas de vida con soportes para los nuevos aspirantes, directamente en la sede de Corporinoquia y en forma personal o a trav\u00e9s de una persona autorizada o apoderado para tales efectos.<\/p>\n<p style=\"text-align: justify;\">Para los inscritos en el fallido proceso anterior de elecci\u00f3n del 30 de octubre de 2019, los postulantes deber\u00e1n allegar la manifestaci\u00f3n de inter\u00e9s de continuar con el proceso. Todo lo anterior debe radicarse en la sede de Corporinoquia en forma f\u00edsica, donde se depositar\u00e1n las hojas de vida en una urna establecida para tal fin.<\/p>\n<p><img loading=\"lazy\" decoding=\"async\" class=\"alignnone size-full wp-image-27715 aligncenter\" src=\"https:\/\/marthacifuentes.com\/portada\/wp-content\/uploads\/2021\/12\/cronograma-eleccion-director-corporinoquia.png\" alt=\"\" width=\"548\" height=\"581\" srcset=\"https:\/\/marthacifuentes.com\/portada\/wp-content\/uploads\/2021\/12\/cronograma-eleccion-director-corporinoquia.png 548w, https:\/\/marthacifuentes.com\/portada\/wp-content\/uploads\/2021\/12\/cronograma-eleccion-director-corporinoquia-283x300.png 283w\" sizes=\"auto, (max-width: 548px) 100vw, 548px\" \/><\/p>\n<p style=\"text-align: justify;\">Los requisitos exigidos para ocupar el cargo son contar con t\u00edtulo profesional universitario, t\u00edtulo de formaci\u00f3n avanzada de posgrado o 3 a\u00f1os de experiencia profesional; tambi\u00e9n se estableci\u00f3 que se debe tener experiencia profesional de 4 a\u00f1os adicionales, de los cuales uno debe en actividades relacionadas con el medio ambiente y los recursos naturales renovables o haber desempe\u00f1ado el cargo de director general de una CAR. Finalmente se exige la tarjeta profesional en los casos reglados por la ley.<\/p>\n<p style=\"text-align: justify;\">Dentro de la experiencia relacionada\u00a0 con el medio ambiente se contempla la planeaci\u00f3n, administraci\u00f3n, control y seguimiento de los recursos naturales renovable y del medio ambiente, la formulaci\u00f3n, evaluaci\u00f3n y ejecuci\u00f3n de pol\u00edticas, planes, programas y proyectos ambientales y en saneamiento ambiental; consultor\u00eda y\/o asesor\u00eda en proyectos y estudios ambientales; formulaci\u00f3n, evaluaci\u00f3n y\/o aplicaci\u00f3n de la legislaci\u00f3n y reglamentaci\u00f3n ambiental; desarrollo de investigaciones aplicadas al ambiente y los recursos naturales renovables, docencia ambiental en una instituci\u00f3n de educaci\u00f3n formal superior y planeaci\u00f3n ambiental del territorio.<\/p>\n<p><img loading=\"lazy\" decoding=\"async\" class=\"alignnone size-full wp-image-27716 aligncenter\" src=\"https:\/\/marthacifuentes.com\/portada\/wp-content\/uploads\/2021\/12\/requisitos-candidatos-director-corporinoquia.png\" alt=\"\" width=\"642\" height=\"451\" srcset=\"https:\/\/marthacifuentes.com\/portada\/wp-content\/uploads\/2021\/12\/requisitos-candidatos-director-corporinoquia.png 642w, https:\/\/marthacifuentes.com\/portada\/wp-content\/uploads\/2021\/12\/requisitos-candidatos-director-corporinoquia-300x211.png 300w\" sizes=\"auto, (max-width: 642px) 100vw, 642px\" \/><\/p>\n<p style=\"text-align: justify;\">Entre el mi\u00e9rcoles 15 y lunes 20 de diciembre la Comisi\u00f3n de Verificaci\u00f3n del Consejo Directivo, verificar\u00e1 el cumplimiento de requisitos m\u00ednimos y habilitantes de los aspirantes al cargo. Igualmente, en sesi\u00f3n extraordinaria del Consejo Directivo del mi\u00e9rcoles 22 de diciembre se aprobar\u00e1 la lista preliminar de candidatos elegibles, la cual ser\u00e1 publicada ese mismo d\u00eda.<\/p>\n<p style=\"text-align: justify;\">Si se presentan reclamaciones estas se analizar\u00e1n por parte del Consejo Directivo entre el 27 y 28 de diciembre. Un d\u00eda despu\u00e9s, el 29 de diciembre se publicar\u00e1 la lista de elegibles definitiva y el 30 de diciembre el Consejo Directivo realizar\u00e1 la elecci\u00f3n a las 8 de la ma\u00f1ana.<\/p>\n<p style=\"text-align: justify;\">Extraoficialmente se conoce que en esta convocatoria la elegida directora y nunca posesionada Doris Bernal, candidata apoyada por el exgobernador Alirio Barrera, volver\u00e1 a postularse, teniendo mucha opci\u00f3n de volver a ser elegida, considerando que en la Gobernaci\u00f3n est\u00e1 el ingeniero Salom\u00f3n Sanabria y como secretario privado, \u00c1lvaro Mari\u00f1o, quien funge como presidente del Consejo Directivo de la entidad.<\/p>\n<p style=\"text-align: justify;\">El nuevo director de Corporinoquia tendr\u00e1 que establecer su plan de acci\u00f3n y presupuesto con 3.255 millones de pesos menos para 2022, considerando que este monto fue el aprobado para vigencias futuras del a\u00f1o entrante.<\/p>\n<h3><strong>Otras noticias&#8230;<\/strong><\/h3>\n<blockquote class=\"wp-embedded-content\" data-secret=\"fwOBsZdHuJ\"><p><a href=\"https:\/\/marthacifuentes.com\/portada\/2021\/12\/07\/la-bendicion-en-yopal-va-saliendo-del-limbo-en-que-la-dejo-jhon-jairo-torres-ayer-se-firmo-compraventa-de-dos-de-los-predios-donde-se-cimento\/\">La Bendici\u00f3n en Yopal&#8230; va saliendo del limbo en que la dej\u00f3 Jhon Jairo Torres. Ayer se firm\u00f3 compraventa de dos de los predios donde se ciment\u00f3<\/a><\/p><\/blockquote>\n<p><iframe loading=\"lazy\" class=\"wp-embedded-content\" sandbox=\"allow-scripts\" security=\"restricted\" style=\"position: absolute; clip: rect(1px, 1px, 1px, 1px);\" title=\"\u00abLa Bendici\u00f3n en Yopal&#8230; va saliendo del limbo en que la dej\u00f3 Jhon Jairo Torres. Ayer se firm\u00f3 compraventa de dos de los predios donde se ciment\u00f3\u00bb \u2014 \u25b7 Noticias de Casanare : Martha Cifuentes | Casanare\" src=\"https:\/\/marthacifuentes.com\/portada\/2021\/12\/07\/la-bendicion-en-yopal-va-saliendo-del-limbo-en-que-la-dejo-jhon-jairo-torres-ayer-se-firmo-compraventa-de-dos-de-los-predios-donde-se-cimento\/embed\/#?secret=TLKUmVXLoy#?secret=fwOBsZdHuJ\" data-secret=\"fwOBsZdHuJ\" width=\"500\" height=\"282\" frameborder=\"0\" marginwidth=\"0\" marginheight=\"0\" scrolling=\"no\"><\/iframe><\/p>\n<p><iframe loading=\"lazy\" class=\"wp-embedded-content\" title=\"\u00ab\u201cLos queremos encontrar, vivos o muertos, para lograr la paz\u201d: V\u00edctimas de desaparici\u00f3n forzada durante Festival de la Verdad en Yopal\u00bb \u2014 \u25b7 Noticias de Casanare : Martha Cifuentes | Casanare\" src=\"https:\/\/marthacifuentes.com\/portada\/2021\/12\/06\/los-queremos-encontrar-vivos-o-muertos-para-lograr-la-paz-victimas-de-desaparicion-forzada-durante-festival-de-la-verdad-en-yopal\/embed\/#?secret=6nmnybawgq\" width=\"600\" height=\"627\" frameborder=\"0\" marginwidth=\"0\" marginheight=\"0\" scrolling=\"no\" sandbox=\"allow-scripts\" data-secret=\"6nmnybawgq\" data-mce-fragment=\"1\"><\/iframe><\/p>\n<p><iframe loading=\"lazy\" class=\"wp-embedded-content\" title=\"\u00abJ\u00f3venes en Casanare y Colombia reacios a votar en elecci\u00f3n de Consejos de Juventudes\u00bb \u2014 \u25b7 Noticias de Casanare : Martha Cifuentes | Casanare\" src=\"https:\/\/marthacifuentes.com\/portada\/2021\/12\/06\/jovenes-en-casanare-y-colombia-reacios-a-votar-en-eleccion-de-consejos-de-juventudes\/embed\/#?secret=makuSgkCmN\" width=\"600\" height=\"620\" frameborder=\"0\" marginwidth=\"0\" marginheight=\"0\" scrolling=\"no\" sandbox=\"allow-scripts\" data-secret=\"makuSgkCmN\" data-mce-fragment=\"1\"><\/iframe><\/p>\n<div class=\"entry-content entry clearfix\">\n<p><iframe loading=\"lazy\" class=\"wp-embedded-content\" title=\"\u00abMoci\u00f3n de censura aprobada contra secretaria de gobierno de Aguazul se enredar\u00eda por cuenta de las recusaciones. Procuradur\u00eda interviene en el tema.\u00bb \u2014 \u25b7 Noticias de Casanare : Martha Cifuentes | Casanare\" src=\"https:\/\/marthacifuentes.com\/portada\/2021\/12\/03\/mocion-de-censura-aprobada-contra-secretaria-de-gobierno-de-aguazul-se-enredaria-por-cuenta-de-las-recusaciones-procuraduria-interviene-en-el-tema\/embed\/#?secret=FDlCXH47Bc\" width=\"600\" height=\"648\" frameborder=\"0\" marginwidth=\"0\" marginheight=\"0\" scrolling=\"no\" sandbox=\"allow-scripts\" data-secret=\"FDlCXH47Bc\" data-mce-fragment=\"1\"><\/iframe><\/p>\n<p><iframe loading=\"lazy\" class=\"wp-embedded-content\" title=\"\u00abDesaparici\u00f3n forzada en Casanare, Meta y Guaviare, era una pol\u00edtica estatal de macro criminalidad de las fuerzas armadas: Colectivo Sociojur\u00eddico Orlando Fals Borda\u00bb \u2014 \u25b7 Noticias de Casanare : Martha Cifuentes | Casanare\" src=\"https:\/\/marthacifuentes.com\/portada\/2021\/12\/03\/desaparicion-forzada-en-casanare-meta-y-guaviare-era-una-politica-estatal-de-macro-criminalidad-de-las-fuerzas-armadas-colectivo-sociojuridico-orlando-fals-borda\/embed\/#?secret=4g4Ggvv6KD\" width=\"600\" height=\"650\" frameborder=\"0\" marginwidth=\"0\" marginheight=\"0\" scrolling=\"no\" sandbox=\"allow-scripts\" data-secret=\"4g4Ggvv6KD\" data-mce-fragment=\"1\"><\/iframe><\/p>\n<p><iframe loading=\"lazy\" class=\"wp-embedded-content\" title=\"\u00abAdmitida demanda de nulidad electoral contra elecci\u00f3n de mesa directiva del Concejo de Yopal para 2022, encabezada por Jes\u00fas Alberto Vega\u00bb \u2014 \u25b7 Noticias de Casanare : Martha Cifuentes | Casanare\" src=\"https:\/\/marthacifuentes.com\/portada\/2021\/12\/02\/admitida-demanda-de-nulidad-electoral-contra-eleccion-de-mesa-directiva-del-concejo-de-yopal-para-2022-encabezada-por-jesus-alberto-vega\/embed\/#?secret=ZeSVe22qAd\" width=\"600\" height=\"648\" frameborder=\"0\" marginwidth=\"0\" marginheight=\"0\" scrolling=\"no\" sandbox=\"allow-scripts\" data-secret=\"ZeSVe22qAd\" data-mce-fragment=\"1\"><\/iframe><\/p>\n<p><iframe loading=\"lazy\" class=\"wp-embedded-content\" title=\"\u00abHoy segundo d\u00eda de festival cultural e innovaci\u00f3n Joropofest 2021 en Yopal\u00bb \u2014 \u25b7 Noticias de Casanare : Martha Cifuentes | Casanare\" src=\"https:\/\/marthacifuentes.com\/portada\/2021\/12\/02\/hoy-segundo-dia-de-festival-cultural-e-innovacion-joropofest-2021-en-yopal\/embed\/#?secret=sn6QU8nyHV\" width=\"600\" height=\"620\" frameborder=\"0\" marginwidth=\"0\" marginheight=\"0\" scrolling=\"no\" sandbox=\"allow-scripts\" data-secret=\"sn6QU8nyHV\" data-mce-fragment=\"1\"><\/iframe><\/p>\n<p><iframe loading=\"lazy\" class=\"wp-embedded-content\" title=\"\u00ab10 a\u00f1os de prisi\u00f3n para exconcejal de Paz de Ariporo por ser informante de las disidencias de las Farc\u00bb \u2014 \u25b7 Noticias de Casanare : Martha Cifuentes | Casanare\" src=\"https:\/\/marthacifuentes.com\/portada\/2021\/12\/02\/10-anos-de-prision-para-exconcejal-de-paz-de-ariporo-por-ser-informante-de-las-disidencias-de-las-farc\/embed\/#?secret=olxlOqpkgs\" width=\"600\" height=\"584\" frameborder=\"0\" marginwidth=\"0\" marginheight=\"0\" scrolling=\"no\" sandbox=\"allow-scripts\" data-secret=\"olxlOqpkgs\" data-mce-fragment=\"1\"><\/iframe><\/p>\n<p><iframe loading=\"lazy\" class=\"wp-embedded-content\" title=\"\u00abSigue en aumento suicidio en Casanare. Otra v\u00edctima en Pore\u00bb \u2014 \u25b7 Noticias de Casanare : Martha Cifuentes | Casanare\" src=\"https:\/\/marthacifuentes.com\/portada\/2021\/12\/01\/sigue-en-aumento-suicidio-en-casanare-otra-victima-en-pore\/embed\/#?secret=rXae3Xddrk\" width=\"600\" height=\"620\" frameborder=\"0\" marginwidth=\"0\" marginheight=\"0\" scrolling=\"no\" sandbox=\"allow-scripts\" data-secret=\"rXae3Xddrk\" data-mce-fragment=\"1\"><\/iframe><\/p>\n<p><iframe loading=\"lazy\" class=\"wp-embedded-content\" title=\"\u00abDenuncian a alcalde de Man\u00ed, secretaria de gobierno y comandante de polic\u00eda de Aguazul por inacci\u00f3n frente a bloqueo de volqueteros de Aguazul en octubre\u00bb \u2014 \u25b7 Noticias de Casanare : Martha Cifuentes | Casanare\" src=\"https:\/\/marthacifuentes.com\/portada\/2021\/12\/01\/denuncian-a-alcalde-de-mani-secretaria-de-gobierno-y-comandante-de-policia-de-aguazul-por-inaccion-frente-a-bloqueo-de-volqueteros-de-aguazul-en-octubre\/embed\/#?secret=UZz7E4his2\" width=\"600\" height=\"648\" frameborder=\"0\" marginwidth=\"0\" marginheight=\"0\" scrolling=\"no\" sandbox=\"allow-scripts\" data-secret=\"UZz7E4his2\" data-mce-fragment=\"1\"><\/iframe><\/p>\n<p><iframe loading=\"lazy\" class=\"wp-embedded-content\" title=\"\u00abJuzgado de Yopal requiere a Inv\u00edas soluciones a crisis de v\u00eda del Cusiana\u00bb \u2014 \u25b7 Noticias de Casanare : Martha Cifuentes | Casanare\" src=\"https:\/\/marthacifuentes.com\/portada\/2021\/12\/01\/juzgado-de-yopal-requiere-a-invias-soluciones-a-crisis-de-via-del-cusiana\/embed\/#?secret=JLPZfhv2Zw\" width=\"600\" height=\"620\" frameborder=\"0\" marginwidth=\"0\" marginheight=\"0\" scrolling=\"no\" sandbox=\"allow-scripts\" data-secret=\"JLPZfhv2Zw\" data-mce-fragment=\"1\"><\/iframe><\/p>\n<p><iframe loading=\"lazy\" class=\"wp-embedded-content\" title=\"\u00abHalladas 3 fosas clandestinas que contendr\u00edan 6 desaparecidos en Tauramena\u00bb \u2014 \u25b7 Noticias de Casanare : Martha Cifuentes | Casanare\" src=\"https:\/\/marthacifuentes.com\/portada\/2021\/11\/30\/halladas-3-fosas-clandestinas-que-contendrian-6-desaparecidos-en-tauramena\/embed\/#?secret=Lbgb6BMePY\" width=\"600\" height=\"620\" frameborder=\"0\" marginwidth=\"0\" marginheight=\"0\" scrolling=\"no\" sandbox=\"allow-scripts\" data-secret=\"Lbgb6BMePY\" data-mce-fragment=\"1\"><\/iframe><\/p>\n<p><iframe loading=\"lazy\" class=\"wp-embedded-content\" title=\"\u00abGobierno asign\u00f3 10 mil millones a Casanare para pago de atenci\u00f3n de urgencias a venezolanos\u00bb \u2014 \u25b7 Noticias de Casanare : Martha Cifuentes | Casanare\" src=\"https:\/\/marthacifuentes.com\/portada\/2021\/11\/30\/gobierno-asigno-10-mil-millones-a-casanare-para-pago-de-atencion-de-urgencias-a-venezolanos\/embed\/#?secret=uMP36j9Ta0\" width=\"600\" height=\"599\" frameborder=\"0\" marginwidth=\"0\" marginheight=\"0\" scrolling=\"no\" sandbox=\"allow-scripts\" data-secret=\"uMP36j9Ta0\" data-mce-fragment=\"1\"><\/iframe><\/p>\n<p><iframe loading=\"lazy\" class=\"wp-embedded-content\" title=\"\u00abYopale\u00f1os se salvaron de pagar mayor impuesto predial. Mayor\u00eda de concejales negaron exenci\u00f3n de impredial para Unitr\u00f3pico\u00bb \u2014 \u25b7 Noticias de Casanare : Martha Cifuentes | Casanare\" src=\"https:\/\/marthacifuentes.com\/portada\/2021\/11\/30\/yopalenos-se-salvaron-de-pagar-mayor-impuesto-predial-mayoria-de-concejales-negaron-exencion-de-impredial-para-unitropico\/embed\/#?secret=og8HERQwcG\" width=\"600\" height=\"648\" frameborder=\"0\" marginwidth=\"0\" marginheight=\"0\" scrolling=\"no\" sandbox=\"allow-scripts\" data-secret=\"og8HERQwcG\" data-mce-fragment=\"1\"><\/iframe><\/p>\n<p><iframe loading=\"lazy\" class=\"wp-embedded-content\" title=\"\u00abAumento de suicidios y problemas de salud mental en Yopal motiva simulacro para ver reacci\u00f3n institucional este 1 de diciembre\u00bb \u2014 \u25b7 Noticias de Casanare : Martha Cifuentes | Casanare\" src=\"https:\/\/marthacifuentes.com\/portada\/2021\/11\/30\/aumento-de-suicidios-y-problemas-de-salud-mental-en-yopal-motiva-simulacro-para-ver-reaccion-institucional-este-1-de-diciembre\/embed\/#?secret=kWV24t3LJK\" width=\"600\" height=\"627\" frameborder=\"0\" marginwidth=\"0\" marginheight=\"0\" scrolling=\"no\" sandbox=\"allow-scripts\" data-secret=\"kWV24t3LJK\" data-mce-fragment=\"1\"><\/iframe><\/p>\n<p><iframe loading=\"lazy\" class=\"wp-embedded-content\" title=\"\u00abNuevo contralor de Casanare, Cipriano Castro, con amplia experiencia en control fiscal, recibir\u00e1 el cargo de su esposa, actual contralora\u00bb \u2014 \u25b7 Noticias de Casanare : Martha Cifuentes | Casanare\" src=\"https:\/\/marthacifuentes.com\/portada\/2021\/11\/30\/nuevo-contralor-de-casanare-cipriano-castro-con-amplia-experiencia-en-control-fiscal-recibira-el-cargo-de-su-esposa-actual-contralora\/embed\/#?secret=yiDixMlH9C\" width=\"600\" height=\"648\" frameborder=\"0\" marginwidth=\"0\" marginheight=\"0\" scrolling=\"no\" sandbox=\"allow-scripts\" data-secret=\"yiDixMlH9C\" data-mce-fragment=\"1\"><\/iframe><\/p>\n<p><iframe loading=\"lazy\" class=\"wp-embedded-content\" title=\"\u00abTras 3 d\u00edas de protesta que mantuvieron paradas obras en v\u00eda Aguazul-Sogamoso, hoy se reactivaron labores\u00bb \u2014 \u25b7 Noticias de Casanare : Martha Cifuentes | Casanare\" src=\"https:\/\/marthacifuentes.com\/portada\/2021\/11\/29\/tras-3-dias-de-protesta-que-mantuvieron-paradas-obras-en-via-aguazul-sogamoso-hoy-se-reactivaron-labores\/embed\/#?secret=q93Sc4ogPt\" width=\"600\" height=\"599\" frameborder=\"0\" marginwidth=\"0\" marginheight=\"0\" scrolling=\"no\" sandbox=\"allow-scripts\" data-secret=\"q93Sc4ogPt\" data-mce-fragment=\"1\"><\/iframe><\/p>\n<\/div>\n<p>&nbsp;<\/p>\n<p>&nbsp;<\/p>\n","protected":false},"excerpt":{"rendered":"<p>Ayer se dio a conocer el cronograma para la elecci\u00f3n del nuevo director de Corporinoquia que deber\u00e1 culminar el periodo institucional faltante de 2020 a 2023, tras dos a\u00f1os de interinidad en el cargo. Se estableci\u00f3 que los pr\u00f3ximos lunes 13 y martes 14 de diciembre se deber\u00e1n presentar las hojas de vida con soportes &hellip;<\/p>\n","protected":false},"author":2,"featured_media":27714,"comment_status":"open","ping_status":"open","sticky":false,"template":"","format":"standard","meta":{"om_disable_all_campaigns":false,"_exactmetrics_skip_tracking":false,"_exactmetrics_sitenote_active":false,"_exactmetrics_sitenote_note":"","_exactmetrics_sitenote_category":0,"_monsterinsights_skip_tracking":false,"_monsterinsights_sitenote_active":false,"_monsterinsights_sitenote_note":"","_monsterinsights_sitenote_category":0,"_uf_show_specific_survey":0,"_uf_disable_surveys":false,"_joinchat":[],"footnotes":""},"categories":[147,146,145],"tags":[154,1373,6193,6194,1400,1374,157,1376],"class_list":["post-27711","post","type-post","status-publish","format-standard","has-post-thumbnail","hentry","category-actualidad","category-noticias","category-reportajes","tag-casanare","tag-casanare-noticias","tag-corporinoquia-eleccion-director-2022-2023","tag-cronograma-eleccion-director-corporinoquia","tag-noticias-casanare","tag-noticias-de-yopal","tag-yopal","tag-yopal-noticias"],"yoast_head":"<!-- This site is optimized with the Yoast SEO plugin v26.1 - https:\/\/yoast.com\/wordpress\/plugins\/seo\/ -->\n<title>Corporinoquia trata de retomar el rumbo... Fijado cronograma de elecci\u00f3n nuevo director - \u25b7 Noticias de Casanare : Martha Cifuentes | Casanare<\/title>\n<meta name=\"robots\" content=\"index, follow, max-snippet:-1, max-image-preview:large, max-video-preview:-1\" \/>\n<link rel=\"canonical\" href=\"https:\/\/marthacifuentes.com\/portada\/corporinoquia-trata-de-retomar-el-rumbo-fijado-cronograma-de-eleccion-nuevo-director\/\" \/>\n<meta property=\"og:locale\" content=\"es_ES\" \/>\n<meta property=\"og:type\" content=\"article\" \/>\n<meta property=\"og:title\" content=\"Corporinoquia trata de retomar el rumbo... Fijado cronograma de elecci\u00f3n nuevo director - \u25b7 Noticias de Casanare : Martha Cifuentes | Casanare\" \/>\n<meta property=\"og:description\" content=\"Ayer se dio a conocer el cronograma para la elecci\u00f3n del nuevo director de Corporinoquia que deber\u00e1 culminar el periodo institucional faltante de 2020 a 2023, tras dos a\u00f1os de interinidad en el cargo. Se estableci\u00f3 que los pr\u00f3ximos lunes 13 y martes 14 de diciembre se deber\u00e1n presentar las hojas de vida con soportes &hellip;\" \/>\n<meta property=\"og:url\" content=\"https:\/\/marthacifuentes.com\/portada\/corporinoquia-trata-de-retomar-el-rumbo-fijado-cronograma-de-eleccion-nuevo-director\/\" \/>\n<meta property=\"og:site_name\" content=\"\u25b7 Noticias de Casanare : Martha Cifuentes | Casanare\" \/>\n<meta property=\"article:published_time\" content=\"2021-12-07T13:08:36+00:00\" \/>\n<meta property=\"article:modified_time\" content=\"2021-12-07T13:23:36+00:00\" \/>\n<meta property=\"og:image\" content=\"https:\/\/marthacifuentes.com\/portada\/wp-content\/uploads\/2021\/12\/WhatsApp-Image-2021-10-29-at-10.25.45-AM-3.jpeg\" \/>\n\t<meta property=\"og:image:width\" content=\"1599\" \/>\n\t<meta property=\"og:image:height\" content=\"1200\" \/>\n\t<meta property=\"og:image:type\" content=\"image\/jpeg\" \/>\n<meta name=\"author\" content=\"Martha Cifuentes\" \/>\n<meta name=\"twitter:card\" content=\"summary_large_image\" \/>\n<meta name=\"twitter:label1\" content=\"Escrito por\" \/>\n\t<meta name=\"twitter:data1\" content=\"Martha Cifuentes\" \/>\n\t<meta name=\"twitter:label2\" content=\"Tiempo de lectura\" \/>\n\t<meta name=\"twitter:data2\" content=\"3 minutos\" \/>\n<script type=\"application\/ld+json\" class=\"yoast-schema-graph\">{\"@context\":\"https:\/\/schema.org\",\"@graph\":[{\"@type\":\"WebPage\",\"@id\":\"https:\/\/marthacifuentes.com\/portada\/corporinoquia-trata-de-retomar-el-rumbo-fijado-cronograma-de-eleccion-nuevo-director\/\",\"url\":\"https:\/\/marthacifuentes.com\/portada\/corporinoquia-trata-de-retomar-el-rumbo-fijado-cronograma-de-eleccion-nuevo-director\/\",\"name\":\"Corporinoquia trata de retomar el rumbo... Fijado cronograma de elecci\u00f3n nuevo director - \u25b7 Noticias de Casanare : Martha Cifuentes | Casanare\",\"isPartOf\":{\"@id\":\"https:\/\/marthacifuentes.com\/portada\/#website\"},\"primaryImageOfPage\":{\"@id\":\"https:\/\/marthacifuentes.com\/portada\/corporinoquia-trata-de-retomar-el-rumbo-fijado-cronograma-de-eleccion-nuevo-director\/#primaryimage\"},\"image\":{\"@id\":\"https:\/\/marthacifuentes.com\/portada\/corporinoquia-trata-de-retomar-el-rumbo-fijado-cronograma-de-eleccion-nuevo-director\/#primaryimage\"},\"thumbnailUrl\":\"https:\/\/marthacifuentes.com\/portada\/wp-content\/uploads\/2021\/12\/WhatsApp-Image-2021-10-29-at-10.25.45-AM-3.jpeg\",\"datePublished\":\"2021-12-07T13:08:36+00:00\",\"dateModified\":\"2021-12-07T13:23:36+00:00\",\"author\":{\"@id\":\"https:\/\/marthacifuentes.com\/portada\/#\/schema\/person\/57f53174b991db5f90ff78d58502b714\"},\"breadcrumb\":{\"@id\":\"https:\/\/marthacifuentes.com\/portada\/corporinoquia-trata-de-retomar-el-rumbo-fijado-cronograma-de-eleccion-nuevo-director\/#breadcrumb\"},\"inLanguage\":\"es\",\"potentialAction\":[{\"@type\":\"ReadAction\",\"target\":[\"https:\/\/marthacifuentes.com\/portada\/corporinoquia-trata-de-retomar-el-rumbo-fijado-cronograma-de-eleccion-nuevo-director\/\"]}]},{\"@type\":\"ImageObject\",\"inLanguage\":\"es\",\"@id\":\"https:\/\/marthacifuentes.com\/portada\/corporinoquia-trata-de-retomar-el-rumbo-fijado-cronograma-de-eleccion-nuevo-director\/#primaryimage\",\"url\":\"https:\/\/marthacifuentes.com\/portada\/wp-content\/uploads\/2021\/12\/WhatsApp-Image-2021-10-29-at-10.25.45-AM-3.jpeg\",\"contentUrl\":\"https:\/\/marthacifuentes.com\/portada\/wp-content\/uploads\/2021\/12\/WhatsApp-Image-2021-10-29-at-10.25.45-AM-3.jpeg\",\"width\":1599,\"height\":1200},{\"@type\":\"BreadcrumbList\",\"@id\":\"https:\/\/marthacifuentes.com\/portada\/corporinoquia-trata-de-retomar-el-rumbo-fijado-cronograma-de-eleccion-nuevo-director\/#breadcrumb\",\"itemListElement\":[{\"@type\":\"ListItem\",\"position\":1,\"name\":\"Portada\",\"item\":\"https:\/\/marthacifuentes.com\/portada\/\"},{\"@type\":\"ListItem\",\"position\":2,\"name\":\"Corporinoquia trata de retomar el rumbo&#8230; Fijado cronograma de elecci\u00f3n nuevo director\"}]},{\"@type\":\"WebSite\",\"@id\":\"https:\/\/marthacifuentes.com\/portada\/#website\",\"url\":\"https:\/\/marthacifuentes.com\/portada\/\",\"name\":\"\u25b7 Noticias de Casanare : Martha Cifuentes | Casanare\",\"description\":\"Noticias &amp; Contenidos\",\"potentialAction\":[{\"@type\":\"SearchAction\",\"target\":{\"@type\":\"EntryPoint\",\"urlTemplate\":\"https:\/\/marthacifuentes.com\/portada\/?s={search_term_string}\"},\"query-input\":{\"@type\":\"PropertyValueSpecification\",\"valueRequired\":true,\"valueName\":\"search_term_string\"}}],\"inLanguage\":\"es\"},{\"@type\":\"Person\",\"@id\":\"https:\/\/marthacifuentes.com\/portada\/#\/schema\/person\/57f53174b991db5f90ff78d58502b714\",\"name\":\"Martha Cifuentes\",\"image\":{\"@type\":\"ImageObject\",\"inLanguage\":\"es\",\"@id\":\"https:\/\/marthacifuentes.com\/portada\/#\/schema\/person\/image\/\",\"url\":\"http:\/\/marthacifuentes.com\/portada\/wp-content\/uploads\/2018\/06\/avatar_user_2_1528838701-96x96.jpg\",\"contentUrl\":\"http:\/\/marthacifuentes.com\/portada\/wp-content\/uploads\/2018\/06\/avatar_user_2_1528838701-96x96.jpg\",\"caption\":\"Martha Cifuentes\"},\"sameAs\":[\"http:\/\/www.marthacifuentes.com\"],\"url\":\"https:\/\/marthacifuentes.com\/portada\/author\/martha\/\"}]}<\/script>\n<!-- \/ Yoast SEO plugin. -->","yoast_head_json":{"title":"Corporinoquia trata de retomar el rumbo... Fijado cronograma de elecci\u00f3n nuevo director - \u25b7 Noticias de Casanare : Martha Cifuentes | Casanare","robots":{"index":"index","follow":"follow","max-snippet":"max-snippet:-1","max-image-preview":"max-image-preview:large","max-video-preview":"max-video-preview:-1"},"canonical":"https:\/\/marthacifuentes.com\/portada\/corporinoquia-trata-de-retomar-el-rumbo-fijado-cronograma-de-eleccion-nuevo-director\/","og_locale":"es_ES","og_type":"article","og_title":"Corporinoquia trata de retomar el rumbo... Fijado cronograma de elecci\u00f3n nuevo director - \u25b7 Noticias de Casanare : Martha Cifuentes | Casanare","og_description":"Ayer se dio a conocer el cronograma para la elecci\u00f3n del nuevo director de Corporinoquia que deber\u00e1 culminar el periodo institucional faltante de 2020 a 2023, tras dos a\u00f1os de interinidad en el cargo. Se estableci\u00f3 que los pr\u00f3ximos lunes 13 y martes 14 de diciembre se deber\u00e1n presentar las hojas de vida con soportes &hellip;","og_url":"https:\/\/marthacifuentes.com\/portada\/corporinoquia-trata-de-retomar-el-rumbo-fijado-cronograma-de-eleccion-nuevo-director\/","og_site_name":"\u25b7 Noticias de Casanare : Martha Cifuentes | Casanare","article_published_time":"2021-12-07T13:08:36+00:00","article_modified_time":"2021-12-07T13:23:36+00:00","og_image":[{"width":1599,"height":1200,"url":"https:\/\/marthacifuentes.com\/portada\/wp-content\/uploads\/2021\/12\/WhatsApp-Image-2021-10-29-at-10.25.45-AM-3.jpeg","type":"image\/jpeg"}],"author":"Martha Cifuentes","twitter_card":"summary_large_image","twitter_misc":{"Escrito por":"Martha Cifuentes","Tiempo de lectura":"3 minutos"},"schema":{"@context":"https:\/\/schema.org","@graph":[{"@type":"WebPage","@id":"https:\/\/marthacifuentes.com\/portada\/corporinoquia-trata-de-retomar-el-rumbo-fijado-cronograma-de-eleccion-nuevo-director\/","url":"https:\/\/marthacifuentes.com\/portada\/corporinoquia-trata-de-retomar-el-rumbo-fijado-cronograma-de-eleccion-nuevo-director\/","name":"Corporinoquia trata de retomar el rumbo... Fijado cronograma de elecci\u00f3n nuevo director - \u25b7 Noticias de Casanare : Martha Cifuentes | Casanare","isPartOf":{"@id":"https:\/\/marthacifuentes.com\/portada\/#website"},"primaryImageOfPage":{"@id":"https:\/\/marthacifuentes.com\/portada\/corporinoquia-trata-de-retomar-el-rumbo-fijado-cronograma-de-eleccion-nuevo-director\/#primaryimage"},"image":{"@id":"https:\/\/marthacifuentes.com\/portada\/corporinoquia-trata-de-retomar-el-rumbo-fijado-cronograma-de-eleccion-nuevo-director\/#primaryimage"},"thumbnailUrl":"https:\/\/marthacifuentes.com\/portada\/wp-content\/uploads\/2021\/12\/WhatsApp-Image-2021-10-29-at-10.25.45-AM-3.jpeg","datePublished":"2021-12-07T13:08:36+00:00","dateModified":"2021-12-07T13:23:36+00:00","author":{"@id":"https:\/\/marthacifuentes.com\/portada\/#\/schema\/person\/57f53174b991db5f90ff78d58502b714"},"breadcrumb":{"@id":"https:\/\/marthacifuentes.com\/portada\/corporinoquia-trata-de-retomar-el-rumbo-fijado-cronograma-de-eleccion-nuevo-director\/#breadcrumb"},"inLanguage":"es","potentialAction":[{"@type":"ReadAction","target":["https:\/\/marthacifuentes.com\/portada\/corporinoquia-trata-de-retomar-el-rumbo-fijado-cronograma-de-eleccion-nuevo-director\/"]}]},{"@type":"ImageObject","inLanguage":"es","@id":"https:\/\/marthacifuentes.com\/portada\/corporinoquia-trata-de-retomar-el-rumbo-fijado-cronograma-de-eleccion-nuevo-director\/#primaryimage","url":"https:\/\/marthacifuentes.com\/portada\/wp-content\/uploads\/2021\/12\/WhatsApp-Image-2021-10-29-at-10.25.45-AM-3.jpeg","contentUrl":"https:\/\/marthacifuentes.com\/portada\/wp-content\/uploads\/2021\/12\/WhatsApp-Image-2021-10-29-at-10.25.45-AM-3.jpeg","width":1599,"height":1200},{"@type":"BreadcrumbList","@id":"https:\/\/marthacifuentes.com\/portada\/corporinoquia-trata-de-retomar-el-rumbo-fijado-cronograma-de-eleccion-nuevo-director\/#breadcrumb","itemListElement":[{"@type":"ListItem","position":1,"name":"Portada","item":"https:\/\/marthacifuentes.com\/portada\/"},{"@type":"ListItem","position":2,"name":"Corporinoquia trata de retomar el rumbo&#8230; Fijado cronograma de elecci\u00f3n nuevo director"}]},{"@type":"WebSite","@id":"https:\/\/marthacifuentes.com\/portada\/#website","url":"https:\/\/marthacifuentes.com\/portada\/","name":"\u25b7 Noticias de Casanare : Martha Cifuentes | Casanare","description":"Noticias &amp; Contenidos","potentialAction":[{"@type":"SearchAction","target":{"@type":"EntryPoint","urlTemplate":"https:\/\/marthacifuentes.com\/portada\/?s={search_term_string}"},"query-input":{"@type":"PropertyValueSpecification","valueRequired":true,"valueName":"search_term_string"}}],"inLanguage":"es"},{"@type":"Person","@id":"https:\/\/marthacifuentes.com\/portada\/#\/schema\/person\/57f53174b991db5f90ff78d58502b714","name":"Martha Cifuentes","image":{"@type":"ImageObject","inLanguage":"es","@id":"https:\/\/marthacifuentes.com\/portada\/#\/schema\/person\/image\/","url":"http:\/\/marthacifuentes.com\/portada\/wp-content\/uploads\/2018\/06\/avatar_user_2_1528838701-96x96.jpg","contentUrl":"http:\/\/marthacifuentes.com\/portada\/wp-content\/uploads\/2018\/06\/avatar_user_2_1528838701-96x96.jpg","caption":"Martha Cifuentes"},"sameAs":["http:\/\/www.marthacifuentes.com"],"url":"https:\/\/marthacifuentes.com\/portada\/author\/martha\/"}]}},"_links":{"self":[{"href":"https:\/\/marthacifuentes.com\/portada\/wp-json\/wp\/v2\/posts\/27711","targetHints":{"allow":["GET"]}}],"collection":[{"href":"https:\/\/marthacifuentes.com\/portada\/wp-json\/wp\/v2\/posts"}],"about":[{"href":"https:\/\/marthacifuentes.com\/portada\/wp-json\/wp\/v2\/types\/post"}],"author":[{"embeddable":true,"href":"https:\/\/marthacifuentes.com\/portada\/wp-json\/wp\/v2\/users\/2"}],"replies":[{"embeddable":true,"href":"https:\/\/marthacifuentes.com\/portada\/wp-json\/wp\/v2\/comments?post=27711"}],"version-history":[{"count":2,"href":"https:\/\/marthacifuentes.com\/portada\/wp-json\/wp\/v2\/posts\/27711\/revisions"}],"predecessor-version":[{"id":27717,"href":"https:\/\/marthacifuentes.com\/portada\/wp-json\/wp\/v2\/posts\/27711\/revisions\/27717"}],"wp:featuredmedia":[{"embeddable":true,"href":"https:\/\/marthacifuentes.com\/portada\/wp-json\/wp\/v2\/media\/27714"}],"wp:attachment":[{"href":"https:\/\/marthacifuentes.com\/portada\/wp-json\/wp\/v2\/media?parent=27711"}],"wp:term":[{"taxonomy":"category","embeddable":true,"href":"https:\/\/marthacifuentes.com\/portada\/wp-json\/wp\/v2\/categories?post=27711"},{"taxonomy":"post_tag","embeddable":true,"href":"https:\/\/marthacifuentes.com\/portada\/wp-json\/wp\/v2\/tags?post=27711"}],"curies":[{"name":"wp","href":"https:\/\/api.w.org\/{rel}","templated":true}]}}