{"id":27845,"date":"2021-12-16T15:06:46","date_gmt":"2021-12-16T20:06:46","guid":{"rendered":"https:\/\/marthacifuentes.com\/portada\/?p=27845"},"modified":"2021-12-16T15:06:46","modified_gmt":"2021-12-16T20:06:46","slug":"sin-agua-al-menos-70-barrios-de-yopal-todo-el-fin-de-semana-desde-manana-habra-plan-de-contingencia","status":"publish","type":"post","link":"https:\/\/marthacifuentes.com\/portada\/sin-agua-al-menos-70-barrios-de-yopal-todo-el-fin-de-semana-desde-manana-habra-plan-de-contingencia\/","title":{"rendered":"Sin agua al menos 70 barrios de Yopal, todo el fin de semana desde ma\u00f1ana. Habr\u00e1 plan de contingencia"},"content":{"rendered":"<p style=\"text-align: justify;\"><strong>En pleno verano y con altas temperaturas Yopal est\u00e1 avocada a corte del servicio de agua este fin de semana. Se anunci\u00f3 suspensi\u00f3n desde ma\u00f1ana viernes 17 de diciembre del suministro de agua desde el sistema alterno de tratamiento de agua potable ubicado en la vereda La Vega, por un lapso de 60 horas, con el fin de realizar obras de conexi\u00f3n del bypass de las l\u00edneas de conducci\u00f3n de 16 y 36 pulgadas, para la puesta en funcionamiento de la Planta de Tratamiento de Agua Potable definitiva.<\/strong><\/p>\n<p style=\"text-align: justify;\">Esto implicar\u00e1 que el 30% de los barrios de Yopal se quedar\u00e1n sin el servicio de agua, entre la carrera 7 oeste y carrera 30 desde la calle 4 hasta calle 30. Durante este tiempo, se realizar\u00e1 un suministro parcial de agua desde el Sistema Alterno de Tratamiento; sin embargo, no ser\u00e1 suficiente para mantener la normalidad en la prestaci\u00f3n del servicio las 24 horas.<\/p>\n<p style=\"text-align: justify;\">De igual forma funcionar\u00e1n las pilas p\u00fablicas ubicadas en el Estadio y el pozo Braulio Campestre durante las 24 Horas y se establecer\u00e1 un suministro de agua en horas de 07:00 a.m. a 5:00 p.m. por medio de carrotanques en puntos centrales, para que puedan recolectar agua en sus recipientes. Usuarios deben almacenar y consumir el agua eficientemente hasta que se concluyan los trabajos en el Sistema de Tratamiento.<\/p>\n<p style=\"text-align: justify;\"><strong>Barrios afectados:<\/strong><\/p>\n<p>San Mart\u00edn, Centro, Bello Horizonte, Los Helechos, El Libertador, La Pradera, Juan Pablo, Albor\u00e1n, Valle de los Guarataros, Senderos de Aragua, Luis Hern\u00e1ndez Vargas, Villas del Prado, Covisedca, Seduca, Urbanizaci\u00f3n Altos de la Guacava, Santa Helena, San Pedro, 26 de mayo, Los Pinos, Villa del Roc\u00edo, El Gavan, Bicentenario, La Amistad, Los Helechos, Juan Pablo, Dalel Var\u00f3n, El Brosquero, Villa del Sol, La Esperanza y Primero de Mayo, La Corocora, La Campi\u00f1a, Las Palmeras, Para\u00edso, Santander, Araguaney, Los \u00c1lamos, La Unidad, Villa del Docente, Urbanizaci\u00f3n Comfaboy, San Jorge 2, Casiquiare, Provivienda, urbanizaci\u00f3n El Recuerdo, La Floresta, Los Andes, La Decisi\u00f3n, La Estrella, Bon H\u00e1bitat, El Hospital, Ocobos, Siete de Agosto, Bosques de Manare, Senderos de Manare, San Mateo, Nuevo H\u00e1bitat II, urbanizaci\u00f3n San Sebasti\u00e1n, urbanizaci\u00f3n San Andr\u00e9s, urbanizaci\u00f3n La Garant\u00eda, urbanizaci\u00f3n Canaguaros, urbanizaci\u00f3n El Ed\u00e9n, urbanizaci\u00f3n Gaviotas, urbanizaci\u00f3n El Prado, urbanizaci\u00f3n Casiquiare El Portal, urbanizaci\u00f3n El Garcero, Los Naranjos, urbanizaci\u00f3n Los Almendros, urbanizaci\u00f3n Catalu\u00f1a, Ciudadela del Carmen, Altos del Cacique, La Primavera y El Nogal.<\/p>\n<h2><strong>Otras noticias\u2026<\/strong><\/h2>\n<blockquote class=\"wp-embedded-content\" data-secret=\"Qj3zonC0sm\"><p><a href=\"https:\/\/marthacifuentes.com\/portada\/2021\/12\/16\/por-grande-no-le-contratan-su-volqueta-en-obra-vial-paz-de-ariporo-montanas-del-totumo\/\">Por grande no le contratan su volqueta en obra vial Paz de Ariporo-Monta\u00f1as del Totumo.<\/a><\/p><\/blockquote>\n<p><iframe loading=\"lazy\" class=\"wp-embedded-content\" sandbox=\"allow-scripts\" security=\"restricted\" style=\"position: absolute; clip: rect(1px, 1px, 1px, 1px);\" title=\"\u00abPor grande no le contratan su volqueta en obra vial Paz de Ariporo-Monta\u00f1as del Totumo.\u00bb \u2014 \u25b7 Noticias de Casanare : Martha Cifuentes | Casanare\" src=\"https:\/\/marthacifuentes.com\/portada\/2021\/12\/16\/por-grande-no-le-contratan-su-volqueta-en-obra-vial-paz-de-ariporo-montanas-del-totumo\/embed\/#?secret=zgT7BCGLmu#?secret=Qj3zonC0sm\" data-secret=\"Qj3zonC0sm\" width=\"500\" height=\"282\" frameborder=\"0\" marginwidth=\"0\" marginheight=\"0\" scrolling=\"no\"><\/iframe><\/p>\n<blockquote class=\"wp-embedded-content\" data-secret=\"CJRwwODgIt\"><p><a href=\"https:\/\/marthacifuentes.com\/portada\/2021\/12\/16\/partido-alianza-verde-tambien-roto-en-casanare-lideres-se-reprochan-mutuamente-el-que-no-hubiera-lista-a-la-camara-de-representantes-zorro-se-defiende\/\">Partido Alianza Verde tambi\u00e9n roto en Casanare. L\u00edderes se reprochan mutuamente el que no hubiera lista a la C\u00e1mara de Representantes. Zorro se defiende<\/a><\/p><\/blockquote>\n<p><iframe loading=\"lazy\" class=\"wp-embedded-content\" sandbox=\"allow-scripts\" security=\"restricted\" style=\"position: absolute; clip: rect(1px, 1px, 1px, 1px);\" title=\"\u00abPartido Alianza Verde tambi\u00e9n roto en Casanare. L\u00edderes se reprochan mutuamente el que no hubiera lista a la C\u00e1mara de Representantes. Zorro se defiende\u00bb \u2014 \u25b7 Noticias de Casanare : Martha Cifuentes | Casanare\" src=\"https:\/\/marthacifuentes.com\/portada\/2021\/12\/16\/partido-alianza-verde-tambien-roto-en-casanare-lideres-se-reprochan-mutuamente-el-que-no-hubiera-lista-a-la-camara-de-representantes-zorro-se-defiende\/embed\/#?secret=8ULQD44U9Z#?secret=CJRwwODgIt\" data-secret=\"CJRwwODgIt\" width=\"500\" height=\"282\" frameborder=\"0\" marginwidth=\"0\" marginheight=\"0\" scrolling=\"no\"><\/iframe><\/p>\n<p>&nbsp;<\/p>\n<p><iframe loading=\"lazy\" class=\"wp-embedded-content\" title=\"\u00abSenadora Amanda Gonz\u00e1lez recibe solidaridad y apoyo de diputados distintos a su partido, en Casanare\u00bb \u2014 \u25b7 Noticias de Casanare : Martha Cifuentes | Casanare\" src=\"https:\/\/marthacifuentes.com\/portada\/2021\/12\/15\/senadora-amanda-gonzalez-recibe-solidaridad-y-apoyo-de-diputados-distintos-a-su-partido-en-casanare\/embed\/#?secret=7A8g1QtPZj\" width=\"600\" height=\"647\" frameborder=\"0\" marginwidth=\"0\" marginheight=\"0\" scrolling=\"no\" sandbox=\"allow-scripts\" data-secret=\"7A8g1QtPZj\" data-mce-fragment=\"1\"><\/iframe><\/p>\n<p><iframe loading=\"lazy\" class=\"wp-embedded-content\" title=\"\u00abAbri\u00f3 sus puertas el Centro de Atenci\u00f3n en Rehabilitaci\u00f3n Integral CARI \u2013 Hipoterapia.\u00bb \u2014 \u25b7 Noticias de Casanare : Martha Cifuentes | Casanare\" src=\"https:\/\/marthacifuentes.com\/portada\/2021\/12\/15\/abrio-sus-puertas-el-centro-de-atencion-en-rehabilitacion-integral-cari-hipoterapia\/embed\/#?secret=2bCDXtfnJT\" width=\"600\" height=\"620\" frameborder=\"0\" marginwidth=\"0\" marginheight=\"0\" scrolling=\"no\" sandbox=\"allow-scripts\" data-secret=\"2bCDXtfnJT\" data-mce-fragment=\"1\"><\/iframe><\/p>\n<p><iframe loading=\"lazy\" class=\"wp-embedded-content\" title=\"\u00abYopal: 60% de poblaci\u00f3n vacunada contra Covid-19, con esquema completo.\u00bb \u2014 \u25b7 Noticias de Casanare : Martha Cifuentes | Casanare\" src=\"https:\/\/marthacifuentes.com\/portada\/2021\/12\/15\/yopal-60-de-poblacion-vacunada-contra-covid-19-con-esquema-completo\/embed\/#?secret=9IzzB1zCPe\" width=\"600\" height=\"599\" frameborder=\"0\" marginwidth=\"0\" marginheight=\"0\" scrolling=\"no\" sandbox=\"allow-scripts\" data-secret=\"9IzzB1zCPe\" data-mce-fragment=\"1\"><\/iframe><\/p>\n<p><iframe loading=\"lazy\" class=\"wp-embedded-content\" title=\"\u00abDoris Bernal vuelve a presentarse a elecci\u00f3n del cargo de director de Corporinoquia. Ser\u00eda la m\u00e1s opcionada.\u00bb \u2014 \u25b7 Noticias de Casanare : Martha Cifuentes | Casanare\" src=\"https:\/\/marthacifuentes.com\/portada\/2021\/12\/15\/doris-bernal-vuelve-a-presentarse-a-eleccion-del-cargo-de-director-de-corporinoquia-seria-la-mas-opcionada\/embed\/#?secret=J0HZPb0GIj\" width=\"600\" height=\"619\" frameborder=\"0\" marginwidth=\"0\" marginheight=\"0\" scrolling=\"no\" sandbox=\"allow-scripts\" data-secret=\"J0HZPb0GIj\" data-mce-fragment=\"1\"><\/iframe><\/p>\n<p><iframe loading=\"lazy\" class=\"wp-embedded-content\" title=\"\u00abAl menos 7 listas a la C\u00e1mara por Casanare, fueron inscritas ayer. Hay cuatro candidatos al Senado.\u00bb \u2014 \u25b7 Noticias de Casanare : Martha Cifuentes | Casanare\" src=\"https:\/\/marthacifuentes.com\/portada\/2021\/12\/14\/al-menos-7-listas-a-la-camara-por-casanare-fueron-inscritas-ayer-hay-dos-candidatos-al-senado\/embed\/#?secret=gFPV1C8ZGq\" width=\"600\" height=\"620\" frameborder=\"0\" marginwidth=\"0\" marginheight=\"0\" scrolling=\"no\" sandbox=\"allow-scripts\" data-secret=\"gFPV1C8ZGq\" data-mce-fragment=\"1\"><\/iframe><\/p>\n<p><iframe loading=\"lazy\" class=\"wp-embedded-content\" title=\"\u00abCay\u00f3 otro presunto ped\u00f3filo, responsable de actos sexuales con ni\u00f1a de 8 a\u00f1os, en Casanare.\u00bb \u2014 \u25b7 Noticias de Casanare : Martha Cifuentes | Casanare\" src=\"https:\/\/marthacifuentes.com\/portada\/2021\/12\/14\/cayo-otro-presunto-pedofilo-responsable-de-actos-sexuales-con-nina-de-8-anos-en-casanare\/embed\/#?secret=yptaCsrakm\" width=\"600\" height=\"619\" frameborder=\"0\" marginwidth=\"0\" marginheight=\"0\" scrolling=\"no\" sandbox=\"allow-scripts\" data-secret=\"yptaCsrakm\" data-mce-fragment=\"1\"><\/iframe><\/p>\n<p><iframe loading=\"lazy\" class=\"wp-embedded-content\" title=\"\u00abInician mesas de trabajo entre comunidad y contratista de la Ruta Los Libertadores. Se debe contratar mano de obra local\u00bb \u2014 \u25b7 Noticias de Casanare : Martha Cifuentes | Casanare\" src=\"https:\/\/marthacifuentes.com\/portada\/2021\/12\/14\/inician-mesas-de-trabajo-entre-comunidad-y-contratista-de-la-ruta-los-libertadores-se-debe-contratar-mano-de-obra-local\/embed\/#?secret=xB7QDnOFqr\" width=\"600\" height=\"648\" frameborder=\"0\" marginwidth=\"0\" marginheight=\"0\" scrolling=\"no\" sandbox=\"allow-scripts\" data-secret=\"xB7QDnOFqr\" data-mce-fragment=\"1\"><\/iframe><\/p>\n<p><iframe loading=\"lazy\" class=\"wp-embedded-content\" title=\"\u00abLiberada sic\u00f3loga secuestrada por disidencias de las Farc en Hato Corozal. Ingeniero sigue como reh\u00e9n. Disidencias confirman cobro de vacuna\u00bb \u2014 \u25b7 Noticias de Casanare : Martha Cifuentes | Casanare\" src=\"https:\/\/marthacifuentes.com\/portada\/2021\/12\/14\/liberada-sicologa-secuestrada-por-disidencias-de-las-farc-en-hato-corozal-ingeniero-sigue-como-rehen-disidencias-confirman-cobro-de-vacuna\/embed\/#?secret=0NoTLyrhLq\" width=\"600\" height=\"627\" frameborder=\"0\" marginwidth=\"0\" marginheight=\"0\" scrolling=\"no\" sandbox=\"allow-scripts\" data-secret=\"0NoTLyrhLq\" data-mce-fragment=\"1\"><\/iframe><\/p>\n<p><iframe loading=\"lazy\" class=\"wp-embedded-content\" title=\"\u00abC\u00f3mo fue el presunto secuestro de dos mujeres o un intento de robo de una camioneta, en Monterrey, Casanare.\u00bb \u2014 \u25b7 Noticias de Casanare : Martha Cifuentes | Casanare\" src=\"https:\/\/marthacifuentes.com\/portada\/2021\/12\/14\/como-fue-el-presunto-secuestro-de-dos-mujeres-o-un-intento-de-robo-de-una-camioneta-en-monterrey-casanare\/embed\/#?secret=vLgoDsDIaD\" width=\"600\" height=\"627\" frameborder=\"0\" marginwidth=\"0\" marginheight=\"0\" scrolling=\"no\" sandbox=\"allow-scripts\" data-secret=\"vLgoDsDIaD\" data-mce-fragment=\"1\"><\/iframe><\/p>\n<p><iframe loading=\"lazy\" class=\"wp-embedded-content\" title=\"\u00abDos mujeres secuestradas en Monterrey, Casanare. Una es l\u00edder comunal. Camioneta utilizada en plagio apareci\u00f3 en Yopal.\u00bb \u2014 \u25b7 Noticias de Casanare : Martha Cifuentes | Casanare\" src=\"https:\/\/marthacifuentes.com\/portada\/2021\/12\/13\/dos-mujeres-secuestradas-en-monterrey-casanare-una-es-lider-comunal-camioneta-utilizada-en-plagio-aparecio-en-yopal\/embed\/#?secret=DnSH3TLSMB\" width=\"600\" height=\"627\" frameborder=\"0\" marginwidth=\"0\" marginheight=\"0\" scrolling=\"no\" sandbox=\"allow-scripts\" data-secret=\"DnSH3TLSMB\" data-mce-fragment=\"1\"><\/iframe><\/p>\n<p><iframe loading=\"lazy\" class=\"wp-embedded-content\" title=\"\u00abExconcejal Roland Wilchez candidato a la C\u00e1mara por Casanare con Cambio Radical\u00bb \u2014 \u25b7 Noticias de Casanare : Martha Cifuentes | Casanare\" src=\"https:\/\/marthacifuentes.com\/portada\/2021\/12\/13\/exconcejal-roland-wilchez-candidato-a-la-camara-por-casanare-con-cambio-radical\/embed\/#?secret=IXWbZIjmfU\" width=\"600\" height=\"610\" frameborder=\"0\" marginwidth=\"0\" marginheight=\"0\" scrolling=\"no\" sandbox=\"allow-scripts\" data-secret=\"IXWbZIjmfU\" data-mce-fragment=\"1\"><\/iframe><\/p>\n<p><iframe loading=\"lazy\" class=\"wp-embedded-content\" title=\"\u00abUribe le neg\u00f3 aval a senadora Amanda Gonz\u00e1lez, para ser candidata al Senado. Alirio Barrera se qued\u00f3 con el aval y la habr\u00eda excluido\u00bb \u2014 \u25b7 Noticias de Casanare : Martha Cifuentes | Casanare\" src=\"https:\/\/marthacifuentes.com\/portada\/2021\/12\/13\/uribe-le-nego-aval-a-senadora-amanda-gonzalez-para-ser-candidata-al-senado-alirio-barrera-se-quedo-con-el-aval-y-la-habria-excluido\/embed\/#?secret=V1ishzwhPa\" width=\"600\" height=\"648\" frameborder=\"0\" marginwidth=\"0\" marginheight=\"0\" scrolling=\"no\" sandbox=\"allow-scripts\" data-secret=\"V1ishzwhPa\" data-mce-fragment=\"1\"><\/iframe><\/p>\n<p><iframe loading=\"lazy\" class=\"wp-embedded-content\" title=\"\u00abAlcaldesa de Aguazul Johana Moreno cuestion\u00f3 al Concejo por no estudiar el POT por estar ocupado en moci\u00f3n de censura contra su secretaria de gobierno\u00bb \u2014 \u25b7 Noticias de Casanare : Martha Cifuentes | Casanare\" src=\"https:\/\/marthacifuentes.com\/portada\/2021\/12\/12\/alcaldesa-de-aguazul-johana-moreno-cuestiono-al-concejo-por-no-estudiar-el-pot-por-estar-ocupado-en-mocion-de-censura-contra-su-secretaria-de-gobierno\/embed\/#?secret=5pHqXFCdwr\" width=\"600\" height=\"633\" frameborder=\"0\" marginwidth=\"0\" marginheight=\"0\" scrolling=\"no\" sandbox=\"allow-scripts\" data-secret=\"5pHqXFCdwr\" data-mce-fragment=\"1\"><\/iframe><\/p>\n<p><iframe loading=\"lazy\" class=\"wp-embedded-content\" title=\"\u00abSecuestrados por las disidencias de las Farc, dos trabajadores, de empresa ejecutora de contrato de la Ruta de Los Libertadores, en Boyac\u00e1 y Casanare\u00bb \u2014 \u25b7 Noticias de Casanare : Martha Cifuentes | Casanare\" src=\"https:\/\/marthacifuentes.com\/portada\/2021\/12\/11\/secuestrados-por-las-disidencias-de-las-farc-dos-trabajadores-de-empresa-ejecutora-de-contrato-de-la-ruta-de-los-libertadores-en-boyaca-y-casanare\/embed\/#?secret=rE7FyMOEyQ\" width=\"600\" height=\"647\" frameborder=\"0\" marginwidth=\"0\" marginheight=\"0\" scrolling=\"no\" sandbox=\"allow-scripts\" data-secret=\"rE7FyMOEyQ\" data-mce-fragment=\"1\"><\/iframe><\/p>\n<p><iframe loading=\"lazy\" class=\"wp-embedded-content\" title=\"\u00abUna ni\u00f1a de 12 a\u00f1os ven\u00eda siendo violada por su abuelastro en Yopal. Juez lo env\u00edo a la c\u00e1rcel.\u00bb \u2014 \u25b7 Noticias de Casanare : Martha Cifuentes | Casanare\" src=\"https:\/\/marthacifuentes.com\/portada\/2021\/12\/11\/una-nina-de-12-anos-venia-siendo-violada-por-su-abuelastro-en-yopal-juez-lo-envio-a-la-carcel\/embed\/#?secret=VJ5lZwcj4z\" width=\"600\" height=\"594\" frameborder=\"0\" marginwidth=\"0\" marginheight=\"0\" scrolling=\"no\" sandbox=\"allow-scripts\" data-secret=\"VJ5lZwcj4z\" data-mce-fragment=\"1\"><\/iframe><\/p>\n<p><iframe loading=\"lazy\" class=\"wp-embedded-content\" title=\"\u00abMotociclista qued\u00f3 destrozado y su moto quemada en accidente con cami\u00f3n en v\u00eda Pore \u2013 Paz de Ariporo\u00bb \u2014 \u25b7 Noticias de Casanare : Martha Cifuentes | Casanare\" src=\"https:\/\/marthacifuentes.com\/portada\/2021\/12\/11\/motociclista-quedo-destrozado-y-su-moto-quemada-en-accidente-con-camion-en-via-pore-paz-de-ariporo\/embed\/#?secret=SMVEydnRCv\" width=\"600\" height=\"589\" frameborder=\"0\" marginwidth=\"0\" marginheight=\"0\" scrolling=\"no\" sandbox=\"allow-scripts\" data-secret=\"SMVEydnRCv\" data-mce-fragment=\"1\"><\/iframe><\/p>\n<p><iframe loading=\"lazy\" class=\"wp-embedded-content\" title=\"\u00abMam\u00e1 y t\u00eda de ni\u00f1a de 11 a\u00f1os, violada en Tauramena, habr\u00edan consentido abuso sexual. Depredador a la c\u00e1rcel.\u00bb \u2014 \u25b7 Noticias de Casanare : Martha Cifuentes | Casanare\" src=\"https:\/\/marthacifuentes.com\/portada\/2021\/12\/11\/mama-y-tia-de-nina-de-11-anos-violada-en-tauramena-habrian-consentido-abuso-sexual-depredador-a-la-carcel\/embed\/#?secret=iOxUh2wwQz\" width=\"600\" height=\"626\" frameborder=\"0\" marginwidth=\"0\" marginheight=\"0\" scrolling=\"no\" sandbox=\"allow-scripts\" data-secret=\"iOxUh2wwQz\" data-mce-fragment=\"1\"><\/iframe><\/p>\n<p><iframe loading=\"lazy\" class=\"wp-embedded-content\" title=\"\u00abArroceros de Casanare reacios a sembrar por bajos precios, costosos insumos y TLC nocivos. Fedearroz pesimista.\u00bb \u2014 \u25b7 Noticias de Casanare : Martha Cifuentes | Casanare\" src=\"https:\/\/marthacifuentes.com\/portada\/2021\/12\/10\/arroceros-de-casanare-reacios-a-sembrar-por-bajos-precios-costosos-insumos-y-tlc-nocivos-fedearroz-pesimista\/embed\/#?secret=mlSjDDSt52\" width=\"600\" height=\"648\" frameborder=\"0\" marginwidth=\"0\" marginheight=\"0\" scrolling=\"no\" sandbox=\"allow-scripts\" data-secret=\"mlSjDDSt52\" data-mce-fragment=\"1\"><\/iframe><\/p>\n","protected":false},"excerpt":{"rendered":"<p>En pleno verano y con altas temperaturas Yopal est\u00e1 avocada a corte del servicio de agua este fin de semana. Se anunci\u00f3 suspensi\u00f3n desde ma\u00f1ana viernes 17 de diciembre del suministro de agua desde el sistema alterno de tratamiento de agua potable ubicado en la vereda La Vega, por un lapso de 60 horas, con &hellip;<\/p>\n","protected":false},"author":2,"featured_media":27851,"comment_status":"open","ping_status":"open","sticky":false,"template":"","format":"standard","meta":{"om_disable_all_campaigns":false,"_exactmetrics_skip_tracking":false,"_exactmetrics_sitenote_active":false,"_exactmetrics_sitenote_note":"","_exactmetrics_sitenote_category":0,"_monsterinsights_skip_tracking":false,"_uf_show_specific_survey":0,"_uf_disable_surveys":false,"_joinchat":[],"footnotes":""},"categories":[147,146,145],"tags":[6301,6287,6293,6338,3323,2975,1524,6320,2524,2963,6290,6337,3318,6304,6305,6303,6321,6291,2977,2972,1404,6307,6318,6306,6319,6317,6292,6339,6311,589,6308,6310,2961,2968,6334,2970,6296,1400,6324,6322,6309,6288,6315,6314,3338,3394,6300,6299,967,3319,6295,2525,6289,6323,6298,6328,6332,6336,6313,6329,6333,6331,6316,6330,6327,6335,6326,6325,6294,6312,6302,2976,6297,1376,1484],"class_list":["post-27845","post","type-post","status-publish","format-standard","has-post-thumbnail","hentry","category-actualidad","category-noticias","category-reportajes","tag-26-de-mayo","tag-70-barrios-sin-agua-en-yopal","tag-alboran","tag-altos-del-cacique","tag-araguaney","tag-bello-horizonte","tag-bicentenario","tag-bon-habitat","tag-bosques-de-manare","tag-casiquiare","tag-centro","tag-ciudadela-del-carmen","tag-covisedca","tag-dalel-varon","tag-el-brosquero","tag-el-gavan","tag-el-hospital","tag-el-libertador","tag-juan-pablo","tag-la-amistad","tag-la-campina","tag-la-corocora","tag-la-decision","tag-la-esperanza-y-primero-de-mayo","tag-la-estrella","tag-la-floresta","tag-la-pradera","tag-la-primavera-y-el-nogal","tag-la-unidad","tag-la-vega","tag-las-palmeras","tag-los-alamos","tag-los-andes","tag-los-helechos","tag-los-naranjos","tag-los-pinos","tag-luis-hernandez-vargas","tag-noticias-casanare","tag-nuevo-habitat-ii","tag-ocobos","tag-paraiso","tag-plan-de-contingencia-para-ello","tag-provivienda","tag-san-jorge-2","tag-san-martin","tag-san-mateo","tag-san-pedro","tag-santa-helena","tag-santander","tag-seduca","tag-senderos-de-aragua","tag-senderos-de-manare","tag-servicio-de-agua-suspendido","tag-siete-de-agosto","tag-urbanizacion-altos-de-la-guacava","tag-urbanizacion-canaguaros","tag-urbanizacion-casiquiare-el-portal","tag-urbanizacion-cataluna","tag-urbanizacion-comfaboy","tag-urbanizacion-el-eden","tag-urbanizacion-el-garcero","tag-urbanizacion-el-prado","tag-urbanizacion-el-recuerdo","tag-urbanizacion-gaviotas","tag-urbanizacion-la-garantia","tag-urbanizacion-los-almendros","tag-urbanizacion-san-andres","tag-urbanizacion-san-sebastian","tag-valle-de-los-guarataros","tag-villa-del-docente","tag-villa-del-rocio","tag-villa-del-sol","tag-villas-del-prado","tag-yopal-noticias","tag-yopal-sin-agua"],"yoast_head":"<!-- This site is optimized with the Yoast SEO plugin v26.1 - https:\/\/yoast.com\/wordpress\/plugins\/seo\/ -->\n<title>Sin agua al menos 70 barrios de Yopal, todo el fin de semana desde ma\u00f1ana. Habr\u00e1 plan de contingencia - \u25b7 Noticias de Casanare : Martha Cifuentes | Casanare<\/title>\n<meta name=\"robots\" content=\"index, follow, max-snippet:-1, max-image-preview:large, max-video-preview:-1\" \/>\n<link rel=\"canonical\" href=\"https:\/\/marthacifuentes.com\/portada\/sin-agua-al-menos-70-barrios-de-yopal-todo-el-fin-de-semana-desde-manana-habra-plan-de-contingencia\/\" \/>\n<meta property=\"og:locale\" content=\"es_ES\" \/>\n<meta property=\"og:type\" content=\"article\" \/>\n<meta property=\"og:title\" content=\"Sin agua al menos 70 barrios de Yopal, todo el fin de semana desde ma\u00f1ana. Habr\u00e1 plan de contingencia - \u25b7 Noticias de Casanare : Martha Cifuentes | Casanare\" \/>\n<meta property=\"og:description\" content=\"En pleno verano y con altas temperaturas Yopal est\u00e1 avocada a corte del servicio de agua este fin de semana. Se anunci\u00f3 suspensi\u00f3n desde ma\u00f1ana viernes 17 de diciembre del suministro de agua desde el sistema alterno de tratamiento de agua potable ubicado en la vereda La Vega, por un lapso de 60 horas, con &hellip;\" \/>\n<meta property=\"og:url\" content=\"https:\/\/marthacifuentes.com\/portada\/sin-agua-al-menos-70-barrios-de-yopal-todo-el-fin-de-semana-desde-manana-habra-plan-de-contingencia\/\" \/>\n<meta property=\"og:site_name\" content=\"\u25b7 Noticias de Casanare : Martha Cifuentes | Casanare\" \/>\n<meta property=\"article:published_time\" content=\"2021-12-16T20:06:46+00:00\" \/>\n<meta property=\"og:image\" content=\"https:\/\/marthacifuentes.com\/portada\/wp-content\/uploads\/2021\/12\/WhatsApp-Image-2021-12-16-at-2.52.06-PM.jpeg\" \/>\n\t<meta property=\"og:image:width\" content=\"794\" \/>\n\t<meta property=\"og:image:height\" content=\"445\" \/>\n\t<meta property=\"og:image:type\" content=\"image\/jpeg\" \/>\n<meta name=\"author\" content=\"Martha Cifuentes\" \/>\n<meta name=\"twitter:card\" content=\"summary_large_image\" \/>\n<meta name=\"twitter:label1\" content=\"Escrito por\" \/>\n\t<meta name=\"twitter:data1\" content=\"Martha Cifuentes\" \/>\n\t<meta name=\"twitter:label2\" content=\"Tiempo de lectura\" \/>\n\t<meta name=\"twitter:data2\" content=\"2 minutos\" \/>\n<script type=\"application\/ld+json\" class=\"yoast-schema-graph\">{\"@context\":\"https:\/\/schema.org\",\"@graph\":[{\"@type\":\"WebPage\",\"@id\":\"https:\/\/marthacifuentes.com\/portada\/sin-agua-al-menos-70-barrios-de-yopal-todo-el-fin-de-semana-desde-manana-habra-plan-de-contingencia\/\",\"url\":\"https:\/\/marthacifuentes.com\/portada\/sin-agua-al-menos-70-barrios-de-yopal-todo-el-fin-de-semana-desde-manana-habra-plan-de-contingencia\/\",\"name\":\"Sin agua al menos 70 barrios de Yopal, todo el fin de semana desde ma\u00f1ana. Habr\u00e1 plan de contingencia - \u25b7 Noticias de Casanare : Martha Cifuentes | Casanare\",\"isPartOf\":{\"@id\":\"https:\/\/marthacifuentes.com\/portada\/#website\"},\"primaryImageOfPage\":{\"@id\":\"https:\/\/marthacifuentes.com\/portada\/sin-agua-al-menos-70-barrios-de-yopal-todo-el-fin-de-semana-desde-manana-habra-plan-de-contingencia\/#primaryimage\"},\"image\":{\"@id\":\"https:\/\/marthacifuentes.com\/portada\/sin-agua-al-menos-70-barrios-de-yopal-todo-el-fin-de-semana-desde-manana-habra-plan-de-contingencia\/#primaryimage\"},\"thumbnailUrl\":\"https:\/\/marthacifuentes.com\/portada\/wp-content\/uploads\/2021\/12\/WhatsApp-Image-2021-12-16-at-2.52.06-PM.jpeg\",\"datePublished\":\"2021-12-16T20:06:46+00:00\",\"author\":{\"@id\":\"https:\/\/marthacifuentes.com\/portada\/#\/schema\/person\/57f53174b991db5f90ff78d58502b714\"},\"breadcrumb\":{\"@id\":\"https:\/\/marthacifuentes.com\/portada\/sin-agua-al-menos-70-barrios-de-yopal-todo-el-fin-de-semana-desde-manana-habra-plan-de-contingencia\/#breadcrumb\"},\"inLanguage\":\"es\",\"potentialAction\":[{\"@type\":\"ReadAction\",\"target\":[\"https:\/\/marthacifuentes.com\/portada\/sin-agua-al-menos-70-barrios-de-yopal-todo-el-fin-de-semana-desde-manana-habra-plan-de-contingencia\/\"]}]},{\"@type\":\"ImageObject\",\"inLanguage\":\"es\",\"@id\":\"https:\/\/marthacifuentes.com\/portada\/sin-agua-al-menos-70-barrios-de-yopal-todo-el-fin-de-semana-desde-manana-habra-plan-de-contingencia\/#primaryimage\",\"url\":\"https:\/\/marthacifuentes.com\/portada\/wp-content\/uploads\/2021\/12\/WhatsApp-Image-2021-12-16-at-2.52.06-PM.jpeg\",\"contentUrl\":\"https:\/\/marthacifuentes.com\/portada\/wp-content\/uploads\/2021\/12\/WhatsApp-Image-2021-12-16-at-2.52.06-PM.jpeg\",\"width\":794,\"height\":445},{\"@type\":\"BreadcrumbList\",\"@id\":\"https:\/\/marthacifuentes.com\/portada\/sin-agua-al-menos-70-barrios-de-yopal-todo-el-fin-de-semana-desde-manana-habra-plan-de-contingencia\/#breadcrumb\",\"itemListElement\":[{\"@type\":\"ListItem\",\"position\":1,\"name\":\"Portada\",\"item\":\"https:\/\/marthacifuentes.com\/portada\/\"},{\"@type\":\"ListItem\",\"position\":2,\"name\":\"Sin agua al menos 70 barrios de Yopal, todo el fin de semana desde ma\u00f1ana. Habr\u00e1 plan de contingencia\"}]},{\"@type\":\"WebSite\",\"@id\":\"https:\/\/marthacifuentes.com\/portada\/#website\",\"url\":\"https:\/\/marthacifuentes.com\/portada\/\",\"name\":\"\u25b7 Noticias de Casanare : Martha Cifuentes | Casanare\",\"description\":\"Noticias &amp; Contenidos\",\"potentialAction\":[{\"@type\":\"SearchAction\",\"target\":{\"@type\":\"EntryPoint\",\"urlTemplate\":\"https:\/\/marthacifuentes.com\/portada\/?s={search_term_string}\"},\"query-input\":{\"@type\":\"PropertyValueSpecification\",\"valueRequired\":true,\"valueName\":\"search_term_string\"}}],\"inLanguage\":\"es\"},{\"@type\":\"Person\",\"@id\":\"https:\/\/marthacifuentes.com\/portada\/#\/schema\/person\/57f53174b991db5f90ff78d58502b714\",\"name\":\"Martha Cifuentes\",\"image\":{\"@type\":\"ImageObject\",\"inLanguage\":\"es\",\"@id\":\"https:\/\/marthacifuentes.com\/portada\/#\/schema\/person\/image\/\",\"url\":\"http:\/\/marthacifuentes.com\/portada\/wp-content\/uploads\/2018\/06\/avatar_user_2_1528838701-96x96.jpg\",\"contentUrl\":\"http:\/\/marthacifuentes.com\/portada\/wp-content\/uploads\/2018\/06\/avatar_user_2_1528838701-96x96.jpg\",\"caption\":\"Martha Cifuentes\"},\"sameAs\":[\"http:\/\/www.marthacifuentes.com\"],\"url\":\"https:\/\/marthacifuentes.com\/portada\/author\/martha\/\"}]}<\/script>\n<!-- \/ Yoast SEO plugin. -->","yoast_head_json":{"title":"Sin agua al menos 70 barrios de Yopal, todo el fin de semana desde ma\u00f1ana. Habr\u00e1 plan de contingencia - \u25b7 Noticias de Casanare : Martha Cifuentes | Casanare","robots":{"index":"index","follow":"follow","max-snippet":"max-snippet:-1","max-image-preview":"max-image-preview:large","max-video-preview":"max-video-preview:-1"},"canonical":"https:\/\/marthacifuentes.com\/portada\/sin-agua-al-menos-70-barrios-de-yopal-todo-el-fin-de-semana-desde-manana-habra-plan-de-contingencia\/","og_locale":"es_ES","og_type":"article","og_title":"Sin agua al menos 70 barrios de Yopal, todo el fin de semana desde ma\u00f1ana. Habr\u00e1 plan de contingencia - \u25b7 Noticias de Casanare : Martha Cifuentes | Casanare","og_description":"En pleno verano y con altas temperaturas Yopal est\u00e1 avocada a corte del servicio de agua este fin de semana. Se anunci\u00f3 suspensi\u00f3n desde ma\u00f1ana viernes 17 de diciembre del suministro de agua desde el sistema alterno de tratamiento de agua potable ubicado en la vereda La Vega, por un lapso de 60 horas, con &hellip;","og_url":"https:\/\/marthacifuentes.com\/portada\/sin-agua-al-menos-70-barrios-de-yopal-todo-el-fin-de-semana-desde-manana-habra-plan-de-contingencia\/","og_site_name":"\u25b7 Noticias de Casanare : Martha Cifuentes | Casanare","article_published_time":"2021-12-16T20:06:46+00:00","og_image":[{"width":794,"height":445,"url":"https:\/\/marthacifuentes.com\/portada\/wp-content\/uploads\/2021\/12\/WhatsApp-Image-2021-12-16-at-2.52.06-PM.jpeg","type":"image\/jpeg"}],"author":"Martha Cifuentes","twitter_card":"summary_large_image","twitter_misc":{"Escrito por":"Martha Cifuentes","Tiempo de lectura":"2 minutos"},"schema":{"@context":"https:\/\/schema.org","@graph":[{"@type":"WebPage","@id":"https:\/\/marthacifuentes.com\/portada\/sin-agua-al-menos-70-barrios-de-yopal-todo-el-fin-de-semana-desde-manana-habra-plan-de-contingencia\/","url":"https:\/\/marthacifuentes.com\/portada\/sin-agua-al-menos-70-barrios-de-yopal-todo-el-fin-de-semana-desde-manana-habra-plan-de-contingencia\/","name":"Sin agua al menos 70 barrios de Yopal, todo el fin de semana desde ma\u00f1ana. Habr\u00e1 plan de contingencia - \u25b7 Noticias de Casanare : Martha Cifuentes | Casanare","isPartOf":{"@id":"https:\/\/marthacifuentes.com\/portada\/#website"},"primaryImageOfPage":{"@id":"https:\/\/marthacifuentes.com\/portada\/sin-agua-al-menos-70-barrios-de-yopal-todo-el-fin-de-semana-desde-manana-habra-plan-de-contingencia\/#primaryimage"},"image":{"@id":"https:\/\/marthacifuentes.com\/portada\/sin-agua-al-menos-70-barrios-de-yopal-todo-el-fin-de-semana-desde-manana-habra-plan-de-contingencia\/#primaryimage"},"thumbnailUrl":"https:\/\/marthacifuentes.com\/portada\/wp-content\/uploads\/2021\/12\/WhatsApp-Image-2021-12-16-at-2.52.06-PM.jpeg","datePublished":"2021-12-16T20:06:46+00:00","author":{"@id":"https:\/\/marthacifuentes.com\/portada\/#\/schema\/person\/57f53174b991db5f90ff78d58502b714"},"breadcrumb":{"@id":"https:\/\/marthacifuentes.com\/portada\/sin-agua-al-menos-70-barrios-de-yopal-todo-el-fin-de-semana-desde-manana-habra-plan-de-contingencia\/#breadcrumb"},"inLanguage":"es","potentialAction":[{"@type":"ReadAction","target":["https:\/\/marthacifuentes.com\/portada\/sin-agua-al-menos-70-barrios-de-yopal-todo-el-fin-de-semana-desde-manana-habra-plan-de-contingencia\/"]}]},{"@type":"ImageObject","inLanguage":"es","@id":"https:\/\/marthacifuentes.com\/portada\/sin-agua-al-menos-70-barrios-de-yopal-todo-el-fin-de-semana-desde-manana-habra-plan-de-contingencia\/#primaryimage","url":"https:\/\/marthacifuentes.com\/portada\/wp-content\/uploads\/2021\/12\/WhatsApp-Image-2021-12-16-at-2.52.06-PM.jpeg","contentUrl":"https:\/\/marthacifuentes.com\/portada\/wp-content\/uploads\/2021\/12\/WhatsApp-Image-2021-12-16-at-2.52.06-PM.jpeg","width":794,"height":445},{"@type":"BreadcrumbList","@id":"https:\/\/marthacifuentes.com\/portada\/sin-agua-al-menos-70-barrios-de-yopal-todo-el-fin-de-semana-desde-manana-habra-plan-de-contingencia\/#breadcrumb","itemListElement":[{"@type":"ListItem","position":1,"name":"Portada","item":"https:\/\/marthacifuentes.com\/portada\/"},{"@type":"ListItem","position":2,"name":"Sin agua al menos 70 barrios de Yopal, todo el fin de semana desde ma\u00f1ana. Habr\u00e1 plan de contingencia"}]},{"@type":"WebSite","@id":"https:\/\/marthacifuentes.com\/portada\/#website","url":"https:\/\/marthacifuentes.com\/portada\/","name":"\u25b7 Noticias de Casanare : Martha Cifuentes | Casanare","description":"Noticias &amp; Contenidos","potentialAction":[{"@type":"SearchAction","target":{"@type":"EntryPoint","urlTemplate":"https:\/\/marthacifuentes.com\/portada\/?s={search_term_string}"},"query-input":{"@type":"PropertyValueSpecification","valueRequired":true,"valueName":"search_term_string"}}],"inLanguage":"es"},{"@type":"Person","@id":"https:\/\/marthacifuentes.com\/portada\/#\/schema\/person\/57f53174b991db5f90ff78d58502b714","name":"Martha Cifuentes","image":{"@type":"ImageObject","inLanguage":"es","@id":"https:\/\/marthacifuentes.com\/portada\/#\/schema\/person\/image\/","url":"http:\/\/marthacifuentes.com\/portada\/wp-content\/uploads\/2018\/06\/avatar_user_2_1528838701-96x96.jpg","contentUrl":"http:\/\/marthacifuentes.com\/portada\/wp-content\/uploads\/2018\/06\/avatar_user_2_1528838701-96x96.jpg","caption":"Martha Cifuentes"},"sameAs":["http:\/\/www.marthacifuentes.com"],"url":"https:\/\/marthacifuentes.com\/portada\/author\/martha\/"}]}},"_links":{"self":[{"href":"https:\/\/marthacifuentes.com\/portada\/wp-json\/wp\/v2\/posts\/27845","targetHints":{"allow":["GET"]}}],"collection":[{"href":"https:\/\/marthacifuentes.com\/portada\/wp-json\/wp\/v2\/posts"}],"about":[{"href":"https:\/\/marthacifuentes.com\/portada\/wp-json\/wp\/v2\/types\/post"}],"author":[{"embeddable":true,"href":"https:\/\/marthacifuentes.com\/portada\/wp-json\/wp\/v2\/users\/2"}],"replies":[{"embeddable":true,"href":"https:\/\/marthacifuentes.com\/portada\/wp-json\/wp\/v2\/comments?post=27845"}],"version-history":[{"count":1,"href":"https:\/\/marthacifuentes.com\/portada\/wp-json\/wp\/v2\/posts\/27845\/revisions"}],"predecessor-version":[{"id":27852,"href":"https:\/\/marthacifuentes.com\/portada\/wp-json\/wp\/v2\/posts\/27845\/revisions\/27852"}],"wp:featuredmedia":[{"embeddable":true,"href":"https:\/\/marthacifuentes.com\/portada\/wp-json\/wp\/v2\/media\/27851"}],"wp:attachment":[{"href":"https:\/\/marthacifuentes.com\/portada\/wp-json\/wp\/v2\/media?parent=27845"}],"wp:term":[{"taxonomy":"category","embeddable":true,"href":"https:\/\/marthacifuentes.com\/portada\/wp-json\/wp\/v2\/categories?post=27845"},{"taxonomy":"post_tag","embeddable":true,"href":"https:\/\/marthacifuentes.com\/portada\/wp-json\/wp\/v2\/tags?post=27845"}],"curies":[{"name":"wp","href":"https:\/\/api.w.org\/{rel}","templated":true}]}}