{"id":27885,"date":"2021-12-24T08:50:39","date_gmt":"2021-12-24T13:50:39","guid":{"rendered":"https:\/\/marthacifuentes.com\/portada\/?p=27885"},"modified":"2021-12-24T08:50:39","modified_gmt":"2021-12-24T13:50:39","slug":"milagrosamente-hombre-que-se-lanzo-del-5-piso-de-edificio-de-yopal-sobrevivio-aunque-esta-grave","status":"publish","type":"post","link":"https:\/\/marthacifuentes.com\/portada\/milagrosamente-hombre-que-se-lanzo-del-5-piso-de-edificio-de-yopal-sobrevivio-aunque-esta-grave\/","title":{"rendered":"Milagrosamente hombre que se lanz\u00f3 del 5\u00b0 piso de edificio de Yopal sobrevivi\u00f3 aunque est\u00e1 grave."},"content":{"rendered":"<p style=\"text-align: justify;\">Un hombre de 46 a\u00f1os se lanz\u00f3 desde un quinto piso de un conjunto residencial llamado Portal de Unicentro de Yopal, en un presunto intento por quitarse la vida, luego de haber sostenido una fuerte discusi\u00f3n con su compa\u00f1era sentimental, en hechos ocurridos hacia las 8 y 25 de la noche de este 23 de diciembre. Milagrosamente no falleci\u00f3 en el sitio y alcanz\u00f3 a ser llevado al Horo.<\/p>\n<p style=\"text-align: justify;\">Seg\u00fan lo que la polic\u00eda ha podido establecer, el hombre, proveniente de Paipa, Boyac\u00e1, estaba de visita a sus familiares y luego de compartir un rato de esparcimiento, se gener\u00f3 una discusi\u00f3n con su esposa y de un momento a otro, y tal vez envalentonado por el licor, se lanz\u00f3 por una ventana del apartamento, ubicado en la carrera 31 con 16, en cercan\u00edas del centro comercial Unicentro.<\/p>\n<p style=\"text-align: justify;\">Inicialmente la polic\u00eda lleg\u00f3 a atender el llamado de la ciudadan\u00eda que denunci\u00f3 una ri\u00f1a en una vivienda y lo que encontr\u00f3 fue al hombre tendido en la v\u00eda p\u00fablica, quien fue trasladado a un centro asistencial donde le diagnosticaron trauma cr\u00e1neo encef\u00e1lico severo, trauma abdominal, fractura de un brazo y una pierna, con pron\u00f3stico reservado.<\/p>\n<h2><strong>Otras noticias&#8230;<\/strong><\/h2>\n<blockquote class=\"wp-embedded-content\" data-secret=\"i7nhPSa7jB\"><p><a href=\"https:\/\/marthacifuentes.com\/portada\/2021\/12\/23\/polita-perez-fundadora-de-yopal-fallecio-en-bogota\/\">Polita P\u00e9rez, fundadora de Yopal, falleci\u00f3 en Bogot\u00e1<\/a><\/p><\/blockquote>\n<p><iframe loading=\"lazy\" class=\"wp-embedded-content\" sandbox=\"allow-scripts\" security=\"restricted\" style=\"position: absolute; clip: rect(1px, 1px, 1px, 1px);\" title=\"\u00abPolita P\u00e9rez, fundadora de Yopal, falleci\u00f3 en Bogot\u00e1\u00bb \u2014 \u25b7 Noticias de Casanare : Martha Cifuentes | Casanare\" src=\"https:\/\/marthacifuentes.com\/portada\/2021\/12\/23\/polita-perez-fundadora-de-yopal-fallecio-en-bogota\/embed\/#?secret=lLfuZYPZK5#?secret=i7nhPSa7jB\" data-secret=\"i7nhPSa7jB\" width=\"500\" height=\"282\" frameborder=\"0\" marginwidth=\"0\" marginheight=\"0\" scrolling=\"no\"><\/iframe><\/p>\n<p><iframe loading=\"lazy\" class=\"wp-embedded-content\" title=\"\u00abCarrera por el cargo de director de Corporinoquia avanza. De los casi 50 postulados ya solo quedan 35, preliminarmente.\u00bb \u2014 \u25b7 Noticias de Casanare : Martha Cifuentes | Casanare\" src=\"https:\/\/marthacifuentes.com\/portada\/2021\/12\/23\/carrera-por-el-cargo-de-director-de-corporinoquia-avanza-de-los-casi-50-postulados-ya-solo-quedan-35-preliminarmente\/embed\/#?secret=kL5747hZCa\" width=\"600\" height=\"641\" frameborder=\"0\" marginwidth=\"0\" marginheight=\"0\" scrolling=\"no\" sandbox=\"allow-scripts\" data-secret=\"kL5747hZCa\" data-mce-fragment=\"1\"><\/iframe><\/p>\n<p><iframe loading=\"lazy\" class=\"wp-embedded-content\" title=\"\u00abArranc\u00f3 carrera de 21 candidatos a elecciones a la C\u00e1mara por Casanare. Solo 2 ser\u00e1n elegidos.\u00bb \u2014 \u25b7 Noticias de Casanare : Martha Cifuentes | Casanare\" src=\"https:\/\/marthacifuentes.com\/portada\/2021\/12\/23\/arranco-carrera-de-21-candidatos-a-elecciones-a-la-camara-por-casanare-solo-2-seran-elegidos\/embed\/#?secret=XbRFeC8fbX\" width=\"600\" height=\"598\" frameborder=\"0\" marginwidth=\"0\" marginheight=\"0\" scrolling=\"no\" sandbox=\"allow-scripts\" data-secret=\"XbRFeC8fbX\" data-mce-fragment=\"1\"><\/iframe><\/p>\n<p><iframe loading=\"lazy\" class=\"wp-embedded-content\" title=\"\u00abEn Alcald\u00eda de Yopal, tumbe en cobros de licencias de construcci\u00f3n. $1.200 millones se dejaron de cobrar: Contralor\u00eda de Casanare\u00bb \u2014 \u25b7 Noticias de Casanare : Martha Cifuentes | Casanare\" src=\"https:\/\/marthacifuentes.com\/portada\/2021\/12\/23\/en-alcaldia-de-yopal-tumbe-en-cobros-de-licencias-de-construccion-1-200-millones-se-dejaron-de-cobrar-contraloria-de-casanare\/embed\/#?secret=GsrYgINo02\" width=\"600\" height=\"641\" frameborder=\"0\" marginwidth=\"0\" marginheight=\"0\" scrolling=\"no\" sandbox=\"allow-scripts\" data-secret=\"GsrYgINo02\" data-mce-fragment=\"1\"><\/iframe><\/p>\n<p><iframe loading=\"lazy\" class=\"wp-embedded-content\" title=\"\u00abCampa\u00f1as pol\u00edticas comienzan a se\u00f1alar posibles candidatos inhabilitados al Congreso en Casanare\u00bb \u2014 \u25b7 Noticias de Casanare : Martha Cifuentes | Casanare\" src=\"https:\/\/marthacifuentes.com\/portada\/2021\/12\/22\/campanas-politicas-comienzan-a-senalar-posibles-candidatos-inhabilitados-al-congreso-en-casanare\/embed\/#?secret=f33WeNaZJk\" width=\"600\" height=\"613\" frameborder=\"0\" marginwidth=\"0\" marginheight=\"0\" scrolling=\"no\" sandbox=\"allow-scripts\" data-secret=\"f33WeNaZJk\" data-mce-fragment=\"1\"><\/iframe><\/p>\n<p><iframe loading=\"lazy\" class=\"wp-embedded-content\" title=\"\u00abPlaza de Mercado de Paz de Ariporo se concluir\u00e1, luego de que se convirtiera en elefante blanco y Contralor\u00eda de Casanare interviniera\u00bb \u2014 \u25b7 Noticias de Casanare : Martha Cifuentes | Casanare\" src=\"https:\/\/marthacifuentes.com\/portada\/2021\/12\/21\/plaza-de-mercado-de-paz-de-ariporo-se-concluira-luego-de-que-se-convirtiera-en-elefante-blanco-y-contraloria-de-casanare-interviniera\/embed\/#?secret=bRNhQKuoxB\" width=\"600\" height=\"641\" frameborder=\"0\" marginwidth=\"0\" marginheight=\"0\" scrolling=\"no\" sandbox=\"allow-scripts\" data-secret=\"bRNhQKuoxB\" data-mce-fragment=\"1\"><\/iframe><\/p>\n<p><iframe loading=\"lazy\" class=\"wp-embedded-content\" title=\"\u00abAmanda Gonz\u00e1lez dice No estar inhabilitada por doble militancia, para aspirar al Senado. Abogados la contradicen.\u00bb \u2014 \u25b7 Noticias de Casanare : Martha Cifuentes | Casanare\" src=\"https:\/\/marthacifuentes.com\/portada\/2021\/12\/21\/amanda-gonzalez-dice-no-estar-inhabilitada-por-doble-militancia-para-aspirar-al-senado-abogados-la-contradicen\/embed\/#?secret=MfdJZc7FVX\" width=\"600\" height=\"641\" frameborder=\"0\" marginwidth=\"0\" marginheight=\"0\" scrolling=\"no\" sandbox=\"allow-scripts\" data-secret=\"MfdJZc7FVX\" data-mce-fragment=\"1\"><\/iframe><\/p>\n<p><iframe loading=\"lazy\" class=\"wp-embedded-content\" title=\"\u00abNotar\u00eda \u00danica de Aguazul involucrada en estafa de lotes de urbanizaci\u00f3n San Jer\u00f3nimo en Yopal\u00bb \u2014 \u25b7 Noticias de Casanare : Martha Cifuentes | Casanare\" src=\"https:\/\/marthacifuentes.com\/portada\/2021\/12\/21\/notaria-unica-de-aguazul-involucrada-en-estafa-de-lotes-de-urbanizacion-san-jeronimo-en-yopal\/embed\/#?secret=SkVPkf8NPQ\" width=\"600\" height=\"613\" frameborder=\"0\" marginwidth=\"0\" marginheight=\"0\" scrolling=\"no\" sandbox=\"allow-scripts\" data-secret=\"SkVPkf8NPQ\" data-mce-fragment=\"1\"><\/iframe><\/p>\n<p><iframe loading=\"lazy\" class=\"wp-embedded-content\" title=\"\u00abExalcalde de Man\u00ed, Tony \u00c1vila, enfrenta cargos por no haber prestado servicio del PAE en 2016\u00bb \u2014 \u25b7 Noticias de Casanare : Martha Cifuentes | Casanare\" src=\"https:\/\/marthacifuentes.com\/portada\/2021\/12\/20\/exalcalde-de-mani-tony-avila-enfrenta-cargos-por-no-haber-prestado-servicio-del-pae-en-2016\/embed\/#?secret=nlsi8ZIgEZ\" width=\"600\" height=\"613\" frameborder=\"0\" marginwidth=\"0\" marginheight=\"0\" scrolling=\"no\" sandbox=\"allow-scripts\" data-secret=\"nlsi8ZIgEZ\" data-mce-fragment=\"1\"><\/iframe><\/p>\n<p><iframe loading=\"lazy\" class=\"wp-embedded-content\" title=\"\u00abV\u00eda del Cusiana ya cumpli\u00f3 50 largos d\u00edas de cierre y falta al menos otros 35-40 d\u00edas\u00bb \u2014 \u25b7 Noticias de Casanare : Martha Cifuentes | Casanare\" src=\"https:\/\/marthacifuentes.com\/portada\/2021\/12\/20\/via-del-cusiana-ya-cumplio-50-largos-dias-de-cierre-y-falta-al-menos-otros-35-40-dias\/embed\/#?secret=qVIs6g4aRe\" width=\"600\" height=\"593\" frameborder=\"0\" marginwidth=\"0\" marginheight=\"0\" scrolling=\"no\" sandbox=\"allow-scripts\" data-secret=\"qVIs6g4aRe\" data-mce-fragment=\"1\"><\/iframe><\/p>\n<p><iframe loading=\"lazy\" class=\"wp-embedded-content\" title=\"\u00abEn Casanare pasean a sus anchas los Elefantes Blancos: Obras inconclusas y cr\u00edticas por $500 mil millones.\u00bb \u2014 \u25b7 Noticias de Casanare : Martha Cifuentes | Casanare\" src=\"https:\/\/marthacifuentes.com\/portada\/2021\/12\/20\/en-casanare-pasean-a-sus-anchas-los-elefantes-blancos-obras-inconclusas-y-criticas-por-500-mil-millones\/embed\/#?secret=hHahvtFu1h\" width=\"600\" height=\"613\" frameborder=\"0\" marginwidth=\"0\" marginheight=\"0\" scrolling=\"no\" sandbox=\"allow-scripts\" data-secret=\"hHahvtFu1h\" data-mce-fragment=\"1\"><\/iframe><\/p>\n<p><iframe loading=\"lazy\" class=\"wp-embedded-content\" title=\"\u00abContralor\u00eda Departamental de Casanare, ejecut\u00f3 100% de estrategia de control fiscal\u00bb \u2014 \u25b7 Noticias de Casanare : Martha Cifuentes | Casanare\" src=\"https:\/\/marthacifuentes.com\/portada\/2021\/12\/20\/contraloria-departamental-de-casanare-ejecuto-100-de-estrategia-de-control-fiscal\/embed\/#?secret=EbRnIqpnQV\" width=\"600\" height=\"613\" frameborder=\"0\" marginwidth=\"0\" marginheight=\"0\" scrolling=\"no\" sandbox=\"allow-scripts\" data-secret=\"EbRnIqpnQV\" data-mce-fragment=\"1\"><\/iframe><\/p>\n<p><iframe loading=\"lazy\" class=\"wp-embedded-content\" title=\"\u00ab\u201cPor qu\u00e9 odia tanto a mi pap\u00e1\u2026 Ese hombre lo dio todo por usted\u201d, le cuestion\u00f3 la hija de exgobernador Alirio Barrera a senadora Amanda Gonz\u00e1lez\u00bb \u2014 \u25b7 Noticias de Casanare : Martha Cifuentes | Casanare\" src=\"https:\/\/marthacifuentes.com\/portada\/2021\/12\/17\/por-que-odia-tanto-a-mi-papa-ese-hombre-lo-dio-todo-por-usted-le-cuestiono-la-hija-de-exgobernador-alirio-barrera-a-senadora-amanda-gonzalez\/embed\/#?secret=2jBm8PJuOB\" width=\"600\" height=\"621\" frameborder=\"0\" marginwidth=\"0\" marginheight=\"0\" scrolling=\"no\" sandbox=\"allow-scripts\" data-secret=\"2jBm8PJuOB\" data-mce-fragment=\"1\"><\/iframe><\/p>\n<p><iframe loading=\"lazy\" class=\"wp-embedded-content\" title=\"\u00abIndemnizan a militar err\u00f3neamente apresado por masacre en La Cabuya en el a\u00f1o 2000\u00bb \u2014 \u25b7 Noticias de Casanare : Martha Cifuentes | Casanare\" src=\"https:\/\/marthacifuentes.com\/portada\/2021\/12\/16\/indemnizan-a-militar-erroneamente-apresado-por-masacre-en-la-cabuya-en-el-ano-2000\/embed\/#?secret=I2f47RfTDu\" width=\"600\" height=\"613\" frameborder=\"0\" marginwidth=\"0\" marginheight=\"0\" scrolling=\"no\" sandbox=\"allow-scripts\" data-secret=\"I2f47RfTDu\" data-mce-fragment=\"1\"><\/iframe><\/p>\n<p><iframe loading=\"lazy\" class=\"wp-embedded-content\" title=\"\u00abSin agua al menos 70 barrios de Yopal, todo el fin de semana desde ma\u00f1ana. Habr\u00e1 plan de contingencia\u00bb \u2014 \u25b7 Noticias de Casanare : Martha Cifuentes | Casanare\" src=\"https:\/\/marthacifuentes.com\/portada\/2021\/12\/16\/sin-agua-al-menos-70-barrios-de-yopal-todo-el-fin-de-semana-desde-manana-habra-plan-de-contingencia\/embed\/#?secret=tAIuZtQeMU\" width=\"600\" height=\"611\" frameborder=\"0\" marginwidth=\"0\" marginheight=\"0\" scrolling=\"no\" sandbox=\"allow-scripts\" data-secret=\"tAIuZtQeMU\" data-mce-fragment=\"1\"><\/iframe><\/p>\n<p><iframe loading=\"lazy\" class=\"wp-embedded-content\" title=\"\u00abPor grande no le contratan su volqueta en obra vial Paz de Ariporo-Monta\u00f1as del Totumo.\u00bb \u2014 \u25b7 Noticias de Casanare : Martha Cifuentes | Casanare\" src=\"https:\/\/marthacifuentes.com\/portada\/2021\/12\/16\/por-grande-no-le-contratan-su-volqueta-en-obra-vial-paz-de-ariporo-montanas-del-totumo\/embed\/#?secret=tH7dFqzT4a\" width=\"600\" height=\"613\" frameborder=\"0\" marginwidth=\"0\" marginheight=\"0\" scrolling=\"no\" sandbox=\"allow-scripts\" data-secret=\"tH7dFqzT4a\" data-mce-fragment=\"1\"><\/iframe><\/p>\n<p><iframe loading=\"lazy\" class=\"wp-embedded-content\" title=\"\u00abPartido Alianza Verde tambi\u00e9n roto en Casanare. L\u00edderes se reprochan mutuamente el que no hubiera lista a la C\u00e1mara de Representantes. Zorro se defiende\u00bb \u2014 \u25b7 Noticias de Casanare : Martha Cifuentes | Casanare\" src=\"https:\/\/marthacifuentes.com\/portada\/2021\/12\/16\/partido-alianza-verde-tambien-roto-en-casanare-lideres-se-reprochan-mutuamente-el-que-no-hubiera-lista-a-la-camara-de-representantes-zorro-se-defiende\/embed\/#?secret=6I9Oxw7IBm\" width=\"600\" height=\"562\" frameborder=\"0\" marginwidth=\"0\" marginheight=\"0\" scrolling=\"no\" sandbox=\"allow-scripts\" data-secret=\"6I9Oxw7IBm\" data-mce-fragment=\"1\"><\/iframe><\/p>\n<p>&nbsp;<\/p>\n<p><iframe loading=\"lazy\" class=\"wp-embedded-content\" title=\"\u00abSenadora Amanda Gonz\u00e1lez recibe solidaridad y apoyo de diputados distintos a su partido, en Casanare\u00bb \u2014 \u25b7 Noticias de Casanare : Martha Cifuentes | Casanare\" src=\"https:\/\/marthacifuentes.com\/portada\/2021\/12\/15\/senadora-amanda-gonzalez-recibe-solidaridad-y-apoyo-de-diputados-distintos-a-su-partido-en-casanare\/embed\/#?secret=7A8g1QtPZj\" width=\"600\" height=\"640\" frameborder=\"0\" marginwidth=\"0\" marginheight=\"0\" scrolling=\"no\" sandbox=\"allow-scripts\" data-secret=\"7A8g1QtPZj\" data-mce-fragment=\"1\"><\/iframe><\/p>\n<p><iframe loading=\"lazy\" class=\"wp-embedded-content\" title=\"\u00abAbri\u00f3 sus puertas el Centro de Atenci\u00f3n en Rehabilitaci\u00f3n Integral CARI \u2013 Hipoterapia.\u00bb \u2014 \u25b7 Noticias de Casanare : Martha Cifuentes | Casanare\" src=\"https:\/\/marthacifuentes.com\/portada\/2021\/12\/15\/abrio-sus-puertas-el-centro-de-atencion-en-rehabilitacion-integral-cari-hipoterapia\/embed\/#?secret=2bCDXtfnJT\" width=\"600\" height=\"613\" frameborder=\"0\" marginwidth=\"0\" marginheight=\"0\" scrolling=\"no\" sandbox=\"allow-scripts\" data-secret=\"2bCDXtfnJT\" data-mce-fragment=\"1\"><\/iframe><\/p>\n<p><iframe loading=\"lazy\" class=\"wp-embedded-content\" title=\"\u00abYopal: 60% de poblaci\u00f3n vacunada contra Covid-19, con esquema completo.\u00bb \u2014 \u25b7 Noticias de Casanare : Martha Cifuentes | Casanare\" src=\"https:\/\/marthacifuentes.com\/portada\/2021\/12\/15\/yopal-60-de-poblacion-vacunada-contra-covid-19-con-esquema-completo\/embed\/#?secret=9IzzB1zCPe\" width=\"600\" height=\"593\" frameborder=\"0\" marginwidth=\"0\" marginheight=\"0\" scrolling=\"no\" sandbox=\"allow-scripts\" data-secret=\"9IzzB1zCPe\" data-mce-fragment=\"1\"><\/iframe><\/p>\n<p><iframe loading=\"lazy\" class=\"wp-embedded-content\" title=\"\u00abDoris Bernal vuelve a presentarse a elecci\u00f3n del cargo de director de Corporinoquia. Ser\u00eda la m\u00e1s opcionada.\u00bb \u2014 \u25b7 Noticias de Casanare : Martha Cifuentes | Casanare\" src=\"https:\/\/marthacifuentes.com\/portada\/2021\/12\/15\/doris-bernal-vuelve-a-presentarse-a-eleccion-del-cargo-de-director-de-corporinoquia-seria-la-mas-opcionada\/embed\/#?secret=J0HZPb0GIj\" width=\"600\" height=\"613\" frameborder=\"0\" marginwidth=\"0\" marginheight=\"0\" scrolling=\"no\" sandbox=\"allow-scripts\" data-secret=\"J0HZPb0GIj\" data-mce-fragment=\"1\"><\/iframe><\/p>\n<p><iframe loading=\"lazy\" class=\"wp-embedded-content\" title=\"\u00abAl menos 7 listas a la C\u00e1mara por Casanare, fueron inscritas ayer. Hay cuatro candidatos al Senado.\u00bb \u2014 \u25b7 Noticias de Casanare : Martha Cifuentes | Casanare\" src=\"https:\/\/marthacifuentes.com\/portada\/2021\/12\/14\/al-menos-7-listas-a-la-camara-por-casanare-fueron-inscritas-ayer-hay-dos-candidatos-al-senado\/embed\/#?secret=gFPV1C8ZGq\" width=\"600\" height=\"613\" frameborder=\"0\" marginwidth=\"0\" marginheight=\"0\" scrolling=\"no\" sandbox=\"allow-scripts\" data-secret=\"gFPV1C8ZGq\" data-mce-fragment=\"1\"><\/iframe><\/p>\n<p><iframe loading=\"lazy\" class=\"wp-embedded-content\" title=\"\u00abCay\u00f3 otro presunto ped\u00f3filo, responsable de actos sexuales con ni\u00f1a de 8 a\u00f1os, en Casanare.\u00bb \u2014 \u25b7 Noticias de Casanare : Martha Cifuentes | Casanare\" src=\"https:\/\/marthacifuentes.com\/portada\/2021\/12\/14\/cayo-otro-presunto-pedofilo-responsable-de-actos-sexuales-con-nina-de-8-anos-en-casanare\/embed\/#?secret=yptaCsrakm\" width=\"600\" height=\"613\" frameborder=\"0\" marginwidth=\"0\" marginheight=\"0\" scrolling=\"no\" sandbox=\"allow-scripts\" data-secret=\"yptaCsrakm\" data-mce-fragment=\"1\"><\/iframe><\/p>\n<p><iframe loading=\"lazy\" class=\"wp-embedded-content\" title=\"\u00abInician mesas de trabajo entre comunidad y contratista de la Ruta Los Libertadores. Se debe contratar mano de obra local\u00bb \u2014 \u25b7 Noticias de Casanare : Martha Cifuentes | Casanare\" src=\"https:\/\/marthacifuentes.com\/portada\/2021\/12\/14\/inician-mesas-de-trabajo-entre-comunidad-y-contratista-de-la-ruta-los-libertadores-se-debe-contratar-mano-de-obra-local\/embed\/#?secret=xB7QDnOFqr\" width=\"600\" height=\"641\" frameborder=\"0\" marginwidth=\"0\" marginheight=\"0\" scrolling=\"no\" sandbox=\"allow-scripts\" data-secret=\"xB7QDnOFqr\" data-mce-fragment=\"1\"><\/iframe><\/p>\n<p><iframe loading=\"lazy\" class=\"wp-embedded-content\" title=\"\u00abLiberada sic\u00f3loga secuestrada por disidencias de las Farc en Hato Corozal. Ingeniero sigue como reh\u00e9n. Disidencias confirman cobro de vacuna\u00bb \u2014 \u25b7 Noticias de Casanare : Martha Cifuentes | Casanare\" src=\"https:\/\/marthacifuentes.com\/portada\/2021\/12\/14\/liberada-sicologa-secuestrada-por-disidencias-de-las-farc-en-hato-corozal-ingeniero-sigue-como-rehen-disidencias-confirman-cobro-de-vacuna\/embed\/#?secret=0NoTLyrhLq\" width=\"600\" height=\"621\" frameborder=\"0\" marginwidth=\"0\" marginheight=\"0\" scrolling=\"no\" sandbox=\"allow-scripts\" data-secret=\"0NoTLyrhLq\" data-mce-fragment=\"1\"><\/iframe><\/p>\n<p><iframe loading=\"lazy\" class=\"wp-embedded-content\" title=\"\u00abC\u00f3mo fue el presunto secuestro de dos mujeres o un intento de robo de una camioneta, en Monterrey, Casanare.\u00bb \u2014 \u25b7 Noticias de Casanare : Martha Cifuentes | Casanare\" src=\"https:\/\/marthacifuentes.com\/portada\/2021\/12\/14\/como-fue-el-presunto-secuestro-de-dos-mujeres-o-un-intento-de-robo-de-una-camioneta-en-monterrey-casanare\/embed\/#?secret=vLgoDsDIaD\" width=\"600\" height=\"621\" frameborder=\"0\" marginwidth=\"0\" marginheight=\"0\" scrolling=\"no\" sandbox=\"allow-scripts\" data-secret=\"vLgoDsDIaD\" data-mce-fragment=\"1\"><\/iframe><\/p>\n<p><iframe loading=\"lazy\" class=\"wp-embedded-content\" title=\"\u00abDos mujeres secuestradas en Monterrey, Casanare. Una es l\u00edder comunal. Camioneta utilizada en plagio apareci\u00f3 en Yopal.\u00bb \u2014 \u25b7 Noticias de Casanare : Martha Cifuentes | Casanare\" src=\"https:\/\/marthacifuentes.com\/portada\/2021\/12\/13\/dos-mujeres-secuestradas-en-monterrey-casanare-una-es-lider-comunal-camioneta-utilizada-en-plagio-aparecio-en-yopal\/embed\/#?secret=DnSH3TLSMB\" width=\"600\" height=\"620\" frameborder=\"0\" marginwidth=\"0\" marginheight=\"0\" scrolling=\"no\" sandbox=\"allow-scripts\" data-secret=\"DnSH3TLSMB\" data-mce-fragment=\"1\"><\/iframe><\/p>\n<p><iframe loading=\"lazy\" class=\"wp-embedded-content\" title=\"\u00abExconcejal Roland Wilchez candidato a la C\u00e1mara por Casanare con Cambio Radical\u00bb \u2014 \u25b7 Noticias de Casanare : Martha Cifuentes | Casanare\" src=\"https:\/\/marthacifuentes.com\/portada\/2021\/12\/13\/exconcejal-roland-wilchez-candidato-a-la-camara-por-casanare-con-cambio-radical\/embed\/#?secret=IXWbZIjmfU\" width=\"600\" height=\"604\" frameborder=\"0\" marginwidth=\"0\" marginheight=\"0\" scrolling=\"no\" sandbox=\"allow-scripts\" data-secret=\"IXWbZIjmfU\" data-mce-fragment=\"1\"><\/iframe><\/p>\n<p><iframe loading=\"lazy\" class=\"wp-embedded-content\" title=\"\u00abUribe le neg\u00f3 aval a senadora Amanda Gonz\u00e1lez, para ser candidata al Senado. Alirio Barrera se qued\u00f3 con el aval y la habr\u00eda excluido\u00bb \u2014 \u25b7 Noticias de Casanare : Martha Cifuentes | Casanare\" src=\"https:\/\/marthacifuentes.com\/portada\/2021\/12\/13\/uribe-le-nego-aval-a-senadora-amanda-gonzalez-para-ser-candidata-al-senado-alirio-barrera-se-quedo-con-el-aval-y-la-habria-excluido\/embed\/#?secret=V1ishzwhPa\" width=\"600\" height=\"641\" frameborder=\"0\" marginwidth=\"0\" marginheight=\"0\" scrolling=\"no\" sandbox=\"allow-scripts\" data-secret=\"V1ishzwhPa\" data-mce-fragment=\"1\"><\/iframe><\/p>\n<p><iframe loading=\"lazy\" class=\"wp-embedded-content\" title=\"\u00abAlcaldesa de Aguazul Johana Moreno cuestion\u00f3 al Concejo por no estudiar el POT por estar ocupado en moci\u00f3n de censura contra su secretaria de gobierno\u00bb \u2014 \u25b7 Noticias de Casanare : Martha Cifuentes | Casanare\" src=\"https:\/\/marthacifuentes.com\/portada\/2021\/12\/12\/alcaldesa-de-aguazul-johana-moreno-cuestiono-al-concejo-por-no-estudiar-el-pot-por-estar-ocupado-en-mocion-de-censura-contra-su-secretaria-de-gobierno\/embed\/#?secret=5pHqXFCdwr\" width=\"600\" height=\"626\" frameborder=\"0\" marginwidth=\"0\" marginheight=\"0\" scrolling=\"no\" sandbox=\"allow-scripts\" data-secret=\"5pHqXFCdwr\" data-mce-fragment=\"1\"><\/iframe><\/p>\n<p><iframe loading=\"lazy\" class=\"wp-embedded-content\" title=\"\u00abSecuestrados por las disidencias de las Farc, dos trabajadores, de empresa ejecutora de contrato de la Ruta de Los Libertadores, en Boyac\u00e1 y Casanare\u00bb \u2014 \u25b7 Noticias de Casanare : Martha Cifuentes | Casanare\" src=\"https:\/\/marthacifuentes.com\/portada\/2021\/12\/11\/secuestrados-por-las-disidencias-de-las-farc-dos-trabajadores-de-empresa-ejecutora-de-contrato-de-la-ruta-de-los-libertadores-en-boyaca-y-casanare\/embed\/#?secret=rE7FyMOEyQ\" width=\"600\" height=\"641\" frameborder=\"0\" marginwidth=\"0\" marginheight=\"0\" scrolling=\"no\" sandbox=\"allow-scripts\" data-secret=\"rE7FyMOEyQ\" data-mce-fragment=\"1\"><\/iframe><\/p>\n<p><iframe loading=\"lazy\" class=\"wp-embedded-content\" title=\"\u00abUna ni\u00f1a de 12 a\u00f1os ven\u00eda siendo violada por su abuelastro en Yopal. Juez lo env\u00edo a la c\u00e1rcel.\u00bb \u2014 \u25b7 Noticias de Casanare : Martha Cifuentes | Casanare\" src=\"https:\/\/marthacifuentes.com\/portada\/2021\/12\/11\/una-nina-de-12-anos-venia-siendo-violada-por-su-abuelastro-en-yopal-juez-lo-envio-a-la-carcel\/embed\/#?secret=VJ5lZwcj4z\" width=\"600\" height=\"589\" frameborder=\"0\" marginwidth=\"0\" marginheight=\"0\" scrolling=\"no\" sandbox=\"allow-scripts\" data-secret=\"VJ5lZwcj4z\" data-mce-fragment=\"1\"><\/iframe><\/p>\n<p><iframe loading=\"lazy\" class=\"wp-embedded-content\" title=\"\u00abMotociclista qued\u00f3 destrozado y su moto quemada en accidente con cami\u00f3n en v\u00eda Pore \u2013 Paz de Ariporo\u00bb \u2014 \u25b7 Noticias de Casanare : Martha Cifuentes | Casanare\" src=\"https:\/\/marthacifuentes.com\/portada\/2021\/12\/11\/motociclista-quedo-destrozado-y-su-moto-quemada-en-accidente-con-camion-en-via-pore-paz-de-ariporo\/embed\/#?secret=SMVEydnRCv\" width=\"600\" height=\"584\" frameborder=\"0\" marginwidth=\"0\" marginheight=\"0\" scrolling=\"no\" sandbox=\"allow-scripts\" data-secret=\"SMVEydnRCv\" data-mce-fragment=\"1\"><\/iframe><\/p>\n<p>&nbsp;<\/p>\n<p>&nbsp;<\/p>\n<p>&nbsp;<\/p>\n<p>&nbsp;<\/p>\n<p>&nbsp;<\/p>\n","protected":false},"excerpt":{"rendered":"<p>Un hombre de 46 a\u00f1os se lanz\u00f3 desde un quinto piso de un conjunto residencial llamado Portal de Unicentro de Yopal, en un presunto intento por quitarse la vida, luego de haber sostenido una fuerte discusi\u00f3n con su compa\u00f1era sentimental, en hechos ocurridos hacia las 8 y 25 de la noche de este 23 de &hellip;<\/p>\n","protected":false},"author":2,"featured_media":27905,"comment_status":"open","ping_status":"open","sticky":false,"template":"","format":"standard","meta":{"om_disable_all_campaigns":false,"_exactmetrics_skip_tracking":false,"_exactmetrics_sitenote_active":false,"_exactmetrics_sitenote_note":"","_exactmetrics_sitenote_category":0,"_monsterinsights_skip_tracking":false,"_monsterinsights_sitenote_active":false,"_monsterinsights_sitenote_note":"","_monsterinsights_sitenote_category":0,"_uf_show_specific_survey":0,"_uf_disable_surveys":false,"_joinchat":[],"footnotes":""},"categories":[147,146,145],"tags":[1373,6419,6418,1400,1421,1376],"class_list":["post-27885","post","type-post","status-publish","format-standard","has-post-thumbnail","hentry","category-actualidad","category-noticias","category-reportajes","tag-casanare-noticias","tag-hombre-se-lanzo-de-quinto-piso-en-yopal-y-sobrevivio","tag-intento-de-suicidio-en-yopal","tag-noticias-casanare","tag-noticias-yopal","tag-yopal-noticias"],"yoast_head":"<!-- This site is optimized with the Yoast SEO plugin v26.1 - https:\/\/yoast.com\/wordpress\/plugins\/seo\/ -->\n<title>Milagrosamente hombre que se lanz\u00f3 del 5\u00b0 piso de edificio de Yopal sobrevivi\u00f3 aunque est\u00e1 grave. - \u25b7 Noticias de Casanare : Martha Cifuentes | Casanare<\/title>\n<meta name=\"robots\" content=\"index, follow, max-snippet:-1, max-image-preview:large, max-video-preview:-1\" \/>\n<link rel=\"canonical\" href=\"https:\/\/marthacifuentes.com\/portada\/milagrosamente-hombre-que-se-lanzo-del-5-piso-de-edificio-de-yopal-sobrevivio-aunque-esta-grave\/\" \/>\n<meta property=\"og:locale\" content=\"es_ES\" \/>\n<meta property=\"og:type\" content=\"article\" \/>\n<meta property=\"og:title\" content=\"Milagrosamente hombre que se lanz\u00f3 del 5\u00b0 piso de edificio de Yopal sobrevivi\u00f3 aunque est\u00e1 grave. - \u25b7 Noticias de Casanare : Martha Cifuentes | Casanare\" \/>\n<meta property=\"og:description\" content=\"Un hombre de 46 a\u00f1os se lanz\u00f3 desde un quinto piso de un conjunto residencial llamado Portal de Unicentro de Yopal, en un presunto intento por quitarse la vida, luego de haber sostenido una fuerte discusi\u00f3n con su compa\u00f1era sentimental, en hechos ocurridos hacia las 8 y 25 de la noche de este 23 de &hellip;\" \/>\n<meta property=\"og:url\" content=\"https:\/\/marthacifuentes.com\/portada\/milagrosamente-hombre-que-se-lanzo-del-5-piso-de-edificio-de-yopal-sobrevivio-aunque-esta-grave\/\" \/>\n<meta property=\"og:site_name\" content=\"\u25b7 Noticias de Casanare : Martha Cifuentes | Casanare\" \/>\n<meta property=\"article:published_time\" content=\"2021-12-24T13:50:39+00:00\" \/>\n<meta property=\"og:image\" content=\"https:\/\/marthacifuentes.com\/portada\/wp-content\/uploads\/2021\/12\/SUICIDIO.jpg\" \/>\n\t<meta property=\"og:image:width\" content=\"1600\" \/>\n\t<meta property=\"og:image:height\" content=\"900\" \/>\n\t<meta property=\"og:image:type\" content=\"image\/jpeg\" \/>\n<meta name=\"author\" content=\"Martha Cifuentes\" \/>\n<meta name=\"twitter:card\" content=\"summary_large_image\" \/>\n<meta name=\"twitter:label1\" content=\"Escrito por\" \/>\n\t<meta name=\"twitter:data1\" content=\"Martha Cifuentes\" \/>\n\t<meta name=\"twitter:label2\" content=\"Tiempo de lectura\" \/>\n\t<meta name=\"twitter:data2\" content=\"1 minuto\" \/>\n<script type=\"application\/ld+json\" class=\"yoast-schema-graph\">{\"@context\":\"https:\/\/schema.org\",\"@graph\":[{\"@type\":\"WebPage\",\"@id\":\"https:\/\/marthacifuentes.com\/portada\/milagrosamente-hombre-que-se-lanzo-del-5-piso-de-edificio-de-yopal-sobrevivio-aunque-esta-grave\/\",\"url\":\"https:\/\/marthacifuentes.com\/portada\/milagrosamente-hombre-que-se-lanzo-del-5-piso-de-edificio-de-yopal-sobrevivio-aunque-esta-grave\/\",\"name\":\"Milagrosamente hombre que se lanz\u00f3 del 5\u00b0 piso de edificio de Yopal sobrevivi\u00f3 aunque est\u00e1 grave. - \u25b7 Noticias de Casanare : Martha Cifuentes | Casanare\",\"isPartOf\":{\"@id\":\"https:\/\/marthacifuentes.com\/portada\/#website\"},\"primaryImageOfPage\":{\"@id\":\"https:\/\/marthacifuentes.com\/portada\/milagrosamente-hombre-que-se-lanzo-del-5-piso-de-edificio-de-yopal-sobrevivio-aunque-esta-grave\/#primaryimage\"},\"image\":{\"@id\":\"https:\/\/marthacifuentes.com\/portada\/milagrosamente-hombre-que-se-lanzo-del-5-piso-de-edificio-de-yopal-sobrevivio-aunque-esta-grave\/#primaryimage\"},\"thumbnailUrl\":\"https:\/\/marthacifuentes.com\/portada\/wp-content\/uploads\/2021\/12\/SUICIDIO.jpg\",\"datePublished\":\"2021-12-24T13:50:39+00:00\",\"author\":{\"@id\":\"https:\/\/marthacifuentes.com\/portada\/#\/schema\/person\/57f53174b991db5f90ff78d58502b714\"},\"breadcrumb\":{\"@id\":\"https:\/\/marthacifuentes.com\/portada\/milagrosamente-hombre-que-se-lanzo-del-5-piso-de-edificio-de-yopal-sobrevivio-aunque-esta-grave\/#breadcrumb\"},\"inLanguage\":\"es\",\"potentialAction\":[{\"@type\":\"ReadAction\",\"target\":[\"https:\/\/marthacifuentes.com\/portada\/milagrosamente-hombre-que-se-lanzo-del-5-piso-de-edificio-de-yopal-sobrevivio-aunque-esta-grave\/\"]}]},{\"@type\":\"ImageObject\",\"inLanguage\":\"es\",\"@id\":\"https:\/\/marthacifuentes.com\/portada\/milagrosamente-hombre-que-se-lanzo-del-5-piso-de-edificio-de-yopal-sobrevivio-aunque-esta-grave\/#primaryimage\",\"url\":\"https:\/\/marthacifuentes.com\/portada\/wp-content\/uploads\/2021\/12\/SUICIDIO.jpg\",\"contentUrl\":\"https:\/\/marthacifuentes.com\/portada\/wp-content\/uploads\/2021\/12\/SUICIDIO.jpg\",\"width\":1600,\"height\":900},{\"@type\":\"BreadcrumbList\",\"@id\":\"https:\/\/marthacifuentes.com\/portada\/milagrosamente-hombre-que-se-lanzo-del-5-piso-de-edificio-de-yopal-sobrevivio-aunque-esta-grave\/#breadcrumb\",\"itemListElement\":[{\"@type\":\"ListItem\",\"position\":1,\"name\":\"Portada\",\"item\":\"https:\/\/marthacifuentes.com\/portada\/\"},{\"@type\":\"ListItem\",\"position\":2,\"name\":\"Milagrosamente hombre que se lanz\u00f3 del 5\u00b0 piso de edificio de Yopal sobrevivi\u00f3 aunque est\u00e1 grave.\"}]},{\"@type\":\"WebSite\",\"@id\":\"https:\/\/marthacifuentes.com\/portada\/#website\",\"url\":\"https:\/\/marthacifuentes.com\/portada\/\",\"name\":\"\u25b7 Noticias de Casanare : Martha Cifuentes | Casanare\",\"description\":\"Noticias &amp; Contenidos\",\"potentialAction\":[{\"@type\":\"SearchAction\",\"target\":{\"@type\":\"EntryPoint\",\"urlTemplate\":\"https:\/\/marthacifuentes.com\/portada\/?s={search_term_string}\"},\"query-input\":{\"@type\":\"PropertyValueSpecification\",\"valueRequired\":true,\"valueName\":\"search_term_string\"}}],\"inLanguage\":\"es\"},{\"@type\":\"Person\",\"@id\":\"https:\/\/marthacifuentes.com\/portada\/#\/schema\/person\/57f53174b991db5f90ff78d58502b714\",\"name\":\"Martha Cifuentes\",\"image\":{\"@type\":\"ImageObject\",\"inLanguage\":\"es\",\"@id\":\"https:\/\/marthacifuentes.com\/portada\/#\/schema\/person\/image\/\",\"url\":\"http:\/\/marthacifuentes.com\/portada\/wp-content\/uploads\/2018\/06\/avatar_user_2_1528838701-96x96.jpg\",\"contentUrl\":\"http:\/\/marthacifuentes.com\/portada\/wp-content\/uploads\/2018\/06\/avatar_user_2_1528838701-96x96.jpg\",\"caption\":\"Martha Cifuentes\"},\"sameAs\":[\"http:\/\/www.marthacifuentes.com\"],\"url\":\"https:\/\/marthacifuentes.com\/portada\/author\/martha\/\"}]}<\/script>\n<!-- \/ Yoast SEO plugin. -->","yoast_head_json":{"title":"Milagrosamente hombre que se lanz\u00f3 del 5\u00b0 piso de edificio de Yopal sobrevivi\u00f3 aunque est\u00e1 grave. - \u25b7 Noticias de Casanare : Martha Cifuentes | Casanare","robots":{"index":"index","follow":"follow","max-snippet":"max-snippet:-1","max-image-preview":"max-image-preview:large","max-video-preview":"max-video-preview:-1"},"canonical":"https:\/\/marthacifuentes.com\/portada\/milagrosamente-hombre-que-se-lanzo-del-5-piso-de-edificio-de-yopal-sobrevivio-aunque-esta-grave\/","og_locale":"es_ES","og_type":"article","og_title":"Milagrosamente hombre que se lanz\u00f3 del 5\u00b0 piso de edificio de Yopal sobrevivi\u00f3 aunque est\u00e1 grave. - \u25b7 Noticias de Casanare : Martha Cifuentes | Casanare","og_description":"Un hombre de 46 a\u00f1os se lanz\u00f3 desde un quinto piso de un conjunto residencial llamado Portal de Unicentro de Yopal, en un presunto intento por quitarse la vida, luego de haber sostenido una fuerte discusi\u00f3n con su compa\u00f1era sentimental, en hechos ocurridos hacia las 8 y 25 de la noche de este 23 de &hellip;","og_url":"https:\/\/marthacifuentes.com\/portada\/milagrosamente-hombre-que-se-lanzo-del-5-piso-de-edificio-de-yopal-sobrevivio-aunque-esta-grave\/","og_site_name":"\u25b7 Noticias de Casanare : Martha Cifuentes | Casanare","article_published_time":"2021-12-24T13:50:39+00:00","og_image":[{"width":1600,"height":900,"url":"https:\/\/marthacifuentes.com\/portada\/wp-content\/uploads\/2021\/12\/SUICIDIO.jpg","type":"image\/jpeg"}],"author":"Martha Cifuentes","twitter_card":"summary_large_image","twitter_misc":{"Escrito por":"Martha Cifuentes","Tiempo de lectura":"1 minuto"},"schema":{"@context":"https:\/\/schema.org","@graph":[{"@type":"WebPage","@id":"https:\/\/marthacifuentes.com\/portada\/milagrosamente-hombre-que-se-lanzo-del-5-piso-de-edificio-de-yopal-sobrevivio-aunque-esta-grave\/","url":"https:\/\/marthacifuentes.com\/portada\/milagrosamente-hombre-que-se-lanzo-del-5-piso-de-edificio-de-yopal-sobrevivio-aunque-esta-grave\/","name":"Milagrosamente hombre que se lanz\u00f3 del 5\u00b0 piso de edificio de Yopal sobrevivi\u00f3 aunque est\u00e1 grave. - \u25b7 Noticias de Casanare : Martha Cifuentes | Casanare","isPartOf":{"@id":"https:\/\/marthacifuentes.com\/portada\/#website"},"primaryImageOfPage":{"@id":"https:\/\/marthacifuentes.com\/portada\/milagrosamente-hombre-que-se-lanzo-del-5-piso-de-edificio-de-yopal-sobrevivio-aunque-esta-grave\/#primaryimage"},"image":{"@id":"https:\/\/marthacifuentes.com\/portada\/milagrosamente-hombre-que-se-lanzo-del-5-piso-de-edificio-de-yopal-sobrevivio-aunque-esta-grave\/#primaryimage"},"thumbnailUrl":"https:\/\/marthacifuentes.com\/portada\/wp-content\/uploads\/2021\/12\/SUICIDIO.jpg","datePublished":"2021-12-24T13:50:39+00:00","author":{"@id":"https:\/\/marthacifuentes.com\/portada\/#\/schema\/person\/57f53174b991db5f90ff78d58502b714"},"breadcrumb":{"@id":"https:\/\/marthacifuentes.com\/portada\/milagrosamente-hombre-que-se-lanzo-del-5-piso-de-edificio-de-yopal-sobrevivio-aunque-esta-grave\/#breadcrumb"},"inLanguage":"es","potentialAction":[{"@type":"ReadAction","target":["https:\/\/marthacifuentes.com\/portada\/milagrosamente-hombre-que-se-lanzo-del-5-piso-de-edificio-de-yopal-sobrevivio-aunque-esta-grave\/"]}]},{"@type":"ImageObject","inLanguage":"es","@id":"https:\/\/marthacifuentes.com\/portada\/milagrosamente-hombre-que-se-lanzo-del-5-piso-de-edificio-de-yopal-sobrevivio-aunque-esta-grave\/#primaryimage","url":"https:\/\/marthacifuentes.com\/portada\/wp-content\/uploads\/2021\/12\/SUICIDIO.jpg","contentUrl":"https:\/\/marthacifuentes.com\/portada\/wp-content\/uploads\/2021\/12\/SUICIDIO.jpg","width":1600,"height":900},{"@type":"BreadcrumbList","@id":"https:\/\/marthacifuentes.com\/portada\/milagrosamente-hombre-que-se-lanzo-del-5-piso-de-edificio-de-yopal-sobrevivio-aunque-esta-grave\/#breadcrumb","itemListElement":[{"@type":"ListItem","position":1,"name":"Portada","item":"https:\/\/marthacifuentes.com\/portada\/"},{"@type":"ListItem","position":2,"name":"Milagrosamente hombre que se lanz\u00f3 del 5\u00b0 piso de edificio de Yopal sobrevivi\u00f3 aunque est\u00e1 grave."}]},{"@type":"WebSite","@id":"https:\/\/marthacifuentes.com\/portada\/#website","url":"https:\/\/marthacifuentes.com\/portada\/","name":"\u25b7 Noticias de Casanare : Martha Cifuentes | Casanare","description":"Noticias &amp; Contenidos","potentialAction":[{"@type":"SearchAction","target":{"@type":"EntryPoint","urlTemplate":"https:\/\/marthacifuentes.com\/portada\/?s={search_term_string}"},"query-input":{"@type":"PropertyValueSpecification","valueRequired":true,"valueName":"search_term_string"}}],"inLanguage":"es"},{"@type":"Person","@id":"https:\/\/marthacifuentes.com\/portada\/#\/schema\/person\/57f53174b991db5f90ff78d58502b714","name":"Martha Cifuentes","image":{"@type":"ImageObject","inLanguage":"es","@id":"https:\/\/marthacifuentes.com\/portada\/#\/schema\/person\/image\/","url":"http:\/\/marthacifuentes.com\/portada\/wp-content\/uploads\/2018\/06\/avatar_user_2_1528838701-96x96.jpg","contentUrl":"http:\/\/marthacifuentes.com\/portada\/wp-content\/uploads\/2018\/06\/avatar_user_2_1528838701-96x96.jpg","caption":"Martha Cifuentes"},"sameAs":["http:\/\/www.marthacifuentes.com"],"url":"https:\/\/marthacifuentes.com\/portada\/author\/martha\/"}]}},"_links":{"self":[{"href":"https:\/\/marthacifuentes.com\/portada\/wp-json\/wp\/v2\/posts\/27885","targetHints":{"allow":["GET"]}}],"collection":[{"href":"https:\/\/marthacifuentes.com\/portada\/wp-json\/wp\/v2\/posts"}],"about":[{"href":"https:\/\/marthacifuentes.com\/portada\/wp-json\/wp\/v2\/types\/post"}],"author":[{"embeddable":true,"href":"https:\/\/marthacifuentes.com\/portada\/wp-json\/wp\/v2\/users\/2"}],"replies":[{"embeddable":true,"href":"https:\/\/marthacifuentes.com\/portada\/wp-json\/wp\/v2\/comments?post=27885"}],"version-history":[{"count":1,"href":"https:\/\/marthacifuentes.com\/portada\/wp-json\/wp\/v2\/posts\/27885\/revisions"}],"predecessor-version":[{"id":27904,"href":"https:\/\/marthacifuentes.com\/portada\/wp-json\/wp\/v2\/posts\/27885\/revisions\/27904"}],"wp:featuredmedia":[{"embeddable":true,"href":"https:\/\/marthacifuentes.com\/portada\/wp-json\/wp\/v2\/media\/27905"}],"wp:attachment":[{"href":"https:\/\/marthacifuentes.com\/portada\/wp-json\/wp\/v2\/media?parent=27885"}],"wp:term":[{"taxonomy":"category","embeddable":true,"href":"https:\/\/marthacifuentes.com\/portada\/wp-json\/wp\/v2\/categories?post=27885"},{"taxonomy":"post_tag","embeddable":true,"href":"https:\/\/marthacifuentes.com\/portada\/wp-json\/wp\/v2\/tags?post=27885"}],"curies":[{"name":"wp","href":"https:\/\/api.w.org\/{rel}","templated":true}]}}