{"id":27929,"date":"2021-12-27T11:18:34","date_gmt":"2021-12-27T16:18:34","guid":{"rendered":"https:\/\/marthacifuentes.com\/portada\/?p=27929"},"modified":"2021-12-27T11:18:34","modified_gmt":"2021-12-27T16:18:34","slug":"2-muertos-y-9-heridos-en-accidentes-de-transito-en-vias-y-calles-de-casanare-el-fin-de-semana","status":"publish","type":"post","link":"https:\/\/marthacifuentes.com\/portada\/2-muertos-y-9-heridos-en-accidentes-de-transito-en-vias-y-calles-de-casanare-el-fin-de-semana\/","title":{"rendered":"2 muertos y 9 heridos en accidentes de tr\u00e1nsito en v\u00edas y calles de Casanare, el fin de semana"},"content":{"rendered":"<p style=\"text-align: justify;\">Al menos 2 muertos y 9 personas resultaron lesionadas en accidentes de tr\u00e1nsito ocurridos en una v\u00eda nacional y 4 en per\u00edmetro urbano de Casanare, confirmaron autoridades policiales y de tr\u00e1nsito locales y departamentales.<br \/>\nLas dos v\u00edctimas fatales, hombre y mujer, se produjeron en la madrugada de hoy, en la Marginal del Llano, vereda Bella Vista en Paz de Ariporo \u2013 Hato Corozal. Se trata de dos venezolanos quienes se desplazaban a las 3 de la ma\u00f1ana en una moto que colision\u00f3 con un veh\u00edculo de carga pesada, que se dio a la fuga. Se desconoce las identidades de los muertos.<br \/>\nMientras tanto en Yopal, hubo 12 accidentes, con 3 personas lesionadas leves y 2 de consideraci\u00f3n, quienes est\u00e1n internadas en UCI. Y en calles urbanas de Paz de Ariporo, Hato Corozal y Orocu\u00e9 hubo 3 lesionados. Finalmente, en la Marginal del Llano en Yopal hubo otro herido.<\/p>\n<p>&nbsp;<\/p>\n<p>&nbsp;<\/p>\n<p><strong>Otras noticias\u2026<\/strong><\/p>\n<blockquote class=\"wp-embedded-content\" data-secret=\"Ek4U3VyY0U\"><p><a href=\"https:\/\/marthacifuentes.com\/portada\/2021\/12\/27\/2-suicidios-y-un-intento-este-fin-de-semana-en-casanare-una-mujer-y-un-indigena-las-victimas\/\">2 suicidios y un intento, este fin de semana en Casanare. Una mujer y un ind\u00edgena, las v\u00edctimas.<\/a><\/p><\/blockquote>\n<p><iframe loading=\"lazy\" class=\"wp-embedded-content\" sandbox=\"allow-scripts\" security=\"restricted\" style=\"position: absolute; clip: rect(1px, 1px, 1px, 1px);\" title=\"\u00ab2 suicidios y un intento, este fin de semana en Casanare. Una mujer y un ind\u00edgena, las v\u00edctimas.\u00bb \u2014 \u25b7 Noticias de Casanare : Martha Cifuentes | Casanare\" src=\"https:\/\/marthacifuentes.com\/portada\/2021\/12\/27\/2-suicidios-y-un-intento-este-fin-de-semana-en-casanare-una-mujer-y-un-indigena-las-victimas\/embed\/#?secret=QdcEsTNIPf#?secret=Ek4U3VyY0U\" data-secret=\"Ek4U3VyY0U\" width=\"500\" height=\"282\" frameborder=\"0\" marginwidth=\"0\" marginheight=\"0\" scrolling=\"no\"><\/iframe><\/p>\n<p><iframe loading=\"lazy\" class=\"wp-embedded-content\" title=\"\u00abPor intolerancia en ri\u00f1as fueron asesinados 2 hombres y heridos al menos otros 5 en Pore y Paz de Ariporo, Casanare\u00bb \u2014 \u25b7 Noticias de Casanare : Martha Cifuentes | Casanare\" src=\"https:\/\/marthacifuentes.com\/portada\/2021\/12\/27\/por-intolerancia-en-rinas-fueron-asesinados-2-hombres-y-heridos-al-menos-otros-5-en-pore-y-paz-de-ariporo-casanare\/embed\/#?secret=NNejClCXwZ\" width=\"600\" height=\"648\" frameborder=\"0\" marginwidth=\"0\" marginheight=\"0\" scrolling=\"no\" sandbox=\"allow-scripts\" data-secret=\"NNejClCXwZ\" data-mce-fragment=\"1\"><\/iframe><\/p>\n<p><iframe loading=\"lazy\" class=\"wp-embedded-content\" title=\"\u00abArsenal de explosivos fueron hallados camuflados en cami\u00f3n de gallinaza en Villanueva, Casanare\u00bb \u2014 \u25b7 Noticias de Casanare : Martha Cifuentes | Casanare\" src=\"https:\/\/marthacifuentes.com\/portada\/2021\/12\/27\/arsenal-de-explosivos-fueron-hallados-camuflados-en-camion-de-gallinaza-en-villanueva-casanare\/embed\/#?secret=HdMpVTrWoY\" width=\"600\" height=\"620\" frameborder=\"0\" marginwidth=\"0\" marginheight=\"0\" scrolling=\"no\" sandbox=\"allow-scripts\" data-secret=\"HdMpVTrWoY\" data-mce-fragment=\"1\"><\/iframe><\/p>\n<p><iframe loading=\"lazy\" class=\"wp-embedded-content\" title=\"\u00abNi suicidio ni homicidio sino un accidente fatal, ser\u00eda la causa de la muerte de Juez Juan Pablo Flechas en Yopal. Video confirmar\u00eda la tesis.\u00bb \u2014 \u25b7 Noticias de Casanare : Martha Cifuentes | Casanare\" src=\"https:\/\/marthacifuentes.com\/portada\/2021\/12\/25\/ni-suicidio-ni-homicidio-sino-un-accidente-fatal-seria-la-causa-de-la-muerte-de-juez-juan-pablo-flechas-en-yopal-video-confirmaria-la-tesis\/embed\/#?secret=UEkZ2lQNL0\" width=\"600\" height=\"601\" frameborder=\"0\" marginwidth=\"0\" marginheight=\"0\" scrolling=\"no\" sandbox=\"allow-scripts\" data-secret=\"UEkZ2lQNL0\" data-mce-fragment=\"1\"><\/iframe><\/p>\n<p><iframe loading=\"lazy\" class=\"wp-embedded-content\" title=\"\u00abMilagrosamente hombre que se lanz\u00f3 del 5\u00b0 piso de edificio de Yopal sobrevivi\u00f3 aunque est\u00e1 grave.\u00bb \u2014 \u25b7 Noticias de Casanare : Martha Cifuentes | Casanare\" src=\"https:\/\/marthacifuentes.com\/portada\/2021\/12\/24\/milagrosamente-hombre-que-se-lanzo-del-5-piso-de-edificio-de-yopal-sobrevivio-aunque-esta-grave\/embed\/#?secret=f4YX8vzgCf\" width=\"600\" height=\"619\" frameborder=\"0\" marginwidth=\"0\" marginheight=\"0\" scrolling=\"no\" sandbox=\"allow-scripts\" data-secret=\"f4YX8vzgCf\" data-mce-fragment=\"1\"><\/iframe><\/p>\n<p><iframe loading=\"lazy\" class=\"wp-embedded-content\" title=\"\u00abPolita P\u00e9rez, fundadora de Yopal, falleci\u00f3 en Bogot\u00e1\u00bb \u2014 \u25b7 Noticias de Casanare : Martha Cifuentes | Casanare\" src=\"https:\/\/marthacifuentes.com\/portada\/2021\/12\/23\/polita-perez-fundadora-de-yopal-fallecio-en-bogota\/embed\/#?secret=wbaAFvThjc\" width=\"600\" height=\"532\" frameborder=\"0\" marginwidth=\"0\" marginheight=\"0\" scrolling=\"no\" sandbox=\"allow-scripts\" data-secret=\"wbaAFvThjc\" data-mce-fragment=\"1\"><\/iframe><\/p>\n<p><iframe loading=\"lazy\" class=\"wp-embedded-content\" title=\"\u00abCarrera por el cargo de director de Corporinoquia avanza. De los casi 50 postulados ya solo quedan 35, preliminarmente.\u00bb \u2014 \u25b7 Noticias de Casanare : Martha Cifuentes | Casanare\" src=\"https:\/\/marthacifuentes.com\/portada\/2021\/12\/23\/carrera-por-el-cargo-de-director-de-corporinoquia-avanza-de-los-casi-50-postulados-ya-solo-quedan-35-preliminarmente\/embed\/#?secret=kL5747hZCa\" width=\"600\" height=\"648\" frameborder=\"0\" marginwidth=\"0\" marginheight=\"0\" scrolling=\"no\" sandbox=\"allow-scripts\" data-secret=\"kL5747hZCa\" data-mce-fragment=\"1\"><\/iframe><\/p>\n<p><iframe loading=\"lazy\" class=\"wp-embedded-content\" title=\"\u00abArranc\u00f3 carrera de 21 candidatos a elecciones a la C\u00e1mara por Casanare. Solo 2 ser\u00e1n elegidos.\u00bb \u2014 \u25b7 Noticias de Casanare : Martha Cifuentes | Casanare\" src=\"https:\/\/marthacifuentes.com\/portada\/2021\/12\/23\/arranco-carrera-de-21-candidatos-a-elecciones-a-la-camara-por-casanare-solo-2-seran-elegidos\/embed\/#?secret=XbRFeC8fbX\" width=\"600\" height=\"604\" frameborder=\"0\" marginwidth=\"0\" marginheight=\"0\" scrolling=\"no\" sandbox=\"allow-scripts\" data-secret=\"XbRFeC8fbX\" data-mce-fragment=\"1\"><\/iframe><\/p>\n<p><iframe loading=\"lazy\" class=\"wp-embedded-content\" title=\"\u00abEn Alcald\u00eda de Yopal, tumbe en cobros de licencias de construcci\u00f3n. $1.200 millones se dejaron de cobrar: Contralor\u00eda de Casanare\u00bb \u2014 \u25b7 Noticias de Casanare : Martha Cifuentes | Casanare\" src=\"https:\/\/marthacifuentes.com\/portada\/2021\/12\/23\/en-alcaldia-de-yopal-tumbe-en-cobros-de-licencias-de-construccion-1-200-millones-se-dejaron-de-cobrar-contraloria-de-casanare\/embed\/#?secret=GsrYgINo02\" width=\"600\" height=\"648\" frameborder=\"0\" marginwidth=\"0\" marginheight=\"0\" scrolling=\"no\" sandbox=\"allow-scripts\" data-secret=\"GsrYgINo02\" data-mce-fragment=\"1\"><\/iframe><\/p>\n<p><iframe loading=\"lazy\" class=\"wp-embedded-content\" title=\"\u00abCampa\u00f1as pol\u00edticas comienzan a se\u00f1alar posibles candidatos inhabilitados al Congreso en Casanare\u00bb \u2014 \u25b7 Noticias de Casanare : Martha Cifuentes | Casanare\" src=\"https:\/\/marthacifuentes.com\/portada\/2021\/12\/22\/campanas-politicas-comienzan-a-senalar-posibles-candidatos-inhabilitados-al-congreso-en-casanare\/embed\/#?secret=f33WeNaZJk\" width=\"600\" height=\"620\" frameborder=\"0\" marginwidth=\"0\" marginheight=\"0\" scrolling=\"no\" sandbox=\"allow-scripts\" data-secret=\"f33WeNaZJk\" data-mce-fragment=\"1\"><\/iframe><\/p>\n<p><iframe loading=\"lazy\" class=\"wp-embedded-content\" title=\"\u00abPlaza de Mercado de Paz de Ariporo se concluir\u00e1, luego de que se convirtiera en elefante blanco y Contralor\u00eda de Casanare interviniera\u00bb \u2014 \u25b7 Noticias de Casanare : Martha Cifuentes | Casanare\" src=\"https:\/\/marthacifuentes.com\/portada\/2021\/12\/21\/plaza-de-mercado-de-paz-de-ariporo-se-concluira-luego-de-que-se-convirtiera-en-elefante-blanco-y-contraloria-de-casanare-interviniera\/embed\/#?secret=bRNhQKuoxB\" width=\"600\" height=\"648\" frameborder=\"0\" marginwidth=\"0\" marginheight=\"0\" scrolling=\"no\" sandbox=\"allow-scripts\" data-secret=\"bRNhQKuoxB\" data-mce-fragment=\"1\"><\/iframe><\/p>\n<p><iframe loading=\"lazy\" class=\"wp-embedded-content\" title=\"\u00abAmanda Gonz\u00e1lez dice No estar inhabilitada por doble militancia, para aspirar al Senado. Abogados la contradicen.\u00bb \u2014 \u25b7 Noticias de Casanare : Martha Cifuentes | Casanare\" src=\"https:\/\/marthacifuentes.com\/portada\/2021\/12\/21\/amanda-gonzalez-dice-no-estar-inhabilitada-por-doble-militancia-para-aspirar-al-senado-abogados-la-contradicen\/embed\/#?secret=MfdJZc7FVX\" width=\"600\" height=\"648\" frameborder=\"0\" marginwidth=\"0\" marginheight=\"0\" scrolling=\"no\" sandbox=\"allow-scripts\" data-secret=\"MfdJZc7FVX\" data-mce-fragment=\"1\"><\/iframe><\/p>\n<p><iframe loading=\"lazy\" class=\"wp-embedded-content\" title=\"\u00abNotar\u00eda \u00danica de Aguazul involucrada en estafa de lotes de urbanizaci\u00f3n San Jer\u00f3nimo en Yopal\u00bb \u2014 \u25b7 Noticias de Casanare : Martha Cifuentes | Casanare\" src=\"https:\/\/marthacifuentes.com\/portada\/2021\/12\/21\/notaria-unica-de-aguazul-involucrada-en-estafa-de-lotes-de-urbanizacion-san-jeronimo-en-yopal\/embed\/#?secret=SkVPkf8NPQ\" width=\"600\" height=\"620\" frameborder=\"0\" marginwidth=\"0\" marginheight=\"0\" scrolling=\"no\" sandbox=\"allow-scripts\" data-secret=\"SkVPkf8NPQ\" data-mce-fragment=\"1\"><\/iframe><\/p>\n<p><iframe loading=\"lazy\" class=\"wp-embedded-content\" title=\"\u00abExalcalde de Man\u00ed, Tony \u00c1vila, enfrenta cargos por no haber prestado servicio del PAE en 2016\u00bb \u2014 \u25b7 Noticias de Casanare : Martha Cifuentes | Casanare\" src=\"https:\/\/marthacifuentes.com\/portada\/2021\/12\/20\/exalcalde-de-mani-tony-avila-enfrenta-cargos-por-no-haber-prestado-servicio-del-pae-en-2016\/embed\/#?secret=nlsi8ZIgEZ\" width=\"600\" height=\"620\" frameborder=\"0\" marginwidth=\"0\" marginheight=\"0\" scrolling=\"no\" sandbox=\"allow-scripts\" data-secret=\"nlsi8ZIgEZ\" data-mce-fragment=\"1\"><\/iframe><\/p>\n<p><iframe loading=\"lazy\" class=\"wp-embedded-content\" title=\"\u00abV\u00eda del Cusiana ya cumpli\u00f3 50 largos d\u00edas de cierre y falta al menos otros 35-40 d\u00edas\u00bb \u2014 \u25b7 Noticias de Casanare : Martha Cifuentes | Casanare\" src=\"https:\/\/marthacifuentes.com\/portada\/2021\/12\/20\/via-del-cusiana-ya-cumplio-50-largos-dias-de-cierre-y-falta-al-menos-otros-35-40-dias\/embed\/#?secret=qVIs6g4aRe\" width=\"600\" height=\"599\" frameborder=\"0\" marginwidth=\"0\" marginheight=\"0\" scrolling=\"no\" sandbox=\"allow-scripts\" data-secret=\"qVIs6g4aRe\" data-mce-fragment=\"1\"><\/iframe><\/p>\n<p><iframe loading=\"lazy\" class=\"wp-embedded-content\" title=\"\u00abEn Casanare pasean a sus anchas los Elefantes Blancos: Obras inconclusas y cr\u00edticas por $500 mil millones.\u00bb \u2014 \u25b7 Noticias de Casanare : Martha Cifuentes | Casanare\" src=\"https:\/\/marthacifuentes.com\/portada\/2021\/12\/20\/en-casanare-pasean-a-sus-anchas-los-elefantes-blancos-obras-inconclusas-y-criticas-por-500-mil-millones\/embed\/#?secret=hHahvtFu1h\" width=\"600\" height=\"619\" frameborder=\"0\" marginwidth=\"0\" marginheight=\"0\" scrolling=\"no\" sandbox=\"allow-scripts\" data-secret=\"hHahvtFu1h\" data-mce-fragment=\"1\"><\/iframe><\/p>\n<p><iframe loading=\"lazy\" class=\"wp-embedded-content\" title=\"\u00abContralor\u00eda Departamental de Casanare, ejecut\u00f3 100% de estrategia de control fiscal\u00bb \u2014 \u25b7 Noticias de Casanare : Martha Cifuentes | Casanare\" src=\"https:\/\/marthacifuentes.com\/portada\/2021\/12\/20\/contraloria-departamental-de-casanare-ejecuto-100-de-estrategia-de-control-fiscal\/embed\/#?secret=EbRnIqpnQV\" width=\"600\" height=\"620\" frameborder=\"0\" marginwidth=\"0\" marginheight=\"0\" scrolling=\"no\" sandbox=\"allow-scripts\" data-secret=\"EbRnIqpnQV\" data-mce-fragment=\"1\"><\/iframe><\/p>\n<p><iframe loading=\"lazy\" class=\"wp-embedded-content\" title=\"\u00ab\u201cPor qu\u00e9 odia tanto a mi pap\u00e1\u2026 Ese hombre lo dio todo por usted\u201d, le cuestion\u00f3 la hija de exgobernador Alirio Barrera a senadora Amanda Gonz\u00e1lez\u00bb \u2014 \u25b7 Noticias de Casanare : Martha Cifuentes | Casanare\" src=\"https:\/\/marthacifuentes.com\/portada\/2021\/12\/17\/por-que-odia-tanto-a-mi-papa-ese-hombre-lo-dio-todo-por-usted-le-cuestiono-la-hija-de-exgobernador-alirio-barrera-a-senadora-amanda-gonzalez\/embed\/#?secret=2jBm8PJuOB\" width=\"600\" height=\"648\" frameborder=\"0\" marginwidth=\"0\" marginheight=\"0\" scrolling=\"no\" sandbox=\"allow-scripts\" data-secret=\"2jBm8PJuOB\" data-mce-fragment=\"1\"><\/iframe><\/p>\n<p><iframe loading=\"lazy\" class=\"wp-embedded-content\" title=\"\u00abIndemnizan a militar err\u00f3neamente apresado por masacre en La Cabuya en el a\u00f1o 2000\u00bb \u2014 \u25b7 Noticias de Casanare : Martha Cifuentes | Casanare\" src=\"https:\/\/marthacifuentes.com\/portada\/2021\/12\/16\/indemnizan-a-militar-erroneamente-apresado-por-masacre-en-la-cabuya-en-el-ano-2000\/embed\/#?secret=I2f47RfTDu\" width=\"600\" height=\"620\" frameborder=\"0\" marginwidth=\"0\" marginheight=\"0\" scrolling=\"no\" sandbox=\"allow-scripts\" data-secret=\"I2f47RfTDu\" data-mce-fragment=\"1\"><\/iframe><\/p>\n<p><iframe loading=\"lazy\" class=\"wp-embedded-content\" title=\"\u00abSin agua al menos 70 barrios de Yopal, todo el fin de semana desde ma\u00f1ana. Habr\u00e1 plan de contingencia\u00bb \u2014 \u25b7 Noticias de Casanare : Martha Cifuentes | Casanare\" src=\"https:\/\/marthacifuentes.com\/portada\/2021\/12\/16\/sin-agua-al-menos-70-barrios-de-yopal-todo-el-fin-de-semana-desde-manana-habra-plan-de-contingencia\/embed\/#?secret=tAIuZtQeMU\" width=\"600\" height=\"617\" frameborder=\"0\" marginwidth=\"0\" marginheight=\"0\" scrolling=\"no\" sandbox=\"allow-scripts\" data-secret=\"tAIuZtQeMU\" data-mce-fragment=\"1\"><\/iframe><\/p>\n<p><iframe loading=\"lazy\" class=\"wp-embedded-content\" title=\"\u00abPor grande no le contratan su volqueta en obra vial Paz de Ariporo-Monta\u00f1as del Totumo.\u00bb \u2014 \u25b7 Noticias de Casanare : Martha Cifuentes | Casanare\" src=\"https:\/\/marthacifuentes.com\/portada\/2021\/12\/16\/por-grande-no-le-contratan-su-volqueta-en-obra-vial-paz-de-ariporo-montanas-del-totumo\/embed\/#?secret=tH7dFqzT4a\" width=\"600\" height=\"620\" frameborder=\"0\" marginwidth=\"0\" marginheight=\"0\" scrolling=\"no\" sandbox=\"allow-scripts\" data-secret=\"tH7dFqzT4a\" data-mce-fragment=\"1\"><\/iframe><\/p>\n<p><iframe loading=\"lazy\" class=\"wp-embedded-content\" title=\"\u00abPartido Alianza Verde tambi\u00e9n roto en Casanare. L\u00edderes se reprochan mutuamente el que no hubiera lista a la C\u00e1mara de Representantes. Zorro se defiende\u00bb \u2014 \u25b7 Noticias de Casanare : Martha Cifuentes | Casanare\" src=\"https:\/\/marthacifuentes.com\/portada\/2021\/12\/16\/partido-alianza-verde-tambien-roto-en-casanare-lideres-se-reprochan-mutuamente-el-que-no-hubiera-lista-a-la-camara-de-representantes-zorro-se-defiende\/embed\/#?secret=6I9Oxw7IBm\" width=\"600\" height=\"567\" frameborder=\"0\" marginwidth=\"0\" marginheight=\"0\" scrolling=\"no\" sandbox=\"allow-scripts\" data-secret=\"6I9Oxw7IBm\" data-mce-fragment=\"1\"><\/iframe><\/p>\n<p>&nbsp;<\/p>\n<p><iframe loading=\"lazy\" class=\"wp-embedded-content\" title=\"\u00abSenadora Amanda Gonz\u00e1lez recibe solidaridad y apoyo de diputados distintos a su partido, en Casanare\u00bb \u2014 \u25b7 Noticias de Casanare : Martha Cifuentes | Casanare\" src=\"https:\/\/marthacifuentes.com\/portada\/2021\/12\/15\/senadora-amanda-gonzalez-recibe-solidaridad-y-apoyo-de-diputados-distintos-a-su-partido-en-casanare\/embed\/#?secret=7A8g1QtPZj\" width=\"600\" height=\"647\" frameborder=\"0\" marginwidth=\"0\" marginheight=\"0\" scrolling=\"no\" sandbox=\"allow-scripts\" data-secret=\"7A8g1QtPZj\" data-mce-fragment=\"1\"><\/iframe><\/p>\n<p><iframe loading=\"lazy\" class=\"wp-embedded-content\" title=\"\u00abAbri\u00f3 sus puertas el Centro de Atenci\u00f3n en Rehabilitaci\u00f3n Integral CARI \u2013 Hipoterapia.\u00bb \u2014 \u25b7 Noticias de Casanare : Martha Cifuentes | Casanare\" src=\"https:\/\/marthacifuentes.com\/portada\/2021\/12\/15\/abrio-sus-puertas-el-centro-de-atencion-en-rehabilitacion-integral-cari-hipoterapia\/embed\/#?secret=2bCDXtfnJT\" width=\"600\" height=\"620\" frameborder=\"0\" marginwidth=\"0\" marginheight=\"0\" scrolling=\"no\" sandbox=\"allow-scripts\" data-secret=\"2bCDXtfnJT\" data-mce-fragment=\"1\"><\/iframe><\/p>\n<p><iframe loading=\"lazy\" class=\"wp-embedded-content\" title=\"\u00abYopal: 60% de poblaci\u00f3n vacunada contra Covid-19, con esquema completo.\u00bb \u2014 \u25b7 Noticias de Casanare : Martha Cifuentes | Casanare\" src=\"https:\/\/marthacifuentes.com\/portada\/2021\/12\/15\/yopal-60-de-poblacion-vacunada-contra-covid-19-con-esquema-completo\/embed\/#?secret=9IzzB1zCPe\" width=\"600\" height=\"620\" frameborder=\"0\" marginwidth=\"0\" marginheight=\"0\" scrolling=\"no\" sandbox=\"allow-scripts\" data-secret=\"9IzzB1zCPe\" data-mce-fragment=\"1\"><\/iframe><\/p>\n<p><iframe loading=\"lazy\" class=\"wp-embedded-content\" title=\"\u00abDoris Bernal vuelve a presentarse a elecci\u00f3n del cargo de director de Corporinoquia. Ser\u00eda la m\u00e1s opcionada.\u00bb \u2014 \u25b7 Noticias de Casanare : Martha Cifuentes | Casanare\" src=\"https:\/\/marthacifuentes.com\/portada\/2021\/12\/15\/doris-bernal-vuelve-a-presentarse-a-eleccion-del-cargo-de-director-de-corporinoquia-seria-la-mas-opcionada\/embed\/#?secret=J0HZPb0GIj\" width=\"600\" height=\"619\" frameborder=\"0\" marginwidth=\"0\" marginheight=\"0\" scrolling=\"no\" sandbox=\"allow-scripts\" data-secret=\"J0HZPb0GIj\" data-mce-fragment=\"1\"><\/iframe><\/p>\n<p><iframe loading=\"lazy\" class=\"wp-embedded-content\" title=\"\u00abAl menos 7 listas a la C\u00e1mara por Casanare, fueron inscritas ayer. Hay cuatro candidatos al Senado.\u00bb \u2014 \u25b7 Noticias de Casanare : Martha Cifuentes | Casanare\" src=\"https:\/\/marthacifuentes.com\/portada\/2021\/12\/14\/al-menos-7-listas-a-la-camara-por-casanare-fueron-inscritas-ayer-hay-dos-candidatos-al-senado\/embed\/#?secret=gFPV1C8ZGq\" width=\"600\" height=\"620\" frameborder=\"0\" marginwidth=\"0\" marginheight=\"0\" scrolling=\"no\" sandbox=\"allow-scripts\" data-secret=\"gFPV1C8ZGq\" data-mce-fragment=\"1\"><\/iframe><\/p>\n<p><iframe loading=\"lazy\" class=\"wp-embedded-content\" title=\"\u00abCay\u00f3 otro presunto ped\u00f3filo, responsable de actos sexuales con ni\u00f1a de 8 a\u00f1os, en Casanare.\u00bb \u2014 \u25b7 Noticias de Casanare : Martha Cifuentes | Casanare\" src=\"https:\/\/marthacifuentes.com\/portada\/2021\/12\/14\/cayo-otro-presunto-pedofilo-responsable-de-actos-sexuales-con-nina-de-8-anos-en-casanare\/embed\/#?secret=yptaCsrakm\" width=\"600\" height=\"619\" frameborder=\"0\" marginwidth=\"0\" marginheight=\"0\" scrolling=\"no\" sandbox=\"allow-scripts\" data-secret=\"yptaCsrakm\" data-mce-fragment=\"1\"><\/iframe><\/p>\n<p><iframe loading=\"lazy\" class=\"wp-embedded-content\" title=\"\u00abInician mesas de trabajo entre comunidad y contratista de la Ruta Los Libertadores. Se debe contratar mano de obra local\u00bb \u2014 \u25b7 Noticias de Casanare : Martha Cifuentes | Casanare\" src=\"https:\/\/marthacifuentes.com\/portada\/2021\/12\/14\/inician-mesas-de-trabajo-entre-comunidad-y-contratista-de-la-ruta-los-libertadores-se-debe-contratar-mano-de-obra-local\/embed\/#?secret=xB7QDnOFqr\" width=\"600\" height=\"648\" frameborder=\"0\" marginwidth=\"0\" marginheight=\"0\" scrolling=\"no\" sandbox=\"allow-scripts\" data-secret=\"xB7QDnOFqr\" data-mce-fragment=\"1\"><\/iframe><\/p>\n<p><iframe loading=\"lazy\" class=\"wp-embedded-content\" title=\"\u00abLiberada sic\u00f3loga secuestrada por disidencias de las Farc en Hato Corozal. Ingeniero sigue como reh\u00e9n. Disidencias confirman cobro de vacuna\u00bb \u2014 \u25b7 Noticias de Casanare : Martha Cifuentes | Casanare\" src=\"https:\/\/marthacifuentes.com\/portada\/2021\/12\/14\/liberada-sicologa-secuestrada-por-disidencias-de-las-farc-en-hato-corozal-ingeniero-sigue-como-rehen-disidencias-confirman-cobro-de-vacuna\/embed\/#?secret=0NoTLyrhLq\" width=\"600\" height=\"627\" frameborder=\"0\" marginwidth=\"0\" marginheight=\"0\" scrolling=\"no\" sandbox=\"allow-scripts\" data-secret=\"0NoTLyrhLq\" data-mce-fragment=\"1\"><\/iframe><\/p>\n","protected":false},"excerpt":{"rendered":"<p>Al menos 2 muertos y 9 personas resultaron lesionadas en accidentes de tr\u00e1nsito ocurridos en una v\u00eda nacional y 4 en per\u00edmetro urbano de Casanare, confirmaron autoridades policiales y de tr\u00e1nsito locales y departamentales. Las dos v\u00edctimas fatales, hombre y mujer, se produjeron en la madrugada de hoy, en la Marginal del Llano, vereda Bella &hellip;<\/p>\n","protected":false},"author":2,"featured_media":27930,"comment_status":"open","ping_status":"open","sticky":false,"template":"","format":"standard","meta":{"om_disable_all_campaigns":false,"_exactmetrics_skip_tracking":false,"_exactmetrics_sitenote_active":false,"_exactmetrics_sitenote_note":"","_exactmetrics_sitenote_category":0,"_monsterinsights_skip_tracking":false,"_monsterinsights_sitenote_active":false,"_monsterinsights_sitenote_note":"","_monsterinsights_sitenote_category":0,"_uf_show_specific_survey":0,"_uf_disable_surveys":false,"_joinchat":[],"footnotes":""},"categories":[147,146,145],"tags":[6441,1741,6440,154,261,626,165,6443,6442,157,6155],"class_list":["post-27929","post","type-post","status-publish","format-standard","has-post-thumbnail","hentry","category-actualidad","category-noticias","category-reportajes","tag-9-heridos","tag-accidentes-de-transito-en-yopal","tag-al-menos-2-muertos","tag-casanare","tag-hato-corozal","tag-marginal-del-llano","tag-orocue","tag-ucis-llenas-en-yopal","tag-vereda-bella-vista-en-paz-de-ariporo","tag-yopal","tag-yopal-casanare"],"yoast_head":"<!-- This site is optimized with the Yoast SEO plugin v26.1 - https:\/\/yoast.com\/wordpress\/plugins\/seo\/ -->\n<title>2 muertos y 9 heridos en accidentes de tr\u00e1nsito en v\u00edas y calles de Casanare, el fin de semana - \u25b7 Noticias de Casanare : Martha Cifuentes | Casanare<\/title>\n<meta name=\"robots\" content=\"index, follow, max-snippet:-1, max-image-preview:large, max-video-preview:-1\" \/>\n<link rel=\"canonical\" href=\"https:\/\/marthacifuentes.com\/portada\/2-muertos-y-9-heridos-en-accidentes-de-transito-en-vias-y-calles-de-casanare-el-fin-de-semana\/\" \/>\n<meta property=\"og:locale\" content=\"es_ES\" \/>\n<meta property=\"og:type\" content=\"article\" \/>\n<meta property=\"og:title\" content=\"2 muertos y 9 heridos en accidentes de tr\u00e1nsito en v\u00edas y calles de Casanare, el fin de semana - \u25b7 Noticias de Casanare : Martha Cifuentes | Casanare\" \/>\n<meta property=\"og:description\" content=\"Al menos 2 muertos y 9 personas resultaron lesionadas en accidentes de tr\u00e1nsito ocurridos en una v\u00eda nacional y 4 en per\u00edmetro urbano de Casanare, confirmaron autoridades policiales y de tr\u00e1nsito locales y departamentales. Las dos v\u00edctimas fatales, hombre y mujer, se produjeron en la madrugada de hoy, en la Marginal del Llano, vereda Bella &hellip;\" \/>\n<meta property=\"og:url\" content=\"https:\/\/marthacifuentes.com\/portada\/2-muertos-y-9-heridos-en-accidentes-de-transito-en-vias-y-calles-de-casanare-el-fin-de-semana\/\" \/>\n<meta property=\"og:site_name\" content=\"\u25b7 Noticias de Casanare : Martha Cifuentes | Casanare\" \/>\n<meta property=\"article:published_time\" content=\"2021-12-27T16:18:34+00:00\" \/>\n<meta property=\"og:image\" content=\"https:\/\/marthacifuentes.com\/portada\/wp-content\/uploads\/2021\/12\/WhatsApp-Image-2021-12-27-at-10.50.51-AM.jpeg\" \/>\n\t<meta property=\"og:image:width\" content=\"1080\" \/>\n\t<meta property=\"og:image:height\" content=\"794\" \/>\n\t<meta property=\"og:image:type\" content=\"image\/jpeg\" \/>\n<meta name=\"author\" content=\"Martha Cifuentes\" \/>\n<meta name=\"twitter:card\" content=\"summary_large_image\" \/>\n<meta name=\"twitter:label1\" content=\"Escrito por\" \/>\n\t<meta name=\"twitter:data1\" content=\"Martha Cifuentes\" \/>\n\t<meta name=\"twitter:label2\" content=\"Tiempo de lectura\" \/>\n\t<meta name=\"twitter:data2\" content=\"1 minuto\" \/>\n<script type=\"application\/ld+json\" class=\"yoast-schema-graph\">{\"@context\":\"https:\/\/schema.org\",\"@graph\":[{\"@type\":\"WebPage\",\"@id\":\"https:\/\/marthacifuentes.com\/portada\/2-muertos-y-9-heridos-en-accidentes-de-transito-en-vias-y-calles-de-casanare-el-fin-de-semana\/\",\"url\":\"https:\/\/marthacifuentes.com\/portada\/2-muertos-y-9-heridos-en-accidentes-de-transito-en-vias-y-calles-de-casanare-el-fin-de-semana\/\",\"name\":\"2 muertos y 9 heridos en accidentes de tr\u00e1nsito en v\u00edas y calles de Casanare, el fin de semana - \u25b7 Noticias de Casanare : Martha Cifuentes | Casanare\",\"isPartOf\":{\"@id\":\"https:\/\/marthacifuentes.com\/portada\/#website\"},\"primaryImageOfPage\":{\"@id\":\"https:\/\/marthacifuentes.com\/portada\/2-muertos-y-9-heridos-en-accidentes-de-transito-en-vias-y-calles-de-casanare-el-fin-de-semana\/#primaryimage\"},\"image\":{\"@id\":\"https:\/\/marthacifuentes.com\/portada\/2-muertos-y-9-heridos-en-accidentes-de-transito-en-vias-y-calles-de-casanare-el-fin-de-semana\/#primaryimage\"},\"thumbnailUrl\":\"https:\/\/marthacifuentes.com\/portada\/wp-content\/uploads\/2021\/12\/WhatsApp-Image-2021-12-27-at-10.50.51-AM.jpeg\",\"datePublished\":\"2021-12-27T16:18:34+00:00\",\"author\":{\"@id\":\"https:\/\/marthacifuentes.com\/portada\/#\/schema\/person\/57f53174b991db5f90ff78d58502b714\"},\"breadcrumb\":{\"@id\":\"https:\/\/marthacifuentes.com\/portada\/2-muertos-y-9-heridos-en-accidentes-de-transito-en-vias-y-calles-de-casanare-el-fin-de-semana\/#breadcrumb\"},\"inLanguage\":\"es\",\"potentialAction\":[{\"@type\":\"ReadAction\",\"target\":[\"https:\/\/marthacifuentes.com\/portada\/2-muertos-y-9-heridos-en-accidentes-de-transito-en-vias-y-calles-de-casanare-el-fin-de-semana\/\"]}]},{\"@type\":\"ImageObject\",\"inLanguage\":\"es\",\"@id\":\"https:\/\/marthacifuentes.com\/portada\/2-muertos-y-9-heridos-en-accidentes-de-transito-en-vias-y-calles-de-casanare-el-fin-de-semana\/#primaryimage\",\"url\":\"https:\/\/marthacifuentes.com\/portada\/wp-content\/uploads\/2021\/12\/WhatsApp-Image-2021-12-27-at-10.50.51-AM.jpeg\",\"contentUrl\":\"https:\/\/marthacifuentes.com\/portada\/wp-content\/uploads\/2021\/12\/WhatsApp-Image-2021-12-27-at-10.50.51-AM.jpeg\",\"width\":1080,\"height\":794},{\"@type\":\"BreadcrumbList\",\"@id\":\"https:\/\/marthacifuentes.com\/portada\/2-muertos-y-9-heridos-en-accidentes-de-transito-en-vias-y-calles-de-casanare-el-fin-de-semana\/#breadcrumb\",\"itemListElement\":[{\"@type\":\"ListItem\",\"position\":1,\"name\":\"Portada\",\"item\":\"https:\/\/marthacifuentes.com\/portada\/\"},{\"@type\":\"ListItem\",\"position\":2,\"name\":\"2 muertos y 9 heridos en accidentes de tr\u00e1nsito en v\u00edas y calles de Casanare, el fin de semana\"}]},{\"@type\":\"WebSite\",\"@id\":\"https:\/\/marthacifuentes.com\/portada\/#website\",\"url\":\"https:\/\/marthacifuentes.com\/portada\/\",\"name\":\"\u25b7 Noticias de Casanare : Martha Cifuentes | Casanare\",\"description\":\"Noticias &amp; Contenidos\",\"potentialAction\":[{\"@type\":\"SearchAction\",\"target\":{\"@type\":\"EntryPoint\",\"urlTemplate\":\"https:\/\/marthacifuentes.com\/portada\/?s={search_term_string}\"},\"query-input\":{\"@type\":\"PropertyValueSpecification\",\"valueRequired\":true,\"valueName\":\"search_term_string\"}}],\"inLanguage\":\"es\"},{\"@type\":\"Person\",\"@id\":\"https:\/\/marthacifuentes.com\/portada\/#\/schema\/person\/57f53174b991db5f90ff78d58502b714\",\"name\":\"Martha Cifuentes\",\"image\":{\"@type\":\"ImageObject\",\"inLanguage\":\"es\",\"@id\":\"https:\/\/marthacifuentes.com\/portada\/#\/schema\/person\/image\/\",\"url\":\"http:\/\/marthacifuentes.com\/portada\/wp-content\/uploads\/2018\/06\/avatar_user_2_1528838701-96x96.jpg\",\"contentUrl\":\"http:\/\/marthacifuentes.com\/portada\/wp-content\/uploads\/2018\/06\/avatar_user_2_1528838701-96x96.jpg\",\"caption\":\"Martha Cifuentes\"},\"sameAs\":[\"http:\/\/www.marthacifuentes.com\"],\"url\":\"https:\/\/marthacifuentes.com\/portada\/author\/martha\/\"}]}<\/script>\n<!-- \/ Yoast SEO plugin. -->","yoast_head_json":{"title":"2 muertos y 9 heridos en accidentes de tr\u00e1nsito en v\u00edas y calles de Casanare, el fin de semana - \u25b7 Noticias de Casanare : Martha Cifuentes | Casanare","robots":{"index":"index","follow":"follow","max-snippet":"max-snippet:-1","max-image-preview":"max-image-preview:large","max-video-preview":"max-video-preview:-1"},"canonical":"https:\/\/marthacifuentes.com\/portada\/2-muertos-y-9-heridos-en-accidentes-de-transito-en-vias-y-calles-de-casanare-el-fin-de-semana\/","og_locale":"es_ES","og_type":"article","og_title":"2 muertos y 9 heridos en accidentes de tr\u00e1nsito en v\u00edas y calles de Casanare, el fin de semana - \u25b7 Noticias de Casanare : Martha Cifuentes | Casanare","og_description":"Al menos 2 muertos y 9 personas resultaron lesionadas en accidentes de tr\u00e1nsito ocurridos en una v\u00eda nacional y 4 en per\u00edmetro urbano de Casanare, confirmaron autoridades policiales y de tr\u00e1nsito locales y departamentales. Las dos v\u00edctimas fatales, hombre y mujer, se produjeron en la madrugada de hoy, en la Marginal del Llano, vereda Bella &hellip;","og_url":"https:\/\/marthacifuentes.com\/portada\/2-muertos-y-9-heridos-en-accidentes-de-transito-en-vias-y-calles-de-casanare-el-fin-de-semana\/","og_site_name":"\u25b7 Noticias de Casanare : Martha Cifuentes | Casanare","article_published_time":"2021-12-27T16:18:34+00:00","og_image":[{"width":1080,"height":794,"url":"https:\/\/marthacifuentes.com\/portada\/wp-content\/uploads\/2021\/12\/WhatsApp-Image-2021-12-27-at-10.50.51-AM.jpeg","type":"image\/jpeg"}],"author":"Martha Cifuentes","twitter_card":"summary_large_image","twitter_misc":{"Escrito por":"Martha Cifuentes","Tiempo de lectura":"1 minuto"},"schema":{"@context":"https:\/\/schema.org","@graph":[{"@type":"WebPage","@id":"https:\/\/marthacifuentes.com\/portada\/2-muertos-y-9-heridos-en-accidentes-de-transito-en-vias-y-calles-de-casanare-el-fin-de-semana\/","url":"https:\/\/marthacifuentes.com\/portada\/2-muertos-y-9-heridos-en-accidentes-de-transito-en-vias-y-calles-de-casanare-el-fin-de-semana\/","name":"2 muertos y 9 heridos en accidentes de tr\u00e1nsito en v\u00edas y calles de Casanare, el fin de semana - \u25b7 Noticias de Casanare : Martha Cifuentes | Casanare","isPartOf":{"@id":"https:\/\/marthacifuentes.com\/portada\/#website"},"primaryImageOfPage":{"@id":"https:\/\/marthacifuentes.com\/portada\/2-muertos-y-9-heridos-en-accidentes-de-transito-en-vias-y-calles-de-casanare-el-fin-de-semana\/#primaryimage"},"image":{"@id":"https:\/\/marthacifuentes.com\/portada\/2-muertos-y-9-heridos-en-accidentes-de-transito-en-vias-y-calles-de-casanare-el-fin-de-semana\/#primaryimage"},"thumbnailUrl":"https:\/\/marthacifuentes.com\/portada\/wp-content\/uploads\/2021\/12\/WhatsApp-Image-2021-12-27-at-10.50.51-AM.jpeg","datePublished":"2021-12-27T16:18:34+00:00","author":{"@id":"https:\/\/marthacifuentes.com\/portada\/#\/schema\/person\/57f53174b991db5f90ff78d58502b714"},"breadcrumb":{"@id":"https:\/\/marthacifuentes.com\/portada\/2-muertos-y-9-heridos-en-accidentes-de-transito-en-vias-y-calles-de-casanare-el-fin-de-semana\/#breadcrumb"},"inLanguage":"es","potentialAction":[{"@type":"ReadAction","target":["https:\/\/marthacifuentes.com\/portada\/2-muertos-y-9-heridos-en-accidentes-de-transito-en-vias-y-calles-de-casanare-el-fin-de-semana\/"]}]},{"@type":"ImageObject","inLanguage":"es","@id":"https:\/\/marthacifuentes.com\/portada\/2-muertos-y-9-heridos-en-accidentes-de-transito-en-vias-y-calles-de-casanare-el-fin-de-semana\/#primaryimage","url":"https:\/\/marthacifuentes.com\/portada\/wp-content\/uploads\/2021\/12\/WhatsApp-Image-2021-12-27-at-10.50.51-AM.jpeg","contentUrl":"https:\/\/marthacifuentes.com\/portada\/wp-content\/uploads\/2021\/12\/WhatsApp-Image-2021-12-27-at-10.50.51-AM.jpeg","width":1080,"height":794},{"@type":"BreadcrumbList","@id":"https:\/\/marthacifuentes.com\/portada\/2-muertos-y-9-heridos-en-accidentes-de-transito-en-vias-y-calles-de-casanare-el-fin-de-semana\/#breadcrumb","itemListElement":[{"@type":"ListItem","position":1,"name":"Portada","item":"https:\/\/marthacifuentes.com\/portada\/"},{"@type":"ListItem","position":2,"name":"2 muertos y 9 heridos en accidentes de tr\u00e1nsito en v\u00edas y calles de Casanare, el fin de semana"}]},{"@type":"WebSite","@id":"https:\/\/marthacifuentes.com\/portada\/#website","url":"https:\/\/marthacifuentes.com\/portada\/","name":"\u25b7 Noticias de Casanare : Martha Cifuentes | Casanare","description":"Noticias &amp; Contenidos","potentialAction":[{"@type":"SearchAction","target":{"@type":"EntryPoint","urlTemplate":"https:\/\/marthacifuentes.com\/portada\/?s={search_term_string}"},"query-input":{"@type":"PropertyValueSpecification","valueRequired":true,"valueName":"search_term_string"}}],"inLanguage":"es"},{"@type":"Person","@id":"https:\/\/marthacifuentes.com\/portada\/#\/schema\/person\/57f53174b991db5f90ff78d58502b714","name":"Martha Cifuentes","image":{"@type":"ImageObject","inLanguage":"es","@id":"https:\/\/marthacifuentes.com\/portada\/#\/schema\/person\/image\/","url":"http:\/\/marthacifuentes.com\/portada\/wp-content\/uploads\/2018\/06\/avatar_user_2_1528838701-96x96.jpg","contentUrl":"http:\/\/marthacifuentes.com\/portada\/wp-content\/uploads\/2018\/06\/avatar_user_2_1528838701-96x96.jpg","caption":"Martha Cifuentes"},"sameAs":["http:\/\/www.marthacifuentes.com"],"url":"https:\/\/marthacifuentes.com\/portada\/author\/martha\/"}]}},"_links":{"self":[{"href":"https:\/\/marthacifuentes.com\/portada\/wp-json\/wp\/v2\/posts\/27929","targetHints":{"allow":["GET"]}}],"collection":[{"href":"https:\/\/marthacifuentes.com\/portada\/wp-json\/wp\/v2\/posts"}],"about":[{"href":"https:\/\/marthacifuentes.com\/portada\/wp-json\/wp\/v2\/types\/post"}],"author":[{"embeddable":true,"href":"https:\/\/marthacifuentes.com\/portada\/wp-json\/wp\/v2\/users\/2"}],"replies":[{"embeddable":true,"href":"https:\/\/marthacifuentes.com\/portada\/wp-json\/wp\/v2\/comments?post=27929"}],"version-history":[{"count":1,"href":"https:\/\/marthacifuentes.com\/portada\/wp-json\/wp\/v2\/posts\/27929\/revisions"}],"predecessor-version":[{"id":27932,"href":"https:\/\/marthacifuentes.com\/portada\/wp-json\/wp\/v2\/posts\/27929\/revisions\/27932"}],"wp:featuredmedia":[{"embeddable":true,"href":"https:\/\/marthacifuentes.com\/portada\/wp-json\/wp\/v2\/media\/27930"}],"wp:attachment":[{"href":"https:\/\/marthacifuentes.com\/portada\/wp-json\/wp\/v2\/media?parent=27929"}],"wp:term":[{"taxonomy":"category","embeddable":true,"href":"https:\/\/marthacifuentes.com\/portada\/wp-json\/wp\/v2\/categories?post=27929"},{"taxonomy":"post_tag","embeddable":true,"href":"https:\/\/marthacifuentes.com\/portada\/wp-json\/wp\/v2\/tags?post=27929"}],"curies":[{"name":"wp","href":"https:\/\/api.w.org\/{rel}","templated":true}]}}