{"id":28048,"date":"2022-01-19T10:23:01","date_gmt":"2022-01-19T15:23:01","guid":{"rendered":"https:\/\/marthacifuentes.com\/portada\/?p=28048"},"modified":"2022-01-19T10:23:01","modified_gmt":"2022-01-19T15:23:01","slug":"a-casanare-llego-la-hora-de-sembrar-platano","status":"publish","type":"post","link":"https:\/\/marthacifuentes.com\/portada\/a-casanare-llego-la-hora-de-sembrar-platano\/","title":{"rendered":"A Casanare lleg\u00f3 la hora de sembrar pl\u00e1tano"},"content":{"rendered":"<p style=\"text-align: justify;\">Pl\u00e1tano bien plantado. Casanare se ha propuesto establecer ciento cincuenta (150) hect\u00e1reas de pl\u00e1tano variedad hart\u00f3n, adoptando adecuados procesos de manejo agron\u00f3mico para potencializar la producci\u00f3n de esta cadena productiva.<\/p>\n<p style=\"text-align: justify;\">La Gobernaci\u00f3n de Casanare con el fin de fortalecer las cadenas productivas y los productores casanare\u00f1os, socializ\u00f3 ayer 19 de enero el programa para el establecimiento de 150 hect\u00e1reas de Pl\u00e1tano variedad hart\u00f3n, que beneficia a 150 familias en los municipios de Yopal, Paz de Ariporo, Aguazul, Pore, Hato Corozal, Nunch\u00eda, Orocu\u00e9, San Luis de Palenque, Trinidad, Man\u00ed, Tauramena, Monterrey, Villanueva y Sabanalarga.<br \/>\nCon la implementaci\u00f3n de este proyecto se dinamiza la econom\u00eda, se genera empleo y se aumentan las capacidades productivas del campo en el departamento.<br \/>\nSi bien Casanare por s\u00ed solo no es un gran productor, s\u00ed conforma la regi\u00f3n de mayor producci\u00f3n en Colombia, la regi\u00f3n oriental que comparte con Meta y Arauca. Entre los tres departamentos aportan el 30 por ciento de la producci\u00f3n nacional, mientras que la zona norte (Antioquia, Choc\u00f3 y C\u00f3rdoba) aporta el 23 por ciento, la zona centro (Caldas, Quind\u00edo, Risaralda y Tolima) el 19 por ciento y la zona sur (Valle del Cauca, Nari\u00f1o y Cauca) el 12 por ciento.<br \/>\nY hay m\u00e1s datos adicionales: la regi\u00f3n oriental es la de mayor rendimiento nacional en la producci\u00f3n, teniendo que Arauca registra 20 toneladas por hect\u00e1rea y Meta 17.<br \/>\nTrabajo conjunto<br \/>\nDesde esta perspectiva, las condiciones no pueden ser m\u00e1s propicias para el proyecto que inicia en Casanare. Se adelantar\u00e1 en 14 municipios, Aguazul, Hato Corozal, Man\u00ed, Monterrey, Nunch\u00eda, Orocu\u00e9, Paz De Ariporo, Pore, Sabanalarga, San Luis De Palenque, Tauramena, Trinidad, Villanueva y Yopal.<br \/>\nComo componente de una mejor participaci\u00f3n, se adelantar\u00e1 por asociaciones, las cuales deben contar con al menos cinco personas que tengan alguna vinculaci\u00f3n con el cultivo del pl\u00e1tano y estar categorizados como peque\u00f1os o medianos productores agropecuarios.<br \/>\nDesde luego, deben contar con un predio rural de al menos cinco hect\u00e1reas y contar con residencia en el mismo municipio, certificado de C\u00e1mara de Comercio, de uso del suelo, y la organizaci\u00f3n no debe haber sido beneficiaria de actividades iguales o similares financiadas por el departamento de Casanare.<\/p>\n<p><img loading=\"lazy\" decoding=\"async\" class=\"alignnone size-large wp-image-28050\" src=\"https:\/\/marthacifuentes.com\/portada\/wp-content\/uploads\/2022\/01\/dos-1024x682.jpeg\" alt=\"\" width=\"1024\" height=\"682\" srcset=\"https:\/\/marthacifuentes.com\/portada\/wp-content\/uploads\/2022\/01\/dos-1024x682.jpeg 1024w, https:\/\/marthacifuentes.com\/portada\/wp-content\/uploads\/2022\/01\/dos-300x200.jpeg 300w, https:\/\/marthacifuentes.com\/portada\/wp-content\/uploads\/2022\/01\/dos-768x512.jpeg 768w, https:\/\/marthacifuentes.com\/portada\/wp-content\/uploads\/2022\/01\/dos.jpeg 1280w\" sizes=\"auto, (max-width: 1024px) 100vw, 1024px\" \/><\/p>\n<p>&nbsp;<\/p>\n<p>&nbsp;<\/p>\n<p><strong>Otras noticias\u2026<\/strong><\/p>\n<blockquote class=\"wp-embedded-content\" data-secret=\"YKiH5nygBU\"><p><a href=\"https:\/\/marthacifuentes.com\/portada\/2022\/01\/19\/temblor-en-aguazul-no-dejo-danos-pero-si-causo-temor-se-sintio-en-5-departamentos\/\">Temblor en Aguazul no dej\u00f3 da\u00f1os pero si caus\u00f3 temor. Se sinti\u00f3 en 5 departamentos.<\/a><\/p><\/blockquote>\n<p><iframe loading=\"lazy\" class=\"wp-embedded-content\" sandbox=\"allow-scripts\" security=\"restricted\" style=\"position: absolute; clip: rect(1px, 1px, 1px, 1px);\" title=\"\u00abTemblor en Aguazul no dej\u00f3 da\u00f1os pero si caus\u00f3 temor. Se sinti\u00f3 en 5 departamentos.\u00bb \u2014 \u25b7 Noticias de Casanare : Martha Cifuentes | Casanare\" src=\"https:\/\/marthacifuentes.com\/portada\/2022\/01\/19\/temblor-en-aguazul-no-dejo-danos-pero-si-causo-temor-se-sintio-en-5-departamentos\/embed\/#?secret=u9MQwfxPL5#?secret=YKiH5nygBU\" data-secret=\"YKiH5nygBU\" width=\"500\" height=\"282\" frameborder=\"0\" marginwidth=\"0\" marginheight=\"0\" scrolling=\"no\"><\/iframe><\/p>\n<blockquote class=\"wp-embedded-content\" data-secret=\"lo5oxusG1A\"><p><a href=\"https:\/\/marthacifuentes.com\/portada\/2022\/01\/17\/aparecio-muerta-lider-social-veedora-y-coadyuvante-en-revocatoria-del-alcalde-de-orocue-casanare\/\">Apareci\u00f3 muerta l\u00edder social, veedora y coadyuvante en revocatoria del alcalde de Orocu\u00e9, Casanare.<\/a><\/p><\/blockquote>\n<p><iframe loading=\"lazy\" class=\"wp-embedded-content\" title=\"\u00abApareci\u00f3 muerta l\u00edder social, veedora y coadyuvante en revocatoria del alcalde de Orocu\u00e9, Casanare.\u00bb \u2014 \u25b7 Noticias de Casanare : Martha Cifuentes | Casanare\" src=\"https:\/\/marthacifuentes.com\/portada\/2022\/01\/17\/aparecio-muerta-lider-social-veedora-y-coadyuvante-en-revocatoria-del-alcalde-de-orocue-casanare\/embed\/#?secret=lo5oxusG1A\" width=\"600\" height=\"338\" frameborder=\"0\" marginwidth=\"0\" marginheight=\"0\" scrolling=\"no\" sandbox=\"allow-scripts\" data-secret=\"lo5oxusG1A\" data-mce-fragment=\"1\"><\/iframe><\/p>\n<blockquote class=\"wp-embedded-content\" data-secret=\"kRu9Ez8QCy\"><p><a href=\"https:\/\/marthacifuentes.com\/portada\/2022\/01\/17\/juez-nego-tutela-que-frenaba-eleccion-de-director-de-corporinoquia-consejo-directivo-puede-continuar-con-el-proceso\/\">Juez neg\u00f3 tutela que frenaba elecci\u00f3n de director de Corporinoquia. Consejo Directivo puede continuar con el proceso<\/a><\/p><\/blockquote>\n<p><iframe loading=\"lazy\" class=\"wp-embedded-content\" title=\"\u00abJuez neg\u00f3 tutela que frenaba elecci\u00f3n de director de Corporinoquia. Consejo Directivo puede continuar con el proceso\u00bb \u2014 \u25b7 Noticias de Casanare : Martha Cifuentes | Casanare\" src=\"https:\/\/marthacifuentes.com\/portada\/2022\/01\/17\/juez-nego-tutela-que-frenaba-eleccion-de-director-de-corporinoquia-consejo-directivo-puede-continuar-con-el-proceso\/embed\/#?secret=kRu9Ez8QCy\" width=\"600\" height=\"338\" frameborder=\"0\" marginwidth=\"0\" marginheight=\"0\" scrolling=\"no\" sandbox=\"allow-scripts\" data-secret=\"kRu9Ez8QCy\" data-mce-fragment=\"1\"><\/iframe><\/p>\n<blockquote class=\"wp-embedded-content\" data-secret=\"pdEfIa370i\"><p><a href=\"https:\/\/marthacifuentes.com\/portada\/2022\/01\/18\/paso-en-via-aguazul-sogamoso-solo-estaria-listo-a-finales-de-enero-bloqueos-afectaron-cronograma\/\">Paso en v\u00eda Aguazul-Sogamoso solo estar\u00eda listo a finales de enero. Bloqueos afectaron cronograma.<\/a><\/p><\/blockquote>\n<p><iframe loading=\"lazy\" class=\"wp-embedded-content\" title=\"\u00abPaso en v\u00eda Aguazul-Sogamoso solo estar\u00eda listo a finales de enero. Bloqueos afectaron cronograma.\u00bb \u2014 \u25b7 Noticias de Casanare : Martha Cifuentes | Casanare\" src=\"https:\/\/marthacifuentes.com\/portada\/2022\/01\/18\/paso-en-via-aguazul-sogamoso-solo-estaria-listo-a-finales-de-enero-bloqueos-afectaron-cronograma\/embed\/#?secret=pdEfIa370i\" width=\"600\" height=\"338\" frameborder=\"0\" marginwidth=\"0\" marginheight=\"0\" scrolling=\"no\" sandbox=\"allow-scripts\" data-secret=\"pdEfIa370i\" data-mce-fragment=\"1\"><\/iframe><\/p>\n<p><iframe loading=\"lazy\" class=\"wp-embedded-content\" title=\"\u00abAlcalde de Orocu\u00e9 se dio la pela y cancel\u00f3 las fiestas de enero, previniendo aumento de casos del Covid-19.\u00bb \u2014 \u25b7 Noticias de Casanare : Martha Cifuentes | Casanare\" src=\"https:\/\/marthacifuentes.com\/portada\/2022\/01\/07\/alcalde-de-orocue-se-dio-la-pela-y-cancelo-las-fiestas-de-enero-previniendo-aumento-de-casos-del-covid-19\/embed\/#?secret=xl7H7gWEdf\" width=\"600\" height=\"619\" frameborder=\"0\" marginwidth=\"0\" marginheight=\"0\" scrolling=\"no\" sandbox=\"allow-scripts\" data-secret=\"xl7H7gWEdf\" data-mce-fragment=\"1\"><\/iframe><\/p>\n<p><iframe loading=\"lazy\" class=\"wp-embedded-content\" title=\"\u00abHasta el 13 de enero hay inscripci\u00f3n de c\u00e9dulas para elecciones de Congreso 2022. Presencial o por internet se puede realizar el proceso.\u00bb \u2014 \u25b7 Noticias de Casanare : Martha Cifuentes | Casanare\" src=\"https:\/\/marthacifuentes.com\/portada\/2022\/01\/07\/hasta-el-13-de-enero-hay-inscripcion-de-cedulas-para-elecciones-de-congreso-2022-presencial-o-por-internet-se-puede-realizar-el-proceso\/embed\/#?secret=KsBn8eZhkO\" width=\"600\" height=\"564\" frameborder=\"0\" marginwidth=\"0\" marginheight=\"0\" scrolling=\"no\" sandbox=\"allow-scripts\" data-secret=\"KsBn8eZhkO\" data-mce-fragment=\"1\"><\/iframe><\/p>\n<p><iframe loading=\"lazy\" class=\"wp-embedded-content\" title=\"\u00abV\u00eda Aguazul-Sogamoso NO se abrir\u00e1 el 24 de enero, tras conflicto de tierras en La Granja. Obras llevan paralizadas 5 d\u00edas. Habr\u00eda desalojo a la fuerza.\u00bb \u2014 \u25b7 Noticias de Casanare : Martha Cifuentes | Casanare\" src=\"https:\/\/marthacifuentes.com\/portada\/2022\/01\/06\/via-aguazul-sogamoso-no-se-abrira-el-24-de-enero-tras-conflicto-de-tierras-en-la-granja-obras-llevan-paralizadas-5-dias-habria-desalojo-a-la-fuerza\/embed\/#?secret=dVXpGpbrPA\" width=\"600\" height=\"561\" frameborder=\"0\" marginwidth=\"0\" marginheight=\"0\" scrolling=\"no\" sandbox=\"allow-scripts\" data-secret=\"dVXpGpbrPA\" data-mce-fragment=\"1\"><\/iframe><\/p>\n<p><iframe loading=\"lazy\" class=\"wp-embedded-content\" title=\"\u00abMasacre de familia de S\u00e1cama, Casanare, sin esclarecer todav\u00eda.\u00bb \u2014 \u25b7 Noticias de Casanare : Martha Cifuentes | Casanare\" src=\"https:\/\/marthacifuentes.com\/portada\/2022\/01\/05\/masacre-de-familia-de-sacama-casanare-sin-esclarecer-todavia\/embed\/#?secret=pcIcN1Afd1\" width=\"600\" height=\"329\" frameborder=\"0\" marginwidth=\"0\" marginheight=\"0\" scrolling=\"no\" sandbox=\"allow-scripts\" data-secret=\"pcIcN1Afd1\" data-mce-fragment=\"1\"><\/iframe><\/p>\n<p><iframe loading=\"lazy\" class=\"wp-embedded-content\" title=\"\u00abCasanare es m\u00e1s seguro que en 2019, asevera comandante de Polic\u00eda, cr. Jos\u00e9 Miranda\u00bb \u2014 \u25b7 Noticias de Casanare : Martha Cifuentes | Casanare\" src=\"https:\/\/marthacifuentes.com\/portada\/2022\/01\/05\/casanare-es-mas-seguro-que-en-2019-asevera-comandante-de-policia-cr-jose-miranda\/embed\/#?secret=l08IJehWt9\" width=\"600\" height=\"586\" frameborder=\"0\" marginwidth=\"0\" marginheight=\"0\" scrolling=\"no\" sandbox=\"allow-scripts\" data-secret=\"l08IJehWt9\" data-mce-fragment=\"1\"><\/iframe><\/p>\n<p><iframe loading=\"lazy\" class=\"wp-embedded-content\" title=\"\u00abFalleci\u00f3 \u00d3scar Rinc\u00f3n, \u2018Kawasaki\u2019, due\u00f1o del tradicional almac\u00e9n Comercial Oskar en Yopal\u00bb \u2014 \u25b7 Noticias de Casanare : Martha Cifuentes | Casanare\" src=\"https:\/\/marthacifuentes.com\/portada\/2022\/01\/05\/fallecio-oscar-rincon-kawasaki-dueno-del-tradicional-almacen-comercial-oskar-en-yopal\/embed\/#?secret=rsv2LccWra\" width=\"600\" height=\"578\" frameborder=\"0\" marginwidth=\"0\" marginheight=\"0\" scrolling=\"no\" sandbox=\"allow-scripts\" data-secret=\"rsv2LccWra\" data-mce-fragment=\"1\"><\/iframe><\/p>\n<p><iframe loading=\"lazy\" class=\"wp-embedded-content\" title=\"\u00abOjo\u2026 Del 1 al 10% aument\u00f3 ocupaci\u00f3n de camas UCI en Casanare entre 1 y 2 de enero\u00bb \u2014 \u25b7 Noticias de Casanare : Martha Cifuentes | Casanare\" src=\"https:\/\/marthacifuentes.com\/portada\/2022\/01\/03\/ojo-del-1-al-10-aumento-ocupacion-de-camas-uci-en-casanare-entre-1-y-2-de-enero\/embed\/#?secret=KKCwqJPbRG\" width=\"600\" height=\"600\" frameborder=\"0\" marginwidth=\"0\" marginheight=\"0\" scrolling=\"no\" sandbox=\"allow-scripts\" data-secret=\"KKCwqJPbRG\" data-mce-fragment=\"1\"><\/iframe><\/p>\n<p><iframe loading=\"lazy\" class=\"wp-embedded-content\" title=\"\u00abCapresoca en riesgo de ser liquidada. Crisis financiera, ser\u00eda la causa, alerta ACESI.\u00bb \u2014 \u25b7 Noticias de Casanare : Martha Cifuentes | Casanare\" src=\"https:\/\/marthacifuentes.com\/portada\/2021\/12\/30\/capresoca-en-riesgo-de-ser-liquidada-crisis-financiera-seria-la-causa-alerta-acesi\/embed\/#?secret=rS1QWWLZHg\" width=\"600\" height=\"621\" frameborder=\"0\" marginwidth=\"0\" marginheight=\"0\" scrolling=\"no\" sandbox=\"allow-scripts\" data-secret=\"rS1QWWLZHg\" data-mce-fragment=\"1\"><\/iframe><\/p>\n<p><iframe loading=\"lazy\" class=\"wp-embedded-content\" title=\"\u00abHoy se cumplen 60 d\u00edas de cierre de la v\u00eda Aguazul-Sogamoso. Restar\u00edan 24 d\u00edas para volver a tener paso, seg\u00fan Inv\u00edas.\u00bb \u2014 \u25b7 Noticias de Casanare : Martha Cifuentes | Casanare\" src=\"https:\/\/marthacifuentes.com\/portada\/2021\/12\/30\/hoy-se-cumplen-60-dias-de-cierre-de-la-via-aguazul-sogamoso-restarian-24-dias-para-volver-a-tener-paso-segun-invias\/embed\/#?secret=dgWbBisKmx\" width=\"600\" height=\"542\" frameborder=\"0\" marginwidth=\"0\" marginheight=\"0\" scrolling=\"no\" sandbox=\"allow-scripts\" data-secret=\"dgWbBisKmx\" data-mce-fragment=\"1\"><\/iframe><\/p>\n<p><iframe loading=\"lazy\" class=\"wp-embedded-content\" title=\"\u00abKaterin \u00c1vila, neg\u00f3 haber matado a su pareja, juez Juan Pablo Flechas, quien cay\u00f3 de un edificio en Yopal. Vea el video probar\u00eda que se trat\u00f3 de un accidente.\u00bb \u2014 \u25b7 Noticias de Casanare : Martha Cifuentes | Casanare\" src=\"https:\/\/marthacifuentes.com\/portada\/2021\/12\/29\/katerin-avila-nego-haber-matado-a-su-pareja-juez-juan-pablo-flechas-quien-cayo-de-un-edificio-en-yopal-vea-el-video-probaria-que-se-trato-de-un-accidente\/embed\/#?secret=QHy2NcRQnL\" width=\"600\" height=\"628\" frameborder=\"0\" marginwidth=\"0\" marginheight=\"0\" scrolling=\"no\" sandbox=\"allow-scripts\" data-secret=\"QHy2NcRQnL\" data-mce-fragment=\"1\"><\/iframe><\/p>\n<p><iframe loading=\"lazy\" class=\"wp-embedded-content\" title=\"\u00abDenuncian por participaci\u00f3n en pol\u00edtica al alcalde de Yopal Luis Eduardo Castro y al director de la Casa de la Justicia\u00bb \u2014 \u25b7 Noticias de Casanare : Martha Cifuentes | Casanare\" src=\"https:\/\/marthacifuentes.com\/portada\/2021\/12\/29\/denuncian-por-participacion-en-politica-al-alcalde-de-yopal-luis-eduardo-castro-y-al-director-de-la-casa-de-la-justicia\/embed\/#?secret=oDzcSgJRdt\" width=\"600\" height=\"649\" frameborder=\"0\" marginwidth=\"0\" marginheight=\"0\" scrolling=\"no\" sandbox=\"allow-scripts\" data-secret=\"oDzcSgJRdt\" data-mce-fragment=\"1\"><\/iframe><\/p>\n<p><iframe loading=\"lazy\" class=\"wp-embedded-content\" title=\"\u00abDisidencias de las Farc niegan participaci\u00f3n en masacre de familia en S\u00e1cama. Sijin investiga hecho.\u00bb \u2014 \u25b7 Noticias de Casanare : Martha Cifuentes | Casanare\" src=\"https:\/\/marthacifuentes.com\/portada\/2021\/12\/29\/disidencias-de-las-farc-niegan-participacion-en-masacre-de-familia-en-sacama-sijin-investiga-hecho\/embed\/#?secret=4CEuvuztS9\" width=\"600\" height=\"595\" frameborder=\"0\" marginwidth=\"0\" marginheight=\"0\" scrolling=\"no\" sandbox=\"allow-scripts\" data-secret=\"4CEuvuztS9\" data-mce-fragment=\"1\"><\/iframe><\/p>\n<p><iframe loading=\"lazy\" class=\"wp-embedded-content\" title=\"\u00abSin control, tr\u00e1fico en v\u00eda El Morro-Labranzagrande. Accidentes y trancones, d\u00eda a d\u00eda\u00bb \u2014 \u25b7 Noticias de Casanare : Martha Cifuentes | Casanare\" src=\"https:\/\/marthacifuentes.com\/portada\/2021\/12\/29\/sin-control-trafico-en-via-el-morro-labranzagrande-accidentes-y-trancones-dia-a-dia\/embed\/#?secret=dJ41qPVSkD\" width=\"600\" height=\"544\" frameborder=\"0\" marginwidth=\"0\" marginheight=\"0\" scrolling=\"no\" sandbox=\"allow-scripts\" data-secret=\"dJ41qPVSkD\" data-mce-fragment=\"1\"><\/iframe><\/p>\n<p><iframe loading=\"lazy\" class=\"wp-embedded-content\" title=\"\u00abHermetismo de autoridades militares y policiales sobre masacre de familia campesina en S\u00e1cama, Casanare\u00bb \u2014 \u25b7 Noticias de Casanare : Martha Cifuentes | Casanare\" src=\"https:\/\/marthacifuentes.com\/portada\/2021\/12\/28\/hermetismo-de-autoridades-militares-y-policiales-sobre-masacre-de-familia-campesina-en-sacama-casanare\/embed\/#?secret=VpslGiJ5Vj\" width=\"600\" height=\"599\" frameborder=\"0\" marginwidth=\"0\" marginheight=\"0\" scrolling=\"no\" sandbox=\"allow-scripts\" data-secret=\"VpslGiJ5Vj\" data-mce-fragment=\"1\"><\/iframe><\/p>\n<p><iframe loading=\"lazy\" class=\"wp-embedded-content\" title=\"\u00abOtra vez elecci\u00f3n de director de Corporinoquia en veremos. Una tutela fren\u00f3 en seco el proceso.\u00bb \u2014 \u25b7 Noticias de Casanare : Martha Cifuentes | Casanare\" src=\"https:\/\/marthacifuentes.com\/portada\/2021\/12\/28\/otra-vez-eleccion-de-director-de-corporinoquia-en-veremos-una-tutela-freno-en-seco-el-proceso\/embed\/#?secret=7fba6D8rp7\" width=\"600\" height=\"533\" frameborder=\"0\" marginwidth=\"0\" marginheight=\"0\" scrolling=\"no\" sandbox=\"allow-scripts\" data-secret=\"7fba6D8rp7\" data-mce-fragment=\"1\"><\/iframe><\/p>\n<p><iframe loading=\"lazy\" class=\"wp-embedded-content\" title=\"\u00abMasacre de miembros de una familia en S\u00e1cama, Casanare\u00bb \u2014 \u25b7 Noticias de Casanare : Martha Cifuentes | Casanare\" src=\"https:\/\/marthacifuentes.com\/portada\/2021\/12\/27\/masacre-de-miembros-de-una-familia-en-sacama-casanare\/embed\/#?secret=gzn2NREqzK\" width=\"600\" height=\"613\" frameborder=\"0\" marginwidth=\"0\" marginheight=\"0\" scrolling=\"no\" sandbox=\"allow-scripts\" data-secret=\"gzn2NREqzK\" data-mce-fragment=\"1\"><\/iframe><\/p>\n<p><iframe loading=\"lazy\" class=\"wp-embedded-content\" title=\"\u00ab2 muertos y 9 heridos en accidentes de tr\u00e1nsito en v\u00edas y calles de Casanare, el fin de semana\u00bb \u2014 \u25b7 Noticias de Casanare : Martha Cifuentes | Casanare\" src=\"https:\/\/marthacifuentes.com\/portada\/2021\/12\/27\/2-muertos-y-9-heridos-en-accidentes-de-transito-en-vias-y-calles-de-casanare-el-fin-de-semana\/embed\/#?secret=ppYOVoRvJa\" width=\"600\" height=\"621\" frameborder=\"0\" marginwidth=\"0\" marginheight=\"0\" scrolling=\"no\" sandbox=\"allow-scripts\" data-secret=\"ppYOVoRvJa\" data-mce-fragment=\"1\"><\/iframe><\/p>\n<p><iframe loading=\"lazy\" class=\"wp-embedded-content\" title=\"\u00ab2 suicidios y un intento, este fin de semana en Casanare. Una mujer y un ind\u00edgena, las v\u00edctimas.\u00bb \u2014 \u25b7 Noticias de Casanare : Martha Cifuentes | Casanare\" src=\"https:\/\/marthacifuentes.com\/portada\/2021\/12\/27\/2-suicidios-y-un-intento-este-fin-de-semana-en-casanare-una-mujer-y-un-indigena-las-victimas\/embed\/#?secret=p9jDyvYS23\" width=\"600\" height=\"600\" frameborder=\"0\" marginwidth=\"0\" marginheight=\"0\" scrolling=\"no\" sandbox=\"allow-scripts\" data-secret=\"p9jDyvYS23\" data-mce-fragment=\"1\"><\/iframe><\/p>\n<p><iframe loading=\"lazy\" class=\"wp-embedded-content\" title=\"\u00abPor intolerancia en ri\u00f1as fueron asesinados 2 hombres y heridos al menos otros 5 en Pore y Paz de Ariporo, Casanare\u00bb \u2014 \u25b7 Noticias de Casanare : Martha Cifuentes | Casanare\" src=\"https:\/\/marthacifuentes.com\/portada\/2021\/12\/27\/por-intolerancia-en-rinas-fueron-asesinados-2-hombres-y-heridos-al-menos-otros-5-en-pore-y-paz-de-ariporo-casanare\/embed\/#?secret=NNejClCXwZ\" width=\"600\" height=\"649\" frameborder=\"0\" marginwidth=\"0\" marginheight=\"0\" scrolling=\"no\" sandbox=\"allow-scripts\" data-secret=\"NNejClCXwZ\" data-mce-fragment=\"1\"><\/iframe><\/p>\n<p><iframe loading=\"lazy\" class=\"wp-embedded-content\" title=\"\u00abArsenal de explosivos fueron hallados camuflados en cami\u00f3n de gallinaza en Villanueva, Casanare\u00bb \u2014 \u25b7 Noticias de Casanare : Martha Cifuentes | Casanare\" src=\"https:\/\/marthacifuentes.com\/portada\/2021\/12\/27\/arsenal-de-explosivos-fueron-hallados-camuflados-en-camion-de-gallinaza-en-villanueva-casanare\/embed\/#?secret=HdMpVTrWoY\" width=\"600\" height=\"621\" frameborder=\"0\" marginwidth=\"0\" marginheight=\"0\" scrolling=\"no\" sandbox=\"allow-scripts\" data-secret=\"HdMpVTrWoY\" data-mce-fragment=\"1\"><\/iframe><\/p>\n<p><iframe loading=\"lazy\" class=\"wp-embedded-content\" title=\"\u00abNi suicidio ni homicidio sino un accidente fatal, ser\u00eda la causa de la muerte de Juez Juan Pablo Flechas en Yopal. Video confirmar\u00eda la tesis.\u00bb \u2014 \u25b7 Noticias de Casanare : Martha Cifuentes | Casanare\" src=\"https:\/\/marthacifuentes.com\/portada\/2021\/12\/25\/ni-suicidio-ni-homicidio-sino-un-accidente-fatal-seria-la-causa-de-la-muerte-de-juez-juan-pablo-flechas-en-yopal-video-confirmaria-la-tesis\/embed\/#?secret=UEkZ2lQNL0\" width=\"600\" height=\"603\" frameborder=\"0\" marginwidth=\"0\" marginheight=\"0\" scrolling=\"no\" sandbox=\"allow-scripts\" data-secret=\"UEkZ2lQNL0\" data-mce-fragment=\"1\"><\/iframe><\/p>\n<p><iframe loading=\"lazy\" class=\"wp-embedded-content\" title=\"\u00abMilagrosamente hombre que se lanz\u00f3 del 5\u00b0 piso de edificio de Yopal sobrevivi\u00f3 aunque est\u00e1 grave.\u00bb \u2014 \u25b7 Noticias de Casanare : Martha Cifuentes | Casanare\" src=\"https:\/\/marthacifuentes.com\/portada\/2021\/12\/24\/milagrosamente-hombre-que-se-lanzo-del-5-piso-de-edificio-de-yopal-sobrevivio-aunque-esta-grave\/embed\/#?secret=f4YX8vzgCf\" width=\"600\" height=\"620\" frameborder=\"0\" marginwidth=\"0\" marginheight=\"0\" scrolling=\"no\" sandbox=\"allow-scripts\" data-secret=\"f4YX8vzgCf\" data-mce-fragment=\"1\"><\/iframe><\/p>\n<p><iframe loading=\"lazy\" class=\"wp-embedded-content\" title=\"\u00abPolita P\u00e9rez, fundadora de Yopal, falleci\u00f3 en Bogot\u00e1\u00bb \u2014 \u25b7 Noticias de Casanare : Martha Cifuentes | Casanare\" src=\"https:\/\/marthacifuentes.com\/portada\/2021\/12\/23\/polita-perez-fundadora-de-yopal-fallecio-en-bogota\/embed\/#?secret=wbaAFvThjc\" width=\"600\" height=\"533\" frameborder=\"0\" marginwidth=\"0\" marginheight=\"0\" scrolling=\"no\" sandbox=\"allow-scripts\" data-secret=\"wbaAFvThjc\" data-mce-fragment=\"1\"><\/iframe><\/p>\n<p><iframe loading=\"lazy\" class=\"wp-embedded-content\" title=\"\u00abCarrera por el cargo de director de Corporinoquia avanza. De los casi 50 postulados ya solo quedan 35, preliminarmente.\u00bb \u2014 \u25b7 Noticias de Casanare : Martha Cifuentes | Casanare\" src=\"https:\/\/marthacifuentes.com\/portada\/2021\/12\/23\/carrera-por-el-cargo-de-director-de-corporinoquia-avanza-de-los-casi-50-postulados-ya-solo-quedan-35-preliminarmente\/embed\/#?secret=kL5747hZCa\" width=\"600\" height=\"649\" frameborder=\"0\" marginwidth=\"0\" marginheight=\"0\" scrolling=\"no\" sandbox=\"allow-scripts\" data-secret=\"kL5747hZCa\" data-mce-fragment=\"1\"><\/iframe><\/p>\n<p><iframe loading=\"lazy\" class=\"wp-embedded-content\" title=\"\u00abArranc\u00f3 carrera de 21 candidatos a elecciones a la C\u00e1mara por Casanare. Solo 2 ser\u00e1n elegidos.\u00bb \u2014 \u25b7 Noticias de Casanare : Martha Cifuentes | Casanare\" src=\"https:\/\/marthacifuentes.com\/portada\/2021\/12\/23\/arranco-carrera-de-21-candidatos-a-elecciones-a-la-camara-por-casanare-solo-2-seran-elegidos\/embed\/#?secret=XbRFeC8fbX\" width=\"600\" height=\"606\" frameborder=\"0\" marginwidth=\"0\" marginheight=\"0\" scrolling=\"no\" sandbox=\"allow-scripts\" data-secret=\"XbRFeC8fbX\" data-mce-fragment=\"1\"><\/iframe><\/p>\n<p><iframe loading=\"lazy\" class=\"wp-embedded-content\" title=\"\u00abEn Alcald\u00eda de Yopal, tumbe en cobros de licencias de construcci\u00f3n. $1.200 millones se dejaron de cobrar: Contralor\u00eda de Casanare\u00bb \u2014 \u25b7 Noticias de Casanare : Martha Cifuentes | Casanare\" src=\"https:\/\/marthacifuentes.com\/portada\/2021\/12\/23\/en-alcaldia-de-yopal-tumbe-en-cobros-de-licencias-de-construccion-1-200-millones-se-dejaron-de-cobrar-contraloria-de-casanare\/embed\/#?secret=GsrYgINo02\" width=\"600\" height=\"649\" frameborder=\"0\" marginwidth=\"0\" marginheight=\"0\" scrolling=\"no\" sandbox=\"allow-scripts\" data-secret=\"GsrYgINo02\" data-mce-fragment=\"1\"><\/iframe><\/p>\n<p><iframe loading=\"lazy\" class=\"wp-embedded-content\" title=\"\u00abCampa\u00f1as pol\u00edticas comienzan a se\u00f1alar posibles candidatos inhabilitados al Congreso en Casanare\u00bb \u2014 \u25b7 Noticias de Casanare : Martha Cifuentes | Casanare\" src=\"https:\/\/marthacifuentes.com\/portada\/2021\/12\/22\/campanas-politicas-comienzan-a-senalar-posibles-candidatos-inhabilitados-al-congreso-en-casanare\/embed\/#?secret=f33WeNaZJk\" width=\"600\" height=\"621\" frameborder=\"0\" marginwidth=\"0\" marginheight=\"0\" scrolling=\"no\" sandbox=\"allow-scripts\" data-secret=\"f33WeNaZJk\" data-mce-fragment=\"1\"><\/iframe><\/p>\n<p><iframe loading=\"lazy\" class=\"wp-embedded-content\" title=\"\u00abPlaza de Mercado de Paz de Ariporo se concluir\u00e1, luego de que se convirtiera en elefante blanco y Contralor\u00eda de Casanare interviniera\u00bb \u2014 \u25b7 Noticias de Casanare : Martha Cifuentes | Casanare\" src=\"https:\/\/marthacifuentes.com\/portada\/2021\/12\/21\/plaza-de-mercado-de-paz-de-ariporo-se-concluira-luego-de-que-se-convirtiera-en-elefante-blanco-y-contraloria-de-casanare-interviniera\/embed\/#?secret=bRNhQKuoxB\" width=\"600\" height=\"649\" frameborder=\"0\" marginwidth=\"0\" marginheight=\"0\" scrolling=\"no\" sandbox=\"allow-scripts\" data-secret=\"bRNhQKuoxB\" data-mce-fragment=\"1\"><\/iframe><\/p>\n<p><iframe loading=\"lazy\" class=\"wp-embedded-content\" title=\"\u00abAmanda Gonz\u00e1lez dice No estar inhabilitada por doble militancia, para aspirar al Senado. Abogados la contradicen.\u00bb \u2014 \u25b7 Noticias de Casanare : Martha Cifuentes | Casanare\" src=\"https:\/\/marthacifuentes.com\/portada\/2021\/12\/21\/amanda-gonzalez-dice-no-estar-inhabilitada-por-doble-militancia-para-aspirar-al-senado-abogados-la-contradicen\/embed\/#?secret=MfdJZc7FVX\" width=\"600\" height=\"649\" frameborder=\"0\" marginwidth=\"0\" marginheight=\"0\" scrolling=\"no\" sandbox=\"allow-scripts\" data-secret=\"MfdJZc7FVX\" data-mce-fragment=\"1\"><\/iframe><\/p>\n<p><iframe loading=\"lazy\" class=\"wp-embedded-content\" title=\"\u00abNotar\u00eda \u00danica de Aguazul involucrada en estafa de lotes de urbanizaci\u00f3n San Jer\u00f3nimo en Yopal\u00bb \u2014 \u25b7 Noticias de Casanare : Martha Cifuentes | Casanare\" src=\"https:\/\/marthacifuentes.com\/portada\/2021\/12\/21\/notaria-unica-de-aguazul-involucrada-en-estafa-de-lotes-de-urbanizacion-san-jeronimo-en-yopal\/embed\/#?secret=SkVPkf8NPQ\" width=\"600\" height=\"621\" frameborder=\"0\" marginwidth=\"0\" marginheight=\"0\" scrolling=\"no\" sandbox=\"allow-scripts\" data-secret=\"SkVPkf8NPQ\" data-mce-fragment=\"1\"><\/iframe><\/p>\n<p><iframe loading=\"lazy\" class=\"wp-embedded-content\" title=\"\u00abExalcalde de Man\u00ed, Tony \u00c1vila, enfrenta cargos por no haber prestado servicio del PAE en 2016\u00bb \u2014 \u25b7 Noticias de Casanare : Martha Cifuentes | Casanare\" src=\"https:\/\/marthacifuentes.com\/portada\/2021\/12\/20\/exalcalde-de-mani-tony-avila-enfrenta-cargos-por-no-haber-prestado-servicio-del-pae-en-2016\/embed\/#?secret=nlsi8ZIgEZ\" width=\"600\" height=\"621\" frameborder=\"0\" marginwidth=\"0\" marginheight=\"0\" scrolling=\"no\" sandbox=\"allow-scripts\" data-secret=\"nlsi8ZIgEZ\" data-mce-fragment=\"1\"><\/iframe><\/p>\n<p><iframe loading=\"lazy\" class=\"wp-embedded-content\" title=\"\u00abV\u00eda del Cusiana ya cumpli\u00f3 50 largos d\u00edas de cierre y falta al menos otros 35-40 d\u00edas\u00bb \u2014 \u25b7 Noticias de Casanare : Martha Cifuentes | Casanare\" src=\"https:\/\/marthacifuentes.com\/portada\/2021\/12\/20\/via-del-cusiana-ya-cumplio-50-largos-dias-de-cierre-y-falta-al-menos-otros-35-40-dias\/embed\/#?secret=qVIs6g4aRe\" width=\"600\" height=\"600\" frameborder=\"0\" marginwidth=\"0\" marginheight=\"0\" scrolling=\"no\" sandbox=\"allow-scripts\" data-secret=\"qVIs6g4aRe\" data-mce-fragment=\"1\"><\/iframe><\/p>\n<p><iframe loading=\"lazy\" class=\"wp-embedded-content\" title=\"\u00abEn Casanare pasean a sus anchas los Elefantes Blancos: Obras inconclusas y cr\u00edticas por $500 mil millones.\u00bb \u2014 \u25b7 Noticias de Casanare : Martha Cifuentes | Casanare\" src=\"https:\/\/marthacifuentes.com\/portada\/2021\/12\/20\/en-casanare-pasean-a-sus-anchas-los-elefantes-blancos-obras-inconclusas-y-criticas-por-500-mil-millones\/embed\/#?secret=hHahvtFu1h\" width=\"600\" height=\"620\" frameborder=\"0\" marginwidth=\"0\" marginheight=\"0\" scrolling=\"no\" sandbox=\"allow-scripts\" data-secret=\"hHahvtFu1h\" data-mce-fragment=\"1\"><\/iframe><\/p>\n","protected":false},"excerpt":{"rendered":"<p>Pl\u00e1tano bien plantado. Casanare se ha propuesto establecer ciento cincuenta (150) hect\u00e1reas de pl\u00e1tano variedad hart\u00f3n, adoptando adecuados procesos de manejo agron\u00f3mico para potencializar la producci\u00f3n de esta cadena productiva. La Gobernaci\u00f3n de Casanare con el fin de fortalecer las cadenas productivas y los productores casanare\u00f1os, socializ\u00f3 ayer 19 de enero el programa para el &hellip;<\/p>\n","protected":false},"author":2,"featured_media":28049,"comment_status":"open","ping_status":"open","sticky":false,"template":"","format":"standard","meta":{"om_disable_all_campaigns":false,"_exactmetrics_skip_tracking":false,"_exactmetrics_sitenote_active":false,"_exactmetrics_sitenote_note":"","_exactmetrics_sitenote_category":0,"_monsterinsights_skip_tracking":false,"_monsterinsights_sitenote_active":false,"_monsterinsights_sitenote_note":"","_monsterinsights_sitenote_category":0,"_uf_show_specific_survey":0,"_uf_disable_surveys":false,"_joinchat":[],"footnotes":""},"categories":[147,146,145],"tags":[219,497,6582,187,261,720,1135,163,165,268,6583,503,1805,1712,974,1125,241,157],"class_list":["post-28048","post","type-post","status-publish","format-standard","has-post-thumbnail","hentry","category-actualidad","category-noticias","category-reportajes","tag-aguazul","tag-arauca","tag-casanare-siembra-platano","tag-gobernacion-de-casanare","tag-hato-corozal","tag-mani","tag-monterrey","tag-nunchia","tag-orocue","tag-paz-de-ariporo","tag-platano-variedad-harton","tag-pore","tag-sabanalarga","tag-san-luis-de-palenque","tag-tauramena","tag-trinidad","tag-villanueva","tag-yopal"],"yoast_head":"<!-- This site is optimized with the Yoast SEO plugin v26.1 - https:\/\/yoast.com\/wordpress\/plugins\/seo\/ -->\n<title>A Casanare lleg\u00f3 la hora de sembrar pl\u00e1tano - \u25b7 Noticias de Casanare : Martha Cifuentes | Casanare<\/title>\n<meta name=\"robots\" content=\"index, follow, max-snippet:-1, max-image-preview:large, max-video-preview:-1\" \/>\n<link rel=\"canonical\" href=\"https:\/\/marthacifuentes.com\/portada\/a-casanare-llego-la-hora-de-sembrar-platano\/\" \/>\n<meta property=\"og:locale\" content=\"es_ES\" \/>\n<meta property=\"og:type\" content=\"article\" \/>\n<meta property=\"og:title\" content=\"A Casanare lleg\u00f3 la hora de sembrar pl\u00e1tano - \u25b7 Noticias de Casanare : Martha Cifuentes | Casanare\" \/>\n<meta property=\"og:description\" content=\"Pl\u00e1tano bien plantado. Casanare se ha propuesto establecer ciento cincuenta (150) hect\u00e1reas de pl\u00e1tano variedad hart\u00f3n, adoptando adecuados procesos de manejo agron\u00f3mico para potencializar la producci\u00f3n de esta cadena productiva. La Gobernaci\u00f3n de Casanare con el fin de fortalecer las cadenas productivas y los productores casanare\u00f1os, socializ\u00f3 ayer 19 de enero el programa para el &hellip;\" \/>\n<meta property=\"og:url\" content=\"https:\/\/marthacifuentes.com\/portada\/a-casanare-llego-la-hora-de-sembrar-platano\/\" \/>\n<meta property=\"og:site_name\" content=\"\u25b7 Noticias de Casanare : Martha Cifuentes | Casanare\" \/>\n<meta property=\"article:published_time\" content=\"2022-01-19T15:23:01+00:00\" \/>\n<meta property=\"og:image\" content=\"https:\/\/marthacifuentes.com\/portada\/wp-content\/uploads\/2022\/01\/WhatsApp-Image-2022-01-19-at-9.19.32-AM.jpeg\" \/>\n\t<meta property=\"og:image:width\" content=\"1280\" \/>\n\t<meta property=\"og:image:height\" content=\"710\" \/>\n\t<meta property=\"og:image:type\" content=\"image\/jpeg\" \/>\n<meta name=\"author\" content=\"Martha Cifuentes\" \/>\n<meta name=\"twitter:card\" content=\"summary_large_image\" \/>\n<meta name=\"twitter:label1\" content=\"Escrito por\" \/>\n\t<meta name=\"twitter:data1\" content=\"Martha Cifuentes\" \/>\n\t<meta name=\"twitter:label2\" content=\"Tiempo de lectura\" \/>\n\t<meta name=\"twitter:data2\" content=\"2 minutos\" \/>\n<script type=\"application\/ld+json\" class=\"yoast-schema-graph\">{\"@context\":\"https:\/\/schema.org\",\"@graph\":[{\"@type\":\"WebPage\",\"@id\":\"https:\/\/marthacifuentes.com\/portada\/a-casanare-llego-la-hora-de-sembrar-platano\/\",\"url\":\"https:\/\/marthacifuentes.com\/portada\/a-casanare-llego-la-hora-de-sembrar-platano\/\",\"name\":\"A Casanare lleg\u00f3 la hora de sembrar pl\u00e1tano - \u25b7 Noticias de Casanare : Martha Cifuentes | Casanare\",\"isPartOf\":{\"@id\":\"https:\/\/marthacifuentes.com\/portada\/#website\"},\"primaryImageOfPage\":{\"@id\":\"https:\/\/marthacifuentes.com\/portada\/a-casanare-llego-la-hora-de-sembrar-platano\/#primaryimage\"},\"image\":{\"@id\":\"https:\/\/marthacifuentes.com\/portada\/a-casanare-llego-la-hora-de-sembrar-platano\/#primaryimage\"},\"thumbnailUrl\":\"https:\/\/marthacifuentes.com\/portada\/wp-content\/uploads\/2022\/01\/WhatsApp-Image-2022-01-19-at-9.19.32-AM.jpeg\",\"datePublished\":\"2022-01-19T15:23:01+00:00\",\"author\":{\"@id\":\"https:\/\/marthacifuentes.com\/portada\/#\/schema\/person\/57f53174b991db5f90ff78d58502b714\"},\"breadcrumb\":{\"@id\":\"https:\/\/marthacifuentes.com\/portada\/a-casanare-llego-la-hora-de-sembrar-platano\/#breadcrumb\"},\"inLanguage\":\"es\",\"potentialAction\":[{\"@type\":\"ReadAction\",\"target\":[\"https:\/\/marthacifuentes.com\/portada\/a-casanare-llego-la-hora-de-sembrar-platano\/\"]}]},{\"@type\":\"ImageObject\",\"inLanguage\":\"es\",\"@id\":\"https:\/\/marthacifuentes.com\/portada\/a-casanare-llego-la-hora-de-sembrar-platano\/#primaryimage\",\"url\":\"https:\/\/marthacifuentes.com\/portada\/wp-content\/uploads\/2022\/01\/WhatsApp-Image-2022-01-19-at-9.19.32-AM.jpeg\",\"contentUrl\":\"https:\/\/marthacifuentes.com\/portada\/wp-content\/uploads\/2022\/01\/WhatsApp-Image-2022-01-19-at-9.19.32-AM.jpeg\",\"width\":1280,\"height\":710},{\"@type\":\"BreadcrumbList\",\"@id\":\"https:\/\/marthacifuentes.com\/portada\/a-casanare-llego-la-hora-de-sembrar-platano\/#breadcrumb\",\"itemListElement\":[{\"@type\":\"ListItem\",\"position\":1,\"name\":\"Portada\",\"item\":\"https:\/\/marthacifuentes.com\/portada\/\"},{\"@type\":\"ListItem\",\"position\":2,\"name\":\"A Casanare lleg\u00f3 la hora de sembrar pl\u00e1tano\"}]},{\"@type\":\"WebSite\",\"@id\":\"https:\/\/marthacifuentes.com\/portada\/#website\",\"url\":\"https:\/\/marthacifuentes.com\/portada\/\",\"name\":\"\u25b7 Noticias de Casanare : Martha Cifuentes | Casanare\",\"description\":\"Noticias &amp; Contenidos\",\"potentialAction\":[{\"@type\":\"SearchAction\",\"target\":{\"@type\":\"EntryPoint\",\"urlTemplate\":\"https:\/\/marthacifuentes.com\/portada\/?s={search_term_string}\"},\"query-input\":{\"@type\":\"PropertyValueSpecification\",\"valueRequired\":true,\"valueName\":\"search_term_string\"}}],\"inLanguage\":\"es\"},{\"@type\":\"Person\",\"@id\":\"https:\/\/marthacifuentes.com\/portada\/#\/schema\/person\/57f53174b991db5f90ff78d58502b714\",\"name\":\"Martha Cifuentes\",\"image\":{\"@type\":\"ImageObject\",\"inLanguage\":\"es\",\"@id\":\"https:\/\/marthacifuentes.com\/portada\/#\/schema\/person\/image\/\",\"url\":\"http:\/\/marthacifuentes.com\/portada\/wp-content\/uploads\/2018\/06\/avatar_user_2_1528838701-96x96.jpg\",\"contentUrl\":\"http:\/\/marthacifuentes.com\/portada\/wp-content\/uploads\/2018\/06\/avatar_user_2_1528838701-96x96.jpg\",\"caption\":\"Martha Cifuentes\"},\"sameAs\":[\"http:\/\/www.marthacifuentes.com\"],\"url\":\"https:\/\/marthacifuentes.com\/portada\/author\/martha\/\"}]}<\/script>\n<!-- \/ Yoast SEO plugin. -->","yoast_head_json":{"title":"A Casanare lleg\u00f3 la hora de sembrar pl\u00e1tano - \u25b7 Noticias de Casanare : Martha Cifuentes | Casanare","robots":{"index":"index","follow":"follow","max-snippet":"max-snippet:-1","max-image-preview":"max-image-preview:large","max-video-preview":"max-video-preview:-1"},"canonical":"https:\/\/marthacifuentes.com\/portada\/a-casanare-llego-la-hora-de-sembrar-platano\/","og_locale":"es_ES","og_type":"article","og_title":"A Casanare lleg\u00f3 la hora de sembrar pl\u00e1tano - \u25b7 Noticias de Casanare : Martha Cifuentes | Casanare","og_description":"Pl\u00e1tano bien plantado. Casanare se ha propuesto establecer ciento cincuenta (150) hect\u00e1reas de pl\u00e1tano variedad hart\u00f3n, adoptando adecuados procesos de manejo agron\u00f3mico para potencializar la producci\u00f3n de esta cadena productiva. La Gobernaci\u00f3n de Casanare con el fin de fortalecer las cadenas productivas y los productores casanare\u00f1os, socializ\u00f3 ayer 19 de enero el programa para el &hellip;","og_url":"https:\/\/marthacifuentes.com\/portada\/a-casanare-llego-la-hora-de-sembrar-platano\/","og_site_name":"\u25b7 Noticias de Casanare : Martha Cifuentes | Casanare","article_published_time":"2022-01-19T15:23:01+00:00","og_image":[{"width":1280,"height":710,"url":"https:\/\/marthacifuentes.com\/portada\/wp-content\/uploads\/2022\/01\/WhatsApp-Image-2022-01-19-at-9.19.32-AM.jpeg","type":"image\/jpeg"}],"author":"Martha Cifuentes","twitter_card":"summary_large_image","twitter_misc":{"Escrito por":"Martha Cifuentes","Tiempo de lectura":"2 minutos"},"schema":{"@context":"https:\/\/schema.org","@graph":[{"@type":"WebPage","@id":"https:\/\/marthacifuentes.com\/portada\/a-casanare-llego-la-hora-de-sembrar-platano\/","url":"https:\/\/marthacifuentes.com\/portada\/a-casanare-llego-la-hora-de-sembrar-platano\/","name":"A Casanare lleg\u00f3 la hora de sembrar pl\u00e1tano - \u25b7 Noticias de Casanare : Martha Cifuentes | Casanare","isPartOf":{"@id":"https:\/\/marthacifuentes.com\/portada\/#website"},"primaryImageOfPage":{"@id":"https:\/\/marthacifuentes.com\/portada\/a-casanare-llego-la-hora-de-sembrar-platano\/#primaryimage"},"image":{"@id":"https:\/\/marthacifuentes.com\/portada\/a-casanare-llego-la-hora-de-sembrar-platano\/#primaryimage"},"thumbnailUrl":"https:\/\/marthacifuentes.com\/portada\/wp-content\/uploads\/2022\/01\/WhatsApp-Image-2022-01-19-at-9.19.32-AM.jpeg","datePublished":"2022-01-19T15:23:01+00:00","author":{"@id":"https:\/\/marthacifuentes.com\/portada\/#\/schema\/person\/57f53174b991db5f90ff78d58502b714"},"breadcrumb":{"@id":"https:\/\/marthacifuentes.com\/portada\/a-casanare-llego-la-hora-de-sembrar-platano\/#breadcrumb"},"inLanguage":"es","potentialAction":[{"@type":"ReadAction","target":["https:\/\/marthacifuentes.com\/portada\/a-casanare-llego-la-hora-de-sembrar-platano\/"]}]},{"@type":"ImageObject","inLanguage":"es","@id":"https:\/\/marthacifuentes.com\/portada\/a-casanare-llego-la-hora-de-sembrar-platano\/#primaryimage","url":"https:\/\/marthacifuentes.com\/portada\/wp-content\/uploads\/2022\/01\/WhatsApp-Image-2022-01-19-at-9.19.32-AM.jpeg","contentUrl":"https:\/\/marthacifuentes.com\/portada\/wp-content\/uploads\/2022\/01\/WhatsApp-Image-2022-01-19-at-9.19.32-AM.jpeg","width":1280,"height":710},{"@type":"BreadcrumbList","@id":"https:\/\/marthacifuentes.com\/portada\/a-casanare-llego-la-hora-de-sembrar-platano\/#breadcrumb","itemListElement":[{"@type":"ListItem","position":1,"name":"Portada","item":"https:\/\/marthacifuentes.com\/portada\/"},{"@type":"ListItem","position":2,"name":"A Casanare lleg\u00f3 la hora de sembrar pl\u00e1tano"}]},{"@type":"WebSite","@id":"https:\/\/marthacifuentes.com\/portada\/#website","url":"https:\/\/marthacifuentes.com\/portada\/","name":"\u25b7 Noticias de Casanare : Martha Cifuentes | Casanare","description":"Noticias &amp; Contenidos","potentialAction":[{"@type":"SearchAction","target":{"@type":"EntryPoint","urlTemplate":"https:\/\/marthacifuentes.com\/portada\/?s={search_term_string}"},"query-input":{"@type":"PropertyValueSpecification","valueRequired":true,"valueName":"search_term_string"}}],"inLanguage":"es"},{"@type":"Person","@id":"https:\/\/marthacifuentes.com\/portada\/#\/schema\/person\/57f53174b991db5f90ff78d58502b714","name":"Martha Cifuentes","image":{"@type":"ImageObject","inLanguage":"es","@id":"https:\/\/marthacifuentes.com\/portada\/#\/schema\/person\/image\/","url":"http:\/\/marthacifuentes.com\/portada\/wp-content\/uploads\/2018\/06\/avatar_user_2_1528838701-96x96.jpg","contentUrl":"http:\/\/marthacifuentes.com\/portada\/wp-content\/uploads\/2018\/06\/avatar_user_2_1528838701-96x96.jpg","caption":"Martha Cifuentes"},"sameAs":["http:\/\/www.marthacifuentes.com"],"url":"https:\/\/marthacifuentes.com\/portada\/author\/martha\/"}]}},"_links":{"self":[{"href":"https:\/\/marthacifuentes.com\/portada\/wp-json\/wp\/v2\/posts\/28048","targetHints":{"allow":["GET"]}}],"collection":[{"href":"https:\/\/marthacifuentes.com\/portada\/wp-json\/wp\/v2\/posts"}],"about":[{"href":"https:\/\/marthacifuentes.com\/portada\/wp-json\/wp\/v2\/types\/post"}],"author":[{"embeddable":true,"href":"https:\/\/marthacifuentes.com\/portada\/wp-json\/wp\/v2\/users\/2"}],"replies":[{"embeddable":true,"href":"https:\/\/marthacifuentes.com\/portada\/wp-json\/wp\/v2\/comments?post=28048"}],"version-history":[{"count":1,"href":"https:\/\/marthacifuentes.com\/portada\/wp-json\/wp\/v2\/posts\/28048\/revisions"}],"predecessor-version":[{"id":28051,"href":"https:\/\/marthacifuentes.com\/portada\/wp-json\/wp\/v2\/posts\/28048\/revisions\/28051"}],"wp:featuredmedia":[{"embeddable":true,"href":"https:\/\/marthacifuentes.com\/portada\/wp-json\/wp\/v2\/media\/28049"}],"wp:attachment":[{"href":"https:\/\/marthacifuentes.com\/portada\/wp-json\/wp\/v2\/media?parent=28048"}],"wp:term":[{"taxonomy":"category","embeddable":true,"href":"https:\/\/marthacifuentes.com\/portada\/wp-json\/wp\/v2\/categories?post=28048"},{"taxonomy":"post_tag","embeddable":true,"href":"https:\/\/marthacifuentes.com\/portada\/wp-json\/wp\/v2\/tags?post=28048"}],"curies":[{"name":"wp","href":"https:\/\/api.w.org\/{rel}","templated":true}]}}