{"id":28143,"date":"2022-01-27T10:43:19","date_gmt":"2022-01-27T15:43:19","guid":{"rendered":"https:\/\/marthacifuentes.com\/portada\/?p=28143"},"modified":"2022-01-27T10:43:19","modified_gmt":"2022-01-27T15:43:19","slug":"mujer-comerciante-fue-maltratada-amarrada-y-amenazada-con-cuchillo-en-aguazul","status":"publish","type":"post","link":"https:\/\/marthacifuentes.com\/portada\/mujer-comerciante-fue-maltratada-amarrada-y-amenazada-con-cuchillo-en-aguazul\/","title":{"rendered":"Mujer comerciante fue maltratada, amarrada y amenazada con cuchillo en Aguazul"},"content":{"rendered":"<p style=\"text-align: justify;\">\u201cLa hizo arrodillarse, le puso trapos en la boca, la maltrat\u00f3, amarr\u00f3, amenaz\u00f3 con un cuchillo y la encerr\u00f3 en el ba\u00f1o del local con un candado, se llev\u00f3 dinero, celulares y todo lo que encontr\u00f3 de valor\u201d, as\u00ed denunci\u00f3 una comerciante de Aguazul, lo sucedido con su mam\u00e1, quien fue sometida por un delincuente este 26 de enero.<\/p>\n<p style=\"text-align: justify;\">Tatiana Hern\u00e1ndez, poste\u00f3 en su perfil, im\u00e1genes del sujeto, captadas en una c\u00e1mara de seguridad, cuando ingres\u00f3 al establecimiento comercial. Igualmente se observa un video donde se ve al individuo saliendo del sitio. El sujeto es alto, flaco, con un arete, de tez morena y vest\u00eda de camisa blanca y pantaloneta a franjas. Se ve\u00eda sucio y descuidado.<\/p>\n<p style=\"text-align: justify;\">La mujer refiere que su se\u00f1ora madre se encuentra muy afectada por la forma como fue ultrajada y humillada, por el delincuente.<\/p>\n<p style=\"text-align: justify;\">La comunidad aguazule\u00f1a, coincide en que este municipio, v\u00edctima de otros tipos de violencia, ahora se ha vuelto presa de la delincuencia com\u00fan sin que las autoridades puedan controlar con efectividad a los bandidos.<\/p>\n<p>&nbsp;<\/p>\n<h2>Otras noticias\u2026<\/h2>\n<blockquote class=\"wp-embedded-content\" data-secret=\"n6FYVnqeVx\"><p><a href=\"https:\/\/marthacifuentes.com\/portada\/2022\/01\/27\/60-de-muertos-por-covid-19-en-enero-en-casanare-no-estaban-vacunados\/\">60% de muertos por Covid-19 en enero en Casanare no estaban vacunados.<\/a><\/p><\/blockquote>\n<p><iframe loading=\"lazy\" class=\"wp-embedded-content\" sandbox=\"allow-scripts\" security=\"restricted\" style=\"position: absolute; clip: rect(1px, 1px, 1px, 1px);\" title=\"\u00ab60% de muertos por Covid-19 en enero en Casanare no estaban vacunados.\u00bb \u2014 \u25b7 Noticias de Casanare : Martha Cifuentes | Casanare\" src=\"https:\/\/marthacifuentes.com\/portada\/2022\/01\/27\/60-de-muertos-por-covid-19-en-enero-en-casanare-no-estaban-vacunados\/embed\/#?secret=p5xvC6IizP#?secret=n6FYVnqeVx\" data-secret=\"n6FYVnqeVx\" width=\"500\" height=\"282\" frameborder=\"0\" marginwidth=\"0\" marginheight=\"0\" scrolling=\"no\"><\/iframe><\/p>\n<p><iframe loading=\"lazy\" class=\"wp-embedded-content\" title=\"\u00abEdison Silva, nuevo presidente de Junta Directiva de C\u00e1mara de Comercio de Casanare\u00bb \u2014 \u25b7 Noticias de Casanare : Martha Cifuentes | Casanare\" src=\"https:\/\/marthacifuentes.com\/portada\/2022\/01\/26\/edison-silva-nuevo-presidente-de-junta-directiva-de-camara-de-comercio-de-casanare\/embed\/#?secret=cmcWPdPRJe\" width=\"600\" height=\"620\" frameborder=\"0\" marginwidth=\"0\" marginheight=\"0\" scrolling=\"no\" sandbox=\"allow-scripts\" data-secret=\"cmcWPdPRJe\" data-mce-fragment=\"1\"><\/iframe><\/p>\n<p><iframe loading=\"lazy\" class=\"wp-embedded-content\" title=\"\u00ab\u201cVoy a poder hacer mi sue\u00f1o de tener mi casa, una realidad\u201d: V\u00edctima del conflicto armado en Casanare y beneficiaria de compensaci\u00f3n econ\u00f3mica de la Unidad de V\u00edctimas\u00bb \u2014 \u25b7 Noticias de Casanare : Martha Cifuentes | Casanare\" src=\"https:\/\/marthacifuentes.com\/portada\/2022\/01\/26\/voy-a-poder-hacer-mi-sueno-de-tener-mi-casa-una-realidad-victima-del-conflicto-armado-en-casanare-y-beneficiaria-de-compensacion-economica-de-la-unidad-de-victimas\/embed\/#?secret=gBoLHA7kc3\" width=\"600\" height=\"678\" frameborder=\"0\" marginwidth=\"0\" marginheight=\"0\" scrolling=\"no\" sandbox=\"allow-scripts\" data-secret=\"gBoLHA7kc3\" data-mce-fragment=\"1\"><\/iframe><\/p>\n<p><iframe loading=\"lazy\" class=\"wp-embedded-content\" title=\"\u00abRadicada nueva cartograf\u00eda (mapa) de Yopal en el IGAC, tras 11 a\u00f1os sin actualizarse. Luego vendr\u00e1 actualizaci\u00f3n catastral\u00bb \u2014 \u25b7 Noticias de Casanare : Martha Cifuentes | Casanare\" src=\"https:\/\/marthacifuentes.com\/portada\/2022\/01\/26\/radicada-nueva-cartografia-mapa-de-yopal-en-el-igac-tras-11-anos-sin-actualizarse-luego-vendra-actualizacion-catastral\/embed\/#?secret=fwZOJf3JxD\" width=\"600\" height=\"649\" frameborder=\"0\" marginwidth=\"0\" marginheight=\"0\" scrolling=\"no\" sandbox=\"allow-scripts\" data-secret=\"fwZOJf3JxD\" data-mce-fragment=\"1\"><\/iframe><\/p>\n<p>&nbsp;<\/p>\n<p><iframe loading=\"lazy\" class=\"wp-embedded-content\" title=\"\u00abEn Yopal este a\u00f1o el a\u00f1o escolar inici\u00f3 con Programa de Alimentaci\u00f3n Escolar\u00bb \u2014 \u25b7 Noticias de Casanare : Martha Cifuentes | Casanare\" src=\"https:\/\/marthacifuentes.com\/portada\/2022\/01\/25\/en-yopal-este-ano-el-ano-escolar-inicio-con-programa-de-alimentacion-escolar\/embed\/#?secret=Ob5NHgbdS3\" width=\"600\" height=\"620\" frameborder=\"0\" marginwidth=\"0\" marginheight=\"0\" scrolling=\"no\" sandbox=\"allow-scripts\" data-secret=\"Ob5NHgbdS3\" data-mce-fragment=\"1\"><\/iframe><\/p>\n<p><iframe loading=\"lazy\" class=\"wp-embedded-content\" title=\"\u00abP\u00e1ramo de Pisba, comienza proceso de delimitaci\u00f3n bajo \u00f3rdenes judiciales. Boyac\u00e1 y Casanare, defensores\u00bb \u2014 \u25b7 Noticias de Casanare : Martha Cifuentes | Casanare\" src=\"https:\/\/marthacifuentes.com\/portada\/2022\/01\/25\/paramo-de-pisba-comienza-proceso-de-delimitacion-bajo-ordenes-judiciales-boyaca-y-casanare-defensores\/embed\/#?secret=EZLbDIG40D\" width=\"600\" height=\"571\" frameborder=\"0\" marginwidth=\"0\" marginheight=\"0\" scrolling=\"no\" sandbox=\"allow-scripts\" data-secret=\"EZLbDIG40D\" data-mce-fragment=\"1\"><\/iframe><\/p>\n<p><iframe loading=\"lazy\" class=\"wp-embedded-content\" title=\"\u00abLadrones no solo se robaron 46 computadores del colegio Santa Helena, Villanueva, sino la posibilidad de acceder a la educaci\u00f3n virtual de los alumnos.\u00bb \u2014 \u25b7 Noticias de Casanare : Martha Cifuentes | Casanare\" src=\"https:\/\/marthacifuentes.com\/portada\/2022\/01\/25\/ladrones-no-solo-se-robaron-46-computadores-del-colegio-santa-helena-villanueva-sino-la-posibilidad-de-acceder-a-la-educacion-virtual-de-los-alumnos\/embed\/#?secret=NgHVxtGaps\" width=\"600\" height=\"649\" frameborder=\"0\" marginwidth=\"0\" marginheight=\"0\" scrolling=\"no\" sandbox=\"allow-scripts\" data-secret=\"NgHVxtGaps\" data-mce-fragment=\"1\"><\/iframe><\/p>\n<p><iframe loading=\"lazy\" class=\"wp-embedded-content\" title=\"\u00abJoven mujer yopale\u00f1a con c\u00e1ncer padece el mal servicio del hospital universitario San Ignacio y la Nueva EPS. Sufre dolores intensos.\u00bb \u2014 \u25b7 Noticias de Casanare : Martha Cifuentes | Casanare\" src=\"https:\/\/marthacifuentes.com\/portada\/2022\/01\/25\/joven-mujer-yopalena-con-cancer-padece-el-mal-servicio-del-hospital-universitario-san-ignacio-y-la-nueva-eps-sufre-dolores-intensos\/embed\/#?secret=tEOTsO0Poo\" width=\"600\" height=\"649\" frameborder=\"0\" marginwidth=\"0\" marginheight=\"0\" scrolling=\"no\" sandbox=\"allow-scripts\" data-secret=\"tEOTsO0Poo\" data-mce-fragment=\"1\"><\/iframe><\/p>\n<p><iframe loading=\"lazy\" class=\"wp-embedded-content\" title=\"\u00abPillados con 3 kilos de marihuana, pasajeros de bus Yopal-Paz de Ariporo\u00bb \u2014 \u25b7 Noticias de Casanare : Martha Cifuentes | Casanare\" src=\"https:\/\/marthacifuentes.com\/portada\/2022\/01\/25\/pillados-con-3-kilos-de-marihuana-pasajeros-de-bus-yopal-paz-de-ariporo\/embed\/#?secret=hWI5q3XDtH\" width=\"600\" height=\"598\" frameborder=\"0\" marginwidth=\"0\" marginheight=\"0\" scrolling=\"no\" sandbox=\"allow-scripts\" data-secret=\"hWI5q3XDtH\" data-mce-fragment=\"1\"><\/iframe><\/p>\n<p><iframe loading=\"lazy\" class=\"wp-embedded-content\" title=\"\u00abCasanare\u00f1a Constanza Engativ\u00e1, nueva jefe de las TIC en Ministerio de Salud.\u00bb \u2014 \u25b7 Noticias de Casanare : Martha Cifuentes | Casanare\" src=\"https:\/\/marthacifuentes.com\/portada\/2022\/01\/24\/casanarena-constanza-engativa-nueva-jefe-de-las-tic-en-ministerio-de-salud\/embed\/#?secret=ug5aCT92bq\" width=\"600\" height=\"621\" frameborder=\"0\" marginwidth=\"0\" marginheight=\"0\" scrolling=\"no\" sandbox=\"allow-scripts\" data-secret=\"ug5aCT92bq\" data-mce-fragment=\"1\"><\/iframe><\/p>\n<p><iframe loading=\"lazy\" class=\"wp-embedded-content\" title=\"\u00abCelulares, cuchillos hechizos y libreta con nombres, fueron hallados en C\u00e1rcel de Yopal\u00bb \u2014 \u25b7 Noticias de Casanare : Martha Cifuentes | Casanare\" src=\"https:\/\/marthacifuentes.com\/portada\/2022\/01\/24\/celulares-cuchillos-hechizos-y-libreta-con-nombres-fueron-hallados-en-carcel-de-yopal\/embed\/#?secret=6wlFmHSXNx\" width=\"600\" height=\"620\" frameborder=\"0\" marginwidth=\"0\" marginheight=\"0\" scrolling=\"no\" sandbox=\"allow-scripts\" data-secret=\"6wlFmHSXNx\" data-mce-fragment=\"1\"><\/iframe><\/p>\n<p><iframe loading=\"lazy\" class=\"wp-embedded-content\" title=\"\u00abParece que ahora s\u00ed Consejo Directivo de Corporinoquia podr\u00e1 elegir director\u00bb \u2014 \u25b7 Noticias de Casanare : Martha Cifuentes | Casanare\" src=\"https:\/\/marthacifuentes.com\/portada\/2022\/01\/24\/parece-que-ahora-si-consejo-directivo-de-corporinoquia-podra-elegir-director\/embed\/#?secret=oSmidOyJhU\" width=\"600\" height=\"621\" frameborder=\"0\" marginwidth=\"0\" marginheight=\"0\" scrolling=\"no\" sandbox=\"allow-scripts\" data-secret=\"oSmidOyJhU\" data-mce-fragment=\"1\"><\/iframe><\/p>\n<p>&nbsp;<\/p>\n<p><iframe loading=\"lazy\" class=\"wp-embedded-content\" title=\"\u00abPor irregularidades en elecci\u00f3n de personero de Yopal en 2015, Procuradur\u00eda sancion\u00f3 a 3 concejales. Uno de ellos aspira al Congreso.\u00bb \u2014 \u25b7 Noticias de Casanare : Martha Cifuentes | Casanare\" src=\"https:\/\/marthacifuentes.com\/portada\/2022\/01\/20\/por-irregularidades-en-eleccion-de-personero-de-yopal-en-2015-procuraduria-sanciono-a-3-concejales-uno-de-ellos-aspira-al-congreso\/embed\/#?secret=gDlOka0W16\" width=\"600\" height=\"594\" frameborder=\"0\" marginwidth=\"0\" marginheight=\"0\" scrolling=\"no\" sandbox=\"allow-scripts\" data-secret=\"gDlOka0W16\" data-mce-fragment=\"1\"><\/iframe><\/p>\n<p><iframe loading=\"lazy\" class=\"wp-embedded-content\" title=\"\u00abA Casanare lleg\u00f3 la hora de sembrar pl\u00e1tano\u00bb \u2014 \u25b7 Noticias de Casanare : Martha Cifuentes | Casanare\" src=\"https:\/\/marthacifuentes.com\/portada\/2022\/01\/19\/a-casanare-llego-la-hora-de-sembrar-platano\/embed\/#?secret=nursORm1hc\" width=\"600\" height=\"586\" frameborder=\"0\" marginwidth=\"0\" marginheight=\"0\" scrolling=\"no\" sandbox=\"allow-scripts\" data-secret=\"nursORm1hc\" data-mce-fragment=\"1\"><\/iframe><\/p>\n<p><iframe loading=\"lazy\" class=\"wp-embedded-content\" title=\"\u00abTemblor en Aguazul no dej\u00f3 da\u00f1os pero si caus\u00f3 temor. Se sinti\u00f3 en 5 departamentos.\u00bb \u2014 \u25b7 Noticias de Casanare : Martha Cifuentes | Casanare\" src=\"https:\/\/marthacifuentes.com\/portada\/2022\/01\/19\/temblor-en-aguazul-no-dejo-danos-pero-si-causo-temor-se-sintio-en-5-departamentos\/embed\/#?secret=rG1jkiPRdP\" width=\"600\" height=\"621\" frameborder=\"0\" marginwidth=\"0\" marginheight=\"0\" scrolling=\"no\" sandbox=\"allow-scripts\" data-secret=\"rG1jkiPRdP\" data-mce-fragment=\"1\"><\/iframe><\/p>\n<p><iframe loading=\"lazy\" class=\"wp-embedded-content\" title=\"\u00abApareci\u00f3 muerta l\u00edder social, veedora y coadyuvante en revocatoria del alcalde de Orocu\u00e9, Casanare.\u00bb \u2014 \u25b7 Noticias de Casanare : Martha Cifuentes | Casanare\" src=\"https:\/\/marthacifuentes.com\/portada\/2022\/01\/17\/aparecio-muerta-lider-social-veedora-y-coadyuvante-en-revocatoria-del-alcalde-de-orocue-casanare\/embed\/#?secret=lo5oxusG1A\" width=\"600\" height=\"621\" frameborder=\"0\" marginwidth=\"0\" marginheight=\"0\" scrolling=\"no\" sandbox=\"allow-scripts\" data-secret=\"lo5oxusG1A\" data-mce-fragment=\"1\"><\/iframe><\/p>\n<p><iframe loading=\"lazy\" class=\"wp-embedded-content\" title=\"\u00abJuez neg\u00f3 tutela que frenaba elecci\u00f3n de director de Corporinoquia. Consejo Directivo puede continuar con el proceso\u00bb \u2014 \u25b7 Noticias de Casanare : Martha Cifuentes | Casanare\" src=\"https:\/\/marthacifuentes.com\/portada\/2022\/01\/17\/juez-nego-tutela-que-frenaba-eleccion-de-director-de-corporinoquia-consejo-directivo-puede-continuar-con-el-proceso\/embed\/#?secret=kRu9Ez8QCy\" width=\"600\" height=\"649\" frameborder=\"0\" marginwidth=\"0\" marginheight=\"0\" scrolling=\"no\" sandbox=\"allow-scripts\" data-secret=\"kRu9Ez8QCy\" data-mce-fragment=\"1\"><\/iframe><\/p>\n<p><iframe loading=\"lazy\" class=\"wp-embedded-content\" title=\"\u00abPaso en v\u00eda Aguazul-Sogamoso solo estar\u00eda listo a finales de enero. Bloqueos afectaron cronograma.\u00bb \u2014 \u25b7 Noticias de Casanare : Martha Cifuentes | Casanare\" src=\"https:\/\/marthacifuentes.com\/portada\/2022\/01\/18\/paso-en-via-aguazul-sogamoso-solo-estaria-listo-a-finales-de-enero-bloqueos-afectaron-cronograma\/embed\/#?secret=pdEfIa370i\" width=\"600\" height=\"600\" frameborder=\"0\" marginwidth=\"0\" marginheight=\"0\" scrolling=\"no\" sandbox=\"allow-scripts\" data-secret=\"pdEfIa370i\" data-mce-fragment=\"1\"><\/iframe><\/p>\n<p><iframe loading=\"lazy\" class=\"wp-embedded-content\" title=\"\u00abAlcalde de Orocu\u00e9 se dio la pela y cancel\u00f3 las fiestas de enero, previniendo aumento de casos del Covid-19.\u00bb \u2014 \u25b7 Noticias de Casanare : Martha Cifuentes | Casanare\" src=\"https:\/\/marthacifuentes.com\/portada\/2022\/01\/07\/alcalde-de-orocue-se-dio-la-pela-y-cancelo-las-fiestas-de-enero-previniendo-aumento-de-casos-del-covid-19\/embed\/#?secret=xl7H7gWEdf\" width=\"600\" height=\"619\" frameborder=\"0\" marginwidth=\"0\" marginheight=\"0\" scrolling=\"no\" sandbox=\"allow-scripts\" data-secret=\"xl7H7gWEdf\" data-mce-fragment=\"1\"><\/iframe><\/p>\n<p><iframe loading=\"lazy\" class=\"wp-embedded-content\" title=\"\u00abHasta el 13 de enero hay inscripci\u00f3n de c\u00e9dulas para elecciones de Congreso 2022. Presencial o por internet se puede realizar el proceso.\u00bb \u2014 \u25b7 Noticias de Casanare : Martha Cifuentes | Casanare\" src=\"https:\/\/marthacifuentes.com\/portada\/2022\/01\/07\/hasta-el-13-de-enero-hay-inscripcion-de-cedulas-para-elecciones-de-congreso-2022-presencial-o-por-internet-se-puede-realizar-el-proceso\/embed\/#?secret=KsBn8eZhkO\" width=\"600\" height=\"564\" frameborder=\"0\" marginwidth=\"0\" marginheight=\"0\" scrolling=\"no\" sandbox=\"allow-scripts\" data-secret=\"KsBn8eZhkO\" data-mce-fragment=\"1\"><\/iframe><\/p>\n<p><iframe loading=\"lazy\" class=\"wp-embedded-content\" title=\"\u00abV\u00eda Aguazul-Sogamoso NO se abrir\u00e1 el 24 de enero, tras conflicto de tierras en La Granja. Obras llevan paralizadas 5 d\u00edas. Habr\u00eda desalojo a la fuerza.\u00bb \u2014 \u25b7 Noticias de Casanare : Martha Cifuentes | Casanare\" src=\"https:\/\/marthacifuentes.com\/portada\/2022\/01\/06\/via-aguazul-sogamoso-no-se-abrira-el-24-de-enero-tras-conflicto-de-tierras-en-la-granja-obras-llevan-paralizadas-5-dias-habria-desalojo-a-la-fuerza\/embed\/#?secret=dVXpGpbrPA\" width=\"600\" height=\"561\" frameborder=\"0\" marginwidth=\"0\" marginheight=\"0\" scrolling=\"no\" sandbox=\"allow-scripts\" data-secret=\"dVXpGpbrPA\" data-mce-fragment=\"1\"><\/iframe><\/p>\n<p><iframe loading=\"lazy\" class=\"wp-embedded-content\" title=\"\u00abMasacre de familia de S\u00e1cama, Casanare, sin esclarecer todav\u00eda.\u00bb \u2014 \u25b7 Noticias de Casanare : Martha Cifuentes | Casanare\" src=\"https:\/\/marthacifuentes.com\/portada\/2022\/01\/05\/masacre-de-familia-de-sacama-casanare-sin-esclarecer-todavia\/embed\/#?secret=pcIcN1Afd1\" width=\"600\" height=\"329\" frameborder=\"0\" marginwidth=\"0\" marginheight=\"0\" scrolling=\"no\" sandbox=\"allow-scripts\" data-secret=\"pcIcN1Afd1\" data-mce-fragment=\"1\"><\/iframe><\/p>\n<p><iframe loading=\"lazy\" class=\"wp-embedded-content\" title=\"\u00abCasanare es m\u00e1s seguro que en 2019, asevera comandante de Polic\u00eda, cr. Jos\u00e9 Miranda\u00bb \u2014 \u25b7 Noticias de Casanare : Martha Cifuentes | Casanare\" src=\"https:\/\/marthacifuentes.com\/portada\/2022\/01\/05\/casanare-es-mas-seguro-que-en-2019-asevera-comandante-de-policia-cr-jose-miranda\/embed\/#?secret=l08IJehWt9\" width=\"600\" height=\"586\" frameborder=\"0\" marginwidth=\"0\" marginheight=\"0\" scrolling=\"no\" sandbox=\"allow-scripts\" data-secret=\"l08IJehWt9\" data-mce-fragment=\"1\"><\/iframe><\/p>\n<p><iframe loading=\"lazy\" class=\"wp-embedded-content\" title=\"\u00abFalleci\u00f3 \u00d3scar Rinc\u00f3n, \u2018Kawasaki\u2019, due\u00f1o del tradicional almac\u00e9n Comercial Oskar en Yopal\u00bb \u2014 \u25b7 Noticias de Casanare : Martha Cifuentes | Casanare\" src=\"https:\/\/marthacifuentes.com\/portada\/2022\/01\/05\/fallecio-oscar-rincon-kawasaki-dueno-del-tradicional-almacen-comercial-oskar-en-yopal\/embed\/#?secret=rsv2LccWra\" width=\"600\" height=\"578\" frameborder=\"0\" marginwidth=\"0\" marginheight=\"0\" scrolling=\"no\" sandbox=\"allow-scripts\" data-secret=\"rsv2LccWra\" data-mce-fragment=\"1\"><\/iframe><\/p>\n<p><iframe loading=\"lazy\" class=\"wp-embedded-content\" title=\"\u00abOjo\u2026 Del 1 al 10% aument\u00f3 ocupaci\u00f3n de camas UCI en Casanare entre 1 y 2 de enero\u00bb \u2014 \u25b7 Noticias de Casanare : Martha Cifuentes | Casanare\" src=\"https:\/\/marthacifuentes.com\/portada\/2022\/01\/03\/ojo-del-1-al-10-aumento-ocupacion-de-camas-uci-en-casanare-entre-1-y-2-de-enero\/embed\/#?secret=KKCwqJPbRG\" width=\"600\" height=\"600\" frameborder=\"0\" marginwidth=\"0\" marginheight=\"0\" scrolling=\"no\" sandbox=\"allow-scripts\" data-secret=\"KKCwqJPbRG\" data-mce-fragment=\"1\"><\/iframe><\/p>\n<p><iframe loading=\"lazy\" class=\"wp-embedded-content\" title=\"\u00abCapresoca en riesgo de ser liquidada. Crisis financiera, ser\u00eda la causa, alerta ACESI.\u00bb \u2014 \u25b7 Noticias de Casanare : Martha Cifuentes | Casanare\" src=\"https:\/\/marthacifuentes.com\/portada\/2021\/12\/30\/capresoca-en-riesgo-de-ser-liquidada-crisis-financiera-seria-la-causa-alerta-acesi\/embed\/#?secret=rS1QWWLZHg\" width=\"600\" height=\"621\" frameborder=\"0\" marginwidth=\"0\" marginheight=\"0\" scrolling=\"no\" sandbox=\"allow-scripts\" data-secret=\"rS1QWWLZHg\" data-mce-fragment=\"1\"><\/iframe><\/p>\n<p><iframe loading=\"lazy\" class=\"wp-embedded-content\" title=\"\u00abHoy se cumplen 60 d\u00edas de cierre de la v\u00eda Aguazul-Sogamoso. Restar\u00edan 24 d\u00edas para volver a tener paso, seg\u00fan Inv\u00edas.\u00bb \u2014 \u25b7 Noticias de Casanare : Martha Cifuentes | Casanare\" src=\"https:\/\/marthacifuentes.com\/portada\/2021\/12\/30\/hoy-se-cumplen-60-dias-de-cierre-de-la-via-aguazul-sogamoso-restarian-24-dias-para-volver-a-tener-paso-segun-invias\/embed\/#?secret=dgWbBisKmx\" width=\"600\" height=\"542\" frameborder=\"0\" marginwidth=\"0\" marginheight=\"0\" scrolling=\"no\" sandbox=\"allow-scripts\" data-secret=\"dgWbBisKmx\" data-mce-fragment=\"1\"><\/iframe><\/p>\n<p><iframe loading=\"lazy\" class=\"wp-embedded-content\" title=\"\u00abKaterin \u00c1vila, neg\u00f3 haber matado a su pareja, juez Juan Pablo Flechas, quien cay\u00f3 de un edificio en Yopal. Vea el video probar\u00eda que se trat\u00f3 de un accidente.\u00bb \u2014 \u25b7 Noticias de Casanare : Martha Cifuentes | Casanare\" src=\"https:\/\/marthacifuentes.com\/portada\/2021\/12\/29\/katerin-avila-nego-haber-matado-a-su-pareja-juez-juan-pablo-flechas-quien-cayo-de-un-edificio-en-yopal-vea-el-video-probaria-que-se-trato-de-un-accidente\/embed\/#?secret=QHy2NcRQnL\" width=\"600\" height=\"628\" frameborder=\"0\" marginwidth=\"0\" marginheight=\"0\" scrolling=\"no\" sandbox=\"allow-scripts\" data-secret=\"QHy2NcRQnL\" data-mce-fragment=\"1\"><\/iframe><\/p>\n<p><iframe loading=\"lazy\" class=\"wp-embedded-content\" title=\"\u00abDenuncian por participaci\u00f3n en pol\u00edtica al alcalde de Yopal Luis Eduardo Castro y al director de la Casa de la Justicia\u00bb \u2014 \u25b7 Noticias de Casanare : Martha Cifuentes | Casanare\" src=\"https:\/\/marthacifuentes.com\/portada\/2021\/12\/29\/denuncian-por-participacion-en-politica-al-alcalde-de-yopal-luis-eduardo-castro-y-al-director-de-la-casa-de-la-justicia\/embed\/#?secret=oDzcSgJRdt\" width=\"600\" height=\"649\" frameborder=\"0\" marginwidth=\"0\" marginheight=\"0\" scrolling=\"no\" sandbox=\"allow-scripts\" data-secret=\"oDzcSgJRdt\" data-mce-fragment=\"1\"><\/iframe><\/p>\n<p><iframe loading=\"lazy\" class=\"wp-embedded-content\" title=\"\u00abDisidencias de las Farc niegan participaci\u00f3n en masacre de familia en S\u00e1cama. Sijin investiga hecho.\u00bb \u2014 \u25b7 Noticias de Casanare : Martha Cifuentes | Casanare\" src=\"https:\/\/marthacifuentes.com\/portada\/2021\/12\/29\/disidencias-de-las-farc-niegan-participacion-en-masacre-de-familia-en-sacama-sijin-investiga-hecho\/embed\/#?secret=4CEuvuztS9\" width=\"600\" height=\"595\" frameborder=\"0\" marginwidth=\"0\" marginheight=\"0\" scrolling=\"no\" sandbox=\"allow-scripts\" data-secret=\"4CEuvuztS9\" data-mce-fragment=\"1\"><\/iframe><\/p>\n<p><iframe loading=\"lazy\" class=\"wp-embedded-content\" title=\"\u00abSin control, tr\u00e1fico en v\u00eda El Morro-Labranzagrande. Accidentes y trancones, d\u00eda a d\u00eda\u00bb \u2014 \u25b7 Noticias de Casanare : Martha Cifuentes | Casanare\" src=\"https:\/\/marthacifuentes.com\/portada\/2021\/12\/29\/sin-control-trafico-en-via-el-morro-labranzagrande-accidentes-y-trancones-dia-a-dia\/embed\/#?secret=dJ41qPVSkD\" width=\"600\" height=\"544\" frameborder=\"0\" marginwidth=\"0\" marginheight=\"0\" scrolling=\"no\" sandbox=\"allow-scripts\" data-secret=\"dJ41qPVSkD\" data-mce-fragment=\"1\"><\/iframe><\/p>\n<p><iframe loading=\"lazy\" class=\"wp-embedded-content\" title=\"\u00abHermetismo de autoridades militares y policiales sobre masacre de familia campesina en S\u00e1cama, Casanare\u00bb \u2014 \u25b7 Noticias de Casanare : Martha Cifuentes | Casanare\" src=\"https:\/\/marthacifuentes.com\/portada\/2021\/12\/28\/hermetismo-de-autoridades-militares-y-policiales-sobre-masacre-de-familia-campesina-en-sacama-casanare\/embed\/#?secret=VpslGiJ5Vj\" width=\"600\" height=\"599\" frameborder=\"0\" marginwidth=\"0\" marginheight=\"0\" scrolling=\"no\" sandbox=\"allow-scripts\" data-secret=\"VpslGiJ5Vj\" data-mce-fragment=\"1\"><\/iframe><\/p>\n<p><iframe loading=\"lazy\" class=\"wp-embedded-content\" title=\"\u00abOtra vez elecci\u00f3n de director de Corporinoquia en veremos. Una tutela fren\u00f3 en seco el proceso.\u00bb \u2014 \u25b7 Noticias de Casanare : Martha Cifuentes | Casanare\" src=\"https:\/\/marthacifuentes.com\/portada\/2021\/12\/28\/otra-vez-eleccion-de-director-de-corporinoquia-en-veremos-una-tutela-freno-en-seco-el-proceso\/embed\/#?secret=7fba6D8rp7\" width=\"600\" height=\"533\" frameborder=\"0\" marginwidth=\"0\" marginheight=\"0\" scrolling=\"no\" sandbox=\"allow-scripts\" data-secret=\"7fba6D8rp7\" data-mce-fragment=\"1\"><\/iframe><\/p>\n<p><iframe loading=\"lazy\" class=\"wp-embedded-content\" title=\"\u00abMasacre de miembros de una familia en S\u00e1cama, Casanare\u00bb \u2014 \u25b7 Noticias de Casanare : Martha Cifuentes | Casanare\" src=\"https:\/\/marthacifuentes.com\/portada\/2021\/12\/27\/masacre-de-miembros-de-una-familia-en-sacama-casanare\/embed\/#?secret=gzn2NREqzK\" width=\"600\" height=\"613\" frameborder=\"0\" marginwidth=\"0\" marginheight=\"0\" scrolling=\"no\" sandbox=\"allow-scripts\" data-secret=\"gzn2NREqzK\" data-mce-fragment=\"1\"><\/iframe><\/p>\n<p><iframe loading=\"lazy\" class=\"wp-embedded-content\" title=\"\u00ab2 muertos y 9 heridos en accidentes de tr\u00e1nsito en v\u00edas y calles de Casanare, el fin de semana\u00bb \u2014 \u25b7 Noticias de Casanare : Martha Cifuentes | Casanare\" src=\"https:\/\/marthacifuentes.com\/portada\/2021\/12\/27\/2-muertos-y-9-heridos-en-accidentes-de-transito-en-vias-y-calles-de-casanare-el-fin-de-semana\/embed\/#?secret=ppYOVoRvJa\" width=\"600\" height=\"621\" frameborder=\"0\" marginwidth=\"0\" marginheight=\"0\" scrolling=\"no\" sandbox=\"allow-scripts\" data-secret=\"ppYOVoRvJa\" data-mce-fragment=\"1\"><\/iframe><\/p>\n<p><iframe loading=\"lazy\" class=\"wp-embedded-content\" title=\"\u00ab2 suicidios y un intento, este fin de semana en Casanare. Una mujer y un ind\u00edgena, las v\u00edctimas.\u00bb \u2014 \u25b7 Noticias de Casanare : Martha Cifuentes | Casanare\" src=\"https:\/\/marthacifuentes.com\/portada\/2021\/12\/27\/2-suicidios-y-un-intento-este-fin-de-semana-en-casanare-una-mujer-y-un-indigena-las-victimas\/embed\/#?secret=p9jDyvYS23\" width=\"600\" height=\"600\" frameborder=\"0\" marginwidth=\"0\" marginheight=\"0\" scrolling=\"no\" sandbox=\"allow-scripts\" data-secret=\"p9jDyvYS23\" data-mce-fragment=\"1\"><\/iframe><\/p>\n<p><iframe loading=\"lazy\" class=\"wp-embedded-content\" title=\"\u00abPor intolerancia en ri\u00f1as fueron asesinados 2 hombres y heridos al menos otros 5 en Pore y Paz de Ariporo, Casanare\u00bb \u2014 \u25b7 Noticias de Casanare : Martha Cifuentes | Casanare\" src=\"https:\/\/marthacifuentes.com\/portada\/2021\/12\/27\/por-intolerancia-en-rinas-fueron-asesinados-2-hombres-y-heridos-al-menos-otros-5-en-pore-y-paz-de-ariporo-casanare\/embed\/#?secret=NNejClCXwZ\" width=\"600\" height=\"649\" frameborder=\"0\" marginwidth=\"0\" marginheight=\"0\" scrolling=\"no\" sandbox=\"allow-scripts\" data-secret=\"NNejClCXwZ\" data-mce-fragment=\"1\"><\/iframe><\/p>\n<p><iframe loading=\"lazy\" class=\"wp-embedded-content\" title=\"\u00abArsenal de explosivos fueron hallados camuflados en cami\u00f3n de gallinaza en Villanueva, Casanare\u00bb \u2014 \u25b7 Noticias de Casanare : Martha Cifuentes | Casanare\" src=\"https:\/\/marthacifuentes.com\/portada\/2021\/12\/27\/arsenal-de-explosivos-fueron-hallados-camuflados-en-camion-de-gallinaza-en-villanueva-casanare\/embed\/#?secret=HdMpVTrWoY\" width=\"600\" height=\"621\" frameborder=\"0\" marginwidth=\"0\" marginheight=\"0\" scrolling=\"no\" sandbox=\"allow-scripts\" data-secret=\"HdMpVTrWoY\" data-mce-fragment=\"1\"><\/iframe><\/p>\n<p><iframe loading=\"lazy\" class=\"wp-embedded-content\" title=\"\u00abNi suicidio ni homicidio sino un accidente fatal, ser\u00eda la causa de la muerte de Juez Juan Pablo Flechas en Yopal. Video confirmar\u00eda la tesis.\u00bb \u2014 \u25b7 Noticias de Casanare : Martha Cifuentes | Casanare\" src=\"https:\/\/marthacifuentes.com\/portada\/2021\/12\/25\/ni-suicidio-ni-homicidio-sino-un-accidente-fatal-seria-la-causa-de-la-muerte-de-juez-juan-pablo-flechas-en-yopal-video-confirmaria-la-tesis\/embed\/#?secret=UEkZ2lQNL0\" width=\"600\" height=\"603\" frameborder=\"0\" marginwidth=\"0\" marginheight=\"0\" scrolling=\"no\" sandbox=\"allow-scripts\" data-secret=\"UEkZ2lQNL0\" data-mce-fragment=\"1\"><\/iframe><\/p>\n<p><iframe loading=\"lazy\" class=\"wp-embedded-content\" title=\"\u00abMilagrosamente hombre que se lanz\u00f3 del 5\u00b0 piso de edificio de Yopal sobrevivi\u00f3 aunque est\u00e1 grave.\u00bb \u2014 \u25b7 Noticias de Casanare : Martha Cifuentes | Casanare\" src=\"https:\/\/marthacifuentes.com\/portada\/2021\/12\/24\/milagrosamente-hombre-que-se-lanzo-del-5-piso-de-edificio-de-yopal-sobrevivio-aunque-esta-grave\/embed\/#?secret=f4YX8vzgCf\" width=\"600\" height=\"620\" frameborder=\"0\" marginwidth=\"0\" marginheight=\"0\" scrolling=\"no\" sandbox=\"allow-scripts\" data-secret=\"f4YX8vzgCf\" data-mce-fragment=\"1\"><\/iframe><\/p>\n","protected":false},"excerpt":{"rendered":"<p>\u201cLa hizo arrodillarse, le puso trapos en la boca, la maltrat\u00f3, amarr\u00f3, amenaz\u00f3 con un cuchillo y la encerr\u00f3 en el ba\u00f1o del local con un candado, se llev\u00f3 dinero, celulares y todo lo que encontr\u00f3 de valor\u201d, as\u00ed denunci\u00f3 una comerciante de Aguazul, lo sucedido con su mam\u00e1, quien fue sometida por un delincuente &hellip;<\/p>\n","protected":false},"author":2,"featured_media":28144,"comment_status":"open","ping_status":"open","sticky":false,"template":"","format":"standard","meta":{"om_disable_all_campaigns":false,"_exactmetrics_skip_tracking":false,"_exactmetrics_sitenote_active":false,"_exactmetrics_sitenote_note":"","_exactmetrics_sitenote_category":0,"_monsterinsights_skip_tracking":false,"_monsterinsights_sitenote_active":false,"_monsterinsights_sitenote_note":"","_monsterinsights_sitenote_category":0,"_uf_show_specific_survey":0,"_uf_disable_surveys":false,"_joinchat":[],"footnotes":""},"categories":[147,146,145],"tags":[219,2236,1373,6666,6670,6668,6667,6669],"class_list":["post-28143","post","type-post","status-publish","format-standard","has-post-thumbnail","hentry","category-actualidad","category-noticias","category-reportajes","tag-aguazul","tag-aguazul-noticias","tag-casanare-noticias","tag-caso-de-violencia-extrema-en-atraco","tag-comunidad-aguzulena-pide-investigar","tag-quedo-grabado-envideo-delincuente","tag-sometida-por-delincuente","tag-tatiana-hernandez"],"yoast_head":"<!-- This site is optimized with the Yoast SEO plugin v26.1 - https:\/\/yoast.com\/wordpress\/plugins\/seo\/ -->\n<title>Mujer comerciante fue maltratada, amarrada y amenazada con cuchillo en Aguazul - \u25b7 Noticias de Casanare : Martha Cifuentes | Casanare<\/title>\n<meta name=\"robots\" content=\"index, follow, max-snippet:-1, max-image-preview:large, max-video-preview:-1\" \/>\n<link rel=\"canonical\" href=\"https:\/\/marthacifuentes.com\/portada\/mujer-comerciante-fue-maltratada-amarrada-y-amenazada-con-cuchillo-en-aguazul\/\" \/>\n<meta property=\"og:locale\" content=\"es_ES\" \/>\n<meta property=\"og:type\" content=\"article\" \/>\n<meta property=\"og:title\" content=\"Mujer comerciante fue maltratada, amarrada y amenazada con cuchillo en Aguazul - \u25b7 Noticias de Casanare : Martha Cifuentes | Casanare\" \/>\n<meta property=\"og:description\" content=\"\u201cLa hizo arrodillarse, le puso trapos en la boca, la maltrat\u00f3, amarr\u00f3, amenaz\u00f3 con un cuchillo y la encerr\u00f3 en el ba\u00f1o del local con un candado, se llev\u00f3 dinero, celulares y todo lo que encontr\u00f3 de valor\u201d, as\u00ed denunci\u00f3 una comerciante de Aguazul, lo sucedido con su mam\u00e1, quien fue sometida por un delincuente &hellip;\" \/>\n<meta property=\"og:url\" content=\"https:\/\/marthacifuentes.com\/portada\/mujer-comerciante-fue-maltratada-amarrada-y-amenazada-con-cuchillo-en-aguazul\/\" \/>\n<meta property=\"og:site_name\" content=\"\u25b7 Noticias de Casanare : Martha Cifuentes | Casanare\" \/>\n<meta property=\"article:published_time\" content=\"2022-01-27T15:43:19+00:00\" \/>\n<meta property=\"og:image\" content=\"https:\/\/marthacifuentes.com\/portada\/wp-content\/uploads\/2022\/01\/MUJER-VICTIMA-DE-ROBO-EN-AGUAZUL.jpg\" \/>\n\t<meta property=\"og:image:width\" content=\"1600\" \/>\n\t<meta property=\"og:image:height\" content=\"739\" \/>\n\t<meta property=\"og:image:type\" content=\"image\/jpeg\" \/>\n<meta name=\"author\" content=\"Martha Cifuentes\" \/>\n<meta name=\"twitter:card\" content=\"summary_large_image\" \/>\n<meta name=\"twitter:label1\" content=\"Escrito por\" \/>\n\t<meta name=\"twitter:data1\" content=\"Martha Cifuentes\" \/>\n\t<meta name=\"twitter:label2\" content=\"Tiempo de lectura\" \/>\n\t<meta name=\"twitter:data2\" content=\"1 minuto\" \/>\n<script type=\"application\/ld+json\" class=\"yoast-schema-graph\">{\"@context\":\"https:\/\/schema.org\",\"@graph\":[{\"@type\":\"WebPage\",\"@id\":\"https:\/\/marthacifuentes.com\/portada\/mujer-comerciante-fue-maltratada-amarrada-y-amenazada-con-cuchillo-en-aguazul\/\",\"url\":\"https:\/\/marthacifuentes.com\/portada\/mujer-comerciante-fue-maltratada-amarrada-y-amenazada-con-cuchillo-en-aguazul\/\",\"name\":\"Mujer comerciante fue maltratada, amarrada y amenazada con cuchillo en Aguazul - \u25b7 Noticias de Casanare : Martha Cifuentes | Casanare\",\"isPartOf\":{\"@id\":\"https:\/\/marthacifuentes.com\/portada\/#website\"},\"primaryImageOfPage\":{\"@id\":\"https:\/\/marthacifuentes.com\/portada\/mujer-comerciante-fue-maltratada-amarrada-y-amenazada-con-cuchillo-en-aguazul\/#primaryimage\"},\"image\":{\"@id\":\"https:\/\/marthacifuentes.com\/portada\/mujer-comerciante-fue-maltratada-amarrada-y-amenazada-con-cuchillo-en-aguazul\/#primaryimage\"},\"thumbnailUrl\":\"https:\/\/marthacifuentes.com\/portada\/wp-content\/uploads\/2022\/01\/MUJER-VICTIMA-DE-ROBO-EN-AGUAZUL.jpg\",\"datePublished\":\"2022-01-27T15:43:19+00:00\",\"author\":{\"@id\":\"https:\/\/marthacifuentes.com\/portada\/#\/schema\/person\/57f53174b991db5f90ff78d58502b714\"},\"breadcrumb\":{\"@id\":\"https:\/\/marthacifuentes.com\/portada\/mujer-comerciante-fue-maltratada-amarrada-y-amenazada-con-cuchillo-en-aguazul\/#breadcrumb\"},\"inLanguage\":\"es\",\"potentialAction\":[{\"@type\":\"ReadAction\",\"target\":[\"https:\/\/marthacifuentes.com\/portada\/mujer-comerciante-fue-maltratada-amarrada-y-amenazada-con-cuchillo-en-aguazul\/\"]}]},{\"@type\":\"ImageObject\",\"inLanguage\":\"es\",\"@id\":\"https:\/\/marthacifuentes.com\/portada\/mujer-comerciante-fue-maltratada-amarrada-y-amenazada-con-cuchillo-en-aguazul\/#primaryimage\",\"url\":\"https:\/\/marthacifuentes.com\/portada\/wp-content\/uploads\/2022\/01\/MUJER-VICTIMA-DE-ROBO-EN-AGUAZUL.jpg\",\"contentUrl\":\"https:\/\/marthacifuentes.com\/portada\/wp-content\/uploads\/2022\/01\/MUJER-VICTIMA-DE-ROBO-EN-AGUAZUL.jpg\",\"width\":1600,\"height\":739},{\"@type\":\"BreadcrumbList\",\"@id\":\"https:\/\/marthacifuentes.com\/portada\/mujer-comerciante-fue-maltratada-amarrada-y-amenazada-con-cuchillo-en-aguazul\/#breadcrumb\",\"itemListElement\":[{\"@type\":\"ListItem\",\"position\":1,\"name\":\"Portada\",\"item\":\"https:\/\/marthacifuentes.com\/portada\/\"},{\"@type\":\"ListItem\",\"position\":2,\"name\":\"Mujer comerciante fue maltratada, amarrada y amenazada con cuchillo en Aguazul\"}]},{\"@type\":\"WebSite\",\"@id\":\"https:\/\/marthacifuentes.com\/portada\/#website\",\"url\":\"https:\/\/marthacifuentes.com\/portada\/\",\"name\":\"\u25b7 Noticias de Casanare : Martha Cifuentes | Casanare\",\"description\":\"Noticias &amp; Contenidos\",\"potentialAction\":[{\"@type\":\"SearchAction\",\"target\":{\"@type\":\"EntryPoint\",\"urlTemplate\":\"https:\/\/marthacifuentes.com\/portada\/?s={search_term_string}\"},\"query-input\":{\"@type\":\"PropertyValueSpecification\",\"valueRequired\":true,\"valueName\":\"search_term_string\"}}],\"inLanguage\":\"es\"},{\"@type\":\"Person\",\"@id\":\"https:\/\/marthacifuentes.com\/portada\/#\/schema\/person\/57f53174b991db5f90ff78d58502b714\",\"name\":\"Martha Cifuentes\",\"image\":{\"@type\":\"ImageObject\",\"inLanguage\":\"es\",\"@id\":\"https:\/\/marthacifuentes.com\/portada\/#\/schema\/person\/image\/\",\"url\":\"http:\/\/marthacifuentes.com\/portada\/wp-content\/uploads\/2018\/06\/avatar_user_2_1528838701-96x96.jpg\",\"contentUrl\":\"http:\/\/marthacifuentes.com\/portada\/wp-content\/uploads\/2018\/06\/avatar_user_2_1528838701-96x96.jpg\",\"caption\":\"Martha Cifuentes\"},\"sameAs\":[\"http:\/\/www.marthacifuentes.com\"],\"url\":\"https:\/\/marthacifuentes.com\/portada\/author\/martha\/\"}]}<\/script>\n<!-- \/ Yoast SEO plugin. -->","yoast_head_json":{"title":"Mujer comerciante fue maltratada, amarrada y amenazada con cuchillo en Aguazul - \u25b7 Noticias de Casanare : Martha Cifuentes | Casanare","robots":{"index":"index","follow":"follow","max-snippet":"max-snippet:-1","max-image-preview":"max-image-preview:large","max-video-preview":"max-video-preview:-1"},"canonical":"https:\/\/marthacifuentes.com\/portada\/mujer-comerciante-fue-maltratada-amarrada-y-amenazada-con-cuchillo-en-aguazul\/","og_locale":"es_ES","og_type":"article","og_title":"Mujer comerciante fue maltratada, amarrada y amenazada con cuchillo en Aguazul - \u25b7 Noticias de Casanare : Martha Cifuentes | Casanare","og_description":"\u201cLa hizo arrodillarse, le puso trapos en la boca, la maltrat\u00f3, amarr\u00f3, amenaz\u00f3 con un cuchillo y la encerr\u00f3 en el ba\u00f1o del local con un candado, se llev\u00f3 dinero, celulares y todo lo que encontr\u00f3 de valor\u201d, as\u00ed denunci\u00f3 una comerciante de Aguazul, lo sucedido con su mam\u00e1, quien fue sometida por un delincuente &hellip;","og_url":"https:\/\/marthacifuentes.com\/portada\/mujer-comerciante-fue-maltratada-amarrada-y-amenazada-con-cuchillo-en-aguazul\/","og_site_name":"\u25b7 Noticias de Casanare : Martha Cifuentes | Casanare","article_published_time":"2022-01-27T15:43:19+00:00","og_image":[{"width":1600,"height":739,"url":"https:\/\/marthacifuentes.com\/portada\/wp-content\/uploads\/2022\/01\/MUJER-VICTIMA-DE-ROBO-EN-AGUAZUL.jpg","type":"image\/jpeg"}],"author":"Martha Cifuentes","twitter_card":"summary_large_image","twitter_misc":{"Escrito por":"Martha Cifuentes","Tiempo de lectura":"1 minuto"},"schema":{"@context":"https:\/\/schema.org","@graph":[{"@type":"WebPage","@id":"https:\/\/marthacifuentes.com\/portada\/mujer-comerciante-fue-maltratada-amarrada-y-amenazada-con-cuchillo-en-aguazul\/","url":"https:\/\/marthacifuentes.com\/portada\/mujer-comerciante-fue-maltratada-amarrada-y-amenazada-con-cuchillo-en-aguazul\/","name":"Mujer comerciante fue maltratada, amarrada y amenazada con cuchillo en Aguazul - \u25b7 Noticias de Casanare : Martha Cifuentes | Casanare","isPartOf":{"@id":"https:\/\/marthacifuentes.com\/portada\/#website"},"primaryImageOfPage":{"@id":"https:\/\/marthacifuentes.com\/portada\/mujer-comerciante-fue-maltratada-amarrada-y-amenazada-con-cuchillo-en-aguazul\/#primaryimage"},"image":{"@id":"https:\/\/marthacifuentes.com\/portada\/mujer-comerciante-fue-maltratada-amarrada-y-amenazada-con-cuchillo-en-aguazul\/#primaryimage"},"thumbnailUrl":"https:\/\/marthacifuentes.com\/portada\/wp-content\/uploads\/2022\/01\/MUJER-VICTIMA-DE-ROBO-EN-AGUAZUL.jpg","datePublished":"2022-01-27T15:43:19+00:00","author":{"@id":"https:\/\/marthacifuentes.com\/portada\/#\/schema\/person\/57f53174b991db5f90ff78d58502b714"},"breadcrumb":{"@id":"https:\/\/marthacifuentes.com\/portada\/mujer-comerciante-fue-maltratada-amarrada-y-amenazada-con-cuchillo-en-aguazul\/#breadcrumb"},"inLanguage":"es","potentialAction":[{"@type":"ReadAction","target":["https:\/\/marthacifuentes.com\/portada\/mujer-comerciante-fue-maltratada-amarrada-y-amenazada-con-cuchillo-en-aguazul\/"]}]},{"@type":"ImageObject","inLanguage":"es","@id":"https:\/\/marthacifuentes.com\/portada\/mujer-comerciante-fue-maltratada-amarrada-y-amenazada-con-cuchillo-en-aguazul\/#primaryimage","url":"https:\/\/marthacifuentes.com\/portada\/wp-content\/uploads\/2022\/01\/MUJER-VICTIMA-DE-ROBO-EN-AGUAZUL.jpg","contentUrl":"https:\/\/marthacifuentes.com\/portada\/wp-content\/uploads\/2022\/01\/MUJER-VICTIMA-DE-ROBO-EN-AGUAZUL.jpg","width":1600,"height":739},{"@type":"BreadcrumbList","@id":"https:\/\/marthacifuentes.com\/portada\/mujer-comerciante-fue-maltratada-amarrada-y-amenazada-con-cuchillo-en-aguazul\/#breadcrumb","itemListElement":[{"@type":"ListItem","position":1,"name":"Portada","item":"https:\/\/marthacifuentes.com\/portada\/"},{"@type":"ListItem","position":2,"name":"Mujer comerciante fue maltratada, amarrada y amenazada con cuchillo en Aguazul"}]},{"@type":"WebSite","@id":"https:\/\/marthacifuentes.com\/portada\/#website","url":"https:\/\/marthacifuentes.com\/portada\/","name":"\u25b7 Noticias de Casanare : Martha Cifuentes | Casanare","description":"Noticias &amp; Contenidos","potentialAction":[{"@type":"SearchAction","target":{"@type":"EntryPoint","urlTemplate":"https:\/\/marthacifuentes.com\/portada\/?s={search_term_string}"},"query-input":{"@type":"PropertyValueSpecification","valueRequired":true,"valueName":"search_term_string"}}],"inLanguage":"es"},{"@type":"Person","@id":"https:\/\/marthacifuentes.com\/portada\/#\/schema\/person\/57f53174b991db5f90ff78d58502b714","name":"Martha Cifuentes","image":{"@type":"ImageObject","inLanguage":"es","@id":"https:\/\/marthacifuentes.com\/portada\/#\/schema\/person\/image\/","url":"http:\/\/marthacifuentes.com\/portada\/wp-content\/uploads\/2018\/06\/avatar_user_2_1528838701-96x96.jpg","contentUrl":"http:\/\/marthacifuentes.com\/portada\/wp-content\/uploads\/2018\/06\/avatar_user_2_1528838701-96x96.jpg","caption":"Martha Cifuentes"},"sameAs":["http:\/\/www.marthacifuentes.com"],"url":"https:\/\/marthacifuentes.com\/portada\/author\/martha\/"}]}},"_links":{"self":[{"href":"https:\/\/marthacifuentes.com\/portada\/wp-json\/wp\/v2\/posts\/28143","targetHints":{"allow":["GET"]}}],"collection":[{"href":"https:\/\/marthacifuentes.com\/portada\/wp-json\/wp\/v2\/posts"}],"about":[{"href":"https:\/\/marthacifuentes.com\/portada\/wp-json\/wp\/v2\/types\/post"}],"author":[{"embeddable":true,"href":"https:\/\/marthacifuentes.com\/portada\/wp-json\/wp\/v2\/users\/2"}],"replies":[{"embeddable":true,"href":"https:\/\/marthacifuentes.com\/portada\/wp-json\/wp\/v2\/comments?post=28143"}],"version-history":[{"count":1,"href":"https:\/\/marthacifuentes.com\/portada\/wp-json\/wp\/v2\/posts\/28143\/revisions"}],"predecessor-version":[{"id":28145,"href":"https:\/\/marthacifuentes.com\/portada\/wp-json\/wp\/v2\/posts\/28143\/revisions\/28145"}],"wp:featuredmedia":[{"embeddable":true,"href":"https:\/\/marthacifuentes.com\/portada\/wp-json\/wp\/v2\/media\/28144"}],"wp:attachment":[{"href":"https:\/\/marthacifuentes.com\/portada\/wp-json\/wp\/v2\/media?parent=28143"}],"wp:term":[{"taxonomy":"category","embeddable":true,"href":"https:\/\/marthacifuentes.com\/portada\/wp-json\/wp\/v2\/categories?post=28143"},{"taxonomy":"post_tag","embeddable":true,"href":"https:\/\/marthacifuentes.com\/portada\/wp-json\/wp\/v2\/tags?post=28143"}],"curies":[{"name":"wp","href":"https:\/\/api.w.org\/{rel}","templated":true}]}}