{"id":28160,"date":"2022-01-27T17:51:09","date_gmt":"2022-01-27T22:51:09","guid":{"rendered":"https:\/\/marthacifuentes.com\/portada\/?p=28160"},"modified":"2022-01-27T17:51:09","modified_gmt":"2022-01-27T22:51:09","slug":"aun-no-se-confirma-muerte-de-alias-antonio-medina-cabecilla-frente-28-disidencias-de-las-farc-ejercito-trata-de-verificar-informacion-sobre-su-deceso","status":"publish","type":"post","link":"https:\/\/marthacifuentes.com\/portada\/aun-no-se-confirma-muerte-de-alias-antonio-medina-cabecilla-frente-28-disidencias-de-las-farc-ejercito-trata-de-verificar-informacion-sobre-su-deceso\/","title":{"rendered":"A\u00fan no se confirma muerte de alias \u2018antonio medina\u2019, cabecilla frente 28 disidencias de las Farc. Ej\u00e9rcito trata de verificar informaci\u00f3n sobre su deceso."},"content":{"rendered":"<p style=\"text-align: justify;\">Ni el Ej\u00e9rcito Nacional ni el presidente Iv\u00e1n Duque han confirmado la muerte de Omar Pardo Galeano, alias \u2018antonio medina\u2019, cabecilla de las disidencias de las Farc, frente 28. \u00a0Supuestamente habr\u00eda sido abatido durante enfrentamientos con el grupo armado ELN en Venezuela, con el que libraba intensa batalla desde hace varias semanas.<\/p>\n<p style=\"text-align: justify;\">Versiones extraoficiales dan cuenta de enfrentamientos entre los poblados de Sarare y Ca\u00f1itos, en medio de la guerra que se declararon estos dos grupos armados ilegales.<\/p>\n<div style=\"width: 1280px;\" class=\"wp-video\"><!--[if lt IE 9]><script>document.createElement('video');<\/script><![endif]-->\n<video class=\"wp-video-shortcode\" id=\"video-28160-1\" width=\"1280\" height=\"720\" preload=\"metadata\" controls=\"controls\"><source type=\"video\/mp4\" src=\"https:\/\/marthacifuentes.com\/portada\/wp-content\/uploads\/2022\/01\/JHZu-1GfOLRygL2V.mp4?_=1\" \/><a href=\"https:\/\/marthacifuentes.com\/portada\/wp-content\/uploads\/2022\/01\/JHZu-1GfOLRygL2V.mp4\">https:\/\/marthacifuentes.com\/portada\/wp-content\/uploads\/2022\/01\/JHZu-1GfOLRygL2V.mp4<\/a><\/video><\/div>\n<p>&nbsp;<\/p>\n<p style=\"text-align: justify;\"><strong>Qui\u00e9n es alia \u2018antonio medina\u2019<\/strong><\/p>\n<p style=\"text-align: justify;\">El temible hombre, quien ha sembrado el terror entre los habitantes, empresarios, comerciantes, ganaderos, finqueros y contratistas de Arauca y Casanare, perteneci\u00f3 a las extintas Farc y estaba bajo la subordinaci\u00f3n de alias \u2018gentil duarte\u2019 e \u2018Iv\u00e1n Mordisco\u2019, encargado de la expansi\u00f3n de esta organizaci\u00f3n armada, en la frontera con Venezuela.<\/p>\n<p style=\"text-align: justify;\">A trav\u00e9s de diversos videos y comunicados se atribuy\u00f3 muertos, atentados, extorsiones, cobros de \u2018vacunas\u2019 y secuestro de ciudadanos de T\u00e1mara, Paz de Ariporo, Yopal y otros municipios de Casanare y Arauca.<\/p>\n<p style=\"text-align: justify;\">Uno de los m\u00e1s recientes y cruentos ataques en Casanare ocurri\u00f3 en Paz de Ariporo en noviembre de 2021, donde resultaron asesinados 3 militares y 1 civil, 5 soldados heridos y se ocasion\u00f3 gran zozobra en la poblaci\u00f3n.<\/p>\n<p style=\"text-align: justify;\">Tambi\u00e9n se adjudic\u00f3 el atentado en agosto de 2021 a una residencia en T\u00e1mara donde resid\u00edan trabajadores del contratista del megacolegio que est\u00e1 en construcci\u00f3n. En este resultaron al menos 4 viviendas y 2 carros afectados.<\/p>\n<p style=\"text-align: justify;\">Este sujeto, tambi\u00e9n se hab\u00eda atribuido el asesinato de Dumar Mauricio Mesa Camacho en el parque principal de Paz de Ariporo ocurrido en agosto de 2020, bajo el argumento de que este era el l\u00edder de una banda delincuencial.<\/p>\n<p style=\"text-align: justify;\">El gobierno colombiano hab\u00eda fijado una recompensa de mil millones de pesos por informaci\u00f3n contundente que condujera a la captura de este guerrillero. \u00a0Recientemente hab\u00eda enviado por redes sociales un video, como era su costumbre, en el que el frente 28 le declaraba la guerra al ELN, despu\u00e9s de que supuestamente este \u00faltimo realizara un ataque en el que mataron a varios miembros del grupo insurgente.<\/p>\n<p style=\"text-align: justify;\">En redes sociales circulan videos sobre combates donde el hombre era perseguido por unidades del ELN.<\/p>\n<div style=\"width: 234px;\" class=\"wp-video\"><video class=\"wp-video-shortcode\" id=\"video-28160-2\" width=\"234\" height=\"426\" preload=\"metadata\" controls=\"controls\"><source type=\"video\/mp4\" src=\"https:\/\/marthacifuentes.com\/portada\/wp-content\/uploads\/2022\/01\/272764165_599816147782774_8985178505412049571_n.mp4?_=2\" \/><a href=\"https:\/\/marthacifuentes.com\/portada\/wp-content\/uploads\/2022\/01\/272764165_599816147782774_8985178505412049571_n.mp4\">https:\/\/marthacifuentes.com\/portada\/wp-content\/uploads\/2022\/01\/272764165_599816147782774_8985178505412049571_n.mp4<\/a><\/video><\/div>\n<div style=\"width: 414px;\" class=\"wp-video\"><video class=\"wp-video-shortcode\" id=\"video-28160-3\" width=\"414\" height=\"426\" preload=\"metadata\" controls=\"controls\"><source type=\"video\/mp4\" src=\"https:\/\/marthacifuentes.com\/portada\/wp-content\/uploads\/2022\/01\/272475074_3102040706681345_7520964303136673822_n.mp4?_=3\" \/><a href=\"https:\/\/marthacifuentes.com\/portada\/wp-content\/uploads\/2022\/01\/272475074_3102040706681345_7520964303136673822_n.mp4\">https:\/\/marthacifuentes.com\/portada\/wp-content\/uploads\/2022\/01\/272475074_3102040706681345_7520964303136673822_n.mp4<\/a><\/video><\/div>\n<div style=\"width: 414px;\" class=\"wp-video\"><video class=\"wp-video-shortcode\" id=\"video-28160-4\" width=\"414\" height=\"426\" preload=\"metadata\" controls=\"controls\"><source type=\"video\/mp4\" src=\"https:\/\/marthacifuentes.com\/portada\/wp-content\/uploads\/2022\/01\/272633152_698648498178417_2181442123531915615_n.mp4?_=4\" \/><a href=\"https:\/\/marthacifuentes.com\/portada\/wp-content\/uploads\/2022\/01\/272633152_698648498178417_2181442123531915615_n.mp4\">https:\/\/marthacifuentes.com\/portada\/wp-content\/uploads\/2022\/01\/272633152_698648498178417_2181442123531915615_n.mp4<\/a><\/video><\/div>\n<h3>Otras noticias&#8230;<\/h3>\n<blockquote class=\"wp-embedded-content\" data-secret=\"4P4DR49Rjc\"><p><a href=\"https:\/\/marthacifuentes.com\/portada\/2022\/01\/27\/inminente-apertura-de-la-via-del-cusiana-sector-la-granja-tras-casi-90-dias-de-cierre\/\">Inminente apertura de la v\u00eda del Cusiana, sector La Granja, tras casi 90 d\u00edas de cierre.<\/a><\/p><\/blockquote>\n<p><iframe loading=\"lazy\" class=\"wp-embedded-content\" sandbox=\"allow-scripts\" security=\"restricted\" style=\"position: absolute; clip: rect(1px, 1px, 1px, 1px);\" title=\"\u00abInminente apertura de la v\u00eda del Cusiana, sector La Granja, tras casi 90 d\u00edas de cierre.\u00bb \u2014 \u25b7 Noticias de Casanare : Martha Cifuentes | Casanare\" src=\"https:\/\/marthacifuentes.com\/portada\/2022\/01\/27\/inminente-apertura-de-la-via-del-cusiana-sector-la-granja-tras-casi-90-dias-de-cierre\/embed\/#?secret=sqXGnPAsGk#?secret=4P4DR49Rjc\" data-secret=\"4P4DR49Rjc\" width=\"500\" height=\"282\" frameborder=\"0\" marginwidth=\"0\" marginheight=\"0\" scrolling=\"no\"><\/iframe><\/p>\n<blockquote class=\"wp-embedded-content\" data-secret=\"f7qb92u3Gs\"><p><a href=\"https:\/\/marthacifuentes.com\/portada\/2022\/01\/27\/60-de-muertos-por-covid-19-en-enero-en-casanare-no-estaban-vacunados\/\">60% de muertos por Covid-19 en enero en Casanare no estaban vacunados.<\/a><\/p><\/blockquote>\n<p><iframe loading=\"lazy\" class=\"wp-embedded-content\" sandbox=\"allow-scripts\" security=\"restricted\" style=\"position: absolute; clip: rect(1px, 1px, 1px, 1px);\" title=\"\u00ab60% de muertos por Covid-19 en enero en Casanare no estaban vacunados.\u00bb \u2014 \u25b7 Noticias de Casanare : Martha Cifuentes | Casanare\" src=\"https:\/\/marthacifuentes.com\/portada\/2022\/01\/27\/60-de-muertos-por-covid-19-en-enero-en-casanare-no-estaban-vacunados\/embed\/#?secret=UuUrcG3PGk#?secret=f7qb92u3Gs\" data-secret=\"f7qb92u3Gs\" width=\"500\" height=\"282\" frameborder=\"0\" marginwidth=\"0\" marginheight=\"0\" scrolling=\"no\"><\/iframe><\/p>\n<blockquote class=\"wp-embedded-content\" data-secret=\"A3uMrcH0Md\"><p><a href=\"https:\/\/marthacifuentes.com\/portada\/2022\/01\/27\/mujer-comerciante-fue-maltratada-amarrada-y-amenazada-con-cuchillo-en-aguazul\/\">Mujer comerciante fue maltratada, amarrada y amenazada con cuchillo en Aguazul<\/a><\/p><\/blockquote>\n<p><iframe loading=\"lazy\" class=\"wp-embedded-content\" sandbox=\"allow-scripts\" security=\"restricted\" style=\"position: absolute; clip: rect(1px, 1px, 1px, 1px);\" title=\"\u00abMujer comerciante fue maltratada, amarrada y amenazada con cuchillo en Aguazul\u00bb \u2014 \u25b7 Noticias de Casanare : Martha Cifuentes | Casanare\" src=\"https:\/\/marthacifuentes.com\/portada\/2022\/01\/27\/mujer-comerciante-fue-maltratada-amarrada-y-amenazada-con-cuchillo-en-aguazul\/embed\/#?secret=PeZHacMdm7#?secret=A3uMrcH0Md\" data-secret=\"A3uMrcH0Md\" width=\"500\" height=\"282\" frameborder=\"0\" marginwidth=\"0\" marginheight=\"0\" scrolling=\"no\"><\/iframe><\/p>\n<blockquote class=\"wp-embedded-content\" data-secret=\"Wyp8uaIMY8\"><p><a href=\"https:\/\/marthacifuentes.com\/portada\/2022\/01\/26\/edison-silva-nuevo-presidente-de-junta-directiva-de-camara-de-comercio-de-casanare\/\">Edison Silva, nuevo presidente de Junta Directiva de C\u00e1mara de Comercio de Casanare<\/a><\/p><\/blockquote>\n<p><iframe loading=\"lazy\" class=\"wp-embedded-content\" sandbox=\"allow-scripts\" security=\"restricted\" style=\"position: absolute; clip: rect(1px, 1px, 1px, 1px);\" title=\"\u00abEdison Silva, nuevo presidente de Junta Directiva de C\u00e1mara de Comercio de Casanare\u00bb \u2014 \u25b7 Noticias de Casanare : Martha Cifuentes | Casanare\" src=\"https:\/\/marthacifuentes.com\/portada\/2022\/01\/26\/edison-silva-nuevo-presidente-de-junta-directiva-de-camara-de-comercio-de-casanare\/embed\/#?secret=Fv1TDWh0xq#?secret=Wyp8uaIMY8\" data-secret=\"Wyp8uaIMY8\" width=\"500\" height=\"282\" frameborder=\"0\" marginwidth=\"0\" marginheight=\"0\" scrolling=\"no\"><\/iframe><\/p>\n<p><iframe loading=\"lazy\" class=\"wp-embedded-content\" title=\"\u00abRadicada nueva cartograf\u00eda (mapa) de Yopal en el IGAC, tras 11 a\u00f1os sin actualizarse. Luego vendr\u00e1 actualizaci\u00f3n catastral\u00bb \u2014 \u25b7 Noticias de Casanare : Martha Cifuentes | Casanare\" src=\"https:\/\/marthacifuentes.com\/portada\/2022\/01\/26\/radicada-nueva-cartografia-mapa-de-yopal-en-el-igac-tras-11-anos-sin-actualizarse-luego-vendra-actualizacion-catastral\/embed\/#?secret=fwZOJf3JxD\" width=\"600\" height=\"649\" frameborder=\"0\" marginwidth=\"0\" marginheight=\"0\" scrolling=\"no\" sandbox=\"allow-scripts\" data-secret=\"fwZOJf3JxD\" data-mce-fragment=\"1\"><\/iframe><\/p>\n<p>&nbsp;<\/p>\n<p><iframe loading=\"lazy\" class=\"wp-embedded-content\" title=\"\u00abEn Yopal este a\u00f1o el a\u00f1o escolar inici\u00f3 con Programa de Alimentaci\u00f3n Escolar\u00bb \u2014 \u25b7 Noticias de Casanare : Martha Cifuentes | Casanare\" src=\"https:\/\/marthacifuentes.com\/portada\/2022\/01\/25\/en-yopal-este-ano-el-ano-escolar-inicio-con-programa-de-alimentacion-escolar\/embed\/#?secret=Ob5NHgbdS3\" width=\"600\" height=\"620\" frameborder=\"0\" marginwidth=\"0\" marginheight=\"0\" scrolling=\"no\" sandbox=\"allow-scripts\" data-secret=\"Ob5NHgbdS3\" data-mce-fragment=\"1\"><\/iframe><\/p>\n<p><iframe loading=\"lazy\" class=\"wp-embedded-content\" title=\"\u00abP\u00e1ramo de Pisba, comienza proceso de delimitaci\u00f3n bajo \u00f3rdenes judiciales. Boyac\u00e1 y Casanare, defensores\u00bb \u2014 \u25b7 Noticias de Casanare : Martha Cifuentes | Casanare\" src=\"https:\/\/marthacifuentes.com\/portada\/2022\/01\/25\/paramo-de-pisba-comienza-proceso-de-delimitacion-bajo-ordenes-judiciales-boyaca-y-casanare-defensores\/embed\/#?secret=EZLbDIG40D\" width=\"600\" height=\"571\" frameborder=\"0\" marginwidth=\"0\" marginheight=\"0\" scrolling=\"no\" sandbox=\"allow-scripts\" data-secret=\"EZLbDIG40D\" data-mce-fragment=\"1\"><\/iframe><\/p>\n<p><iframe loading=\"lazy\" class=\"wp-embedded-content\" title=\"\u00abLadrones no solo se robaron 46 computadores del colegio Santa Helena, Villanueva, sino la posibilidad de acceder a la educaci\u00f3n virtual de los alumnos.\u00bb \u2014 \u25b7 Noticias de Casanare : Martha Cifuentes | Casanare\" src=\"https:\/\/marthacifuentes.com\/portada\/2022\/01\/25\/ladrones-no-solo-se-robaron-46-computadores-del-colegio-santa-helena-villanueva-sino-la-posibilidad-de-acceder-a-la-educacion-virtual-de-los-alumnos\/embed\/#?secret=NgHVxtGaps\" width=\"600\" height=\"649\" frameborder=\"0\" marginwidth=\"0\" marginheight=\"0\" scrolling=\"no\" sandbox=\"allow-scripts\" data-secret=\"NgHVxtGaps\" data-mce-fragment=\"1\"><\/iframe><\/p>\n<p><iframe loading=\"lazy\" class=\"wp-embedded-content\" title=\"\u00abJoven mujer yopale\u00f1a con c\u00e1ncer padece el mal servicio del hospital universitario San Ignacio y la Nueva EPS. Sufre dolores intensos.\u00bb \u2014 \u25b7 Noticias de Casanare : Martha Cifuentes | Casanare\" src=\"https:\/\/marthacifuentes.com\/portada\/2022\/01\/25\/joven-mujer-yopalena-con-cancer-padece-el-mal-servicio-del-hospital-universitario-san-ignacio-y-la-nueva-eps-sufre-dolores-intensos\/embed\/#?secret=tEOTsO0Poo\" width=\"600\" height=\"649\" frameborder=\"0\" marginwidth=\"0\" marginheight=\"0\" scrolling=\"no\" sandbox=\"allow-scripts\" data-secret=\"tEOTsO0Poo\" data-mce-fragment=\"1\"><\/iframe><\/p>\n<p><iframe loading=\"lazy\" class=\"wp-embedded-content\" title=\"\u00abPillados con 3 kilos de marihuana, pasajeros de bus Yopal-Paz de Ariporo\u00bb \u2014 \u25b7 Noticias de Casanare : Martha Cifuentes | Casanare\" src=\"https:\/\/marthacifuentes.com\/portada\/2022\/01\/25\/pillados-con-3-kilos-de-marihuana-pasajeros-de-bus-yopal-paz-de-ariporo\/embed\/#?secret=hWI5q3XDtH\" width=\"600\" height=\"598\" frameborder=\"0\" marginwidth=\"0\" marginheight=\"0\" scrolling=\"no\" sandbox=\"allow-scripts\" data-secret=\"hWI5q3XDtH\" data-mce-fragment=\"1\"><\/iframe><\/p>\n<p><iframe loading=\"lazy\" class=\"wp-embedded-content\" title=\"\u00abCasanare\u00f1a Constanza Engativ\u00e1, nueva jefe de las TIC en Ministerio de Salud.\u00bb \u2014 \u25b7 Noticias de Casanare : Martha Cifuentes | Casanare\" src=\"https:\/\/marthacifuentes.com\/portada\/2022\/01\/24\/casanarena-constanza-engativa-nueva-jefe-de-las-tic-en-ministerio-de-salud\/embed\/#?secret=ug5aCT92bq\" width=\"600\" height=\"621\" frameborder=\"0\" marginwidth=\"0\" marginheight=\"0\" scrolling=\"no\" sandbox=\"allow-scripts\" data-secret=\"ug5aCT92bq\" data-mce-fragment=\"1\"><\/iframe><\/p>\n<p><iframe loading=\"lazy\" class=\"wp-embedded-content\" title=\"\u00abCelulares, cuchillos hechizos y libreta con nombres, fueron hallados en C\u00e1rcel de Yopal\u00bb \u2014 \u25b7 Noticias de Casanare : Martha Cifuentes | Casanare\" src=\"https:\/\/marthacifuentes.com\/portada\/2022\/01\/24\/celulares-cuchillos-hechizos-y-libreta-con-nombres-fueron-hallados-en-carcel-de-yopal\/embed\/#?secret=6wlFmHSXNx\" width=\"600\" height=\"620\" frameborder=\"0\" marginwidth=\"0\" marginheight=\"0\" scrolling=\"no\" sandbox=\"allow-scripts\" data-secret=\"6wlFmHSXNx\" data-mce-fragment=\"1\"><\/iframe><\/p>\n<p><iframe loading=\"lazy\" class=\"wp-embedded-content\" title=\"\u00abParece que ahora s\u00ed Consejo Directivo de Corporinoquia podr\u00e1 elegir director\u00bb \u2014 \u25b7 Noticias de Casanare : Martha Cifuentes | Casanare\" src=\"https:\/\/marthacifuentes.com\/portada\/2022\/01\/24\/parece-que-ahora-si-consejo-directivo-de-corporinoquia-podra-elegir-director\/embed\/#?secret=oSmidOyJhU\" width=\"600\" height=\"621\" frameborder=\"0\" marginwidth=\"0\" marginheight=\"0\" scrolling=\"no\" sandbox=\"allow-scripts\" data-secret=\"oSmidOyJhU\" data-mce-fragment=\"1\"><\/iframe><\/p>\n<p>&nbsp;<\/p>\n<p><iframe loading=\"lazy\" class=\"wp-embedded-content\" title=\"\u00abPor irregularidades en elecci\u00f3n de personero de Yopal en 2015, Procuradur\u00eda sancion\u00f3 a 3 concejales. Uno de ellos aspira al Congreso.\u00bb \u2014 \u25b7 Noticias de Casanare : Martha Cifuentes | Casanare\" src=\"https:\/\/marthacifuentes.com\/portada\/2022\/01\/20\/por-irregularidades-en-eleccion-de-personero-de-yopal-en-2015-procuraduria-sanciono-a-3-concejales-uno-de-ellos-aspira-al-congreso\/embed\/#?secret=gDlOka0W16\" width=\"600\" height=\"594\" frameborder=\"0\" marginwidth=\"0\" marginheight=\"0\" scrolling=\"no\" sandbox=\"allow-scripts\" data-secret=\"gDlOka0W16\" data-mce-fragment=\"1\"><\/iframe><\/p>\n<p><iframe loading=\"lazy\" class=\"wp-embedded-content\" title=\"\u00abA Casanare lleg\u00f3 la hora de sembrar pl\u00e1tano\u00bb \u2014 \u25b7 Noticias de Casanare : Martha Cifuentes | Casanare\" src=\"https:\/\/marthacifuentes.com\/portada\/2022\/01\/19\/a-casanare-llego-la-hora-de-sembrar-platano\/embed\/#?secret=nursORm1hc\" width=\"600\" height=\"586\" frameborder=\"0\" marginwidth=\"0\" marginheight=\"0\" scrolling=\"no\" sandbox=\"allow-scripts\" data-secret=\"nursORm1hc\" data-mce-fragment=\"1\"><\/iframe><\/p>\n<p><iframe loading=\"lazy\" class=\"wp-embedded-content\" title=\"\u00abTemblor en Aguazul no dej\u00f3 da\u00f1os pero si caus\u00f3 temor. Se sinti\u00f3 en 5 departamentos.\u00bb \u2014 \u25b7 Noticias de Casanare : Martha Cifuentes | Casanare\" src=\"https:\/\/marthacifuentes.com\/portada\/2022\/01\/19\/temblor-en-aguazul-no-dejo-danos-pero-si-causo-temor-se-sintio-en-5-departamentos\/embed\/#?secret=rG1jkiPRdP\" width=\"600\" height=\"621\" frameborder=\"0\" marginwidth=\"0\" marginheight=\"0\" scrolling=\"no\" sandbox=\"allow-scripts\" data-secret=\"rG1jkiPRdP\" data-mce-fragment=\"1\"><\/iframe><\/p>\n<p><iframe loading=\"lazy\" class=\"wp-embedded-content\" title=\"\u00abApareci\u00f3 muerta l\u00edder social, veedora y coadyuvante en revocatoria del alcalde de Orocu\u00e9, Casanare.\u00bb \u2014 \u25b7 Noticias de Casanare : Martha Cifuentes | Casanare\" src=\"https:\/\/marthacifuentes.com\/portada\/2022\/01\/17\/aparecio-muerta-lider-social-veedora-y-coadyuvante-en-revocatoria-del-alcalde-de-orocue-casanare\/embed\/#?secret=lo5oxusG1A\" width=\"600\" height=\"621\" frameborder=\"0\" marginwidth=\"0\" marginheight=\"0\" scrolling=\"no\" sandbox=\"allow-scripts\" data-secret=\"lo5oxusG1A\" data-mce-fragment=\"1\"><\/iframe><\/p>\n<p><iframe loading=\"lazy\" class=\"wp-embedded-content\" title=\"\u00abJuez neg\u00f3 tutela que frenaba elecci\u00f3n de director de Corporinoquia. Consejo Directivo puede continuar con el proceso\u00bb \u2014 \u25b7 Noticias de Casanare : Martha Cifuentes | Casanare\" src=\"https:\/\/marthacifuentes.com\/portada\/2022\/01\/17\/juez-nego-tutela-que-frenaba-eleccion-de-director-de-corporinoquia-consejo-directivo-puede-continuar-con-el-proceso\/embed\/#?secret=kRu9Ez8QCy\" width=\"600\" height=\"649\" frameborder=\"0\" marginwidth=\"0\" marginheight=\"0\" scrolling=\"no\" sandbox=\"allow-scripts\" data-secret=\"kRu9Ez8QCy\" data-mce-fragment=\"1\"><\/iframe><\/p>\n<p><iframe loading=\"lazy\" class=\"wp-embedded-content\" title=\"\u00abPaso en v\u00eda Aguazul-Sogamoso solo estar\u00eda listo a finales de enero. Bloqueos afectaron cronograma.\u00bb \u2014 \u25b7 Noticias de Casanare : Martha Cifuentes | Casanare\" src=\"https:\/\/marthacifuentes.com\/portada\/2022\/01\/18\/paso-en-via-aguazul-sogamoso-solo-estaria-listo-a-finales-de-enero-bloqueos-afectaron-cronograma\/embed\/#?secret=pdEfIa370i\" width=\"600\" height=\"600\" frameborder=\"0\" marginwidth=\"0\" marginheight=\"0\" scrolling=\"no\" sandbox=\"allow-scripts\" data-secret=\"pdEfIa370i\" data-mce-fragment=\"1\"><\/iframe><\/p>\n<p><iframe loading=\"lazy\" class=\"wp-embedded-content\" title=\"\u00abAlcalde de Orocu\u00e9 se dio la pela y cancel\u00f3 las fiestas de enero, previniendo aumento de casos del Covid-19.\u00bb \u2014 \u25b7 Noticias de Casanare : Martha Cifuentes | Casanare\" src=\"https:\/\/marthacifuentes.com\/portada\/2022\/01\/07\/alcalde-de-orocue-se-dio-la-pela-y-cancelo-las-fiestas-de-enero-previniendo-aumento-de-casos-del-covid-19\/embed\/#?secret=xl7H7gWEdf\" width=\"600\" height=\"619\" frameborder=\"0\" marginwidth=\"0\" marginheight=\"0\" scrolling=\"no\" sandbox=\"allow-scripts\" data-secret=\"xl7H7gWEdf\" data-mce-fragment=\"1\"><\/iframe><\/p>\n<p><iframe loading=\"lazy\" class=\"wp-embedded-content\" title=\"\u00abHasta el 13 de enero hay inscripci\u00f3n de c\u00e9dulas para elecciones de Congreso 2022. Presencial o por internet se puede realizar el proceso.\u00bb \u2014 \u25b7 Noticias de Casanare : Martha Cifuentes | Casanare\" src=\"https:\/\/marthacifuentes.com\/portada\/2022\/01\/07\/hasta-el-13-de-enero-hay-inscripcion-de-cedulas-para-elecciones-de-congreso-2022-presencial-o-por-internet-se-puede-realizar-el-proceso\/embed\/#?secret=KsBn8eZhkO\" width=\"600\" height=\"564\" frameborder=\"0\" marginwidth=\"0\" marginheight=\"0\" scrolling=\"no\" sandbox=\"allow-scripts\" data-secret=\"KsBn8eZhkO\" data-mce-fragment=\"1\"><\/iframe><\/p>\n<p><iframe loading=\"lazy\" class=\"wp-embedded-content\" title=\"\u00abV\u00eda Aguazul-Sogamoso NO se abrir\u00e1 el 24 de enero, tras conflicto de tierras en La Granja. Obras llevan paralizadas 5 d\u00edas. Habr\u00eda desalojo a la fuerza.\u00bb \u2014 \u25b7 Noticias de Casanare : Martha Cifuentes | Casanare\" src=\"https:\/\/marthacifuentes.com\/portada\/2022\/01\/06\/via-aguazul-sogamoso-no-se-abrira-el-24-de-enero-tras-conflicto-de-tierras-en-la-granja-obras-llevan-paralizadas-5-dias-habria-desalojo-a-la-fuerza\/embed\/#?secret=dVXpGpbrPA\" width=\"600\" height=\"561\" frameborder=\"0\" marginwidth=\"0\" marginheight=\"0\" scrolling=\"no\" sandbox=\"allow-scripts\" data-secret=\"dVXpGpbrPA\" data-mce-fragment=\"1\"><\/iframe><\/p>\n<p><iframe loading=\"lazy\" class=\"wp-embedded-content\" title=\"\u00abMasacre de familia de S\u00e1cama, Casanare, sin esclarecer todav\u00eda.\u00bb \u2014 \u25b7 Noticias de Casanare : Martha Cifuentes | Casanare\" src=\"https:\/\/marthacifuentes.com\/portada\/2022\/01\/05\/masacre-de-familia-de-sacama-casanare-sin-esclarecer-todavia\/embed\/#?secret=pcIcN1Afd1\" width=\"600\" height=\"329\" frameborder=\"0\" marginwidth=\"0\" marginheight=\"0\" scrolling=\"no\" sandbox=\"allow-scripts\" data-secret=\"pcIcN1Afd1\" data-mce-fragment=\"1\"><\/iframe><\/p>\n<p><iframe loading=\"lazy\" class=\"wp-embedded-content\" title=\"\u00abCasanare es m\u00e1s seguro que en 2019, asevera comandante de Polic\u00eda, cr. Jos\u00e9 Miranda\u00bb \u2014 \u25b7 Noticias de Casanare : Martha Cifuentes | Casanare\" src=\"https:\/\/marthacifuentes.com\/portada\/2022\/01\/05\/casanare-es-mas-seguro-que-en-2019-asevera-comandante-de-policia-cr-jose-miranda\/embed\/#?secret=l08IJehWt9\" width=\"600\" height=\"586\" frameborder=\"0\" marginwidth=\"0\" marginheight=\"0\" scrolling=\"no\" sandbox=\"allow-scripts\" data-secret=\"l08IJehWt9\" data-mce-fragment=\"1\"><\/iframe><\/p>\n<p><iframe loading=\"lazy\" class=\"wp-embedded-content\" title=\"\u00abFalleci\u00f3 \u00d3scar Rinc\u00f3n, \u2018Kawasaki\u2019, due\u00f1o del tradicional almac\u00e9n Comercial Oskar en Yopal\u00bb \u2014 \u25b7 Noticias de Casanare : Martha Cifuentes | Casanare\" src=\"https:\/\/marthacifuentes.com\/portada\/2022\/01\/05\/fallecio-oscar-rincon-kawasaki-dueno-del-tradicional-almacen-comercial-oskar-en-yopal\/embed\/#?secret=rsv2LccWra\" width=\"600\" height=\"578\" frameborder=\"0\" marginwidth=\"0\" marginheight=\"0\" scrolling=\"no\" sandbox=\"allow-scripts\" data-secret=\"rsv2LccWra\" data-mce-fragment=\"1\"><\/iframe><\/p>\n<p><iframe loading=\"lazy\" class=\"wp-embedded-content\" title=\"\u00abOjo\u2026 Del 1 al 10% aument\u00f3 ocupaci\u00f3n de camas UCI en Casanare entre 1 y 2 de enero\u00bb \u2014 \u25b7 Noticias de Casanare : Martha Cifuentes | Casanare\" src=\"https:\/\/marthacifuentes.com\/portada\/2022\/01\/03\/ojo-del-1-al-10-aumento-ocupacion-de-camas-uci-en-casanare-entre-1-y-2-de-enero\/embed\/#?secret=KKCwqJPbRG\" width=\"600\" height=\"600\" frameborder=\"0\" marginwidth=\"0\" marginheight=\"0\" scrolling=\"no\" sandbox=\"allow-scripts\" data-secret=\"KKCwqJPbRG\" data-mce-fragment=\"1\"><\/iframe><\/p>\n<p><iframe loading=\"lazy\" class=\"wp-embedded-content\" title=\"\u00abCapresoca en riesgo de ser liquidada. Crisis financiera, ser\u00eda la causa, alerta ACESI.\u00bb \u2014 \u25b7 Noticias de Casanare : Martha Cifuentes | Casanare\" src=\"https:\/\/marthacifuentes.com\/portada\/2021\/12\/30\/capresoca-en-riesgo-de-ser-liquidada-crisis-financiera-seria-la-causa-alerta-acesi\/embed\/#?secret=rS1QWWLZHg\" width=\"600\" height=\"621\" frameborder=\"0\" marginwidth=\"0\" marginheight=\"0\" scrolling=\"no\" sandbox=\"allow-scripts\" data-secret=\"rS1QWWLZHg\" data-mce-fragment=\"1\"><\/iframe><\/p>\n<p><iframe loading=\"lazy\" class=\"wp-embedded-content\" title=\"\u00abHoy se cumplen 60 d\u00edas de cierre de la v\u00eda Aguazul-Sogamoso. Restar\u00edan 24 d\u00edas para volver a tener paso, seg\u00fan Inv\u00edas.\u00bb \u2014 \u25b7 Noticias de Casanare : Martha Cifuentes | Casanare\" src=\"https:\/\/marthacifuentes.com\/portada\/2021\/12\/30\/hoy-se-cumplen-60-dias-de-cierre-de-la-via-aguazul-sogamoso-restarian-24-dias-para-volver-a-tener-paso-segun-invias\/embed\/#?secret=dgWbBisKmx\" width=\"600\" height=\"542\" frameborder=\"0\" marginwidth=\"0\" marginheight=\"0\" scrolling=\"no\" sandbox=\"allow-scripts\" data-secret=\"dgWbBisKmx\" data-mce-fragment=\"1\"><\/iframe><\/p>\n<p><iframe loading=\"lazy\" class=\"wp-embedded-content\" title=\"\u00abKaterin \u00c1vila, neg\u00f3 haber matado a su pareja, juez Juan Pablo Flechas, quien cay\u00f3 de un edificio en Yopal. Vea el video probar\u00eda que se trat\u00f3 de un accidente.\u00bb \u2014 \u25b7 Noticias de Casanare : Martha Cifuentes | Casanare\" src=\"https:\/\/marthacifuentes.com\/portada\/2021\/12\/29\/katerin-avila-nego-haber-matado-a-su-pareja-juez-juan-pablo-flechas-quien-cayo-de-un-edificio-en-yopal-vea-el-video-probaria-que-se-trato-de-un-accidente\/embed\/#?secret=QHy2NcRQnL\" width=\"600\" height=\"628\" frameborder=\"0\" marginwidth=\"0\" marginheight=\"0\" scrolling=\"no\" sandbox=\"allow-scripts\" data-secret=\"QHy2NcRQnL\" data-mce-fragment=\"1\"><\/iframe><\/p>\n<p><iframe loading=\"lazy\" class=\"wp-embedded-content\" title=\"\u00abDenuncian por participaci\u00f3n en pol\u00edtica al alcalde de Yopal Luis Eduardo Castro y al director de la Casa de la Justicia\u00bb \u2014 \u25b7 Noticias de Casanare : Martha Cifuentes | Casanare\" src=\"https:\/\/marthacifuentes.com\/portada\/2021\/12\/29\/denuncian-por-participacion-en-politica-al-alcalde-de-yopal-luis-eduardo-castro-y-al-director-de-la-casa-de-la-justicia\/embed\/#?secret=oDzcSgJRdt\" width=\"600\" height=\"649\" frameborder=\"0\" marginwidth=\"0\" marginheight=\"0\" scrolling=\"no\" sandbox=\"allow-scripts\" data-secret=\"oDzcSgJRdt\" data-mce-fragment=\"1\"><\/iframe><\/p>\n<p><iframe loading=\"lazy\" class=\"wp-embedded-content\" title=\"\u00abDisidencias de las Farc niegan participaci\u00f3n en masacre de familia en S\u00e1cama. Sijin investiga hecho.\u00bb \u2014 \u25b7 Noticias de Casanare : Martha Cifuentes | Casanare\" src=\"https:\/\/marthacifuentes.com\/portada\/2021\/12\/29\/disidencias-de-las-farc-niegan-participacion-en-masacre-de-familia-en-sacama-sijin-investiga-hecho\/embed\/#?secret=4CEuvuztS9\" width=\"600\" height=\"595\" frameborder=\"0\" marginwidth=\"0\" marginheight=\"0\" scrolling=\"no\" sandbox=\"allow-scripts\" data-secret=\"4CEuvuztS9\" data-mce-fragment=\"1\"><\/iframe><\/p>\n<p><iframe loading=\"lazy\" class=\"wp-embedded-content\" title=\"\u00abSin control, tr\u00e1fico en v\u00eda El Morro-Labranzagrande. Accidentes y trancones, d\u00eda a d\u00eda\u00bb \u2014 \u25b7 Noticias de Casanare : Martha Cifuentes | Casanare\" src=\"https:\/\/marthacifuentes.com\/portada\/2021\/12\/29\/sin-control-trafico-en-via-el-morro-labranzagrande-accidentes-y-trancones-dia-a-dia\/embed\/#?secret=dJ41qPVSkD\" width=\"600\" height=\"544\" frameborder=\"0\" marginwidth=\"0\" marginheight=\"0\" scrolling=\"no\" sandbox=\"allow-scripts\" data-secret=\"dJ41qPVSkD\" data-mce-fragment=\"1\"><\/iframe><\/p>\n<p><iframe loading=\"lazy\" class=\"wp-embedded-content\" title=\"\u00abHermetismo de autoridades militares y policiales sobre masacre de familia campesina en S\u00e1cama, Casanare\u00bb \u2014 \u25b7 Noticias de Casanare : Martha Cifuentes | Casanare\" src=\"https:\/\/marthacifuentes.com\/portada\/2021\/12\/28\/hermetismo-de-autoridades-militares-y-policiales-sobre-masacre-de-familia-campesina-en-sacama-casanare\/embed\/#?secret=VpslGiJ5Vj\" width=\"600\" height=\"599\" frameborder=\"0\" marginwidth=\"0\" marginheight=\"0\" scrolling=\"no\" sandbox=\"allow-scripts\" data-secret=\"VpslGiJ5Vj\" data-mce-fragment=\"1\"><\/iframe><\/p>\n<p><iframe loading=\"lazy\" class=\"wp-embedded-content\" title=\"\u00abOtra vez elecci\u00f3n de director de Corporinoquia en veremos. Una tutela fren\u00f3 en seco el proceso.\u00bb \u2014 \u25b7 Noticias de Casanare : Martha Cifuentes | Casanare\" src=\"https:\/\/marthacifuentes.com\/portada\/2021\/12\/28\/otra-vez-eleccion-de-director-de-corporinoquia-en-veremos-una-tutela-freno-en-seco-el-proceso\/embed\/#?secret=7fba6D8rp7\" width=\"600\" height=\"533\" frameborder=\"0\" marginwidth=\"0\" marginheight=\"0\" scrolling=\"no\" sandbox=\"allow-scripts\" data-secret=\"7fba6D8rp7\" data-mce-fragment=\"1\"><\/iframe><\/p>\n<p><iframe loading=\"lazy\" class=\"wp-embedded-content\" title=\"\u00abMasacre de miembros de una familia en S\u00e1cama, Casanare\u00bb \u2014 \u25b7 Noticias de Casanare : Martha Cifuentes | Casanare\" src=\"https:\/\/marthacifuentes.com\/portada\/2021\/12\/27\/masacre-de-miembros-de-una-familia-en-sacama-casanare\/embed\/#?secret=gzn2NREqzK\" width=\"600\" height=\"613\" frameborder=\"0\" marginwidth=\"0\" marginheight=\"0\" scrolling=\"no\" sandbox=\"allow-scripts\" data-secret=\"gzn2NREqzK\" data-mce-fragment=\"1\"><\/iframe><\/p>\n<p><iframe loading=\"lazy\" class=\"wp-embedded-content\" title=\"\u00ab2 muertos y 9 heridos en accidentes de tr\u00e1nsito en v\u00edas y calles de Casanare, el fin de semana\u00bb \u2014 \u25b7 Noticias de Casanare : Martha Cifuentes | Casanare\" src=\"https:\/\/marthacifuentes.com\/portada\/2021\/12\/27\/2-muertos-y-9-heridos-en-accidentes-de-transito-en-vias-y-calles-de-casanare-el-fin-de-semana\/embed\/#?secret=ppYOVoRvJa\" width=\"600\" height=\"621\" frameborder=\"0\" marginwidth=\"0\" marginheight=\"0\" scrolling=\"no\" sandbox=\"allow-scripts\" data-secret=\"ppYOVoRvJa\" data-mce-fragment=\"1\"><\/iframe><\/p>\n<p><iframe loading=\"lazy\" class=\"wp-embedded-content\" title=\"\u00ab2 suicidios y un intento, este fin de semana en Casanare. Una mujer y un ind\u00edgena, las v\u00edctimas.\u00bb \u2014 \u25b7 Noticias de Casanare : Martha Cifuentes | Casanare\" src=\"https:\/\/marthacifuentes.com\/portada\/2021\/12\/27\/2-suicidios-y-un-intento-este-fin-de-semana-en-casanare-una-mujer-y-un-indigena-las-victimas\/embed\/#?secret=p9jDyvYS23\" width=\"600\" height=\"600\" frameborder=\"0\" marginwidth=\"0\" marginheight=\"0\" scrolling=\"no\" sandbox=\"allow-scripts\" data-secret=\"p9jDyvYS23\" data-mce-fragment=\"1\"><\/iframe><\/p>\n<p><iframe loading=\"lazy\" class=\"wp-embedded-content\" title=\"\u00abPor intolerancia en ri\u00f1as fueron asesinados 2 hombres y heridos al menos otros 5 en Pore y Paz de Ariporo, Casanare\u00bb \u2014 \u25b7 Noticias de Casanare : Martha Cifuentes | Casanare\" src=\"https:\/\/marthacifuentes.com\/portada\/2021\/12\/27\/por-intolerancia-en-rinas-fueron-asesinados-2-hombres-y-heridos-al-menos-otros-5-en-pore-y-paz-de-ariporo-casanare\/embed\/#?secret=NNejClCXwZ\" width=\"600\" height=\"649\" frameborder=\"0\" marginwidth=\"0\" marginheight=\"0\" scrolling=\"no\" sandbox=\"allow-scripts\" data-secret=\"NNejClCXwZ\" data-mce-fragment=\"1\"><\/iframe><\/p>\n<p><iframe loading=\"lazy\" class=\"wp-embedded-content\" title=\"\u00abArsenal de explosivos fueron hallados camuflados en cami\u00f3n de gallinaza en Villanueva, Casanare\u00bb \u2014 \u25b7 Noticias de Casanare : Martha Cifuentes | Casanare\" src=\"https:\/\/marthacifuentes.com\/portada\/2021\/12\/27\/arsenal-de-explosivos-fueron-hallados-camuflados-en-camion-de-gallinaza-en-villanueva-casanare\/embed\/#?secret=HdMpVTrWoY\" width=\"600\" height=\"621\" frameborder=\"0\" marginwidth=\"0\" marginheight=\"0\" scrolling=\"no\" sandbox=\"allow-scripts\" data-secret=\"HdMpVTrWoY\" data-mce-fragment=\"1\"><\/iframe><\/p>\n<p><iframe loading=\"lazy\" class=\"wp-embedded-content\" title=\"\u00abNi suicidio ni homicidio sino un accidente fatal, ser\u00eda la causa de la muerte de Juez Juan Pablo Flechas en Yopal. Video confirmar\u00eda la tesis.\u00bb \u2014 \u25b7 Noticias de Casanare : Martha Cifuentes | Casanare\" src=\"https:\/\/marthacifuentes.com\/portada\/2021\/12\/25\/ni-suicidio-ni-homicidio-sino-un-accidente-fatal-seria-la-causa-de-la-muerte-de-juez-juan-pablo-flechas-en-yopal-video-confirmaria-la-tesis\/embed\/#?secret=UEkZ2lQNL0\" width=\"600\" height=\"603\" frameborder=\"0\" marginwidth=\"0\" marginheight=\"0\" scrolling=\"no\" sandbox=\"allow-scripts\" data-secret=\"UEkZ2lQNL0\" data-mce-fragment=\"1\"><\/iframe><\/p>\n<p><iframe loading=\"lazy\" class=\"wp-embedded-content\" title=\"\u00abMilagrosamente hombre que se lanz\u00f3 del 5\u00b0 piso de edificio de Yopal sobrevivi\u00f3 aunque est\u00e1 grave.\u00bb \u2014 \u25b7 Noticias de Casanare : Martha Cifuentes | Casanare\" src=\"https:\/\/marthacifuentes.com\/portada\/2021\/12\/24\/milagrosamente-hombre-que-se-lanzo-del-5-piso-de-edificio-de-yopal-sobrevivio-aunque-esta-grave\/embed\/#?secret=f4YX8vzgCf\" width=\"600\" height=\"620\" frameborder=\"0\" marginwidth=\"0\" marginheight=\"0\" scrolling=\"no\" sandbox=\"allow-scripts\" data-secret=\"f4YX8vzgCf\" data-mce-fragment=\"1\"><\/iframe><\/p>\n<p>&nbsp;<\/p>\n<p>&nbsp;<\/p>\n","protected":false},"excerpt":{"rendered":"<p>Ni el Ej\u00e9rcito Nacional ni el presidente Iv\u00e1n Duque han confirmado la muerte de Omar Pardo Galeano, alias \u2018antonio medina\u2019, cabecilla de las disidencias de las Farc, frente 28. \u00a0Supuestamente habr\u00eda sido abatido durante enfrentamientos con el grupo armado ELN en Venezuela, con el que libraba intensa batalla desde hace varias semanas. Versiones extraoficiales dan &hellip;<\/p>\n","protected":false},"author":2,"featured_media":28165,"comment_status":"open","ping_status":"open","sticky":false,"template":"","format":"standard","meta":{"om_disable_all_campaigns":false,"_exactmetrics_skip_tracking":false,"_exactmetrics_sitenote_active":false,"_exactmetrics_sitenote_note":"","_exactmetrics_sitenote_category":0,"_monsterinsights_skip_tracking":false,"_monsterinsights_sitenote_active":false,"_monsterinsights_sitenote_note":"","_monsterinsights_sitenote_category":0,"_uf_show_specific_survey":0,"_uf_disable_surveys":false,"_joinchat":[],"footnotes":""},"categories":[147,146,145],"tags":[6680,6679,1400,2158,1372,1374,1421,157,1376],"class_list":["post-28160","post","type-post","status-publish","format-standard","has-post-thumbnail","hentry","category-actualidad","category-noticias","category-reportajes","tag-alias-antonio-medina-frente-28-de-disidencias-de-las-farc-eln","tag-arauca-noticias","tag-noticias-casanare","tag-noticias-de-arauca","tag-noticias-de-casanare","tag-noticias-de-yopal","tag-noticias-yopal","tag-yopal","tag-yopal-noticias"],"yoast_head":"<!-- This site is optimized with the Yoast SEO plugin v26.1 - https:\/\/yoast.com\/wordpress\/plugins\/seo\/ -->\n<title>A\u00fan no se confirma muerte de alias \u2018antonio medina\u2019, cabecilla frente 28 disidencias de las Farc. Ej\u00e9rcito trata de verificar informaci\u00f3n sobre su deceso. - \u25b7 Noticias de Casanare : Martha Cifuentes | Casanare<\/title>\n<meta name=\"robots\" content=\"index, follow, max-snippet:-1, max-image-preview:large, max-video-preview:-1\" \/>\n<link rel=\"canonical\" href=\"https:\/\/marthacifuentes.com\/portada\/aun-no-se-confirma-muerte-de-alias-antonio-medina-cabecilla-frente-28-disidencias-de-las-farc-ejercito-trata-de-verificar-informacion-sobre-su-deceso\/\" \/>\n<meta property=\"og:locale\" content=\"es_ES\" \/>\n<meta property=\"og:type\" content=\"article\" \/>\n<meta property=\"og:title\" content=\"A\u00fan no se confirma muerte de alias \u2018antonio medina\u2019, cabecilla frente 28 disidencias de las Farc. Ej\u00e9rcito trata de verificar informaci\u00f3n sobre su deceso. - \u25b7 Noticias de Casanare : Martha Cifuentes | Casanare\" \/>\n<meta property=\"og:description\" content=\"Ni el Ej\u00e9rcito Nacional ni el presidente Iv\u00e1n Duque han confirmado la muerte de Omar Pardo Galeano, alias \u2018antonio medina\u2019, cabecilla de las disidencias de las Farc, frente 28. \u00a0Supuestamente habr\u00eda sido abatido durante enfrentamientos con el grupo armado ELN en Venezuela, con el que libraba intensa batalla desde hace varias semanas. Versiones extraoficiales dan &hellip;\" \/>\n<meta property=\"og:url\" content=\"https:\/\/marthacifuentes.com\/portada\/aun-no-se-confirma-muerte-de-alias-antonio-medina-cabecilla-frente-28-disidencias-de-las-farc-ejercito-trata-de-verificar-informacion-sobre-su-deceso\/\" \/>\n<meta property=\"og:site_name\" content=\"\u25b7 Noticias de Casanare : Martha Cifuentes | Casanare\" \/>\n<meta property=\"article:published_time\" content=\"2022-01-27T22:51:09+00:00\" \/>\n<meta property=\"og:image\" content=\"https:\/\/marthacifuentes.com\/portada\/wp-content\/uploads\/2022\/01\/FKHnQknVIAs4VlC-e1643323828577.jpg\" \/>\n\t<meta property=\"og:image:width\" content=\"359\" \/>\n\t<meta property=\"og:image:height\" content=\"246\" \/>\n\t<meta property=\"og:image:type\" content=\"image\/jpeg\" \/>\n<meta name=\"author\" content=\"Martha Cifuentes\" \/>\n<meta name=\"twitter:card\" content=\"summary_large_image\" \/>\n<meta name=\"twitter:label1\" content=\"Escrito por\" \/>\n\t<meta name=\"twitter:data1\" content=\"Martha Cifuentes\" \/>\n\t<meta name=\"twitter:label2\" content=\"Tiempo de lectura\" \/>\n\t<meta name=\"twitter:data2\" content=\"2 minutos\" \/>\n<script type=\"application\/ld+json\" class=\"yoast-schema-graph\">{\"@context\":\"https:\/\/schema.org\",\"@graph\":[{\"@type\":\"WebPage\",\"@id\":\"https:\/\/marthacifuentes.com\/portada\/aun-no-se-confirma-muerte-de-alias-antonio-medina-cabecilla-frente-28-disidencias-de-las-farc-ejercito-trata-de-verificar-informacion-sobre-su-deceso\/\",\"url\":\"https:\/\/marthacifuentes.com\/portada\/aun-no-se-confirma-muerte-de-alias-antonio-medina-cabecilla-frente-28-disidencias-de-las-farc-ejercito-trata-de-verificar-informacion-sobre-su-deceso\/\",\"name\":\"A\u00fan no se confirma muerte de alias \u2018antonio medina\u2019, cabecilla frente 28 disidencias de las Farc. Ej\u00e9rcito trata de verificar informaci\u00f3n sobre su deceso. - \u25b7 Noticias de Casanare : Martha Cifuentes | Casanare\",\"isPartOf\":{\"@id\":\"https:\/\/marthacifuentes.com\/portada\/#website\"},\"primaryImageOfPage\":{\"@id\":\"https:\/\/marthacifuentes.com\/portada\/aun-no-se-confirma-muerte-de-alias-antonio-medina-cabecilla-frente-28-disidencias-de-las-farc-ejercito-trata-de-verificar-informacion-sobre-su-deceso\/#primaryimage\"},\"image\":{\"@id\":\"https:\/\/marthacifuentes.com\/portada\/aun-no-se-confirma-muerte-de-alias-antonio-medina-cabecilla-frente-28-disidencias-de-las-farc-ejercito-trata-de-verificar-informacion-sobre-su-deceso\/#primaryimage\"},\"thumbnailUrl\":\"https:\/\/marthacifuentes.com\/portada\/wp-content\/uploads\/2022\/01\/FKHnQknVIAs4VlC-e1643323828577.jpg\",\"datePublished\":\"2022-01-27T22:51:09+00:00\",\"author\":{\"@id\":\"https:\/\/marthacifuentes.com\/portada\/#\/schema\/person\/57f53174b991db5f90ff78d58502b714\"},\"breadcrumb\":{\"@id\":\"https:\/\/marthacifuentes.com\/portada\/aun-no-se-confirma-muerte-de-alias-antonio-medina-cabecilla-frente-28-disidencias-de-las-farc-ejercito-trata-de-verificar-informacion-sobre-su-deceso\/#breadcrumb\"},\"inLanguage\":\"es\",\"potentialAction\":[{\"@type\":\"ReadAction\",\"target\":[\"https:\/\/marthacifuentes.com\/portada\/aun-no-se-confirma-muerte-de-alias-antonio-medina-cabecilla-frente-28-disidencias-de-las-farc-ejercito-trata-de-verificar-informacion-sobre-su-deceso\/\"]}]},{\"@type\":\"ImageObject\",\"inLanguage\":\"es\",\"@id\":\"https:\/\/marthacifuentes.com\/portada\/aun-no-se-confirma-muerte-de-alias-antonio-medina-cabecilla-frente-28-disidencias-de-las-farc-ejercito-trata-de-verificar-informacion-sobre-su-deceso\/#primaryimage\",\"url\":\"https:\/\/marthacifuentes.com\/portada\/wp-content\/uploads\/2022\/01\/FKHnQknVIAs4VlC-e1643323828577.jpg\",\"contentUrl\":\"https:\/\/marthacifuentes.com\/portada\/wp-content\/uploads\/2022\/01\/FKHnQknVIAs4VlC-e1643323828577.jpg\",\"width\":359,\"height\":246},{\"@type\":\"BreadcrumbList\",\"@id\":\"https:\/\/marthacifuentes.com\/portada\/aun-no-se-confirma-muerte-de-alias-antonio-medina-cabecilla-frente-28-disidencias-de-las-farc-ejercito-trata-de-verificar-informacion-sobre-su-deceso\/#breadcrumb\",\"itemListElement\":[{\"@type\":\"ListItem\",\"position\":1,\"name\":\"Portada\",\"item\":\"https:\/\/marthacifuentes.com\/portada\/\"},{\"@type\":\"ListItem\",\"position\":2,\"name\":\"A\u00fan no se confirma muerte de alias \u2018antonio medina\u2019, cabecilla frente 28 disidencias de las Farc. Ej\u00e9rcito trata de verificar informaci\u00f3n sobre su deceso.\"}]},{\"@type\":\"WebSite\",\"@id\":\"https:\/\/marthacifuentes.com\/portada\/#website\",\"url\":\"https:\/\/marthacifuentes.com\/portada\/\",\"name\":\"\u25b7 Noticias de Casanare : Martha Cifuentes | Casanare\",\"description\":\"Noticias &amp; Contenidos\",\"potentialAction\":[{\"@type\":\"SearchAction\",\"target\":{\"@type\":\"EntryPoint\",\"urlTemplate\":\"https:\/\/marthacifuentes.com\/portada\/?s={search_term_string}\"},\"query-input\":{\"@type\":\"PropertyValueSpecification\",\"valueRequired\":true,\"valueName\":\"search_term_string\"}}],\"inLanguage\":\"es\"},{\"@type\":\"Person\",\"@id\":\"https:\/\/marthacifuentes.com\/portada\/#\/schema\/person\/57f53174b991db5f90ff78d58502b714\",\"name\":\"Martha Cifuentes\",\"image\":{\"@type\":\"ImageObject\",\"inLanguage\":\"es\",\"@id\":\"https:\/\/marthacifuentes.com\/portada\/#\/schema\/person\/image\/\",\"url\":\"http:\/\/marthacifuentes.com\/portada\/wp-content\/uploads\/2018\/06\/avatar_user_2_1528838701-96x96.jpg\",\"contentUrl\":\"http:\/\/marthacifuentes.com\/portada\/wp-content\/uploads\/2018\/06\/avatar_user_2_1528838701-96x96.jpg\",\"caption\":\"Martha Cifuentes\"},\"sameAs\":[\"http:\/\/www.marthacifuentes.com\"],\"url\":\"https:\/\/marthacifuentes.com\/portada\/author\/martha\/\"}]}<\/script>\n<!-- \/ Yoast SEO plugin. -->","yoast_head_json":{"title":"A\u00fan no se confirma muerte de alias \u2018antonio medina\u2019, cabecilla frente 28 disidencias de las Farc. Ej\u00e9rcito trata de verificar informaci\u00f3n sobre su deceso. - \u25b7 Noticias de Casanare : Martha Cifuentes | Casanare","robots":{"index":"index","follow":"follow","max-snippet":"max-snippet:-1","max-image-preview":"max-image-preview:large","max-video-preview":"max-video-preview:-1"},"canonical":"https:\/\/marthacifuentes.com\/portada\/aun-no-se-confirma-muerte-de-alias-antonio-medina-cabecilla-frente-28-disidencias-de-las-farc-ejercito-trata-de-verificar-informacion-sobre-su-deceso\/","og_locale":"es_ES","og_type":"article","og_title":"A\u00fan no se confirma muerte de alias \u2018antonio medina\u2019, cabecilla frente 28 disidencias de las Farc. Ej\u00e9rcito trata de verificar informaci\u00f3n sobre su deceso. - \u25b7 Noticias de Casanare : Martha Cifuentes | Casanare","og_description":"Ni el Ej\u00e9rcito Nacional ni el presidente Iv\u00e1n Duque han confirmado la muerte de Omar Pardo Galeano, alias \u2018antonio medina\u2019, cabecilla de las disidencias de las Farc, frente 28. \u00a0Supuestamente habr\u00eda sido abatido durante enfrentamientos con el grupo armado ELN en Venezuela, con el que libraba intensa batalla desde hace varias semanas. Versiones extraoficiales dan &hellip;","og_url":"https:\/\/marthacifuentes.com\/portada\/aun-no-se-confirma-muerte-de-alias-antonio-medina-cabecilla-frente-28-disidencias-de-las-farc-ejercito-trata-de-verificar-informacion-sobre-su-deceso\/","og_site_name":"\u25b7 Noticias de Casanare : Martha Cifuentes | Casanare","article_published_time":"2022-01-27T22:51:09+00:00","og_image":[{"width":359,"height":246,"url":"https:\/\/marthacifuentes.com\/portada\/wp-content\/uploads\/2022\/01\/FKHnQknVIAs4VlC-e1643323828577.jpg","type":"image\/jpeg"}],"author":"Martha Cifuentes","twitter_card":"summary_large_image","twitter_misc":{"Escrito por":"Martha Cifuentes","Tiempo de lectura":"2 minutos"},"schema":{"@context":"https:\/\/schema.org","@graph":[{"@type":"WebPage","@id":"https:\/\/marthacifuentes.com\/portada\/aun-no-se-confirma-muerte-de-alias-antonio-medina-cabecilla-frente-28-disidencias-de-las-farc-ejercito-trata-de-verificar-informacion-sobre-su-deceso\/","url":"https:\/\/marthacifuentes.com\/portada\/aun-no-se-confirma-muerte-de-alias-antonio-medina-cabecilla-frente-28-disidencias-de-las-farc-ejercito-trata-de-verificar-informacion-sobre-su-deceso\/","name":"A\u00fan no se confirma muerte de alias \u2018antonio medina\u2019, cabecilla frente 28 disidencias de las Farc. Ej\u00e9rcito trata de verificar informaci\u00f3n sobre su deceso. - \u25b7 Noticias de Casanare : Martha Cifuentes | Casanare","isPartOf":{"@id":"https:\/\/marthacifuentes.com\/portada\/#website"},"primaryImageOfPage":{"@id":"https:\/\/marthacifuentes.com\/portada\/aun-no-se-confirma-muerte-de-alias-antonio-medina-cabecilla-frente-28-disidencias-de-las-farc-ejercito-trata-de-verificar-informacion-sobre-su-deceso\/#primaryimage"},"image":{"@id":"https:\/\/marthacifuentes.com\/portada\/aun-no-se-confirma-muerte-de-alias-antonio-medina-cabecilla-frente-28-disidencias-de-las-farc-ejercito-trata-de-verificar-informacion-sobre-su-deceso\/#primaryimage"},"thumbnailUrl":"https:\/\/marthacifuentes.com\/portada\/wp-content\/uploads\/2022\/01\/FKHnQknVIAs4VlC-e1643323828577.jpg","datePublished":"2022-01-27T22:51:09+00:00","author":{"@id":"https:\/\/marthacifuentes.com\/portada\/#\/schema\/person\/57f53174b991db5f90ff78d58502b714"},"breadcrumb":{"@id":"https:\/\/marthacifuentes.com\/portada\/aun-no-se-confirma-muerte-de-alias-antonio-medina-cabecilla-frente-28-disidencias-de-las-farc-ejercito-trata-de-verificar-informacion-sobre-su-deceso\/#breadcrumb"},"inLanguage":"es","potentialAction":[{"@type":"ReadAction","target":["https:\/\/marthacifuentes.com\/portada\/aun-no-se-confirma-muerte-de-alias-antonio-medina-cabecilla-frente-28-disidencias-de-las-farc-ejercito-trata-de-verificar-informacion-sobre-su-deceso\/"]}]},{"@type":"ImageObject","inLanguage":"es","@id":"https:\/\/marthacifuentes.com\/portada\/aun-no-se-confirma-muerte-de-alias-antonio-medina-cabecilla-frente-28-disidencias-de-las-farc-ejercito-trata-de-verificar-informacion-sobre-su-deceso\/#primaryimage","url":"https:\/\/marthacifuentes.com\/portada\/wp-content\/uploads\/2022\/01\/FKHnQknVIAs4VlC-e1643323828577.jpg","contentUrl":"https:\/\/marthacifuentes.com\/portada\/wp-content\/uploads\/2022\/01\/FKHnQknVIAs4VlC-e1643323828577.jpg","width":359,"height":246},{"@type":"BreadcrumbList","@id":"https:\/\/marthacifuentes.com\/portada\/aun-no-se-confirma-muerte-de-alias-antonio-medina-cabecilla-frente-28-disidencias-de-las-farc-ejercito-trata-de-verificar-informacion-sobre-su-deceso\/#breadcrumb","itemListElement":[{"@type":"ListItem","position":1,"name":"Portada","item":"https:\/\/marthacifuentes.com\/portada\/"},{"@type":"ListItem","position":2,"name":"A\u00fan no se confirma muerte de alias \u2018antonio medina\u2019, cabecilla frente 28 disidencias de las Farc. Ej\u00e9rcito trata de verificar informaci\u00f3n sobre su deceso."}]},{"@type":"WebSite","@id":"https:\/\/marthacifuentes.com\/portada\/#website","url":"https:\/\/marthacifuentes.com\/portada\/","name":"\u25b7 Noticias de Casanare : Martha Cifuentes | Casanare","description":"Noticias &amp; Contenidos","potentialAction":[{"@type":"SearchAction","target":{"@type":"EntryPoint","urlTemplate":"https:\/\/marthacifuentes.com\/portada\/?s={search_term_string}"},"query-input":{"@type":"PropertyValueSpecification","valueRequired":true,"valueName":"search_term_string"}}],"inLanguage":"es"},{"@type":"Person","@id":"https:\/\/marthacifuentes.com\/portada\/#\/schema\/person\/57f53174b991db5f90ff78d58502b714","name":"Martha Cifuentes","image":{"@type":"ImageObject","inLanguage":"es","@id":"https:\/\/marthacifuentes.com\/portada\/#\/schema\/person\/image\/","url":"http:\/\/marthacifuentes.com\/portada\/wp-content\/uploads\/2018\/06\/avatar_user_2_1528838701-96x96.jpg","contentUrl":"http:\/\/marthacifuentes.com\/portada\/wp-content\/uploads\/2018\/06\/avatar_user_2_1528838701-96x96.jpg","caption":"Martha Cifuentes"},"sameAs":["http:\/\/www.marthacifuentes.com"],"url":"https:\/\/marthacifuentes.com\/portada\/author\/martha\/"}]}},"_links":{"self":[{"href":"https:\/\/marthacifuentes.com\/portada\/wp-json\/wp\/v2\/posts\/28160","targetHints":{"allow":["GET"]}}],"collection":[{"href":"https:\/\/marthacifuentes.com\/portada\/wp-json\/wp\/v2\/posts"}],"about":[{"href":"https:\/\/marthacifuentes.com\/portada\/wp-json\/wp\/v2\/types\/post"}],"author":[{"embeddable":true,"href":"https:\/\/marthacifuentes.com\/portada\/wp-json\/wp\/v2\/users\/2"}],"replies":[{"embeddable":true,"href":"https:\/\/marthacifuentes.com\/portada\/wp-json\/wp\/v2\/comments?post=28160"}],"version-history":[{"count":1,"href":"https:\/\/marthacifuentes.com\/portada\/wp-json\/wp\/v2\/posts\/28160\/revisions"}],"predecessor-version":[{"id":28166,"href":"https:\/\/marthacifuentes.com\/portada\/wp-json\/wp\/v2\/posts\/28160\/revisions\/28166"}],"wp:featuredmedia":[{"embeddable":true,"href":"https:\/\/marthacifuentes.com\/portada\/wp-json\/wp\/v2\/media\/28165"}],"wp:attachment":[{"href":"https:\/\/marthacifuentes.com\/portada\/wp-json\/wp\/v2\/media?parent=28160"}],"wp:term":[{"taxonomy":"category","embeddable":true,"href":"https:\/\/marthacifuentes.com\/portada\/wp-json\/wp\/v2\/categories?post=28160"},{"taxonomy":"post_tag","embeddable":true,"href":"https:\/\/marthacifuentes.com\/portada\/wp-json\/wp\/v2\/tags?post=28160"}],"curies":[{"name":"wp","href":"https:\/\/api.w.org\/{rel}","templated":true}]}}