{"id":28172,"date":"2022-01-29T15:06:22","date_gmt":"2022-01-29T20:06:22","guid":{"rendered":"https:\/\/marthacifuentes.com\/portada\/?p=28172"},"modified":"2022-01-29T15:36:01","modified_gmt":"2022-01-29T20:36:01","slug":"reabierta-via-del-cusiana-en-la-granja-obras-de-remocion-y-habilitacion-de-la-carretera-costaron-al-menos-17-mil-millones","status":"publish","type":"post","link":"https:\/\/marthacifuentes.com\/portada\/reabierta-via-del-cusiana-en-la-granja-obras-de-remocion-y-habilitacion-de-la-carretera-costaron-al-menos-17-mil-millones\/","title":{"rendered":"Reabierta v\u00eda del Cusiana en La Granja. Obras de remoci\u00f3n y habilitaci\u00f3n de la carretera costaron al menos $17 mil millones."},"content":{"rendered":"<p style=\"text-align: justify;\"><strong>Tras 92 d\u00edas de cierre obligado de la v\u00eda <\/strong><strong>Sogamoso \u2013 Aguazul, en el sector La Granja por deslizamientos de la monta\u00f1a que afect\u00f3 150 metros de la banca, hoy 29 de enero se pudo reabrir el paso en dos carriles de todo tipo de veh\u00edculos, 24 horas del d\u00eda. Cientos de transportadores y usuarios de la carretera, esperaron expectantes el momento de apertura que se dio a la una de la tarde. <\/strong><\/p>\n<p style=\"text-align: justify;\">Se removieron 335 mil metros c\u00fabicos en el kil\u00f3metro 87 de la llamada v\u00eda del Cusiana. Como hormiguitas trabajaron cerca de 150 personas diariamente, en promedio con m\u00e1s de 85 m\u00e1quinas, en largas jornadas de tr\u00e1fico. El ingeniero Arcenio Sandoval, director territorial de Inv\u00edas Casanare, estuvo muy atento al desarrollo de las obras, que solo se vieron interrumpidas por unos bloqueos de las propietarias de los terrenos de La Granja y por el invierno.<\/p>\n<div style=\"width: 640px;\" class=\"wp-video\"><!--[if lt IE 9]><script>document.createElement('video');<\/script><![endif]-->\n<video class=\"wp-video-shortcode\" id=\"video-28172-1\" width=\"640\" height=\"352\" preload=\"metadata\" controls=\"controls\"><source type=\"video\/mp4\" src=\"https:\/\/marthacifuentes.com\/portada\/wp-content\/uploads\/2022\/01\/WhatsApp-Video-2022-01-29-at-2.29.51-PM.mp4?_=1\" \/><a href=\"https:\/\/marthacifuentes.com\/portada\/wp-content\/uploads\/2022\/01\/WhatsApp-Video-2022-01-29-at-2.29.51-PM.mp4\">https:\/\/marthacifuentes.com\/portada\/wp-content\/uploads\/2022\/01\/WhatsApp-Video-2022-01-29-at-2.29.51-PM.mp4<\/a><\/video><\/div>\n<p style=\"text-align: justify;\">Aunque las p\u00e9rdidas econ\u00f3micas para Casanare y Boyac\u00e1 no se han cuantificado, s\u00ed se pudo establecer que los costos de los alimentos y bienes y servicios aument\u00f3 en estos tres meses de cierre de la carretera, que une estos dos departamentos.<\/p>\n<p style=\"text-align: justify;\">El director general de INV\u00cdAS, Juan Esteban Gil Chavarr\u00eda, expres\u00f3 que \u201cEsta reapertura del kil\u00f3metro 87 en el corredor vial Sogamoso &#8211; Aguazul fortalece la econom\u00eda del pa\u00eds, pues en esta zona se mueve un buen n\u00famero de alimentos y se transportan grandes cantidades de arroz, ganado e hidrocarburos\u201d.<\/p>\n<p style=\"text-align: justify;\">Destac\u00f3 que durante el cierre vial se aprovech\u00f3 para mejorar las condiciones de seguridad vial al atender gran parte de los sitios cr\u00edticos de la v\u00eda y llevar a cabo la se\u00f1alizaci\u00f3n completa desde Sogamoso a Aguazul, la rehabilitaci\u00f3n de la carpeta asf\u00e1ltica en un 90 % y la recuperaci\u00f3n del corredor, un clamor de las comunidades y de los actores viales\u201d.<\/p>\n<p style=\"text-align: justify;\">Igualmente inform\u00f3 que hoy s\u00e1bado los usuarios que vayan en el sentido Aguazul \u2013 Sogamoso podr\u00e1n utilizar uno de los dos puentes nuevos met\u00e1licos, de 55 metros, que generar\u00e1 un tr\u00e1nsito seguro y eficiente en el sector km 86 + 500, quebrada La Orqu\u00eddea; y en aproximadamente 15 d\u00edas se pondr\u00e1 en operaci\u00f3n el segundo puente, de 46 metros, que lo utilizar\u00e1n los usuarios en el sentido Sogamoso \u2013 Aguazul.<\/p>\n<p style=\"text-align: justify;\">La grave situaci\u00f3n de cierre vial, oblig\u00f3 a utilizar v\u00edas alternas por Villavicencio, El Sisga y Labranzagrande. Solo la primera era apta para todo tipo de veh\u00edculos. La \u00faltima tuvo muchos contratiempos porque transportadores de carga pesada, insist\u00edan en utilizarla. Tambi\u00e9n se adecu\u00f3 una v\u00eda alterna por Curis\u00ed, Los Alpes, Pajarito, que funcionaba para camperos, b\u00e1sicamente.<\/p>\n<p style=\"text-align: justify;\"><strong>Pendientes<\/strong><\/p>\n<p style=\"text-align: justify;\">Es importante aclarar que, pese a que se dio paso este s\u00e1bado 29 de enero a los usuarios viales, en la zona contin\u00faan trabajos como la perfilaci\u00f3n de algunos taludes en el sector de la emergencia, la remoci\u00f3n del material que ha quedado en el r\u00edo Cusiana, la construcci\u00f3n de unas zanjas de coronaci\u00f3n y la instalaci\u00f3n de un biomanto y anclajes especiales para evitar la erosi\u00f3n en la monta\u00f1a por afectaci\u00f3n de lluvias.<\/p>\n<p style=\"text-align: justify;\"><strong>Trabajos realizados en La Granja <\/strong><\/p>\n<p style=\"text-align: justify;\">Entre otros trabajos, se realizaron actividades de remoci\u00f3n con retroexcavadoras y <em>bulldozer<\/em>, y se conformaron y excavaron las terrazas 1, 2, 3, 4, 5, 6, 7, 8, 9 y 10 para lograr \u00f3ptimas condiciones de seguridad vial para los usuarios. De igual forma, el material suelto en la parte alta de la ladera se traslad\u00f3 a zonas de cargue y se llevaron a cabo obras hidr\u00e1ulicas y zanjas de coronaci\u00f3n lateral para captaci\u00f3n y manejo de aguas en la monta\u00f1a.<\/p>\n<p style=\"text-align: justify;\">Se adelant\u00f3 la perforaci\u00f3n y construcci\u00f3n de drenes (mecanismos de absorci\u00f3n de agua) horizontales en talud de las terrazas 3 y 4, y se terminaron taludes de las terrazas 5, 6, 7, 8, 9 y 10.<\/p>\n<p><img loading=\"lazy\" decoding=\"async\" class=\"alignnone size-large wp-image-28173\" src=\"https:\/\/marthacifuentes.com\/portada\/wp-content\/uploads\/2022\/01\/WhatsApp-Image-2022-01-29-at-2.00.37-PM-1024x582.jpeg\" alt=\"\" width=\"1024\" height=\"582\" srcset=\"https:\/\/marthacifuentes.com\/portada\/wp-content\/uploads\/2022\/01\/WhatsApp-Image-2022-01-29-at-2.00.37-PM-1024x582.jpeg 1024w, https:\/\/marthacifuentes.com\/portada\/wp-content\/uploads\/2022\/01\/WhatsApp-Image-2022-01-29-at-2.00.37-PM-300x170.jpeg 300w, https:\/\/marthacifuentes.com\/portada\/wp-content\/uploads\/2022\/01\/WhatsApp-Image-2022-01-29-at-2.00.37-PM-768x436.jpeg 768w, https:\/\/marthacifuentes.com\/portada\/wp-content\/uploads\/2022\/01\/WhatsApp-Image-2022-01-29-at-2.00.37-PM.jpeg 1457w\" sizes=\"auto, (max-width: 1024px) 100vw, 1024px\" \/><\/p>\n<p><img loading=\"lazy\" decoding=\"async\" class=\"alignnone wp-image-28174\" src=\"https:\/\/marthacifuentes.com\/portada\/wp-content\/uploads\/2022\/01\/WhatsApp-Image-2022-01-29-at-2.00.38-PM-2-1024x768.jpeg\" alt=\"\" width=\"387\" height=\"290\" srcset=\"https:\/\/marthacifuentes.com\/portada\/wp-content\/uploads\/2022\/01\/WhatsApp-Image-2022-01-29-at-2.00.38-PM-2-1024x768.jpeg 1024w, https:\/\/marthacifuentes.com\/portada\/wp-content\/uploads\/2022\/01\/WhatsApp-Image-2022-01-29-at-2.00.38-PM-2-300x225.jpeg 300w, https:\/\/marthacifuentes.com\/portada\/wp-content\/uploads\/2022\/01\/WhatsApp-Image-2022-01-29-at-2.00.38-PM-2-768x576.jpeg 768w, https:\/\/marthacifuentes.com\/portada\/wp-content\/uploads\/2022\/01\/WhatsApp-Image-2022-01-29-at-2.00.38-PM-2.jpeg 1280w\" sizes=\"auto, (max-width: 387px) 100vw, 387px\" \/>\u00a0 \u00a0 \u00a0<img loading=\"lazy\" decoding=\"async\" class=\"alignnone wp-image-28175\" src=\"https:\/\/marthacifuentes.com\/portada\/wp-content\/uploads\/2022\/01\/WhatsApp-Image-2022-01-29-at-2.00.38-PM-3-1024x768.jpeg\" alt=\"\" width=\"391\" height=\"294\" srcset=\"https:\/\/marthacifuentes.com\/portada\/wp-content\/uploads\/2022\/01\/WhatsApp-Image-2022-01-29-at-2.00.38-PM-3-1024x768.jpeg 1024w, https:\/\/marthacifuentes.com\/portada\/wp-content\/uploads\/2022\/01\/WhatsApp-Image-2022-01-29-at-2.00.38-PM-3-300x225.jpeg 300w, https:\/\/marthacifuentes.com\/portada\/wp-content\/uploads\/2022\/01\/WhatsApp-Image-2022-01-29-at-2.00.38-PM-3-768x576.jpeg 768w, https:\/\/marthacifuentes.com\/portada\/wp-content\/uploads\/2022\/01\/WhatsApp-Image-2022-01-29-at-2.00.38-PM-3.jpeg 1280w\" sizes=\"auto, (max-width: 391px) 100vw, 391px\" \/><\/p>\n<h2><strong>Otras noticias&#8230;\u00a0<\/strong><\/h2>\n<blockquote class=\"wp-embedded-content\" data-secret=\"TaxN2ItOSj\"><p><a href=\"https:\/\/marthacifuentes.com\/portada\/2022\/01\/28\/frustrada-por-enesima-vez-eleccion-del-directora-de-corporinoquia-todos-los-consejeros-fueron-recusados\/\">Frustrada por en\u00e9sima vez elecci\u00f3n del director(a) de Corporinoquia. Todos los consejeros fueron recusados<\/a><\/p><\/blockquote>\n<p><iframe loading=\"lazy\" class=\"wp-embedded-content\" sandbox=\"allow-scripts\" security=\"restricted\" style=\"position: absolute; clip: rect(1px, 1px, 1px, 1px);\" title=\"\u00abFrustrada por en\u00e9sima vez elecci\u00f3n del director(a) de Corporinoquia. Todos los consejeros fueron recusados\u00bb \u2014 \u25b7 Noticias de Casanare : Martha Cifuentes | Casanare\" src=\"https:\/\/marthacifuentes.com\/portada\/2022\/01\/28\/frustrada-por-enesima-vez-eleccion-del-directora-de-corporinoquia-todos-los-consejeros-fueron-recusados\/embed\/#?secret=tYjoej91yS#?secret=TaxN2ItOSj\" data-secret=\"TaxN2ItOSj\" width=\"500\" height=\"282\" frameborder=\"0\" marginwidth=\"0\" marginheight=\"0\" scrolling=\"no\"><\/iframe><\/p>\n<p><iframe loading=\"lazy\" class=\"wp-embedded-content\" title=\"\u00abA\u00fan no se confirma muerte de alias \u2018antonio medina\u2019, cabecilla frente 28 disidencias de las Farc. Ej\u00e9rcito trata de verificar informaci\u00f3n sobre su deceso.\u00bb \u2014 \u25b7 Noticias de Casanare : Martha Cifuentes | Casanare\" src=\"https:\/\/marthacifuentes.com\/portada\/2022\/01\/27\/aun-no-se-confirma-muerte-de-alias-antonio-medina-cabecilla-frente-28-disidencias-de-las-farc-ejercito-trata-de-verificar-informacion-sobre-su-deceso\/embed\/#?secret=HUG9FVMgJb\" width=\"600\" height=\"315\" frameborder=\"0\" marginwidth=\"0\" marginheight=\"0\" scrolling=\"no\" sandbox=\"allow-scripts\" data-secret=\"HUG9FVMgJb\" data-mce-fragment=\"1\"><\/iframe><\/p>\n<p><iframe loading=\"lazy\" class=\"wp-embedded-content\" title=\"\u00abPor irregularidades en elecci\u00f3n de personero de Yopal en 2015, Procuradur\u00eda sancion\u00f3 a 3 concejales. Uno de ellos aspira al Congreso.\u00bb \u2014 \u25b7 Noticias de Casanare : Martha Cifuentes | Casanare\" src=\"https:\/\/marthacifuentes.com\/portada\/2022\/01\/20\/por-irregularidades-en-eleccion-de-personero-de-yopal-en-2015-procuraduria-sanciono-a-3-concejales-uno-de-ellos-aspira-al-congreso\/embed\/#?secret=gDlOka0W16\" width=\"600\" height=\"594\" frameborder=\"0\" marginwidth=\"0\" marginheight=\"0\" scrolling=\"no\" sandbox=\"allow-scripts\" data-secret=\"gDlOka0W16\" data-mce-fragment=\"1\"><\/iframe><\/p>\n<p><iframe loading=\"lazy\" class=\"wp-embedded-content\" title=\"\u00abA Casanare lleg\u00f3 la hora de sembrar pl\u00e1tano\u00bb \u2014 \u25b7 Noticias de Casanare : Martha Cifuentes | Casanare\" src=\"https:\/\/marthacifuentes.com\/portada\/2022\/01\/19\/a-casanare-llego-la-hora-de-sembrar-platano\/embed\/#?secret=nursORm1hc\" width=\"600\" height=\"586\" frameborder=\"0\" marginwidth=\"0\" marginheight=\"0\" scrolling=\"no\" sandbox=\"allow-scripts\" data-secret=\"nursORm1hc\" data-mce-fragment=\"1\"><\/iframe><\/p>\n<p><iframe loading=\"lazy\" class=\"wp-embedded-content\" title=\"\u00abTemblor en Aguazul no dej\u00f3 da\u00f1os pero si caus\u00f3 temor. Se sinti\u00f3 en 5 departamentos.\u00bb \u2014 \u25b7 Noticias de Casanare : Martha Cifuentes | Casanare\" src=\"https:\/\/marthacifuentes.com\/portada\/2022\/01\/19\/temblor-en-aguazul-no-dejo-danos-pero-si-causo-temor-se-sintio-en-5-departamentos\/embed\/#?secret=rG1jkiPRdP\" width=\"600\" height=\"621\" frameborder=\"0\" marginwidth=\"0\" marginheight=\"0\" scrolling=\"no\" sandbox=\"allow-scripts\" data-secret=\"rG1jkiPRdP\" data-mce-fragment=\"1\"><\/iframe><\/p>\n<p><iframe loading=\"lazy\" class=\"wp-embedded-content\" title=\"\u00abApareci\u00f3 muerta l\u00edder social, veedora y coadyuvante en revocatoria del alcalde de Orocu\u00e9, Casanare.\u00bb \u2014 \u25b7 Noticias de Casanare : Martha Cifuentes | Casanare\" src=\"https:\/\/marthacifuentes.com\/portada\/2022\/01\/17\/aparecio-muerta-lider-social-veedora-y-coadyuvante-en-revocatoria-del-alcalde-de-orocue-casanare\/embed\/#?secret=lo5oxusG1A\" width=\"600\" height=\"621\" frameborder=\"0\" marginwidth=\"0\" marginheight=\"0\" scrolling=\"no\" sandbox=\"allow-scripts\" data-secret=\"lo5oxusG1A\" data-mce-fragment=\"1\"><\/iframe><\/p>\n<p><iframe loading=\"lazy\" class=\"wp-embedded-content\" title=\"\u00abJuez neg\u00f3 tutela que frenaba elecci\u00f3n de director de Corporinoquia. Consejo Directivo puede continuar con el proceso\u00bb \u2014 \u25b7 Noticias de Casanare : Martha Cifuentes | Casanare\" src=\"https:\/\/marthacifuentes.com\/portada\/2022\/01\/17\/juez-nego-tutela-que-frenaba-eleccion-de-director-de-corporinoquia-consejo-directivo-puede-continuar-con-el-proceso\/embed\/#?secret=kRu9Ez8QCy\" width=\"600\" height=\"649\" frameborder=\"0\" marginwidth=\"0\" marginheight=\"0\" scrolling=\"no\" sandbox=\"allow-scripts\" data-secret=\"kRu9Ez8QCy\" data-mce-fragment=\"1\"><\/iframe><\/p>\n<p><iframe loading=\"lazy\" class=\"wp-embedded-content\" title=\"\u00abPaso en v\u00eda Aguazul-Sogamoso solo estar\u00eda listo a finales de enero. Bloqueos afectaron cronograma.\u00bb \u2014 \u25b7 Noticias de Casanare : Martha Cifuentes | Casanare\" src=\"https:\/\/marthacifuentes.com\/portada\/2022\/01\/18\/paso-en-via-aguazul-sogamoso-solo-estaria-listo-a-finales-de-enero-bloqueos-afectaron-cronograma\/embed\/#?secret=pdEfIa370i\" width=\"600\" height=\"600\" frameborder=\"0\" marginwidth=\"0\" marginheight=\"0\" scrolling=\"no\" sandbox=\"allow-scripts\" data-secret=\"pdEfIa370i\" data-mce-fragment=\"1\"><\/iframe><\/p>\n<p><iframe loading=\"lazy\" class=\"wp-embedded-content\" title=\"\u00abAlcalde de Orocu\u00e9 se dio la pela y cancel\u00f3 las fiestas de enero, previniendo aumento de casos del Covid-19.\u00bb \u2014 \u25b7 Noticias de Casanare : Martha Cifuentes | Casanare\" src=\"https:\/\/marthacifuentes.com\/portada\/2022\/01\/07\/alcalde-de-orocue-se-dio-la-pela-y-cancelo-las-fiestas-de-enero-previniendo-aumento-de-casos-del-covid-19\/embed\/#?secret=xl7H7gWEdf\" width=\"600\" height=\"619\" frameborder=\"0\" marginwidth=\"0\" marginheight=\"0\" scrolling=\"no\" sandbox=\"allow-scripts\" data-secret=\"xl7H7gWEdf\" data-mce-fragment=\"1\"><\/iframe><\/p>\n<p><iframe loading=\"lazy\" class=\"wp-embedded-content\" title=\"\u00abHasta el 13 de enero hay inscripci\u00f3n de c\u00e9dulas para elecciones de Congreso 2022. Presencial o por internet se puede realizar el proceso.\u00bb \u2014 \u25b7 Noticias de Casanare : Martha Cifuentes | Casanare\" src=\"https:\/\/marthacifuentes.com\/portada\/2022\/01\/07\/hasta-el-13-de-enero-hay-inscripcion-de-cedulas-para-elecciones-de-congreso-2022-presencial-o-por-internet-se-puede-realizar-el-proceso\/embed\/#?secret=KsBn8eZhkO\" width=\"600\" height=\"564\" frameborder=\"0\" marginwidth=\"0\" marginheight=\"0\" scrolling=\"no\" sandbox=\"allow-scripts\" data-secret=\"KsBn8eZhkO\" data-mce-fragment=\"1\"><\/iframe><\/p>\n<p><iframe loading=\"lazy\" class=\"wp-embedded-content\" title=\"\u00abV\u00eda Aguazul-Sogamoso NO se abrir\u00e1 el 24 de enero, tras conflicto de tierras en La Granja. Obras llevan paralizadas 5 d\u00edas. Habr\u00eda desalojo a la fuerza.\u00bb \u2014 \u25b7 Noticias de Casanare : Martha Cifuentes | Casanare\" src=\"https:\/\/marthacifuentes.com\/portada\/2022\/01\/06\/via-aguazul-sogamoso-no-se-abrira-el-24-de-enero-tras-conflicto-de-tierras-en-la-granja-obras-llevan-paralizadas-5-dias-habria-desalojo-a-la-fuerza\/embed\/#?secret=dVXpGpbrPA\" width=\"600\" height=\"561\" frameborder=\"0\" marginwidth=\"0\" marginheight=\"0\" scrolling=\"no\" sandbox=\"allow-scripts\" data-secret=\"dVXpGpbrPA\" data-mce-fragment=\"1\"><\/iframe><\/p>\n<p><iframe loading=\"lazy\" class=\"wp-embedded-content\" title=\"\u00abMasacre de familia de S\u00e1cama, Casanare, sin esclarecer todav\u00eda.\u00bb \u2014 \u25b7 Noticias de Casanare : Martha Cifuentes | Casanare\" src=\"https:\/\/marthacifuentes.com\/portada\/2022\/01\/05\/masacre-de-familia-de-sacama-casanare-sin-esclarecer-todavia\/embed\/#?secret=pcIcN1Afd1\" width=\"600\" height=\"287\" frameborder=\"0\" marginwidth=\"0\" marginheight=\"0\" scrolling=\"no\" sandbox=\"allow-scripts\" data-secret=\"pcIcN1Afd1\" data-mce-fragment=\"1\"><\/iframe><\/p>\n<p><iframe loading=\"lazy\" class=\"wp-embedded-content\" title=\"\u00abCasanare es m\u00e1s seguro que en 2019, asevera comandante de Polic\u00eda, cr. Jos\u00e9 Miranda\u00bb \u2014 \u25b7 Noticias de Casanare : Martha Cifuentes | Casanare\" src=\"https:\/\/marthacifuentes.com\/portada\/2022\/01\/05\/casanare-es-mas-seguro-que-en-2019-asevera-comandante-de-policia-cr-jose-miranda\/embed\/#?secret=l08IJehWt9\" width=\"600\" height=\"586\" frameborder=\"0\" marginwidth=\"0\" marginheight=\"0\" scrolling=\"no\" sandbox=\"allow-scripts\" data-secret=\"l08IJehWt9\" data-mce-fragment=\"1\"><\/iframe><\/p>\n<p><iframe loading=\"lazy\" class=\"wp-embedded-content\" title=\"\u00abFalleci\u00f3 \u00d3scar Rinc\u00f3n, \u2018Kawasaki\u2019, due\u00f1o del tradicional almac\u00e9n Comercial Oskar en Yopal\u00bb \u2014 \u25b7 Noticias de Casanare : Martha Cifuentes | Casanare\" src=\"https:\/\/marthacifuentes.com\/portada\/2022\/01\/05\/fallecio-oscar-rincon-kawasaki-dueno-del-tradicional-almacen-comercial-oskar-en-yopal\/embed\/#?secret=rsv2LccWra\" width=\"600\" height=\"578\" frameborder=\"0\" marginwidth=\"0\" marginheight=\"0\" scrolling=\"no\" sandbox=\"allow-scripts\" data-secret=\"rsv2LccWra\" data-mce-fragment=\"1\"><\/iframe><\/p>\n<p><iframe loading=\"lazy\" class=\"wp-embedded-content\" title=\"\u00abOjo\u2026 Del 1 al 10% aument\u00f3 ocupaci\u00f3n de camas UCI en Casanare entre 1 y 2 de enero\u00bb \u2014 \u25b7 Noticias de Casanare : Martha Cifuentes | Casanare\" src=\"https:\/\/marthacifuentes.com\/portada\/2022\/01\/03\/ojo-del-1-al-10-aumento-ocupacion-de-camas-uci-en-casanare-entre-1-y-2-de-enero\/embed\/#?secret=KKCwqJPbRG\" width=\"600\" height=\"600\" frameborder=\"0\" marginwidth=\"0\" marginheight=\"0\" scrolling=\"no\" sandbox=\"allow-scripts\" data-secret=\"KKCwqJPbRG\" data-mce-fragment=\"1\"><\/iframe><\/p>\n<p><iframe loading=\"lazy\" class=\"wp-embedded-content\" title=\"\u00abCapresoca en riesgo de ser liquidada. Crisis financiera, ser\u00eda la causa, alerta ACESI.\u00bb \u2014 \u25b7 Noticias de Casanare : Martha Cifuentes | Casanare\" src=\"https:\/\/marthacifuentes.com\/portada\/2021\/12\/30\/capresoca-en-riesgo-de-ser-liquidada-crisis-financiera-seria-la-causa-alerta-acesi\/embed\/#?secret=rS1QWWLZHg\" width=\"600\" height=\"621\" frameborder=\"0\" marginwidth=\"0\" marginheight=\"0\" scrolling=\"no\" sandbox=\"allow-scripts\" data-secret=\"rS1QWWLZHg\" data-mce-fragment=\"1\"><\/iframe><\/p>\n<p><iframe loading=\"lazy\" class=\"wp-embedded-content\" title=\"\u00abHoy se cumplen 60 d\u00edas de cierre de la v\u00eda Aguazul-Sogamoso. Restar\u00edan 24 d\u00edas para volver a tener paso, seg\u00fan Inv\u00edas.\u00bb \u2014 \u25b7 Noticias de Casanare : Martha Cifuentes | Casanare\" src=\"https:\/\/marthacifuentes.com\/portada\/2021\/12\/30\/hoy-se-cumplen-60-dias-de-cierre-de-la-via-aguazul-sogamoso-restarian-24-dias-para-volver-a-tener-paso-segun-invias\/embed\/#?secret=dgWbBisKmx\" width=\"600\" height=\"541\" frameborder=\"0\" marginwidth=\"0\" marginheight=\"0\" scrolling=\"no\" sandbox=\"allow-scripts\" data-secret=\"dgWbBisKmx\" data-mce-fragment=\"1\"><\/iframe><\/p>\n<p><iframe loading=\"lazy\" class=\"wp-embedded-content\" title=\"\u00abKaterin \u00c1vila, neg\u00f3 haber matado a su pareja, juez Juan Pablo Flechas, quien cay\u00f3 de un edificio en Yopal. Vea el video probar\u00eda que se trat\u00f3 de un accidente.\u00bb \u2014 \u25b7 Noticias de Casanare : Martha Cifuentes | Casanare\" src=\"https:\/\/marthacifuentes.com\/portada\/2021\/12\/29\/katerin-avila-nego-haber-matado-a-su-pareja-juez-juan-pablo-flechas-quien-cayo-de-un-edificio-en-yopal-vea-el-video-probaria-que-se-trato-de-un-accidente\/embed\/#?secret=QHy2NcRQnL\" width=\"600\" height=\"628\" frameborder=\"0\" marginwidth=\"0\" marginheight=\"0\" scrolling=\"no\" sandbox=\"allow-scripts\" data-secret=\"QHy2NcRQnL\" data-mce-fragment=\"1\"><\/iframe><\/p>\n<p><iframe loading=\"lazy\" class=\"wp-embedded-content\" title=\"\u00abDenuncian por participaci\u00f3n en pol\u00edtica al alcalde de Yopal Luis Eduardo Castro y al director de la Casa de la Justicia\u00bb \u2014 \u25b7 Noticias de Casanare : Martha Cifuentes | Casanare\" src=\"https:\/\/marthacifuentes.com\/portada\/2021\/12\/29\/denuncian-por-participacion-en-politica-al-alcalde-de-yopal-luis-eduardo-castro-y-al-director-de-la-casa-de-la-justicia\/embed\/#?secret=oDzcSgJRdt\" width=\"600\" height=\"649\" frameborder=\"0\" marginwidth=\"0\" marginheight=\"0\" scrolling=\"no\" sandbox=\"allow-scripts\" data-secret=\"oDzcSgJRdt\" data-mce-fragment=\"1\"><\/iframe><\/p>\n<p><iframe loading=\"lazy\" class=\"wp-embedded-content\" title=\"\u00abDisidencias de las Farc niegan participaci\u00f3n en masacre de familia en S\u00e1cama. Sijin investiga hecho.\u00bb \u2014 \u25b7 Noticias de Casanare : Martha Cifuentes | Casanare\" src=\"https:\/\/marthacifuentes.com\/portada\/2021\/12\/29\/disidencias-de-las-farc-niegan-participacion-en-masacre-de-familia-en-sacama-sijin-investiga-hecho\/embed\/#?secret=4CEuvuztS9\" width=\"600\" height=\"595\" frameborder=\"0\" marginwidth=\"0\" marginheight=\"0\" scrolling=\"no\" sandbox=\"allow-scripts\" data-secret=\"4CEuvuztS9\" data-mce-fragment=\"1\"><\/iframe><\/p>\n<p><iframe loading=\"lazy\" class=\"wp-embedded-content\" title=\"\u00abSin control, tr\u00e1fico en v\u00eda El Morro-Labranzagrande. Accidentes y trancones, d\u00eda a d\u00eda\u00bb \u2014 \u25b7 Noticias de Casanare : Martha Cifuentes | Casanare\" src=\"https:\/\/marthacifuentes.com\/portada\/2021\/12\/29\/sin-control-trafico-en-via-el-morro-labranzagrande-accidentes-y-trancones-dia-a-dia\/embed\/#?secret=dJ41qPVSkD\" width=\"600\" height=\"544\" frameborder=\"0\" marginwidth=\"0\" marginheight=\"0\" scrolling=\"no\" sandbox=\"allow-scripts\" data-secret=\"dJ41qPVSkD\" data-mce-fragment=\"1\"><\/iframe><\/p>\n<p><iframe loading=\"lazy\" class=\"wp-embedded-content\" title=\"\u00abHermetismo de autoridades militares y policiales sobre masacre de familia campesina en S\u00e1cama, Casanare\u00bb \u2014 \u25b7 Noticias de Casanare : Martha Cifuentes | Casanare\" src=\"https:\/\/marthacifuentes.com\/portada\/2021\/12\/28\/hermetismo-de-autoridades-militares-y-policiales-sobre-masacre-de-familia-campesina-en-sacama-casanare\/embed\/#?secret=VpslGiJ5Vj\" width=\"600\" height=\"599\" frameborder=\"0\" marginwidth=\"0\" marginheight=\"0\" scrolling=\"no\" sandbox=\"allow-scripts\" data-secret=\"VpslGiJ5Vj\" data-mce-fragment=\"1\"><\/iframe><\/p>\n<p><iframe loading=\"lazy\" class=\"wp-embedded-content\" title=\"\u00abOtra vez elecci\u00f3n de director de Corporinoquia en veremos. Una tutela fren\u00f3 en seco el proceso.\u00bb \u2014 \u25b7 Noticias de Casanare : Martha Cifuentes | Casanare\" src=\"https:\/\/marthacifuentes.com\/portada\/2021\/12\/28\/otra-vez-eleccion-de-director-de-corporinoquia-en-veremos-una-tutela-freno-en-seco-el-proceso\/embed\/#?secret=7fba6D8rp7\" width=\"600\" height=\"533\" frameborder=\"0\" marginwidth=\"0\" marginheight=\"0\" scrolling=\"no\" sandbox=\"allow-scripts\" data-secret=\"7fba6D8rp7\" data-mce-fragment=\"1\"><\/iframe><\/p>\n<p><iframe loading=\"lazy\" class=\"wp-embedded-content\" title=\"\u00abMasacre de miembros de una familia en S\u00e1cama, Casanare\u00bb \u2014 \u25b7 Noticias de Casanare : Martha Cifuentes | Casanare\" src=\"https:\/\/marthacifuentes.com\/portada\/2021\/12\/27\/masacre-de-miembros-de-una-familia-en-sacama-casanare\/embed\/#?secret=gzn2NREqzK\" width=\"600\" height=\"613\" frameborder=\"0\" marginwidth=\"0\" marginheight=\"0\" scrolling=\"no\" sandbox=\"allow-scripts\" data-secret=\"gzn2NREqzK\" data-mce-fragment=\"1\"><\/iframe><\/p>\n<p><iframe loading=\"lazy\" class=\"wp-embedded-content\" title=\"\u00ab2 muertos y 9 heridos en accidentes de tr\u00e1nsito en v\u00edas y calles de Casanare, el fin de semana\u00bb \u2014 \u25b7 Noticias de Casanare : Martha Cifuentes | Casanare\" src=\"https:\/\/marthacifuentes.com\/portada\/2021\/12\/27\/2-muertos-y-9-heridos-en-accidentes-de-transito-en-vias-y-calles-de-casanare-el-fin-de-semana\/embed\/#?secret=ppYOVoRvJa\" width=\"600\" height=\"621\" frameborder=\"0\" marginwidth=\"0\" marginheight=\"0\" scrolling=\"no\" sandbox=\"allow-scripts\" data-secret=\"ppYOVoRvJa\" data-mce-fragment=\"1\"><\/iframe><\/p>\n<p><iframe loading=\"lazy\" class=\"wp-embedded-content\" title=\"\u00ab2 suicidios y un intento, este fin de semana en Casanare. Una mujer y un ind\u00edgena, las v\u00edctimas.\u00bb \u2014 \u25b7 Noticias de Casanare : Martha Cifuentes | Casanare\" src=\"https:\/\/marthacifuentes.com\/portada\/2021\/12\/27\/2-suicidios-y-un-intento-este-fin-de-semana-en-casanare-una-mujer-y-un-indigena-las-victimas\/embed\/#?secret=p9jDyvYS23\" width=\"600\" height=\"600\" frameborder=\"0\" marginwidth=\"0\" marginheight=\"0\" scrolling=\"no\" sandbox=\"allow-scripts\" data-secret=\"p9jDyvYS23\" data-mce-fragment=\"1\"><\/iframe><\/p>\n<p><iframe loading=\"lazy\" class=\"wp-embedded-content\" title=\"\u00abPor intolerancia en ri\u00f1as fueron asesinados 2 hombres y heridos al menos otros 5 en Pore y Paz de Ariporo, Casanare\u00bb \u2014 \u25b7 Noticias de Casanare : Martha Cifuentes | Casanare\" src=\"https:\/\/marthacifuentes.com\/portada\/2021\/12\/27\/por-intolerancia-en-rinas-fueron-asesinados-2-hombres-y-heridos-al-menos-otros-5-en-pore-y-paz-de-ariporo-casanare\/embed\/#?secret=NNejClCXwZ\" width=\"600\" height=\"649\" frameborder=\"0\" marginwidth=\"0\" marginheight=\"0\" scrolling=\"no\" sandbox=\"allow-scripts\" data-secret=\"NNejClCXwZ\" data-mce-fragment=\"1\"><\/iframe><\/p>\n<p><iframe loading=\"lazy\" class=\"wp-embedded-content\" title=\"\u00abArsenal de explosivos fueron hallados camuflados en cami\u00f3n de gallinaza en Villanueva, Casanare\u00bb \u2014 \u25b7 Noticias de Casanare : Martha Cifuentes | Casanare\" src=\"https:\/\/marthacifuentes.com\/portada\/2021\/12\/27\/arsenal-de-explosivos-fueron-hallados-camuflados-en-camion-de-gallinaza-en-villanueva-casanare\/embed\/#?secret=HdMpVTrWoY\" width=\"600\" height=\"621\" frameborder=\"0\" marginwidth=\"0\" marginheight=\"0\" scrolling=\"no\" sandbox=\"allow-scripts\" data-secret=\"HdMpVTrWoY\" data-mce-fragment=\"1\"><\/iframe><\/p>\n<p><iframe loading=\"lazy\" class=\"wp-embedded-content\" title=\"\u00abNi suicidio ni homicidio sino un accidente fatal, ser\u00eda la causa de la muerte de Juez Juan Pablo Flechas en Yopal. Video confirmar\u00eda la tesis.\u00bb \u2014 \u25b7 Noticias de Casanare : Martha Cifuentes | Casanare\" src=\"https:\/\/marthacifuentes.com\/portada\/2021\/12\/25\/ni-suicidio-ni-homicidio-sino-un-accidente-fatal-seria-la-causa-de-la-muerte-de-juez-juan-pablo-flechas-en-yopal-video-confirmaria-la-tesis\/embed\/#?secret=UEkZ2lQNL0\" width=\"600\" height=\"603\" frameborder=\"0\" marginwidth=\"0\" marginheight=\"0\" scrolling=\"no\" sandbox=\"allow-scripts\" data-secret=\"UEkZ2lQNL0\" data-mce-fragment=\"1\"><\/iframe><\/p>\n<p><iframe loading=\"lazy\" class=\"wp-embedded-content\" title=\"\u00abMilagrosamente hombre que se lanz\u00f3 del 5\u00b0 piso de edificio de Yopal sobrevivi\u00f3 aunque est\u00e1 grave.\u00bb \u2014 \u25b7 Noticias de Casanare : Martha Cifuentes | Casanare\" src=\"https:\/\/marthacifuentes.com\/portada\/2021\/12\/24\/milagrosamente-hombre-que-se-lanzo-del-5-piso-de-edificio-de-yopal-sobrevivio-aunque-esta-grave\/embed\/#?secret=f4YX8vzgCf\" width=\"600\" height=\"620\" frameborder=\"0\" marginwidth=\"0\" marginheight=\"0\" scrolling=\"no\" sandbox=\"allow-scripts\" data-secret=\"f4YX8vzgCf\" data-mce-fragment=\"1\"><\/iframe><\/p>\n<p><iframe loading=\"lazy\" class=\"wp-embedded-content\" title=\"\u00abPolita P\u00e9rez, fundadora de Yopal, falleci\u00f3 en Bogot\u00e1\u00bb \u2014 \u25b7 Noticias de Casanare : Martha Cifuentes | Casanare\" src=\"https:\/\/marthacifuentes.com\/portada\/2021\/12\/23\/polita-perez-fundadora-de-yopal-fallecio-en-bogota\/embed\/#?secret=wbaAFvThjc\" width=\"600\" height=\"533\" frameborder=\"0\" marginwidth=\"0\" marginheight=\"0\" scrolling=\"no\" sandbox=\"allow-scripts\" data-secret=\"wbaAFvThjc\" data-mce-fragment=\"1\"><\/iframe><\/p>\n<p><iframe loading=\"lazy\" class=\"wp-embedded-content\" title=\"\u00abCarrera por el cargo de director de Corporinoquia avanza. De los casi 50 postulados ya solo quedan 35, preliminarmente.\u00bb \u2014 \u25b7 Noticias de Casanare : Martha Cifuentes | Casanare\" src=\"https:\/\/marthacifuentes.com\/portada\/2021\/12\/23\/carrera-por-el-cargo-de-director-de-corporinoquia-avanza-de-los-casi-50-postulados-ya-solo-quedan-35-preliminarmente\/embed\/#?secret=kL5747hZCa\" width=\"600\" height=\"649\" frameborder=\"0\" marginwidth=\"0\" marginheight=\"0\" scrolling=\"no\" sandbox=\"allow-scripts\" data-secret=\"kL5747hZCa\" data-mce-fragment=\"1\"><\/iframe><\/p>\n<p><iframe loading=\"lazy\" class=\"wp-embedded-content\" title=\"\u00abArranc\u00f3 carrera de 21 candidatos a elecciones a la C\u00e1mara por Casanare. Solo 2 ser\u00e1n elegidos.\u00bb \u2014 \u25b7 Noticias de Casanare : Martha Cifuentes | Casanare\" src=\"https:\/\/marthacifuentes.com\/portada\/2021\/12\/23\/arranco-carrera-de-21-candidatos-a-elecciones-a-la-camara-por-casanare-solo-2-seran-elegidos\/embed\/#?secret=XbRFeC8fbX\" width=\"600\" height=\"606\" frameborder=\"0\" marginwidth=\"0\" marginheight=\"0\" scrolling=\"no\" sandbox=\"allow-scripts\" data-secret=\"XbRFeC8fbX\" data-mce-fragment=\"1\"><\/iframe><\/p>\n<p><iframe loading=\"lazy\" class=\"wp-embedded-content\" title=\"\u00abEn Alcald\u00eda de Yopal, tumbe en cobros de licencias de construcci\u00f3n. $1.200 millones se dejaron de cobrar: Contralor\u00eda de Casanare\u00bb \u2014 \u25b7 Noticias de Casanare : Martha Cifuentes | Casanare\" src=\"https:\/\/marthacifuentes.com\/portada\/2021\/12\/23\/en-alcaldia-de-yopal-tumbe-en-cobros-de-licencias-de-construccion-1-200-millones-se-dejaron-de-cobrar-contraloria-de-casanare\/embed\/#?secret=GsrYgINo02\" width=\"600\" height=\"649\" frameborder=\"0\" marginwidth=\"0\" marginheight=\"0\" scrolling=\"no\" sandbox=\"allow-scripts\" data-secret=\"GsrYgINo02\" data-mce-fragment=\"1\"><\/iframe><\/p>\n<p><iframe loading=\"lazy\" class=\"wp-embedded-content\" title=\"\u00abCampa\u00f1as pol\u00edticas comienzan a se\u00f1alar posibles candidatos inhabilitados al Congreso en Casanare\u00bb \u2014 \u25b7 Noticias de Casanare : Martha Cifuentes | Casanare\" src=\"https:\/\/marthacifuentes.com\/portada\/2021\/12\/22\/campanas-politicas-comienzan-a-senalar-posibles-candidatos-inhabilitados-al-congreso-en-casanare\/embed\/#?secret=f33WeNaZJk\" width=\"600\" height=\"621\" frameborder=\"0\" marginwidth=\"0\" marginheight=\"0\" scrolling=\"no\" sandbox=\"allow-scripts\" data-secret=\"f33WeNaZJk\" data-mce-fragment=\"1\"><\/iframe><\/p>\n<p><iframe loading=\"lazy\" class=\"wp-embedded-content\" title=\"\u00abPlaza de Mercado de Paz de Ariporo se concluir\u00e1, luego de que se convirtiera en elefante blanco y Contralor\u00eda de Casanare interviniera\u00bb \u2014 \u25b7 Noticias de Casanare : Martha Cifuentes | Casanare\" src=\"https:\/\/marthacifuentes.com\/portada\/2021\/12\/21\/plaza-de-mercado-de-paz-de-ariporo-se-concluira-luego-de-que-se-convirtiera-en-elefante-blanco-y-contraloria-de-casanare-interviniera\/embed\/#?secret=bRNhQKuoxB\" width=\"600\" height=\"649\" frameborder=\"0\" marginwidth=\"0\" marginheight=\"0\" scrolling=\"no\" sandbox=\"allow-scripts\" data-secret=\"bRNhQKuoxB\" data-mce-fragment=\"1\"><\/iframe><\/p>\n<p><iframe loading=\"lazy\" class=\"wp-embedded-content\" title=\"\u00abAmanda Gonz\u00e1lez dice No estar inhabilitada por doble militancia, para aspirar al Senado. Abogados la contradicen.\u00bb \u2014 \u25b7 Noticias de Casanare : Martha Cifuentes | Casanare\" src=\"https:\/\/marthacifuentes.com\/portada\/2021\/12\/21\/amanda-gonzalez-dice-no-estar-inhabilitada-por-doble-militancia-para-aspirar-al-senado-abogados-la-contradicen\/embed\/#?secret=MfdJZc7FVX\" width=\"600\" height=\"649\" frameborder=\"0\" marginwidth=\"0\" marginheight=\"0\" scrolling=\"no\" sandbox=\"allow-scripts\" data-secret=\"MfdJZc7FVX\" data-mce-fragment=\"1\"><\/iframe><\/p>\n<p>&nbsp;<\/p>\n","protected":false},"excerpt":{"rendered":"<p>Tras 92 d\u00edas de cierre obligado de la v\u00eda Sogamoso \u2013 Aguazul, en el sector La Granja por deslizamientos de la monta\u00f1a que afect\u00f3 150 metros de la banca, hoy 29 de enero se pudo reabrir el paso en dos carriles de todo tipo de veh\u00edculos, 24 horas del d\u00eda. Cientos de transportadores y usuarios &hellip;<\/p>\n","protected":false},"author":2,"featured_media":28178,"comment_status":"open","ping_status":"open","sticky":false,"template":"","format":"standard","meta":{"om_disable_all_campaigns":false,"_exactmetrics_skip_tracking":false,"_exactmetrics_sitenote_active":false,"_exactmetrics_sitenote_note":"","_exactmetrics_sitenote_category":0,"_monsterinsights_skip_tracking":false,"_monsterinsights_sitenote_active":false,"_monsterinsights_sitenote_note":"","_monsterinsights_sitenote_category":0,"_uf_show_specific_survey":0,"_uf_disable_surveys":false,"_joinchat":[],"footnotes":""},"categories":[147,146,145],"tags":[1373,6685,1400,6683,1421,6684],"class_list":["post-28172","post","type-post","status-publish","format-standard","has-post-thumbnail","hentry","category-actualidad","category-noticias","category-reportajes","tag-casanare-noticias","tag-casanare-y-boyaca-otra-vez-unidos-por-la-via-del-cusiana","tag-noticias-casanare","tag-noticias-via-aguazul-sogamoso","tag-noticias-yopal","tag-reabierta-via-del-cusiana-tras-92-dias-de-cierre"],"yoast_head":"<!-- This site is optimized with the Yoast SEO plugin v26.1 - https:\/\/yoast.com\/wordpress\/plugins\/seo\/ -->\n<title>Reabierta v\u00eda del Cusiana en La Granja. Obras de remoci\u00f3n y habilitaci\u00f3n de la carretera costaron al menos $17 mil millones. - \u25b7 Noticias de Casanare : Martha Cifuentes | Casanare<\/title>\n<meta name=\"robots\" content=\"index, follow, max-snippet:-1, max-image-preview:large, max-video-preview:-1\" \/>\n<link rel=\"canonical\" href=\"https:\/\/marthacifuentes.com\/portada\/reabierta-via-del-cusiana-en-la-granja-obras-de-remocion-y-habilitacion-de-la-carretera-costaron-al-menos-17-mil-millones\/\" \/>\n<meta property=\"og:locale\" content=\"es_ES\" \/>\n<meta property=\"og:type\" content=\"article\" \/>\n<meta property=\"og:title\" content=\"Reabierta v\u00eda del Cusiana en La Granja. Obras de remoci\u00f3n y habilitaci\u00f3n de la carretera costaron al menos $17 mil millones. - \u25b7 Noticias de Casanare : Martha Cifuentes | Casanare\" \/>\n<meta property=\"og:description\" content=\"Tras 92 d\u00edas de cierre obligado de la v\u00eda Sogamoso \u2013 Aguazul, en el sector La Granja por deslizamientos de la monta\u00f1a que afect\u00f3 150 metros de la banca, hoy 29 de enero se pudo reabrir el paso en dos carriles de todo tipo de veh\u00edculos, 24 horas del d\u00eda. Cientos de transportadores y usuarios &hellip;\" \/>\n<meta property=\"og:url\" content=\"https:\/\/marthacifuentes.com\/portada\/reabierta-via-del-cusiana-en-la-granja-obras-de-remocion-y-habilitacion-de-la-carretera-costaron-al-menos-17-mil-millones\/\" \/>\n<meta property=\"og:site_name\" content=\"\u25b7 Noticias de Casanare : Martha Cifuentes | Casanare\" \/>\n<meta property=\"article:published_time\" content=\"2022-01-29T20:06:22+00:00\" \/>\n<meta property=\"article:modified_time\" content=\"2022-01-29T20:36:01+00:00\" \/>\n<meta property=\"og:image\" content=\"https:\/\/marthacifuentes.com\/portada\/wp-content\/uploads\/2022\/01\/FKSmVKiWQAMEul4.jpg\" \/>\n\t<meta property=\"og:image:width\" content=\"1280\" \/>\n\t<meta property=\"og:image:height\" content=\"960\" \/>\n\t<meta property=\"og:image:type\" content=\"image\/jpeg\" \/>\n<meta name=\"author\" content=\"Martha Cifuentes\" \/>\n<meta name=\"twitter:card\" content=\"summary_large_image\" \/>\n<meta name=\"twitter:label1\" content=\"Escrito por\" \/>\n\t<meta name=\"twitter:data1\" content=\"Martha Cifuentes\" \/>\n\t<meta name=\"twitter:label2\" content=\"Tiempo de lectura\" \/>\n\t<meta name=\"twitter:data2\" content=\"3 minutos\" \/>\n<script type=\"application\/ld+json\" class=\"yoast-schema-graph\">{\"@context\":\"https:\/\/schema.org\",\"@graph\":[{\"@type\":\"WebPage\",\"@id\":\"https:\/\/marthacifuentes.com\/portada\/reabierta-via-del-cusiana-en-la-granja-obras-de-remocion-y-habilitacion-de-la-carretera-costaron-al-menos-17-mil-millones\/\",\"url\":\"https:\/\/marthacifuentes.com\/portada\/reabierta-via-del-cusiana-en-la-granja-obras-de-remocion-y-habilitacion-de-la-carretera-costaron-al-menos-17-mil-millones\/\",\"name\":\"Reabierta v\u00eda del Cusiana en La Granja. Obras de remoci\u00f3n y habilitaci\u00f3n de la carretera costaron al menos $17 mil millones. - \u25b7 Noticias de Casanare : Martha Cifuentes | Casanare\",\"isPartOf\":{\"@id\":\"https:\/\/marthacifuentes.com\/portada\/#website\"},\"primaryImageOfPage\":{\"@id\":\"https:\/\/marthacifuentes.com\/portada\/reabierta-via-del-cusiana-en-la-granja-obras-de-remocion-y-habilitacion-de-la-carretera-costaron-al-menos-17-mil-millones\/#primaryimage\"},\"image\":{\"@id\":\"https:\/\/marthacifuentes.com\/portada\/reabierta-via-del-cusiana-en-la-granja-obras-de-remocion-y-habilitacion-de-la-carretera-costaron-al-menos-17-mil-millones\/#primaryimage\"},\"thumbnailUrl\":\"https:\/\/marthacifuentes.com\/portada\/wp-content\/uploads\/2022\/01\/FKSmVKiWQAMEul4.jpg\",\"datePublished\":\"2022-01-29T20:06:22+00:00\",\"dateModified\":\"2022-01-29T20:36:01+00:00\",\"author\":{\"@id\":\"https:\/\/marthacifuentes.com\/portada\/#\/schema\/person\/57f53174b991db5f90ff78d58502b714\"},\"breadcrumb\":{\"@id\":\"https:\/\/marthacifuentes.com\/portada\/reabierta-via-del-cusiana-en-la-granja-obras-de-remocion-y-habilitacion-de-la-carretera-costaron-al-menos-17-mil-millones\/#breadcrumb\"},\"inLanguage\":\"es\",\"potentialAction\":[{\"@type\":\"ReadAction\",\"target\":[\"https:\/\/marthacifuentes.com\/portada\/reabierta-via-del-cusiana-en-la-granja-obras-de-remocion-y-habilitacion-de-la-carretera-costaron-al-menos-17-mil-millones\/\"]}]},{\"@type\":\"ImageObject\",\"inLanguage\":\"es\",\"@id\":\"https:\/\/marthacifuentes.com\/portada\/reabierta-via-del-cusiana-en-la-granja-obras-de-remocion-y-habilitacion-de-la-carretera-costaron-al-menos-17-mil-millones\/#primaryimage\",\"url\":\"https:\/\/marthacifuentes.com\/portada\/wp-content\/uploads\/2022\/01\/FKSmVKiWQAMEul4.jpg\",\"contentUrl\":\"https:\/\/marthacifuentes.com\/portada\/wp-content\/uploads\/2022\/01\/FKSmVKiWQAMEul4.jpg\",\"width\":1280,\"height\":960},{\"@type\":\"BreadcrumbList\",\"@id\":\"https:\/\/marthacifuentes.com\/portada\/reabierta-via-del-cusiana-en-la-granja-obras-de-remocion-y-habilitacion-de-la-carretera-costaron-al-menos-17-mil-millones\/#breadcrumb\",\"itemListElement\":[{\"@type\":\"ListItem\",\"position\":1,\"name\":\"Portada\",\"item\":\"https:\/\/marthacifuentes.com\/portada\/\"},{\"@type\":\"ListItem\",\"position\":2,\"name\":\"Reabierta v\u00eda del Cusiana en La Granja. Obras de remoci\u00f3n y habilitaci\u00f3n de la carretera costaron al menos $17 mil millones.\"}]},{\"@type\":\"WebSite\",\"@id\":\"https:\/\/marthacifuentes.com\/portada\/#website\",\"url\":\"https:\/\/marthacifuentes.com\/portada\/\",\"name\":\"\u25b7 Noticias de Casanare : Martha Cifuentes | Casanare\",\"description\":\"Noticias &amp; Contenidos\",\"potentialAction\":[{\"@type\":\"SearchAction\",\"target\":{\"@type\":\"EntryPoint\",\"urlTemplate\":\"https:\/\/marthacifuentes.com\/portada\/?s={search_term_string}\"},\"query-input\":{\"@type\":\"PropertyValueSpecification\",\"valueRequired\":true,\"valueName\":\"search_term_string\"}}],\"inLanguage\":\"es\"},{\"@type\":\"Person\",\"@id\":\"https:\/\/marthacifuentes.com\/portada\/#\/schema\/person\/57f53174b991db5f90ff78d58502b714\",\"name\":\"Martha Cifuentes\",\"image\":{\"@type\":\"ImageObject\",\"inLanguage\":\"es\",\"@id\":\"https:\/\/marthacifuentes.com\/portada\/#\/schema\/person\/image\/\",\"url\":\"http:\/\/marthacifuentes.com\/portada\/wp-content\/uploads\/2018\/06\/avatar_user_2_1528838701-96x96.jpg\",\"contentUrl\":\"http:\/\/marthacifuentes.com\/portada\/wp-content\/uploads\/2018\/06\/avatar_user_2_1528838701-96x96.jpg\",\"caption\":\"Martha Cifuentes\"},\"sameAs\":[\"http:\/\/www.marthacifuentes.com\"],\"url\":\"https:\/\/marthacifuentes.com\/portada\/author\/martha\/\"}]}<\/script>\n<!-- \/ Yoast SEO plugin. -->","yoast_head_json":{"title":"Reabierta v\u00eda del Cusiana en La Granja. Obras de remoci\u00f3n y habilitaci\u00f3n de la carretera costaron al menos $17 mil millones. - \u25b7 Noticias de Casanare : Martha Cifuentes | Casanare","robots":{"index":"index","follow":"follow","max-snippet":"max-snippet:-1","max-image-preview":"max-image-preview:large","max-video-preview":"max-video-preview:-1"},"canonical":"https:\/\/marthacifuentes.com\/portada\/reabierta-via-del-cusiana-en-la-granja-obras-de-remocion-y-habilitacion-de-la-carretera-costaron-al-menos-17-mil-millones\/","og_locale":"es_ES","og_type":"article","og_title":"Reabierta v\u00eda del Cusiana en La Granja. Obras de remoci\u00f3n y habilitaci\u00f3n de la carretera costaron al menos $17 mil millones. - \u25b7 Noticias de Casanare : Martha Cifuentes | Casanare","og_description":"Tras 92 d\u00edas de cierre obligado de la v\u00eda Sogamoso \u2013 Aguazul, en el sector La Granja por deslizamientos de la monta\u00f1a que afect\u00f3 150 metros de la banca, hoy 29 de enero se pudo reabrir el paso en dos carriles de todo tipo de veh\u00edculos, 24 horas del d\u00eda. Cientos de transportadores y usuarios &hellip;","og_url":"https:\/\/marthacifuentes.com\/portada\/reabierta-via-del-cusiana-en-la-granja-obras-de-remocion-y-habilitacion-de-la-carretera-costaron-al-menos-17-mil-millones\/","og_site_name":"\u25b7 Noticias de Casanare : Martha Cifuentes | Casanare","article_published_time":"2022-01-29T20:06:22+00:00","article_modified_time":"2022-01-29T20:36:01+00:00","og_image":[{"width":1280,"height":960,"url":"https:\/\/marthacifuentes.com\/portada\/wp-content\/uploads\/2022\/01\/FKSmVKiWQAMEul4.jpg","type":"image\/jpeg"}],"author":"Martha Cifuentes","twitter_card":"summary_large_image","twitter_misc":{"Escrito por":"Martha Cifuentes","Tiempo de lectura":"3 minutos"},"schema":{"@context":"https:\/\/schema.org","@graph":[{"@type":"WebPage","@id":"https:\/\/marthacifuentes.com\/portada\/reabierta-via-del-cusiana-en-la-granja-obras-de-remocion-y-habilitacion-de-la-carretera-costaron-al-menos-17-mil-millones\/","url":"https:\/\/marthacifuentes.com\/portada\/reabierta-via-del-cusiana-en-la-granja-obras-de-remocion-y-habilitacion-de-la-carretera-costaron-al-menos-17-mil-millones\/","name":"Reabierta v\u00eda del Cusiana en La Granja. Obras de remoci\u00f3n y habilitaci\u00f3n de la carretera costaron al menos $17 mil millones. - \u25b7 Noticias de Casanare : Martha Cifuentes | Casanare","isPartOf":{"@id":"https:\/\/marthacifuentes.com\/portada\/#website"},"primaryImageOfPage":{"@id":"https:\/\/marthacifuentes.com\/portada\/reabierta-via-del-cusiana-en-la-granja-obras-de-remocion-y-habilitacion-de-la-carretera-costaron-al-menos-17-mil-millones\/#primaryimage"},"image":{"@id":"https:\/\/marthacifuentes.com\/portada\/reabierta-via-del-cusiana-en-la-granja-obras-de-remocion-y-habilitacion-de-la-carretera-costaron-al-menos-17-mil-millones\/#primaryimage"},"thumbnailUrl":"https:\/\/marthacifuentes.com\/portada\/wp-content\/uploads\/2022\/01\/FKSmVKiWQAMEul4.jpg","datePublished":"2022-01-29T20:06:22+00:00","dateModified":"2022-01-29T20:36:01+00:00","author":{"@id":"https:\/\/marthacifuentes.com\/portada\/#\/schema\/person\/57f53174b991db5f90ff78d58502b714"},"breadcrumb":{"@id":"https:\/\/marthacifuentes.com\/portada\/reabierta-via-del-cusiana-en-la-granja-obras-de-remocion-y-habilitacion-de-la-carretera-costaron-al-menos-17-mil-millones\/#breadcrumb"},"inLanguage":"es","potentialAction":[{"@type":"ReadAction","target":["https:\/\/marthacifuentes.com\/portada\/reabierta-via-del-cusiana-en-la-granja-obras-de-remocion-y-habilitacion-de-la-carretera-costaron-al-menos-17-mil-millones\/"]}]},{"@type":"ImageObject","inLanguage":"es","@id":"https:\/\/marthacifuentes.com\/portada\/reabierta-via-del-cusiana-en-la-granja-obras-de-remocion-y-habilitacion-de-la-carretera-costaron-al-menos-17-mil-millones\/#primaryimage","url":"https:\/\/marthacifuentes.com\/portada\/wp-content\/uploads\/2022\/01\/FKSmVKiWQAMEul4.jpg","contentUrl":"https:\/\/marthacifuentes.com\/portada\/wp-content\/uploads\/2022\/01\/FKSmVKiWQAMEul4.jpg","width":1280,"height":960},{"@type":"BreadcrumbList","@id":"https:\/\/marthacifuentes.com\/portada\/reabierta-via-del-cusiana-en-la-granja-obras-de-remocion-y-habilitacion-de-la-carretera-costaron-al-menos-17-mil-millones\/#breadcrumb","itemListElement":[{"@type":"ListItem","position":1,"name":"Portada","item":"https:\/\/marthacifuentes.com\/portada\/"},{"@type":"ListItem","position":2,"name":"Reabierta v\u00eda del Cusiana en La Granja. Obras de remoci\u00f3n y habilitaci\u00f3n de la carretera costaron al menos $17 mil millones."}]},{"@type":"WebSite","@id":"https:\/\/marthacifuentes.com\/portada\/#website","url":"https:\/\/marthacifuentes.com\/portada\/","name":"\u25b7 Noticias de Casanare : Martha Cifuentes | Casanare","description":"Noticias &amp; Contenidos","potentialAction":[{"@type":"SearchAction","target":{"@type":"EntryPoint","urlTemplate":"https:\/\/marthacifuentes.com\/portada\/?s={search_term_string}"},"query-input":{"@type":"PropertyValueSpecification","valueRequired":true,"valueName":"search_term_string"}}],"inLanguage":"es"},{"@type":"Person","@id":"https:\/\/marthacifuentes.com\/portada\/#\/schema\/person\/57f53174b991db5f90ff78d58502b714","name":"Martha Cifuentes","image":{"@type":"ImageObject","inLanguage":"es","@id":"https:\/\/marthacifuentes.com\/portada\/#\/schema\/person\/image\/","url":"http:\/\/marthacifuentes.com\/portada\/wp-content\/uploads\/2018\/06\/avatar_user_2_1528838701-96x96.jpg","contentUrl":"http:\/\/marthacifuentes.com\/portada\/wp-content\/uploads\/2018\/06\/avatar_user_2_1528838701-96x96.jpg","caption":"Martha Cifuentes"},"sameAs":["http:\/\/www.marthacifuentes.com"],"url":"https:\/\/marthacifuentes.com\/portada\/author\/martha\/"}]}},"_links":{"self":[{"href":"https:\/\/marthacifuentes.com\/portada\/wp-json\/wp\/v2\/posts\/28172","targetHints":{"allow":["GET"]}}],"collection":[{"href":"https:\/\/marthacifuentes.com\/portada\/wp-json\/wp\/v2\/posts"}],"about":[{"href":"https:\/\/marthacifuentes.com\/portada\/wp-json\/wp\/v2\/types\/post"}],"author":[{"embeddable":true,"href":"https:\/\/marthacifuentes.com\/portada\/wp-json\/wp\/v2\/users\/2"}],"replies":[{"embeddable":true,"href":"https:\/\/marthacifuentes.com\/portada\/wp-json\/wp\/v2\/comments?post=28172"}],"version-history":[{"count":4,"href":"https:\/\/marthacifuentes.com\/portada\/wp-json\/wp\/v2\/posts\/28172\/revisions"}],"predecessor-version":[{"id":28182,"href":"https:\/\/marthacifuentes.com\/portada\/wp-json\/wp\/v2\/posts\/28172\/revisions\/28182"}],"wp:featuredmedia":[{"embeddable":true,"href":"https:\/\/marthacifuentes.com\/portada\/wp-json\/wp\/v2\/media\/28178"}],"wp:attachment":[{"href":"https:\/\/marthacifuentes.com\/portada\/wp-json\/wp\/v2\/media?parent=28172"}],"wp:term":[{"taxonomy":"category","embeddable":true,"href":"https:\/\/marthacifuentes.com\/portada\/wp-json\/wp\/v2\/categories?post=28172"},{"taxonomy":"post_tag","embeddable":true,"href":"https:\/\/marthacifuentes.com\/portada\/wp-json\/wp\/v2\/tags?post=28172"}],"curies":[{"name":"wp","href":"https:\/\/api.w.org\/{rel}","templated":true}]}}