{"id":28270,"date":"2022-02-14T09:44:35","date_gmt":"2022-02-14T14:44:35","guid":{"rendered":"https:\/\/marthacifuentes.com\/portada\/?p=28270"},"modified":"2022-02-14T09:46:23","modified_gmt":"2022-02-14T14:46:23","slug":"alvaro-uribe-senala-a-senadora-casanarena-amanda-gonzalez-de-corrupta-en-relacion-de-via-paz-de-ariporo-montanas-del-totumo","status":"publish","type":"post","link":"https:\/\/marthacifuentes.com\/portada\/alvaro-uribe-senala-a-senadora-casanarena-amanda-gonzalez-de-corrupta-en-relacion-de-via-paz-de-ariporo-montanas-del-totumo\/","title":{"rendered":"\u00c1lvaro Uribe se\u00f1ala a senadora casanare\u00f1a Amanda Gonz\u00e1lez de corrupta en relaci\u00f3n de v\u00eda Paz de Ariporo-Monta\u00f1as del Totumo"},"content":{"rendered":"<p style=\"text-align: justify;\">La pavimentaci\u00f3n de la v\u00eda Paz de Ariporo \u2013 Monta\u00f1as del Totumo, en Casanare, fue el pretexto para que el expresidente y exsenador \u00c1lvaro Uribe V\u00e9lez, este domingo generara en twitter un fuerte agarr\u00f3n con la senadora Amanda Roc\u00edo Gonz\u00e1lez, exintegrante del Partido Centro Democr\u00e1tico, en el cual milit\u00f3 hasta diciembre.<\/p>\n<p style=\"text-align: justify;\">Uribe trin\u00f3 a las 7:09 minutos de la ma\u00f1ana \u201cAlerta: en Paz de Ariporo, Casanare, informan de un contrato de 45 mil millones en dificultades, alto anticipo y no empieza, acusan a la senadora saliente. El Centro Democr\u00e1tico no puede permitir corrupci\u00f3n\u201d.<\/p>\n<p style=\"text-align: justify;\">\n<blockquote class=\"twitter-tweet\" data-width=\"500\" data-dnt=\"true\">\n<p lang=\"es\" dir=\"ltr\">Alerta: en Paz de Ariporo, Casanare, informan de un contrato de 45 mil millones en dificultades, alto anticipo y no empieza, acusan a la senadora saliente. <br \/>El Centro Democr\u00e1tico no puede permitir corrupci\u00f3n<\/p>\n<p>&mdash; \u00c1lvaro Uribe V\u00e9lez (@AlvaroUribeVel) <a href=\"https:\/\/twitter.com\/AlvaroUribeVel\/status\/1492833327514107908?ref_src=twsrc%5Etfw\">February 13, 2022<\/a><\/p><\/blockquote>\n<p><script async src=\"https:\/\/platform.twitter.com\/widgets.js\" charset=\"utf-8\"><\/script><\/p>\n<p style=\"text-align: justify;\">En este tuit el cuestionado exsenador, sin decir el nombre de la senadora Amanda Gonz\u00e1lez, la involucra en hechos de corrupci\u00f3n alrededor de este contrato que se encuentra en ejecuci\u00f3n pero el cual se ha visto afectado por el paro de los transportadores en varias oportunidades, por temas de precios del transporte, utilizaci\u00f3n de volquetas propias o alquiladas fuera de Paz de Ariporo y el no pago a los volqueteros, entre otros.<\/p>\n<p style=\"text-align: justify;\"><strong>Senadora Gonz\u00e1lez se defiende atacando<\/strong><\/p>\n<p style=\"text-align: justify;\">La senadora, ahora candidata por el partido Cambio Radical al Senado, luego de que el Centro Democr\u00e1tico, donde Uribe es el mandam\u00e1s, le negara el aval a pocas horas del cierre de las inscripciones de las listas al Congreso, en diciembre, no se qued\u00f3 callada y le respondi\u00f3 en la misma red social.<\/p>\n<p style=\"text-align: justify;\">Algunos de sus pronunciamientos fueron: \u201cExpresidente @AlvaroUribeVel resulta irresponsable los se\u00f1alamientos que sin ninguna prueba usted hoy hace sobre mi. no sea cobarde! Lo invito a que si tiene pruebas las presente ante los \u00f3rganos de control pertinentes.\u201d, luego agreg\u00f3 que \u201cNo contento con expulsarme de su partido, violentando todos mis derechos pol\u00edticos y como mujer, pretenda ponerme en la picota p\u00fablica acus\u00e1ndome sin pruebas de hechos contractuales que no son competencia m\u00eda. Le recuerdo que la Adm Municipal es CD\u201d, SIC.<\/p>\n<p style=\"text-align: justify;\">\n<blockquote class=\"twitter-tweet\" data-width=\"500\" data-dnt=\"true\">\n<p lang=\"es\" dir=\"ltr\">Expresidente <a href=\"https:\/\/twitter.com\/AlvaroUribeVel?ref_src=twsrc%5Etfw\">@AlvaroUribeVel<\/a> resulta irresponsable los se\u00f1alamientos que sin ninguna prueba usted hoy hace sobre mi. no sea cobarde! Lo invito a que si tiene pruebas las presente ante los \u00f3rganos de control pertinentes.<\/p>\n<p>&mdash; Amanda Roc\u00edo Gonz\u00e1lez\u1160\u1160\u1160\u1160\u1160\u1160\u1160\u1160\u1160\u1160\u1160\u1160\u1160\u1160\u1160\u1160\u1160\u1160\u1160\u1160\u1160\u1160\u1160\u1160\u1160\u1160\u1160\u1160\u1160 (@AmandaRocioG) <a href=\"https:\/\/twitter.com\/AmandaRocioG\/status\/1492901508211482628?ref_src=twsrc%5Etfw\">February 13, 2022<\/a><\/p><\/blockquote>\n<p><script async src=\"https:\/\/platform.twitter.com\/widgets.js\" charset=\"utf-8\"><\/script><\/p>\n<p style=\"text-align: justify;\">Tambi\u00e9n lo cuestion\u00f3, se\u00f1alando \u201cAcudir a esas bajezas no le queda bien ExPresidente. Usted que ha vivido injurias y calumnias durante tanto tiempo, mal hace hoy en utilizar ese tipo de herramientas en medio de un proceso pol\u00edtico. \u00bfCU\u00c1L ES EL MIEDO? Por qu\u00e9 tanta persecuci\u00f3n contra m\u00ed? SIC.<\/p>\n<p style=\"text-align: justify;\">Y lo reto, dici\u00e9ndole \u201cUsted que anda tan preocupado en se\u00f1alar y cuestionar, deber\u00eda prestarle m\u00e1s atenci\u00f3n a lo que est\u00e1 sucediendo en la Adm. Dptal. y Corporinoquia, que hoy est\u00e1n en manos de su Partido. Adicional c\u00f3mo est\u00e1n amenazando para votar por el candidato de sus afectos\u2019.<\/p>\n<p style=\"text-align: justify;\">La senadora Amanda Gonz\u00e1lez le refresc\u00f3 la memoria al exmandatario, afirmando que \u201cSi usted se da cuenta el problema de fondo es de absoluta responsabilidad entre la Adm. Municipal que est\u00e1 en manos de su partido y el contratista de dicha obra. Yo como Senadora no tengo ninguna responsabilidad en lo contractual. Sea serio y var\u00f3n en sus afirmaciones!\u201d<\/p>\n<p style=\"text-align: justify;\"><strong>Uribe contraataca<\/strong><\/p>\n<p style=\"text-align: justify;\">A su turno el expresidente e imputado por manipulaci\u00f3n de testigos y fraude procesal, volvi\u00f3 a trinar para decir \u201cCero corrupci\u00f3n: por favor alcald\u00eda y senadora saliente aclarar\u201d y adjunt\u00f3 una imagen con el siguiente texto: \u201cInv\u00edas transfiri\u00f3 45000 millones a Paz de Ariporo. El municipio seleccion\u00f3 al contratista de obra por $42500 millones y al contratista de interventor\u00eda por 1188 millones. Nosotros Inv\u00edas supervisamos el convenio. Est\u00e1n a punto de completar 5 meses de ejecuci\u00f3n y el avance solo es del 31.11% y ya el municipio le autoriz\u00f3 3 desembolsos al contratista anticipo por 12700 millones y 2 actas parciales, una por 4300 millones y otra por 3160. Y aun as\u00ed adeudan 1066 millones a transportadores desde hace un mes, esta obra era para que la inaugurara el presidente antes del 7 de agosto, pero as\u00ed como van muy dif\u00edcil que la terminen. Investigaci\u00f3n preliminar adelanta contralor\u00eda y procuradur\u00eda frente a las actuaciones del contratista y dem\u00e1s actores del proyecto\u201d.<\/p>\n<p style=\"text-align: justify;\">Tambi\u00e9n trin\u00f3: \u201cPaz de Ariporo: exigimos cero corrupci\u00f3n. La alcald\u00eda y la senadora saliente\u00a0 tienen que dar explicaci\u00f3n\u201d. En este tuit tambi\u00e9n coloc\u00f3 otra imagen con el texto: \u201cSobre este tema de Paz de Ariporo, no he podido comprender lo que est\u00e1 sucediendo all\u00e1, pero est\u00e1n que pelean entre la anterior senadora del Partido y el resto de la gente\u2026 Lo real es que el proyecto no ha despegado, tiene muchos inconvenientes y en INV\u00cdAS, estamos con los ojos encima de ese contratista, sin embargo, el tema all\u00e1 pol\u00edticamente ha afectado el proyecto.\u201d<\/p>\n<p style=\"text-align: justify;\"><strong>Del amor al odio, Uribe y Amanda Roc\u00edo<\/strong><\/p>\n<p style=\"text-align: justify;\">Varias tuiteros terciaron en la pol\u00e9mica, record\u00e1ndoles a los dos pol\u00edticos que la senadora era del partido Centro Democr\u00e1tico, avalada por el entonces senador y que la alcaldesa de Paz de Ariporo, Eunice Escobar tambi\u00e9n pertenece a este mismo partido. Es decir, que si hay actos de corrupci\u00f3n, estos se han presentado en el partido del cual Uribe no solo es fundador sino que es el m\u00e1ximo dirigente, donde no se hace nada sin que \u00e9l de su aprobaci\u00f3n.<\/p>\n<p style=\"text-align: justify;\">En la tarde de este domingo la senadora coloc\u00f3 un nuevo tuit donde destaca que se fue a Monta\u00f1as del Totumo a compartir con la gente y coloca varias im\u00e1genes de una reuni\u00f3n.<\/p>\n<p style=\"text-align: justify;\">La senadora, quien afirm\u00f3 en varias oportunidades haber sido la gestionadora de recursos para varias v\u00edas en Casanare, expres\u00f3 en un comunicado que las acusaciones de Uribe son falsas e irresponsables porque no existe sustento en lo afirmado.<\/p>\n<p style=\"text-align: justify;\">Puntualiz\u00f3 en el comunicado de prensa que \u201cEsta falsa acusaci\u00f3n es una muestra evidente de que la violencia de g\u00e9nero y la discriminaci\u00f3n contra nosotras las mujeres es un flagelo latente, porque no contento con expulsarme de su partido, violentando todos mis derechos pol\u00edticos y como mujer, pretende ponerme en la picota p\u00fablica sin pruebas de hechos contractuales que no son competencia m\u00eda, le recuerdo que la Administraci\u00f3n Municipal es del Centro Democr\u00e1tico.\u201d<\/p>\n<p>&nbsp;<\/p>\n<p><strong>Otras noticias\u2026<\/strong><\/p>\n<blockquote class=\"wp-embedded-content\" data-secret=\"imE2iDLko0\"><p><a href=\"https:\/\/marthacifuentes.com\/portada\/2022\/02\/11\/alcalde-de-yopal-luis-eduardo-castro-denunciado-por-participacion-en-politica-partido-nuevo-liberalismo\/\">Alcalde de Yopal Luis Eduardo Castro denunciado por participaci\u00f3n en pol\u00edtica: Partido Nuevo Liberalismo<\/a><\/p><\/blockquote>\n<p><iframe loading=\"lazy\" class=\"wp-embedded-content\" sandbox=\"allow-scripts\" security=\"restricted\" style=\"position: absolute; clip: rect(1px, 1px, 1px, 1px);\" title=\"\u00abAlcalde de Yopal Luis Eduardo Castro denunciado por participaci\u00f3n en pol\u00edtica: Partido Nuevo Liberalismo\u00bb \u2014 \u25b7 Noticias de Casanare : Martha Cifuentes | Casanare\" src=\"https:\/\/marthacifuentes.com\/portada\/2022\/02\/11\/alcalde-de-yopal-luis-eduardo-castro-denunciado-por-participacion-en-politica-partido-nuevo-liberalismo\/embed\/#?secret=gwOJXtil49#?secret=imE2iDLko0\" data-secret=\"imE2iDLko0\" width=\"500\" height=\"282\" frameborder=\"0\" marginwidth=\"0\" marginheight=\"0\" scrolling=\"no\"><\/iframe><\/p>\n<p><iframe loading=\"lazy\" class=\"wp-embedded-content\" title=\"\u00abCon bloqueos de v\u00edas, comunidad rural de Aguazul exige a Ecopetrol oportunidades laborales. La petrolera rechaza v\u00edas de hecho.\u00bb \u2014 \u25b7 Noticias de Casanare : Martha Cifuentes | Casanare\" src=\"https:\/\/marthacifuentes.com\/portada\/2022\/02\/11\/con-bloqueos-de-vias-comunidad-rural-de-aguazul-exige-a-ecopetrol-oportunidades-laborales-la-petrolera-rechaza-vias-de-hecho\/embed\/#?secret=x3DSOTIIpf\" width=\"600\" height=\"649\" frameborder=\"0\" marginwidth=\"0\" marginheight=\"0\" scrolling=\"no\" sandbox=\"allow-scripts\" data-secret=\"x3DSOTIIpf\" data-mce-fragment=\"1\"><\/iframe><\/p>\n<p><iframe loading=\"lazy\" class=\"wp-embedded-content\" title=\"\u00abCentro de Salud de T\u00e1mara a punto de convertirse en un elefante blanco. Contratista abandon\u00f3 obra pero quiere que le paguen lo ejecutado. Interventor\u00eda en silencio\u00bb \u2014 \u25b7 Noticias de Casanare : Martha Cifuentes | Casanare\" src=\"https:\/\/marthacifuentes.com\/portada\/2022\/02\/10\/centro-de-salud-de-tamara-a-punto-de-convertirse-en-un-elefante-blanco-contratista-abandono-obra-pero-quiere-que-le-paguen-lo-ejecutado-interventoria-en-silencio\/embed\/#?secret=K21N86AwiR\" width=\"600\" height=\"678\" frameborder=\"0\" marginwidth=\"0\" marginheight=\"0\" scrolling=\"no\" sandbox=\"allow-scripts\" data-secret=\"K21N86AwiR\" data-mce-fragment=\"1\"><\/iframe><\/p>\n<p><iframe loading=\"lazy\" class=\"wp-embedded-content\" title=\"\u00abVersiones en contrav\u00eda de la FAC y la campa\u00f1a de Alirio Barrera sobre presencia de aeronaves por donde circulaba avioneta que lo transportaba sobre Arauca.\u00bb \u2014 \u25b7 Noticias de Casanare : Martha Cifuentes | Casanare\" src=\"https:\/\/marthacifuentes.com\/portada\/2022\/02\/09\/versiones-en-contravia-de-la-fac-y-la-campana-de-alirio-barrera-sobre-presencia-de-aeronaves-por-donde-circulaba-avioneta-que-lo-transportaba-sobre-arauca\/embed\/#?secret=xoIQTrpViY\" width=\"600\" height=\"649\" frameborder=\"0\" marginwidth=\"0\" marginheight=\"0\" scrolling=\"no\" sandbox=\"allow-scripts\" data-secret=\"xoIQTrpViY\" data-mce-fragment=\"1\"><\/iframe><\/p>\n<p><iframe loading=\"lazy\" class=\"wp-embedded-content\" title=\"\u00abLas cuentas no cuadran en la Alcald\u00eda de Yopal con el recaudo del Impredial e ICA de 2021. Concejal Leonardo Infante cree que hay un d\u00e9ficit fiscal de 18 mil millones.\u00bb \u2014 \u25b7 Noticias de Casanare : Martha Cifuentes | Casanare\" src=\"https:\/\/marthacifuentes.com\/portada\/2022\/02\/09\/las-cuentas-no-cuadran-en-la-alcaldia-de-yopal-con-el-recaudo-del-impredial-e-ica-de-2021-concejal-leonardo-infante-cree-que-hay-un-deficit-fiscal-de-18-mil-millones\/embed\/#?secret=rcgRSldHkb\" width=\"600\" height=\"678\" frameborder=\"0\" marginwidth=\"0\" marginheight=\"0\" scrolling=\"no\" sandbox=\"allow-scripts\" data-secret=\"rcgRSldHkb\" data-mce-fragment=\"1\"><\/iframe><\/p>\n<p><iframe loading=\"lazy\" class=\"wp-embedded-content\" title=\"\u00ab\u201cHospital local medio funciona, Red salud es una enfermedad y las EPS no funcionan\u201d: Comunidad de Villanueva en mesa de salud departamental de Casanare\u00bb \u2014 \u25b7 Noticias de Casanare : Martha Cifuentes | Casanare\" src=\"https:\/\/marthacifuentes.com\/portada\/2022\/02\/09\/hospital-local-medio-funciona-red-salud-es-una-enfermedad-y-las-eps-no-funcionan-comunidad-de-villanueva-en-mesa-de-salud-departamental-de-casanare\/embed\/#?secret=5LNGsLUHY1\" width=\"600\" height=\"678\" frameborder=\"0\" marginwidth=\"0\" marginheight=\"0\" scrolling=\"no\" sandbox=\"allow-scripts\" data-secret=\"5LNGsLUHY1\" data-mce-fragment=\"1\"><\/iframe><\/p>\n<p><iframe loading=\"lazy\" class=\"wp-embedded-content\" title=\"\u00abAtraco a estaci\u00f3n de servicio en Paz de Ariporo ser\u00eda un autorobo. Autoridades investigan\u00bb \u2014 \u25b7 Noticias de Casanare : Martha Cifuentes | Casanare\" src=\"https:\/\/marthacifuentes.com\/portada\/2022\/02\/09\/atraco-a-estacion-de-servicio-en-paz-de-ariporo-seria-un-autorobo-autoridades-investigan\/embed\/#?secret=fbQ5ubOPRd\" width=\"600\" height=\"570\" frameborder=\"0\" marginwidth=\"0\" marginheight=\"0\" scrolling=\"no\" sandbox=\"allow-scripts\" data-secret=\"fbQ5ubOPRd\" data-mce-fragment=\"1\"><\/iframe><\/p>\n<p><iframe loading=\"lazy\" class=\"wp-embedded-content\" title=\"\u00abAdulta mayor de 70 a\u00f1os teme ser v\u00edctima de feminicidio a manos de su propio hijo en Casanare. Justicia la obliga a que debe vivir con \u00e9l.\u00bb \u2014 \u25b7 Noticias de Casanare : Martha Cifuentes | Casanare\" src=\"https:\/\/marthacifuentes.com\/portada\/2022\/02\/06\/adulta-mayor-de-70-anos-teme-ser-victima-de-feminicidio-a-manos-de-su-propio-hijo-en-casanare-justicia-la-obliga-a-que-debe-vivir-con-el\/embed\/#?secret=vPjh3cl7ng\" width=\"600\" height=\"649\" frameborder=\"0\" marginwidth=\"0\" marginheight=\"0\" scrolling=\"no\" sandbox=\"allow-scripts\" data-secret=\"vPjh3cl7ng\" data-mce-fragment=\"1\"><\/iframe><\/p>\n<p><iframe loading=\"lazy\" class=\"wp-embedded-content\" title=\"\u00abSiniestro vial cobra la vida de un motociclista\u00bb \u2014 \u25b7 Noticias de Casanare : Martha Cifuentes | Casanare\" src=\"https:\/\/marthacifuentes.com\/portada\/2022\/02\/02\/siniestro-vial-cobra-la-vida-de-un-motociclista\/embed\/#?secret=D1AEgZc9By\" width=\"600\" height=\"571\" frameborder=\"0\" marginwidth=\"0\" marginheight=\"0\" scrolling=\"no\" sandbox=\"allow-scripts\" data-secret=\"D1AEgZc9By\" data-mce-fragment=\"1\"><\/iframe><\/p>\n<p><iframe loading=\"lazy\" class=\"wp-embedded-content\" title=\"\u00abHombre hallado muerto en su residencia en Villanueva. Se investiga si fue suicidio u homicidio.\u00bb \u2014 \u25b7 Noticias de Casanare : Martha Cifuentes | Casanare\" src=\"https:\/\/marthacifuentes.com\/portada\/2022\/02\/02\/hombre-hallado-muerto-en-su-residencia-en-villanueva-se-investiga-si-fue-suicidio-u-homicidio\/embed\/#?secret=7KG3mzBF3E\" width=\"600\" height=\"621\" frameborder=\"0\" marginwidth=\"0\" marginheight=\"0\" scrolling=\"no\" sandbox=\"allow-scripts\" data-secret=\"7KG3mzBF3E\" data-mce-fragment=\"1\"><\/iframe><\/p>\n<p><iframe loading=\"lazy\" class=\"wp-embedded-content\" title=\"\u00abMonterrey poco amigable con personas usuarias de sillas de ruedas. No hay rampas ni v\u00edas peatonales.\u00bb \u2014 \u25b7 Noticias de Casanare : Martha Cifuentes | Casanare\" src=\"https:\/\/marthacifuentes.com\/portada\/2022\/02\/02\/monterrey-poco-amigable-con-personas-usuarias-de-sillas-de-ruedas-no-hay-rampas-ni-vias-peatonales\/embed\/#?secret=bmWg2CkXo9\" width=\"600\" height=\"350\" frameborder=\"0\" marginwidth=\"0\" marginheight=\"0\" scrolling=\"no\" sandbox=\"allow-scripts\" data-secret=\"bmWg2CkXo9\" data-mce-fragment=\"1\"><\/iframe><\/p>\n<p><iframe loading=\"lazy\" class=\"wp-embedded-content\" title=\"\u00ab\u201cPuede ser tu hija, tu madre o hermana. No m\u00e1s violencia\u201d. Con velat\u00f3n se rechaz\u00f3 ataque a dos mujeres en Villanueva, Casanare.\u00bb \u2014 \u25b7 Noticias de Casanare : Martha Cifuentes | Casanare\" src=\"https:\/\/marthacifuentes.com\/portada\/2022\/02\/01\/puede-ser-tu-hija-tu-madre-o-hermana-no-mas-violencia-con-velaton-se-rechazo-ataque-a-dos-mujeres-en-villanueva-casanare\/embed\/#?secret=Jkc7TBHKwj\" width=\"600\" height=\"628\" frameborder=\"0\" marginwidth=\"0\" marginheight=\"0\" scrolling=\"no\" sandbox=\"allow-scripts\" data-secret=\"Jkc7TBHKwj\" data-mce-fragment=\"1\"><\/iframe><\/p>\n<p><iframe loading=\"lazy\" class=\"wp-embedded-content\" title=\"\u00abMujeres de Pajarito, Boyac\u00e1, las grandes sacrificadas con cierre de v\u00eda del Cusiana. Hoy pudieron volver a vender las gallinas.\u00bb \u2014 \u25b7 Noticias de Casanare : Martha Cifuentes | Casanare\" src=\"https:\/\/marthacifuentes.com\/portada\/2022\/01\/29\/mujeres-de-pajarito-boyaca-las-grandes-sacrificadas-con-cierre-de-via-del-cusiana-hoy-pudieron-volver-a-vender-las-gallinas\/embed\/#?secret=scc0xY9xdr\" width=\"600\" height=\"647\" frameborder=\"0\" marginwidth=\"0\" marginheight=\"0\" scrolling=\"no\" sandbox=\"allow-scripts\" data-secret=\"scc0xY9xdr\" data-mce-fragment=\"1\"><\/iframe><\/p>\n<p><iframe loading=\"lazy\" class=\"wp-embedded-content\" title=\"\u00abReabierta v\u00eda del Cusiana en La Granja. Obras de remoci\u00f3n y habilitaci\u00f3n de la carretera costaron al menos $17 mil millones.\u00bb \u2014 \u25b7 Noticias de Casanare : Martha Cifuentes | Casanare\" src=\"https:\/\/marthacifuentes.com\/portada\/2022\/01\/29\/reabierta-via-del-cusiana-en-la-granja-obras-de-remocion-y-habilitacion-de-la-carretera-costaron-al-menos-17-mil-millones\/embed\/#?secret=lPmdCBbBP5\" width=\"600\" height=\"628\" frameborder=\"0\" marginwidth=\"0\" marginheight=\"0\" scrolling=\"no\" sandbox=\"allow-scripts\" data-secret=\"lPmdCBbBP5\" data-mce-fragment=\"1\"><\/iframe><\/p>\n<p><iframe loading=\"lazy\" class=\"wp-embedded-content\" title=\"\u00abFrustrada por en\u00e9sima vez elecci\u00f3n del director(a) de Corporinoquia. Todos los consejeros fueron recusados\u00bb \u2014 \u25b7 Noticias de Casanare : Martha Cifuentes | Casanare\" src=\"https:\/\/marthacifuentes.com\/portada\/2022\/01\/28\/frustrada-por-enesima-vez-eleccion-del-directora-de-corporinoquia-todos-los-consejeros-fueron-recusados\/embed\/#?secret=luaUAhSchV\" width=\"600\" height=\"505\" frameborder=\"0\" marginwidth=\"0\" marginheight=\"0\" scrolling=\"no\" sandbox=\"allow-scripts\" data-secret=\"luaUAhSchV\" data-mce-fragment=\"1\"><\/iframe><\/p>\n<p><iframe loading=\"lazy\" class=\"wp-embedded-content\" title=\"\u00abA\u00fan no se confirma muerte de alias \u2018antonio medina\u2019, cabecilla frente 28 disidencias de las Farc. Ej\u00e9rcito trata de verificar informaci\u00f3n sobre su deceso.\u00bb \u2014 \u25b7 Noticias de Casanare : Martha Cifuentes | Casanare\" src=\"https:\/\/marthacifuentes.com\/portada\/2022\/01\/27\/aun-no-se-confirma-muerte-de-alias-antonio-medina-cabecilla-frente-28-disidencias-de-las-farc-ejercito-trata-de-verificar-informacion-sobre-su-deceso\/embed\/#?secret=HUG9FVMgJb\" width=\"600\" height=\"357\" frameborder=\"0\" marginwidth=\"0\" marginheight=\"0\" scrolling=\"no\" sandbox=\"allow-scripts\" data-secret=\"HUG9FVMgJb\" data-mce-fragment=\"1\"><\/iframe><\/p>\n<p><iframe loading=\"lazy\" class=\"wp-embedded-content\" title=\"\u00abPor irregularidades en elecci\u00f3n de personero de Yopal en 2015, Procuradur\u00eda sancion\u00f3 a 3 concejales. Uno de ellos aspira al Congreso.\u00bb \u2014 \u25b7 Noticias de Casanare : Martha Cifuentes | Casanare\" src=\"https:\/\/marthacifuentes.com\/portada\/2022\/01\/20\/por-irregularidades-en-eleccion-de-personero-de-yopal-en-2015-procuraduria-sanciono-a-3-concejales-uno-de-ellos-aspira-al-congreso\/embed\/#?secret=gDlOka0W16\" width=\"600\" height=\"594\" frameborder=\"0\" marginwidth=\"0\" marginheight=\"0\" scrolling=\"no\" sandbox=\"allow-scripts\" data-secret=\"gDlOka0W16\" data-mce-fragment=\"1\"><\/iframe><\/p>\n<p><iframe loading=\"lazy\" class=\"wp-embedded-content\" title=\"\u00abA Casanare lleg\u00f3 la hora de sembrar pl\u00e1tano\u00bb \u2014 \u25b7 Noticias de Casanare : Martha Cifuentes | Casanare\" src=\"https:\/\/marthacifuentes.com\/portada\/2022\/01\/19\/a-casanare-llego-la-hora-de-sembrar-platano\/embed\/#?secret=nursORm1hc\" width=\"600\" height=\"586\" frameborder=\"0\" marginwidth=\"0\" marginheight=\"0\" scrolling=\"no\" sandbox=\"allow-scripts\" data-secret=\"nursORm1hc\" data-mce-fragment=\"1\"><\/iframe><\/p>\n<p><iframe loading=\"lazy\" class=\"wp-embedded-content\" title=\"\u00abTemblor en Aguazul no dej\u00f3 da\u00f1os pero si caus\u00f3 temor. Se sinti\u00f3 en 5 departamentos.\u00bb \u2014 \u25b7 Noticias de Casanare : Martha Cifuentes | Casanare\" src=\"https:\/\/marthacifuentes.com\/portada\/2022\/01\/19\/temblor-en-aguazul-no-dejo-danos-pero-si-causo-temor-se-sintio-en-5-departamentos\/embed\/#?secret=rG1jkiPRdP\" width=\"600\" height=\"621\" frameborder=\"0\" marginwidth=\"0\" marginheight=\"0\" scrolling=\"no\" sandbox=\"allow-scripts\" data-secret=\"rG1jkiPRdP\" data-mce-fragment=\"1\"><\/iframe><\/p>\n<p><iframe loading=\"lazy\" class=\"wp-embedded-content\" title=\"\u00abApareci\u00f3 muerta l\u00edder social, veedora y coadyuvante en revocatoria del alcalde de Orocu\u00e9, Casanare.\u00bb \u2014 \u25b7 Noticias de Casanare : Martha Cifuentes | Casanare\" src=\"https:\/\/marthacifuentes.com\/portada\/2022\/01\/17\/aparecio-muerta-lider-social-veedora-y-coadyuvante-en-revocatoria-del-alcalde-de-orocue-casanare\/embed\/#?secret=lo5oxusG1A\" width=\"600\" height=\"621\" frameborder=\"0\" marginwidth=\"0\" marginheight=\"0\" scrolling=\"no\" sandbox=\"allow-scripts\" data-secret=\"lo5oxusG1A\" data-mce-fragment=\"1\"><\/iframe><\/p>\n<p><iframe loading=\"lazy\" class=\"wp-embedded-content\" title=\"\u00abJuez neg\u00f3 tutela que frenaba elecci\u00f3n de director de Corporinoquia. Consejo Directivo puede continuar con el proceso\u00bb \u2014 \u25b7 Noticias de Casanare : Martha Cifuentes | Casanare\" src=\"https:\/\/marthacifuentes.com\/portada\/2022\/01\/17\/juez-nego-tutela-que-frenaba-eleccion-de-director-de-corporinoquia-consejo-directivo-puede-continuar-con-el-proceso\/embed\/#?secret=kRu9Ez8QCy\" width=\"600\" height=\"649\" frameborder=\"0\" marginwidth=\"0\" marginheight=\"0\" scrolling=\"no\" sandbox=\"allow-scripts\" data-secret=\"kRu9Ez8QCy\" data-mce-fragment=\"1\"><\/iframe><\/p>\n<p><iframe loading=\"lazy\" class=\"wp-embedded-content\" title=\"\u00abPaso en v\u00eda Aguazul-Sogamoso solo estar\u00eda listo a finales de enero. Bloqueos afectaron cronograma.\u00bb \u2014 \u25b7 Noticias de Casanare : Martha Cifuentes | Casanare\" src=\"https:\/\/marthacifuentes.com\/portada\/2022\/01\/18\/paso-en-via-aguazul-sogamoso-solo-estaria-listo-a-finales-de-enero-bloqueos-afectaron-cronograma\/embed\/#?secret=pdEfIa370i\" width=\"600\" height=\"600\" frameborder=\"0\" marginwidth=\"0\" marginheight=\"0\" scrolling=\"no\" sandbox=\"allow-scripts\" data-secret=\"pdEfIa370i\" data-mce-fragment=\"1\"><\/iframe><\/p>\n<p><iframe loading=\"lazy\" class=\"wp-embedded-content\" title=\"\u00abAlcalde de Orocu\u00e9 se dio la pela y cancel\u00f3 las fiestas de enero, previniendo aumento de casos del Covid-19.\u00bb \u2014 \u25b7 Noticias de Casanare : Martha Cifuentes | Casanare\" src=\"https:\/\/marthacifuentes.com\/portada\/2022\/01\/07\/alcalde-de-orocue-se-dio-la-pela-y-cancelo-las-fiestas-de-enero-previniendo-aumento-de-casos-del-covid-19\/embed\/#?secret=xl7H7gWEdf\" width=\"600\" height=\"619\" frameborder=\"0\" marginwidth=\"0\" marginheight=\"0\" scrolling=\"no\" sandbox=\"allow-scripts\" data-secret=\"xl7H7gWEdf\" data-mce-fragment=\"1\"><\/iframe><\/p>\n","protected":false},"excerpt":{"rendered":"<p>La pavimentaci\u00f3n de la v\u00eda Paz de Ariporo \u2013 Monta\u00f1as del Totumo, en Casanare, fue el pretexto para que el expresidente y exsenador \u00c1lvaro Uribe V\u00e9lez, este domingo generara en twitter un fuerte agarr\u00f3n con la senadora Amanda Roc\u00edo Gonz\u00e1lez, exintegrante del Partido Centro Democr\u00e1tico, en el cual milit\u00f3 hasta diciembre. Uribe trin\u00f3 a las &hellip;<\/p>\n","protected":false},"author":2,"featured_media":28277,"comment_status":"open","ping_status":"open","sticky":false,"template":"","format":"standard","meta":{"om_disable_all_campaigns":false,"_exactmetrics_skip_tracking":false,"_exactmetrics_sitenote_active":false,"_exactmetrics_sitenote_note":"","_exactmetrics_sitenote_category":0,"_monsterinsights_skip_tracking":false,"_monsterinsights_sitenote_active":false,"_monsterinsights_sitenote_note":"","_monsterinsights_sitenote_category":0,"_uf_show_specific_survey":0,"_uf_disable_surveys":false,"_joinchat":[],"footnotes":""},"categories":[147,146,145],"tags":[2326,437,1284,1373,6730,6729,2680,1400,1697,6283],"class_list":["post-28270","post","type-post","status-publish","format-standard","has-post-thumbnail","hentry","category-actualidad","category-noticias","category-reportajes","tag-administracion-departamental","tag-alvaro-uribe-velez","tag-amanda-rocio-gonzalez","tag-casanare-noticias","tag-cerca-de-45-mil-millones","tag-corrupcion-en-el-contrato-de-la-via-paz-de-ariporo","tag-invias","tag-noticias-casanare","tag-partido-centro-democratico","tag-via-paz-de-ariporo-montanas-del-totumo"],"yoast_head":"<!-- This site is optimized with the Yoast SEO plugin v26.1 - https:\/\/yoast.com\/wordpress\/plugins\/seo\/ -->\n<title>\u00c1lvaro Uribe se\u00f1ala a senadora casanare\u00f1a Amanda Gonz\u00e1lez de corrupta en relaci\u00f3n de v\u00eda Paz de Ariporo-Monta\u00f1as del Totumo - \u25b7 Noticias de Casanare : Martha Cifuentes | Casanare<\/title>\n<meta name=\"robots\" content=\"index, follow, max-snippet:-1, max-image-preview:large, max-video-preview:-1\" \/>\n<link rel=\"canonical\" href=\"https:\/\/marthacifuentes.com\/portada\/alvaro-uribe-senala-a-senadora-casanarena-amanda-gonzalez-de-corrupta-en-relacion-de-via-paz-de-ariporo-montanas-del-totumo\/\" \/>\n<meta property=\"og:locale\" content=\"es_ES\" \/>\n<meta property=\"og:type\" content=\"article\" \/>\n<meta property=\"og:title\" content=\"\u00c1lvaro Uribe se\u00f1ala a senadora casanare\u00f1a Amanda Gonz\u00e1lez de corrupta en relaci\u00f3n de v\u00eda Paz de Ariporo-Monta\u00f1as del Totumo - \u25b7 Noticias de Casanare : Martha Cifuentes | Casanare\" \/>\n<meta property=\"og:description\" content=\"La pavimentaci\u00f3n de la v\u00eda Paz de Ariporo \u2013 Monta\u00f1as del Totumo, en Casanare, fue el pretexto para que el expresidente y exsenador \u00c1lvaro Uribe V\u00e9lez, este domingo generara en twitter un fuerte agarr\u00f3n con la senadora Amanda Roc\u00edo Gonz\u00e1lez, exintegrante del Partido Centro Democr\u00e1tico, en el cual milit\u00f3 hasta diciembre. Uribe trin\u00f3 a las &hellip;\" \/>\n<meta property=\"og:url\" content=\"https:\/\/marthacifuentes.com\/portada\/alvaro-uribe-senala-a-senadora-casanarena-amanda-gonzalez-de-corrupta-en-relacion-de-via-paz-de-ariporo-montanas-del-totumo\/\" \/>\n<meta property=\"og:site_name\" content=\"\u25b7 Noticias de Casanare : Martha Cifuentes | Casanare\" \/>\n<meta property=\"article:published_time\" content=\"2022-02-14T14:44:35+00:00\" \/>\n<meta property=\"article:modified_time\" content=\"2022-02-14T14:46:23+00:00\" \/>\n<meta property=\"og:image\" content=\"https:\/\/marthacifuentes.com\/portada\/wp-content\/uploads\/2022\/02\/foto-alvaro-uribe-velez-y-amanda-rocio.jpg\" \/>\n\t<meta property=\"og:image:width\" content=\"1173\" \/>\n\t<meta property=\"og:image:height\" content=\"636\" \/>\n\t<meta property=\"og:image:type\" content=\"image\/jpeg\" \/>\n<meta name=\"author\" content=\"Martha Cifuentes\" \/>\n<meta name=\"twitter:card\" content=\"summary_large_image\" \/>\n<meta name=\"twitter:label1\" content=\"Escrito por\" \/>\n\t<meta name=\"twitter:data1\" content=\"Martha Cifuentes\" \/>\n\t<meta name=\"twitter:label2\" content=\"Tiempo de lectura\" \/>\n\t<meta name=\"twitter:data2\" content=\"5 minutos\" \/>\n<script type=\"application\/ld+json\" class=\"yoast-schema-graph\">{\"@context\":\"https:\/\/schema.org\",\"@graph\":[{\"@type\":\"WebPage\",\"@id\":\"https:\/\/marthacifuentes.com\/portada\/alvaro-uribe-senala-a-senadora-casanarena-amanda-gonzalez-de-corrupta-en-relacion-de-via-paz-de-ariporo-montanas-del-totumo\/\",\"url\":\"https:\/\/marthacifuentes.com\/portada\/alvaro-uribe-senala-a-senadora-casanarena-amanda-gonzalez-de-corrupta-en-relacion-de-via-paz-de-ariporo-montanas-del-totumo\/\",\"name\":\"\u00c1lvaro Uribe se\u00f1ala a senadora casanare\u00f1a Amanda Gonz\u00e1lez de corrupta en relaci\u00f3n de v\u00eda Paz de Ariporo-Monta\u00f1as del Totumo - \u25b7 Noticias de Casanare : Martha Cifuentes | Casanare\",\"isPartOf\":{\"@id\":\"https:\/\/marthacifuentes.com\/portada\/#website\"},\"primaryImageOfPage\":{\"@id\":\"https:\/\/marthacifuentes.com\/portada\/alvaro-uribe-senala-a-senadora-casanarena-amanda-gonzalez-de-corrupta-en-relacion-de-via-paz-de-ariporo-montanas-del-totumo\/#primaryimage\"},\"image\":{\"@id\":\"https:\/\/marthacifuentes.com\/portada\/alvaro-uribe-senala-a-senadora-casanarena-amanda-gonzalez-de-corrupta-en-relacion-de-via-paz-de-ariporo-montanas-del-totumo\/#primaryimage\"},\"thumbnailUrl\":\"https:\/\/marthacifuentes.com\/portada\/wp-content\/uploads\/2022\/02\/foto-alvaro-uribe-velez-y-amanda-rocio.jpg\",\"datePublished\":\"2022-02-14T14:44:35+00:00\",\"dateModified\":\"2022-02-14T14:46:23+00:00\",\"author\":{\"@id\":\"https:\/\/marthacifuentes.com\/portada\/#\/schema\/person\/57f53174b991db5f90ff78d58502b714\"},\"breadcrumb\":{\"@id\":\"https:\/\/marthacifuentes.com\/portada\/alvaro-uribe-senala-a-senadora-casanarena-amanda-gonzalez-de-corrupta-en-relacion-de-via-paz-de-ariporo-montanas-del-totumo\/#breadcrumb\"},\"inLanguage\":\"es\",\"potentialAction\":[{\"@type\":\"ReadAction\",\"target\":[\"https:\/\/marthacifuentes.com\/portada\/alvaro-uribe-senala-a-senadora-casanarena-amanda-gonzalez-de-corrupta-en-relacion-de-via-paz-de-ariporo-montanas-del-totumo\/\"]}]},{\"@type\":\"ImageObject\",\"inLanguage\":\"es\",\"@id\":\"https:\/\/marthacifuentes.com\/portada\/alvaro-uribe-senala-a-senadora-casanarena-amanda-gonzalez-de-corrupta-en-relacion-de-via-paz-de-ariporo-montanas-del-totumo\/#primaryimage\",\"url\":\"https:\/\/marthacifuentes.com\/portada\/wp-content\/uploads\/2022\/02\/foto-alvaro-uribe-velez-y-amanda-rocio.jpg\",\"contentUrl\":\"https:\/\/marthacifuentes.com\/portada\/wp-content\/uploads\/2022\/02\/foto-alvaro-uribe-velez-y-amanda-rocio.jpg\",\"width\":1173,\"height\":636},{\"@type\":\"BreadcrumbList\",\"@id\":\"https:\/\/marthacifuentes.com\/portada\/alvaro-uribe-senala-a-senadora-casanarena-amanda-gonzalez-de-corrupta-en-relacion-de-via-paz-de-ariporo-montanas-del-totumo\/#breadcrumb\",\"itemListElement\":[{\"@type\":\"ListItem\",\"position\":1,\"name\":\"Portada\",\"item\":\"https:\/\/marthacifuentes.com\/portada\/\"},{\"@type\":\"ListItem\",\"position\":2,\"name\":\"\u00c1lvaro Uribe se\u00f1ala a senadora casanare\u00f1a Amanda Gonz\u00e1lez de corrupta en relaci\u00f3n de v\u00eda Paz de Ariporo-Monta\u00f1as del Totumo\"}]},{\"@type\":\"WebSite\",\"@id\":\"https:\/\/marthacifuentes.com\/portada\/#website\",\"url\":\"https:\/\/marthacifuentes.com\/portada\/\",\"name\":\"\u25b7 Noticias de Casanare : Martha Cifuentes | Casanare\",\"description\":\"Noticias &amp; Contenidos\",\"potentialAction\":[{\"@type\":\"SearchAction\",\"target\":{\"@type\":\"EntryPoint\",\"urlTemplate\":\"https:\/\/marthacifuentes.com\/portada\/?s={search_term_string}\"},\"query-input\":{\"@type\":\"PropertyValueSpecification\",\"valueRequired\":true,\"valueName\":\"search_term_string\"}}],\"inLanguage\":\"es\"},{\"@type\":\"Person\",\"@id\":\"https:\/\/marthacifuentes.com\/portada\/#\/schema\/person\/57f53174b991db5f90ff78d58502b714\",\"name\":\"Martha Cifuentes\",\"image\":{\"@type\":\"ImageObject\",\"inLanguage\":\"es\",\"@id\":\"https:\/\/marthacifuentes.com\/portada\/#\/schema\/person\/image\/\",\"url\":\"http:\/\/marthacifuentes.com\/portada\/wp-content\/uploads\/2018\/06\/avatar_user_2_1528838701-96x96.jpg\",\"contentUrl\":\"http:\/\/marthacifuentes.com\/portada\/wp-content\/uploads\/2018\/06\/avatar_user_2_1528838701-96x96.jpg\",\"caption\":\"Martha Cifuentes\"},\"sameAs\":[\"http:\/\/www.marthacifuentes.com\"],\"url\":\"https:\/\/marthacifuentes.com\/portada\/author\/martha\/\"}]}<\/script>\n<!-- \/ Yoast SEO plugin. -->","yoast_head_json":{"title":"\u00c1lvaro Uribe se\u00f1ala a senadora casanare\u00f1a Amanda Gonz\u00e1lez de corrupta en relaci\u00f3n de v\u00eda Paz de Ariporo-Monta\u00f1as del Totumo - \u25b7 Noticias de Casanare : Martha Cifuentes | Casanare","robots":{"index":"index","follow":"follow","max-snippet":"max-snippet:-1","max-image-preview":"max-image-preview:large","max-video-preview":"max-video-preview:-1"},"canonical":"https:\/\/marthacifuentes.com\/portada\/alvaro-uribe-senala-a-senadora-casanarena-amanda-gonzalez-de-corrupta-en-relacion-de-via-paz-de-ariporo-montanas-del-totumo\/","og_locale":"es_ES","og_type":"article","og_title":"\u00c1lvaro Uribe se\u00f1ala a senadora casanare\u00f1a Amanda Gonz\u00e1lez de corrupta en relaci\u00f3n de v\u00eda Paz de Ariporo-Monta\u00f1as del Totumo - \u25b7 Noticias de Casanare : Martha Cifuentes | Casanare","og_description":"La pavimentaci\u00f3n de la v\u00eda Paz de Ariporo \u2013 Monta\u00f1as del Totumo, en Casanare, fue el pretexto para que el expresidente y exsenador \u00c1lvaro Uribe V\u00e9lez, este domingo generara en twitter un fuerte agarr\u00f3n con la senadora Amanda Roc\u00edo Gonz\u00e1lez, exintegrante del Partido Centro Democr\u00e1tico, en el cual milit\u00f3 hasta diciembre. Uribe trin\u00f3 a las &hellip;","og_url":"https:\/\/marthacifuentes.com\/portada\/alvaro-uribe-senala-a-senadora-casanarena-amanda-gonzalez-de-corrupta-en-relacion-de-via-paz-de-ariporo-montanas-del-totumo\/","og_site_name":"\u25b7 Noticias de Casanare : Martha Cifuentes | Casanare","article_published_time":"2022-02-14T14:44:35+00:00","article_modified_time":"2022-02-14T14:46:23+00:00","og_image":[{"width":1173,"height":636,"url":"https:\/\/marthacifuentes.com\/portada\/wp-content\/uploads\/2022\/02\/foto-alvaro-uribe-velez-y-amanda-rocio.jpg","type":"image\/jpeg"}],"author":"Martha Cifuentes","twitter_card":"summary_large_image","twitter_misc":{"Escrito por":"Martha Cifuentes","Tiempo de lectura":"5 minutos"},"schema":{"@context":"https:\/\/schema.org","@graph":[{"@type":"WebPage","@id":"https:\/\/marthacifuentes.com\/portada\/alvaro-uribe-senala-a-senadora-casanarena-amanda-gonzalez-de-corrupta-en-relacion-de-via-paz-de-ariporo-montanas-del-totumo\/","url":"https:\/\/marthacifuentes.com\/portada\/alvaro-uribe-senala-a-senadora-casanarena-amanda-gonzalez-de-corrupta-en-relacion-de-via-paz-de-ariporo-montanas-del-totumo\/","name":"\u00c1lvaro Uribe se\u00f1ala a senadora casanare\u00f1a Amanda Gonz\u00e1lez de corrupta en relaci\u00f3n de v\u00eda Paz de Ariporo-Monta\u00f1as del Totumo - \u25b7 Noticias de Casanare : Martha Cifuentes | Casanare","isPartOf":{"@id":"https:\/\/marthacifuentes.com\/portada\/#website"},"primaryImageOfPage":{"@id":"https:\/\/marthacifuentes.com\/portada\/alvaro-uribe-senala-a-senadora-casanarena-amanda-gonzalez-de-corrupta-en-relacion-de-via-paz-de-ariporo-montanas-del-totumo\/#primaryimage"},"image":{"@id":"https:\/\/marthacifuentes.com\/portada\/alvaro-uribe-senala-a-senadora-casanarena-amanda-gonzalez-de-corrupta-en-relacion-de-via-paz-de-ariporo-montanas-del-totumo\/#primaryimage"},"thumbnailUrl":"https:\/\/marthacifuentes.com\/portada\/wp-content\/uploads\/2022\/02\/foto-alvaro-uribe-velez-y-amanda-rocio.jpg","datePublished":"2022-02-14T14:44:35+00:00","dateModified":"2022-02-14T14:46:23+00:00","author":{"@id":"https:\/\/marthacifuentes.com\/portada\/#\/schema\/person\/57f53174b991db5f90ff78d58502b714"},"breadcrumb":{"@id":"https:\/\/marthacifuentes.com\/portada\/alvaro-uribe-senala-a-senadora-casanarena-amanda-gonzalez-de-corrupta-en-relacion-de-via-paz-de-ariporo-montanas-del-totumo\/#breadcrumb"},"inLanguage":"es","potentialAction":[{"@type":"ReadAction","target":["https:\/\/marthacifuentes.com\/portada\/alvaro-uribe-senala-a-senadora-casanarena-amanda-gonzalez-de-corrupta-en-relacion-de-via-paz-de-ariporo-montanas-del-totumo\/"]}]},{"@type":"ImageObject","inLanguage":"es","@id":"https:\/\/marthacifuentes.com\/portada\/alvaro-uribe-senala-a-senadora-casanarena-amanda-gonzalez-de-corrupta-en-relacion-de-via-paz-de-ariporo-montanas-del-totumo\/#primaryimage","url":"https:\/\/marthacifuentes.com\/portada\/wp-content\/uploads\/2022\/02\/foto-alvaro-uribe-velez-y-amanda-rocio.jpg","contentUrl":"https:\/\/marthacifuentes.com\/portada\/wp-content\/uploads\/2022\/02\/foto-alvaro-uribe-velez-y-amanda-rocio.jpg","width":1173,"height":636},{"@type":"BreadcrumbList","@id":"https:\/\/marthacifuentes.com\/portada\/alvaro-uribe-senala-a-senadora-casanarena-amanda-gonzalez-de-corrupta-en-relacion-de-via-paz-de-ariporo-montanas-del-totumo\/#breadcrumb","itemListElement":[{"@type":"ListItem","position":1,"name":"Portada","item":"https:\/\/marthacifuentes.com\/portada\/"},{"@type":"ListItem","position":2,"name":"\u00c1lvaro Uribe se\u00f1ala a senadora casanare\u00f1a Amanda Gonz\u00e1lez de corrupta en relaci\u00f3n de v\u00eda Paz de Ariporo-Monta\u00f1as del Totumo"}]},{"@type":"WebSite","@id":"https:\/\/marthacifuentes.com\/portada\/#website","url":"https:\/\/marthacifuentes.com\/portada\/","name":"\u25b7 Noticias de Casanare : Martha Cifuentes | Casanare","description":"Noticias &amp; Contenidos","potentialAction":[{"@type":"SearchAction","target":{"@type":"EntryPoint","urlTemplate":"https:\/\/marthacifuentes.com\/portada\/?s={search_term_string}"},"query-input":{"@type":"PropertyValueSpecification","valueRequired":true,"valueName":"search_term_string"}}],"inLanguage":"es"},{"@type":"Person","@id":"https:\/\/marthacifuentes.com\/portada\/#\/schema\/person\/57f53174b991db5f90ff78d58502b714","name":"Martha Cifuentes","image":{"@type":"ImageObject","inLanguage":"es","@id":"https:\/\/marthacifuentes.com\/portada\/#\/schema\/person\/image\/","url":"http:\/\/marthacifuentes.com\/portada\/wp-content\/uploads\/2018\/06\/avatar_user_2_1528838701-96x96.jpg","contentUrl":"http:\/\/marthacifuentes.com\/portada\/wp-content\/uploads\/2018\/06\/avatar_user_2_1528838701-96x96.jpg","caption":"Martha Cifuentes"},"sameAs":["http:\/\/www.marthacifuentes.com"],"url":"https:\/\/marthacifuentes.com\/portada\/author\/martha\/"}]}},"_links":{"self":[{"href":"https:\/\/marthacifuentes.com\/portada\/wp-json\/wp\/v2\/posts\/28270","targetHints":{"allow":["GET"]}}],"collection":[{"href":"https:\/\/marthacifuentes.com\/portada\/wp-json\/wp\/v2\/posts"}],"about":[{"href":"https:\/\/marthacifuentes.com\/portada\/wp-json\/wp\/v2\/types\/post"}],"author":[{"embeddable":true,"href":"https:\/\/marthacifuentes.com\/portada\/wp-json\/wp\/v2\/users\/2"}],"replies":[{"embeddable":true,"href":"https:\/\/marthacifuentes.com\/portada\/wp-json\/wp\/v2\/comments?post=28270"}],"version-history":[{"count":2,"href":"https:\/\/marthacifuentes.com\/portada\/wp-json\/wp\/v2\/posts\/28270\/revisions"}],"predecessor-version":[{"id":28280,"href":"https:\/\/marthacifuentes.com\/portada\/wp-json\/wp\/v2\/posts\/28270\/revisions\/28280"}],"wp:featuredmedia":[{"embeddable":true,"href":"https:\/\/marthacifuentes.com\/portada\/wp-json\/wp\/v2\/media\/28277"}],"wp:attachment":[{"href":"https:\/\/marthacifuentes.com\/portada\/wp-json\/wp\/v2\/media?parent=28270"}],"wp:term":[{"taxonomy":"category","embeddable":true,"href":"https:\/\/marthacifuentes.com\/portada\/wp-json\/wp\/v2\/categories?post=28270"},{"taxonomy":"post_tag","embeddable":true,"href":"https:\/\/marthacifuentes.com\/portada\/wp-json\/wp\/v2\/tags?post=28270"}],"curies":[{"name":"wp","href":"https:\/\/api.w.org\/{rel}","templated":true}]}}