{"id":28316,"date":"2022-02-16T14:37:09","date_gmt":"2022-02-16T19:37:09","guid":{"rendered":"https:\/\/marthacifuentes.com\/portada\/?p=28316"},"modified":"2022-02-16T14:37:09","modified_gmt":"2022-02-16T19:37:09","slug":"fallecio-yecid-beltran-abogado-lider-politico-y-deportivo-en-yopal-su-ultima-lucha-fue-contra-la-administracion-del-alcalde-de-yopal-luis-eduardo-castro","status":"publish","type":"post","link":"https:\/\/marthacifuentes.com\/portada\/fallecio-yecid-beltran-abogado-lider-politico-y-deportivo-en-yopal-su-ultima-lucha-fue-contra-la-administracion-del-alcalde-de-yopal-luis-eduardo-castro\/","title":{"rendered":"Falleci\u00f3 Yecid Beltr\u00e1n, abogado, l\u00edder pol\u00edtico y deportivo en Yopal. Su \u00faltima lucha fue contra la Administraci\u00f3n del alcalde de Yopal, Luis Eduardo Castro."},"content":{"rendered":"<p style=\"text-align: justify;\">A las 4:38 minutos de la madrugada de hoy 16 de febrero falleci\u00f3 el abogado, dirigente liberal, exfuncionario p\u00fablico y l\u00edder deportivo Yecid Beltr\u00e1n S\u00e1enz, quien se encontraba internado en el Hospital Regional de la Orinoquia, por varias afectaciones en salud que ven\u00eda padeciendo. Profundo pesar caus\u00f3 su deceso en diversos c\u00edrculos sociales y pol\u00edticos de la regi\u00f3n.<\/p>\n<p style=\"text-align: justify;\">Oriundo de Moniquir\u00e1, Boyac\u00e1, pero de tantos a\u00f1os de vivir en Yopal ya era un llanero por adopci\u00f3n. Se gradu\u00f3 en derecho de la Universidad Nacional y tuvo una larga trayectoria en cargos p\u00fablicos en Yopal y Casanare. Entre otros cargos ocup\u00f3 la secretar\u00eda de gobierno y jefatura de la oficina jur\u00eddica de la Alcald\u00eda de Yopal, durante el gobierno de Wilman Celem\u00edn; la secretar\u00eda privada de Yopal, bajo el gobierno de Nelson Mari\u00f1o y secretario general del gobierno en Yopal, de Jorge Garc\u00eda Lizarazo. Tambi\u00e9n fue docente de Unitr\u00f3pico y activo dirigente del partido Liberal y de la liga de F\u00fatbol de Casanare.<\/p>\n<p style=\"text-align: justify;\">Durante los \u00faltimos a\u00f1os se dedic\u00f3 al an\u00e1lisis pol\u00edtico, jur\u00eddico y el ser opinador de diferentes tem\u00e1ticas locales y nacionales, en la emisora radial Violeta Est\u00e9reo y los portales web <a href=\"http:\/\/www.marthacifuentes.com\">www.marthacifuentes.com<\/a> y en el portal web Noticias Prensa independiente, junto a Ricardo Collazos.<\/p>\n<p style=\"text-align: justify;\">Recientemente libraba un intenso pulso con el alcalde de Yopal, Luis Eduardo Castro, a quien criticaba con vehemencia por sus actuaciones pol\u00edtico administrativas.<\/p>\n<p style=\"text-align: justify;\">En uno de sus \u00faltimos pronunciamientos sobre el mandatario yopale\u00f1o, en su perfil de Facebook, el 23 de diciembre escribi\u00f3: \u201c!!! Cu\u00e9ntele m\u00e1s bien a Yopal como es que est\u00e1 interviniendo en Pol\u00edtica imponiendo candidatos a la c\u00e1mara dentro del partido liberal y otros partidos pol\u00edticos &#8230; Cu\u00e9ntele a Yopal porque se ha opuesto al nombramiento del Curador Urbano &#8230; \u00bfSe le acaba la caja menor de la corrupci\u00f3n en Planeaci\u00f3n Municipal? &#8230; Le recomiendo que si quiere debatir o CONTROVERTIR, h\u00e1galo con argumentos jur\u00eddicos y no con mentiras rastreras aprovechando su cargo de ALCALDE LEVITADOR Y MENTIROSO. \u00bfPor qu\u00e9 raz\u00f3n le ha dado miedo salir a debatir en el programa Tribuna Abierta Virtual? Claro. All\u00e1 no le permiten ataques rastreros o propios de las alima\u00f1as ponzo\u00f1osas. Alla los debates son de tipo jur\u00eddico y administrativo algo de lo cual usted carece&#8230;!!!<\/p>\n<p>&nbsp;<\/p>\n<p><strong>Otras Noticias\u2026<\/strong><\/p>\n<blockquote class=\"wp-embedded-content\" data-secret=\"2ie42PkG1B\"><p><a href=\"https:\/\/marthacifuentes.com\/portada\/2022\/02\/16\/exalcaldesa-e-de-yopal-zoila-rosa-angulo-enfrenta-cargos-por-echar-a-gerente-de-ceiba\/\">Exalcaldesa (e) de Yopal, Zoila Rosa \u00c1ngulo enfrenta cargos por echar a gerente de Ceiba.<\/a><\/p><\/blockquote>\n<p><iframe loading=\"lazy\" class=\"wp-embedded-content\" sandbox=\"allow-scripts\" security=\"restricted\" style=\"position: absolute; clip: rect(1px, 1px, 1px, 1px);\" title=\"\u00abExalcaldesa (e) de Yopal, Zoila Rosa \u00c1ngulo enfrenta cargos por echar a gerente de Ceiba.\u00bb \u2014 \u25b7 Noticias de Casanare : Martha Cifuentes | Casanare\" src=\"https:\/\/marthacifuentes.com\/portada\/2022\/02\/16\/exalcaldesa-e-de-yopal-zoila-rosa-angulo-enfrenta-cargos-por-echar-a-gerente-de-ceiba\/embed\/#?secret=9xb7eioq5R#?secret=2ie42PkG1B\" data-secret=\"2ie42PkG1B\" width=\"500\" height=\"282\" frameborder=\"0\" marginwidth=\"0\" marginheight=\"0\" scrolling=\"no\"><\/iframe><\/p>\n<p><iframe loading=\"lazy\" class=\"wp-embedded-content\" title=\"\u00abAlcaldesa de Paz de Ariporo Eunice Escobar ser\u00eda arrestada por 3 d\u00edas por desacatar fallo de tutela sobre hogar geri\u00e1trico\u00bb \u2014 \u25b7 Noticias de Casanare : Martha Cifuentes | Casanare\" src=\"https:\/\/marthacifuentes.com\/portada\/2022\/02\/15\/alcaldesa-de-paz-de-ariporo-eunice-escobar-seria-arrestada-por-3-dias-por-desacatar-fallo-de-tutela-sobre-hogar-geriatrico\/embed\/#?secret=gJhsTRUypV\" width=\"600\" height=\"628\" frameborder=\"0\" marginwidth=\"0\" marginheight=\"0\" scrolling=\"no\" sandbox=\"allow-scripts\" data-secret=\"gJhsTRUypV\" data-mce-fragment=\"1\"><\/iframe><\/p>\n<p><iframe loading=\"lazy\" class=\"wp-embedded-content\" title=\"\u00abSenadora Amanda Gonz\u00e1lez pide a Uribe dejar el matoneo en su contra, los cuales obedecer\u00edan a no cumplir sus caprichos.\u00bb \u2014 \u25b7 Noticias de Casanare : Martha Cifuentes | Casanare\" src=\"https:\/\/marthacifuentes.com\/portada\/2022\/02\/15\/senadora-amanda-gonzalez-pide-a-uribe-dejar-el-matoneo-en-su-contra-los-cuales-obedecerian-a-no-cumplir-sus-caprichos\/embed\/#?secret=EK6Hhqewzc\" width=\"600\" height=\"649\" frameborder=\"0\" marginwidth=\"0\" marginheight=\"0\" scrolling=\"no\" sandbox=\"allow-scripts\" data-secret=\"EK6Hhqewzc\" data-mce-fragment=\"1\"><\/iframe><\/p>\n<p>&nbsp;<\/p>\n<p><iframe loading=\"lazy\" class=\"wp-embedded-content\" title=\"\u00abUribe pidi\u00f3 investigar ejecuci\u00f3n de contratos \u201cgestionados\u201d por la senadora Amanda Gonz\u00e1lez.\u00bb \u2014 \u25b7 Noticias de Casanare : Martha Cifuentes | Casanare\" src=\"https:\/\/marthacifuentes.com\/portada\/2022\/02\/15\/uribe-pidio-investigar-ejecucion-de-contratos-gestionados-por-la-senadora-amanda-gonzalez\/embed\/#?secret=qKXcqrl1j4\" width=\"600\" height=\"584\" frameborder=\"0\" marginwidth=\"0\" marginheight=\"0\" scrolling=\"no\" sandbox=\"allow-scripts\" data-secret=\"qKXcqrl1j4\" data-mce-fragment=\"1\"><\/iframe><\/p>\n<p><iframe loading=\"lazy\" class=\"wp-embedded-content\" title=\"\u00abLibres 10 presuntos integrantes del Clan del Golfo capturados en Man\u00ed, Casanare porque no hubo un juez para legalizar la captura.\u00bb \u2014 \u25b7 Noticias de Casanare : Martha Cifuentes | Casanare\" src=\"https:\/\/marthacifuentes.com\/portada\/2022\/02\/14\/libres-10-presuntos-integrantes-del-clan-del-golfo-capturados-en-mani-casanare-porque-no-hubo-un-juez-para-legalizar-la-captura\/embed\/#?secret=L9HAUKvjax\" width=\"600\" height=\"616\" frameborder=\"0\" marginwidth=\"0\" marginheight=\"0\" scrolling=\"no\" sandbox=\"allow-scripts\" data-secret=\"L9HAUKvjax\" data-mce-fragment=\"1\"><\/iframe><\/p>\n<p><iframe loading=\"lazy\" class=\"wp-embedded-content\" title=\"\u00abRifirrafe entre contratista de v\u00eda Paz de Ariporo-Monta\u00f1as del Totumo, volqueteros y Arcenio Sandoval\u00bb \u2014 \u25b7 Noticias de Casanare : Martha Cifuentes | Casanare\" src=\"https:\/\/marthacifuentes.com\/portada\/2022\/02\/14\/rifirrafe-entre-contratista-de-via-paz-de-ariporo-montanas-del-totumo-volqueteros-y-arcenio-sandoval\/embed\/#?secret=5Lnpfilego\" width=\"600\" height=\"538\" frameborder=\"0\" marginwidth=\"0\" marginheight=\"0\" scrolling=\"no\" sandbox=\"allow-scripts\" data-secret=\"5Lnpfilego\" data-mce-fragment=\"1\"><\/iframe><\/p>\n<p><iframe loading=\"lazy\" class=\"wp-embedded-content\" title=\"\u00ab\u00c1lvaro Uribe se\u00f1ala a senadora casanare\u00f1a Amanda Gonz\u00e1lez de corrupta en relaci\u00f3n de v\u00eda Paz de Ariporo-Monta\u00f1as del Totumo\u00bb \u2014 \u25b7 Noticias de Casanare : Martha Cifuentes | Casanare\" src=\"https:\/\/marthacifuentes.com\/portada\/2022\/02\/14\/alvaro-uribe-senala-a-senadora-casanarena-amanda-gonzalez-de-corrupta-en-relacion-de-via-paz-de-ariporo-montanas-del-totumo\/embed\/#?secret=HuIy5eYdam\" width=\"600\" height=\"637\" frameborder=\"0\" marginwidth=\"0\" marginheight=\"0\" scrolling=\"no\" sandbox=\"allow-scripts\" data-secret=\"HuIy5eYdam\" data-mce-fragment=\"1\"><\/iframe><\/p>\n<p><iframe loading=\"lazy\" class=\"wp-embedded-content\" title=\"\u00abAlcalde de Yopal Luis Eduardo Castro denunciado por participaci\u00f3n en pol\u00edtica: Partido Nuevo Liberalismo\u00bb \u2014 \u25b7 Noticias de Casanare : Martha Cifuentes | Casanare\" src=\"https:\/\/marthacifuentes.com\/portada\/2022\/02\/11\/alcalde-de-yopal-luis-eduardo-castro-denunciado-por-participacion-en-politica-partido-nuevo-liberalismo\/embed\/#?secret=iCUcTLF1u9\" width=\"600\" height=\"600\" frameborder=\"0\" marginwidth=\"0\" marginheight=\"0\" scrolling=\"no\" sandbox=\"allow-scripts\" data-secret=\"iCUcTLF1u9\" data-mce-fragment=\"1\"><\/iframe><\/p>\n<p><iframe loading=\"lazy\" class=\"wp-embedded-content\" title=\"\u00abCon bloqueos de v\u00edas, comunidad rural de Aguazul exige a Ecopetrol oportunidades laborales. La petrolera rechaza v\u00edas de hecho.\u00bb \u2014 \u25b7 Noticias de Casanare : Martha Cifuentes | Casanare\" src=\"https:\/\/marthacifuentes.com\/portada\/2022\/02\/11\/con-bloqueos-de-vias-comunidad-rural-de-aguazul-exige-a-ecopetrol-oportunidades-laborales-la-petrolera-rechaza-vias-de-hecho\/embed\/#?secret=x3DSOTIIpf\" width=\"600\" height=\"649\" frameborder=\"0\" marginwidth=\"0\" marginheight=\"0\" scrolling=\"no\" sandbox=\"allow-scripts\" data-secret=\"x3DSOTIIpf\" data-mce-fragment=\"1\"><\/iframe><\/p>\n<p><iframe loading=\"lazy\" class=\"wp-embedded-content\" title=\"\u00abCentro de Salud de T\u00e1mara a punto de convertirse en un elefante blanco. Contratista abandon\u00f3 obra pero quiere que le paguen lo ejecutado. Interventor\u00eda en silencio\u00bb \u2014 \u25b7 Noticias de Casanare : Martha Cifuentes | Casanare\" src=\"https:\/\/marthacifuentes.com\/portada\/2022\/02\/10\/centro-de-salud-de-tamara-a-punto-de-convertirse-en-un-elefante-blanco-contratista-abandono-obra-pero-quiere-que-le-paguen-lo-ejecutado-interventoria-en-silencio\/embed\/#?secret=K21N86AwiR\" width=\"600\" height=\"678\" frameborder=\"0\" marginwidth=\"0\" marginheight=\"0\" scrolling=\"no\" sandbox=\"allow-scripts\" data-secret=\"K21N86AwiR\" data-mce-fragment=\"1\"><\/iframe><\/p>\n<p><iframe loading=\"lazy\" class=\"wp-embedded-content\" title=\"\u00abVersiones en contrav\u00eda de la FAC y la campa\u00f1a de Alirio Barrera sobre presencia de aeronaves por donde circulaba avioneta que lo transportaba sobre Arauca.\u00bb \u2014 \u25b7 Noticias de Casanare : Martha Cifuentes | Casanare\" src=\"https:\/\/marthacifuentes.com\/portada\/2022\/02\/09\/versiones-en-contravia-de-la-fac-y-la-campana-de-alirio-barrera-sobre-presencia-de-aeronaves-por-donde-circulaba-avioneta-que-lo-transportaba-sobre-arauca\/embed\/#?secret=xoIQTrpViY\" width=\"600\" height=\"649\" frameborder=\"0\" marginwidth=\"0\" marginheight=\"0\" scrolling=\"no\" sandbox=\"allow-scripts\" data-secret=\"xoIQTrpViY\" data-mce-fragment=\"1\"><\/iframe><\/p>\n<p><iframe loading=\"lazy\" class=\"wp-embedded-content\" title=\"\u00abLas cuentas no cuadran en la Alcald\u00eda de Yopal con el recaudo del Impredial e ICA de 2021. Concejal Leonardo Infante cree que hay un d\u00e9ficit fiscal de 18 mil millones.\u00bb \u2014 \u25b7 Noticias de Casanare : Martha Cifuentes | Casanare\" src=\"https:\/\/marthacifuentes.com\/portada\/2022\/02\/09\/las-cuentas-no-cuadran-en-la-alcaldia-de-yopal-con-el-recaudo-del-impredial-e-ica-de-2021-concejal-leonardo-infante-cree-que-hay-un-deficit-fiscal-de-18-mil-millones\/embed\/#?secret=rcgRSldHkb\" width=\"600\" height=\"678\" frameborder=\"0\" marginwidth=\"0\" marginheight=\"0\" scrolling=\"no\" sandbox=\"allow-scripts\" data-secret=\"rcgRSldHkb\" data-mce-fragment=\"1\"><\/iframe><\/p>\n<p><iframe loading=\"lazy\" class=\"wp-embedded-content\" title=\"\u00ab\u201cHospital local medio funciona, Red salud es una enfermedad y las EPS no funcionan\u201d: Comunidad de Villanueva en mesa de salud departamental de Casanare\u00bb \u2014 \u25b7 Noticias de Casanare : Martha Cifuentes | Casanare\" src=\"https:\/\/marthacifuentes.com\/portada\/2022\/02\/09\/hospital-local-medio-funciona-red-salud-es-una-enfermedad-y-las-eps-no-funcionan-comunidad-de-villanueva-en-mesa-de-salud-departamental-de-casanare\/embed\/#?secret=5LNGsLUHY1\" width=\"600\" height=\"678\" frameborder=\"0\" marginwidth=\"0\" marginheight=\"0\" scrolling=\"no\" sandbox=\"allow-scripts\" data-secret=\"5LNGsLUHY1\" data-mce-fragment=\"1\"><\/iframe><\/p>\n<p><iframe loading=\"lazy\" class=\"wp-embedded-content\" title=\"\u00abAtraco a estaci\u00f3n de servicio en Paz de Ariporo ser\u00eda un autorobo. Autoridades investigan\u00bb \u2014 \u25b7 Noticias de Casanare : Martha Cifuentes | Casanare\" src=\"https:\/\/marthacifuentes.com\/portada\/2022\/02\/09\/atraco-a-estacion-de-servicio-en-paz-de-ariporo-seria-un-autorobo-autoridades-investigan\/embed\/#?secret=fbQ5ubOPRd\" width=\"600\" height=\"570\" frameborder=\"0\" marginwidth=\"0\" marginheight=\"0\" scrolling=\"no\" sandbox=\"allow-scripts\" data-secret=\"fbQ5ubOPRd\" data-mce-fragment=\"1\"><\/iframe><\/p>\n<p><iframe loading=\"lazy\" class=\"wp-embedded-content\" title=\"\u00abAdulta mayor de 70 a\u00f1os teme ser v\u00edctima de feminicidio a manos de su propio hijo en Casanare. Justicia la obliga a que debe vivir con \u00e9l.\u00bb \u2014 \u25b7 Noticias de Casanare : Martha Cifuentes | Casanare\" src=\"https:\/\/marthacifuentes.com\/portada\/2022\/02\/06\/adulta-mayor-de-70-anos-teme-ser-victima-de-feminicidio-a-manos-de-su-propio-hijo-en-casanare-justicia-la-obliga-a-que-debe-vivir-con-el\/embed\/#?secret=vPjh3cl7ng\" width=\"600\" height=\"649\" frameborder=\"0\" marginwidth=\"0\" marginheight=\"0\" scrolling=\"no\" sandbox=\"allow-scripts\" data-secret=\"vPjh3cl7ng\" data-mce-fragment=\"1\"><\/iframe><\/p>\n<p><iframe loading=\"lazy\" class=\"wp-embedded-content\" title=\"\u00abSiniestro vial cobra la vida de un motociclista\u00bb \u2014 \u25b7 Noticias de Casanare : Martha Cifuentes | Casanare\" src=\"https:\/\/marthacifuentes.com\/portada\/2022\/02\/02\/siniestro-vial-cobra-la-vida-de-un-motociclista\/embed\/#?secret=D1AEgZc9By\" width=\"600\" height=\"571\" frameborder=\"0\" marginwidth=\"0\" marginheight=\"0\" scrolling=\"no\" sandbox=\"allow-scripts\" data-secret=\"D1AEgZc9By\" data-mce-fragment=\"1\"><\/iframe><\/p>\n<p><iframe loading=\"lazy\" class=\"wp-embedded-content\" title=\"\u00abHombre hallado muerto en su residencia en Villanueva. Se investiga si fue suicidio u homicidio.\u00bb \u2014 \u25b7 Noticias de Casanare : Martha Cifuentes | Casanare\" src=\"https:\/\/marthacifuentes.com\/portada\/2022\/02\/02\/hombre-hallado-muerto-en-su-residencia-en-villanueva-se-investiga-si-fue-suicidio-u-homicidio\/embed\/#?secret=7KG3mzBF3E\" width=\"600\" height=\"621\" frameborder=\"0\" marginwidth=\"0\" marginheight=\"0\" scrolling=\"no\" sandbox=\"allow-scripts\" data-secret=\"7KG3mzBF3E\" data-mce-fragment=\"1\"><\/iframe><\/p>\n<p><iframe loading=\"lazy\" class=\"wp-embedded-content\" title=\"\u00abMonterrey poco amigable con personas usuarias de sillas de ruedas. No hay rampas ni v\u00edas peatonales.\u00bb \u2014 \u25b7 Noticias de Casanare : Martha Cifuentes | Casanare\" src=\"https:\/\/marthacifuentes.com\/portada\/2022\/02\/02\/monterrey-poco-amigable-con-personas-usuarias-de-sillas-de-ruedas-no-hay-rampas-ni-vias-peatonales\/embed\/#?secret=bmWg2CkXo9\" width=\"600\" height=\"350\" frameborder=\"0\" marginwidth=\"0\" marginheight=\"0\" scrolling=\"no\" sandbox=\"allow-scripts\" data-secret=\"bmWg2CkXo9\" data-mce-fragment=\"1\"><\/iframe><\/p>\n<p><iframe loading=\"lazy\" class=\"wp-embedded-content\" title=\"\u00ab\u201cPuede ser tu hija, tu madre o hermana. No m\u00e1s violencia\u201d. Con velat\u00f3n se rechaz\u00f3 ataque a dos mujeres en Villanueva, Casanare.\u00bb \u2014 \u25b7 Noticias de Casanare : Martha Cifuentes | Casanare\" src=\"https:\/\/marthacifuentes.com\/portada\/2022\/02\/01\/puede-ser-tu-hija-tu-madre-o-hermana-no-mas-violencia-con-velaton-se-rechazo-ataque-a-dos-mujeres-en-villanueva-casanare\/embed\/#?secret=Jkc7TBHKwj\" width=\"600\" height=\"628\" frameborder=\"0\" marginwidth=\"0\" marginheight=\"0\" scrolling=\"no\" sandbox=\"allow-scripts\" data-secret=\"Jkc7TBHKwj\" data-mce-fragment=\"1\"><\/iframe><\/p>\n<p><iframe loading=\"lazy\" class=\"wp-embedded-content\" title=\"\u00abMujeres de Pajarito, Boyac\u00e1, las grandes sacrificadas con cierre de v\u00eda del Cusiana. Hoy pudieron volver a vender las gallinas.\u00bb \u2014 \u25b7 Noticias de Casanare : Martha Cifuentes | Casanare\" src=\"https:\/\/marthacifuentes.com\/portada\/2022\/01\/29\/mujeres-de-pajarito-boyaca-las-grandes-sacrificadas-con-cierre-de-via-del-cusiana-hoy-pudieron-volver-a-vender-las-gallinas\/embed\/#?secret=scc0xY9xdr\" width=\"600\" height=\"647\" frameborder=\"0\" marginwidth=\"0\" marginheight=\"0\" scrolling=\"no\" sandbox=\"allow-scripts\" data-secret=\"scc0xY9xdr\" data-mce-fragment=\"1\"><\/iframe><\/p>\n<p><iframe loading=\"lazy\" class=\"wp-embedded-content\" title=\"\u00abReabierta v\u00eda del Cusiana en La Granja. Obras de remoci\u00f3n y habilitaci\u00f3n de la carretera costaron al menos $17 mil millones.\u00bb \u2014 \u25b7 Noticias de Casanare : Martha Cifuentes | Casanare\" src=\"https:\/\/marthacifuentes.com\/portada\/2022\/01\/29\/reabierta-via-del-cusiana-en-la-granja-obras-de-remocion-y-habilitacion-de-la-carretera-costaron-al-menos-17-mil-millones\/embed\/#?secret=lPmdCBbBP5\" width=\"600\" height=\"628\" frameborder=\"0\" marginwidth=\"0\" marginheight=\"0\" scrolling=\"no\" sandbox=\"allow-scripts\" data-secret=\"lPmdCBbBP5\" data-mce-fragment=\"1\"><\/iframe><\/p>\n<p><iframe loading=\"lazy\" class=\"wp-embedded-content\" title=\"\u00abFrustrada por en\u00e9sima vez elecci\u00f3n del director(a) de Corporinoquia. Todos los consejeros fueron recusados\u00bb \u2014 \u25b7 Noticias de Casanare : Martha Cifuentes | Casanare\" src=\"https:\/\/marthacifuentes.com\/portada\/2022\/01\/28\/frustrada-por-enesima-vez-eleccion-del-directora-de-corporinoquia-todos-los-consejeros-fueron-recusados\/embed\/#?secret=luaUAhSchV\" width=\"600\" height=\"505\" frameborder=\"0\" marginwidth=\"0\" marginheight=\"0\" scrolling=\"no\" sandbox=\"allow-scripts\" data-secret=\"luaUAhSchV\" data-mce-fragment=\"1\"><\/iframe><\/p>\n<p><iframe loading=\"lazy\" class=\"wp-embedded-content\" title=\"\u00abA\u00fan no se confirma muerte de alias \u2018antonio medina\u2019, cabecilla frente 28 disidencias de las Farc. Ej\u00e9rcito trata de verificar informaci\u00f3n sobre su deceso.\u00bb \u2014 \u25b7 Noticias de Casanare : Martha Cifuentes | Casanare\" src=\"https:\/\/marthacifuentes.com\/portada\/2022\/01\/27\/aun-no-se-confirma-muerte-de-alias-antonio-medina-cabecilla-frente-28-disidencias-de-las-farc-ejercito-trata-de-verificar-informacion-sobre-su-deceso\/embed\/#?secret=HUG9FVMgJb\" width=\"600\" height=\"357\" frameborder=\"0\" marginwidth=\"0\" marginheight=\"0\" scrolling=\"no\" sandbox=\"allow-scripts\" data-secret=\"HUG9FVMgJb\" data-mce-fragment=\"1\"><\/iframe><\/p>\n<p><iframe loading=\"lazy\" class=\"wp-embedded-content\" title=\"\u00abPor irregularidades en elecci\u00f3n de personero de Yopal en 2015, Procuradur\u00eda sancion\u00f3 a 3 concejales. Uno de ellos aspira al Congreso.\u00bb \u2014 \u25b7 Noticias de Casanare : Martha Cifuentes | Casanare\" src=\"https:\/\/marthacifuentes.com\/portada\/2022\/01\/20\/por-irregularidades-en-eleccion-de-personero-de-yopal-en-2015-procuraduria-sanciono-a-3-concejales-uno-de-ellos-aspira-al-congreso\/embed\/#?secret=gDlOka0W16\" width=\"600\" height=\"594\" frameborder=\"0\" marginwidth=\"0\" marginheight=\"0\" scrolling=\"no\" sandbox=\"allow-scripts\" data-secret=\"gDlOka0W16\" data-mce-fragment=\"1\"><\/iframe><\/p>\n<p><iframe loading=\"lazy\" class=\"wp-embedded-content\" title=\"\u00abA Casanare lleg\u00f3 la hora de sembrar pl\u00e1tano\u00bb \u2014 \u25b7 Noticias de Casanare : Martha Cifuentes | Casanare\" src=\"https:\/\/marthacifuentes.com\/portada\/2022\/01\/19\/a-casanare-llego-la-hora-de-sembrar-platano\/embed\/#?secret=nursORm1hc\" width=\"600\" height=\"586\" frameborder=\"0\" marginwidth=\"0\" marginheight=\"0\" scrolling=\"no\" sandbox=\"allow-scripts\" data-secret=\"nursORm1hc\" data-mce-fragment=\"1\"><\/iframe><\/p>\n<p><iframe loading=\"lazy\" class=\"wp-embedded-content\" title=\"\u00abTemblor en Aguazul no dej\u00f3 da\u00f1os pero si caus\u00f3 temor. Se sinti\u00f3 en 5 departamentos.\u00bb \u2014 \u25b7 Noticias de Casanare : Martha Cifuentes | Casanare\" src=\"https:\/\/marthacifuentes.com\/portada\/2022\/01\/19\/temblor-en-aguazul-no-dejo-danos-pero-si-causo-temor-se-sintio-en-5-departamentos\/embed\/#?secret=rG1jkiPRdP\" width=\"600\" height=\"621\" frameborder=\"0\" marginwidth=\"0\" marginheight=\"0\" scrolling=\"no\" sandbox=\"allow-scripts\" data-secret=\"rG1jkiPRdP\" data-mce-fragment=\"1\"><\/iframe><\/p>\n<p><iframe loading=\"lazy\" class=\"wp-embedded-content\" title=\"\u00abApareci\u00f3 muerta l\u00edder social, veedora y coadyuvante en revocatoria del alcalde de Orocu\u00e9, Casanare.\u00bb \u2014 \u25b7 Noticias de Casanare : Martha Cifuentes | Casanare\" src=\"https:\/\/marthacifuentes.com\/portada\/2022\/01\/17\/aparecio-muerta-lider-social-veedora-y-coadyuvante-en-revocatoria-del-alcalde-de-orocue-casanare\/embed\/#?secret=lo5oxusG1A\" width=\"600\" height=\"621\" frameborder=\"0\" marginwidth=\"0\" marginheight=\"0\" scrolling=\"no\" sandbox=\"allow-scripts\" data-secret=\"lo5oxusG1A\" data-mce-fragment=\"1\"><\/iframe><\/p>\n<p><iframe loading=\"lazy\" class=\"wp-embedded-content\" title=\"\u00abJuez neg\u00f3 tutela que frenaba elecci\u00f3n de director de Corporinoquia. Consejo Directivo puede continuar con el proceso\u00bb \u2014 \u25b7 Noticias de Casanare : Martha Cifuentes | Casanare\" src=\"https:\/\/marthacifuentes.com\/portada\/2022\/01\/17\/juez-nego-tutela-que-frenaba-eleccion-de-director-de-corporinoquia-consejo-directivo-puede-continuar-con-el-proceso\/embed\/#?secret=kRu9Ez8QCy\" width=\"600\" height=\"649\" frameborder=\"0\" marginwidth=\"0\" marginheight=\"0\" scrolling=\"no\" sandbox=\"allow-scripts\" data-secret=\"kRu9Ez8QCy\" data-mce-fragment=\"1\"><\/iframe><\/p>\n<p><iframe loading=\"lazy\" class=\"wp-embedded-content\" title=\"\u00abPaso en v\u00eda Aguazul-Sogamoso solo estar\u00eda listo a finales de enero. Bloqueos afectaron cronograma.\u00bb \u2014 \u25b7 Noticias de Casanare : Martha Cifuentes | Casanare\" src=\"https:\/\/marthacifuentes.com\/portada\/2022\/01\/18\/paso-en-via-aguazul-sogamoso-solo-estaria-listo-a-finales-de-enero-bloqueos-afectaron-cronograma\/embed\/#?secret=pdEfIa370i\" width=\"600\" height=\"600\" frameborder=\"0\" marginwidth=\"0\" marginheight=\"0\" scrolling=\"no\" sandbox=\"allow-scripts\" data-secret=\"pdEfIa370i\" data-mce-fragment=\"1\"><\/iframe><\/p>\n","protected":false},"excerpt":{"rendered":"<p>A las 4:38 minutos de la madrugada de hoy 16 de febrero falleci\u00f3 el abogado, dirigente liberal, exfuncionario p\u00fablico y l\u00edder deportivo Yecid Beltr\u00e1n S\u00e1enz, quien se encontraba internado en el Hospital Regional de la Orinoquia, por varias afectaciones en salud que ven\u00eda padeciendo. Profundo pesar caus\u00f3 su deceso en diversos c\u00edrculos sociales y pol\u00edticos &hellip;<\/p>\n","protected":false},"author":2,"featured_media":28317,"comment_status":"open","ping_status":"open","sticky":false,"template":"","format":"standard","meta":{"om_disable_all_campaigns":false,"_exactmetrics_skip_tracking":false,"_exactmetrics_sitenote_active":false,"_exactmetrics_sitenote_note":"","_exactmetrics_sitenote_category":0,"_monsterinsights_skip_tracking":false,"_monsterinsights_sitenote_active":false,"_monsterinsights_sitenote_note":"","_monsterinsights_sitenote_category":0,"_uf_show_specific_survey":0,"_uf_disable_surveys":false,"_joinchat":[],"footnotes":""},"categories":[147,146,145],"tags":[6768,154,1373,6764,6766,6763,6767,6765,157,1376],"class_list":["post-28316","post","type-post","status-publish","format-standard","has-post-thumbnail","hentry","category-actualidad","category-noticias","category-reportajes","tag-analista-politico","tag-casanare","tag-casanare-noticias","tag-critico-de-la-administracion-de-luis-eduardo-castro","tag-egresado-de-la-universidad-nacional","tag-fallecio-yecid-beltran","tag-luto-por-yecid-beltran","tag-por-varias-afectaciones-de-salud","tag-yopal","tag-yopal-noticias"],"yoast_head":"<!-- This site is optimized with the Yoast SEO plugin v26.1 - https:\/\/yoast.com\/wordpress\/plugins\/seo\/ -->\n<title>Falleci\u00f3 Yecid Beltr\u00e1n, abogado, l\u00edder pol\u00edtico y deportivo en Yopal. Su \u00faltima lucha fue contra la Administraci\u00f3n del alcalde de Yopal, Luis Eduardo Castro. - \u25b7 Noticias de Casanare : Martha Cifuentes | Casanare<\/title>\n<meta name=\"robots\" content=\"index, follow, max-snippet:-1, max-image-preview:large, max-video-preview:-1\" \/>\n<link rel=\"canonical\" href=\"https:\/\/marthacifuentes.com\/portada\/fallecio-yecid-beltran-abogado-lider-politico-y-deportivo-en-yopal-su-ultima-lucha-fue-contra-la-administracion-del-alcalde-de-yopal-luis-eduardo-castro\/\" \/>\n<meta property=\"og:locale\" content=\"es_ES\" \/>\n<meta property=\"og:type\" content=\"article\" \/>\n<meta property=\"og:title\" content=\"Falleci\u00f3 Yecid Beltr\u00e1n, abogado, l\u00edder pol\u00edtico y deportivo en Yopal. Su \u00faltima lucha fue contra la Administraci\u00f3n del alcalde de Yopal, Luis Eduardo Castro. - \u25b7 Noticias de Casanare : Martha Cifuentes | Casanare\" \/>\n<meta property=\"og:description\" content=\"A las 4:38 minutos de la madrugada de hoy 16 de febrero falleci\u00f3 el abogado, dirigente liberal, exfuncionario p\u00fablico y l\u00edder deportivo Yecid Beltr\u00e1n S\u00e1enz, quien se encontraba internado en el Hospital Regional de la Orinoquia, por varias afectaciones en salud que ven\u00eda padeciendo. Profundo pesar caus\u00f3 su deceso en diversos c\u00edrculos sociales y pol\u00edticos &hellip;\" \/>\n<meta property=\"og:url\" content=\"https:\/\/marthacifuentes.com\/portada\/fallecio-yecid-beltran-abogado-lider-politico-y-deportivo-en-yopal-su-ultima-lucha-fue-contra-la-administracion-del-alcalde-de-yopal-luis-eduardo-castro\/\" \/>\n<meta property=\"og:site_name\" content=\"\u25b7 Noticias de Casanare : Martha Cifuentes | Casanare\" \/>\n<meta property=\"article:published_time\" content=\"2022-02-16T19:37:09+00:00\" \/>\n<meta property=\"og:image\" content=\"https:\/\/marthacifuentes.com\/portada\/wp-content\/uploads\/2022\/02\/yecid-beltran-saenz.jpg\" \/>\n\t<meta property=\"og:image:width\" content=\"720\" \/>\n\t<meta property=\"og:image:height\" content=\"479\" \/>\n\t<meta property=\"og:image:type\" content=\"image\/jpeg\" \/>\n<meta name=\"author\" content=\"Martha Cifuentes\" \/>\n<meta name=\"twitter:card\" content=\"summary_large_image\" \/>\n<meta name=\"twitter:label1\" content=\"Escrito por\" \/>\n\t<meta name=\"twitter:data1\" content=\"Martha Cifuentes\" \/>\n\t<meta name=\"twitter:label2\" content=\"Tiempo de lectura\" \/>\n\t<meta name=\"twitter:data2\" content=\"2 minutos\" \/>\n<script type=\"application\/ld+json\" class=\"yoast-schema-graph\">{\"@context\":\"https:\/\/schema.org\",\"@graph\":[{\"@type\":\"WebPage\",\"@id\":\"https:\/\/marthacifuentes.com\/portada\/fallecio-yecid-beltran-abogado-lider-politico-y-deportivo-en-yopal-su-ultima-lucha-fue-contra-la-administracion-del-alcalde-de-yopal-luis-eduardo-castro\/\",\"url\":\"https:\/\/marthacifuentes.com\/portada\/fallecio-yecid-beltran-abogado-lider-politico-y-deportivo-en-yopal-su-ultima-lucha-fue-contra-la-administracion-del-alcalde-de-yopal-luis-eduardo-castro\/\",\"name\":\"Falleci\u00f3 Yecid Beltr\u00e1n, abogado, l\u00edder pol\u00edtico y deportivo en Yopal. Su \u00faltima lucha fue contra la Administraci\u00f3n del alcalde de Yopal, Luis Eduardo Castro. - \u25b7 Noticias de Casanare : Martha Cifuentes | Casanare\",\"isPartOf\":{\"@id\":\"https:\/\/marthacifuentes.com\/portada\/#website\"},\"primaryImageOfPage\":{\"@id\":\"https:\/\/marthacifuentes.com\/portada\/fallecio-yecid-beltran-abogado-lider-politico-y-deportivo-en-yopal-su-ultima-lucha-fue-contra-la-administracion-del-alcalde-de-yopal-luis-eduardo-castro\/#primaryimage\"},\"image\":{\"@id\":\"https:\/\/marthacifuentes.com\/portada\/fallecio-yecid-beltran-abogado-lider-politico-y-deportivo-en-yopal-su-ultima-lucha-fue-contra-la-administracion-del-alcalde-de-yopal-luis-eduardo-castro\/#primaryimage\"},\"thumbnailUrl\":\"https:\/\/marthacifuentes.com\/portada\/wp-content\/uploads\/2022\/02\/yecid-beltran-saenz.jpg\",\"datePublished\":\"2022-02-16T19:37:09+00:00\",\"author\":{\"@id\":\"https:\/\/marthacifuentes.com\/portada\/#\/schema\/person\/57f53174b991db5f90ff78d58502b714\"},\"breadcrumb\":{\"@id\":\"https:\/\/marthacifuentes.com\/portada\/fallecio-yecid-beltran-abogado-lider-politico-y-deportivo-en-yopal-su-ultima-lucha-fue-contra-la-administracion-del-alcalde-de-yopal-luis-eduardo-castro\/#breadcrumb\"},\"inLanguage\":\"es\",\"potentialAction\":[{\"@type\":\"ReadAction\",\"target\":[\"https:\/\/marthacifuentes.com\/portada\/fallecio-yecid-beltran-abogado-lider-politico-y-deportivo-en-yopal-su-ultima-lucha-fue-contra-la-administracion-del-alcalde-de-yopal-luis-eduardo-castro\/\"]}]},{\"@type\":\"ImageObject\",\"inLanguage\":\"es\",\"@id\":\"https:\/\/marthacifuentes.com\/portada\/fallecio-yecid-beltran-abogado-lider-politico-y-deportivo-en-yopal-su-ultima-lucha-fue-contra-la-administracion-del-alcalde-de-yopal-luis-eduardo-castro\/#primaryimage\",\"url\":\"https:\/\/marthacifuentes.com\/portada\/wp-content\/uploads\/2022\/02\/yecid-beltran-saenz.jpg\",\"contentUrl\":\"https:\/\/marthacifuentes.com\/portada\/wp-content\/uploads\/2022\/02\/yecid-beltran-saenz.jpg\",\"width\":720,\"height\":479},{\"@type\":\"BreadcrumbList\",\"@id\":\"https:\/\/marthacifuentes.com\/portada\/fallecio-yecid-beltran-abogado-lider-politico-y-deportivo-en-yopal-su-ultima-lucha-fue-contra-la-administracion-del-alcalde-de-yopal-luis-eduardo-castro\/#breadcrumb\",\"itemListElement\":[{\"@type\":\"ListItem\",\"position\":1,\"name\":\"Portada\",\"item\":\"https:\/\/marthacifuentes.com\/portada\/\"},{\"@type\":\"ListItem\",\"position\":2,\"name\":\"Falleci\u00f3 Yecid Beltr\u00e1n, abogado, l\u00edder pol\u00edtico y deportivo en Yopal. Su \u00faltima lucha fue contra la Administraci\u00f3n del alcalde de Yopal, Luis Eduardo Castro.\"}]},{\"@type\":\"WebSite\",\"@id\":\"https:\/\/marthacifuentes.com\/portada\/#website\",\"url\":\"https:\/\/marthacifuentes.com\/portada\/\",\"name\":\"\u25b7 Noticias de Casanare : Martha Cifuentes | Casanare\",\"description\":\"Noticias &amp; Contenidos\",\"potentialAction\":[{\"@type\":\"SearchAction\",\"target\":{\"@type\":\"EntryPoint\",\"urlTemplate\":\"https:\/\/marthacifuentes.com\/portada\/?s={search_term_string}\"},\"query-input\":{\"@type\":\"PropertyValueSpecification\",\"valueRequired\":true,\"valueName\":\"search_term_string\"}}],\"inLanguage\":\"es\"},{\"@type\":\"Person\",\"@id\":\"https:\/\/marthacifuentes.com\/portada\/#\/schema\/person\/57f53174b991db5f90ff78d58502b714\",\"name\":\"Martha Cifuentes\",\"image\":{\"@type\":\"ImageObject\",\"inLanguage\":\"es\",\"@id\":\"https:\/\/marthacifuentes.com\/portada\/#\/schema\/person\/image\/\",\"url\":\"http:\/\/marthacifuentes.com\/portada\/wp-content\/uploads\/2018\/06\/avatar_user_2_1528838701-96x96.jpg\",\"contentUrl\":\"http:\/\/marthacifuentes.com\/portada\/wp-content\/uploads\/2018\/06\/avatar_user_2_1528838701-96x96.jpg\",\"caption\":\"Martha Cifuentes\"},\"sameAs\":[\"http:\/\/www.marthacifuentes.com\"],\"url\":\"https:\/\/marthacifuentes.com\/portada\/author\/martha\/\"}]}<\/script>\n<!-- \/ Yoast SEO plugin. -->","yoast_head_json":{"title":"Falleci\u00f3 Yecid Beltr\u00e1n, abogado, l\u00edder pol\u00edtico y deportivo en Yopal. Su \u00faltima lucha fue contra la Administraci\u00f3n del alcalde de Yopal, Luis Eduardo Castro. - \u25b7 Noticias de Casanare : Martha Cifuentes | Casanare","robots":{"index":"index","follow":"follow","max-snippet":"max-snippet:-1","max-image-preview":"max-image-preview:large","max-video-preview":"max-video-preview:-1"},"canonical":"https:\/\/marthacifuentes.com\/portada\/fallecio-yecid-beltran-abogado-lider-politico-y-deportivo-en-yopal-su-ultima-lucha-fue-contra-la-administracion-del-alcalde-de-yopal-luis-eduardo-castro\/","og_locale":"es_ES","og_type":"article","og_title":"Falleci\u00f3 Yecid Beltr\u00e1n, abogado, l\u00edder pol\u00edtico y deportivo en Yopal. Su \u00faltima lucha fue contra la Administraci\u00f3n del alcalde de Yopal, Luis Eduardo Castro. - \u25b7 Noticias de Casanare : Martha Cifuentes | Casanare","og_description":"A las 4:38 minutos de la madrugada de hoy 16 de febrero falleci\u00f3 el abogado, dirigente liberal, exfuncionario p\u00fablico y l\u00edder deportivo Yecid Beltr\u00e1n S\u00e1enz, quien se encontraba internado en el Hospital Regional de la Orinoquia, por varias afectaciones en salud que ven\u00eda padeciendo. Profundo pesar caus\u00f3 su deceso en diversos c\u00edrculos sociales y pol\u00edticos &hellip;","og_url":"https:\/\/marthacifuentes.com\/portada\/fallecio-yecid-beltran-abogado-lider-politico-y-deportivo-en-yopal-su-ultima-lucha-fue-contra-la-administracion-del-alcalde-de-yopal-luis-eduardo-castro\/","og_site_name":"\u25b7 Noticias de Casanare : Martha Cifuentes | Casanare","article_published_time":"2022-02-16T19:37:09+00:00","og_image":[{"width":720,"height":479,"url":"https:\/\/marthacifuentes.com\/portada\/wp-content\/uploads\/2022\/02\/yecid-beltran-saenz.jpg","type":"image\/jpeg"}],"author":"Martha Cifuentes","twitter_card":"summary_large_image","twitter_misc":{"Escrito por":"Martha Cifuentes","Tiempo de lectura":"2 minutos"},"schema":{"@context":"https:\/\/schema.org","@graph":[{"@type":"WebPage","@id":"https:\/\/marthacifuentes.com\/portada\/fallecio-yecid-beltran-abogado-lider-politico-y-deportivo-en-yopal-su-ultima-lucha-fue-contra-la-administracion-del-alcalde-de-yopal-luis-eduardo-castro\/","url":"https:\/\/marthacifuentes.com\/portada\/fallecio-yecid-beltran-abogado-lider-politico-y-deportivo-en-yopal-su-ultima-lucha-fue-contra-la-administracion-del-alcalde-de-yopal-luis-eduardo-castro\/","name":"Falleci\u00f3 Yecid Beltr\u00e1n, abogado, l\u00edder pol\u00edtico y deportivo en Yopal. Su \u00faltima lucha fue contra la Administraci\u00f3n del alcalde de Yopal, Luis Eduardo Castro. - \u25b7 Noticias de Casanare : Martha Cifuentes | Casanare","isPartOf":{"@id":"https:\/\/marthacifuentes.com\/portada\/#website"},"primaryImageOfPage":{"@id":"https:\/\/marthacifuentes.com\/portada\/fallecio-yecid-beltran-abogado-lider-politico-y-deportivo-en-yopal-su-ultima-lucha-fue-contra-la-administracion-del-alcalde-de-yopal-luis-eduardo-castro\/#primaryimage"},"image":{"@id":"https:\/\/marthacifuentes.com\/portada\/fallecio-yecid-beltran-abogado-lider-politico-y-deportivo-en-yopal-su-ultima-lucha-fue-contra-la-administracion-del-alcalde-de-yopal-luis-eduardo-castro\/#primaryimage"},"thumbnailUrl":"https:\/\/marthacifuentes.com\/portada\/wp-content\/uploads\/2022\/02\/yecid-beltran-saenz.jpg","datePublished":"2022-02-16T19:37:09+00:00","author":{"@id":"https:\/\/marthacifuentes.com\/portada\/#\/schema\/person\/57f53174b991db5f90ff78d58502b714"},"breadcrumb":{"@id":"https:\/\/marthacifuentes.com\/portada\/fallecio-yecid-beltran-abogado-lider-politico-y-deportivo-en-yopal-su-ultima-lucha-fue-contra-la-administracion-del-alcalde-de-yopal-luis-eduardo-castro\/#breadcrumb"},"inLanguage":"es","potentialAction":[{"@type":"ReadAction","target":["https:\/\/marthacifuentes.com\/portada\/fallecio-yecid-beltran-abogado-lider-politico-y-deportivo-en-yopal-su-ultima-lucha-fue-contra-la-administracion-del-alcalde-de-yopal-luis-eduardo-castro\/"]}]},{"@type":"ImageObject","inLanguage":"es","@id":"https:\/\/marthacifuentes.com\/portada\/fallecio-yecid-beltran-abogado-lider-politico-y-deportivo-en-yopal-su-ultima-lucha-fue-contra-la-administracion-del-alcalde-de-yopal-luis-eduardo-castro\/#primaryimage","url":"https:\/\/marthacifuentes.com\/portada\/wp-content\/uploads\/2022\/02\/yecid-beltran-saenz.jpg","contentUrl":"https:\/\/marthacifuentes.com\/portada\/wp-content\/uploads\/2022\/02\/yecid-beltran-saenz.jpg","width":720,"height":479},{"@type":"BreadcrumbList","@id":"https:\/\/marthacifuentes.com\/portada\/fallecio-yecid-beltran-abogado-lider-politico-y-deportivo-en-yopal-su-ultima-lucha-fue-contra-la-administracion-del-alcalde-de-yopal-luis-eduardo-castro\/#breadcrumb","itemListElement":[{"@type":"ListItem","position":1,"name":"Portada","item":"https:\/\/marthacifuentes.com\/portada\/"},{"@type":"ListItem","position":2,"name":"Falleci\u00f3 Yecid Beltr\u00e1n, abogado, l\u00edder pol\u00edtico y deportivo en Yopal. Su \u00faltima lucha fue contra la Administraci\u00f3n del alcalde de Yopal, Luis Eduardo Castro."}]},{"@type":"WebSite","@id":"https:\/\/marthacifuentes.com\/portada\/#website","url":"https:\/\/marthacifuentes.com\/portada\/","name":"\u25b7 Noticias de Casanare : Martha Cifuentes | Casanare","description":"Noticias &amp; Contenidos","potentialAction":[{"@type":"SearchAction","target":{"@type":"EntryPoint","urlTemplate":"https:\/\/marthacifuentes.com\/portada\/?s={search_term_string}"},"query-input":{"@type":"PropertyValueSpecification","valueRequired":true,"valueName":"search_term_string"}}],"inLanguage":"es"},{"@type":"Person","@id":"https:\/\/marthacifuentes.com\/portada\/#\/schema\/person\/57f53174b991db5f90ff78d58502b714","name":"Martha Cifuentes","image":{"@type":"ImageObject","inLanguage":"es","@id":"https:\/\/marthacifuentes.com\/portada\/#\/schema\/person\/image\/","url":"http:\/\/marthacifuentes.com\/portada\/wp-content\/uploads\/2018\/06\/avatar_user_2_1528838701-96x96.jpg","contentUrl":"http:\/\/marthacifuentes.com\/portada\/wp-content\/uploads\/2018\/06\/avatar_user_2_1528838701-96x96.jpg","caption":"Martha Cifuentes"},"sameAs":["http:\/\/www.marthacifuentes.com"],"url":"https:\/\/marthacifuentes.com\/portada\/author\/martha\/"}]}},"_links":{"self":[{"href":"https:\/\/marthacifuentes.com\/portada\/wp-json\/wp\/v2\/posts\/28316","targetHints":{"allow":["GET"]}}],"collection":[{"href":"https:\/\/marthacifuentes.com\/portada\/wp-json\/wp\/v2\/posts"}],"about":[{"href":"https:\/\/marthacifuentes.com\/portada\/wp-json\/wp\/v2\/types\/post"}],"author":[{"embeddable":true,"href":"https:\/\/marthacifuentes.com\/portada\/wp-json\/wp\/v2\/users\/2"}],"replies":[{"embeddable":true,"href":"https:\/\/marthacifuentes.com\/portada\/wp-json\/wp\/v2\/comments?post=28316"}],"version-history":[{"count":2,"href":"https:\/\/marthacifuentes.com\/portada\/wp-json\/wp\/v2\/posts\/28316\/revisions"}],"predecessor-version":[{"id":28320,"href":"https:\/\/marthacifuentes.com\/portada\/wp-json\/wp\/v2\/posts\/28316\/revisions\/28320"}],"wp:featuredmedia":[{"embeddable":true,"href":"https:\/\/marthacifuentes.com\/portada\/wp-json\/wp\/v2\/media\/28317"}],"wp:attachment":[{"href":"https:\/\/marthacifuentes.com\/portada\/wp-json\/wp\/v2\/media?parent=28316"}],"wp:term":[{"taxonomy":"category","embeddable":true,"href":"https:\/\/marthacifuentes.com\/portada\/wp-json\/wp\/v2\/categories?post=28316"},{"taxonomy":"post_tag","embeddable":true,"href":"https:\/\/marthacifuentes.com\/portada\/wp-json\/wp\/v2\/tags?post=28316"}],"curies":[{"name":"wp","href":"https:\/\/api.w.org\/{rel}","templated":true}]}}