{"id":28366,"date":"2022-02-22T11:53:26","date_gmt":"2022-02-22T16:53:26","guid":{"rendered":"https:\/\/marthacifuentes.com\/portada\/?p=28366"},"modified":"2022-02-22T12:17:50","modified_gmt":"2022-02-22T17:17:50","slug":"en-consejo-nacional-electoral-estancado-proceso-de-inhabilidad-contra-senadora-amanda-gonzalez-por-doble-militancia","status":"publish","type":"post","link":"https:\/\/marthacifuentes.com\/portada\/en-consejo-nacional-electoral-estancado-proceso-de-inhabilidad-contra-senadora-amanda-gonzalez-por-doble-militancia\/","title":{"rendered":"En Consejo Nacional Electoral estancado proceso de inhabilidad contra senadora Amanda Gonz\u00e1lez por doble militancia."},"content":{"rendered":"<p style=\"text-align: justify;\">La inscripci\u00f3n de la senadora Amanda Roc\u00edo Gonz\u00e1lez que fue demandada en la tercera semana de enero ante el Consejo Nacional Electoral por el ciudadano Andr\u00e9s Felipe Trujillo Sanabria por presuntamente incurrir en la prohibici\u00f3n de doble militancia, y que ya estaba lista para audiencia de alegatos de conclusi\u00f3n el pasado 9 de febrero, debi\u00f3 ser suspendida porque el magistrado Virgilio Almanza Ocampo sorpresivamente se declar\u00f3 impedido porque supuestamente tiene un pleito judicial con el abogado de la candidata por cuenta de una demanda que interpuso contra la Naci\u00f3n.<\/p>\n<p style=\"text-align: justify;\">Esto origin\u00f3 que el Consejo Nacional Electoral aceptar\u00e1 el impedimento y nombrara al Magistrado Renato Contreras para llevar el caso. El trastoque caus\u00f3 retrasos en el proceso de revocatoria de la inscripci\u00f3n, que podr\u00eda conducir a que por t\u00e9rminos procesales no se alcance a definir antes de las elecciones del pr\u00f3ximo 13 de marzo.<\/p>\n<p style=\"text-align: justify;\">Extraoficialmente se conoci\u00f3 que en el Consejo Nacional Electoral el proceso se ir\u00e1 de recusaci\u00f3n en recusaci\u00f3n y esta instituci\u00f3n no se pronunciar\u00eda antes de elecciones. Lo cual implicar\u00e1 que si la senadora es reelegida y si demandan su credencial ser\u00e1 el Consejo de Estado el que dirima el asunto.<\/p>\n<p style=\"text-align: justify;\">Entre lo actuado inicialmente por el magistrado y ante la solicitud del partido Cambio Radical de anular el proceso interpuesto porque dicha colectividad no fue notificada en debida forma, se corrigi\u00f3 el yerro. Sin embargo sobre otras pruebas solicitadas referentes a la forma como el partido Centro Democr\u00e1tico le neg\u00f3 aval para ser candidata al Senado, el magistrado en auto del 7 de febrero, previo a declararse impedido, expres\u00f3 que la demanda tiene como fin analizar si se incurri\u00f3 o no en doble militancia al postularse por un partido distinto de aquel por el cual accedi\u00f3 en la \u00faltima legislatura al Congreso sin que mediara renuncia de 12 meses antes de tal acto.<\/p>\n<p><img loading=\"lazy\" decoding=\"async\" class=\"alignnone wp-image-28368\" src=\"https:\/\/marthacifuentes.com\/portada\/wp-content\/uploads\/2022\/02\/amanda-gonzalez-consejo-nacional-electoral-2.png\" alt=\"\" width=\"632\" height=\"544\" srcset=\"https:\/\/marthacifuentes.com\/portada\/wp-content\/uploads\/2022\/02\/amanda-gonzalez-consejo-nacional-electoral-2.png 706w, https:\/\/marthacifuentes.com\/portada\/wp-content\/uploads\/2022\/02\/amanda-gonzalez-consejo-nacional-electoral-2-300x258.png 300w\" sizes=\"auto, (max-width: 632px) 100vw, 632px\" \/> <img loading=\"lazy\" decoding=\"async\" class=\"alignnone size-large wp-image-28369\" src=\"https:\/\/marthacifuentes.com\/portada\/wp-content\/uploads\/2022\/02\/amanda-gonzalez-consejo-nacional-electoral.png\" alt=\"\" width=\"614\" height=\"603\" srcset=\"https:\/\/marthacifuentes.com\/portada\/wp-content\/uploads\/2022\/02\/amanda-gonzalez-consejo-nacional-electoral.png 614w, https:\/\/marthacifuentes.com\/portada\/wp-content\/uploads\/2022\/02\/amanda-gonzalez-consejo-nacional-electoral-300x295.png 300w\" sizes=\"auto, (max-width: 614px) 100vw, 614px\" \/><\/p>\n<h2><strong>Otras noticias\u2026<\/strong><\/h2>\n<blockquote class=\"wp-embedded-content\" data-secret=\"ydJNzLQWrq\"><p><a href=\"https:\/\/marthacifuentes.com\/portada\/2022\/02\/22\/tiroteo-contra-caravana-de-campana-de-parlamentario-y-candidato-jairo-cristancho-en-casanare\/\">Tiroteo contra caravana de campa\u00f1a de parlamentario y candidato Jairo Cristancho en Casanare<\/a><\/p><\/blockquote>\n<p><iframe loading=\"lazy\" class=\"wp-embedded-content\" sandbox=\"allow-scripts\" security=\"restricted\" style=\"position: absolute; clip: rect(1px, 1px, 1px, 1px);\" title=\"\u00abTiroteo contra caravana de campa\u00f1a de parlamentario y candidato Jairo Cristancho en Casanare\u00bb \u2014 \u25b7 Noticias de Casanare : Martha Cifuentes | Casanare\" src=\"https:\/\/marthacifuentes.com\/portada\/2022\/02\/22\/tiroteo-contra-caravana-de-campana-de-parlamentario-y-candidato-jairo-cristancho-en-casanare\/embed\/#?secret=ous4mQGvPh#?secret=ydJNzLQWrq\" data-secret=\"ydJNzLQWrq\" width=\"500\" height=\"282\" frameborder=\"0\" marginwidth=\"0\" marginheight=\"0\" scrolling=\"no\"><\/iframe><\/p>\n<p><iframe loading=\"lazy\" class=\"wp-embedded-content\" title=\"\u00abCorte Constitucional despenaliz\u00f3 el aborto hasta semana 24. Organizaci\u00f3n Causa Justa motiv\u00f3 decisi\u00f3n.\u00bb \u2014 \u25b7 Noticias de Casanare : Martha Cifuentes | Casanare\" src=\"https:\/\/marthacifuentes.com\/portada\/2022\/02\/21\/corte-constitucional-despenalizo-el-aborto-hasta-semana-24-organizacion-causa-justa-motivo-decision\/embed\/#?secret=26PIqcXiso\" width=\"600\" height=\"599\" frameborder=\"0\" marginwidth=\"0\" marginheight=\"0\" scrolling=\"no\" sandbox=\"allow-scripts\" data-secret=\"26PIqcXiso\" data-mce-fragment=\"1\"><\/iframe><\/p>\n<p><iframe loading=\"lazy\" class=\"wp-embedded-content\" title=\"\u00abTermin\u00f3 conflicto en ejecuci\u00f3n de v\u00eda Paz de Ariporo-Monta\u00f1as del Totumo. Pavimentaci\u00f3n se reinici\u00f3 el fin de semana.\u00bb \u2014 \u25b7 Noticias de Casanare : Martha Cifuentes | Casanare\" src=\"https:\/\/marthacifuentes.com\/portada\/2022\/02\/21\/termino-conflicto-en-ejecucion-de-via-paz-de-ariporo-montanas-del-totumo-pavimentacion-se-reinicio-el-fin-de-semana\/embed\/#?secret=LIofyrOKsB\" width=\"600\" height=\"628\" frameborder=\"0\" marginwidth=\"0\" marginheight=\"0\" scrolling=\"no\" sandbox=\"allow-scripts\" data-secret=\"LIofyrOKsB\" data-mce-fragment=\"1\"><\/iframe><\/p>\n<p><iframe loading=\"lazy\" class=\"wp-embedded-content\" title=\"\u00abPetro, candidato opcionado a ser presidente, seg\u00fan las encuestas, estar\u00e1 en Yopal\u00bb \u2014 \u25b7 Noticias de Casanare : Martha Cifuentes | Casanare\" src=\"https:\/\/marthacifuentes.com\/portada\/2022\/02\/21\/petro-candidato-opcionado-a-ser-presidente-segun-las-encuestas-estara-en-yopal\/embed\/#?secret=mtns1aexA1\" width=\"600\" height=\"620\" frameborder=\"0\" marginwidth=\"0\" marginheight=\"0\" scrolling=\"no\" sandbox=\"allow-scripts\" data-secret=\"mtns1aexA1\" data-mce-fragment=\"1\"><\/iframe><\/p>\n<p><iframe loading=\"lazy\" class=\"wp-embedded-content\" title=\"\u00abAlcald\u00eda de Yopal socializ\u00f3 planos de loteo de 4.727 predios de La Bendici\u00f3n en Yopal\u00bb \u2014 \u25b7 Noticias de Casanare : Martha Cifuentes | Casanare\" src=\"https:\/\/marthacifuentes.com\/portada\/2022\/02\/21\/alcaldia-de-yopal-socializo-planos-de-loteo-de-4-727-predios-de-la-bendicion-en-yopal\/embed\/#?secret=MvKeDxILVZ\" width=\"600\" height=\"620\" frameborder=\"0\" marginwidth=\"0\" marginheight=\"0\" scrolling=\"no\" sandbox=\"allow-scripts\" data-secret=\"MvKeDxILVZ\" data-mce-fragment=\"1\"><\/iframe><\/p>\n<p>&nbsp;<\/p>\n<p><iframe loading=\"lazy\" class=\"wp-embedded-content\" title=\"\u00abJuez orden\u00f3 arresto de 2 d\u00edas a gerente de Nueva EPS en Casanare, por no suministro de medicamentos.\u00bb \u2014 \u25b7 Noticias de Casanare : Martha Cifuentes | Casanare\" src=\"https:\/\/marthacifuentes.com\/portada\/2022\/02\/21\/juez-ordeno-arresto-de-2-dias-a-gerente-de-nueva-eps-en-casanare-por-no-suministro-de-medicamentos\/embed\/#?secret=F3xqSeomxi\" width=\"600\" height=\"620\" frameborder=\"0\" marginwidth=\"0\" marginheight=\"0\" scrolling=\"no\" sandbox=\"allow-scripts\" data-secret=\"F3xqSeomxi\" data-mce-fragment=\"1\"><\/iframe><\/p>\n<p><iframe loading=\"lazy\" class=\"wp-embedded-content\" title=\"\u00abA la c\u00e1rcel ladr\u00f3n y violador de hombres en Casanare y Meta.\u00bb \u2014 \u25b7 Noticias de Casanare : Martha Cifuentes | Casanare\" src=\"https:\/\/marthacifuentes.com\/portada\/2022\/02\/21\/a-la-carcel-ladron-y-violador-de-hombres-en-casanare-y-meta\/embed\/#?secret=0C2Tf2lbNB\" width=\"600\" height=\"606\" frameborder=\"0\" marginwidth=\"0\" marginheight=\"0\" scrolling=\"no\" sandbox=\"allow-scripts\" data-secret=\"0C2Tf2lbNB\" data-mce-fragment=\"1\"><\/iframe><\/p>\n<p><iframe loading=\"lazy\" class=\"wp-embedded-content\" title=\"\u00abJuez confirm\u00f3 3 d\u00edas de arresto a la alcaldesa de Paz de Ariporo Eunice Escobar\u00bb \u2014 \u25b7 Noticias de Casanare : Martha Cifuentes | Casanare\" src=\"https:\/\/marthacifuentes.com\/portada\/2022\/02\/18\/juez-confirmo-3-dias-de-arresto-a-la-alcaldesa-de-paz-de-ariporo-eunice-escobar\/embed\/#?secret=DPJFcG7x8c\" width=\"600\" height=\"620\" frameborder=\"0\" marginwidth=\"0\" marginheight=\"0\" scrolling=\"no\" sandbox=\"allow-scripts\" data-secret=\"DPJFcG7x8c\" data-mce-fragment=\"1\"><\/iframe><\/p>\n<p><iframe loading=\"lazy\" class=\"wp-embedded-content\" title=\"\u00abValla \u201cParemos a Petro\u201d en Yopal, fue rechazada por candidata al senado Sonia Bernal\u00bb \u2014 \u25b7 Noticias de Casanare : Martha Cifuentes | Casanare\" src=\"https:\/\/marthacifuentes.com\/portada\/2022\/02\/17\/valla-paremos-a-petro-en-yopal-fue-rechazada-por-candidata-al-senado-sonia-bernal\/embed\/#?secret=Ra5646GFOA\" width=\"600\" height=\"608\" frameborder=\"0\" marginwidth=\"0\" marginheight=\"0\" scrolling=\"no\" sandbox=\"allow-scripts\" data-secret=\"Ra5646GFOA\" data-mce-fragment=\"1\"><\/iframe><\/p>\n<p><iframe loading=\"lazy\" class=\"wp-embedded-content\" title=\"\u00abAlcaldesa de Paz de Ariporo Eunice Escobar reconoce lentitud en pavimentaci\u00f3n v\u00eda a Monta\u00f1as del Totumo\u00bb \u2014 \u25b7 Noticias de Casanare : Martha Cifuentes | Casanare\" src=\"https:\/\/marthacifuentes.com\/portada\/2022\/02\/16\/alcaldesa-de-paz-de-ariporo-eunice-escobar-reconoce-lentitud-en-pavimentacion-via-a-montanas-del-totumo\/embed\/#?secret=hpsBu7WEUo\" width=\"600\" height=\"620\" frameborder=\"0\" marginwidth=\"0\" marginheight=\"0\" scrolling=\"no\" sandbox=\"allow-scripts\" data-secret=\"hpsBu7WEUo\" data-mce-fragment=\"1\"><\/iframe><\/p>\n<p><iframe loading=\"lazy\" class=\"wp-embedded-content\" title=\"\u00abFalleci\u00f3 Yecid Beltr\u00e1n, abogado, l\u00edder pol\u00edtico y deportivo en Yopal. Su \u00faltima lucha fue contra la Administraci\u00f3n del alcalde de Yopal, Luis Eduardo Castro.\u00bb \u2014 \u25b7 Noticias de Casanare : Martha Cifuentes | Casanare\" src=\"https:\/\/marthacifuentes.com\/portada\/2022\/02\/16\/fallecio-yecid-beltran-abogado-lider-politico-y-deportivo-en-yopal-su-ultima-lucha-fue-contra-la-administracion-del-alcalde-de-yopal-luis-eduardo-castro\/embed\/#?secret=9kipEc4lOb\" width=\"600\" height=\"678\" frameborder=\"0\" marginwidth=\"0\" marginheight=\"0\" scrolling=\"no\" sandbox=\"allow-scripts\" data-secret=\"9kipEc4lOb\" data-mce-fragment=\"1\"><\/iframe><\/p>\n<p><iframe loading=\"lazy\" class=\"wp-embedded-content\" title=\"\u00abExalcaldesa (e) de Yopal, Zoila Rosa \u00c1ngulo enfrenta cargos por echar a gerente de Ceiba.\u00bb \u2014 \u25b7 Noticias de Casanare : Martha Cifuentes | Casanare\" src=\"https:\/\/marthacifuentes.com\/portada\/2022\/02\/16\/exalcaldesa-e-de-yopal-zoila-rosa-angulo-enfrenta-cargos-por-echar-a-gerente-de-ceiba\/embed\/#?secret=qOzTbva39H\" width=\"600\" height=\"620\" frameborder=\"0\" marginwidth=\"0\" marginheight=\"0\" scrolling=\"no\" sandbox=\"allow-scripts\" data-secret=\"qOzTbva39H\" data-mce-fragment=\"1\"><\/iframe><\/p>\n<p><iframe loading=\"lazy\" class=\"wp-embedded-content\" title=\"\u00abAlcaldesa de Paz de Ariporo Eunice Escobar ser\u00eda arrestada por 3 d\u00edas por desacatar fallo de tutela sobre hogar geri\u00e1trico\u00bb \u2014 \u25b7 Noticias de Casanare : Martha Cifuentes | Casanare\" src=\"https:\/\/marthacifuentes.com\/portada\/2022\/02\/15\/alcaldesa-de-paz-de-ariporo-eunice-escobar-seria-arrestada-por-3-dias-por-desacatar-fallo-de-tutela-sobre-hogar-geriatrico\/embed\/#?secret=gJhsTRUypV\" width=\"600\" height=\"628\" frameborder=\"0\" marginwidth=\"0\" marginheight=\"0\" scrolling=\"no\" sandbox=\"allow-scripts\" data-secret=\"gJhsTRUypV\" data-mce-fragment=\"1\"><\/iframe><\/p>\n<p><iframe loading=\"lazy\" class=\"wp-embedded-content\" title=\"\u00abSenadora Amanda Gonz\u00e1lez pide a Uribe dejar el matoneo en su contra, los cuales obedecer\u00edan a no cumplir sus caprichos.\u00bb \u2014 \u25b7 Noticias de Casanare : Martha Cifuentes | Casanare\" src=\"https:\/\/marthacifuentes.com\/portada\/2022\/02\/15\/senadora-amanda-gonzalez-pide-a-uribe-dejar-el-matoneo-en-su-contra-los-cuales-obedecerian-a-no-cumplir-sus-caprichos\/embed\/#?secret=EK6Hhqewzc\" width=\"600\" height=\"649\" frameborder=\"0\" marginwidth=\"0\" marginheight=\"0\" scrolling=\"no\" sandbox=\"allow-scripts\" data-secret=\"EK6Hhqewzc\" data-mce-fragment=\"1\"><\/iframe><\/p>\n<p>&nbsp;<\/p>\n<p><iframe loading=\"lazy\" class=\"wp-embedded-content\" title=\"\u00abUribe pidi\u00f3 investigar ejecuci\u00f3n de contratos \u201cgestionados\u201d por la senadora Amanda Gonz\u00e1lez.\u00bb \u2014 \u25b7 Noticias de Casanare : Martha Cifuentes | Casanare\" src=\"https:\/\/marthacifuentes.com\/portada\/2022\/02\/15\/uribe-pidio-investigar-ejecucion-de-contratos-gestionados-por-la-senadora-amanda-gonzalez\/embed\/#?secret=qKXcqrl1j4\" width=\"600\" height=\"583\" frameborder=\"0\" marginwidth=\"0\" marginheight=\"0\" scrolling=\"no\" sandbox=\"allow-scripts\" data-secret=\"qKXcqrl1j4\" data-mce-fragment=\"1\"><\/iframe><\/p>\n<p><iframe loading=\"lazy\" class=\"wp-embedded-content\" title=\"\u00abLibres 10 presuntos integrantes del Clan del Golfo capturados en Man\u00ed, Casanare porque no hubo un juez para legalizar la captura.\u00bb \u2014 \u25b7 Noticias de Casanare : Martha Cifuentes | Casanare\" src=\"https:\/\/marthacifuentes.com\/portada\/2022\/02\/14\/libres-10-presuntos-integrantes-del-clan-del-golfo-capturados-en-mani-casanare-porque-no-hubo-un-juez-para-legalizar-la-captura\/embed\/#?secret=L9HAUKvjax\" width=\"600\" height=\"616\" frameborder=\"0\" marginwidth=\"0\" marginheight=\"0\" scrolling=\"no\" sandbox=\"allow-scripts\" data-secret=\"L9HAUKvjax\" data-mce-fragment=\"1\"><\/iframe><\/p>\n<p><iframe loading=\"lazy\" class=\"wp-embedded-content\" title=\"\u00abRifirrafe entre contratista de v\u00eda Paz de Ariporo-Monta\u00f1as del Totumo, volqueteros y Arcenio Sandoval\u00bb \u2014 \u25b7 Noticias de Casanare : Martha Cifuentes | Casanare\" src=\"https:\/\/marthacifuentes.com\/portada\/2022\/02\/14\/rifirrafe-entre-contratista-de-via-paz-de-ariporo-montanas-del-totumo-volqueteros-y-arcenio-sandoval\/embed\/#?secret=5Lnpfilego\" width=\"600\" height=\"537\" frameborder=\"0\" marginwidth=\"0\" marginheight=\"0\" scrolling=\"no\" sandbox=\"allow-scripts\" data-secret=\"5Lnpfilego\" data-mce-fragment=\"1\"><\/iframe><\/p>\n<p><iframe loading=\"lazy\" class=\"wp-embedded-content\" title=\"\u00ab\u00c1lvaro Uribe se\u00f1ala a senadora casanare\u00f1a Amanda Gonz\u00e1lez de corrupta en relaci\u00f3n de v\u00eda Paz de Ariporo-Monta\u00f1as del Totumo\u00bb \u2014 \u25b7 Noticias de Casanare : Martha Cifuentes | Casanare\" src=\"https:\/\/marthacifuentes.com\/portada\/2022\/02\/14\/alvaro-uribe-senala-a-senadora-casanarena-amanda-gonzalez-de-corrupta-en-relacion-de-via-paz-de-ariporo-montanas-del-totumo\/embed\/#?secret=HuIy5eYdam\" width=\"600\" height=\"637\" frameborder=\"0\" marginwidth=\"0\" marginheight=\"0\" scrolling=\"no\" sandbox=\"allow-scripts\" data-secret=\"HuIy5eYdam\" data-mce-fragment=\"1\"><\/iframe><\/p>\n<p><iframe loading=\"lazy\" class=\"wp-embedded-content\" title=\"\u00abAlcalde de Yopal Luis Eduardo Castro denunciado por participaci\u00f3n en pol\u00edtica: Partido Nuevo Liberalismo\u00bb \u2014 \u25b7 Noticias de Casanare : Martha Cifuentes | Casanare\" src=\"https:\/\/marthacifuentes.com\/portada\/2022\/02\/11\/alcalde-de-yopal-luis-eduardo-castro-denunciado-por-participacion-en-politica-partido-nuevo-liberalismo\/embed\/#?secret=iCUcTLF1u9\" width=\"600\" height=\"600\" frameborder=\"0\" marginwidth=\"0\" marginheight=\"0\" scrolling=\"no\" sandbox=\"allow-scripts\" data-secret=\"iCUcTLF1u9\" data-mce-fragment=\"1\"><\/iframe><\/p>\n<p><iframe loading=\"lazy\" class=\"wp-embedded-content\" title=\"\u00abCon bloqueos de v\u00edas, comunidad rural de Aguazul exige a Ecopetrol oportunidades laborales. La petrolera rechaza v\u00edas de hecho.\u00bb \u2014 \u25b7 Noticias de Casanare : Martha Cifuentes | Casanare\" src=\"https:\/\/marthacifuentes.com\/portada\/2022\/02\/11\/con-bloqueos-de-vias-comunidad-rural-de-aguazul-exige-a-ecopetrol-oportunidades-laborales-la-petrolera-rechaza-vias-de-hecho\/embed\/#?secret=x3DSOTIIpf\" width=\"600\" height=\"649\" frameborder=\"0\" marginwidth=\"0\" marginheight=\"0\" scrolling=\"no\" sandbox=\"allow-scripts\" data-secret=\"x3DSOTIIpf\" data-mce-fragment=\"1\"><\/iframe><\/p>\n<p><iframe loading=\"lazy\" class=\"wp-embedded-content\" title=\"\u00abCentro de Salud de T\u00e1mara a punto de convertirse en un elefante blanco. Contratista abandon\u00f3 obra pero quiere que le paguen lo ejecutado. Interventor\u00eda en silencio\u00bb \u2014 \u25b7 Noticias de Casanare : Martha Cifuentes | Casanare\" src=\"https:\/\/marthacifuentes.com\/portada\/2022\/02\/10\/centro-de-salud-de-tamara-a-punto-de-convertirse-en-un-elefante-blanco-contratista-abandono-obra-pero-quiere-que-le-paguen-lo-ejecutado-interventoria-en-silencio\/embed\/#?secret=K21N86AwiR\" width=\"600\" height=\"678\" frameborder=\"0\" marginwidth=\"0\" marginheight=\"0\" scrolling=\"no\" sandbox=\"allow-scripts\" data-secret=\"K21N86AwiR\" data-mce-fragment=\"1\"><\/iframe><\/p>\n<p><iframe loading=\"lazy\" class=\"wp-embedded-content\" title=\"\u00abVersiones en contrav\u00eda de la FAC y la campa\u00f1a de Alirio Barrera sobre presencia de aeronaves por donde circulaba avioneta que lo transportaba sobre Arauca.\u00bb \u2014 \u25b7 Noticias de Casanare : Martha Cifuentes | Casanare\" src=\"https:\/\/marthacifuentes.com\/portada\/2022\/02\/09\/versiones-en-contravia-de-la-fac-y-la-campana-de-alirio-barrera-sobre-presencia-de-aeronaves-por-donde-circulaba-avioneta-que-lo-transportaba-sobre-arauca\/embed\/#?secret=xoIQTrpViY\" width=\"600\" height=\"648\" frameborder=\"0\" marginwidth=\"0\" marginheight=\"0\" scrolling=\"no\" sandbox=\"allow-scripts\" data-secret=\"xoIQTrpViY\" data-mce-fragment=\"1\"><\/iframe><\/p>\n<p><iframe loading=\"lazy\" class=\"wp-embedded-content\" title=\"\u00abLas cuentas no cuadran en la Alcald\u00eda de Yopal con el recaudo del Impredial e ICA de 2021. Concejal Leonardo Infante cree que hay un d\u00e9ficit fiscal de 18 mil millones.\u00bb \u2014 \u25b7 Noticias de Casanare : Martha Cifuentes | Casanare\" src=\"https:\/\/marthacifuentes.com\/portada\/2022\/02\/09\/las-cuentas-no-cuadran-en-la-alcaldia-de-yopal-con-el-recaudo-del-impredial-e-ica-de-2021-concejal-leonardo-infante-cree-que-hay-un-deficit-fiscal-de-18-mil-millones\/embed\/#?secret=rcgRSldHkb\" width=\"600\" height=\"678\" frameborder=\"0\" marginwidth=\"0\" marginheight=\"0\" scrolling=\"no\" sandbox=\"allow-scripts\" data-secret=\"rcgRSldHkb\" data-mce-fragment=\"1\"><\/iframe><\/p>\n<p><iframe loading=\"lazy\" class=\"wp-embedded-content\" title=\"\u00ab\u201cHospital local medio funciona, Red salud es una enfermedad y las EPS no funcionan\u201d: Comunidad de Villanueva en mesa de salud departamental de Casanare\u00bb \u2014 \u25b7 Noticias de Casanare : Martha Cifuentes | Casanare\" src=\"https:\/\/marthacifuentes.com\/portada\/2022\/02\/09\/hospital-local-medio-funciona-red-salud-es-una-enfermedad-y-las-eps-no-funcionan-comunidad-de-villanueva-en-mesa-de-salud-departamental-de-casanare\/embed\/#?secret=5LNGsLUHY1\" width=\"600\" height=\"678\" frameborder=\"0\" marginwidth=\"0\" marginheight=\"0\" scrolling=\"no\" sandbox=\"allow-scripts\" data-secret=\"5LNGsLUHY1\" data-mce-fragment=\"1\"><\/iframe><\/p>\n<p><iframe loading=\"lazy\" class=\"wp-embedded-content\" title=\"\u00abAtraco a estaci\u00f3n de servicio en Paz de Ariporo ser\u00eda un autorobo. Autoridades investigan\u00bb \u2014 \u25b7 Noticias de Casanare : Martha Cifuentes | Casanare\" src=\"https:\/\/marthacifuentes.com\/portada\/2022\/02\/09\/atraco-a-estacion-de-servicio-en-paz-de-ariporo-seria-un-autorobo-autoridades-investigan\/embed\/#?secret=fbQ5ubOPRd\" width=\"600\" height=\"570\" frameborder=\"0\" marginwidth=\"0\" marginheight=\"0\" scrolling=\"no\" sandbox=\"allow-scripts\" data-secret=\"fbQ5ubOPRd\" data-mce-fragment=\"1\"><\/iframe><\/p>\n<p><iframe loading=\"lazy\" class=\"wp-embedded-content\" title=\"\u00abAdulta mayor de 70 a\u00f1os teme ser v\u00edctima de feminicidio a manos de su propio hijo en Casanare. Justicia la obliga a que debe vivir con \u00e9l.\u00bb \u2014 \u25b7 Noticias de Casanare : Martha Cifuentes | Casanare\" src=\"https:\/\/marthacifuentes.com\/portada\/2022\/02\/06\/adulta-mayor-de-70-anos-teme-ser-victima-de-feminicidio-a-manos-de-su-propio-hijo-en-casanare-justicia-la-obliga-a-que-debe-vivir-con-el\/embed\/#?secret=vPjh3cl7ng\" width=\"600\" height=\"649\" frameborder=\"0\" marginwidth=\"0\" marginheight=\"0\" scrolling=\"no\" sandbox=\"allow-scripts\" data-secret=\"vPjh3cl7ng\" data-mce-fragment=\"1\"><\/iframe><\/p>\n<p><iframe loading=\"lazy\" class=\"wp-embedded-content\" title=\"\u00abSiniestro vial cobra la vida de un motociclista\u00bb \u2014 \u25b7 Noticias de Casanare : Martha Cifuentes | Casanare\" src=\"https:\/\/marthacifuentes.com\/portada\/2022\/02\/02\/siniestro-vial-cobra-la-vida-de-un-motociclista\/embed\/#?secret=D1AEgZc9By\" width=\"600\" height=\"571\" frameborder=\"0\" marginwidth=\"0\" marginheight=\"0\" scrolling=\"no\" sandbox=\"allow-scripts\" data-secret=\"D1AEgZc9By\" data-mce-fragment=\"1\"><\/iframe><\/p>\n<p><iframe loading=\"lazy\" class=\"wp-embedded-content\" title=\"\u00abHombre hallado muerto en su residencia en Villanueva. Se investiga si fue suicidio u homicidio.\u00bb \u2014 \u25b7 Noticias de Casanare : Martha Cifuentes | Casanare\" src=\"https:\/\/marthacifuentes.com\/portada\/2022\/02\/02\/hombre-hallado-muerto-en-su-residencia-en-villanueva-se-investiga-si-fue-suicidio-u-homicidio\/embed\/#?secret=7KG3mzBF3E\" width=\"600\" height=\"620\" frameborder=\"0\" marginwidth=\"0\" marginheight=\"0\" scrolling=\"no\" sandbox=\"allow-scripts\" data-secret=\"7KG3mzBF3E\" data-mce-fragment=\"1\"><\/iframe><\/p>\n<p><iframe loading=\"lazy\" class=\"wp-embedded-content\" title=\"\u00abMonterrey poco amigable con personas usuarias de sillas de ruedas. No hay rampas ni v\u00edas peatonales.\u00bb \u2014 \u25b7 Noticias de Casanare : Martha Cifuentes | Casanare\" src=\"https:\/\/marthacifuentes.com\/portada\/2022\/02\/02\/monterrey-poco-amigable-con-personas-usuarias-de-sillas-de-ruedas-no-hay-rampas-ni-vias-peatonales\/embed\/#?secret=bmWg2CkXo9\" width=\"600\" height=\"349\" frameborder=\"0\" marginwidth=\"0\" marginheight=\"0\" scrolling=\"no\" sandbox=\"allow-scripts\" data-secret=\"bmWg2CkXo9\" data-mce-fragment=\"1\"><\/iframe><\/p>\n<p><iframe loading=\"lazy\" class=\"wp-embedded-content\" title=\"\u00ab\u201cPuede ser tu hija, tu madre o hermana. No m\u00e1s violencia\u201d. Con velat\u00f3n se rechaz\u00f3 ataque a dos mujeres en Villanueva, Casanare.\u00bb \u2014 \u25b7 Noticias de Casanare : Martha Cifuentes | Casanare\" src=\"https:\/\/marthacifuentes.com\/portada\/2022\/02\/01\/puede-ser-tu-hija-tu-madre-o-hermana-no-mas-violencia-con-velaton-se-rechazo-ataque-a-dos-mujeres-en-villanueva-casanare\/embed\/#?secret=Jkc7TBHKwj\" width=\"600\" height=\"628\" frameborder=\"0\" marginwidth=\"0\" marginheight=\"0\" scrolling=\"no\" sandbox=\"allow-scripts\" data-secret=\"Jkc7TBHKwj\" data-mce-fragment=\"1\"><\/iframe><\/p>\n<p><iframe loading=\"lazy\" class=\"wp-embedded-content\" title=\"\u00abMujeres de Pajarito, Boyac\u00e1, las grandes sacrificadas con cierre de v\u00eda del Cusiana. Hoy pudieron volver a vender las gallinas.\u00bb \u2014 \u25b7 Noticias de Casanare : Martha Cifuentes | Casanare\" src=\"https:\/\/marthacifuentes.com\/portada\/2022\/01\/29\/mujeres-de-pajarito-boyaca-las-grandes-sacrificadas-con-cierre-de-via-del-cusiana-hoy-pudieron-volver-a-vender-las-gallinas\/embed\/#?secret=scc0xY9xdr\" width=\"600\" height=\"649\" frameborder=\"0\" marginwidth=\"0\" marginheight=\"0\" scrolling=\"no\" sandbox=\"allow-scripts\" data-secret=\"scc0xY9xdr\" data-mce-fragment=\"1\"><\/iframe><\/p>\n<p><iframe loading=\"lazy\" class=\"wp-embedded-content\" title=\"\u00abReabierta v\u00eda del Cusiana en La Granja. Obras de remoci\u00f3n y habilitaci\u00f3n de la carretera costaron al menos $17 mil millones.\u00bb \u2014 \u25b7 Noticias de Casanare : Martha Cifuentes | Casanare\" src=\"https:\/\/marthacifuentes.com\/portada\/2022\/01\/29\/reabierta-via-del-cusiana-en-la-granja-obras-de-remocion-y-habilitacion-de-la-carretera-costaron-al-menos-17-mil-millones\/embed\/#?secret=lPmdCBbBP5\" width=\"600\" height=\"628\" frameborder=\"0\" marginwidth=\"0\" marginheight=\"0\" scrolling=\"no\" sandbox=\"allow-scripts\" data-secret=\"lPmdCBbBP5\" data-mce-fragment=\"1\"><\/iframe><\/p>\n<p><iframe loading=\"lazy\" class=\"wp-embedded-content\" title=\"\u00abFrustrada por en\u00e9sima vez elecci\u00f3n del director(a) de Corporinoquia. Todos los consejeros fueron recusados\u00bb \u2014 \u25b7 Noticias de Casanare : Martha Cifuentes | Casanare\" src=\"https:\/\/marthacifuentes.com\/portada\/2022\/01\/28\/frustrada-por-enesima-vez-eleccion-del-directora-de-corporinoquia-todos-los-consejeros-fueron-recusados\/embed\/#?secret=luaUAhSchV\" width=\"600\" height=\"505\" frameborder=\"0\" marginwidth=\"0\" marginheight=\"0\" scrolling=\"no\" sandbox=\"allow-scripts\" data-secret=\"luaUAhSchV\" data-mce-fragment=\"1\"><\/iframe><\/p>\n<p><iframe loading=\"lazy\" class=\"wp-embedded-content\" title=\"\u00abA\u00fan no se confirma muerte de alias \u2018antonio medina\u2019, cabecilla frente 28 disidencias de las Farc. Ej\u00e9rcito trata de verificar informaci\u00f3n sobre su deceso.\u00bb \u2014 \u25b7 Noticias de Casanare : Martha Cifuentes | Casanare\" src=\"https:\/\/marthacifuentes.com\/portada\/2022\/01\/27\/aun-no-se-confirma-muerte-de-alias-antonio-medina-cabecilla-frente-28-disidencias-de-las-farc-ejercito-trata-de-verificar-informacion-sobre-su-deceso\/embed\/#?secret=HUG9FVMgJb\" width=\"600\" height=\"357\" frameborder=\"0\" marginwidth=\"0\" marginheight=\"0\" scrolling=\"no\" sandbox=\"allow-scripts\" data-secret=\"HUG9FVMgJb\" data-mce-fragment=\"1\"><\/iframe><\/p>\n<p><iframe loading=\"lazy\" class=\"wp-embedded-content\" title=\"\u00abPor irregularidades en elecci\u00f3n de personero de Yopal en 2015, Procuradur\u00eda sancion\u00f3 a 3 concejales. Uno de ellos aspira al Congreso.\u00bb \u2014 \u25b7 Noticias de Casanare : Martha Cifuentes | Casanare\" src=\"https:\/\/marthacifuentes.com\/portada\/2022\/01\/20\/por-irregularidades-en-eleccion-de-personero-de-yopal-en-2015-procuraduria-sanciono-a-3-concejales-uno-de-ellos-aspira-al-congreso\/embed\/#?secret=gDlOka0W16\" width=\"600\" height=\"594\" frameborder=\"0\" marginwidth=\"0\" marginheight=\"0\" scrolling=\"no\" sandbox=\"allow-scripts\" data-secret=\"gDlOka0W16\" data-mce-fragment=\"1\"><\/iframe><\/p>\n<p><iframe loading=\"lazy\" class=\"wp-embedded-content\" title=\"\u00abA Casanare lleg\u00f3 la hora de sembrar pl\u00e1tano\u00bb \u2014 \u25b7 Noticias de Casanare : Martha Cifuentes | Casanare\" src=\"https:\/\/marthacifuentes.com\/portada\/2022\/01\/19\/a-casanare-llego-la-hora-de-sembrar-platano\/embed\/#?secret=nursORm1hc\" width=\"600\" height=\"586\" frameborder=\"0\" marginwidth=\"0\" marginheight=\"0\" scrolling=\"no\" sandbox=\"allow-scripts\" data-secret=\"nursORm1hc\" data-mce-fragment=\"1\"><\/iframe><\/p>\n<p><iframe loading=\"lazy\" class=\"wp-embedded-content\" title=\"\u00abTemblor en Aguazul no dej\u00f3 da\u00f1os pero si caus\u00f3 temor. Se sinti\u00f3 en 5 departamentos.\u00bb \u2014 \u25b7 Noticias de Casanare : Martha Cifuentes | Casanare\" src=\"https:\/\/marthacifuentes.com\/portada\/2022\/01\/19\/temblor-en-aguazul-no-dejo-danos-pero-si-causo-temor-se-sintio-en-5-departamentos\/embed\/#?secret=rG1jkiPRdP\" width=\"600\" height=\"620\" frameborder=\"0\" marginwidth=\"0\" marginheight=\"0\" scrolling=\"no\" sandbox=\"allow-scripts\" data-secret=\"rG1jkiPRdP\" data-mce-fragment=\"1\"><\/iframe><\/p>\n<p>&nbsp;<\/p>\n","protected":false},"excerpt":{"rendered":"<p>La inscripci\u00f3n de la senadora Amanda Roc\u00edo Gonz\u00e1lez que fue demandada en la tercera semana de enero ante el Consejo Nacional Electoral por el ciudadano Andr\u00e9s Felipe Trujillo Sanabria por presuntamente incurrir en la prohibici\u00f3n de doble militancia, y que ya estaba lista para audiencia de alegatos de conclusi\u00f3n el pasado 9 de febrero, debi\u00f3 &hellip;<\/p>\n","protected":false},"author":2,"featured_media":28367,"comment_status":"open","ping_status":"open","sticky":false,"template":"","format":"standard","meta":{"om_disable_all_campaigns":false,"_exactmetrics_skip_tracking":false,"_exactmetrics_sitenote_active":false,"_exactmetrics_sitenote_note":"","_exactmetrics_sitenote_category":0,"_monsterinsights_skip_tracking":false,"_monsterinsights_sitenote_active":false,"_monsterinsights_sitenote_note":"","_monsterinsights_sitenote_category":0,"_uf_show_specific_survey":0,"_uf_disable_surveys":false,"_joinchat":[],"footnotes":""},"categories":[147,146,145],"tags":[1284,6794,791,1373,6793,6792,6795,6155],"class_list":["post-28366","post","type-post","status-publish","format-standard","has-post-thumbnail","hentry","category-actualidad","category-noticias","category-reportajes","tag-amanda-rocio-gonzalez","tag-andres-felipe-truijllo-sanabria","tag-cambio-radical","tag-casanare-noticias","tag-consejo-nacional-electoral","tag-senadora-amanda-gonzalez","tag-virgilio-almanza-ocampo","tag-yopal-casanare"],"yoast_head":"<!-- This site is optimized with the Yoast SEO plugin v26.1 - https:\/\/yoast.com\/wordpress\/plugins\/seo\/ -->\n<title>En Consejo Nacional Electoral estancado proceso de inhabilidad contra senadora Amanda Gonz\u00e1lez por doble militancia. - \u25b7 Noticias de Casanare : Martha Cifuentes | Casanare<\/title>\n<meta name=\"robots\" content=\"index, follow, max-snippet:-1, max-image-preview:large, max-video-preview:-1\" \/>\n<link rel=\"canonical\" href=\"https:\/\/marthacifuentes.com\/portada\/en-consejo-nacional-electoral-estancado-proceso-de-inhabilidad-contra-senadora-amanda-gonzalez-por-doble-militancia\/\" \/>\n<meta property=\"og:locale\" content=\"es_ES\" \/>\n<meta property=\"og:type\" content=\"article\" \/>\n<meta property=\"og:title\" content=\"En Consejo Nacional Electoral estancado proceso de inhabilidad contra senadora Amanda Gonz\u00e1lez por doble militancia. - \u25b7 Noticias de Casanare : Martha Cifuentes | Casanare\" \/>\n<meta property=\"og:description\" content=\"La inscripci\u00f3n de la senadora Amanda Roc\u00edo Gonz\u00e1lez que fue demandada en la tercera semana de enero ante el Consejo Nacional Electoral por el ciudadano Andr\u00e9s Felipe Trujillo Sanabria por presuntamente incurrir en la prohibici\u00f3n de doble militancia, y que ya estaba lista para audiencia de alegatos de conclusi\u00f3n el pasado 9 de febrero, debi\u00f3 &hellip;\" \/>\n<meta property=\"og:url\" content=\"https:\/\/marthacifuentes.com\/portada\/en-consejo-nacional-electoral-estancado-proceso-de-inhabilidad-contra-senadora-amanda-gonzalez-por-doble-militancia\/\" \/>\n<meta property=\"og:site_name\" content=\"\u25b7 Noticias de Casanare : Martha Cifuentes | Casanare\" \/>\n<meta property=\"article:published_time\" content=\"2022-02-22T16:53:26+00:00\" \/>\n<meta property=\"article:modified_time\" content=\"2022-02-22T17:17:50+00:00\" \/>\n<meta property=\"og:image\" content=\"https:\/\/marthacifuentes.com\/portada\/wp-content\/uploads\/2022\/02\/AMANDA-ROCIO-GONZALEZ.jpg\" \/>\n\t<meta property=\"og:image:width\" content=\"960\" \/>\n\t<meta property=\"og:image:height\" content=\"642\" \/>\n\t<meta property=\"og:image:type\" content=\"image\/jpeg\" \/>\n<meta name=\"author\" content=\"Martha Cifuentes\" \/>\n<meta name=\"twitter:card\" content=\"summary_large_image\" \/>\n<meta name=\"twitter:label1\" content=\"Escrito por\" \/>\n\t<meta name=\"twitter:data1\" content=\"Martha Cifuentes\" \/>\n\t<meta name=\"twitter:label2\" content=\"Tiempo de lectura\" \/>\n\t<meta name=\"twitter:data2\" content=\"2 minutos\" \/>\n<script type=\"application\/ld+json\" class=\"yoast-schema-graph\">{\"@context\":\"https:\/\/schema.org\",\"@graph\":[{\"@type\":\"WebPage\",\"@id\":\"https:\/\/marthacifuentes.com\/portada\/en-consejo-nacional-electoral-estancado-proceso-de-inhabilidad-contra-senadora-amanda-gonzalez-por-doble-militancia\/\",\"url\":\"https:\/\/marthacifuentes.com\/portada\/en-consejo-nacional-electoral-estancado-proceso-de-inhabilidad-contra-senadora-amanda-gonzalez-por-doble-militancia\/\",\"name\":\"En Consejo Nacional Electoral estancado proceso de inhabilidad contra senadora Amanda Gonz\u00e1lez por doble militancia. - \u25b7 Noticias de Casanare : Martha Cifuentes | Casanare\",\"isPartOf\":{\"@id\":\"https:\/\/marthacifuentes.com\/portada\/#website\"},\"primaryImageOfPage\":{\"@id\":\"https:\/\/marthacifuentes.com\/portada\/en-consejo-nacional-electoral-estancado-proceso-de-inhabilidad-contra-senadora-amanda-gonzalez-por-doble-militancia\/#primaryimage\"},\"image\":{\"@id\":\"https:\/\/marthacifuentes.com\/portada\/en-consejo-nacional-electoral-estancado-proceso-de-inhabilidad-contra-senadora-amanda-gonzalez-por-doble-militancia\/#primaryimage\"},\"thumbnailUrl\":\"https:\/\/marthacifuentes.com\/portada\/wp-content\/uploads\/2022\/02\/AMANDA-ROCIO-GONZALEZ.jpg\",\"datePublished\":\"2022-02-22T16:53:26+00:00\",\"dateModified\":\"2022-02-22T17:17:50+00:00\",\"author\":{\"@id\":\"https:\/\/marthacifuentes.com\/portada\/#\/schema\/person\/57f53174b991db5f90ff78d58502b714\"},\"breadcrumb\":{\"@id\":\"https:\/\/marthacifuentes.com\/portada\/en-consejo-nacional-electoral-estancado-proceso-de-inhabilidad-contra-senadora-amanda-gonzalez-por-doble-militancia\/#breadcrumb\"},\"inLanguage\":\"es\",\"potentialAction\":[{\"@type\":\"ReadAction\",\"target\":[\"https:\/\/marthacifuentes.com\/portada\/en-consejo-nacional-electoral-estancado-proceso-de-inhabilidad-contra-senadora-amanda-gonzalez-por-doble-militancia\/\"]}]},{\"@type\":\"ImageObject\",\"inLanguage\":\"es\",\"@id\":\"https:\/\/marthacifuentes.com\/portada\/en-consejo-nacional-electoral-estancado-proceso-de-inhabilidad-contra-senadora-amanda-gonzalez-por-doble-militancia\/#primaryimage\",\"url\":\"https:\/\/marthacifuentes.com\/portada\/wp-content\/uploads\/2022\/02\/AMANDA-ROCIO-GONZALEZ.jpg\",\"contentUrl\":\"https:\/\/marthacifuentes.com\/portada\/wp-content\/uploads\/2022\/02\/AMANDA-ROCIO-GONZALEZ.jpg\",\"width\":960,\"height\":642},{\"@type\":\"BreadcrumbList\",\"@id\":\"https:\/\/marthacifuentes.com\/portada\/en-consejo-nacional-electoral-estancado-proceso-de-inhabilidad-contra-senadora-amanda-gonzalez-por-doble-militancia\/#breadcrumb\",\"itemListElement\":[{\"@type\":\"ListItem\",\"position\":1,\"name\":\"Portada\",\"item\":\"https:\/\/marthacifuentes.com\/portada\/\"},{\"@type\":\"ListItem\",\"position\":2,\"name\":\"En Consejo Nacional Electoral estancado proceso de inhabilidad contra senadora Amanda Gonz\u00e1lez por doble militancia.\"}]},{\"@type\":\"WebSite\",\"@id\":\"https:\/\/marthacifuentes.com\/portada\/#website\",\"url\":\"https:\/\/marthacifuentes.com\/portada\/\",\"name\":\"\u25b7 Noticias de Casanare : Martha Cifuentes | Casanare\",\"description\":\"Noticias &amp; Contenidos\",\"potentialAction\":[{\"@type\":\"SearchAction\",\"target\":{\"@type\":\"EntryPoint\",\"urlTemplate\":\"https:\/\/marthacifuentes.com\/portada\/?s={search_term_string}\"},\"query-input\":{\"@type\":\"PropertyValueSpecification\",\"valueRequired\":true,\"valueName\":\"search_term_string\"}}],\"inLanguage\":\"es\"},{\"@type\":\"Person\",\"@id\":\"https:\/\/marthacifuentes.com\/portada\/#\/schema\/person\/57f53174b991db5f90ff78d58502b714\",\"name\":\"Martha Cifuentes\",\"image\":{\"@type\":\"ImageObject\",\"inLanguage\":\"es\",\"@id\":\"https:\/\/marthacifuentes.com\/portada\/#\/schema\/person\/image\/\",\"url\":\"http:\/\/marthacifuentes.com\/portada\/wp-content\/uploads\/2018\/06\/avatar_user_2_1528838701-96x96.jpg\",\"contentUrl\":\"http:\/\/marthacifuentes.com\/portada\/wp-content\/uploads\/2018\/06\/avatar_user_2_1528838701-96x96.jpg\",\"caption\":\"Martha Cifuentes\"},\"sameAs\":[\"http:\/\/www.marthacifuentes.com\"],\"url\":\"https:\/\/marthacifuentes.com\/portada\/author\/martha\/\"}]}<\/script>\n<!-- \/ Yoast SEO plugin. -->","yoast_head_json":{"title":"En Consejo Nacional Electoral estancado proceso de inhabilidad contra senadora Amanda Gonz\u00e1lez por doble militancia. - \u25b7 Noticias de Casanare : Martha Cifuentes | Casanare","robots":{"index":"index","follow":"follow","max-snippet":"max-snippet:-1","max-image-preview":"max-image-preview:large","max-video-preview":"max-video-preview:-1"},"canonical":"https:\/\/marthacifuentes.com\/portada\/en-consejo-nacional-electoral-estancado-proceso-de-inhabilidad-contra-senadora-amanda-gonzalez-por-doble-militancia\/","og_locale":"es_ES","og_type":"article","og_title":"En Consejo Nacional Electoral estancado proceso de inhabilidad contra senadora Amanda Gonz\u00e1lez por doble militancia. - \u25b7 Noticias de Casanare : Martha Cifuentes | Casanare","og_description":"La inscripci\u00f3n de la senadora Amanda Roc\u00edo Gonz\u00e1lez que fue demandada en la tercera semana de enero ante el Consejo Nacional Electoral por el ciudadano Andr\u00e9s Felipe Trujillo Sanabria por presuntamente incurrir en la prohibici\u00f3n de doble militancia, y que ya estaba lista para audiencia de alegatos de conclusi\u00f3n el pasado 9 de febrero, debi\u00f3 &hellip;","og_url":"https:\/\/marthacifuentes.com\/portada\/en-consejo-nacional-electoral-estancado-proceso-de-inhabilidad-contra-senadora-amanda-gonzalez-por-doble-militancia\/","og_site_name":"\u25b7 Noticias de Casanare : Martha Cifuentes | Casanare","article_published_time":"2022-02-22T16:53:26+00:00","article_modified_time":"2022-02-22T17:17:50+00:00","og_image":[{"width":960,"height":642,"url":"https:\/\/marthacifuentes.com\/portada\/wp-content\/uploads\/2022\/02\/AMANDA-ROCIO-GONZALEZ.jpg","type":"image\/jpeg"}],"author":"Martha Cifuentes","twitter_card":"summary_large_image","twitter_misc":{"Escrito por":"Martha Cifuentes","Tiempo de lectura":"2 minutos"},"schema":{"@context":"https:\/\/schema.org","@graph":[{"@type":"WebPage","@id":"https:\/\/marthacifuentes.com\/portada\/en-consejo-nacional-electoral-estancado-proceso-de-inhabilidad-contra-senadora-amanda-gonzalez-por-doble-militancia\/","url":"https:\/\/marthacifuentes.com\/portada\/en-consejo-nacional-electoral-estancado-proceso-de-inhabilidad-contra-senadora-amanda-gonzalez-por-doble-militancia\/","name":"En Consejo Nacional Electoral estancado proceso de inhabilidad contra senadora Amanda Gonz\u00e1lez por doble militancia. - \u25b7 Noticias de Casanare : Martha Cifuentes | Casanare","isPartOf":{"@id":"https:\/\/marthacifuentes.com\/portada\/#website"},"primaryImageOfPage":{"@id":"https:\/\/marthacifuentes.com\/portada\/en-consejo-nacional-electoral-estancado-proceso-de-inhabilidad-contra-senadora-amanda-gonzalez-por-doble-militancia\/#primaryimage"},"image":{"@id":"https:\/\/marthacifuentes.com\/portada\/en-consejo-nacional-electoral-estancado-proceso-de-inhabilidad-contra-senadora-amanda-gonzalez-por-doble-militancia\/#primaryimage"},"thumbnailUrl":"https:\/\/marthacifuentes.com\/portada\/wp-content\/uploads\/2022\/02\/AMANDA-ROCIO-GONZALEZ.jpg","datePublished":"2022-02-22T16:53:26+00:00","dateModified":"2022-02-22T17:17:50+00:00","author":{"@id":"https:\/\/marthacifuentes.com\/portada\/#\/schema\/person\/57f53174b991db5f90ff78d58502b714"},"breadcrumb":{"@id":"https:\/\/marthacifuentes.com\/portada\/en-consejo-nacional-electoral-estancado-proceso-de-inhabilidad-contra-senadora-amanda-gonzalez-por-doble-militancia\/#breadcrumb"},"inLanguage":"es","potentialAction":[{"@type":"ReadAction","target":["https:\/\/marthacifuentes.com\/portada\/en-consejo-nacional-electoral-estancado-proceso-de-inhabilidad-contra-senadora-amanda-gonzalez-por-doble-militancia\/"]}]},{"@type":"ImageObject","inLanguage":"es","@id":"https:\/\/marthacifuentes.com\/portada\/en-consejo-nacional-electoral-estancado-proceso-de-inhabilidad-contra-senadora-amanda-gonzalez-por-doble-militancia\/#primaryimage","url":"https:\/\/marthacifuentes.com\/portada\/wp-content\/uploads\/2022\/02\/AMANDA-ROCIO-GONZALEZ.jpg","contentUrl":"https:\/\/marthacifuentes.com\/portada\/wp-content\/uploads\/2022\/02\/AMANDA-ROCIO-GONZALEZ.jpg","width":960,"height":642},{"@type":"BreadcrumbList","@id":"https:\/\/marthacifuentes.com\/portada\/en-consejo-nacional-electoral-estancado-proceso-de-inhabilidad-contra-senadora-amanda-gonzalez-por-doble-militancia\/#breadcrumb","itemListElement":[{"@type":"ListItem","position":1,"name":"Portada","item":"https:\/\/marthacifuentes.com\/portada\/"},{"@type":"ListItem","position":2,"name":"En Consejo Nacional Electoral estancado proceso de inhabilidad contra senadora Amanda Gonz\u00e1lez por doble militancia."}]},{"@type":"WebSite","@id":"https:\/\/marthacifuentes.com\/portada\/#website","url":"https:\/\/marthacifuentes.com\/portada\/","name":"\u25b7 Noticias de Casanare : Martha Cifuentes | Casanare","description":"Noticias &amp; Contenidos","potentialAction":[{"@type":"SearchAction","target":{"@type":"EntryPoint","urlTemplate":"https:\/\/marthacifuentes.com\/portada\/?s={search_term_string}"},"query-input":{"@type":"PropertyValueSpecification","valueRequired":true,"valueName":"search_term_string"}}],"inLanguage":"es"},{"@type":"Person","@id":"https:\/\/marthacifuentes.com\/portada\/#\/schema\/person\/57f53174b991db5f90ff78d58502b714","name":"Martha Cifuentes","image":{"@type":"ImageObject","inLanguage":"es","@id":"https:\/\/marthacifuentes.com\/portada\/#\/schema\/person\/image\/","url":"http:\/\/marthacifuentes.com\/portada\/wp-content\/uploads\/2018\/06\/avatar_user_2_1528838701-96x96.jpg","contentUrl":"http:\/\/marthacifuentes.com\/portada\/wp-content\/uploads\/2018\/06\/avatar_user_2_1528838701-96x96.jpg","caption":"Martha Cifuentes"},"sameAs":["http:\/\/www.marthacifuentes.com"],"url":"https:\/\/marthacifuentes.com\/portada\/author\/martha\/"}]}},"_links":{"self":[{"href":"https:\/\/marthacifuentes.com\/portada\/wp-json\/wp\/v2\/posts\/28366","targetHints":{"allow":["GET"]}}],"collection":[{"href":"https:\/\/marthacifuentes.com\/portada\/wp-json\/wp\/v2\/posts"}],"about":[{"href":"https:\/\/marthacifuentes.com\/portada\/wp-json\/wp\/v2\/types\/post"}],"author":[{"embeddable":true,"href":"https:\/\/marthacifuentes.com\/portada\/wp-json\/wp\/v2\/users\/2"}],"replies":[{"embeddable":true,"href":"https:\/\/marthacifuentes.com\/portada\/wp-json\/wp\/v2\/comments?post=28366"}],"version-history":[{"count":2,"href":"https:\/\/marthacifuentes.com\/portada\/wp-json\/wp\/v2\/posts\/28366\/revisions"}],"predecessor-version":[{"id":28372,"href":"https:\/\/marthacifuentes.com\/portada\/wp-json\/wp\/v2\/posts\/28366\/revisions\/28372"}],"wp:featuredmedia":[{"embeddable":true,"href":"https:\/\/marthacifuentes.com\/portada\/wp-json\/wp\/v2\/media\/28367"}],"wp:attachment":[{"href":"https:\/\/marthacifuentes.com\/portada\/wp-json\/wp\/v2\/media?parent=28366"}],"wp:term":[{"taxonomy":"category","embeddable":true,"href":"https:\/\/marthacifuentes.com\/portada\/wp-json\/wp\/v2\/categories?post=28366"},{"taxonomy":"post_tag","embeddable":true,"href":"https:\/\/marthacifuentes.com\/portada\/wp-json\/wp\/v2\/tags?post=28366"}],"curies":[{"name":"wp","href":"https:\/\/api.w.org\/{rel}","templated":true}]}}