{"id":28473,"date":"2022-03-01T10:39:57","date_gmt":"2022-03-01T15:39:57","guid":{"rendered":"https:\/\/marthacifuentes.com\/portada\/?p=28473"},"modified":"2022-03-01T10:39:57","modified_gmt":"2022-03-01T15:39:57","slug":"exvicecontralor-de-casanare-en-lios-por-presentar-documentacion-falsa-para-acceder-al-cargo","status":"publish","type":"post","link":"https:\/\/marthacifuentes.com\/portada\/exvicecontralor-de-casanare-en-lios-por-presentar-documentacion-falsa-para-acceder-al-cargo\/","title":{"rendered":"Exvicecontralor de Casanare en l\u00edos por presentar documentaci\u00f3n falsa para acceder al cargo"},"content":{"rendered":"<p>La Procuradur\u00eda General de la Naci\u00f3n formul\u00f3 cargos contra el exvicecontralor de Casanare, Flady Alexander Sierra Acosta, por posibles irregularidades en el cumplimiento de requisitos para posesionarse, que le habr\u00edan permitido permanecer en el cargo entre 2012 y 2016.<\/p>\n<p>El \u00f3rgano de control investiga al entonces funcionario por, presuntamente, presentar documentaci\u00f3n fraudulenta para demostrar su condici\u00f3n acad\u00e9mica de profesional y posgraduado, y de esta manera mantener su vinculaci\u00f3n como vicecontralor departamental.<\/p>\n<p>Sierra Acosta habr\u00eda solicitado a la Direcci\u00f3n Administrativa la carpeta con sus documentos laborales y, al parecer, no la devolvi\u00f3 para evitar que terceros pudieran enterarse de que carec\u00eda de la formaci\u00f3n superior que le era exigible, por cuanto se presume que solo hasta mayo de 2017 se gradu\u00f3 como profesional.<\/p>\n<p>Con esta posible conducta, el implicado pudo impedir la eventual aplicaci\u00f3n del art\u00edculo 5.o\u00a0de la Ley 190 de 1995 que establece que\u00a0<em>\u201cen caso de haberse producido un nombramiento, posesi\u00f3n (\u2026) con la administraci\u00f3n sin el cumplimiento de los requisitos para el ejercicio del cargo (\u2026) se proceder\u00e1 a solicitar su revocaci\u00f3n o terminaci\u00f3n, seg\u00fan el caso, inmediatamente se advierta la infracci\u00f3n\u201d.\u00a0<\/em><\/p>\n<p>Provisionalmente, la Procuradur\u00eda\u00a0Regional de Casanare\u00a0calific\u00f3 la falta del exfuncionario\u00a0como grav\u00edsima cometida a t\u00edtulo de dolo.<\/p>\n<p>Terminada la etapa de instrucci\u00f3n, el expediente se remitir\u00e1 por competencia a la Procuradur\u00eda Delegada para el Juzgamiento Disciplinario (reparto), ante la cual los sujetos procesales podr\u00e1n presentar descargos, versi\u00f3n libre, y aportar y\/o solicitar pruebas y sus alegatos, si lo estiman pertinente.<\/p>\n<h4><strong>Otras noticias\u2026<\/strong><\/h4>\n<blockquote class=\"wp-embedded-content\" data-secret=\"kPXFnwufbh\"><p><a href=\"https:\/\/marthacifuentes.com\/portada\/2022\/03\/01\/abiertas-inscripciones-de-formacion-cultural-en-el-instituto-de-cultura-y-turismo-de-yopal\/\">Abiertas inscripciones de formaci\u00f3n cultural en el Instituto de Cultura y Turismo de Yopal.<\/a><\/p><\/blockquote>\n<p><iframe loading=\"lazy\" class=\"wp-embedded-content\" sandbox=\"allow-scripts\" security=\"restricted\" style=\"position: absolute; clip: rect(1px, 1px, 1px, 1px);\" title=\"\u00abAbiertas inscripciones de formaci\u00f3n cultural en el Instituto de Cultura y Turismo de Yopal.\u00bb \u2014 \u25b7 Noticias de Casanare : Martha Cifuentes | Casanare\" src=\"https:\/\/marthacifuentes.com\/portada\/2022\/03\/01\/abiertas-inscripciones-de-formacion-cultural-en-el-instituto-de-cultura-y-turismo-de-yopal\/embed\/#?secret=aku6naxDPx#?secret=kPXFnwufbh\" data-secret=\"kPXFnwufbh\" width=\"500\" height=\"282\" frameborder=\"0\" marginwidth=\"0\" marginheight=\"0\" scrolling=\"no\"><\/iframe><\/p>\n<p><iframe loading=\"lazy\" class=\"wp-embedded-content\" title=\"\u00abEn Fiscal\u00eda denunciadas 11 urbanizaciones piratas en Tacarimena y Tilodir\u00e1n en Yopal\u00bb \u2014 \u25b7 Noticias de Casanare : Martha Cifuentes | Casanare\" src=\"https:\/\/marthacifuentes.com\/portada\/2022\/03\/01\/en-fiscalia-denunciadas-11-urbanizaciones-piratas-en-tacarimena-y-tilodiran-en-yopal\/embed\/#?secret=qsVcWIRMO4\" width=\"600\" height=\"621\" frameborder=\"0\" marginwidth=\"0\" marginheight=\"0\" scrolling=\"no\" sandbox=\"allow-scripts\" data-secret=\"qsVcWIRMO4\" data-mce-fragment=\"1\"><\/iframe><\/p>\n<p><iframe loading=\"lazy\" class=\"wp-embedded-content\" title=\"\u00abHomicida de Mayeline Hern\u00e1nez en Hato Corozal a la c\u00e1rcel, preventivamente\u00bb \u2014 \u25b7 Noticias de Casanare : Martha Cifuentes | Casanare\" src=\"https:\/\/marthacifuentes.com\/portada\/2022\/02\/28\/homicida-de-mayeline-hernanez-en-hato-corozal-a-la-carcel-preventivamente\/embed\/#?secret=4eBAnrQcG2\" width=\"600\" height=\"621\" frameborder=\"0\" marginwidth=\"0\" marginheight=\"0\" scrolling=\"no\" sandbox=\"allow-scripts\" data-secret=\"4eBAnrQcG2\" data-mce-fragment=\"1\"><\/iframe><\/p>\n<p><iframe loading=\"lazy\" class=\"wp-embedded-content\" title=\"\u00abAprobado en primer debate proyecto de acuerdo que privatizar\u00e1 servicio de alumbrado p\u00fablico en Paz de Ariporo\u00bb \u2014 \u25b7 Noticias de Casanare : Martha Cifuentes | Casanare\" src=\"https:\/\/marthacifuentes.com\/portada\/2022\/02\/28\/aprobado-en-primer-debate-proyecto-de-acuerdo-que-privatizara-servicio-de-alumbrado-publico-en-paz-de-ariporo\/embed\/#?secret=SbfAEdHF0s\" width=\"600\" height=\"649\" frameborder=\"0\" marginwidth=\"0\" marginheight=\"0\" scrolling=\"no\" sandbox=\"allow-scripts\" data-secret=\"SbfAEdHF0s\" data-mce-fragment=\"1\"><\/iframe><\/p>\n<p><iframe loading=\"lazy\" class=\"wp-embedded-content\" title=\"\u00abJuzgado no admiti\u00f3 acci\u00f3n popular contra creaci\u00f3n de empresa de alumbrado p\u00fablico en Paz de Ariporo.\u00bb \u2014 \u25b7 Noticias de Casanare : Martha Cifuentes | Casanare\" src=\"https:\/\/marthacifuentes.com\/portada\/2022\/02\/28\/juzgado-no-admitio-accion-popular-contra-creacion-de-empresa-de-alumbrado-publico-en-paz-de-ariporo\/embed\/#?secret=WwEg9Xxrkz\" width=\"600\" height=\"621\" frameborder=\"0\" marginwidth=\"0\" marginheight=\"0\" scrolling=\"no\" sandbox=\"allow-scripts\" data-secret=\"WwEg9Xxrkz\" data-mce-fragment=\"1\"><\/iframe><\/p>\n<p><iframe loading=\"lazy\" class=\"wp-embedded-content\" title=\"\u00abOtro sicariato en Villanueva, Casanare\u00bb \u2014 \u25b7 Noticias de Casanare : Martha Cifuentes | Casanare\" src=\"https:\/\/marthacifuentes.com\/portada\/2022\/02\/28\/otro-sicariato-en-villanueva-casanare\/embed\/#?secret=GBJpSLhLYz\" width=\"600\" height=\"592\" frameborder=\"0\" marginwidth=\"0\" marginheight=\"0\" scrolling=\"no\" sandbox=\"allow-scripts\" data-secret=\"GBJpSLhLYz\" data-mce-fragment=\"1\"><\/iframe><\/p>\n<p><iframe loading=\"lazy\" class=\"wp-embedded-content\" title=\"\u00abMueren 2 mujeres en accidente en v\u00eda Villanueva-Monterrey\u00bb \u2014 \u25b7 Noticias de Casanare : Martha Cifuentes | Casanare\" src=\"https:\/\/marthacifuentes.com\/portada\/2022\/02\/28\/mueren-2-mujeres-en-accidente-en-via-villanueva-monterrey\/embed\/#?secret=bUfapFoC0W\" width=\"600\" height=\"599\" frameborder=\"0\" marginwidth=\"0\" marginheight=\"0\" scrolling=\"no\" sandbox=\"allow-scripts\" data-secret=\"bUfapFoC0W\" data-mce-fragment=\"1\"><\/iframe><\/p>\n<p><iframe loading=\"lazy\" class=\"wp-embedded-content\" title=\"\u00abPlant\u00f3n contra el aborto realizaron iglesias cat\u00f3licas y evang\u00e9licas en Yopal.\u00bb \u2014 \u25b7 Noticias de Casanare : Martha Cifuentes | Casanare\" src=\"https:\/\/marthacifuentes.com\/portada\/2022\/02\/28\/planton-contra-el-aborto-realizaron-iglesias-catolicas-y-evangelicas-en-yopal\/embed\/#?secret=5kQI10W8Uy\" width=\"600\" height=\"547\" frameborder=\"0\" marginwidth=\"0\" marginheight=\"0\" scrolling=\"no\" sandbox=\"allow-scripts\" data-secret=\"5kQI10W8Uy\" data-mce-fragment=\"1\"><\/iframe><\/p>\n<p>&nbsp;<\/p>\n<p><iframe loading=\"lazy\" class=\"wp-embedded-content\" title=\"\u00abGustavo Petro argument\u00f3 que temas de seguridad ajenos a Casanare impidieron su presencia en Yopal.\u00bb \u2014 \u25b7 Noticias de Casanare : Martha Cifuentes | Casanare\" src=\"https:\/\/marthacifuentes.com\/portada\/2022\/02\/28\/gustavo-petro-argumento-que-temas-de-seguridad-ajenos-a-casanare-impidieron-su-presencia-en-yopal\/embed\/#?secret=OiCiFhOFkQ\" width=\"600\" height=\"621\" frameborder=\"0\" marginwidth=\"0\" marginheight=\"0\" scrolling=\"no\" sandbox=\"allow-scripts\" data-secret=\"OiCiFhOFkQ\" data-mce-fragment=\"1\"><\/iframe><\/p>\n<p><iframe loading=\"lazy\" class=\"wp-embedded-content\" title=\"\u00abSicariado alias \u2018Catalino\u2019 presunto paramilitar del Clan del Golfo en Casanare\u00bb \u2014 \u25b7 Noticias de Casanare : Martha Cifuentes | Casanare\" src=\"https:\/\/marthacifuentes.com\/portada\/2022\/02\/28\/sicariado-alias-catalino-presunto-paramilitar-del-clan-del-golfo-en-casanare\/embed\/#?secret=F7kqv6kKrL\" width=\"600\" height=\"594\" frameborder=\"0\" marginwidth=\"0\" marginheight=\"0\" scrolling=\"no\" sandbox=\"allow-scripts\" data-secret=\"F7kqv6kKrL\" data-mce-fragment=\"1\"><\/iframe><\/p>\n<p><iframe loading=\"lazy\" class=\"wp-embedded-content\" title=\"\u00abCasanare ya tiene Centro de Transformaci\u00f3n Digital Empresarial en C\u00e1mara de Comercio\u00bb \u2014 \u25b7 Noticias de Casanare : Martha Cifuentes | Casanare\" src=\"https:\/\/marthacifuentes.com\/portada\/2022\/02\/25\/casanare-ya-tiene-centro-de-transformacion-digital-empresarial-en-camara-de-comercio\/embed\/#?secret=px6vKWIbsq\" width=\"600\" height=\"540\" frameborder=\"0\" marginwidth=\"0\" marginheight=\"0\" scrolling=\"no\" sandbox=\"allow-scripts\" data-secret=\"px6vKWIbsq\" data-mce-fragment=\"1\"><\/iframe><\/p>\n<p><iframe loading=\"lazy\" class=\"wp-embedded-content\" title=\"\u00abTras a\u00f1os de retraso y sin concluir la remodelaci\u00f3n de v\u00eda Villavicencio-Yopal, gobierno nacional inaugura trayecto de 150 km. Faltan 116 para culminar.\u00bb \u2014 \u25b7 Noticias de Casanare : Martha Cifuentes | Casanare\" src=\"https:\/\/marthacifuentes.com\/portada\/2022\/02\/25\/tras-anos-de-retraso-y-sin-concluir-la-remodelacion-de-via-villavicencio-yopal-gobierno-nacional-inaugura-trayecto-de-150-km-faltan-116-para-culminar\/embed\/#?secret=jcV6sw1P5e\" width=\"600\" height=\"628\" frameborder=\"0\" marginwidth=\"0\" marginheight=\"0\" scrolling=\"no\" sandbox=\"allow-scripts\" data-secret=\"jcV6sw1P5e\" data-mce-fragment=\"1\"><\/iframe><\/p>\n<p><iframe loading=\"lazy\" class=\"wp-embedded-content\" title=\"\u00abAlcaldesa de Aguazul Johana Moreno habr\u00eda defraudado al Estado al recibir subsidios de vivienda sin cumplir requisitos.\u00bb \u2014 \u25b7 Noticias de Casanare : Martha Cifuentes | Casanare\" src=\"https:\/\/marthacifuentes.com\/portada\/2022\/02\/25\/alcaldesa-de-aguazul-johana-moreno-habria-defraudado-al-estado-al-recibir-subsidios-de-vivienda-sin-cumplir-requisitos\/embed\/#?secret=DYVhcyBpkw\" width=\"600\" height=\"649\" frameborder=\"0\" marginwidth=\"0\" marginheight=\"0\" scrolling=\"no\" sandbox=\"allow-scripts\" data-secret=\"DYVhcyBpkw\" data-mce-fragment=\"1\"><\/iframe><\/p>\n<p><iframe loading=\"lazy\" class=\"wp-embedded-content\" title=\"\u00abHombre que habr\u00eda asesinado a mujer a cuchillo en Hato Corozal iba tras su hija de 14 a\u00f1os\u00bb \u2014 \u25b7 Noticias de Casanare : Martha Cifuentes | Casanare\" src=\"https:\/\/marthacifuentes.com\/portada\/2022\/02\/25\/hombre-que-habria-asesinado-a-mujer-a-cuchillo-en-hato-corozal-iba-tras-su-hija-de-14-anos\/embed\/#?secret=YTJDtcoXJh\" width=\"600\" height=\"621\" frameborder=\"0\" marginwidth=\"0\" marginheight=\"0\" scrolling=\"no\" sandbox=\"allow-scripts\" data-secret=\"YTJDtcoXJh\" data-mce-fragment=\"1\"><\/iframe><\/p>\n<p><iframe loading=\"lazy\" class=\"wp-embedded-content\" title=\"\u00abRifirrafe entre Partido Liberal y mesa directiva de Concejo de Aguazul ante negativa de esta de aplicar sanci\u00f3n a concejal Jos\u00e9 Ricardo Mart\u00ednez.\u00bb \u2014 \u25b7 Noticias de Casanare : Martha Cifuentes | Casanare\" src=\"https:\/\/marthacifuentes.com\/portada\/2022\/02\/24\/rifirrafe-entre-partido-liberal-y-mesa-directiva-de-concejo-de-aguazul-ante-negativa-de-esta-de-aplicar-sancion-a-concejal-jose-ricardo-martinez\/embed\/#?secret=ZuP1WzDhoc\" width=\"600\" height=\"595\" frameborder=\"0\" marginwidth=\"0\" marginheight=\"0\" scrolling=\"no\" sandbox=\"allow-scripts\" data-secret=\"ZuP1WzDhoc\" data-mce-fragment=\"1\"><\/iframe><\/p>\n<p><iframe loading=\"lazy\" class=\"wp-embedded-content\" title=\"\u00abYopal se libera del uso del tapabocas en espacios al aire libre. En sitios cerrados se debe usar.\u00bb \u2014 \u25b7 Noticias de Casanare : Martha Cifuentes | Casanare\" src=\"https:\/\/marthacifuentes.com\/portada\/2022\/02\/24\/yopal-se-libera-del-uso-del-tapabocas-en-espacios-al-aire-libre-en-sitios-cerrados-se-debe-usar\/embed\/#?secret=mn5eiCQHMT\" width=\"600\" height=\"586\" frameborder=\"0\" marginwidth=\"0\" marginheight=\"0\" scrolling=\"no\" sandbox=\"allow-scripts\" data-secret=\"mn5eiCQHMT\" data-mce-fragment=\"1\"><\/iframe><\/p>\n<p><iframe loading=\"lazy\" class=\"wp-embedded-content\" title=\"\u00abCasanare y Colombia rechazaron incineraci\u00f3n de buseta donde se desplazaban ni\u00f1os en Paz de Ariporo.\u00bb \u2014 \u25b7 Noticias de Casanare : Martha Cifuentes | Casanare\" src=\"https:\/\/marthacifuentes.com\/portada\/2022\/02\/24\/casanare-y-colombia-rechazaron-incineracion-de-buseta-donde-se-desplazaban-ninos-en-paz-de-ariporo\/embed\/#?secret=QNNUuWtEcC\" width=\"600\" height=\"600\" frameborder=\"0\" marginwidth=\"0\" marginheight=\"0\" scrolling=\"no\" sandbox=\"allow-scripts\" data-secret=\"QNNUuWtEcC\" data-mce-fragment=\"1\"><\/iframe><\/p>\n<p><iframe loading=\"lazy\" class=\"wp-embedded-content\" title=\"\u00abM\u00e1s de 300 mil personas podr\u00e1n votar en Casanare para elecciones de Congreso\u00bb \u2014 \u25b7 Noticias de Casanare : Martha Cifuentes | Casanare\" src=\"https:\/\/marthacifuentes.com\/portada\/2022\/02\/23\/mas-de-300-mil-personas-podran-votar-en-casanare-para-elecciones-de-congreso\/embed\/#?secret=wjUCHXYQhK\" width=\"600\" height=\"621\" frameborder=\"0\" marginwidth=\"0\" marginheight=\"0\" scrolling=\"no\" sandbox=\"allow-scripts\" data-secret=\"wjUCHXYQhK\" data-mce-fragment=\"1\"><\/iframe><\/p>\n<p><iframe loading=\"lazy\" class=\"wp-embedded-content\" title=\"\u00abRecolecci\u00f3n de basuras con volquetas que viene haciendo la Eaaay en Yopal es ilegal y peligroso advierte concejala Laura Barrera\u00bb \u2014 \u25b7 Noticias de Casanare : Martha Cifuentes | Casanare\" src=\"https:\/\/marthacifuentes.com\/portada\/2022\/02\/22\/recoleccion-de-basuras-con-volquetas-que-viene-haciendo-la-eaaay-en-yopal-es-ilegal-y-peligroso-advierte-concejala-laura-barrera\/embed\/#?secret=I7e5fDe2oo\" width=\"600\" height=\"649\" frameborder=\"0\" marginwidth=\"0\" marginheight=\"0\" scrolling=\"no\" sandbox=\"allow-scripts\" data-secret=\"I7e5fDe2oo\" data-mce-fragment=\"1\"><\/iframe><\/p>\n<p><iframe loading=\"lazy\" class=\"wp-embedded-content\" title=\"\u00abDenuncian a alcalde de Yopal y algunos funcionarios p\u00fablicos de la Eaaay por participaci\u00f3n en pol\u00edtica a favor de candidato liberal a la C\u00e1mara, Hugo Archila\u00bb \u2014 \u25b7 Noticias de Casanare : Martha Cifuentes | Casanare\" src=\"https:\/\/marthacifuentes.com\/portada\/2022\/02\/22\/denuncian-a-alcalde-de-yopal-y-algunos-funcionarios-publicos-de-la-eaaay-por-participacion-en-politica-a-favor-de-candidato-liberal-a-la-camara-hugo-archila\/embed\/#?secret=cHMDbPSO4w\" width=\"600\" height=\"649\" frameborder=\"0\" marginwidth=\"0\" marginheight=\"0\" scrolling=\"no\" sandbox=\"allow-scripts\" data-secret=\"cHMDbPSO4w\" data-mce-fragment=\"1\"><\/iframe><\/p>\n<p><iframe loading=\"lazy\" class=\"wp-embedded-content\" title=\"\u00abEn Consejo Nacional Electoral estancado proceso de inhabilidad contra senadora Amanda Gonz\u00e1lez por doble militancia.\u00bb \u2014 \u25b7 Noticias de Casanare : Martha Cifuentes | Casanare\" src=\"https:\/\/marthacifuentes.com\/portada\/2022\/02\/22\/en-consejo-nacional-electoral-estancado-proceso-de-inhabilidad-contra-senadora-amanda-gonzalez-por-doble-militancia\/embed\/#?secret=JA9HZvc4lK\" width=\"600\" height=\"649\" frameborder=\"0\" marginwidth=\"0\" marginheight=\"0\" scrolling=\"no\" sandbox=\"allow-scripts\" data-secret=\"JA9HZvc4lK\" data-mce-fragment=\"1\"><\/iframe><\/p>\n<p><iframe loading=\"lazy\" class=\"wp-embedded-content\" title=\"\u00abTiroteo contra caravana de campa\u00f1a de parlamentario y candidato Jairo Cristancho en Casanare\u00bb \u2014 \u25b7 Noticias de Casanare : Martha Cifuentes | Casanare\" src=\"https:\/\/marthacifuentes.com\/portada\/2022\/02\/22\/tiroteo-contra-caravana-de-campana-de-parlamentario-y-candidato-jairo-cristancho-en-casanare\/embed\/#?secret=IbtTl6FeVK\" width=\"600\" height=\"621\" frameborder=\"0\" marginwidth=\"0\" marginheight=\"0\" scrolling=\"no\" sandbox=\"allow-scripts\" data-secret=\"IbtTl6FeVK\" data-mce-fragment=\"1\"><\/iframe><\/p>\n<p><iframe loading=\"lazy\" class=\"wp-embedded-content\" title=\"\u00abCorte Constitucional despenaliz\u00f3 el aborto hasta semana 24. Organizaci\u00f3n Causa Justa motiv\u00f3 decisi\u00f3n.\u00bb \u2014 \u25b7 Noticias de Casanare : Martha Cifuentes | Casanare\" src=\"https:\/\/marthacifuentes.com\/portada\/2022\/02\/21\/corte-constitucional-despenalizo-el-aborto-hasta-semana-24-organizacion-causa-justa-motivo-decision\/embed\/#?secret=26PIqcXiso\" width=\"600\" height=\"600\" frameborder=\"0\" marginwidth=\"0\" marginheight=\"0\" scrolling=\"no\" sandbox=\"allow-scripts\" data-secret=\"26PIqcXiso\" data-mce-fragment=\"1\"><\/iframe><\/p>\n<p><iframe loading=\"lazy\" class=\"wp-embedded-content\" title=\"\u00abTermin\u00f3 conflicto en ejecuci\u00f3n de v\u00eda Paz de Ariporo-Monta\u00f1as del Totumo. Pavimentaci\u00f3n se reinici\u00f3 el fin de semana.\u00bb \u2014 \u25b7 Noticias de Casanare : Martha Cifuentes | Casanare\" src=\"https:\/\/marthacifuentes.com\/portada\/2022\/02\/21\/termino-conflicto-en-ejecucion-de-via-paz-de-ariporo-montanas-del-totumo-pavimentacion-se-reinicio-el-fin-de-semana\/embed\/#?secret=LIofyrOKsB\" width=\"600\" height=\"628\" frameborder=\"0\" marginwidth=\"0\" marginheight=\"0\" scrolling=\"no\" sandbox=\"allow-scripts\" data-secret=\"LIofyrOKsB\" data-mce-fragment=\"1\"><\/iframe><\/p>\n<p><iframe loading=\"lazy\" class=\"wp-embedded-content\" title=\"\u00abPetro, candidato opcionado a ser presidente, seg\u00fan las encuestas, estar\u00e1 en Yopal\u00bb \u2014 \u25b7 Noticias de Casanare : Martha Cifuentes | Casanare\" src=\"https:\/\/marthacifuentes.com\/portada\/2022\/02\/21\/petro-candidato-opcionado-a-ser-presidente-segun-las-encuestas-estara-en-yopal\/embed\/#?secret=mtns1aexA1\" width=\"600\" height=\"620\" frameborder=\"0\" marginwidth=\"0\" marginheight=\"0\" scrolling=\"no\" sandbox=\"allow-scripts\" data-secret=\"mtns1aexA1\" data-mce-fragment=\"1\"><\/iframe><\/p>\n<p><iframe loading=\"lazy\" class=\"wp-embedded-content\" title=\"\u00abAlcald\u00eda de Yopal socializ\u00f3 planos de loteo de 4.727 predios de La Bendici\u00f3n en Yopal\u00bb \u2014 \u25b7 Noticias de Casanare : Martha Cifuentes | Casanare\" src=\"https:\/\/marthacifuentes.com\/portada\/2022\/02\/21\/alcaldia-de-yopal-socializo-planos-de-loteo-de-4-727-predios-de-la-bendicion-en-yopal\/embed\/#?secret=MvKeDxILVZ\" width=\"600\" height=\"621\" frameborder=\"0\" marginwidth=\"0\" marginheight=\"0\" scrolling=\"no\" sandbox=\"allow-scripts\" data-secret=\"MvKeDxILVZ\" data-mce-fragment=\"1\"><\/iframe><\/p>\n<p>&nbsp;<\/p>\n<p><iframe loading=\"lazy\" class=\"wp-embedded-content\" title=\"\u00abJuez orden\u00f3 arresto de 2 d\u00edas a gerente de Nueva EPS en Casanare, por no suministro de medicamentos.\u00bb \u2014 \u25b7 Noticias de Casanare : Martha Cifuentes | Casanare\" src=\"https:\/\/marthacifuentes.com\/portada\/2022\/02\/21\/juez-ordeno-arresto-de-2-dias-a-gerente-de-nueva-eps-en-casanare-por-no-suministro-de-medicamentos\/embed\/#?secret=F3xqSeomxi\" width=\"600\" height=\"620\" frameborder=\"0\" marginwidth=\"0\" marginheight=\"0\" scrolling=\"no\" sandbox=\"allow-scripts\" data-secret=\"F3xqSeomxi\" data-mce-fragment=\"1\"><\/iframe><\/p>\n<p><iframe loading=\"lazy\" class=\"wp-embedded-content\" title=\"\u00abA la c\u00e1rcel ladr\u00f3n y violador de hombres en Casanare y Meta.\u00bb \u2014 \u25b7 Noticias de Casanare : Martha Cifuentes | Casanare\" src=\"https:\/\/marthacifuentes.com\/portada\/2022\/02\/21\/a-la-carcel-ladron-y-violador-de-hombres-en-casanare-y-meta\/embed\/#?secret=0C2Tf2lbNB\" width=\"600\" height=\"606\" frameborder=\"0\" marginwidth=\"0\" marginheight=\"0\" scrolling=\"no\" sandbox=\"allow-scripts\" data-secret=\"0C2Tf2lbNB\" data-mce-fragment=\"1\"><\/iframe><\/p>\n<p><iframe loading=\"lazy\" class=\"wp-embedded-content\" title=\"\u00abJuez confirm\u00f3 3 d\u00edas de arresto a la alcaldesa de Paz de Ariporo Eunice Escobar\u00bb \u2014 \u25b7 Noticias de Casanare : Martha Cifuentes | Casanare\" src=\"https:\/\/marthacifuentes.com\/portada\/2022\/02\/18\/juez-confirmo-3-dias-de-arresto-a-la-alcaldesa-de-paz-de-ariporo-eunice-escobar\/embed\/#?secret=DPJFcG7x8c\" width=\"600\" height=\"621\" frameborder=\"0\" marginwidth=\"0\" marginheight=\"0\" scrolling=\"no\" sandbox=\"allow-scripts\" data-secret=\"DPJFcG7x8c\" data-mce-fragment=\"1\"><\/iframe><\/p>\n<p><iframe loading=\"lazy\" class=\"wp-embedded-content\" title=\"\u00abValla \u201cParemos a Petro\u201d en Yopal, fue rechazada por candidata al senado Sonia Bernal\u00bb \u2014 \u25b7 Noticias de Casanare : Martha Cifuentes | Casanare\" src=\"https:\/\/marthacifuentes.com\/portada\/2022\/02\/17\/valla-paremos-a-petro-en-yopal-fue-rechazada-por-candidata-al-senado-sonia-bernal\/embed\/#?secret=Ra5646GFOA\" width=\"600\" height=\"609\" frameborder=\"0\" marginwidth=\"0\" marginheight=\"0\" scrolling=\"no\" sandbox=\"allow-scripts\" data-secret=\"Ra5646GFOA\" data-mce-fragment=\"1\"><\/iframe><\/p>\n<p><iframe loading=\"lazy\" class=\"wp-embedded-content\" title=\"\u00abAlcaldesa de Paz de Ariporo Eunice Escobar reconoce lentitud en pavimentaci\u00f3n v\u00eda a Monta\u00f1as del Totumo\u00bb \u2014 \u25b7 Noticias de Casanare : Martha Cifuentes | Casanare\" src=\"https:\/\/marthacifuentes.com\/portada\/2022\/02\/16\/alcaldesa-de-paz-de-ariporo-eunice-escobar-reconoce-lentitud-en-pavimentacion-via-a-montanas-del-totumo\/embed\/#?secret=hpsBu7WEUo\" width=\"600\" height=\"621\" frameborder=\"0\" marginwidth=\"0\" marginheight=\"0\" scrolling=\"no\" sandbox=\"allow-scripts\" data-secret=\"hpsBu7WEUo\" data-mce-fragment=\"1\"><\/iframe><\/p>\n<p><iframe loading=\"lazy\" class=\"wp-embedded-content\" title=\"\u00abFalleci\u00f3 Yecid Beltr\u00e1n, abogado, l\u00edder pol\u00edtico y deportivo en Yopal. Su \u00faltima lucha fue contra la Administraci\u00f3n del alcalde de Yopal, Luis Eduardo Castro.\u00bb \u2014 \u25b7 Noticias de Casanare : Martha Cifuentes | Casanare\" src=\"https:\/\/marthacifuentes.com\/portada\/2022\/02\/16\/fallecio-yecid-beltran-abogado-lider-politico-y-deportivo-en-yopal-su-ultima-lucha-fue-contra-la-administracion-del-alcalde-de-yopal-luis-eduardo-castro\/embed\/#?secret=9kipEc4lOb\" width=\"600\" height=\"678\" frameborder=\"0\" marginwidth=\"0\" marginheight=\"0\" scrolling=\"no\" sandbox=\"allow-scripts\" data-secret=\"9kipEc4lOb\" data-mce-fragment=\"1\"><\/iframe><\/p>\n<p><iframe loading=\"lazy\" class=\"wp-embedded-content\" title=\"\u00abExalcaldesa (e) de Yopal, Zoila Rosa \u00c1ngulo enfrenta cargos por echar a gerente de Ceiba.\u00bb \u2014 \u25b7 Noticias de Casanare : Martha Cifuentes | Casanare\" src=\"https:\/\/marthacifuentes.com\/portada\/2022\/02\/16\/exalcaldesa-e-de-yopal-zoila-rosa-angulo-enfrenta-cargos-por-echar-a-gerente-de-ceiba\/embed\/#?secret=qOzTbva39H\" width=\"600\" height=\"621\" frameborder=\"0\" marginwidth=\"0\" marginheight=\"0\" scrolling=\"no\" sandbox=\"allow-scripts\" data-secret=\"qOzTbva39H\" data-mce-fragment=\"1\"><\/iframe><\/p>\n<p><iframe loading=\"lazy\" class=\"wp-embedded-content\" title=\"\u00abAlcaldesa de Paz de Ariporo Eunice Escobar ser\u00eda arrestada por 3 d\u00edas por desacatar fallo de tutela sobre hogar geri\u00e1trico\u00bb \u2014 \u25b7 Noticias de Casanare : Martha Cifuentes | Casanare\" src=\"https:\/\/marthacifuentes.com\/portada\/2022\/02\/15\/alcaldesa-de-paz-de-ariporo-eunice-escobar-seria-arrestada-por-3-dias-por-desacatar-fallo-de-tutela-sobre-hogar-geriatrico\/embed\/#?secret=gJhsTRUypV\" width=\"600\" height=\"628\" frameborder=\"0\" marginwidth=\"0\" marginheight=\"0\" scrolling=\"no\" sandbox=\"allow-scripts\" data-secret=\"gJhsTRUypV\" data-mce-fragment=\"1\"><\/iframe><\/p>\n<p><iframe loading=\"lazy\" class=\"wp-embedded-content\" title=\"\u00abSenadora Amanda Gonz\u00e1lez pide a Uribe dejar el matoneo en su contra, los cuales obedecer\u00edan a no cumplir sus caprichos.\u00bb \u2014 \u25b7 Noticias de Casanare : Martha Cifuentes | Casanare\" src=\"https:\/\/marthacifuentes.com\/portada\/2022\/02\/15\/senadora-amanda-gonzalez-pide-a-uribe-dejar-el-matoneo-en-su-contra-los-cuales-obedecerian-a-no-cumplir-sus-caprichos\/embed\/#?secret=EK6Hhqewzc\" width=\"600\" height=\"649\" frameborder=\"0\" marginwidth=\"0\" marginheight=\"0\" scrolling=\"no\" sandbox=\"allow-scripts\" data-secret=\"EK6Hhqewzc\" data-mce-fragment=\"1\"><\/iframe><\/p>\n<p>&nbsp;<\/p>\n<p><iframe loading=\"lazy\" class=\"wp-embedded-content\" title=\"\u00abUribe pidi\u00f3 investigar ejecuci\u00f3n de contratos \u201cgestionados\u201d por la senadora Amanda Gonz\u00e1lez.\u00bb \u2014 \u25b7 Noticias de Casanare : Martha Cifuentes | Casanare\" src=\"https:\/\/marthacifuentes.com\/portada\/2022\/02\/15\/uribe-pidio-investigar-ejecucion-de-contratos-gestionados-por-la-senadora-amanda-gonzalez\/embed\/#?secret=qKXcqrl1j4\" width=\"600\" height=\"584\" frameborder=\"0\" marginwidth=\"0\" marginheight=\"0\" scrolling=\"no\" sandbox=\"allow-scripts\" data-secret=\"qKXcqrl1j4\" data-mce-fragment=\"1\"><\/iframe><\/p>\n<p><iframe loading=\"lazy\" class=\"wp-embedded-content\" title=\"\u00abLibres 10 presuntos integrantes del Clan del Golfo capturados en Man\u00ed, Casanare porque no hubo un juez para legalizar la captura.\u00bb \u2014 \u25b7 Noticias de Casanare : Martha Cifuentes | Casanare\" src=\"https:\/\/marthacifuentes.com\/portada\/2022\/02\/14\/libres-10-presuntos-integrantes-del-clan-del-golfo-capturados-en-mani-casanare-porque-no-hubo-un-juez-para-legalizar-la-captura\/embed\/#?secret=L9HAUKvjax\" width=\"600\" height=\"616\" frameborder=\"0\" marginwidth=\"0\" marginheight=\"0\" scrolling=\"no\" sandbox=\"allow-scripts\" data-secret=\"L9HAUKvjax\" data-mce-fragment=\"1\"><\/iframe><\/p>\n<p><iframe loading=\"lazy\" class=\"wp-embedded-content\" title=\"\u00abRifirrafe entre contratista de v\u00eda Paz de Ariporo-Monta\u00f1as del Totumo, volqueteros y Arcenio Sandoval\u00bb \u2014 \u25b7 Noticias de Casanare : Martha Cifuentes | Casanare\" src=\"https:\/\/marthacifuentes.com\/portada\/2022\/02\/14\/rifirrafe-entre-contratista-de-via-paz-de-ariporo-montanas-del-totumo-volqueteros-y-arcenio-sandoval\/embed\/#?secret=5Lnpfilego\" width=\"600\" height=\"538\" frameborder=\"0\" marginwidth=\"0\" marginheight=\"0\" scrolling=\"no\" sandbox=\"allow-scripts\" data-secret=\"5Lnpfilego\" data-mce-fragment=\"1\"><\/iframe><\/p>\n<p><iframe loading=\"lazy\" class=\"wp-embedded-content\" title=\"\u00ab\u00c1lvaro Uribe se\u00f1ala a senadora casanare\u00f1a Amanda Gonz\u00e1lez de corrupta en relaci\u00f3n de v\u00eda Paz de Ariporo-Monta\u00f1as del Totumo\u00bb \u2014 \u25b7 Noticias de Casanare : Martha Cifuentes | Casanare\" src=\"https:\/\/marthacifuentes.com\/portada\/2022\/02\/14\/alvaro-uribe-senala-a-senadora-casanarena-amanda-gonzalez-de-corrupta-en-relacion-de-via-paz-de-ariporo-montanas-del-totumo\/embed\/#?secret=HuIy5eYdam\" width=\"600\" height=\"637\" frameborder=\"0\" marginwidth=\"0\" marginheight=\"0\" scrolling=\"no\" sandbox=\"allow-scripts\" data-secret=\"HuIy5eYdam\" data-mce-fragment=\"1\"><\/iframe><\/p>\n<p><iframe loading=\"lazy\" class=\"wp-embedded-content\" title=\"\u00abAlcalde de Yopal Luis Eduardo Castro denunciado por participaci\u00f3n en pol\u00edtica: Partido Nuevo Liberalismo\u00bb \u2014 \u25b7 Noticias de Casanare : Martha Cifuentes | Casanare\" src=\"https:\/\/marthacifuentes.com\/portada\/2022\/02\/11\/alcalde-de-yopal-luis-eduardo-castro-denunciado-por-participacion-en-politica-partido-nuevo-liberalismo\/embed\/#?secret=iCUcTLF1u9\" width=\"600\" height=\"600\" frameborder=\"0\" marginwidth=\"0\" marginheight=\"0\" scrolling=\"no\" sandbox=\"allow-scripts\" data-secret=\"iCUcTLF1u9\" data-mce-fragment=\"1\"><\/iframe><\/p>\n<p><iframe loading=\"lazy\" class=\"wp-embedded-content\" title=\"\u00abCon bloqueos de v\u00edas, comunidad rural de Aguazul exige a Ecopetrol oportunidades laborales. La petrolera rechaza v\u00edas de hecho.\u00bb \u2014 \u25b7 Noticias de Casanare : Martha Cifuentes | Casanare\" src=\"https:\/\/marthacifuentes.com\/portada\/2022\/02\/11\/con-bloqueos-de-vias-comunidad-rural-de-aguazul-exige-a-ecopetrol-oportunidades-laborales-la-petrolera-rechaza-vias-de-hecho\/embed\/#?secret=x3DSOTIIpf\" width=\"600\" height=\"649\" frameborder=\"0\" marginwidth=\"0\" marginheight=\"0\" scrolling=\"no\" sandbox=\"allow-scripts\" data-secret=\"x3DSOTIIpf\" data-mce-fragment=\"1\"><\/iframe><\/p>\n<p><iframe loading=\"lazy\" class=\"wp-embedded-content\" title=\"\u00abCentro de Salud de T\u00e1mara a punto de convertirse en un elefante blanco. Contratista abandon\u00f3 obra pero quiere que le paguen lo ejecutado. Interventor\u00eda en silencio\u00bb \u2014 \u25b7 Noticias de Casanare : Martha Cifuentes | Casanare\" src=\"https:\/\/marthacifuentes.com\/portada\/2022\/02\/10\/centro-de-salud-de-tamara-a-punto-de-convertirse-en-un-elefante-blanco-contratista-abandono-obra-pero-quiere-que-le-paguen-lo-ejecutado-interventoria-en-silencio\/embed\/#?secret=K21N86AwiR\" width=\"600\" height=\"678\" frameborder=\"0\" marginwidth=\"0\" marginheight=\"0\" scrolling=\"no\" sandbox=\"allow-scripts\" data-secret=\"K21N86AwiR\" data-mce-fragment=\"1\"><\/iframe><\/p>\n<p><iframe loading=\"lazy\" class=\"wp-embedded-content\" title=\"\u00abVersiones en contrav\u00eda de la FAC y la campa\u00f1a de Alirio Barrera sobre presencia de aeronaves por donde circulaba avioneta que lo transportaba sobre Arauca.\u00bb \u2014 \u25b7 Noticias de Casanare : Martha Cifuentes | Casanare\" src=\"https:\/\/marthacifuentes.com\/portada\/2022\/02\/09\/versiones-en-contravia-de-la-fac-y-la-campana-de-alirio-barrera-sobre-presencia-de-aeronaves-por-donde-circulaba-avioneta-que-lo-transportaba-sobre-arauca\/embed\/#?secret=xoIQTrpViY\" width=\"600\" height=\"649\" frameborder=\"0\" marginwidth=\"0\" marginheight=\"0\" scrolling=\"no\" sandbox=\"allow-scripts\" data-secret=\"xoIQTrpViY\" data-mce-fragment=\"1\"><\/iframe><\/p>\n<p><iframe loading=\"lazy\" class=\"wp-embedded-content\" title=\"\u00abLas cuentas no cuadran en la Alcald\u00eda de Yopal con el recaudo del Impredial e ICA de 2021. Concejal Leonardo Infante cree que hay un d\u00e9ficit fiscal de 18 mil millones.\u00bb \u2014 \u25b7 Noticias de Casanare : Martha Cifuentes | Casanare\" src=\"https:\/\/marthacifuentes.com\/portada\/2022\/02\/09\/las-cuentas-no-cuadran-en-la-alcaldia-de-yopal-con-el-recaudo-del-impredial-e-ica-de-2021-concejal-leonardo-infante-cree-que-hay-un-deficit-fiscal-de-18-mil-millones\/embed\/#?secret=rcgRSldHkb\" width=\"600\" height=\"678\" frameborder=\"0\" marginwidth=\"0\" marginheight=\"0\" scrolling=\"no\" sandbox=\"allow-scripts\" data-secret=\"rcgRSldHkb\" data-mce-fragment=\"1\"><\/iframe><\/p>\n<p><iframe loading=\"lazy\" class=\"wp-embedded-content\" title=\"\u00ab\u201cHospital local medio funciona, Red salud es una enfermedad y las EPS no funcionan\u201d: Comunidad de Villanueva en mesa de salud departamental de Casanare\u00bb \u2014 \u25b7 Noticias de Casanare : Martha Cifuentes | Casanare\" src=\"https:\/\/marthacifuentes.com\/portada\/2022\/02\/09\/hospital-local-medio-funciona-red-salud-es-una-enfermedad-y-las-eps-no-funcionan-comunidad-de-villanueva-en-mesa-de-salud-departamental-de-casanare\/embed\/#?secret=5LNGsLUHY1\" width=\"600\" height=\"678\" frameborder=\"0\" marginwidth=\"0\" marginheight=\"0\" scrolling=\"no\" sandbox=\"allow-scripts\" data-secret=\"5LNGsLUHY1\" data-mce-fragment=\"1\"><\/iframe><\/p>\n<p><iframe loading=\"lazy\" class=\"wp-embedded-content\" title=\"\u00abAtraco a estaci\u00f3n de servicio en Paz de Ariporo ser\u00eda un autorobo. Autoridades investigan\u00bb \u2014 \u25b7 Noticias de Casanare : Martha Cifuentes | Casanare\" src=\"https:\/\/marthacifuentes.com\/portada\/2022\/02\/09\/atraco-a-estacion-de-servicio-en-paz-de-ariporo-seria-un-autorobo-autoridades-investigan\/embed\/#?secret=fbQ5ubOPRd\" width=\"600\" height=\"570\" frameborder=\"0\" marginwidth=\"0\" marginheight=\"0\" scrolling=\"no\" sandbox=\"allow-scripts\" data-secret=\"fbQ5ubOPRd\" data-mce-fragment=\"1\"><\/iframe><\/p>\n<p><iframe loading=\"lazy\" class=\"wp-embedded-content\" title=\"\u00abAdulta mayor de 70 a\u00f1os teme ser v\u00edctima de feminicidio a manos de su propio hijo en Casanare. Justicia la obliga a que debe vivir con \u00e9l.\u00bb \u2014 \u25b7 Noticias de Casanare : Martha Cifuentes | Casanare\" src=\"https:\/\/marthacifuentes.com\/portada\/2022\/02\/06\/adulta-mayor-de-70-anos-teme-ser-victima-de-feminicidio-a-manos-de-su-propio-hijo-en-casanare-justicia-la-obliga-a-que-debe-vivir-con-el\/embed\/#?secret=vPjh3cl7ng\" width=\"600\" height=\"649\" frameborder=\"0\" marginwidth=\"0\" marginheight=\"0\" scrolling=\"no\" sandbox=\"allow-scripts\" data-secret=\"vPjh3cl7ng\" data-mce-fragment=\"1\"><\/iframe><\/p>\n","protected":false},"excerpt":{"rendered":"<p>La Procuradur\u00eda General de la Naci\u00f3n formul\u00f3 cargos contra el exvicecontralor de Casanare, Flady Alexander Sierra Acosta, por posibles irregularidades en el cumplimiento de requisitos para posesionarse, que le habr\u00edan permitido permanecer en el cargo entre 2012 y 2016. El \u00f3rgano de control investiga al entonces funcionario por, presuntamente, presentar documentaci\u00f3n fraudulenta para demostrar su &hellip;<\/p>\n","protected":false},"author":2,"featured_media":28466,"comment_status":"open","ping_status":"open","sticky":false,"template":"","format":"standard","meta":{"om_disable_all_campaigns":false,"_exactmetrics_skip_tracking":false,"_exactmetrics_sitenote_active":false,"_exactmetrics_sitenote_note":"","_exactmetrics_sitenote_category":0,"_monsterinsights_skip_tracking":false,"_monsterinsights_sitenote_active":false,"_monsterinsights_sitenote_note":"","_monsterinsights_sitenote_category":0,"_uf_show_specific_survey":0,"_uf_disable_surveys":false,"_joinchat":[],"footnotes":""},"categories":[147,146,145],"tags":[154,1373,6882,6883,1400,6884,6370],"class_list":["post-28473","post","type-post","status-publish","format-standard","has-post-thumbnail","hentry","category-actualidad","category-noticias","category-reportajes","tag-casanare","tag-casanare-noticias","tag-exvicecontralor-de-casanare","tag-flady-alexander-sierra-acosta","tag-noticias-casanare","tag-procuraduria-general-de-casanare","tag-procuraduria-general-de-la-nacion"],"yoast_head":"<!-- This site is optimized with the Yoast SEO plugin v26.1 - https:\/\/yoast.com\/wordpress\/plugins\/seo\/ -->\n<title>Exvicecontralor de Casanare en l\u00edos por presentar documentaci\u00f3n falsa para acceder al cargo - \u25b7 Noticias de Casanare : Martha Cifuentes | Casanare<\/title>\n<meta name=\"robots\" content=\"index, follow, max-snippet:-1, max-image-preview:large, max-video-preview:-1\" \/>\n<link rel=\"canonical\" href=\"https:\/\/marthacifuentes.com\/portada\/exvicecontralor-de-casanare-en-lios-por-presentar-documentacion-falsa-para-acceder-al-cargo\/\" \/>\n<meta property=\"og:locale\" content=\"es_ES\" \/>\n<meta property=\"og:type\" content=\"article\" \/>\n<meta property=\"og:title\" content=\"Exvicecontralor de Casanare en l\u00edos por presentar documentaci\u00f3n falsa para acceder al cargo - \u25b7 Noticias de Casanare : Martha Cifuentes | Casanare\" \/>\n<meta property=\"og:description\" content=\"La Procuradur\u00eda General de la Naci\u00f3n formul\u00f3 cargos contra el exvicecontralor de Casanare, Flady Alexander Sierra Acosta, por posibles irregularidades en el cumplimiento de requisitos para posesionarse, que le habr\u00edan permitido permanecer en el cargo entre 2012 y 2016. El \u00f3rgano de control investiga al entonces funcionario por, presuntamente, presentar documentaci\u00f3n fraudulenta para demostrar su &hellip;\" \/>\n<meta property=\"og:url\" content=\"https:\/\/marthacifuentes.com\/portada\/exvicecontralor-de-casanare-en-lios-por-presentar-documentacion-falsa-para-acceder-al-cargo\/\" \/>\n<meta property=\"og:site_name\" content=\"\u25b7 Noticias de Casanare : Martha Cifuentes | Casanare\" \/>\n<meta property=\"article:published_time\" content=\"2022-03-01T15:39:57+00:00\" \/>\n<meta property=\"og:image\" content=\"https:\/\/marthacifuentes.com\/portada\/wp-content\/uploads\/2022\/03\/Flady-Alexander-Sierra-Acosta.jpg\" \/>\n\t<meta property=\"og:image:width\" content=\"603\" \/>\n\t<meta property=\"og:image:height\" content=\"325\" \/>\n\t<meta property=\"og:image:type\" content=\"image\/jpeg\" \/>\n<meta name=\"author\" content=\"Martha Cifuentes\" \/>\n<meta name=\"twitter:card\" content=\"summary_large_image\" \/>\n<meta name=\"twitter:label1\" content=\"Escrito por\" \/>\n\t<meta name=\"twitter:data1\" content=\"Martha Cifuentes\" \/>\n\t<meta name=\"twitter:label2\" content=\"Tiempo de lectura\" \/>\n\t<meta name=\"twitter:data2\" content=\"1 minuto\" \/>\n<script type=\"application\/ld+json\" class=\"yoast-schema-graph\">{\"@context\":\"https:\/\/schema.org\",\"@graph\":[{\"@type\":\"WebPage\",\"@id\":\"https:\/\/marthacifuentes.com\/portada\/exvicecontralor-de-casanare-en-lios-por-presentar-documentacion-falsa-para-acceder-al-cargo\/\",\"url\":\"https:\/\/marthacifuentes.com\/portada\/exvicecontralor-de-casanare-en-lios-por-presentar-documentacion-falsa-para-acceder-al-cargo\/\",\"name\":\"Exvicecontralor de Casanare en l\u00edos por presentar documentaci\u00f3n falsa para acceder al cargo - \u25b7 Noticias de Casanare : Martha Cifuentes | Casanare\",\"isPartOf\":{\"@id\":\"https:\/\/marthacifuentes.com\/portada\/#website\"},\"primaryImageOfPage\":{\"@id\":\"https:\/\/marthacifuentes.com\/portada\/exvicecontralor-de-casanare-en-lios-por-presentar-documentacion-falsa-para-acceder-al-cargo\/#primaryimage\"},\"image\":{\"@id\":\"https:\/\/marthacifuentes.com\/portada\/exvicecontralor-de-casanare-en-lios-por-presentar-documentacion-falsa-para-acceder-al-cargo\/#primaryimage\"},\"thumbnailUrl\":\"https:\/\/marthacifuentes.com\/portada\/wp-content\/uploads\/2022\/03\/Flady-Alexander-Sierra-Acosta.jpg\",\"datePublished\":\"2022-03-01T15:39:57+00:00\",\"author\":{\"@id\":\"https:\/\/marthacifuentes.com\/portada\/#\/schema\/person\/57f53174b991db5f90ff78d58502b714\"},\"breadcrumb\":{\"@id\":\"https:\/\/marthacifuentes.com\/portada\/exvicecontralor-de-casanare-en-lios-por-presentar-documentacion-falsa-para-acceder-al-cargo\/#breadcrumb\"},\"inLanguage\":\"es\",\"potentialAction\":[{\"@type\":\"ReadAction\",\"target\":[\"https:\/\/marthacifuentes.com\/portada\/exvicecontralor-de-casanare-en-lios-por-presentar-documentacion-falsa-para-acceder-al-cargo\/\"]}]},{\"@type\":\"ImageObject\",\"inLanguage\":\"es\",\"@id\":\"https:\/\/marthacifuentes.com\/portada\/exvicecontralor-de-casanare-en-lios-por-presentar-documentacion-falsa-para-acceder-al-cargo\/#primaryimage\",\"url\":\"https:\/\/marthacifuentes.com\/portada\/wp-content\/uploads\/2022\/03\/Flady-Alexander-Sierra-Acosta.jpg\",\"contentUrl\":\"https:\/\/marthacifuentes.com\/portada\/wp-content\/uploads\/2022\/03\/Flady-Alexander-Sierra-Acosta.jpg\",\"width\":603,\"height\":325},{\"@type\":\"BreadcrumbList\",\"@id\":\"https:\/\/marthacifuentes.com\/portada\/exvicecontralor-de-casanare-en-lios-por-presentar-documentacion-falsa-para-acceder-al-cargo\/#breadcrumb\",\"itemListElement\":[{\"@type\":\"ListItem\",\"position\":1,\"name\":\"Portada\",\"item\":\"https:\/\/marthacifuentes.com\/portada\/\"},{\"@type\":\"ListItem\",\"position\":2,\"name\":\"Exvicecontralor de Casanare en l\u00edos por presentar documentaci\u00f3n falsa para acceder al cargo\"}]},{\"@type\":\"WebSite\",\"@id\":\"https:\/\/marthacifuentes.com\/portada\/#website\",\"url\":\"https:\/\/marthacifuentes.com\/portada\/\",\"name\":\"\u25b7 Noticias de Casanare : Martha Cifuentes | Casanare\",\"description\":\"Noticias &amp; Contenidos\",\"potentialAction\":[{\"@type\":\"SearchAction\",\"target\":{\"@type\":\"EntryPoint\",\"urlTemplate\":\"https:\/\/marthacifuentes.com\/portada\/?s={search_term_string}\"},\"query-input\":{\"@type\":\"PropertyValueSpecification\",\"valueRequired\":true,\"valueName\":\"search_term_string\"}}],\"inLanguage\":\"es\"},{\"@type\":\"Person\",\"@id\":\"https:\/\/marthacifuentes.com\/portada\/#\/schema\/person\/57f53174b991db5f90ff78d58502b714\",\"name\":\"Martha Cifuentes\",\"image\":{\"@type\":\"ImageObject\",\"inLanguage\":\"es\",\"@id\":\"https:\/\/marthacifuentes.com\/portada\/#\/schema\/person\/image\/\",\"url\":\"http:\/\/marthacifuentes.com\/portada\/wp-content\/uploads\/2018\/06\/avatar_user_2_1528838701-96x96.jpg\",\"contentUrl\":\"http:\/\/marthacifuentes.com\/portada\/wp-content\/uploads\/2018\/06\/avatar_user_2_1528838701-96x96.jpg\",\"caption\":\"Martha Cifuentes\"},\"sameAs\":[\"http:\/\/www.marthacifuentes.com\"],\"url\":\"https:\/\/marthacifuentes.com\/portada\/author\/martha\/\"}]}<\/script>\n<!-- \/ Yoast SEO plugin. -->","yoast_head_json":{"title":"Exvicecontralor de Casanare en l\u00edos por presentar documentaci\u00f3n falsa para acceder al cargo - \u25b7 Noticias de Casanare : Martha Cifuentes | Casanare","robots":{"index":"index","follow":"follow","max-snippet":"max-snippet:-1","max-image-preview":"max-image-preview:large","max-video-preview":"max-video-preview:-1"},"canonical":"https:\/\/marthacifuentes.com\/portada\/exvicecontralor-de-casanare-en-lios-por-presentar-documentacion-falsa-para-acceder-al-cargo\/","og_locale":"es_ES","og_type":"article","og_title":"Exvicecontralor de Casanare en l\u00edos por presentar documentaci\u00f3n falsa para acceder al cargo - \u25b7 Noticias de Casanare : Martha Cifuentes | Casanare","og_description":"La Procuradur\u00eda General de la Naci\u00f3n formul\u00f3 cargos contra el exvicecontralor de Casanare, Flady Alexander Sierra Acosta, por posibles irregularidades en el cumplimiento de requisitos para posesionarse, que le habr\u00edan permitido permanecer en el cargo entre 2012 y 2016. El \u00f3rgano de control investiga al entonces funcionario por, presuntamente, presentar documentaci\u00f3n fraudulenta para demostrar su &hellip;","og_url":"https:\/\/marthacifuentes.com\/portada\/exvicecontralor-de-casanare-en-lios-por-presentar-documentacion-falsa-para-acceder-al-cargo\/","og_site_name":"\u25b7 Noticias de Casanare : Martha Cifuentes | Casanare","article_published_time":"2022-03-01T15:39:57+00:00","og_image":[{"width":603,"height":325,"url":"https:\/\/marthacifuentes.com\/portada\/wp-content\/uploads\/2022\/03\/Flady-Alexander-Sierra-Acosta.jpg","type":"image\/jpeg"}],"author":"Martha Cifuentes","twitter_card":"summary_large_image","twitter_misc":{"Escrito por":"Martha Cifuentes","Tiempo de lectura":"1 minuto"},"schema":{"@context":"https:\/\/schema.org","@graph":[{"@type":"WebPage","@id":"https:\/\/marthacifuentes.com\/portada\/exvicecontralor-de-casanare-en-lios-por-presentar-documentacion-falsa-para-acceder-al-cargo\/","url":"https:\/\/marthacifuentes.com\/portada\/exvicecontralor-de-casanare-en-lios-por-presentar-documentacion-falsa-para-acceder-al-cargo\/","name":"Exvicecontralor de Casanare en l\u00edos por presentar documentaci\u00f3n falsa para acceder al cargo - \u25b7 Noticias de Casanare : Martha Cifuentes | Casanare","isPartOf":{"@id":"https:\/\/marthacifuentes.com\/portada\/#website"},"primaryImageOfPage":{"@id":"https:\/\/marthacifuentes.com\/portada\/exvicecontralor-de-casanare-en-lios-por-presentar-documentacion-falsa-para-acceder-al-cargo\/#primaryimage"},"image":{"@id":"https:\/\/marthacifuentes.com\/portada\/exvicecontralor-de-casanare-en-lios-por-presentar-documentacion-falsa-para-acceder-al-cargo\/#primaryimage"},"thumbnailUrl":"https:\/\/marthacifuentes.com\/portada\/wp-content\/uploads\/2022\/03\/Flady-Alexander-Sierra-Acosta.jpg","datePublished":"2022-03-01T15:39:57+00:00","author":{"@id":"https:\/\/marthacifuentes.com\/portada\/#\/schema\/person\/57f53174b991db5f90ff78d58502b714"},"breadcrumb":{"@id":"https:\/\/marthacifuentes.com\/portada\/exvicecontralor-de-casanare-en-lios-por-presentar-documentacion-falsa-para-acceder-al-cargo\/#breadcrumb"},"inLanguage":"es","potentialAction":[{"@type":"ReadAction","target":["https:\/\/marthacifuentes.com\/portada\/exvicecontralor-de-casanare-en-lios-por-presentar-documentacion-falsa-para-acceder-al-cargo\/"]}]},{"@type":"ImageObject","inLanguage":"es","@id":"https:\/\/marthacifuentes.com\/portada\/exvicecontralor-de-casanare-en-lios-por-presentar-documentacion-falsa-para-acceder-al-cargo\/#primaryimage","url":"https:\/\/marthacifuentes.com\/portada\/wp-content\/uploads\/2022\/03\/Flady-Alexander-Sierra-Acosta.jpg","contentUrl":"https:\/\/marthacifuentes.com\/portada\/wp-content\/uploads\/2022\/03\/Flady-Alexander-Sierra-Acosta.jpg","width":603,"height":325},{"@type":"BreadcrumbList","@id":"https:\/\/marthacifuentes.com\/portada\/exvicecontralor-de-casanare-en-lios-por-presentar-documentacion-falsa-para-acceder-al-cargo\/#breadcrumb","itemListElement":[{"@type":"ListItem","position":1,"name":"Portada","item":"https:\/\/marthacifuentes.com\/portada\/"},{"@type":"ListItem","position":2,"name":"Exvicecontralor de Casanare en l\u00edos por presentar documentaci\u00f3n falsa para acceder al cargo"}]},{"@type":"WebSite","@id":"https:\/\/marthacifuentes.com\/portada\/#website","url":"https:\/\/marthacifuentes.com\/portada\/","name":"\u25b7 Noticias de Casanare : Martha Cifuentes | Casanare","description":"Noticias &amp; Contenidos","potentialAction":[{"@type":"SearchAction","target":{"@type":"EntryPoint","urlTemplate":"https:\/\/marthacifuentes.com\/portada\/?s={search_term_string}"},"query-input":{"@type":"PropertyValueSpecification","valueRequired":true,"valueName":"search_term_string"}}],"inLanguage":"es"},{"@type":"Person","@id":"https:\/\/marthacifuentes.com\/portada\/#\/schema\/person\/57f53174b991db5f90ff78d58502b714","name":"Martha Cifuentes","image":{"@type":"ImageObject","inLanguage":"es","@id":"https:\/\/marthacifuentes.com\/portada\/#\/schema\/person\/image\/","url":"http:\/\/marthacifuentes.com\/portada\/wp-content\/uploads\/2018\/06\/avatar_user_2_1528838701-96x96.jpg","contentUrl":"http:\/\/marthacifuentes.com\/portada\/wp-content\/uploads\/2018\/06\/avatar_user_2_1528838701-96x96.jpg","caption":"Martha Cifuentes"},"sameAs":["http:\/\/www.marthacifuentes.com"],"url":"https:\/\/marthacifuentes.com\/portada\/author\/martha\/"}]}},"_links":{"self":[{"href":"https:\/\/marthacifuentes.com\/portada\/wp-json\/wp\/v2\/posts\/28473","targetHints":{"allow":["GET"]}}],"collection":[{"href":"https:\/\/marthacifuentes.com\/portada\/wp-json\/wp\/v2\/posts"}],"about":[{"href":"https:\/\/marthacifuentes.com\/portada\/wp-json\/wp\/v2\/types\/post"}],"author":[{"embeddable":true,"href":"https:\/\/marthacifuentes.com\/portada\/wp-json\/wp\/v2\/users\/2"}],"replies":[{"embeddable":true,"href":"https:\/\/marthacifuentes.com\/portada\/wp-json\/wp\/v2\/comments?post=28473"}],"version-history":[{"count":1,"href":"https:\/\/marthacifuentes.com\/portada\/wp-json\/wp\/v2\/posts\/28473\/revisions"}],"predecessor-version":[{"id":28474,"href":"https:\/\/marthacifuentes.com\/portada\/wp-json\/wp\/v2\/posts\/28473\/revisions\/28474"}],"wp:featuredmedia":[{"embeddable":true,"href":"https:\/\/marthacifuentes.com\/portada\/wp-json\/wp\/v2\/media\/28466"}],"wp:attachment":[{"href":"https:\/\/marthacifuentes.com\/portada\/wp-json\/wp\/v2\/media?parent=28473"}],"wp:term":[{"taxonomy":"category","embeddable":true,"href":"https:\/\/marthacifuentes.com\/portada\/wp-json\/wp\/v2\/categories?post=28473"},{"taxonomy":"post_tag","embeddable":true,"href":"https:\/\/marthacifuentes.com\/portada\/wp-json\/wp\/v2\/tags?post=28473"}],"curies":[{"name":"wp","href":"https:\/\/api.w.org\/{rel}","templated":true}]}}