{"id":28568,"date":"2022-03-09T11:53:54","date_gmt":"2022-03-09T16:53:54","guid":{"rendered":"https:\/\/marthacifuentes.com\/portada\/?p=28568"},"modified":"2022-03-09T11:57:45","modified_gmt":"2022-03-09T16:57:45","slug":"vladimir-olaya-sigue-con-el-fantasma-de-la-inhabilidad-sentencia-unificada-del-consejo-de-estado-lo-afectaria","status":"publish","type":"post","link":"https:\/\/marthacifuentes.com\/portada\/vladimir-olaya-sigue-con-el-fantasma-de-la-inhabilidad-sentencia-unificada-del-consejo-de-estado-lo-afectaria\/","title":{"rendered":"Vladimir Olaya, sigue con el fantasma de la inhabilidad. Sentencia Unificada del Consejo de Estado lo afectar\u00eda."},"content":{"rendered":"<p style=\"text-align: justify;\">El candidato a la C\u00e1mara de Representantes por Casanare por el partido Centro Democr\u00e1tico, Vladimir Olaya, podr\u00eda estar inhabilitado para ser electo, en virtud de la sentencia 0031 de enero 29 de 2019 del Consejo de Estado que estableci\u00f3 que la inhabilidad en t\u00e9rminos de tiempo, para los aspirantes al Congreso se toma desde el d\u00eda de la inscripci\u00f3n de la candidatura al cargo de elecci\u00f3n popular y no desde el d\u00eda de elecciones. Para estos comicios, se aplicar\u00e1 por primera vez esta norma.<\/p>\n<p style=\"text-align: justify;\">As\u00ed lo evidenci\u00f3 el abogado Jaime Andr\u00e9s Ni\u00f1o Piragauta, luego de investigar una afirmaci\u00f3n hecha por el recientemente fallecido abogado Yecid Beltr\u00e1n Sa\u00e9nz, quien sosten\u00eda que varios candidatos al Congreso por Casanare estaban inhabilitados para postularse, pero sin precisar la sentencia en la que se basaba.<\/p>\n<p style=\"text-align: justify;\">El profesional, finalmente encontr\u00f3 la sentencia 031 de 2019, la cual explica que hab\u00eda dos tesis divergentes entre la Secci\u00f3n Quinta y la Sala Plena de lo Contencioso Administrativo sobre el factor temporal de la inhabilidad prevista en el numeral 5 del articulo 179 de la Constituci\u00f3n, que en unos casos indicaba que se aplicaba desde el d\u00eda de la inscripci\u00f3n del candidato y en otras desde el d\u00eda de elecciones. Y para evitar interpretaciones contradictorias se unific\u00f3 fijando el d\u00eda de la inscripci\u00f3n en la Registradur\u00eda como la base de la inhabilidad para los postulantes.<\/p>\n<h4><strong><a href=\"https:\/\/marthacifuentes.com\/portada\/wp-content\/uploads\/2022\/03\/Sentencia-00031-de-2019-Consejo-de-Estado.pdf\">Ver: Sentencia 00031 de 2019 &#8211; Consejo de Estado<\/a><\/strong><\/h4>\n<p style=\"text-align: justify;\">Es decir, para no incurrir en inhabilidades se deb\u00eda contemplar que no podr\u00e1n ser congresistas \u201cQuienes hayan intervenido en gesti\u00f3n de negocios ante entidades p\u00fablicas, o en la celebraci\u00f3n de contratos con ellas en inter\u00e9s propio, o en el de terceros, o hayan sido representantes legales de entidades que administren tributos o contribuciones parafiscales, dentro de los seis meses anteriores a la fecha de la elecci\u00f3n\u201d<\/p>\n<p style=\"text-align: justify;\">As\u00ed las cosas y considerando que al candidato Vladimir Olaya le fue firmado un contrato de prestaci\u00f3n de servicios el 19 de agosto de 2021 en la Gobernaci\u00f3n de Casanare y \u00e9l inscribi\u00f3 su candidatura en diciembre 20, estar\u00eda incurso de la inhabilidad para ser congresista, porque el tiempo que transcurre entre la fecha de firma del contrato a la de la inscripci\u00f3n es inferior a 6 meses.<\/p>\n<p style=\"text-align: justify;\">El abogado adicionalmente expres\u00f3 que incluso el contrato fue firmado por Karen Fonseca, en calidad de secretaria privada encargada y quien es hija del tambi\u00e9n candidato a la C\u00e1mara por Casanare del Centro Democr\u00e1tico, Juli\u00e1n Fonseca, lo cual le configurar\u00eda una inhabilidad para ser elegido congresista, al tenor del mismo art\u00edculo 179. De hecho ya hay una demanda electoral contra la inscripci\u00f3n de este aspirante.<\/p>\n<p>&nbsp;<\/p>\n<p><strong>Candidato Vladimir Olaya se defiende<\/strong><\/p>\n<p>El candidato a la C\u00e1mara, Vladimir Olaya Mancipe dijo que en la actualidad no tiene ning\u00fan tipo de inhabilidad y que tampoco cursa en su contra ninguna investigaci\u00f3n fiscal, disciplinaria o penal, raz\u00f3n por la cual se le otorg\u00f3 el aval con el n\u00famero 102 para la C\u00e1mara de Representantes por el departamento de Casanare.<\/p>\n<p>Sobre su \u00faltima vinculaci\u00f3n con entidad p\u00fablica, dijo que esta fue en la modalidad de prestaci\u00f3n de servicios en apoyo al personal de planta y se celebr\u00f3 fuera del periodo inhabilitante de que trata el numeral 3 de art\u00edculo 179 de la Constituci\u00f3n, el cual seg\u00fan la jurisprudencia del Consejo de Estado2 se encuentra \u201climitado a los seis meses anteriores a la fecha de la elecci\u00f3n\u201d, luego tampoco incurre en las causales de inhabilidad all\u00ed previstas.<\/p>\n<p><img loading=\"lazy\" decoding=\"async\" class=\"wp-image-28574 aligncenter\" src=\"https:\/\/marthacifuentes.com\/portada\/wp-content\/uploads\/2022\/03\/COMUNICADO-VLADIMIR-OLAYA.png\" alt=\"\" width=\"452\" height=\"575\" srcset=\"https:\/\/marthacifuentes.com\/portada\/wp-content\/uploads\/2022\/03\/COMUNICADO-VLADIMIR-OLAYA.png 542w, https:\/\/marthacifuentes.com\/portada\/wp-content\/uploads\/2022\/03\/COMUNICADO-VLADIMIR-OLAYA-236x300.png 236w\" sizes=\"auto, (max-width: 452px) 100vw, 452px\" \/><\/p>\n<p>&nbsp;<\/p>\n<p style=\"text-align: justify;\"><strong>Qui\u00e9n es Jaime Andr\u00e9s Ni\u00f1o Piragauta<\/strong><\/p>\n<p style=\"text-align: justify;\">Es un abogado con larga trayectoria en cargos p\u00fablicos en varias entidades departamentales en Casanare y municipales en Aguazul. El m\u00e1s reciente de ellos fue como secretario de gobierno durante la Administraci\u00f3n de Renier Dario Pach\u00f3n.<\/p>\n<p style=\"text-align: justify;\">En su perfil de Facebook se evidencia su apoyo a la candidatura del aspirante a la C\u00e1mara Cristian Casta\u00f1eda del Partido Liberal.<\/p>\n<h2>Otras noticias&#8230;<\/h2>\n<blockquote class=\"wp-embedded-content\" data-secret=\"rMnC4SLXgA\"><p><a href=\"https:\/\/marthacifuentes.com\/portada\/2022\/03\/08\/en-dia-de-la-mujer-se-conoce-que-teniente-fue-violada-por-un-superior-en-brigada-16-de-yopal\/\">En d\u00eda de la Mujer se conoce que teniente fue violada por un superior, en Brigada 16 de Yopal<\/a><\/p><\/blockquote>\n<p><iframe loading=\"lazy\" class=\"wp-embedded-content\" sandbox=\"allow-scripts\" security=\"restricted\" style=\"position: absolute; clip: rect(1px, 1px, 1px, 1px);\" title=\"\u00abEn d\u00eda de la Mujer se conoce que teniente fue violada por un superior, en Brigada 16 de Yopal\u00bb \u2014 \u25b7 Noticias de Casanare : Martha Cifuentes | Casanare\" src=\"https:\/\/marthacifuentes.com\/portada\/2022\/03\/08\/en-dia-de-la-mujer-se-conoce-que-teniente-fue-violada-por-un-superior-en-brigada-16-de-yopal\/embed\/#?secret=HF68gQfy7p#?secret=rMnC4SLXgA\" data-secret=\"rMnC4SLXgA\" width=\"500\" height=\"282\" frameborder=\"0\" marginwidth=\"0\" marginheight=\"0\" scrolling=\"no\"><\/iframe><\/p>\n<p><iframe loading=\"lazy\" class=\"wp-embedded-content\" title=\"\u00abSuperservicios requiere a la Eaaay sobre recolecci\u00f3n de basuras en volquetas\u00bb \u2014 \u25b7 Noticias de Casanare : Martha Cifuentes | Casanare\" src=\"https:\/\/marthacifuentes.com\/portada\/2022\/03\/08\/superservicios-requiere-a-la-eaaay-sobre-recoleccion-de-basuras-en-volquetas\/embed\/#?secret=xn4oiXsvcO\" width=\"600\" height=\"621\" frameborder=\"0\" marginwidth=\"0\" marginheight=\"0\" scrolling=\"no\" sandbox=\"allow-scripts\" data-secret=\"xn4oiXsvcO\" data-mce-fragment=\"1\"><\/iframe><\/p>\n<p><iframe loading=\"lazy\" class=\"wp-embedded-content\" title=\"\u00abParece que ahora s\u00ed Consejo Directivo podr\u00e1 elegir director de Corporinoquia. Procuradur\u00eda neg\u00f3 recusaciones contra consejeros.\u00bb \u2014 \u25b7 Noticias de Casanare : Martha Cifuentes | Casanare\" src=\"https:\/\/marthacifuentes.com\/portada\/2022\/03\/08\/parece-que-ahora-si-consejo-directivo-podra-elegir-director-de-corporinoquia-procuraduria-nego-recusaciones-contra-consejeros\/embed\/#?secret=JZGZOHp1TI\" width=\"600\" height=\"649\" frameborder=\"0\" marginwidth=\"0\" marginheight=\"0\" scrolling=\"no\" sandbox=\"allow-scripts\" data-secret=\"JZGZOHp1TI\" data-mce-fragment=\"1\"><\/iframe><\/p>\n<p><iframe loading=\"lazy\" class=\"wp-embedded-content\" title=\"\u00abAlcaldesa de Paz de Ariporo niega estar haciendo campa\u00f1a pol\u00edtica a favor de candidatos del Centro Democr\u00e1tico\u00bb \u2014 \u25b7 Noticias de Casanare : Martha Cifuentes | Casanare\" src=\"https:\/\/marthacifuentes.com\/portada\/2022\/03\/07\/alcaldesa-de-paz-de-ariporo-niega-estar-haciendo-campana-politica-a-favor-de-candidatos-del-centro-democratico\/embed\/#?secret=Xku6dMIhIP\" width=\"600\" height=\"649\" frameborder=\"0\" marginwidth=\"0\" marginheight=\"0\" scrolling=\"no\" sandbox=\"allow-scripts\" data-secret=\"Xku6dMIhIP\" data-mce-fragment=\"1\"><\/iframe><\/p>\n<p><iframe loading=\"lazy\" class=\"wp-embedded-content\" title=\"\u00abCamilo Abril Jaimes, exparlamentario de Casanare alerta sobre posible \u201coferta de venta\u201d de votos tras encuestas\u00bb \u2014 \u25b7 Noticias de Casanare : Martha Cifuentes | Casanare\" src=\"https:\/\/marthacifuentes.com\/portada\/2022\/03\/07\/camilo-abril-jaimes-exparlamentario-de-casanare-alerta-sobre-posible-oferta-de-venta-de-votos-tras-encuestas\/embed\/#?secret=yXX4rKSCqW\" width=\"600\" height=\"649\" frameborder=\"0\" marginwidth=\"0\" marginheight=\"0\" scrolling=\"no\" sandbox=\"allow-scripts\" data-secret=\"yXX4rKSCqW\" data-mce-fragment=\"1\"><\/iframe><\/p>\n<p><iframe loading=\"lazy\" class=\"wp-embedded-content\" title=\"\u00abUn centenar de amigos de Alirio Barrera no apoyar\u00e1n candidatos a la C\u00e1mara sino a Hugo Archila del partido Liberal\u00bb \u2014 \u25b7 Noticias de Casanare : Martha Cifuentes | Casanare\" src=\"https:\/\/marthacifuentes.com\/portada\/2022\/03\/07\/un-centenar-de-amigos-de-alirio-barrera-no-apoyaran-candidatos-a-la-camara-sino-a-hugo-archila-del-partido-liberal\/embed\/#?secret=AHl2bTqJaS\" width=\"600\" height=\"649\" frameborder=\"0\" marginwidth=\"0\" marginheight=\"0\" scrolling=\"no\" sandbox=\"allow-scripts\" data-secret=\"AHl2bTqJaS\" data-mce-fragment=\"1\"><\/iframe><\/p>\n<p><iframe loading=\"lazy\" class=\"wp-embedded-content\" title=\"\u00abAlirio Barrera \u201ccoquetea\u201d con Fico Guti\u00e9rrez mientras que Marco Tulio Ru\u00edz lo apoya de frente\u00bb \u2014 \u25b7 Noticias de Casanare : Martha Cifuentes | Casanare\" src=\"https:\/\/marthacifuentes.com\/portada\/2022\/03\/07\/alirio-barrera-coquetea-con-fico-gutierrez-mientras-que-marco-tulio-ruiz-lo-apoya-de-frente\/embed\/#?secret=PjSvmI7Wj5\" width=\"600\" height=\"621\" frameborder=\"0\" marginwidth=\"0\" marginheight=\"0\" scrolling=\"no\" sandbox=\"allow-scripts\" data-secret=\"PjSvmI7Wj5\" data-mce-fragment=\"1\"><\/iframe><\/p>\n<p>&nbsp;<\/p>\n","protected":false},"excerpt":{"rendered":"<p>El candidato a la C\u00e1mara de Representantes por Casanare por el partido Centro Democr\u00e1tico, Vladimir Olaya, podr\u00eda estar inhabilitado para ser electo, en virtud de la sentencia 0031 de enero 29 de 2019 del Consejo de Estado que estableci\u00f3 que la inhabilidad en t\u00e9rminos de tiempo, para los aspirantes al Congreso se toma desde el &hellip;<\/p>\n","protected":false},"author":2,"featured_media":28569,"comment_status":"open","ping_status":"open","sticky":false,"template":"","format":"standard","meta":{"om_disable_all_campaigns":false,"_exactmetrics_skip_tracking":false,"_exactmetrics_sitenote_active":false,"_exactmetrics_sitenote_note":"","_exactmetrics_sitenote_category":0,"_monsterinsights_skip_tracking":false,"_monsterinsights_sitenote_active":false,"_monsterinsights_sitenote_note":"","_monsterinsights_sitenote_category":0,"_uf_show_specific_survey":0,"_uf_disable_surveys":false,"_joinchat":[],"footnotes":""},"categories":[147,146,145],"tags":[2236,1373,1372,6970,6969,1376],"class_list":["post-28568","post","type-post","status-publish","format-standard","has-post-thumbnail","hentry","category-actualidad","category-noticias","category-reportajes","tag-aguazul-noticias","tag-casanare-noticias","tag-noticias-de-casanare","tag-sentencia-consejo-de-estado-dejaria-inhabilitado-a-candidato-del-centro-democratico-a-la-camara-por-casanare","tag-vladimir-olaya-candidato-a-la-camara-por-casanare-inhabilidad","tag-yopal-noticias"],"yoast_head":"<!-- This site is optimized with the Yoast SEO plugin v26.1 - https:\/\/yoast.com\/wordpress\/plugins\/seo\/ -->\n<title>Vladimir Olaya, sigue con el fantasma de la inhabilidad. Sentencia Unificada del Consejo de Estado lo afectar\u00eda. - \u25b7 Noticias de Casanare : Martha Cifuentes | Casanare<\/title>\n<meta name=\"robots\" content=\"index, follow, max-snippet:-1, max-image-preview:large, max-video-preview:-1\" \/>\n<link rel=\"canonical\" href=\"https:\/\/marthacifuentes.com\/portada\/vladimir-olaya-sigue-con-el-fantasma-de-la-inhabilidad-sentencia-unificada-del-consejo-de-estado-lo-afectaria\/\" \/>\n<meta property=\"og:locale\" content=\"es_ES\" \/>\n<meta property=\"og:type\" content=\"article\" \/>\n<meta property=\"og:title\" content=\"Vladimir Olaya, sigue con el fantasma de la inhabilidad. Sentencia Unificada del Consejo de Estado lo afectar\u00eda. - \u25b7 Noticias de Casanare : Martha Cifuentes | Casanare\" \/>\n<meta property=\"og:description\" content=\"El candidato a la C\u00e1mara de Representantes por Casanare por el partido Centro Democr\u00e1tico, Vladimir Olaya, podr\u00eda estar inhabilitado para ser electo, en virtud de la sentencia 0031 de enero 29 de 2019 del Consejo de Estado que estableci\u00f3 que la inhabilidad en t\u00e9rminos de tiempo, para los aspirantes al Congreso se toma desde el &hellip;\" \/>\n<meta property=\"og:url\" content=\"https:\/\/marthacifuentes.com\/portada\/vladimir-olaya-sigue-con-el-fantasma-de-la-inhabilidad-sentencia-unificada-del-consejo-de-estado-lo-afectaria\/\" \/>\n<meta property=\"og:site_name\" content=\"\u25b7 Noticias de Casanare : Martha Cifuentes | Casanare\" \/>\n<meta property=\"article:published_time\" content=\"2022-03-09T16:53:54+00:00\" \/>\n<meta property=\"article:modified_time\" content=\"2022-03-09T16:57:45+00:00\" \/>\n<meta property=\"og:image\" content=\"https:\/\/marthacifuentes.com\/portada\/wp-content\/uploads\/2022\/03\/vladimir-olaya-mancipe.jpg\" \/>\n\t<meta property=\"og:image:width\" content=\"715\" \/>\n\t<meta property=\"og:image:height\" content=\"474\" \/>\n\t<meta property=\"og:image:type\" content=\"image\/jpeg\" \/>\n<meta name=\"author\" content=\"Martha Cifuentes\" \/>\n<meta name=\"twitter:card\" content=\"summary_large_image\" \/>\n<meta name=\"twitter:label1\" content=\"Escrito por\" \/>\n\t<meta name=\"twitter:data1\" content=\"Martha Cifuentes\" \/>\n\t<meta name=\"twitter:label2\" content=\"Tiempo de lectura\" \/>\n\t<meta name=\"twitter:data2\" content=\"3 minutos\" \/>\n<script type=\"application\/ld+json\" class=\"yoast-schema-graph\">{\"@context\":\"https:\/\/schema.org\",\"@graph\":[{\"@type\":\"WebPage\",\"@id\":\"https:\/\/marthacifuentes.com\/portada\/vladimir-olaya-sigue-con-el-fantasma-de-la-inhabilidad-sentencia-unificada-del-consejo-de-estado-lo-afectaria\/\",\"url\":\"https:\/\/marthacifuentes.com\/portada\/vladimir-olaya-sigue-con-el-fantasma-de-la-inhabilidad-sentencia-unificada-del-consejo-de-estado-lo-afectaria\/\",\"name\":\"Vladimir Olaya, sigue con el fantasma de la inhabilidad. Sentencia Unificada del Consejo de Estado lo afectar\u00eda. - \u25b7 Noticias de Casanare : Martha Cifuentes | Casanare\",\"isPartOf\":{\"@id\":\"https:\/\/marthacifuentes.com\/portada\/#website\"},\"primaryImageOfPage\":{\"@id\":\"https:\/\/marthacifuentes.com\/portada\/vladimir-olaya-sigue-con-el-fantasma-de-la-inhabilidad-sentencia-unificada-del-consejo-de-estado-lo-afectaria\/#primaryimage\"},\"image\":{\"@id\":\"https:\/\/marthacifuentes.com\/portada\/vladimir-olaya-sigue-con-el-fantasma-de-la-inhabilidad-sentencia-unificada-del-consejo-de-estado-lo-afectaria\/#primaryimage\"},\"thumbnailUrl\":\"https:\/\/marthacifuentes.com\/portada\/wp-content\/uploads\/2022\/03\/vladimir-olaya-mancipe.jpg\",\"datePublished\":\"2022-03-09T16:53:54+00:00\",\"dateModified\":\"2022-03-09T16:57:45+00:00\",\"author\":{\"@id\":\"https:\/\/marthacifuentes.com\/portada\/#\/schema\/person\/57f53174b991db5f90ff78d58502b714\"},\"breadcrumb\":{\"@id\":\"https:\/\/marthacifuentes.com\/portada\/vladimir-olaya-sigue-con-el-fantasma-de-la-inhabilidad-sentencia-unificada-del-consejo-de-estado-lo-afectaria\/#breadcrumb\"},\"inLanguage\":\"es\",\"potentialAction\":[{\"@type\":\"ReadAction\",\"target\":[\"https:\/\/marthacifuentes.com\/portada\/vladimir-olaya-sigue-con-el-fantasma-de-la-inhabilidad-sentencia-unificada-del-consejo-de-estado-lo-afectaria\/\"]}]},{\"@type\":\"ImageObject\",\"inLanguage\":\"es\",\"@id\":\"https:\/\/marthacifuentes.com\/portada\/vladimir-olaya-sigue-con-el-fantasma-de-la-inhabilidad-sentencia-unificada-del-consejo-de-estado-lo-afectaria\/#primaryimage\",\"url\":\"https:\/\/marthacifuentes.com\/portada\/wp-content\/uploads\/2022\/03\/vladimir-olaya-mancipe.jpg\",\"contentUrl\":\"https:\/\/marthacifuentes.com\/portada\/wp-content\/uploads\/2022\/03\/vladimir-olaya-mancipe.jpg\",\"width\":715,\"height\":474},{\"@type\":\"BreadcrumbList\",\"@id\":\"https:\/\/marthacifuentes.com\/portada\/vladimir-olaya-sigue-con-el-fantasma-de-la-inhabilidad-sentencia-unificada-del-consejo-de-estado-lo-afectaria\/#breadcrumb\",\"itemListElement\":[{\"@type\":\"ListItem\",\"position\":1,\"name\":\"Portada\",\"item\":\"https:\/\/marthacifuentes.com\/portada\/\"},{\"@type\":\"ListItem\",\"position\":2,\"name\":\"Vladimir Olaya, sigue con el fantasma de la inhabilidad. Sentencia Unificada del Consejo de Estado lo afectar\u00eda.\"}]},{\"@type\":\"WebSite\",\"@id\":\"https:\/\/marthacifuentes.com\/portada\/#website\",\"url\":\"https:\/\/marthacifuentes.com\/portada\/\",\"name\":\"\u25b7 Noticias de Casanare : Martha Cifuentes | Casanare\",\"description\":\"Noticias &amp; Contenidos\",\"potentialAction\":[{\"@type\":\"SearchAction\",\"target\":{\"@type\":\"EntryPoint\",\"urlTemplate\":\"https:\/\/marthacifuentes.com\/portada\/?s={search_term_string}\"},\"query-input\":{\"@type\":\"PropertyValueSpecification\",\"valueRequired\":true,\"valueName\":\"search_term_string\"}}],\"inLanguage\":\"es\"},{\"@type\":\"Person\",\"@id\":\"https:\/\/marthacifuentes.com\/portada\/#\/schema\/person\/57f53174b991db5f90ff78d58502b714\",\"name\":\"Martha Cifuentes\",\"image\":{\"@type\":\"ImageObject\",\"inLanguage\":\"es\",\"@id\":\"https:\/\/marthacifuentes.com\/portada\/#\/schema\/person\/image\/\",\"url\":\"http:\/\/marthacifuentes.com\/portada\/wp-content\/uploads\/2018\/06\/avatar_user_2_1528838701-96x96.jpg\",\"contentUrl\":\"http:\/\/marthacifuentes.com\/portada\/wp-content\/uploads\/2018\/06\/avatar_user_2_1528838701-96x96.jpg\",\"caption\":\"Martha Cifuentes\"},\"sameAs\":[\"http:\/\/www.marthacifuentes.com\"],\"url\":\"https:\/\/marthacifuentes.com\/portada\/author\/martha\/\"}]}<\/script>\n<!-- \/ Yoast SEO plugin. -->","yoast_head_json":{"title":"Vladimir Olaya, sigue con el fantasma de la inhabilidad. Sentencia Unificada del Consejo de Estado lo afectar\u00eda. - \u25b7 Noticias de Casanare : Martha Cifuentes | Casanare","robots":{"index":"index","follow":"follow","max-snippet":"max-snippet:-1","max-image-preview":"max-image-preview:large","max-video-preview":"max-video-preview:-1"},"canonical":"https:\/\/marthacifuentes.com\/portada\/vladimir-olaya-sigue-con-el-fantasma-de-la-inhabilidad-sentencia-unificada-del-consejo-de-estado-lo-afectaria\/","og_locale":"es_ES","og_type":"article","og_title":"Vladimir Olaya, sigue con el fantasma de la inhabilidad. Sentencia Unificada del Consejo de Estado lo afectar\u00eda. - \u25b7 Noticias de Casanare : Martha Cifuentes | Casanare","og_description":"El candidato a la C\u00e1mara de Representantes por Casanare por el partido Centro Democr\u00e1tico, Vladimir Olaya, podr\u00eda estar inhabilitado para ser electo, en virtud de la sentencia 0031 de enero 29 de 2019 del Consejo de Estado que estableci\u00f3 que la inhabilidad en t\u00e9rminos de tiempo, para los aspirantes al Congreso se toma desde el &hellip;","og_url":"https:\/\/marthacifuentes.com\/portada\/vladimir-olaya-sigue-con-el-fantasma-de-la-inhabilidad-sentencia-unificada-del-consejo-de-estado-lo-afectaria\/","og_site_name":"\u25b7 Noticias de Casanare : Martha Cifuentes | Casanare","article_published_time":"2022-03-09T16:53:54+00:00","article_modified_time":"2022-03-09T16:57:45+00:00","og_image":[{"width":715,"height":474,"url":"https:\/\/marthacifuentes.com\/portada\/wp-content\/uploads\/2022\/03\/vladimir-olaya-mancipe.jpg","type":"image\/jpeg"}],"author":"Martha Cifuentes","twitter_card":"summary_large_image","twitter_misc":{"Escrito por":"Martha Cifuentes","Tiempo de lectura":"3 minutos"},"schema":{"@context":"https:\/\/schema.org","@graph":[{"@type":"WebPage","@id":"https:\/\/marthacifuentes.com\/portada\/vladimir-olaya-sigue-con-el-fantasma-de-la-inhabilidad-sentencia-unificada-del-consejo-de-estado-lo-afectaria\/","url":"https:\/\/marthacifuentes.com\/portada\/vladimir-olaya-sigue-con-el-fantasma-de-la-inhabilidad-sentencia-unificada-del-consejo-de-estado-lo-afectaria\/","name":"Vladimir Olaya, sigue con el fantasma de la inhabilidad. Sentencia Unificada del Consejo de Estado lo afectar\u00eda. - \u25b7 Noticias de Casanare : Martha Cifuentes | Casanare","isPartOf":{"@id":"https:\/\/marthacifuentes.com\/portada\/#website"},"primaryImageOfPage":{"@id":"https:\/\/marthacifuentes.com\/portada\/vladimir-olaya-sigue-con-el-fantasma-de-la-inhabilidad-sentencia-unificada-del-consejo-de-estado-lo-afectaria\/#primaryimage"},"image":{"@id":"https:\/\/marthacifuentes.com\/portada\/vladimir-olaya-sigue-con-el-fantasma-de-la-inhabilidad-sentencia-unificada-del-consejo-de-estado-lo-afectaria\/#primaryimage"},"thumbnailUrl":"https:\/\/marthacifuentes.com\/portada\/wp-content\/uploads\/2022\/03\/vladimir-olaya-mancipe.jpg","datePublished":"2022-03-09T16:53:54+00:00","dateModified":"2022-03-09T16:57:45+00:00","author":{"@id":"https:\/\/marthacifuentes.com\/portada\/#\/schema\/person\/57f53174b991db5f90ff78d58502b714"},"breadcrumb":{"@id":"https:\/\/marthacifuentes.com\/portada\/vladimir-olaya-sigue-con-el-fantasma-de-la-inhabilidad-sentencia-unificada-del-consejo-de-estado-lo-afectaria\/#breadcrumb"},"inLanguage":"es","potentialAction":[{"@type":"ReadAction","target":["https:\/\/marthacifuentes.com\/portada\/vladimir-olaya-sigue-con-el-fantasma-de-la-inhabilidad-sentencia-unificada-del-consejo-de-estado-lo-afectaria\/"]}]},{"@type":"ImageObject","inLanguage":"es","@id":"https:\/\/marthacifuentes.com\/portada\/vladimir-olaya-sigue-con-el-fantasma-de-la-inhabilidad-sentencia-unificada-del-consejo-de-estado-lo-afectaria\/#primaryimage","url":"https:\/\/marthacifuentes.com\/portada\/wp-content\/uploads\/2022\/03\/vladimir-olaya-mancipe.jpg","contentUrl":"https:\/\/marthacifuentes.com\/portada\/wp-content\/uploads\/2022\/03\/vladimir-olaya-mancipe.jpg","width":715,"height":474},{"@type":"BreadcrumbList","@id":"https:\/\/marthacifuentes.com\/portada\/vladimir-olaya-sigue-con-el-fantasma-de-la-inhabilidad-sentencia-unificada-del-consejo-de-estado-lo-afectaria\/#breadcrumb","itemListElement":[{"@type":"ListItem","position":1,"name":"Portada","item":"https:\/\/marthacifuentes.com\/portada\/"},{"@type":"ListItem","position":2,"name":"Vladimir Olaya, sigue con el fantasma de la inhabilidad. Sentencia Unificada del Consejo de Estado lo afectar\u00eda."}]},{"@type":"WebSite","@id":"https:\/\/marthacifuentes.com\/portada\/#website","url":"https:\/\/marthacifuentes.com\/portada\/","name":"\u25b7 Noticias de Casanare : Martha Cifuentes | Casanare","description":"Noticias &amp; Contenidos","potentialAction":[{"@type":"SearchAction","target":{"@type":"EntryPoint","urlTemplate":"https:\/\/marthacifuentes.com\/portada\/?s={search_term_string}"},"query-input":{"@type":"PropertyValueSpecification","valueRequired":true,"valueName":"search_term_string"}}],"inLanguage":"es"},{"@type":"Person","@id":"https:\/\/marthacifuentes.com\/portada\/#\/schema\/person\/57f53174b991db5f90ff78d58502b714","name":"Martha Cifuentes","image":{"@type":"ImageObject","inLanguage":"es","@id":"https:\/\/marthacifuentes.com\/portada\/#\/schema\/person\/image\/","url":"http:\/\/marthacifuentes.com\/portada\/wp-content\/uploads\/2018\/06\/avatar_user_2_1528838701-96x96.jpg","contentUrl":"http:\/\/marthacifuentes.com\/portada\/wp-content\/uploads\/2018\/06\/avatar_user_2_1528838701-96x96.jpg","caption":"Martha Cifuentes"},"sameAs":["http:\/\/www.marthacifuentes.com"],"url":"https:\/\/marthacifuentes.com\/portada\/author\/martha\/"}]}},"_links":{"self":[{"href":"https:\/\/marthacifuentes.com\/portada\/wp-json\/wp\/v2\/posts\/28568","targetHints":{"allow":["GET"]}}],"collection":[{"href":"https:\/\/marthacifuentes.com\/portada\/wp-json\/wp\/v2\/posts"}],"about":[{"href":"https:\/\/marthacifuentes.com\/portada\/wp-json\/wp\/v2\/types\/post"}],"author":[{"embeddable":true,"href":"https:\/\/marthacifuentes.com\/portada\/wp-json\/wp\/v2\/users\/2"}],"replies":[{"embeddable":true,"href":"https:\/\/marthacifuentes.com\/portada\/wp-json\/wp\/v2\/comments?post=28568"}],"version-history":[{"count":3,"href":"https:\/\/marthacifuentes.com\/portada\/wp-json\/wp\/v2\/posts\/28568\/revisions"}],"predecessor-version":[{"id":28575,"href":"https:\/\/marthacifuentes.com\/portada\/wp-json\/wp\/v2\/posts\/28568\/revisions\/28575"}],"wp:featuredmedia":[{"embeddable":true,"href":"https:\/\/marthacifuentes.com\/portada\/wp-json\/wp\/v2\/media\/28569"}],"wp:attachment":[{"href":"https:\/\/marthacifuentes.com\/portada\/wp-json\/wp\/v2\/media?parent=28568"}],"wp:term":[{"taxonomy":"category","embeddable":true,"href":"https:\/\/marthacifuentes.com\/portada\/wp-json\/wp\/v2\/categories?post=28568"},{"taxonomy":"post_tag","embeddable":true,"href":"https:\/\/marthacifuentes.com\/portada\/wp-json\/wp\/v2\/tags?post=28568"}],"curies":[{"name":"wp","href":"https:\/\/api.w.org\/{rel}","templated":true}]}}