{"id":28590,"date":"2022-03-09T16:56:07","date_gmt":"2022-03-09T21:56:07","guid":{"rendered":"https:\/\/marthacifuentes.com\/portada\/?p=28590"},"modified":"2022-03-09T17:02:45","modified_gmt":"2022-03-09T22:02:45","slug":"exgobernador-de-casanare-alirio-barrera-busca-ser-el-candidato-al-senado-mas-votado-del-centro-democratico","status":"publish","type":"post","link":"https:\/\/marthacifuentes.com\/portada\/exgobernador-de-casanare-alirio-barrera-busca-ser-el-candidato-al-senado-mas-votado-del-centro-democratico\/","title":{"rendered":"Exgobernador de Casanare Alirio Barrera busca ser el candidato al Senado m\u00e1s votado del Centro Democr\u00e1tico"},"content":{"rendered":"<p style=\"text-align: right;\"><strong>#Publicidad Pol\u00edtica Pagada <\/strong><\/p>\n<p style=\"text-align: justify;\">Con un perfil similar al de \u00c1lvaro Uribe, candidato presidencial del 2002, Alirio Barrera, un campesino de laureada gesti\u00f3n como gobernador, est\u00e1 logrando una evidente acogida en el pa\u00eds; a caballo, con dichos populares y frentero al hablar hace su campa\u00f1a al Senado en el segundo puesto. \u00bfC\u00f3mo est\u00e1n las cosas adentro del CD?<\/p>\n<p style=\"text-align: justify;\">Las matem\u00e1ticas para el Centro Democr\u00e1tico no son f\u00e1ciles por estos d\u00edas, y peor a\u00fan teniendo en cuenta que su l\u00edder natural, el expresidente Uribe no estar\u00e1 en la contienda electoral.<\/p>\n<p style=\"text-align: justify;\">Cuentas dentro del partido aceptan con preocupaci\u00f3n que se perder\u00e1n varios esca\u00f1os, de hecho, entre sus predicciones conf\u00edan lograr m\u00e1s de diez curules, pero no las mismas 19 con las que llegaron a esta vigencia legislativa.<\/p>\n<p style=\"text-align: justify;\">Una medici\u00f3n que han hecho dentro de la colectividad, y la cual no han decidido hacerla p\u00fablica, se habla de \u201calgunos senadores fijos\u201d entre los cuales sobresalen figuras como Miguel Uribe Turbay, Mar\u00eda Fernanda Cabal, Alirio Barrea, Edward Rodr\u00edguez, Santiago Valencia, Paloma Valencia, Enrique Cabrales, Milla Romero, Honorio Henr\u00edquez, Paola Holgu\u00edn, Mar\u00eda Ang\u00e9lica Guerra, Ciro Ram\u00edrez, Alejandro Corrales y Daniel Garc\u00eda Arizabaleta.<\/p>\n<p style=\"text-align: justify;\">Sin embargo, gratamente sorprendido est\u00e1 el expresidente Uribe en su recorrido de volanteo por el pa\u00eds, donde en cada lugar le aclaman el nombre de Alirio Barrera. De hecho, en el Meta, las vivas y la acogida para Barrera fue m\u00e1s fuerte que para el propio Uribe.<\/p>\n<p style=\"text-align: justify;\">Y es que para nadie es un secreto la acogida que ha logrado Alirio Barrera desde su precandidatura por la presidencia, pues ahora, como era de esperarse, en todo el pa\u00eds, el respaldo que ha encontrado ha provocado que desde la dirigencia del partido Centro Democr\u00e1tico finquen sus esperanzas en Barrera, para que logre ser, por lo menos, de los congresistas m\u00e1s votados en las legislativas.<\/p>\n<p>&nbsp;<\/p>\n<p style=\"text-align: justify;\"><strong>\u00bfPara qu\u00e9 ser el m\u00e1s votado?<\/strong><\/p>\n<p style=\"text-align: justify;\">Seg\u00fan el polit\u00f3logo e internacionalista de la Universidad del Rosario, Libardo Hern\u00e1ndez Hidalgo, \u201cun senador que llegue al Congreso de la rep\u00fablica rodeando los 50 mil votos, entra \u2018raspando\u2019, como se dice coloquialmente, esto es complejo a sabiendas la dif\u00edcil situaci\u00f3n de las bancadas, al no haber grandes jalonadores de curules como \u00c1lvaro Uribe, Antanas Mockus, Jorge Robledo, entre otros, por lo que su nivel de injerencia se ver\u00eda limitado incluso en la discusi\u00f3n del presupuesto general de la naci\u00f3n\u201d.<\/p>\n<p style=\"text-align: justify;\">El mismo exgobernador de Casanare, Alirio Barrera, ha reconocido en entrevistas que \u201cUn departamento que sale con pocos votos as\u00ed mismo lo tratan en la distribuci\u00f3n de recursos o inversi\u00f3n \u2013 e insiste Barrera que- por eso es necesario que salgamos a votar, que demostremos que tenemos fuerza electoral y poder de decisi\u00f3n\u201d.<\/p>\n<p style=\"text-align: justify;\">\u201cSi Barrera lograra rebasar el r\u00e9cord de los 150 mil votos, se convertir\u00eda en uno de los m\u00e1s influyentes senadores del pa\u00eds, lo que le otorgar\u00eda la posibilidad de ganar importantes gestiones para su caudal electoral y por supuesto para un nuevo y atractivo modelo de hacer pol\u00edtica\u201d puntualiza Hern\u00e1ndez Hidalgo.<\/p>\n<p style=\"text-align: justify;\"><img loading=\"lazy\" decoding=\"async\" class=\"wp-image-28592 aligncenter\" src=\"https:\/\/marthacifuentes.com\/portada\/wp-content\/uploads\/2022\/03\/WhatsApp-Image-2022-03-09-at-10.08.20-AM.jpeg\" alt=\"\" width=\"381\" height=\"450\" srcset=\"https:\/\/marthacifuentes.com\/portada\/wp-content\/uploads\/2022\/03\/WhatsApp-Image-2022-03-09-at-10.08.20-AM.jpeg 868w, https:\/\/marthacifuentes.com\/portada\/wp-content\/uploads\/2022\/03\/WhatsApp-Image-2022-03-09-at-10.08.20-AM-254x300.jpeg 254w, https:\/\/marthacifuentes.com\/portada\/wp-content\/uploads\/2022\/03\/WhatsApp-Image-2022-03-09-at-10.08.20-AM-768x906.jpeg 768w\" sizes=\"auto, (max-width: 381px) 100vw, 381px\" \/><\/p>\n<p>&nbsp;<\/p>\n<p style=\"text-align: justify;\"><strong>El \u2018gallo tapado\u2019<\/strong><\/p>\n<p style=\"text-align: justify;\">La vida de Alirio Barrera, un amansador de caballos y empresario inmobiliario del Casanare de 44 a\u00f1os, cambi\u00f3 totalmente el 31 de julio de 2010.<\/p>\n<p style=\"text-align: justify;\">El mismo Uribe invit\u00f3 a Barrera a ser candidato por el Centro Democr\u00e1tico a la Gobernaci\u00f3n de Casanare en 2015, la cual gan\u00f3 contra todos los pron\u00f3sticos y por una amplia diferencia.<\/p>\n<p style=\"text-align: justify;\">Cuatro a\u00f1os despu\u00e9s, Josu\u00e9 Alirio Barrera termin\u00f3 su mandato. Al cerrar su administraci\u00f3n no ten\u00eda una sola investigaci\u00f3n, ni siquiera una queja; por el contrario, se alz\u00f3 como el gobernador l\u00edder en transparencia, pag\u00f3 todas las deudas de su departamento, implement\u00f3 cuatro universidades p\u00fablicas en Casanare y fue el mejor gobernador del pa\u00eds durante cuatro a\u00f1os consecutivos.<\/p>\n<p style=\"text-align: justify;\">Con tales resultados, a pesar de ser el \u00fanico gobernador del Centro Democr\u00e1tico en el gobierno de Juan Manuel Santos, este hombre se convirti\u00f3 en una pieza clave para \u00c1lvaro Uribe, una especie de \u2018gallo tapado\u2019.<\/p>\n<p style=\"text-align: justify;\">El Centro Democr\u00e1tico convino para el mes de septiembre empezar su proceso de escogencia para definir qu\u00e9 candidato ir\u00eda a la disputa por la presidencia, y all\u00ed, faltando 15 minutos para el cierre de las inscripciones de precandidatos la sorpresa fue la aparici\u00f3n del campesino Alirio Barrera, quien de entrada no fue un asunto muy c\u00f3modo para los dem\u00e1s oponentes, quienes \u201cno lo ve\u00edan a nivel\u201d revel\u00f3 una fuente al interior del partido y porque se dijo en los corrillos que ser\u00eda el \u2018gallo tapado de Uribe\u2019 a tal punto que su hijo Tom\u00e1s, varias veces dej\u00f3 ver su favoritismo para el casanare\u00f1o.<\/p>\n<p style=\"text-align: justify;\">A pesar de no haber ganado la consulta interna, Alirio qued\u00f3 listo para ir al Senado, y por petici\u00f3n nuevamente del exsenador Uribe, Barrera accedi\u00f3 e inici\u00f3 campa\u00f1a.<\/p>\n<p style=\"text-align: justify;\">Yopal (su tierra), Bogot\u00e1, Cartagena, Barranquilla, Santa Marta, Arauca, Tame, Villavicencio, Ibagu\u00e9, Tunja, Sogamoso, entre otras ciudades, han sido epicentro de multitudinarias reuniones del considerado fen\u00f3meno pol\u00edtico, o la revelaci\u00f3n, o unos m\u00e1s lo llaman \u2018el candidato estrella del Centro Democr\u00e1tico\u2019, con lo que se ha prestado para decir que Barrera debi\u00f3 ser el candidato del uribismo y que sus reuniones se asemejan a las de Gustavo Petro.<\/p>\n<p style=\"text-align: justify;\">En este recorrido, se estima que Alirio ha congregado al menos a unas 200 mil personas, sin embargo, aunque la prensa le pregunta sobre el tema en particular, este campesino, de lenguaje claro e ideas de base absolutamente popular responde con un adagio popular \u201cdespu\u00e9s de la quema es cuando se ve el humo, ac\u00e1 a\u00fan no se ha ganado nada, estamos buscando los voticos en cada rinc\u00f3n del pa\u00eds, gan\u00e1ndonos el cari\u00f1o de la gente\u201d.<\/p>\n<h4><strong>Otras noticias&#8230;<\/strong><\/h4>\n<p><iframe loading=\"lazy\" class=\"wp-embedded-content\" title=\"\u00abEn d\u00eda de la Mujer se conoce que teniente fue violada por un superior, en Brigada 16 de Yopal\u00bb \u2014 \u25b7 Noticias de Casanare : Martha Cifuentes | Casanare\" src=\"https:\/\/marthacifuentes.com\/portada\/2022\/03\/08\/en-dia-de-la-mujer-se-conoce-que-teniente-fue-violada-por-un-superior-en-brigada-16-de-yopal\/embed\/#?secret=qXoq47pP3q\" width=\"600\" height=\"599\" frameborder=\"0\" marginwidth=\"0\" marginheight=\"0\" scrolling=\"no\" sandbox=\"allow-scripts\" data-secret=\"qXoq47pP3q\" data-mce-fragment=\"1\"><\/iframe><\/p>\n<p><iframe loading=\"lazy\" class=\"wp-embedded-content\" title=\"\u00abSuperservicios requiere a la Eaaay sobre recolecci\u00f3n de basuras en volquetas\u00bb \u2014 \u25b7 Noticias de Casanare : Martha Cifuentes | Casanare\" src=\"https:\/\/marthacifuentes.com\/portada\/2022\/03\/08\/superservicios-requiere-a-la-eaaay-sobre-recoleccion-de-basuras-en-volquetas\/embed\/#?secret=xn4oiXsvcO\" width=\"600\" height=\"621\" frameborder=\"0\" marginwidth=\"0\" marginheight=\"0\" scrolling=\"no\" sandbox=\"allow-scripts\" data-secret=\"xn4oiXsvcO\" data-mce-fragment=\"1\"><\/iframe><\/p>\n<p><iframe loading=\"lazy\" class=\"wp-embedded-content\" title=\"\u00abParece que ahora s\u00ed Consejo Directivo podr\u00e1 elegir director de Corporinoquia. Procuradur\u00eda neg\u00f3 recusaciones contra consejeros.\u00bb \u2014 \u25b7 Noticias de Casanare : Martha Cifuentes | Casanare\" src=\"https:\/\/marthacifuentes.com\/portada\/2022\/03\/08\/parece-que-ahora-si-consejo-directivo-podra-elegir-director-de-corporinoquia-procuraduria-nego-recusaciones-contra-consejeros\/embed\/#?secret=JZGZOHp1TI\" width=\"600\" height=\"649\" frameborder=\"0\" marginwidth=\"0\" marginheight=\"0\" scrolling=\"no\" sandbox=\"allow-scripts\" data-secret=\"JZGZOHp1TI\" data-mce-fragment=\"1\"><\/iframe><\/p>\n<p><iframe loading=\"lazy\" class=\"wp-embedded-content\" title=\"\u00abAlcaldesa de Paz de Ariporo niega estar haciendo campa\u00f1a pol\u00edtica a favor de candidatos del Centro Democr\u00e1tico\u00bb \u2014 \u25b7 Noticias de Casanare : Martha Cifuentes | Casanare\" src=\"https:\/\/marthacifuentes.com\/portada\/2022\/03\/07\/alcaldesa-de-paz-de-ariporo-niega-estar-haciendo-campana-politica-a-favor-de-candidatos-del-centro-democratico\/embed\/#?secret=Xku6dMIhIP\" width=\"600\" height=\"649\" frameborder=\"0\" marginwidth=\"0\" marginheight=\"0\" scrolling=\"no\" sandbox=\"allow-scripts\" data-secret=\"Xku6dMIhIP\" data-mce-fragment=\"1\"><\/iframe><\/p>\n<p><iframe loading=\"lazy\" class=\"wp-embedded-content\" title=\"\u00abCamilo Abril Jaimes, exparlamentario de Casanare alerta sobre posible \u201coferta de venta\u201d de votos tras encuestas\u00bb \u2014 \u25b7 Noticias de Casanare : Martha Cifuentes | Casanare\" src=\"https:\/\/marthacifuentes.com\/portada\/2022\/03\/07\/camilo-abril-jaimes-exparlamentario-de-casanare-alerta-sobre-posible-oferta-de-venta-de-votos-tras-encuestas\/embed\/#?secret=yXX4rKSCqW\" width=\"600\" height=\"649\" frameborder=\"0\" marginwidth=\"0\" marginheight=\"0\" scrolling=\"no\" sandbox=\"allow-scripts\" data-secret=\"yXX4rKSCqW\" data-mce-fragment=\"1\"><\/iframe><\/p>\n<p><iframe loading=\"lazy\" class=\"wp-embedded-content\" title=\"\u00abUn centenar de amigos de Alirio Barrera no apoyar\u00e1n candidatos a la C\u00e1mara sino a Hugo Archila del partido Liberal\u00bb \u2014 \u25b7 Noticias de Casanare : Martha Cifuentes | Casanare\" src=\"https:\/\/marthacifuentes.com\/portada\/2022\/03\/07\/un-centenar-de-amigos-de-alirio-barrera-no-apoyaran-candidatos-a-la-camara-sino-a-hugo-archila-del-partido-liberal\/embed\/#?secret=AHl2bTqJaS\" width=\"600\" height=\"649\" frameborder=\"0\" marginwidth=\"0\" marginheight=\"0\" scrolling=\"no\" sandbox=\"allow-scripts\" data-secret=\"AHl2bTqJaS\" data-mce-fragment=\"1\"><\/iframe><\/p>\n<p><iframe loading=\"lazy\" class=\"wp-embedded-content\" title=\"\u00abAlirio Barrera \u201ccoquetea\u201d con Fico Guti\u00e9rrez mientras que Marco Tulio Ru\u00edz lo apoya de frente\u00bb \u2014 \u25b7 Noticias de Casanare : Martha Cifuentes | Casanare\" src=\"https:\/\/marthacifuentes.com\/portada\/2022\/03\/07\/alirio-barrera-coquetea-con-fico-gutierrez-mientras-que-marco-tulio-ruiz-lo-apoya-de-frente\/embed\/#?secret=PjSvmI7Wj5\" width=\"600\" height=\"621\" frameborder=\"0\" marginwidth=\"0\" marginheight=\"0\" scrolling=\"no\" sandbox=\"allow-scripts\" data-secret=\"PjSvmI7Wj5\" data-mce-fragment=\"1\"><\/iframe><\/p>\n<p>&nbsp;<\/p>\n","protected":false},"excerpt":{"rendered":"<p>#Publicidad Pol\u00edtica Pagada Con un perfil similar al de \u00c1lvaro Uribe, candidato presidencial del 2002, Alirio Barrera, un campesino de laureada gesti\u00f3n como gobernador, est\u00e1 logrando una evidente acogida en el pa\u00eds; a caballo, con dichos populares y frentero al hablar hace su campa\u00f1a al Senado en el segundo puesto. \u00bfC\u00f3mo est\u00e1n las cosas adentro &hellip;<\/p>\n","protected":false},"author":2,"featured_media":28591,"comment_status":"open","ping_status":"open","sticky":false,"template":"","format":"standard","meta":{"om_disable_all_campaigns":false,"_exactmetrics_skip_tracking":false,"_exactmetrics_sitenote_active":false,"_exactmetrics_sitenote_note":"","_exactmetrics_sitenote_category":0,"_monsterinsights_skip_tracking":false,"_monsterinsights_sitenote_active":false,"_monsterinsights_sitenote_note":"","_monsterinsights_sitenote_category":0,"_uf_show_specific_survey":0,"_uf_disable_surveys":false,"_joinchat":[],"footnotes":""},"categories":[147,148,146,145],"tags":[6982,6984,6983,1400,1376],"class_list":["post-28590","post","type-post","status-publish","format-standard","has-post-thumbnail","hentry","category-actualidad","category-entrevistas","category-noticias","category-reportajes","tag-alirio-barrera-candidato-al-senado-quiere-ser-el-mas-votado-del-centro-democratico","tag-alirio-barrera-y-alvaro-uribe-velez","tag-exgobernador-de-casanare-alirio-barrera-candidato-al-senado-centro-democratico","tag-noticias-casanare","tag-yopal-noticias"],"yoast_head":"<!-- This site is optimized with the Yoast SEO plugin v26.1 - https:\/\/yoast.com\/wordpress\/plugins\/seo\/ -->\n<title>Exgobernador de Casanare Alirio Barrera busca ser el candidato al Senado m\u00e1s votado del Centro Democr\u00e1tico - \u25b7 Noticias de Casanare : Martha Cifuentes | Casanare<\/title>\n<meta name=\"robots\" content=\"index, follow, max-snippet:-1, max-image-preview:large, max-video-preview:-1\" \/>\n<link rel=\"canonical\" href=\"https:\/\/marthacifuentes.com\/portada\/exgobernador-de-casanare-alirio-barrera-busca-ser-el-candidato-al-senado-mas-votado-del-centro-democratico\/\" \/>\n<meta property=\"og:locale\" content=\"es_ES\" \/>\n<meta property=\"og:type\" content=\"article\" \/>\n<meta property=\"og:title\" content=\"Exgobernador de Casanare Alirio Barrera busca ser el candidato al Senado m\u00e1s votado del Centro Democr\u00e1tico - \u25b7 Noticias de Casanare : Martha Cifuentes | Casanare\" \/>\n<meta property=\"og:description\" content=\"#Publicidad Pol\u00edtica Pagada Con un perfil similar al de \u00c1lvaro Uribe, candidato presidencial del 2002, Alirio Barrera, un campesino de laureada gesti\u00f3n como gobernador, est\u00e1 logrando una evidente acogida en el pa\u00eds; a caballo, con dichos populares y frentero al hablar hace su campa\u00f1a al Senado en el segundo puesto. \u00bfC\u00f3mo est\u00e1n las cosas adentro &hellip;\" \/>\n<meta property=\"og:url\" content=\"https:\/\/marthacifuentes.com\/portada\/exgobernador-de-casanare-alirio-barrera-busca-ser-el-candidato-al-senado-mas-votado-del-centro-democratico\/\" \/>\n<meta property=\"og:site_name\" content=\"\u25b7 Noticias de Casanare : Martha Cifuentes | Casanare\" \/>\n<meta property=\"article:published_time\" content=\"2022-03-09T21:56:07+00:00\" \/>\n<meta property=\"article:modified_time\" content=\"2022-03-09T22:02:45+00:00\" \/>\n<meta property=\"og:image\" content=\"https:\/\/marthacifuentes.com\/portada\/wp-content\/uploads\/2022\/03\/WhatsApp-Image-2022-03-09-at-10.08.21-AM.jpeg\" \/>\n\t<meta property=\"og:image:width\" content=\"1270\" \/>\n\t<meta property=\"og:image:height\" content=\"663\" \/>\n\t<meta property=\"og:image:type\" content=\"image\/jpeg\" \/>\n<meta name=\"author\" content=\"Martha Cifuentes\" \/>\n<meta name=\"twitter:card\" content=\"summary_large_image\" \/>\n<meta name=\"twitter:label1\" content=\"Escrito por\" \/>\n\t<meta name=\"twitter:data1\" content=\"Martha Cifuentes\" \/>\n\t<meta name=\"twitter:label2\" content=\"Tiempo de lectura\" \/>\n\t<meta name=\"twitter:data2\" content=\"5 minutos\" \/>\n<script type=\"application\/ld+json\" class=\"yoast-schema-graph\">{\"@context\":\"https:\/\/schema.org\",\"@graph\":[{\"@type\":\"WebPage\",\"@id\":\"https:\/\/marthacifuentes.com\/portada\/exgobernador-de-casanare-alirio-barrera-busca-ser-el-candidato-al-senado-mas-votado-del-centro-democratico\/\",\"url\":\"https:\/\/marthacifuentes.com\/portada\/exgobernador-de-casanare-alirio-barrera-busca-ser-el-candidato-al-senado-mas-votado-del-centro-democratico\/\",\"name\":\"Exgobernador de Casanare Alirio Barrera busca ser el candidato al Senado m\u00e1s votado del Centro Democr\u00e1tico - \u25b7 Noticias de Casanare : Martha Cifuentes | Casanare\",\"isPartOf\":{\"@id\":\"https:\/\/marthacifuentes.com\/portada\/#website\"},\"primaryImageOfPage\":{\"@id\":\"https:\/\/marthacifuentes.com\/portada\/exgobernador-de-casanare-alirio-barrera-busca-ser-el-candidato-al-senado-mas-votado-del-centro-democratico\/#primaryimage\"},\"image\":{\"@id\":\"https:\/\/marthacifuentes.com\/portada\/exgobernador-de-casanare-alirio-barrera-busca-ser-el-candidato-al-senado-mas-votado-del-centro-democratico\/#primaryimage\"},\"thumbnailUrl\":\"https:\/\/marthacifuentes.com\/portada\/wp-content\/uploads\/2022\/03\/WhatsApp-Image-2022-03-09-at-10.08.21-AM.jpeg\",\"datePublished\":\"2022-03-09T21:56:07+00:00\",\"dateModified\":\"2022-03-09T22:02:45+00:00\",\"author\":{\"@id\":\"https:\/\/marthacifuentes.com\/portada\/#\/schema\/person\/57f53174b991db5f90ff78d58502b714\"},\"breadcrumb\":{\"@id\":\"https:\/\/marthacifuentes.com\/portada\/exgobernador-de-casanare-alirio-barrera-busca-ser-el-candidato-al-senado-mas-votado-del-centro-democratico\/#breadcrumb\"},\"inLanguage\":\"es\",\"potentialAction\":[{\"@type\":\"ReadAction\",\"target\":[\"https:\/\/marthacifuentes.com\/portada\/exgobernador-de-casanare-alirio-barrera-busca-ser-el-candidato-al-senado-mas-votado-del-centro-democratico\/\"]}]},{\"@type\":\"ImageObject\",\"inLanguage\":\"es\",\"@id\":\"https:\/\/marthacifuentes.com\/portada\/exgobernador-de-casanare-alirio-barrera-busca-ser-el-candidato-al-senado-mas-votado-del-centro-democratico\/#primaryimage\",\"url\":\"https:\/\/marthacifuentes.com\/portada\/wp-content\/uploads\/2022\/03\/WhatsApp-Image-2022-03-09-at-10.08.21-AM.jpeg\",\"contentUrl\":\"https:\/\/marthacifuentes.com\/portada\/wp-content\/uploads\/2022\/03\/WhatsApp-Image-2022-03-09-at-10.08.21-AM.jpeg\",\"width\":1270,\"height\":663},{\"@type\":\"BreadcrumbList\",\"@id\":\"https:\/\/marthacifuentes.com\/portada\/exgobernador-de-casanare-alirio-barrera-busca-ser-el-candidato-al-senado-mas-votado-del-centro-democratico\/#breadcrumb\",\"itemListElement\":[{\"@type\":\"ListItem\",\"position\":1,\"name\":\"Portada\",\"item\":\"https:\/\/marthacifuentes.com\/portada\/\"},{\"@type\":\"ListItem\",\"position\":2,\"name\":\"Exgobernador de Casanare Alirio Barrera busca ser el candidato al Senado m\u00e1s votado del Centro Democr\u00e1tico\"}]},{\"@type\":\"WebSite\",\"@id\":\"https:\/\/marthacifuentes.com\/portada\/#website\",\"url\":\"https:\/\/marthacifuentes.com\/portada\/\",\"name\":\"\u25b7 Noticias de Casanare : Martha Cifuentes | Casanare\",\"description\":\"Noticias &amp; Contenidos\",\"potentialAction\":[{\"@type\":\"SearchAction\",\"target\":{\"@type\":\"EntryPoint\",\"urlTemplate\":\"https:\/\/marthacifuentes.com\/portada\/?s={search_term_string}\"},\"query-input\":{\"@type\":\"PropertyValueSpecification\",\"valueRequired\":true,\"valueName\":\"search_term_string\"}}],\"inLanguage\":\"es\"},{\"@type\":\"Person\",\"@id\":\"https:\/\/marthacifuentes.com\/portada\/#\/schema\/person\/57f53174b991db5f90ff78d58502b714\",\"name\":\"Martha Cifuentes\",\"image\":{\"@type\":\"ImageObject\",\"inLanguage\":\"es\",\"@id\":\"https:\/\/marthacifuentes.com\/portada\/#\/schema\/person\/image\/\",\"url\":\"http:\/\/marthacifuentes.com\/portada\/wp-content\/uploads\/2018\/06\/avatar_user_2_1528838701-96x96.jpg\",\"contentUrl\":\"http:\/\/marthacifuentes.com\/portada\/wp-content\/uploads\/2018\/06\/avatar_user_2_1528838701-96x96.jpg\",\"caption\":\"Martha Cifuentes\"},\"sameAs\":[\"http:\/\/www.marthacifuentes.com\"],\"url\":\"https:\/\/marthacifuentes.com\/portada\/author\/martha\/\"}]}<\/script>\n<!-- \/ Yoast SEO plugin. -->","yoast_head_json":{"title":"Exgobernador de Casanare Alirio Barrera busca ser el candidato al Senado m\u00e1s votado del Centro Democr\u00e1tico - \u25b7 Noticias de Casanare : Martha Cifuentes | Casanare","robots":{"index":"index","follow":"follow","max-snippet":"max-snippet:-1","max-image-preview":"max-image-preview:large","max-video-preview":"max-video-preview:-1"},"canonical":"https:\/\/marthacifuentes.com\/portada\/exgobernador-de-casanare-alirio-barrera-busca-ser-el-candidato-al-senado-mas-votado-del-centro-democratico\/","og_locale":"es_ES","og_type":"article","og_title":"Exgobernador de Casanare Alirio Barrera busca ser el candidato al Senado m\u00e1s votado del Centro Democr\u00e1tico - \u25b7 Noticias de Casanare : Martha Cifuentes | Casanare","og_description":"#Publicidad Pol\u00edtica Pagada Con un perfil similar al de \u00c1lvaro Uribe, candidato presidencial del 2002, Alirio Barrera, un campesino de laureada gesti\u00f3n como gobernador, est\u00e1 logrando una evidente acogida en el pa\u00eds; a caballo, con dichos populares y frentero al hablar hace su campa\u00f1a al Senado en el segundo puesto. \u00bfC\u00f3mo est\u00e1n las cosas adentro &hellip;","og_url":"https:\/\/marthacifuentes.com\/portada\/exgobernador-de-casanare-alirio-barrera-busca-ser-el-candidato-al-senado-mas-votado-del-centro-democratico\/","og_site_name":"\u25b7 Noticias de Casanare : Martha Cifuentes | Casanare","article_published_time":"2022-03-09T21:56:07+00:00","article_modified_time":"2022-03-09T22:02:45+00:00","og_image":[{"width":1270,"height":663,"url":"https:\/\/marthacifuentes.com\/portada\/wp-content\/uploads\/2022\/03\/WhatsApp-Image-2022-03-09-at-10.08.21-AM.jpeg","type":"image\/jpeg"}],"author":"Martha Cifuentes","twitter_card":"summary_large_image","twitter_misc":{"Escrito por":"Martha Cifuentes","Tiempo de lectura":"5 minutos"},"schema":{"@context":"https:\/\/schema.org","@graph":[{"@type":"WebPage","@id":"https:\/\/marthacifuentes.com\/portada\/exgobernador-de-casanare-alirio-barrera-busca-ser-el-candidato-al-senado-mas-votado-del-centro-democratico\/","url":"https:\/\/marthacifuentes.com\/portada\/exgobernador-de-casanare-alirio-barrera-busca-ser-el-candidato-al-senado-mas-votado-del-centro-democratico\/","name":"Exgobernador de Casanare Alirio Barrera busca ser el candidato al Senado m\u00e1s votado del Centro Democr\u00e1tico - \u25b7 Noticias de Casanare : Martha Cifuentes | Casanare","isPartOf":{"@id":"https:\/\/marthacifuentes.com\/portada\/#website"},"primaryImageOfPage":{"@id":"https:\/\/marthacifuentes.com\/portada\/exgobernador-de-casanare-alirio-barrera-busca-ser-el-candidato-al-senado-mas-votado-del-centro-democratico\/#primaryimage"},"image":{"@id":"https:\/\/marthacifuentes.com\/portada\/exgobernador-de-casanare-alirio-barrera-busca-ser-el-candidato-al-senado-mas-votado-del-centro-democratico\/#primaryimage"},"thumbnailUrl":"https:\/\/marthacifuentes.com\/portada\/wp-content\/uploads\/2022\/03\/WhatsApp-Image-2022-03-09-at-10.08.21-AM.jpeg","datePublished":"2022-03-09T21:56:07+00:00","dateModified":"2022-03-09T22:02:45+00:00","author":{"@id":"https:\/\/marthacifuentes.com\/portada\/#\/schema\/person\/57f53174b991db5f90ff78d58502b714"},"breadcrumb":{"@id":"https:\/\/marthacifuentes.com\/portada\/exgobernador-de-casanare-alirio-barrera-busca-ser-el-candidato-al-senado-mas-votado-del-centro-democratico\/#breadcrumb"},"inLanguage":"es","potentialAction":[{"@type":"ReadAction","target":["https:\/\/marthacifuentes.com\/portada\/exgobernador-de-casanare-alirio-barrera-busca-ser-el-candidato-al-senado-mas-votado-del-centro-democratico\/"]}]},{"@type":"ImageObject","inLanguage":"es","@id":"https:\/\/marthacifuentes.com\/portada\/exgobernador-de-casanare-alirio-barrera-busca-ser-el-candidato-al-senado-mas-votado-del-centro-democratico\/#primaryimage","url":"https:\/\/marthacifuentes.com\/portada\/wp-content\/uploads\/2022\/03\/WhatsApp-Image-2022-03-09-at-10.08.21-AM.jpeg","contentUrl":"https:\/\/marthacifuentes.com\/portada\/wp-content\/uploads\/2022\/03\/WhatsApp-Image-2022-03-09-at-10.08.21-AM.jpeg","width":1270,"height":663},{"@type":"BreadcrumbList","@id":"https:\/\/marthacifuentes.com\/portada\/exgobernador-de-casanare-alirio-barrera-busca-ser-el-candidato-al-senado-mas-votado-del-centro-democratico\/#breadcrumb","itemListElement":[{"@type":"ListItem","position":1,"name":"Portada","item":"https:\/\/marthacifuentes.com\/portada\/"},{"@type":"ListItem","position":2,"name":"Exgobernador de Casanare Alirio Barrera busca ser el candidato al Senado m\u00e1s votado del Centro Democr\u00e1tico"}]},{"@type":"WebSite","@id":"https:\/\/marthacifuentes.com\/portada\/#website","url":"https:\/\/marthacifuentes.com\/portada\/","name":"\u25b7 Noticias de Casanare : Martha Cifuentes | Casanare","description":"Noticias &amp; Contenidos","potentialAction":[{"@type":"SearchAction","target":{"@type":"EntryPoint","urlTemplate":"https:\/\/marthacifuentes.com\/portada\/?s={search_term_string}"},"query-input":{"@type":"PropertyValueSpecification","valueRequired":true,"valueName":"search_term_string"}}],"inLanguage":"es"},{"@type":"Person","@id":"https:\/\/marthacifuentes.com\/portada\/#\/schema\/person\/57f53174b991db5f90ff78d58502b714","name":"Martha Cifuentes","image":{"@type":"ImageObject","inLanguage":"es","@id":"https:\/\/marthacifuentes.com\/portada\/#\/schema\/person\/image\/","url":"http:\/\/marthacifuentes.com\/portada\/wp-content\/uploads\/2018\/06\/avatar_user_2_1528838701-96x96.jpg","contentUrl":"http:\/\/marthacifuentes.com\/portada\/wp-content\/uploads\/2018\/06\/avatar_user_2_1528838701-96x96.jpg","caption":"Martha Cifuentes"},"sameAs":["http:\/\/www.marthacifuentes.com"],"url":"https:\/\/marthacifuentes.com\/portada\/author\/martha\/"}]}},"_links":{"self":[{"href":"https:\/\/marthacifuentes.com\/portada\/wp-json\/wp\/v2\/posts\/28590","targetHints":{"allow":["GET"]}}],"collection":[{"href":"https:\/\/marthacifuentes.com\/portada\/wp-json\/wp\/v2\/posts"}],"about":[{"href":"https:\/\/marthacifuentes.com\/portada\/wp-json\/wp\/v2\/types\/post"}],"author":[{"embeddable":true,"href":"https:\/\/marthacifuentes.com\/portada\/wp-json\/wp\/v2\/users\/2"}],"replies":[{"embeddable":true,"href":"https:\/\/marthacifuentes.com\/portada\/wp-json\/wp\/v2\/comments?post=28590"}],"version-history":[{"count":4,"href":"https:\/\/marthacifuentes.com\/portada\/wp-json\/wp\/v2\/posts\/28590\/revisions"}],"predecessor-version":[{"id":28596,"href":"https:\/\/marthacifuentes.com\/portada\/wp-json\/wp\/v2\/posts\/28590\/revisions\/28596"}],"wp:featuredmedia":[{"embeddable":true,"href":"https:\/\/marthacifuentes.com\/portada\/wp-json\/wp\/v2\/media\/28591"}],"wp:attachment":[{"href":"https:\/\/marthacifuentes.com\/portada\/wp-json\/wp\/v2\/media?parent=28590"}],"wp:term":[{"taxonomy":"category","embeddable":true,"href":"https:\/\/marthacifuentes.com\/portada\/wp-json\/wp\/v2\/categories?post=28590"},{"taxonomy":"post_tag","embeddable":true,"href":"https:\/\/marthacifuentes.com\/portada\/wp-json\/wp\/v2\/tags?post=28590"}],"curies":[{"name":"wp","href":"https:\/\/api.w.org\/{rel}","templated":true}]}}