{"id":28598,"date":"2022-03-10T14:26:10","date_gmt":"2022-03-10T19:26:10","guid":{"rendered":"https:\/\/marthacifuentes.com\/portada\/?p=28598"},"modified":"2022-03-10T14:26:10","modified_gmt":"2022-03-10T19:26:10","slug":"hugo-archila-tambien-podria-estar-inhabilitado-para-ser-congresista-segun-sentencia-del-consejo-de-estado-031-de-2019","status":"publish","type":"post","link":"https:\/\/marthacifuentes.com\/portada\/hugo-archila-tambien-podria-estar-inhabilitado-para-ser-congresista-segun-sentencia-del-consejo-de-estado-031-de-2019\/","title":{"rendered":"Hugo Archila tambi\u00e9n podr\u00eda estar inhabilitado para ser congresista, seg\u00fan sentencia del Consejo de Estado 031 de 2019"},"content":{"rendered":"<p style=\"text-align: justify;\">La posible inhabilidad para aspirar a ser congresista que cobijar\u00eda al candidato a la C\u00e1mara de Representantes por Casanare del Centro Democr\u00e1tico, Vladimir Olaya, tambi\u00e9n afectar\u00eda al tambi\u00e9n candidato por el partido Liberal Hugo Archila, si se considera que la sentencia unificada 031 del 29 de enero de 2019 del Consejo de Estado fij\u00f3 que la inhabilidad en t\u00e9rminos de tiempo, para los postulados al Congreso se toma desde el d\u00eda de la inscripci\u00f3n de la candidatura y no desde el d\u00eda de elecciones.<\/p>\n<p style=\"text-align: justify;\">Con base en esta sentencia, el candidato del partido liberal, quien renunci\u00f3 a su cargo de secretario de gobierno de Yopal el 10 de marzo de 2021 para no inhabilitarse frente a los comicios de marzo 13 de 2022, lo debi\u00f3 hacer antes de diciembre 13 de 2020, 12 meses antes de la inscripci\u00f3n de candidatos al Congreso. Esto implicar\u00eda que de ser electo ser\u00eda sujeto de demandas de nulidad.<\/p>\n<p style=\"text-align: justify;\">De las campa\u00f1as de los candidatos en cuesti\u00f3n, se ha criticado que se est\u00e9 informando sobre este tema y han negado que se hallen inhabilitados y afirman que la sentencia se refiere al numeral 5 del art\u00edculo 179 de la Constituci\u00f3n Pol\u00edtica y no del numeral 3. Sin embargo para el abogado Jaime Andr\u00e9s Ni\u00f1o Piragauta, la unificaci\u00f3n del factor tiempo aplica para todo el articulado porque no se puede decir que para un tema se aplique una fecha y para otro, otra.<\/p>\n<p style=\"text-align: justify;\">Espec\u00edficamente el art\u00edculo primero de la sentencia expresa: \u201cUNIFICAR LA JURISPRUDENCIA en el sentido de se\u00f1alar que la interpretaci\u00f3n del elemento temporal de la causal de inhabilidad prevista en el numeral 5 del art\u00edculo 179 de la Constituci\u00f3n Pol\u00edtica, que m\u00e1s se ajusta y garantiza los principios y valores democr\u00e1ticos, es aquella que configura la inhabilidad desde el d\u00eda de la inscripci\u00f3n de la candidatura al cargo de elecci\u00f3n popular y hasta el d\u00eda en que se realiza la elecci\u00f3n, inclusive, por las razones expuestas en la parte motiva de esta providencia.<\/p>\n<p style=\"text-align: justify;\">Mientras que el art\u00edculo segundo advierte a la comunidad, que las consideraciones expuestas en esta providencia respecto del entendimiento del factor temporal de la inhabilidad contemplada en el numeral 5 del art\u00edculo 179 Constitucional tendr\u00e1n aplicaci\u00f3n desde las pr\u00f3ximas elecciones de Senado y C\u00e1mara de Representantes, es decir, las de 2022.<\/p>\n<p style=\"text-align: justify;\">El aspirante Hugo Archila y su abogado Hollman Ib\u00e1\u00f1ez, han expresado que no se encuentra inhabilitado para postularse a la C\u00e1mara, pero no han precisado detalles sobre la sentencia en referencia.<\/p>\n<h5><strong><a href=\"https:\/\/marthacifuentes.com\/portada\/wp-content\/uploads\/2022\/03\/Sentencia-00031-de-2019-Consejo-de-Estado-1.pdf\">Sentencia 00031 de 2019 &#8211; Consejo de Estado<\/a><\/strong><\/h5>\n<h4><strong>Otras noticias\u2026<\/strong><\/h4>\n<blockquote class=\"wp-embedded-content\" data-secret=\"z2Ojx9qDT7\"><p><a href=\"https:\/\/marthacifuentes.com\/portada\/2022\/03\/09\/exgobernador-de-casanare-alirio-barrera-busca-ser-el-candidato-al-senado-mas-votado-del-centro-democratico\/\">Exgobernador de Casanare Alirio Barrera busca ser el candidato al Senado m\u00e1s votado del Centro Democr\u00e1tico<\/a><\/p><\/blockquote>\n<p><iframe loading=\"lazy\" class=\"wp-embedded-content\" sandbox=\"allow-scripts\" security=\"restricted\" style=\"position: absolute; clip: rect(1px, 1px, 1px, 1px);\" title=\"\u00abExgobernador de Casanare Alirio Barrera busca ser el candidato al Senado m\u00e1s votado del Centro Democr\u00e1tico\u00bb \u2014 \u25b7 Noticias de Casanare : Martha Cifuentes | Casanare\" src=\"https:\/\/marthacifuentes.com\/portada\/2022\/03\/09\/exgobernador-de-casanare-alirio-barrera-busca-ser-el-candidato-al-senado-mas-votado-del-centro-democratico\/embed\/#?secret=7MUMkKdpYE#?secret=z2Ojx9qDT7\" data-secret=\"z2Ojx9qDT7\" width=\"500\" height=\"282\" frameborder=\"0\" marginwidth=\"0\" marginheight=\"0\" scrolling=\"no\"><\/iframe><\/p>\n<p><iframe loading=\"lazy\" class=\"wp-embedded-content\" title=\"\u00abEn d\u00eda de la Mujer se conoce que teniente fue violada por un superior, en Brigada 16 de Yopal\u00bb \u2014 \u25b7 Noticias de Casanare : Martha Cifuentes | Casanare\" src=\"https:\/\/marthacifuentes.com\/portada\/2022\/03\/08\/en-dia-de-la-mujer-se-conoce-que-teniente-fue-violada-por-un-superior-en-brigada-16-de-yopal\/embed\/#?secret=qXoq47pP3q\" width=\"600\" height=\"621\" frameborder=\"0\" marginwidth=\"0\" marginheight=\"0\" scrolling=\"no\" sandbox=\"allow-scripts\" data-secret=\"qXoq47pP3q\" data-mce-fragment=\"1\"><\/iframe><\/p>\n<p><iframe loading=\"lazy\" class=\"wp-embedded-content\" title=\"\u00abSuperservicios requiere a la Eaaay sobre recolecci\u00f3n de basuras en volquetas\u00bb \u2014 \u25b7 Noticias de Casanare : Martha Cifuentes | Casanare\" src=\"https:\/\/marthacifuentes.com\/portada\/2022\/03\/08\/superservicios-requiere-a-la-eaaay-sobre-recoleccion-de-basuras-en-volquetas\/embed\/#?secret=xn4oiXsvcO\" width=\"600\" height=\"621\" frameborder=\"0\" marginwidth=\"0\" marginheight=\"0\" scrolling=\"no\" sandbox=\"allow-scripts\" data-secret=\"xn4oiXsvcO\" data-mce-fragment=\"1\"><\/iframe><\/p>\n<p><iframe loading=\"lazy\" class=\"wp-embedded-content\" title=\"\u00abParece que ahora s\u00ed Consejo Directivo podr\u00e1 elegir director de Corporinoquia. Procuradur\u00eda neg\u00f3 recusaciones contra consejeros.\u00bb \u2014 \u25b7 Noticias de Casanare : Martha Cifuentes | Casanare\" src=\"https:\/\/marthacifuentes.com\/portada\/2022\/03\/08\/parece-que-ahora-si-consejo-directivo-podra-elegir-director-de-corporinoquia-procuraduria-nego-recusaciones-contra-consejeros\/embed\/#?secret=JZGZOHp1TI\" width=\"600\" height=\"650\" frameborder=\"0\" marginwidth=\"0\" marginheight=\"0\" scrolling=\"no\" sandbox=\"allow-scripts\" data-secret=\"JZGZOHp1TI\" data-mce-fragment=\"1\"><\/iframe><\/p>\n<p><iframe loading=\"lazy\" class=\"wp-embedded-content\" title=\"\u00abAlcaldesa de Paz de Ariporo niega estar haciendo campa\u00f1a pol\u00edtica a favor de candidatos del Centro Democr\u00e1tico\u00bb \u2014 \u25b7 Noticias de Casanare : Martha Cifuentes | Casanare\" src=\"https:\/\/marthacifuentes.com\/portada\/2022\/03\/07\/alcaldesa-de-paz-de-ariporo-niega-estar-haciendo-campana-politica-a-favor-de-candidatos-del-centro-democratico\/embed\/#?secret=Xku6dMIhIP\" width=\"600\" height=\"650\" frameborder=\"0\" marginwidth=\"0\" marginheight=\"0\" scrolling=\"no\" sandbox=\"allow-scripts\" data-secret=\"Xku6dMIhIP\" data-mce-fragment=\"1\"><\/iframe><\/p>\n<p><iframe loading=\"lazy\" class=\"wp-embedded-content\" title=\"\u00abCamilo Abril Jaimes, exparlamentario de Casanare alerta sobre posible \u201coferta de venta\u201d de votos tras encuestas\u00bb \u2014 \u25b7 Noticias de Casanare : Martha Cifuentes | Casanare\" src=\"https:\/\/marthacifuentes.com\/portada\/2022\/03\/07\/camilo-abril-jaimes-exparlamentario-de-casanare-alerta-sobre-posible-oferta-de-venta-de-votos-tras-encuestas\/embed\/#?secret=yXX4rKSCqW\" width=\"600\" height=\"650\" frameborder=\"0\" marginwidth=\"0\" marginheight=\"0\" scrolling=\"no\" sandbox=\"allow-scripts\" data-secret=\"yXX4rKSCqW\" data-mce-fragment=\"1\"><\/iframe><\/p>\n<p><iframe loading=\"lazy\" class=\"wp-embedded-content\" title=\"\u00abUn centenar de amigos de Alirio Barrera no apoyar\u00e1n candidatos a la C\u00e1mara sino a Hugo Archila del partido Liberal\u00bb \u2014 \u25b7 Noticias de Casanare : Martha Cifuentes | Casanare\" src=\"https:\/\/marthacifuentes.com\/portada\/2022\/03\/07\/un-centenar-de-amigos-de-alirio-barrera-no-apoyaran-candidatos-a-la-camara-sino-a-hugo-archila-del-partido-liberal\/embed\/#?secret=AHl2bTqJaS\" width=\"600\" height=\"650\" frameborder=\"0\" marginwidth=\"0\" marginheight=\"0\" scrolling=\"no\" sandbox=\"allow-scripts\" data-secret=\"AHl2bTqJaS\" data-mce-fragment=\"1\"><\/iframe><\/p>\n<p><iframe loading=\"lazy\" class=\"wp-embedded-content\" title=\"\u00abAlirio Barrera \u201ccoquetea\u201d con Fico Guti\u00e9rrez mientras que Marco Tulio Ru\u00edz lo apoya de frente\u00bb \u2014 \u25b7 Noticias de Casanare : Martha Cifuentes | Casanare\" src=\"https:\/\/marthacifuentes.com\/portada\/2022\/03\/07\/alirio-barrera-coquetea-con-fico-gutierrez-mientras-que-marco-tulio-ruiz-lo-apoya-de-frente\/embed\/#?secret=PjSvmI7Wj5\" width=\"600\" height=\"621\" frameborder=\"0\" marginwidth=\"0\" marginheight=\"0\" scrolling=\"no\" sandbox=\"allow-scripts\" data-secret=\"PjSvmI7Wj5\" data-mce-fragment=\"1\"><\/iframe><\/p>\n","protected":false},"excerpt":{"rendered":"<p>La posible inhabilidad para aspirar a ser congresista que cobijar\u00eda al candidato a la C\u00e1mara de Representantes por Casanare del Centro Democr\u00e1tico, Vladimir Olaya, tambi\u00e9n afectar\u00eda al tambi\u00e9n candidato por el partido Liberal Hugo Archila, si se considera que la sentencia unificada 031 del 29 de enero de 2019 del Consejo de Estado fij\u00f3 que &hellip;<\/p>\n","protected":false},"author":2,"featured_media":28600,"comment_status":"open","ping_status":"open","sticky":false,"template":"","format":"standard","meta":{"om_disable_all_campaigns":false,"_exactmetrics_skip_tracking":false,"_exactmetrics_sitenote_active":false,"_exactmetrics_sitenote_note":"","_exactmetrics_sitenote_category":0,"_monsterinsights_skip_tracking":false,"_monsterinsights_sitenote_active":false,"_monsterinsights_sitenote_note":"","_monsterinsights_sitenote_category":0,"_uf_show_specific_survey":0,"_uf_disable_surveys":false,"_joinchat":[],"footnotes":""},"categories":[147,146,145],"tags":[6986,154,1373,195,6985,6248,6987],"class_list":["post-28598","post","type-post","status-publish","format-standard","has-post-thumbnail","hentry","category-actualidad","category-noticias","category-reportajes","tag-candidatos-al-congreso","tag-casanare","tag-casanare-noticias","tag-centro-democratico","tag-consejo-de-estado-031-de-2019","tag-hugo-archila","tag-jaime-andres-nino-piragauta"],"yoast_head":"<!-- This site is optimized with the Yoast SEO plugin v26.1 - https:\/\/yoast.com\/wordpress\/plugins\/seo\/ -->\n<title>Hugo Archila tambi\u00e9n podr\u00eda estar inhabilitado para ser congresista, seg\u00fan sentencia del Consejo de Estado 031 de 2019 - \u25b7 Noticias de Casanare : Martha Cifuentes | Casanare<\/title>\n<meta name=\"robots\" content=\"index, follow, max-snippet:-1, max-image-preview:large, max-video-preview:-1\" \/>\n<link rel=\"canonical\" href=\"https:\/\/marthacifuentes.com\/portada\/hugo-archila-tambien-podria-estar-inhabilitado-para-ser-congresista-segun-sentencia-del-consejo-de-estado-031-de-2019\/\" \/>\n<meta property=\"og:locale\" content=\"es_ES\" \/>\n<meta property=\"og:type\" content=\"article\" \/>\n<meta property=\"og:title\" content=\"Hugo Archila tambi\u00e9n podr\u00eda estar inhabilitado para ser congresista, seg\u00fan sentencia del Consejo de Estado 031 de 2019 - \u25b7 Noticias de Casanare : Martha Cifuentes | Casanare\" \/>\n<meta property=\"og:description\" content=\"La posible inhabilidad para aspirar a ser congresista que cobijar\u00eda al candidato a la C\u00e1mara de Representantes por Casanare del Centro Democr\u00e1tico, Vladimir Olaya, tambi\u00e9n afectar\u00eda al tambi\u00e9n candidato por el partido Liberal Hugo Archila, si se considera que la sentencia unificada 031 del 29 de enero de 2019 del Consejo de Estado fij\u00f3 que &hellip;\" \/>\n<meta property=\"og:url\" content=\"https:\/\/marthacifuentes.com\/portada\/hugo-archila-tambien-podria-estar-inhabilitado-para-ser-congresista-segun-sentencia-del-consejo-de-estado-031-de-2019\/\" \/>\n<meta property=\"og:site_name\" content=\"\u25b7 Noticias de Casanare : Martha Cifuentes | Casanare\" \/>\n<meta property=\"article:published_time\" content=\"2022-03-10T19:26:10+00:00\" \/>\n<meta property=\"og:image\" content=\"https:\/\/marthacifuentes.com\/portada\/wp-content\/uploads\/2022\/03\/HUGO-ARCHILA.jpg\" \/>\n\t<meta property=\"og:image:width\" content=\"1800\" \/>\n\t<meta property=\"og:image:height\" content=\"1200\" \/>\n\t<meta property=\"og:image:type\" content=\"image\/jpeg\" \/>\n<meta name=\"author\" content=\"Martha Cifuentes\" \/>\n<meta name=\"twitter:card\" content=\"summary_large_image\" \/>\n<meta name=\"twitter:label1\" content=\"Escrito por\" \/>\n\t<meta name=\"twitter:data1\" content=\"Martha Cifuentes\" \/>\n\t<meta name=\"twitter:label2\" content=\"Tiempo de lectura\" \/>\n\t<meta name=\"twitter:data2\" content=\"2 minutos\" \/>\n<script type=\"application\/ld+json\" class=\"yoast-schema-graph\">{\"@context\":\"https:\/\/schema.org\",\"@graph\":[{\"@type\":\"WebPage\",\"@id\":\"https:\/\/marthacifuentes.com\/portada\/hugo-archila-tambien-podria-estar-inhabilitado-para-ser-congresista-segun-sentencia-del-consejo-de-estado-031-de-2019\/\",\"url\":\"https:\/\/marthacifuentes.com\/portada\/hugo-archila-tambien-podria-estar-inhabilitado-para-ser-congresista-segun-sentencia-del-consejo-de-estado-031-de-2019\/\",\"name\":\"Hugo Archila tambi\u00e9n podr\u00eda estar inhabilitado para ser congresista, seg\u00fan sentencia del Consejo de Estado 031 de 2019 - \u25b7 Noticias de Casanare : Martha Cifuentes | Casanare\",\"isPartOf\":{\"@id\":\"https:\/\/marthacifuentes.com\/portada\/#website\"},\"primaryImageOfPage\":{\"@id\":\"https:\/\/marthacifuentes.com\/portada\/hugo-archila-tambien-podria-estar-inhabilitado-para-ser-congresista-segun-sentencia-del-consejo-de-estado-031-de-2019\/#primaryimage\"},\"image\":{\"@id\":\"https:\/\/marthacifuentes.com\/portada\/hugo-archila-tambien-podria-estar-inhabilitado-para-ser-congresista-segun-sentencia-del-consejo-de-estado-031-de-2019\/#primaryimage\"},\"thumbnailUrl\":\"https:\/\/marthacifuentes.com\/portada\/wp-content\/uploads\/2022\/03\/HUGO-ARCHILA.jpg\",\"datePublished\":\"2022-03-10T19:26:10+00:00\",\"author\":{\"@id\":\"https:\/\/marthacifuentes.com\/portada\/#\/schema\/person\/57f53174b991db5f90ff78d58502b714\"},\"breadcrumb\":{\"@id\":\"https:\/\/marthacifuentes.com\/portada\/hugo-archila-tambien-podria-estar-inhabilitado-para-ser-congresista-segun-sentencia-del-consejo-de-estado-031-de-2019\/#breadcrumb\"},\"inLanguage\":\"es\",\"potentialAction\":[{\"@type\":\"ReadAction\",\"target\":[\"https:\/\/marthacifuentes.com\/portada\/hugo-archila-tambien-podria-estar-inhabilitado-para-ser-congresista-segun-sentencia-del-consejo-de-estado-031-de-2019\/\"]}]},{\"@type\":\"ImageObject\",\"inLanguage\":\"es\",\"@id\":\"https:\/\/marthacifuentes.com\/portada\/hugo-archila-tambien-podria-estar-inhabilitado-para-ser-congresista-segun-sentencia-del-consejo-de-estado-031-de-2019\/#primaryimage\",\"url\":\"https:\/\/marthacifuentes.com\/portada\/wp-content\/uploads\/2022\/03\/HUGO-ARCHILA.jpg\",\"contentUrl\":\"https:\/\/marthacifuentes.com\/portada\/wp-content\/uploads\/2022\/03\/HUGO-ARCHILA.jpg\",\"width\":1800,\"height\":1200},{\"@type\":\"BreadcrumbList\",\"@id\":\"https:\/\/marthacifuentes.com\/portada\/hugo-archila-tambien-podria-estar-inhabilitado-para-ser-congresista-segun-sentencia-del-consejo-de-estado-031-de-2019\/#breadcrumb\",\"itemListElement\":[{\"@type\":\"ListItem\",\"position\":1,\"name\":\"Portada\",\"item\":\"https:\/\/marthacifuentes.com\/portada\/\"},{\"@type\":\"ListItem\",\"position\":2,\"name\":\"Hugo Archila tambi\u00e9n podr\u00eda estar inhabilitado para ser congresista, seg\u00fan sentencia del Consejo de Estado 031 de 2019\"}]},{\"@type\":\"WebSite\",\"@id\":\"https:\/\/marthacifuentes.com\/portada\/#website\",\"url\":\"https:\/\/marthacifuentes.com\/portada\/\",\"name\":\"\u25b7 Noticias de Casanare : Martha Cifuentes | Casanare\",\"description\":\"Noticias &amp; Contenidos\",\"potentialAction\":[{\"@type\":\"SearchAction\",\"target\":{\"@type\":\"EntryPoint\",\"urlTemplate\":\"https:\/\/marthacifuentes.com\/portada\/?s={search_term_string}\"},\"query-input\":{\"@type\":\"PropertyValueSpecification\",\"valueRequired\":true,\"valueName\":\"search_term_string\"}}],\"inLanguage\":\"es\"},{\"@type\":\"Person\",\"@id\":\"https:\/\/marthacifuentes.com\/portada\/#\/schema\/person\/57f53174b991db5f90ff78d58502b714\",\"name\":\"Martha Cifuentes\",\"image\":{\"@type\":\"ImageObject\",\"inLanguage\":\"es\",\"@id\":\"https:\/\/marthacifuentes.com\/portada\/#\/schema\/person\/image\/\",\"url\":\"http:\/\/marthacifuentes.com\/portada\/wp-content\/uploads\/2018\/06\/avatar_user_2_1528838701-96x96.jpg\",\"contentUrl\":\"http:\/\/marthacifuentes.com\/portada\/wp-content\/uploads\/2018\/06\/avatar_user_2_1528838701-96x96.jpg\",\"caption\":\"Martha Cifuentes\"},\"sameAs\":[\"http:\/\/www.marthacifuentes.com\"],\"url\":\"https:\/\/marthacifuentes.com\/portada\/author\/martha\/\"}]}<\/script>\n<!-- \/ Yoast SEO plugin. -->","yoast_head_json":{"title":"Hugo Archila tambi\u00e9n podr\u00eda estar inhabilitado para ser congresista, seg\u00fan sentencia del Consejo de Estado 031 de 2019 - \u25b7 Noticias de Casanare : Martha Cifuentes | Casanare","robots":{"index":"index","follow":"follow","max-snippet":"max-snippet:-1","max-image-preview":"max-image-preview:large","max-video-preview":"max-video-preview:-1"},"canonical":"https:\/\/marthacifuentes.com\/portada\/hugo-archila-tambien-podria-estar-inhabilitado-para-ser-congresista-segun-sentencia-del-consejo-de-estado-031-de-2019\/","og_locale":"es_ES","og_type":"article","og_title":"Hugo Archila tambi\u00e9n podr\u00eda estar inhabilitado para ser congresista, seg\u00fan sentencia del Consejo de Estado 031 de 2019 - \u25b7 Noticias de Casanare : Martha Cifuentes | Casanare","og_description":"La posible inhabilidad para aspirar a ser congresista que cobijar\u00eda al candidato a la C\u00e1mara de Representantes por Casanare del Centro Democr\u00e1tico, Vladimir Olaya, tambi\u00e9n afectar\u00eda al tambi\u00e9n candidato por el partido Liberal Hugo Archila, si se considera que la sentencia unificada 031 del 29 de enero de 2019 del Consejo de Estado fij\u00f3 que &hellip;","og_url":"https:\/\/marthacifuentes.com\/portada\/hugo-archila-tambien-podria-estar-inhabilitado-para-ser-congresista-segun-sentencia-del-consejo-de-estado-031-de-2019\/","og_site_name":"\u25b7 Noticias de Casanare : Martha Cifuentes | Casanare","article_published_time":"2022-03-10T19:26:10+00:00","og_image":[{"width":1800,"height":1200,"url":"https:\/\/marthacifuentes.com\/portada\/wp-content\/uploads\/2022\/03\/HUGO-ARCHILA.jpg","type":"image\/jpeg"}],"author":"Martha Cifuentes","twitter_card":"summary_large_image","twitter_misc":{"Escrito por":"Martha Cifuentes","Tiempo de lectura":"2 minutos"},"schema":{"@context":"https:\/\/schema.org","@graph":[{"@type":"WebPage","@id":"https:\/\/marthacifuentes.com\/portada\/hugo-archila-tambien-podria-estar-inhabilitado-para-ser-congresista-segun-sentencia-del-consejo-de-estado-031-de-2019\/","url":"https:\/\/marthacifuentes.com\/portada\/hugo-archila-tambien-podria-estar-inhabilitado-para-ser-congresista-segun-sentencia-del-consejo-de-estado-031-de-2019\/","name":"Hugo Archila tambi\u00e9n podr\u00eda estar inhabilitado para ser congresista, seg\u00fan sentencia del Consejo de Estado 031 de 2019 - \u25b7 Noticias de Casanare : Martha Cifuentes | Casanare","isPartOf":{"@id":"https:\/\/marthacifuentes.com\/portada\/#website"},"primaryImageOfPage":{"@id":"https:\/\/marthacifuentes.com\/portada\/hugo-archila-tambien-podria-estar-inhabilitado-para-ser-congresista-segun-sentencia-del-consejo-de-estado-031-de-2019\/#primaryimage"},"image":{"@id":"https:\/\/marthacifuentes.com\/portada\/hugo-archila-tambien-podria-estar-inhabilitado-para-ser-congresista-segun-sentencia-del-consejo-de-estado-031-de-2019\/#primaryimage"},"thumbnailUrl":"https:\/\/marthacifuentes.com\/portada\/wp-content\/uploads\/2022\/03\/HUGO-ARCHILA.jpg","datePublished":"2022-03-10T19:26:10+00:00","author":{"@id":"https:\/\/marthacifuentes.com\/portada\/#\/schema\/person\/57f53174b991db5f90ff78d58502b714"},"breadcrumb":{"@id":"https:\/\/marthacifuentes.com\/portada\/hugo-archila-tambien-podria-estar-inhabilitado-para-ser-congresista-segun-sentencia-del-consejo-de-estado-031-de-2019\/#breadcrumb"},"inLanguage":"es","potentialAction":[{"@type":"ReadAction","target":["https:\/\/marthacifuentes.com\/portada\/hugo-archila-tambien-podria-estar-inhabilitado-para-ser-congresista-segun-sentencia-del-consejo-de-estado-031-de-2019\/"]}]},{"@type":"ImageObject","inLanguage":"es","@id":"https:\/\/marthacifuentes.com\/portada\/hugo-archila-tambien-podria-estar-inhabilitado-para-ser-congresista-segun-sentencia-del-consejo-de-estado-031-de-2019\/#primaryimage","url":"https:\/\/marthacifuentes.com\/portada\/wp-content\/uploads\/2022\/03\/HUGO-ARCHILA.jpg","contentUrl":"https:\/\/marthacifuentes.com\/portada\/wp-content\/uploads\/2022\/03\/HUGO-ARCHILA.jpg","width":1800,"height":1200},{"@type":"BreadcrumbList","@id":"https:\/\/marthacifuentes.com\/portada\/hugo-archila-tambien-podria-estar-inhabilitado-para-ser-congresista-segun-sentencia-del-consejo-de-estado-031-de-2019\/#breadcrumb","itemListElement":[{"@type":"ListItem","position":1,"name":"Portada","item":"https:\/\/marthacifuentes.com\/portada\/"},{"@type":"ListItem","position":2,"name":"Hugo Archila tambi\u00e9n podr\u00eda estar inhabilitado para ser congresista, seg\u00fan sentencia del Consejo de Estado 031 de 2019"}]},{"@type":"WebSite","@id":"https:\/\/marthacifuentes.com\/portada\/#website","url":"https:\/\/marthacifuentes.com\/portada\/","name":"\u25b7 Noticias de Casanare : Martha Cifuentes | Casanare","description":"Noticias &amp; Contenidos","potentialAction":[{"@type":"SearchAction","target":{"@type":"EntryPoint","urlTemplate":"https:\/\/marthacifuentes.com\/portada\/?s={search_term_string}"},"query-input":{"@type":"PropertyValueSpecification","valueRequired":true,"valueName":"search_term_string"}}],"inLanguage":"es"},{"@type":"Person","@id":"https:\/\/marthacifuentes.com\/portada\/#\/schema\/person\/57f53174b991db5f90ff78d58502b714","name":"Martha Cifuentes","image":{"@type":"ImageObject","inLanguage":"es","@id":"https:\/\/marthacifuentes.com\/portada\/#\/schema\/person\/image\/","url":"http:\/\/marthacifuentes.com\/portada\/wp-content\/uploads\/2018\/06\/avatar_user_2_1528838701-96x96.jpg","contentUrl":"http:\/\/marthacifuentes.com\/portada\/wp-content\/uploads\/2018\/06\/avatar_user_2_1528838701-96x96.jpg","caption":"Martha Cifuentes"},"sameAs":["http:\/\/www.marthacifuentes.com"],"url":"https:\/\/marthacifuentes.com\/portada\/author\/martha\/"}]}},"_links":{"self":[{"href":"https:\/\/marthacifuentes.com\/portada\/wp-json\/wp\/v2\/posts\/28598","targetHints":{"allow":["GET"]}}],"collection":[{"href":"https:\/\/marthacifuentes.com\/portada\/wp-json\/wp\/v2\/posts"}],"about":[{"href":"https:\/\/marthacifuentes.com\/portada\/wp-json\/wp\/v2\/types\/post"}],"author":[{"embeddable":true,"href":"https:\/\/marthacifuentes.com\/portada\/wp-json\/wp\/v2\/users\/2"}],"replies":[{"embeddable":true,"href":"https:\/\/marthacifuentes.com\/portada\/wp-json\/wp\/v2\/comments?post=28598"}],"version-history":[{"count":1,"href":"https:\/\/marthacifuentes.com\/portada\/wp-json\/wp\/v2\/posts\/28598\/revisions"}],"predecessor-version":[{"id":28602,"href":"https:\/\/marthacifuentes.com\/portada\/wp-json\/wp\/v2\/posts\/28598\/revisions\/28602"}],"wp:featuredmedia":[{"embeddable":true,"href":"https:\/\/marthacifuentes.com\/portada\/wp-json\/wp\/v2\/media\/28600"}],"wp:attachment":[{"href":"https:\/\/marthacifuentes.com\/portada\/wp-json\/wp\/v2\/media?parent=28598"}],"wp:term":[{"taxonomy":"category","embeddable":true,"href":"https:\/\/marthacifuentes.com\/portada\/wp-json\/wp\/v2\/categories?post=28598"},{"taxonomy":"post_tag","embeddable":true,"href":"https:\/\/marthacifuentes.com\/portada\/wp-json\/wp\/v2\/tags?post=28598"}],"curies":[{"name":"wp","href":"https:\/\/api.w.org\/{rel}","templated":true}]}}