{"id":28626,"date":"2022-03-15T15:46:41","date_gmt":"2022-03-15T20:46:41","guid":{"rendered":"https:\/\/marthacifuentes.com\/portada\/?p=28626"},"modified":"2022-03-15T15:46:41","modified_gmt":"2022-03-15T20:46:41","slug":"casanarena-constanza-engativa-participara-en-evento-de-informatica-medica-mas-grande-del-mundo","status":"publish","type":"post","link":"https:\/\/marthacifuentes.com\/portada\/casanarena-constanza-engativa-participara-en-evento-de-informatica-medica-mas-grande-del-mundo\/","title":{"rendered":"Casanare\u00f1a Constanza Engativ\u00e1 participar\u00e1 en evento de inform\u00e1tica m\u00e9dica\u00a0m\u00e1s grande del mundo"},"content":{"rendered":"<p style=\"text-align: justify;\">Junto con el ministro de Salud Fernando Ru\u00edz, la casanare\u00f1a Constanza Engativ\u00e1, representar\u00e1 a Colombia en el Latin America Summit que se celebrar\u00e1 en Orlando, Florida, en el marco de HIMSS 2022. En esta oportunidad se contar\u00e1 a la comunidad latina del sector salud,\u00a0los avances de la salud digital y la interoperabilidad de la historia cl\u00ednica.<\/p>\n<p style=\"text-align: justify;\">La conferencia y exposici\u00f3n de Salud Global HIMSS es el evento de atenci\u00f3n m\u00e9dica m\u00e1s grande del mundo, donde los profesionales del \u00e1rea de la salud global se conectan para obtener la educaci\u00f3n, innovaci\u00f3n y colaboraci\u00f3n que necesitan para reinventar la salud y el bienestar para todos.<\/p>\n<p style=\"text-align: justify;\">La ingenier\u00eda Constanza participar\u00e1 como speaker en el evento, el pr\u00f3ximo 16 de marzo de 1:00 p.m. a 4:00 p.m. en Orange County Convention Center, que contar\u00e1 con traducci\u00f3n simult\u00e1nea en espa\u00f1ol y portugu\u00e9s. El tema principal que expondr\u00e1 la profesional casanare\u00f1a hace referencia a la visi\u00f3n de la salud digital de Colombia, entre ello, la interoperabilidad de la historia cl\u00ednica en nuestro pa\u00eds.<\/p>\n<p style=\"text-align: justify;\">El Latin America Summit contar\u00e1 con la presencia de diversos profesionales en el \u00e1rea de la salud como: V\u00edctor Castillo, presidente de la Fundaci\u00f3n Cardiovascular de Colombia, Walter Su\u00e1rez, director ejecutivo de Estrategia y Pol\u00edtica de Tecnolog\u00eda e Informaci\u00f3n de Salud de USA; Anal\u00eda Baum, directora de Sistemas de Informaci\u00f3n del Ministerio de Salud de Argentina, Francisco C\u00e1ceres, CIO Dorado Health \u00a0de Puerto Rico, entre otros profesionales.<\/p>\n<p style=\"text-align: justify;\">Mayor informaci\u00f3n en <a href=\"https:\/\/www.himss.org\/global-conference\/session-latin-america-summit\">https:\/\/www.himss.org\/global-conference\/session-latin-america-summit<\/a><\/p>\n<h3><strong>Otras noticias&#8230;<\/strong><\/h3>\n<blockquote class=\"wp-embedded-content\" data-secret=\"A5nL1MYuKd\"><p><a href=\"https:\/\/marthacifuentes.com\/portada\/2022\/03\/15\/petro-sorprende-en-tierra-uribista-logro-25-mil-votos-en-consulta-en-casanare\/\">Petro sorprende  en tierra uribista. Logr\u00f3 25 mil votos en consulta en Casanare.<\/a><\/p><\/blockquote>\n<p><iframe loading=\"lazy\" class=\"wp-embedded-content\" sandbox=\"allow-scripts\" security=\"restricted\" style=\"position: absolute; clip: rect(1px, 1px, 1px, 1px);\" title=\"\u00abPetro sorprende  en tierra uribista. Logr\u00f3 25 mil votos en consulta en Casanare.\u00bb \u2014 \u25b7 Noticias de Casanare : Martha Cifuentes | Casanare\" src=\"https:\/\/marthacifuentes.com\/portada\/2022\/03\/15\/petro-sorprende-en-tierra-uribista-logro-25-mil-votos-en-consulta-en-casanare\/embed\/#?secret=4OOXaGHOjg#?secret=A5nL1MYuKd\" data-secret=\"A5nL1MYuKd\" width=\"500\" height=\"282\" frameborder=\"0\" marginwidth=\"0\" marginheight=\"0\" scrolling=\"no\"><\/iframe><\/p>\n<p><iframe loading=\"lazy\" class=\"wp-embedded-content\" title=\"\u00abEn el Senado hubo cambio de sombreros y g\u00e9nero por Casanare. Entr\u00f3 Alirio Barrera y sali\u00f3 Amanda Gonz\u00e1lez.\u00bb \u2014 \u25b7 Noticias de Casanare : Martha Cifuentes | Casanare\" src=\"https:\/\/marthacifuentes.com\/portada\/2022\/03\/15\/en-el-senado-hubo-cambio-de-sombreros-y-genero-por-casanare-entro-alirio-barrera-y-salio-amanda-gonzalez\/embed\/#?secret=7evBZL9b2P#?secret=OWSr3S36EW\" width=\"600\" height=\"569\" frameborder=\"0\" marginwidth=\"0\" marginheight=\"0\" scrolling=\"no\" sandbox=\"allow-scripts\" data-secret=\"OWSr3S36EW\" data-mce-fragment=\"1\"><\/iframe><\/p>\n<p><iframe loading=\"lazy\" class=\"wp-embedded-content\" title=\"\u00abHugo Archila y Vladimir Olaya, triunfadores, electos a la C\u00e1mara por Casanare, pero\u2026 ya se ciernen demandas de sus credenciales\u00bb \u2014 \u25b7 Noticias de Casanare : Martha Cifuentes | Casanare\" src=\"https:\/\/marthacifuentes.com\/portada\/2022\/03\/15\/hugo-archila-y-vladimir-olaya-triunfadores-electos-a-la-camara-por-casanare-pero-ya-se-ciernen-demandas-de-sus-credenciales\/embed\/#?secret=gq8RSsYdUi#?secret=G5IGK4xb2C\" width=\"600\" height=\"521\" frameborder=\"0\" marginwidth=\"0\" marginheight=\"0\" scrolling=\"no\" sandbox=\"allow-scripts\" data-secret=\"G5IGK4xb2C\" data-mce-fragment=\"1\"><\/iframe><\/p>\n<p><iframe loading=\"lazy\" class=\"wp-embedded-content\" title=\"\u00abNo se exigir\u00e1 carn\u00e9 de vacunaci\u00f3n COVID-19 para votar este 13 de marzo\u00bb \u2014 \u25b7 Noticias de Casanare : Martha Cifuentes | Casanare\" src=\"https:\/\/marthacifuentes.com\/portada\/2022\/03\/13\/no-se-exigira-carne-de-vacunacion-covid-19-para-votar-este-13-de-marzo\/embed\/#?secret=sNzIg55SkY#?secret=BXyaktCek9\" width=\"600\" height=\"621\" frameborder=\"0\" marginwidth=\"0\" marginheight=\"0\" scrolling=\"no\" sandbox=\"allow-scripts\" data-secret=\"BXyaktCek9\" data-mce-fragment=\"1\"><\/iframe><\/p>\n<p><iframe loading=\"lazy\" class=\"wp-embedded-content\" title=\"\u00ab2.810 candidatos aspiran a ser congresistas en elecciones este 13 de marzo en Colombia.\u00bb \u2014 \u25b7 Noticias de Casanare : Martha Cifuentes | Casanare\" src=\"https:\/\/marthacifuentes.com\/portada\/2022\/03\/12\/2-810-candidatos-aspiran-a-ser-congresistas-en-elecciones-este-13-de-marzo-en-colombia\/embed\/#?secret=2u44RZUGWv#?secret=YHCKCdXi52\" width=\"600\" height=\"621\" frameborder=\"0\" marginwidth=\"0\" marginheight=\"0\" scrolling=\"no\" sandbox=\"allow-scripts\" data-secret=\"YHCKCdXi52\" data-mce-fragment=\"1\"><\/iframe><\/p>\n<p><iframe loading=\"lazy\" class=\"wp-embedded-content\" title=\"\u00abHugo Archila tambi\u00e9n podr\u00eda estar inhabilitado para ser congresista, seg\u00fan sentencia del Consejo de Estado 031 de 2019\u00bb \u2014 \u25b7 Noticias de Casanare : Martha Cifuentes | Casanare\" src=\"https:\/\/marthacifuentes.com\/portada\/2022\/03\/10\/hugo-archila-tambien-podria-estar-inhabilitado-para-ser-congresista-segun-sentencia-del-consejo-de-estado-031-de-2019\/embed\/#?secret=GxPkB8Qp91#?secret=Zp4YDrHorO\" width=\"600\" height=\"649\" frameborder=\"0\" marginwidth=\"0\" marginheight=\"0\" scrolling=\"no\" sandbox=\"allow-scripts\" data-secret=\"Zp4YDrHorO\" data-mce-fragment=\"1\"><\/iframe><\/p>\n<p><iframe loading=\"lazy\" class=\"wp-embedded-content\" title=\"\u00abExgobernador de Casanare Alirio Barrera busca ser el candidato al Senado m\u00e1s votado del Centro Democr\u00e1tico\u00bb \u2014 \u25b7 Noticias de Casanare : Martha Cifuentes | Casanare\" src=\"https:\/\/marthacifuentes.com\/portada\/2022\/03\/09\/exgobernador-de-casanare-alirio-barrera-busca-ser-el-candidato-al-senado-mas-votado-del-centro-democratico\/embed\/#?secret=QR0sdyaD03\" width=\"600\" height=\"626\" frameborder=\"0\" marginwidth=\"0\" marginheight=\"0\" scrolling=\"no\" sandbox=\"allow-scripts\" data-secret=\"QR0sdyaD03\" data-mce-fragment=\"1\"><\/iframe><\/p>\n<p><iframe loading=\"lazy\" class=\"wp-embedded-content\" title=\"\u00abEn d\u00eda de la Mujer se conoce que teniente fue violada por un superior, en Brigada 16 de Yopal\u00bb \u2014 \u25b7 Noticias de Casanare : Martha Cifuentes | Casanare\" src=\"https:\/\/marthacifuentes.com\/portada\/2022\/03\/08\/en-dia-de-la-mujer-se-conoce-que-teniente-fue-violada-por-un-superior-en-brigada-16-de-yopal\/embed\/#?secret=qXoq47pP3q\" width=\"600\" height=\"620\" frameborder=\"0\" marginwidth=\"0\" marginheight=\"0\" scrolling=\"no\" sandbox=\"allow-scripts\" data-secret=\"qXoq47pP3q\" data-mce-fragment=\"1\"><\/iframe><\/p>\n<p><iframe loading=\"lazy\" class=\"wp-embedded-content\" title=\"\u00abSuperservicios requiere a la Eaaay sobre recolecci\u00f3n de basuras en volquetas\u00bb \u2014 \u25b7 Noticias de Casanare : Martha Cifuentes | Casanare\" src=\"https:\/\/marthacifuentes.com\/portada\/2022\/03\/08\/superservicios-requiere-a-la-eaaay-sobre-recoleccion-de-basuras-en-volquetas\/embed\/#?secret=xn4oiXsvcO\" width=\"600\" height=\"621\" frameborder=\"0\" marginwidth=\"0\" marginheight=\"0\" scrolling=\"no\" sandbox=\"allow-scripts\" data-secret=\"xn4oiXsvcO\" data-mce-fragment=\"1\"><\/iframe><\/p>\n<p><iframe loading=\"lazy\" class=\"wp-embedded-content\" title=\"\u00abParece que ahora s\u00ed Consejo Directivo podr\u00e1 elegir director de Corporinoquia. Procuradur\u00eda neg\u00f3 recusaciones contra consejeros.\u00bb \u2014 \u25b7 Noticias de Casanare : Martha Cifuentes | Casanare\" src=\"https:\/\/marthacifuentes.com\/portada\/2022\/03\/08\/parece-que-ahora-si-consejo-directivo-podra-elegir-director-de-corporinoquia-procuraduria-nego-recusaciones-contra-consejeros\/embed\/#?secret=JZGZOHp1TI\" width=\"600\" height=\"649\" frameborder=\"0\" marginwidth=\"0\" marginheight=\"0\" scrolling=\"no\" sandbox=\"allow-scripts\" data-secret=\"JZGZOHp1TI\" data-mce-fragment=\"1\"><\/iframe><\/p>\n<p><iframe loading=\"lazy\" class=\"wp-embedded-content\" title=\"\u00abAlcaldesa de Paz de Ariporo niega estar haciendo campa\u00f1a pol\u00edtica a favor de candidatos del Centro Democr\u00e1tico\u00bb \u2014 \u25b7 Noticias de Casanare : Martha Cifuentes | Casanare\" src=\"https:\/\/marthacifuentes.com\/portada\/2022\/03\/07\/alcaldesa-de-paz-de-ariporo-niega-estar-haciendo-campana-politica-a-favor-de-candidatos-del-centro-democratico\/embed\/#?secret=Xku6dMIhIP\" width=\"600\" height=\"649\" frameborder=\"0\" marginwidth=\"0\" marginheight=\"0\" scrolling=\"no\" sandbox=\"allow-scripts\" data-secret=\"Xku6dMIhIP\" data-mce-fragment=\"1\"><\/iframe><\/p>\n<p><iframe loading=\"lazy\" class=\"wp-embedded-content\" title=\"\u00abCamilo Abril Jaimes, exparlamentario de Casanare alerta sobre posible \u201coferta de venta\u201d de votos tras encuestas\u00bb \u2014 \u25b7 Noticias de Casanare : Martha Cifuentes | Casanare\" src=\"https:\/\/marthacifuentes.com\/portada\/2022\/03\/07\/camilo-abril-jaimes-exparlamentario-de-casanare-alerta-sobre-posible-oferta-de-venta-de-votos-tras-encuestas\/embed\/#?secret=yXX4rKSCqW\" width=\"600\" height=\"649\" frameborder=\"0\" marginwidth=\"0\" marginheight=\"0\" scrolling=\"no\" sandbox=\"allow-scripts\" data-secret=\"yXX4rKSCqW\" data-mce-fragment=\"1\"><\/iframe><\/p>\n<p><iframe loading=\"lazy\" class=\"wp-embedded-content\" title=\"\u00abUn centenar de amigos de Alirio Barrera no apoyar\u00e1n candidatos a la C\u00e1mara sino a Hugo Archila del partido Liberal\u00bb \u2014 \u25b7 Noticias de Casanare : Martha Cifuentes | Casanare\" src=\"https:\/\/marthacifuentes.com\/portada\/2022\/03\/07\/un-centenar-de-amigos-de-alirio-barrera-no-apoyaran-candidatos-a-la-camara-sino-a-hugo-archila-del-partido-liberal\/embed\/#?secret=AHl2bTqJaS\" width=\"600\" height=\"649\" frameborder=\"0\" marginwidth=\"0\" marginheight=\"0\" scrolling=\"no\" sandbox=\"allow-scripts\" data-secret=\"AHl2bTqJaS\" data-mce-fragment=\"1\"><\/iframe><\/p>\n<p><iframe loading=\"lazy\" class=\"wp-embedded-content\" title=\"\u00abAlirio Barrera \u201ccoquetea\u201d con Fico Guti\u00e9rrez mientras que Marco Tulio Ru\u00edz lo apoya de frente\u00bb \u2014 \u25b7 Noticias de Casanare : Martha Cifuentes | Casanare\" src=\"https:\/\/marthacifuentes.com\/portada\/2022\/03\/07\/alirio-barrera-coquetea-con-fico-gutierrez-mientras-que-marco-tulio-ruiz-lo-apoya-de-frente\/embed\/#?secret=PjSvmI7Wj5\" width=\"600\" height=\"621\" frameborder=\"0\" marginwidth=\"0\" marginheight=\"0\" scrolling=\"no\" sandbox=\"allow-scripts\" data-secret=\"PjSvmI7Wj5\" data-mce-fragment=\"1\"><\/iframe><\/p>\n<p>&nbsp;<\/p>\n<p>&nbsp;<\/p>\n<p style=\"text-align: justify;\">\n","protected":false},"excerpt":{"rendered":"<p>Junto con el ministro de Salud Fernando Ru\u00edz, la casanare\u00f1a Constanza Engativ\u00e1, representar\u00e1 a Colombia en el Latin America Summit que se celebrar\u00e1 en Orlando, Florida, en el marco de HIMSS 2022. En esta oportunidad se contar\u00e1 a la comunidad latina del sector salud,\u00a0los avances de la salud digital y la interoperabilidad de la historia &hellip;<\/p>\n","protected":false},"author":2,"featured_media":28627,"comment_status":"open","ping_status":"open","sticky":false,"template":"","format":"standard","meta":{"om_disable_all_campaigns":false,"_exactmetrics_skip_tracking":false,"_exactmetrics_sitenote_active":false,"_exactmetrics_sitenote_note":"","_exactmetrics_sitenote_category":0,"_monsterinsights_skip_tracking":false,"_monsterinsights_sitenote_active":false,"_monsterinsights_sitenote_note":"","_monsterinsights_sitenote_category":0,"_uf_show_specific_survey":0,"_uf_disable_surveys":false,"_joinchat":[],"footnotes":""},"categories":[147,146,145],"tags":[1373,7000,6999,1400,1421,7001,1376],"class_list":["post-28626","post","type-post","status-publish","format-standard","has-post-thumbnail","hentry","category-actualidad","category-noticias","category-reportajes","tag-casanare-noticias","tag-casanarena-constanza-engativa","tag-constanza-engativa-participa-en-latin-america-summit","tag-noticias-casanare","tag-noticias-yopal","tag-ponente-en-el-evento-de-informatica-medica-latin-america-summit","tag-yopal-noticias"],"yoast_head":"<!-- This site is optimized with the Yoast SEO plugin v26.1 - https:\/\/yoast.com\/wordpress\/plugins\/seo\/ -->\n<title>Casanare\u00f1a Constanza Engativ\u00e1 participar\u00e1 en evento de inform\u00e1tica m\u00e9dica\u00a0m\u00e1s grande del mundo - \u25b7 Noticias de Casanare : Martha Cifuentes | Casanare<\/title>\n<meta name=\"robots\" content=\"index, follow, max-snippet:-1, max-image-preview:large, max-video-preview:-1\" \/>\n<link rel=\"canonical\" href=\"https:\/\/marthacifuentes.com\/portada\/casanarena-constanza-engativa-participara-en-evento-de-informatica-medica-mas-grande-del-mundo\/\" \/>\n<meta property=\"og:locale\" content=\"es_ES\" \/>\n<meta property=\"og:type\" content=\"article\" \/>\n<meta property=\"og:title\" content=\"Casanare\u00f1a Constanza Engativ\u00e1 participar\u00e1 en evento de inform\u00e1tica m\u00e9dica\u00a0m\u00e1s grande del mundo - \u25b7 Noticias de Casanare : Martha Cifuentes | Casanare\" \/>\n<meta property=\"og:description\" content=\"Junto con el ministro de Salud Fernando Ru\u00edz, la casanare\u00f1a Constanza Engativ\u00e1, representar\u00e1 a Colombia en el Latin America Summit que se celebrar\u00e1 en Orlando, Florida, en el marco de HIMSS 2022. En esta oportunidad se contar\u00e1 a la comunidad latina del sector salud,\u00a0los avances de la salud digital y la interoperabilidad de la historia &hellip;\" \/>\n<meta property=\"og:url\" content=\"https:\/\/marthacifuentes.com\/portada\/casanarena-constanza-engativa-participara-en-evento-de-informatica-medica-mas-grande-del-mundo\/\" \/>\n<meta property=\"og:site_name\" content=\"\u25b7 Noticias de Casanare : Martha Cifuentes | Casanare\" \/>\n<meta property=\"article:published_time\" content=\"2022-03-15T20:46:41+00:00\" \/>\n<meta property=\"og:image\" content=\"https:\/\/marthacifuentes.com\/portada\/wp-content\/uploads\/2022\/03\/WhatsApp-Image-2022-03-15-at-1.35.04-PM.jpeg\" \/>\n\t<meta property=\"og:image:width\" content=\"1280\" \/>\n\t<meta property=\"og:image:height\" content=\"853\" \/>\n\t<meta property=\"og:image:type\" content=\"image\/jpeg\" \/>\n<meta name=\"author\" content=\"Martha Cifuentes\" \/>\n<meta name=\"twitter:card\" content=\"summary_large_image\" \/>\n<meta name=\"twitter:label1\" content=\"Escrito por\" \/>\n\t<meta name=\"twitter:data1\" content=\"Martha Cifuentes\" \/>\n\t<meta name=\"twitter:label2\" content=\"Tiempo de lectura\" \/>\n\t<meta name=\"twitter:data2\" content=\"1 minuto\" \/>\n<script type=\"application\/ld+json\" class=\"yoast-schema-graph\">{\"@context\":\"https:\/\/schema.org\",\"@graph\":[{\"@type\":\"WebPage\",\"@id\":\"https:\/\/marthacifuentes.com\/portada\/casanarena-constanza-engativa-participara-en-evento-de-informatica-medica-mas-grande-del-mundo\/\",\"url\":\"https:\/\/marthacifuentes.com\/portada\/casanarena-constanza-engativa-participara-en-evento-de-informatica-medica-mas-grande-del-mundo\/\",\"name\":\"Casanare\u00f1a Constanza Engativ\u00e1 participar\u00e1 en evento de inform\u00e1tica m\u00e9dica\u00a0m\u00e1s grande del mundo - \u25b7 Noticias de Casanare : Martha Cifuentes | Casanare\",\"isPartOf\":{\"@id\":\"https:\/\/marthacifuentes.com\/portada\/#website\"},\"primaryImageOfPage\":{\"@id\":\"https:\/\/marthacifuentes.com\/portada\/casanarena-constanza-engativa-participara-en-evento-de-informatica-medica-mas-grande-del-mundo\/#primaryimage\"},\"image\":{\"@id\":\"https:\/\/marthacifuentes.com\/portada\/casanarena-constanza-engativa-participara-en-evento-de-informatica-medica-mas-grande-del-mundo\/#primaryimage\"},\"thumbnailUrl\":\"https:\/\/marthacifuentes.com\/portada\/wp-content\/uploads\/2022\/03\/WhatsApp-Image-2022-03-15-at-1.35.04-PM.jpeg\",\"datePublished\":\"2022-03-15T20:46:41+00:00\",\"author\":{\"@id\":\"https:\/\/marthacifuentes.com\/portada\/#\/schema\/person\/57f53174b991db5f90ff78d58502b714\"},\"breadcrumb\":{\"@id\":\"https:\/\/marthacifuentes.com\/portada\/casanarena-constanza-engativa-participara-en-evento-de-informatica-medica-mas-grande-del-mundo\/#breadcrumb\"},\"inLanguage\":\"es\",\"potentialAction\":[{\"@type\":\"ReadAction\",\"target\":[\"https:\/\/marthacifuentes.com\/portada\/casanarena-constanza-engativa-participara-en-evento-de-informatica-medica-mas-grande-del-mundo\/\"]}]},{\"@type\":\"ImageObject\",\"inLanguage\":\"es\",\"@id\":\"https:\/\/marthacifuentes.com\/portada\/casanarena-constanza-engativa-participara-en-evento-de-informatica-medica-mas-grande-del-mundo\/#primaryimage\",\"url\":\"https:\/\/marthacifuentes.com\/portada\/wp-content\/uploads\/2022\/03\/WhatsApp-Image-2022-03-15-at-1.35.04-PM.jpeg\",\"contentUrl\":\"https:\/\/marthacifuentes.com\/portada\/wp-content\/uploads\/2022\/03\/WhatsApp-Image-2022-03-15-at-1.35.04-PM.jpeg\",\"width\":1280,\"height\":853},{\"@type\":\"BreadcrumbList\",\"@id\":\"https:\/\/marthacifuentes.com\/portada\/casanarena-constanza-engativa-participara-en-evento-de-informatica-medica-mas-grande-del-mundo\/#breadcrumb\",\"itemListElement\":[{\"@type\":\"ListItem\",\"position\":1,\"name\":\"Portada\",\"item\":\"https:\/\/marthacifuentes.com\/portada\/\"},{\"@type\":\"ListItem\",\"position\":2,\"name\":\"Casanare\u00f1a Constanza Engativ\u00e1 participar\u00e1 en evento de inform\u00e1tica m\u00e9dica\u00a0m\u00e1s grande del mundo\"}]},{\"@type\":\"WebSite\",\"@id\":\"https:\/\/marthacifuentes.com\/portada\/#website\",\"url\":\"https:\/\/marthacifuentes.com\/portada\/\",\"name\":\"\u25b7 Noticias de Casanare : Martha Cifuentes | Casanare\",\"description\":\"Noticias &amp; Contenidos\",\"potentialAction\":[{\"@type\":\"SearchAction\",\"target\":{\"@type\":\"EntryPoint\",\"urlTemplate\":\"https:\/\/marthacifuentes.com\/portada\/?s={search_term_string}\"},\"query-input\":{\"@type\":\"PropertyValueSpecification\",\"valueRequired\":true,\"valueName\":\"search_term_string\"}}],\"inLanguage\":\"es\"},{\"@type\":\"Person\",\"@id\":\"https:\/\/marthacifuentes.com\/portada\/#\/schema\/person\/57f53174b991db5f90ff78d58502b714\",\"name\":\"Martha Cifuentes\",\"image\":{\"@type\":\"ImageObject\",\"inLanguage\":\"es\",\"@id\":\"https:\/\/marthacifuentes.com\/portada\/#\/schema\/person\/image\/\",\"url\":\"http:\/\/marthacifuentes.com\/portada\/wp-content\/uploads\/2018\/06\/avatar_user_2_1528838701-96x96.jpg\",\"contentUrl\":\"http:\/\/marthacifuentes.com\/portada\/wp-content\/uploads\/2018\/06\/avatar_user_2_1528838701-96x96.jpg\",\"caption\":\"Martha Cifuentes\"},\"sameAs\":[\"http:\/\/www.marthacifuentes.com\"],\"url\":\"https:\/\/marthacifuentes.com\/portada\/author\/martha\/\"}]}<\/script>\n<!-- \/ Yoast SEO plugin. -->","yoast_head_json":{"title":"Casanare\u00f1a Constanza Engativ\u00e1 participar\u00e1 en evento de inform\u00e1tica m\u00e9dica\u00a0m\u00e1s grande del mundo - \u25b7 Noticias de Casanare : Martha Cifuentes | Casanare","robots":{"index":"index","follow":"follow","max-snippet":"max-snippet:-1","max-image-preview":"max-image-preview:large","max-video-preview":"max-video-preview:-1"},"canonical":"https:\/\/marthacifuentes.com\/portada\/casanarena-constanza-engativa-participara-en-evento-de-informatica-medica-mas-grande-del-mundo\/","og_locale":"es_ES","og_type":"article","og_title":"Casanare\u00f1a Constanza Engativ\u00e1 participar\u00e1 en evento de inform\u00e1tica m\u00e9dica\u00a0m\u00e1s grande del mundo - \u25b7 Noticias de Casanare : Martha Cifuentes | Casanare","og_description":"Junto con el ministro de Salud Fernando Ru\u00edz, la casanare\u00f1a Constanza Engativ\u00e1, representar\u00e1 a Colombia en el Latin America Summit que se celebrar\u00e1 en Orlando, Florida, en el marco de HIMSS 2022. En esta oportunidad se contar\u00e1 a la comunidad latina del sector salud,\u00a0los avances de la salud digital y la interoperabilidad de la historia &hellip;","og_url":"https:\/\/marthacifuentes.com\/portada\/casanarena-constanza-engativa-participara-en-evento-de-informatica-medica-mas-grande-del-mundo\/","og_site_name":"\u25b7 Noticias de Casanare : Martha Cifuentes | Casanare","article_published_time":"2022-03-15T20:46:41+00:00","og_image":[{"width":1280,"height":853,"url":"https:\/\/marthacifuentes.com\/portada\/wp-content\/uploads\/2022\/03\/WhatsApp-Image-2022-03-15-at-1.35.04-PM.jpeg","type":"image\/jpeg"}],"author":"Martha Cifuentes","twitter_card":"summary_large_image","twitter_misc":{"Escrito por":"Martha Cifuentes","Tiempo de lectura":"1 minuto"},"schema":{"@context":"https:\/\/schema.org","@graph":[{"@type":"WebPage","@id":"https:\/\/marthacifuentes.com\/portada\/casanarena-constanza-engativa-participara-en-evento-de-informatica-medica-mas-grande-del-mundo\/","url":"https:\/\/marthacifuentes.com\/portada\/casanarena-constanza-engativa-participara-en-evento-de-informatica-medica-mas-grande-del-mundo\/","name":"Casanare\u00f1a Constanza Engativ\u00e1 participar\u00e1 en evento de inform\u00e1tica m\u00e9dica\u00a0m\u00e1s grande del mundo - \u25b7 Noticias de Casanare : Martha Cifuentes | Casanare","isPartOf":{"@id":"https:\/\/marthacifuentes.com\/portada\/#website"},"primaryImageOfPage":{"@id":"https:\/\/marthacifuentes.com\/portada\/casanarena-constanza-engativa-participara-en-evento-de-informatica-medica-mas-grande-del-mundo\/#primaryimage"},"image":{"@id":"https:\/\/marthacifuentes.com\/portada\/casanarena-constanza-engativa-participara-en-evento-de-informatica-medica-mas-grande-del-mundo\/#primaryimage"},"thumbnailUrl":"https:\/\/marthacifuentes.com\/portada\/wp-content\/uploads\/2022\/03\/WhatsApp-Image-2022-03-15-at-1.35.04-PM.jpeg","datePublished":"2022-03-15T20:46:41+00:00","author":{"@id":"https:\/\/marthacifuentes.com\/portada\/#\/schema\/person\/57f53174b991db5f90ff78d58502b714"},"breadcrumb":{"@id":"https:\/\/marthacifuentes.com\/portada\/casanarena-constanza-engativa-participara-en-evento-de-informatica-medica-mas-grande-del-mundo\/#breadcrumb"},"inLanguage":"es","potentialAction":[{"@type":"ReadAction","target":["https:\/\/marthacifuentes.com\/portada\/casanarena-constanza-engativa-participara-en-evento-de-informatica-medica-mas-grande-del-mundo\/"]}]},{"@type":"ImageObject","inLanguage":"es","@id":"https:\/\/marthacifuentes.com\/portada\/casanarena-constanza-engativa-participara-en-evento-de-informatica-medica-mas-grande-del-mundo\/#primaryimage","url":"https:\/\/marthacifuentes.com\/portada\/wp-content\/uploads\/2022\/03\/WhatsApp-Image-2022-03-15-at-1.35.04-PM.jpeg","contentUrl":"https:\/\/marthacifuentes.com\/portada\/wp-content\/uploads\/2022\/03\/WhatsApp-Image-2022-03-15-at-1.35.04-PM.jpeg","width":1280,"height":853},{"@type":"BreadcrumbList","@id":"https:\/\/marthacifuentes.com\/portada\/casanarena-constanza-engativa-participara-en-evento-de-informatica-medica-mas-grande-del-mundo\/#breadcrumb","itemListElement":[{"@type":"ListItem","position":1,"name":"Portada","item":"https:\/\/marthacifuentes.com\/portada\/"},{"@type":"ListItem","position":2,"name":"Casanare\u00f1a Constanza Engativ\u00e1 participar\u00e1 en evento de inform\u00e1tica m\u00e9dica\u00a0m\u00e1s grande del mundo"}]},{"@type":"WebSite","@id":"https:\/\/marthacifuentes.com\/portada\/#website","url":"https:\/\/marthacifuentes.com\/portada\/","name":"\u25b7 Noticias de Casanare : Martha Cifuentes | Casanare","description":"Noticias &amp; Contenidos","potentialAction":[{"@type":"SearchAction","target":{"@type":"EntryPoint","urlTemplate":"https:\/\/marthacifuentes.com\/portada\/?s={search_term_string}"},"query-input":{"@type":"PropertyValueSpecification","valueRequired":true,"valueName":"search_term_string"}}],"inLanguage":"es"},{"@type":"Person","@id":"https:\/\/marthacifuentes.com\/portada\/#\/schema\/person\/57f53174b991db5f90ff78d58502b714","name":"Martha Cifuentes","image":{"@type":"ImageObject","inLanguage":"es","@id":"https:\/\/marthacifuentes.com\/portada\/#\/schema\/person\/image\/","url":"http:\/\/marthacifuentes.com\/portada\/wp-content\/uploads\/2018\/06\/avatar_user_2_1528838701-96x96.jpg","contentUrl":"http:\/\/marthacifuentes.com\/portada\/wp-content\/uploads\/2018\/06\/avatar_user_2_1528838701-96x96.jpg","caption":"Martha Cifuentes"},"sameAs":["http:\/\/www.marthacifuentes.com"],"url":"https:\/\/marthacifuentes.com\/portada\/author\/martha\/"}]}},"_links":{"self":[{"href":"https:\/\/marthacifuentes.com\/portada\/wp-json\/wp\/v2\/posts\/28626","targetHints":{"allow":["GET"]}}],"collection":[{"href":"https:\/\/marthacifuentes.com\/portada\/wp-json\/wp\/v2\/posts"}],"about":[{"href":"https:\/\/marthacifuentes.com\/portada\/wp-json\/wp\/v2\/types\/post"}],"author":[{"embeddable":true,"href":"https:\/\/marthacifuentes.com\/portada\/wp-json\/wp\/v2\/users\/2"}],"replies":[{"embeddable":true,"href":"https:\/\/marthacifuentes.com\/portada\/wp-json\/wp\/v2\/comments?post=28626"}],"version-history":[{"count":1,"href":"https:\/\/marthacifuentes.com\/portada\/wp-json\/wp\/v2\/posts\/28626\/revisions"}],"predecessor-version":[{"id":28628,"href":"https:\/\/marthacifuentes.com\/portada\/wp-json\/wp\/v2\/posts\/28626\/revisions\/28628"}],"wp:featuredmedia":[{"embeddable":true,"href":"https:\/\/marthacifuentes.com\/portada\/wp-json\/wp\/v2\/media\/28627"}],"wp:attachment":[{"href":"https:\/\/marthacifuentes.com\/portada\/wp-json\/wp\/v2\/media?parent=28626"}],"wp:term":[{"taxonomy":"category","embeddable":true,"href":"https:\/\/marthacifuentes.com\/portada\/wp-json\/wp\/v2\/categories?post=28626"},{"taxonomy":"post_tag","embeddable":true,"href":"https:\/\/marthacifuentes.com\/portada\/wp-json\/wp\/v2\/tags?post=28626"}],"curies":[{"name":"wp","href":"https:\/\/api.w.org\/{rel}","templated":true}]}}